{"id":174382,"date":"2026-02-27T15:30:00","date_gmt":"2026-02-27T18:30:00","guid":{"rendered":"https:\/\/www.estrategiaconcursos.com.br\/blog\/?p=174382"},"modified":"2026-02-28T09:44:33","modified_gmt":"2026-02-28T12:44:33","slug":"concurso-pefoce","status":"publish","type":"post","link":"https:\/\/www.estrategiaconcursos.com.br\/blog\/concurso-pefoce\/","title":{"rendered":"Concurso PEFOCE: governo confirma novo edital para efetivos!"},"content":{"rendered":"\n<p style=\"font-size:clamp(15.197px, 0.95rem + ((1vw - 3.2px) * 0.765), 23px);\"><strong><em>ALECE aprova a cria\u00e7\u00e3o de mais cargos para o concurso PEFOCE! <\/em><\/strong><\/p>\n\n\n\n<p>O governador Elmano de Freitas, confirmou que realizar\u00e1 um novo <strong>concurso PEFOCE<\/strong> (Per\u00edcia Forense do Estado do Cear\u00e1). A informa\u00e7\u00e3o foi revelada em solenidade na sede da Ordem dos Advogados do Brasil no Cear\u00e1 (OAB CE).<\/p>\n\n\n\n<p><em>\u201cEu quero primeiro chamar os concursados da Pol\u00edcia Civil e preparar um concurso para aumentar ainda mais o efetivo da Pol\u00edcia Civil. E eu sei que, no momento em que eu aumento o efetivo da Pol\u00edcia Civil, eu preciso da retaguarda da Per\u00edcia Forense. Ent\u00e3o, n\u00f3s vamos fazer esse encaminhamento, assim como n\u00f3s vamos debater um concurso da Pol\u00edcia Penal, para que policiais militares que hoje est\u00e3o no sistema prisional retornem \u00e0 Pol\u00edcia Militar para fazer o servi\u00e7o de seguran\u00e7a da rua para o cidad\u00e3o e a cidad\u00e3\u201d<\/em>.<\/p>\n\n\n\n<p>Recentemente, a <a href=\"https:\/\/www.estrategiaconcursos.com.br\/blog\/concurso-pefoce-alece-cargos\/\" target=\"_blank\" rel=\"noreferrer noopener\">Assembleia Legislativa do Estado (ALECE) aprovou a cria\u00e7\u00e3o de oito cargos para Perito Criminal<\/a>, abrindo caminho para a realiza\u00e7\u00e3o de um novo certame.<\/p>\n\n\n\n<p>Lembrando que, recentemente, foi divulgada a homologa\u00e7\u00e3o do resultado final do \u00faltimo certame para os cargos de Perito Criminal, Perito Legista, M\u00e9dico Legista&nbsp;e Auxiliar de Per\u00edcia.<\/p>\n\n\n\n<ul class=\"wp-block-list\">\n<li><a href=\"https:\/\/dhg1h5j42swfq.cloudfront.net\/2022\/09\/08214258\/homologacao-pefoce.pdf\" target=\"_blank\" rel=\"noreferrer noopener nofollow\">Homologa\u00e7\u00e3o do concurso Pefoce<\/a><\/li>\n<\/ul>\n\n\n\n<p>Al\u00e9m disso, vale lembrar que o ex-governador do Cear\u00e1, Camilo Santana, anunciou nas <a href=\"https:\/\/www.instagram.com\/p\/CYb7SVZrieh\/\" target=\"_blank\" rel=\"noreferrer noopener\">redes sociais<\/a> o aumento de mais 57 vagas imediatas para o edital.<\/p>\n\n\n\n<p>Foram ofertadas, no total, 567 oportunidades, distribu\u00eddas entre os cargos de Perito Criminal, Perito Legista, M\u00e9dico Legista&nbsp;e Auxiliar de Per\u00edcia, de <strong>n\u00edvel superior<\/strong> e sal\u00e1rios de at\u00e9 R$ 10,1 mil! A validade do certame foi prorrogada at\u00e9 mar\u00e7o de 2026.<\/p>\n\n\n\n<ul class=\"wp-block-list has-very-light-gray-to-cyan-bluish-gray-gradient-background has-background\">\n<li><strong>Concurso PEFOCE<\/strong><\/li>\n\n\n\n<li><strong>Status<\/strong>: anunciado<\/li>\n\n\n\n<li><strong style=\"background-color: initial; color: initial;\">Banca<\/strong><span style=\"background-color: initial; color: initial;\">: <a href=\"http:\/\/www.idecan.org.br\/\" target=\"_blank\" rel=\"noreferrer noopener\">IDECAN<\/a><\/span><\/li>\n\n\n\n<li><strong>Vagas<\/strong>: 227 + 340 CR<\/li>\n\n\n\n<li><strong>Cargos<\/strong>: Perito Criminal, Perito Legista, M\u00e9dico Legista&nbsp;e Auxiliar de Per\u00edcia<\/li>\n\n\n\n<li><strong>Remunera\u00e7\u00e3o:<\/strong> R$ 3.629,72 a R$ 10.125,89<\/li>\n\n\n\n<li><strong>\u00daltimo edital<\/strong>: <a href=\"https:\/\/dhg1h5j42swfq.cloudfront.net\/2021\/07\/07094023\/pefoce-edital-concurso.pdf\" target=\"_blank\" rel=\"noreferrer noopener\">PEFOCE 2021<\/a><\/li>\n<\/ul>\n\n\n\n<p>De acordo com a banca organizadora, foram registradas <strong>28.145 inscri\u00e7\u00f5es<\/strong>, sendo 24.757 para ampla concorr\u00eancia, 3.289 para vagas destinadas a candidatos negros e 99 para oportunidades reservadas para pessoas com defici\u00eancia (PcDs).<\/p>\n\n\n\n<div id=\"boxes\" class=\"container\">\n<div class=\"row\">\n<div class=\"col-sm\">\n<div id=\"box-assinatura\" class=\"banner-policia-militar\">\n<h2 class=\"titulo-assinatura\">Concurso PEFOCE<\/h2>\n<p class=\"subtitulo-assinatura\">Prepara\u00e7\u00e3o completa para a carreira! \u2728<\/p>\n<div class=\"box-botao\"><a class=\"btn-assinatura\" role=\"button\" href=\"https:\/\/www.estrategiaconcursos.com.br\/cursosPorConcurso\/pericia-forense-do-estado-do-ceara-pefoce-r\/\" target=\"_blank\" rel=\"noopener noreferrer\">INICIAR AGORA<\/a><\/div>\n<\/div>\n<\/div>\n<\/div>\n<\/div>\n\n\n\n<p>A fim de te deixar sempre bem informado, elaboramos este artigo com as principais informa\u00e7\u00f5es e novidades sobre o <strong>concurso PEFOCE<\/strong>. Acompanhe os t\u00f3picos abaixo e n\u00e3o perca nenhum detalhe:<\/p>\n\n\n\n<ul id=\"indice\" class=\"wp-block-list\">\n<li><a href=\"#atual\">Situa\u00e7\u00e3o atual<\/a>\n<ul class=\"wp-block-list\">\n<li><a href=\"#anuncio\">Edital anunciado<\/a><\/li>\n<\/ul>\n<\/li>\n\n\n\n<li><a href=\"#ultimo\">\u00daltimo concurso<\/a>\n<ul class=\"wp-block-list\">\n<li><a href=\"#cargos\">Cargos e vagas<\/a><\/li>\n\n\n\n<li><a href=\"#requisitos\">Requisitos<\/a><\/li>\n\n\n\n<li><a href=\"#atribuicoes\">Atribui\u00e7\u00f5es<\/a><\/li>\n\n\n\n<li><a href=\"#remuneracao\">Remunera\u00e7\u00e3o<\/a><\/li>\n\n\n\n<li><a href=\"#etapas\">Etapas de prova<\/a><\/li>\n<\/ul>\n<\/li>\n\n\n\n<li><a href=\"#curso\">Cursos e assinaturas<\/a><\/li>\n\n\n\n<li><a href=\"#ficha\">Ficha t\u00e9cnica<\/a><\/li>\n<\/ul>\n\n\n\n<h2 class=\"wp-block-heading\" id=\"atual\">Concurso PEFOCE: situa\u00e7\u00e3o atual<\/h2>\n\n\n\n<h3 class=\"wp-block-heading\" id=\"anuncio\">Edital anunciado<\/h3>\n\n\n\n<p>O governador do Cear\u00e1, Elmano de Freitas, em um de seus primeiros compromissos do ano, afirmou sobre o desejo em realizar um novo <strong>concurso PEFOCE.<\/strong><\/p>\n\n\n\n<p><em>\u201cEu quero primeiro chamar os concursados da Pol\u00edcia Civil e preparar um concurso para aumentar ainda mais o efetivo da Pol\u00edcia Civil. E eu sei que no momento em que eu aumento o efetivo da Pol\u00edcia Civil, eu preciso da retaguarda da Per\u00edcia Forense. Ent\u00e3o, n\u00f3s vamos fazer esse encaminhamento, assim como n\u00f3s vamos debater um concurso da Pol\u00edcia Penal, para que policiais militares que hoje est\u00e3o no sistema prisional retornem \u00e0 Pol\u00edcia Militar para fazer o servi\u00e7o de seguran\u00e7a da rua para o cidad\u00e3o e a cidad\u00e3\u201d<\/em>.<\/p>\n\n\n\n<h2 class=\"wp-block-heading\" id=\"ultimo\">Concurso PEFOCE: \u00faltimo concurso<\/h2>\n\n\n\n<p>Foram ofertadas 170 vagas para cargos de n\u00edvel superior, al\u00e9m das vagas para cadastro reserva. As oportunidades se distribu\u00edram entre ampla concorr\u00eancia, candidatos negros e pessoas com defici\u00eancia (PcD).<\/p>\n\n\n\n<figure class=\"wp-block-image aligncenter size-full\"><img loading=\"lazy\" decoding=\"async\" width=\"1014\" height=\"268\" src=\"https:\/\/dhg1h5j42swfq.cloudfront.net\/2024\/03\/15181118\/image-392.png\" alt=\"O certame teve validade prorrogada at\u00e9 17 de mar\u00e7o de 2026.\" class=\"wp-image-1369661\" srcset=\"https:\/\/dhg1h5j42swfq.cloudfront.net\/2024\/03\/15181118\/image-392.png 1014w, https:\/\/dhg1h5j42swfq.cloudfront.net\/2024\/03\/15181118\/image-392-300x79.png 300w, https:\/\/dhg1h5j42swfq.cloudfront.net\/2024\/03\/15181118\/image-392-768x203.png 768w, https:\/\/dhg1h5j42swfq.cloudfront.net\/2024\/03\/15181118\/image-392-610x161.png 610w, https:\/\/dhg1h5j42swfq.cloudfront.net\/2024\/03\/15181118\/image-392-150x40.png 150w\" sizes=\"auto, (max-width: 1014px) 100vw, 1014px\" \/><figcaption class=\"wp-element-caption\">O certame teve validade prorrogada at\u00e9 17 de mar\u00e7o de 2026<\/figcaption><\/figure>\n\n\n\n<h3 class=\"wp-block-heading\" id=\"retificacoes\">Retifica\u00e7\u00f5es<\/h3>\n\n\n\n<ul class=\"wp-block-list\">\n<li><a href=\"https:\/\/dhg1h5j42swfq.cloudfront.net\/2021\/06\/14082934\/kjj8ooqxyujq44twp5n3jsfue46tya9w1ayvy9v0gkw6cw45xoc3gli6nmowu6w25bufqlxhtvqeefgc1115.pdf\" target=\"_blank\" rel=\"noreferrer noopener nofollow\">1\u00aa retifica\u00e7\u00e3o<\/a>;<\/li>\n\n\n\n<li><a href=\"https:\/\/dhg1h5j42swfq.cloudfront.net\/2021\/09\/02105025\/qyap4wmgsc8fw6asfy83givp7nm7pi6c5v9p9trk4k0lwoegcf860eot1gbr4ugnpk66f0blswr38f4l1310.pdf\" target=\"_blank\" rel=\"noreferrer noopener nofollow\">2\u00aa retifica\u00e7\u00e3o<\/a>.<\/li>\n<\/ul>\n\n\n\n<h2 class=\"wp-block-heading\" id=\"cargos\">Concurso PEFOCE: cargos e vagas<\/h2>\n\n\n\n<h3 class=\"wp-block-heading\">Distribui\u00e7\u00e3o das vagas<\/h3>\n\n\n\n<figure class=\"wp-block-table is-style-stripes\"><table class=\"has-background has-fixed-layout\" style=\"background-color:#abb7c257\"><thead><tr><th class=\"has-text-align-center\" data-align=\"center\">Cargos<\/th><th class=\"has-text-align-center\" data-align=\"center\">Vagas imediatas<\/th><th class=\"has-text-align-center\" data-align=\"center\">Cadastro reserva<\/th><th class=\"has-text-align-center\" data-align=\"center\">Remunera\u00e7\u00e3o<\/th><\/tr><\/thead><tbody><tr><td class=\"has-text-align-center\" data-align=\"center\">Perito Criminal<\/td><td class=\"has-text-align-center\" data-align=\"center\">60<\/td><td class=\"has-text-align-center\" data-align=\"center\">120<\/td><td class=\"has-text-align-center\" data-align=\"center\">R$ 9.830,96<\/td><\/tr><tr><td class=\"has-text-align-center\" data-align=\"center\">Perito Legista<\/td><td class=\"has-text-align-center\" data-align=\"center\">20<\/td><td class=\"has-text-align-center\" data-align=\"center\">40<\/td><td class=\"has-text-align-center\" data-align=\"center\">R$ 9.830,96<\/td><\/tr><tr><td class=\"has-text-align-center\" data-align=\"center\">M\u00e9dico Legista<\/td><td class=\"has-text-align-center\" data-align=\"center\">20<\/td><td class=\"has-text-align-center\" data-align=\"center\">40<\/td><td class=\"has-text-align-center\" data-align=\"center\">R$ 10.125,89<\/td><\/tr><tr><td class=\"has-text-align-center\" data-align=\"center\">Auxiliar de Per\u00edcia<\/td><td class=\"has-text-align-center\" data-align=\"center\">70<\/td><td class=\"has-text-align-center\" data-align=\"center\">140<\/td><td class=\"has-text-align-center\" data-align=\"center\">R$ 3.629,72<\/td><\/tr><\/tbody><\/table><figcaption class=\"wp-element-caption\">Quadro de distribui\u00e7\u00e3o das vagas do certame Pefoce<\/figcaption><\/figure>\n\n\n\n<h3 class=\"wp-block-heading\" id=\"requisitos\">Requisitos<\/h3>\n\n\n\n<p>O cargo de Auxiliar de Per\u00edcia de 1\u00aa Classe demandou apenas o diploma de n\u00edvel superior, em qualquer \u00e1rea.<\/p>\n\n\n\n<p>J\u00e1 para os demais cargos do <strong>concurso PEFOCE<\/strong> foi exigido diploma de n\u00edvel superior, conforme especialidade, al\u00e9m de registro profissional na \u00e1rea equivalente. <\/p>\n\n\n\n<h3 class=\"wp-block-heading\" id=\"atribuicoes\">Atribui\u00e7\u00f5es<\/h3>\n\n\n\n<p><strong>M\u00e9dico Perito Legista de 1\u00aa Classe (Sem especialidade, Especialista em Patologia e Especialista em Psiquiatria):<\/strong> Exercer, no campo pericial respectivo, a fun\u00e7\u00e3o t\u00e9cnico-cient\u00edfica, realizando per\u00edcias m\u00e9dico-legais, no vivo e no morto para determina\u00e7\u00e3o da natureza de les\u00f5es ou da causa mortis, e a consequente elabora\u00e7\u00e3o de laudos periciais.<\/p>\n\n\n\n<p><strong>Perito Criminal de 1\u00aa Classe: An\u00e1lises de Sistemas\/Ci\u00eancias da Computa\u00e7\u00e3o: <\/strong>Exercer, no campo pericial criminal, a fun\u00e7\u00e3o t\u00e9cnico-cient\u00edfica para constata\u00e7\u00e3o da materialidade do fato, exames laboratoriais e proceder a dilig\u00eancias necess\u00e1rias \u00e0 complementa\u00e7\u00e3o dos respectivos exames e consequente elabora\u00e7\u00e3o dos laudos periciais.<\/p>\n\n\n\n<p><strong>Perito Criminal de 1\u00aa Classe: Ci\u00eancias Cont\u00e1beis:<\/strong> Exercer, no campo pericial criminal, a fun\u00e7\u00e3o t\u00e9cnico-cient\u00edfica para constata\u00e7\u00e3o da materialidade do fato, exames laboratoriais e proceder a dilig\u00eancias necess\u00e1rias \u00e0 complementa\u00e7\u00e3o dos respectivos exames e consequente elabora\u00e7\u00e3o dos laudos periciais.<\/p>\n\n\n\n<p><strong>Perito Criminal de 1\u00aa Classe: Engenharia Civil:<\/strong> Exercer, no campo pericial criminal, a fun\u00e7\u00e3o t\u00e9cnico-cient\u00edfica para constata\u00e7\u00e3o da materialidade do fato, exames laboratoriais e proceder a dilig\u00eancias necess\u00e1rias \u00e0 complementa\u00e7\u00e3o dos respectivos exames e consequente elabora\u00e7\u00e3o dos laudos periciais.<\/p>\n\n\n\n<p><strong>Perito Criminal de 1\u00aa Classe: Engenharia El\u00e9trica:<\/strong> Exercer, no campo pericial criminal, a fun\u00e7\u00e3o t\u00e9cnico-cient\u00edfica para constata\u00e7\u00e3o da materialidade do fato, exames laboratoriais e proceder a dilig\u00eancias necess\u00e1rias \u00e0 complementa\u00e7\u00e3o dos respectivos exames e consequente elabora\u00e7\u00e3o dos laudos periciais.<\/p>\n\n\n\n<p><strong>Perito Criminal de 1\u00aa Classe: Engenharia Eletr\u00f4nica:<\/strong> Exercer, no campo pericial criminal, a fun\u00e7\u00e3o t\u00e9cnico-cient\u00edfica para constata\u00e7\u00e3o da materialidade do fato, exames laboratoriais e proceder a dilig\u00eancias necess\u00e1rias \u00e0 complementa\u00e7\u00e3o dos respectivos exames e consequente elabora\u00e7\u00e3o dos laudos periciais.<\/p>\n\n\n\n<p><strong>Perito Criminal de 1\u00aa Classe: Engenharia Mec\u00e2nica:<\/strong> Exercer, no campo pericial criminal, a fun\u00e7\u00e3o t\u00e9cnico-cient\u00edfica para constata\u00e7\u00e3o da materialidade do fato, exames laboratoriais e proceder a dilig\u00eancias necess\u00e1rias \u00e0 complementa\u00e7\u00e3o dos respectivos exames e consequente elabora\u00e7\u00e3o dos laudos periciais.<\/p>\n\n\n\n<p><strong>Perito Criminal de 1\u00aa Classe: Engenharia Qu\u00edmica\/Qu\u00edmica:<\/strong> Exercer, no campo pericial criminal, a fun\u00e7\u00e3o t\u00e9cnico-cient\u00edfica para constata\u00e7\u00e3o da materialidade do fato, exames laboratoriais e proceder a dilig\u00eancias necess\u00e1rias \u00e0 complementa\u00e7\u00e3o dos respectivos exames e consequente elabora\u00e7\u00e3o dos laudos periciais.<\/p>\n\n\n\n<p><strong>Perito Criminal de 1\u00aa Classe: F\u00edsica: <\/strong>Exercer, no campo pericial criminal, a fun\u00e7\u00e3o t\u00e9cnico-cient\u00edfica para constata\u00e7\u00e3o da materialidade do fato, exames laboratoriais e proceder a dilig\u00eancias necess\u00e1rias \u00e0 complementa\u00e7\u00e3o dos respectivos exames e consequente elabora\u00e7\u00e3o dos laudos periciais.<\/p>\n\n\n\n<p><strong>Perito Legista de 1\u00aa Classe (\u00e1rea de Farm\u00e1cia e de Odontologia): <\/strong>Exercer, no campo pericial respectivo, a fun\u00e7\u00e3o t\u00e9cnico cient\u00edfica procedendo a per\u00edcias laboratoriais para determina\u00e7\u00e3o da causa mortis ou natureza de les\u00f5es, e a consequente elabora\u00e7\u00e3o de laudos periciais.<\/p>\n\n\n\n<p><strong>Auxiliar de Per\u00edcia de 1\u00aa Classe: <\/strong>Auxiliar os Peritos Legistas e Criminais, de sua \u00e1rea de compet\u00eancia, os trabalhos periciais internos e externos de sua responsabilidade.<\/p>\n\n\n\n<h3 class=\"wp-block-heading\" id=\"remuneracao\">Concurso PEFOCE: remunera\u00e7\u00e3o<\/h3>\n\n\n\n<p>As atuais remunera\u00e7\u00f5es das carreiras PEFOCE, segundo dados da Lei N\u00ba 32.551 de 22 de mar\u00e7o de 2018, s\u00e3o:<\/p>\n\n\n\n<figure class=\"wp-block-table is-style-stripes\"><table class=\"has-background has-fixed-layout\" style=\"background-color:#abb7c257\"><tbody><tr><td class=\"has-text-align-center\" data-align=\"center\"><strong>Cargo<\/strong><\/td><td class=\"has-text-align-center\" data-align=\"center\"><strong>Remunera\u00e7\u00e3o<\/strong><\/td><\/tr><tr><td class=\"has-text-align-center\" data-align=\"center\">Auxiliar de Per\u00edcia A<\/td><td class=\"has-text-align-center\" data-align=\"center\">R$ 3.629,72 (n\u00edvel I) a R$ 3.666,02 (n\u00edvel II)<\/td><\/tr><tr><td class=\"has-text-align-center\" data-align=\"center\">Auxiliar de Per\u00edcia B<\/td><td class=\"has-text-align-center\" data-align=\"center\">R$ 4.032,62 (n\u00edvel I) a R$ 4.280,71 (n\u00edvel VII)<\/td><\/tr><tr><td class=\"has-text-align-center\" data-align=\"center\">Auxiliar de Per\u00edcia C<\/td><td class=\"has-text-align-center\" data-align=\"center\">R$ 4.708,78 (n\u00edvel I) a R$ 4.998,46 (n\u00edvel VII)<\/td><\/tr><tr><td class=\"has-text-align-center\" data-align=\"center\">Auxiliar de Per\u00edcia D<\/td><td class=\"has-text-align-center\" data-align=\"center\">R$ 5.498,31 (n\u00edvel I) a R$ 5.664,91 (n\u00edvel IV)<\/td><\/tr><\/tbody><\/table><\/figure>\n\n\n\n<figure class=\"wp-block-table is-style-stripes\"><table class=\"has-background has-fixed-layout\" style=\"background-color:#abb7c257\"><tbody><tr><td class=\"has-text-align-center\" data-align=\"center\"><strong>Cargo<\/strong><\/td><td class=\"has-text-align-center\" data-align=\"center\"><strong>Remunera\u00e7\u00e3o<\/strong><\/td><\/tr><tr><td class=\"has-text-align-center\" data-align=\"center\">Perito Criminal Adjunto A<\/td><td class=\"has-text-align-center\" data-align=\"center\">R$ 4.328,71 (n\u00edvel I) a R$ 4.372,00 (n\u00edvel II)<\/td><\/tr><tr><td class=\"has-text-align-center\" data-align=\"center\">Perito Criminal Adjunto B<\/td><td class=\"has-text-align-center\" data-align=\"center\">R$ 4.809,20 (n\u00edvel I) a R$ 5.105,06 (n\u00edvel VII)<\/td><\/tr><tr><td class=\"has-text-align-center\" data-align=\"center\">Perito Criminal Adjunto C<\/td><td class=\"has-text-align-center\" data-align=\"center\">R$ 5.615,57 (n\u00edvel I) a R$ 5.961,05 (n\u00edvel VII)<\/td><\/tr><tr><td class=\"has-text-align-center\" data-align=\"center\">Perito Criminal Adjunto D<\/td><td class=\"has-text-align-center\" data-align=\"center\">R$ 6.557,16 (n\u00edvel I) a R$ 6.755,85 (n\u00edvel IV)<\/td><\/tr><\/tbody><\/table><\/figure>\n\n\n\n<figure class=\"wp-block-table is-style-stripes\"><table class=\"has-background has-fixed-layout\" style=\"background-color:#abb7c257\"><tbody><tr><td class=\"has-text-align-center\" data-align=\"center\"><strong>Cargo<\/strong><\/td><td class=\"has-text-align-center\" data-align=\"center\"><strong>Remunera\u00e7\u00e3o<\/strong><\/td><\/tr><tr><td class=\"has-text-align-center\" data-align=\"center\">Perito Criminal A<\/td><td class=\"has-text-align-center\" data-align=\"center\">R$ 9.830,96 (n\u00edvel I) a R$ 9.929,27 (n\u00edvel II)<\/td><\/tr><tr><td class=\"has-text-align-center\" data-align=\"center\">Perito Criminal B<\/td><td class=\"has-text-align-center\" data-align=\"center\">R$ 10.922,20 (n\u00edvel I) a R$ 11.594,13 (n\u00edvel VII)<\/td><\/tr><tr><td class=\"has-text-align-center\" data-align=\"center\">Perito Criminal C<\/td><td class=\"has-text-align-center\" data-align=\"center\">R$ 12.753,54 (n\u00edvel I) a R$ 13.538,14 (n\u00edvel VII)<\/td><\/tr><tr><td class=\"has-text-align-center\" data-align=\"center\">Perito Criminal D<\/td><td class=\"has-text-align-center\" data-align=\"center\">R$ 14.891,95 (n\u00edvel I) a R$ 15.343,19 (n\u00edvel IV)<\/td><\/tr><\/tbody><\/table><\/figure>\n\n\n\n<figure class=\"wp-block-table is-style-stripes\"><table class=\"has-background has-fixed-layout\" style=\"background-color:#abb7c257\"><tbody><tr><td class=\"has-text-align-center\" data-align=\"center\"><strong>Cargo<\/strong><\/td><td class=\"has-text-align-center\" data-align=\"center\"><strong>Remunera\u00e7\u00e3o<\/strong><\/td><\/tr><tr><td class=\"has-text-align-center\" data-align=\"center\">Perito Legista A<\/td><td class=\"has-text-align-center\" data-align=\"center\">R$ 9.830,96 (n\u00edvel I) a R$ 9.929,27 (n\u00edvel II)<\/td><\/tr><tr><td class=\"has-text-align-center\" data-align=\"center\">Perito Legista B<\/td><td class=\"has-text-align-center\" data-align=\"center\">R$ 10.922,20 (n\u00edvel I) a R$ 11.594,13 (n\u00edvel VII)<\/td><\/tr><tr><td class=\"has-text-align-center\" data-align=\"center\">Perito Legista C<\/td><td class=\"has-text-align-center\" data-align=\"center\">R$ 12.753,54 (n\u00edvel I) a R$ 13.538,14 (n\u00edvel VII)<\/td><\/tr><tr><td class=\"has-text-align-center\" data-align=\"center\">Perito Legista D<\/td><td class=\"has-text-align-center\" data-align=\"center\">R$ 14.891,95 (n\u00edvel I) a R$ 15.343,19 (n\u00edvel IV)<\/td><\/tr><\/tbody><\/table><\/figure>\n\n\n\n<figure class=\"wp-block-table is-style-stripes\"><table class=\"has-background has-fixed-layout\" style=\"background-color:#abb7c257\"><tbody><tr><td class=\"has-text-align-center\" data-align=\"center\"><strong>Cargo<\/strong><\/td><td class=\"has-text-align-center\" data-align=\"center\"><strong>Remunera\u00e7\u00e3o<\/strong><\/td><\/tr><tr><td class=\"has-text-align-center\" data-align=\"center\">M\u00e9dico Legista A<\/td><td class=\"has-text-align-center\" data-align=\"center\">R$ 9.830,96 (n\u00edvel I) a R$ 9.929,27 (n\u00edvel II)<\/td><\/tr><tr><td class=\"has-text-align-center\" data-align=\"center\">M\u00e9dico Legista B<\/td><td class=\"has-text-align-center\" data-align=\"center\">R$ 10.922,20 (n\u00edvel I) a R$ 11.594,13 (n\u00edvel VII)<\/td><\/tr><tr><td class=\"has-text-align-center\" data-align=\"center\">M\u00e9dico Legista C<\/td><td class=\"has-text-align-center\" data-align=\"center\">R$ 12.753,54 (n\u00edvel I) a R$ 13.538,14 (n\u00edvel VII)<\/td><\/tr><tr><td class=\"has-text-align-center\" data-align=\"center\">M\u00e9dico Legista D<\/td><td class=\"has-text-align-center\" data-align=\"center\">R$ 14.891,95 (n\u00edvel I) a R$ 15.343,19 (n\u00edvel IV)<\/td><\/tr><\/tbody><\/table><\/figure>\n\n\n\n<h4 class=\"wp-block-heading\">A partir de janeiro de 2022, quando entrar\u00e1 em vigor a nova tabela remunerat\u00f3ria, os valores ser\u00e3o reajustados:<\/h4>\n\n\n\n<figure class=\"wp-block-table is-style-stripes\"><table class=\"has-background has-fixed-layout\" style=\"background-color:#abb7c257\"><tbody><tr><td class=\"has-text-align-center\" data-align=\"center\"><strong>Cargo<\/strong><\/td><td class=\"has-text-align-center\" data-align=\"center\"><strong>Remunera\u00e7\u00e3o<\/strong><\/td><\/tr><tr><td class=\"has-text-align-center\" data-align=\"center\">M\u00e9dico Perito-Legista A<\/td><td class=\"has-text-align-center\" data-align=\"center\">R$ 10.352,00 (n\u00edvel I) a 10.421,77 (n\u00edvel II)<\/td><\/tr><tr><td class=\"has-text-align-center\" data-align=\"center\">M\u00e9dico Perito-Legista B<\/td><td class=\"has-text-align-center\" data-align=\"center\">R$ 11.463,95 (n\u00edvel I) a R$ 12.034,71 (n\u00edvel VII)<\/td><\/tr><tr><td class=\"has-text-align-center\" data-align=\"center\">M\u00e9dico Perito-Legista C<\/td><td class=\"has-text-align-center\" data-align=\"center\">R$ 13.238,18 (n\u00edvel I) a R$ 14.052,60 (n\u00edvel VII)<\/td><\/tr><tr><td class=\"has-text-align-center\" data-align=\"center\">M\u00e9dico Perito-Legista D<\/td><td class=\"has-text-align-center\" data-align=\"center\">R$ 15.457,86 (n\u00edvel I) a R$ 17.769,65 (n\u00edvel IV)<\/td><\/tr><\/tbody><\/table><\/figure>\n\n\n\n<figure class=\"wp-block-table is-style-stripes\"><table class=\"has-background has-fixed-layout\" style=\"background-color:#abb7c257\"><tbody><tr><td class=\"has-text-align-center\" data-align=\"center\"><strong>Cargo<\/strong><\/td><td class=\"has-text-align-center\" data-align=\"center\"><strong>Remunera\u00e7\u00e3o<\/strong><\/td><\/tr><tr><td class=\"has-text-align-center\" data-align=\"center\">Perito Legista A<\/td><td class=\"has-text-align-center\" data-align=\"center\">R$ 10.204,54 (n\u00edvel I) a 10.306,58 (n\u00edvel II)<\/td><\/tr><tr><td class=\"has-text-align-center\" data-align=\"center\">Perito Legista B<\/td><td class=\"has-text-align-center\" data-align=\"center\">R$ 11.337,24 (n\u00edvel I) a R$ 12.034,71 (n\u00edvel VII)<\/td><\/tr><tr><td class=\"has-text-align-center\" data-align=\"center\">Perito Legista C<\/td><td class=\"has-text-align-center\" data-align=\"center\">R$ 13.238,18 (n\u00edvel I) a R$ 14.052,60 (n\u00edvel VII)<\/td><\/tr><tr><td class=\"has-text-align-center\" data-align=\"center\">Perito Legista D<\/td><td class=\"has-text-align-center\" data-align=\"center\">R$ 15.457,86 (n\u00edvel I) a R$ 17.769,65 (n\u00edvel IV)<\/td><\/tr><\/tbody><\/table><\/figure>\n\n\n\n<figure class=\"wp-block-table is-style-stripes\"><table class=\"has-background has-fixed-layout\" style=\"background-color:#abb7c257\"><tbody><tr><td class=\"has-text-align-center\" data-align=\"center\"><strong>Cargo<\/strong><\/td><td class=\"has-text-align-center\" data-align=\"center\"><strong>Remunera\u00e7\u00e3o<\/strong><\/td><\/tr><tr><td class=\"has-text-align-center\" data-align=\"center\">Perito Criminal A<\/td><td class=\"has-text-align-center\" data-align=\"center\">R$ 10.204,54 (n\u00edvel I) a 10.306,58 (n\u00edvel II)<\/td><\/tr><tr><td class=\"has-text-align-center\" data-align=\"center\">Perito Criminal B<\/td><td class=\"has-text-align-center\" data-align=\"center\">R$ 11.337,24 (n\u00edvel I) a R$ 12.034,71 (n\u00edvel VII)<\/td><\/tr><tr><td class=\"has-text-align-center\" data-align=\"center\">Perito Criminal C<\/td><td class=\"has-text-align-center\" data-align=\"center\">R$ 13.238,18 (n\u00edvel I) a R$ 14.052,60 (n\u00edvel VII)<\/td><\/tr><tr><td class=\"has-text-align-center\" data-align=\"center\">Perito Criminal D<\/td><td class=\"has-text-align-center\" data-align=\"center\">R$ 15.457,86 (n\u00edvel I) a R$ 17.769,65 (n\u00edvel IV)<\/td><\/tr><\/tbody><\/table><\/figure>\n\n\n\n<figure class=\"wp-block-table is-style-stripes\"><table class=\"has-background has-fixed-layout\" style=\"background-color:#abb7c257\"><tbody><tr><td class=\"has-text-align-center\" data-align=\"center\"><strong>Cargo<\/strong><\/td><td class=\"has-text-align-center\" data-align=\"center\"><strong>Remunera\u00e7\u00e3o<\/strong><\/td><\/tr><tr><td class=\"has-text-align-center\" data-align=\"center\">Perito Criminal Adjunto A<\/td><td class=\"has-text-align-center\" data-align=\"center\">R$ 5.051,61 (n\u00edvel I) a 5.087,26 (n\u00edvel II)<\/td><\/tr><tr><td class=\"has-text-align-center\" data-align=\"center\">Perito Criminal Adjunto B<\/td><td class=\"has-text-align-center\" data-align=\"center\">R$ 5.595,99 (n\u00edvel I) a R$ 5.881,03 (n\u00edvel VII)<\/td><\/tr><tr><td class=\"has-text-align-center\" data-align=\"center\">Perito Criminal Adjunto C<\/td><td class=\"has-text-align-center\" data-align=\"center\">R$ 6.469,14 (n\u00edvel I) a R$ 6.867,13 (n\u00edvel VII)<\/td><\/tr><tr><td class=\"has-text-align-center\" data-align=\"center\">Perito Criminal Adjunto D<\/td><td class=\"has-text-align-center\" data-align=\"center\">R$ 7.553,84 (n\u00edvel I) a R$ 7.782,73 (n\u00edvel IV)<\/td><\/tr><\/tbody><\/table><\/figure>\n\n\n\n<figure class=\"wp-block-table is-style-stripes\"><table class=\"has-background has-fixed-layout\" style=\"background-color:#abb7c257\"><tbody><tr><td class=\"has-text-align-center\" data-align=\"center\"><strong>Cargo<\/strong><\/td><td class=\"has-text-align-center\" data-align=\"center\"><strong>Remunera\u00e7\u00e3o<\/strong><\/td><\/tr><tr><td class=\"has-text-align-center\" data-align=\"center\">Auxiliar de Per\u00edcia A<\/td><td class=\"has-text-align-center\" data-align=\"center\">R$ 4.138,16 (n\u00edvel I) a 4.179,55 (n\u00edvel II)<\/td><\/tr><tr><td class=\"has-text-align-center\" data-align=\"center\">Auxiliar de Per\u00edcia B<\/td><td class=\"has-text-align-center\" data-align=\"center\">R$ 4.597,50 (n\u00edvel I) a R$ 4.880,34 (n\u00edvel VII)<\/td><\/tr><tr><td class=\"has-text-align-center\" data-align=\"center\">Auxiliar de Per\u00edcia C<\/td><td class=\"has-text-align-center\" data-align=\"center\">R$ 5.368,38 (n\u00edvel I) a R$ 5.698,64 (n\u00edvel VII)<\/td><\/tr><tr><td class=\"has-text-align-center\" data-align=\"center\">Auxiliar de Per\u00edcia D<\/td><td class=\"has-text-align-center\" data-align=\"center\">R$ 6.268,50 (n\u00edvel I) a R$ 6.458,44 (n\u00edvel IV)<\/td><\/tr><\/tbody><\/table><\/figure>\n\n\n\n<h2 class=\"wp-block-heading\" id=\"etapas\">Concurso PEFOCE: etapas e provas<\/h2>\n\n\n\n<p>A avalia\u00e7\u00e3o dos candidatos do <strong>concurso PEFOCE<\/strong> foi feita por meio de quatro etapas, conforme abaixo, todas realizadas em Fortaleza\/CE:<\/p>\n\n\n\n<ol class=\"wp-block-list\">\n<li><strong>Prova Escrita Objetiva<\/strong>, de car\u00e1ter Eliminat\u00f3rio e Classificat\u00f3rio:\n<ul class=\"wp-block-list\">\n<li>Conhecimentos gerais e espec\u00edficos<\/li>\n\n\n\n<li>Discursiva<\/li>\n<\/ul>\n<\/li>\n\n\n\n<li><strong>Teste de Aptid\u00e3o F\u00edsica<\/strong>, de car\u00e1ter Eliminat\u00f3rio:\n<ul class=\"wp-block-list\">\n<li>Teste de Capacidade F\u00edsica<\/li>\n<\/ul>\n<\/li>\n\n\n\n<li><strong>Avalia\u00e7\u00f5es<\/strong>, de car\u00e1ter Eliminat\u00f3rio:\n<ul class=\"wp-block-list\">\n<li>Avalia\u00e7\u00e3o Psicol\u00f3gica<\/li>\n\n\n\n<li>Investiga\u00e7\u00e3o Social<\/li>\n<\/ul>\n<\/li>\n\n\n\n<li><strong>Forma\u00e7\u00e3o<\/strong>, de car\u00e1ter Eliminat\u00f3rio e Classificat\u00f3rio:\n<ul class=\"wp-block-list\">\n<li>Curso de forma\u00e7\u00e3o Profissional<\/li>\n\n\n\n<li>Avalia\u00e7\u00e3o de Verifica\u00e7\u00e3o de Aprendizagem<\/li>\n<\/ul>\n<\/li>\n<\/ol>\n\n\n\n<h3 class=\"wp-block-heading\">Concurso PEFOCE: Provas objetivas<\/h3>\n\n\n\n<figure class=\"wp-block-table is-style-stripes\"><table class=\"has-background has-fixed-layout\" style=\"background-color:#abb7c257\"><thead><tr><th class=\"has-text-align-center\" data-align=\"center\">Data<\/th><th class=\"has-text-align-center\" data-align=\"center\">Hor\u00e1rio<\/th><th class=\"has-text-align-center\" data-align=\"center\">Cargo<\/th><\/tr><\/thead><tbody><tr><td class=\"has-text-align-center\" data-align=\"center\">31 de julho de 2021 (s\u00e1bado)<\/td><td class=\"has-text-align-center\" data-align=\"center\">13h \u00e0s 18h30<\/td><td class=\"has-text-align-center\" data-align=\"center\">M\u00e9dico Perito, Perito Criminal e Perito Legista<\/td><\/tr><tr><td class=\"has-text-align-center\" data-align=\"center\">1\u00ba de agosto de 2021 (domingo)<\/td><td class=\"has-text-align-center\" data-align=\"center\">13h \u00e0s 18h30<\/td><td class=\"has-text-align-center\" data-align=\"center\">Auxiliar de Per\u00edcia<\/td><\/tr><tr><td class=\"has-text-align-center\" data-align=\"center\">12 de setembro (domingo)<\/td><td class=\"has-text-align-center\" data-align=\"center\">13h \u00e0s 18h30<\/td><td class=\"has-text-align-center\" data-align=\"center\">Perito Legista &#8211; \u00e1rea de Farm\u00e1cia<\/td><\/tr><\/tbody><\/table><\/figure>\n\n\n\n<p>As provas objetivas, de car\u00e1ter eliminat\u00f3rio e classificat\u00f3rio<strong>, valeram 100,00 pontos<\/strong>. A prova escrita de m\u00faltipla escolha foi constitu\u00edda de quest\u00f5es para julgamento, agrupados por comandos que deveriam ser respeitados. Cada quest\u00e3o foi elaborada contendo 05 alternativas (A, B, C, D e E) e uma \u00fanica op\u00e7\u00e3o correta.<\/p>\n\n\n\n<ul class=\"wp-block-list\">\n<li><em>L\u00edngua Portuguesa &#8211; 20 <\/em><\/li>\n\n\n\n<li><em>Atualidades &#8211; 05<\/em><\/li>\n\n\n\n<li><em>No\u00e7\u00f5es de Inform\u00e1tica &#8211; 05<\/em><\/li>\n\n\n\n<li><em>No\u00e7\u00f5es de Direito Penal e Processual Penal &#8211; 20 <\/em><\/li>\n\n\n\n<li><em>Conhecimentos Espec\u00edficos &#8211; 50<\/em><\/li>\n<\/ul>\n\n\n\n<p>As provas objetivas constaram de 100 quest\u00f5es, valendo 1 ponto cada quest\u00e3o, e tiveram pontua\u00e7\u00e3o total variando do m\u00ednimo de 0 ponto ao m\u00e1ximo de 100 pontos.<\/p>\n\n\n\n<p>Foi considerado aprovado o candidato que obteve, <strong>no m\u00ednimo, 50% de aproveitamento dos pontos das provas <\/strong>objetivas de m\u00faltipla escolha e que acertou pelo menos uma quest\u00e3o da \u00e1rea de conhecimento de L\u00edngua Portuguesa e uma quest\u00e3o de No\u00e7\u00f5es de Direito Penal e Processual Penal.<\/p>\n\n\n\n<p><strong>Resultados [exceto para o cargo de Perito &#8211; Farm\u00e1cia]<\/strong><\/p>\n\n\n\n<ul class=\"wp-block-list\">\n<li><a href=\"https:\/\/dhg1h5j42swfq.cloudfront.net\/2023\/07\/27171339\/resultado-definitivo-da-prova-objetiva-ampla-pefoce.pdf\" target=\"_blank\" rel=\"noreferrer noopener nofollow\">Resultado definitivo da prova objetiva de ampla concorr\u00eancia<\/a>;<\/li>\n\n\n\n<li><a href=\"https:\/\/dhg1h5j42swfq.cloudfront.net\/2023\/07\/27171438\/resultado-definitivo-da-prova-objetiva-negros-pefoce.pdf\" target=\"_blank\" rel=\"noreferrer noopener nofollow\">Resultado definitivo da prova objetiva \u2014 Negros<\/a>;<\/li>\n\n\n\n<li><a href=\"https:\/\/dhg1h5j42swfq.cloudfront.net\/2023\/07\/27171555\/resultado-definitivo-da-prova-objetiva-pcd-pefoce.pdf\" target=\"_blank\" rel=\"noreferrer noopener nofollow\">Resultado definitivo da prova objetiva \u2014 PCD<\/a>.<\/li>\n<\/ul>\n\n\n\n<p><strong>Gabaritos do cargo de Perito &#8211; Farm\u00e1cia<\/strong><\/p>\n\n\n\n<ul class=\"wp-block-list\">\n<li><a href=\"https:\/\/dhg1h5j42swfq.cloudfront.net\/2023\/07\/27171735\/gabarito-preliminar-tipo-a-perito-legista-farmacia.pdf\" target=\"_blank\" rel=\"noreferrer noopener nofollow\">Gabarito preliminar tipo A \u2014 Perito legista \u2014 Farm\u00e1cia<\/a>;<\/li>\n\n\n\n<li><a href=\"https:\/\/dhg1h5j42swfq.cloudfront.net\/2023\/07\/27171855\/gabarito-preliminar-tipo-b-perito-legista-farmacia-pefoce.pdf\" target=\"_blank\" rel=\"noreferrer noopener nofollow\">Gabarito preliminar tipo B \u2014 Perito legista \u2014 Farm\u00e1cia<\/a>;<\/li>\n\n\n\n<li><a href=\"https:\/\/dhg1h5j42swfq.cloudfront.net\/2023\/07\/27172006\/gabarito-preliminar-tipo-c-perito-legista-farmacia-pefoce.pdf\" target=\"_blank\" rel=\"noreferrer noopener nofollow\">Gabarito preliminar tipo C \u2014 Perito legista \u2014 Farm\u00e1cia<\/a>.<\/li>\n<\/ul>\n\n\n\n<h3 class=\"wp-block-heading\">Concurso PEFOCE: Prova discursiva<\/h3>\n\n\n\n<p>Foram aplicadas<strong> provas discursivas<\/strong>, de car\u00e1ter eliminat\u00f3rio e classificat\u00f3rio, a todos os cargos, no mesmo dia e hor\u00e1rio da realiza\u00e7\u00e3o das provas objetivas, constitu\u00eddas de<strong> 2 quest\u00f5es<\/strong>, a respeito de tema constante do conte\u00fado program\u00e1tico de conhecimentos espec\u00edficos.<\/p>\n\n\n\n<p>Somente foram corrigidas as provas discursivas dos candidatos aprovados na objetiva, limitado a 10 vezes o quantitativo de vagas por cargo, respeitando-se os empatados em \u00faltima coloca\u00e7\u00e3o.<\/p>\n\n\n\n<p>A <strong>prova discursiva teve o valor de 100 pontos, com valor de 50 pontos cada quest\u00e3o<\/strong>. Foram considerados aprovados apenas os candidatos que obtiverem o percentual m\u00ednimo de 50% de aproveitamento nos pontos da referida prova.<\/p>\n\n\n\n<p>Foi <span style=\"text-decoration: underline;\">reprovado nas provas escritas<\/span> e eliminado do <strong>concurso PEFOCE<\/strong> o candidato que se enquadrou em pelo menos um dos itens a seguir:<\/p>\n\n\n\n<p class=\"has-background\" style=\"background-color:#eeeeee\"><strong>a)<\/strong> obtiver nota inferior a 50,00 pontos na prova escrita de m\u00faltipla escolha;<br \/><strong>b)<\/strong> obtiver nota superior a 50,00 pontos, mas n\u00e3o tenha pontuado na \u00e1rea de conhecimento de L\u00edngua Portuguesa e de No\u00e7\u00f5es de Direito Penal e Processual Penal;<br \/><strong>c)<\/strong> obtiver nota superior a 50,00 pontos na prova escrita de m\u00faltipla escolha, por\u00e9m classifica\u00e7\u00e3o acima do n\u00famero de 10 vezes o quantitativo de vagas por cargo\/\u00e1rea de forma\u00e7\u00e3o, especialidade e coordenadoria de exerc\u00edcio; ou<br \/><strong>d) <\/strong>obtiver nota inferior a 50,00 pontos na prova escrita discursiva.<\/p>\n\n\n\n<p><strong>Resultados [exceto para o cargo de Perito \u2014 Farm\u00e1cia]<\/strong><\/p>\n\n\n\n<ul class=\"wp-block-list\">\n<li><a href=\"https:\/\/dhg1h5j42swfq.cloudfront.net\/2021\/10\/12105758\/pefoce-resultado.pdf\" target=\"_blank\" rel=\"noreferrer noopener nofollow\">Resultado final da prova discursiva<\/a>.<\/li>\n<\/ul>\n\n\n\n<h3 class=\"wp-block-heading\">Concurso PEFOCE: Teste de Aptid\u00e3o F\u00edsica<\/h3>\n\n\n\n<p>Somente foram convocados para participar da Prova de Capacidade F\u00edsica do <strong>concurso PEFOCE<\/strong> os candidatos aprovados na Primeira Fase, em at\u00e9 5 vezes a quantidade de vagas, incluindo os empatados na \u00faltima posi\u00e7\u00e3o. <\/p>\n\n\n\n<p>A Prova de Capacidade F\u00edsica <a target=\"_blank\" href=\"https:\/\/www.estrategiaconcursos.com.br\/blog\/preparacao-teste-aptidao-fisica\/\" rel=\"noopener\">(TAF)<\/a>, de car\u00e1ter eliminat\u00f3rio, visou avaliar a capacidade m\u00ednima do candidato para suportar, f\u00edsica e organicamente, as exig\u00eancias da pr\u00e1tica de atividades f\u00edsicas e demais exig\u00eancias pr\u00f3prias da fun\u00e7\u00e3o do profissional da seguran\u00e7a p\u00fablica.<\/p>\n\n\n\n<figure class=\"wp-block-table is-style-stripes\"><table class=\"has-background has-fixed-layout\" style=\"background-color:#abb7c257\"><thead><tr><th class=\"has-text-align-center\" data-align=\"center\">Masculino<\/th><th class=\"has-text-align-center\" data-align=\"center\">Feminino<\/th><\/tr><\/thead><tbody><tr><td class=\"has-text-align-center\" data-align=\"center\">flexo-extens\u00e3o de cotovelos em apoio de frente sobre o solo: 5 flex\u00f5es<\/td><td class=\"has-text-align-center\" data-align=\"center\">flexo-extens\u00e3o de cotovelos sobre o solo em apoio no banco: 3 flex\u00f5es<\/td><\/tr><tr><td class=\"has-text-align-center\" data-align=\"center\">abdominal: 20 repeti\u00e7\u00f5es, realizadas de forma ininterrupta, em at\u00e9 1 minuto<\/td><td class=\"has-text-align-center\" data-align=\"center\">abdominal: 15 repeti\u00e7\u00f5es, realizadas de forma ininterrupta, em at\u00e9 1 minuto<\/td><\/tr><tr><td class=\"has-text-align-center\" data-align=\"center\">corrida de 12 minutos: 1.400m<\/td><td class=\"has-text-align-center\" data-align=\"center\">corrida de 12 minutos: 1.100m<\/td><\/tr><\/tbody><\/table><\/figure>\n\n\n\n<h3 class=\"wp-block-heading\">Curso de Forma\u00e7\u00e3o<\/h3>\n\n\n\n<p>O Curso de Forma\u00e7\u00e3o e Treinamento Profissional, de car\u00e1ter eliminat\u00f3rio e classificat\u00f3rio, teve carga hor\u00e1ria de 750 horas-aula e foi realizado em Fortaleza-CE, pela Academia Estadual de Seguran\u00e7a P\u00fablica do Cear\u00e1 (AESP\/CE), em regime de tempo integral e dedica\u00e7\u00e3o exclusiva.<\/p>\n\n\n\n<p>Ao candidato regularmente matriculado durante o per\u00edodo do Curso foi fornecida uma bolsa para custeio de despesas pessoais, na forma prevista em lei, no valor correspondente a 50% do subs\u00eddio inicial fixado para respectivo cargo efetivo, limitado a 815 Ufirces (Decreto n\u00ba 31.885\/2016).<\/p>\n\n\n\n<p>Foi eliminado do Curso de Forma\u00e7\u00e3o e Treinamento Profissional e consequentemente do <strong>concurso PEFOCE<\/strong> o candidato que:<\/p>\n\n\n\n<p class=\"has-background\" style=\"background-color:#eeeeee\"><strong>a) <\/strong>deixar de efetuar a matr\u00edcula no Curso de Forma\u00e7\u00e3o e Treinamento Profissional, ou se afastar por qualquer motivo;<br \/><strong>b) <\/strong>n\u00e3o frequentar no m\u00ednimo 85% das horas de atividades previstas em cada disciplina;<br \/><strong>c)<\/strong> obtiver em qualquer disciplina m\u00e9dia inferior a 7,0 pontos;<br \/><strong>e) <\/strong>for N\u00c3O RECOMENDADO na Investiga\u00e7\u00e3o Social.<\/p>\n\n\n\n<p>\u270f\ufe0f <em><a href=\"https:\/\/dhg1h5j42swfq.cloudfront.net\/2019\/03\/26184227\/Edital-Concurso-PEFOCE.pdf\" target=\"_blank\" rel=\"noreferrer noopener nofollow\">Edital Concurso Pefoce 2011: acesse aqui<\/a>!<\/em><\/p>\n\n\n\n<hr class=\"wp-block-separator has-css-opacity\"\/>\n\n\n\n<h3 class=\"wp-block-heading has-text-align-left\" id=\"cursos\">Leia tamb\u00e9m:<\/h3>\n\n\n\n<ul class=\"wp-block-list\">\n<li><a href=\"https:\/\/www.estrategiaconcursos.com.br\/blog\/concursos-abertos\/\" target=\"_blank\" rel=\"noreferrer noopener\">Concursos abertos<\/a><\/li>\n\n\n\n<li><a href=\"https:\/\/www.estrategiaconcursos.com.br\/blog\/concursos-de-policia\/\" target=\"_blank\" rel=\"noreferrer noopener\">Concursos de pol\u00edcia<\/a><\/li>\n\n\n\n<li><a href=\"https:\/\/www.estrategiaconcursos.com.br\/blog\/concursos-2026\/\" target=\"_blank\" rel=\"noreferrer noopener\">Concursos 2026<\/a><\/li>\n<\/ul>\n\n\n\n<h2 class=\"wp-block-heading has-text-align-center\" id=\"curso\">Quer estudar para o concurso PEFOCE?<\/h2>\n\n\n\n<div id=\"boxes\" class=\"container\">\n<div class=\"row\">\n<div class=\"col-sm\">\n<div id=\"box-assinatura\" class=\"banner-policia-militar\">\n<h3 class=\"titulo-assinatura\">Concurso PEFOCE<\/h3>\n<p class=\"subtitulo-assinatura\">Prepara\u00e7\u00e3o completa para a carreira! \u2728<\/p>\n<div class=\"box-botao\"><a class=\"btn-assinatura\" role=\"button\" href=\"https:\/\/www.estrategiaconcursos.com.br\/cursosPorConcurso\/pericia-forense-do-estado-do-ceara-pefoce-r\/\" target=\"_blank\" rel=\"noopener noreferrer\">INICIAR AGORA<\/a><\/div>\n<\/div>\n\n<\/div>\n<\/div>\n<\/div>\n\n\n\n<div class=\"container\" id=\"boxes\">\n  <div class=\"row\">\n\n    <div class=\"col-sm\">\n      <div class=\"estrategia\" id=\"box-assinatura\">\n        <h3 class=\"titulo-assinatura\">Assinatura Concursos<\/h3>\n        <p class=\"subtitulo-assinatura\">Assinatura de 1 ano ou 2 anos<\/p>\n        <div class=\"box-botao\">\n          <a class=\"btn-assinatura\" target=\"_blank\" href=\"https:\/\/www.estrategiaconcursos.com.br\/assinaturas\/\" role=\"button\" rel=\"noopener noreferrer\">ASSINE AGORA<\/a>\n        <\/div>\n      <\/div>\n     \n    <\/div><\/div><\/div>\n\n\n\n<figure class=\"wp-block-image size-large is-resized\"><img loading=\"lazy\" decoding=\"async\" width=\"1024\" height=\"632\" src=\"https:\/\/dhg1h5j42swfq.cloudfront.net\/2021\/04\/27092034\/ficha-tecnica-174-1024x632.png\" alt=\"Informa\u00e7\u00f5es sobre o concurso Pefoce\" class=\"wp-image-724036\" style=\"width:267px;height:165px\" srcset=\"https:\/\/dhg1h5j42swfq.cloudfront.net\/2021\/04\/27092034\/ficha-tecnica-174-1024x632.png 1024w, https:\/\/dhg1h5j42swfq.cloudfront.net\/2021\/04\/27092034\/ficha-tecnica-174-300x185.png 300w, https:\/\/dhg1h5j42swfq.cloudfront.net\/2021\/04\/27092034\/ficha-tecnica-174-768x474.png 768w, https:\/\/dhg1h5j42swfq.cloudfront.net\/2021\/04\/27092034\/ficha-tecnica-174-1536x948.png 1536w, https:\/\/dhg1h5j42swfq.cloudfront.net\/2021\/04\/27092034\/ficha-tecnica-174-610x377.png 610w, https:\/\/dhg1h5j42swfq.cloudfront.net\/2021\/04\/27092034\/ficha-tecnica-174.png 1571w\" sizes=\"auto, (max-width: 1024px) 100vw, 1024px\" \/><\/figure>\n\n\n\n<h3 class=\"wp-block-heading\" id=\"ficha\">Informa\u00e7\u00f5es do \u00faltimo concurso&nbsp;PEFOCE<\/h3>\n\n\n\n<ul class=\"wp-block-list\">\n<li><strong>Provas:&nbsp;<\/strong>31\/07, 01\/08 e 12\/09<\/li>\n\n\n\n<li><strong>Vagas<\/strong>: 227 + 340 CR<\/li>\n\n\n\n<li><strong>Cargos<\/strong>: M\u00e9dico Legista, Perito Criminal, Perito Legista e Auxiliar de Per\u00edcia<\/li>\n\n\n\n<li><strong>Banca<\/strong>: IDECAN<\/li>\n\n\n\n<li><strong>Escolaridade<\/strong>: N\u00edvel superior<\/li>\n\n\n\n<li><strong>\u00daltimo edital<\/strong>: <a href=\"https:\/\/dhg1h5j42swfq.cloudfront.net\/2021\/07\/07094023\/pefoce-edital-concurso.pdf\" target=\"_blank\" rel=\"noreferrer noopener nofollow\">PEFOCE-2021<\/a><\/li>\n<\/ul>\n\n\n\n<p><\/p>\n","protected":false},"excerpt":{"rendered":"<p>ALECE aprova a cria\u00e7\u00e3o de mais cargos para o concurso PEFOCE! O governador Elmano de Freitas, confirmou que realizar\u00e1 um novo concurso PEFOCE (Per\u00edcia Forense do Estado do Cear\u00e1). A informa\u00e7\u00e3o foi revelada em solenidade na sede da Ordem dos Advogados do Brasil no Cear\u00e1 (OAB CE). \u201cEu quero primeiro chamar os concursados da Pol\u00edcia [&hellip;]<\/p>\n","protected":false},"author":1,"featured_media":698523,"comment_status":"open","ping_status":"closed","sticky":false,"template":"","format":"standard","meta":{"post_tipo":"news_page","footnotes":""},"categories":[220190],"tags":[],"tax_estado":[219969],"class_list":["post-174382","post","type-post","status-publish","format-standard","has-post-thumbnail","hentry","category-policial-peritos","tax_estado-ce"],"acf":[],"yoast_head":"<!-- This site is optimized with the Yoast SEO Premium plugin v27.2 (Yoast SEO v27.2) - https:\/\/yoast.com\/product\/yoast-seo-premium-wordpress\/ -->\n<title>Concurso PEFOCE: governo confirma novo edital para efetivos!<\/title>\n<meta name=\"description\" content=\"Um novo concurso PEFOCE \u00e9 anunciado pelo governador. Confira todos os detalhes no site do Estrat\u00e9gia Concursos!\" \/>\n<meta name=\"robots\" content=\"index, follow, max-snippet:-1, max-image-preview:large, max-video-preview:-1\" \/>\n<link rel=\"canonical\" href=\"https:\/\/www.estrategiaconcursos.com.br\/blog\/concurso-pefoce\/\" \/>\n<meta property=\"og:locale\" content=\"pt_BR\" \/>\n<meta property=\"og:type\" content=\"article\" \/>\n<meta property=\"og:title\" content=\"Concurso PEFOCE: governo confirma novo edital para efetivos!\" \/>\n<meta property=\"og:description\" content=\"Um novo concurso PEFOCE \u00e9 anunciado pelo governador. Confira todos os detalhes no site do Estrat\u00e9gia Concursos!\" \/>\n<meta property=\"og:url\" content=\"https:\/\/www.estrategiaconcursos.com.br\/blog\/concurso-pefoce\/\" \/>\n<meta property=\"og:site_name\" content=\"Estrat\u00e9gia Concursos\" \/>\n<meta property=\"article:author\" content=\"https:\/\/www.facebook.com\/EstrategiaConcursos\" \/>\n<meta property=\"article:published_time\" content=\"2026-02-27T18:30:00+00:00\" \/>\n<meta property=\"article:modified_time\" content=\"2026-02-28T12:44:33+00:00\" \/>\n<meta property=\"og:image\" content=\"https:\/\/dhg1h5j42swfq.cloudfront.net\/2021\/03\/22154853\/concurso-pefoce.jpg\" \/>\n\t<meta property=\"og:image:width\" content=\"1200\" \/>\n\t<meta property=\"og:image:height\" content=\"628\" \/>\n\t<meta property=\"og:image:type\" content=\"image\/jpeg\" \/>\n<meta name=\"author\" content=\"Coordena\u00e7\u00e3o\" \/>\n<meta name=\"twitter:card\" content=\"summary_large_image\" \/>\n<meta name=\"twitter:creator\" content=\"@EstratConcursos\" \/>\n<meta name=\"twitter:site\" content=\"@EstratConcursos\" \/>\n<meta name=\"twitter:label1\" content=\"Escrito por\" \/>\n\t<meta name=\"twitter:data1\" content=\"Coordena\u00e7\u00e3o\" \/>\n\t<meta name=\"twitter:label2\" content=\"Est. tempo de leitura\" \/>\n\t<meta name=\"twitter:data2\" content=\"14 minutos\" \/>\n<script type=\"application\/ld+json\" class=\"yoast-schema-graph\">{\"@context\":\"https:\/\/schema.org\",\"@graph\":[{\"@type\":\"NewsArticle\",\"@id\":\"https:\/\/www.estrategiaconcursos.com.br\/blog\/concurso-pefoce\/#article\",\"isPartOf\":{\"@id\":\"https:\/\/www.estrategiaconcursos.com.br\/blog\/concurso-pefoce\/\"},\"author\":{\"name\":\"Coordena\u00e7\u00e3o\",\"@id\":\"https:\/\/www.estrategiaconcursos.com.br\/blog\/#\/schema\/person\/b4a388c97673c5f483d72185668afa1f\"},\"headline\":\"Concurso PEFOCE: governo confirma novo edital para efetivos!\",\"datePublished\":\"2026-02-27T18:30:00+00:00\",\"dateModified\":\"2026-02-28T12:44:33+00:00\",\"mainEntityOfPage\":{\"@id\":\"https:\/\/www.estrategiaconcursos.com.br\/blog\/concurso-pefoce\/\"},\"wordCount\":2773,\"commentCount\":1,\"publisher\":{\"@id\":\"https:\/\/www.estrategiaconcursos.com.br\/blog\/#organization\"},\"image\":{\"@id\":\"https:\/\/www.estrategiaconcursos.com.br\/blog\/concurso-pefoce\/#primaryimage\"},\"thumbnailUrl\":\"https:\/\/dhg1h5j42swfq.cloudfront.net\/2021\/03\/22154853\/concurso-pefoce.jpg\",\"articleSection\":[\"Policial (Peritos, Papiloscopistas)\"],\"inLanguage\":\"pt-BR\",\"potentialAction\":[{\"@type\":\"CommentAction\",\"name\":\"Comment\",\"target\":[\"https:\/\/www.estrategiaconcursos.com.br\/blog\/concurso-pefoce\/#respond\"]}],\"copyrightYear\":\"2026\",\"copyrightHolder\":{\"@id\":\"https:\/\/www.estrategiaconcursos.com.br\/blog\/#organization\"}},{\"@type\":\"WebPage\",\"@id\":\"https:\/\/www.estrategiaconcursos.com.br\/blog\/concurso-pefoce\/\",\"url\":\"https:\/\/www.estrategiaconcursos.com.br\/blog\/concurso-pefoce\/\",\"name\":\"Concurso PEFOCE: governo confirma novo edital para efetivos!\",\"isPartOf\":{\"@id\":\"https:\/\/www.estrategiaconcursos.com.br\/blog\/#website\"},\"primaryImageOfPage\":{\"@id\":\"https:\/\/www.estrategiaconcursos.com.br\/blog\/concurso-pefoce\/#primaryimage\"},\"image\":{\"@id\":\"https:\/\/www.estrategiaconcursos.com.br\/blog\/concurso-pefoce\/#primaryimage\"},\"thumbnailUrl\":\"https:\/\/dhg1h5j42swfq.cloudfront.net\/2021\/03\/22154853\/concurso-pefoce.jpg\",\"datePublished\":\"2026-02-27T18:30:00+00:00\",\"dateModified\":\"2026-02-28T12:44:33+00:00\",\"description\":\"Um novo concurso PEFOCE \u00e9 anunciado pelo governador. Confira todos os detalhes no site do Estrat\u00e9gia Concursos!\",\"breadcrumb\":{\"@id\":\"https:\/\/www.estrategiaconcursos.com.br\/blog\/concurso-pefoce\/#breadcrumb\"},\"inLanguage\":\"pt-BR\",\"potentialAction\":[{\"@type\":\"ReadAction\",\"target\":[\"https:\/\/www.estrategiaconcursos.com.br\/blog\/concurso-pefoce\/\"]}]},{\"@type\":\"ImageObject\",\"inLanguage\":\"pt-BR\",\"@id\":\"https:\/\/www.estrategiaconcursos.com.br\/blog\/concurso-pefoce\/#primaryimage\",\"url\":\"https:\/\/dhg1h5j42swfq.cloudfront.net\/2021\/03\/22154853\/concurso-pefoce.jpg\",\"contentUrl\":\"https:\/\/dhg1h5j42swfq.cloudfront.net\/2021\/03\/22154853\/concurso-pefoce.jpg\",\"width\":1200,\"height\":628},{\"@type\":\"BreadcrumbList\",\"@id\":\"https:\/\/www.estrategiaconcursos.com.br\/blog\/concurso-pefoce\/#breadcrumb\",\"itemListElement\":[{\"@type\":\"ListItem\",\"position\":1,\"name\":\"In\u00edcio\",\"item\":\"https:\/\/www.estrategiaconcursos.com.br\/blog\/\"},{\"@type\":\"ListItem\",\"position\":2,\"name\":\"Concurso PEFOCE: governo confirma novo edital para efetivos!\"}]},{\"@type\":\"WebSite\",\"@id\":\"https:\/\/www.estrategiaconcursos.com.br\/blog\/#website\",\"url\":\"https:\/\/www.estrategiaconcursos.com.br\/blog\/\",\"name\":\"Estrat\u00e9gia Concursos\",\"description\":\"O blog da Estrat\u00e9gia Concursos traz not\u00edcias sobre concursos e artigos de professores oferecendo cursos para concursos (pdf + videaulas) no site.\",\"publisher\":{\"@id\":\"https:\/\/www.estrategiaconcursos.com.br\/blog\/#organization\"},\"potentialAction\":[{\"@type\":\"SearchAction\",\"target\":{\"@type\":\"EntryPoint\",\"urlTemplate\":\"https:\/\/www.estrategiaconcursos.com.br\/blog\/?s={search_term_string}\"},\"query-input\":{\"@type\":\"PropertyValueSpecification\",\"valueRequired\":true,\"valueName\":\"search_term_string\"}}],\"inLanguage\":\"pt-BR\"},{\"@type\":\"Organization\",\"@id\":\"https:\/\/www.estrategiaconcursos.com.br\/blog\/#organization\",\"name\":\"Estrat\u00e9gia Concursos\",\"url\":\"https:\/\/www.estrategiaconcursos.com.br\/blog\/\",\"logo\":{\"@type\":\"ImageObject\",\"inLanguage\":\"pt-BR\",\"@id\":\"https:\/\/www.estrategiaconcursos.com.br\/blog\/#\/schema\/logo\/image\/\",\"url\":\"https:\/\/dhg1h5j42swfq.cloudfront.net\/2025\/06\/03203428\/logo_concursos-1.jpg\",\"contentUrl\":\"https:\/\/dhg1h5j42swfq.cloudfront.net\/2025\/06\/03203428\/logo_concursos-1.jpg\",\"width\":230,\"height\":60,\"caption\":\"Estrat\u00e9gia Concursos\"},\"image\":{\"@id\":\"https:\/\/www.estrategiaconcursos.com.br\/blog\/#\/schema\/logo\/image\/\"},\"sameAs\":[\"https:\/\/x.com\/EstratConcursos\"]},{\"@type\":\"Person\",\"@id\":\"https:\/\/www.estrategiaconcursos.com.br\/blog\/#\/schema\/person\/b4a388c97673c5f483d72185668afa1f\",\"name\":\"Coordena\u00e7\u00e3o\",\"image\":{\"@type\":\"ImageObject\",\"inLanguage\":\"pt-BR\",\"@id\":\"https:\/\/secure.gravatar.com\/avatar\/b720319e4c9a967eb58678d110f4fe35452fc5d5f97b202bac7b8acceb18c6ad?s=96&d=mm&r=g\",\"url\":\"https:\/\/secure.gravatar.com\/avatar\/b720319e4c9a967eb58678d110f4fe35452fc5d5f97b202bac7b8acceb18c6ad?s=96&d=mm&r=g\",\"contentUrl\":\"https:\/\/secure.gravatar.com\/avatar\/b720319e4c9a967eb58678d110f4fe35452fc5d5f97b202bac7b8acceb18c6ad?s=96&d=mm&r=g\",\"caption\":\"Coordena\u00e7\u00e3o\"},\"sameAs\":[\"https:\/\/www.facebook.com\/EstrategiaConcursos\",\"https:\/\/x.com\/EstratConcursos\"],\"url\":\"https:\/\/www.estrategiaconcursos.com.br\/blog\/author\/estrategia2013\/\"}]}<\/script>\n<!-- \/ Yoast SEO Premium plugin. -->","yoast_head_json":{"title":"Concurso PEFOCE: governo confirma novo edital para efetivos!","description":"Um novo concurso PEFOCE \u00e9 anunciado pelo governador. Confira todos os detalhes no site do Estrat\u00e9gia Concursos!","robots":{"index":"index","follow":"follow","max-snippet":"max-snippet:-1","max-image-preview":"max-image-preview:large","max-video-preview":"max-video-preview:-1"},"canonical":"https:\/\/www.estrategiaconcursos.com.br\/blog\/concurso-pefoce\/","og_locale":"pt_BR","og_type":"article","og_title":"Concurso PEFOCE: governo confirma novo edital para efetivos!","og_description":"Um novo concurso PEFOCE \u00e9 anunciado pelo governador. Confira todos os detalhes no site do Estrat\u00e9gia Concursos!","og_url":"https:\/\/www.estrategiaconcursos.com.br\/blog\/concurso-pefoce\/","og_site_name":"Estrat\u00e9gia Concursos","article_author":"https:\/\/www.facebook.com\/EstrategiaConcursos","article_published_time":"2026-02-27T18:30:00+00:00","article_modified_time":"2026-02-28T12:44:33+00:00","og_image":[{"width":1200,"height":628,"url":"https:\/\/dhg1h5j42swfq.cloudfront.net\/2021\/03\/22154853\/concurso-pefoce.jpg","type":"image\/jpeg"}],"author":"Coordena\u00e7\u00e3o","twitter_card":"summary_large_image","twitter_creator":"@EstratConcursos","twitter_site":"@EstratConcursos","twitter_misc":{"Escrito por":"Coordena\u00e7\u00e3o","Est. tempo de leitura":"14 minutos"},"schema":{"@context":"https:\/\/schema.org","@graph":[{"@type":"NewsArticle","@id":"https:\/\/www.estrategiaconcursos.com.br\/blog\/concurso-pefoce\/#article","isPartOf":{"@id":"https:\/\/www.estrategiaconcursos.com.br\/blog\/concurso-pefoce\/"},"author":{"name":"Coordena\u00e7\u00e3o","@id":"https:\/\/www.estrategiaconcursos.com.br\/blog\/#\/schema\/person\/b4a388c97673c5f483d72185668afa1f"},"headline":"Concurso PEFOCE: governo confirma novo edital para efetivos!","datePublished":"2026-02-27T18:30:00+00:00","dateModified":"2026-02-28T12:44:33+00:00","mainEntityOfPage":{"@id":"https:\/\/www.estrategiaconcursos.com.br\/blog\/concurso-pefoce\/"},"wordCount":2773,"commentCount":1,"publisher":{"@id":"https:\/\/www.estrategiaconcursos.com.br\/blog\/#organization"},"image":{"@id":"https:\/\/www.estrategiaconcursos.com.br\/blog\/concurso-pefoce\/#primaryimage"},"thumbnailUrl":"https:\/\/dhg1h5j42swfq.cloudfront.net\/2021\/03\/22154853\/concurso-pefoce.jpg","articleSection":["Policial (Peritos, Papiloscopistas)"],"inLanguage":"pt-BR","potentialAction":[{"@type":"CommentAction","name":"Comment","target":["https:\/\/www.estrategiaconcursos.com.br\/blog\/concurso-pefoce\/#respond"]}],"copyrightYear":"2026","copyrightHolder":{"@id":"https:\/\/www.estrategiaconcursos.com.br\/blog\/#organization"}},{"@type":"WebPage","@id":"https:\/\/www.estrategiaconcursos.com.br\/blog\/concurso-pefoce\/","url":"https:\/\/www.estrategiaconcursos.com.br\/blog\/concurso-pefoce\/","name":"Concurso PEFOCE: governo confirma novo edital para efetivos!","isPartOf":{"@id":"https:\/\/www.estrategiaconcursos.com.br\/blog\/#website"},"primaryImageOfPage":{"@id":"https:\/\/www.estrategiaconcursos.com.br\/blog\/concurso-pefoce\/#primaryimage"},"image":{"@id":"https:\/\/www.estrategiaconcursos.com.br\/blog\/concurso-pefoce\/#primaryimage"},"thumbnailUrl":"https:\/\/dhg1h5j42swfq.cloudfront.net\/2021\/03\/22154853\/concurso-pefoce.jpg","datePublished":"2026-02-27T18:30:00+00:00","dateModified":"2026-02-28T12:44:33+00:00","description":"Um novo concurso PEFOCE \u00e9 anunciado pelo governador. Confira todos os detalhes no site do Estrat\u00e9gia Concursos!","breadcrumb":{"@id":"https:\/\/www.estrategiaconcursos.com.br\/blog\/concurso-pefoce\/#breadcrumb"},"inLanguage":"pt-BR","potentialAction":[{"@type":"ReadAction","target":["https:\/\/www.estrategiaconcursos.com.br\/blog\/concurso-pefoce\/"]}]},{"@type":"ImageObject","inLanguage":"pt-BR","@id":"https:\/\/www.estrategiaconcursos.com.br\/blog\/concurso-pefoce\/#primaryimage","url":"https:\/\/dhg1h5j42swfq.cloudfront.net\/2021\/03\/22154853\/concurso-pefoce.jpg","contentUrl":"https:\/\/dhg1h5j42swfq.cloudfront.net\/2021\/03\/22154853\/concurso-pefoce.jpg","width":1200,"height":628},{"@type":"BreadcrumbList","@id":"https:\/\/www.estrategiaconcursos.com.br\/blog\/concurso-pefoce\/#breadcrumb","itemListElement":[{"@type":"ListItem","position":1,"name":"In\u00edcio","item":"https:\/\/www.estrategiaconcursos.com.br\/blog\/"},{"@type":"ListItem","position":2,"name":"Concurso PEFOCE: governo confirma novo edital para efetivos!"}]},{"@type":"WebSite","@id":"https:\/\/www.estrategiaconcursos.com.br\/blog\/#website","url":"https:\/\/www.estrategiaconcursos.com.br\/blog\/","name":"Estrat\u00e9gia Concursos","description":"O blog da Estrat\u00e9gia Concursos traz not\u00edcias sobre concursos e artigos de professores oferecendo cursos para concursos (pdf + videaulas) no site.","publisher":{"@id":"https:\/\/www.estrategiaconcursos.com.br\/blog\/#organization"},"potentialAction":[{"@type":"SearchAction","target":{"@type":"EntryPoint","urlTemplate":"https:\/\/www.estrategiaconcursos.com.br\/blog\/?s={search_term_string}"},"query-input":{"@type":"PropertyValueSpecification","valueRequired":true,"valueName":"search_term_string"}}],"inLanguage":"pt-BR"},{"@type":"Organization","@id":"https:\/\/www.estrategiaconcursos.com.br\/blog\/#organization","name":"Estrat\u00e9gia Concursos","url":"https:\/\/www.estrategiaconcursos.com.br\/blog\/","logo":{"@type":"ImageObject","inLanguage":"pt-BR","@id":"https:\/\/www.estrategiaconcursos.com.br\/blog\/#\/schema\/logo\/image\/","url":"https:\/\/dhg1h5j42swfq.cloudfront.net\/2025\/06\/03203428\/logo_concursos-1.jpg","contentUrl":"https:\/\/dhg1h5j42swfq.cloudfront.net\/2025\/06\/03203428\/logo_concursos-1.jpg","width":230,"height":60,"caption":"Estrat\u00e9gia Concursos"},"image":{"@id":"https:\/\/www.estrategiaconcursos.com.br\/blog\/#\/schema\/logo\/image\/"},"sameAs":["https:\/\/x.com\/EstratConcursos"]},{"@type":"Person","@id":"https:\/\/www.estrategiaconcursos.com.br\/blog\/#\/schema\/person\/b4a388c97673c5f483d72185668afa1f","name":"Coordena\u00e7\u00e3o","image":{"@type":"ImageObject","inLanguage":"pt-BR","@id":"https:\/\/secure.gravatar.com\/avatar\/b720319e4c9a967eb58678d110f4fe35452fc5d5f97b202bac7b8acceb18c6ad?s=96&d=mm&r=g","url":"https:\/\/secure.gravatar.com\/avatar\/b720319e4c9a967eb58678d110f4fe35452fc5d5f97b202bac7b8acceb18c6ad?s=96&d=mm&r=g","contentUrl":"https:\/\/secure.gravatar.com\/avatar\/b720319e4c9a967eb58678d110f4fe35452fc5d5f97b202bac7b8acceb18c6ad?s=96&d=mm&r=g","caption":"Coordena\u00e7\u00e3o"},"sameAs":["https:\/\/www.facebook.com\/EstrategiaConcursos","https:\/\/x.com\/EstratConcursos"],"url":"https:\/\/www.estrategiaconcursos.com.br\/blog\/author\/estrategia2013\/"}]}},"_links":{"self":[{"href":"https:\/\/www.estrategiaconcursos.com.br\/blog\/wp-json\/wp\/v2\/posts\/174382","targetHints":{"allow":["GET"]}}],"collection":[{"href":"https:\/\/www.estrategiaconcursos.com.br\/blog\/wp-json\/wp\/v2\/posts"}],"about":[{"href":"https:\/\/www.estrategiaconcursos.com.br\/blog\/wp-json\/wp\/v2\/types\/post"}],"author":[{"embeddable":true,"href":"https:\/\/www.estrategiaconcursos.com.br\/blog\/wp-json\/wp\/v2\/users\/1"}],"replies":[{"embeddable":true,"href":"https:\/\/www.estrategiaconcursos.com.br\/blog\/wp-json\/wp\/v2\/comments?post=174382"}],"version-history":[{"count":165,"href":"https:\/\/www.estrategiaconcursos.com.br\/blog\/wp-json\/wp\/v2\/posts\/174382\/revisions"}],"predecessor-version":[{"id":1723204,"href":"https:\/\/www.estrategiaconcursos.com.br\/blog\/wp-json\/wp\/v2\/posts\/174382\/revisions\/1723204"}],"wp:featuredmedia":[{"embeddable":true,"href":"https:\/\/www.estrategiaconcursos.com.br\/blog\/wp-json\/wp\/v2\/media\/698523"}],"wp:attachment":[{"href":"https:\/\/www.estrategiaconcursos.com.br\/blog\/wp-json\/wp\/v2\/media?parent=174382"}],"wp:term":[{"taxonomy":"category","embeddable":true,"href":"https:\/\/www.estrategiaconcursos.com.br\/blog\/wp-json\/wp\/v2\/categories?post=174382"},{"taxonomy":"post_tag","embeddable":true,"href":"https:\/\/www.estrategiaconcursos.com.br\/blog\/wp-json\/wp\/v2\/tags?post=174382"},{"taxonomy":"tax_estado","embeddable":true,"href":"https:\/\/www.estrategiaconcursos.com.br\/blog\/wp-json\/wp\/v2\/tax_estado?post=174382"}],"curies":[{"name":"wp","href":"https:\/\/api.w.org\/{rel}","templated":true}]}}