{"id":174341,"date":"2019-03-26T17:00:55","date_gmt":"2019-03-26T20:00:55","guid":{"rendered":"https:\/\/www.estrategiaconcursos.com.br\/blog\/?p=174341"},"modified":"2019-07-24T12:06:39","modified_gmt":"2019-07-24T15:06:39","slug":"concurso-trt-es-tribunal-suspende-certame-temporariamente","status":"publish","type":"post","link":"https:\/\/www.estrategiaconcursos.com.br\/blog\/concurso-trt-es-tribunal-suspende-certame-temporariamente\/","title":{"rendered":"Concurso TRT ES: Tribunal suspende certame temporariamente"},"content":{"rendered":"\n<p style=\"font-size:25px\"><em>Falta de or\u00e7amento adia novo concurso TRT ES<\/em><\/p>\n\n\n\n<p>O Tribunal Regional do Trabalho do Esp\u00edrito Santo (TRT 17) informou nesta data, 26 de mar\u00e7o, a suspens\u00e3o do concurso p\u00fablico de servidores, cujos procedimentos para realiza\u00e7\u00e3o tinham iniciado em 2018.<\/p>\n\n\n\n<p>O \u00f3rg\u00e3o salientou que as restri\u00e7\u00f5es or\u00e7ament\u00e1rias e a impossibilidade de empossar novos servidores foram os motivos para a suspens\u00e3o tempor\u00e1ria do certame. <\/p>\n\n\n\n<p>Em nota, que pode ser verificada no site do \u00f3rg\u00e3o, o TRT ES reafirmou o compromisso de prestar um bom servi\u00e7o jurisdicional e tamb\u00e9m reconheceu a import\u00e2ncia de um novo concurso para repor for\u00e7a de trabalho. <\/p>\n\n\n\n<p><em>Abaixo, confira a \u00edntegra do comunicado expedido pelo Tribunal Regional do Trabalho da 17\u00aa Regi\u00e3o:<\/em><\/p>\n\n\n\n<figure class=\"wp-block-image\"><img loading=\"lazy\" decoding=\"async\" width=\"1310\" height=\"607\" src=\"https:\/\/dhg1h5j42swfq.cloudfront.net\/2019\/03\/26165332\/image92.png\" alt=\"Concurso TRT ES\" class=\"wp-image-174348\" srcset=\"https:\/\/dhg1h5j42swfq.cloudfront.net\/2019\/03\/26165332\/image92.png 1310w, https:\/\/dhg1h5j42swfq.cloudfront.net\/2019\/03\/26165332\/image92.png 300w, https:\/\/dhg1h5j42swfq.cloudfront.net\/2019\/03\/26165332\/image92.png 768w, https:\/\/dhg1h5j42swfq.cloudfront.net\/2019\/03\/26165332\/image92.png 1024w\" sizes=\"auto, (max-width: 1310px) 100vw, 1310px\" \/><\/figure>\n\n\n\n<p style=\"font-size:25px;text-align:center\"><a href=\"https:\/\/www.estrategiaconcursos.com.br\/blog\/concurso-trt-es\/\" target=\"_blank\" rel=\"noreferrer noopener\" aria-label=\"Saiba mais sobre o concurso TRT ES aqui! (opens in a new tab)\">Saiba mais sobre o concurso TRT ES aqui!<\/a><\/p>\n\n\n\n<h3 class=\"wp-block-heading\">Assinatura \u00e1rea de Tribunais, MPs, e afins<\/h3>\n\n\n\n<p>O que estar\u00e1 dispon\u00edvel com a minha Assinatura da \u00e1rea de Tribunais, MPs e afins?<\/p>\n\n\n\n<p class=\"has-background has-very-light-gray-background-color\"><strong><em>O que estar\u00e1 dispon\u00edvel com a minha Assinatura da \u00e1rea de Tribunais?<\/em><\/strong><br \/>Com a assinatura da&nbsp;<strong>\u00c1rea de&nbsp;Tribunais&nbsp;<\/strong>voc\u00ea ter\u00e1 acesso a todos os cursos \u2013 inclusive&nbsp;ao Passo&nbsp;Estrat\u00e9gico&nbsp;\u2013 do Estrat\u00e9gia&nbsp;<strong>da \u00e1rea de Tribunais&nbsp;<\/strong>conforme segue<strong>:<\/strong><\/p>\n\n\n\n<ul class=\"wp-block-list\"><li>TJs&nbsp;e STF (Servidores)<\/li><li>TRFs&nbsp;(Servidores)<\/li><li>TRTs&nbsp;(Servidores)<\/li><li>TREs e TSE&nbsp;(Servidores)<\/li><li>MPs e MPU (Servidores)<\/li><li>DPEs e DPU (Servidores)<\/li><li> E,&nbsp;excepcionalmente, ao INSS. <\/li><\/ul>\n\n\n\n<p class=\"has-background has-very-light-gray-background-color\">A possibilidade de acesso a v\u00e1rios cursos e a todas as ferramentas de estudos, dispon\u00edveis apenas para os nossos assinantes, tornam o&nbsp;<strong>custo-benef\u00edcio da Assinatura \u00c1rea de Tribunais, MPs e Afins IMBAT\u00cdVEL!!!<\/strong><\/p>\n\n\n\n<p>Compare os valores das assinaturas com pacotes completos de alguns concursos:<\/p>\n\n\n\n<figure class=\"wp-block-image\"><img decoding=\"async\" src=\"https:\/\/lh3.googleusercontent.com\/AM1kaoc_M6VswHep25aWr9UpyXdN025xqHjlARIATkQ8XEVEXqjZNxKIiTupt5_1NW8RyBb13cpQi4cFCk8T4f6Vy08U4LZsAa14bFwUOnub5zl7h0DS9YoE5RHCioHpf6vCTHATCvPsCv5EUA\" alt=\"\"\/><\/figure>\n\n\n\n<p>Lembre-se: tanto para as assinaturas de 1 ou 2 anos, disponibilizamos&nbsp;<strong>o Passo Estrat\u00e9gico, a Trilha Estrat\u00e9gica e as Monitorias!!!<\/strong><\/p>\n\n\n\n<p>N\u00e3o conhece o Passo Estrat\u00e9gico?!<\/p>\n\n\n\n<p>O Passo Estrat\u00e9gico \u00e9 um&nbsp;<strong>M\u00c9TODO PODEROSO DE REVIS\u00c3O E TREINO DE SIMULADOS,&nbsp;<\/strong>que lhe ajudar\u00e3o na memoriza\u00e7\u00e3o do grande conte\u00fado estudado.<\/p>\n\n\n\n<p>Os PDFs do Passo Estrat\u00e9gico s\u00e3o enxutos, com poucas p\u00e1ginas, contendo:<\/p>\n\n\n\n<ul class=\"wp-block-list\"><li>orienta\u00e7\u00f5es de estudo e exposi\u00e7\u00e3o dos pontos mais importantes do conte\u00fado,<\/li><li>quest\u00f5es comentadas da banca espec\u00edfica do concurso,<\/li><li>an\u00e1lise estat\u00edstica dos assuntos mais cobrados,<\/li><li>simulados de quest\u00f5es in\u00e9ditas no estilo da banca.<\/li><\/ul>\n\n\n\n<p><strong>Do que se tratam as Trilhas Estrat\u00e9gicas?<\/strong><\/p>\n\n\n\n<p>Nossos materiais te\u00f3ricos s\u00e3o os mais completos do mercado. Nossos professores procuram abordar tudo o que pode ser cobrado em sua prova. Mesmo que a probabilidade seja pequena de tais assuntos ca\u00edrem no certame.<\/p>\n\n\n\n<p>As Trilhas Estrat\u00e9gicas vieram para facilitar o seu estudo! Elas s\u00e3o preparadas pela nossa equipe de Coaches. E, trazem para voc\u00ea uma sequ\u00eancia ideal de estudo dos conte\u00fados das aulas. Assim, voc\u00ea otimiza sua prepara\u00e7\u00e3o!<\/p>\n\n\n\n<div class=\"wp-block-image\"><figure class=\"aligncenter\"><img loading=\"lazy\" decoding=\"async\" width=\"567\" height=\"232\" src=\"https:\/\/dhg1h5j42swfq.cloudfront.net\/2019\/03\/26163001\/image91.png\" alt=\"\" class=\"wp-image-174332\" srcset=\"https:\/\/dhg1h5j42swfq.cloudfront.net\/2019\/03\/26163001\/image91.png 567w, https:\/\/dhg1h5j42swfq.cloudfront.net\/2019\/03\/26163001\/image91.png 300w\" sizes=\"auto, (max-width: 567px) 100vw, 567px\" \/><\/figure><\/div>\n\n\n\n<p class=\"has-background has-very-light-gray-background-color\"><em>Fa\u00e7a sua assinatura<br \/><\/em><\/p>\n\n\n\n<p class=\"has-background has-very-light-gray-background-color\"><em>Assinatura de 1 ano<br \/>(pagamento no cart\u00e3o) \u2013&nbsp;<a href=\"https:\/\/www.estrategiaconcursos.com.br\/curso\/assinatura-da-area-de-tribunais-mps-e-afins-1-ano-cartao-ate-12-x-somente-ate-05-04\/\">clique aqui<\/a><br \/><br \/>Assinatura de 1 ano<br \/>(pagamento de boleto) \u2013&nbsp;<a href=\"https:\/\/www.estrategiaconcursos.com.br\/curso\/assinatura-da-area-de-tribunais-mps-e-afins-2-anos-boleto-a-vista-com-16-somente-ate-05-04\/\">clique aqui<\/a><br \/><br \/>Assinatura de 2 anos<br \/>(pagamento no cart\u00e3o) \u2013&nbsp;<a href=\"https:\/\/www.estrategiaconcursos.com.br\/curso\/assinatura-da-area-de-tribunais-mps-e-afins-2-anos-cartao-ate-12-x-somente-ate-05-04\/\">clique aqui<\/a><br \/><br \/>Assinatura de 2 anos<br \/>(pagamento no boleto) \u2013&nbsp;<a href=\"https:\/\/www.estrategiaconcursos.com.br\/curso\/assinatura-da-area-de-tribunais-mps-e-afins-1-ano-boleto-a-vista-com-15-somente-ate-05-04\/\">clique aqui<\/a><\/em><\/p>\n\n\n\n<p><em>Ascom Estrat\u00e9gia<\/em><br \/>ascomestrategia@gmail.com <\/p>\n\n\n\n<p style=\"text-align:center\"><em><strong>Receba not\u00edcias de Concursos no seu WhatsApp e\/ou Telegram!<\/strong><\/em><\/p>\n\n\n\n<p style=\"text-align:center\"><em><strong>Cadastre-se clicando no \u00edcone abaixo<\/strong><\/em><\/p>\n\n\n\n<div class=\"wp-block-image\"><figure class=\"aligncenter is-resized\"><a href=\"https:\/\/www.estrategiaconcursos.com.br\/blog\/noticias-de-concursos-whatsapp-estrategia-concursos\/\" target=\"_blank\" rel=\"noreferrer noopener\"><img loading=\"lazy\" decoding=\"async\" src=\"https:\/\/dhg1h5j42swfq.cloudfront.net\/2018\/03\/22113932\/whatsapptelegram-e1548177162795.png\" alt=\"\" class=\"wp-image-112824\" width=\"177\" height=\"100\"\/><\/a><\/figure><\/div>\n\n\n\n<p style=\"text-align:center\"><a rel=\"noreferrer noopener\" href=\"https:\/\/www.estrategiaconcursos.com.br\/blog\/noticias-de-concursos-whatsapp-estrategia-concursos\/\" target=\"_blank\">Not\u00edcias de concursos no seu WhatsApp e\/ou Telegram<\/a><\/p>\n","protected":false},"excerpt":{"rendered":"<p>Falta de or\u00e7amento adia novo concurso TRT ES O Tribunal Regional do Trabalho do Esp\u00edrito Santo (TRT 17) informou nesta data, 26 de mar\u00e7o, a suspens\u00e3o do concurso p\u00fablico de servidores, cujos procedimentos para realiza\u00e7\u00e3o tinham iniciado em 2018. O \u00f3rg\u00e3o salientou que as restri\u00e7\u00f5es or\u00e7ament\u00e1rias e a impossibilidade de empossar novos servidores foram os [&hellip;]<\/p>\n","protected":false},"author":1,"featured_media":99059,"comment_status":"open","ping_status":"closed","sticky":false,"template":"","format":"standard","meta":{"post_tipo":"news","footnotes":""},"categories":[1],"tags":[],"tax_estado":[],"class_list":["post-174341","post","type-post","status-publish","format-standard","has-post-thumbnail","hentry","category-cursos-e-concursos"],"acf":[],"yoast_head":"<!-- This site is optimized with the Yoast SEO Premium plugin v27.2 (Yoast SEO v27.2) - https:\/\/yoast.com\/product\/yoast-seo-premium-wordpress\/ -->\n<title>Concurso TRT ES: Tribunal suspende certame temporariamente<\/title>\n<meta name=\"description\" content=\"Concurso TRT ES: Tribunal publica comunicado informando a suspens\u00e2o tempor\u00e1ria do certame em virtude de restri\u00e7\u00f5es or\u00e7ament\u00e1rias.\" \/>\n<meta name=\"robots\" content=\"index, follow, max-snippet:-1, max-image-preview:large, max-video-preview:-1\" \/>\n<link rel=\"canonical\" href=\"https:\/\/www.estrategiaconcursos.com.br\/blog\/concurso-trt-es-tribunal-suspende-certame-temporariamente\/\" \/>\n<meta property=\"og:locale\" content=\"pt_BR\" \/>\n<meta property=\"og:type\" content=\"article\" \/>\n<meta property=\"og:title\" content=\"Concurso TRT ES: Tribunal suspende certame temporariamente\" \/>\n<meta property=\"og:description\" content=\"Concurso TRT ES: Tribunal publica comunicado informando a suspens\u00e2o tempor\u00e1ria do certame em virtude de restri\u00e7\u00f5es or\u00e7ament\u00e1rias.\" \/>\n<meta property=\"og:url\" content=\"https:\/\/www.estrategiaconcursos.com.br\/blog\/concurso-trt-es-tribunal-suspende-certame-temporariamente\/\" \/>\n<meta property=\"og:site_name\" content=\"Estrat\u00e9gia Concursos\" \/>\n<meta property=\"article:author\" content=\"https:\/\/www.facebook.com\/EstrategiaConcursos\" \/>\n<meta property=\"article:published_time\" content=\"2019-03-26T20:00:55+00:00\" \/>\n<meta property=\"article:modified_time\" content=\"2019-07-24T15:06:39+00:00\" \/>\n<meta property=\"og:image\" content=\"https:\/\/dhg1h5j42swfq.cloudfront.net\/2017\/12\/15165009\/trt-es-4.jpg\" \/>\n\t<meta property=\"og:image:width\" content=\"1200\" \/>\n\t<meta property=\"og:image:height\" content=\"628\" \/>\n\t<meta property=\"og:image:type\" content=\"image\/jpeg\" \/>\n<meta name=\"author\" content=\"Coordena\u00e7\u00e3o\" \/>\n<meta name=\"twitter:card\" content=\"summary_large_image\" \/>\n<meta name=\"twitter:creator\" content=\"@EstratConcursos\" \/>\n<meta name=\"twitter:site\" content=\"@EstratConcursos\" \/>\n<meta name=\"twitter:label1\" content=\"Escrito por\" \/>\n\t<meta name=\"twitter:data1\" content=\"Coordena\u00e7\u00e3o\" \/>\n\t<meta name=\"twitter:label2\" content=\"Est. tempo de leitura\" \/>\n\t<meta name=\"twitter:data2\" content=\"3 minutos\" \/>\n<script type=\"application\/ld+json\" class=\"yoast-schema-graph\">{\"@context\":\"https:\/\/schema.org\",\"@graph\":[{\"@type\":\"NewsArticle\",\"@id\":\"https:\/\/www.estrategiaconcursos.com.br\/blog\/concurso-trt-es-tribunal-suspende-certame-temporariamente\/#article\",\"isPartOf\":{\"@id\":\"https:\/\/www.estrategiaconcursos.com.br\/blog\/concurso-trt-es-tribunal-suspende-certame-temporariamente\/\"},\"author\":{\"name\":\"Coordena\u00e7\u00e3o\",\"@id\":\"https:\/\/www.estrategiaconcursos.com.br\/blog\/#\/schema\/person\/b4a388c97673c5f483d72185668afa1f\"},\"headline\":\"Concurso TRT ES: Tribunal suspende certame temporariamente\",\"datePublished\":\"2019-03-26T20:00:55+00:00\",\"dateModified\":\"2019-07-24T15:06:39+00:00\",\"mainEntityOfPage\":{\"@id\":\"https:\/\/www.estrategiaconcursos.com.br\/blog\/concurso-trt-es-tribunal-suspende-certame-temporariamente\/\"},\"wordCount\":562,\"commentCount\":2,\"publisher\":{\"@id\":\"https:\/\/www.estrategiaconcursos.com.br\/blog\/#organization\"},\"image\":{\"@id\":\"https:\/\/www.estrategiaconcursos.com.br\/blog\/concurso-trt-es-tribunal-suspende-certame-temporariamente\/#primaryimage\"},\"thumbnailUrl\":\"https:\/\/dhg1h5j42swfq.cloudfront.net\/2017\/12\/15165009\/trt-es-4.jpg\",\"articleSection\":[\"Concursos P\u00fablicos\"],\"inLanguage\":\"pt-BR\",\"potentialAction\":[{\"@type\":\"CommentAction\",\"name\":\"Comment\",\"target\":[\"https:\/\/www.estrategiaconcursos.com.br\/blog\/concurso-trt-es-tribunal-suspende-certame-temporariamente\/#respond\"]}],\"copyrightYear\":\"2019\",\"copyrightHolder\":{\"@id\":\"https:\/\/www.estrategiaconcursos.com.br\/blog\/#organization\"}},{\"@type\":\"WebPage\",\"@id\":\"https:\/\/www.estrategiaconcursos.com.br\/blog\/concurso-trt-es-tribunal-suspende-certame-temporariamente\/\",\"url\":\"https:\/\/www.estrategiaconcursos.com.br\/blog\/concurso-trt-es-tribunal-suspende-certame-temporariamente\/\",\"name\":\"Concurso TRT ES: Tribunal suspende certame temporariamente\",\"isPartOf\":{\"@id\":\"https:\/\/www.estrategiaconcursos.com.br\/blog\/#website\"},\"primaryImageOfPage\":{\"@id\":\"https:\/\/www.estrategiaconcursos.com.br\/blog\/concurso-trt-es-tribunal-suspende-certame-temporariamente\/#primaryimage\"},\"image\":{\"@id\":\"https:\/\/www.estrategiaconcursos.com.br\/blog\/concurso-trt-es-tribunal-suspende-certame-temporariamente\/#primaryimage\"},\"thumbnailUrl\":\"https:\/\/dhg1h5j42swfq.cloudfront.net\/2017\/12\/15165009\/trt-es-4.jpg\",\"datePublished\":\"2019-03-26T20:00:55+00:00\",\"dateModified\":\"2019-07-24T15:06:39+00:00\",\"description\":\"Concurso TRT ES: Tribunal publica comunicado informando a suspens\u00e2o tempor\u00e1ria do certame em virtude de restri\u00e7\u00f5es or\u00e7ament\u00e1rias.\",\"breadcrumb\":{\"@id\":\"https:\/\/www.estrategiaconcursos.com.br\/blog\/concurso-trt-es-tribunal-suspende-certame-temporariamente\/#breadcrumb\"},\"inLanguage\":\"pt-BR\",\"potentialAction\":[{\"@type\":\"ReadAction\",\"target\":[\"https:\/\/www.estrategiaconcursos.com.br\/blog\/concurso-trt-es-tribunal-suspende-certame-temporariamente\/\"]}]},{\"@type\":\"ImageObject\",\"inLanguage\":\"pt-BR\",\"@id\":\"https:\/\/www.estrategiaconcursos.com.br\/blog\/concurso-trt-es-tribunal-suspende-certame-temporariamente\/#primaryimage\",\"url\":\"https:\/\/dhg1h5j42swfq.cloudfront.net\/2017\/12\/15165009\/trt-es-4.jpg\",\"contentUrl\":\"https:\/\/dhg1h5j42swfq.cloudfront.net\/2017\/12\/15165009\/trt-es-4.jpg\",\"width\":1200,\"height\":628,\"caption\":\"Concurso TRT ES\"},{\"@type\":\"BreadcrumbList\",\"@id\":\"https:\/\/www.estrategiaconcursos.com.br\/blog\/concurso-trt-es-tribunal-suspende-certame-temporariamente\/#breadcrumb\",\"itemListElement\":[{\"@type\":\"ListItem\",\"position\":1,\"name\":\"In\u00edcio\",\"item\":\"https:\/\/www.estrategiaconcursos.com.br\/blog\/\"},{\"@type\":\"ListItem\",\"position\":2,\"name\":\"Concurso TRT ES: Tribunal suspende certame temporariamente\"}]},{\"@type\":\"WebSite\",\"@id\":\"https:\/\/www.estrategiaconcursos.com.br\/blog\/#website\",\"url\":\"https:\/\/www.estrategiaconcursos.com.br\/blog\/\",\"name\":\"Estrat\u00e9gia Concursos\",\"description\":\"O blog da Estrat\u00e9gia Concursos traz not\u00edcias sobre concursos e artigos de professores oferecendo cursos para concursos (pdf + videaulas) no site.\",\"publisher\":{\"@id\":\"https:\/\/www.estrategiaconcursos.com.br\/blog\/#organization\"},\"potentialAction\":[{\"@type\":\"SearchAction\",\"target\":{\"@type\":\"EntryPoint\",\"urlTemplate\":\"https:\/\/www.estrategiaconcursos.com.br\/blog\/?s={search_term_string}\"},\"query-input\":{\"@type\":\"PropertyValueSpecification\",\"valueRequired\":true,\"valueName\":\"search_term_string\"}}],\"inLanguage\":\"pt-BR\"},{\"@type\":\"Organization\",\"@id\":\"https:\/\/www.estrategiaconcursos.com.br\/blog\/#organization\",\"name\":\"Estrat\u00e9gia Concursos\",\"url\":\"https:\/\/www.estrategiaconcursos.com.br\/blog\/\",\"logo\":{\"@type\":\"ImageObject\",\"inLanguage\":\"pt-BR\",\"@id\":\"https:\/\/www.estrategiaconcursos.com.br\/blog\/#\/schema\/logo\/image\/\",\"url\":\"https:\/\/dhg1h5j42swfq.cloudfront.net\/2025\/06\/03203428\/logo_concursos-1.jpg\",\"contentUrl\":\"https:\/\/dhg1h5j42swfq.cloudfront.net\/2025\/06\/03203428\/logo_concursos-1.jpg\",\"width\":230,\"height\":60,\"caption\":\"Estrat\u00e9gia Concursos\"},\"image\":{\"@id\":\"https:\/\/www.estrategiaconcursos.com.br\/blog\/#\/schema\/logo\/image\/\"},\"sameAs\":[\"https:\/\/x.com\/EstratConcursos\"]},{\"@type\":\"Person\",\"@id\":\"https:\/\/www.estrategiaconcursos.com.br\/blog\/#\/schema\/person\/b4a388c97673c5f483d72185668afa1f\",\"name\":\"Coordena\u00e7\u00e3o\",\"image\":{\"@type\":\"ImageObject\",\"inLanguage\":\"pt-BR\",\"@id\":\"https:\/\/secure.gravatar.com\/avatar\/b720319e4c9a967eb58678d110f4fe35452fc5d5f97b202bac7b8acceb18c6ad?s=96&d=mm&r=g\",\"url\":\"https:\/\/secure.gravatar.com\/avatar\/b720319e4c9a967eb58678d110f4fe35452fc5d5f97b202bac7b8acceb18c6ad?s=96&d=mm&r=g\",\"contentUrl\":\"https:\/\/secure.gravatar.com\/avatar\/b720319e4c9a967eb58678d110f4fe35452fc5d5f97b202bac7b8acceb18c6ad?s=96&d=mm&r=g\",\"caption\":\"Coordena\u00e7\u00e3o\"},\"sameAs\":[\"https:\/\/www.facebook.com\/EstrategiaConcursos\",\"https:\/\/x.com\/EstratConcursos\"],\"url\":\"https:\/\/www.estrategiaconcursos.com.br\/blog\/author\/estrategia2013\/\"}]}<\/script>\n<!-- \/ Yoast SEO Premium plugin. -->","yoast_head_json":{"title":"Concurso TRT ES: Tribunal suspende certame temporariamente","description":"Concurso TRT ES: Tribunal publica comunicado informando a suspens\u00e2o tempor\u00e1ria do certame em virtude de restri\u00e7\u00f5es or\u00e7ament\u00e1rias.","robots":{"index":"index","follow":"follow","max-snippet":"max-snippet:-1","max-image-preview":"max-image-preview:large","max-video-preview":"max-video-preview:-1"},"canonical":"https:\/\/www.estrategiaconcursos.com.br\/blog\/concurso-trt-es-tribunal-suspende-certame-temporariamente\/","og_locale":"pt_BR","og_type":"article","og_title":"Concurso TRT ES: Tribunal suspende certame temporariamente","og_description":"Concurso TRT ES: Tribunal publica comunicado informando a suspens\u00e2o tempor\u00e1ria do certame em virtude de restri\u00e7\u00f5es or\u00e7ament\u00e1rias.","og_url":"https:\/\/www.estrategiaconcursos.com.br\/blog\/concurso-trt-es-tribunal-suspende-certame-temporariamente\/","og_site_name":"Estrat\u00e9gia Concursos","article_author":"https:\/\/www.facebook.com\/EstrategiaConcursos","article_published_time":"2019-03-26T20:00:55+00:00","article_modified_time":"2019-07-24T15:06:39+00:00","og_image":[{"width":1200,"height":628,"url":"https:\/\/dhg1h5j42swfq.cloudfront.net\/2017\/12\/15165009\/trt-es-4.jpg","type":"image\/jpeg"}],"author":"Coordena\u00e7\u00e3o","twitter_card":"summary_large_image","twitter_creator":"@EstratConcursos","twitter_site":"@EstratConcursos","twitter_misc":{"Escrito por":"Coordena\u00e7\u00e3o","Est. tempo de leitura":"3 minutos"},"schema":{"@context":"https:\/\/schema.org","@graph":[{"@type":"NewsArticle","@id":"https:\/\/www.estrategiaconcursos.com.br\/blog\/concurso-trt-es-tribunal-suspende-certame-temporariamente\/#article","isPartOf":{"@id":"https:\/\/www.estrategiaconcursos.com.br\/blog\/concurso-trt-es-tribunal-suspende-certame-temporariamente\/"},"author":{"name":"Coordena\u00e7\u00e3o","@id":"https:\/\/www.estrategiaconcursos.com.br\/blog\/#\/schema\/person\/b4a388c97673c5f483d72185668afa1f"},"headline":"Concurso TRT ES: Tribunal suspende certame temporariamente","datePublished":"2019-03-26T20:00:55+00:00","dateModified":"2019-07-24T15:06:39+00:00","mainEntityOfPage":{"@id":"https:\/\/www.estrategiaconcursos.com.br\/blog\/concurso-trt-es-tribunal-suspende-certame-temporariamente\/"},"wordCount":562,"commentCount":2,"publisher":{"@id":"https:\/\/www.estrategiaconcursos.com.br\/blog\/#organization"},"image":{"@id":"https:\/\/www.estrategiaconcursos.com.br\/blog\/concurso-trt-es-tribunal-suspende-certame-temporariamente\/#primaryimage"},"thumbnailUrl":"https:\/\/dhg1h5j42swfq.cloudfront.net\/2017\/12\/15165009\/trt-es-4.jpg","articleSection":["Concursos P\u00fablicos"],"inLanguage":"pt-BR","potentialAction":[{"@type":"CommentAction","name":"Comment","target":["https:\/\/www.estrategiaconcursos.com.br\/blog\/concurso-trt-es-tribunal-suspende-certame-temporariamente\/#respond"]}],"copyrightYear":"2019","copyrightHolder":{"@id":"https:\/\/www.estrategiaconcursos.com.br\/blog\/#organization"}},{"@type":"WebPage","@id":"https:\/\/www.estrategiaconcursos.com.br\/blog\/concurso-trt-es-tribunal-suspende-certame-temporariamente\/","url":"https:\/\/www.estrategiaconcursos.com.br\/blog\/concurso-trt-es-tribunal-suspende-certame-temporariamente\/","name":"Concurso TRT ES: Tribunal suspende certame temporariamente","isPartOf":{"@id":"https:\/\/www.estrategiaconcursos.com.br\/blog\/#website"},"primaryImageOfPage":{"@id":"https:\/\/www.estrategiaconcursos.com.br\/blog\/concurso-trt-es-tribunal-suspende-certame-temporariamente\/#primaryimage"},"image":{"@id":"https:\/\/www.estrategiaconcursos.com.br\/blog\/concurso-trt-es-tribunal-suspende-certame-temporariamente\/#primaryimage"},"thumbnailUrl":"https:\/\/dhg1h5j42swfq.cloudfront.net\/2017\/12\/15165009\/trt-es-4.jpg","datePublished":"2019-03-26T20:00:55+00:00","dateModified":"2019-07-24T15:06:39+00:00","description":"Concurso TRT ES: Tribunal publica comunicado informando a suspens\u00e2o tempor\u00e1ria do certame em virtude de restri\u00e7\u00f5es or\u00e7ament\u00e1rias.","breadcrumb":{"@id":"https:\/\/www.estrategiaconcursos.com.br\/blog\/concurso-trt-es-tribunal-suspende-certame-temporariamente\/#breadcrumb"},"inLanguage":"pt-BR","potentialAction":[{"@type":"ReadAction","target":["https:\/\/www.estrategiaconcursos.com.br\/blog\/concurso-trt-es-tribunal-suspende-certame-temporariamente\/"]}]},{"@type":"ImageObject","inLanguage":"pt-BR","@id":"https:\/\/www.estrategiaconcursos.com.br\/blog\/concurso-trt-es-tribunal-suspende-certame-temporariamente\/#primaryimage","url":"https:\/\/dhg1h5j42swfq.cloudfront.net\/2017\/12\/15165009\/trt-es-4.jpg","contentUrl":"https:\/\/dhg1h5j42swfq.cloudfront.net\/2017\/12\/15165009\/trt-es-4.jpg","width":1200,"height":628,"caption":"Concurso TRT ES"},{"@type":"BreadcrumbList","@id":"https:\/\/www.estrategiaconcursos.com.br\/blog\/concurso-trt-es-tribunal-suspende-certame-temporariamente\/#breadcrumb","itemListElement":[{"@type":"ListItem","position":1,"name":"In\u00edcio","item":"https:\/\/www.estrategiaconcursos.com.br\/blog\/"},{"@type":"ListItem","position":2,"name":"Concurso TRT ES: Tribunal suspende certame temporariamente"}]},{"@type":"WebSite","@id":"https:\/\/www.estrategiaconcursos.com.br\/blog\/#website","url":"https:\/\/www.estrategiaconcursos.com.br\/blog\/","name":"Estrat\u00e9gia Concursos","description":"O blog da Estrat\u00e9gia Concursos traz not\u00edcias sobre concursos e artigos de professores oferecendo cursos para concursos (pdf + videaulas) no site.","publisher":{"@id":"https:\/\/www.estrategiaconcursos.com.br\/blog\/#organization"},"potentialAction":[{"@type":"SearchAction","target":{"@type":"EntryPoint","urlTemplate":"https:\/\/www.estrategiaconcursos.com.br\/blog\/?s={search_term_string}"},"query-input":{"@type":"PropertyValueSpecification","valueRequired":true,"valueName":"search_term_string"}}],"inLanguage":"pt-BR"},{"@type":"Organization","@id":"https:\/\/www.estrategiaconcursos.com.br\/blog\/#organization","name":"Estrat\u00e9gia Concursos","url":"https:\/\/www.estrategiaconcursos.com.br\/blog\/","logo":{"@type":"ImageObject","inLanguage":"pt-BR","@id":"https:\/\/www.estrategiaconcursos.com.br\/blog\/#\/schema\/logo\/image\/","url":"https:\/\/dhg1h5j42swfq.cloudfront.net\/2025\/06\/03203428\/logo_concursos-1.jpg","contentUrl":"https:\/\/dhg1h5j42swfq.cloudfront.net\/2025\/06\/03203428\/logo_concursos-1.jpg","width":230,"height":60,"caption":"Estrat\u00e9gia Concursos"},"image":{"@id":"https:\/\/www.estrategiaconcursos.com.br\/blog\/#\/schema\/logo\/image\/"},"sameAs":["https:\/\/x.com\/EstratConcursos"]},{"@type":"Person","@id":"https:\/\/www.estrategiaconcursos.com.br\/blog\/#\/schema\/person\/b4a388c97673c5f483d72185668afa1f","name":"Coordena\u00e7\u00e3o","image":{"@type":"ImageObject","inLanguage":"pt-BR","@id":"https:\/\/secure.gravatar.com\/avatar\/b720319e4c9a967eb58678d110f4fe35452fc5d5f97b202bac7b8acceb18c6ad?s=96&d=mm&r=g","url":"https:\/\/secure.gravatar.com\/avatar\/b720319e4c9a967eb58678d110f4fe35452fc5d5f97b202bac7b8acceb18c6ad?s=96&d=mm&r=g","contentUrl":"https:\/\/secure.gravatar.com\/avatar\/b720319e4c9a967eb58678d110f4fe35452fc5d5f97b202bac7b8acceb18c6ad?s=96&d=mm&r=g","caption":"Coordena\u00e7\u00e3o"},"sameAs":["https:\/\/www.facebook.com\/EstrategiaConcursos","https:\/\/x.com\/EstratConcursos"],"url":"https:\/\/www.estrategiaconcursos.com.br\/blog\/author\/estrategia2013\/"}]}},"_links":{"self":[{"href":"https:\/\/www.estrategiaconcursos.com.br\/blog\/wp-json\/wp\/v2\/posts\/174341","targetHints":{"allow":["GET"]}}],"collection":[{"href":"https:\/\/www.estrategiaconcursos.com.br\/blog\/wp-json\/wp\/v2\/posts"}],"about":[{"href":"https:\/\/www.estrategiaconcursos.com.br\/blog\/wp-json\/wp\/v2\/types\/post"}],"author":[{"embeddable":true,"href":"https:\/\/www.estrategiaconcursos.com.br\/blog\/wp-json\/wp\/v2\/users\/1"}],"replies":[{"embeddable":true,"href":"https:\/\/www.estrategiaconcursos.com.br\/blog\/wp-json\/wp\/v2\/comments?post=174341"}],"version-history":[{"count":3,"href":"https:\/\/www.estrategiaconcursos.com.br\/blog\/wp-json\/wp\/v2\/posts\/174341\/revisions"}],"predecessor-version":[{"id":402259,"href":"https:\/\/www.estrategiaconcursos.com.br\/blog\/wp-json\/wp\/v2\/posts\/174341\/revisions\/402259"}],"wp:featuredmedia":[{"embeddable":true,"href":"https:\/\/www.estrategiaconcursos.com.br\/blog\/wp-json\/wp\/v2\/media\/99059"}],"wp:attachment":[{"href":"https:\/\/www.estrategiaconcursos.com.br\/blog\/wp-json\/wp\/v2\/media?parent=174341"}],"wp:term":[{"taxonomy":"category","embeddable":true,"href":"https:\/\/www.estrategiaconcursos.com.br\/blog\/wp-json\/wp\/v2\/categories?post=174341"},{"taxonomy":"post_tag","embeddable":true,"href":"https:\/\/www.estrategiaconcursos.com.br\/blog\/wp-json\/wp\/v2\/tags?post=174341"},{"taxonomy":"tax_estado","embeddable":true,"href":"https:\/\/www.estrategiaconcursos.com.br\/blog\/wp-json\/wp\/v2\/tax_estado?post=174341"}],"curies":[{"name":"wp","href":"https:\/\/api.w.org\/{rel}","templated":true}]}}