{"id":1740306,"date":"2026-03-19T19:08:02","date_gmt":"2026-03-19T22:08:02","guid":{"rendered":"https:\/\/blog-estrategia.mystagingwebsite.com\/blog\/?p=1740306"},"modified":"2026-08-28T08:01:35","modified_gmt":"2026-08-28T11:01:35","slug":"concurso-prefeitura-perdoes","status":"publish","type":"post","link":"https:\/\/www.estrategiaconcursos.com.br\/blog\/concurso-prefeitura-perdoes\/","title":{"rendered":"Concurso Perd\u00f5es MG: inscri\u00e7\u00f5es at\u00e9 31\/08\/2026"},"content":{"rendered":"\n<p class=\"wp-block-paragraph\" style=\"font-size:clamp(16.293px, 1.018rem + ((1vw - 3.2px) * 0.854), 25px);font-style:italic;font-weight:700\">A Prefeitura de Perd\u00f5es est\u00e1 com inscri\u00e7\u00f5es abertas em tr\u00eas processos seletivos para assist\u00eancia social e medicina.<\/p>\n\n\n\n<p class=\"wp-block-paragraph\">As publica\u00e7\u00f5es da Prefeitura de Perd\u00f5es entre 2023 e 2026 abrangeram sa\u00fade, assist\u00eancia social, fiscaliza\u00e7\u00e3o, controle interno, servi\u00e7os operacionais e est\u00e1gios. Nesse intervalo, a administra\u00e7\u00e3o publicou processos seletivos em anos consecutivos, al\u00e9m do concurso p\u00fablico municipal de 2023.<\/p>\n\n\n\n<p class=\"wp-block-paragraph\">As oportunidades alcan\u00e7aram desde fun\u00e7\u00f5es de n\u00edvel fundamental at\u00e9 postos que exigiam forma\u00e7\u00e3o superior. A sa\u00fade apareceu de forma recorrente, especialmente em sele\u00e7\u00f5es para m\u00e9dicos e profissionais ligados \u00e0 aten\u00e7\u00e3o comunit\u00e1ria.<\/p>\n\n\n\n<ul class=\"wp-block-list has-very-light-gray-to-cyan-bluish-gray-gradient-background has-background\">\n<li><strong>Status:<\/strong> inscri\u00e7\u00f5es abertas at\u00e9 31\/08\/2026<\/li>\n<li><strong>\u00daltimo edital:<\/strong> 2026 (processo seletivo)<\/li>\n<li><strong>Vagas:<\/strong> 3<\/li>\n<li><strong>Remunera\u00e7\u00e3o:<\/strong> de R$ 3.140,02 a R$ 3.532,56<\/li>\n<li><strong>Escolaridade:<\/strong> n\u00edvel superior<\/li>\n<\/ul>\n\n\n\n<h2 class=\"wp-block-heading\" id=\"situacao-atual\">Situa\u00e7\u00e3o atual do concurso em Perd\u00f5es<\/h2>\n\n\n\n<p class=\"wp-block-paragraph\">O prazo termina em 31 de agosto de 2026. As oportunidades s\u00e3o para Assistente Social do CREAS, M\u00e9dico Cl\u00ednico Geral e M\u00e9dico Psiquiatra do CERSAM, com uma vaga e cadastro de reserva em cada fun\u00e7\u00e3o.<\/p>\n\n\n\n<p class=\"wp-block-paragraph\">Os tr\u00eas processos destinam-se a profissionais de n\u00edvel superior. As remunera\u00e7\u00f5es variam de R$ 3.140,02 a R$ 3.532,56.<\/p>\n\n\n\n<p class=\"wp-block-paragraph\">Depois das inscri\u00e7\u00f5es, os processos preveem somente an\u00e1lise curricular como forma de sele\u00e7\u00e3o, sem prova objetiva ou discursiva.<\/p>\n\n\n\n<ul class=\"wp-block-list\">\n<li><strong>Inscri\u00e7\u00f5es abertas at\u00e9 31\/08\/2026<\/strong><\/li>\n<\/ul>\n\n\n\n<ul class=\"wp-block-list\">\n<li>Assistente Social<\/li>\n\n\n\n<li>M\u00e9dico Cl\u00ednico Geral<\/li>\n\n\n\n<li>M\u00e9dico Psiquiatra<\/li>\n\n\n\n<li>Assistente Social CREAS<\/li>\n\n\n\n<li>M\u00e9dico Psiquiatra CERSAM<\/li>\n<\/ul>\n\n\n\n<h2 class=\"wp-block-heading\" id=\"ultimo-concurso\">\u00daltimo processo seletivo em Perd\u00f5es<\/h2>\n\n\n\n<p class=\"wp-block-paragraph\">O certame anterior foi um processo seletivo municipal aberto em 6 de julho de 2026, direcionado a candidato de n\u00edvel fundamental.<\/p>\n\n\n\n<h2 class=\"wp-block-heading\" id=\"historico\">Hist\u00f3rico de concursos em Perd\u00f5es<\/h2>\n\n\n\n<p class=\"wp-block-paragraph\">Em 2026, a prefeitura abriu um processo seletivo para Coveiro, com uma vaga e remunera\u00e7\u00e3o de R$ 1.699,37. Tamb\u00e9m houve sele\u00e7\u00e3o para M\u00e9dico de PSF e M\u00e9dico Psiquiatra. Outra publica\u00e7\u00e3o reuniu quatro oportunidades para fun\u00e7\u00f5es de n\u00edveis fundamental, m\u00e9dio, t\u00e9cnico e superior, com remunera\u00e7\u00e3o de at\u00e9 R$ 15.579,81, enquanto o processo para Controlador Interno ofereceu uma vaga e R$ 4.186,63.<\/p>\n\n\n\n<p class=\"wp-block-paragraph\">Em 2025, as sele\u00e7\u00f5es alcan\u00e7aram fiscaliza\u00e7\u00e3o, assist\u00eancia social, sa\u00fade e produ\u00e7\u00e3o de alimentos. Foram oferecidas duas vagas para Fiscal de Obras e Fiscal de Posturas; quatro para Assistente Social do CRAS, Psic\u00f3logo e Nutricionista; uma para M\u00e9dico Veterin\u00e1rio; dez para Agente Comunit\u00e1rio; e duas para M\u00e9dico PSF. A remunera\u00e7\u00e3o para M\u00e9dico PSF era de R$ 14.199,40, enquanto Operador de Vaca Mec\u00e2nica, Padeiro e Auxiliar de Panifica\u00e7\u00e3o recebiam R$ 1.591,32.<\/p>\n\n\n\n<p class=\"wp-block-paragraph\">Em 2024, um processo seletivo da prefeitura abriu 21 vagas de n\u00edveis m\u00e9dio e superior, com remunera\u00e7\u00e3o de at\u00e9 R$ 13.917,01. Outro edital de n\u00edvel m\u00e9dio ofereceu R$ 2.824,00, e uma sele\u00e7\u00e3o para M\u00e9dico PSF teve uma vaga e sal\u00e1rio de R$ 14.199,40. Tamb\u00e9m foram publicados processos para tr\u00eas estagi\u00e1rios de Direito, cinco estudantes de n\u00edvel superior e 20 de Pedagogia, com valores de R$ 500,00 ou R$ 600,00 conforme a sele\u00e7\u00e3o.<\/p>\n\n\n\n<h2 class=\"wp-block-heading\" id=\"linha-do-tempo\">Linha do tempo<\/h2>\n\n\n\n<ul class=\"wp-block-list\">\n<li><strong>2026:<\/strong> Processos seletivos municipais inclu\u00edram assist\u00eancia social, medicina, controle interno e servi\u00e7o operacional.<\/li>\n\n\n\n<li><strong>2025:<\/strong> A prefeitura publicou sele\u00e7\u00f5es para fiscaliza\u00e7\u00e3o, assist\u00eancia social, nutri\u00e7\u00e3o, medicina, sa\u00fade animal, trabalho comunit\u00e1rio e produ\u00e7\u00e3o de alimentos.<\/li>\n\n\n\n<li><strong>2024:<\/strong> Processos seletivos da prefeitura abrangeram postos de n\u00edveis m\u00e9dio e superior, M\u00e9dico PSF e est\u00e1gios em Direito, Pedagogia e outras gradua\u00e7\u00f5es.<\/li>\n\n\n\n<li><strong>2023:<\/strong> A prefeitura retificou o concurso p\u00fablico e tamb\u00e9m abriu sele\u00e7\u00f5es para sa\u00fade e est\u00e1gios de Direito, Educa\u00e7\u00e3o F\u00edsica, Pedagogia e outras \u00e1reas de n\u00edvel superior.<\/li>\n<\/ul>\n\n\n\n<h2 class=\"wp-block-heading has-text-align-center\" id=\"mapa-regiao\">Veja Concursos Abertos na mesma regi\u00e3o<\/h2>\n\n\n\n<iframe\n  src=\"https:\/\/www.estrategiaconcursos.com.br\/blog\/mapa-concursos\/embed?situacoes=Inscri%C3%A7%C3%B5es%20abertas&amp;estado=MG\"\n  width=\"100%\"\n  height=\"400\"\n  style=\"border: none; display: block;\"\n  title=\"Mapa de Concursos P\u00fablicos em Minas Gerais\"\n  loading=\"lazy\"><\/iframe>\n\n\n\n<h2 class=\"wp-block-heading has-text-align-center\" id=\"cursos\">Quer saber tudo sobre concursos previstos?<br \/>Confira nossos artigos!<\/h2>\n\n\n\n<ul class=\"wp-block-list\">\n<li><a href=\"https:\/\/www.estrategiaconcursos.com.br\/blog\/concursos-abertos\/\" target=\"_blank\" rel=\"noreferrer noopener\">Concursos Abertos<\/a><\/li>\n<li><a href=\"https:\/\/www.estrategiaconcursos.com.br\/blog\/concursos-2026\/\" target=\"_blank\" rel=\"noreferrer noopener\">Concursos 2026<\/a><\/li>\n<li><a href=\"https:\/\/www.estrategiaconcursos.com.br\/blog\/concursos-minas-gerais\/\" target=\"_blank\" rel=\"noreferrer noopener\">Concursos Minas Gerais<\/a><\/li>\n<\/ul>\n\n\n\n<div class=\"estrategia\" id=\"box-assinatura\">\n  <h3 class=\"titulo-assinatura\">Assinatura Concursos<\/h3>\n  <p class=\"subtitulo-assinatura\">Assinatura de 1 ano ou 2 anos<\/p>\n  <div class=\"box-botao\">\n    <a class=\"btn-assinatura\" target=\"_blank\" href=\"https:\/\/www.estrategiaconcursos.com.br\/assinaturas\/\" role=\"button\" rel=\"noopener noreferrer\">ASSINE AGORA<\/a>\n  <\/div>\n<\/div>\n\n\n\n<h3 class=\"wp-block-heading\" id=\"ficha\">Informa\u00e7\u00f5es do \u00faltimo processo seletivo<\/h3>\n\n\n\n<ul class=\"wp-block-list\">\n<li><strong>\u00d3rg\u00e3o:<\/strong> Prefeitura de Perd\u00f5es (MG)<\/li>\n\n\n\n<li><strong>Ano:<\/strong> 2026<\/li>\n\n\n\n<li><strong>Tipo:<\/strong> processo seletivo<\/li>\n\n\n\n<li><strong>Cargos:<\/strong> Assistente Social, M\u00e9dico Cl\u00ednico Geral, M\u00e9dico Psiquiatra, Assistente Social CREAS, M\u00e9dico Psiquiatra CERSAM<\/li>\n\n\n\n<li><strong>Vagas:<\/strong> 3<\/li>\n\n\n\n<li><strong>Escolaridade:<\/strong> n\u00edvel superior<\/li>\n\n\n\n<li><strong>Remunera\u00e7\u00e3o:<\/strong> de R$ 3.140,02 a R$ 3.532,56<\/li>\n\n\n\n<li><strong>Situa\u00e7\u00e3o:<\/strong> inscri\u00e7\u00f5es abertas at\u00e9 31\/08\/2026<\/li>\n<\/ul>\n\n\n\n<div class=\"container\" id=\"boxes\">\n  <div class=\"row\">\n    <div class=\"col-sm\">\n      <div class=\"banner-prefeituras-ec\" id=\"box-assinatura\">\n        <h2 class=\"titulo-assinatura\" style=\"text-align: left;\">Concursos Prefeituras<\/h2>\n        <p class=\"subtitulo-assinatura\" style=\"text-align: left;\">Prepara\u00e7\u00e3o completa para a carreira!<\/p>\n        <div class=\"box-botao\" style=\"text-align: left;\">\n          <a class=\"btn-assinatura\" target=\"_blank\" href=\"https:\/\/www.estrategiaconcursos.com.br\/pesquisa\/?q=prefeitura+perdoes\" role=\"button\" rel=\"noopener noreferrer\">EXPLORAR CURSOS<\/a>\n        <\/div>\n      <\/div>\n    <\/div>\n  <\/div>\n<\/div>\n\n","protected":false},"excerpt":{"rendered":"<p>A Prefeitura de Perd\u00f5es est\u00e1 com inscri\u00e7\u00f5es abertas em tr\u00eas processos seletivos para assist\u00eancia social e medicina. As publica\u00e7\u00f5es da Prefeitura de Perd\u00f5es entre 2023 e 2026 abrangeram sa\u00fade, assist\u00eancia social, fiscaliza\u00e7\u00e3o, controle interno, servi\u00e7os operacionais e est\u00e1gios. Nesse intervalo, a administra\u00e7\u00e3o publicou processos seletivos em anos consecutivos, al\u00e9m do concurso p\u00fablico municipal de 2023. [&hellip;]<\/p>\n","protected":false},"author":344,"featured_media":1540739,"comment_status":"open","ping_status":"closed","sticky":false,"template":"","format":"standard","meta":{"_acf_changed":false,"post_tipo":"news_page","footnotes":""},"categories":[222278],"tags":[],"tax_estado":[219973],"class_list":["post-1740306","post","type-post","status-publish","format-standard","has-post-thumbnail","hentry","category-prefeituras","tax_estado-ma"],"acf":[],"yoast_head":"<!-- This site is optimized with the Yoast SEO Premium plugin v28.1 (Yoast SEO v28.1) - https:\/\/yoast.com\/product\/yoast-seo-premium-wordpress\/ -->\n<title>Concurso Perd\u00f5es MG: inscri\u00e7\u00f5es at\u00e9 31\/08\/2026<\/title>\n<meta name=\"description\" content=\"Concurso Perd\u00f5es MG: inscri\u00e7\u00f5es abertas at\u00e9 31 de agosto de 2026 para 3 vagas de n\u00edvel superior, com sal\u00e1rios de at\u00e9 R$ 3.532,56.\" \/>\n<meta name=\"robots\" content=\"index, follow, max-snippet:-1, max-image-preview:large, max-video-preview:-1\" \/>\n<link rel=\"canonical\" href=\"https:\/\/www.estrategiaconcursos.com.br\/blog\/concurso-prefeitura-perdoes\/\" \/>\n<meta property=\"og:locale\" content=\"pt_BR\" \/>\n<meta property=\"og:type\" content=\"article\" \/>\n<meta property=\"og:title\" content=\"Concurso Perd\u00f5es MG: inscri\u00e7\u00f5es at\u00e9 31\/08\/2026\" \/>\n<meta property=\"og:description\" content=\"Concurso Perd\u00f5es MG: inscri\u00e7\u00f5es abertas at\u00e9 31 de agosto de 2026 para 3 vagas de n\u00edvel superior, com sal\u00e1rios de at\u00e9 R$ 3.532,56.\" \/>\n<meta property=\"og:url\" content=\"https:\/\/www.estrategiaconcursos.com.br\/blog\/concurso-prefeitura-perdoes\/\" \/>\n<meta property=\"og:site_name\" content=\"Estrat\u00e9gia Concursos\" \/>\n<meta property=\"article:author\" content=\"https:\/\/www.facebook.com\/coachluiseduardo\/\" \/>\n<meta property=\"article:published_time\" content=\"2026-03-19T22:08:02+00:00\" \/>\n<meta property=\"article:modified_time\" content=\"2026-08-28T11:01:35+00:00\" \/>\n<meta property=\"og:image\" content=\"https:\/\/dhg1h5j42swfq.cloudfront.net\/2025\/03\/05201612\/concursos-prefeituras-1024x536-1.jpg\" \/>\n\t<meta property=\"og:image:width\" content=\"1024\" \/>\n\t<meta property=\"og:image:height\" content=\"536\" \/>\n\t<meta property=\"og:image:type\" content=\"image\/jpeg\" \/>\n<meta name=\"author\" content=\"Luis Eduardo\" \/>\n<meta name=\"twitter:card\" content=\"summary_large_image\" \/>\n<meta name=\"twitter:creator\" content=\"@EstratConcursos\" \/>\n<meta name=\"twitter:site\" content=\"@EstratConcursos\" \/>\n<meta name=\"twitter:label1\" content=\"Escrito por\" \/>\n\t<meta name=\"twitter:data1\" content=\"Luis Eduardo\" \/>\n\t<meta name=\"twitter:label2\" content=\"Est. tempo de leitura\" \/>\n\t<meta name=\"twitter:data2\" content=\"3 minutos\" \/>\n<script type=\"application\/ld+json\" class=\"yoast-schema-graph\">{\"@context\":\"https:\\\/\\\/schema.org\",\"@graph\":[{\"@type\":\"NewsArticle\",\"@id\":\"https:\\\/\\\/www.estrategiaconcursos.com.br\\\/blog\\\/concurso-prefeitura-perdoes\\\/#article\",\"isPartOf\":{\"@id\":\"https:\\\/\\\/www.estrategiaconcursos.com.br\\\/blog\\\/concurso-prefeitura-perdoes\\\/\"},\"author\":{\"name\":\"Luis Eduardo\",\"@id\":\"https:\\\/\\\/blog-estrategia.mystagingwebsite.com\\\/#\\\/schema\\\/person\\\/0906ff564105056f3b05978d503ee214\"},\"headline\":\"Concurso Perd\u00f5es MG: inscri\u00e7\u00f5es at\u00e9 31\\\/08\\\/2026\",\"datePublished\":\"2026-03-19T22:08:02+00:00\",\"dateModified\":\"2026-08-28T11:01:35+00:00\",\"mainEntityOfPage\":{\"@id\":\"https:\\\/\\\/www.estrategiaconcursos.com.br\\\/blog\\\/concurso-prefeitura-perdoes\\\/\"},\"wordCount\":692,\"commentCount\":0,\"publisher\":{\"@id\":\"https:\\\/\\\/blog-estrategia.mystagingwebsite.com\\\/#organization\"},\"image\":{\"@id\":\"https:\\\/\\\/www.estrategiaconcursos.com.br\\\/blog\\\/concurso-prefeitura-perdoes\\\/#primaryimage\"},\"thumbnailUrl\":\"https:\\\/\\\/dhg1h5j42swfq.cloudfront.net\\\/2025\\\/03\\\/05201612\\\/concursos-prefeituras-1024x536-1.jpg\",\"articleSection\":[\"Prefeituras\"],\"inLanguage\":\"pt-BR\",\"potentialAction\":[{\"@type\":\"CommentAction\",\"name\":\"Comment\",\"target\":[\"https:\\\/\\\/www.estrategiaconcursos.com.br\\\/blog\\\/concurso-prefeitura-perdoes\\\/#respond\"]}],\"copyrightYear\":\"2026\",\"copyrightHolder\":{\"@id\":\"https:\\\/\\\/www.estrategiaconcursos.com.br\\\/blog\\\/#organization\"}},{\"@type\":\"WebPage\",\"@id\":\"https:\\\/\\\/www.estrategiaconcursos.com.br\\\/blog\\\/concurso-prefeitura-perdoes\\\/\",\"url\":\"https:\\\/\\\/www.estrategiaconcursos.com.br\\\/blog\\\/concurso-prefeitura-perdoes\\\/\",\"name\":\"Concurso Perd\u00f5es MG: inscri\u00e7\u00f5es at\u00e9 31\\\/08\\\/2026\",\"isPartOf\":{\"@id\":\"https:\\\/\\\/blog-estrategia.mystagingwebsite.com\\\/#website\"},\"primaryImageOfPage\":{\"@id\":\"https:\\\/\\\/www.estrategiaconcursos.com.br\\\/blog\\\/concurso-prefeitura-perdoes\\\/#primaryimage\"},\"image\":{\"@id\":\"https:\\\/\\\/www.estrategiaconcursos.com.br\\\/blog\\\/concurso-prefeitura-perdoes\\\/#primaryimage\"},\"thumbnailUrl\":\"https:\\\/\\\/dhg1h5j42swfq.cloudfront.net\\\/2025\\\/03\\\/05201612\\\/concursos-prefeituras-1024x536-1.jpg\",\"datePublished\":\"2026-03-19T22:08:02+00:00\",\"dateModified\":\"2026-08-28T11:01:35+00:00\",\"description\":\"Concurso Perd\u00f5es MG: inscri\u00e7\u00f5es abertas at\u00e9 31 de agosto de 2026 para 3 vagas de n\u00edvel superior, com sal\u00e1rios de at\u00e9 R$ 3.532,56.\",\"breadcrumb\":{\"@id\":\"https:\\\/\\\/www.estrategiaconcursos.com.br\\\/blog\\\/concurso-prefeitura-perdoes\\\/#breadcrumb\"},\"inLanguage\":\"pt-BR\",\"potentialAction\":[{\"@type\":\"ReadAction\",\"target\":[\"https:\\\/\\\/www.estrategiaconcursos.com.br\\\/blog\\\/concurso-prefeitura-perdoes\\\/\"]}]},{\"@type\":\"ImageObject\",\"inLanguage\":\"pt-BR\",\"@id\":\"https:\\\/\\\/www.estrategiaconcursos.com.br\\\/blog\\\/concurso-prefeitura-perdoes\\\/#primaryimage\",\"url\":\"https:\\\/\\\/dhg1h5j42swfq.cloudfront.net\\\/2025\\\/03\\\/05201612\\\/concursos-prefeituras-1024x536-1.jpg\",\"contentUrl\":\"https:\\\/\\\/dhg1h5j42swfq.cloudfront.net\\\/2025\\\/03\\\/05201612\\\/concursos-prefeituras-1024x536-1.jpg\",\"width\":1024,\"height\":536,\"caption\":\"Concursos prefeituras\"},{\"@type\":\"BreadcrumbList\",\"@id\":\"https:\\\/\\\/www.estrategiaconcursos.com.br\\\/blog\\\/concurso-prefeitura-perdoes\\\/#breadcrumb\",\"itemListElement\":[{\"@type\":\"ListItem\",\"position\":1,\"name\":\"In\u00edcio\",\"item\":\"https:\\\/\\\/blog-estrategia.mystagingwebsite.com\\\/\"},{\"@type\":\"ListItem\",\"position\":2,\"name\":\"Concurso Perd\u00f5es MG: inscri\u00e7\u00f5es at\u00e9 31\\\/08\\\/2026\"}]},{\"@type\":\"WebSite\",\"@id\":\"https:\\\/\\\/blog-estrategia.mystagingwebsite.com\\\/#website\",\"url\":\"https:\\\/\\\/blog-estrategia.mystagingwebsite.com\\\/\",\"name\":\"Estrat\u00e9gia Concursos\",\"description\":\"O blog da Estrat\u00e9gia Concursos traz not\u00edcias sobre concursos e artigos de professores oferecendo cursos para concursos (pdf + videaulas) no site.\",\"publisher\":{\"@id\":\"https:\\\/\\\/blog-estrategia.mystagingwebsite.com\\\/#organization\"},\"potentialAction\":[{\"@type\":\"SearchAction\",\"target\":{\"@type\":\"EntryPoint\",\"urlTemplate\":\"https:\\\/\\\/blog-estrategia.mystagingwebsite.com\\\/?s={search_term_string}\"},\"query-input\":{\"@type\":\"PropertyValueSpecification\",\"valueRequired\":true,\"valueName\":\"search_term_string\"}}],\"inLanguage\":\"pt-BR\"},{\"@type\":\"Organization\",\"@id\":\"https:\\\/\\\/blog-estrategia.mystagingwebsite.com\\\/#organization\",\"name\":\"Estrat\u00e9gia Concursos\",\"url\":\"https:\\\/\\\/blog-estrategia.mystagingwebsite.com\\\/\",\"logo\":{\"@type\":\"ImageObject\",\"inLanguage\":\"pt-BR\",\"@id\":\"https:\\\/\\\/blog-estrategia.mystagingwebsite.com\\\/#\\\/schema\\\/logo\\\/image\\\/\",\"url\":\"https:\\\/\\\/dhg1h5j42swfq.cloudfront.net\\\/2025\\\/06\\\/03203428\\\/logo_concursos-1.jpg\",\"contentUrl\":\"https:\\\/\\\/dhg1h5j42swfq.cloudfront.net\\\/2025\\\/06\\\/03203428\\\/logo_concursos-1.jpg\",\"width\":230,\"height\":60,\"caption\":\"Estrat\u00e9gia Concursos\"},\"image\":{\"@id\":\"https:\\\/\\\/blog-estrategia.mystagingwebsite.com\\\/#\\\/schema\\\/logo\\\/image\\\/\"},\"sameAs\":[\"https:\\\/\\\/x.com\\\/EstratConcursos\"]},{\"@type\":\"Person\",\"@id\":\"https:\\\/\\\/blog-estrategia.mystagingwebsite.com\\\/#\\\/schema\\\/person\\\/0906ff564105056f3b05978d503ee214\",\"name\":\"Luis Eduardo\",\"image\":{\"@type\":\"ImageObject\",\"inLanguage\":\"pt-BR\",\"@id\":\"https:\\\/\\\/secure.gravatar.com\\\/avatar\\\/3ce09d3c01f86018c4f3b15b9e6389f2ac325bc19863fdb79cd37fefb38517d1?s=96&d=mm&r=g\",\"url\":\"https:\\\/\\\/secure.gravatar.com\\\/avatar\\\/3ce09d3c01f86018c4f3b15b9e6389f2ac325bc19863fdb79cd37fefb38517d1?s=96&d=mm&r=g\",\"contentUrl\":\"https:\\\/\\\/secure.gravatar.com\\\/avatar\\\/3ce09d3c01f86018c4f3b15b9e6389f2ac325bc19863fdb79cd37fefb38517d1?s=96&d=mm&r=g\",\"caption\":\"Luis Eduardo\"},\"sameAs\":[\"https:\\\/\\\/www.facebook.com\\\/coachluiseduardo\\\/\"],\"url\":\"https:\\\/\\\/www.estrategiaconcursos.com.br\\\/blog\\\/author\\\/luiseduardoestrategiaconcursos-com-br\\\/\"}]}<\/script>\n<!-- \/ Yoast SEO Premium plugin. -->","yoast_head_json":{"title":"Concurso Perd\u00f5es MG: inscri\u00e7\u00f5es at\u00e9 31\/08\/2026","description":"Concurso Perd\u00f5es MG: inscri\u00e7\u00f5es abertas at\u00e9 31 de agosto de 2026 para 3 vagas de n\u00edvel superior, com sal\u00e1rios de at\u00e9 R$ 3.532,56.","robots":{"index":"index","follow":"follow","max-snippet":"max-snippet:-1","max-image-preview":"max-image-preview:large","max-video-preview":"max-video-preview:-1"},"canonical":"https:\/\/www.estrategiaconcursos.com.br\/blog\/concurso-prefeitura-perdoes\/","og_locale":"pt_BR","og_type":"article","og_title":"Concurso Perd\u00f5es MG: inscri\u00e7\u00f5es at\u00e9 31\/08\/2026","og_description":"Concurso Perd\u00f5es MG: inscri\u00e7\u00f5es abertas at\u00e9 31 de agosto de 2026 para 3 vagas de n\u00edvel superior, com sal\u00e1rios de at\u00e9 R$ 3.532,56.","og_url":"https:\/\/www.estrategiaconcursos.com.br\/blog\/concurso-prefeitura-perdoes\/","og_site_name":"Estrat\u00e9gia Concursos","article_author":"https:\/\/www.facebook.com\/coachluiseduardo\/","article_published_time":"2026-03-19T22:08:02+00:00","article_modified_time":"2026-08-28T11:01:35+00:00","og_image":[{"width":1024,"height":536,"url":"https:\/\/dhg1h5j42swfq.cloudfront.net\/2025\/03\/05201612\/concursos-prefeituras-1024x536-1.jpg","type":"image\/jpeg"}],"author":"Luis Eduardo","twitter_card":"summary_large_image","twitter_creator":"@EstratConcursos","twitter_site":"@EstratConcursos","twitter_misc":{"Escrito por":"Luis Eduardo","Est. tempo de leitura":"3 minutos"},"schema":{"@context":"https:\/\/schema.org","@graph":[{"@type":"NewsArticle","@id":"https:\/\/www.estrategiaconcursos.com.br\/blog\/concurso-prefeitura-perdoes\/#article","isPartOf":{"@id":"https:\/\/www.estrategiaconcursos.com.br\/blog\/concurso-prefeitura-perdoes\/"},"author":{"name":"Luis Eduardo","@id":"https:\/\/blog-estrategia.mystagingwebsite.com\/#\/schema\/person\/0906ff564105056f3b05978d503ee214"},"headline":"Concurso Perd\u00f5es MG: inscri\u00e7\u00f5es at\u00e9 31\/08\/2026","datePublished":"2026-03-19T22:08:02+00:00","dateModified":"2026-08-28T11:01:35+00:00","mainEntityOfPage":{"@id":"https:\/\/www.estrategiaconcursos.com.br\/blog\/concurso-prefeitura-perdoes\/"},"wordCount":692,"commentCount":0,"publisher":{"@id":"https:\/\/blog-estrategia.mystagingwebsite.com\/#organization"},"image":{"@id":"https:\/\/www.estrategiaconcursos.com.br\/blog\/concurso-prefeitura-perdoes\/#primaryimage"},"thumbnailUrl":"https:\/\/dhg1h5j42swfq.cloudfront.net\/2025\/03\/05201612\/concursos-prefeituras-1024x536-1.jpg","articleSection":["Prefeituras"],"inLanguage":"pt-BR","potentialAction":[{"@type":"CommentAction","name":"Comment","target":["https:\/\/www.estrategiaconcursos.com.br\/blog\/concurso-prefeitura-perdoes\/#respond"]}],"copyrightYear":"2026","copyrightHolder":{"@id":"https:\/\/www.estrategiaconcursos.com.br\/blog\/#organization"}},{"@type":"WebPage","@id":"https:\/\/www.estrategiaconcursos.com.br\/blog\/concurso-prefeitura-perdoes\/","url":"https:\/\/www.estrategiaconcursos.com.br\/blog\/concurso-prefeitura-perdoes\/","name":"Concurso Perd\u00f5es MG: inscri\u00e7\u00f5es at\u00e9 31\/08\/2026","isPartOf":{"@id":"https:\/\/blog-estrategia.mystagingwebsite.com\/#website"},"primaryImageOfPage":{"@id":"https:\/\/www.estrategiaconcursos.com.br\/blog\/concurso-prefeitura-perdoes\/#primaryimage"},"image":{"@id":"https:\/\/www.estrategiaconcursos.com.br\/blog\/concurso-prefeitura-perdoes\/#primaryimage"},"thumbnailUrl":"https:\/\/dhg1h5j42swfq.cloudfront.net\/2025\/03\/05201612\/concursos-prefeituras-1024x536-1.jpg","datePublished":"2026-03-19T22:08:02+00:00","dateModified":"2026-08-28T11:01:35+00:00","description":"Concurso Perd\u00f5es MG: inscri\u00e7\u00f5es abertas at\u00e9 31 de agosto de 2026 para 3 vagas de n\u00edvel superior, com sal\u00e1rios de at\u00e9 R$ 3.532,56.","breadcrumb":{"@id":"https:\/\/www.estrategiaconcursos.com.br\/blog\/concurso-prefeitura-perdoes\/#breadcrumb"},"inLanguage":"pt-BR","potentialAction":[{"@type":"ReadAction","target":["https:\/\/www.estrategiaconcursos.com.br\/blog\/concurso-prefeitura-perdoes\/"]}]},{"@type":"ImageObject","inLanguage":"pt-BR","@id":"https:\/\/www.estrategiaconcursos.com.br\/blog\/concurso-prefeitura-perdoes\/#primaryimage","url":"https:\/\/dhg1h5j42swfq.cloudfront.net\/2025\/03\/05201612\/concursos-prefeituras-1024x536-1.jpg","contentUrl":"https:\/\/dhg1h5j42swfq.cloudfront.net\/2025\/03\/05201612\/concursos-prefeituras-1024x536-1.jpg","width":1024,"height":536,"caption":"Concursos prefeituras"},{"@type":"BreadcrumbList","@id":"https:\/\/www.estrategiaconcursos.com.br\/blog\/concurso-prefeitura-perdoes\/#breadcrumb","itemListElement":[{"@type":"ListItem","position":1,"name":"In\u00edcio","item":"https:\/\/blog-estrategia.mystagingwebsite.com\/"},{"@type":"ListItem","position":2,"name":"Concurso Perd\u00f5es MG: inscri\u00e7\u00f5es at\u00e9 31\/08\/2026"}]},{"@type":"WebSite","@id":"https:\/\/blog-estrategia.mystagingwebsite.com\/#website","url":"https:\/\/blog-estrategia.mystagingwebsite.com\/","name":"Estrat\u00e9gia Concursos","description":"O blog da Estrat\u00e9gia Concursos traz not\u00edcias sobre concursos e artigos de professores oferecendo cursos para concursos (pdf + videaulas) no site.","publisher":{"@id":"https:\/\/blog-estrategia.mystagingwebsite.com\/#organization"},"potentialAction":[{"@type":"SearchAction","target":{"@type":"EntryPoint","urlTemplate":"https:\/\/blog-estrategia.mystagingwebsite.com\/?s={search_term_string}"},"query-input":{"@type":"PropertyValueSpecification","valueRequired":true,"valueName":"search_term_string"}}],"inLanguage":"pt-BR"},{"@type":"Organization","@id":"https:\/\/blog-estrategia.mystagingwebsite.com\/#organization","name":"Estrat\u00e9gia Concursos","url":"https:\/\/blog-estrategia.mystagingwebsite.com\/","logo":{"@type":"ImageObject","inLanguage":"pt-BR","@id":"https:\/\/blog-estrategia.mystagingwebsite.com\/#\/schema\/logo\/image\/","url":"https:\/\/dhg1h5j42swfq.cloudfront.net\/2025\/06\/03203428\/logo_concursos-1.jpg","contentUrl":"https:\/\/dhg1h5j42swfq.cloudfront.net\/2025\/06\/03203428\/logo_concursos-1.jpg","width":230,"height":60,"caption":"Estrat\u00e9gia Concursos"},"image":{"@id":"https:\/\/blog-estrategia.mystagingwebsite.com\/#\/schema\/logo\/image\/"},"sameAs":["https:\/\/x.com\/EstratConcursos"]},{"@type":"Person","@id":"https:\/\/blog-estrategia.mystagingwebsite.com\/#\/schema\/person\/0906ff564105056f3b05978d503ee214","name":"Luis Eduardo","image":{"@type":"ImageObject","inLanguage":"pt-BR","@id":"https:\/\/secure.gravatar.com\/avatar\/3ce09d3c01f86018c4f3b15b9e6389f2ac325bc19863fdb79cd37fefb38517d1?s=96&d=mm&r=g","url":"https:\/\/secure.gravatar.com\/avatar\/3ce09d3c01f86018c4f3b15b9e6389f2ac325bc19863fdb79cd37fefb38517d1?s=96&d=mm&r=g","contentUrl":"https:\/\/secure.gravatar.com\/avatar\/3ce09d3c01f86018c4f3b15b9e6389f2ac325bc19863fdb79cd37fefb38517d1?s=96&d=mm&r=g","caption":"Luis Eduardo"},"sameAs":["https:\/\/www.facebook.com\/coachluiseduardo\/"],"url":"https:\/\/www.estrategiaconcursos.com.br\/blog\/author\/luiseduardoestrategiaconcursos-com-br\/"}]}},"_links":{"self":[{"href":"https:\/\/www.estrategiaconcursos.com.br\/blog\/wp-json\/wp\/v2\/posts\/1740306","targetHints":{"allow":["GET"]}}],"collection":[{"href":"https:\/\/www.estrategiaconcursos.com.br\/blog\/wp-json\/wp\/v2\/posts"}],"about":[{"href":"https:\/\/www.estrategiaconcursos.com.br\/blog\/wp-json\/wp\/v2\/types\/post"}],"author":[{"embeddable":true,"href":"https:\/\/www.estrategiaconcursos.com.br\/blog\/wp-json\/wp\/v2\/users\/344"}],"replies":[{"embeddable":true,"href":"https:\/\/www.estrategiaconcursos.com.br\/blog\/wp-json\/wp\/v2\/comments?post=1740306"}],"version-history":[{"count":9,"href":"https:\/\/www.estrategiaconcursos.com.br\/blog\/wp-json\/wp\/v2\/posts\/1740306\/revisions"}],"predecessor-version":[{"id":1804256,"href":"https:\/\/www.estrategiaconcursos.com.br\/blog\/wp-json\/wp\/v2\/posts\/1740306\/revisions\/1804256"}],"wp:featuredmedia":[{"embeddable":true,"href":"https:\/\/www.estrategiaconcursos.com.br\/blog\/wp-json\/wp\/v2\/media\/1540739"}],"wp:attachment":[{"href":"https:\/\/www.estrategiaconcursos.com.br\/blog\/wp-json\/wp\/v2\/media?parent=1740306"}],"wp:term":[{"taxonomy":"category","embeddable":true,"href":"https:\/\/www.estrategiaconcursos.com.br\/blog\/wp-json\/wp\/v2\/categories?post=1740306"},{"taxonomy":"post_tag","embeddable":true,"href":"https:\/\/www.estrategiaconcursos.com.br\/blog\/wp-json\/wp\/v2\/tags?post=1740306"},{"taxonomy":"tax_estado","embeddable":true,"href":"https:\/\/www.estrategiaconcursos.com.br\/blog\/wp-json\/wp\/v2\/tax_estado?post=1740306"}],"curies":[{"name":"wp","href":"https:\/\/api.w.org\/{rel}","templated":true}]}}