{"id":173923,"date":"2019-04-25T12:43:56","date_gmt":"2019-04-25T15:43:56","guid":{"rendered":"https:\/\/www.estrategiaconcursos.com.br\/blog\/?p=173923"},"modified":"2020-12-16T13:24:51","modified_gmt":"2020-12-16T16:24:51","slug":"concurso-marinha-edital-2019","status":"publish","type":"post","link":"https:\/\/www.estrategiaconcursos.com.br\/blog\/concurso-marinha-edital-2019\/","title":{"rendered":"Concurso Marinha: novos editais ofertam 35 vagas em v\u00e1rias especialidades"},"content":{"rendered":"\n<p style=\"font-size:clamp(16.293px, 1.018rem + ((1vw - 3.2px) * 0.854), 25px);px\"><em>Editais da Marinha s\u00e3o para o quadro t\u00e9cnico do corpo auxiliar e quadros complementares de oficiais<\/em><\/p>\n\n\n\n<p>A Marinha do Brasil publicou novos editais para o provimento vagas no quadro t\u00e9cnico do corpo auxiliar e nos quadros complementares de oficiais.<\/p>\n\n\n\n<p>O edital para os quadros complementares de oficiais oferta 7 vagas imediatas para especialidades de Engenharia. J\u00e1 o concurso para o quadro t\u00e9cnico do corpo auxiliar prev\u00ea 28 vagas para 11 especialidades de N\u00edvel Superior.<\/p>\n\n\n\n<p>Os interessados poder\u00e3o se inscrever entre os dias 26 de mar\u00e7o e 25 de abril no portal do Servi\u00e7o de Sele\u00e7\u00e3o de Pessoal da Marinha do Brasil. O valor da taxa de inscri\u00e7\u00e3o ainda n\u00e3o foi disponibilizado.<\/p>\n\n\n\n<p>A primeira etapa dos concursos est\u00e1 prevista para ocorrer na 2\u00aa quinzena de julho de 2019.<\/p>\n\n\n\n<h2 class=\"wp-block-heading\" id=\"h-etapas-do-concurso-marinha\">Etapas do concurso Marinha<\/h2>\n\n\n\n<p><strong>a)<\/strong> Provas Escritas Objetiva e Discursiva de Conhecimentos Profissionais; <br \/><\/p>\n\n\n\n<p><strong>b) <\/strong>Eventos Complementares constitu\u00eddos de: <br \/><em>I) Verifica\u00e7\u00e3o de Dados Biogr\u00e1ficos; <br \/>II) Inspe\u00e7\u00e3o de Sa\u00fade; <br \/>III) Teste de Aptid\u00e3o F\u00edsica; <br \/>IV) Prova de T\u00edtulos; <br \/>V) Avalia\u00e7\u00e3o Psicol\u00f3gica; <br \/>VI) Verifica\u00e7\u00e3o de Documentos; e <br \/>VII) Procedimento de Heteroidentifica\u00e7\u00e3o Complementar \u00e0 Autodeclara\u00e7\u00e3o.  <\/em><\/p>\n\n\n\n<h2 class=\"wp-block-heading\" id=\"h-vagas-quadro-t-cnico\">Vagas &#8211;  quadro t\u00e9cnico<\/h2>\n\n\n\n<figure class=\"wp-block-table is-style-stripes\"><table><tbody><tr><td><strong>PROFISS\u00d5ES<\/strong><\/td><td><strong>TOTAL DE VAGAS<\/strong><\/td><td><strong>Vagas reservadas para candidatos negros<\/strong><\/td><\/tr><tr><td>Ci\u00eancias Biol\u00f3gicas <\/td><td>1<\/td><td>0<\/td><\/tr><tr><td>Comunica\u00e7\u00e3o Social<\/td><td>2<\/td><td>0<\/td><\/tr><tr><td>Direito<\/td><td>4<\/td><td>1<\/td><\/tr><tr><td>Estat\u00edstica<\/td><td>2<\/td><td>0<\/td><\/tr><tr><td>Inform\u00e1tica<\/td><td>6<\/td><td>1<\/td><\/tr><tr><td>Meteorologia<\/td><td>1<\/td><td>0<\/td><\/tr><tr><td>Oceanografia<\/td><td>1<\/td><td>0<\/td><\/tr><tr><td>Pedagogia<\/td><td>4<\/td><td>1<\/td><\/tr><tr><td>Psicologia<\/td><td>1<\/td><td>0<\/td><\/tr><tr><td>Servi\u00e7o Social<\/td><td>1<\/td><td>0<\/td><\/tr><tr><td>Seguran\u00e7a do Tr\u00e1fego Aquavi\u00e1rio (**)<\/td><td>2<\/td><td>0<\/td><\/tr><tr><td>TOTAL<\/td><td>25<\/td><td>3<\/td><\/tr><\/tbody><\/table><\/figure>\n\n\n\n<h2 class=\"wp-block-heading\" id=\"h-vagas-quadros-complementares\">Vagas &#8211; quadros complementares<\/h2>\n\n\n\n<p class=\"has-medium-font-size\"><strong>Oficiais&nbsp;da&nbsp;armada<\/strong><\/p>\n\n\n\n<figure class=\"wp-block-image\"><img loading=\"lazy\" decoding=\"async\" width=\"938\" height=\"660\" src=\"https:\/\/dhg1h5j42swfq.cloudfront.net\/2019\/03\/25124053\/image78.png\" alt=\"concurso marinha\" class=\"wp-image-173928\" srcset=\"https:\/\/dhg1h5j42swfq.cloudfront.net\/2019\/03\/25124053\/image78.png 938w, https:\/\/dhg1h5j42swfq.cloudfront.net\/2019\/03\/25124053\/image78.png 300w, https:\/\/dhg1h5j42swfq.cloudfront.net\/2019\/03\/25124053\/image78.png 768w\" sizes=\"auto, (max-width: 938px) 100vw, 938px\" \/><\/figure>\n\n\n\n<p class=\"has-medium-font-size\"><strong>Corpo&nbsp;de&nbsp;Fuzileiros&nbsp;Navais<\/strong><\/p>\n\n\n\n<figure class=\"wp-block-image\"><img loading=\"lazy\" decoding=\"async\" width=\"870\" height=\"670\" src=\"https:\/\/dhg1h5j42swfq.cloudfront.net\/2019\/03\/25124130\/image79.png\" alt=\"concurso marinhha\" class=\"wp-image-173929\" srcset=\"https:\/\/dhg1h5j42swfq.cloudfront.net\/2019\/03\/25124130\/image79.png 870w, https:\/\/dhg1h5j42swfq.cloudfront.net\/2019\/03\/25124130\/image79.png 300w, https:\/\/dhg1h5j42swfq.cloudfront.net\/2019\/03\/25124130\/image79.png 768w\" sizes=\"auto, (max-width: 870px) 100vw, 870px\" \/><\/figure>\n\n\n\n<h3 class=\"wp-block-heading\" id=\"h-retifica-o\">Retifica\u00e7\u00e3o<\/h3>\n\n\n\n<p>A primeira retifica\u00e7\u00e3o no edital do concurso altera um pequeno trecho da bibliografia para a especialidade <strong>Pedagogia<\/strong>, conforme abaixo:<\/p>\n\n\n\n<p><strong>Onde se l\u00ea: <br \/><\/strong>PARTE 2 &#8211; ANEXO V PROGRAMAS E BIBLIOGRAFIAS PARA AS PROVAS ESCRITAS DE CONHECIMENTOS PROFISSIONAIS PEDAGOGIA BIBLIOGRAFIA BRASIL. Constitui\u00e7\u00e3o Federal. Cap\u00edtulo II das For\u00e7as Armadas e Cap\u00edtulo III da Educa\u00e7\u00e3o. Se\u00e7\u00e3o I, II, III e IV. <\/p>\n\n\n\n<p><strong>Leia-se: <br \/><\/strong>PARTE 2 &#8211; ANEXO V PROGRAMAS E BIBLIOGRAFIAS PARA AS PROVAS ESCRITAS DE CONHECIMENTOS PROFISSIONAIS PEDAGOGIA BIBLIOGRAFIA BRASIL. Constitui\u00e7\u00e3o Federal. Cap\u00edtulo II das For\u00e7as Armadas, Cap\u00edtulo III da Educa\u00e7\u00e3o e Cap\u00edtulo IV da Ci\u00eancia, Tecnologia e Inova\u00e7\u00e3o. <br \/><br \/><\/p>\n\n\n\n<figure class=\"wp-block-image\"><img loading=\"lazy\" decoding=\"async\" width=\"300\" height=\"102\" src=\"https:\/\/dhg1h5j42swfq.cloudfront.net\/2017\/03\/28152500\/coruja-ficha-tecnica-300x102.png\" alt=\"Ficha t\u00e9cnica concurso \" class=\"wp-image-68542\"\/><\/figure>\n\n\n\n<p><strong>Informa\u00e7\u00f5es sobre o concurso Marinha&nbsp;(Corpo&nbsp;de&nbsp;Engenheiros)<\/strong><\/p>\n\n\n\n<p>\u25ba<strong>Data prevista para prova<\/strong>: junho\/2019<br \/>\u25ba<strong>Vagas<\/strong>: 35<br \/>\u25ba<strong>Cargos<\/strong>: CP-QC-CA\/FN e CP-T<br \/>\u25ba<strong>Lota\u00e7\u00f5es<\/strong>: Brasil<br \/>\u25ba<strong>Banca<\/strong>: Servi\u00e7o de Sele\u00e7\u00e3o de Pessoal da Marinha (SSPM) <br \/>\u25ba<strong>Escolaridade<\/strong>: N\u00edvel Superior<\/p>\n\n\n\n<p>\u25ba<strong>Editais:<\/strong><br \/><u><a href=\"https:\/\/dhg1h5j42swfq.cloudfront.net\/2019\/04\/04164109\/complementar.pdf\" target=\"_blank\" rel=\"noreferrer noopener\" aria-label=\"Ingresso nos Quadros Complementares (QC-CA e FN) (opens in a new tab)\">Ingresso nos Quadros Complementares (QC-CA e FN)<\/a><\/u><br \/><u><a rel=\"noreferrer noopener\" aria-label=\"Ingresso no Quadro T\u00e9cnico do Corpo Auxiliar (CP-T) (opens in a new tab)\" href=\"https:\/\/dhg1h5j42swfq.cloudfront.net\/2019\/04\/04164107\/auxiliar.pdf\" target=\"_blank\">Ingresso no Quadro T\u00e9cnico do Corpo Auxiliar (CP-T)<\/a><\/u><\/p>\n\n\n\n<p>\u25ba<strong>Cursos Estrat\u00e9gia Concursos<\/strong>:&nbsp;<a rel=\"noreferrer noopener\" aria-label=\"&nbsp;Cursos Concurso Marinha 2019 (opens in a new tab)\" href=\"https:\/\/www.estrategiaconcursos.com.br\/cursos\/concurso\/\" target=\"_blank\">Cursos Concurso Marinha 2019<\/a><br \/><\/p>\n\n\n\n<p><em>Ricardo&nbsp;Brito<\/em><br \/><em>Ascom Estrat\u00e9gia<\/em><br \/>ascomestrategia@gmail.com<\/p>\n\n\n\n<p><em><strong>Receba not\u00edcias de Concursos no seu WhatsApp e\/ou Telegram!<\/strong><\/em><\/p>\n\n\n\n<p class=\"has-text-align-center\"><em><strong>Cadastre-se clicando no \u00edcone abaixo<\/strong><\/em><\/p>\n\n\n\n<div class=\"wp-block-image\"><figure class=\"aligncenter is-resized\"><a href=\"https:\/\/www.estrategiaconcursos.com.br\/blog\/noticias-de-concursos-whatsapp-estrategia-concursos\/\" target=\"_blank\" rel=\"noreferrer noopener\"><img loading=\"lazy\" decoding=\"async\" src=\"https:\/\/dhg1h5j42swfq.cloudfront.net\/2018\/03\/22113932\/whatsapptelegram-e1548177162795.png\" alt=\"whatsapp e telegram\" class=\"wp-image-112824\" width=\"274\" height=\"154\"\/><\/a><\/figure><\/div>\n\n\n\n<p class=\"has-text-align-center\"><a rel=\"noreferrer noopener\" href=\"https:\/\/www.estrategiaconcursos.com.br\/blog\/noticias-de-concursos-whatsapp-estrategia-concursos\/\" target=\"_blank\">Not\u00edcias de concursos no seu WhatsApp e\/ou Telegram<\/a><\/p>\n\n\n\n<p class=\"has-text-align-center\"><a href=\"https:\/\/www.estrategiaconcursos.com.br\/gratis\/cursos-extensivos\/\" target=\"_blank\" rel=\"noreferrer noopener\"><em><strong>Inscreva-se no Curso Online Gr\u00e1tis!<\/strong><\/em><\/a><\/p>\n\n\n\n<div class=\"wp-block-image\"><figure class=\"aligncenter\"><a href=\"https:\/\/www.estrategiaconcursos.com.br\/gratis\/cursos-extensivos\/\" target=\"_blank\" rel=\"noreferrer noopener\"><img loading=\"lazy\" decoding=\"async\" width=\"1200\" height=\"300\" src=\"https:\/\/dhg1h5j42swfq.cloudfront.net\/2017\/02\/07143618\/curso-online-gratis.jpg\" alt=\"curso online gratis\" class=\"wp-image-105661\" srcset=\"https:\/\/dhg1h5j42swfq.cloudfront.net\/2017\/02\/07143618\/curso-online-gratis.jpg 1200w, https:\/\/dhg1h5j42swfq.cloudfront.net\/2017\/02\/07143618\/curso-online-gratis.jpg 300w, https:\/\/dhg1h5j42swfq.cloudfront.net\/2017\/02\/07143618\/curso-online-gratis.jpg 768w, https:\/\/dhg1h5j42swfq.cloudfront.net\/2017\/02\/07143618\/curso-online-gratis.jpg 1024w, https:\/\/dhg1h5j42swfq.cloudfront.net\/2017\/02\/07143618\/curso-online-gratis.jpg 610w\" sizes=\"auto, (max-width: 1200px) 100vw, 1200px\" \/><\/a><\/figure><\/div>\n","protected":false},"excerpt":{"rendered":"<p>Editais da Marinha s\u00e3o para o quadro t\u00e9cnico do corpo auxiliar e quadros complementares de oficiais A Marinha do Brasil publicou novos editais para o provimento vagas no quadro t\u00e9cnico do corpo auxiliar e nos quadros complementares de oficiais. O edital para os quadros complementares de oficiais oferta 7 vagas imediatas para especialidades de Engenharia. [&hellip;]<\/p>\n","protected":false},"author":214,"featured_media":86322,"comment_status":"open","ping_status":"closed","sticky":false,"template":"","format":"standard","meta":{"post_tipo":"news_page","footnotes":""},"categories":[6741],"tags":[],"tax_estado":[219963],"class_list":["post-173923","post","type-post","status-publish","format-standard","has-post-thumbnail","hentry","category-forcas-armadas-oficiais","tax_estado-concursos-federais"],"acf":[],"yoast_head":"<!-- This site is optimized with the Yoast SEO Premium plugin v27.2 (Yoast SEO v27.2) - https:\/\/yoast.com\/product\/yoast-seo-premium-wordpress\/ -->\n<title>Concurso Marinha: novos editais ofertam 35 vagas em v\u00e1rias especialidades<\/title>\n<meta name=\"description\" content=\"Concurso Marinha: saiu edital para o Quadro T\u00e9cnico do Corpo Auxiliar (CP-T) e para o Quadro Complementar de Oficiais da Marinha (CP-QC-CA\/FN) para 2019.\" \/>\n<meta name=\"robots\" content=\"index, follow, max-snippet:-1, max-image-preview:large, max-video-preview:-1\" \/>\n<link rel=\"canonical\" href=\"https:\/\/www.estrategiaconcursos.com.br\/blog\/concurso-marinha-edital-2019\/\" \/>\n<meta property=\"og:locale\" content=\"pt_BR\" \/>\n<meta property=\"og:type\" content=\"article\" \/>\n<meta property=\"og:title\" content=\"Concurso Marinha: novos editais ofertam 35 vagas em v\u00e1rias especialidades\" \/>\n<meta property=\"og:description\" content=\"Concurso Marinha: saiu edital para o Quadro T\u00e9cnico do Corpo Auxiliar (CP-T) e para o Quadro Complementar de Oficiais da Marinha (CP-QC-CA\/FN) para 2019.\" \/>\n<meta property=\"og:url\" content=\"https:\/\/www.estrategiaconcursos.com.br\/blog\/concurso-marinha-edital-2019\/\" \/>\n<meta property=\"og:site_name\" content=\"Estrat\u00e9gia Concursos\" \/>\n<meta property=\"article:published_time\" content=\"2019-04-25T15:43:56+00:00\" \/>\n<meta property=\"article:modified_time\" content=\"2020-12-16T16:24:51+00:00\" \/>\n<meta property=\"og:image\" content=\"https:\/\/dhg1h5j42swfq.cloudfront.net\/2017\/08\/22145117\/saiu-edital-ec-2-e1505903719246.jpg\" \/>\n\t<meta property=\"og:image:width\" content=\"400\" \/>\n\t<meta property=\"og:image:height\" content=\"209\" \/>\n\t<meta property=\"og:image:type\" content=\"image\/jpeg\" \/>\n<meta name=\"author\" content=\"D\u00e9cio Terror Filho\" \/>\n<meta name=\"twitter:card\" content=\"summary_large_image\" \/>\n<meta name=\"twitter:creator\" content=\"@EstratConcursos\" \/>\n<meta name=\"twitter:site\" content=\"@EstratConcursos\" \/>\n<meta name=\"twitter:label1\" content=\"Escrito por\" \/>\n\t<meta name=\"twitter:data1\" content=\"D\u00e9cio Terror Filho\" \/>\n\t<meta name=\"twitter:label2\" content=\"Est. tempo de leitura\" \/>\n\t<meta name=\"twitter:data2\" content=\"2 minutos\" \/>\n<script type=\"application\/ld+json\" class=\"yoast-schema-graph\">{\"@context\":\"https:\/\/schema.org\",\"@graph\":[{\"@type\":\"NewsArticle\",\"@id\":\"https:\/\/www.estrategiaconcursos.com.br\/blog\/concurso-marinha-edital-2019\/#article\",\"isPartOf\":{\"@id\":\"https:\/\/www.estrategiaconcursos.com.br\/blog\/concurso-marinha-edital-2019\/\"},\"author\":{\"name\":\"D\u00e9cio Terror Filho\",\"@id\":\"https:\/\/www.estrategiaconcursos.com.br\/blog\/#\/schema\/person\/e8165364027a31208914fc77c3314727\"},\"headline\":\"Concurso Marinha: novos editais ofertam 35 vagas em v\u00e1rias especialidades\",\"datePublished\":\"2019-04-25T15:43:56+00:00\",\"dateModified\":\"2020-12-16T16:24:51+00:00\",\"mainEntityOfPage\":{\"@id\":\"https:\/\/www.estrategiaconcursos.com.br\/blog\/concurso-marinha-edital-2019\/\"},\"wordCount\":480,\"commentCount\":0,\"publisher\":{\"@id\":\"https:\/\/www.estrategiaconcursos.com.br\/blog\/#organization\"},\"image\":{\"@id\":\"https:\/\/www.estrategiaconcursos.com.br\/blog\/concurso-marinha-edital-2019\/#primaryimage\"},\"thumbnailUrl\":\"https:\/\/dhg1h5j42swfq.cloudfront.net\/2017\/08\/22145117\/saiu-edital-ec-2-e1505903719246.jpg\",\"articleSection\":[\"For\u00e7as Armadas (Oficiais)\"],\"inLanguage\":\"pt-BR\",\"potentialAction\":[{\"@type\":\"CommentAction\",\"name\":\"Comment\",\"target\":[\"https:\/\/www.estrategiaconcursos.com.br\/blog\/concurso-marinha-edital-2019\/#respond\"]}],\"copyrightYear\":\"2019\",\"copyrightHolder\":{\"@id\":\"https:\/\/www.estrategiaconcursos.com.br\/blog\/#organization\"}},{\"@type\":\"WebPage\",\"@id\":\"https:\/\/www.estrategiaconcursos.com.br\/blog\/concurso-marinha-edital-2019\/\",\"url\":\"https:\/\/www.estrategiaconcursos.com.br\/blog\/concurso-marinha-edital-2019\/\",\"name\":\"Concurso Marinha: novos editais ofertam 35 vagas em v\u00e1rias especialidades\",\"isPartOf\":{\"@id\":\"https:\/\/www.estrategiaconcursos.com.br\/blog\/#website\"},\"primaryImageOfPage\":{\"@id\":\"https:\/\/www.estrategiaconcursos.com.br\/blog\/concurso-marinha-edital-2019\/#primaryimage\"},\"image\":{\"@id\":\"https:\/\/www.estrategiaconcursos.com.br\/blog\/concurso-marinha-edital-2019\/#primaryimage\"},\"thumbnailUrl\":\"https:\/\/dhg1h5j42swfq.cloudfront.net\/2017\/08\/22145117\/saiu-edital-ec-2-e1505903719246.jpg\",\"datePublished\":\"2019-04-25T15:43:56+00:00\",\"dateModified\":\"2020-12-16T16:24:51+00:00\",\"description\":\"Concurso Marinha: saiu edital para o Quadro T\u00e9cnico do Corpo Auxiliar (CP-T) e para o Quadro Complementar de Oficiais da Marinha (CP-QC-CA\/FN) para 2019.\",\"breadcrumb\":{\"@id\":\"https:\/\/www.estrategiaconcursos.com.br\/blog\/concurso-marinha-edital-2019\/#breadcrumb\"},\"inLanguage\":\"pt-BR\",\"potentialAction\":[{\"@type\":\"ReadAction\",\"target\":[\"https:\/\/www.estrategiaconcursos.com.br\/blog\/concurso-marinha-edital-2019\/\"]}]},{\"@type\":\"ImageObject\",\"inLanguage\":\"pt-BR\",\"@id\":\"https:\/\/www.estrategiaconcursos.com.br\/blog\/concurso-marinha-edital-2019\/#primaryimage\",\"url\":\"https:\/\/dhg1h5j42swfq.cloudfront.net\/2017\/08\/22145117\/saiu-edital-ec-2-e1505903719246.jpg\",\"contentUrl\":\"https:\/\/dhg1h5j42swfq.cloudfront.net\/2017\/08\/22145117\/saiu-edital-ec-2-e1505903719246.jpg\",\"width\":400,\"height\":209,\"caption\":\"edital tj ce\"},{\"@type\":\"BreadcrumbList\",\"@id\":\"https:\/\/www.estrategiaconcursos.com.br\/blog\/concurso-marinha-edital-2019\/#breadcrumb\",\"itemListElement\":[{\"@type\":\"ListItem\",\"position\":1,\"name\":\"In\u00edcio\",\"item\":\"https:\/\/www.estrategiaconcursos.com.br\/blog\/\"},{\"@type\":\"ListItem\",\"position\":2,\"name\":\"Concurso Marinha: novos editais ofertam 35 vagas em v\u00e1rias especialidades\"}]},{\"@type\":\"WebSite\",\"@id\":\"https:\/\/www.estrategiaconcursos.com.br\/blog\/#website\",\"url\":\"https:\/\/www.estrategiaconcursos.com.br\/blog\/\",\"name\":\"Estrat\u00e9gia Concursos\",\"description\":\"O blog da Estrat\u00e9gia Concursos traz not\u00edcias sobre concursos e artigos de professores oferecendo cursos para concursos (pdf + videaulas) no site.\",\"publisher\":{\"@id\":\"https:\/\/www.estrategiaconcursos.com.br\/blog\/#organization\"},\"potentialAction\":[{\"@type\":\"SearchAction\",\"target\":{\"@type\":\"EntryPoint\",\"urlTemplate\":\"https:\/\/www.estrategiaconcursos.com.br\/blog\/?s={search_term_string}\"},\"query-input\":{\"@type\":\"PropertyValueSpecification\",\"valueRequired\":true,\"valueName\":\"search_term_string\"}}],\"inLanguage\":\"pt-BR\"},{\"@type\":\"Organization\",\"@id\":\"https:\/\/www.estrategiaconcursos.com.br\/blog\/#organization\",\"name\":\"Estrat\u00e9gia Concursos\",\"url\":\"https:\/\/www.estrategiaconcursos.com.br\/blog\/\",\"logo\":{\"@type\":\"ImageObject\",\"inLanguage\":\"pt-BR\",\"@id\":\"https:\/\/www.estrategiaconcursos.com.br\/blog\/#\/schema\/logo\/image\/\",\"url\":\"https:\/\/dhg1h5j42swfq.cloudfront.net\/2025\/06\/03203428\/logo_concursos-1.jpg\",\"contentUrl\":\"https:\/\/dhg1h5j42swfq.cloudfront.net\/2025\/06\/03203428\/logo_concursos-1.jpg\",\"width\":230,\"height\":60,\"caption\":\"Estrat\u00e9gia Concursos\"},\"image\":{\"@id\":\"https:\/\/www.estrategiaconcursos.com.br\/blog\/#\/schema\/logo\/image\/\"},\"sameAs\":[\"https:\/\/x.com\/EstratConcursos\"]},{\"@type\":\"Person\",\"@id\":\"https:\/\/www.estrategiaconcursos.com.br\/blog\/#\/schema\/person\/e8165364027a31208914fc77c3314727\",\"name\":\"D\u00e9cio Terror Filho\",\"image\":{\"@type\":\"ImageObject\",\"inLanguage\":\"pt-BR\",\"@id\":\"https:\/\/secure.gravatar.com\/avatar\/a5b78e734de7c6482e965926e78344deb81abbc34282a3c9536cbb1a59728a37?s=96&d=mm&r=g\",\"url\":\"https:\/\/secure.gravatar.com\/avatar\/a5b78e734de7c6482e965926e78344deb81abbc34282a3c9536cbb1a59728a37?s=96&d=mm&r=g\",\"contentUrl\":\"https:\/\/secure.gravatar.com\/avatar\/a5b78e734de7c6482e965926e78344deb81abbc34282a3c9536cbb1a59728a37?s=96&d=mm&r=g\",\"caption\":\"D\u00e9cio Terror Filho\"},\"url\":\"https:\/\/www.estrategiaconcursos.com.br\/blog\/author\/contatoterrorportugues-com-br\/\"}]}<\/script>\n<!-- \/ Yoast SEO Premium plugin. -->","yoast_head_json":{"title":"Concurso Marinha: novos editais ofertam 35 vagas em v\u00e1rias especialidades","description":"Concurso Marinha: saiu edital para o Quadro T\u00e9cnico do Corpo Auxiliar (CP-T) e para o Quadro Complementar de Oficiais da Marinha (CP-QC-CA\/FN) para 2019.","robots":{"index":"index","follow":"follow","max-snippet":"max-snippet:-1","max-image-preview":"max-image-preview:large","max-video-preview":"max-video-preview:-1"},"canonical":"https:\/\/www.estrategiaconcursos.com.br\/blog\/concurso-marinha-edital-2019\/","og_locale":"pt_BR","og_type":"article","og_title":"Concurso Marinha: novos editais ofertam 35 vagas em v\u00e1rias especialidades","og_description":"Concurso Marinha: saiu edital para o Quadro T\u00e9cnico do Corpo Auxiliar (CP-T) e para o Quadro Complementar de Oficiais da Marinha (CP-QC-CA\/FN) para 2019.","og_url":"https:\/\/www.estrategiaconcursos.com.br\/blog\/concurso-marinha-edital-2019\/","og_site_name":"Estrat\u00e9gia Concursos","article_published_time":"2019-04-25T15:43:56+00:00","article_modified_time":"2020-12-16T16:24:51+00:00","og_image":[{"width":400,"height":209,"url":"https:\/\/dhg1h5j42swfq.cloudfront.net\/2017\/08\/22145117\/saiu-edital-ec-2-e1505903719246.jpg","type":"image\/jpeg"}],"author":"D\u00e9cio Terror Filho","twitter_card":"summary_large_image","twitter_creator":"@EstratConcursos","twitter_site":"@EstratConcursos","twitter_misc":{"Escrito por":"D\u00e9cio Terror Filho","Est. tempo de leitura":"2 minutos"},"schema":{"@context":"https:\/\/schema.org","@graph":[{"@type":"NewsArticle","@id":"https:\/\/www.estrategiaconcursos.com.br\/blog\/concurso-marinha-edital-2019\/#article","isPartOf":{"@id":"https:\/\/www.estrategiaconcursos.com.br\/blog\/concurso-marinha-edital-2019\/"},"author":{"name":"D\u00e9cio Terror Filho","@id":"https:\/\/www.estrategiaconcursos.com.br\/blog\/#\/schema\/person\/e8165364027a31208914fc77c3314727"},"headline":"Concurso Marinha: novos editais ofertam 35 vagas em v\u00e1rias especialidades","datePublished":"2019-04-25T15:43:56+00:00","dateModified":"2020-12-16T16:24:51+00:00","mainEntityOfPage":{"@id":"https:\/\/www.estrategiaconcursos.com.br\/blog\/concurso-marinha-edital-2019\/"},"wordCount":480,"commentCount":0,"publisher":{"@id":"https:\/\/www.estrategiaconcursos.com.br\/blog\/#organization"},"image":{"@id":"https:\/\/www.estrategiaconcursos.com.br\/blog\/concurso-marinha-edital-2019\/#primaryimage"},"thumbnailUrl":"https:\/\/dhg1h5j42swfq.cloudfront.net\/2017\/08\/22145117\/saiu-edital-ec-2-e1505903719246.jpg","articleSection":["For\u00e7as Armadas (Oficiais)"],"inLanguage":"pt-BR","potentialAction":[{"@type":"CommentAction","name":"Comment","target":["https:\/\/www.estrategiaconcursos.com.br\/blog\/concurso-marinha-edital-2019\/#respond"]}],"copyrightYear":"2019","copyrightHolder":{"@id":"https:\/\/www.estrategiaconcursos.com.br\/blog\/#organization"}},{"@type":"WebPage","@id":"https:\/\/www.estrategiaconcursos.com.br\/blog\/concurso-marinha-edital-2019\/","url":"https:\/\/www.estrategiaconcursos.com.br\/blog\/concurso-marinha-edital-2019\/","name":"Concurso Marinha: novos editais ofertam 35 vagas em v\u00e1rias especialidades","isPartOf":{"@id":"https:\/\/www.estrategiaconcursos.com.br\/blog\/#website"},"primaryImageOfPage":{"@id":"https:\/\/www.estrategiaconcursos.com.br\/blog\/concurso-marinha-edital-2019\/#primaryimage"},"image":{"@id":"https:\/\/www.estrategiaconcursos.com.br\/blog\/concurso-marinha-edital-2019\/#primaryimage"},"thumbnailUrl":"https:\/\/dhg1h5j42swfq.cloudfront.net\/2017\/08\/22145117\/saiu-edital-ec-2-e1505903719246.jpg","datePublished":"2019-04-25T15:43:56+00:00","dateModified":"2020-12-16T16:24:51+00:00","description":"Concurso Marinha: saiu edital para o Quadro T\u00e9cnico do Corpo Auxiliar (CP-T) e para o Quadro Complementar de Oficiais da Marinha (CP-QC-CA\/FN) para 2019.","breadcrumb":{"@id":"https:\/\/www.estrategiaconcursos.com.br\/blog\/concurso-marinha-edital-2019\/#breadcrumb"},"inLanguage":"pt-BR","potentialAction":[{"@type":"ReadAction","target":["https:\/\/www.estrategiaconcursos.com.br\/blog\/concurso-marinha-edital-2019\/"]}]},{"@type":"ImageObject","inLanguage":"pt-BR","@id":"https:\/\/www.estrategiaconcursos.com.br\/blog\/concurso-marinha-edital-2019\/#primaryimage","url":"https:\/\/dhg1h5j42swfq.cloudfront.net\/2017\/08\/22145117\/saiu-edital-ec-2-e1505903719246.jpg","contentUrl":"https:\/\/dhg1h5j42swfq.cloudfront.net\/2017\/08\/22145117\/saiu-edital-ec-2-e1505903719246.jpg","width":400,"height":209,"caption":"edital tj ce"},{"@type":"BreadcrumbList","@id":"https:\/\/www.estrategiaconcursos.com.br\/blog\/concurso-marinha-edital-2019\/#breadcrumb","itemListElement":[{"@type":"ListItem","position":1,"name":"In\u00edcio","item":"https:\/\/www.estrategiaconcursos.com.br\/blog\/"},{"@type":"ListItem","position":2,"name":"Concurso Marinha: novos editais ofertam 35 vagas em v\u00e1rias especialidades"}]},{"@type":"WebSite","@id":"https:\/\/www.estrategiaconcursos.com.br\/blog\/#website","url":"https:\/\/www.estrategiaconcursos.com.br\/blog\/","name":"Estrat\u00e9gia Concursos","description":"O blog da Estrat\u00e9gia Concursos traz not\u00edcias sobre concursos e artigos de professores oferecendo cursos para concursos (pdf + videaulas) no site.","publisher":{"@id":"https:\/\/www.estrategiaconcursos.com.br\/blog\/#organization"},"potentialAction":[{"@type":"SearchAction","target":{"@type":"EntryPoint","urlTemplate":"https:\/\/www.estrategiaconcursos.com.br\/blog\/?s={search_term_string}"},"query-input":{"@type":"PropertyValueSpecification","valueRequired":true,"valueName":"search_term_string"}}],"inLanguage":"pt-BR"},{"@type":"Organization","@id":"https:\/\/www.estrategiaconcursos.com.br\/blog\/#organization","name":"Estrat\u00e9gia Concursos","url":"https:\/\/www.estrategiaconcursos.com.br\/blog\/","logo":{"@type":"ImageObject","inLanguage":"pt-BR","@id":"https:\/\/www.estrategiaconcursos.com.br\/blog\/#\/schema\/logo\/image\/","url":"https:\/\/dhg1h5j42swfq.cloudfront.net\/2025\/06\/03203428\/logo_concursos-1.jpg","contentUrl":"https:\/\/dhg1h5j42swfq.cloudfront.net\/2025\/06\/03203428\/logo_concursos-1.jpg","width":230,"height":60,"caption":"Estrat\u00e9gia Concursos"},"image":{"@id":"https:\/\/www.estrategiaconcursos.com.br\/blog\/#\/schema\/logo\/image\/"},"sameAs":["https:\/\/x.com\/EstratConcursos"]},{"@type":"Person","@id":"https:\/\/www.estrategiaconcursos.com.br\/blog\/#\/schema\/person\/e8165364027a31208914fc77c3314727","name":"D\u00e9cio Terror Filho","image":{"@type":"ImageObject","inLanguage":"pt-BR","@id":"https:\/\/secure.gravatar.com\/avatar\/a5b78e734de7c6482e965926e78344deb81abbc34282a3c9536cbb1a59728a37?s=96&d=mm&r=g","url":"https:\/\/secure.gravatar.com\/avatar\/a5b78e734de7c6482e965926e78344deb81abbc34282a3c9536cbb1a59728a37?s=96&d=mm&r=g","contentUrl":"https:\/\/secure.gravatar.com\/avatar\/a5b78e734de7c6482e965926e78344deb81abbc34282a3c9536cbb1a59728a37?s=96&d=mm&r=g","caption":"D\u00e9cio Terror Filho"},"url":"https:\/\/www.estrategiaconcursos.com.br\/blog\/author\/contatoterrorportugues-com-br\/"}]}},"_links":{"self":[{"href":"https:\/\/www.estrategiaconcursos.com.br\/blog\/wp-json\/wp\/v2\/posts\/173923","targetHints":{"allow":["GET"]}}],"collection":[{"href":"https:\/\/www.estrategiaconcursos.com.br\/blog\/wp-json\/wp\/v2\/posts"}],"about":[{"href":"https:\/\/www.estrategiaconcursos.com.br\/blog\/wp-json\/wp\/v2\/types\/post"}],"author":[{"embeddable":true,"href":"https:\/\/www.estrategiaconcursos.com.br\/blog\/wp-json\/wp\/v2\/users\/214"}],"replies":[{"embeddable":true,"href":"https:\/\/www.estrategiaconcursos.com.br\/blog\/wp-json\/wp\/v2\/comments?post=173923"}],"version-history":[{"count":6,"href":"https:\/\/www.estrategiaconcursos.com.br\/blog\/wp-json\/wp\/v2\/posts\/173923\/revisions"}],"predecessor-version":[{"id":632157,"href":"https:\/\/www.estrategiaconcursos.com.br\/blog\/wp-json\/wp\/v2\/posts\/173923\/revisions\/632157"}],"wp:featuredmedia":[{"embeddable":true,"href":"https:\/\/www.estrategiaconcursos.com.br\/blog\/wp-json\/wp\/v2\/media\/86322"}],"wp:attachment":[{"href":"https:\/\/www.estrategiaconcursos.com.br\/blog\/wp-json\/wp\/v2\/media?parent=173923"}],"wp:term":[{"taxonomy":"category","embeddable":true,"href":"https:\/\/www.estrategiaconcursos.com.br\/blog\/wp-json\/wp\/v2\/categories?post=173923"},{"taxonomy":"post_tag","embeddable":true,"href":"https:\/\/www.estrategiaconcursos.com.br\/blog\/wp-json\/wp\/v2\/tags?post=173923"},{"taxonomy":"tax_estado","embeddable":true,"href":"https:\/\/www.estrategiaconcursos.com.br\/blog\/wp-json\/wp\/v2\/tax_estado?post=173923"}],"curies":[{"name":"wp","href":"https:\/\/api.w.org\/{rel}","templated":true}]}}