{"id":1738791,"date":"2026-03-18T16:20:15","date_gmt":"2026-03-18T19:20:15","guid":{"rendered":"https:\/\/www.estrategiaconcursos.com.br\/blog\/?p=1738791"},"modified":"2026-03-18T17:05:02","modified_gmt":"2026-03-18T20:05:02","slug":"editais-da-sefaz-rs-nesse-semestre","status":"publish","type":"post","link":"https:\/\/www.estrategiaconcursos.com.br\/blog\/editais-da-sefaz-rs-nesse-semestre\/","title":{"rendered":"EXCLUSIVO! Editais da Sefaz RS nesse semestre!"},"content":{"rendered":"\n<p>Aten\u00e7\u00e3o, corujas! Trago informa\u00e7\u00f5es importantes e <strong>exclusivas <\/strong>sobre o t\u00e3o aguardado concurso da <strong>Sefaz RS<\/strong>&nbsp;<strong>(<a href=\"https:\/\/www.estrategiaconcursos.com.br\/pesquisa\/?q=Sefaz+RS\" target=\"_blank\" rel=\"noreferrer noopener\">Secretaria da Fazenda do Estado do Rio Grande do Sul<\/a>)<\/strong>.<\/p>\n\n\n\n<p>Em contato com uma fonte interna do \u00f3rg\u00e3o, fui informado de que <strong>os editais, tanto para Auditor quanto para Analista, devem ser publicados ainda neste semestre<\/strong>.<\/p>\n\n\n\n<p>Essa \u00e9 uma \u00f3tima not\u00edcia para voc\u00ea que est\u00e1 estudando firme em busca da t\u00e3o sonhada aprova\u00e7\u00e3o no certame. Lembrando que a Sefaz n\u00e3o realiza concurso efetivo desde 2018.<\/p>\n\n\n\n<p>Sobre o quantitativo de vagas, questionei a fonte a respeito do n\u00famero que ser\u00e1 contemplado no edital, mas isso ainda n\u00e3o foi definido oficialmente.<\/p>\n\n\n\n<p>Inclusive, j\u00e1 h\u00e1 uma equipe interna trabalhando nos tr\u00e2mites que tratam do levantamento do n\u00famero de vagas, visto que isso tamb\u00e9m depende de quest\u00f5es or\u00e7ament\u00e1rias. <\/p>\n\n\n\n<p>Ademais, recentemente, foram designadas servidoras para exercerem a fun\u00e7\u00e3o de\u00a0Secret\u00e1ria Executiva dos concursos, medida administrativa que tamb\u00e9m indica o andamento das etapas.<\/p>\n\n\n\n<h2 class=\"wp-block-heading\" id=\"h-comece-a-estudar-para-o-concurso-sefaz-rs-com-quem-mais-aprova-no-mercado\">Comece a estudar para o concurso Sefaz RS com quem mais aprova no mercado!<\/h2>\n\n\n\n<div class=\"container\" id=\"boxes\">\n  <div class=\"row\">\n\n    <div class=\"col-sm\">\n      <div class=\"banner-sefaz-ec\" id=\"box-assinatura\">\n        <h2 class=\"titulo-assinatura\">Curso Concurso Sefaz RS<\/h2>\n        <p class=\"subtitulo-assinatura\">Conhe\u00e7a os cursos para a Sefaz RS<\/p>\n        <div class=\"box-botao\">\n          <a class=\"btn-assinatura\" target=\"_blank\" href=\"https:\/\/www.estrategiaconcursos.com.br\/cursosPorConcurso\/basico-para-area-fiscal\/\" role=\"button\" rel=\"noopener noreferrer\">INICIAR PREPARA\u00c7\u00c3O<\/a>\n        <\/div>\n      <\/div>\n     \n    <\/div>\n\n  <\/div>\n<\/div>\n\n\n\n<h2 class=\"wp-block-heading\" id=\"h-entenda-os-requisitos-dos-cargos-para-o-concurso-sefaz-rs\">Entenda os requisitos dos cargos para o concurso Sefaz RS<\/h2>\n\n\n\n<p><strong>Auditor-Fiscal da Receita Estadual:<\/strong>&nbsp;diploma de conclus\u00e3o de curso de n\u00edvel superior, em grau de bacharelado, de dura\u00e7\u00e3o plena, em Administra\u00e7\u00e3o, Ci\u00eancias Cont\u00e1beis, Ci\u00eancias Econ\u00f4micas, Ci\u00eancias Jur\u00eddicas e Sociais, Engenharia ou Tecnologia da Informa\u00e7\u00e3o<\/p>\n\n\n\n<p><strong>Analista Tribut\u00e1rio da Receita Estadual<\/strong>: principal requisito \u00e9 possuir <strong>diploma de n\u00edvel superior completo em qualquer \u00e1rea de forma\u00e7\u00e3o<\/strong>, desde que o curso seja reconhecido pelo MEC.<\/p>\n\n\n\n<p>Lembrando que isso torna o concurso <a href=\"https:\/\/www.fazenda.rs.gov.br\/inicial\" target=\"_blank\" rel=\"noreferrer noopener\">Sefaz RS<\/a> bastante atrativo, uma vez que engloba diversos tipos de gradua\u00e7\u00f5es, sendo necessidade de exig\u00eancia em um curso especifico.  <\/p>\n\n\n\n<p>Ainda: os futuros aprovados na sele\u00e7\u00e3o poder\u00e3o contar com sal\u00e1rios iniciais bem atrativos, que variam entre R$ 16.942,33 e R$ 37.550,49.<\/p>\n\n\n\n<p class=\"has-text-align-center\"><em>Para saber TODOS os detalhes dos novos editais da Sefaz RS, acesse agora mesmo o artigo completo que preparamos para voc\u00ea:<\/em><\/p>\n\n\n\n<p class=\"has-text-align-center has-background\" style=\"background-color:#f0f0f0;font-size:clamp(14.642px, 0.915rem + ((1vw - 3.2px) * 0.721), 22px);\"><strong>Saiba mais: <a href=\"https:\/\/www.estrategiaconcursos.com.br\/blog\/concurso-sefaz-rs\/\" target=\"_blank\" rel=\"noreferrer noopener\">Concurso Sefaz RS<\/a><\/strong><\/p>\n\n\n\n<hr class=\"wp-block-separator has-alpha-channel-opacity\"\/>\n\n\n\n<h2 class=\"wp-block-heading has-text-align-center\" id=\"cursos-assinatura\">Quer estudar para os editais da Sefaz RS 2026?<\/h2>\n\n\n\n<div class=\"container\" id=\"boxes\">\n  <div class=\"row\">\n\n    <div class=\"col-sm\">\n      <div class=\"estrategia\" id=\"box-assinatura\">\n        <h3 class=\"titulo-assinatura\">Assinatura Concursos<\/h3>\n        <p class=\"subtitulo-assinatura\">Assinatura de 1 ano ou 2 anos<\/p>\n        <div class=\"box-botao\">\n          <a class=\"btn-assinatura\" target=\"_blank\" href=\"https:\/\/www.estrategiaconcursos.com.br\/assinaturas\/\" role=\"button\" rel=\"noopener noreferrer\">ASSINE AGORA<\/a>\n        <\/div>\n      <\/div><\/div><\/div><\/div>\n\n\n\n<h2 class=\"wp-block-heading has-text-align-center\" id=\"h-quer-saber-tudo-sobre-concursos-previstos-confira-nossos-artigos\">Quer saber tudo sobre concursos previstos?<br \/>Confira nossos artigos!<\/h2>\n\n\n\n<ul class=\"wp-block-list\">\n<li><a href=\"https:\/\/www.estrategiaconcursos.com.br\/blog\/concursos-abertos\/\" target=\"_blank\" rel=\"noreferrer noopener\">Concursos Abertos<\/a><\/li>\n\n\n\n<li><a href=\"https:\/\/www.estrategiaconcursos.com.br\/blog\/concursos-fiscais\/\">Concursos Fiscais<\/a><\/li>\n\n\n\n<li><a href=\"https:\/\/www.estrategiaconcursos.com.br\/blog\/concursos-2026\/\" target=\"_blank\" rel=\"noreferrer noopener\">Concursos 2026<\/a><\/li>\n\n\n\n<li><a href=\"https:\/\/www.estrategiaconcursos.com.br\/blog\/concursos-2026\/\" target=\"_blank\" rel=\"noreferrer noopener\">Concursos RS<\/a><\/li>\n<\/ul>\n","protected":false},"excerpt":{"rendered":"<p>Aten\u00e7\u00e3o, corujas! Trago informa\u00e7\u00f5es importantes e exclusivas sobre o t\u00e3o aguardado concurso da Sefaz RS&nbsp;(Secretaria da Fazenda do Estado do Rio Grande do Sul). Em contato com uma fonte interna do \u00f3rg\u00e3o, fui informado de que os editais, tanto para Auditor quanto para Analista, devem ser publicados ainda neste semestre. Essa \u00e9 uma \u00f3tima not\u00edcia [&hellip;]<\/p>\n","protected":false},"author":656,"featured_media":1722494,"comment_status":"open","ping_status":"closed","sticky":false,"template":"","format":"standard","meta":{"post_tipo":"news","footnotes":""},"categories":[1983,220219],"tags":[],"tax_estado":[219986],"class_list":["post-1738791","post","type-post","status-publish","format-standard","has-post-thumbnail","hentry","category-fiscal-estadual","category-noticias","tax_estado-rs"],"acf":[],"yoast_head":"<!-- This site is optimized with the Yoast SEO Premium plugin v27.2 (Yoast SEO v27.2) - https:\/\/yoast.com\/product\/yoast-seo-premium-wordpress\/ -->\n<title>EXCLUSIVO! Editais da Sefaz RS nesse semestre!<\/title>\n<meta name=\"description\" content=\"Editais da Sefaz RS devem sair ainda nesse semestre! O concurso ser\u00e1 tanto para Auditor, quanto para o cargo de Analista. Veja!\" \/>\n<meta name=\"robots\" content=\"index, follow, max-snippet:-1, max-image-preview:large, max-video-preview:-1\" \/>\n<link rel=\"canonical\" href=\"https:\/\/www.estrategiaconcursos.com.br\/blog\/editais-da-sefaz-rs-nesse-semestre\/\" \/>\n<meta property=\"og:locale\" content=\"pt_BR\" \/>\n<meta property=\"og:type\" content=\"article\" \/>\n<meta property=\"og:title\" content=\"EXCLUSIVO! Editais da Sefaz RS nesse semestre!\" \/>\n<meta property=\"og:description\" content=\"Editais da Sefaz RS devem sair ainda nesse semestre! O concurso ser\u00e1 tanto para Auditor, quanto para o cargo de Analista. Veja!\" \/>\n<meta property=\"og:url\" content=\"https:\/\/www.estrategiaconcursos.com.br\/blog\/editais-da-sefaz-rs-nesse-semestre\/\" \/>\n<meta property=\"og:site_name\" content=\"Estrat\u00e9gia Concursos\" \/>\n<meta property=\"article:published_time\" content=\"2026-03-18T19:20:15+00:00\" \/>\n<meta property=\"article:modified_time\" content=\"2026-03-18T20:05:02+00:00\" \/>\n<meta property=\"og:image\" content=\"https:\/\/dhg1h5j42swfq.cloudfront.net\/2026\/02\/27113006\/sefaz-rs.jpg\" \/>\n\t<meta property=\"og:image:width\" content=\"768\" \/>\n\t<meta property=\"og:image:height\" content=\"432\" \/>\n\t<meta property=\"og:image:type\" content=\"image\/jpeg\" \/>\n<meta name=\"author\" content=\"F\u00e1bio Scaldelai\" \/>\n<meta name=\"twitter:card\" content=\"summary_large_image\" \/>\n<meta name=\"twitter:creator\" content=\"@EstratConcursos\" \/>\n<meta name=\"twitter:site\" content=\"@EstratConcursos\" \/>\n<meta name=\"twitter:label1\" content=\"Escrito por\" \/>\n\t<meta name=\"twitter:data1\" content=\"F\u00e1bio Scaldelai\" \/>\n\t<meta name=\"twitter:label2\" content=\"Est. tempo de leitura\" \/>\n\t<meta name=\"twitter:data2\" content=\"2 minutos\" \/>\n<script type=\"application\/ld+json\" class=\"yoast-schema-graph\">{\"@context\":\"https:\/\/schema.org\",\"@graph\":[{\"@type\":\"NewsArticle\",\"@id\":\"https:\/\/www.estrategiaconcursos.com.br\/blog\/editais-da-sefaz-rs-nesse-semestre\/#article\",\"isPartOf\":{\"@id\":\"https:\/\/www.estrategiaconcursos.com.br\/blog\/editais-da-sefaz-rs-nesse-semestre\/\"},\"author\":{\"name\":\"F\u00e1bio Scaldelai\",\"@id\":\"https:\/\/www.estrategiaconcursos.com.br\/blog\/#\/schema\/person\/e3b6b7ce0192dd4ad270655969d61750\"},\"headline\":\"EXCLUSIVO! Editais da Sefaz RS nesse semestre!\",\"datePublished\":\"2026-03-18T19:20:15+00:00\",\"dateModified\":\"2026-03-18T20:05:02+00:00\",\"mainEntityOfPage\":{\"@id\":\"https:\/\/www.estrategiaconcursos.com.br\/blog\/editais-da-sefaz-rs-nesse-semestre\/\"},\"wordCount\":400,\"commentCount\":0,\"publisher\":{\"@id\":\"https:\/\/www.estrategiaconcursos.com.br\/blog\/#organization\"},\"image\":{\"@id\":\"https:\/\/www.estrategiaconcursos.com.br\/blog\/editais-da-sefaz-rs-nesse-semestre\/#primaryimage\"},\"thumbnailUrl\":\"https:\/\/dhg1h5j42swfq.cloudfront.net\/2026\/02\/27113006\/sefaz-rs.jpg\",\"articleSection\":[\"Fiscal - Estadual (ICMS)\",\"\u00daltimas not\u00edcias\"],\"inLanguage\":\"pt-BR\",\"potentialAction\":[{\"@type\":\"CommentAction\",\"name\":\"Comment\",\"target\":[\"https:\/\/www.estrategiaconcursos.com.br\/blog\/editais-da-sefaz-rs-nesse-semestre\/#respond\"]}],\"copyrightYear\":\"2026\",\"copyrightHolder\":{\"@id\":\"https:\/\/www.estrategiaconcursos.com.br\/blog\/#organization\"}},{\"@type\":\"WebPage\",\"@id\":\"https:\/\/www.estrategiaconcursos.com.br\/blog\/editais-da-sefaz-rs-nesse-semestre\/\",\"url\":\"https:\/\/www.estrategiaconcursos.com.br\/blog\/editais-da-sefaz-rs-nesse-semestre\/\",\"name\":\"EXCLUSIVO! Editais da Sefaz RS nesse semestre!\",\"isPartOf\":{\"@id\":\"https:\/\/www.estrategiaconcursos.com.br\/blog\/#website\"},\"primaryImageOfPage\":{\"@id\":\"https:\/\/www.estrategiaconcursos.com.br\/blog\/editais-da-sefaz-rs-nesse-semestre\/#primaryimage\"},\"image\":{\"@id\":\"https:\/\/www.estrategiaconcursos.com.br\/blog\/editais-da-sefaz-rs-nesse-semestre\/#primaryimage\"},\"thumbnailUrl\":\"https:\/\/dhg1h5j42swfq.cloudfront.net\/2026\/02\/27113006\/sefaz-rs.jpg\",\"datePublished\":\"2026-03-18T19:20:15+00:00\",\"dateModified\":\"2026-03-18T20:05:02+00:00\",\"description\":\"Editais da Sefaz RS devem sair ainda nesse semestre! O concurso ser\u00e1 tanto para Auditor, quanto para o cargo de Analista. Veja!\",\"breadcrumb\":{\"@id\":\"https:\/\/www.estrategiaconcursos.com.br\/blog\/editais-da-sefaz-rs-nesse-semestre\/#breadcrumb\"},\"inLanguage\":\"pt-BR\",\"potentialAction\":[{\"@type\":\"ReadAction\",\"target\":[\"https:\/\/www.estrategiaconcursos.com.br\/blog\/editais-da-sefaz-rs-nesse-semestre\/\"]}]},{\"@type\":\"ImageObject\",\"inLanguage\":\"pt-BR\",\"@id\":\"https:\/\/www.estrategiaconcursos.com.br\/blog\/editais-da-sefaz-rs-nesse-semestre\/#primaryimage\",\"url\":\"https:\/\/dhg1h5j42swfq.cloudfront.net\/2026\/02\/27113006\/sefaz-rs.jpg\",\"contentUrl\":\"https:\/\/dhg1h5j42swfq.cloudfront.net\/2026\/02\/27113006\/sefaz-rs.jpg\",\"width\":768,\"height\":432,\"caption\":\"Editais da Sefaz RS\"},{\"@type\":\"BreadcrumbList\",\"@id\":\"https:\/\/www.estrategiaconcursos.com.br\/blog\/editais-da-sefaz-rs-nesse-semestre\/#breadcrumb\",\"itemListElement\":[{\"@type\":\"ListItem\",\"position\":1,\"name\":\"In\u00edcio\",\"item\":\"https:\/\/www.estrategiaconcursos.com.br\/blog\/\"},{\"@type\":\"ListItem\",\"position\":2,\"name\":\"EXCLUSIVO! Editais da Sefaz RS nesse semestre!\"}]},{\"@type\":\"WebSite\",\"@id\":\"https:\/\/www.estrategiaconcursos.com.br\/blog\/#website\",\"url\":\"https:\/\/www.estrategiaconcursos.com.br\/blog\/\",\"name\":\"Estrat\u00e9gia Concursos\",\"description\":\"O blog da Estrat\u00e9gia Concursos traz not\u00edcias sobre concursos e artigos de professores oferecendo cursos para concursos (pdf + videaulas) no site.\",\"publisher\":{\"@id\":\"https:\/\/www.estrategiaconcursos.com.br\/blog\/#organization\"},\"potentialAction\":[{\"@type\":\"SearchAction\",\"target\":{\"@type\":\"EntryPoint\",\"urlTemplate\":\"https:\/\/www.estrategiaconcursos.com.br\/blog\/?s={search_term_string}\"},\"query-input\":{\"@type\":\"PropertyValueSpecification\",\"valueRequired\":true,\"valueName\":\"search_term_string\"}}],\"inLanguage\":\"pt-BR\"},{\"@type\":\"Organization\",\"@id\":\"https:\/\/www.estrategiaconcursos.com.br\/blog\/#organization\",\"name\":\"Estrat\u00e9gia Concursos\",\"url\":\"https:\/\/www.estrategiaconcursos.com.br\/blog\/\",\"logo\":{\"@type\":\"ImageObject\",\"inLanguage\":\"pt-BR\",\"@id\":\"https:\/\/www.estrategiaconcursos.com.br\/blog\/#\/schema\/logo\/image\/\",\"url\":\"https:\/\/dhg1h5j42swfq.cloudfront.net\/2025\/06\/03203428\/logo_concursos-1.jpg\",\"contentUrl\":\"https:\/\/dhg1h5j42swfq.cloudfront.net\/2025\/06\/03203428\/logo_concursos-1.jpg\",\"width\":230,\"height\":60,\"caption\":\"Estrat\u00e9gia Concursos\"},\"image\":{\"@id\":\"https:\/\/www.estrategiaconcursos.com.br\/blog\/#\/schema\/logo\/image\/\"},\"sameAs\":[\"https:\/\/x.com\/EstratConcursos\"]},{\"@type\":\"Person\",\"@id\":\"https:\/\/www.estrategiaconcursos.com.br\/blog\/#\/schema\/person\/e3b6b7ce0192dd4ad270655969d61750\",\"name\":\"F\u00e1bio Scaldelai\",\"image\":{\"@type\":\"ImageObject\",\"inLanguage\":\"pt-BR\",\"@id\":\"https:\/\/secure.gravatar.com\/avatar\/8ed7492c4d88d8495bc0cb24cda6847b8ae23eec459a919e08e77d0ca0fd79ec?s=96&d=mm&r=g\",\"url\":\"https:\/\/secure.gravatar.com\/avatar\/8ed7492c4d88d8495bc0cb24cda6847b8ae23eec459a919e08e77d0ca0fd79ec?s=96&d=mm&r=g\",\"contentUrl\":\"https:\/\/secure.gravatar.com\/avatar\/8ed7492c4d88d8495bc0cb24cda6847b8ae23eec459a919e08e77d0ca0fd79ec?s=96&d=mm&r=g\",\"caption\":\"F\u00e1bio Scaldelai\"},\"description\":\"Jornalista no Estrat\u00e9gia Concursos e Produtor de Televis\u00e3o, formado em Jornalismo, R\u00e1dio e TV pela Faculdade Integrada Rio Branco, com especializa\u00e7\u00f5es em Gest\u00e3o Empresarial e Marketing pelo M\u00f3dulo. Atuou como produtor no SBT, TV Bandeirantes e R\u00e1dio Band FM, al\u00e9m de acumular tr\u00eas anos de experi\u00eancia no setor de concursos p\u00fablicos pela LFG (Luiz Fl\u00e1vio Gomes). No Estrat\u00e9gia Concursos, atua na apura\u00e7\u00e3o de not\u00edcias da \u00e1rea fiscal, al\u00e9m de coberturas sobre concursos das \u00e1reas de controle (TCU, TCE, etc), concurso AFT, \u00e1rea de gest\u00e3o e administrativa, bem como dos \u00f3rg\u00e3os participantes do CNU. Tamb\u00e9m possui experi\u00eancia em link building e an\u00e1lise de m\u00eddia, adquirida durante sua atua\u00e7\u00e3o na ag\u00eancia SEO Marketing.\",\"url\":\"https:\/\/www.estrategiaconcursos.com.br\/blog\/author\/fabio-scaldelaiestrategiaconcursos-com-br\/\"}]}<\/script>\n<!-- \/ Yoast SEO Premium plugin. -->","yoast_head_json":{"title":"EXCLUSIVO! Editais da Sefaz RS nesse semestre!","description":"Editais da Sefaz RS devem sair ainda nesse semestre! O concurso ser\u00e1 tanto para Auditor, quanto para o cargo de Analista. Veja!","robots":{"index":"index","follow":"follow","max-snippet":"max-snippet:-1","max-image-preview":"max-image-preview:large","max-video-preview":"max-video-preview:-1"},"canonical":"https:\/\/www.estrategiaconcursos.com.br\/blog\/editais-da-sefaz-rs-nesse-semestre\/","og_locale":"pt_BR","og_type":"article","og_title":"EXCLUSIVO! Editais da Sefaz RS nesse semestre!","og_description":"Editais da Sefaz RS devem sair ainda nesse semestre! O concurso ser\u00e1 tanto para Auditor, quanto para o cargo de Analista. Veja!","og_url":"https:\/\/www.estrategiaconcursos.com.br\/blog\/editais-da-sefaz-rs-nesse-semestre\/","og_site_name":"Estrat\u00e9gia Concursos","article_published_time":"2026-03-18T19:20:15+00:00","article_modified_time":"2026-03-18T20:05:02+00:00","og_image":[{"width":768,"height":432,"url":"https:\/\/dhg1h5j42swfq.cloudfront.net\/2026\/02\/27113006\/sefaz-rs.jpg","type":"image\/jpeg"}],"author":"F\u00e1bio Scaldelai","twitter_card":"summary_large_image","twitter_creator":"@EstratConcursos","twitter_site":"@EstratConcursos","twitter_misc":{"Escrito por":"F\u00e1bio Scaldelai","Est. tempo de leitura":"2 minutos"},"schema":{"@context":"https:\/\/schema.org","@graph":[{"@type":"NewsArticle","@id":"https:\/\/www.estrategiaconcursos.com.br\/blog\/editais-da-sefaz-rs-nesse-semestre\/#article","isPartOf":{"@id":"https:\/\/www.estrategiaconcursos.com.br\/blog\/editais-da-sefaz-rs-nesse-semestre\/"},"author":{"name":"F\u00e1bio Scaldelai","@id":"https:\/\/www.estrategiaconcursos.com.br\/blog\/#\/schema\/person\/e3b6b7ce0192dd4ad270655969d61750"},"headline":"EXCLUSIVO! Editais da Sefaz RS nesse semestre!","datePublished":"2026-03-18T19:20:15+00:00","dateModified":"2026-03-18T20:05:02+00:00","mainEntityOfPage":{"@id":"https:\/\/www.estrategiaconcursos.com.br\/blog\/editais-da-sefaz-rs-nesse-semestre\/"},"wordCount":400,"commentCount":0,"publisher":{"@id":"https:\/\/www.estrategiaconcursos.com.br\/blog\/#organization"},"image":{"@id":"https:\/\/www.estrategiaconcursos.com.br\/blog\/editais-da-sefaz-rs-nesse-semestre\/#primaryimage"},"thumbnailUrl":"https:\/\/dhg1h5j42swfq.cloudfront.net\/2026\/02\/27113006\/sefaz-rs.jpg","articleSection":["Fiscal - Estadual (ICMS)","\u00daltimas not\u00edcias"],"inLanguage":"pt-BR","potentialAction":[{"@type":"CommentAction","name":"Comment","target":["https:\/\/www.estrategiaconcursos.com.br\/blog\/editais-da-sefaz-rs-nesse-semestre\/#respond"]}],"copyrightYear":"2026","copyrightHolder":{"@id":"https:\/\/www.estrategiaconcursos.com.br\/blog\/#organization"}},{"@type":"WebPage","@id":"https:\/\/www.estrategiaconcursos.com.br\/blog\/editais-da-sefaz-rs-nesse-semestre\/","url":"https:\/\/www.estrategiaconcursos.com.br\/blog\/editais-da-sefaz-rs-nesse-semestre\/","name":"EXCLUSIVO! Editais da Sefaz RS nesse semestre!","isPartOf":{"@id":"https:\/\/www.estrategiaconcursos.com.br\/blog\/#website"},"primaryImageOfPage":{"@id":"https:\/\/www.estrategiaconcursos.com.br\/blog\/editais-da-sefaz-rs-nesse-semestre\/#primaryimage"},"image":{"@id":"https:\/\/www.estrategiaconcursos.com.br\/blog\/editais-da-sefaz-rs-nesse-semestre\/#primaryimage"},"thumbnailUrl":"https:\/\/dhg1h5j42swfq.cloudfront.net\/2026\/02\/27113006\/sefaz-rs.jpg","datePublished":"2026-03-18T19:20:15+00:00","dateModified":"2026-03-18T20:05:02+00:00","description":"Editais da Sefaz RS devem sair ainda nesse semestre! O concurso ser\u00e1 tanto para Auditor, quanto para o cargo de Analista. Veja!","breadcrumb":{"@id":"https:\/\/www.estrategiaconcursos.com.br\/blog\/editais-da-sefaz-rs-nesse-semestre\/#breadcrumb"},"inLanguage":"pt-BR","potentialAction":[{"@type":"ReadAction","target":["https:\/\/www.estrategiaconcursos.com.br\/blog\/editais-da-sefaz-rs-nesse-semestre\/"]}]},{"@type":"ImageObject","inLanguage":"pt-BR","@id":"https:\/\/www.estrategiaconcursos.com.br\/blog\/editais-da-sefaz-rs-nesse-semestre\/#primaryimage","url":"https:\/\/dhg1h5j42swfq.cloudfront.net\/2026\/02\/27113006\/sefaz-rs.jpg","contentUrl":"https:\/\/dhg1h5j42swfq.cloudfront.net\/2026\/02\/27113006\/sefaz-rs.jpg","width":768,"height":432,"caption":"Editais da Sefaz RS"},{"@type":"BreadcrumbList","@id":"https:\/\/www.estrategiaconcursos.com.br\/blog\/editais-da-sefaz-rs-nesse-semestre\/#breadcrumb","itemListElement":[{"@type":"ListItem","position":1,"name":"In\u00edcio","item":"https:\/\/www.estrategiaconcursos.com.br\/blog\/"},{"@type":"ListItem","position":2,"name":"EXCLUSIVO! Editais da Sefaz RS nesse semestre!"}]},{"@type":"WebSite","@id":"https:\/\/www.estrategiaconcursos.com.br\/blog\/#website","url":"https:\/\/www.estrategiaconcursos.com.br\/blog\/","name":"Estrat\u00e9gia Concursos","description":"O blog da Estrat\u00e9gia Concursos traz not\u00edcias sobre concursos e artigos de professores oferecendo cursos para concursos (pdf + videaulas) no site.","publisher":{"@id":"https:\/\/www.estrategiaconcursos.com.br\/blog\/#organization"},"potentialAction":[{"@type":"SearchAction","target":{"@type":"EntryPoint","urlTemplate":"https:\/\/www.estrategiaconcursos.com.br\/blog\/?s={search_term_string}"},"query-input":{"@type":"PropertyValueSpecification","valueRequired":true,"valueName":"search_term_string"}}],"inLanguage":"pt-BR"},{"@type":"Organization","@id":"https:\/\/www.estrategiaconcursos.com.br\/blog\/#organization","name":"Estrat\u00e9gia Concursos","url":"https:\/\/www.estrategiaconcursos.com.br\/blog\/","logo":{"@type":"ImageObject","inLanguage":"pt-BR","@id":"https:\/\/www.estrategiaconcursos.com.br\/blog\/#\/schema\/logo\/image\/","url":"https:\/\/dhg1h5j42swfq.cloudfront.net\/2025\/06\/03203428\/logo_concursos-1.jpg","contentUrl":"https:\/\/dhg1h5j42swfq.cloudfront.net\/2025\/06\/03203428\/logo_concursos-1.jpg","width":230,"height":60,"caption":"Estrat\u00e9gia Concursos"},"image":{"@id":"https:\/\/www.estrategiaconcursos.com.br\/blog\/#\/schema\/logo\/image\/"},"sameAs":["https:\/\/x.com\/EstratConcursos"]},{"@type":"Person","@id":"https:\/\/www.estrategiaconcursos.com.br\/blog\/#\/schema\/person\/e3b6b7ce0192dd4ad270655969d61750","name":"F\u00e1bio Scaldelai","image":{"@type":"ImageObject","inLanguage":"pt-BR","@id":"https:\/\/secure.gravatar.com\/avatar\/8ed7492c4d88d8495bc0cb24cda6847b8ae23eec459a919e08e77d0ca0fd79ec?s=96&d=mm&r=g","url":"https:\/\/secure.gravatar.com\/avatar\/8ed7492c4d88d8495bc0cb24cda6847b8ae23eec459a919e08e77d0ca0fd79ec?s=96&d=mm&r=g","contentUrl":"https:\/\/secure.gravatar.com\/avatar\/8ed7492c4d88d8495bc0cb24cda6847b8ae23eec459a919e08e77d0ca0fd79ec?s=96&d=mm&r=g","caption":"F\u00e1bio Scaldelai"},"description":"Jornalista no Estrat\u00e9gia Concursos e Produtor de Televis\u00e3o, formado em Jornalismo, R\u00e1dio e TV pela Faculdade Integrada Rio Branco, com especializa\u00e7\u00f5es em Gest\u00e3o Empresarial e Marketing pelo M\u00f3dulo. Atuou como produtor no SBT, TV Bandeirantes e R\u00e1dio Band FM, al\u00e9m de acumular tr\u00eas anos de experi\u00eancia no setor de concursos p\u00fablicos pela LFG (Luiz Fl\u00e1vio Gomes). No Estrat\u00e9gia Concursos, atua na apura\u00e7\u00e3o de not\u00edcias da \u00e1rea fiscal, al\u00e9m de coberturas sobre concursos das \u00e1reas de controle (TCU, TCE, etc), concurso AFT, \u00e1rea de gest\u00e3o e administrativa, bem como dos \u00f3rg\u00e3os participantes do CNU. Tamb\u00e9m possui experi\u00eancia em link building e an\u00e1lise de m\u00eddia, adquirida durante sua atua\u00e7\u00e3o na ag\u00eancia SEO Marketing.","url":"https:\/\/www.estrategiaconcursos.com.br\/blog\/author\/fabio-scaldelaiestrategiaconcursos-com-br\/"}]}},"_links":{"self":[{"href":"https:\/\/www.estrategiaconcursos.com.br\/blog\/wp-json\/wp\/v2\/posts\/1738791","targetHints":{"allow":["GET"]}}],"collection":[{"href":"https:\/\/www.estrategiaconcursos.com.br\/blog\/wp-json\/wp\/v2\/posts"}],"about":[{"href":"https:\/\/www.estrategiaconcursos.com.br\/blog\/wp-json\/wp\/v2\/types\/post"}],"author":[{"embeddable":true,"href":"https:\/\/www.estrategiaconcursos.com.br\/blog\/wp-json\/wp\/v2\/users\/656"}],"replies":[{"embeddable":true,"href":"https:\/\/www.estrategiaconcursos.com.br\/blog\/wp-json\/wp\/v2\/comments?post=1738791"}],"version-history":[{"count":6,"href":"https:\/\/www.estrategiaconcursos.com.br\/blog\/wp-json\/wp\/v2\/posts\/1738791\/revisions"}],"predecessor-version":[{"id":1738865,"href":"https:\/\/www.estrategiaconcursos.com.br\/blog\/wp-json\/wp\/v2\/posts\/1738791\/revisions\/1738865"}],"wp:featuredmedia":[{"embeddable":true,"href":"https:\/\/www.estrategiaconcursos.com.br\/blog\/wp-json\/wp\/v2\/media\/1722494"}],"wp:attachment":[{"href":"https:\/\/www.estrategiaconcursos.com.br\/blog\/wp-json\/wp\/v2\/media?parent=1738791"}],"wp:term":[{"taxonomy":"category","embeddable":true,"href":"https:\/\/www.estrategiaconcursos.com.br\/blog\/wp-json\/wp\/v2\/categories?post=1738791"},{"taxonomy":"post_tag","embeddable":true,"href":"https:\/\/www.estrategiaconcursos.com.br\/blog\/wp-json\/wp\/v2\/tags?post=1738791"},{"taxonomy":"tax_estado","embeddable":true,"href":"https:\/\/www.estrategiaconcursos.com.br\/blog\/wp-json\/wp\/v2\/tax_estado?post=1738791"}],"curies":[{"name":"wp","href":"https:\/\/api.w.org\/{rel}","templated":true}]}}