{"id":1737989,"date":"2026-04-22T09:17:00","date_gmt":"2026-04-22T12:17:00","guid":{"rendered":"https:\/\/www.estrategiaconcursos.com.br\/blog\/?p=1737989"},"modified":"2026-04-22T11:23:16","modified_gmt":"2026-04-22T14:23:16","slug":"concurso-prefeitura-santa-vitoria-palmar","status":"publish","type":"post","link":"https:\/\/www.estrategiaconcursos.com.br\/blog\/concurso-prefeitura-santa-vitoria-palmar\/","title":{"rendered":"Concurso Santa Vit\u00f3ria do Palmar: inscri\u00e7\u00f5es encerradas"},"content":{"rendered":"\n\n\n<p id=\"p-rc_f7775e9bc349f5ab-209\">As inscri\u00e7\u00f5es do Concurso <strong><a href=\"https:\/\/www.estrategiaconcursos.com.br\/cursosPorConcurso\/santa-vitoria-do-palmar-rs\/\" target=\"_blank\" rel=\"noreferrer noopener\">Prefeitura de Santa Vit\u00f3ria do Palmar<\/a><\/strong>, munic\u00edpio do estado do Rio Grande do Sul, foram encerradas.<\/p>\n\n\n\n<p id=\"p-rc_f7775e9bc349f5ab-209\">Diretamente pelo site da banca organizadora, o <strong>Instituto Legalle<\/strong>, as inscri\u00e7\u00f5es foram encerradas no <strong>dia 21 de abril<\/strong>.<\/p>\n\n\n\n<p>Lembrando que o edital oferece <strong>88 vagas imediatas<\/strong> e forma\u00e7\u00e3o de cadastro de reserva para cargos de n\u00edveis fundamental, m\u00e9dio, t\u00e9cnico e superior.<\/p>\n\n\n\n<p id=\"p-rc_f7775e9bc349f5ab-216\">A etapa principal do certame ser\u00e1 a prova te\u00f3rico-objetiva, agendada para o dia <strong>14 de junho<\/strong>. A depender do cargo, outras etapas poder\u00e3o ser aplicadas.<\/p>\n\n\n\n<ul class=\"wp-block-list has-very-light-gray-to-cyan-bluish-gray-gradient-background has-background\">\n<li><strong>Prefeitura Municipal de Santa Vit\u00f3ria do Palmar &#8211; RS<\/strong><\/li>\n\n\n\n<li><strong style=\"color: initial;\">Status:\u00a0<\/strong>inscri\u00e7\u00f5es encerradas\/Provas 14\/06<\/li>\n\n\n\n<li><strong>Banca:<\/strong>&nbsp;<a href=\"https:\/\/portal.institutolegalle.org.br\/edital\/ver\/58\" target=\"_blank\" rel=\"noreferrer noopener\">Instituto Legalle<\/a><\/li>\n\n\n\n<li><strong>Vagas:<\/strong> 88 + CR<\/li>\n\n\n\n<li><strong>Sal\u00e1rio inicial:<\/strong>&nbsp;R$ 1.558,34 a R$ 7.878,01<\/li>\n\n\n\n<li><strong>Edital<\/strong>:&nbsp;<a href=\"https:\/\/dhg1h5j42swfq.cloudfront.net\/2026\/03\/24115354\/edital-concurso-prefeitura-de-santa-vitoria-do-palmar-rs-2026-estrategia-concursos.pdf\" target=\"_blank\" rel=\"noreferrer noopener nofollow\">Santa Vit\u00f3ria do Palmar 2026<\/a><\/li>\n<\/ul>\n\n\n\n<p>Neste artigo voc\u00ea encontra as principais informa\u00e7\u00f5es do concurso. Acompanhe os t\u00f3picos abaixo e n\u00e3o perca nenhum detalhe:<\/p>\n\n\n\n<ul id=\"indice\" class=\"wp-block-list\">\n<li><strong><a href=\"#datas\">Principais datas<\/a><\/strong><\/li>\n\n\n\n<li><a href=\"#retifica\"><strong>Retifica\u00e7\u00f5es<\/strong><\/a><\/li>\n\n\n\n<li><strong><a href=\"#cargo\">Cargos, vagas e sal\u00e1rios<\/a><\/strong><\/li>\n\n\n\n<li><a href=\"#etapas\"><strong>Etapa de prova<\/strong><\/a><\/li>\n\n\n\n<li><a href=\"#cursos\"><strong>Assinatura e cursos<\/strong><\/a><\/li>\n\n\n\n<li><a href=\"#ficha\"><strong>Ficha t\u00e9cnica<\/strong><\/a><\/li>\n<\/ul>\n\n\n\n<div class=\"container\" id=\"boxes\">\n  <div class=\"row\">\n\n    <div class=\"col-sm\">\n      <div class=\"banner-prefeituras-ec\" id=\"box-assinatura\">\n        <h2 class=\"titulo-assinatura\" style=\"text-align: left;\">Concursos Prefeituras<\/h2>\n        <p class=\"subtitulo-assinatura\" style=\"text-align: left;\">Prepara\u00e7\u00e3o completa para a carreira!<\/p>\n        <div class=\"box-botao\" style=\"text-align: left;\">\n          <a class=\"btn-assinatura\" target=\"_blank\" href=\"https:\/\/www.estrategiaconcursos.com.br\/cursosPorConcurso\/santa-vitoria-do-palmar-rs\/\" role=\"button\" rel=\"noopener noreferrer\">EXPLORAR CURSOS<\/a>\n        <\/div>\n      <\/div><\/div><\/div><\/div>\n\n\n\n<h2 class=\"wp-block-heading\" id=\"datas\">Principais datas do concurso Santa Vit\u00f3ria do Palmar<\/h2>\n\n\n\n<ul class=\"wp-block-list\">\n<li><strong>Inscri\u00e7\u00f5es:<\/strong><s> 23 de mar\u00e7o a 21 de abril<\/s><\/li>\n\n\n\n<li><strong>Isen\u00e7\u00e3o da taxa:<\/strong> <s>23 a 29 de mar\u00e7o<\/s><\/li>\n\n\n\n<li><strong>Pagamento da taxa:<\/strong> <s>at\u00e9 21 de abril<\/s><\/li>\n\n\n\n<li><strong>Data da prova objetiva:<\/strong> 14 de junho <\/li>\n<\/ul>\n\n\n\n<h2 class=\"wp-block-heading\" id=\"retifica\">Retifica\u00e7\u00f5es<\/h2>\n\n\n\n<ul class=\"wp-block-list\">\n<li><strong><a href=\"https:\/\/cdn.institutolegalle.org.br\/edital\/1\/58\/2d84f1a03da8345fe05bcb8f6201e418.pdf\" target=\"_blank\" rel=\"noreferrer noopener nofollow\">15\/04\/2026<\/a>:<\/strong> cadastro de reserva adicionado e conte\u00fado program\u00e1tico adicionado.<\/li>\n<\/ul>\n\n\n\n<h2 class=\"wp-block-heading\" id=\"cargo\">Concurso Santa Vit\u00f3ria do Palmar: cargos, vagas e sal\u00e1rios<\/h2>\n\n\n\n<p>O Munic\u00edpio tem institu\u00eddo o pagamento de <strong>vale-alimenta\u00e7\u00e3o no valor atual de R$ 23,00 por dia <\/strong>efetivamente trabalhado, tendo como contrapartida do servidor o desconto em folha de pagamento do valor de R$ 2,00 do total do vale.<\/p>\n\n\n\n<h3 class=\"wp-block-heading\" id=\"superior\">N\u00edvel superior<\/h3>\n\n\n\n<figure class=\"wp-block-table is-style-stripes\"><table class=\"has-fixed-layout\"><thead><tr><td class=\"has-text-align-center\" data-align=\"center\"><strong>Cargos<\/strong><\/td><td class=\"has-text-align-center\" data-align=\"center\"><strong>Total de Vagas<\/strong><\/td><td class=\"has-text-align-center\" data-align=\"center\"><strong>Vencimento\/Sal\u00e1rio (R$)<\/strong><\/td><\/tr><\/thead><tbody><tr><td class=\"has-text-align-center\" data-align=\"center\">Administrador<\/td><td class=\"has-text-align-center\" data-align=\"center\">Cadastro de Reserva<\/td><td class=\"has-text-align-center\" data-align=\"center\">4.890,89 <sup><\/sup><\/td><\/tr><tr><td class=\"has-text-align-center\" data-align=\"center\">Advogado<\/td><td class=\"has-text-align-center\" data-align=\"center\">Cadastro de Reserva<\/td><td class=\"has-text-align-center\" data-align=\"center\">4.890,89 <sup><\/sup><\/td><\/tr><tr><td class=\"has-text-align-center\" data-align=\"center\">Analista Ambiental<\/td><td class=\"has-text-align-center\" data-align=\"center\">Cadastro de Reserva<\/td><td class=\"has-text-align-center\" data-align=\"center\">4.890,89 <sup><\/sup><\/td><\/tr><tr><td class=\"has-text-align-center\" data-align=\"center\">Analista de Sistema<\/td><td class=\"has-text-align-center\" data-align=\"center\">Cadastro de Reserva<\/td><td class=\"has-text-align-center\" data-align=\"center\">4.890,89 <sup><\/sup><\/td><\/tr><tr><td class=\"has-text-align-center\" data-align=\"center\">Arquiteto<\/td><td class=\"has-text-align-center\" data-align=\"center\">Cadastro de Reserva<\/td><td class=\"has-text-align-center\" data-align=\"center\">4.890,89 <sup><\/sup><\/td><\/tr><tr><td class=\"has-text-align-center\" data-align=\"center\">Assistente Social<\/td><td class=\"has-text-align-center\" data-align=\"center\">02<\/td><td class=\"has-text-align-center\" data-align=\"center\">4.890,89 <sup><\/sup><\/td><\/tr><tr><td class=\"has-text-align-center\" data-align=\"center\">Comunicador Social<\/td><td class=\"has-text-align-center\" data-align=\"center\">Cadastro de Reserva<\/td><td class=\"has-text-align-center\" data-align=\"center\">4.890,89 <sup><\/sup><\/td><\/tr><tr><td class=\"has-text-align-center\" data-align=\"center\">Contador<\/td><td class=\"has-text-align-center\" data-align=\"center\">Cadastro de Reserva<\/td><td class=\"has-text-align-center\" data-align=\"center\">4.890,89 <sup><\/sup><\/td><\/tr><tr><td class=\"has-text-align-center\" data-align=\"center\">Enfermeiro<\/td><td class=\"has-text-align-center\" data-align=\"center\">02<\/td><td class=\"has-text-align-center\" data-align=\"center\">4.890,89 <sup><\/sup><\/td><\/tr><tr><td class=\"has-text-align-center\" data-align=\"center\">Engenheiro Agr\u00f4nomo<\/td><td class=\"has-text-align-center\" data-align=\"center\">Cadastro de Reserva<\/td><td class=\"has-text-align-center\" data-align=\"center\">4.890,89 <sup><\/sup><\/td><\/tr><tr><td class=\"has-text-align-center\" data-align=\"center\">Engenheiro Civil<\/td><td class=\"has-text-align-center\" data-align=\"center\">Cadastro de Reserva<\/td><td class=\"has-text-align-center\" data-align=\"center\">4.890,89 <sup><\/sup><sup><\/sup><sup><\/sup><\/td><\/tr><tr><td class=\"has-text-align-center\" data-align=\"center\">Farmac\u00eautico<\/td><td class=\"has-text-align-center\" data-align=\"center\">Cadastro de Reserva<\/td><td class=\"has-text-align-center\" data-align=\"center\">4.890,89 <sup><\/sup><sup><\/sup><sup><\/sup><\/td><\/tr><tr><td class=\"has-text-align-center\" data-align=\"center\">Fisioterapeuta<\/td><td class=\"has-text-align-center\" data-align=\"center\">01<\/td><td class=\"has-text-align-center\" data-align=\"center\">4.890,89 <sup><\/sup><sup><\/sup><sup><\/sup><\/td><\/tr><tr><td class=\"has-text-align-center\" data-align=\"center\">Fonoaudi\u00f3logo<\/td><td class=\"has-text-align-center\" data-align=\"center\">01<\/td><td class=\"has-text-align-center\" data-align=\"center\">4.890,89 <sup><\/sup><sup><\/sup><sup><\/sup><\/td><\/tr><tr><td class=\"has-text-align-center\" data-align=\"center\">M\u00e9dico Estrat\u00e9gia Sa\u00fade da Fam\u00edlia<\/td><td class=\"has-text-align-center\" data-align=\"center\">Cadastro de Reserva<\/td><td class=\"has-text-align-center\" data-align=\"center\">7.878,01 <sup><\/sup><sup><\/sup><sup><\/sup><\/td><\/tr><tr><td class=\"has-text-align-center\" data-align=\"center\">M\u00e9dico Veterin\u00e1rio<\/td><td class=\"has-text-align-center\" data-align=\"center\">Cadastro de Reserva<\/td><td class=\"has-text-align-center\" data-align=\"center\">4.890,89 <sup><\/sup><sup><\/sup><sup><\/sup><\/td><\/tr><tr><td class=\"has-text-align-center\" data-align=\"center\">Nutricionista<\/td><td class=\"has-text-align-center\" data-align=\"center\">Cadastro de Reserva<\/td><td class=\"has-text-align-center\" data-align=\"center\">4.890,89 <sup><\/sup><sup><\/sup><sup><\/sup><\/td><\/tr><tr><td class=\"has-text-align-center\" data-align=\"center\">Odont\u00f3logo<\/td><td class=\"has-text-align-center\" data-align=\"center\">Cadastro de Reserva<\/td><td class=\"has-text-align-center\" data-align=\"center\">4.890,89 <sup><\/sup><sup><\/sup><sup><\/sup><\/td><\/tr><tr><td class=\"has-text-align-center\" data-align=\"center\">Professor de Educa\u00e7\u00e3o Infantil<\/td><td class=\"has-text-align-center\" data-align=\"center\">14<\/td><td class=\"has-text-align-center\" data-align=\"center\">2.572,12 <sup><\/sup><sup><\/sup><sup><\/sup><\/td><\/tr><tr><td class=\"has-text-align-center\" data-align=\"center\">Prof. E.F. S\u00e9ries Finais &#8211; Artes<\/td><td class=\"has-text-align-center\" data-align=\"center\">Cadastro de Reserva<\/td><td class=\"has-text-align-center\" data-align=\"center\">2.572,12 <sup><\/sup><sup><\/sup><sup><\/sup><\/td><\/tr><tr><td class=\"has-text-align-center\" data-align=\"center\">Prof. E.F. S\u00e9ries Finais &#8211; Ci\u00eancias<\/td><td class=\"has-text-align-center\" data-align=\"center\">01<\/td><td class=\"has-text-align-center\" data-align=\"center\">2.572,12 <sup><\/sup><sup><\/sup><sup><\/sup><\/td><\/tr><tr><td class=\"has-text-align-center\" data-align=\"center\">Prof. E.F. S\u00e9ries Finais &#8211; Educa\u00e7\u00e3o F\u00edsica<\/td><td class=\"has-text-align-center\" data-align=\"center\">02<\/td><td class=\"has-text-align-center\" data-align=\"center\">2.572,12 <sup><\/sup><sup><\/sup><sup><\/sup><\/td><\/tr><tr><td class=\"has-text-align-center\" data-align=\"center\">Prof. E.F. S\u00e9ries Finais &#8211; Geografia<\/td><td class=\"has-text-align-center\" data-align=\"center\">02<\/td><td class=\"has-text-align-center\" data-align=\"center\">2.572,12 <sup><\/sup><sup><\/sup><sup><\/sup><\/td><\/tr><tr><td class=\"has-text-align-center\" data-align=\"center\">Prof. E.F. S\u00e9ries Finais &#8211; Hist\u00f3ria<\/td><td class=\"has-text-align-center\" data-align=\"center\">01<\/td><td class=\"has-text-align-center\" data-align=\"center\">2.572,12 <sup><\/sup><sup><\/sup><sup><\/sup><\/td><\/tr><tr><td class=\"has-text-align-center\" data-align=\"center\">Prof. E.F. S\u00e9ries Finais &#8211; Matem\u00e1tica<\/td><td class=\"has-text-align-center\" data-align=\"center\">Cadastro de Reserva<\/td><td class=\"has-text-align-center\" data-align=\"center\">2.572,12 <sup><\/sup><\/td><\/tr><tr><td class=\"has-text-align-center\" data-align=\"center\">Prof. E.F. S\u00e9ries Finais &#8211; Portugu\u00eas\/Espanhol<\/td><td class=\"has-text-align-center\" data-align=\"center\">Cadastro de Reserva<\/td><td class=\"has-text-align-center\" data-align=\"center\">2.572,12 <sup><\/sup><\/td><\/tr><tr><td class=\"has-text-align-center\" data-align=\"center\">Prof. E.F. S\u00e9ries Finais &#8211; Portugu\u00eas\/Ingl\u00eas<\/td><td class=\"has-text-align-center\" data-align=\"center\">02<\/td><td class=\"has-text-align-center\" data-align=\"center\">2.572,12 <sup><\/sup><\/td><\/tr><tr><td class=\"has-text-align-center\" data-align=\"center\">Prof. E.F. Educa\u00e7\u00e3o F\u00edsica S\u00e9ries Iniciais<\/td><td class=\"has-text-align-center\" data-align=\"center\">Cadastro de Reserva<\/td><td class=\"has-text-align-center\" data-align=\"center\">2.572,12 <sup><\/sup><\/td><\/tr><tr><td class=\"has-text-align-center\" data-align=\"center\">Prof. E.F. S\u00e9ries Iniciais<\/td><td class=\"has-text-align-center\" data-align=\"center\">02<\/td><td class=\"has-text-align-center\" data-align=\"center\">2.572,12 <sup><\/sup><\/td><\/tr><tr><td class=\"has-text-align-center\" data-align=\"center\">Psic\u00f3logo<\/td><td class=\"has-text-align-center\" data-align=\"center\">01<\/td><td class=\"has-text-align-center\" data-align=\"center\">4.890,89 <sup><\/sup><\/td><\/tr><tr><td class=\"has-text-align-center\" data-align=\"center\">Terapeuta Ocupacional<\/td><td class=\"has-text-align-center\" data-align=\"center\">Cadastro de Reserva<\/td><td class=\"has-text-align-center\" data-align=\"center\">4.890,89 <sup><\/sup><\/td><\/tr><tr><td class=\"has-text-align-center\" data-align=\"center\">Turism\u00f3logo<\/td><td class=\"has-text-align-center\" data-align=\"center\">Cadastro de Reserva<\/td><td class=\"has-text-align-center\" data-align=\"center\">4.890,89 <sup><\/sup><\/td><\/tr><\/tbody><\/table><\/figure>\n\n\n\n<p>Ser\u00e1 considerada forma\u00e7\u00e3o na \u00e1rea de Educa\u00e7\u00e3o os cursos relativos aos temas relacionados na \u00e1rea da Educa\u00e7\u00e3o na Tabela de \u00c1reas de Conhecimento da Coordena\u00e7\u00e3o de  Aperfei\u00e7oamento de Pessoal de N\u00edvel Superior (CAPES) do Minist\u00e9rio da Educa\u00e7\u00e3o (Anexo 4 deste Edital) e reconhecidos pelo Minist\u00e9rio da Educa\u00e7\u00e3o.<\/p>\n\n\n\n<h3 class=\"wp-block-heading\" id=\"medio\">N\u00edvel m\u00e9dio\/t\u00e9cnico<\/h3>\n\n\n\n<figure class=\"wp-block-table is-style-stripes\"><table class=\"has-fixed-layout\"><thead><tr><td class=\"has-text-align-center\" data-align=\"center\"><strong>Cargos<\/strong><\/td><td class=\"has-text-align-center\" data-align=\"center\"><strong>Total de Vagas<\/strong><\/td><td class=\"has-text-align-center\" data-align=\"center\"><strong>Vencimento\/Sal\u00e1rio (R$)<\/strong><\/td><\/tr><\/thead><tbody><tr><td class=\"has-text-align-center\" data-align=\"center\">Agente Administrativo<\/td><td class=\"has-text-align-center\" data-align=\"center\">12 + CR<\/td><td class=\"has-text-align-center\" data-align=\"center\">1.885,58 <sup><\/sup><sup><\/sup><sup><\/sup><\/td><\/tr><tr><td class=\"has-text-align-center\" data-align=\"center\">Agente Sanit\u00e1rio<\/td><td class=\"has-text-align-center\" data-align=\"center\">01 + CR<\/td><td class=\"has-text-align-center\" data-align=\"center\">1.885,58 <sup><\/sup><sup><\/sup><sup><\/sup><\/td><\/tr><tr><td class=\"has-text-align-center\" data-align=\"center\">Cadastrador<\/td><td class=\"has-text-align-center\" data-align=\"center\">01 + CR<\/td><td class=\"has-text-align-center\" data-align=\"center\">2.281,66 <sup><\/sup><sup><\/sup><sup><\/sup><\/td><\/tr><tr><td class=\"has-text-align-center\" data-align=\"center\">Design Gr\u00e1fico<\/td><td class=\"has-text-align-center\" data-align=\"center\">Cadastro de Reserva<\/td><td class=\"has-text-align-center\" data-align=\"center\">2.281,66 <sup><\/sup><sup><\/sup><sup><\/sup><\/td><\/tr><tr><td class=\"has-text-align-center\" data-align=\"center\">Fiscal<\/td><td class=\"has-text-align-center\" data-align=\"center\">04 + CR<\/td><td class=\"has-text-align-center\" data-align=\"center\">2.281,66 <sup><\/sup><sup><\/sup><sup><\/sup><\/td><\/tr><tr><td class=\"has-text-align-center\" data-align=\"center\">Monitor de Educa\u00e7\u00e3o<\/td><td class=\"has-text-align-center\" data-align=\"center\">11 + CR<\/td><td class=\"has-text-align-center\" data-align=\"center\">1.714,14 <sup><\/sup><sup><\/sup><sup><\/sup><\/td><\/tr><tr><td class=\"has-text-align-center\" data-align=\"center\">Secret\u00e1rio Escolar<\/td><td class=\"has-text-align-center\" data-align=\"center\">03 + CR<\/td><td class=\"has-text-align-center\" data-align=\"center\">1.558,34* <sup><\/sup><sup><\/sup><sup><\/sup><\/td><\/tr><tr><td class=\"has-text-align-center\" data-align=\"center\">T\u00e9cnico em Contabilidade<\/td><td class=\"has-text-align-center\" data-align=\"center\">Cadastro de Reserva<\/td><td class=\"has-text-align-center\" data-align=\"center\">2.281,66 <sup><\/sup><sup><\/sup><sup><\/sup><\/td><\/tr><tr><td class=\"has-text-align-center\" data-align=\"center\">T\u00e9cnico em Edifica\u00e7\u00f5es<\/td><td class=\"has-text-align-center\" data-align=\"center\">01 + CR<\/td><td class=\"has-text-align-center\" data-align=\"center\">2.281,66 <sup><\/sup><sup><\/sup><sup><\/sup><\/td><\/tr><tr><td class=\"has-text-align-center\" data-align=\"center\">T\u00e9cnico em Enfermagem<\/td><td class=\"has-text-align-center\" data-align=\"center\">01 + CR<\/td><td class=\"has-text-align-center\" data-align=\"center\">2.281,66 <sup><\/sup><\/td><\/tr><tr><td class=\"has-text-align-center\" data-align=\"center\">T\u00e9cnico em Seguran\u00e7a do Trabalho<\/td><td class=\"has-text-align-center\" data-align=\"center\">Cadastro de Reserva<\/td><td class=\"has-text-align-center\" data-align=\"center\">2.281,66 <sup><\/sup><\/td><\/tr><\/tbody><\/table><\/figure>\n\n\n\n<p><strong>*<\/strong>Vencimento b\u00e1sico complementado at\u00e9 o sal\u00e1rio-m\u00ednimo nacional.<\/p>\n\n\n\n<h3 class=\"wp-block-heading\" id=\"fundamental\">N\u00edvel fundamental<\/h3>\n\n\n\n<figure class=\"wp-block-table is-style-stripes\"><table class=\"has-fixed-layout\"><thead><tr><td class=\"has-text-align-center\" data-align=\"center\"><strong>Cargos<\/strong><\/td><td class=\"has-text-align-center\" data-align=\"center\"><strong>Total de Vagas<\/strong><\/td><td class=\"has-text-align-center\" data-align=\"center\"><strong>Vencimento\/Sal\u00e1rio (R$)<\/strong><\/td><\/tr><\/thead><tbody><tr><td class=\"has-text-align-center\" data-align=\"center\">Motorista<\/td><td class=\"has-text-align-center\" data-align=\"center\">07 + CR<\/td><td class=\"has-text-align-center\" data-align=\"center\">1.630,00 <sup><\/sup><sup><\/sup><sup><\/sup><\/td><\/tr><tr><td class=\"has-text-align-center\" data-align=\"center\">Operador de M\u00e1quinas<\/td><td class=\"has-text-align-center\" data-align=\"center\">Cadastro de Reserva<\/td><td class=\"has-text-align-center\" data-align=\"center\">1.630,00 <sup><\/sup><sup><\/sup><sup><\/sup><\/td><\/tr><tr><td class=\"has-text-align-center\" data-align=\"center\">Oper\u00e1rio<\/td><td class=\"has-text-align-center\" data-align=\"center\">16 + CR<\/td><td class=\"has-text-align-center\" data-align=\"center\">1.630,00 <sup><\/sup><sup><\/sup><sup><\/sup><\/td><\/tr><\/tbody><\/table><\/figure>\n\n\n\n<h3 class=\"wp-block-heading\">Etapas do concurso<\/h3>\n\n\n\n<p id=\"p-rc_f7775e9bc349f5ab-272\">O certame \u00e9 composto por diversas fases que avaliam as compet\u00eancias gerais e espec\u00edficas de cada fun\u00e7\u00e3o<sup><\/sup>:<\/p>\n\n\n\n<ul class=\"wp-block-list\">\n<li><strong>Prova Te\u00f3rico-Objetiva:<\/strong> De car\u00e1ter eliminat\u00f3rio e classificat\u00f3rio para <strong>todos os cargos<\/strong>.<\/li>\n\n\n\n<li><strong>Prova Discursiva:<\/strong> De car\u00e1ter eliminat\u00f3rio e classificat\u00f3rio para cargos de <strong>N\u00edvel Superior<\/strong> (exceto professores).<\/li>\n\n\n\n<li><strong>Prova Did\u00e1tica:<\/strong> De car\u00e1ter eliminat\u00f3rio e classificat\u00f3rio para cargos de <strong>Professores<\/strong>.<\/li>\n\n\n\n<li><strong>Prova Pr\u00e1tica:<\/strong> De car\u00e1ter eliminat\u00f3rio e classificat\u00f3rio para <strong>Motorista, Operador de M\u00e1quinas e Oper\u00e1rio<\/strong>.<\/li>\n\n\n\n<li><strong>Prova de T\u00edtulos:<\/strong> De car\u00e1ter exclusivamente classificat\u00f3rio para <strong>N\u00edvel Superior e Professores<\/strong>.<\/li>\n<\/ul>\n\n\n\n<h2 class=\"wp-block-heading\" id=\"etapas\">Concurso Santa Vit\u00f3ria do Palmar: etapas de avalia\u00e7\u00f5es<\/h2>\n\n\n\n<p id=\"p-rc_f7775e9bc349f5ab-216\">A etapa principal do certame ser\u00e1 a<strong> prova te\u00f3rico-objetiva<\/strong>, agendada para o dia 14 de junho. Esta avalia\u00e7\u00e3o ter\u00e1 dura\u00e7\u00e3o de at\u00e9 3 horas e ser\u00e1 aplicada em turnos distintos: pela manh\u00e3 para n\u00edveis m\u00e9dio e t\u00e9cnico, e \u00e0 tarde para n\u00edveis fundamental e superior.<\/p>\n\n\n\n<p>Al\u00e9m da prova objetiva, o concurso prev\u00ea fases espec\u00edficas para determinados cargos:<\/p>\n\n\n\n<ul class=\"wp-block-list\">\n<li><strong>N\u00edvel superior (exceto professores):<\/strong> prova discursiva e prova de t\u00edtulos;<\/li>\n\n\n\n<li><strong>Professores:<\/strong> prova did\u00e1tica e prova de t\u00edtulos; e<\/li>\n\n\n\n<li><strong>Motorista, Operador de M\u00e1quinas e Oper\u00e1rio:<\/strong> prova pr\u00e1tica.<\/li>\n<\/ul>\n\n\n\n<hr class=\"wp-block-separator has-alpha-channel-opacity\"\/>\n\n\n\n<h2 class=\"wp-block-heading has-text-align-center\" id=\"cursos\"><em>Quer estudar para o concurso?<\/em><\/h2>\n\n\n\n<div class=\"container\" id=\"boxes\">\n  <div class=\"row\">\n\n    <div class=\"col-sm\">\n      <div class=\"banner-prefeituras-ec\" id=\"box-assinatura\">\n        <h2 class=\"titulo-assinatura\" style=\"text-align: left;\">Concursos Prefeituras<\/h2>\n        <p class=\"subtitulo-assinatura\" style=\"text-align: left;\">Prepara\u00e7\u00e3o completa para a carreira!<\/p>\n        <div class=\"box-botao\" style=\"text-align: left;\">\n          <a class=\"btn-assinatura\" target=\"_blank\" href=\"https:\/\/www.estrategiaconcursos.com.br\/cursosPorConcurso\/santa-vitoria-do-palmar-rs\/\" role=\"button\" rel=\"noopener noreferrer\">EXPLORAR CURSOS<\/a>\n        <\/div>\n      <\/div><\/div><\/div><\/div>\n\n\n\n<div class=\"container\" id=\"boxes\">\n  <div class=\"row\">\n\n    <div class=\"col-sm\">\n      <div class=\"estrategia\" id=\"box-assinatura\">\n        <h3 class=\"titulo-assinatura\">Assinatura Concursos<\/h3>\n        <p class=\"subtitulo-assinatura\">Assinatura de 1 ano ou 2 anos<\/p>\n        <div class=\"box-botao\">\n          <a class=\"btn-assinatura\" target=\"_blank\" href=\"https:\/\/www.estrategiaconcursos.com.br\/assinaturas\/\" role=\"button\" rel=\"noopener noreferrer\">ASSINE AGORA<\/a>\n        <\/div>\n      <\/div><\/div><\/div><\/div>\n\n\n\n<h2 class=\"wp-block-heading has-text-align-center\" id=\"h-quer-saber-tudo-sobre-concursos-previstos-confira-os-nossos-artigos\">Quer saber tudo sobre concursos previstos?<br \/>Confira os nossos artigos!<\/h2>\n\n\n\n<ul class=\"wp-block-list\">\n<li><a href=\"https:\/\/www.estrategiaconcursos.com.br\/blog\/concursos-abertos\/\" target=\"_blank\" rel=\"noreferrer noopener\">Concursos Abertos<\/a><\/li>\n\n\n\n<li><a href=\"https:\/\/www.estrategiaconcursos.com.br\/blog\/concursos-abertos-prefeituras\/?srsltid=AfmBOoqFWRgstAdShu3KWy5n7AcJBl-fkHeMc1_9f6PHsVgg__40c37J\" target=\"_blank\" rel=\"noreferrer noopener\">Concursos Abertos de Prefeituras<\/a><\/li>\n\n\n\n<li><a href=\"https:\/\/www.estrategiaconcursos.com.br\/blog\/concursos-prefeituras\/?srsltid=AfmBOorp0jdmPvhohqUpcOPqtdgGzza7gaSiuJGE4abLyOza9ZuL4Nex\" target=\"_blank\" rel=\"noreferrer noopener\">Concursos Prefeituras<\/a><\/li>\n\n\n\n<li><a href=\"https:\/\/www.estrategiaconcursos.com.br\/blog\/concursos-2026\/\" target=\"_blank\" rel=\"noreferrer noopener\">Concursos 2026<\/a><\/li>\n<\/ul>\n\n\n\n<figure class=\"wp-block-image is-resized\"><img loading=\"lazy\" decoding=\"async\" width=\"1024\" height=\"632\" src=\"https:\/\/dhg1h5j42swfq.cloudfront.net\/2021\/04\/01161145\/ficha-tecnica-5-1024x632.png\" alt=\"Informa\u00e7\u00f5es do Concurso Santa Vit\u00f3ria do Palmar - RS\" class=\"wp-image-706736\" style=\"width:236px;height:145px\" srcset=\"https:\/\/dhg1h5j42swfq.cloudfront.net\/2021\/04\/01161145\/ficha-tecnica-5-1024x632.png 1024w, https:\/\/dhg1h5j42swfq.cloudfront.net\/2021\/04\/01161145\/ficha-tecnica-5-300x185.png 300w, https:\/\/dhg1h5j42swfq.cloudfront.net\/2021\/04\/01161145\/ficha-tecnica-5-768x474.png 768w, https:\/\/dhg1h5j42swfq.cloudfront.net\/2021\/04\/01161145\/ficha-tecnica-5-1536x948.png 1536w, https:\/\/dhg1h5j42swfq.cloudfront.net\/2021\/04\/01161145\/ficha-tecnica-5-610x377.png 610w, https:\/\/dhg1h5j42swfq.cloudfront.net\/2021\/04\/01161145\/ficha-tecnica-5.png 1571w\" sizes=\"auto, (max-width: 1024px) 100vw, 1024px\" \/><\/figure>\n\n\n\n<h3 class=\"wp-block-heading\" id=\"ficha-tecnica\">Informa\u00e7\u00f5es do Concurso Santa Vit\u00f3ria do Palmar &#8211; RS<\/h3>\n\n\n\n<ul class=\"wp-block-list\">\n<li><strong>Data da prova:<\/strong> 14\/06\/2026<\/li>\n\n\n\n<li><strong>Banca<\/strong>: Instituto Legalle<\/li>\n\n\n\n<li><strong>Escolaridade<\/strong>: n\u00edveis fundamental, m\u00e9dio, t\u00e9cnico e superior<\/li>\n\n\n\n<li><strong>Vagas:<\/strong> 88 + CR<\/li>\n\n\n\n<li><strong>Cargos<\/strong>: diversos<\/li>\n\n\n\n<li><strong>Edital<\/strong>:&nbsp;<a href=\"https:\/\/dhg1h5j42swfq.cloudfront.net\/2026\/03\/24115354\/edital-concurso-prefeitura-de-santa-vitoria-do-palmar-rs-2026-estrategia-concursos.pdf\" target=\"_blank\" rel=\"noreferrer noopener nofollow\">Santa Vit\u00f3ria do Palmar 2026<\/a><\/li>\n<\/ul>\n","protected":false},"excerpt":{"rendered":"<p>As inscri\u00e7\u00f5es do Concurso Prefeitura de Santa Vit\u00f3ria do Palmar, munic\u00edpio do estado do Rio Grande do Sul, foram encerradas. Diretamente pelo site da banca organizadora, o Instituto Legalle, as inscri\u00e7\u00f5es foram encerradas no dia 21 de abril. Lembrando que o edital oferece 88 vagas imediatas e forma\u00e7\u00e3o de cadastro de reserva para cargos de [&hellip;]<\/p>\n","protected":false},"author":2991,"featured_media":1540739,"comment_status":"open","ping_status":"closed","sticky":false,"template":"","format":"standard","meta":{"post_tipo":"news_page","footnotes":""},"categories":[222278],"tags":[],"tax_estado":[219986],"class_list":["post-1737989","post","type-post","status-publish","format-standard","has-post-thumbnail","hentry","category-prefeituras","tax_estado-rs"],"acf":[],"yoast_head":"<!-- This site is optimized with the Yoast SEO Premium plugin v27.2 (Yoast SEO v27.2) - https:\/\/yoast.com\/product\/yoast-seo-premium-wordpress\/ -->\n<title>Concurso Santa Vit\u00f3ria do Palmar: inscri\u00e7\u00f5es encerradas<\/title>\n<meta name=\"description\" content=\"Conhe\u00e7a o concurso Santa Vit\u00f3ria do Palmar. S\u00e3o 88 vagas dispon\u00edveis para diferentes n\u00edveis de escolaridade. Inscri\u00e7\u00f5es at\u00e9 21 de abril.\" \/>\n<meta name=\"robots\" content=\"index, follow, max-snippet:-1, max-image-preview:large, max-video-preview:-1\" \/>\n<link rel=\"canonical\" href=\"https:\/\/www.estrategiaconcursos.com.br\/blog\/concurso-prefeitura-santa-vitoria-palmar\/\" \/>\n<meta property=\"og:locale\" content=\"pt_BR\" \/>\n<meta property=\"og:type\" content=\"article\" \/>\n<meta property=\"og:title\" content=\"Concurso Santa Vit\u00f3ria do Palmar: inscri\u00e7\u00f5es encerradas\" \/>\n<meta property=\"og:description\" content=\"Conhe\u00e7a o concurso Santa Vit\u00f3ria do Palmar. S\u00e3o 88 vagas dispon\u00edveis para diferentes n\u00edveis de escolaridade. Inscri\u00e7\u00f5es at\u00e9 21 de abril.\" \/>\n<meta property=\"og:url\" content=\"https:\/\/www.estrategiaconcursos.com.br\/blog\/concurso-prefeitura-santa-vitoria-palmar\/\" \/>\n<meta property=\"og:site_name\" content=\"Estrat\u00e9gia Concursos\" \/>\n<meta property=\"article:published_time\" content=\"2026-04-22T12:17:00+00:00\" \/>\n<meta property=\"article:modified_time\" content=\"2026-04-22T14:23:16+00:00\" \/>\n<meta property=\"og:image\" content=\"https:\/\/dhg1h5j42swfq.cloudfront.net\/2025\/03\/05201612\/concursos-prefeituras-1024x536-1.jpg\" \/>\n\t<meta property=\"og:image:width\" content=\"1024\" \/>\n\t<meta property=\"og:image:height\" content=\"536\" \/>\n\t<meta property=\"og:image:type\" content=\"image\/jpeg\" \/>\n<meta name=\"author\" content=\"Melmuara Thaiane Doneg\u00e1 C\u00e2ndido\" \/>\n<meta name=\"twitter:card\" content=\"summary_large_image\" \/>\n<meta name=\"twitter:creator\" content=\"@EstratConcursos\" \/>\n<meta name=\"twitter:site\" content=\"@EstratConcursos\" \/>\n<meta name=\"twitter:label1\" content=\"Escrito por\" \/>\n\t<meta name=\"twitter:data1\" content=\"Melmuara Thaiane Doneg\u00e1 C\u00e2ndido\" \/>\n\t<meta name=\"twitter:label2\" content=\"Est. tempo de leitura\" \/>\n\t<meta name=\"twitter:data2\" content=\"5 minutos\" \/>\n<script type=\"application\/ld+json\" class=\"yoast-schema-graph\">{\"@context\":\"https:\/\/schema.org\",\"@graph\":[{\"@type\":\"NewsArticle\",\"@id\":\"https:\/\/www.estrategiaconcursos.com.br\/blog\/concurso-prefeitura-santa-vitoria-palmar\/#article\",\"isPartOf\":{\"@id\":\"https:\/\/www.estrategiaconcursos.com.br\/blog\/concurso-prefeitura-santa-vitoria-palmar\/\"},\"author\":{\"name\":\"Melmuara Thaiane Doneg\u00e1 C\u00e2ndido\",\"@id\":\"https:\/\/www.estrategiaconcursos.com.br\/blog\/#\/schema\/person\/f33ffe5648e36a1ec7be14cb98aec31a\"},\"headline\":\"Concurso Santa Vit\u00f3ria do Palmar: inscri\u00e7\u00f5es encerradas\",\"datePublished\":\"2026-04-22T12:17:00+00:00\",\"dateModified\":\"2026-04-22T14:23:16+00:00\",\"mainEntityOfPage\":{\"@id\":\"https:\/\/www.estrategiaconcursos.com.br\/blog\/concurso-prefeitura-santa-vitoria-palmar\/\"},\"wordCount\":948,\"commentCount\":0,\"publisher\":{\"@id\":\"https:\/\/www.estrategiaconcursos.com.br\/blog\/#organization\"},\"image\":{\"@id\":\"https:\/\/www.estrategiaconcursos.com.br\/blog\/concurso-prefeitura-santa-vitoria-palmar\/#primaryimage\"},\"thumbnailUrl\":\"https:\/\/dhg1h5j42swfq.cloudfront.net\/2025\/03\/05201612\/concursos-prefeituras-1024x536-1.jpg\",\"articleSection\":[\"Prefeituras\"],\"inLanguage\":\"pt-BR\",\"potentialAction\":[{\"@type\":\"CommentAction\",\"name\":\"Comment\",\"target\":[\"https:\/\/www.estrategiaconcursos.com.br\/blog\/concurso-prefeitura-santa-vitoria-palmar\/#respond\"]}],\"copyrightYear\":\"2026\",\"copyrightHolder\":{\"@id\":\"https:\/\/www.estrategiaconcursos.com.br\/blog\/#organization\"}},{\"@type\":\"WebPage\",\"@id\":\"https:\/\/www.estrategiaconcursos.com.br\/blog\/concurso-prefeitura-santa-vitoria-palmar\/\",\"url\":\"https:\/\/www.estrategiaconcursos.com.br\/blog\/concurso-prefeitura-santa-vitoria-palmar\/\",\"name\":\"Concurso Santa Vit\u00f3ria do Palmar: inscri\u00e7\u00f5es encerradas\",\"isPartOf\":{\"@id\":\"https:\/\/www.estrategiaconcursos.com.br\/blog\/#website\"},\"primaryImageOfPage\":{\"@id\":\"https:\/\/www.estrategiaconcursos.com.br\/blog\/concurso-prefeitura-santa-vitoria-palmar\/#primaryimage\"},\"image\":{\"@id\":\"https:\/\/www.estrategiaconcursos.com.br\/blog\/concurso-prefeitura-santa-vitoria-palmar\/#primaryimage\"},\"thumbnailUrl\":\"https:\/\/dhg1h5j42swfq.cloudfront.net\/2025\/03\/05201612\/concursos-prefeituras-1024x536-1.jpg\",\"datePublished\":\"2026-04-22T12:17:00+00:00\",\"dateModified\":\"2026-04-22T14:23:16+00:00\",\"description\":\"Conhe\u00e7a o concurso Santa Vit\u00f3ria do Palmar. S\u00e3o 88 vagas dispon\u00edveis para diferentes n\u00edveis de escolaridade. Inscri\u00e7\u00f5es at\u00e9 21 de abril.\",\"breadcrumb\":{\"@id\":\"https:\/\/www.estrategiaconcursos.com.br\/blog\/concurso-prefeitura-santa-vitoria-palmar\/#breadcrumb\"},\"inLanguage\":\"pt-BR\",\"potentialAction\":[{\"@type\":\"ReadAction\",\"target\":[\"https:\/\/www.estrategiaconcursos.com.br\/blog\/concurso-prefeitura-santa-vitoria-palmar\/\"]}]},{\"@type\":\"ImageObject\",\"inLanguage\":\"pt-BR\",\"@id\":\"https:\/\/www.estrategiaconcursos.com.br\/blog\/concurso-prefeitura-santa-vitoria-palmar\/#primaryimage\",\"url\":\"https:\/\/dhg1h5j42swfq.cloudfront.net\/2025\/03\/05201612\/concursos-prefeituras-1024x536-1.jpg\",\"contentUrl\":\"https:\/\/dhg1h5j42swfq.cloudfront.net\/2025\/03\/05201612\/concursos-prefeituras-1024x536-1.jpg\",\"width\":1024,\"height\":536,\"caption\":\"Concurso Lagoa da Prata MG\"},{\"@type\":\"BreadcrumbList\",\"@id\":\"https:\/\/www.estrategiaconcursos.com.br\/blog\/concurso-prefeitura-santa-vitoria-palmar\/#breadcrumb\",\"itemListElement\":[{\"@type\":\"ListItem\",\"position\":1,\"name\":\"In\u00edcio\",\"item\":\"https:\/\/www.estrategiaconcursos.com.br\/blog\/\"},{\"@type\":\"ListItem\",\"position\":2,\"name\":\"Concurso Santa Vit\u00f3ria do Palmar: inscri\u00e7\u00f5es encerradas\"}]},{\"@type\":\"WebSite\",\"@id\":\"https:\/\/www.estrategiaconcursos.com.br\/blog\/#website\",\"url\":\"https:\/\/www.estrategiaconcursos.com.br\/blog\/\",\"name\":\"Estrat\u00e9gia Concursos\",\"description\":\"O blog da Estrat\u00e9gia Concursos traz not\u00edcias sobre concursos e artigos de professores oferecendo cursos para concursos (pdf + videaulas) no site.\",\"publisher\":{\"@id\":\"https:\/\/www.estrategiaconcursos.com.br\/blog\/#organization\"},\"potentialAction\":[{\"@type\":\"SearchAction\",\"target\":{\"@type\":\"EntryPoint\",\"urlTemplate\":\"https:\/\/www.estrategiaconcursos.com.br\/blog\/?s={search_term_string}\"},\"query-input\":{\"@type\":\"PropertyValueSpecification\",\"valueRequired\":true,\"valueName\":\"search_term_string\"}}],\"inLanguage\":\"pt-BR\"},{\"@type\":\"Organization\",\"@id\":\"https:\/\/www.estrategiaconcursos.com.br\/blog\/#organization\",\"name\":\"Estrat\u00e9gia Concursos\",\"url\":\"https:\/\/www.estrategiaconcursos.com.br\/blog\/\",\"logo\":{\"@type\":\"ImageObject\",\"inLanguage\":\"pt-BR\",\"@id\":\"https:\/\/www.estrategiaconcursos.com.br\/blog\/#\/schema\/logo\/image\/\",\"url\":\"https:\/\/dhg1h5j42swfq.cloudfront.net\/2025\/06\/03203428\/logo_concursos-1.jpg\",\"contentUrl\":\"https:\/\/dhg1h5j42swfq.cloudfront.net\/2025\/06\/03203428\/logo_concursos-1.jpg\",\"width\":230,\"height\":60,\"caption\":\"Estrat\u00e9gia Concursos\"},\"image\":{\"@id\":\"https:\/\/www.estrategiaconcursos.com.br\/blog\/#\/schema\/logo\/image\/\"},\"sameAs\":[\"https:\/\/x.com\/EstratConcursos\"]},{\"@type\":\"Person\",\"@id\":\"https:\/\/www.estrategiaconcursos.com.br\/blog\/#\/schema\/person\/f33ffe5648e36a1ec7be14cb98aec31a\",\"name\":\"Melmuara Thaiane Doneg\u00e1 C\u00e2ndido\",\"image\":{\"@type\":\"ImageObject\",\"inLanguage\":\"pt-BR\",\"@id\":\"https:\/\/secure.gravatar.com\/avatar\/72c23c49ace6e781125178efe440f336ae4f50fbfb902780beb369688b387c4f?s=96&d=mm&r=g\",\"url\":\"https:\/\/secure.gravatar.com\/avatar\/72c23c49ace6e781125178efe440f336ae4f50fbfb902780beb369688b387c4f?s=96&d=mm&r=g\",\"contentUrl\":\"https:\/\/secure.gravatar.com\/avatar\/72c23c49ace6e781125178efe440f336ae4f50fbfb902780beb369688b387c4f?s=96&d=mm&r=g\",\"caption\":\"Melmuara Thaiane Doneg\u00e1 C\u00e2ndido\"},\"description\":\"Formada em Jornalismo em 2011 pela UniSEB-COC, Ribeir\u00e3o Preto-SP, atua desde 2017 na produ\u00e7\u00e3o de conte\u00fado para prefeituras, passando da \u00e1rea publicit\u00e1ria para a cria\u00e7\u00e3o de textos estrat\u00e9gicos e not\u00edcias sobre concursos, mantendo os concurseiros bem informados sobre os principais editais de prefeituras e concursos municipais.\",\"birthDate\":\"1990-04-21\",\"gender\":\"feminino\",\"url\":\"https:\/\/www.estrategiaconcursos.com.br\/blog\/author\/melmuara-candidoestrategia-com\/\"}]}<\/script>\n<!-- \/ Yoast SEO Premium plugin. -->","yoast_head_json":{"title":"Concurso Santa Vit\u00f3ria do Palmar: inscri\u00e7\u00f5es encerradas","description":"Conhe\u00e7a o concurso Santa Vit\u00f3ria do Palmar. S\u00e3o 88 vagas dispon\u00edveis para diferentes n\u00edveis de escolaridade. Inscri\u00e7\u00f5es at\u00e9 21 de abril.","robots":{"index":"index","follow":"follow","max-snippet":"max-snippet:-1","max-image-preview":"max-image-preview:large","max-video-preview":"max-video-preview:-1"},"canonical":"https:\/\/www.estrategiaconcursos.com.br\/blog\/concurso-prefeitura-santa-vitoria-palmar\/","og_locale":"pt_BR","og_type":"article","og_title":"Concurso Santa Vit\u00f3ria do Palmar: inscri\u00e7\u00f5es encerradas","og_description":"Conhe\u00e7a o concurso Santa Vit\u00f3ria do Palmar. S\u00e3o 88 vagas dispon\u00edveis para diferentes n\u00edveis de escolaridade. Inscri\u00e7\u00f5es at\u00e9 21 de abril.","og_url":"https:\/\/www.estrategiaconcursos.com.br\/blog\/concurso-prefeitura-santa-vitoria-palmar\/","og_site_name":"Estrat\u00e9gia Concursos","article_published_time":"2026-04-22T12:17:00+00:00","article_modified_time":"2026-04-22T14:23:16+00:00","og_image":[{"width":1024,"height":536,"url":"https:\/\/dhg1h5j42swfq.cloudfront.net\/2025\/03\/05201612\/concursos-prefeituras-1024x536-1.jpg","type":"image\/jpeg"}],"author":"Melmuara Thaiane Doneg\u00e1 C\u00e2ndido","twitter_card":"summary_large_image","twitter_creator":"@EstratConcursos","twitter_site":"@EstratConcursos","twitter_misc":{"Escrito por":"Melmuara Thaiane Doneg\u00e1 C\u00e2ndido","Est. tempo de leitura":"5 minutos"},"schema":{"@context":"https:\/\/schema.org","@graph":[{"@type":"NewsArticle","@id":"https:\/\/www.estrategiaconcursos.com.br\/blog\/concurso-prefeitura-santa-vitoria-palmar\/#article","isPartOf":{"@id":"https:\/\/www.estrategiaconcursos.com.br\/blog\/concurso-prefeitura-santa-vitoria-palmar\/"},"author":{"name":"Melmuara Thaiane Doneg\u00e1 C\u00e2ndido","@id":"https:\/\/www.estrategiaconcursos.com.br\/blog\/#\/schema\/person\/f33ffe5648e36a1ec7be14cb98aec31a"},"headline":"Concurso Santa Vit\u00f3ria do Palmar: inscri\u00e7\u00f5es encerradas","datePublished":"2026-04-22T12:17:00+00:00","dateModified":"2026-04-22T14:23:16+00:00","mainEntityOfPage":{"@id":"https:\/\/www.estrategiaconcursos.com.br\/blog\/concurso-prefeitura-santa-vitoria-palmar\/"},"wordCount":948,"commentCount":0,"publisher":{"@id":"https:\/\/www.estrategiaconcursos.com.br\/blog\/#organization"},"image":{"@id":"https:\/\/www.estrategiaconcursos.com.br\/blog\/concurso-prefeitura-santa-vitoria-palmar\/#primaryimage"},"thumbnailUrl":"https:\/\/dhg1h5j42swfq.cloudfront.net\/2025\/03\/05201612\/concursos-prefeituras-1024x536-1.jpg","articleSection":["Prefeituras"],"inLanguage":"pt-BR","potentialAction":[{"@type":"CommentAction","name":"Comment","target":["https:\/\/www.estrategiaconcursos.com.br\/blog\/concurso-prefeitura-santa-vitoria-palmar\/#respond"]}],"copyrightYear":"2026","copyrightHolder":{"@id":"https:\/\/www.estrategiaconcursos.com.br\/blog\/#organization"}},{"@type":"WebPage","@id":"https:\/\/www.estrategiaconcursos.com.br\/blog\/concurso-prefeitura-santa-vitoria-palmar\/","url":"https:\/\/www.estrategiaconcursos.com.br\/blog\/concurso-prefeitura-santa-vitoria-palmar\/","name":"Concurso Santa Vit\u00f3ria do Palmar: inscri\u00e7\u00f5es encerradas","isPartOf":{"@id":"https:\/\/www.estrategiaconcursos.com.br\/blog\/#website"},"primaryImageOfPage":{"@id":"https:\/\/www.estrategiaconcursos.com.br\/blog\/concurso-prefeitura-santa-vitoria-palmar\/#primaryimage"},"image":{"@id":"https:\/\/www.estrategiaconcursos.com.br\/blog\/concurso-prefeitura-santa-vitoria-palmar\/#primaryimage"},"thumbnailUrl":"https:\/\/dhg1h5j42swfq.cloudfront.net\/2025\/03\/05201612\/concursos-prefeituras-1024x536-1.jpg","datePublished":"2026-04-22T12:17:00+00:00","dateModified":"2026-04-22T14:23:16+00:00","description":"Conhe\u00e7a o concurso Santa Vit\u00f3ria do Palmar. S\u00e3o 88 vagas dispon\u00edveis para diferentes n\u00edveis de escolaridade. Inscri\u00e7\u00f5es at\u00e9 21 de abril.","breadcrumb":{"@id":"https:\/\/www.estrategiaconcursos.com.br\/blog\/concurso-prefeitura-santa-vitoria-palmar\/#breadcrumb"},"inLanguage":"pt-BR","potentialAction":[{"@type":"ReadAction","target":["https:\/\/www.estrategiaconcursos.com.br\/blog\/concurso-prefeitura-santa-vitoria-palmar\/"]}]},{"@type":"ImageObject","inLanguage":"pt-BR","@id":"https:\/\/www.estrategiaconcursos.com.br\/blog\/concurso-prefeitura-santa-vitoria-palmar\/#primaryimage","url":"https:\/\/dhg1h5j42swfq.cloudfront.net\/2025\/03\/05201612\/concursos-prefeituras-1024x536-1.jpg","contentUrl":"https:\/\/dhg1h5j42swfq.cloudfront.net\/2025\/03\/05201612\/concursos-prefeituras-1024x536-1.jpg","width":1024,"height":536,"caption":"Concurso Lagoa da Prata MG"},{"@type":"BreadcrumbList","@id":"https:\/\/www.estrategiaconcursos.com.br\/blog\/concurso-prefeitura-santa-vitoria-palmar\/#breadcrumb","itemListElement":[{"@type":"ListItem","position":1,"name":"In\u00edcio","item":"https:\/\/www.estrategiaconcursos.com.br\/blog\/"},{"@type":"ListItem","position":2,"name":"Concurso Santa Vit\u00f3ria do Palmar: inscri\u00e7\u00f5es encerradas"}]},{"@type":"WebSite","@id":"https:\/\/www.estrategiaconcursos.com.br\/blog\/#website","url":"https:\/\/www.estrategiaconcursos.com.br\/blog\/","name":"Estrat\u00e9gia Concursos","description":"O blog da Estrat\u00e9gia Concursos traz not\u00edcias sobre concursos e artigos de professores oferecendo cursos para concursos (pdf + videaulas) no site.","publisher":{"@id":"https:\/\/www.estrategiaconcursos.com.br\/blog\/#organization"},"potentialAction":[{"@type":"SearchAction","target":{"@type":"EntryPoint","urlTemplate":"https:\/\/www.estrategiaconcursos.com.br\/blog\/?s={search_term_string}"},"query-input":{"@type":"PropertyValueSpecification","valueRequired":true,"valueName":"search_term_string"}}],"inLanguage":"pt-BR"},{"@type":"Organization","@id":"https:\/\/www.estrategiaconcursos.com.br\/blog\/#organization","name":"Estrat\u00e9gia Concursos","url":"https:\/\/www.estrategiaconcursos.com.br\/blog\/","logo":{"@type":"ImageObject","inLanguage":"pt-BR","@id":"https:\/\/www.estrategiaconcursos.com.br\/blog\/#\/schema\/logo\/image\/","url":"https:\/\/dhg1h5j42swfq.cloudfront.net\/2025\/06\/03203428\/logo_concursos-1.jpg","contentUrl":"https:\/\/dhg1h5j42swfq.cloudfront.net\/2025\/06\/03203428\/logo_concursos-1.jpg","width":230,"height":60,"caption":"Estrat\u00e9gia Concursos"},"image":{"@id":"https:\/\/www.estrategiaconcursos.com.br\/blog\/#\/schema\/logo\/image\/"},"sameAs":["https:\/\/x.com\/EstratConcursos"]},{"@type":"Person","@id":"https:\/\/www.estrategiaconcursos.com.br\/blog\/#\/schema\/person\/f33ffe5648e36a1ec7be14cb98aec31a","name":"Melmuara Thaiane Doneg\u00e1 C\u00e2ndido","image":{"@type":"ImageObject","inLanguage":"pt-BR","@id":"https:\/\/secure.gravatar.com\/avatar\/72c23c49ace6e781125178efe440f336ae4f50fbfb902780beb369688b387c4f?s=96&d=mm&r=g","url":"https:\/\/secure.gravatar.com\/avatar\/72c23c49ace6e781125178efe440f336ae4f50fbfb902780beb369688b387c4f?s=96&d=mm&r=g","contentUrl":"https:\/\/secure.gravatar.com\/avatar\/72c23c49ace6e781125178efe440f336ae4f50fbfb902780beb369688b387c4f?s=96&d=mm&r=g","caption":"Melmuara Thaiane Doneg\u00e1 C\u00e2ndido"},"description":"Formada em Jornalismo em 2011 pela UniSEB-COC, Ribeir\u00e3o Preto-SP, atua desde 2017 na produ\u00e7\u00e3o de conte\u00fado para prefeituras, passando da \u00e1rea publicit\u00e1ria para a cria\u00e7\u00e3o de textos estrat\u00e9gicos e not\u00edcias sobre concursos, mantendo os concurseiros bem informados sobre os principais editais de prefeituras e concursos municipais.","birthDate":"1990-04-21","gender":"feminino","url":"https:\/\/www.estrategiaconcursos.com.br\/blog\/author\/melmuara-candidoestrategia-com\/"}]}},"_links":{"self":[{"href":"https:\/\/www.estrategiaconcursos.com.br\/blog\/wp-json\/wp\/v2\/posts\/1737989","targetHints":{"allow":["GET"]}}],"collection":[{"href":"https:\/\/www.estrategiaconcursos.com.br\/blog\/wp-json\/wp\/v2\/posts"}],"about":[{"href":"https:\/\/www.estrategiaconcursos.com.br\/blog\/wp-json\/wp\/v2\/types\/post"}],"author":[{"embeddable":true,"href":"https:\/\/www.estrategiaconcursos.com.br\/blog\/wp-json\/wp\/v2\/users\/2991"}],"replies":[{"embeddable":true,"href":"https:\/\/www.estrategiaconcursos.com.br\/blog\/wp-json\/wp\/v2\/comments?post=1737989"}],"version-history":[{"count":9,"href":"https:\/\/www.estrategiaconcursos.com.br\/blog\/wp-json\/wp\/v2\/posts\/1737989\/revisions"}],"predecessor-version":[{"id":1756458,"href":"https:\/\/www.estrategiaconcursos.com.br\/blog\/wp-json\/wp\/v2\/posts\/1737989\/revisions\/1756458"}],"wp:featuredmedia":[{"embeddable":true,"href":"https:\/\/www.estrategiaconcursos.com.br\/blog\/wp-json\/wp\/v2\/media\/1540739"}],"wp:attachment":[{"href":"https:\/\/www.estrategiaconcursos.com.br\/blog\/wp-json\/wp\/v2\/media?parent=1737989"}],"wp:term":[{"taxonomy":"category","embeddable":true,"href":"https:\/\/www.estrategiaconcursos.com.br\/blog\/wp-json\/wp\/v2\/categories?post=1737989"},{"taxonomy":"post_tag","embeddable":true,"href":"https:\/\/www.estrategiaconcursos.com.br\/blog\/wp-json\/wp\/v2\/tags?post=1737989"},{"taxonomy":"tax_estado","embeddable":true,"href":"https:\/\/www.estrategiaconcursos.com.br\/blog\/wp-json\/wp\/v2\/tax_estado?post=1737989"}],"curies":[{"name":"wp","href":"https:\/\/api.w.org\/{rel}","templated":true}]}}