{"id":1737613,"date":"2026-03-17T16:31:00","date_gmt":"2026-03-17T19:31:00","guid":{"rendered":"https:\/\/www.estrategiaconcursos.com.br\/blog\/?p=1737613"},"modified":"2026-03-25T08:57:35","modified_gmt":"2026-03-25T11:57:35","slug":"cnu-2026-mgi-apresenta-dados-consolidados","status":"publish","type":"post","link":"https:\/\/www.estrategiaconcursos.com.br\/blog\/cnu-2026-mgi-apresenta-dados-consolidados\/","title":{"rendered":"CNU: MGI apresenta dados consolidados sobre a sele\u00e7\u00e3o!"},"content":{"rendered":"\n<p>Em coletiva de imprensa realizada neta ter\u00e7a-feira (17) a ministra do MGI, Esther Dweck, e outros representantes do Governo trouxeram dados consolidados sobre a 2\u00aa edi\u00e7\u00e3o do&nbsp;<strong><a href=\"https:\/\/www.estrategiaconcursos.com.br\/cursosPorConcurso\/concurso-nacional-unificado-cnu\/\" target=\"_blank\" rel=\"noreferrer noopener\">Concurso Nacional Unificado<\/a>&nbsp;\u2013 CNU<\/strong>.<\/p>\n\n\n\n<p>Lembrando que j\u00e1 foi divulgada a <a href=\"https:\/\/www.estrategiaconcursos.com.br\/blog\/cnu-2026-resultado-final-homologado\/\" target=\"_blank\" rel=\"noreferrer noopener\">homologa\u00e7\u00e3o do resultado final<\/a>, exclusivamente para os cargos sem segunda fase.<\/p>\n\n\n\n<p>No total, foram registradas <strong>761.545 pessoas inscritas<\/strong>, com <strong>42%<\/strong> de absten\u00e7\u00e3o na primeira prova (Objetiva) e <strong>21%<\/strong> na segunda prova (Discursiva).<\/p>\n\n\n\n<p>Com aplica\u00e7\u00e3o das provas em 228 cidades, foram registradas pessoas de <strong>4.951 cidades<\/strong>.<\/p>\n\n\n\n<ul id=\"indice\" class=\"wp-block-list\">\n<li><a href=\"#1x2\">Estat\u00edsticas CPNU 1 x CPNU 2<\/a><\/li>\n\n\n\n<li><a href=\"#acoes\">Perfil de aprovados &#8211; a\u00e7\u00f5es afirmativas e de inclus\u00e3o<\/a><\/li>\n\n\n\n<li><a href=\"#regiao\">Aprovados por regi\u00e3o<\/a><\/li>\n\n\n\n<li><a href=\"#bloco\">Aprovados por bloco e g\u00eanero<\/a><\/li>\n\n\n\n<li><a href=\"#nomeacoes\">Expectativa de nomea\u00e7\u00f5es<\/a><\/li>\n\n\n\n<li><a href=\"#cnu-3\">Vai ter CNU 3 em 2026?<\/a><\/li>\n<\/ul>\n\n\n\n<h2 class=\"wp-block-heading\" id=\"1x2\">Estat\u00edsticas CPNU 1 x CPNU 2:<\/h2>\n\n\n\n<p>Abaixo, confira um comparativo elaborado mostrando as principais diferen\u00e7as entre as duas edi\u00e7\u00f5es do CPNU:<\/p>\n\n\n\n<figure class=\"wp-block-table is-style-stripes\"><table class=\"has-fixed-layout\"><thead><tr><td class=\"has-text-align-center\" data-align=\"center\"><strong>Indicador<\/strong><\/td><td class=\"has-text-align-center\" data-align=\"center\"><strong>CPNU 1<\/strong><\/td><td class=\"has-text-align-center\" data-align=\"center\"><strong>CPNU 2<\/strong><\/td><\/tr><\/thead><tbody><tr><td class=\"has-text-align-center\" data-align=\"center\"><strong>Inscritos<\/strong><\/td><td class=\"has-text-align-center\" data-align=\"center\">2.114.145<\/td><td class=\"has-text-align-center\" data-align=\"center\">761.545<\/td><\/tr><tr><td class=\"has-text-align-center\" data-align=\"center\"><strong>Taxa de absten\u00e7\u00e3o<\/strong><\/td><td class=\"has-text-align-center\" data-align=\"center\">54%<\/td><td class=\"has-text-align-center\" data-align=\"center\">Primeira prova: 42% \/ Segunda prova: 21%<\/td><\/tr><tr><td class=\"has-text-align-center\" data-align=\"center\"><strong>Vagas<\/strong><\/td><td class=\"has-text-align-center\" data-align=\"center\">6.640<\/td><td class=\"has-text-align-center\" data-align=\"center\">3.652<\/td><\/tr><tr><td class=\"has-text-align-center\" data-align=\"center\"><strong>\u00d3rg\u00e3os<\/strong><\/td><td class=\"has-text-align-center\" data-align=\"center\">21<\/td><td class=\"has-text-align-center\" data-align=\"center\">32<\/td><\/tr><tr><td class=\"has-text-align-center\" data-align=\"center\"><strong>% Mulheres Inscritas<\/strong><\/td><td class=\"has-text-align-center\" data-align=\"center\">57%<\/td><td class=\"has-text-align-center\" data-align=\"center\">60%<\/td><\/tr><tr><td class=\"has-text-align-center\" data-align=\"center\"><strong>% Mulheres aprovadas<\/strong><\/td><td class=\"has-text-align-center\" data-align=\"center\">37%<\/td><td class=\"has-text-align-center\" data-align=\"center\">48,4%<\/td><\/tr><tr><td class=\"has-text-align-center\" data-align=\"center\"><strong>% Candidatos \u00e0s vagas reservadas (cotas)<\/strong><\/td><td class=\"has-text-align-center\" data-align=\"center\">21,5%<\/td><td class=\"has-text-align-center\" data-align=\"center\">33,1%<\/td><\/tr><tr><td class=\"has-text-align-center\" data-align=\"center\"><strong>% Aprovados inscritos por cotas<\/strong><\/td><td class=\"has-text-align-center\" data-align=\"center\">33,6%<\/td><td class=\"has-text-align-center\" data-align=\"center\">40,5%<\/td><\/tr><tr><td class=\"has-text-align-center\" data-align=\"center\"><strong>Cidades de resid\u00eancia dos candidatos<\/strong><\/td><td class=\"has-text-align-center\" data-align=\"center\">5.555<\/td><td class=\"has-text-align-center\" data-align=\"center\">4.951<\/td><\/tr><tr><td class=\"has-text-align-center\" data-align=\"center\"><strong>Cidades de resid\u00eancia dos aprovados<\/strong><\/td><td class=\"has-text-align-center\" data-align=\"center\">908<\/td><td class=\"has-text-align-center\" data-align=\"center\">578<\/td><\/tr><\/tbody><\/table><figcaption class=\"wp-element-caption\">Dados de aprova\u00e7\u00f5es das duas edi\u00e7\u00f5es do CNU<\/figcaption><\/figure>\n\n\n\n<h2 class=\"wp-block-heading\" id=\"acoes\">Perfil de aprovados &#8211; a\u00e7\u00f5es afirmativas e de inclus\u00e3o<\/h2>\n\n\n\n<p>Nessa segunda edi\u00e7\u00e3o, um destaque foi o aumento na porcentagem de cotas destinadas \u00e0 pol\u00edticas afirmativas, que saltaram de 25% para 35%.<\/p>\n\n\n\n<figure class=\"wp-block-table is-style-stripes\"><table class=\"has-fixed-layout\"><thead><tr><td class=\"has-text-align-center\" data-align=\"center\"><strong>Perfil dos aprovados<\/strong><\/td><td class=\"has-text-align-center\" data-align=\"center\"><strong>CPNU 1<\/strong><\/td><td class=\"has-text-align-center\" data-align=\"center\"><strong>CPNU 2<\/strong><\/td><\/tr><\/thead><tbody><tr><td class=\"has-text-align-center\" data-align=\"center\">Pessoas negras<\/td><td class=\"has-text-align-center\" data-align=\"center\">24,5%<\/td><td class=\"has-text-align-center\" data-align=\"center\">29,7%<\/td><\/tr><tr><td class=\"has-text-align-center\" data-align=\"center\">Pessoas ind\u00edgenas<\/td><td class=\"has-text-align-center\" data-align=\"center\">2,3%<\/td><td class=\"has-text-align-center\" data-align=\"center\">2,0%<\/td><\/tr><tr><td class=\"has-text-align-center\" data-align=\"center\">Pessoas quilombolas<\/td><td class=\"has-text-align-center\" data-align=\"center\">&#8211;<\/td><td class=\"has-text-align-center\" data-align=\"center\">1,2%<\/td><\/tr><tr><td class=\"has-text-align-center\" data-align=\"center\">Pessoas com defici\u00eancia<\/td><td class=\"has-text-align-center\" data-align=\"center\">6,8%<\/td><td class=\"has-text-align-center\" data-align=\"center\">7,6%<\/td><\/tr><\/tbody><tfoot><tr><td class=\"has-text-align-center\" data-align=\"center\"><strong>Total<\/strong><\/td><td class=\"has-text-align-center\" data-align=\"center\"><strong>33,6%<\/strong><\/td><td class=\"has-text-align-center\" data-align=\"center\"><strong>40,5%<\/strong><\/td><\/tr><\/tfoot><\/table><figcaption class=\"wp-element-caption\">Perfil de aprovados &#8211; a\u00e7\u00f5es afirmativas e de inclus\u00e3o<\/figcaption><\/figure>\n\n\n\n<p>Vale ressaltar que o n\u00famero de aprovados em vagas para pessoas ind\u00edgenas diminui, pois na primeira edi\u00e7\u00e3o do CPNU havia vagas para a Funai espec\u00edficas para esses candidatos.<\/p>\n\n\n\n<h2 class=\"wp-block-heading\" id=\"regiao\">Aprovados por regi\u00e3o <\/h2>\n\n\n\n<p>As regi\u00f5es sudeste e centro-oeste costumam liderar o n\u00famero de aprova\u00e7\u00f5es, uma vez que v\u00e1rias lota\u00e7\u00f5es s\u00e3o espec\u00edficas para Bras\u00edlia e Rio de Janeiro, entretanto, nessa segunda edi\u00e7\u00e3o, a regi\u00e3o nordeste tamb\u00e9m trouxe os n\u00fameros bem expressivos.<\/p>\n\n\n\n<figure class=\"wp-block-table is-style-stripes\"><table class=\"has-fixed-layout\"><thead><tr><td class=\"has-text-align-center\" data-align=\"center\"><strong>Regi\u00e3o<\/strong><\/td><td class=\"has-text-align-center\" data-align=\"center\"><strong>Porcentagem<\/strong><\/td><\/tr><\/thead><tbody><tr><td class=\"has-text-align-center\" data-align=\"center\"><strong>Sudeste<\/strong><\/td><td class=\"has-text-align-center\" data-align=\"center\">34,5%<\/td><\/tr><tr><td class=\"has-text-align-center\" data-align=\"center\"><strong>Nordeste<\/strong><\/td><td class=\"has-text-align-center\" data-align=\"center\">29,3%<\/td><\/tr><tr><td class=\"has-text-align-center\" data-align=\"center\"><strong>Centro-Oeste<\/strong><\/td><td class=\"has-text-align-center\" data-align=\"center\">25,3%<\/td><\/tr><tr><td class=\"has-text-align-center\" data-align=\"center\"><strong>Sul<\/strong><\/td><td class=\"has-text-align-center\" data-align=\"center\">5,7%<\/td><\/tr><tr><td class=\"has-text-align-center\" data-align=\"center\"><strong>Norte<\/strong><\/td><td class=\"has-text-align-center\" data-align=\"center\">5,2%<\/td><\/tr><\/tbody><\/table><figcaption class=\"wp-element-caption\">Aprovados por regi\u00e3o <\/figcaption><\/figure>\n\n\n\n<h2 class=\"wp-block-heading\" id=\"bloco\">Aprovados por bloco e g\u00eanero<\/h2>\n\n\n\n<p>Entre os aprovados, <strong>48,8% s\u00e3o mulheres<\/strong>. Lembrando que o CPNU trouxe uma equipara\u00e7\u00e3o de vagas para mulheres na 2\u00aa etapa do concurso (prova discursiva).<\/p>\n\n\n\n<figure class=\"wp-block-table is-style-stripes\"><table class=\"has-fixed-layout\"><thead><tr><td class=\"has-text-align-center\" data-align=\"center\"><strong>Bloco<\/strong><\/td><td class=\"has-text-align-center\" data-align=\"center\"><strong>\u00c1rea<\/strong><\/td><td class=\"has-text-align-center\" data-align=\"center\"><strong>Feminino<\/strong><\/td><td class=\"has-text-align-center\" data-align=\"center\"><strong>Masculino<\/strong><\/td><\/tr><\/thead><tbody><tr><td class=\"has-text-align-center\" data-align=\"center\">1<\/td><td class=\"has-text-align-center\" data-align=\"center\">Seg. Social e Sa\u00fade<\/td><td class=\"has-text-align-center\" data-align=\"center\">72,7%<\/td><td class=\"has-text-align-center\" data-align=\"center\">27,3%<\/td><\/tr><tr><td class=\"has-text-align-center\" data-align=\"center\">2<\/td><td class=\"has-text-align-center\" data-align=\"center\">Cultura e Educa\u00e7\u00e3o<\/td><td class=\"has-text-align-center\" data-align=\"center\">56,1%<\/td><td class=\"has-text-align-center\" data-align=\"center\">43,8%<\/td><\/tr><tr><td class=\"has-text-align-center\" data-align=\"center\">3<\/td><td class=\"has-text-align-center\" data-align=\"center\">Ci\u00eancia e Tecnologia<\/td><td class=\"has-text-align-center\" data-align=\"center\">28,4%<\/td><td class=\"has-text-align-center\" data-align=\"center\">71,6%<\/td><\/tr><tr><td class=\"has-text-align-center\" data-align=\"center\">4<\/td><td class=\"has-text-align-center\" data-align=\"center\">Eng. e Arquitetura<\/td><td class=\"has-text-align-center\" data-align=\"center\">25,8%<\/td><td class=\"has-text-align-center\" data-align=\"center\">74,2%<\/td><\/tr><tr><td class=\"has-text-align-center\" data-align=\"center\">5<\/td><td class=\"has-text-align-center\" data-align=\"center\">Administra\u00e7\u00e3o<\/td><td class=\"has-text-align-center\" data-align=\"center\">53,9%<\/td><td class=\"has-text-align-center\" data-align=\"center\">46,1%<\/td><\/tr><tr><td class=\"has-text-align-center\" data-align=\"center\">6<\/td><td class=\"has-text-align-center\" data-align=\"center\">Desenv. Socioecon\u00f4mico<\/td><td class=\"has-text-align-center\" data-align=\"center\">18,9%<\/td><td class=\"has-text-align-center\" data-align=\"center\">81,1%<\/td><\/tr><tr><td class=\"has-text-align-center\" data-align=\"center\">7<\/td><td class=\"has-text-align-center\" data-align=\"center\">Justi\u00e7a e Defesa<\/td><td class=\"has-text-align-center\" data-align=\"center\">30,0%<\/td><td class=\"has-text-align-center\" data-align=\"center\">70,0%<\/td><\/tr><tr><td class=\"has-text-align-center\" data-align=\"center\">8<\/td><td class=\"has-text-align-center\" data-align=\"center\">Intermedi\u00e1rio Sa\u00fade<\/td><td class=\"has-text-align-center\" data-align=\"center\">68,5%<\/td><td class=\"has-text-align-center\" data-align=\"center\">31,5%<\/td><\/tr><tr><td class=\"has-text-align-center\" data-align=\"center\">9<\/td><td class=\"has-text-align-center\" data-align=\"center\">Intermedi\u00e1rio Regula\u00e7\u00e3o<\/td><td class=\"has-text-align-center\" data-align=\"center\">31,2%<\/td><td class=\"has-text-align-center\" data-align=\"center\">68,8%<\/td><\/tr><\/tbody><tfoot><tr><td class=\"has-text-align-center\" data-align=\"center\"><strong>Total<\/strong><\/td><td class=\"has-text-align-center\" data-align=\"center\"><strong>Geral<\/strong><\/td><td class=\"has-text-align-center\" data-align=\"center\"><strong>48,4%<\/strong><\/td><td class=\"has-text-align-center\" data-align=\"center\"><strong>51,6%<\/strong><\/td><\/tr><\/tfoot><\/table><figcaption class=\"wp-element-caption\">Dados de aprovados por bloco e g\u00eanero no CNU 2<\/figcaption><\/figure>\n\n\n\n<h2 class=\"wp-block-heading\" id=\"nomeacoes-vao-chamar-excedentes\">Quando come\u00e7am as nomea\u00e7\u00f5es? V\u00e3o chamar excedentes?<\/h2>\n\n\n\n<p>Questionada sobre as nomea\u00e7\u00f5es e chamadas de excedentes, Esther afirmou que ainda haver\u00e1 a chamada de <strong>1.860 remanescentes da primeira<\/strong> edi\u00e7\u00e3o, referente \u00e0s vagas n\u00e3o preenchidas.<\/p>\n\n\n\n<p>Sobre o CNU 2, haver\u00e1 um cadastro de reserva de cerca de 7 mil a 8 mil candidatos, entretanto, essas chamadas s\u00f3 ser\u00e3o definidas futuramente, ap\u00f3s as convoca\u00e7\u00f5es das vagas imediatas.<\/p>\n\n\n\n<h2 class=\"wp-block-heading\" id=\"cnu-3\">Vai ter CNU 3 em 2026?<\/h2>\n\n\n\n<p>Conforme j\u00e1 havia sido mencionado&nbsp;<a href=\"https:\/\/www.estrategiaconcursos.com.br\/blog\/cnu-2027-ministra-comenta\/\" target=\"_blank\" rel=\"noreferrer noopener\">anteriormente<\/a>,<strong>&nbsp;a expectativa de uma nova edi\u00e7\u00e3o \u00e9 para o ano de 2027<\/strong>,&nbsp;a depender de como ficar\u00e1 a gest\u00e3o ap\u00f3s as pr\u00f3ximas elei\u00e7\u00f5es. <\/p>\n\n\n<figure class=\"wp-block-embed-youtube wp-block-embed is-type-video is-provider-youtube wp-embed-aspect-4-3 wp-has-aspect-ratio lyte-align aligncenter\"><div class=\"lyte-wrapper\" style=\"width:853px;max-width:100%;margin:5px;\"><div class=\"lyMe\" id=\"WYL_n2oPhVgQeC8\"><div id=\"lyte_n2oPhVgQeC8\" data-src=\"\/\/i.ytimg.com\/vi\/n2oPhVgQeC8\/hqdefault.jpg\" class=\"pL\"><div class=\"tC\"><div class=\"tT\"><\/div><\/div><div class=\"play\"><\/div><div class=\"ctrl\"><div class=\"Lctrl\"><\/div><div class=\"Rctrl\"><\/div><\/div><\/div><noscript><a href=\"https:\/\/youtu.be\/n2oPhVgQeC8\" rel=\"nofollow\"><img loading=\"lazy\" decoding=\"async\" src=\"https:\/\/i.ytimg.com\/vi\/n2oPhVgQeC8\/0.jpg\" alt=\"YouTube video thumbnail\" width=\"853\" height=\"460\" \/><br \/>Assista a este v\u00eddeo no YouTube<\/a><\/noscript><\/div><\/div><div class=\"lL\" style=\"max-width:100%;width:853px;margin:5px;\"><\/div><figcaption><a href=\"https:\/\/www.gov.br\/gestao\/pt-br\/canais_atendimento\/imprensa\/avisos-de-pauta\/ministra-apresenta-balanco-final-do-cpnu-2-e-dados-consolidados-do-maior-concurso-unificado-do-pais\" target=\"_blank\" rel=\"noreferrer noopener\">Coletiva de imprensa<\/a> &#8211; Balan\u00e7o final CNU<\/figcaption><\/figure>\n\n\n<h2 class=\"wp-block-heading\">Recomposi\u00e7\u00e3o de pol\u00edticas p\u00fablicas<\/h2>\n\n\n\n<p>A ministra Esther Dweck ressaltou o trabalho do governo Lula em recompor o quadro de servidores federais ao longo dos \u00faltimos tr\u00eas anos.<\/p>\n\n\n\n<p><strong>Exemplos de autoriza\u00e7\u00f5es (2023-2026) por cargo ou \u00f3rg\u00e3o<\/strong>:<\/p>\n\n\n\n<ul class=\"wp-block-list\">\n<li><strong>INSS e m\u00e9dicos peritos:<\/strong> 2.050;<\/li>\n\n\n\n<li><strong>Analista ambiental:<\/strong> 1.097;<\/li>\n\n\n\n<li><strong><a href=\"https:\/\/www.estrategiaconcursos.com.br\/blog\/concurso-aft\/\" target=\"_blank\" rel=\"noreferrer noopener\">Auditor Fiscal do Trabalho<\/a>:<\/strong> 855;<\/li>\n\n\n\n<li><strong>Pol\u00edcia Federal e Pol\u00edcia Rodovi\u00e1ria Federal:<\/strong> 1.187;<\/li>\n\n\n\n<li><strong>Analista em Tecnologia da Informa\u00e7\u00e3o:<\/strong> 482;<\/li>\n\n\n\n<li><strong>Fiocruz:<\/strong> 600;<\/li>\n\n\n\n<li><strong>Funai:<\/strong> 715;<\/li>\n\n\n\n<li><strong><a href=\"https:\/\/www.estrategiaconcursos.com.br\/blog\/concursos-agencias-reguladoras\/\" target=\"_blank\" rel=\"noreferrer noopener\">Ag\u00eancias reguladoras<\/a>:<\/strong> 883;<\/li>\n\n\n\n<li><strong>Auditor do Banco Central:<\/strong> 300.<\/li>\n<\/ul>\n\n\n\n<p><strong>Vagas em concursos em andamento:<\/strong><\/p>\n\n\n\n<ul class=\"wp-block-list\">\n<li><strong>CPNU2:<\/strong> 3.649;<\/li>\n\n\n\n<li><strong><a href=\"https:\/\/www.estrategiaconcursos.com.br\/blog\/concurso-policia-federal\/\" target=\"_blank\" rel=\"noreferrer noopener\">PF<\/a>:<\/strong> 2.000.<\/li>\n<\/ul>\n\n\n\n<h2 class=\"wp-block-heading\">O CPNU e a Transforma\u00e7\u00e3o do Estado<\/h2>\n\n\n\n<ul class=\"wp-block-list\">\n<li>Desde 2023, <strong>mais de 50 medidas<\/strong> para tornar o Estado mais eficiente j\u00e1 foram implementadas na \u00e1rea de gest\u00e3o de pessoas, digital e organiza\u00e7\u00f5es;<\/li>\n\n\n\n<li><strong>CPNU e Lei de cotas<\/strong> integram as medidas na \u00e1rea de gest\u00e3o de pessoas, com foco no <strong>aumento da inclus\u00e3o<\/strong>;<\/li>\n\n\n\n<li><strong>PL 5874<\/strong>, aprovado semana passada, faz parte desse processo e <strong>consolida o maior ciclo de reestrutura\u00e7\u00e3o de gest\u00e3o de pessoas<\/strong> em um \u00fanico mandato.<\/li>\n<\/ul>\n\n\n\n<h2 class=\"wp-block-heading\" id=\"h-desde-2023-modernizacao-e-flexibilizacao\">Desde 2023: moderniza\u00e7\u00e3o e flexibiliza\u00e7\u00e3o<\/h2>\n\n\n\n<p><strong>Estruturas mais simples, carreiras transversais e cargos<\/strong><\/p>\n\n\n\n<ul class=\"wp-block-list\">\n<li><strong>Alongamento de carreiras<\/strong> (de 30% para 86% com 20 n\u00edveis de progress\u00e3o);<\/li>\n\n\n\n<li>Uso da <strong>metodologia de Dimensionamento da For\u00e7a de Trabalho<\/strong> antes de desenhar um concurso p\u00fablico (j\u00e1 aplicada em 96 \u00f3rg\u00e3os federais);<\/li>\n\n\n\n<li>Amplia\u00e7\u00e3o das <strong>carreiras transversais<\/strong> geridas pelo MGI (de duas para oito);<\/li>\n\n\n\n<li>No <strong>PL 5874<\/strong>, 66 cargos foram transformados na carreira transversal de <strong>Analista T\u00e9cnico do Poder executivo (ATE)<\/strong>, com 1.000 vagas no CPNU2;<\/li>\n\n\n\n<li>Desde 2023, <strong>578 cargos<\/strong> (c\u00f3digos de cargos) foram unificados em <strong>11<\/strong>;<\/li>\n\n\n\n<li><strong>Transforma\u00e7\u00e3o\/extin\u00e7\u00e3o<\/strong> de quase <strong>70 mil cargos obsoletos<\/strong>;<\/li>\n\n\n\n<li><strong>Recomposi\u00e7\u00e3o salarial<\/strong> com gasto com pessoal est\u00e1vel em <strong>2,6% do PIB<\/strong>;<\/li>\n\n\n\n<li>Amplia\u00e7\u00e3o do sistema de <strong>progress\u00e3o\/avalia\u00e7\u00e3o de desempenho<\/strong> para todas as carreiras (Sidec).<\/li>\n<\/ul>\n\n\n\n<div class=\"container\" id=\"boxes\">\n  <div class=\"row\">\n\n    <div class=\"col-sm\">\n      <div class=\"banner-federais\" id=\"box-assinatura\">\n        <h2 class=\"titulo-assinatura\" style=\"text-align: left;\">Cursos para o CNU<\/h2>\n        <p class=\"subtitulo-assinatura\" style=\"text-align: left;\">Prepare-se para o &#8220;Enem dos Concursos&#8221;!<\/p>\n        <div class=\"box-botao\" style=\"text-align: left;\">\n          <a class=\"btn-assinatura\" target=\"_blank\" href=\"https:\/\/www.estrategiaconcursos.com.br\/cursosPorConcurso\/concurso-nacional-unificado-cnu\/\" role=\"button\" rel=\"noopener noreferrer\">Confira os pacotes!<\/a>\n        <\/div>\n      <\/div><\/div><\/div><\/div>\n\n\n\n<p>Abaixo, confira as pr\u00f3ximas datas j\u00e1 divulgadas acerca das demais etapas da 2\u00aa fase:<\/p>\n\n\n\n<figure class=\"wp-block-table is-style-stripes\"><table><thead><tr><th class=\"has-text-align-center\" data-align=\"center\">Data<\/th><th>Evento<\/th><\/tr><\/thead><tbody><tr><td class=\"has-text-align-center\" data-align=\"center\">Ap\u00f3s 16\/03\/2026&nbsp;<\/td><td>In\u00edcio das convoca\u00e7\u00f5es para nomea\u00e7\u00e3o, e, quando couber, para o <a href=\"https:\/\/www.estrategiaconcursos.com.br\/blog\/cnu-etapa-investigacao-social\/\" target=\"_blank\" rel=\"noreferrer noopener\">procedimento de Investiga\u00e7\u00e3o Social e Funcional<\/a>, a realiza\u00e7\u00e3o da Defesa de Memorial e Prova Oral e o Curso ou Programa de Forma\u00e7\u00e3o<\/td><\/tr><tr><td class=\"has-text-align-center\" data-align=\"center\">17 a 24\/03\/2026<br \/><\/td><td>Prazo para preenchimento da Ficha de Informa\u00e7\u00f5es Pessoais (FIP), referente \u00e0 fase de Investiga\u00e7\u00e3o Social e Funcional para o cargo de Analista T\u00e9cnico de Justi\u00e7a e Defesa &#8211; ATJD<\/td><\/tr><tr><td class=\"has-text-align-center\" data-align=\"center\">06 a 10\/04\/2026<\/td><td>Prazo para envio da documenta\u00e7\u00e3o referente \u00e0 Defesa de Memorial e Prova Oral<\/td><\/tr><\/tbody><\/table><figcaption class=\"wp-element-caption\">Pr\u00f3ximas datas do CNU 2<\/figcaption><\/figure>\n\n\n\n<p><strong>Curso ou Programa de Forma\u00e7\u00e3o:<\/strong> essa etapa constitui a segunda fase do certame, com car\u00e1ter eliminat\u00f3rio e classificat\u00f3rio, sendo conduzida pelo \u00f3rg\u00e3o respons\u00e1vel pelo cargo. A nota obtida nessa etapa \u00e9 somada \u00e0 Nota Final Ponderada do concurso para a defini\u00e7\u00e3o da classifica\u00e7\u00e3o final e homologa\u00e7\u00e3o.&nbsp;<\/p>\n\n\n\n<p><strong>Investiga\u00e7\u00e3o social e funcional:<\/strong> o procedimento possui car\u00e1ter eliminat\u00f3rio e busca verificar a idoneidade e a vida pregressa das pessoas candidatas para o exerc\u00edcio das fun\u00e7\u00f5es p\u00fablicas.&nbsp;<\/p>\n\n\n\n<hr class=\"wp-block-separator has-alpha-channel-opacity is-style-dots\"\/>\n\n\n\n<p class=\"has-text-align-center\"><em>Para ficar por dentro de todas as informa\u00e7\u00f5es sobre o CNU, al\u00e9m dos dados consolidados, n\u00e3o deixe de conferir nosso artigo completo sobre a sele\u00e7\u00e3o:<\/em><\/p>\n\n\n\n<p class=\"has-text-align-center has-background has-medium-font-size\" style=\"background-color:#d4dbe3\"><strong><a href=\"https:\/\/www.estrategiaconcursos.com.br\/blog\/concurso-nacional-unificado\/\" target=\"_blank\" rel=\"noreferrer noopener\">CNU 2025\/2026<\/a><\/strong><\/p>\n\n\n\n<hr class=\"wp-block-separator has-alpha-channel-opacity\"\/>\n\n\n\n<h2 class=\"wp-block-heading has-text-align-center\" id=\"cursos-assinatura\"><em>Quer estudar para o Concurso Nacional Unificado (CNU)? Confira as nossas assinaturas e cursos:<\/em><\/h2>\n\n\n\n<div class=\"container\" id=\"boxes\">\r\n  <div class=\"row\">\r\n\r\n    <div class=\"col-sm\">\r\n      <div class=\"estrategia\" id=\"box-assinatura\">\r\n        <h3 class=\"titulo-assinatura\">Assinatura Concursos<\/h3>\r\n        <p class=\"subtitulo-assinatura\">Assinatura de 1 ano ou 2 anos<\/p>\r\n        <div class=\"box-botao\">\r\n          <a class=\"btn-assinatura\" target=\"_blank\" href=\"https:\/\/www.estrategiaconcursos.com.br\/assinaturas\/\" role=\"button\" rel=\"noopener noreferrer\">ASSINE AGORA<\/a>\r\n        <\/div>\r\n      <\/div><\/div><\/div><\/div>\n\n\n\n<h2 class=\"wp-block-heading has-text-align-center\" id=\"h-quer-saber-tudo-sobre-concursos-previstos-confira-os-nossos-artigos\">Quer saber tudo sobre concursos previstos?<br \/>Confira os nossos artigos!<\/h2>\n\n\n\n<ul class=\"wp-block-list\">\n<li><a href=\"https:\/\/www.estrategiaconcursos.com.br\/blog\/concursos-abertos\/\" target=\"_blank\" rel=\"noreferrer noopener\">Concursos Abertos<\/a><\/li>\n\n\n\n<li><a href=\"https:\/\/www.estrategiaconcursos.com.br\/blog\/concursos-federais\/\" target=\"_blank\" rel=\"noreferrer noopener\">Concursos Federais<\/a><\/li>\n\n\n\n<li><a href=\"https:\/\/www.estrategiaconcursos.com.br\/blog\/concursos-2026\/\" target=\"_blank\" rel=\"noreferrer noopener\">Concursos 2026<\/a><\/li>\n<\/ul>\n","protected":false},"excerpt":{"rendered":"<p>Em coletiva de imprensa realizada neta ter\u00e7a-feira (17) a ministra do MGI, Esther Dweck, e outros representantes do Governo trouxeram dados consolidados sobre a 2\u00aa edi\u00e7\u00e3o do&nbsp;Concurso Nacional Unificado&nbsp;\u2013 CNU. Lembrando que j\u00e1 foi divulgada a homologa\u00e7\u00e3o do resultado final, exclusivamente para os cargos sem segunda fase. No total, foram registradas 761.545 pessoas inscritas, com [&hellip;]<\/p>\n","protected":false},"author":659,"featured_media":1270513,"comment_status":"open","ping_status":"closed","sticky":false,"template":"","format":"standard","meta":{"post_tipo":"news","footnotes":""},"categories":[214992,220219],"tags":[],"tax_estado":[219963],"class_list":["post-1737613","post","type-post","status-publish","format-standard","has-post-thumbnail","hentry","category-concursos-administrativos","category-noticias","tax_estado-concursos-federais"],"acf":[],"yoast_head":"<!-- This site is optimized with the Yoast SEO Premium plugin v27.2 (Yoast SEO v27.2) - https:\/\/yoast.com\/product\/yoast-seo-premium-wordpress\/ -->\n<title>CNU: MGI apresenta dados consolidados sobre a sele\u00e7\u00e3o!<\/title>\n<meta name=\"description\" content=\"Em coletiva de imprensa, ministra do MGI e outros representantes do Governo trazem dados consolidados sobre a 2\u00aa edi\u00e7\u00e3o do CNU.\" \/>\n<meta name=\"robots\" content=\"index, follow, max-snippet:-1, max-image-preview:large, max-video-preview:-1\" \/>\n<link rel=\"canonical\" href=\"https:\/\/www.estrategiaconcursos.com.br\/blog\/cnu-2026-mgi-apresenta-dados-consolidados\/\" \/>\n<meta property=\"og:locale\" content=\"pt_BR\" \/>\n<meta property=\"og:type\" content=\"article\" \/>\n<meta property=\"og:title\" content=\"CNU: MGI apresenta dados consolidados sobre a sele\u00e7\u00e3o!\" \/>\n<meta property=\"og:description\" content=\"Em coletiva de imprensa, ministra do MGI e outros representantes do Governo trazem dados consolidados sobre a 2\u00aa edi\u00e7\u00e3o do CNU.\" \/>\n<meta property=\"og:url\" content=\"https:\/\/www.estrategiaconcursos.com.br\/blog\/cnu-2026-mgi-apresenta-dados-consolidados\/\" \/>\n<meta property=\"og:site_name\" content=\"Estrat\u00e9gia Concursos\" \/>\n<meta property=\"article:published_time\" content=\"2026-03-17T19:31:00+00:00\" \/>\n<meta property=\"article:modified_time\" content=\"2026-03-25T11:57:35+00:00\" \/>\n<meta property=\"og:image\" content=\"https:\/\/dhg1h5j42swfq.cloudfront.net\/2023\/08\/29075651\/concurso-nacional-unificado.jpg\" \/>\n\t<meta property=\"og:image:width\" content=\"768\" \/>\n\t<meta property=\"og:image:height\" content=\"432\" \/>\n\t<meta property=\"og:image:type\" content=\"image\/jpeg\" \/>\n<meta name=\"author\" content=\"Camila Leite\" \/>\n<meta name=\"twitter:card\" content=\"summary_large_image\" \/>\n<meta name=\"twitter:creator\" content=\"@EstratConcursos\" \/>\n<meta name=\"twitter:site\" content=\"@EstratConcursos\" \/>\n<meta name=\"twitter:label1\" content=\"Escrito por\" \/>\n\t<meta name=\"twitter:data1\" content=\"Camila Leite\" \/>\n\t<meta name=\"twitter:label2\" content=\"Est. tempo de leitura\" \/>\n\t<meta name=\"twitter:data2\" content=\"6 minutos\" \/>\n<script type=\"application\/ld+json\" class=\"yoast-schema-graph\">{\"@context\":\"https:\/\/schema.org\",\"@graph\":[{\"@type\":\"NewsArticle\",\"@id\":\"https:\/\/www.estrategiaconcursos.com.br\/blog\/cnu-2026-mgi-apresenta-dados-consolidados\/#article\",\"isPartOf\":{\"@id\":\"https:\/\/www.estrategiaconcursos.com.br\/blog\/cnu-2026-mgi-apresenta-dados-consolidados\/\"},\"author\":{\"name\":\"Camila Leite\",\"@id\":\"https:\/\/www.estrategiaconcursos.com.br\/blog\/#\/schema\/person\/84ecdc6eb58d3cf1689bf76c5cd8fb38\"},\"headline\":\"CNU: MGI apresenta dados consolidados sobre a sele\u00e7\u00e3o!\",\"datePublished\":\"2026-03-17T19:31:00+00:00\",\"dateModified\":\"2026-03-25T11:57:35+00:00\",\"mainEntityOfPage\":{\"@id\":\"https:\/\/www.estrategiaconcursos.com.br\/blog\/cnu-2026-mgi-apresenta-dados-consolidados\/\"},\"wordCount\":1123,\"commentCount\":0,\"publisher\":{\"@id\":\"https:\/\/www.estrategiaconcursos.com.br\/blog\/#organization\"},\"image\":{\"@id\":\"https:\/\/www.estrategiaconcursos.com.br\/blog\/cnu-2026-mgi-apresenta-dados-consolidados\/#primaryimage\"},\"thumbnailUrl\":\"https:\/\/dhg1h5j42swfq.cloudfront.net\/2023\/08\/29075651\/concurso-nacional-unificado.jpg\",\"articleSection\":[\"Executivo (Administrativa)\",\"\u00daltimas not\u00edcias\"],\"inLanguage\":\"pt-BR\",\"potentialAction\":[{\"@type\":\"CommentAction\",\"name\":\"Comment\",\"target\":[\"https:\/\/www.estrategiaconcursos.com.br\/blog\/cnu-2026-mgi-apresenta-dados-consolidados\/#respond\"]}],\"copyrightYear\":\"2026\",\"copyrightHolder\":{\"@id\":\"https:\/\/www.estrategiaconcursos.com.br\/blog\/#organization\"}},{\"@type\":\"WebPage\",\"@id\":\"https:\/\/www.estrategiaconcursos.com.br\/blog\/cnu-2026-mgi-apresenta-dados-consolidados\/\",\"url\":\"https:\/\/www.estrategiaconcursos.com.br\/blog\/cnu-2026-mgi-apresenta-dados-consolidados\/\",\"name\":\"CNU: MGI apresenta dados consolidados sobre a sele\u00e7\u00e3o!\",\"isPartOf\":{\"@id\":\"https:\/\/www.estrategiaconcursos.com.br\/blog\/#website\"},\"primaryImageOfPage\":{\"@id\":\"https:\/\/www.estrategiaconcursos.com.br\/blog\/cnu-2026-mgi-apresenta-dados-consolidados\/#primaryimage\"},\"image\":{\"@id\":\"https:\/\/www.estrategiaconcursos.com.br\/blog\/cnu-2026-mgi-apresenta-dados-consolidados\/#primaryimage\"},\"thumbnailUrl\":\"https:\/\/dhg1h5j42swfq.cloudfront.net\/2023\/08\/29075651\/concurso-nacional-unificado.jpg\",\"datePublished\":\"2026-03-17T19:31:00+00:00\",\"dateModified\":\"2026-03-25T11:57:35+00:00\",\"description\":\"Em coletiva de imprensa, ministra do MGI e outros representantes do Governo trazem dados consolidados sobre a 2\u00aa edi\u00e7\u00e3o do CNU.\",\"breadcrumb\":{\"@id\":\"https:\/\/www.estrategiaconcursos.com.br\/blog\/cnu-2026-mgi-apresenta-dados-consolidados\/#breadcrumb\"},\"inLanguage\":\"pt-BR\",\"potentialAction\":[{\"@type\":\"ReadAction\",\"target\":[\"https:\/\/www.estrategiaconcursos.com.br\/blog\/cnu-2026-mgi-apresenta-dados-consolidados\/\"]}]},{\"@type\":\"ImageObject\",\"inLanguage\":\"pt-BR\",\"@id\":\"https:\/\/www.estrategiaconcursos.com.br\/blog\/cnu-2026-mgi-apresenta-dados-consolidados\/#primaryimage\",\"url\":\"https:\/\/dhg1h5j42swfq.cloudfront.net\/2023\/08\/29075651\/concurso-nacional-unificado.jpg\",\"contentUrl\":\"https:\/\/dhg1h5j42swfq.cloudfront.net\/2023\/08\/29075651\/concurso-nacional-unificado.jpg\",\"width\":768,\"height\":432,\"caption\":\"CNU 2: saiu convoca\u00e7\u00e3o para Fase 6; cronograma atualizado\"},{\"@type\":\"BreadcrumbList\",\"@id\":\"https:\/\/www.estrategiaconcursos.com.br\/blog\/cnu-2026-mgi-apresenta-dados-consolidados\/#breadcrumb\",\"itemListElement\":[{\"@type\":\"ListItem\",\"position\":1,\"name\":\"In\u00edcio\",\"item\":\"https:\/\/www.estrategiaconcursos.com.br\/blog\/\"},{\"@type\":\"ListItem\",\"position\":2,\"name\":\"CNU: MGI apresenta dados consolidados sobre a sele\u00e7\u00e3o!\"}]},{\"@type\":\"WebSite\",\"@id\":\"https:\/\/www.estrategiaconcursos.com.br\/blog\/#website\",\"url\":\"https:\/\/www.estrategiaconcursos.com.br\/blog\/\",\"name\":\"Estrat\u00e9gia Concursos\",\"description\":\"O blog da Estrat\u00e9gia Concursos traz not\u00edcias sobre concursos e artigos de professores oferecendo cursos para concursos (pdf + videaulas) no site.\",\"publisher\":{\"@id\":\"https:\/\/www.estrategiaconcursos.com.br\/blog\/#organization\"},\"potentialAction\":[{\"@type\":\"SearchAction\",\"target\":{\"@type\":\"EntryPoint\",\"urlTemplate\":\"https:\/\/www.estrategiaconcursos.com.br\/blog\/?s={search_term_string}\"},\"query-input\":{\"@type\":\"PropertyValueSpecification\",\"valueRequired\":true,\"valueName\":\"search_term_string\"}}],\"inLanguage\":\"pt-BR\"},{\"@type\":\"Organization\",\"@id\":\"https:\/\/www.estrategiaconcursos.com.br\/blog\/#organization\",\"name\":\"Estrat\u00e9gia Concursos\",\"url\":\"https:\/\/www.estrategiaconcursos.com.br\/blog\/\",\"logo\":{\"@type\":\"ImageObject\",\"inLanguage\":\"pt-BR\",\"@id\":\"https:\/\/www.estrategiaconcursos.com.br\/blog\/#\/schema\/logo\/image\/\",\"url\":\"https:\/\/dhg1h5j42swfq.cloudfront.net\/2025\/06\/03203428\/logo_concursos-1.jpg\",\"contentUrl\":\"https:\/\/dhg1h5j42swfq.cloudfront.net\/2025\/06\/03203428\/logo_concursos-1.jpg\",\"width\":230,\"height\":60,\"caption\":\"Estrat\u00e9gia Concursos\"},\"image\":{\"@id\":\"https:\/\/www.estrategiaconcursos.com.br\/blog\/#\/schema\/logo\/image\/\"},\"sameAs\":[\"https:\/\/x.com\/EstratConcursos\"]},{\"@type\":\"Person\",\"@id\":\"https:\/\/www.estrategiaconcursos.com.br\/blog\/#\/schema\/person\/84ecdc6eb58d3cf1689bf76c5cd8fb38\",\"name\":\"Camila Leite\",\"image\":{\"@type\":\"ImageObject\",\"inLanguage\":\"pt-BR\",\"@id\":\"https:\/\/secure.gravatar.com\/avatar\/f2f8faef639c8a2bfb7fb909912a56917f4c3a0aed064500168e2fb8ea55cf61?s=96&d=mm&r=g\",\"url\":\"https:\/\/secure.gravatar.com\/avatar\/f2f8faef639c8a2bfb7fb909912a56917f4c3a0aed064500168e2fb8ea55cf61?s=96&d=mm&r=g\",\"contentUrl\":\"https:\/\/secure.gravatar.com\/avatar\/f2f8faef639c8a2bfb7fb909912a56917f4c3a0aed064500168e2fb8ea55cf61?s=96&d=mm&r=g\",\"caption\":\"Camila Leite\"},\"description\":\"Formada em Design Gr\u00e1fico e em Propaganda e Marketing pela UNIP, integra a equipe de jornalismo do Estrat\u00e9gia Concursos desde 2018. Ao longo dos anos, construiu uma s\u00f3lida experi\u00eancia na produ\u00e7\u00e3o de conte\u00fado informativo e relevante para concurseiros. Desde 2020, atua na cobertura das \u00e1reas Fiscal \u2014 com \u00eanfase nas Secretarias de Fazenda (Sefaz) das regi\u00f5es Sul e Sudeste \u2014, al\u00e9m da cobertura de concursos federais, como CNU, Petrobras, CGU, Receita Federal, ag\u00eancias reguladoras (Anvisa, ANAC, entre outras) e INSS. Mant\u00e9m contato direto com os principais \u00f3rg\u00e3os p\u00fablicos, acompanhando editais, atualiza\u00e7\u00f5es e movimenta\u00e7\u00f5es importantes para os candidatos.\",\"sameAs\":[\"https:\/\/www.linkedin.com\/in\/camila-pinheiro-leite-9ba135b6\/\"],\"url\":\"https:\/\/www.estrategiaconcursos.com.br\/blog\/author\/camila-leiteestrategiaconcursos-com-br\/\"}]}<\/script>\n<!-- \/ Yoast SEO Premium plugin. -->","yoast_head_json":{"title":"CNU: MGI apresenta dados consolidados sobre a sele\u00e7\u00e3o!","description":"Em coletiva de imprensa, ministra do MGI e outros representantes do Governo trazem dados consolidados sobre a 2\u00aa edi\u00e7\u00e3o do CNU.","robots":{"index":"index","follow":"follow","max-snippet":"max-snippet:-1","max-image-preview":"max-image-preview:large","max-video-preview":"max-video-preview:-1"},"canonical":"https:\/\/www.estrategiaconcursos.com.br\/blog\/cnu-2026-mgi-apresenta-dados-consolidados\/","og_locale":"pt_BR","og_type":"article","og_title":"CNU: MGI apresenta dados consolidados sobre a sele\u00e7\u00e3o!","og_description":"Em coletiva de imprensa, ministra do MGI e outros representantes do Governo trazem dados consolidados sobre a 2\u00aa edi\u00e7\u00e3o do CNU.","og_url":"https:\/\/www.estrategiaconcursos.com.br\/blog\/cnu-2026-mgi-apresenta-dados-consolidados\/","og_site_name":"Estrat\u00e9gia Concursos","article_published_time":"2026-03-17T19:31:00+00:00","article_modified_time":"2026-03-25T11:57:35+00:00","og_image":[{"width":768,"height":432,"url":"https:\/\/dhg1h5j42swfq.cloudfront.net\/2023\/08\/29075651\/concurso-nacional-unificado.jpg","type":"image\/jpeg"}],"author":"Camila Leite","twitter_card":"summary_large_image","twitter_creator":"@EstratConcursos","twitter_site":"@EstratConcursos","twitter_misc":{"Escrito por":"Camila Leite","Est. tempo de leitura":"6 minutos"},"schema":{"@context":"https:\/\/schema.org","@graph":[{"@type":"NewsArticle","@id":"https:\/\/www.estrategiaconcursos.com.br\/blog\/cnu-2026-mgi-apresenta-dados-consolidados\/#article","isPartOf":{"@id":"https:\/\/www.estrategiaconcursos.com.br\/blog\/cnu-2026-mgi-apresenta-dados-consolidados\/"},"author":{"name":"Camila Leite","@id":"https:\/\/www.estrategiaconcursos.com.br\/blog\/#\/schema\/person\/84ecdc6eb58d3cf1689bf76c5cd8fb38"},"headline":"CNU: MGI apresenta dados consolidados sobre a sele\u00e7\u00e3o!","datePublished":"2026-03-17T19:31:00+00:00","dateModified":"2026-03-25T11:57:35+00:00","mainEntityOfPage":{"@id":"https:\/\/www.estrategiaconcursos.com.br\/blog\/cnu-2026-mgi-apresenta-dados-consolidados\/"},"wordCount":1123,"commentCount":0,"publisher":{"@id":"https:\/\/www.estrategiaconcursos.com.br\/blog\/#organization"},"image":{"@id":"https:\/\/www.estrategiaconcursos.com.br\/blog\/cnu-2026-mgi-apresenta-dados-consolidados\/#primaryimage"},"thumbnailUrl":"https:\/\/dhg1h5j42swfq.cloudfront.net\/2023\/08\/29075651\/concurso-nacional-unificado.jpg","articleSection":["Executivo (Administrativa)","\u00daltimas not\u00edcias"],"inLanguage":"pt-BR","potentialAction":[{"@type":"CommentAction","name":"Comment","target":["https:\/\/www.estrategiaconcursos.com.br\/blog\/cnu-2026-mgi-apresenta-dados-consolidados\/#respond"]}],"copyrightYear":"2026","copyrightHolder":{"@id":"https:\/\/www.estrategiaconcursos.com.br\/blog\/#organization"}},{"@type":"WebPage","@id":"https:\/\/www.estrategiaconcursos.com.br\/blog\/cnu-2026-mgi-apresenta-dados-consolidados\/","url":"https:\/\/www.estrategiaconcursos.com.br\/blog\/cnu-2026-mgi-apresenta-dados-consolidados\/","name":"CNU: MGI apresenta dados consolidados sobre a sele\u00e7\u00e3o!","isPartOf":{"@id":"https:\/\/www.estrategiaconcursos.com.br\/blog\/#website"},"primaryImageOfPage":{"@id":"https:\/\/www.estrategiaconcursos.com.br\/blog\/cnu-2026-mgi-apresenta-dados-consolidados\/#primaryimage"},"image":{"@id":"https:\/\/www.estrategiaconcursos.com.br\/blog\/cnu-2026-mgi-apresenta-dados-consolidados\/#primaryimage"},"thumbnailUrl":"https:\/\/dhg1h5j42swfq.cloudfront.net\/2023\/08\/29075651\/concurso-nacional-unificado.jpg","datePublished":"2026-03-17T19:31:00+00:00","dateModified":"2026-03-25T11:57:35+00:00","description":"Em coletiva de imprensa, ministra do MGI e outros representantes do Governo trazem dados consolidados sobre a 2\u00aa edi\u00e7\u00e3o do CNU.","breadcrumb":{"@id":"https:\/\/www.estrategiaconcursos.com.br\/blog\/cnu-2026-mgi-apresenta-dados-consolidados\/#breadcrumb"},"inLanguage":"pt-BR","potentialAction":[{"@type":"ReadAction","target":["https:\/\/www.estrategiaconcursos.com.br\/blog\/cnu-2026-mgi-apresenta-dados-consolidados\/"]}]},{"@type":"ImageObject","inLanguage":"pt-BR","@id":"https:\/\/www.estrategiaconcursos.com.br\/blog\/cnu-2026-mgi-apresenta-dados-consolidados\/#primaryimage","url":"https:\/\/dhg1h5j42swfq.cloudfront.net\/2023\/08\/29075651\/concurso-nacional-unificado.jpg","contentUrl":"https:\/\/dhg1h5j42swfq.cloudfront.net\/2023\/08\/29075651\/concurso-nacional-unificado.jpg","width":768,"height":432,"caption":"CNU 2: saiu convoca\u00e7\u00e3o para Fase 6; cronograma atualizado"},{"@type":"BreadcrumbList","@id":"https:\/\/www.estrategiaconcursos.com.br\/blog\/cnu-2026-mgi-apresenta-dados-consolidados\/#breadcrumb","itemListElement":[{"@type":"ListItem","position":1,"name":"In\u00edcio","item":"https:\/\/www.estrategiaconcursos.com.br\/blog\/"},{"@type":"ListItem","position":2,"name":"CNU: MGI apresenta dados consolidados sobre a sele\u00e7\u00e3o!"}]},{"@type":"WebSite","@id":"https:\/\/www.estrategiaconcursos.com.br\/blog\/#website","url":"https:\/\/www.estrategiaconcursos.com.br\/blog\/","name":"Estrat\u00e9gia Concursos","description":"O blog da Estrat\u00e9gia Concursos traz not\u00edcias sobre concursos e artigos de professores oferecendo cursos para concursos (pdf + videaulas) no site.","publisher":{"@id":"https:\/\/www.estrategiaconcursos.com.br\/blog\/#organization"},"potentialAction":[{"@type":"SearchAction","target":{"@type":"EntryPoint","urlTemplate":"https:\/\/www.estrategiaconcursos.com.br\/blog\/?s={search_term_string}"},"query-input":{"@type":"PropertyValueSpecification","valueRequired":true,"valueName":"search_term_string"}}],"inLanguage":"pt-BR"},{"@type":"Organization","@id":"https:\/\/www.estrategiaconcursos.com.br\/blog\/#organization","name":"Estrat\u00e9gia Concursos","url":"https:\/\/www.estrategiaconcursos.com.br\/blog\/","logo":{"@type":"ImageObject","inLanguage":"pt-BR","@id":"https:\/\/www.estrategiaconcursos.com.br\/blog\/#\/schema\/logo\/image\/","url":"https:\/\/dhg1h5j42swfq.cloudfront.net\/2025\/06\/03203428\/logo_concursos-1.jpg","contentUrl":"https:\/\/dhg1h5j42swfq.cloudfront.net\/2025\/06\/03203428\/logo_concursos-1.jpg","width":230,"height":60,"caption":"Estrat\u00e9gia Concursos"},"image":{"@id":"https:\/\/www.estrategiaconcursos.com.br\/blog\/#\/schema\/logo\/image\/"},"sameAs":["https:\/\/x.com\/EstratConcursos"]},{"@type":"Person","@id":"https:\/\/www.estrategiaconcursos.com.br\/blog\/#\/schema\/person\/84ecdc6eb58d3cf1689bf76c5cd8fb38","name":"Camila Leite","image":{"@type":"ImageObject","inLanguage":"pt-BR","@id":"https:\/\/secure.gravatar.com\/avatar\/f2f8faef639c8a2bfb7fb909912a56917f4c3a0aed064500168e2fb8ea55cf61?s=96&d=mm&r=g","url":"https:\/\/secure.gravatar.com\/avatar\/f2f8faef639c8a2bfb7fb909912a56917f4c3a0aed064500168e2fb8ea55cf61?s=96&d=mm&r=g","contentUrl":"https:\/\/secure.gravatar.com\/avatar\/f2f8faef639c8a2bfb7fb909912a56917f4c3a0aed064500168e2fb8ea55cf61?s=96&d=mm&r=g","caption":"Camila Leite"},"description":"Formada em Design Gr\u00e1fico e em Propaganda e Marketing pela UNIP, integra a equipe de jornalismo do Estrat\u00e9gia Concursos desde 2018. Ao longo dos anos, construiu uma s\u00f3lida experi\u00eancia na produ\u00e7\u00e3o de conte\u00fado informativo e relevante para concurseiros. Desde 2020, atua na cobertura das \u00e1reas Fiscal \u2014 com \u00eanfase nas Secretarias de Fazenda (Sefaz) das regi\u00f5es Sul e Sudeste \u2014, al\u00e9m da cobertura de concursos federais, como CNU, Petrobras, CGU, Receita Federal, ag\u00eancias reguladoras (Anvisa, ANAC, entre outras) e INSS. Mant\u00e9m contato direto com os principais \u00f3rg\u00e3os p\u00fablicos, acompanhando editais, atualiza\u00e7\u00f5es e movimenta\u00e7\u00f5es importantes para os candidatos.","sameAs":["https:\/\/www.linkedin.com\/in\/camila-pinheiro-leite-9ba135b6\/"],"url":"https:\/\/www.estrategiaconcursos.com.br\/blog\/author\/camila-leiteestrategiaconcursos-com-br\/"}]}},"_links":{"self":[{"href":"https:\/\/www.estrategiaconcursos.com.br\/blog\/wp-json\/wp\/v2\/posts\/1737613","targetHints":{"allow":["GET"]}}],"collection":[{"href":"https:\/\/www.estrategiaconcursos.com.br\/blog\/wp-json\/wp\/v2\/posts"}],"about":[{"href":"https:\/\/www.estrategiaconcursos.com.br\/blog\/wp-json\/wp\/v2\/types\/post"}],"author":[{"embeddable":true,"href":"https:\/\/www.estrategiaconcursos.com.br\/blog\/wp-json\/wp\/v2\/users\/659"}],"replies":[{"embeddable":true,"href":"https:\/\/www.estrategiaconcursos.com.br\/blog\/wp-json\/wp\/v2\/comments?post=1737613"}],"version-history":[{"count":30,"href":"https:\/\/www.estrategiaconcursos.com.br\/blog\/wp-json\/wp\/v2\/posts\/1737613\/revisions"}],"predecessor-version":[{"id":1742789,"href":"https:\/\/www.estrategiaconcursos.com.br\/blog\/wp-json\/wp\/v2\/posts\/1737613\/revisions\/1742789"}],"wp:featuredmedia":[{"embeddable":true,"href":"https:\/\/www.estrategiaconcursos.com.br\/blog\/wp-json\/wp\/v2\/media\/1270513"}],"wp:attachment":[{"href":"https:\/\/www.estrategiaconcursos.com.br\/blog\/wp-json\/wp\/v2\/media?parent=1737613"}],"wp:term":[{"taxonomy":"category","embeddable":true,"href":"https:\/\/www.estrategiaconcursos.com.br\/blog\/wp-json\/wp\/v2\/categories?post=1737613"},{"taxonomy":"post_tag","embeddable":true,"href":"https:\/\/www.estrategiaconcursos.com.br\/blog\/wp-json\/wp\/v2\/tags?post=1737613"},{"taxonomy":"tax_estado","embeddable":true,"href":"https:\/\/www.estrategiaconcursos.com.br\/blog\/wp-json\/wp\/v2\/tax_estado?post=1737613"}],"curies":[{"name":"wp","href":"https:\/\/api.w.org\/{rel}","templated":true}]}}