{"id":1737604,"date":"2026-03-18T16:00:00","date_gmt":"2026-03-18T19:00:00","guid":{"rendered":"https:\/\/www.estrategiaconcursos.com.br\/blog\/?p=1737604"},"modified":"2026-03-17T15:44:50","modified_gmt":"2026-03-17T18:44:50","slug":"concurso-unificado-rn-2026-requisitos","status":"publish","type":"post","link":"https:\/\/www.estrategiaconcursos.com.br\/blog\/concurso-unificado-rn-2026-requisitos\/","title":{"rendered":"Concurso Unificado RN: conhe\u00e7a os requisitos!"},"content":{"rendered":"\n<p>O edital do&nbsp;<a href=\"https:\/\/www.estrategiaconcursos.com.br\/cursos\/concurso\/\">Concurso Unificado do Rio Grande do Norte (RN)<\/a> foi oficialmente publicado, e trouxe excelentes oportunidades para quem busca ingressar no servi\u00e7o p\u00fablico estadual!<\/p>\n\n\n\n<p>S\u00e3o&nbsp;<strong>175 vagas imediatas, al\u00e9m da forma\u00e7\u00e3o de cadastro de reserva (CR)<\/strong>, distribu\u00eddas entre o Departamento Estadual de Tr\u00e2nsito (Detran), o Instituto de Previd\u00eancia dos Servidores do Estado (IPERN) e as Centrais de Abastecimento (CEASA).<\/p>\n\n\n\n<p>Confira neste artigo quais s\u00e3o os requisitos das oportunidades para cada \u00f3rg\u00e3o!<\/p>\n\n\n\n<h2 class=\"wp-block-heading\" id=\"h-requisitos-do-concurso-unificado-rn\">Requisitos do Concurso Unificado RN<\/h2>\n\n\n\n<h3 class=\"wp-block-heading\" id=\"cargos\">Cargos e vagas do <a href=\"https:\/\/www.estrategiaconcursos.com.br\/blog\/concurso-detran-rn\/\">concurso Detran RN<\/a><\/h3>\n\n\n\n<figure class=\"wp-block-table is-style-stripes\"><table class=\"has-fixed-layout\"><thead><tr><th class=\"has-text-align-center\" data-align=\"center\">Cargo<\/th><th class=\"has-text-align-center\" data-align=\"center\">AC<\/th><th class=\"has-text-align-center\" data-align=\"center\">PcD<\/th><th class=\"has-text-align-center\" data-align=\"center\">PPP<\/th><th class=\"has-text-align-center\" data-align=\"center\">Total<\/th><\/tr><\/thead><tbody><tr><td class=\"has-text-align-center\" data-align=\"center\">Assistente de Tr\u00e2nsito<\/td><td class=\"has-text-align-center\" data-align=\"center\">39 + CR<\/td><td class=\"has-text-align-center\" data-align=\"center\">6 + CR<\/td><td class=\"has-text-align-center\" data-align=\"center\">11 + CR<\/td><td class=\"has-text-align-center\" data-align=\"center\">56 + CR<\/td><\/tr><tr><td class=\"has-text-align-center\" data-align=\"center\">Analista de Tr\u00e2nsito<\/td><td class=\"has-text-align-center\" data-align=\"center\">21 + CR<\/td><td class=\"has-text-align-center\" data-align=\"center\">1 + CR<\/td><td class=\"has-text-align-center\" data-align=\"center\">2 + CR<\/td><td class=\"has-text-align-center\" data-align=\"center\">24 + CR<\/td><\/tr><\/tbody><\/table><\/figure>\n\n\n\n<ul class=\"wp-block-list\">\n<li><strong>Assistente de Tr\u00e2nsito \u2013 n\u00edvel m\u00e9dio:<\/strong>\n<ul class=\"wp-block-list\">\n<li><strong>Administra\u00e7\u00e3o: <\/strong>\n<ul class=\"wp-block-list\">\n<li>Diploma (ou certificado) de conclus\u00e3o de N\u00edvel M\u00e9dio, devidamente registrado pelo MEC.<\/li>\n<\/ul>\n<\/li>\n\n\n\n<li><strong>Edifica\u00e7\u00f5es: <\/strong>\n<ul class=\"wp-block-list\">\n<li>Diploma (ou certificado) de conclus\u00e3o de N\u00edvel M\u00e9dio, devidamente registrado pelo MEC.<\/li>\n<\/ul>\n<\/li>\n\n\n\n<li><strong>Eletricista Programador: <\/strong>\n<ul class=\"wp-block-list\">\n<li>Diploma (ou certificado) de conclus\u00e3o de N\u00edvel M\u00e9dio, devidamente registrado pelo MEC.<\/li>\n<\/ul>\n<\/li>\n\n\n\n<li><strong>Inspe\u00e7\u00e3o Veicular: <\/strong>\n<ul class=\"wp-block-list\">\n<li>Diploma (ou certificado) de conclus\u00e3o de N\u00edvel M\u00e9dio T\u00e9cnico Profissionalizante em Mec\u00e2nica ou Ensino M\u00e9dio com Curso de Capacita\u00e7\u00e3o em Mec\u00e2nica, devidamente registrado pelo MEC.<\/li>\n<\/ul>\n<\/li>\n<\/ul>\n<\/li>\n\n\n\n<li><strong>Analista de Tr\u00e2nsito \u2013 n\u00edvel superior:<\/strong>\n<ul class=\"wp-block-list\">\n<li><strong>Administra\u00e7\u00e3o: <\/strong>\n<ul class=\"wp-block-list\">\n<li>Diploma de gradua\u00e7\u00e3o (ou certificado de conclus\u00e3o) de curso em n\u00edvel superior na \u00e1rea de Administra\u00e7\u00e3o ou em curso em n\u00edvel superior tecn\u00f3logo na \u00e1rea de Administra\u00e7\u00e3o, acompanhado de diploma de P\u00f3s-Gradua\u00e7\u00e3o em Gest\u00e3o P\u00fablica ou em \u00e1reas afins, devidamente registrado pelo Minist\u00e9rio da Educa\u00e7\u00e3o e registro no Conselho Regional correspondente.<\/li>\n<\/ul>\n<\/li>\n\n\n\n<li><strong>Arquitetura:<\/strong>\n<ul class=\"wp-block-list\">\n<li>Diploma de gradua\u00e7\u00e3o (ou certificado de conclus\u00e3o) de curso em n\u00edvel superior na \u00e1rea de Arquitetura e Urbanismo, devidamente registrado pelo Minist\u00e9rio da Educa\u00e7\u00e3o e registro no Conselho de Arquitetura e Urbanismo do Brasil &#8211; CAU<\/li>\n<\/ul>\n<\/li>\n\n\n\n<li><strong>Contabilidade: <\/strong>\n<ul class=\"wp-block-list\">\n<li>Diploma de gradua\u00e7\u00e3o (ou certificado de conclus\u00e3o) de curso em n\u00edvel superior na \u00c1rea de Ci\u00eancias Cont\u00e1beis, devidamente registrado pelo MEC, acompanhado de diploma de P\u00f3s-Gradua\u00e7\u00e3o em Finan\u00e7as P\u00fablicas, Contabilidade Aplicada ao Setor P\u00fablico, Gest\u00e3o P\u00fablica, Controladoria Governamental ou em \u00e1reas afins e registro no Conselho de Classe<\/li>\n<\/ul>\n<\/li>\n\n\n\n<li><strong>Economia: <\/strong>\n<ul class=\"wp-block-list\">\n<li>Diploma de gradua\u00e7\u00e3o (ou certificado de conclus\u00e3o) de curso em n\u00edvel superior na \u00c1rea de Economia, devidamente registrado pelo Minist\u00e9rio da Educa\u00e7\u00e3o, acompanhado de diploma de P\u00f3s-Gradua\u00e7\u00e3o em Planejamento Or\u00e7ament\u00e1rio ou correlato, devidamente registrado pelo Minist\u00e9rio da Educa\u00e7\u00e3o e registro no Conselho Regional de Economia \u2013 CORECON.<\/li>\n<\/ul>\n<\/li>\n\n\n\n<li><strong>Pedagogia do Tr\u00e2nsito: <\/strong>\n<ul class=\"wp-block-list\">\n<li>Diploma de gradua\u00e7\u00e3o (ou certificado de conclus\u00e3o) de curso em n\u00edvel superior na \u00c1rea de Pedagogia (Licenciatura), devidamente registrado pelo Minist\u00e9rio da Educa\u00e7\u00e3o;<\/li>\n<\/ul>\n<\/li>\n\n\n\n<li><strong>Engenharia Civil: <\/strong>\n<ul class=\"wp-block-list\">\n<li>Diploma de gradua\u00e7\u00e3o (ou certificado de conclus\u00e3o) de curso em n\u00edvel superior na \u00c1rea de Engenharia Civil, devidamente registrado pelo Minist\u00e9rio da Educa\u00e7\u00e3o e registro no Conselho Regional de Engenharia, Arquitetura e Agronomia \u2013 CREA<\/li>\n<\/ul>\n<\/li>\n\n\n\n<li><strong>Engenharia El\u00e9trica: <\/strong>\n<ul class=\"wp-block-list\">\n<li>Diploma de gradua\u00e7\u00e3o (ou certificado de conclus\u00e3o) de curso em n\u00edvel superior na \u00c1rea de Engenharia El\u00e9trica, devidamente registrado pelo Minist\u00e9rio da Educa\u00e7\u00e3o e registro no Conselho Regional de Engenharia, Arquitetura e Agronomia \u2013 CREA.<\/li>\n<\/ul>\n<\/li>\n\n\n\n<li><strong>Estat\u00edstica:<\/strong>\n<ul class=\"wp-block-list\">\n<li>Diploma de gradua\u00e7\u00e3o (ou certificado de conclus\u00e3o) de curso em n\u00edvel superior na \u00c1rea de Estat\u00edstica, devidamente registrado, pelo Minist\u00e9rio da Educa\u00e7\u00e3o e registro no Conselho Regional de Estat\u00edstica \u2013 CONRE.<\/li>\n<\/ul>\n<\/li>\n\n\n\n<li><strong>An\u00e1lise de Sistemas: <\/strong>\n<ul class=\"wp-block-list\">\n<li>Diploma de gradua\u00e7\u00e3o (ou certificado de conclus\u00e3o) de curso em n\u00edvel superior na \u00c1rea de Ci\u00eancias da Computa\u00e7\u00e3o ou Engenharia da Computa\u00e7\u00e3o ou Sistema de Informa\u00e7\u00e3o ou cursos correlatos, ou, alternativamente, diploma de gradua\u00e7\u00e3o (ou certificado de conclus\u00e3o) de curso em n\u00edvel superior em qualquer \u00e1rea acrescido de curso de P\u00f3s\u2013Gradua\u00e7\u00e3o na \u00e1rea de Inform\u00e1tica, com experi\u00eancia m\u00ednima comprovada de 01(um) ano de atua\u00e7\u00e3o na respectiva \u00e1rea.<\/li>\n<\/ul>\n<\/li>\n\n\n\n<li><strong>Administra\u00e7\u00e3o de Redes: <\/strong>\n<ul class=\"wp-block-list\">\n<li>Diploma de gradua\u00e7\u00e3o (ou certificado de conclus\u00e3o) de curso em n\u00edvel superior na \u00c1rea de Ci\u00eancias da Computa\u00e7\u00e3o ou Engenharia da Computa\u00e7\u00e3o ou Sistema de Informa\u00e7\u00e3o ou cursos correlatos, ou, alternativamente, diploma de gradua\u00e7\u00e3o (ou certificado de conclus\u00e3o) de curso em n\u00edvel superior em qualquer \u00e1rea acrescido de curso de P\u00f3s\u2013Gradua\u00e7\u00e3o na \u00e1rea de Inform\u00e1tica, em ambos os casos registrados pelo Minist\u00e9rio da Educa\u00e7\u00e3o, acrescido de experi\u00eancia m\u00ednima comprovada de 01(um) ano de atua\u00e7\u00e3o na respectiva \u00e1rea.<\/li>\n<\/ul>\n<\/li>\n\n\n\n<li><strong>Administra\u00e7\u00e3o de Banco de Dados: <\/strong>\n<ul class=\"wp-block-list\">\n<li>Diploma de gradua\u00e7\u00e3o (ou certificado de conclus\u00e3o) de curso em n\u00edvel superior na \u00c1rea de Ci\u00eancias da Computa\u00e7\u00e3o ou Engenharia da Computa\u00e7\u00e3o ou Sistema de Informa\u00e7\u00e3o ou cursos correlatos, ou, alternativamente, diploma de gradua\u00e7\u00e3o (ou certificado de conclus\u00e3o) de curso em n\u00edvel superior em qualquer \u00e1rea acrescido de curso de P\u00f3s\u2013Gradua\u00e7\u00e3o na \u00e1rea de Inform\u00e1tica, em ambos os casos registrados pelo Minist\u00e9rio da Educa\u00e7\u00e3o, acrescido de experi\u00eancia m\u00ednima comprovada de 01(um) ano de atua\u00e7\u00e3o na respectiva \u00e1rea.<\/li>\n<\/ul>\n<\/li>\n\n\n\n<li><strong>Psicologia \u2013 Psicologia do Tr\u00e2nsito:<\/strong> \n<ul class=\"wp-block-list\">\n<li>Diploma de gradua\u00e7\u00e3o ou certificado de conclus\u00e3o de curso em n\u00edvel superior na \u00c1rea de Psicologia, devidamente registrado pelo Minist\u00e9rio da Educa\u00e7\u00e3o, acompanhado de diploma de curso de P\u00f3s\u2013Gradua\u00e7\u00e3o (resid\u00eancia ou especializa\u00e7\u00e3o) em Psicologia do Tr\u00e2nsito, tamb\u00e9m registrado pelo Minist\u00e9rio da Educa\u00e7\u00e3o, ou t\u00edtulo de Capacita\u00e7\u00e3o de Psic\u00f3logo Perito Examinador de Tr\u00e2nsito, em todos os casos devendo ser regularmente inscrito h\u00e1 no m\u00ednimo 02 (dois) anos no Conselho Regional de Psicologia \u2013 CRP.<\/li>\n<\/ul>\n<\/li>\n\n\n\n<li><strong>Direito: <\/strong>\n<ul class=\"wp-block-list\">\n<li>Diploma de gradua\u00e7\u00e3o (ou certificado de conclus\u00e3o) de curso em n\u00edvel superior na \u00c1rea de Direito, devidamente registrado pelo Minist\u00e9rio da Educa\u00e7\u00e3o<\/li>\n<\/ul>\n<\/li>\n<\/ul>\n<\/li>\n<\/ul>\n\n\n\n<h3 class=\"wp-block-heading\" id=\"cargos\">Cargos e vagas do <a href=\"https:\/\/www.estrategiaconcursos.com.br\/blog\/concurso-ceasa-rn\/\">concurso Ceasa<\/a><\/h3>\n\n\n\n<figure class=\"wp-block-table is-style-stripes\"><table class=\"has-fixed-layout\"><thead><tr><th class=\"has-text-align-center\" data-align=\"center\">Cargo<\/th><th class=\"has-text-align-center\" data-align=\"center\">AC<\/th><th class=\"has-text-align-center\" data-align=\"center\">PcD<\/th><th class=\"has-text-align-center\" data-align=\"center\">PPP<\/th><th class=\"has-text-align-center\" data-align=\"center\">Total<\/th><\/tr><\/thead><tbody><tr><td class=\"has-text-align-center\" data-align=\"center\">T\u00e9cnico de Abastecimento<\/td><td class=\"has-text-align-center\" data-align=\"center\">3 + CR<\/td><td class=\"has-text-align-center\" data-align=\"center\">1 + CR<\/td><td class=\"has-text-align-center\" data-align=\"center\">1 + CR<\/td><td class=\"has-text-align-center\" data-align=\"center\">5 + CR<\/td><\/tr><\/tbody><\/table><\/figure>\n\n\n\n<p><strong>N\u00edvel superior em qualquer \u00e1rea de forma\u00e7\u00e3o com habilita\u00e7\u00e3o legal para o exerc\u00edcio da profiss\u00e3o<\/strong><\/p>\n\n\n\n<h3 class=\"wp-block-heading\" id=\"cargos\">Cargos e vagas do <a href=\"https:\/\/www.estrategiaconcursos.com.br\/blog\/concurso-ipern\/\">concurso IPERN<\/a><\/h3>\n\n\n\n<figure class=\"wp-block-table is-style-stripes\"><table class=\"has-fixed-layout\"><thead><tr><th class=\"has-text-align-center\" data-align=\"center\">Cargo<\/th><th class=\"has-text-align-center\" data-align=\"center\">AC<\/th><th class=\"has-text-align-center\" data-align=\"center\">PcD<\/th><th class=\"has-text-align-center\" data-align=\"center\">PPP<\/th><th class=\"has-text-align-center\" data-align=\"center\">Total<\/th><\/tr><\/thead><tbody><tr><td class=\"has-text-align-center\" data-align=\"center\">Agente Administrativo Previdenci\u00e1rio <\/td><td class=\"has-text-align-center\" data-align=\"center\">31 + CR<\/td><td class=\"has-text-align-center\" data-align=\"center\">5 + CR<\/td><td class=\"has-text-align-center\" data-align=\"center\">9 + CR<\/td><td class=\"has-text-align-center\" data-align=\"center\">45 + CR<\/td><\/tr><\/tbody><\/table><\/figure>\n\n\n\n<p><strong>Diploma (ou certificado) de conclus\u00e3o de N\u00edvel M\u00e9dio, devidamente registrado pelo MEC<\/strong>.<\/p>\n\n\n\n<figure class=\"wp-block-table is-style-stripes\"><table class=\"has-fixed-layout\"><thead><tr><th class=\"has-text-align-center\" data-align=\"center\">Cargo<\/th><th class=\"has-text-align-center\" data-align=\"center\">AC<\/th><th class=\"has-text-align-center\" data-align=\"center\">PcD<\/th><th class=\"has-text-align-center\" data-align=\"center\">PPP<\/th><th class=\"has-text-align-center\" data-align=\"center\">Total<\/th><\/tr><\/thead><tbody><tr><td class=\"has-text-align-center\" data-align=\"center\">Assistente T\u00e9cnico Previdenci\u00e1rio <\/td><td class=\"has-text-align-center\" data-align=\"center\">31 + CR<\/td><td class=\"has-text-align-center\" data-align=\"center\">5 + CR<\/td><td class=\"has-text-align-center\" data-align=\"center\">9 + CR<\/td><td class=\"has-text-align-center\" data-align=\"center\">45 + CR<\/td><\/tr><\/tbody><\/table><\/figure>\n\n\n\n<p><strong>N\u00edvel superior em qualquer \u00e1rea de forma\u00e7\u00e3o<\/strong>.<\/p>\n\n\n\n<p class=\"has-text-align-center has-luminous-vivid-amber-background-color has-background\"><a href=\"https:\/\/www.estrategiaconcursos.com.br\/blog\/concurso-unificado-rn\/\"><strong>Confira tudo em: concurso Unificado RN<\/strong><\/a><\/p>\n\n\n\n<h2 class=\"wp-block-heading has-text-align-center\" id=\"h-quer-estudar-para-o-concurso-unificado-rn\">Quer estudar para o Concurso Unificado RN?<\/h2>\n\n\n\n<div class=\"container\" id=\"boxes\">\n  <div class=\"row\">\n\n    <div class=\"col-sm\">\n      <div class=\"estrategia\" id=\"box-assinatura\">\n        <h3 class=\"titulo-assinatura\">Assinatura Concursos<\/h3>\n        <p class=\"subtitulo-assinatura\">Assinatura de 1 ano ou 2 anos<\/p>\n        <div class=\"box-botao\">\n          <a class=\"btn-assinatura\" target=\"_blank\" href=\"https:\/\/www.estrategiaconcursos.com.br\/assinaturas\/\" role=\"button\" rel=\"noopener noreferrer\">ASSINE AGORA<\/a>\n        <\/div>\n      <\/div><\/div><\/div><\/div>\n\n\n\n<div class=\"col-sm\">\n      <div class=\"banner-estrategia\" id=\"box-assinatura\">\n        <h3 class=\"titulo-assinatura\">Cursos para Unificado RN<\/h3>\n        <p class=\"subtitulo-assinatura\">Conhe\u00e7a os cursos<\/p>\n        <div class=\"box-botao\">\n          <a class=\"btn-assinatura\" target=\"_blank\" href=\"https:\/\/www.estrategiaconcursos.com.br\/cursos\/concurso\/\" role=\"button\" rel=\"noopener noreferrer\">Conhe\u00e7a mais<\/a>\n        <\/div>\n      <\/div>\n      <p class=\"texto-auxiliar\">Prepare-se com o melhor material e com quem mais aprova em Concursos P\u00fablicos em todo o pa\u00eds.<\/p>\n    <\/div>\n\n\n\n<h2 class=\"wp-block-heading has-text-align-center wp-embed-aspect-16-9 wp-has-aspect-ratio\" id=\"h-quer-saber-tudo-sobre-concursos-previstos-confira-nossos-artigos\">Quer saber tudo sobre concursos previstos?<br \/>Confira nossos artigos!<\/h2>\n\n\n\n<ul class=\"wp-block-list wp-embed-aspect-16-9 wp-has-aspect-ratio\">\n<li><a href=\"https:\/\/www.estrategiaconcursos.com.br\/blog\/concursos-abertos\/\" target=\"_blank\" rel=\"noreferrer noopener\">Concursos Abertos<\/a><\/li>\n\n\n\n<li><a href=\"https:\/\/www.estrategiaconcursos.com.br\/blog\/concursos-2026\/\">Concursos 2026<\/a><\/li>\n<\/ul>\n\n\n\n<p><\/p>\n","protected":false},"excerpt":{"rendered":"<p>O edital do&nbsp;Concurso Unificado do Rio Grande do Norte (RN) foi oficialmente publicado, e trouxe excelentes oportunidades para quem busca ingressar no servi\u00e7o p\u00fablico estadual! S\u00e3o&nbsp;175 vagas imediatas, al\u00e9m da forma\u00e7\u00e3o de cadastro de reserva (CR), distribu\u00eddas entre o Departamento Estadual de Tr\u00e2nsito (Detran), o Instituto de Previd\u00eancia dos Servidores do Estado (IPERN) e as [&hellip;]<\/p>\n","protected":false},"author":657,"featured_media":1181273,"comment_status":"open","ping_status":"closed","sticky":false,"template":"","format":"standard","meta":{"post_tipo":"news","footnotes":""},"categories":[1,220219],"tags":[],"tax_estado":[219983],"class_list":["post-1737604","post","type-post","status-publish","format-standard","has-post-thumbnail","hentry","category-cursos-e-concursos","category-noticias","tax_estado-rn"],"acf":[],"yoast_head":"<!-- This site is optimized with the Yoast SEO Premium plugin v27.2 (Yoast SEO v27.2) - https:\/\/yoast.com\/product\/yoast-seo-premium-wordpress\/ -->\n<title>Concurso Unificado RN: conhe\u00e7a os requisitos!<\/title>\n<meta name=\"description\" content=\"Concurso Unificado RN: conhe\u00e7a os requisitos dos cargos ofertados e saiba se pode participar dessa oportunidade!\" \/>\n<meta name=\"robots\" content=\"index, follow, max-snippet:-1, max-image-preview:large, max-video-preview:-1\" \/>\n<link rel=\"canonical\" href=\"https:\/\/www.estrategiaconcursos.com.br\/blog\/concurso-unificado-rn-2026-requisitos\/\" \/>\n<meta property=\"og:locale\" content=\"pt_BR\" \/>\n<meta property=\"og:type\" content=\"article\" \/>\n<meta property=\"og:title\" content=\"Concurso Unificado RN: conhe\u00e7a os requisitos!\" \/>\n<meta property=\"og:description\" content=\"Concurso Unificado RN: conhe\u00e7a os requisitos dos cargos ofertados e saiba se pode participar dessa oportunidade!\" \/>\n<meta property=\"og:url\" content=\"https:\/\/www.estrategiaconcursos.com.br\/blog\/concurso-unificado-rn-2026-requisitos\/\" \/>\n<meta property=\"og:site_name\" content=\"Estrat\u00e9gia Concursos\" \/>\n<meta property=\"article:published_time\" content=\"2026-03-18T19:00:00+00:00\" \/>\n<meta property=\"og:image\" content=\"https:\/\/dhg1h5j42swfq.cloudfront.net\/2023\/01\/03171856\/concursos-rio-grande-do-norte.jpg\" \/>\n\t<meta property=\"og:image:width\" content=\"1198\" \/>\n\t<meta property=\"og:image:height\" content=\"627\" \/>\n\t<meta property=\"og:image:type\" content=\"image\/jpeg\" \/>\n<meta name=\"author\" content=\"Nat\u00e1lia Scarano\" \/>\n<meta name=\"twitter:card\" content=\"summary_large_image\" \/>\n<meta name=\"twitter:creator\" content=\"@EstratConcursos\" \/>\n<meta name=\"twitter:site\" content=\"@EstratConcursos\" \/>\n<meta name=\"twitter:label1\" content=\"Escrito por\" \/>\n\t<meta name=\"twitter:data1\" content=\"Nat\u00e1lia Scarano\" \/>\n\t<meta name=\"twitter:label2\" content=\"Est. tempo de leitura\" \/>\n\t<meta name=\"twitter:data2\" content=\"6 minutos\" \/>\n<script type=\"application\/ld+json\" class=\"yoast-schema-graph\">{\"@context\":\"https:\/\/schema.org\",\"@graph\":[{\"@type\":\"NewsArticle\",\"@id\":\"https:\/\/www.estrategiaconcursos.com.br\/blog\/concurso-unificado-rn-2026-requisitos\/#article\",\"isPartOf\":{\"@id\":\"https:\/\/www.estrategiaconcursos.com.br\/blog\/concurso-unificado-rn-2026-requisitos\/\"},\"author\":{\"name\":\"Nat\u00e1lia Scarano\",\"@id\":\"https:\/\/www.estrategiaconcursos.com.br\/blog\/#\/schema\/person\/751aedf909a9d10cb23ce6ac527ce0f2\"},\"headline\":\"Concurso Unificado RN: conhe\u00e7a os requisitos!\",\"datePublished\":\"2026-03-18T19:00:00+00:00\",\"mainEntityOfPage\":{\"@id\":\"https:\/\/www.estrategiaconcursos.com.br\/blog\/concurso-unificado-rn-2026-requisitos\/\"},\"wordCount\":1181,\"commentCount\":0,\"publisher\":{\"@id\":\"https:\/\/www.estrategiaconcursos.com.br\/blog\/#organization\"},\"image\":{\"@id\":\"https:\/\/www.estrategiaconcursos.com.br\/blog\/concurso-unificado-rn-2026-requisitos\/#primaryimage\"},\"thumbnailUrl\":\"https:\/\/dhg1h5j42swfq.cloudfront.net\/2023\/01\/03171856\/concursos-rio-grande-do-norte.jpg\",\"articleSection\":[\"Concursos P\u00fablicos\",\"\u00daltimas not\u00edcias\"],\"inLanguage\":\"pt-BR\",\"potentialAction\":[{\"@type\":\"CommentAction\",\"name\":\"Comment\",\"target\":[\"https:\/\/www.estrategiaconcursos.com.br\/blog\/concurso-unificado-rn-2026-requisitos\/#respond\"]}],\"copyrightYear\":\"2026\",\"copyrightHolder\":{\"@id\":\"https:\/\/www.estrategiaconcursos.com.br\/blog\/#organization\"}},{\"@type\":\"WebPage\",\"@id\":\"https:\/\/www.estrategiaconcursos.com.br\/blog\/concurso-unificado-rn-2026-requisitos\/\",\"url\":\"https:\/\/www.estrategiaconcursos.com.br\/blog\/concurso-unificado-rn-2026-requisitos\/\",\"name\":\"Concurso Unificado RN: conhe\u00e7a os requisitos!\",\"isPartOf\":{\"@id\":\"https:\/\/www.estrategiaconcursos.com.br\/blog\/#website\"},\"primaryImageOfPage\":{\"@id\":\"https:\/\/www.estrategiaconcursos.com.br\/blog\/concurso-unificado-rn-2026-requisitos\/#primaryimage\"},\"image\":{\"@id\":\"https:\/\/www.estrategiaconcursos.com.br\/blog\/concurso-unificado-rn-2026-requisitos\/#primaryimage\"},\"thumbnailUrl\":\"https:\/\/dhg1h5j42swfq.cloudfront.net\/2023\/01\/03171856\/concursos-rio-grande-do-norte.jpg\",\"datePublished\":\"2026-03-18T19:00:00+00:00\",\"description\":\"Concurso Unificado RN: conhe\u00e7a os requisitos dos cargos ofertados e saiba se pode participar dessa oportunidade!\",\"breadcrumb\":{\"@id\":\"https:\/\/www.estrategiaconcursos.com.br\/blog\/concurso-unificado-rn-2026-requisitos\/#breadcrumb\"},\"inLanguage\":\"pt-BR\",\"potentialAction\":[{\"@type\":\"ReadAction\",\"target\":[\"https:\/\/www.estrategiaconcursos.com.br\/blog\/concurso-unificado-rn-2026-requisitos\/\"]}]},{\"@type\":\"ImageObject\",\"inLanguage\":\"pt-BR\",\"@id\":\"https:\/\/www.estrategiaconcursos.com.br\/blog\/concurso-unificado-rn-2026-requisitos\/#primaryimage\",\"url\":\"https:\/\/dhg1h5j42swfq.cloudfront.net\/2023\/01\/03171856\/concursos-rio-grande-do-norte.jpg\",\"contentUrl\":\"https:\/\/dhg1h5j42swfq.cloudfront.net\/2023\/01\/03171856\/concursos-rio-grande-do-norte.jpg\",\"width\":1198,\"height\":627,\"caption\":\"Concurso Jo\u00e3o C\u00e2mara\"},{\"@type\":\"BreadcrumbList\",\"@id\":\"https:\/\/www.estrategiaconcursos.com.br\/blog\/concurso-unificado-rn-2026-requisitos\/#breadcrumb\",\"itemListElement\":[{\"@type\":\"ListItem\",\"position\":1,\"name\":\"In\u00edcio\",\"item\":\"https:\/\/www.estrategiaconcursos.com.br\/blog\/\"},{\"@type\":\"ListItem\",\"position\":2,\"name\":\"Concurso Unificado RN: conhe\u00e7a os requisitos!\"}]},{\"@type\":\"WebSite\",\"@id\":\"https:\/\/www.estrategiaconcursos.com.br\/blog\/#website\",\"url\":\"https:\/\/www.estrategiaconcursos.com.br\/blog\/\",\"name\":\"Estrat\u00e9gia Concursos\",\"description\":\"O blog da Estrat\u00e9gia Concursos traz not\u00edcias sobre concursos e artigos de professores oferecendo cursos para concursos (pdf + videaulas) no site.\",\"publisher\":{\"@id\":\"https:\/\/www.estrategiaconcursos.com.br\/blog\/#organization\"},\"potentialAction\":[{\"@type\":\"SearchAction\",\"target\":{\"@type\":\"EntryPoint\",\"urlTemplate\":\"https:\/\/www.estrategiaconcursos.com.br\/blog\/?s={search_term_string}\"},\"query-input\":{\"@type\":\"PropertyValueSpecification\",\"valueRequired\":true,\"valueName\":\"search_term_string\"}}],\"inLanguage\":\"pt-BR\"},{\"@type\":\"Organization\",\"@id\":\"https:\/\/www.estrategiaconcursos.com.br\/blog\/#organization\",\"name\":\"Estrat\u00e9gia Concursos\",\"url\":\"https:\/\/www.estrategiaconcursos.com.br\/blog\/\",\"logo\":{\"@type\":\"ImageObject\",\"inLanguage\":\"pt-BR\",\"@id\":\"https:\/\/www.estrategiaconcursos.com.br\/blog\/#\/schema\/logo\/image\/\",\"url\":\"https:\/\/dhg1h5j42swfq.cloudfront.net\/2025\/06\/03203428\/logo_concursos-1.jpg\",\"contentUrl\":\"https:\/\/dhg1h5j42swfq.cloudfront.net\/2025\/06\/03203428\/logo_concursos-1.jpg\",\"width\":230,\"height\":60,\"caption\":\"Estrat\u00e9gia Concursos\"},\"image\":{\"@id\":\"https:\/\/www.estrategiaconcursos.com.br\/blog\/#\/schema\/logo\/image\/\"},\"sameAs\":[\"https:\/\/x.com\/EstratConcursos\"]},{\"@type\":\"Person\",\"@id\":\"https:\/\/www.estrategiaconcursos.com.br\/blog\/#\/schema\/person\/751aedf909a9d10cb23ce6ac527ce0f2\",\"name\":\"Nat\u00e1lia Scarano\",\"image\":{\"@type\":\"ImageObject\",\"inLanguage\":\"pt-BR\",\"@id\":\"https:\/\/secure.gravatar.com\/avatar\/8a889b8db3dbd227a1a78627357ec8fe64f5e99189d1889a270127828ab372ac?s=96&d=mm&r=g\",\"url\":\"https:\/\/secure.gravatar.com\/avatar\/8a889b8db3dbd227a1a78627357ec8fe64f5e99189d1889a270127828ab372ac?s=96&d=mm&r=g\",\"contentUrl\":\"https:\/\/secure.gravatar.com\/avatar\/8a889b8db3dbd227a1a78627357ec8fe64f5e99189d1889a270127828ab372ac?s=96&d=mm&r=g\",\"caption\":\"Nat\u00e1lia Scarano\"},\"description\":\"Jornalista, formada e p\u00f3s graduada pelo IESB, faz parte do time de jornalistas do Estrat\u00e9gia desde 2017. Possui familiaridade com as \u00e1reas de Tribunais, Defensorias, Procuradorias, Minist\u00e9rios P\u00fablicos, Conselhos, Educa\u00e7\u00e3o, \u00c1rea de Seguran\u00e7a, concursos de Carreiras Jur\u00eddicas e OAB. Experi\u00eancia em marketing digital, assessoria de comunica\u00e7\u00e3o e institucional na \u00e1rea privada e p\u00fablica, com atua\u00e7\u00e3o em \u00f3rg\u00e3os como CGU, Cofen e CNM.\",\"url\":\"https:\/\/www.estrategiaconcursos.com.br\/blog\/author\/natalia-scaranoestrategiaconcursos-com-br\/\"}]}<\/script>\n<!-- \/ Yoast SEO Premium plugin. -->","yoast_head_json":{"title":"Concurso Unificado RN: conhe\u00e7a os requisitos!","description":"Concurso Unificado RN: conhe\u00e7a os requisitos dos cargos ofertados e saiba se pode participar dessa oportunidade!","robots":{"index":"index","follow":"follow","max-snippet":"max-snippet:-1","max-image-preview":"max-image-preview:large","max-video-preview":"max-video-preview:-1"},"canonical":"https:\/\/www.estrategiaconcursos.com.br\/blog\/concurso-unificado-rn-2026-requisitos\/","og_locale":"pt_BR","og_type":"article","og_title":"Concurso Unificado RN: conhe\u00e7a os requisitos!","og_description":"Concurso Unificado RN: conhe\u00e7a os requisitos dos cargos ofertados e saiba se pode participar dessa oportunidade!","og_url":"https:\/\/www.estrategiaconcursos.com.br\/blog\/concurso-unificado-rn-2026-requisitos\/","og_site_name":"Estrat\u00e9gia Concursos","article_published_time":"2026-03-18T19:00:00+00:00","og_image":[{"width":1198,"height":627,"url":"https:\/\/dhg1h5j42swfq.cloudfront.net\/2023\/01\/03171856\/concursos-rio-grande-do-norte.jpg","type":"image\/jpeg"}],"author":"Nat\u00e1lia Scarano","twitter_card":"summary_large_image","twitter_creator":"@EstratConcursos","twitter_site":"@EstratConcursos","twitter_misc":{"Escrito por":"Nat\u00e1lia Scarano","Est. tempo de leitura":"6 minutos"},"schema":{"@context":"https:\/\/schema.org","@graph":[{"@type":"NewsArticle","@id":"https:\/\/www.estrategiaconcursos.com.br\/blog\/concurso-unificado-rn-2026-requisitos\/#article","isPartOf":{"@id":"https:\/\/www.estrategiaconcursos.com.br\/blog\/concurso-unificado-rn-2026-requisitos\/"},"author":{"name":"Nat\u00e1lia Scarano","@id":"https:\/\/www.estrategiaconcursos.com.br\/blog\/#\/schema\/person\/751aedf909a9d10cb23ce6ac527ce0f2"},"headline":"Concurso Unificado RN: conhe\u00e7a os requisitos!","datePublished":"2026-03-18T19:00:00+00:00","mainEntityOfPage":{"@id":"https:\/\/www.estrategiaconcursos.com.br\/blog\/concurso-unificado-rn-2026-requisitos\/"},"wordCount":1181,"commentCount":0,"publisher":{"@id":"https:\/\/www.estrategiaconcursos.com.br\/blog\/#organization"},"image":{"@id":"https:\/\/www.estrategiaconcursos.com.br\/blog\/concurso-unificado-rn-2026-requisitos\/#primaryimage"},"thumbnailUrl":"https:\/\/dhg1h5j42swfq.cloudfront.net\/2023\/01\/03171856\/concursos-rio-grande-do-norte.jpg","articleSection":["Concursos P\u00fablicos","\u00daltimas not\u00edcias"],"inLanguage":"pt-BR","potentialAction":[{"@type":"CommentAction","name":"Comment","target":["https:\/\/www.estrategiaconcursos.com.br\/blog\/concurso-unificado-rn-2026-requisitos\/#respond"]}],"copyrightYear":"2026","copyrightHolder":{"@id":"https:\/\/www.estrategiaconcursos.com.br\/blog\/#organization"}},{"@type":"WebPage","@id":"https:\/\/www.estrategiaconcursos.com.br\/blog\/concurso-unificado-rn-2026-requisitos\/","url":"https:\/\/www.estrategiaconcursos.com.br\/blog\/concurso-unificado-rn-2026-requisitos\/","name":"Concurso Unificado RN: conhe\u00e7a os requisitos!","isPartOf":{"@id":"https:\/\/www.estrategiaconcursos.com.br\/blog\/#website"},"primaryImageOfPage":{"@id":"https:\/\/www.estrategiaconcursos.com.br\/blog\/concurso-unificado-rn-2026-requisitos\/#primaryimage"},"image":{"@id":"https:\/\/www.estrategiaconcursos.com.br\/blog\/concurso-unificado-rn-2026-requisitos\/#primaryimage"},"thumbnailUrl":"https:\/\/dhg1h5j42swfq.cloudfront.net\/2023\/01\/03171856\/concursos-rio-grande-do-norte.jpg","datePublished":"2026-03-18T19:00:00+00:00","description":"Concurso Unificado RN: conhe\u00e7a os requisitos dos cargos ofertados e saiba se pode participar dessa oportunidade!","breadcrumb":{"@id":"https:\/\/www.estrategiaconcursos.com.br\/blog\/concurso-unificado-rn-2026-requisitos\/#breadcrumb"},"inLanguage":"pt-BR","potentialAction":[{"@type":"ReadAction","target":["https:\/\/www.estrategiaconcursos.com.br\/blog\/concurso-unificado-rn-2026-requisitos\/"]}]},{"@type":"ImageObject","inLanguage":"pt-BR","@id":"https:\/\/www.estrategiaconcursos.com.br\/blog\/concurso-unificado-rn-2026-requisitos\/#primaryimage","url":"https:\/\/dhg1h5j42swfq.cloudfront.net\/2023\/01\/03171856\/concursos-rio-grande-do-norte.jpg","contentUrl":"https:\/\/dhg1h5j42swfq.cloudfront.net\/2023\/01\/03171856\/concursos-rio-grande-do-norte.jpg","width":1198,"height":627,"caption":"Concurso Jo\u00e3o C\u00e2mara"},{"@type":"BreadcrumbList","@id":"https:\/\/www.estrategiaconcursos.com.br\/blog\/concurso-unificado-rn-2026-requisitos\/#breadcrumb","itemListElement":[{"@type":"ListItem","position":1,"name":"In\u00edcio","item":"https:\/\/www.estrategiaconcursos.com.br\/blog\/"},{"@type":"ListItem","position":2,"name":"Concurso Unificado RN: conhe\u00e7a os requisitos!"}]},{"@type":"WebSite","@id":"https:\/\/www.estrategiaconcursos.com.br\/blog\/#website","url":"https:\/\/www.estrategiaconcursos.com.br\/blog\/","name":"Estrat\u00e9gia Concursos","description":"O blog da Estrat\u00e9gia Concursos traz not\u00edcias sobre concursos e artigos de professores oferecendo cursos para concursos (pdf + videaulas) no site.","publisher":{"@id":"https:\/\/www.estrategiaconcursos.com.br\/blog\/#organization"},"potentialAction":[{"@type":"SearchAction","target":{"@type":"EntryPoint","urlTemplate":"https:\/\/www.estrategiaconcursos.com.br\/blog\/?s={search_term_string}"},"query-input":{"@type":"PropertyValueSpecification","valueRequired":true,"valueName":"search_term_string"}}],"inLanguage":"pt-BR"},{"@type":"Organization","@id":"https:\/\/www.estrategiaconcursos.com.br\/blog\/#organization","name":"Estrat\u00e9gia Concursos","url":"https:\/\/www.estrategiaconcursos.com.br\/blog\/","logo":{"@type":"ImageObject","inLanguage":"pt-BR","@id":"https:\/\/www.estrategiaconcursos.com.br\/blog\/#\/schema\/logo\/image\/","url":"https:\/\/dhg1h5j42swfq.cloudfront.net\/2025\/06\/03203428\/logo_concursos-1.jpg","contentUrl":"https:\/\/dhg1h5j42swfq.cloudfront.net\/2025\/06\/03203428\/logo_concursos-1.jpg","width":230,"height":60,"caption":"Estrat\u00e9gia Concursos"},"image":{"@id":"https:\/\/www.estrategiaconcursos.com.br\/blog\/#\/schema\/logo\/image\/"},"sameAs":["https:\/\/x.com\/EstratConcursos"]},{"@type":"Person","@id":"https:\/\/www.estrategiaconcursos.com.br\/blog\/#\/schema\/person\/751aedf909a9d10cb23ce6ac527ce0f2","name":"Nat\u00e1lia Scarano","image":{"@type":"ImageObject","inLanguage":"pt-BR","@id":"https:\/\/secure.gravatar.com\/avatar\/8a889b8db3dbd227a1a78627357ec8fe64f5e99189d1889a270127828ab372ac?s=96&d=mm&r=g","url":"https:\/\/secure.gravatar.com\/avatar\/8a889b8db3dbd227a1a78627357ec8fe64f5e99189d1889a270127828ab372ac?s=96&d=mm&r=g","contentUrl":"https:\/\/secure.gravatar.com\/avatar\/8a889b8db3dbd227a1a78627357ec8fe64f5e99189d1889a270127828ab372ac?s=96&d=mm&r=g","caption":"Nat\u00e1lia Scarano"},"description":"Jornalista, formada e p\u00f3s graduada pelo IESB, faz parte do time de jornalistas do Estrat\u00e9gia desde 2017. Possui familiaridade com as \u00e1reas de Tribunais, Defensorias, Procuradorias, Minist\u00e9rios P\u00fablicos, Conselhos, Educa\u00e7\u00e3o, \u00c1rea de Seguran\u00e7a, concursos de Carreiras Jur\u00eddicas e OAB. Experi\u00eancia em marketing digital, assessoria de comunica\u00e7\u00e3o e institucional na \u00e1rea privada e p\u00fablica, com atua\u00e7\u00e3o em \u00f3rg\u00e3os como CGU, Cofen e CNM.","url":"https:\/\/www.estrategiaconcursos.com.br\/blog\/author\/natalia-scaranoestrategiaconcursos-com-br\/"}]}},"_links":{"self":[{"href":"https:\/\/www.estrategiaconcursos.com.br\/blog\/wp-json\/wp\/v2\/posts\/1737604","targetHints":{"allow":["GET"]}}],"collection":[{"href":"https:\/\/www.estrategiaconcursos.com.br\/blog\/wp-json\/wp\/v2\/posts"}],"about":[{"href":"https:\/\/www.estrategiaconcursos.com.br\/blog\/wp-json\/wp\/v2\/types\/post"}],"author":[{"embeddable":true,"href":"https:\/\/www.estrategiaconcursos.com.br\/blog\/wp-json\/wp\/v2\/users\/657"}],"replies":[{"embeddable":true,"href":"https:\/\/www.estrategiaconcursos.com.br\/blog\/wp-json\/wp\/v2\/comments?post=1737604"}],"version-history":[{"count":4,"href":"https:\/\/www.estrategiaconcursos.com.br\/blog\/wp-json\/wp\/v2\/posts\/1737604\/revisions"}],"predecessor-version":[{"id":1737807,"href":"https:\/\/www.estrategiaconcursos.com.br\/blog\/wp-json\/wp\/v2\/posts\/1737604\/revisions\/1737807"}],"wp:featuredmedia":[{"embeddable":true,"href":"https:\/\/www.estrategiaconcursos.com.br\/blog\/wp-json\/wp\/v2\/media\/1181273"}],"wp:attachment":[{"href":"https:\/\/www.estrategiaconcursos.com.br\/blog\/wp-json\/wp\/v2\/media?parent=1737604"}],"wp:term":[{"taxonomy":"category","embeddable":true,"href":"https:\/\/www.estrategiaconcursos.com.br\/blog\/wp-json\/wp\/v2\/categories?post=1737604"},{"taxonomy":"post_tag","embeddable":true,"href":"https:\/\/www.estrategiaconcursos.com.br\/blog\/wp-json\/wp\/v2\/tags?post=1737604"},{"taxonomy":"tax_estado","embeddable":true,"href":"https:\/\/www.estrategiaconcursos.com.br\/blog\/wp-json\/wp\/v2\/tax_estado?post=1737604"}],"curies":[{"name":"wp","href":"https:\/\/api.w.org\/{rel}","templated":true}]}}