{"id":1736741,"date":"2026-03-17T09:32:54","date_gmt":"2026-03-17T12:32:54","guid":{"rendered":"https:\/\/www.estrategiaconcursos.com.br\/blog\/?p=1736741"},"modified":"2026-03-17T09:32:55","modified_gmt":"2026-03-17T12:32:55","slug":"concurso-prefeitura-sao-mateus-do-maranhao","status":"publish","type":"post","link":"https:\/\/www.estrategiaconcursos.com.br\/blog\/concurso-prefeitura-sao-mateus-do-maranhao\/","title":{"rendered":"Concurso S\u00e3o Mateus do Maranh\u00e3o 2026: processo seletivo"},"content":{"rendered":"\n<p style=\"font-size:clamp(16.293px, 1.018rem + ((1vw - 3.2px) * 0.854), 25px);\"><strong><em>Processo seletivo da Prefeitura de S\u00e3o Mateus do Maranh\u00e3o oferece 26 vagas para agentes de sa\u00fade com sal\u00e1rio de R$ 3.242; inscri\u00e7\u00f5es at\u00e9 13 de abril<\/em><\/strong><\/p>\n\n\n\n<p>A Prefeitura Municipal de S\u00e3o Mateus do Maranh\u00e3o, no interior do Maranh\u00e3o, publicou edital de processo seletivo para contrata\u00e7\u00e3o de agentes de sa\u00fade. O Edital n\u00ba 03\/2026 foi divulgado em 10 de mar\u00e7o de 2026 e oferece 26 vagas distribu\u00eddas entre Agente de Combate a Endemias e Agente Comunit\u00e1rio de Sa\u00fade em diferentes \u00e1reas de atua\u00e7\u00e3o.<\/p>\n\n\n\n<p>As inscri\u00e7\u00f5es est\u00e3o abertas desde 11 de mar\u00e7o e seguem at\u00e9 13 de abril de 2026. A prova objetiva est\u00e1 marcada para 7 de junho de 2026 em S\u00e3o Mateus do Maranh\u00e3o.<\/p>\n\n\n\n<ul class=\"wp-block-list has-very-light-gray-to-cyan-bluish-gray-gradient-background has-background\">\n<li><strong>Prefeitura de S\u00e3o Mateus do Maranh\u00e3o <em>&#8211; <span style=\"text-decoration: underline;\">processo seletivo 2026<\/span><\/em><\/strong><\/li>\n<li><strong>Status:<\/strong> inscri\u00e7\u00f5es abertas at\u00e9 13\/04\/2026<\/li>\n<li><strong>Edital:<\/strong> n\u00ba 03\/2026<\/li>\n<li><strong>Vagas:<\/strong> 26 vagas para agentes de sa\u00fade<\/li>\n<li><strong>Sal\u00e1rio:<\/strong> R$ 3.242,00<\/li>\n<li><strong>Prova:<\/strong> 7 de junho de 2026<\/li>\n<\/ul>\n\n\n\n<h2 class=\"wp-block-heading\" id=\"situacao-atual\">Situa\u00e7\u00e3o atual do processo seletivo Prefeitura de S\u00e3o Mateus do Maranh\u00e3o<\/h2>\n\n\n\n<p>O processo seletivo da Prefeitura de S\u00e3o Mateus do Maranh\u00e3o est\u00e1 com inscri\u00e7\u00f5es abertas at\u00e9 13 de abril de 2026. O per\u00edodo de inscri\u00e7\u00f5es teve in\u00edcio em 11 de mar\u00e7o e a taxa de inscri\u00e7\u00e3o \u00e9 de R$ 128,00.<\/p>\n\n\n\n<p>Candidatos inscritos no Cad\u00danico com renda familiar mensal per capita de at\u00e9 meio sal\u00e1rio m\u00ednimo podem solicitar isen\u00e7\u00e3o da taxa de inscri\u00e7\u00e3o. A prova objetiva ser\u00e1 aplicada em 7 de junho de 2026 na cidade de S\u00e3o Mateus do Maranh\u00e3o.<\/p>\n\n\n\n<p>O processo seletivo inclui duas etapas: prova escrita objetiva e curso de forma\u00e7\u00e3o de 40 horas, que ser\u00e1 realizado entre 20 e 25 de julho de 2026. O resultado final est\u00e1 previsto para 31 de julho de 2026.<\/p>\n\n\n\n<h2 class=\"wp-block-heading\" id=\"ultimo-concurso\">\u00daltimo processo seletivo Prefeitura de S\u00e3o Mateus do Maranh\u00e3o<\/h2>\n\n\n\n<p>O processo seletivo atual (Edital n\u00ba 03\/2026) oferece 26 vagas para cargos na \u00e1rea de sa\u00fade, com exig\u00eancia de ensino m\u00e9dio completo. A remunera\u00e7\u00e3o \u00e9 de R$ 3.242,00 para carga hor\u00e1ria de 40 horas semanais, com regime de contrata\u00e7\u00e3o estatut\u00e1rio.<\/p>\n\n\n\n<p><strong>Inscri\u00e7\u00f5es:<\/strong> 11 de mar\u00e7o a 13 de abril de 2026<br \/><strong>Taxa de inscri\u00e7\u00e3o:<\/strong> R$ 128,00<br \/><strong>Prova objetiva:<\/strong> 7 de junho de 2026<br \/><strong>Curso de forma\u00e7\u00e3o:<\/strong> 20 a 25 de julho de 2026<br \/><strong>Resultado final:<\/strong> 31 de julho de 2026<\/p>\n\n\n\n<p>As vagas est\u00e3o distribu\u00eddas entre:<\/p>\n\n\n\n<ul class=\"wp-block-list\">\n<li><strong>Agente de Combate a Endemias:<\/strong> 4 vagas<\/li>\n<li><strong>Agente Comunit\u00e1rio de Sa\u00fade &#8211; \u00c1rea 01:<\/strong> 5 vagas (+ 1 para PcD) &#8211; zona urbana \u00e0 margem esquerda da BR-135<\/li>\n<li><strong>Agente Comunit\u00e1rio de Sa\u00fade &#8211; \u00c1rea 02:<\/strong> 2 vagas &#8211; zona urbana \u00e0 margem direita da BR-135<\/li>\n<li><strong>Agente Comunit\u00e1rio de Sa\u00fade &#8211; \u00c1rea 03:<\/strong> 8 vagas (+ 1 para PcD) &#8211; zona urbana \u00e0 margem direita da BR-135<\/li>\n<li><strong>Agente Comunit\u00e1rio de Sa\u00fade &#8211; \u00c1rea 04:<\/strong> 1 vaga &#8211; povoados Timba\u00faba, Morros, Curva, Maca\u00faba, Barro Preto e Brutos<\/li>\n<li><strong>Agente Comunit\u00e1rio de Sa\u00fade &#8211; \u00c1rea 05:<\/strong> 1 vaga &#8211; povoados Morada Nova I, Sumauma, \u00c1gua Preta, S\u00e3o Benedito, Raposinha, Centro do Honorato, Lim\u00e3o, Igarap\u00e9 de Pedra, Centr\u00e3o, Barra Grande, Mutum, Queimadas e Pomp\u00edlio<\/li>\n<li><strong>Agente Comunit\u00e1rio de Sa\u00fade &#8211; \u00c1rea 06:<\/strong> 1 vaga &#8211; povoados Floresta, Lagoinha, Pedrinhas, Santo Ant\u00f4nio, Sororoca, Santa F\u00e9, Pedreirinha, Alc\u00e2ntara, Piquizinho, Cajueiro, Nova Esperan\u00e7a, Canastra, Nova Guin\u00e9, Sert\u00e3ozinho, Olho D&#8217;\u00c1gua, Cana Verde, Centro do Coroatazinho, Sembalzinho, Sembal, Po\u00e7o Comprido, Morada Nova II, Estrela e Vai Quem Quer<\/li>\n<li><strong>Agente Comunit\u00e1rio de Sa\u00fade &#8211; \u00c1rea 07:<\/strong> 1 vaga &#8211; povoados Laje do Curral, Vila Nova, Barro Vermelho, S\u00e3o Raimundo, Boca do Cercado, Lago Verde, Santa Rosa, S\u00e3o Jos\u00e9, Mangueira, Mata do Boi, Batoque, Andirobal, Piquizeiro, Setuba<\/li>\n<\/ul>\n\n\n\n<p>Para os cargos de Agente Comunit\u00e1rio de Sa\u00fade \u00e9 obrigat\u00f3rio residir na \u00e1rea de atua\u00e7\u00e3o desde a data de publica\u00e7\u00e3o do edital. O processo seletivo ter\u00e1 validade de 2 anos, prorrog\u00e1vel uma \u00fanica vez por igual per\u00edodo.<\/p>\n\n\n\n<ul class=\"wp-block-list has-very-light-gray-to-cyan-bluish-gray-gradient-background has-background\">\n<li><strong>Processo seletivo S\u00e3o Mateus do Maranh\u00e3o &#8211; Edital 03\/2026<\/strong><\/li>\n<li><strong>Cargos:<\/strong> Agente de Combate a Endemias e Agente Comunit\u00e1rio de Sa\u00fade<\/li>\n<li><strong>Vagas totais:<\/strong> 26 vagas<\/li>\n<li><strong>Escolaridade:<\/strong> ensino m\u00e9dio completo<\/li>\n<li><strong>Remunera\u00e7\u00e3o:<\/strong> R$ 3.242,00<\/li>\n<li><strong>Carga hor\u00e1ria:<\/strong> 40 horas semanais<\/li>\n<li><strong>Regime:<\/strong> estatut\u00e1rio<\/li>\n<li><strong>Inscri\u00e7\u00f5es:<\/strong> 11\/03 a 13\/04\/2026<\/li>\n<li><strong>Taxa:<\/strong> R$ 128,00<\/li>\n<li><strong>Prova:<\/strong> 7 de junho de 2026<\/li>\n<\/ul>\n\n\n\n<h2 class=\"wp-block-heading\" id=\"linha-do-tempo\">Linha do tempo<\/h2>\n\n\n\n<ul class=\"wp-block-list\">\n<li><strong>2026:<\/strong> publica\u00e7\u00e3o do Edital n\u00ba 03\/2026 para processo seletivo com 26 vagas para agentes de sa\u00fade<\/li>\n<li><strong>2012:<\/strong> registros de provas aplicadas indicam a realiza\u00e7\u00e3o de concurso p\u00fablico com cargos administrativos, organizado pelo instituto LUDUS<\/li>\n<\/ul>\n\n\n\n<h2 class=\"wp-block-heading has-text-align-center\" id=\"mapa-regiao\">Veja Concursos Abertos na mesma regi\u00e3o<\/h2>\n\n\n\n<iframe src=\"https:\/\/www.estrategiaconcursos.com.br\/blog\/mapa-concursos\/embed?situacoes=Inscri%C3%A7%C3%B5es%20abertas&amp;estado=MA\" width=\"100%\" height=\"400\" style=\"border: none; display: block;\" title=\"Mapa de Concursos P\u00fablicos em Maranh\u00e3o\" loading=\"lazy\"><\/iframe>\n\n\n\n<h2 class=\"wp-block-heading has-text-align-center\">Quer saber tudo sobre concursos previstos?<\/h2>\n\n\n\n<p class=\"has-text-align-center\">Confira nossas p\u00e1ginas especializadas em concursos abertos e previstos:<\/p>\n\n\n\n<ul class=\"wp-block-list\">\n<li><a href=\"\/blog\/concursos-abertos\/\" target=\"_blank\" rel=\"noreferrer noopener\"> Concursos Abertos<\/a><\/li>\n<li><a href=\"\/blog\/concursos-2026\/\" target=\"_blank\" rel=\"noreferrer noopener\"> Concursos 2026<\/a><\/li>\n<li><a href=\"\/blog\/concursos-maranhao\/\" target=\"_blank\" rel=\"noreferrer noopener\"> Concursos Maranh\u00e3o<\/a><\/li>\n<\/ul>\n\n\n\n\n<div class=\"estrategia\" id=\"box-assinatura\">\n  <h3 class=\"titulo-assinatura\">Assinatura Concursos<\/h3>\n  <p class=\"subtitulo-assinatura\">Assinatura de 1 ano ou 2 anos<\/p>\n  <div class=\"box-botao\">\n    <a class=\"btn-assinatura\" target=\"_blank\" href=\"https:\/\/www.estrategiaconcursos.com.br\/assinaturas\/\" role=\"button\" rel=\"noopener noreferrer\">ASSINE AGORA<\/a>\n  <\/div>\n<\/div>\n\n\n\n<h3 class=\"wp-block-heading\" id=\"ficha\">Informa\u00e7\u00f5es do processo seletivo atual<\/h3>\n\n\n\n<ul class=\"wp-block-list\">\n<li><strong>\u00d3rg\u00e3o:<\/strong> Prefeitura Municipal de S\u00e3o Mateus do Maranh\u00e3o<\/li>\n<li><strong>Edital:<\/strong> n\u00ba 03\/2026<\/li>\n<li><strong>Publica\u00e7\u00e3o:<\/strong> 10 de mar\u00e7o de 2026<\/li>\n<li><strong>Inscri\u00e7\u00f5es:<\/strong> 11 de mar\u00e7o a 13 de abril de 2026<\/li>\n<li><strong>Taxa:<\/strong> R$ 128,00<\/li>\n<li><strong>Isen\u00e7\u00e3o:<\/strong> candidatos do Cad\u00danico com renda familiar per capita at\u00e9 meio sal\u00e1rio m\u00ednimo<\/li>\n<li><strong>Vagas:<\/strong> 26 vagas<\/li>\n<li><strong>Cargos:<\/strong> Agente de Combate a Endemias e Agente Comunit\u00e1rio de Sa\u00fade<\/li>\n<li><strong>Escolaridade:<\/strong> ensino m\u00e9dio completo<\/li>\n<li><strong>Remunera\u00e7\u00e3o:<\/strong> R$ 3.242,00<\/li>\n<li><strong>Carga hor\u00e1ria:<\/strong> 40 horas semanais<\/li>\n<li><strong>Regime:<\/strong> estatut\u00e1rio<\/li>\n<li><strong>Prova objetiva:<\/strong> 7 de junho de 2026<\/li>\n<li><strong>Curso de forma\u00e7\u00e3o:<\/strong> 20 a 25 de julho de 2026<\/li>\n<li><strong>Resultado final:<\/strong> 31 de julho de 2026<\/li>\n<li><strong>Validade:<\/strong> 2 anos, prorrog\u00e1vel por mais 2 anos<\/li>\n<\/ul>\n\n\n\n<h3 class=\"wp-block-heading\">Fontes consultadas<\/h3>\n\n\n\n<ul class=\"wp-block-list\">\n<li><a href=\"https:\/\/www.saomateus.ma.gov.br\" target=\"_blank\" rel=\"noopener\">Site oficial da Prefeitura de S\u00e3o Mateus do Maranh\u00e3o<\/a><\/li>\n<\/ul>\n\n\n\n<div class=\"container\" id=\"boxes\">\n <div class=\"row\">\n <div class=\"col-sm\">\n <div class=\"banner-prefeituras-ec\" id=\"box-assinatura\">\n <h2 class=\"titulo-assinatura\" style=\"text-align: left;\">Concursos Prefeituras<\/h2>\n <p class=\"subtitulo-assinatura\" style=\"text-align: left;\">Preparacao completa para a carreira!<\/p>\n <div class=\"box-botao\" style=\"text-align: left;\">\n <a class=\"btn-assinatura\" target=\"_blank\" href=\"https:\/\/www.estrategiaconcursos.com.br\/pesquisa\/?q=prefeitura+sao+mateus+do+maranhao\" role=\"button\" rel=\"noopener noreferrer\">EXPLORAR CURSOS<\/a>\n <\/div>\n <\/div>\n <\/div>\n <\/div>\n<\/div>\n","protected":false},"excerpt":{"rendered":"<p>Processo seletivo da Prefeitura de S\u00e3o Mateus do Maranh\u00e3o oferece 26 vagas para agentes de sa\u00fade com sal\u00e1rio de R$ 3.242; inscri\u00e7\u00f5es at\u00e9 13 de abril A Prefeitura Municipal de S\u00e3o Mateus do Maranh\u00e3o, no interior do Maranh\u00e3o, publicou edital de processo seletivo para contrata\u00e7\u00e3o de agentes de sa\u00fade. O Edital n\u00ba 03\/2026 foi divulgado [&hellip;]<\/p>\n","protected":false},"author":344,"featured_media":1540739,"comment_status":"open","ping_status":"closed","sticky":false,"template":"","format":"standard","meta":{"post_tipo":"news_page","footnotes":""},"categories":[222278],"tags":[],"tax_estado":[219973],"class_list":["post-1736741","post","type-post","status-publish","format-standard","has-post-thumbnail","hentry","category-prefeituras","tax_estado-ma"],"acf":[],"yoast_head":"<!-- This site is optimized with the Yoast SEO Premium plugin v27.2 (Yoast SEO v27.2) - https:\/\/yoast.com\/product\/yoast-seo-premium-wordpress\/ -->\n<title>Concurso S\u00e3o Mateus do Maranh\u00e3o 2026: processo seletivo<\/title>\n<meta name=\"description\" content=\"Processo seletivo S\u00e3o Mateus do Maranh\u00e3o 2026 para agentes de sa\u00fade. 26 vagas, sal\u00e1rio R$ 3.242. Inscri\u00e7\u00f5es at\u00e9 13\/04, prova em 07\/06.\" \/>\n<meta name=\"robots\" content=\"index, follow, max-snippet:-1, max-image-preview:large, max-video-preview:-1\" \/>\n<link rel=\"canonical\" href=\"https:\/\/www.estrategiaconcursos.com.br\/blog\/concurso-prefeitura-sao-mateus-do-maranhao\/\" \/>\n<meta property=\"og:locale\" content=\"pt_BR\" \/>\n<meta property=\"og:type\" content=\"article\" \/>\n<meta property=\"og:title\" content=\"Concurso S\u00e3o Mateus do Maranh\u00e3o 2026: processo seletivo\" \/>\n<meta property=\"og:description\" content=\"Processo seletivo S\u00e3o Mateus do Maranh\u00e3o 2026 para agentes de sa\u00fade. 26 vagas, sal\u00e1rio R$ 3.242. Inscri\u00e7\u00f5es at\u00e9 13\/04, prova em 07\/06.\" \/>\n<meta property=\"og:url\" content=\"https:\/\/www.estrategiaconcursos.com.br\/blog\/concurso-prefeitura-sao-mateus-do-maranhao\/\" \/>\n<meta property=\"og:site_name\" content=\"Estrat\u00e9gia Concursos\" \/>\n<meta property=\"article:author\" content=\"https:\/\/www.facebook.com\/coachluiseduardo\/\" \/>\n<meta property=\"article:published_time\" content=\"2026-03-17T12:32:54+00:00\" \/>\n<meta property=\"article:modified_time\" content=\"2026-03-17T12:32:55+00:00\" \/>\n<meta property=\"og:image\" content=\"https:\/\/dhg1h5j42swfq.cloudfront.net\/2025\/03\/05201612\/concursos-prefeituras-1024x536-1.jpg\" \/>\n\t<meta property=\"og:image:width\" content=\"1024\" \/>\n\t<meta property=\"og:image:height\" content=\"536\" \/>\n\t<meta property=\"og:image:type\" content=\"image\/jpeg\" \/>\n<meta name=\"author\" content=\"Luis Eduardo\" \/>\n<meta name=\"twitter:card\" content=\"summary_large_image\" \/>\n<meta name=\"twitter:creator\" content=\"@EstratConcursos\" \/>\n<meta name=\"twitter:site\" content=\"@EstratConcursos\" \/>\n<meta name=\"twitter:label1\" content=\"Escrito por\" \/>\n\t<meta name=\"twitter:data1\" content=\"Luis Eduardo\" \/>\n\t<meta name=\"twitter:label2\" content=\"Est. tempo de leitura\" \/>\n\t<meta name=\"twitter:data2\" content=\"4 minutos\" \/>\n<script type=\"application\/ld+json\" class=\"yoast-schema-graph\">{\"@context\":\"https:\/\/schema.org\",\"@graph\":[{\"@type\":\"NewsArticle\",\"@id\":\"https:\/\/www.estrategiaconcursos.com.br\/blog\/concurso-prefeitura-sao-mateus-do-maranhao\/#article\",\"isPartOf\":{\"@id\":\"https:\/\/www.estrategiaconcursos.com.br\/blog\/concurso-prefeitura-sao-mateus-do-maranhao\/\"},\"author\":{\"name\":\"Luis Eduardo\",\"@id\":\"https:\/\/www.estrategiaconcursos.com.br\/blog\/#\/schema\/person\/0906ff564105056f3b05978d503ee214\"},\"headline\":\"Concurso S\u00e3o Mateus do Maranh\u00e3o 2026: processo seletivo\",\"datePublished\":\"2026-03-17T12:32:54+00:00\",\"dateModified\":\"2026-03-17T12:32:55+00:00\",\"mainEntityOfPage\":{\"@id\":\"https:\/\/www.estrategiaconcursos.com.br\/blog\/concurso-prefeitura-sao-mateus-do-maranhao\/\"},\"wordCount\":898,\"commentCount\":0,\"publisher\":{\"@id\":\"https:\/\/www.estrategiaconcursos.com.br\/blog\/#organization\"},\"image\":{\"@id\":\"https:\/\/www.estrategiaconcursos.com.br\/blog\/concurso-prefeitura-sao-mateus-do-maranhao\/#primaryimage\"},\"thumbnailUrl\":\"https:\/\/dhg1h5j42swfq.cloudfront.net\/2025\/03\/05201612\/concursos-prefeituras-1024x536-1.jpg\",\"articleSection\":[\"Prefeituras\"],\"inLanguage\":\"pt-BR\",\"potentialAction\":[{\"@type\":\"CommentAction\",\"name\":\"Comment\",\"target\":[\"https:\/\/www.estrategiaconcursos.com.br\/blog\/concurso-prefeitura-sao-mateus-do-maranhao\/#respond\"]}],\"copyrightYear\":\"2026\",\"copyrightHolder\":{\"@id\":\"https:\/\/www.estrategiaconcursos.com.br\/blog\/#organization\"}},{\"@type\":\"WebPage\",\"@id\":\"https:\/\/www.estrategiaconcursos.com.br\/blog\/concurso-prefeitura-sao-mateus-do-maranhao\/\",\"url\":\"https:\/\/www.estrategiaconcursos.com.br\/blog\/concurso-prefeitura-sao-mateus-do-maranhao\/\",\"name\":\"Concurso S\u00e3o Mateus do Maranh\u00e3o 2026: processo seletivo\",\"isPartOf\":{\"@id\":\"https:\/\/www.estrategiaconcursos.com.br\/blog\/#website\"},\"primaryImageOfPage\":{\"@id\":\"https:\/\/www.estrategiaconcursos.com.br\/blog\/concurso-prefeitura-sao-mateus-do-maranhao\/#primaryimage\"},\"image\":{\"@id\":\"https:\/\/www.estrategiaconcursos.com.br\/blog\/concurso-prefeitura-sao-mateus-do-maranhao\/#primaryimage\"},\"thumbnailUrl\":\"https:\/\/dhg1h5j42swfq.cloudfront.net\/2025\/03\/05201612\/concursos-prefeituras-1024x536-1.jpg\",\"datePublished\":\"2026-03-17T12:32:54+00:00\",\"dateModified\":\"2026-03-17T12:32:55+00:00\",\"description\":\"Processo seletivo S\u00e3o Mateus do Maranh\u00e3o 2026 para agentes de sa\u00fade. 26 vagas, sal\u00e1rio R$ 3.242. Inscri\u00e7\u00f5es at\u00e9 13\/04, prova em 07\/06.\",\"breadcrumb\":{\"@id\":\"https:\/\/www.estrategiaconcursos.com.br\/blog\/concurso-prefeitura-sao-mateus-do-maranhao\/#breadcrumb\"},\"inLanguage\":\"pt-BR\",\"potentialAction\":[{\"@type\":\"ReadAction\",\"target\":[\"https:\/\/www.estrategiaconcursos.com.br\/blog\/concurso-prefeitura-sao-mateus-do-maranhao\/\"]}]},{\"@type\":\"ImageObject\",\"inLanguage\":\"pt-BR\",\"@id\":\"https:\/\/www.estrategiaconcursos.com.br\/blog\/concurso-prefeitura-sao-mateus-do-maranhao\/#primaryimage\",\"url\":\"https:\/\/dhg1h5j42swfq.cloudfront.net\/2025\/03\/05201612\/concursos-prefeituras-1024x536-1.jpg\",\"contentUrl\":\"https:\/\/dhg1h5j42swfq.cloudfront.net\/2025\/03\/05201612\/concursos-prefeituras-1024x536-1.jpg\",\"width\":1024,\"height\":536,\"caption\":\"Concurso Lagoa da Prata MG\"},{\"@type\":\"BreadcrumbList\",\"@id\":\"https:\/\/www.estrategiaconcursos.com.br\/blog\/concurso-prefeitura-sao-mateus-do-maranhao\/#breadcrumb\",\"itemListElement\":[{\"@type\":\"ListItem\",\"position\":1,\"name\":\"In\u00edcio\",\"item\":\"https:\/\/www.estrategiaconcursos.com.br\/blog\/\"},{\"@type\":\"ListItem\",\"position\":2,\"name\":\"Concurso S\u00e3o Mateus do Maranh\u00e3o 2026: processo seletivo\"}]},{\"@type\":\"WebSite\",\"@id\":\"https:\/\/www.estrategiaconcursos.com.br\/blog\/#website\",\"url\":\"https:\/\/www.estrategiaconcursos.com.br\/blog\/\",\"name\":\"Estrat\u00e9gia Concursos\",\"description\":\"O blog da Estrat\u00e9gia Concursos traz not\u00edcias sobre concursos e artigos de professores oferecendo cursos para concursos (pdf + videaulas) no site.\",\"publisher\":{\"@id\":\"https:\/\/www.estrategiaconcursos.com.br\/blog\/#organization\"},\"potentialAction\":[{\"@type\":\"SearchAction\",\"target\":{\"@type\":\"EntryPoint\",\"urlTemplate\":\"https:\/\/www.estrategiaconcursos.com.br\/blog\/?s={search_term_string}\"},\"query-input\":{\"@type\":\"PropertyValueSpecification\",\"valueRequired\":true,\"valueName\":\"search_term_string\"}}],\"inLanguage\":\"pt-BR\"},{\"@type\":\"Organization\",\"@id\":\"https:\/\/www.estrategiaconcursos.com.br\/blog\/#organization\",\"name\":\"Estrat\u00e9gia Concursos\",\"url\":\"https:\/\/www.estrategiaconcursos.com.br\/blog\/\",\"logo\":{\"@type\":\"ImageObject\",\"inLanguage\":\"pt-BR\",\"@id\":\"https:\/\/www.estrategiaconcursos.com.br\/blog\/#\/schema\/logo\/image\/\",\"url\":\"https:\/\/dhg1h5j42swfq.cloudfront.net\/2025\/06\/03203428\/logo_concursos-1.jpg\",\"contentUrl\":\"https:\/\/dhg1h5j42swfq.cloudfront.net\/2025\/06\/03203428\/logo_concursos-1.jpg\",\"width\":230,\"height\":60,\"caption\":\"Estrat\u00e9gia Concursos\"},\"image\":{\"@id\":\"https:\/\/www.estrategiaconcursos.com.br\/blog\/#\/schema\/logo\/image\/\"},\"sameAs\":[\"https:\/\/x.com\/EstratConcursos\"]},{\"@type\":\"Person\",\"@id\":\"https:\/\/www.estrategiaconcursos.com.br\/blog\/#\/schema\/person\/0906ff564105056f3b05978d503ee214\",\"name\":\"Luis Eduardo\",\"image\":{\"@type\":\"ImageObject\",\"inLanguage\":\"pt-BR\",\"@id\":\"https:\/\/secure.gravatar.com\/avatar\/3ce09d3c01f86018c4f3b15b9e6389f2ac325bc19863fdb79cd37fefb38517d1?s=96&d=mm&r=g\",\"url\":\"https:\/\/secure.gravatar.com\/avatar\/3ce09d3c01f86018c4f3b15b9e6389f2ac325bc19863fdb79cd37fefb38517d1?s=96&d=mm&r=g\",\"contentUrl\":\"https:\/\/secure.gravatar.com\/avatar\/3ce09d3c01f86018c4f3b15b9e6389f2ac325bc19863fdb79cd37fefb38517d1?s=96&d=mm&r=g\",\"caption\":\"Luis Eduardo\"},\"sameAs\":[\"https:\/\/www.facebook.com\/coachluiseduardo\/\"],\"url\":\"https:\/\/www.estrategiaconcursos.com.br\/blog\/author\/luiseduardoestrategiaconcursos-com-br\/\"}]}<\/script>\n<!-- \/ Yoast SEO Premium plugin. -->","yoast_head_json":{"title":"Concurso S\u00e3o Mateus do Maranh\u00e3o 2026: processo seletivo","description":"Processo seletivo S\u00e3o Mateus do Maranh\u00e3o 2026 para agentes de sa\u00fade. 26 vagas, sal\u00e1rio R$ 3.242. Inscri\u00e7\u00f5es at\u00e9 13\/04, prova em 07\/06.","robots":{"index":"index","follow":"follow","max-snippet":"max-snippet:-1","max-image-preview":"max-image-preview:large","max-video-preview":"max-video-preview:-1"},"canonical":"https:\/\/www.estrategiaconcursos.com.br\/blog\/concurso-prefeitura-sao-mateus-do-maranhao\/","og_locale":"pt_BR","og_type":"article","og_title":"Concurso S\u00e3o Mateus do Maranh\u00e3o 2026: processo seletivo","og_description":"Processo seletivo S\u00e3o Mateus do Maranh\u00e3o 2026 para agentes de sa\u00fade. 26 vagas, sal\u00e1rio R$ 3.242. Inscri\u00e7\u00f5es at\u00e9 13\/04, prova em 07\/06.","og_url":"https:\/\/www.estrategiaconcursos.com.br\/blog\/concurso-prefeitura-sao-mateus-do-maranhao\/","og_site_name":"Estrat\u00e9gia Concursos","article_author":"https:\/\/www.facebook.com\/coachluiseduardo\/","article_published_time":"2026-03-17T12:32:54+00:00","article_modified_time":"2026-03-17T12:32:55+00:00","og_image":[{"width":1024,"height":536,"url":"https:\/\/dhg1h5j42swfq.cloudfront.net\/2025\/03\/05201612\/concursos-prefeituras-1024x536-1.jpg","type":"image\/jpeg"}],"author":"Luis Eduardo","twitter_card":"summary_large_image","twitter_creator":"@EstratConcursos","twitter_site":"@EstratConcursos","twitter_misc":{"Escrito por":"Luis Eduardo","Est. tempo de leitura":"4 minutos"},"schema":{"@context":"https:\/\/schema.org","@graph":[{"@type":"NewsArticle","@id":"https:\/\/www.estrategiaconcursos.com.br\/blog\/concurso-prefeitura-sao-mateus-do-maranhao\/#article","isPartOf":{"@id":"https:\/\/www.estrategiaconcursos.com.br\/blog\/concurso-prefeitura-sao-mateus-do-maranhao\/"},"author":{"name":"Luis Eduardo","@id":"https:\/\/www.estrategiaconcursos.com.br\/blog\/#\/schema\/person\/0906ff564105056f3b05978d503ee214"},"headline":"Concurso S\u00e3o Mateus do Maranh\u00e3o 2026: processo seletivo","datePublished":"2026-03-17T12:32:54+00:00","dateModified":"2026-03-17T12:32:55+00:00","mainEntityOfPage":{"@id":"https:\/\/www.estrategiaconcursos.com.br\/blog\/concurso-prefeitura-sao-mateus-do-maranhao\/"},"wordCount":898,"commentCount":0,"publisher":{"@id":"https:\/\/www.estrategiaconcursos.com.br\/blog\/#organization"},"image":{"@id":"https:\/\/www.estrategiaconcursos.com.br\/blog\/concurso-prefeitura-sao-mateus-do-maranhao\/#primaryimage"},"thumbnailUrl":"https:\/\/dhg1h5j42swfq.cloudfront.net\/2025\/03\/05201612\/concursos-prefeituras-1024x536-1.jpg","articleSection":["Prefeituras"],"inLanguage":"pt-BR","potentialAction":[{"@type":"CommentAction","name":"Comment","target":["https:\/\/www.estrategiaconcursos.com.br\/blog\/concurso-prefeitura-sao-mateus-do-maranhao\/#respond"]}],"copyrightYear":"2026","copyrightHolder":{"@id":"https:\/\/www.estrategiaconcursos.com.br\/blog\/#organization"}},{"@type":"WebPage","@id":"https:\/\/www.estrategiaconcursos.com.br\/blog\/concurso-prefeitura-sao-mateus-do-maranhao\/","url":"https:\/\/www.estrategiaconcursos.com.br\/blog\/concurso-prefeitura-sao-mateus-do-maranhao\/","name":"Concurso S\u00e3o Mateus do Maranh\u00e3o 2026: processo seletivo","isPartOf":{"@id":"https:\/\/www.estrategiaconcursos.com.br\/blog\/#website"},"primaryImageOfPage":{"@id":"https:\/\/www.estrategiaconcursos.com.br\/blog\/concurso-prefeitura-sao-mateus-do-maranhao\/#primaryimage"},"image":{"@id":"https:\/\/www.estrategiaconcursos.com.br\/blog\/concurso-prefeitura-sao-mateus-do-maranhao\/#primaryimage"},"thumbnailUrl":"https:\/\/dhg1h5j42swfq.cloudfront.net\/2025\/03\/05201612\/concursos-prefeituras-1024x536-1.jpg","datePublished":"2026-03-17T12:32:54+00:00","dateModified":"2026-03-17T12:32:55+00:00","description":"Processo seletivo S\u00e3o Mateus do Maranh\u00e3o 2026 para agentes de sa\u00fade. 26 vagas, sal\u00e1rio R$ 3.242. Inscri\u00e7\u00f5es at\u00e9 13\/04, prova em 07\/06.","breadcrumb":{"@id":"https:\/\/www.estrategiaconcursos.com.br\/blog\/concurso-prefeitura-sao-mateus-do-maranhao\/#breadcrumb"},"inLanguage":"pt-BR","potentialAction":[{"@type":"ReadAction","target":["https:\/\/www.estrategiaconcursos.com.br\/blog\/concurso-prefeitura-sao-mateus-do-maranhao\/"]}]},{"@type":"ImageObject","inLanguage":"pt-BR","@id":"https:\/\/www.estrategiaconcursos.com.br\/blog\/concurso-prefeitura-sao-mateus-do-maranhao\/#primaryimage","url":"https:\/\/dhg1h5j42swfq.cloudfront.net\/2025\/03\/05201612\/concursos-prefeituras-1024x536-1.jpg","contentUrl":"https:\/\/dhg1h5j42swfq.cloudfront.net\/2025\/03\/05201612\/concursos-prefeituras-1024x536-1.jpg","width":1024,"height":536,"caption":"Concurso Lagoa da Prata MG"},{"@type":"BreadcrumbList","@id":"https:\/\/www.estrategiaconcursos.com.br\/blog\/concurso-prefeitura-sao-mateus-do-maranhao\/#breadcrumb","itemListElement":[{"@type":"ListItem","position":1,"name":"In\u00edcio","item":"https:\/\/www.estrategiaconcursos.com.br\/blog\/"},{"@type":"ListItem","position":2,"name":"Concurso S\u00e3o Mateus do Maranh\u00e3o 2026: processo seletivo"}]},{"@type":"WebSite","@id":"https:\/\/www.estrategiaconcursos.com.br\/blog\/#website","url":"https:\/\/www.estrategiaconcursos.com.br\/blog\/","name":"Estrat\u00e9gia Concursos","description":"O blog da Estrat\u00e9gia Concursos traz not\u00edcias sobre concursos e artigos de professores oferecendo cursos para concursos (pdf + videaulas) no site.","publisher":{"@id":"https:\/\/www.estrategiaconcursos.com.br\/blog\/#organization"},"potentialAction":[{"@type":"SearchAction","target":{"@type":"EntryPoint","urlTemplate":"https:\/\/www.estrategiaconcursos.com.br\/blog\/?s={search_term_string}"},"query-input":{"@type":"PropertyValueSpecification","valueRequired":true,"valueName":"search_term_string"}}],"inLanguage":"pt-BR"},{"@type":"Organization","@id":"https:\/\/www.estrategiaconcursos.com.br\/blog\/#organization","name":"Estrat\u00e9gia Concursos","url":"https:\/\/www.estrategiaconcursos.com.br\/blog\/","logo":{"@type":"ImageObject","inLanguage":"pt-BR","@id":"https:\/\/www.estrategiaconcursos.com.br\/blog\/#\/schema\/logo\/image\/","url":"https:\/\/dhg1h5j42swfq.cloudfront.net\/2025\/06\/03203428\/logo_concursos-1.jpg","contentUrl":"https:\/\/dhg1h5j42swfq.cloudfront.net\/2025\/06\/03203428\/logo_concursos-1.jpg","width":230,"height":60,"caption":"Estrat\u00e9gia Concursos"},"image":{"@id":"https:\/\/www.estrategiaconcursos.com.br\/blog\/#\/schema\/logo\/image\/"},"sameAs":["https:\/\/x.com\/EstratConcursos"]},{"@type":"Person","@id":"https:\/\/www.estrategiaconcursos.com.br\/blog\/#\/schema\/person\/0906ff564105056f3b05978d503ee214","name":"Luis Eduardo","image":{"@type":"ImageObject","inLanguage":"pt-BR","@id":"https:\/\/secure.gravatar.com\/avatar\/3ce09d3c01f86018c4f3b15b9e6389f2ac325bc19863fdb79cd37fefb38517d1?s=96&d=mm&r=g","url":"https:\/\/secure.gravatar.com\/avatar\/3ce09d3c01f86018c4f3b15b9e6389f2ac325bc19863fdb79cd37fefb38517d1?s=96&d=mm&r=g","contentUrl":"https:\/\/secure.gravatar.com\/avatar\/3ce09d3c01f86018c4f3b15b9e6389f2ac325bc19863fdb79cd37fefb38517d1?s=96&d=mm&r=g","caption":"Luis Eduardo"},"sameAs":["https:\/\/www.facebook.com\/coachluiseduardo\/"],"url":"https:\/\/www.estrategiaconcursos.com.br\/blog\/author\/luiseduardoestrategiaconcursos-com-br\/"}]}},"_links":{"self":[{"href":"https:\/\/www.estrategiaconcursos.com.br\/blog\/wp-json\/wp\/v2\/posts\/1736741","targetHints":{"allow":["GET"]}}],"collection":[{"href":"https:\/\/www.estrategiaconcursos.com.br\/blog\/wp-json\/wp\/v2\/posts"}],"about":[{"href":"https:\/\/www.estrategiaconcursos.com.br\/blog\/wp-json\/wp\/v2\/types\/post"}],"author":[{"embeddable":true,"href":"https:\/\/www.estrategiaconcursos.com.br\/blog\/wp-json\/wp\/v2\/users\/344"}],"replies":[{"embeddable":true,"href":"https:\/\/www.estrategiaconcursos.com.br\/blog\/wp-json\/wp\/v2\/comments?post=1736741"}],"version-history":[{"count":3,"href":"https:\/\/www.estrategiaconcursos.com.br\/blog\/wp-json\/wp\/v2\/posts\/1736741\/revisions"}],"predecessor-version":[{"id":1736744,"href":"https:\/\/www.estrategiaconcursos.com.br\/blog\/wp-json\/wp\/v2\/posts\/1736741\/revisions\/1736744"}],"wp:featuredmedia":[{"embeddable":true,"href":"https:\/\/www.estrategiaconcursos.com.br\/blog\/wp-json\/wp\/v2\/media\/1540739"}],"wp:attachment":[{"href":"https:\/\/www.estrategiaconcursos.com.br\/blog\/wp-json\/wp\/v2\/media?parent=1736741"}],"wp:term":[{"taxonomy":"category","embeddable":true,"href":"https:\/\/www.estrategiaconcursos.com.br\/blog\/wp-json\/wp\/v2\/categories?post=1736741"},{"taxonomy":"post_tag","embeddable":true,"href":"https:\/\/www.estrategiaconcursos.com.br\/blog\/wp-json\/wp\/v2\/tags?post=1736741"},{"taxonomy":"tax_estado","embeddable":true,"href":"https:\/\/www.estrategiaconcursos.com.br\/blog\/wp-json\/wp\/v2\/tax_estado?post=1736741"}],"curies":[{"name":"wp","href":"https:\/\/api.w.org\/{rel}","templated":true}]}}