{"id":1736682,"date":"2026-03-17T09:19:42","date_gmt":"2026-03-17T12:19:42","guid":{"rendered":"https:\/\/blog-estrategia.mystagingwebsite.com\/blog\/?p=1736682"},"modified":"2026-08-18T10:01:26","modified_gmt":"2026-08-18T13:01:26","slug":"concurso-prefeitura-sao-francisco-do-brejao","status":"publish","type":"post","link":"https:\/\/www.estrategiaconcursos.com.br\/blog\/concurso-prefeitura-sao-francisco-do-brejao\/","title":{"rendered":"Concurso S\u00e3o Francisco do Brej\u00e3o MA: \u00faltimo edital em 2026"},"content":{"rendered":"\n<p class=\"wp-block-paragraph\" style=\"font-size:clamp(16.293px, 1.018rem + ((1vw - 3.2px) * 0.854), 25px);font-style:italic;font-weight:700\">O concurso p\u00fablico de S\u00e3o Francisco do Brej\u00e3o (MA) aberto em 2026 ofertou 69 vagas de n\u00edvel fundamental a superior, com remunera\u00e7\u00f5es de R$ 1.518,00 a R$ 4.867,77.<\/p>\n\n\n\n<p class=\"wp-block-paragraph\">A folha de pessoal de S\u00e3o Francisco do Brej\u00e3o, no sudoeste maranhense, \u00e9 sustentada por dois eixos: a rede municipal de ensino e as equipes de sa\u00fade da fam\u00edlia. \u00c9 nessas \u00e1reas que se concentram os cargos ofertados quando o munic\u00edpio vai a concurso \u2014 algo que aconteceu em 2011, em 2016 e novamente em 2026.<\/p>\n\n\n\n<p class=\"wp-block-paragraph\">Entre uma sele\u00e7\u00e3o e outra, o intervalo costuma passar de meia d\u00e9cada, e os editais re\u00fanem numa s\u00f3 rodada fun\u00e7\u00f5es de n\u00edvel fundamental, m\u00e9dio, t\u00e9cnico e superior.<\/p>\n\n\n\n<ul class=\"wp-block-list has-very-light-gray-to-cyan-bluish-gray-gradient-background has-background\">\n<li><strong>Status:<\/strong> concurso encerrado<\/li>\n<li><strong>Edital:<\/strong> <a href=\"https:\/\/www.fsaduconcursos.org.br\/c\/1378\/get_doc.php?id=26&#038;c=6e9394e340ce82f698d74b321f4037e969339429\" target=\"_blank\" rel=\"noreferrer noopener nofollow\">acessar documento oficial<\/a><\/li>\n<li><strong>\u00daltimo edital:<\/strong> 2026<\/li>\n<li><strong>Remunera\u00e7\u00e3o:<\/strong> R$ 3.036,00<\/li>\n<li><strong>Escolaridade:<\/strong> n\u00edveis fundamental, m\u00e9dio, t\u00e9cnico e superior<\/li>\n<\/ul>\n\n\n\n<h2 class=\"wp-block-heading\" id=\"situacao-atual\">Situa\u00e7\u00e3o atual do concurso em S\u00e3o Francisco do Brej\u00e3o<\/h2>\n\n\n\n<p class=\"wp-block-paragraph\">O cronograma do Edital n\u00ba 002, de 20 de maio de 2026, retificado em 9 de junho de 2026, marcou a prova objetiva para 2 de agosto de 2026, com divulga\u00e7\u00e3o do gabarito oficial e do resultado da prova objetiva previstos at\u00e9 14 de agosto de 2026 e resultado final at\u00e9 21 de agosto de 2026.<\/p>\n\n\n\n<p class=\"wp-block-paragraph\">Foram 69 vagas ao todo, para cargos efetivos sob regime estatut\u00e1rio, com sal\u00e1rios entre R$ 1.518,00 e R$ 4.867,77 e jornadas de 30 a 40 horas semanais. A prova objetiva teve car\u00e1ter eliminat\u00f3rio e classificat\u00f3rio, com 40 quest\u00f5es de m\u00faltipla escolha, dura\u00e7\u00e3o de quatro horas e corte em 50% dos pontos, e o edital previu ainda curso de forma\u00e7\u00e3o eliminat\u00f3rio de 40 horas, com exig\u00eancia de 75% de frequ\u00eancia e 70% de aproveitamento nas avalia\u00e7\u00f5es. Outros cargos tiveram prova pr\u00e1tica e prova de t\u00edtulos, conforme a fun\u00e7\u00e3o.<\/p>\n\n\n\n<p class=\"wp-block-paragraph\">A validade prevista \u00e9 de dois anos a contar da homologa\u00e7\u00e3o do resultado final, prorrog\u00e1vel uma vez por igual per\u00edodo. O certame reservou ao menos 5% das vagas a pessoas com defici\u00eancia nos cargos com oferta igual ou superior a cinco vagas.<\/p>\n\n\n\n<ul class=\"wp-block-list\">\n<li>Agente Comunit\u00e1rio de Sa\u00fade<\/li>\n<\/ul>\n\n\n\n<h2 class=\"wp-block-heading\" id=\"ultimo-concurso\">\u00daltimo concurso em S\u00e3o Francisco do Brej\u00e3o<\/h2>\n\n\n\n<p class=\"wp-block-paragraph\">Antes do ciclo atual, o registro mais recente era o concurso p\u00fablico de 2016, que passou por retifica\u00e7\u00e3o naquele mesmo ano. O edital reuniu 123 vagas distribu\u00eddas entre os n\u00edveis fundamental, m\u00e9dio e superior.<\/p>\n\n\n\n<h2 class=\"wp-block-heading\" id=\"historico\">Hist\u00f3rico de concursos em S\u00e3o Francisco do Brej\u00e3o<\/h2>\n\n\n\n<p class=\"wp-block-paragraph\">A dist\u00e2ncia entre os certames municipais \u00e9 longa: cinco anos separaram a sele\u00e7\u00e3o de 2011 do concurso de 2016, e mais dez se passaram at\u00e9 o edital de 2026. O porte tamb\u00e9m variou bastante \u2014 o certame de 2011 movimentou 109 vagas, com remunera\u00e7\u00e3o que chegava a R$ 6.000,00, e o de 2016 chegou a 123 vagas, com teto de R$ 3.028,00, ambos abrangendo os n\u00edveis fundamental, m\u00e9dio e superior, enquanto a rodada de 2026 reduziu a oferta a 69 vagas, incorporou cargos de n\u00edvel t\u00e9cnico e ampliou o leque de especialidades da sa\u00fade e do magist\u00e9rio, como fonoaudi\u00f3logo, m\u00e9dico veterin\u00e1rio e professor de inform\u00e1tica.<\/p>\n\n\n\n<p class=\"wp-block-paragraph\">A organiza\u00e7\u00e3o do certame de 2026 coube \u00e0 FSADU, banca contratada pela prefeitura para aplicar as provas.<\/p>\n\n\n\n<h2 class=\"wp-block-heading has-text-align-center\" id=\"mapa-regiao\">Veja Concursos Abertos na mesma regi\u00e3o<\/h2>\n\n\n\n<iframe\n  src=\"https:\/\/www.estrategiaconcursos.com.br\/blog\/mapa-concursos\/embed?situacoes=Inscri%C3%A7%C3%B5es%20abertas&amp;estado=MA\"\n  width=\"100%\"\n  height=\"400\"\n  style=\"border: none; display: block;\"\n  title=\"Mapa de Concursos P\u00fablicos em Maranh\u00e3o\"\n  loading=\"lazy\"><\/iframe>\n\n\n\n<h2 class=\"wp-block-heading has-text-align-center\" id=\"cursos\">Quer saber tudo sobre concursos previstos?<br \/>Confira nossos artigos!<\/h2>\n\n\n\n<ul class=\"wp-block-list\">\n<li><a href=\"https:\/\/www.estrategiaconcursos.com.br\/blog\/concursos-abertos\/\" target=\"_blank\" rel=\"noreferrer noopener\">Concursos Abertos<\/a><\/li>\n<li><a href=\"https:\/\/www.estrategiaconcursos.com.br\/blog\/concursos-2026\/\" target=\"_blank\" rel=\"noreferrer noopener\">Concursos 2026<\/a><\/li>\n<li><a href=\"https:\/\/www.estrategiaconcursos.com.br\/blog\/concursos-maranhao\/\" target=\"_blank\" rel=\"noreferrer noopener\">Concursos Maranh\u00e3o<\/a><\/li>\n<\/ul>\n\n\n\n<div class=\"estrategia\" id=\"box-assinatura\">\n  <h3 class=\"titulo-assinatura\">Assinatura Concursos<\/h3>\n  <p class=\"subtitulo-assinatura\">Assinatura de 1 ano ou 2 anos<\/p>\n  <div class=\"box-botao\">\n    <a class=\"btn-assinatura\" target=\"_blank\" href=\"https:\/\/www.estrategiaconcursos.com.br\/assinaturas\/\" role=\"button\" rel=\"noopener noreferrer\">ASSINE AGORA<\/a>\n  <\/div>\n<\/div>\n\n\n\n<h3 class=\"wp-block-heading\" id=\"ficha\">Informa\u00e7\u00f5es do \u00faltimo concurso<\/h3>\n\n\n\n<ul class=\"wp-block-list\">\n<li><strong>\u00d3rg\u00e3o:<\/strong> Prefeitura de S\u00e3o Francisco do Brej\u00e3o (MA)<\/li>\n\n\n\n<li><strong>Ano:<\/strong> 2026<\/li>\n\n\n\n<li><strong>Tipo:<\/strong> concurso p\u00fablico<\/li>\n\n\n\n<li><strong>Banca:<\/strong> FSADU<\/li>\n\n\n\n<li><strong>Edital:<\/strong> Edital do Concurso P\u00fablico n\u00ba 002 de 20\/05\/2026 \u2013 retificado em 09\/06\/2026<\/li>\n\n\n\n<li><strong>Cargos:<\/strong> Agente Comunit\u00e1rio de Sa\u00fade<\/li>\n\n\n\n<li><strong>Escolaridade:<\/strong> n\u00edveis fundamental, m\u00e9dio, t\u00e9cnico e superior<\/li>\n\n\n\n<li><strong>Remunera\u00e7\u00e3o:<\/strong> R$ 3.036,00<\/li>\n\n\n\n<li><strong>Prova objetiva:<\/strong> 02\/08\/2026<\/li>\n\n\n\n<li><strong>Etapas:<\/strong> Prova Objetiva, Curso de Forma\u00e7\u00e3o<\/li>\n\n\n\n<li><strong>Validade:<\/strong> 2 (dois) anos, contados a partir da publica\u00e7\u00e3o oficial da homologa\u00e7\u00e3o do Resultado Final ap\u00f3s Fase Recursal, podendo ser prorrogado uma vez, por igual per\u00edodo<\/li>\n\n\n\n<li><strong>Situa\u00e7\u00e3o:<\/strong> concurso encerrado<\/li>\n<\/ul>\n\n\n\n<div class=\"container\" id=\"boxes\">\n  <div class=\"row\">\n    <div class=\"col-sm\">\n      <div class=\"banner-prefeituras-ec\" id=\"box-assinatura\">\n        <h2 class=\"titulo-assinatura\" style=\"text-align: left;\">Concursos Prefeituras<\/h2>\n        <p class=\"subtitulo-assinatura\" style=\"text-align: left;\">Prepara\u00e7\u00e3o completa para a carreira!<\/p>\n        <div class=\"box-botao\" style=\"text-align: left;\">\n          <a class=\"btn-assinatura\" target=\"_blank\" href=\"https:\/\/www.estrategiaconcursos.com.br\/pesquisa\/?q=prefeitura+sao+francisco+do+brejao\" role=\"button\" rel=\"noopener noreferrer\">EXPLORAR CURSOS<\/a>\n        <\/div>\n      <\/div>\n    <\/div>\n  <\/div>\n<\/div>\n\n","protected":false},"excerpt":{"rendered":"<p>O concurso p\u00fablico de S\u00e3o Francisco do Brej\u00e3o (MA) aberto em 2026 ofertou 69 vagas de n\u00edvel fundamental a superior, com remunera\u00e7\u00f5es de R$ 1.518,00 a R$ 4.867,77. A folha de pessoal de S\u00e3o Francisco do Brej\u00e3o, no sudoeste maranhense, \u00e9 sustentada por dois eixos: a rede municipal de ensino e as equipes de sa\u00fade [&hellip;]<\/p>\n","protected":false},"author":344,"featured_media":1540739,"comment_status":"open","ping_status":"closed","sticky":false,"template":"","format":"standard","meta":{"_acf_changed":false,"post_tipo":"news_page","footnotes":""},"categories":[222278],"tags":[],"tax_estado":[219973],"class_list":["post-1736682","post","type-post","status-publish","format-standard","has-post-thumbnail","hentry","category-prefeituras","tax_estado-ma"],"acf":[],"yoast_head":"<!-- This site is optimized with the Yoast SEO Premium plugin v28.1 (Yoast SEO v28.1) - https:\/\/yoast.com\/product\/yoast-seo-premium-wordpress\/ -->\n<title>Concurso S\u00e3o Francisco do Brej\u00e3o MA: \u00faltimo edital em 2026<\/title>\n<meta name=\"description\" content=\"Concurso S\u00e3o Francisco do Brej\u00e3o (MA): edital de 2026 ofertou 69 vagas, com sal\u00e1rios de at\u00e9 R$ 4.867,77. Veja cargos, etapas e o hist\u00f3rico do munic\u00edpio.\" \/>\n<meta name=\"robots\" content=\"index, follow, max-snippet:-1, max-image-preview:large, max-video-preview:-1\" \/>\n<link rel=\"canonical\" href=\"https:\/\/www.estrategiaconcursos.com.br\/blog\/concurso-prefeitura-sao-francisco-do-brejao\/\" \/>\n<meta property=\"og:locale\" content=\"pt_BR\" \/>\n<meta property=\"og:type\" content=\"article\" \/>\n<meta property=\"og:title\" content=\"Concurso S\u00e3o Francisco do Brej\u00e3o MA: \u00faltimo edital em 2026\" \/>\n<meta property=\"og:description\" content=\"Concurso S\u00e3o Francisco do Brej\u00e3o (MA): edital de 2026 ofertou 69 vagas, com sal\u00e1rios de at\u00e9 R$ 4.867,77. Veja cargos, etapas e o hist\u00f3rico do munic\u00edpio.\" \/>\n<meta property=\"og:url\" content=\"https:\/\/www.estrategiaconcursos.com.br\/blog\/concurso-prefeitura-sao-francisco-do-brejao\/\" \/>\n<meta property=\"og:site_name\" content=\"Estrat\u00e9gia Concursos\" \/>\n<meta property=\"article:author\" content=\"https:\/\/www.facebook.com\/coachluiseduardo\/\" \/>\n<meta property=\"article:published_time\" content=\"2026-03-17T12:19:42+00:00\" \/>\n<meta property=\"article:modified_time\" content=\"2026-08-18T13:01:26+00:00\" \/>\n<meta property=\"og:image\" content=\"https:\/\/dhg1h5j42swfq.cloudfront.net\/2025\/03\/05201612\/concursos-prefeituras-1024x536-1.jpg\" \/>\n\t<meta property=\"og:image:width\" content=\"1024\" \/>\n\t<meta property=\"og:image:height\" content=\"536\" \/>\n\t<meta property=\"og:image:type\" content=\"image\/jpeg\" \/>\n<meta name=\"author\" content=\"Luis Eduardo\" \/>\n<meta name=\"twitter:card\" content=\"summary_large_image\" \/>\n<meta name=\"twitter:creator\" content=\"@EstratConcursos\" \/>\n<meta name=\"twitter:site\" content=\"@EstratConcursos\" \/>\n<meta name=\"twitter:label1\" content=\"Escrito por\" \/>\n\t<meta name=\"twitter:data1\" content=\"Luis Eduardo\" \/>\n\t<meta name=\"twitter:label2\" content=\"Est. tempo de leitura\" \/>\n\t<meta name=\"twitter:data2\" content=\"3 minutos\" \/>\n<script type=\"application\/ld+json\" class=\"yoast-schema-graph\">{\"@context\":\"https:\\\/\\\/schema.org\",\"@graph\":[{\"@type\":\"NewsArticle\",\"@id\":\"https:\\\/\\\/www.estrategiaconcursos.com.br\\\/blog\\\/concurso-prefeitura-sao-francisco-do-brejao\\\/#article\",\"isPartOf\":{\"@id\":\"https:\\\/\\\/www.estrategiaconcursos.com.br\\\/blog\\\/concurso-prefeitura-sao-francisco-do-brejao\\\/\"},\"author\":{\"name\":\"Luis Eduardo\",\"@id\":\"https:\\\/\\\/blog-estrategia.mystagingwebsite.com\\\/#\\\/schema\\\/person\\\/0906ff564105056f3b05978d503ee214\"},\"headline\":\"Concurso S\u00e3o Francisco do Brej\u00e3o MA: \u00faltimo edital em 2026\",\"datePublished\":\"2026-03-17T12:19:42+00:00\",\"dateModified\":\"2026-08-18T13:01:26+00:00\",\"mainEntityOfPage\":{\"@id\":\"https:\\\/\\\/www.estrategiaconcursos.com.br\\\/blog\\\/concurso-prefeitura-sao-francisco-do-brejao\\\/\"},\"wordCount\":667,\"commentCount\":0,\"publisher\":{\"@id\":\"https:\\\/\\\/blog-estrategia.mystagingwebsite.com\\\/#organization\"},\"image\":{\"@id\":\"https:\\\/\\\/www.estrategiaconcursos.com.br\\\/blog\\\/concurso-prefeitura-sao-francisco-do-brejao\\\/#primaryimage\"},\"thumbnailUrl\":\"https:\\\/\\\/dhg1h5j42swfq.cloudfront.net\\\/2025\\\/03\\\/05201612\\\/concursos-prefeituras-1024x536-1.jpg\",\"articleSection\":[\"Prefeituras\"],\"inLanguage\":\"pt-BR\",\"potentialAction\":[{\"@type\":\"CommentAction\",\"name\":\"Comment\",\"target\":[\"https:\\\/\\\/www.estrategiaconcursos.com.br\\\/blog\\\/concurso-prefeitura-sao-francisco-do-brejao\\\/#respond\"]}],\"copyrightYear\":\"2026\",\"copyrightHolder\":{\"@id\":\"https:\\\/\\\/www.estrategiaconcursos.com.br\\\/blog\\\/#organization\"}},{\"@type\":\"WebPage\",\"@id\":\"https:\\\/\\\/www.estrategiaconcursos.com.br\\\/blog\\\/concurso-prefeitura-sao-francisco-do-brejao\\\/\",\"url\":\"https:\\\/\\\/www.estrategiaconcursos.com.br\\\/blog\\\/concurso-prefeitura-sao-francisco-do-brejao\\\/\",\"name\":\"Concurso S\u00e3o Francisco do Brej\u00e3o MA: \u00faltimo edital em 2026\",\"isPartOf\":{\"@id\":\"https:\\\/\\\/blog-estrategia.mystagingwebsite.com\\\/#website\"},\"primaryImageOfPage\":{\"@id\":\"https:\\\/\\\/www.estrategiaconcursos.com.br\\\/blog\\\/concurso-prefeitura-sao-francisco-do-brejao\\\/#primaryimage\"},\"image\":{\"@id\":\"https:\\\/\\\/www.estrategiaconcursos.com.br\\\/blog\\\/concurso-prefeitura-sao-francisco-do-brejao\\\/#primaryimage\"},\"thumbnailUrl\":\"https:\\\/\\\/dhg1h5j42swfq.cloudfront.net\\\/2025\\\/03\\\/05201612\\\/concursos-prefeituras-1024x536-1.jpg\",\"datePublished\":\"2026-03-17T12:19:42+00:00\",\"dateModified\":\"2026-08-18T13:01:26+00:00\",\"description\":\"Concurso S\u00e3o Francisco do Brej\u00e3o (MA): edital de 2026 ofertou 69 vagas, com sal\u00e1rios de at\u00e9 R$ 4.867,77. Veja cargos, etapas e o hist\u00f3rico do munic\u00edpio.\",\"breadcrumb\":{\"@id\":\"https:\\\/\\\/www.estrategiaconcursos.com.br\\\/blog\\\/concurso-prefeitura-sao-francisco-do-brejao\\\/#breadcrumb\"},\"inLanguage\":\"pt-BR\",\"potentialAction\":[{\"@type\":\"ReadAction\",\"target\":[\"https:\\\/\\\/www.estrategiaconcursos.com.br\\\/blog\\\/concurso-prefeitura-sao-francisco-do-brejao\\\/\"]}]},{\"@type\":\"ImageObject\",\"inLanguage\":\"pt-BR\",\"@id\":\"https:\\\/\\\/www.estrategiaconcursos.com.br\\\/blog\\\/concurso-prefeitura-sao-francisco-do-brejao\\\/#primaryimage\",\"url\":\"https:\\\/\\\/dhg1h5j42swfq.cloudfront.net\\\/2025\\\/03\\\/05201612\\\/concursos-prefeituras-1024x536-1.jpg\",\"contentUrl\":\"https:\\\/\\\/dhg1h5j42swfq.cloudfront.net\\\/2025\\\/03\\\/05201612\\\/concursos-prefeituras-1024x536-1.jpg\",\"width\":1024,\"height\":536,\"caption\":\"Concursos prefeituras\"},{\"@type\":\"BreadcrumbList\",\"@id\":\"https:\\\/\\\/www.estrategiaconcursos.com.br\\\/blog\\\/concurso-prefeitura-sao-francisco-do-brejao\\\/#breadcrumb\",\"itemListElement\":[{\"@type\":\"ListItem\",\"position\":1,\"name\":\"In\u00edcio\",\"item\":\"https:\\\/\\\/blog-estrategia.mystagingwebsite.com\\\/\"},{\"@type\":\"ListItem\",\"position\":2,\"name\":\"Concurso S\u00e3o Francisco do Brej\u00e3o MA: \u00faltimo edital em 2026\"}]},{\"@type\":\"WebSite\",\"@id\":\"https:\\\/\\\/blog-estrategia.mystagingwebsite.com\\\/#website\",\"url\":\"https:\\\/\\\/blog-estrategia.mystagingwebsite.com\\\/\",\"name\":\"Estrat\u00e9gia Concursos\",\"description\":\"O blog da Estrat\u00e9gia Concursos traz not\u00edcias sobre concursos e artigos de professores oferecendo cursos para concursos (pdf + videaulas) no site.\",\"publisher\":{\"@id\":\"https:\\\/\\\/blog-estrategia.mystagingwebsite.com\\\/#organization\"},\"potentialAction\":[{\"@type\":\"SearchAction\",\"target\":{\"@type\":\"EntryPoint\",\"urlTemplate\":\"https:\\\/\\\/blog-estrategia.mystagingwebsite.com\\\/?s={search_term_string}\"},\"query-input\":{\"@type\":\"PropertyValueSpecification\",\"valueRequired\":true,\"valueName\":\"search_term_string\"}}],\"inLanguage\":\"pt-BR\"},{\"@type\":\"Organization\",\"@id\":\"https:\\\/\\\/blog-estrategia.mystagingwebsite.com\\\/#organization\",\"name\":\"Estrat\u00e9gia Concursos\",\"url\":\"https:\\\/\\\/blog-estrategia.mystagingwebsite.com\\\/\",\"logo\":{\"@type\":\"ImageObject\",\"inLanguage\":\"pt-BR\",\"@id\":\"https:\\\/\\\/blog-estrategia.mystagingwebsite.com\\\/#\\\/schema\\\/logo\\\/image\\\/\",\"url\":\"https:\\\/\\\/dhg1h5j42swfq.cloudfront.net\\\/2025\\\/06\\\/03203428\\\/logo_concursos-1.jpg\",\"contentUrl\":\"https:\\\/\\\/dhg1h5j42swfq.cloudfront.net\\\/2025\\\/06\\\/03203428\\\/logo_concursos-1.jpg\",\"width\":230,\"height\":60,\"caption\":\"Estrat\u00e9gia Concursos\"},\"image\":{\"@id\":\"https:\\\/\\\/blog-estrategia.mystagingwebsite.com\\\/#\\\/schema\\\/logo\\\/image\\\/\"},\"sameAs\":[\"https:\\\/\\\/x.com\\\/EstratConcursos\"]},{\"@type\":\"Person\",\"@id\":\"https:\\\/\\\/blog-estrategia.mystagingwebsite.com\\\/#\\\/schema\\\/person\\\/0906ff564105056f3b05978d503ee214\",\"name\":\"Luis Eduardo\",\"image\":{\"@type\":\"ImageObject\",\"inLanguage\":\"pt-BR\",\"@id\":\"https:\\\/\\\/secure.gravatar.com\\\/avatar\\\/3ce09d3c01f86018c4f3b15b9e6389f2ac325bc19863fdb79cd37fefb38517d1?s=96&d=mm&r=g\",\"url\":\"https:\\\/\\\/secure.gravatar.com\\\/avatar\\\/3ce09d3c01f86018c4f3b15b9e6389f2ac325bc19863fdb79cd37fefb38517d1?s=96&d=mm&r=g\",\"contentUrl\":\"https:\\\/\\\/secure.gravatar.com\\\/avatar\\\/3ce09d3c01f86018c4f3b15b9e6389f2ac325bc19863fdb79cd37fefb38517d1?s=96&d=mm&r=g\",\"caption\":\"Luis Eduardo\"},\"sameAs\":[\"https:\\\/\\\/www.facebook.com\\\/coachluiseduardo\\\/\"],\"url\":\"https:\\\/\\\/www.estrategiaconcursos.com.br\\\/blog\\\/author\\\/luiseduardoestrategiaconcursos-com-br\\\/\"}]}<\/script>\n<!-- \/ Yoast SEO Premium plugin. -->","yoast_head_json":{"title":"Concurso S\u00e3o Francisco do Brej\u00e3o MA: \u00faltimo edital em 2026","description":"Concurso S\u00e3o Francisco do Brej\u00e3o (MA): edital de 2026 ofertou 69 vagas, com sal\u00e1rios de at\u00e9 R$ 4.867,77. Veja cargos, etapas e o hist\u00f3rico do munic\u00edpio.","robots":{"index":"index","follow":"follow","max-snippet":"max-snippet:-1","max-image-preview":"max-image-preview:large","max-video-preview":"max-video-preview:-1"},"canonical":"https:\/\/www.estrategiaconcursos.com.br\/blog\/concurso-prefeitura-sao-francisco-do-brejao\/","og_locale":"pt_BR","og_type":"article","og_title":"Concurso S\u00e3o Francisco do Brej\u00e3o MA: \u00faltimo edital em 2026","og_description":"Concurso S\u00e3o Francisco do Brej\u00e3o (MA): edital de 2026 ofertou 69 vagas, com sal\u00e1rios de at\u00e9 R$ 4.867,77. Veja cargos, etapas e o hist\u00f3rico do munic\u00edpio.","og_url":"https:\/\/www.estrategiaconcursos.com.br\/blog\/concurso-prefeitura-sao-francisco-do-brejao\/","og_site_name":"Estrat\u00e9gia Concursos","article_author":"https:\/\/www.facebook.com\/coachluiseduardo\/","article_published_time":"2026-03-17T12:19:42+00:00","article_modified_time":"2026-08-18T13:01:26+00:00","og_image":[{"width":1024,"height":536,"url":"https:\/\/dhg1h5j42swfq.cloudfront.net\/2025\/03\/05201612\/concursos-prefeituras-1024x536-1.jpg","type":"image\/jpeg"}],"author":"Luis Eduardo","twitter_card":"summary_large_image","twitter_creator":"@EstratConcursos","twitter_site":"@EstratConcursos","twitter_misc":{"Escrito por":"Luis Eduardo","Est. tempo de leitura":"3 minutos"},"schema":{"@context":"https:\/\/schema.org","@graph":[{"@type":"NewsArticle","@id":"https:\/\/www.estrategiaconcursos.com.br\/blog\/concurso-prefeitura-sao-francisco-do-brejao\/#article","isPartOf":{"@id":"https:\/\/www.estrategiaconcursos.com.br\/blog\/concurso-prefeitura-sao-francisco-do-brejao\/"},"author":{"name":"Luis Eduardo","@id":"https:\/\/blog-estrategia.mystagingwebsite.com\/#\/schema\/person\/0906ff564105056f3b05978d503ee214"},"headline":"Concurso S\u00e3o Francisco do Brej\u00e3o MA: \u00faltimo edital em 2026","datePublished":"2026-03-17T12:19:42+00:00","dateModified":"2026-08-18T13:01:26+00:00","mainEntityOfPage":{"@id":"https:\/\/www.estrategiaconcursos.com.br\/blog\/concurso-prefeitura-sao-francisco-do-brejao\/"},"wordCount":667,"commentCount":0,"publisher":{"@id":"https:\/\/blog-estrategia.mystagingwebsite.com\/#organization"},"image":{"@id":"https:\/\/www.estrategiaconcursos.com.br\/blog\/concurso-prefeitura-sao-francisco-do-brejao\/#primaryimage"},"thumbnailUrl":"https:\/\/dhg1h5j42swfq.cloudfront.net\/2025\/03\/05201612\/concursos-prefeituras-1024x536-1.jpg","articleSection":["Prefeituras"],"inLanguage":"pt-BR","potentialAction":[{"@type":"CommentAction","name":"Comment","target":["https:\/\/www.estrategiaconcursos.com.br\/blog\/concurso-prefeitura-sao-francisco-do-brejao\/#respond"]}],"copyrightYear":"2026","copyrightHolder":{"@id":"https:\/\/www.estrategiaconcursos.com.br\/blog\/#organization"}},{"@type":"WebPage","@id":"https:\/\/www.estrategiaconcursos.com.br\/blog\/concurso-prefeitura-sao-francisco-do-brejao\/","url":"https:\/\/www.estrategiaconcursos.com.br\/blog\/concurso-prefeitura-sao-francisco-do-brejao\/","name":"Concurso S\u00e3o Francisco do Brej\u00e3o MA: \u00faltimo edital em 2026","isPartOf":{"@id":"https:\/\/blog-estrategia.mystagingwebsite.com\/#website"},"primaryImageOfPage":{"@id":"https:\/\/www.estrategiaconcursos.com.br\/blog\/concurso-prefeitura-sao-francisco-do-brejao\/#primaryimage"},"image":{"@id":"https:\/\/www.estrategiaconcursos.com.br\/blog\/concurso-prefeitura-sao-francisco-do-brejao\/#primaryimage"},"thumbnailUrl":"https:\/\/dhg1h5j42swfq.cloudfront.net\/2025\/03\/05201612\/concursos-prefeituras-1024x536-1.jpg","datePublished":"2026-03-17T12:19:42+00:00","dateModified":"2026-08-18T13:01:26+00:00","description":"Concurso S\u00e3o Francisco do Brej\u00e3o (MA): edital de 2026 ofertou 69 vagas, com sal\u00e1rios de at\u00e9 R$ 4.867,77. Veja cargos, etapas e o hist\u00f3rico do munic\u00edpio.","breadcrumb":{"@id":"https:\/\/www.estrategiaconcursos.com.br\/blog\/concurso-prefeitura-sao-francisco-do-brejao\/#breadcrumb"},"inLanguage":"pt-BR","potentialAction":[{"@type":"ReadAction","target":["https:\/\/www.estrategiaconcursos.com.br\/blog\/concurso-prefeitura-sao-francisco-do-brejao\/"]}]},{"@type":"ImageObject","inLanguage":"pt-BR","@id":"https:\/\/www.estrategiaconcursos.com.br\/blog\/concurso-prefeitura-sao-francisco-do-brejao\/#primaryimage","url":"https:\/\/dhg1h5j42swfq.cloudfront.net\/2025\/03\/05201612\/concursos-prefeituras-1024x536-1.jpg","contentUrl":"https:\/\/dhg1h5j42swfq.cloudfront.net\/2025\/03\/05201612\/concursos-prefeituras-1024x536-1.jpg","width":1024,"height":536,"caption":"Concursos prefeituras"},{"@type":"BreadcrumbList","@id":"https:\/\/www.estrategiaconcursos.com.br\/blog\/concurso-prefeitura-sao-francisco-do-brejao\/#breadcrumb","itemListElement":[{"@type":"ListItem","position":1,"name":"In\u00edcio","item":"https:\/\/blog-estrategia.mystagingwebsite.com\/"},{"@type":"ListItem","position":2,"name":"Concurso S\u00e3o Francisco do Brej\u00e3o MA: \u00faltimo edital em 2026"}]},{"@type":"WebSite","@id":"https:\/\/blog-estrategia.mystagingwebsite.com\/#website","url":"https:\/\/blog-estrategia.mystagingwebsite.com\/","name":"Estrat\u00e9gia Concursos","description":"O blog da Estrat\u00e9gia Concursos traz not\u00edcias sobre concursos e artigos de professores oferecendo cursos para concursos (pdf + videaulas) no site.","publisher":{"@id":"https:\/\/blog-estrategia.mystagingwebsite.com\/#organization"},"potentialAction":[{"@type":"SearchAction","target":{"@type":"EntryPoint","urlTemplate":"https:\/\/blog-estrategia.mystagingwebsite.com\/?s={search_term_string}"},"query-input":{"@type":"PropertyValueSpecification","valueRequired":true,"valueName":"search_term_string"}}],"inLanguage":"pt-BR"},{"@type":"Organization","@id":"https:\/\/blog-estrategia.mystagingwebsite.com\/#organization","name":"Estrat\u00e9gia Concursos","url":"https:\/\/blog-estrategia.mystagingwebsite.com\/","logo":{"@type":"ImageObject","inLanguage":"pt-BR","@id":"https:\/\/blog-estrategia.mystagingwebsite.com\/#\/schema\/logo\/image\/","url":"https:\/\/dhg1h5j42swfq.cloudfront.net\/2025\/06\/03203428\/logo_concursos-1.jpg","contentUrl":"https:\/\/dhg1h5j42swfq.cloudfront.net\/2025\/06\/03203428\/logo_concursos-1.jpg","width":230,"height":60,"caption":"Estrat\u00e9gia Concursos"},"image":{"@id":"https:\/\/blog-estrategia.mystagingwebsite.com\/#\/schema\/logo\/image\/"},"sameAs":["https:\/\/x.com\/EstratConcursos"]},{"@type":"Person","@id":"https:\/\/blog-estrategia.mystagingwebsite.com\/#\/schema\/person\/0906ff564105056f3b05978d503ee214","name":"Luis Eduardo","image":{"@type":"ImageObject","inLanguage":"pt-BR","@id":"https:\/\/secure.gravatar.com\/avatar\/3ce09d3c01f86018c4f3b15b9e6389f2ac325bc19863fdb79cd37fefb38517d1?s=96&d=mm&r=g","url":"https:\/\/secure.gravatar.com\/avatar\/3ce09d3c01f86018c4f3b15b9e6389f2ac325bc19863fdb79cd37fefb38517d1?s=96&d=mm&r=g","contentUrl":"https:\/\/secure.gravatar.com\/avatar\/3ce09d3c01f86018c4f3b15b9e6389f2ac325bc19863fdb79cd37fefb38517d1?s=96&d=mm&r=g","caption":"Luis Eduardo"},"sameAs":["https:\/\/www.facebook.com\/coachluiseduardo\/"],"url":"https:\/\/www.estrategiaconcursos.com.br\/blog\/author\/luiseduardoestrategiaconcursos-com-br\/"}]}},"_links":{"self":[{"href":"https:\/\/www.estrategiaconcursos.com.br\/blog\/wp-json\/wp\/v2\/posts\/1736682","targetHints":{"allow":["GET"]}}],"collection":[{"href":"https:\/\/www.estrategiaconcursos.com.br\/blog\/wp-json\/wp\/v2\/posts"}],"about":[{"href":"https:\/\/www.estrategiaconcursos.com.br\/blog\/wp-json\/wp\/v2\/types\/post"}],"author":[{"embeddable":true,"href":"https:\/\/www.estrategiaconcursos.com.br\/blog\/wp-json\/wp\/v2\/users\/344"}],"replies":[{"embeddable":true,"href":"https:\/\/www.estrategiaconcursos.com.br\/blog\/wp-json\/wp\/v2\/comments?post=1736682"}],"version-history":[{"count":2,"href":"https:\/\/www.estrategiaconcursos.com.br\/blog\/wp-json\/wp\/v2\/posts\/1736682\/revisions"}],"predecessor-version":[{"id":1794130,"href":"https:\/\/www.estrategiaconcursos.com.br\/blog\/wp-json\/wp\/v2\/posts\/1736682\/revisions\/1794130"}],"wp:featuredmedia":[{"embeddable":true,"href":"https:\/\/www.estrategiaconcursos.com.br\/blog\/wp-json\/wp\/v2\/media\/1540739"}],"wp:attachment":[{"href":"https:\/\/www.estrategiaconcursos.com.br\/blog\/wp-json\/wp\/v2\/media?parent=1736682"}],"wp:term":[{"taxonomy":"category","embeddable":true,"href":"https:\/\/www.estrategiaconcursos.com.br\/blog\/wp-json\/wp\/v2\/categories?post=1736682"},{"taxonomy":"post_tag","embeddable":true,"href":"https:\/\/www.estrategiaconcursos.com.br\/blog\/wp-json\/wp\/v2\/tags?post=1736682"},{"taxonomy":"tax_estado","embeddable":true,"href":"https:\/\/www.estrategiaconcursos.com.br\/blog\/wp-json\/wp\/v2\/tax_estado?post=1736682"}],"curies":[{"name":"wp","href":"https:\/\/api.w.org\/{rel}","templated":true}]}}