{"id":1736603,"date":"2026-04-28T07:39:00","date_gmt":"2026-04-28T10:39:00","guid":{"rendered":"https:\/\/www.estrategiaconcursos.com.br\/blog\/?p=1736603"},"modified":"2026-04-28T07:49:31","modified_gmt":"2026-04-28T10:49:31","slug":"concurso-camara-de-beberibe-ce","status":"publish","type":"post","link":"https:\/\/www.estrategiaconcursos.com.br\/blog\/concurso-camara-de-beberibe-ce\/","title":{"rendered":"Concurso C\u00e2mara de Beberibe CE: provas em 17 de maio!"},"content":{"rendered":"\n<p style=\"font-size:clamp(14.642px, 0.915rem + ((1vw - 3.2px) * 0.721), 22px);\"><strong><em>Novo concurso C\u00e2mara de Beberibe oferece oportunidades em todas as escolaridades<\/em><\/strong><\/p>\n\n\n\n<p>A <strong>C\u00e2mara de Beberibe<\/strong>, munic\u00edpio localizado no estado do Cear\u00e1, ter\u00e1 provas do seu novo concurso aplicadas no dia <strong>17 de maio<\/strong>.<\/p>\n\n\n\n<p>Os candidatos puderam se inscrever at\u00e9 o dia 27 de abril, atrav\u00e9s do site da banca organizadora, o Instituto Consulpam. <\/p>\n\n\n\n<p>Vale lembrar que a disputa ocorre por uma das 10 vagas imediatas e outras 10 em cadastro de reserva.<\/p>\n\n\n\n<p>As oportunidades s\u00e3o para diferentes cargos nos n\u00edveis fundamental, m\u00e9dio e superior, com sal\u00e1rios iniciais que variam de <strong>R$ 1.621,00 a R$ 3.315,34<\/strong>.<\/p>\n\n\n\n<ul class=\"wp-block-list has-very-light-gray-to-cyan-bluish-gray-gradient-background has-background\">\n<li><strong>C\u00e2mara de Beberibe &#8211; CE<\/strong><\/li>\n\n\n\n<li><strong>Situa\u00e7\u00e3o<\/strong>: provas em 17 de maio<\/li>\n\n\n\n<li><strong>Banca: <\/strong><a href=\"https:\/\/www.consulpam.com.br\/index.php?menu=concursos&amp;acao=ver&amp;id=779\" target=\"_blank\" rel=\"noreferrer noopener\">Instituto Consulpam<\/a><\/li>\n\n\n\n<li><strong>Vagas<\/strong>: 10 + 10 CR<\/li>\n\n\n\n<li><strong>Sal\u00e1rio inicial<\/strong>: R$ 1.621,00 a R$ 3.315,34<\/li>\n\n\n\n<li><strong>Edital<\/strong>: <a href=\"https:\/\/dhg1h5j42swfq.cloudfront.net\/2026\/03\/17090756\/edital-camara-beberibe-ce-2026.pdf\" target=\"_blank\" rel=\"noreferrer noopener nofollow\">C\u00e2mara de Beberibe CE 2026<\/a><\/li>\n<\/ul>\n\n\n\n<p>A fim de te deixar sempre bem informado, elaboramos neste artigo as principais informa\u00e7\u00f5es e novidades sobre o concurso. Acompanhe os t\u00f3picos abaixo e n\u00e3o perca nenhum detalhe!<\/p>\n\n\n\n<ul class=\"wp-block-list\">\n<li><a href=\"#datas\">Principais datas<\/a><\/li>\n\n\n\n<li><a href=\"#cargos\">Cargos e vagas<\/a><\/li>\n\n\n\n<li><a href=\"#etapas\">Etapas e provas<\/a><\/li>\n\n\n\n<li><a href=\"#cursos\">Cursos e assinaturas<\/a><\/li>\n\n\n\n<li><a href=\"#ficha\">Ficha t\u00e9cnica<\/a><\/li>\n<\/ul>\n\n\n\n<div class=\"container\" id=\"boxes\">\n  <div class=\"row\">\n\n    <div class=\"col-sm\">\n      <div class=\"banner-camaras\" id=\"box-assinatura\">\n        <h3 class=\"titulo-assinatura\">Concurso C\u00e2mara de Beberibe CE<\/h3>\n        <p class=\"subtitulo-assinatura\">Conhe\u00e7a os cursos<\/p>\n        <div class=\"box-botao\">\n          <a class=\"btn-assinatura\" target=\"_blank\" href=\"https:\/\/www.estrategiaconcursos.com.br\/pesquisa\/?q=c%C3%A2mara+de+beberibe+ce\" role=\"button\" rel=\"noopener noreferrer\">Conhe\u00e7a mais<\/a>\n        <\/div>\n      <\/div>\n     \n    <\/div>\n\n  <\/div>\n<\/div>\n\n\n\n<h2 class=\"wp-block-heading\" id=\"datas\">Principais datas do edital<\/h2>\n\n\n\n<ul class=\"wp-block-list\">\n<li><strong>Inscri\u00e7\u00f5es:<\/strong> <s>16\/03 a 06\/04<\/s> | <s>08 a 27\/04<\/s><\/li>\n\n\n\n<li><strong>Isen\u00e7\u00e3o da taxa: <\/strong><s>17 a 18\/03<\/s><\/li>\n\n\n\n<li><strong>Pagamento da taxa: <\/strong><s>at\u00e9 06\/04<\/s> |<s> 27\/04<\/s><\/li>\n\n\n\n<li><strong>Provas: <\/strong>17\/05<\/li>\n<\/ul>\n\n\n\n<h2 class=\"wp-block-heading\" id=\"cargos\">Cargos e vagas do Concurso C\u00e2mara de Beberibe<\/h2>\n\n\n\n<figure class=\"wp-block-table is-style-stripes\"><table class=\"has-very-light-gray-to-cyan-bluish-gray-gradient-background has-background has-fixed-layout\"><thead><tr><th class=\"has-text-align-center\" data-align=\"center\">Cargo<\/th><th class=\"has-text-align-center\" data-align=\"center\">Sal\u00e1rios<\/th><th class=\"has-text-align-center\" data-align=\"center\">Vagas<\/th><th class=\"has-text-align-center\" data-align=\"center\">N\u00edvel de escolaridade<\/th><\/tr><\/thead><tbody><tr><td class=\"has-text-align-center\" data-align=\"center\">Motorista A\/B<\/td><td class=\"has-text-align-center\" data-align=\"center\">R$ 1.621,00<\/td><td class=\"has-text-align-center\" data-align=\"center\">1 + 1 CR<\/td><td class=\"has-text-align-center\" data-align=\"center\">Fundamental<\/td><\/tr><tr><td class=\"has-text-align-center\" data-align=\"center\">Recepcionista<\/td><td class=\"has-text-align-center\" data-align=\"center\">R$ 1.621,00<\/td><td class=\"has-text-align-center\" data-align=\"center\">1 + 1 CR<\/td><td class=\"has-text-align-center\" data-align=\"center\">Fundamental<\/td><\/tr><tr><td class=\"has-text-align-center\" data-align=\"center\">Guarda Patrimonial<\/td><td class=\"has-text-align-center\" data-align=\"center\">R$ 1.621,00<\/td><td class=\"has-text-align-center\" data-align=\"center\">2 + 2 CR<\/td><td class=\"has-text-align-center\" data-align=\"center\">Fundamental<\/td><\/tr><tr><td class=\"has-text-align-center\" data-align=\"center\">Porteiro<\/td><td class=\"has-text-align-center\" data-align=\"center\">R$ 1.621,00<\/td><td class=\"has-text-align-center\" data-align=\"center\">1 + 1 CR<\/td><td class=\"has-text-align-center\" data-align=\"center\">Fundamental<\/td><\/tr><tr><td class=\"has-text-align-center\" data-align=\"center\">Copeiro<\/td><td class=\"has-text-align-center\" data-align=\"center\">R$ 1.621,00<\/td><td class=\"has-text-align-center\" data-align=\"center\">2 + 2 CR<\/td><td class=\"has-text-align-center\" data-align=\"center\">Fundamental<\/td><\/tr><tr><td class=\"has-text-align-center\" data-align=\"center\">Assistente Administrativo<\/td><td class=\"has-text-align-center\" data-align=\"center\">R$ 2.054,57<\/td><td class=\"has-text-align-center\" data-align=\"center\">2 + 2 CR<\/td><td class=\"has-text-align-center\" data-align=\"center\">M\u00e9dio<\/td><\/tr><tr><td class=\"has-text-align-center\" data-align=\"center\">Analista Administrativo<\/td><td class=\"has-text-align-center\" data-align=\"center\">R$ 3.315,34<\/td><td class=\"has-text-align-center\" data-align=\"center\">1 + 1 CR<\/td><td class=\"has-text-align-center\" data-align=\"center\">Superior<\/td><\/tr><\/tbody><\/table><\/figure>\n\n\n\n<h2 class=\"wp-block-heading\" id=\"etapas\">Etapas e provas do Concurso C\u00e2mara de Beberibe<\/h2>\n\n\n\n<p>Os candidatos inscritos no Concurso C\u00e2mara de Beberibe ser\u00e3o avaliados por meio das seguintes etapas:<\/p>\n\n\n\n<ul class=\"wp-block-list\">\n<li><strong>Prova Objetiva<\/strong>, de car\u00e1ter eliminat\u00f3rio e classificat\u00f3rio, para todos os cargos; e<\/li>\n\n\n\n<li><strong>Prova de T\u00edtulos<\/strong>, de car\u00e1ter classificat\u00f3rio, somente para Analista Administrativo.<\/li>\n<\/ul>\n\n\n\n<h3 class=\"wp-block-heading\" id=\"h-prova-objetiva\">Prova Objetiva<\/h3>\n\n\n\n<p>Com dura\u00e7\u00e3o de 3 horas, a etapa ser\u00e1 composta por 40 quest\u00f5es do tipo m\u00faltipla escolha com quatro alternativas e apenas uma resposta correta. <\/p>\n\n\n\n<figure class=\"wp-block-image aligncenter size-full\"><img loading=\"lazy\" decoding=\"async\" width=\"774\" height=\"869\" src=\"https:\/\/dhg1h5j42swfq.cloudfront.net\/2026\/03\/17092202\/beberibe-ce-provas.jpg\" alt=\"Disciplinas cobradas na prova do concurso C\u00e2mara de Beberibe\" class=\"wp-image-1736699\" srcset=\"https:\/\/dhg1h5j42swfq.cloudfront.net\/2026\/03\/17092202\/beberibe-ce-provas.jpg 774w, https:\/\/dhg1h5j42swfq.cloudfront.net\/2026\/03\/17092202\/beberibe-ce-provas-267x300.jpg 267w, https:\/\/dhg1h5j42swfq.cloudfront.net\/2026\/03\/17092202\/beberibe-ce-provas-768x862.jpg 768w, https:\/\/dhg1h5j42swfq.cloudfront.net\/2026\/03\/17092202\/beberibe-ce-provas-150x168.jpg 150w\" sizes=\"auto, (max-width: 774px) 100vw, 774px\" \/><figcaption class=\"wp-element-caption\">Disciplinas cobradas na prova do concurso C\u00e2mara de Beberibe<\/figcaption><\/figure>\n\n\n\n<p>Ser\u00e1 considerado aprovado o candidato que obtiver, no m\u00ednimo, 50% da pontua\u00e7\u00e3o dispon\u00edvel. <\/p>\n\n\n\n<h3 class=\"wp-block-heading\" id=\"h-prova-de-titulos\">Prova de T\u00edtulos<\/h3>\n\n\n\n<p>A etapa ser\u00e1 avaliada somente para os candidatos aprovados na prova objetiva. A pontua\u00e7\u00e3o m\u00e1xima \u00e9 de 10 pontos, considerando apenas t\u00edtulos devidamente comprovados e em conformidade com as regras do edital.<\/p>\n\n\n\n<p>S\u00e3o aceitos t\u00edtulos de <strong>especializa\u00e7\u00e3o lato sensu, mestrado e doutorado, al\u00e9m de tempo de servi\u00e7o na \u00e1rea do cargo<\/strong>:<\/p>\n\n\n\n<ul class=\"wp-block-list\">\n<li><strong>Especializa\u00e7\u00e3o<\/strong> &#8211; 1,0 ponto;<\/li>\n\n\n\n<li><strong>Mestrado<\/strong> &#8211; 2,0 pontos;<\/li>\n\n\n\n<li><strong>Doutorado<\/strong> &#8211; 3,0 pontos; e<\/li>\n\n\n\n<li><strong>Tempo de Servi\u00e7o<\/strong> &#8211; 0,8 ponto por ano completo, limitado a 4,0 pontos.<\/li>\n<\/ul>\n\n\n\n<hr class=\"wp-block-separator has-css-opacity\"\/>\n\n\n\n<p class=\"has-text-align-center\" id=\"cursos\" style=\"font-size:clamp(17.905px, 1.119rem + ((1vw - 3.2px) * 0.99), 28px);\"><strong>Quer estudar para o Concurso&nbsp;da C\u00e2mara Municipal?<\/strong><\/p>\n\n\n\n<div class=\"container\" id=\"boxes\">\r\n  <div class=\"row\">\r\n\r\n    <div class=\"col-sm\">\r\n      <div class=\"banner-camaras\" id=\"box-assinatura\">\r\n        <h3 class=\"titulo-assinatura\">Concurso C\u00e2mara de Beberibe CE<\/h3>\r\n        <p class=\"subtitulo-assinatura\">Conhe\u00e7a os cursos<\/p>\r\n        <div class=\"box-botao\">\r\n          <a class=\"btn-assinatura\" target=\"_blank\" href=\"https:\/\/www.estrategiaconcursos.com.br\/pesquisa\/?q=c%C3%A2mara+de+beberibe+ce\" role=\"button\" rel=\"noopener noreferrer\">Conhe\u00e7a mais<\/a>\r\n        <\/div>\r\n      <\/div>\r\n     \r\n    <\/div>\r\n\r\n  <\/div>\r\n<\/div>\n\n\n\n<div class=\"container\" id=\"boxes\"\n  <div class=\"row\">\n\n    <div class=\"col-sm\">\n      <div class=\"estrategia\" id=\"box-assinatura\">\n        <h3 class=\"titulo-assinatura\">Assinatura de Concursos<\/h3>\n        <p class=\"subtitulo-assinatura\">Assinatura de 1 ano ou 2 anos<\/p>\n        <div class=\"box-botao\">\n          <a class=\"btn-assinatura\" target=\"_blank\" href=\"https:\/\/www.estrategiaconcursos.com.br\/assinaturas\/\" role=\"button\" rel=\"noopener noreferrer\">ASSINE AGORA<\/a>\n        <\/div>\n      <\/div>\n     \n    <\/div><\/div>\n\n\n\n<p class=\"has-text-align-center\" id=\"h-quer-saber-tudo-sobre-concursos-previstos-confira-nossos-artigos\" style=\"font-size:clamp(17.371px, 1.086rem + ((1vw - 3.2px) * 0.944), 27px);\"><strong>Quer saber tudo sobre concursos previstos?<br \/>Confira nossos artigos!<\/strong><\/p>\n\n\n\n<ul class=\"wp-block-list\">\n<li><a href=\"https:\/\/www.estrategiaconcursos.com.br\/blog\/concursos-abertos\/\" target=\"_blank\" rel=\"noreferrer noopener\">Concursos abertos<\/a><\/li>\n\n\n\n<li><a href=\"https:\/\/www.estrategiaconcursos.com.br\/blog\/concursos-camaras-municipais\/\" target=\"_blank\" rel=\"noreferrer noopener\">Concursos C\u00e2maras<\/a><\/li>\n\n\n\n<li><a href=\"https:\/\/www.estrategiaconcursos.com.br\/blog\/concursos-2026\/\" target=\"_blank\" rel=\"noreferrer noopener\">Concursos 2026<\/a><\/li>\n<\/ul>\n\n\n\n<figure class=\"wp-block-image size-large is-resized\" id=\"block-be2d4957-fbc5-4c72-8084-d31ef428dc57\"><img loading=\"lazy\" decoding=\"async\" width=\"1024\" height=\"632\" src=\"https:\/\/dhg1h5j42swfq.cloudfront.net\/2021\/04\/20120916\/ficha-tecnica-154-1024x632.png\" alt=\"Ficha t\u00e9cnica do concurso C\u00e2mara de S\u00e3o Gon\u00e7alo\" class=\"wp-image-719645\" style=\"width:274px;height:169px\" srcset=\"https:\/\/dhg1h5j42swfq.cloudfront.net\/2021\/04\/20120916\/ficha-tecnica-154-1024x632.png 1024w, https:\/\/dhg1h5j42swfq.cloudfront.net\/2021\/04\/20120916\/ficha-tecnica-154-300x185.png 300w, https:\/\/dhg1h5j42swfq.cloudfront.net\/2021\/04\/20120916\/ficha-tecnica-154-768x474.png 768w, https:\/\/dhg1h5j42swfq.cloudfront.net\/2021\/04\/20120916\/ficha-tecnica-154-1536x948.png 1536w, https:\/\/dhg1h5j42swfq.cloudfront.net\/2021\/04\/20120916\/ficha-tecnica-154-610x377.png 610w, https:\/\/dhg1h5j42swfq.cloudfront.net\/2021\/04\/20120916\/ficha-tecnica-154.png 1571w\" sizes=\"auto, (max-width: 1024px) 100vw, 1024px\" \/><\/figure>\n\n\n\n<h3 class=\"wp-block-heading\" id=\"ficha\"><strong>Informa\u00e7\u00f5es do Concurso C\u00e2mara de Beberibe &#8211; CE<\/strong><\/h3>\n\n\n\n<ul id=\"block-90803093-15a0-4462-b726-a07da97b7fd7\" class=\"wp-block-list\">\n<li><strong>Provas<\/strong>: 17\/05\/2026<\/li>\n\n\n\n<li><strong>Vagas<\/strong>: 10 + 10 CR<\/li>\n\n\n\n<li><strong>Cargos<\/strong>: diversos<\/li>\n\n\n\n<li><strong>Banca<\/strong>: Instituto Consulpam<\/li>\n\n\n\n<li><strong>Escolaridade<\/strong>: n\u00edveis fundamental, m\u00e9dio e t\u00e9cnico<\/li>\n\n\n\n<li><strong>Edital<\/strong>: <a href=\"https:\/\/dhg1h5j42swfq.cloudfront.net\/2026\/03\/17090756\/edital-camara-beberibe-ce-2026.pdf\" target=\"_blank\" rel=\"noreferrer noopener nofollow\">C\u00e2mara de Beberibe CE 2026<\/a><\/li>\n<\/ul>\n\n\n\n<p><\/p>\n","protected":false},"excerpt":{"rendered":"<p>Novo concurso C\u00e2mara de Beberibe oferece oportunidades em todas as escolaridades A C\u00e2mara de Beberibe, munic\u00edpio localizado no estado do Cear\u00e1, ter\u00e1 provas do seu novo concurso aplicadas no dia 17 de maio. Os candidatos puderam se inscrever at\u00e9 o dia 27 de abril, atrav\u00e9s do site da banca organizadora, o Instituto Consulpam. Vale lembrar [&hellip;]<\/p>\n","protected":false},"author":1,"featured_media":1738267,"comment_status":"open","ping_status":"closed","sticky":false,"template":"","format":"standard","meta":{"post_tipo":"news_page","footnotes":""},"categories":[2017],"tags":[],"tax_estado":[219969],"class_list":["post-1736603","post","type-post","status-publish","format-standard","has-post-thumbnail","hentry","category-concursos-legislativos","tax_estado-ce"],"acf":[],"yoast_head":"<!-- This site is optimized with the Yoast SEO Premium plugin v27.2 (Yoast SEO v27.2) - https:\/\/yoast.com\/product\/yoast-seo-premium-wordpress\/ -->\n<title>Concurso C\u00e2mara de Beberibe CE: provas em 17 de maio!<\/title>\n<meta name=\"description\" content=\"Concurso C\u00e2mara de Beberibe CE: provas previstas para o dia 17 de maio! S\u00e3o 20 vagas para fundamental, m\u00e9dio e superior. Veja aqui!\" \/>\n<meta name=\"robots\" content=\"index, follow, max-snippet:-1, max-image-preview:large, max-video-preview:-1\" \/>\n<link rel=\"canonical\" href=\"https:\/\/www.estrategiaconcursos.com.br\/blog\/concurso-camara-de-beberibe-ce\/\" \/>\n<meta property=\"og:locale\" content=\"pt_BR\" \/>\n<meta property=\"og:type\" content=\"article\" \/>\n<meta property=\"og:title\" content=\"Concurso C\u00e2mara de Beberibe CE: provas em 17 de maio!\" \/>\n<meta property=\"og:description\" content=\"Concurso C\u00e2mara de Beberibe CE: provas previstas para o dia 17 de maio! S\u00e3o 20 vagas para fundamental, m\u00e9dio e superior. Veja aqui!\" \/>\n<meta property=\"og:url\" content=\"https:\/\/www.estrategiaconcursos.com.br\/blog\/concurso-camara-de-beberibe-ce\/\" \/>\n<meta property=\"og:site_name\" content=\"Estrat\u00e9gia Concursos\" \/>\n<meta property=\"article:author\" content=\"https:\/\/www.facebook.com\/EstrategiaConcursos\" \/>\n<meta property=\"article:published_time\" content=\"2026-04-28T10:39:00+00:00\" \/>\n<meta property=\"article:modified_time\" content=\"2026-04-28T10:49:31+00:00\" \/>\n<meta property=\"og:image\" content=\"https:\/\/dhg1h5j42swfq.cloudfront.net\/2026\/03\/18074313\/camara-de-beberibe-ce.jpg\" \/>\n\t<meta property=\"og:image:width\" content=\"768\" \/>\n\t<meta property=\"og:image:height\" content=\"432\" \/>\n\t<meta property=\"og:image:type\" content=\"image\/jpeg\" \/>\n<meta name=\"author\" content=\"Coordena\u00e7\u00e3o\" \/>\n<meta name=\"twitter:card\" content=\"summary_large_image\" \/>\n<meta name=\"twitter:creator\" content=\"@EstratConcursos\" \/>\n<meta name=\"twitter:site\" content=\"@EstratConcursos\" \/>\n<meta name=\"twitter:label1\" content=\"Escrito por\" \/>\n\t<meta name=\"twitter:data1\" content=\"Coordena\u00e7\u00e3o\" \/>\n\t<meta name=\"twitter:label2\" content=\"Est. tempo de leitura\" \/>\n\t<meta name=\"twitter:data2\" content=\"2 minutos\" \/>\n<script type=\"application\/ld+json\" class=\"yoast-schema-graph\">{\"@context\":\"https:\/\/schema.org\",\"@graph\":[{\"@type\":\"NewsArticle\",\"@id\":\"https:\/\/www.estrategiaconcursos.com.br\/blog\/concurso-camara-de-beberibe-ce\/#article\",\"isPartOf\":{\"@id\":\"https:\/\/www.estrategiaconcursos.com.br\/blog\/concurso-camara-de-beberibe-ce\/\"},\"author\":{\"name\":\"Coordena\u00e7\u00e3o\",\"@id\":\"https:\/\/www.estrategiaconcursos.com.br\/blog\/#\/schema\/person\/b4a388c97673c5f483d72185668afa1f\"},\"headline\":\"Concurso C\u00e2mara de Beberibe CE: provas em 17 de maio!\",\"datePublished\":\"2026-04-28T10:39:00+00:00\",\"dateModified\":\"2026-04-28T10:49:31+00:00\",\"mainEntityOfPage\":{\"@id\":\"https:\/\/www.estrategiaconcursos.com.br\/blog\/concurso-camara-de-beberibe-ce\/\"},\"wordCount\":476,\"commentCount\":0,\"publisher\":{\"@id\":\"https:\/\/www.estrategiaconcursos.com.br\/blog\/#organization\"},\"image\":{\"@id\":\"https:\/\/www.estrategiaconcursos.com.br\/blog\/concurso-camara-de-beberibe-ce\/#primaryimage\"},\"thumbnailUrl\":\"https:\/\/dhg1h5j42swfq.cloudfront.net\/2026\/03\/18074313\/camara-de-beberibe-ce.jpg\",\"articleSection\":[\"Legislativo\"],\"inLanguage\":\"pt-BR\",\"potentialAction\":[{\"@type\":\"CommentAction\",\"name\":\"Comment\",\"target\":[\"https:\/\/www.estrategiaconcursos.com.br\/blog\/concurso-camara-de-beberibe-ce\/#respond\"]}],\"copyrightYear\":\"2026\",\"copyrightHolder\":{\"@id\":\"https:\/\/www.estrategiaconcursos.com.br\/blog\/#organization\"}},{\"@type\":\"WebPage\",\"@id\":\"https:\/\/www.estrategiaconcursos.com.br\/blog\/concurso-camara-de-beberibe-ce\/\",\"url\":\"https:\/\/www.estrategiaconcursos.com.br\/blog\/concurso-camara-de-beberibe-ce\/\",\"name\":\"Concurso C\u00e2mara de Beberibe CE: provas em 17 de maio!\",\"isPartOf\":{\"@id\":\"https:\/\/www.estrategiaconcursos.com.br\/blog\/#website\"},\"primaryImageOfPage\":{\"@id\":\"https:\/\/www.estrategiaconcursos.com.br\/blog\/concurso-camara-de-beberibe-ce\/#primaryimage\"},\"image\":{\"@id\":\"https:\/\/www.estrategiaconcursos.com.br\/blog\/concurso-camara-de-beberibe-ce\/#primaryimage\"},\"thumbnailUrl\":\"https:\/\/dhg1h5j42swfq.cloudfront.net\/2026\/03\/18074313\/camara-de-beberibe-ce.jpg\",\"datePublished\":\"2026-04-28T10:39:00+00:00\",\"dateModified\":\"2026-04-28T10:49:31+00:00\",\"description\":\"Concurso C\u00e2mara de Beberibe CE: provas previstas para o dia 17 de maio! S\u00e3o 20 vagas para fundamental, m\u00e9dio e superior. Veja aqui!\",\"breadcrumb\":{\"@id\":\"https:\/\/www.estrategiaconcursos.com.br\/blog\/concurso-camara-de-beberibe-ce\/#breadcrumb\"},\"inLanguage\":\"pt-BR\",\"potentialAction\":[{\"@type\":\"ReadAction\",\"target\":[\"https:\/\/www.estrategiaconcursos.com.br\/blog\/concurso-camara-de-beberibe-ce\/\"]}]},{\"@type\":\"ImageObject\",\"inLanguage\":\"pt-BR\",\"@id\":\"https:\/\/www.estrategiaconcursos.com.br\/blog\/concurso-camara-de-beberibe-ce\/#primaryimage\",\"url\":\"https:\/\/dhg1h5j42swfq.cloudfront.net\/2026\/03\/18074313\/camara-de-beberibe-ce.jpg\",\"contentUrl\":\"https:\/\/dhg1h5j42swfq.cloudfront.net\/2026\/03\/18074313\/camara-de-beberibe-ce.jpg\",\"width\":768,\"height\":432,\"caption\":\"concurso C\u00e2mara de Beberibe CE\"},{\"@type\":\"BreadcrumbList\",\"@id\":\"https:\/\/www.estrategiaconcursos.com.br\/blog\/concurso-camara-de-beberibe-ce\/#breadcrumb\",\"itemListElement\":[{\"@type\":\"ListItem\",\"position\":1,\"name\":\"In\u00edcio\",\"item\":\"https:\/\/www.estrategiaconcursos.com.br\/blog\/\"},{\"@type\":\"ListItem\",\"position\":2,\"name\":\"Concurso C\u00e2mara de Beberibe CE: provas em 17 de maio!\"}]},{\"@type\":\"WebSite\",\"@id\":\"https:\/\/www.estrategiaconcursos.com.br\/blog\/#website\",\"url\":\"https:\/\/www.estrategiaconcursos.com.br\/blog\/\",\"name\":\"Estrat\u00e9gia Concursos\",\"description\":\"O blog da Estrat\u00e9gia Concursos traz not\u00edcias sobre concursos e artigos de professores oferecendo cursos para concursos (pdf + videaulas) no site.\",\"publisher\":{\"@id\":\"https:\/\/www.estrategiaconcursos.com.br\/blog\/#organization\"},\"potentialAction\":[{\"@type\":\"SearchAction\",\"target\":{\"@type\":\"EntryPoint\",\"urlTemplate\":\"https:\/\/www.estrategiaconcursos.com.br\/blog\/?s={search_term_string}\"},\"query-input\":{\"@type\":\"PropertyValueSpecification\",\"valueRequired\":true,\"valueName\":\"search_term_string\"}}],\"inLanguage\":\"pt-BR\"},{\"@type\":\"Organization\",\"@id\":\"https:\/\/www.estrategiaconcursos.com.br\/blog\/#organization\",\"name\":\"Estrat\u00e9gia Concursos\",\"url\":\"https:\/\/www.estrategiaconcursos.com.br\/blog\/\",\"logo\":{\"@type\":\"ImageObject\",\"inLanguage\":\"pt-BR\",\"@id\":\"https:\/\/www.estrategiaconcursos.com.br\/blog\/#\/schema\/logo\/image\/\",\"url\":\"https:\/\/dhg1h5j42swfq.cloudfront.net\/2025\/06\/03203428\/logo_concursos-1.jpg\",\"contentUrl\":\"https:\/\/dhg1h5j42swfq.cloudfront.net\/2025\/06\/03203428\/logo_concursos-1.jpg\",\"width\":230,\"height\":60,\"caption\":\"Estrat\u00e9gia Concursos\"},\"image\":{\"@id\":\"https:\/\/www.estrategiaconcursos.com.br\/blog\/#\/schema\/logo\/image\/\"},\"sameAs\":[\"https:\/\/x.com\/EstratConcursos\"]},{\"@type\":\"Person\",\"@id\":\"https:\/\/www.estrategiaconcursos.com.br\/blog\/#\/schema\/person\/b4a388c97673c5f483d72185668afa1f\",\"name\":\"Coordena\u00e7\u00e3o\",\"image\":{\"@type\":\"ImageObject\",\"inLanguage\":\"pt-BR\",\"@id\":\"https:\/\/secure.gravatar.com\/avatar\/b720319e4c9a967eb58678d110f4fe35452fc5d5f97b202bac7b8acceb18c6ad?s=96&d=mm&r=g\",\"url\":\"https:\/\/secure.gravatar.com\/avatar\/b720319e4c9a967eb58678d110f4fe35452fc5d5f97b202bac7b8acceb18c6ad?s=96&d=mm&r=g\",\"contentUrl\":\"https:\/\/secure.gravatar.com\/avatar\/b720319e4c9a967eb58678d110f4fe35452fc5d5f97b202bac7b8acceb18c6ad?s=96&d=mm&r=g\",\"caption\":\"Coordena\u00e7\u00e3o\"},\"sameAs\":[\"https:\/\/www.facebook.com\/EstrategiaConcursos\",\"https:\/\/x.com\/EstratConcursos\"],\"url\":\"https:\/\/www.estrategiaconcursos.com.br\/blog\/author\/estrategia2013\/\"}]}<\/script>\n<!-- \/ Yoast SEO Premium plugin. -->","yoast_head_json":{"title":"Concurso C\u00e2mara de Beberibe CE: provas em 17 de maio!","description":"Concurso C\u00e2mara de Beberibe CE: provas previstas para o dia 17 de maio! S\u00e3o 20 vagas para fundamental, m\u00e9dio e superior. Veja aqui!","robots":{"index":"index","follow":"follow","max-snippet":"max-snippet:-1","max-image-preview":"max-image-preview:large","max-video-preview":"max-video-preview:-1"},"canonical":"https:\/\/www.estrategiaconcursos.com.br\/blog\/concurso-camara-de-beberibe-ce\/","og_locale":"pt_BR","og_type":"article","og_title":"Concurso C\u00e2mara de Beberibe CE: provas em 17 de maio!","og_description":"Concurso C\u00e2mara de Beberibe CE: provas previstas para o dia 17 de maio! S\u00e3o 20 vagas para fundamental, m\u00e9dio e superior. Veja aqui!","og_url":"https:\/\/www.estrategiaconcursos.com.br\/blog\/concurso-camara-de-beberibe-ce\/","og_site_name":"Estrat\u00e9gia Concursos","article_author":"https:\/\/www.facebook.com\/EstrategiaConcursos","article_published_time":"2026-04-28T10:39:00+00:00","article_modified_time":"2026-04-28T10:49:31+00:00","og_image":[{"width":768,"height":432,"url":"https:\/\/dhg1h5j42swfq.cloudfront.net\/2026\/03\/18074313\/camara-de-beberibe-ce.jpg","type":"image\/jpeg"}],"author":"Coordena\u00e7\u00e3o","twitter_card":"summary_large_image","twitter_creator":"@EstratConcursos","twitter_site":"@EstratConcursos","twitter_misc":{"Escrito por":"Coordena\u00e7\u00e3o","Est. tempo de leitura":"2 minutos"},"schema":{"@context":"https:\/\/schema.org","@graph":[{"@type":"NewsArticle","@id":"https:\/\/www.estrategiaconcursos.com.br\/blog\/concurso-camara-de-beberibe-ce\/#article","isPartOf":{"@id":"https:\/\/www.estrategiaconcursos.com.br\/blog\/concurso-camara-de-beberibe-ce\/"},"author":{"name":"Coordena\u00e7\u00e3o","@id":"https:\/\/www.estrategiaconcursos.com.br\/blog\/#\/schema\/person\/b4a388c97673c5f483d72185668afa1f"},"headline":"Concurso C\u00e2mara de Beberibe CE: provas em 17 de maio!","datePublished":"2026-04-28T10:39:00+00:00","dateModified":"2026-04-28T10:49:31+00:00","mainEntityOfPage":{"@id":"https:\/\/www.estrategiaconcursos.com.br\/blog\/concurso-camara-de-beberibe-ce\/"},"wordCount":476,"commentCount":0,"publisher":{"@id":"https:\/\/www.estrategiaconcursos.com.br\/blog\/#organization"},"image":{"@id":"https:\/\/www.estrategiaconcursos.com.br\/blog\/concurso-camara-de-beberibe-ce\/#primaryimage"},"thumbnailUrl":"https:\/\/dhg1h5j42swfq.cloudfront.net\/2026\/03\/18074313\/camara-de-beberibe-ce.jpg","articleSection":["Legislativo"],"inLanguage":"pt-BR","potentialAction":[{"@type":"CommentAction","name":"Comment","target":["https:\/\/www.estrategiaconcursos.com.br\/blog\/concurso-camara-de-beberibe-ce\/#respond"]}],"copyrightYear":"2026","copyrightHolder":{"@id":"https:\/\/www.estrategiaconcursos.com.br\/blog\/#organization"}},{"@type":"WebPage","@id":"https:\/\/www.estrategiaconcursos.com.br\/blog\/concurso-camara-de-beberibe-ce\/","url":"https:\/\/www.estrategiaconcursos.com.br\/blog\/concurso-camara-de-beberibe-ce\/","name":"Concurso C\u00e2mara de Beberibe CE: provas em 17 de maio!","isPartOf":{"@id":"https:\/\/www.estrategiaconcursos.com.br\/blog\/#website"},"primaryImageOfPage":{"@id":"https:\/\/www.estrategiaconcursos.com.br\/blog\/concurso-camara-de-beberibe-ce\/#primaryimage"},"image":{"@id":"https:\/\/www.estrategiaconcursos.com.br\/blog\/concurso-camara-de-beberibe-ce\/#primaryimage"},"thumbnailUrl":"https:\/\/dhg1h5j42swfq.cloudfront.net\/2026\/03\/18074313\/camara-de-beberibe-ce.jpg","datePublished":"2026-04-28T10:39:00+00:00","dateModified":"2026-04-28T10:49:31+00:00","description":"Concurso C\u00e2mara de Beberibe CE: provas previstas para o dia 17 de maio! S\u00e3o 20 vagas para fundamental, m\u00e9dio e superior. Veja aqui!","breadcrumb":{"@id":"https:\/\/www.estrategiaconcursos.com.br\/blog\/concurso-camara-de-beberibe-ce\/#breadcrumb"},"inLanguage":"pt-BR","potentialAction":[{"@type":"ReadAction","target":["https:\/\/www.estrategiaconcursos.com.br\/blog\/concurso-camara-de-beberibe-ce\/"]}]},{"@type":"ImageObject","inLanguage":"pt-BR","@id":"https:\/\/www.estrategiaconcursos.com.br\/blog\/concurso-camara-de-beberibe-ce\/#primaryimage","url":"https:\/\/dhg1h5j42swfq.cloudfront.net\/2026\/03\/18074313\/camara-de-beberibe-ce.jpg","contentUrl":"https:\/\/dhg1h5j42swfq.cloudfront.net\/2026\/03\/18074313\/camara-de-beberibe-ce.jpg","width":768,"height":432,"caption":"concurso C\u00e2mara de Beberibe CE"},{"@type":"BreadcrumbList","@id":"https:\/\/www.estrategiaconcursos.com.br\/blog\/concurso-camara-de-beberibe-ce\/#breadcrumb","itemListElement":[{"@type":"ListItem","position":1,"name":"In\u00edcio","item":"https:\/\/www.estrategiaconcursos.com.br\/blog\/"},{"@type":"ListItem","position":2,"name":"Concurso C\u00e2mara de Beberibe CE: provas em 17 de maio!"}]},{"@type":"WebSite","@id":"https:\/\/www.estrategiaconcursos.com.br\/blog\/#website","url":"https:\/\/www.estrategiaconcursos.com.br\/blog\/","name":"Estrat\u00e9gia Concursos","description":"O blog da Estrat\u00e9gia Concursos traz not\u00edcias sobre concursos e artigos de professores oferecendo cursos para concursos (pdf + videaulas) no site.","publisher":{"@id":"https:\/\/www.estrategiaconcursos.com.br\/blog\/#organization"},"potentialAction":[{"@type":"SearchAction","target":{"@type":"EntryPoint","urlTemplate":"https:\/\/www.estrategiaconcursos.com.br\/blog\/?s={search_term_string}"},"query-input":{"@type":"PropertyValueSpecification","valueRequired":true,"valueName":"search_term_string"}}],"inLanguage":"pt-BR"},{"@type":"Organization","@id":"https:\/\/www.estrategiaconcursos.com.br\/blog\/#organization","name":"Estrat\u00e9gia Concursos","url":"https:\/\/www.estrategiaconcursos.com.br\/blog\/","logo":{"@type":"ImageObject","inLanguage":"pt-BR","@id":"https:\/\/www.estrategiaconcursos.com.br\/blog\/#\/schema\/logo\/image\/","url":"https:\/\/dhg1h5j42swfq.cloudfront.net\/2025\/06\/03203428\/logo_concursos-1.jpg","contentUrl":"https:\/\/dhg1h5j42swfq.cloudfront.net\/2025\/06\/03203428\/logo_concursos-1.jpg","width":230,"height":60,"caption":"Estrat\u00e9gia Concursos"},"image":{"@id":"https:\/\/www.estrategiaconcursos.com.br\/blog\/#\/schema\/logo\/image\/"},"sameAs":["https:\/\/x.com\/EstratConcursos"]},{"@type":"Person","@id":"https:\/\/www.estrategiaconcursos.com.br\/blog\/#\/schema\/person\/b4a388c97673c5f483d72185668afa1f","name":"Coordena\u00e7\u00e3o","image":{"@type":"ImageObject","inLanguage":"pt-BR","@id":"https:\/\/secure.gravatar.com\/avatar\/b720319e4c9a967eb58678d110f4fe35452fc5d5f97b202bac7b8acceb18c6ad?s=96&d=mm&r=g","url":"https:\/\/secure.gravatar.com\/avatar\/b720319e4c9a967eb58678d110f4fe35452fc5d5f97b202bac7b8acceb18c6ad?s=96&d=mm&r=g","contentUrl":"https:\/\/secure.gravatar.com\/avatar\/b720319e4c9a967eb58678d110f4fe35452fc5d5f97b202bac7b8acceb18c6ad?s=96&d=mm&r=g","caption":"Coordena\u00e7\u00e3o"},"sameAs":["https:\/\/www.facebook.com\/EstrategiaConcursos","https:\/\/x.com\/EstratConcursos"],"url":"https:\/\/www.estrategiaconcursos.com.br\/blog\/author\/estrategia2013\/"}]}},"_links":{"self":[{"href":"https:\/\/www.estrategiaconcursos.com.br\/blog\/wp-json\/wp\/v2\/posts\/1736603","targetHints":{"allow":["GET"]}}],"collection":[{"href":"https:\/\/www.estrategiaconcursos.com.br\/blog\/wp-json\/wp\/v2\/posts"}],"about":[{"href":"https:\/\/www.estrategiaconcursos.com.br\/blog\/wp-json\/wp\/v2\/types\/post"}],"author":[{"embeddable":true,"href":"https:\/\/www.estrategiaconcursos.com.br\/blog\/wp-json\/wp\/v2\/users\/1"}],"replies":[{"embeddable":true,"href":"https:\/\/www.estrategiaconcursos.com.br\/blog\/wp-json\/wp\/v2\/comments?post=1736603"}],"version-history":[{"count":9,"href":"https:\/\/www.estrategiaconcursos.com.br\/blog\/wp-json\/wp\/v2\/posts\/1736603\/revisions"}],"predecessor-version":[{"id":1758128,"href":"https:\/\/www.estrategiaconcursos.com.br\/blog\/wp-json\/wp\/v2\/posts\/1736603\/revisions\/1758128"}],"wp:featuredmedia":[{"embeddable":true,"href":"https:\/\/www.estrategiaconcursos.com.br\/blog\/wp-json\/wp\/v2\/media\/1738267"}],"wp:attachment":[{"href":"https:\/\/www.estrategiaconcursos.com.br\/blog\/wp-json\/wp\/v2\/media?parent=1736603"}],"wp:term":[{"taxonomy":"category","embeddable":true,"href":"https:\/\/www.estrategiaconcursos.com.br\/blog\/wp-json\/wp\/v2\/categories?post=1736603"},{"taxonomy":"post_tag","embeddable":true,"href":"https:\/\/www.estrategiaconcursos.com.br\/blog\/wp-json\/wp\/v2\/tags?post=1736603"},{"taxonomy":"tax_estado","embeddable":true,"href":"https:\/\/www.estrategiaconcursos.com.br\/blog\/wp-json\/wp\/v2\/tax_estado?post=1736603"}],"curies":[{"name":"wp","href":"https:\/\/api.w.org\/{rel}","templated":true}]}}