{"id":1736597,"date":"2026-03-17T08:53:12","date_gmt":"2026-03-17T11:53:12","guid":{"rendered":"https:\/\/blog-estrategia.mystagingwebsite.com\/blog\/?p=1736597"},"modified":"2026-08-23T12:34:28","modified_gmt":"2026-08-23T15:34:28","slug":"concurso-prefeitura-presidente-sarney","status":"publish","type":"post","link":"https:\/\/www.estrategiaconcursos.com.br\/blog\/concurso-prefeitura-presidente-sarney\/","title":{"rendered":"Concurso Presidente Sarney MA: inscri\u00e7\u00f5es prorrogadas em 2026"},"content":{"rendered":"\n<p class=\"wp-block-paragraph\" style=\"font-size:clamp(16.293px, 1.018rem + ((1vw - 3.2px) * 0.854), 25px);font-style:italic;font-weight:700\">O processo seletivo de 2026 ofereceu 9 vagas de n\u00edvel m\u00e9dio para agente comunit\u00e1rio de sa\u00fade.<\/p>\n\n\n\n<p class=\"wp-block-paragraph\">As sele\u00e7\u00f5es da Prefeitura de Presidente Sarney passaram de uma oferta abrangente, registrada em 2009, para uma contrata\u00e7\u00e3o concentrada na sa\u00fade em 2026. Entre esses registros, o munic\u00edpio tamb\u00e9m promoveu um concurso p\u00fablico de grande porte.<\/p>\n\n\n\n<ul class=\"wp-block-list has-very-light-gray-to-cyan-bluish-gray-gradient-background has-background\">\n<li><strong>Status:<\/strong> sem previs\u00e3o de edital<\/li>\n<li><strong>Vagas:<\/strong> 1050<\/li>\n<li><strong>Remunera\u00e7\u00e3o:<\/strong> de R$ 1.320,00 a R$ 6.300,00<\/li>\n<li><strong>Escolaridade:<\/strong> n\u00edvel fundamental<\/li>\n<\/ul>\n\n\n\n<h2 class=\"wp-block-heading\" id=\"situacao-atual\">Situa\u00e7\u00e3o atual do concurso em Presidente Sarney<\/h2>\n\n\n\n<p class=\"wp-block-paragraph\">A Prefeitura de Presidente Sarney est\u00e1 sem previs\u00e3o de novo edital.<\/p>\n\n\n\n<h2 class=\"wp-block-heading\" id=\"historico\">Hist\u00f3rico de concursos em Presidente Sarney<\/h2>\n\n\n\n<p class=\"wp-block-paragraph\">Entre a oferta de 392 vagas em 2009 e o processo seletivo de 2026 transcorreram 17 anos. O registro mais antigo abrangia oportunidades para candidatos com forma\u00e7\u00e3o fundamental, m\u00e9dia e superior, com remunera\u00e7\u00e3o de at\u00e9 R$ 1.500,00; o mais recente foi direcionado exclusivamente a agente comunit\u00e1rio de sa\u00fade, exigiu ensino m\u00e9dio e ofereceu remunera\u00e7\u00e3o de R$ 3.242,00.<\/p>\n\n\n\n<p class=\"wp-block-paragraph\">Em outro ciclo, o concurso p\u00fablico municipal ofereceu 1.050 vagas, com remunera\u00e7\u00f5es de R$ 1.320,00 a R$ 6.300,00. Esse certame passou por retifica\u00e7\u00e3o e foi homologado.<\/p>\n\n\n\n<h2 class=\"wp-block-heading has-text-align-center\" id=\"mapa-regiao\">Veja Concursos Abertos na mesma regi\u00e3o<\/h2>\n\n\n\n<iframe\n  src=\"https:\/\/www.estrategiaconcursos.com.br\/blog\/mapa-concursos\/embed?situacoes=Inscri%C3%A7%C3%B5es%20abertas&amp;estado=MA\"\n  width=\"100%\"\n  height=\"400\"\n  style=\"border: none; display: block;\"\n  title=\"Mapa de Concursos P\u00fablicos em Maranh\u00e3o\"\n  loading=\"lazy\"><\/iframe>\n\n\n\n<h2 class=\"wp-block-heading has-text-align-center\" id=\"cursos\">Quer saber tudo sobre concursos previstos?<br \/>Confira nossos artigos!<\/h2>\n\n\n\n<ul class=\"wp-block-list\">\n<li><a href=\"https:\/\/www.estrategiaconcursos.com.br\/blog\/concursos-abertos\/\" target=\"_blank\" rel=\"noreferrer noopener\">Concursos Abertos<\/a><\/li>\n<li><a href=\"https:\/\/www.estrategiaconcursos.com.br\/blog\/concursos-2026\/\" target=\"_blank\" rel=\"noreferrer noopener\">Concursos 2026<\/a><\/li>\n<li><a href=\"https:\/\/www.estrategiaconcursos.com.br\/blog\/concursos-maranhao\/\" target=\"_blank\" rel=\"noreferrer noopener\">Concursos Maranh\u00e3o<\/a><\/li>\n<\/ul>\n\n\n\n<div class=\"estrategia\" id=\"box-assinatura\">\n  <h3 class=\"titulo-assinatura\">Assinatura Concursos<\/h3>\n  <p class=\"subtitulo-assinatura\">Assinatura de 1 ano ou 2 anos<\/p>\n  <div class=\"box-botao\">\n    <a class=\"btn-assinatura\" target=\"_blank\" href=\"https:\/\/www.estrategiaconcursos.com.br\/assinaturas\/\" role=\"button\" rel=\"noopener noreferrer\">ASSINE AGORA<\/a>\n  <\/div>\n<\/div>\n\n\n\n<h3 class=\"wp-block-heading\" id=\"ficha\">Informa\u00e7\u00f5es do \u00faltimo concurso<\/h3>\n\n\n\n<ul class=\"wp-block-list\">\n<li><strong>\u00d3rg\u00e3o:<\/strong> Prefeitura de Presidente Sarney (MA)<\/li>\n\n\n\n<li><strong>Tipo:<\/strong> concurso p\u00fablico<\/li>\n\n\n\n<li><strong>Vagas:<\/strong> 1050<\/li>\n\n\n\n<li><strong>Escolaridade:<\/strong> n\u00edvel fundamental<\/li>\n\n\n\n<li><strong>Remunera\u00e7\u00e3o:<\/strong> de R$ 1.320,00 a R$ 6.300,00<\/li>\n\n\n\n<li><strong>Situa\u00e7\u00e3o:<\/strong> sem previs\u00e3o de edital<\/li>\n<\/ul>\n\n\n\n<div class=\"container\" id=\"boxes\">\n  <div class=\"row\">\n    <div class=\"col-sm\">\n      <div class=\"banner-prefeituras-ec\" id=\"box-assinatura\">\n        <h2 class=\"titulo-assinatura\" style=\"text-align: left;\">Concursos Prefeituras<\/h2>\n        <p class=\"subtitulo-assinatura\" style=\"text-align: left;\">Prepara\u00e7\u00e3o completa para a carreira!<\/p>\n        <div class=\"box-botao\" style=\"text-align: left;\">\n          <a class=\"btn-assinatura\" target=\"_blank\" href=\"https:\/\/www.estrategiaconcursos.com.br\/pesquisa\/?q=prefeitura+presidente+sarney\" role=\"button\" rel=\"noopener noreferrer\">EXPLORAR CURSOS<\/a>\n        <\/div>\n      <\/div>\n    <\/div>\n  <\/div>\n<\/div>\n\n","protected":false},"excerpt":{"rendered":"<p>O processo seletivo de 2026 ofereceu 9 vagas de n\u00edvel m\u00e9dio para agente comunit\u00e1rio de sa\u00fade. As sele\u00e7\u00f5es da Prefeitura de Presidente Sarney passaram de uma oferta abrangente, registrada em 2009, para uma contrata\u00e7\u00e3o concentrada na sa\u00fade em 2026. Entre esses registros, o munic\u00edpio tamb\u00e9m promoveu um concurso p\u00fablico de grande porte. Status: sem previs\u00e3o [&hellip;]<\/p>\n","protected":false},"author":344,"featured_media":1540739,"comment_status":"open","ping_status":"closed","sticky":false,"template":"","format":"standard","meta":{"_acf_changed":false,"post_tipo":"news_page","footnotes":""},"categories":[222278],"tags":[],"tax_estado":[219973],"class_list":["post-1736597","post","type-post","status-publish","format-standard","has-post-thumbnail","hentry","category-prefeituras","tax_estado-ma"],"acf":[],"yoast_head":"<!-- This site is optimized with the Yoast SEO Premium plugin v28.1 (Yoast SEO v28.1) - https:\/\/yoast.com\/product\/yoast-seo-premium-wordpress\/ -->\n<title>Concurso Presidente Sarney MA: inscri\u00e7\u00f5es prorrogadas em 2026<\/title>\n<meta name=\"description\" content=\"Presidente Sarney (MA) teve processo seletivo em 2026 para agente comunit\u00e1rio de sa\u00fade, com 9 vagas de n\u00edvel m\u00e9dio.\" \/>\n<meta name=\"robots\" content=\"index, follow, max-snippet:-1, max-image-preview:large, max-video-preview:-1\" \/>\n<link rel=\"canonical\" href=\"https:\/\/www.estrategiaconcursos.com.br\/blog\/concurso-prefeitura-presidente-sarney\/\" \/>\n<meta property=\"og:locale\" content=\"pt_BR\" \/>\n<meta property=\"og:type\" content=\"article\" \/>\n<meta property=\"og:title\" content=\"Concurso Presidente Sarney MA: inscri\u00e7\u00f5es prorrogadas em 2026\" \/>\n<meta property=\"og:description\" content=\"Presidente Sarney (MA) teve processo seletivo em 2026 para agente comunit\u00e1rio de sa\u00fade, com 9 vagas de n\u00edvel m\u00e9dio.\" \/>\n<meta property=\"og:url\" content=\"https:\/\/www.estrategiaconcursos.com.br\/blog\/concurso-prefeitura-presidente-sarney\/\" \/>\n<meta property=\"og:site_name\" content=\"Estrat\u00e9gia Concursos\" \/>\n<meta property=\"article:author\" content=\"https:\/\/www.facebook.com\/coachluiseduardo\/\" \/>\n<meta property=\"article:published_time\" content=\"2026-03-17T11:53:12+00:00\" \/>\n<meta property=\"article:modified_time\" content=\"2026-08-23T15:34:28+00:00\" \/>\n<meta property=\"og:image\" content=\"https:\/\/dhg1h5j42swfq.cloudfront.net\/2025\/03\/05201612\/concursos-prefeituras-1024x536-1.jpg\" \/>\n\t<meta property=\"og:image:width\" content=\"1024\" \/>\n\t<meta property=\"og:image:height\" content=\"536\" \/>\n\t<meta property=\"og:image:type\" content=\"image\/jpeg\" \/>\n<meta name=\"author\" content=\"Luis Eduardo\" \/>\n<meta name=\"twitter:card\" content=\"summary_large_image\" \/>\n<meta name=\"twitter:creator\" content=\"@EstratConcursos\" \/>\n<meta name=\"twitter:site\" content=\"@EstratConcursos\" \/>\n<meta name=\"twitter:label1\" content=\"Escrito por\" \/>\n\t<meta name=\"twitter:data1\" content=\"Luis Eduardo\" \/>\n\t<meta name=\"twitter:label2\" content=\"Est. tempo de leitura\" \/>\n\t<meta name=\"twitter:data2\" content=\"1 minuto\" \/>\n<script type=\"application\/ld+json\" class=\"yoast-schema-graph\">{\"@context\":\"https:\\\/\\\/schema.org\",\"@graph\":[{\"@type\":\"NewsArticle\",\"@id\":\"https:\\\/\\\/www.estrategiaconcursos.com.br\\\/blog\\\/concurso-prefeitura-presidente-sarney\\\/#article\",\"isPartOf\":{\"@id\":\"https:\\\/\\\/www.estrategiaconcursos.com.br\\\/blog\\\/concurso-prefeitura-presidente-sarney\\\/\"},\"author\":{\"name\":\"Luis Eduardo\",\"@id\":\"https:\\\/\\\/blog-estrategia.mystagingwebsite.com\\\/#\\\/schema\\\/person\\\/0906ff564105056f3b05978d503ee214\"},\"headline\":\"Concurso Presidente Sarney MA: inscri\u00e7\u00f5es prorrogadas em 2026\",\"datePublished\":\"2026-03-17T11:53:12+00:00\",\"dateModified\":\"2026-08-23T15:34:28+00:00\",\"mainEntityOfPage\":{\"@id\":\"https:\\\/\\\/www.estrategiaconcursos.com.br\\\/blog\\\/concurso-prefeitura-presidente-sarney\\\/\"},\"wordCount\":269,\"commentCount\":0,\"publisher\":{\"@id\":\"https:\\\/\\\/blog-estrategia.mystagingwebsite.com\\\/#organization\"},\"image\":{\"@id\":\"https:\\\/\\\/www.estrategiaconcursos.com.br\\\/blog\\\/concurso-prefeitura-presidente-sarney\\\/#primaryimage\"},\"thumbnailUrl\":\"https:\\\/\\\/dhg1h5j42swfq.cloudfront.net\\\/2025\\\/03\\\/05201612\\\/concursos-prefeituras-1024x536-1.jpg\",\"articleSection\":[\"Prefeituras\"],\"inLanguage\":\"pt-BR\",\"potentialAction\":[{\"@type\":\"CommentAction\",\"name\":\"Comment\",\"target\":[\"https:\\\/\\\/www.estrategiaconcursos.com.br\\\/blog\\\/concurso-prefeitura-presidente-sarney\\\/#respond\"]}],\"copyrightYear\":\"2026\",\"copyrightHolder\":{\"@id\":\"https:\\\/\\\/www.estrategiaconcursos.com.br\\\/blog\\\/#organization\"}},{\"@type\":\"WebPage\",\"@id\":\"https:\\\/\\\/www.estrategiaconcursos.com.br\\\/blog\\\/concurso-prefeitura-presidente-sarney\\\/\",\"url\":\"https:\\\/\\\/www.estrategiaconcursos.com.br\\\/blog\\\/concurso-prefeitura-presidente-sarney\\\/\",\"name\":\"Concurso Presidente Sarney MA: inscri\u00e7\u00f5es prorrogadas em 2026\",\"isPartOf\":{\"@id\":\"https:\\\/\\\/blog-estrategia.mystagingwebsite.com\\\/#website\"},\"primaryImageOfPage\":{\"@id\":\"https:\\\/\\\/www.estrategiaconcursos.com.br\\\/blog\\\/concurso-prefeitura-presidente-sarney\\\/#primaryimage\"},\"image\":{\"@id\":\"https:\\\/\\\/www.estrategiaconcursos.com.br\\\/blog\\\/concurso-prefeitura-presidente-sarney\\\/#primaryimage\"},\"thumbnailUrl\":\"https:\\\/\\\/dhg1h5j42swfq.cloudfront.net\\\/2025\\\/03\\\/05201612\\\/concursos-prefeituras-1024x536-1.jpg\",\"datePublished\":\"2026-03-17T11:53:12+00:00\",\"dateModified\":\"2026-08-23T15:34:28+00:00\",\"description\":\"Presidente Sarney (MA) teve processo seletivo em 2026 para agente comunit\u00e1rio de sa\u00fade, com 9 vagas de n\u00edvel m\u00e9dio.\",\"breadcrumb\":{\"@id\":\"https:\\\/\\\/www.estrategiaconcursos.com.br\\\/blog\\\/concurso-prefeitura-presidente-sarney\\\/#breadcrumb\"},\"inLanguage\":\"pt-BR\",\"potentialAction\":[{\"@type\":\"ReadAction\",\"target\":[\"https:\\\/\\\/www.estrategiaconcursos.com.br\\\/blog\\\/concurso-prefeitura-presidente-sarney\\\/\"]}]},{\"@type\":\"ImageObject\",\"inLanguage\":\"pt-BR\",\"@id\":\"https:\\\/\\\/www.estrategiaconcursos.com.br\\\/blog\\\/concurso-prefeitura-presidente-sarney\\\/#primaryimage\",\"url\":\"https:\\\/\\\/dhg1h5j42swfq.cloudfront.net\\\/2025\\\/03\\\/05201612\\\/concursos-prefeituras-1024x536-1.jpg\",\"contentUrl\":\"https:\\\/\\\/dhg1h5j42swfq.cloudfront.net\\\/2025\\\/03\\\/05201612\\\/concursos-prefeituras-1024x536-1.jpg\",\"width\":1024,\"height\":536,\"caption\":\"Concursos prefeituras\"},{\"@type\":\"BreadcrumbList\",\"@id\":\"https:\\\/\\\/www.estrategiaconcursos.com.br\\\/blog\\\/concurso-prefeitura-presidente-sarney\\\/#breadcrumb\",\"itemListElement\":[{\"@type\":\"ListItem\",\"position\":1,\"name\":\"In\u00edcio\",\"item\":\"https:\\\/\\\/blog-estrategia.mystagingwebsite.com\\\/\"},{\"@type\":\"ListItem\",\"position\":2,\"name\":\"Concurso Presidente Sarney MA: inscri\u00e7\u00f5es prorrogadas em 2026\"}]},{\"@type\":\"WebSite\",\"@id\":\"https:\\\/\\\/blog-estrategia.mystagingwebsite.com\\\/#website\",\"url\":\"https:\\\/\\\/blog-estrategia.mystagingwebsite.com\\\/\",\"name\":\"Estrat\u00e9gia Concursos\",\"description\":\"O blog da Estrat\u00e9gia Concursos traz not\u00edcias sobre concursos e artigos de professores oferecendo cursos para concursos (pdf + videaulas) no site.\",\"publisher\":{\"@id\":\"https:\\\/\\\/blog-estrategia.mystagingwebsite.com\\\/#organization\"},\"potentialAction\":[{\"@type\":\"SearchAction\",\"target\":{\"@type\":\"EntryPoint\",\"urlTemplate\":\"https:\\\/\\\/blog-estrategia.mystagingwebsite.com\\\/?s={search_term_string}\"},\"query-input\":{\"@type\":\"PropertyValueSpecification\",\"valueRequired\":true,\"valueName\":\"search_term_string\"}}],\"inLanguage\":\"pt-BR\"},{\"@type\":\"Organization\",\"@id\":\"https:\\\/\\\/blog-estrategia.mystagingwebsite.com\\\/#organization\",\"name\":\"Estrat\u00e9gia Concursos\",\"url\":\"https:\\\/\\\/blog-estrategia.mystagingwebsite.com\\\/\",\"logo\":{\"@type\":\"ImageObject\",\"inLanguage\":\"pt-BR\",\"@id\":\"https:\\\/\\\/blog-estrategia.mystagingwebsite.com\\\/#\\\/schema\\\/logo\\\/image\\\/\",\"url\":\"https:\\\/\\\/dhg1h5j42swfq.cloudfront.net\\\/2025\\\/06\\\/03203428\\\/logo_concursos-1.jpg\",\"contentUrl\":\"https:\\\/\\\/dhg1h5j42swfq.cloudfront.net\\\/2025\\\/06\\\/03203428\\\/logo_concursos-1.jpg\",\"width\":230,\"height\":60,\"caption\":\"Estrat\u00e9gia Concursos\"},\"image\":{\"@id\":\"https:\\\/\\\/blog-estrategia.mystagingwebsite.com\\\/#\\\/schema\\\/logo\\\/image\\\/\"},\"sameAs\":[\"https:\\\/\\\/x.com\\\/EstratConcursos\"]},{\"@type\":\"Person\",\"@id\":\"https:\\\/\\\/blog-estrategia.mystagingwebsite.com\\\/#\\\/schema\\\/person\\\/0906ff564105056f3b05978d503ee214\",\"name\":\"Luis Eduardo\",\"image\":{\"@type\":\"ImageObject\",\"inLanguage\":\"pt-BR\",\"@id\":\"https:\\\/\\\/secure.gravatar.com\\\/avatar\\\/3ce09d3c01f86018c4f3b15b9e6389f2ac325bc19863fdb79cd37fefb38517d1?s=96&d=mm&r=g\",\"url\":\"https:\\\/\\\/secure.gravatar.com\\\/avatar\\\/3ce09d3c01f86018c4f3b15b9e6389f2ac325bc19863fdb79cd37fefb38517d1?s=96&d=mm&r=g\",\"contentUrl\":\"https:\\\/\\\/secure.gravatar.com\\\/avatar\\\/3ce09d3c01f86018c4f3b15b9e6389f2ac325bc19863fdb79cd37fefb38517d1?s=96&d=mm&r=g\",\"caption\":\"Luis Eduardo\"},\"sameAs\":[\"https:\\\/\\\/www.facebook.com\\\/coachluiseduardo\\\/\"],\"url\":\"https:\\\/\\\/www.estrategiaconcursos.com.br\\\/blog\\\/author\\\/luiseduardoestrategiaconcursos-com-br\\\/\"}]}<\/script>\n<!-- \/ Yoast SEO Premium plugin. -->","yoast_head_json":{"title":"Concurso Presidente Sarney MA: inscri\u00e7\u00f5es prorrogadas em 2026","description":"Presidente Sarney (MA) teve processo seletivo em 2026 para agente comunit\u00e1rio de sa\u00fade, com 9 vagas de n\u00edvel m\u00e9dio.","robots":{"index":"index","follow":"follow","max-snippet":"max-snippet:-1","max-image-preview":"max-image-preview:large","max-video-preview":"max-video-preview:-1"},"canonical":"https:\/\/www.estrategiaconcursos.com.br\/blog\/concurso-prefeitura-presidente-sarney\/","og_locale":"pt_BR","og_type":"article","og_title":"Concurso Presidente Sarney MA: inscri\u00e7\u00f5es prorrogadas em 2026","og_description":"Presidente Sarney (MA) teve processo seletivo em 2026 para agente comunit\u00e1rio de sa\u00fade, com 9 vagas de n\u00edvel m\u00e9dio.","og_url":"https:\/\/www.estrategiaconcursos.com.br\/blog\/concurso-prefeitura-presidente-sarney\/","og_site_name":"Estrat\u00e9gia Concursos","article_author":"https:\/\/www.facebook.com\/coachluiseduardo\/","article_published_time":"2026-03-17T11:53:12+00:00","article_modified_time":"2026-08-23T15:34:28+00:00","og_image":[{"width":1024,"height":536,"url":"https:\/\/dhg1h5j42swfq.cloudfront.net\/2025\/03\/05201612\/concursos-prefeituras-1024x536-1.jpg","type":"image\/jpeg"}],"author":"Luis Eduardo","twitter_card":"summary_large_image","twitter_creator":"@EstratConcursos","twitter_site":"@EstratConcursos","twitter_misc":{"Escrito por":"Luis Eduardo","Est. tempo de leitura":"1 minuto"},"schema":{"@context":"https:\/\/schema.org","@graph":[{"@type":"NewsArticle","@id":"https:\/\/www.estrategiaconcursos.com.br\/blog\/concurso-prefeitura-presidente-sarney\/#article","isPartOf":{"@id":"https:\/\/www.estrategiaconcursos.com.br\/blog\/concurso-prefeitura-presidente-sarney\/"},"author":{"name":"Luis Eduardo","@id":"https:\/\/blog-estrategia.mystagingwebsite.com\/#\/schema\/person\/0906ff564105056f3b05978d503ee214"},"headline":"Concurso Presidente Sarney MA: inscri\u00e7\u00f5es prorrogadas em 2026","datePublished":"2026-03-17T11:53:12+00:00","dateModified":"2026-08-23T15:34:28+00:00","mainEntityOfPage":{"@id":"https:\/\/www.estrategiaconcursos.com.br\/blog\/concurso-prefeitura-presidente-sarney\/"},"wordCount":269,"commentCount":0,"publisher":{"@id":"https:\/\/blog-estrategia.mystagingwebsite.com\/#organization"},"image":{"@id":"https:\/\/www.estrategiaconcursos.com.br\/blog\/concurso-prefeitura-presidente-sarney\/#primaryimage"},"thumbnailUrl":"https:\/\/dhg1h5j42swfq.cloudfront.net\/2025\/03\/05201612\/concursos-prefeituras-1024x536-1.jpg","articleSection":["Prefeituras"],"inLanguage":"pt-BR","potentialAction":[{"@type":"CommentAction","name":"Comment","target":["https:\/\/www.estrategiaconcursos.com.br\/blog\/concurso-prefeitura-presidente-sarney\/#respond"]}],"copyrightYear":"2026","copyrightHolder":{"@id":"https:\/\/www.estrategiaconcursos.com.br\/blog\/#organization"}},{"@type":"WebPage","@id":"https:\/\/www.estrategiaconcursos.com.br\/blog\/concurso-prefeitura-presidente-sarney\/","url":"https:\/\/www.estrategiaconcursos.com.br\/blog\/concurso-prefeitura-presidente-sarney\/","name":"Concurso Presidente Sarney MA: inscri\u00e7\u00f5es prorrogadas em 2026","isPartOf":{"@id":"https:\/\/blog-estrategia.mystagingwebsite.com\/#website"},"primaryImageOfPage":{"@id":"https:\/\/www.estrategiaconcursos.com.br\/blog\/concurso-prefeitura-presidente-sarney\/#primaryimage"},"image":{"@id":"https:\/\/www.estrategiaconcursos.com.br\/blog\/concurso-prefeitura-presidente-sarney\/#primaryimage"},"thumbnailUrl":"https:\/\/dhg1h5j42swfq.cloudfront.net\/2025\/03\/05201612\/concursos-prefeituras-1024x536-1.jpg","datePublished":"2026-03-17T11:53:12+00:00","dateModified":"2026-08-23T15:34:28+00:00","description":"Presidente Sarney (MA) teve processo seletivo em 2026 para agente comunit\u00e1rio de sa\u00fade, com 9 vagas de n\u00edvel m\u00e9dio.","breadcrumb":{"@id":"https:\/\/www.estrategiaconcursos.com.br\/blog\/concurso-prefeitura-presidente-sarney\/#breadcrumb"},"inLanguage":"pt-BR","potentialAction":[{"@type":"ReadAction","target":["https:\/\/www.estrategiaconcursos.com.br\/blog\/concurso-prefeitura-presidente-sarney\/"]}]},{"@type":"ImageObject","inLanguage":"pt-BR","@id":"https:\/\/www.estrategiaconcursos.com.br\/blog\/concurso-prefeitura-presidente-sarney\/#primaryimage","url":"https:\/\/dhg1h5j42swfq.cloudfront.net\/2025\/03\/05201612\/concursos-prefeituras-1024x536-1.jpg","contentUrl":"https:\/\/dhg1h5j42swfq.cloudfront.net\/2025\/03\/05201612\/concursos-prefeituras-1024x536-1.jpg","width":1024,"height":536,"caption":"Concursos prefeituras"},{"@type":"BreadcrumbList","@id":"https:\/\/www.estrategiaconcursos.com.br\/blog\/concurso-prefeitura-presidente-sarney\/#breadcrumb","itemListElement":[{"@type":"ListItem","position":1,"name":"In\u00edcio","item":"https:\/\/blog-estrategia.mystagingwebsite.com\/"},{"@type":"ListItem","position":2,"name":"Concurso Presidente Sarney MA: inscri\u00e7\u00f5es prorrogadas em 2026"}]},{"@type":"WebSite","@id":"https:\/\/blog-estrategia.mystagingwebsite.com\/#website","url":"https:\/\/blog-estrategia.mystagingwebsite.com\/","name":"Estrat\u00e9gia Concursos","description":"O blog da Estrat\u00e9gia Concursos traz not\u00edcias sobre concursos e artigos de professores oferecendo cursos para concursos (pdf + videaulas) no site.","publisher":{"@id":"https:\/\/blog-estrategia.mystagingwebsite.com\/#organization"},"potentialAction":[{"@type":"SearchAction","target":{"@type":"EntryPoint","urlTemplate":"https:\/\/blog-estrategia.mystagingwebsite.com\/?s={search_term_string}"},"query-input":{"@type":"PropertyValueSpecification","valueRequired":true,"valueName":"search_term_string"}}],"inLanguage":"pt-BR"},{"@type":"Organization","@id":"https:\/\/blog-estrategia.mystagingwebsite.com\/#organization","name":"Estrat\u00e9gia Concursos","url":"https:\/\/blog-estrategia.mystagingwebsite.com\/","logo":{"@type":"ImageObject","inLanguage":"pt-BR","@id":"https:\/\/blog-estrategia.mystagingwebsite.com\/#\/schema\/logo\/image\/","url":"https:\/\/dhg1h5j42swfq.cloudfront.net\/2025\/06\/03203428\/logo_concursos-1.jpg","contentUrl":"https:\/\/dhg1h5j42swfq.cloudfront.net\/2025\/06\/03203428\/logo_concursos-1.jpg","width":230,"height":60,"caption":"Estrat\u00e9gia Concursos"},"image":{"@id":"https:\/\/blog-estrategia.mystagingwebsite.com\/#\/schema\/logo\/image\/"},"sameAs":["https:\/\/x.com\/EstratConcursos"]},{"@type":"Person","@id":"https:\/\/blog-estrategia.mystagingwebsite.com\/#\/schema\/person\/0906ff564105056f3b05978d503ee214","name":"Luis Eduardo","image":{"@type":"ImageObject","inLanguage":"pt-BR","@id":"https:\/\/secure.gravatar.com\/avatar\/3ce09d3c01f86018c4f3b15b9e6389f2ac325bc19863fdb79cd37fefb38517d1?s=96&d=mm&r=g","url":"https:\/\/secure.gravatar.com\/avatar\/3ce09d3c01f86018c4f3b15b9e6389f2ac325bc19863fdb79cd37fefb38517d1?s=96&d=mm&r=g","contentUrl":"https:\/\/secure.gravatar.com\/avatar\/3ce09d3c01f86018c4f3b15b9e6389f2ac325bc19863fdb79cd37fefb38517d1?s=96&d=mm&r=g","caption":"Luis Eduardo"},"sameAs":["https:\/\/www.facebook.com\/coachluiseduardo\/"],"url":"https:\/\/www.estrategiaconcursos.com.br\/blog\/author\/luiseduardoestrategiaconcursos-com-br\/"}]}},"_links":{"self":[{"href":"https:\/\/www.estrategiaconcursos.com.br\/blog\/wp-json\/wp\/v2\/posts\/1736597","targetHints":{"allow":["GET"]}}],"collection":[{"href":"https:\/\/www.estrategiaconcursos.com.br\/blog\/wp-json\/wp\/v2\/posts"}],"about":[{"href":"https:\/\/www.estrategiaconcursos.com.br\/blog\/wp-json\/wp\/v2\/types\/post"}],"author":[{"embeddable":true,"href":"https:\/\/www.estrategiaconcursos.com.br\/blog\/wp-json\/wp\/v2\/users\/344"}],"replies":[{"embeddable":true,"href":"https:\/\/www.estrategiaconcursos.com.br\/blog\/wp-json\/wp\/v2\/comments?post=1736597"}],"version-history":[{"count":1,"href":"https:\/\/www.estrategiaconcursos.com.br\/blog\/wp-json\/wp\/v2\/posts\/1736597\/revisions"}],"predecessor-version":[{"id":1800560,"href":"https:\/\/www.estrategiaconcursos.com.br\/blog\/wp-json\/wp\/v2\/posts\/1736597\/revisions\/1800560"}],"wp:featuredmedia":[{"embeddable":true,"href":"https:\/\/www.estrategiaconcursos.com.br\/blog\/wp-json\/wp\/v2\/media\/1540739"}],"wp:attachment":[{"href":"https:\/\/www.estrategiaconcursos.com.br\/blog\/wp-json\/wp\/v2\/media?parent=1736597"}],"wp:term":[{"taxonomy":"category","embeddable":true,"href":"https:\/\/www.estrategiaconcursos.com.br\/blog\/wp-json\/wp\/v2\/categories?post=1736597"},{"taxonomy":"post_tag","embeddable":true,"href":"https:\/\/www.estrategiaconcursos.com.br\/blog\/wp-json\/wp\/v2\/tags?post=1736597"},{"taxonomy":"tax_estado","embeddable":true,"href":"https:\/\/www.estrategiaconcursos.com.br\/blog\/wp-json\/wp\/v2\/tax_estado?post=1736597"}],"curies":[{"name":"wp","href":"https:\/\/api.w.org\/{rel}","templated":true}]}}