{"id":1736245,"date":"2026-04-30T23:59:00","date_gmt":"2026-05-01T02:59:00","guid":{"rendered":"https:\/\/www.estrategiaconcursos.com.br\/blog\/?p=1736245"},"modified":"2026-05-01T09:44:32","modified_gmt":"2026-05-01T12:44:32","slug":"concurso-unificado-rn","status":"publish","type":"post","link":"https:\/\/www.estrategiaconcursos.com.br\/blog\/concurso-unificado-rn\/","title":{"rendered":"Concurso Unificado RN: 175 vagas e at\u00e9 R$ 4,6 mil!"},"content":{"rendered":"\n<p style=\"font-size:clamp(14.082px, 0.88rem + ((1vw - 3.2px) * 0.678), 21px);\"><em><strong>Concurso Unificado RN oferta 175 vagas para Detran, IPERN e CEASA. Provas em 31 de maio!<\/strong><\/em><\/p>\n\n\n\n<p>Est\u00e1 na pra\u00e7a o edital do <strong>Concurso Unificado do Rio Grande do Norte (RN),<\/strong> com oferta de <strong>175 vagas imediatas, al\u00e9m de forma\u00e7\u00e3o de cadastro de reserva.<\/strong><\/p>\n\n\n\n<ul class=\"wp-block-list\">\n<li><strong>CEASA<\/strong>: T\u00e9cnico em Abastecimento (5 + CR);<\/li>\n\n\n\n<li><strong>IPERN<\/strong>: Agente Administrativo Previdenci\u00e1rio (45 + CR) e Assistente T\u00e9cnico Previdenci\u00e1rio (45 + CR);<\/li>\n\n\n\n<li><strong>Detran<\/strong>: Assistente de Tr\u00e2nsito (56 + CR) e Analista de Tr\u00e2nsito (24 + CR), em diversas especialidades.<\/li>\n<\/ul>\n\n\n\n<p>Os sal\u00e1rios iniciais variam de <strong>R$ 1.771,46 a R$ 4.614,55, para fun\u00e7\u00f5es nos n\u00edveis m\u00e9dio e superior.<\/strong><\/p>\n\n\n\n<p>Sob organiza\u00e7\u00e3o do Instituto Avalia, as inscri\u00e7\u00f5es puderam ser feitas at\u00e9 o dia 30 de abril.<\/p>\n\n\n\n<p>Agora, as <strong>provas ser\u00e3o aplicadas no dia 31 de maio, nas cidades de Natal, Mossor\u00f3 e Caic\u00f3.<\/strong><\/p>\n\n\n\n<ul class=\"wp-block-list has-very-light-gray-to-cyan-bluish-gray-gradient-background has-background\">\n<li><strong>Concurso Unificado RN<\/strong> <strong>2026<\/strong><\/li>\n\n\n\n<li><strong>Situa\u00e7\u00e3o: <\/strong>inscri\u00e7\u00f5es encerradas\/provas em 31\/5<\/li>\n\n\n\n<li><strong>Banca:<\/strong> <a href=\"https:\/\/www.avalia.org.br\/concursos\/status\/novos\" target=\"_blank\" rel=\"noreferrer noopener nofollow\">Instituto Avalia<\/a><\/li>\n\n\n\n<li><strong>Vagas:<\/strong> 175 + CR<\/li>\n\n\n\n<li><strong>Sal\u00e1rio inicial:<\/strong> R$ 1.771,46 a R$ 4.614,55<\/li>\n\n\n\n<li><strong>Edital:<\/strong> <a href=\"https:\/\/dhg1h5j42swfq.cloudfront.net\/2026\/03\/17013108\/edital-unificado-rn-2026.pdf\" target=\"_blank\" rel=\"noreferrer noopener nofollow\">Concurso Unificado RN-2026<\/a> \/ <a href=\"https:\/\/arquivos-site.avalia.org.br\/publicacoes\/677d1ad3-59ba-4c83-bf84-b8b9ff987255.pdf\">retifica\u00e7\u00e3o conte\u00fado program\u00e1tico<\/a><\/li>\n<\/ul>\n\n\n\n<h2 class=\"wp-block-heading\" id=\"datas\">Principais datas do concurso Unificado RN<\/h2>\n\n\n\n<ul class=\"wp-block-list\">\n<li><strong>Inscri\u00e7\u00f5es:<\/strong> <s>18\/03 a 30\/04 [<a href=\"https:\/\/dhg1h5j42swfq.cloudfront.net\/2026\/04\/24015348\/screenshot-2026-04-24-at-01-51-51-concurso-rn-prorrogado-inscricoes-pdf.png\" target=\"_blank\" rel=\"noreferrer noopener nofollow\">prorrogadas<\/a>]<\/s><\/li>\n\n\n\n<li><strong>Isen\u00e7\u00e3o da taxa:<\/strong> <s>18 a 20\/03<\/s><\/li>\n\n\n\n<li><strong>Pagamento da taxa:<\/strong> <s>at\u00e9 30\/04<\/s><\/li>\n\n\n\n<li><strong>Data da prova:<\/strong> 31\/05<\/li>\n<\/ul>\n\n\n\n<h2 class=\"wp-block-heading\" id=\"cargos\">Distribui\u00e7\u00e3o das vagas<\/h2>\n\n\n\n<p>Veja a distribui\u00e7\u00e3o de vagas por \u00f3rg\u00e3o no Concurso Unificado RN 2026:<\/p>\n\n\n\n<ul class=\"wp-block-list\">\n<li><strong>CEASA<\/strong>\n<ul class=\"wp-block-list\">\n<li><strong>Sal\u00e1rio inicial:<\/strong> R$ 3.336,57<\/li>\n<\/ul>\n<\/li>\n<\/ul>\n\n\n\n<figure class=\"wp-block-table is-style-stripes\"><table class=\"has-fixed-layout\"><thead><tr><th class=\"has-text-align-center\" data-align=\"center\">Cargo<\/th><th class=\"has-text-align-center\" data-align=\"center\">AC<\/th><th class=\"has-text-align-center\" data-align=\"center\">PcD<\/th><th class=\"has-text-align-center\" data-align=\"center\">PPP<\/th><th class=\"has-text-align-center\" data-align=\"center\">Total<\/th><\/tr><\/thead><tbody><tr><td class=\"has-text-align-center\" data-align=\"center\">T\u00e9cnico de Abastecimento (n\u00edvel superior)<\/td><td class=\"has-text-align-center\" data-align=\"center\">3 + CR<\/td><td class=\"has-text-align-center\" data-align=\"center\">1 + CR<\/td><td class=\"has-text-align-center\" data-align=\"center\">1 + CR<\/td><td class=\"has-text-align-center\" data-align=\"center\">5 + CR<\/td><\/tr><\/tbody><\/table><\/figure>\n\n\n\n<ul class=\"wp-block-list\">\n<li><strong>IPERN<\/strong>\n<ul class=\"wp-block-list\">\n<li><strong>Sal\u00e1rio inicial:<\/strong> R$ 1.771,46 a R$ 2.940,62<\/li>\n<\/ul>\n<\/li>\n<\/ul>\n\n\n\n<figure class=\"wp-block-table is-style-stripes\"><table class=\"has-fixed-layout\"><thead><tr><th class=\"has-text-align-center\" data-align=\"center\">Cargo<\/th><th class=\"has-text-align-center\" data-align=\"center\">AC<\/th><th class=\"has-text-align-center\" data-align=\"center\">PcD<\/th><th class=\"has-text-align-center\" data-align=\"center\">PPP<\/th><th class=\"has-text-align-center\" data-align=\"center\">Total<\/th><\/tr><\/thead><tbody><tr><td class=\"has-text-align-center\" data-align=\"center\">Agente Administrativo Previdenci\u00e1rio (n\u00edvel m\u00e9dio)<\/td><td class=\"has-text-align-center\" data-align=\"center\">31 + CR<\/td><td class=\"has-text-align-center\" data-align=\"center\">5 + CR<\/td><td class=\"has-text-align-center\" data-align=\"center\">9 + CR<\/td><td class=\"has-text-align-center\" data-align=\"center\">45 + CR<\/td><\/tr><tr><td class=\"has-text-align-center\" data-align=\"center\">Assistente T\u00e9cnico Previdenci\u00e1rio (n\u00edvel superior)<\/td><td class=\"has-text-align-center\" data-align=\"center\">31 + CR<\/td><td class=\"has-text-align-center\" data-align=\"center\">5 + CR<\/td><td class=\"has-text-align-center\" data-align=\"center\">9 + CR<\/td><td class=\"has-text-align-center\" data-align=\"center\">45 + CR<\/td><\/tr><\/tbody><\/table><\/figure>\n\n\n\n<ul class=\"wp-block-list\">\n<li><strong>DETRAN<\/strong>\n<ul class=\"wp-block-list\">\n<li><strong>Sal\u00e1rio inicial:<\/strong> R$ 2.283,58 a R$ 4.614,55<\/li>\n<\/ul>\n<\/li>\n<\/ul>\n\n\n\n<figure class=\"wp-block-table is-style-stripes\"><table class=\"has-fixed-layout\"><thead><tr><th class=\"has-text-align-center\" data-align=\"center\">Cargo<\/th><th class=\"has-text-align-center\" data-align=\"center\">AC<\/th><th class=\"has-text-align-center\" data-align=\"center\">PcD<\/th><th class=\"has-text-align-center\" data-align=\"center\">PPP<\/th><th class=\"has-text-align-center\" data-align=\"center\">Total<\/th><\/tr><\/thead><tbody><tr><td class=\"has-text-align-center\" data-align=\"center\">Assistente de Tr\u00e2nsito<\/td><td class=\"has-text-align-center\" data-align=\"center\">39 + CR<\/td><td class=\"has-text-align-center\" data-align=\"center\">6 + CR<\/td><td class=\"has-text-align-center\" data-align=\"center\">11 + CR<\/td><td class=\"has-text-align-center\" data-align=\"center\">56 + CR<\/td><\/tr><tr><td class=\"has-text-align-center\" data-align=\"center\">Analista de Tr\u00e2nsito<\/td><td class=\"has-text-align-center\" data-align=\"center\">21 + CR<\/td><td class=\"has-text-align-center\" data-align=\"center\">1 + CR<\/td><td class=\"has-text-align-center\" data-align=\"center\">2 + CR<\/td><td class=\"has-text-align-center\" data-align=\"center\">24 + CR<\/td><\/tr><\/tbody><\/table><\/figure>\n\n\n\n<ul class=\"wp-block-list\">\n<li><strong>Assistente de Tr\u00e2nsito \u2013 n\u00edvel m\u00e9dio:<\/strong>\n<ul class=\"wp-block-list\">\n<li>Administra\u00e7\u00e3o: 46 + CR<\/li>\n\n\n\n<li>Edifica\u00e7\u00f5es: 2 + CR<\/li>\n\n\n\n<li>Eletricista Programador: 3 + CR<\/li>\n\n\n\n<li>Inspe\u00e7\u00e3o Veicular: 5 + CR<\/li>\n<\/ul>\n<\/li>\n\n\n\n<li><strong>Analista de Tr\u00e2nsito \u2013 n\u00edvel superior:<\/strong>\n<ul class=\"wp-block-list\">\n<li>Administra\u00e7\u00e3o: 2 + CR<\/li>\n\n\n\n<li>Administra\u00e7\u00e3o de Redes: 2 + CR<\/li>\n\n\n\n<li>Administra\u00e7\u00e3o de Banco de Dados: 1 + CR<\/li>\n\n\n\n<li>Arquitetura: 1 + CR<\/li>\n\n\n\n<li>An\u00e1lise de Sistemas: 1 + CR<\/li>\n\n\n\n<li>Contabilidade: 2 + CR<\/li>\n\n\n\n<li>Direito: 8 + CR<\/li>\n\n\n\n<li>Economia: 1 + CR<\/li>\n\n\n\n<li>Pedagogia do Tr\u00e2nsito: 1 + CR<\/li>\n\n\n\n<li>Engenharia Civil: 1 + CR<\/li>\n\n\n\n<li>Engenharia El\u00e9trica: 1 + CR<\/li>\n\n\n\n<li>Estat\u00edstica: 2 + CR<\/li>\n\n\n\n<li>Psicologia do Tr\u00e2nsito: 1 + CR<\/li>\n<\/ul>\n<\/li>\n<\/ul>\n\n\n\n<p class=\"has-text-align-center has-pale-cyan-blue-background-color has-background\"><a href=\"https:\/\/dhg1h5j42swfq.cloudfront.net\/2026\/03\/17013615\/screenshot-2026-03-17-at-01-35-47-edital-unificado-rn-2026-pdf.png\" target=\"_blank\" rel=\"noreferrer noopener nofollow\">Confira na \u00edntegra as vagas do concurso Unificado RN<\/a><\/p>\n\n\n\n<p>O candidato dever\u00e1, no momento da inscri\u00e7\u00e3o, optar por <strong>um dos blocos<\/strong> abaixo, concorrendo de forma unificada aos cargos que os comp\u00f5em.<\/p>\n\n\n\n<p><strong>N\u00edvel M\u00e9dio \u2013 Bloco 1:<\/strong><\/p>\n\n\n\n<ul class=\"wp-block-list\">\n<li>Cargos: DETRAN (de acordo com a \u00e1rea de forma\u00e7\u00e3o escolhida) + IPERN\/RN<\/li>\n\n\n\n<li>Dura\u00e7\u00e3o da prova: 5 horas<\/li>\n<\/ul>\n\n\n\n<p><strong>N\u00edvel Superior \u2013 Bloco 2:<\/strong><\/p>\n\n\n\n<ul class=\"wp-block-list\">\n<li>Cargos: CEASA\/RN + DETRAN (de acordo com a \u00e1rea de forma\u00e7\u00e3o escolhida) + IPERN\/RN<\/li>\n\n\n\n<li>Dura\u00e7\u00e3o da prova: 6 horas<\/li>\n<\/ul>\n\n\n\n<p><strong>N\u00edvel Superior \u2013 Bloco 3:<\/strong><\/p>\n\n\n\n<ul class=\"wp-block-list\">\n<li>Cargos: CEASA\/RN + IPERN\/RN<\/li>\n\n\n\n<li>Dura\u00e7\u00e3o da prova: 5 horas<\/li>\n<\/ul>\n\n\n\n<h2 class=\"wp-block-heading\" id=\"etapas\">Concurso Unificado RN: etapas de prova<\/h2>\n\n\n\n<p>O certame constitui-se de etapa \u00fanica, sendo de <strong>prova objetiva<\/strong> (car\u00e1ter classificat\u00f3rio e eliminat\u00f3rio).<\/p>\n\n\n\n<h3 class=\"wp-block-heading\" id=\"objetiva\">Prova objetiva<\/h3>\n\n\n\n<p>Com dura\u00e7\u00e3o de 5 e 6 horas, a prova objetiva ser\u00e1 composta por 85 e 128 quest\u00f5es de m\u00faltipla escolha, sendo 5 alternativas e apenas uma correta.<\/p>\n\n\n\n<p><span style=\"text-decoration: underline;\">N\u00edvel m\u00e9dio:<\/span><\/p>\n\n\n\n<figure class=\"wp-block-image size-full\"><img loading=\"lazy\" decoding=\"async\" width=\"803\" height=\"405\" src=\"https:\/\/dhg1h5j42swfq.cloudfront.net\/2026\/03\/17012617\/image-92.png\" alt=\"prova objetiva n\u00edvel m\u00e9dio concurso unificado RN\" class=\"wp-image-1736251\" srcset=\"https:\/\/dhg1h5j42swfq.cloudfront.net\/2026\/03\/17012617\/image-92.png 803w, https:\/\/dhg1h5j42swfq.cloudfront.net\/2026\/03\/17012617\/image-92-300x151.png 300w, https:\/\/dhg1h5j42swfq.cloudfront.net\/2026\/03\/17012617\/image-92-768x387.png 768w, https:\/\/dhg1h5j42swfq.cloudfront.net\/2026\/03\/17012617\/image-92-150x76.png 150w\" sizes=\"auto, (max-width: 803px) 100vw, 803px\" \/><\/figure>\n\n\n\n<p><span style=\"text-decoration: underline;\">N\u00edvel superior:<\/span><\/p>\n\n\n\n<figure class=\"wp-block-image size-full\"><img loading=\"lazy\" decoding=\"async\" width=\"813\" height=\"552\" src=\"https:\/\/dhg1h5j42swfq.cloudfront.net\/2026\/03\/17012631\/image-93.png\" alt=\"prova objetiva concurso unificado RN n\u00edvel superior\" class=\"wp-image-1736252\" srcset=\"https:\/\/dhg1h5j42swfq.cloudfront.net\/2026\/03\/17012631\/image-93.png 813w, https:\/\/dhg1h5j42swfq.cloudfront.net\/2026\/03\/17012631\/image-93-300x204.png 300w, https:\/\/dhg1h5j42swfq.cloudfront.net\/2026\/03\/17012631\/image-93-768x521.png 768w, https:\/\/dhg1h5j42swfq.cloudfront.net\/2026\/03\/17012631\/image-93-150x102.png 150w\" sizes=\"auto, (max-width: 813px) 100vw, 813px\" \/><\/figure>\n\n\n\n<p>O candidato dever\u00e1 obter resultado igual ou superior a 60% do total de pontos da Prova Objetiva, individualmente para cada cargo\/\u00f3rg\u00e3o integrante do bloco ao qual estiver inscrito, para n\u00e3o ser eliminado.<\/p>\n\n\n\n<p class=\"has-text-align-center has-very-light-gray-to-cyan-bluish-gray-gradient-background has-background has-medium-font-size\"><strong>Saiba mais detalhes dos concursos <a href=\"https:\/\/www.estrategiaconcursos.com.br\/blog\/concurso-detran-rn\" target=\"_blank\" rel=\"noreferrer noopener\">DETRAN RN<\/a> | <a href=\"https:\/\/www.estrategiaconcursos.com.br\/blog\/concurso-ceasa-rn\/\" target=\"_blank\" rel=\"noreferrer noopener\">CEASA RN<\/a> | <a href=\"https:\/\/www.estrategiaconcursos.com.br\/blog\/concurso-ipern\/\" target=\"_blank\" rel=\"noreferrer noopener\">IPERN<\/a><\/strong><\/p>\n\n\n\n<hr class=\"wp-block-separator has-alpha-channel-opacity\"\/>\n\n\n\n<h2 class=\"wp-block-heading has-text-align-center\" id=\"h-quer-estudar-para-o-concurso-unificado-rn\">Quer estudar para o Concurso Unificado RN?<\/h2>\n\n\n\n<div class=\"col-sm\">\n      <div class=\"banner-estrategia\" id=\"box-assinatura\">\n        <h3 class=\"titulo-assinatura\">Cursos para Unificado RN<\/h3>\n        <p class=\"subtitulo-assinatura\">Conhe\u00e7a os cursos<\/p>\n        <div class=\"box-botao\">\n          <a class=\"btn-assinatura\" target=\"_blank\" href=\"https:\/\/www.estrategiaconcursos.com.br\/cursos\/concurso\/\" role=\"button\" rel=\"noopener noreferrer\">Conhe\u00e7a mais<\/a>\n        <\/div>\n      <\/div>\n      <p class=\"texto-auxiliar\">Prepare-se com o melhor material e com quem mais aprova em Concursos P\u00fablicos em todo o pa\u00eds.<\/p>\n    <\/div>\n\n\n\n<div class=\"container\" id=\"boxes\">\n  <div class=\"row\">\n\n    <div class=\"col-sm\">\n      <div class=\"estrategia\" id=\"box-assinatura\">\n        <h3 class=\"titulo-assinatura\">Assinatura Concursos<\/h3>\n        <p class=\"subtitulo-assinatura\">Assinatura de 1 ano ou 2 anos<\/p>\n        <div class=\"box-botao\">\n          <a class=\"btn-assinatura\" target=\"_blank\" href=\"https:\/\/www.estrategiaconcursos.com.br\/assinaturas\/\" role=\"button\" rel=\"noopener noreferrer\">ASSINE AGORA<\/a>\n        <\/div>\n      <\/div><\/div><\/div><\/div>\n\n\n\n<h2 class=\"wp-block-heading has-text-align-center wp-embed-aspect-16-9 wp-has-aspect-ratio\" id=\"h-quer-saber-tudo-sobre-concursos-previstos-confira-nossos-artigos\">Quer saber tudo sobre concursos previstos?<br \/>Confira nossos artigos!<\/h2>\n\n\n\n<ul class=\"wp-block-list wp-embed-aspect-16-9 wp-has-aspect-ratio\">\n<li><a href=\"https:\/\/www.estrategiaconcursos.com.br\/blog\/concursos-abertos\/\" target=\"_blank\" rel=\"noreferrer noopener\">Concursos Abertos<\/a><\/li>\n\n\n\n<li><a href=\"https:\/\/www.estrategiaconcursos.com.br\/blog\/concursos-2026\/\">Concursos 2026<\/a><\/li>\n<\/ul>\n\n\n\n<figure class=\"wp-block-image size-large is-resized\"><img loading=\"lazy\" decoding=\"async\" width=\"1024\" height=\"632\" src=\"https:\/\/dhg1h5j42swfq.cloudfront.net\/2025\/06\/27101122\/ficha-tecnica-1-1024x632.png\" alt=\"Ficha t\u00e9cnica\" class=\"wp-image-702728\" style=\"aspect-ratio:1.620253164556962;width:282px;height:auto\" srcset=\"https:\/\/dhg1h5j42swfq.cloudfront.net\/2025\/06\/27101122\/ficha-tecnica-1-1024x632.png 1024w, https:\/\/dhg1h5j42swfq.cloudfront.net\/2025\/06\/27101122\/ficha-tecnica-1-300x185.png 300w, https:\/\/dhg1h5j42swfq.cloudfront.net\/2025\/06\/27101122\/ficha-tecnica-1-768x474.png 768w, https:\/\/dhg1h5j42swfq.cloudfront.net\/2025\/06\/27101122\/ficha-tecnica-1-1536x948.png 1536w, https:\/\/dhg1h5j42swfq.cloudfront.net\/2025\/06\/27101122\/ficha-tecnica-1-610x377.png 610w, https:\/\/dhg1h5j42swfq.cloudfront.net\/2025\/06\/27101122\/ficha-tecnica-1.png 1571w\" sizes=\"auto, (max-width: 1024px) 100vw, 1024px\" \/><\/figure>\n\n\n\n<h3 class=\"wp-block-heading\" id=\"ficha\"><strong>Informa\u00e7\u00f5es do concurso Unificado Rio Grande do Norte<\/strong><\/h3>\n\n\n\n<ul class=\"wp-block-list\">\n<li><strong>Provas<\/strong>: 31\/05\/2026<\/li>\n\n\n\n<li><strong>Vagas<\/strong>: 175<\/li>\n\n\n\n<li><strong>Cargos<\/strong>: diversos<\/li>\n\n\n\n<li><strong>Banca<\/strong>: Instituto Avalia<\/li>\n\n\n\n<li><strong>Escolaridade<\/strong>: m\u00e9dio e superior<\/li>\n\n\n\n<li><strong>Edital:<\/strong> <a href=\"https:\/\/dhg1h5j42swfq.cloudfront.net\/2026\/03\/17013108\/edital-unificado-rn-2026.pdf\" target=\"_blank\" rel=\"noreferrer noopener nofollow\">Concurso Unificado RN-2026<\/a><\/li>\n<\/ul>\n","protected":false},"excerpt":{"rendered":"<p>Concurso Unificado RN oferta 175 vagas para Detran, IPERN e CEASA. Provas em 31 de maio! Est\u00e1 na pra\u00e7a o edital do Concurso Unificado do Rio Grande do Norte (RN), com oferta de 175 vagas imediatas, al\u00e9m de forma\u00e7\u00e3o de cadastro de reserva. Os sal\u00e1rios iniciais variam de R$ 1.771,46 a R$ 4.614,55, para fun\u00e7\u00f5es [&hellip;]<\/p>\n","protected":false},"author":2134,"featured_media":1737008,"comment_status":"open","ping_status":"closed","sticky":false,"template":"","format":"standard","meta":{"post_tipo":"news_page","footnotes":""},"categories":[214992,220219],"tags":[],"tax_estado":[219983],"class_list":["post-1736245","post","type-post","status-publish","format-standard","has-post-thumbnail","hentry","category-concursos-administrativos","category-noticias","tax_estado-rn"],"acf":[],"yoast_head":"<!-- This site is optimized with the Yoast SEO Premium plugin v27.2 (Yoast SEO v27.2) - https:\/\/yoast.com\/product\/yoast-seo-premium-wordpress\/ -->\n<title>Concurso Unificado RN: 175 vagas e at\u00e9 R$ 4,6 mil!<\/title>\n<meta name=\"description\" content=\"Concurso Unificado RN 2026 oferta 175 vagas para os \u00f3rg\u00e3os do Detran, IPERN e CEASA. Provas ser\u00e3o aplicadas em 31 de maio! Confira!\" \/>\n<meta name=\"robots\" content=\"index, follow, max-snippet:-1, max-image-preview:large, max-video-preview:-1\" \/>\n<link rel=\"canonical\" href=\"https:\/\/www.estrategiaconcursos.com.br\/blog\/concurso-unificado-rn\/\" \/>\n<meta property=\"og:locale\" content=\"pt_BR\" \/>\n<meta property=\"og:type\" content=\"article\" \/>\n<meta property=\"og:title\" content=\"Concurso Unificado RN: 175 vagas e at\u00e9 R$ 4,6 mil!\" \/>\n<meta property=\"og:description\" content=\"Concurso Unificado RN 2026 oferta 175 vagas para os \u00f3rg\u00e3os do Detran, IPERN e CEASA. Provas ser\u00e3o aplicadas em 31 de maio! Confira!\" \/>\n<meta property=\"og:url\" content=\"https:\/\/www.estrategiaconcursos.com.br\/blog\/concurso-unificado-rn\/\" \/>\n<meta property=\"og:site_name\" content=\"Estrat\u00e9gia Concursos\" \/>\n<meta property=\"article:published_time\" content=\"2026-05-01T02:59:00+00:00\" \/>\n<meta property=\"article:modified_time\" content=\"2026-05-01T12:44:32+00:00\" \/>\n<meta property=\"og:image\" content=\"https:\/\/dhg1h5j42swfq.cloudfront.net\/2026\/03\/17113211\/concurso-unificado-rn.jpg\" \/>\n\t<meta property=\"og:image:width\" content=\"768\" \/>\n\t<meta property=\"og:image:height\" content=\"432\" \/>\n\t<meta property=\"og:image:type\" content=\"image\/jpeg\" \/>\n<meta name=\"author\" content=\"Rafaela Teixeira\" \/>\n<meta name=\"twitter:card\" content=\"summary_large_image\" \/>\n<meta name=\"twitter:creator\" content=\"@EstratConcursos\" \/>\n<meta name=\"twitter:site\" content=\"@EstratConcursos\" \/>\n<meta name=\"twitter:label1\" content=\"Escrito por\" \/>\n\t<meta name=\"twitter:data1\" content=\"Rafaela Teixeira\" \/>\n\t<meta name=\"twitter:label2\" content=\"Est. tempo de leitura\" \/>\n\t<meta name=\"twitter:data2\" content=\"3 minutos\" \/>\n<script type=\"application\/ld+json\" class=\"yoast-schema-graph\">{\"@context\":\"https:\/\/schema.org\",\"@graph\":[{\"@type\":\"NewsArticle\",\"@id\":\"https:\/\/www.estrategiaconcursos.com.br\/blog\/concurso-unificado-rn\/#article\",\"isPartOf\":{\"@id\":\"https:\/\/www.estrategiaconcursos.com.br\/blog\/concurso-unificado-rn\/\"},\"author\":{\"name\":\"Rafaela Teixeira\",\"@id\":\"https:\/\/www.estrategiaconcursos.com.br\/blog\/#\/schema\/person\/e75352021ea7f60781c599934f916eb1\"},\"headline\":\"Concurso Unificado RN: 175 vagas e at\u00e9 R$ 4,6 mil!\",\"datePublished\":\"2026-05-01T02:59:00+00:00\",\"dateModified\":\"2026-05-01T12:44:32+00:00\",\"mainEntityOfPage\":{\"@id\":\"https:\/\/www.estrategiaconcursos.com.br\/blog\/concurso-unificado-rn\/\"},\"wordCount\":647,\"commentCount\":0,\"publisher\":{\"@id\":\"https:\/\/www.estrategiaconcursos.com.br\/blog\/#organization\"},\"image\":{\"@id\":\"https:\/\/www.estrategiaconcursos.com.br\/blog\/concurso-unificado-rn\/#primaryimage\"},\"thumbnailUrl\":\"https:\/\/dhg1h5j42swfq.cloudfront.net\/2026\/03\/17113211\/concurso-unificado-rn.jpg\",\"articleSection\":[\"Executivo (Administrativa)\",\"\u00daltimas not\u00edcias\"],\"inLanguage\":\"pt-BR\",\"potentialAction\":[{\"@type\":\"CommentAction\",\"name\":\"Comment\",\"target\":[\"https:\/\/www.estrategiaconcursos.com.br\/blog\/concurso-unificado-rn\/#respond\"]}],\"copyrightYear\":\"2026\",\"copyrightHolder\":{\"@id\":\"https:\/\/www.estrategiaconcursos.com.br\/blog\/#organization\"}},{\"@type\":\"WebPage\",\"@id\":\"https:\/\/www.estrategiaconcursos.com.br\/blog\/concurso-unificado-rn\/\",\"url\":\"https:\/\/www.estrategiaconcursos.com.br\/blog\/concurso-unificado-rn\/\",\"name\":\"Concurso Unificado RN: 175 vagas e at\u00e9 R$ 4,6 mil!\",\"isPartOf\":{\"@id\":\"https:\/\/www.estrategiaconcursos.com.br\/blog\/#website\"},\"primaryImageOfPage\":{\"@id\":\"https:\/\/www.estrategiaconcursos.com.br\/blog\/concurso-unificado-rn\/#primaryimage\"},\"image\":{\"@id\":\"https:\/\/www.estrategiaconcursos.com.br\/blog\/concurso-unificado-rn\/#primaryimage\"},\"thumbnailUrl\":\"https:\/\/dhg1h5j42swfq.cloudfront.net\/2026\/03\/17113211\/concurso-unificado-rn.jpg\",\"datePublished\":\"2026-05-01T02:59:00+00:00\",\"dateModified\":\"2026-05-01T12:44:32+00:00\",\"description\":\"Concurso Unificado RN 2026 oferta 175 vagas para os \u00f3rg\u00e3os do Detran, IPERN e CEASA. Provas ser\u00e3o aplicadas em 31 de maio! Confira!\",\"breadcrumb\":{\"@id\":\"https:\/\/www.estrategiaconcursos.com.br\/blog\/concurso-unificado-rn\/#breadcrumb\"},\"inLanguage\":\"pt-BR\",\"potentialAction\":[{\"@type\":\"ReadAction\",\"target\":[\"https:\/\/www.estrategiaconcursos.com.br\/blog\/concurso-unificado-rn\/\"]}]},{\"@type\":\"ImageObject\",\"inLanguage\":\"pt-BR\",\"@id\":\"https:\/\/www.estrategiaconcursos.com.br\/blog\/concurso-unificado-rn\/#primaryimage\",\"url\":\"https:\/\/dhg1h5j42swfq.cloudfront.net\/2026\/03\/17113211\/concurso-unificado-rn.jpg\",\"contentUrl\":\"https:\/\/dhg1h5j42swfq.cloudfront.net\/2026\/03\/17113211\/concurso-unificado-rn.jpg\",\"width\":768,\"height\":432,\"caption\":\"Concurso Unificado RN retificado\"},{\"@type\":\"BreadcrumbList\",\"@id\":\"https:\/\/www.estrategiaconcursos.com.br\/blog\/concurso-unificado-rn\/#breadcrumb\",\"itemListElement\":[{\"@type\":\"ListItem\",\"position\":1,\"name\":\"In\u00edcio\",\"item\":\"https:\/\/www.estrategiaconcursos.com.br\/blog\/\"},{\"@type\":\"ListItem\",\"position\":2,\"name\":\"Concurso Unificado RN: 175 vagas e at\u00e9 R$ 4,6 mil!\"}]},{\"@type\":\"WebSite\",\"@id\":\"https:\/\/www.estrategiaconcursos.com.br\/blog\/#website\",\"url\":\"https:\/\/www.estrategiaconcursos.com.br\/blog\/\",\"name\":\"Estrat\u00e9gia Concursos\",\"description\":\"O blog da Estrat\u00e9gia Concursos traz not\u00edcias sobre concursos e artigos de professores oferecendo cursos para concursos (pdf + videaulas) no site.\",\"publisher\":{\"@id\":\"https:\/\/www.estrategiaconcursos.com.br\/blog\/#organization\"},\"potentialAction\":[{\"@type\":\"SearchAction\",\"target\":{\"@type\":\"EntryPoint\",\"urlTemplate\":\"https:\/\/www.estrategiaconcursos.com.br\/blog\/?s={search_term_string}\"},\"query-input\":{\"@type\":\"PropertyValueSpecification\",\"valueRequired\":true,\"valueName\":\"search_term_string\"}}],\"inLanguage\":\"pt-BR\"},{\"@type\":\"Organization\",\"@id\":\"https:\/\/www.estrategiaconcursos.com.br\/blog\/#organization\",\"name\":\"Estrat\u00e9gia Concursos\",\"url\":\"https:\/\/www.estrategiaconcursos.com.br\/blog\/\",\"logo\":{\"@type\":\"ImageObject\",\"inLanguage\":\"pt-BR\",\"@id\":\"https:\/\/www.estrategiaconcursos.com.br\/blog\/#\/schema\/logo\/image\/\",\"url\":\"https:\/\/dhg1h5j42swfq.cloudfront.net\/2025\/06\/03203428\/logo_concursos-1.jpg\",\"contentUrl\":\"https:\/\/dhg1h5j42swfq.cloudfront.net\/2025\/06\/03203428\/logo_concursos-1.jpg\",\"width\":230,\"height\":60,\"caption\":\"Estrat\u00e9gia Concursos\"},\"image\":{\"@id\":\"https:\/\/www.estrategiaconcursos.com.br\/blog\/#\/schema\/logo\/image\/\"},\"sameAs\":[\"https:\/\/x.com\/EstratConcursos\"]},{\"@type\":\"Person\",\"@id\":\"https:\/\/www.estrategiaconcursos.com.br\/blog\/#\/schema\/person\/e75352021ea7f60781c599934f916eb1\",\"name\":\"Rafaela Teixeira\",\"image\":{\"@type\":\"ImageObject\",\"inLanguage\":\"pt-BR\",\"@id\":\"https:\/\/secure.gravatar.com\/avatar\/8a349a2b22039b1ee88fc06461487c950fd6aa411ea8af8633314b43334ae793?s=96&d=mm&r=g\",\"url\":\"https:\/\/secure.gravatar.com\/avatar\/8a349a2b22039b1ee88fc06461487c950fd6aa411ea8af8633314b43334ae793?s=96&d=mm&r=g\",\"contentUrl\":\"https:\/\/secure.gravatar.com\/avatar\/8a349a2b22039b1ee88fc06461487c950fd6aa411ea8af8633314b43334ae793?s=96&d=mm&r=g\",\"caption\":\"Rafaela Teixeira\"},\"description\":\"Rafaela Teixeira \u00e9 advogada conveniada \u00e0 Defensoria P\u00fablica de S\u00e3o Paulo pela OAB, com experi\u00eancia em reda\u00e7\u00e3o jur\u00eddica e atua\u00e7\u00e3o em institui\u00e7\u00f5es p\u00fablicas, incluindo est\u00e1gio no TRE-SP. Possui mais de 7 anos de experi\u00eancia na produ\u00e7\u00e3o de conte\u00fados voltados ao nicho de concursos p\u00fablicos, com foco em apura\u00e7\u00e3o jornal\u00edstica cont\u00ednua, an\u00e1lise de editais e obten\u00e7\u00e3o de informa\u00e7\u00f5es diretamente junto a \u00f3rg\u00e3os e fontes oficiais. No Blog do Estrat\u00e9gia Concursos, atua como Analista de Conte\u00fado S\u00eanior, respons\u00e1vel pelo jornalismo do per\u00edodo noturno e da madrugada, com atua\u00e7\u00e3o transversal na cobertura de concursos p\u00fablicos, garantindo a continuidade, fluidez e confiabilidade das publica\u00e7\u00f5es e dos bastidores dos certames.\",\"url\":\"https:\/\/www.estrategiaconcursos.com.br\/blog\/author\/rafaela-teixeira\/\"}]}<\/script>\n<!-- \/ Yoast SEO Premium plugin. -->","yoast_head_json":{"title":"Concurso Unificado RN: 175 vagas e at\u00e9 R$ 4,6 mil!","description":"Concurso Unificado RN 2026 oferta 175 vagas para os \u00f3rg\u00e3os do Detran, IPERN e CEASA. Provas ser\u00e3o aplicadas em 31 de maio! Confira!","robots":{"index":"index","follow":"follow","max-snippet":"max-snippet:-1","max-image-preview":"max-image-preview:large","max-video-preview":"max-video-preview:-1"},"canonical":"https:\/\/www.estrategiaconcursos.com.br\/blog\/concurso-unificado-rn\/","og_locale":"pt_BR","og_type":"article","og_title":"Concurso Unificado RN: 175 vagas e at\u00e9 R$ 4,6 mil!","og_description":"Concurso Unificado RN 2026 oferta 175 vagas para os \u00f3rg\u00e3os do Detran, IPERN e CEASA. Provas ser\u00e3o aplicadas em 31 de maio! Confira!","og_url":"https:\/\/www.estrategiaconcursos.com.br\/blog\/concurso-unificado-rn\/","og_site_name":"Estrat\u00e9gia Concursos","article_published_time":"2026-05-01T02:59:00+00:00","article_modified_time":"2026-05-01T12:44:32+00:00","og_image":[{"width":768,"height":432,"url":"https:\/\/dhg1h5j42swfq.cloudfront.net\/2026\/03\/17113211\/concurso-unificado-rn.jpg","type":"image\/jpeg"}],"author":"Rafaela Teixeira","twitter_card":"summary_large_image","twitter_creator":"@EstratConcursos","twitter_site":"@EstratConcursos","twitter_misc":{"Escrito por":"Rafaela Teixeira","Est. tempo de leitura":"3 minutos"},"schema":{"@context":"https:\/\/schema.org","@graph":[{"@type":"NewsArticle","@id":"https:\/\/www.estrategiaconcursos.com.br\/blog\/concurso-unificado-rn\/#article","isPartOf":{"@id":"https:\/\/www.estrategiaconcursos.com.br\/blog\/concurso-unificado-rn\/"},"author":{"name":"Rafaela Teixeira","@id":"https:\/\/www.estrategiaconcursos.com.br\/blog\/#\/schema\/person\/e75352021ea7f60781c599934f916eb1"},"headline":"Concurso Unificado RN: 175 vagas e at\u00e9 R$ 4,6 mil!","datePublished":"2026-05-01T02:59:00+00:00","dateModified":"2026-05-01T12:44:32+00:00","mainEntityOfPage":{"@id":"https:\/\/www.estrategiaconcursos.com.br\/blog\/concurso-unificado-rn\/"},"wordCount":647,"commentCount":0,"publisher":{"@id":"https:\/\/www.estrategiaconcursos.com.br\/blog\/#organization"},"image":{"@id":"https:\/\/www.estrategiaconcursos.com.br\/blog\/concurso-unificado-rn\/#primaryimage"},"thumbnailUrl":"https:\/\/dhg1h5j42swfq.cloudfront.net\/2026\/03\/17113211\/concurso-unificado-rn.jpg","articleSection":["Executivo (Administrativa)","\u00daltimas not\u00edcias"],"inLanguage":"pt-BR","potentialAction":[{"@type":"CommentAction","name":"Comment","target":["https:\/\/www.estrategiaconcursos.com.br\/blog\/concurso-unificado-rn\/#respond"]}],"copyrightYear":"2026","copyrightHolder":{"@id":"https:\/\/www.estrategiaconcursos.com.br\/blog\/#organization"}},{"@type":"WebPage","@id":"https:\/\/www.estrategiaconcursos.com.br\/blog\/concurso-unificado-rn\/","url":"https:\/\/www.estrategiaconcursos.com.br\/blog\/concurso-unificado-rn\/","name":"Concurso Unificado RN: 175 vagas e at\u00e9 R$ 4,6 mil!","isPartOf":{"@id":"https:\/\/www.estrategiaconcursos.com.br\/blog\/#website"},"primaryImageOfPage":{"@id":"https:\/\/www.estrategiaconcursos.com.br\/blog\/concurso-unificado-rn\/#primaryimage"},"image":{"@id":"https:\/\/www.estrategiaconcursos.com.br\/blog\/concurso-unificado-rn\/#primaryimage"},"thumbnailUrl":"https:\/\/dhg1h5j42swfq.cloudfront.net\/2026\/03\/17113211\/concurso-unificado-rn.jpg","datePublished":"2026-05-01T02:59:00+00:00","dateModified":"2026-05-01T12:44:32+00:00","description":"Concurso Unificado RN 2026 oferta 175 vagas para os \u00f3rg\u00e3os do Detran, IPERN e CEASA. Provas ser\u00e3o aplicadas em 31 de maio! Confira!","breadcrumb":{"@id":"https:\/\/www.estrategiaconcursos.com.br\/blog\/concurso-unificado-rn\/#breadcrumb"},"inLanguage":"pt-BR","potentialAction":[{"@type":"ReadAction","target":["https:\/\/www.estrategiaconcursos.com.br\/blog\/concurso-unificado-rn\/"]}]},{"@type":"ImageObject","inLanguage":"pt-BR","@id":"https:\/\/www.estrategiaconcursos.com.br\/blog\/concurso-unificado-rn\/#primaryimage","url":"https:\/\/dhg1h5j42swfq.cloudfront.net\/2026\/03\/17113211\/concurso-unificado-rn.jpg","contentUrl":"https:\/\/dhg1h5j42swfq.cloudfront.net\/2026\/03\/17113211\/concurso-unificado-rn.jpg","width":768,"height":432,"caption":"Concurso Unificado RN retificado"},{"@type":"BreadcrumbList","@id":"https:\/\/www.estrategiaconcursos.com.br\/blog\/concurso-unificado-rn\/#breadcrumb","itemListElement":[{"@type":"ListItem","position":1,"name":"In\u00edcio","item":"https:\/\/www.estrategiaconcursos.com.br\/blog\/"},{"@type":"ListItem","position":2,"name":"Concurso Unificado RN: 175 vagas e at\u00e9 R$ 4,6 mil!"}]},{"@type":"WebSite","@id":"https:\/\/www.estrategiaconcursos.com.br\/blog\/#website","url":"https:\/\/www.estrategiaconcursos.com.br\/blog\/","name":"Estrat\u00e9gia Concursos","description":"O blog da Estrat\u00e9gia Concursos traz not\u00edcias sobre concursos e artigos de professores oferecendo cursos para concursos (pdf + videaulas) no site.","publisher":{"@id":"https:\/\/www.estrategiaconcursos.com.br\/blog\/#organization"},"potentialAction":[{"@type":"SearchAction","target":{"@type":"EntryPoint","urlTemplate":"https:\/\/www.estrategiaconcursos.com.br\/blog\/?s={search_term_string}"},"query-input":{"@type":"PropertyValueSpecification","valueRequired":true,"valueName":"search_term_string"}}],"inLanguage":"pt-BR"},{"@type":"Organization","@id":"https:\/\/www.estrategiaconcursos.com.br\/blog\/#organization","name":"Estrat\u00e9gia Concursos","url":"https:\/\/www.estrategiaconcursos.com.br\/blog\/","logo":{"@type":"ImageObject","inLanguage":"pt-BR","@id":"https:\/\/www.estrategiaconcursos.com.br\/blog\/#\/schema\/logo\/image\/","url":"https:\/\/dhg1h5j42swfq.cloudfront.net\/2025\/06\/03203428\/logo_concursos-1.jpg","contentUrl":"https:\/\/dhg1h5j42swfq.cloudfront.net\/2025\/06\/03203428\/logo_concursos-1.jpg","width":230,"height":60,"caption":"Estrat\u00e9gia Concursos"},"image":{"@id":"https:\/\/www.estrategiaconcursos.com.br\/blog\/#\/schema\/logo\/image\/"},"sameAs":["https:\/\/x.com\/EstratConcursos"]},{"@type":"Person","@id":"https:\/\/www.estrategiaconcursos.com.br\/blog\/#\/schema\/person\/e75352021ea7f60781c599934f916eb1","name":"Rafaela Teixeira","image":{"@type":"ImageObject","inLanguage":"pt-BR","@id":"https:\/\/secure.gravatar.com\/avatar\/8a349a2b22039b1ee88fc06461487c950fd6aa411ea8af8633314b43334ae793?s=96&d=mm&r=g","url":"https:\/\/secure.gravatar.com\/avatar\/8a349a2b22039b1ee88fc06461487c950fd6aa411ea8af8633314b43334ae793?s=96&d=mm&r=g","contentUrl":"https:\/\/secure.gravatar.com\/avatar\/8a349a2b22039b1ee88fc06461487c950fd6aa411ea8af8633314b43334ae793?s=96&d=mm&r=g","caption":"Rafaela Teixeira"},"description":"Rafaela Teixeira \u00e9 advogada conveniada \u00e0 Defensoria P\u00fablica de S\u00e3o Paulo pela OAB, com experi\u00eancia em reda\u00e7\u00e3o jur\u00eddica e atua\u00e7\u00e3o em institui\u00e7\u00f5es p\u00fablicas, incluindo est\u00e1gio no TRE-SP. Possui mais de 7 anos de experi\u00eancia na produ\u00e7\u00e3o de conte\u00fados voltados ao nicho de concursos p\u00fablicos, com foco em apura\u00e7\u00e3o jornal\u00edstica cont\u00ednua, an\u00e1lise de editais e obten\u00e7\u00e3o de informa\u00e7\u00f5es diretamente junto a \u00f3rg\u00e3os e fontes oficiais. No Blog do Estrat\u00e9gia Concursos, atua como Analista de Conte\u00fado S\u00eanior, respons\u00e1vel pelo jornalismo do per\u00edodo noturno e da madrugada, com atua\u00e7\u00e3o transversal na cobertura de concursos p\u00fablicos, garantindo a continuidade, fluidez e confiabilidade das publica\u00e7\u00f5es e dos bastidores dos certames.","url":"https:\/\/www.estrategiaconcursos.com.br\/blog\/author\/rafaela-teixeira\/"}]}},"_links":{"self":[{"href":"https:\/\/www.estrategiaconcursos.com.br\/blog\/wp-json\/wp\/v2\/posts\/1736245","targetHints":{"allow":["GET"]}}],"collection":[{"href":"https:\/\/www.estrategiaconcursos.com.br\/blog\/wp-json\/wp\/v2\/posts"}],"about":[{"href":"https:\/\/www.estrategiaconcursos.com.br\/blog\/wp-json\/wp\/v2\/types\/post"}],"author":[{"embeddable":true,"href":"https:\/\/www.estrategiaconcursos.com.br\/blog\/wp-json\/wp\/v2\/users\/2134"}],"replies":[{"embeddable":true,"href":"https:\/\/www.estrategiaconcursos.com.br\/blog\/wp-json\/wp\/v2\/comments?post=1736245"}],"version-history":[{"count":29,"href":"https:\/\/www.estrategiaconcursos.com.br\/blog\/wp-json\/wp\/v2\/posts\/1736245\/revisions"}],"predecessor-version":[{"id":1759316,"href":"https:\/\/www.estrategiaconcursos.com.br\/blog\/wp-json\/wp\/v2\/posts\/1736245\/revisions\/1759316"}],"wp:featuredmedia":[{"embeddable":true,"href":"https:\/\/www.estrategiaconcursos.com.br\/blog\/wp-json\/wp\/v2\/media\/1737008"}],"wp:attachment":[{"href":"https:\/\/www.estrategiaconcursos.com.br\/blog\/wp-json\/wp\/v2\/media?parent=1736245"}],"wp:term":[{"taxonomy":"category","embeddable":true,"href":"https:\/\/www.estrategiaconcursos.com.br\/blog\/wp-json\/wp\/v2\/categories?post=1736245"},{"taxonomy":"post_tag","embeddable":true,"href":"https:\/\/www.estrategiaconcursos.com.br\/blog\/wp-json\/wp\/v2\/tags?post=1736245"},{"taxonomy":"tax_estado","embeddable":true,"href":"https:\/\/www.estrategiaconcursos.com.br\/blog\/wp-json\/wp\/v2\/tax_estado?post=1736245"}],"curies":[{"name":"wp","href":"https:\/\/api.w.org\/{rel}","templated":true}]}}