{"id":173618,"date":"2019-03-24T19:07:57","date_gmt":"2019-03-24T22:07:57","guid":{"rendered":"https:\/\/www.estrategiaconcursos.com.br\/blog\/?p=173618"},"modified":"2019-04-15T21:21:24","modified_gmt":"2019-04-16T00:21:24","slug":"gabarito-pc-es-investigador-estatuto-dos-policiais-civis-e-legislacao-penal-especial","status":"publish","type":"post","link":"https:\/\/www.estrategiaconcursos.com.br\/blog\/gabarito-pc-es-investigador-estatuto-dos-policiais-civis-e-legislacao-penal-especial\/","title":{"rendered":"Gabarito PC-ES Investigador &#8211; Estatuto dos Policiais Civis e Legisla\u00e7\u00e3o Penal Especial"},"content":{"rendered":"\n<p>Ol\u00e1 pessoal! Aqui \u00e9 o Professor Paulo Guimar\u00e3es, passando aqui para corrigir junto com voc\u00ea as quest\u00f5es acerca do Estatuto dos Policiais Civis e as quest\u00f5es de Legisla\u00e7\u00e3o Penal Especial aplicadas hoje no concurso da Pol\u00edcia Civil do Esp\u00edrito Santo para o cargo de Investigador.<\/p>\n\n\n\n<p>Se tiver alguma d\u00favida lembre-se que estou \u00e0 sua disposi\u00e7\u00e3o l\u00e1 no <a rel=\"noreferrer noopener\" aria-label=\"instagram  (opens in a new tab)\" href=\"http:\/\/www.instagram.com\/profpauloguimaraes\" target=\"_blank\">instagram <\/a>e tamb\u00e9m no meu canal no <a rel=\"noreferrer noopener\" aria-label=\"youtube (opens in a new tab)\" href=\"http:\/\/www.youtube.com\/professorpauloguimaraes\" target=\"_blank\">youtube<\/a>. <\/p>\n\n\n\n<figure class=\"wp-block-image\"><img loading=\"lazy\" decoding=\"async\" width=\"598\" height=\"504\" src=\"https:\/\/dhg1h5j42swfq.cloudfront.net\/2019\/03\/24163450\/image59.png\" alt=\"\" class=\"wp-image-173630\" srcset=\"https:\/\/dhg1h5j42swfq.cloudfront.net\/2019\/03\/24163450\/image59.png 598w, https:\/\/dhg1h5j42swfq.cloudfront.net\/2019\/03\/24163450\/image59.png 300w\" sizes=\"auto, (max-width: 598px) 100vw, 598px\" \/><\/figure>\n\n\n\n<p>A alternativa A est\u00e1 incorreta.<\/p>\n\n\n\n<p><strong><em>Art. 48 <\/em><\/strong><em>&#8211; A reintegra\u00e7\u00e3o, que decorrer\u00e1 da decis\u00e3o administrativa ou senten\u00e7a judicial, \u00e9 o reingresso do funcion\u00e1rio policial afastado do servi\u00e7o p\u00fablico, com pleno ressarcimento dos vencimentos, direitos e vantagens ligados ao cargo.<\/em><\/p>\n\n\n\n<p>A alternativa B est\u00e1 correta.<\/p>\n\n\n\n<p><strong><em>Art. 48 <\/em><\/strong><em>&#8211; A reintegra\u00e7\u00e3o, que decorrer\u00e1 da decis\u00e3o administrativa ou senten\u00e7a judicial, \u00e9 o reingresso do funcion\u00e1rio policial afastado do servi\u00e7o p\u00fablico, com pleno ressarcimento dos vencimentos, direitos e vantagens ligados ao cargo.<\/em><\/p>\n\n\n\n<p>A alternativa C est\u00e1 incorreta.<\/p>\n\n\n\n<p><strong><em>Art. 49, \u00a7 2\u00ba<\/em><\/strong><em> &#8211; O funcion\u00e1rio policial reintegrado deve ser submetido \u00e0 inspe\u00e7\u00e3o m\u00e9dica especializada na forma desta lei e, se julgado incapaz ou inv\u00e1lido, ser\u00e1 aposentado.<\/em><\/p>\n\n\n\n<p>As alternativas D e E\nest\u00e3o incorretas.<\/p>\n\n\n\n<p><strong><em>Art. 49, \u00a7 1\u00ba<\/em><\/strong><em> &#8211; N\u00e3o sendo poss\u00edvel reintegr\u00e1-lo na forma prevista neste artigo, o funcion\u00e1rio policial ser\u00e1 posto em disponibilidade, com a remunera\u00e7\u00e3o do cargo.<\/em><\/p>\n\n\n\n<p>A alternativa E est\u00e1 incorreta.<\/p>\n\n\n\n<p>GABARITO: B<\/p>\n\n\n\n<figure class=\"wp-block-image\"><img loading=\"lazy\" decoding=\"async\" width=\"604\" height=\"444\" src=\"https:\/\/dhg1h5j42swfq.cloudfront.net\/2019\/03\/24163528\/image60.png\" alt=\"\" class=\"wp-image-173632\" srcset=\"https:\/\/dhg1h5j42swfq.cloudfront.net\/2019\/03\/24163528\/image60.png 604w, https:\/\/dhg1h5j42swfq.cloudfront.net\/2019\/03\/24163528\/image60.png 300w\" sizes=\"auto, (max-width: 604px) 100vw, 604px\" \/><\/figure>\n\n\n\n<p><strong><em>Art. 62<\/em><\/strong><em> &#8211; Constituem prerrogativas dos funcion\u00e1rios policiais:<\/em><\/p>\n\n\n\n<p><em>I \u2013 o desempenho de cargos e fun\u00e7\u00f5es compat\u00edveis com a sua condi\u00e7\u00e3o hier\u00e1rquica;<\/em><\/p>\n\n\n\n<p><em>II \u2013 <\/em><strong><em>o uso de ins\u00edgnia e identifica\u00e7\u00e3o funcional<\/em><\/strong><em>;<\/em><\/p>\n\n\n\n<p><em>III \u2013 acesso a locais fiscalizados pela Pol\u00edcia Civil vetado;<\/em><\/p>\n\n\n\n<p><em>IV \u2013 assist\u00eancia jur\u00eddica prestada pelo Estado, quando submetido a processo em ju\u00edzo em raz\u00e3o do exerc\u00edcio do cargo;<\/em><\/p>\n\n\n\n<p><em>V \u2013 assist\u00eancia m\u00e9dico-hospitalar \u00e0s expensas do Estado, quando ferido ou acidentado em servi\u00e7o;<\/em><\/p>\n\n\n\n<p><em>VI \u2013 portar armas, mediante autoriza\u00e7\u00e3o do \u00f3rg\u00e3o competente.<\/em><\/p>\n\n\n\n<p>O erro est\u00e1 na alternativa C, pois n\u00e3o h\u00e1 restri\u00e7\u00e3o ao servi\u00e7o.<\/p>\n\n\n\n<p>GABARITO: C<\/p>\n\n\n\n<figure class=\"wp-block-image\"><img loading=\"lazy\" decoding=\"async\" width=\"593\" height=\"561\" src=\"https:\/\/dhg1h5j42swfq.cloudfront.net\/2019\/03\/24163542\/image61.png\" alt=\"\" class=\"wp-image-173634\" srcset=\"https:\/\/dhg1h5j42swfq.cloudfront.net\/2019\/03\/24163542\/image61.png 593w, https:\/\/dhg1h5j42swfq.cloudfront.net\/2019\/03\/24163542\/image61.png 300w\" sizes=\"auto, (max-width: 593px) 100vw, 593px\" \/><\/figure>\n\n\n\n<p>A alternativa A est\u00e1 incorreta.<\/p>\n\n\n\n<p><strong><em>Art. 63<\/em><\/strong><em> &#8211; Vencimento \u00e9 a retribui\u00e7\u00e3o pelo efetivo exerc\u00edcio do cargo, fixado em lei.<\/em><\/p>\n\n\n\n<p>A alternativa B est\u00e1 incorreta.<\/p>\n\n\n\n<p><strong><em>Art. 64 <\/em><\/strong><em>&#8211; Remunera\u00e7\u00e3o \u00e9 a retribui\u00e7\u00e3o que representa a totalidade do ganho, compreendendo o vencimento mais as vantagens pecuni\u00e1rias.<\/em><\/p>\n\n\n\n<p>A alternativa C est\u00e1 incorreta.<\/p>\n\n\n\n<p><strong><em>Art. 66<\/em><\/strong><em> &#8211; O funcion\u00e1rio policial perder\u00e1 o vencimento ou a remunera\u00e7\u00e3o do cargo efetivo quando:<\/em><\/p>\n\n\n\n<p><em>[&#8230;]<\/em><\/p>\n\n\n\n<p><em>II \u2013 no exerc\u00edcio de mandato eletivo federal ou estadual;<\/em><\/p>\n\n\n\n<p>A alternativa D est\u00e1 incorreta.<\/p>\n\n\n\n<p><strong><em>Art. 69<\/em><\/strong><em> &#8211; Ser\u00e3o relevadas at\u00e9 8 (oito) faltas consecutivas quando decorrentes de:<\/em><\/p>\n\n\n\n<p><em>I \u2013 casamento do funcion\u00e1rio;<\/em><\/p>\n\n\n\n<p>A alternativa E est\u00e1 correta.<\/p>\n\n\n\n<p><strong><em>Art. 68, \u00a7 2\u00ba<\/em><\/strong><em> &#8211; A exonera\u00e7\u00e3o e a demiss\u00e3o do funcion\u00e1rio policial em d\u00e9bito para com a Fazenda P\u00fablica implicar\u00e3o na inscri\u00e7\u00e3o da quantia devida em d\u00edvida ativa.<\/em><\/p>\n\n\n\n<p>GABARITO: E<\/p>\n\n\n\n<figure class=\"wp-block-image\"><img loading=\"lazy\" decoding=\"async\" width=\"628\" height=\"632\" src=\"https:\/\/dhg1h5j42swfq.cloudfront.net\/2019\/03\/24163557\/image62.png\" alt=\"\" class=\"wp-image-173635\" srcset=\"https:\/\/dhg1h5j42swfq.cloudfront.net\/2019\/03\/24163557\/image62.png 628w, https:\/\/dhg1h5j42swfq.cloudfront.net\/2019\/03\/24163557\/image62.png 150w, https:\/\/dhg1h5j42swfq.cloudfront.net\/2019\/03\/24163557\/image62.png 298w\" sizes=\"auto, (max-width: 628px) 100vw, 628px\" \/><\/figure>\n\n\n\n<p>A alternativa A est\u00e1 correta.<\/p>\n\n\n\n<p><strong><em>Art. 80<\/em><\/strong><em> &#8211; \u00c9 considerada falta grave conceder di\u00e1rias com o objetivo de remunerar servi\u00e7os ou encargos outros ou receb\u00ea-las com a viola\u00e7\u00e3o das normas estatu\u00eddas nesta Se\u00e7\u00e3o.<\/em><\/p>\n\n\n\n<p>A alternativa B est\u00e1 incorreta.<\/p>\n\n\n\n<p><strong><em>Art. 78<\/em><\/strong><em> &#8211; Ao funcion\u00e1rio policial que se deslocar da sede em objeto de servi\u00e7o conceder-se di\u00e1ria para indeniza\u00e7\u00e3o de despesa de alimenta\u00e7\u00e3o e pousada, de acordo com os crit\u00e9rios estabelecidos em decreto do Chefe do poder Executivo.<\/em><\/p>\n\n\n\n<p>A alternativa C est\u00e1 incorreta.<\/p>\n\n\n\n<p><strong><em>Art. 78, \u00a7 1\u00ba<\/em><\/strong><em> &#8211; N\u00e3o se conceder\u00e1 di\u00e1ria:<\/em><\/p>\n\n\n\n<p><em>[&#8230;]<\/em><\/p>\n\n\n\n<p><em>b) \u2013 quando o deslocamento constituir exig\u00eancia permanente do cargo. <\/em><\/p>\n\n\n\n<p>A alternativa D est\u00e1 incorreta.<\/p>\n\n\n\n<p>N\u00e3o h\u00e1 nenhum dispositivo que traga essa proibi\u00e7\u00e3o no\nEstatuto.<\/p>\n\n\n\n<p>A alternativa E est\u00e1 incorreta.<\/p>\n\n\n\n<p><strong><em>Art. 75, Par\u00e1grafo \u00fanico<\/em><\/strong><em> &#8211; A ajuda de custo ser\u00e1 paga antecipadamente, por metade, sendo facultado ao funcion\u00e1rio optar pelo recebimento integral na nova reparti\u00e7\u00e3o. <\/em><\/p>\n\n\n\n<p>GABARITO: A<\/p>\n\n\n\n<figure class=\"wp-block-image\"><img loading=\"lazy\" decoding=\"async\" width=\"530\" height=\"657\" src=\"https:\/\/dhg1h5j42swfq.cloudfront.net\/2019\/03\/24163629\/image64.png\" alt=\"\" class=\"wp-image-173638\" srcset=\"https:\/\/dhg1h5j42swfq.cloudfront.net\/2019\/03\/24163629\/image64.png 530w, https:\/\/dhg1h5j42swfq.cloudfront.net\/2019\/03\/24163629\/image64.png 242w\" sizes=\"auto, (max-width: 530px) 100vw, 530px\" \/><\/figure>\n\n\n\n<p>A alternativa A est\u00e1 incorreta.<\/p>\n\n\n\n<p><strong><em>Art. 195<\/em><\/strong><em> &#8211; Na aplica\u00e7\u00e3o de qualquer pena disciplinar ser\u00e3o previamente considerados:<\/em><\/p>\n\n\n\n<p><em>[&#8230;]<\/em><\/p>\n\n\n\n<p><em>II \u2013 os danos dela decorrentes para o servi\u00e7o p\u00fablico;<\/em><\/p>\n\n\n\n<p>A alternativa B est\u00e1 incorreta.<\/p>\n\n\n\n<p><strong><em>Art. 194 <\/em><\/strong><em>&#8211; S\u00e3o penas disciplinares<\/em><\/p>\n\n\n\n<p><em>\u00a0I \u2013 advert\u00eancia;<\/em><\/p>\n\n\n\n<p><em>II \u2013 repreens\u00e3o; <\/em><strong><em>(Revogado pela Lei Complementar n\u00ba 03\/1990)<\/em><\/strong><\/p>\n\n\n\n<p><em>III \u2013 suspens\u00e3o;<\/em><\/p>\n\n\n\n<p><em>IV \u2013 destitui\u00e7\u00e3o de fun\u00e7\u00e3o;<\/em><\/p>\n\n\n\n<p><em>V \u2013 altera\u00e7\u00e3o compuls\u00f3ria de localiza\u00e7\u00e3o;<\/em><\/p>\n\n\n\n<p><em>VI \u2013 demiss\u00e3o;<\/em><\/p>\n\n\n\n<p><em>VII \u2013 cassa\u00e7\u00e3o de aposentadoria ou de disponibilidade.<\/em><\/p>\n\n\n\n<p>N\u00e3o h\u00e1 pris\u00e3o administrativa!<\/p>\n\n\n\n<p>A alternativa C est\u00e1 incorreta.<\/p>\n\n\n\n<p><strong><em>Art. 195, \u00a7 3\u00ba<\/em><\/strong><em> &#8211; S\u00e3o causas de justifica\u00e7\u00e3o:<\/em><\/p>\n\n\n\n<p>I \u2013 motivo de for\u00e7a maior, plenamente\ncomprovado;<\/p>\n\n\n\n<p>A alternativa D est\u00e1 correta.<\/p>\n\n\n\n<p><strong><em>Art. 197 <\/em><\/strong><em>&#8211; A aplica\u00e7\u00e3o das penas de suspens\u00e3o at\u00e9 60 (sessenta) dias, de destitui\u00e7\u00e3o de fun\u00e7\u00e3o, de altera\u00e7\u00e3o compuls\u00f3ria de localiza\u00e7\u00e3o e de advert\u00eancia ser\u00e1 precedida de investiga\u00e7\u00e3o sum\u00e1ria.<\/em><\/p>\n\n\n\n<p>A alternativa E est\u00e1 incorreta.<\/p>\n\n\n\n<p><strong><em>\u00a7 1\u00ba <\/em><\/strong><em>&#8211; s\u00e3o circunst\u00e2ncias atenuantes da pena:<\/em><\/p>\n\n\n\n<p><em>[&#8230;]<\/em><\/p>\n\n\n\n<p><em>II \u2013 ter o funcion\u00e1rio:<\/em><\/p>\n\n\n\n<p><em>[&#8230;]<\/em><\/p>\n\n\n\n<p><em>b) haver cometido a infra\u00e7\u00e3o sob coa\u00e7\u00e3o irresist\u00edvel de superior hier\u00e1rquico ou sob influ\u00eancia de violenta emo\u00e7\u00e3o provocada por ato injusto de terceiros;<\/em><\/p>\n\n\n\n<p>GABARITO: D<br \/><\/p>\n\n\n\n<figure class=\"wp-block-image\"><img loading=\"lazy\" decoding=\"async\" width=\"687\" height=\"554\" src=\"https:\/\/dhg1h5j42swfq.cloudfront.net\/2019\/03\/24163138\/image54.png\" alt=\"\" class=\"wp-image-173621\" srcset=\"https:\/\/dhg1h5j42swfq.cloudfront.net\/2019\/03\/24163138\/image54.png 687w, https:\/\/dhg1h5j42swfq.cloudfront.net\/2019\/03\/24163138\/image54.png 300w\" sizes=\"auto, (max-width: 687px) 100vw, 687px\" \/><\/figure>\n\n\n\n<p><strong>Lei n. 8.137\/1990<\/strong><\/p>\n\n\n\n<p><em>Art. 2\u00b0 Constitui crime da mesma natureza:\u00a0\u00a0<\/em><\/p>\n\n\n\n<p><em>II &#8211; deixar de recolher, no prazo legal, valor de tributo ou de contribui\u00e7\u00e3o social, descontado ou cobrado, na qualidade de sujeito passivo de obriga\u00e7\u00e3o e que deveria recolher aos cofres p\u00fablicos;<\/em><\/p>\n\n\n\n<p> GABARITO: C <\/p>\n\n\n\n<figure class=\"wp-block-image\"><img loading=\"lazy\" decoding=\"async\" width=\"587\" height=\"573\" src=\"https:\/\/dhg1h5j42swfq.cloudfront.net\/2019\/03\/24163201\/image55.png\" alt=\"\" class=\"wp-image-173623\" srcset=\"https:\/\/dhg1h5j42swfq.cloudfront.net\/2019\/03\/24163201\/image55.png 587w, https:\/\/dhg1h5j42swfq.cloudfront.net\/2019\/03\/24163201\/image55.png 300w\" sizes=\"auto, (max-width: 587px) 100vw, 587px\" \/><\/figure>\n\n\n\n<p>A alternativa A est\u00e1 incorreta.<\/p>\n\n\n\n<p><em>I \u2013\nhomic\u00eddio (art. 121), quando praticado em atividade t\u00edpica de grupo de\nexterm\u00ednio, ainda que cometido por um s\u00f3 agente, e homic\u00eddio qualificado (art.\n121, \u00a7 2<\/em><em><sup>o<\/sup><\/em><em>,\nincisos I, II, III, IV, V, VI e VII);<\/em><\/p>\n\n\n\n<p>A alternativa B est\u00e1 incorreta.<\/p>\n\n\n\n<p><em>VII &#8211;\nepidemia com resultado morte (art. 267, \u00a7 1<\/em><em><sup>o<\/sup><\/em><em>).&nbsp;<\/em><\/p>\n\n\n\n<p>A alternativa C est\u00e1 incorreta.<\/p>\n\n\n\n<p><em>Par\u00e1grafo\n\u00fanico. &nbsp;Consideram-se tamb\u00e9m hediondos o crime de genoc\u00eddio previsto\nnos&nbsp;<\/em><em><a href=\"http:\/\/www.planalto.gov.br\/ccivil_03\/LEIS\/L2889.htm\">arts<\/a><\/em><em><a href=\"http:\/\/www.planalto.gov.br\/ccivil_03\/LEIS\/L2889.htm\">. 1<\/a><\/em><em><sup><a href=\"http:\/\/www.planalto.gov.br\/ccivil_03\/LEIS\/L2889.htm\">o<\/a><\/sup><\/em><em><a href=\"http:\/\/www.planalto.gov.br\/ccivil_03\/LEIS\/L2889.htm\">, 2<\/a><\/em><em><sup><a href=\"http:\/\/www.planalto.gov.br\/ccivil_03\/LEIS\/L2889.htm\">o<\/a><\/sup><\/em><em><a href=\"http:\/\/www.planalto.gov.br\/ccivil_03\/LEIS\/L2889.htm\">&nbsp;e 3<\/a><\/em><em><sup><a href=\"http:\/\/www.planalto.gov.br\/ccivil_03\/LEIS\/L2889.htm\">o<\/a><\/sup><\/em><em><a href=\"http:\/\/www.planalto.gov.br\/ccivil_03\/LEIS\/L2889.htm\">&nbsp;da Lei n<\/a><\/em><em><sup><a href=\"http:\/\/www.planalto.gov.br\/ccivil_03\/LEIS\/L2889.htm\">o<\/a><\/sup><\/em><em><a href=\"http:\/\/www.planalto.gov.br\/ccivil_03\/LEIS\/L2889.htm\">&nbsp;2.889, de 1<\/a><\/em><em><sup><a href=\"http:\/\/www.planalto.gov.br\/ccivil_03\/LEIS\/L2889.htm\">o<\/a><\/sup><\/em><em><a href=\"http:\/\/www.planalto.gov.br\/ccivil_03\/LEIS\/L2889.htm\">&nbsp;de outubro de\n1956<\/a><\/em><em>,\ne o de posse ou porte ilegal de arma de fogo de uso restrito, previsto no&nbsp;<\/em><em><a href=\"http:\/\/www.planalto.gov.br\/ccivil_03\/LEIS\/2003\/L10.826.htm\">art. 16 da\nLei n<\/a><\/em><em><sup><a href=\"http:\/\/www.planalto.gov.br\/ccivil_03\/LEIS\/2003\/L10.826.htm\">o<\/a><\/sup><\/em><em><a href=\"http:\/\/www.planalto.gov.br\/ccivil_03\/LEIS\/2003\/L10.826.htm\">&nbsp;10.826,\nde 22 de dezembro de 2003<\/a><\/em><em>,\ntodos tentados ou consumados.<\/em><\/p>\n\n\n\n<p>A alternativa D est\u00e1 correta.<\/p>\n\n\n\n<p><em>VIII\n&#8211; favorecimento da prostitui\u00e7\u00e3o ou de outra forma de explora\u00e7\u00e3o sexual de\ncrian\u00e7a ou adolescente ou de vulner\u00e1vel (art. 218-B, caput, e \u00a7\u00a7 1\u00ba e 2\u00ba).<\/em><\/p>\n\n\n\n<p>A alternativa E est\u00e1 incorreta.<\/p>\n\n\n\n<p><em>I \u2013\nhomic\u00eddio (art. 121), quando praticado em atividade t\u00edpica de grupo de\nexterm\u00ednio, ainda que cometido por um s\u00f3 agente, e homic\u00eddio qualificado (art.\n121, \u00a7 2<\/em><em><sup>o<\/sup><\/em><em>,\nincisos I, II, III, IV, V, VI e VII);&nbsp;&nbsp;<\/em><\/p>\n\n\n\n<p>GABARITO: D<\/p>\n\n\n\n<figure class=\"wp-block-image\"><img loading=\"lazy\" decoding=\"async\" width=\"589\" height=\"656\" src=\"https:\/\/dhg1h5j42swfq.cloudfront.net\/2019\/03\/24163227\/image56.png\" alt=\"\" class=\"wp-image-173624\" srcset=\"https:\/\/dhg1h5j42swfq.cloudfront.net\/2019\/03\/24163227\/image56.png 589w, https:\/\/dhg1h5j42swfq.cloudfront.net\/2019\/03\/24163227\/image56.png 269w\" sizes=\"auto, (max-width: 589px) 100vw, 589px\" \/><\/figure>\n\n\n\n<p>A alternativa A est\u00e1 incorreta.<\/p>\n\n\n\n<p><strong>Art.\n33, <\/strong><strong>\u00a7\n3<\/strong><strong><sup>o<\/sup><\/strong><strong>&nbsp;<\/strong>\nOferecer droga, eventualmente e sem objetivo de lucro, a pessoa de seu\nrelacionamento, para juntos a consumirem:<\/p>\n\n\n\n<p>Pena\n&#8211; deten\u00e7\u00e3o, de 6 (seis) meses a 1 (um) ano, e pagamento de 700 (setecentos) a\n1.500 (mil e quinhentos) dias-multa, sem preju\u00edzo das penas previstas no art.\n28.<\/p>\n\n\n\n<p>A alternativa B est\u00e1 incorreta.<\/p>\n\n\n\n<p><strong><em>Art.\n39.&nbsp;<\/em><\/strong><em>\nConduzir embarca\u00e7\u00e3o ou aeronave ap\u00f3s o consumo de drogas, expondo a dano\npotencial a incolumidade de outrem:<\/em><\/p>\n\n\n\n<p><strong><em>Pena <\/em><\/strong><em>&#8211;\ndeten\u00e7\u00e3o, de 6 (seis) meses a 3 (tr\u00eas) anos, al\u00e9m da apreens\u00e3o do ve\u00edculo,\ncassa\u00e7\u00e3o da habilita\u00e7\u00e3o respectiva ou proibi\u00e7\u00e3o de obt\u00ea-la, pelo mesmo prazo da\npena privativa de liberdade aplicada, e pagamento de 200 (duzentos) a 400\n(quatrocentos) dias-multa.<\/em><\/p>\n\n\n\n<p>A alternativa C est\u00e1 correta.<\/p>\n\n\n\n<p><strong><em>Art.\n28<\/em><\/strong><em>.&nbsp;\nQuem adquirir, guardar, tiver em dep\u00f3sito, transportar ou trouxer consigo, para\nconsumo pessoal, drogas sem autoriza\u00e7\u00e3o ou em desacordo com determina\u00e7\u00e3o legal\nou regulamentar ser\u00e1 submetido \u00e0s seguintes penas:<\/em><\/p>\n\n\n\n<p><strong><em>I<\/em><\/strong><em>\n&#8211; advert\u00eancia sobre os efeitos das drogas;<\/em><\/p>\n\n\n\n<p><strong><em>II<\/em><\/strong><em>\n&#8211; presta\u00e7\u00e3o de servi\u00e7os \u00e0 comunidade;<\/em><\/p>\n\n\n\n<p><strong><em>III<\/em><\/strong><em>\n&#8211; medida educativa de comparecimento a programa ou curso educativo.<\/em><\/p>\n\n\n\n<p>A alternativa D est\u00e1 incorreta.<\/p>\n\n\n\n<p><strong><em>Art.\n30<\/em><\/strong><em>.&nbsp;\nPrescrevem em 2 (dois) anos a imposi\u00e7\u00e3o e a execu\u00e7\u00e3o das penas, observado, no\ntocante \u00e0 interrup\u00e7\u00e3o do prazo, o disposto nos&nbsp;<\/em><em><a href=\"http:\/\/www.planalto.gov.br\/ccivil_03\/Decreto-Lei\/Del2848.htm\">arts<\/a><\/em><em><a href=\"http:\/\/www.planalto.gov.br\/ccivil_03\/Decreto-Lei\/Del2848.htm\">. 107 e\nseguintes do C\u00f3digo Penal<\/a><\/em><em>.<\/em><\/p>\n\n\n\n<p>A alternativa E est\u00e1 incorreta.<\/p>\n\n\n\n<p><strong><em>Art.\n40.<\/em><\/strong><em>&nbsp;\nAs penas previstas nos <\/em><em>arts<\/em><em>. 33\na 37 desta Lei s\u00e3o aumentadas de um sexto a dois ter\u00e7os, se:<\/em><\/p>\n\n\n\n<p><strong><em>I<\/em><\/strong><em>\n&#8211; a natureza, a proced\u00eancia da subst\u00e2ncia ou do produto apreendido e as\ncircunst\u00e2ncias do fato evidenciarem a <\/em><em>transnacionalidade<\/em><em>\ndo delito;<\/em><\/p>\n\n\n\n<p>GABARITO: C<\/p>\n\n\n\n<figure class=\"wp-block-image\"><img loading=\"lazy\" decoding=\"async\" width=\"558\" height=\"527\" src=\"https:\/\/dhg1h5j42swfq.cloudfront.net\/2019\/03\/24163252\/image57.png\" alt=\"\" class=\"wp-image-173626\" srcset=\"https:\/\/dhg1h5j42swfq.cloudfront.net\/2019\/03\/24163252\/image57.png 558w, https:\/\/dhg1h5j42swfq.cloudfront.net\/2019\/03\/24163252\/image57.png 300w\" sizes=\"auto, (max-width: 558px) 100vw, 558px\" \/><\/figure>\n\n\n\n<p>A alternativa A est\u00e1 incorreta.<\/p>\n\n\n\n<p><strong><em>Art.\n12<\/em><\/strong><em>.\nA a\u00e7\u00e3o penal ser\u00e1 iniciada, independentemente de inqu\u00e9rito policial ou\njustifica\u00e7\u00e3o por den\u00fancia do Minist\u00e9rio P\u00fablico, instru\u00edda com a representa\u00e7\u00e3o\nda v\u00edtima do abuso.<\/em><\/p>\n\n\n\n<p>A alternativa B est\u00e1 correta.<\/p>\n\n\n\n<p><strong><em>Art.\n4\u00ba <\/em><\/strong><em>Constitui\ntamb\u00e9m abuso de autoridade:<\/em><\/p>\n\n\n\n<p><em>c)\ndeixar de comunicar, imediatamente, ao juiz competente a pris\u00e3o ou deten\u00e7\u00e3o de\nqualquer pessoa;<\/em><\/p>\n\n\n\n<p><em>d)\ndeixar o Juiz de ordenar o relaxamento de pris\u00e3o ou deten\u00e7\u00e3o ilegal que lhe\nseja comunicada;<\/em><\/p>\n\n\n\n<p>A alternativa C est\u00e1 incorreta.<\/p>\n\n\n\n<p>N\u00e3o h\u00e1 disposi\u00e7\u00e3o nesse sentido na lei.<\/p>\n\n\n\n<p>A alternativa D est\u00e1 incorreta.<\/p>\n\n\n\n<p><strong><em>Art.\n6\u00ba<\/em><\/strong><em>\nO abuso de autoridade sujeitar\u00e1 o seu autor \u00e0 san\u00e7\u00e3o administrativa civil e\npenal.<\/em><\/p>\n\n\n\n<p>A alternativa E est\u00e1 incorreta.<\/p>\n\n\n\n<p><strong><em>\u00a7 3\u00ba <\/em><\/strong><em>A\nsan\u00e7\u00e3o penal ser\u00e1 aplicada de acordo com as regras dos&nbsp;<\/em><em><a href=\"http:\/\/www.planalto.gov.br\/ccivil_03\/Decreto-Lei\/Del2848.htm\">artigos 42\na 56 do C\u00f3digo Penal<\/a><\/em><em>&nbsp;e consistir\u00e1 em:<\/em><\/p>\n\n\n\n<p><em>a)\nmulta de cem a cinco mil cruzeiros;<\/em><\/p>\n\n\n\n<p><em>b)\ndeten\u00e7\u00e3o por dez dias a seis meses;<\/em><\/p>\n\n\n\n<p><em>c)\nperda do cargo e a inabilita\u00e7\u00e3o para o exerc\u00edcio de qualquer outra fun\u00e7\u00e3o\np\u00fablica por prazo at\u00e9 tr\u00eas anos.<\/em><\/p>\n\n\n\n<p>GABARITO: B<\/p>\n\n\n\n<figure class=\"wp-block-image\"><img loading=\"lazy\" decoding=\"async\" width=\"457\" height=\"673\" src=\"https:\/\/dhg1h5j42swfq.cloudfront.net\/2019\/03\/24163321\/image58.png\" alt=\"\" class=\"wp-image-173628\" srcset=\"https:\/\/dhg1h5j42swfq.cloudfront.net\/2019\/03\/24163321\/image58.png 457w, https:\/\/dhg1h5j42swfq.cloudfront.net\/2019\/03\/24163321\/image58.png 204w\" sizes=\"auto, (max-width: 457px) 100vw, 457px\" \/><\/figure>\n\n\n\n<p>A alternativa A est\u00e1 incorreta.<\/p>\n\n\n\n<p><em>Art. 28.\u00a0 Quem adquirir, guardar, tiver em dep\u00f3sito, transportar ou trouxer consigo, para consumo pessoal, drogas sem autoriza\u00e7\u00e3o ou em desacordo com determina\u00e7\u00e3o legal ou regulamentar ser\u00e1 submetido \u00e0s seguintes penas:<\/em><\/p>\n\n\n\n<p><em>I &#8211; advert\u00eancia sobre os efeitos das drogas;<\/em><\/p>\n\n\n\n<p><em>II &#8211; presta\u00e7\u00e3o de servi\u00e7os \u00e0 comunidade;<\/em><\/p>\n\n\n\n<p><em>III &#8211; medida educativa de comparecimento a programa ou curso educativo.<\/em><\/p>\n\n\n\n<p><em>[&#8230;]<\/em><\/p>\n\n\n\n<p><em>\u00a7 3<\/em><sup><em>o<\/em><\/sup><em>\u00a0 As penas previstas nos incisos II e III do caput deste artigo ser\u00e3o aplicadas pelo prazo m\u00e1ximo de 5 (cinco) meses.<\/em><\/p>\n\n\n\n<p><em>\u00a7 4<\/em><sup><em>o<\/em><\/sup><em>\u00a0 Em caso de reincid\u00eancia, as penas previstas nos incisos II e III do caput deste artigo ser\u00e3o aplicadas pelo prazo m\u00e1ximo de 10 (dez) meses.<\/em><\/p>\n\n\n\n<p>A alternativa B est\u00e1 incorreta.<\/p>\n\n\n\n<p><strong><em>\u00a7 3\u00ba <\/em><\/strong><em>A\nsan\u00e7\u00e3o penal ser\u00e1 aplicada de acordo com as regras dos&nbsp;<\/em><em><a href=\"http:\/\/www.planalto.gov.br\/ccivil_03\/Decreto-Lei\/Del2848.htm\">artigos 42\na 56 do C\u00f3digo Penal<\/a><\/em><em>&nbsp;e consistir\u00e1 em:<\/em><\/p>\n\n\n\n<p><em>a)\nmulta de cem a cinco mil cruzeiros;<\/em><\/p>\n\n\n\n<p><em>b)\ndeten\u00e7\u00e3o por dez dias a seis meses;<\/em><\/p>\n\n\n\n<p><em>c)\nperda do cargo e a inabilita\u00e7\u00e3o para o exerc\u00edcio de qualquer outra fun\u00e7\u00e3o\np\u00fablica por prazo at\u00e9 tr\u00eas anos.<\/em><\/p>\n\n\n\n<p>A alternativa C est\u00e1 incorreta.<\/p>\n\n\n\n<p>Apenas o latroc\u00ednio \u00e9 crime hediondo (art. 157, \u00a7 3<sup>o<\/sup>,\u00a0<strong>in fine<\/strong>);<\/p>\n\n\n\n<p>A alternativa D est\u00e1 correta.<\/p>\n\n\n\n<p><em>Art. 2\u00b0 Constitui crime da mesma natureza:<\/em><\/p>\n\n\n\n<p><em>[&#8230;]<\/em><\/p>\n\n\n\n<p><em>IV &#8211; deixar de aplicar, ou aplicar em desacordo com o estatu\u00eddo, incentivo fiscal ou parcelas de imposto liberadas por \u00f3rg\u00e3o ou entidade de desenvolvimento;<\/em><\/p>\n\n\n\n<p> A alternativa E est\u00e1 incorreta.<\/p>\n\n\n\n<p><em>Art. 342, \u00a7 2\u00ba O fato deixa de ser pun\u00edvel se, antes da senten\u00e7a no processo em que ocorreu o il\u00edcito, o agente se retrata ou declara a verdade.<\/em><\/p>\n\n\n\n<p>GABARITO:\nD<\/p>\n","protected":false},"excerpt":{"rendered":"<p>Ol\u00e1 pessoal! Aqui \u00e9 o Professor Paulo Guimar\u00e3es, passando aqui para corrigir junto com voc\u00ea as quest\u00f5es acerca do Estatuto dos Policiais Civis e as quest\u00f5es de Legisla\u00e7\u00e3o Penal Especial aplicadas hoje no concurso da Pol\u00edcia Civil do Esp\u00edrito Santo para o cargo de Investigador. Se tiver alguma d\u00favida lembre-se que estou \u00e0 sua disposi\u00e7\u00e3o [&hellip;]<\/p>\n","protected":false},"author":99,"featured_media":0,"comment_status":"open","ping_status":"closed","sticky":false,"template":"","format":"standard","meta":{"post_tipo":"article","footnotes":""},"categories":[1],"tags":[],"tax_estado":[],"class_list":["post-173618","post","type-post","status-publish","format-standard","hentry","category-cursos-e-concursos"],"acf":[],"yoast_head":"<!-- This site is optimized with the Yoast SEO Premium plugin v27.2 (Yoast SEO v27.2) - https:\/\/yoast.com\/product\/yoast-seo-premium-wordpress\/ -->\n<title>Gabarito PC-ES Investigador - Estatuto dos Policiais Civis e Legisla\u00e7\u00e3o Penal Especial<\/title>\n<meta name=\"robots\" content=\"index, follow, max-snippet:-1, max-image-preview:large, max-video-preview:-1\" \/>\n<link rel=\"canonical\" href=\"https:\/\/www.estrategiaconcursos.com.br\/blog\/gabarito-pc-es-investigador-estatuto-dos-policiais-civis-e-legislacao-penal-especial\/\" \/>\n<meta property=\"og:locale\" content=\"pt_BR\" \/>\n<meta property=\"og:type\" content=\"article\" \/>\n<meta property=\"og:title\" content=\"Gabarito PC-ES Investigador - Estatuto dos Policiais Civis e Legisla\u00e7\u00e3o Penal Especial\" \/>\n<meta property=\"og:description\" content=\"Ol\u00e1 pessoal! Aqui \u00e9 o Professor Paulo Guimar\u00e3es, passando aqui para corrigir junto com voc\u00ea as quest\u00f5es acerca do Estatuto dos Policiais Civis e as quest\u00f5es de Legisla\u00e7\u00e3o Penal Especial aplicadas hoje no concurso da Pol\u00edcia Civil do Esp\u00edrito Santo para o cargo de Investigador. Se tiver alguma d\u00favida lembre-se que estou \u00e0 sua disposi\u00e7\u00e3o [&hellip;]\" \/>\n<meta property=\"og:url\" content=\"https:\/\/www.estrategiaconcursos.com.br\/blog\/gabarito-pc-es-investigador-estatuto-dos-policiais-civis-e-legislacao-penal-especial\/\" \/>\n<meta property=\"og:site_name\" content=\"Estrat\u00e9gia Concursos\" \/>\n<meta property=\"article:published_time\" content=\"2019-03-24T22:07:57+00:00\" \/>\n<meta property=\"article:modified_time\" content=\"2019-04-16T00:21:24+00:00\" \/>\n<meta property=\"og:image\" content=\"https:\/\/www.estrategiaconcursos.com.br\/blog\/wp-content\/uploads\/2019\/03\/image59.png\" \/>\n<meta name=\"author\" content=\"Paulo Guimar\u00e3es\" \/>\n<meta name=\"twitter:card\" content=\"summary_large_image\" \/>\n<meta name=\"twitter:creator\" content=\"@EstratConcursos\" \/>\n<meta name=\"twitter:site\" content=\"@EstratConcursos\" \/>\n<meta name=\"twitter:label1\" content=\"Escrito por\" \/>\n\t<meta name=\"twitter:data1\" content=\"Paulo Guimar\u00e3es\" \/>\n\t<meta name=\"twitter:label2\" content=\"Est. tempo de leitura\" \/>\n\t<meta name=\"twitter:data2\" content=\"9 minutos\" \/>\n<script type=\"application\/ld+json\" class=\"yoast-schema-graph\">{\"@context\":\"https:\/\/schema.org\",\"@graph\":[{\"@type\":\"NewsArticle\",\"@id\":\"https:\/\/www.estrategiaconcursos.com.br\/blog\/gabarito-pc-es-investigador-estatuto-dos-policiais-civis-e-legislacao-penal-especial\/#article\",\"isPartOf\":{\"@id\":\"https:\/\/www.estrategiaconcursos.com.br\/blog\/gabarito-pc-es-investigador-estatuto-dos-policiais-civis-e-legislacao-penal-especial\/\"},\"author\":{\"name\":\"Paulo Guimar\u00e3es\",\"@id\":\"https:\/\/www.estrategiaconcursos.com.br\/blog\/#\/schema\/person\/80ff9f9f52e43a90b6efd99f2869d22b\"},\"headline\":\"Gabarito PC-ES Investigador &#8211; Estatuto dos Policiais Civis e Legisla\u00e7\u00e3o Penal Especial\",\"datePublished\":\"2019-03-24T22:07:57+00:00\",\"dateModified\":\"2019-04-16T00:21:24+00:00\",\"mainEntityOfPage\":{\"@id\":\"https:\/\/www.estrategiaconcursos.com.br\/blog\/gabarito-pc-es-investigador-estatuto-dos-policiais-civis-e-legislacao-penal-especial\/\"},\"wordCount\":1858,\"commentCount\":0,\"publisher\":{\"@id\":\"https:\/\/www.estrategiaconcursos.com.br\/blog\/#organization\"},\"image\":{\"@id\":\"https:\/\/www.estrategiaconcursos.com.br\/blog\/gabarito-pc-es-investigador-estatuto-dos-policiais-civis-e-legislacao-penal-especial\/#primaryimage\"},\"thumbnailUrl\":\"https:\/\/www.estrategiaconcursos.com.br\/blog\/wp-content\/uploads\/2019\/03\/image59.png\",\"articleSection\":[\"Concursos P\u00fablicos\"],\"inLanguage\":\"pt-BR\",\"potentialAction\":[{\"@type\":\"CommentAction\",\"name\":\"Comment\",\"target\":[\"https:\/\/www.estrategiaconcursos.com.br\/blog\/gabarito-pc-es-investigador-estatuto-dos-policiais-civis-e-legislacao-penal-especial\/#respond\"]}],\"copyrightYear\":\"2019\",\"copyrightHolder\":{\"@id\":\"https:\/\/www.estrategiaconcursos.com.br\/blog\/#organization\"}},{\"@type\":\"WebPage\",\"@id\":\"https:\/\/www.estrategiaconcursos.com.br\/blog\/gabarito-pc-es-investigador-estatuto-dos-policiais-civis-e-legislacao-penal-especial\/\",\"url\":\"https:\/\/www.estrategiaconcursos.com.br\/blog\/gabarito-pc-es-investigador-estatuto-dos-policiais-civis-e-legislacao-penal-especial\/\",\"name\":\"Gabarito PC-ES Investigador - Estatuto dos Policiais Civis e Legisla\u00e7\u00e3o Penal Especial\",\"isPartOf\":{\"@id\":\"https:\/\/www.estrategiaconcursos.com.br\/blog\/#website\"},\"primaryImageOfPage\":{\"@id\":\"https:\/\/www.estrategiaconcursos.com.br\/blog\/gabarito-pc-es-investigador-estatuto-dos-policiais-civis-e-legislacao-penal-especial\/#primaryimage\"},\"image\":{\"@id\":\"https:\/\/www.estrategiaconcursos.com.br\/blog\/gabarito-pc-es-investigador-estatuto-dos-policiais-civis-e-legislacao-penal-especial\/#primaryimage\"},\"thumbnailUrl\":\"https:\/\/www.estrategiaconcursos.com.br\/blog\/wp-content\/uploads\/2019\/03\/image59.png\",\"datePublished\":\"2019-03-24T22:07:57+00:00\",\"dateModified\":\"2019-04-16T00:21:24+00:00\",\"breadcrumb\":{\"@id\":\"https:\/\/www.estrategiaconcursos.com.br\/blog\/gabarito-pc-es-investigador-estatuto-dos-policiais-civis-e-legislacao-penal-especial\/#breadcrumb\"},\"inLanguage\":\"pt-BR\",\"potentialAction\":[{\"@type\":\"ReadAction\",\"target\":[\"https:\/\/www.estrategiaconcursos.com.br\/blog\/gabarito-pc-es-investigador-estatuto-dos-policiais-civis-e-legislacao-penal-especial\/\"]}]},{\"@type\":\"ImageObject\",\"inLanguage\":\"pt-BR\",\"@id\":\"https:\/\/www.estrategiaconcursos.com.br\/blog\/gabarito-pc-es-investigador-estatuto-dos-policiais-civis-e-legislacao-penal-especial\/#primaryimage\",\"url\":\"https:\/\/dhg1h5j42swfq.cloudfront.net\/2019\/03\/24163450\/image59.png\",\"contentUrl\":\"https:\/\/dhg1h5j42swfq.cloudfront.net\/2019\/03\/24163450\/image59.png\",\"width\":598,\"height\":504},{\"@type\":\"BreadcrumbList\",\"@id\":\"https:\/\/www.estrategiaconcursos.com.br\/blog\/gabarito-pc-es-investigador-estatuto-dos-policiais-civis-e-legislacao-penal-especial\/#breadcrumb\",\"itemListElement\":[{\"@type\":\"ListItem\",\"position\":1,\"name\":\"In\u00edcio\",\"item\":\"https:\/\/www.estrategiaconcursos.com.br\/blog\/\"},{\"@type\":\"ListItem\",\"position\":2,\"name\":\"Gabarito PC-ES Investigador &#8211; Estatuto dos Policiais Civis e Legisla\u00e7\u00e3o Penal Especial\"}]},{\"@type\":\"WebSite\",\"@id\":\"https:\/\/www.estrategiaconcursos.com.br\/blog\/#website\",\"url\":\"https:\/\/www.estrategiaconcursos.com.br\/blog\/\",\"name\":\"Estrat\u00e9gia Concursos\",\"description\":\"O blog da Estrat\u00e9gia Concursos traz not\u00edcias sobre concursos e artigos de professores oferecendo cursos para concursos (pdf + videaulas) no site.\",\"publisher\":{\"@id\":\"https:\/\/www.estrategiaconcursos.com.br\/blog\/#organization\"},\"potentialAction\":[{\"@type\":\"SearchAction\",\"target\":{\"@type\":\"EntryPoint\",\"urlTemplate\":\"https:\/\/www.estrategiaconcursos.com.br\/blog\/?s={search_term_string}\"},\"query-input\":{\"@type\":\"PropertyValueSpecification\",\"valueRequired\":true,\"valueName\":\"search_term_string\"}}],\"inLanguage\":\"pt-BR\"},{\"@type\":\"Organization\",\"@id\":\"https:\/\/www.estrategiaconcursos.com.br\/blog\/#organization\",\"name\":\"Estrat\u00e9gia Concursos\",\"url\":\"https:\/\/www.estrategiaconcursos.com.br\/blog\/\",\"logo\":{\"@type\":\"ImageObject\",\"inLanguage\":\"pt-BR\",\"@id\":\"https:\/\/www.estrategiaconcursos.com.br\/blog\/#\/schema\/logo\/image\/\",\"url\":\"https:\/\/dhg1h5j42swfq.cloudfront.net\/2025\/06\/03203428\/logo_concursos-1.jpg\",\"contentUrl\":\"https:\/\/dhg1h5j42swfq.cloudfront.net\/2025\/06\/03203428\/logo_concursos-1.jpg\",\"width\":230,\"height\":60,\"caption\":\"Estrat\u00e9gia Concursos\"},\"image\":{\"@id\":\"https:\/\/www.estrategiaconcursos.com.br\/blog\/#\/schema\/logo\/image\/\"},\"sameAs\":[\"https:\/\/x.com\/EstratConcursos\"]},{\"@type\":\"Person\",\"@id\":\"https:\/\/www.estrategiaconcursos.com.br\/blog\/#\/schema\/person\/80ff9f9f52e43a90b6efd99f2869d22b\",\"name\":\"Paulo Guimar\u00e3es\",\"image\":{\"@type\":\"ImageObject\",\"inLanguage\":\"pt-BR\",\"@id\":\"https:\/\/secure.gravatar.com\/avatar\/08d24bbaa2d103a1d6aba72ee81baa1680267436588d5d9cfb8d32c3aa4ca278?s=96&d=mm&r=g\",\"url\":\"https:\/\/secure.gravatar.com\/avatar\/08d24bbaa2d103a1d6aba72ee81baa1680267436588d5d9cfb8d32c3aa4ca278?s=96&d=mm&r=g\",\"contentUrl\":\"https:\/\/secure.gravatar.com\/avatar\/08d24bbaa2d103a1d6aba72ee81baa1680267436588d5d9cfb8d32c3aa4ca278?s=96&d=mm&r=g\",\"caption\":\"Paulo Guimar\u00e3es\"},\"url\":\"https:\/\/www.estrategiaconcursos.com.br\/blog\/author\/pauloguimaraesestrategiaconcursos-com-br\/\"}]}<\/script>\n<!-- \/ Yoast SEO Premium plugin. -->","yoast_head_json":{"title":"Gabarito PC-ES Investigador - Estatuto dos Policiais Civis e Legisla\u00e7\u00e3o Penal Especial","robots":{"index":"index","follow":"follow","max-snippet":"max-snippet:-1","max-image-preview":"max-image-preview:large","max-video-preview":"max-video-preview:-1"},"canonical":"https:\/\/www.estrategiaconcursos.com.br\/blog\/gabarito-pc-es-investigador-estatuto-dos-policiais-civis-e-legislacao-penal-especial\/","og_locale":"pt_BR","og_type":"article","og_title":"Gabarito PC-ES Investigador - Estatuto dos Policiais Civis e Legisla\u00e7\u00e3o Penal Especial","og_description":"Ol\u00e1 pessoal! Aqui \u00e9 o Professor Paulo Guimar\u00e3es, passando aqui para corrigir junto com voc\u00ea as quest\u00f5es acerca do Estatuto dos Policiais Civis e as quest\u00f5es de Legisla\u00e7\u00e3o Penal Especial aplicadas hoje no concurso da Pol\u00edcia Civil do Esp\u00edrito Santo para o cargo de Investigador. Se tiver alguma d\u00favida lembre-se que estou \u00e0 sua disposi\u00e7\u00e3o [&hellip;]","og_url":"https:\/\/www.estrategiaconcursos.com.br\/blog\/gabarito-pc-es-investigador-estatuto-dos-policiais-civis-e-legislacao-penal-especial\/","og_site_name":"Estrat\u00e9gia Concursos","article_published_time":"2019-03-24T22:07:57+00:00","article_modified_time":"2019-04-16T00:21:24+00:00","og_image":[{"url":"https:\/\/www.estrategiaconcursos.com.br\/blog\/wp-content\/uploads\/2019\/03\/image59.png","type":"","width":"","height":""}],"author":"Paulo Guimar\u00e3es","twitter_card":"summary_large_image","twitter_creator":"@EstratConcursos","twitter_site":"@EstratConcursos","twitter_misc":{"Escrito por":"Paulo Guimar\u00e3es","Est. tempo de leitura":"9 minutos"},"schema":{"@context":"https:\/\/schema.org","@graph":[{"@type":"NewsArticle","@id":"https:\/\/www.estrategiaconcursos.com.br\/blog\/gabarito-pc-es-investigador-estatuto-dos-policiais-civis-e-legislacao-penal-especial\/#article","isPartOf":{"@id":"https:\/\/www.estrategiaconcursos.com.br\/blog\/gabarito-pc-es-investigador-estatuto-dos-policiais-civis-e-legislacao-penal-especial\/"},"author":{"name":"Paulo Guimar\u00e3es","@id":"https:\/\/www.estrategiaconcursos.com.br\/blog\/#\/schema\/person\/80ff9f9f52e43a90b6efd99f2869d22b"},"headline":"Gabarito PC-ES Investigador &#8211; Estatuto dos Policiais Civis e Legisla\u00e7\u00e3o Penal Especial","datePublished":"2019-03-24T22:07:57+00:00","dateModified":"2019-04-16T00:21:24+00:00","mainEntityOfPage":{"@id":"https:\/\/www.estrategiaconcursos.com.br\/blog\/gabarito-pc-es-investigador-estatuto-dos-policiais-civis-e-legislacao-penal-especial\/"},"wordCount":1858,"commentCount":0,"publisher":{"@id":"https:\/\/www.estrategiaconcursos.com.br\/blog\/#organization"},"image":{"@id":"https:\/\/www.estrategiaconcursos.com.br\/blog\/gabarito-pc-es-investigador-estatuto-dos-policiais-civis-e-legislacao-penal-especial\/#primaryimage"},"thumbnailUrl":"https:\/\/www.estrategiaconcursos.com.br\/blog\/wp-content\/uploads\/2019\/03\/image59.png","articleSection":["Concursos P\u00fablicos"],"inLanguage":"pt-BR","potentialAction":[{"@type":"CommentAction","name":"Comment","target":["https:\/\/www.estrategiaconcursos.com.br\/blog\/gabarito-pc-es-investigador-estatuto-dos-policiais-civis-e-legislacao-penal-especial\/#respond"]}],"copyrightYear":"2019","copyrightHolder":{"@id":"https:\/\/www.estrategiaconcursos.com.br\/blog\/#organization"}},{"@type":"WebPage","@id":"https:\/\/www.estrategiaconcursos.com.br\/blog\/gabarito-pc-es-investigador-estatuto-dos-policiais-civis-e-legislacao-penal-especial\/","url":"https:\/\/www.estrategiaconcursos.com.br\/blog\/gabarito-pc-es-investigador-estatuto-dos-policiais-civis-e-legislacao-penal-especial\/","name":"Gabarito PC-ES Investigador - Estatuto dos Policiais Civis e Legisla\u00e7\u00e3o Penal Especial","isPartOf":{"@id":"https:\/\/www.estrategiaconcursos.com.br\/blog\/#website"},"primaryImageOfPage":{"@id":"https:\/\/www.estrategiaconcursos.com.br\/blog\/gabarito-pc-es-investigador-estatuto-dos-policiais-civis-e-legislacao-penal-especial\/#primaryimage"},"image":{"@id":"https:\/\/www.estrategiaconcursos.com.br\/blog\/gabarito-pc-es-investigador-estatuto-dos-policiais-civis-e-legislacao-penal-especial\/#primaryimage"},"thumbnailUrl":"https:\/\/www.estrategiaconcursos.com.br\/blog\/wp-content\/uploads\/2019\/03\/image59.png","datePublished":"2019-03-24T22:07:57+00:00","dateModified":"2019-04-16T00:21:24+00:00","breadcrumb":{"@id":"https:\/\/www.estrategiaconcursos.com.br\/blog\/gabarito-pc-es-investigador-estatuto-dos-policiais-civis-e-legislacao-penal-especial\/#breadcrumb"},"inLanguage":"pt-BR","potentialAction":[{"@type":"ReadAction","target":["https:\/\/www.estrategiaconcursos.com.br\/blog\/gabarito-pc-es-investigador-estatuto-dos-policiais-civis-e-legislacao-penal-especial\/"]}]},{"@type":"ImageObject","inLanguage":"pt-BR","@id":"https:\/\/www.estrategiaconcursos.com.br\/blog\/gabarito-pc-es-investigador-estatuto-dos-policiais-civis-e-legislacao-penal-especial\/#primaryimage","url":"https:\/\/dhg1h5j42swfq.cloudfront.net\/2019\/03\/24163450\/image59.png","contentUrl":"https:\/\/dhg1h5j42swfq.cloudfront.net\/2019\/03\/24163450\/image59.png","width":598,"height":504},{"@type":"BreadcrumbList","@id":"https:\/\/www.estrategiaconcursos.com.br\/blog\/gabarito-pc-es-investigador-estatuto-dos-policiais-civis-e-legislacao-penal-especial\/#breadcrumb","itemListElement":[{"@type":"ListItem","position":1,"name":"In\u00edcio","item":"https:\/\/www.estrategiaconcursos.com.br\/blog\/"},{"@type":"ListItem","position":2,"name":"Gabarito PC-ES Investigador &#8211; Estatuto dos Policiais Civis e Legisla\u00e7\u00e3o Penal Especial"}]},{"@type":"WebSite","@id":"https:\/\/www.estrategiaconcursos.com.br\/blog\/#website","url":"https:\/\/www.estrategiaconcursos.com.br\/blog\/","name":"Estrat\u00e9gia Concursos","description":"O blog da Estrat\u00e9gia Concursos traz not\u00edcias sobre concursos e artigos de professores oferecendo cursos para concursos (pdf + videaulas) no site.","publisher":{"@id":"https:\/\/www.estrategiaconcursos.com.br\/blog\/#organization"},"potentialAction":[{"@type":"SearchAction","target":{"@type":"EntryPoint","urlTemplate":"https:\/\/www.estrategiaconcursos.com.br\/blog\/?s={search_term_string}"},"query-input":{"@type":"PropertyValueSpecification","valueRequired":true,"valueName":"search_term_string"}}],"inLanguage":"pt-BR"},{"@type":"Organization","@id":"https:\/\/www.estrategiaconcursos.com.br\/blog\/#organization","name":"Estrat\u00e9gia Concursos","url":"https:\/\/www.estrategiaconcursos.com.br\/blog\/","logo":{"@type":"ImageObject","inLanguage":"pt-BR","@id":"https:\/\/www.estrategiaconcursos.com.br\/blog\/#\/schema\/logo\/image\/","url":"https:\/\/dhg1h5j42swfq.cloudfront.net\/2025\/06\/03203428\/logo_concursos-1.jpg","contentUrl":"https:\/\/dhg1h5j42swfq.cloudfront.net\/2025\/06\/03203428\/logo_concursos-1.jpg","width":230,"height":60,"caption":"Estrat\u00e9gia Concursos"},"image":{"@id":"https:\/\/www.estrategiaconcursos.com.br\/blog\/#\/schema\/logo\/image\/"},"sameAs":["https:\/\/x.com\/EstratConcursos"]},{"@type":"Person","@id":"https:\/\/www.estrategiaconcursos.com.br\/blog\/#\/schema\/person\/80ff9f9f52e43a90b6efd99f2869d22b","name":"Paulo Guimar\u00e3es","image":{"@type":"ImageObject","inLanguage":"pt-BR","@id":"https:\/\/secure.gravatar.com\/avatar\/08d24bbaa2d103a1d6aba72ee81baa1680267436588d5d9cfb8d32c3aa4ca278?s=96&d=mm&r=g","url":"https:\/\/secure.gravatar.com\/avatar\/08d24bbaa2d103a1d6aba72ee81baa1680267436588d5d9cfb8d32c3aa4ca278?s=96&d=mm&r=g","contentUrl":"https:\/\/secure.gravatar.com\/avatar\/08d24bbaa2d103a1d6aba72ee81baa1680267436588d5d9cfb8d32c3aa4ca278?s=96&d=mm&r=g","caption":"Paulo Guimar\u00e3es"},"url":"https:\/\/www.estrategiaconcursos.com.br\/blog\/author\/pauloguimaraesestrategiaconcursos-com-br\/"}]}},"_links":{"self":[{"href":"https:\/\/www.estrategiaconcursos.com.br\/blog\/wp-json\/wp\/v2\/posts\/173618","targetHints":{"allow":["GET"]}}],"collection":[{"href":"https:\/\/www.estrategiaconcursos.com.br\/blog\/wp-json\/wp\/v2\/posts"}],"about":[{"href":"https:\/\/www.estrategiaconcursos.com.br\/blog\/wp-json\/wp\/v2\/types\/post"}],"author":[{"embeddable":true,"href":"https:\/\/www.estrategiaconcursos.com.br\/blog\/wp-json\/wp\/v2\/users\/99"}],"replies":[{"embeddable":true,"href":"https:\/\/www.estrategiaconcursos.com.br\/blog\/wp-json\/wp\/v2\/comments?post=173618"}],"version-history":[{"count":1,"href":"https:\/\/www.estrategiaconcursos.com.br\/blog\/wp-json\/wp\/v2\/posts\/173618\/revisions"}],"predecessor-version":[{"id":173705,"href":"https:\/\/www.estrategiaconcursos.com.br\/blog\/wp-json\/wp\/v2\/posts\/173618\/revisions\/173705"}],"wp:attachment":[{"href":"https:\/\/www.estrategiaconcursos.com.br\/blog\/wp-json\/wp\/v2\/media?parent=173618"}],"wp:term":[{"taxonomy":"category","embeddable":true,"href":"https:\/\/www.estrategiaconcursos.com.br\/blog\/wp-json\/wp\/v2\/categories?post=173618"},{"taxonomy":"post_tag","embeddable":true,"href":"https:\/\/www.estrategiaconcursos.com.br\/blog\/wp-json\/wp\/v2\/tags?post=173618"},{"taxonomy":"tax_estado","embeddable":true,"href":"https:\/\/www.estrategiaconcursos.com.br\/blog\/wp-json\/wp\/v2\/tax_estado?post=173618"}],"curies":[{"name":"wp","href":"https:\/\/api.w.org\/{rel}","templated":true}]}}