{"id":1735882,"date":"2026-03-16T19:29:50","date_gmt":"2026-03-16T22:29:50","guid":{"rendered":"https:\/\/www.estrategiaconcursos.com.br\/blog\/?p=1735882"},"modified":"2026-03-17T20:24:11","modified_gmt":"2026-03-17T23:24:11","slug":"concurso-prefeitura-sao-luis-de-montes-belos","status":"publish","type":"post","link":"https:\/\/www.estrategiaconcursos.com.br\/blog\/concurso-prefeitura-sao-luis-de-montes-belos\/","title":{"rendered":"Concurso S\u00e3o Lu\u00eds de Montes Belos (GO): sem novo edital"},"content":{"rendered":"\n<p style=\"font-size:clamp(16.293px, 1.018rem + ((1vw - 3.2px) * 0.854), 25px);\"><strong><em>A Prefeitura de S\u00e3o Lu\u00eds de Montes Belos, em Goi\u00e1s, realizou processos seletivos em 2025 para contrata\u00e7\u00e3o tempor\u00e1ria na \u00e1rea de assist\u00eancia social e educa\u00e7\u00e3o. At\u00e9 esta atualiza\u00e7\u00e3o, n\u00e3o h\u00e1 novo edital previsto.<\/em><\/strong><\/p>\n\n\n\n<p>S\u00e3o Lu\u00eds de Montes Belos \u00e9 um munic\u00edpio goiano que mant\u00e9m hist\u00f3rico frequente de sele\u00e7\u00f5es p\u00fablicas, com registros de processos seletivos e concursos desde 2008. A prefeitura tem promovido certames voltados a diversas secretarias, contemplando cargos de n\u00edvel fundamental, m\u00e9dio, t\u00e9cnico e superior. Neste artigo, reunimos as informa\u00e7\u00f5es mais relevantes sobre as sele\u00e7\u00f5es do munic\u00edpio para auxiliar quem deseja acompanhar as oportunidades na regi\u00e3o.<\/p>\n\n\n\n<ul class=\"wp-block-list has-very-light-gray-to-cyan-bluish-gray-gradient-background has-background\">\n<li><strong>Prefeitura de S\u00e3o Lu\u00eds de Montes Belos <em>&#8211; <span style=\"text-decoration: underline;\">pr\u00f3ximo concurso<\/span><\/em><\/strong><\/li>\n<li><strong>Status:<\/strong> sem novo edital previsto<\/li>\n<\/ul>\n\n\n\n<h2 class=\"wp-block-heading\" id=\"situacao-atual\">Situa\u00e7\u00e3o atual do concurso Prefeitura de S\u00e3o Lu\u00eds de Montes Belos<\/h2>\n\n\n\n<p>At\u00e9 esta atualiza\u00e7\u00e3o, a Prefeitura de S\u00e3o Lu\u00eds de Montes Belos n\u00e3o publicou novo edital de concurso p\u00fablico ou processo seletivo. N\u00e3o h\u00e1 registro de comiss\u00e3o organizadora formada, banca contratada ou autoriza\u00e7\u00e3o oficial para nova sele\u00e7\u00e3o. O site oficial do munic\u00edpio disponibiliza uma p\u00e1gina dedicada a concursos e sele\u00e7\u00f5es, que pode ser consultada para acompanhar eventuais publica\u00e7\u00f5es futuras.<\/p>\n\n\n\n<h2 class=\"wp-block-heading\" id=\"ultimo-concurso\">\u00daltimo processo seletivo Prefeitura de S\u00e3o Lu\u00eds de Montes Belos<\/h2>\n\n\n\n<p>Em 2025, a Prefeitura de S\u00e3o Lu\u00eds de Montes Belos, por meio da Secretaria Municipal de Assist\u00eancia Social, abriu processo seletivo para contrata\u00e7\u00e3o tempor\u00e1ria e forma\u00e7\u00e3o de cadastro reserva de 71 profissionais de n\u00edvel m\u00e9dio, t\u00e9cnico e superior. A remunera\u00e7\u00e3o variou de R$ 1.738,51 a R$ 4.173,86. Os cargos foram distribu\u00eddos entre diferentes unidades da assist\u00eancia social do munic\u00edpio:<\/p>\n\n\n\n<p><strong>Servi\u00e7o de Acolhimento Familiar:<\/strong><\/p>\n\n\n\n<ul class=\"wp-block-list\">\n<li>Psic\u00f3logo<\/li>\n<li>Assistente Social<\/li>\n<li>Assistente Administrativo<\/li>\n<li>Pedagogo<\/li>\n<\/ul>\n\n\n\n<p><strong>Centro de Refer\u00eancia de Assist\u00eancia Social (CRAS):<\/strong><\/p>\n\n\n\n<ul class=\"wp-block-list\">\n<li>Psic\u00f3logo<\/li>\n<li>Assistente Social<\/li>\n<li>Assistente Administrativo<\/li>\n<li>Educador Social<\/li>\n<\/ul>\n\n\n\n<p><strong>Equipe T\u00e9cnica Refer\u00eancia Volante (CRAS Volante):<\/strong><\/p>\n\n\n\n<ul class=\"wp-block-list\">\n<li>Psic\u00f3logo<\/li>\n<li>Assistente Social<\/li>\n<li>Assistente Administrativo<\/li>\n<li>T\u00e9cnico N\u00edvel M\u00e9dio<\/li>\n<li>Facilitador de Oficina de Pintura (SCFV)<\/li>\n<li>Facilitador de Oficina de Viol\u00e3o<\/li>\n<li>Facilitador de Oficina de Artes Marciais \u2014 1 vaga<\/li>\n<li>Facilitador de Oficina de Biscuit (SCFV)<\/li>\n<\/ul>\n\n\n\n<p><strong>Programa Crian\u00e7a Feliz:<\/strong><\/p>\n\n\n\n<ul class=\"wp-block-list\">\n<li>Supervisor<\/li>\n<li>Agente Visitador<\/li>\n<li>Cadastrador<\/li>\n<li>Assistente Administrativo<\/li>\n<\/ul>\n\n\n\n<p><strong>Centro de Refer\u00eancia Especializado de Assist\u00eancia Social (CREAS):<\/strong><\/p>\n\n\n\n<ul class=\"wp-block-list\">\n<li>Psic\u00f3logo<\/li>\n<li>Assistente Social<\/li>\n<li>Pedagogo<\/li>\n<li>Advogado<\/li>\n<li>Assistente Administrativo<\/li>\n<li>Educador Social<\/li>\n<\/ul>\n\n\n\n<p><strong>Servi\u00e7o de Acolhimento Institucional &#8220;Casa Lar&#8221;:<\/strong><\/p>\n\n\n\n<ul class=\"wp-block-list\">\n<li>Psic\u00f3logo<\/li>\n<li>Assistente Social<\/li>\n<li>Pedagogo<\/li>\n<li>Assistente Administrativo<\/li>\n<\/ul>\n\n\n\n<p>Ainda em 2025, outro processo seletivo foi aberto em dezembro, com 40 vagas para Professor N\u00edvel II (Pedagogia\/Normal Superior) e Executor de Higiene e Alimenta\u00e7\u00e3o, com sal\u00e1rios de at\u00e9 R$ 4.198,45 e exig\u00eancia de n\u00edvel fundamental e superior.<\/p>\n\n\n\n<ul class=\"wp-block-list has-very-light-gray-to-cyan-bluish-gray-gradient-background has-background\">\n<li><strong>Prefeitura de S\u00e3o Lu\u00eds de Montes Belos <em>&#8211; <span style=\"text-decoration: underline;\">\u00faltimo processo seletivo<\/span><\/em><\/strong><\/li>\n<li><strong>Ano:<\/strong> 2025<\/li>\n<li><strong>Vagas:<\/strong> 71<\/li>\n<li><strong>Remunera\u00e7\u00e3o:<\/strong> de R$ 1.738,51 a R$ 4.173,86<\/li>\n<li><strong>Escolaridade:<\/strong> n\u00edvel m\u00e9dio, t\u00e9cnico e superior<\/li>\n<li><strong>Tipo:<\/strong> processo seletivo (contrata\u00e7\u00e3o tempor\u00e1ria)<\/li>\n<\/ul>\n\n\n\n<h2 class=\"wp-block-heading\" id=\"linha-do-tempo\">Linha do tempo<\/h2>\n\n\n\n<ul class=\"wp-block-list\">\n<li><strong>2024<\/strong> \u2014 Diversos processos seletivos ao longo do ano, com destaque para 47 vagas em junho (n\u00edvel fundamental incompleto, m\u00e9dio e superior, at\u00e9 R$ 3.950,74), 52 vagas em fevereiro e 10 vagas para Agente de Servi\u00e7os e Obras P\u00fablicas.<\/li>\n<li><strong>2023<\/strong> \u2014 Concurso p\u00fablico para Guarda Civil com 20 vagas e exig\u00eancia de n\u00edvel superior. No mesmo ano, processos seletivos com at\u00e9 66 vagas, al\u00e9m de sele\u00e7\u00e3o para Instrutores (6 vagas) e Agente de Servi\u00e7os Gerais (35 vagas).<\/li>\n<li><strong>2022<\/strong> \u2014 Processos seletivos com 43 vagas para Professor e outros cargos (at\u00e9 R$ 3.034,17) e 17 vagas de n\u00edvel fundamental incompleto.<\/li>\n<li><strong>2021<\/strong> \u2014 Processos seletivos na \u00e1rea da educa\u00e7\u00e3o (Professor e outros, 32 vagas) e para Agente de Servi\u00e7os Gerais (35 vagas).<\/li>\n<li><strong>2019<\/strong> \u2014 Concurso p\u00fablico organizado pela banca ITAME com 147 vagas e sal\u00e1rios de at\u00e9 R$ 4.652,70 para cargos de n\u00edvel fundamental, m\u00e9dio e superior. No mesmo ano, processos seletivos para Professor, Executor de Higiene e Alimenta\u00e7\u00e3o e Agente Visitador.<\/li>\n<li><strong>2012<\/strong> \u2014 Concurso p\u00fablico da Prefeitura com 449 vagas e sal\u00e1rios de at\u00e9 R$ 5.790,01.<\/li>\n<li><strong>2008<\/strong> \u2014 Concurso p\u00fablico com 172 vagas e sal\u00e1rios de at\u00e9 R$ 4.550,00.<\/li>\n<\/ul>\n\n\n\n<h2 class=\"wp-block-heading has-text-align-center\" id=\"mapa-regiao\">Veja Concursos Abertos na mesma regi\u00e3o<\/h2>\n\n\n\n<iframe\n  src=\"https:\/\/www.estrategiaconcursos.com.br\/blog\/mapa-concursos\/embed?situacoes=Inscri%C3%A7%C3%B5es%20abertas&amp;estado=GO\"\n  width=\"100%\"\n  height=\"400\"\n  style=\"border: none; display: block;\"\n  title=\"Mapa de Concursos P\u00fablicos em Goi\u00e1s\"\n  loading=\"lazy\"><\/iframe>\n\n\n\n<h2 class=\"wp-block-heading has-text-align-center\" id=\"cursos\">Quer saber tudo sobre concursos previstos?<br \/>Confira nossos artigos!<\/h2>\n\n\n\n<ul class=\"wp-block-list\">\n<li><a href=\"https:\/\/www.estrategiaconcursos.com.br\/blog\/concursos-abertos\/\" target=\"_blank\" rel=\"noreferrer noopener\">Concursos Abertos<\/a><\/li>\n<li><a href=\"https:\/\/www.estrategiaconcursos.com.br\/blog\/concursos-2026\/\" target=\"_blank\" rel=\"noreferrer noopener\">Concursos 2026<\/a><\/li>\n<li><a href=\"https:\/\/www.estrategiaconcursos.com.br\/blog\/concursos-goias\/\" target=\"_blank\" rel=\"noreferrer noopener\">Concursos Goi\u00e1s<\/a><\/li>\n<\/ul>\n\n\n\n<div class=\"estrategia\" id=\"box-assinatura\">\n  <h3 class=\"titulo-assinatura\">Assinatura Concursos<\/h3>\n  <p class=\"subtitulo-assinatura\">Assinatura de 1 ano ou 2 anos<\/p>\n  <div class=\"box-botao\">\n    <a class=\"btn-assinatura\" target=\"_blank\" href=\"https:\/\/www.estrategiaconcursos.com.br\/assinaturas\/\" role=\"button\" rel=\"noopener noreferrer\">ASSINE AGORA<\/a>\n  <\/div>\n<\/div>\n\n\n\n<h3 class=\"wp-block-heading\" id=\"ficha\">Informa\u00e7\u00f5es do pr\u00f3ximo concurso Prefeitura de S\u00e3o Lu\u00eds de Montes Belos<\/h3>\n\n\n\n<ul class=\"wp-block-list\">\n<li><strong>Data prevista:<\/strong> a definir<\/li>\n<li><strong>Status:<\/strong> sem novo edital previsto<\/li>\n<\/ul>\n\n\n\n<h3 class=\"wp-block-heading\">Informa\u00e7\u00f5es do \u00faltimo processo seletivo Prefeitura de S\u00e3o Lu\u00eds de Montes Belos<\/h3>\n\n\n\n<ul class=\"wp-block-list\">\n<li><strong>Ano:<\/strong> 2025<\/li>\n<li><strong>Vagas:<\/strong> 71<\/li>\n<li><strong>Remunera\u00e7\u00e3o:<\/strong> de R$ 1.738,51 a R$ 4.173,86<\/li>\n<li><strong>Escolaridade:<\/strong> n\u00edvel m\u00e9dio, t\u00e9cnico e superior<\/li>\n<li><strong>Tipo:<\/strong> processo seletivo (contrata\u00e7\u00e3o tempor\u00e1ria)<\/li>\n<\/ul>\n\n\n\n<h3 class=\"wp-block-heading\">Fontes consultadas<\/h3>\n\n\n\n<ul class=\"wp-block-list\">\n<li><a href=\"https:\/\/saoluisdemontesbelos.go.gov.br\/\" target=\"_blank\" rel=\"noreferrer noopener\">Site oficial da Prefeitura de S\u00e3o Lu\u00eds de Montes Belos<\/a><\/li>\n<li><a href=\"https:\/\/saoluisdemontesbelos.go.gov.br\/transparencia\/\" target=\"_blank\" rel=\"noreferrer noopener\">Portal da Transpar\u00eancia &#8211; Prefeitura de S\u00e3o Lu\u00eds de Montes Belos<\/a><\/li>\n<li><a href=\"https:\/\/saoluisdemontesbelos.go.gov.br\/concursos-e-selecoes\/\" target=\"_blank\" rel=\"noreferrer noopener\">Concursos e processos seletivos &#8211; Prefeitura de S\u00e3o Lu\u00eds de Montes Belos<\/a><\/li>\n<\/ul>\n\n\n\n<div class=\"container\" id=\"boxes\">\n  <div class=\"row\">\n    <div class=\"col-sm\">\n      <div class=\"banner-prefeituras-ec\" id=\"box-assinatura\">\n        <h2 class=\"titulo-assinatura\" style=\"text-align: left;\">Concursos Prefeituras<\/h2>\n        <p class=\"subtitulo-assinatura\" style=\"text-align: left;\">Prepara\u00e7\u00e3o completa para a carreira!<\/p>\n        <div class=\"box-botao\" style=\"text-align: left;\">\n          <a class=\"btn-assinatura\" target=\"_blank\" href=\"https:\/\/www.estrategiaconcursos.com.br\/pesquisa\/?q=prefeitura+S\u00e3o+Lu\u00eds+de+Montes+Belos\" role=\"button\" rel=\"noopener noreferrer\">EXPLORAR CURSOS<\/a>\n        <\/div>\n      <\/div>\n    <\/div>\n  <\/div>\n<\/div>\n\n","protected":false},"excerpt":{"rendered":"<p>A Prefeitura de S\u00e3o Lu\u00eds de Montes Belos, em Goi\u00e1s, realizou processos seletivos em 2025 para contrata\u00e7\u00e3o tempor\u00e1ria na \u00e1rea de assist\u00eancia social e educa\u00e7\u00e3o. At\u00e9 esta atualiza\u00e7\u00e3o, n\u00e3o h\u00e1 novo edital previsto. S\u00e3o Lu\u00eds de Montes Belos \u00e9 um munic\u00edpio goiano que mant\u00e9m hist\u00f3rico frequente de sele\u00e7\u00f5es p\u00fablicas, com registros de processos seletivos e [&hellip;]<\/p>\n","protected":false},"author":344,"featured_media":1540739,"comment_status":"open","ping_status":"closed","sticky":false,"template":"","format":"standard","meta":{"post_tipo":"news_page","footnotes":""},"categories":[222278],"tags":[],"tax_estado":[219972],"class_list":["post-1735882","post","type-post","status-publish","format-standard","has-post-thumbnail","hentry","category-prefeituras","tax_estado-go"],"acf":[],"yoast_head":"<!-- This site is optimized with the Yoast SEO Premium plugin v27.2 (Yoast SEO v27.2) - https:\/\/yoast.com\/product\/yoast-seo-premium-wordpress\/ -->\n<title>Concurso S\u00e3o Lu\u00eds de Montes Belos (GO): sem novo edital<\/title>\n<meta name=\"description\" content=\"\u00daltimo PS de S\u00e3o Lu\u00eds de Montes Belos (GO) teve 71 vagas em 2025, com sal\u00e1rios de at\u00e9 R$ 4.173,86. Veja hist\u00f3rico e situa\u00e7\u00e3o atual.\" \/>\n<meta name=\"robots\" content=\"index, follow, max-snippet:-1, max-image-preview:large, max-video-preview:-1\" \/>\n<link rel=\"canonical\" href=\"https:\/\/www.estrategiaconcursos.com.br\/blog\/concurso-prefeitura-sao-luis-de-montes-belos\/\" \/>\n<meta property=\"og:locale\" content=\"pt_BR\" \/>\n<meta property=\"og:type\" content=\"article\" \/>\n<meta property=\"og:title\" content=\"Concurso S\u00e3o Lu\u00eds de Montes Belos (GO): sem novo edital\" \/>\n<meta property=\"og:description\" content=\"\u00daltimo PS de S\u00e3o Lu\u00eds de Montes Belos (GO) teve 71 vagas em 2025, com sal\u00e1rios de at\u00e9 R$ 4.173,86. Veja hist\u00f3rico e situa\u00e7\u00e3o atual.\" \/>\n<meta property=\"og:url\" content=\"https:\/\/www.estrategiaconcursos.com.br\/blog\/concurso-prefeitura-sao-luis-de-montes-belos\/\" \/>\n<meta property=\"og:site_name\" content=\"Estrat\u00e9gia Concursos\" \/>\n<meta property=\"article:author\" content=\"https:\/\/www.facebook.com\/coachluiseduardo\/\" \/>\n<meta property=\"article:published_time\" content=\"2026-03-16T22:29:50+00:00\" \/>\n<meta property=\"article:modified_time\" content=\"2026-03-17T23:24:11+00:00\" \/>\n<meta property=\"og:image\" content=\"https:\/\/dhg1h5j42swfq.cloudfront.net\/2025\/03\/05201612\/concursos-prefeituras-1024x536-1.jpg\" \/>\n\t<meta property=\"og:image:width\" content=\"1024\" \/>\n\t<meta property=\"og:image:height\" content=\"536\" \/>\n\t<meta property=\"og:image:type\" content=\"image\/jpeg\" \/>\n<meta name=\"author\" content=\"Luis Eduardo\" \/>\n<meta name=\"twitter:card\" content=\"summary_large_image\" \/>\n<meta name=\"twitter:creator\" content=\"@EstratConcursos\" \/>\n<meta name=\"twitter:site\" content=\"@EstratConcursos\" \/>\n<meta name=\"twitter:label1\" content=\"Escrito por\" \/>\n\t<meta name=\"twitter:data1\" content=\"Luis Eduardo\" \/>\n\t<meta name=\"twitter:label2\" content=\"Est. tempo de leitura\" \/>\n\t<meta name=\"twitter:data2\" content=\"4 minutos\" \/>\n<script type=\"application\/ld+json\" class=\"yoast-schema-graph\">{\"@context\":\"https:\/\/schema.org\",\"@graph\":[{\"@type\":\"NewsArticle\",\"@id\":\"https:\/\/www.estrategiaconcursos.com.br\/blog\/concurso-prefeitura-sao-luis-de-montes-belos\/#article\",\"isPartOf\":{\"@id\":\"https:\/\/www.estrategiaconcursos.com.br\/blog\/concurso-prefeitura-sao-luis-de-montes-belos\/\"},\"author\":{\"name\":\"Luis Eduardo\",\"@id\":\"https:\/\/www.estrategiaconcursos.com.br\/blog\/#\/schema\/person\/0906ff564105056f3b05978d503ee214\"},\"headline\":\"Concurso S\u00e3o Lu\u00eds de Montes Belos (GO): sem novo edital\",\"datePublished\":\"2026-03-16T22:29:50+00:00\",\"dateModified\":\"2026-03-17T23:24:11+00:00\",\"mainEntityOfPage\":{\"@id\":\"https:\/\/www.estrategiaconcursos.com.br\/blog\/concurso-prefeitura-sao-luis-de-montes-belos\/\"},\"wordCount\":834,\"commentCount\":0,\"publisher\":{\"@id\":\"https:\/\/www.estrategiaconcursos.com.br\/blog\/#organization\"},\"image\":{\"@id\":\"https:\/\/www.estrategiaconcursos.com.br\/blog\/concurso-prefeitura-sao-luis-de-montes-belos\/#primaryimage\"},\"thumbnailUrl\":\"https:\/\/dhg1h5j42swfq.cloudfront.net\/2025\/03\/05201612\/concursos-prefeituras-1024x536-1.jpg\",\"articleSection\":[\"Prefeituras\"],\"inLanguage\":\"pt-BR\",\"potentialAction\":[{\"@type\":\"CommentAction\",\"name\":\"Comment\",\"target\":[\"https:\/\/www.estrategiaconcursos.com.br\/blog\/concurso-prefeitura-sao-luis-de-montes-belos\/#respond\"]}],\"copyrightYear\":\"2026\",\"copyrightHolder\":{\"@id\":\"https:\/\/www.estrategiaconcursos.com.br\/blog\/#organization\"}},{\"@type\":\"WebPage\",\"@id\":\"https:\/\/www.estrategiaconcursos.com.br\/blog\/concurso-prefeitura-sao-luis-de-montes-belos\/\",\"url\":\"https:\/\/www.estrategiaconcursos.com.br\/blog\/concurso-prefeitura-sao-luis-de-montes-belos\/\",\"name\":\"Concurso S\u00e3o Lu\u00eds de Montes Belos (GO): sem novo edital\",\"isPartOf\":{\"@id\":\"https:\/\/www.estrategiaconcursos.com.br\/blog\/#website\"},\"primaryImageOfPage\":{\"@id\":\"https:\/\/www.estrategiaconcursos.com.br\/blog\/concurso-prefeitura-sao-luis-de-montes-belos\/#primaryimage\"},\"image\":{\"@id\":\"https:\/\/www.estrategiaconcursos.com.br\/blog\/concurso-prefeitura-sao-luis-de-montes-belos\/#primaryimage\"},\"thumbnailUrl\":\"https:\/\/dhg1h5j42swfq.cloudfront.net\/2025\/03\/05201612\/concursos-prefeituras-1024x536-1.jpg\",\"datePublished\":\"2026-03-16T22:29:50+00:00\",\"dateModified\":\"2026-03-17T23:24:11+00:00\",\"description\":\"\u00daltimo PS de S\u00e3o Lu\u00eds de Montes Belos (GO) teve 71 vagas em 2025, com sal\u00e1rios de at\u00e9 R$ 4.173,86. Veja hist\u00f3rico e situa\u00e7\u00e3o atual.\",\"breadcrumb\":{\"@id\":\"https:\/\/www.estrategiaconcursos.com.br\/blog\/concurso-prefeitura-sao-luis-de-montes-belos\/#breadcrumb\"},\"inLanguage\":\"pt-BR\",\"potentialAction\":[{\"@type\":\"ReadAction\",\"target\":[\"https:\/\/www.estrategiaconcursos.com.br\/blog\/concurso-prefeitura-sao-luis-de-montes-belos\/\"]}]},{\"@type\":\"ImageObject\",\"inLanguage\":\"pt-BR\",\"@id\":\"https:\/\/www.estrategiaconcursos.com.br\/blog\/concurso-prefeitura-sao-luis-de-montes-belos\/#primaryimage\",\"url\":\"https:\/\/dhg1h5j42swfq.cloudfront.net\/2025\/03\/05201612\/concursos-prefeituras-1024x536-1.jpg\",\"contentUrl\":\"https:\/\/dhg1h5j42swfq.cloudfront.net\/2025\/03\/05201612\/concursos-prefeituras-1024x536-1.jpg\",\"width\":1024,\"height\":536,\"caption\":\"Concurso Lagoa da Prata MG\"},{\"@type\":\"BreadcrumbList\",\"@id\":\"https:\/\/www.estrategiaconcursos.com.br\/blog\/concurso-prefeitura-sao-luis-de-montes-belos\/#breadcrumb\",\"itemListElement\":[{\"@type\":\"ListItem\",\"position\":1,\"name\":\"In\u00edcio\",\"item\":\"https:\/\/www.estrategiaconcursos.com.br\/blog\/\"},{\"@type\":\"ListItem\",\"position\":2,\"name\":\"Concurso S\u00e3o Lu\u00eds de Montes Belos (GO): sem novo edital\"}]},{\"@type\":\"WebSite\",\"@id\":\"https:\/\/www.estrategiaconcursos.com.br\/blog\/#website\",\"url\":\"https:\/\/www.estrategiaconcursos.com.br\/blog\/\",\"name\":\"Estrat\u00e9gia Concursos\",\"description\":\"O blog da Estrat\u00e9gia Concursos traz not\u00edcias sobre concursos e artigos de professores oferecendo cursos para concursos (pdf + videaulas) no site.\",\"publisher\":{\"@id\":\"https:\/\/www.estrategiaconcursos.com.br\/blog\/#organization\"},\"potentialAction\":[{\"@type\":\"SearchAction\",\"target\":{\"@type\":\"EntryPoint\",\"urlTemplate\":\"https:\/\/www.estrategiaconcursos.com.br\/blog\/?s={search_term_string}\"},\"query-input\":{\"@type\":\"PropertyValueSpecification\",\"valueRequired\":true,\"valueName\":\"search_term_string\"}}],\"inLanguage\":\"pt-BR\"},{\"@type\":\"Organization\",\"@id\":\"https:\/\/www.estrategiaconcursos.com.br\/blog\/#organization\",\"name\":\"Estrat\u00e9gia Concursos\",\"url\":\"https:\/\/www.estrategiaconcursos.com.br\/blog\/\",\"logo\":{\"@type\":\"ImageObject\",\"inLanguage\":\"pt-BR\",\"@id\":\"https:\/\/www.estrategiaconcursos.com.br\/blog\/#\/schema\/logo\/image\/\",\"url\":\"https:\/\/dhg1h5j42swfq.cloudfront.net\/2025\/06\/03203428\/logo_concursos-1.jpg\",\"contentUrl\":\"https:\/\/dhg1h5j42swfq.cloudfront.net\/2025\/06\/03203428\/logo_concursos-1.jpg\",\"width\":230,\"height\":60,\"caption\":\"Estrat\u00e9gia Concursos\"},\"image\":{\"@id\":\"https:\/\/www.estrategiaconcursos.com.br\/blog\/#\/schema\/logo\/image\/\"},\"sameAs\":[\"https:\/\/x.com\/EstratConcursos\"]},{\"@type\":\"Person\",\"@id\":\"https:\/\/www.estrategiaconcursos.com.br\/blog\/#\/schema\/person\/0906ff564105056f3b05978d503ee214\",\"name\":\"Luis Eduardo\",\"image\":{\"@type\":\"ImageObject\",\"inLanguage\":\"pt-BR\",\"@id\":\"https:\/\/secure.gravatar.com\/avatar\/3ce09d3c01f86018c4f3b15b9e6389f2ac325bc19863fdb79cd37fefb38517d1?s=96&d=mm&r=g\",\"url\":\"https:\/\/secure.gravatar.com\/avatar\/3ce09d3c01f86018c4f3b15b9e6389f2ac325bc19863fdb79cd37fefb38517d1?s=96&d=mm&r=g\",\"contentUrl\":\"https:\/\/secure.gravatar.com\/avatar\/3ce09d3c01f86018c4f3b15b9e6389f2ac325bc19863fdb79cd37fefb38517d1?s=96&d=mm&r=g\",\"caption\":\"Luis Eduardo\"},\"sameAs\":[\"https:\/\/www.facebook.com\/coachluiseduardo\/\"],\"url\":\"https:\/\/www.estrategiaconcursos.com.br\/blog\/author\/luiseduardoestrategiaconcursos-com-br\/\"}]}<\/script>\n<!-- \/ Yoast SEO Premium plugin. -->","yoast_head_json":{"title":"Concurso S\u00e3o Lu\u00eds de Montes Belos (GO): sem novo edital","description":"\u00daltimo PS de S\u00e3o Lu\u00eds de Montes Belos (GO) teve 71 vagas em 2025, com sal\u00e1rios de at\u00e9 R$ 4.173,86. Veja hist\u00f3rico e situa\u00e7\u00e3o atual.","robots":{"index":"index","follow":"follow","max-snippet":"max-snippet:-1","max-image-preview":"max-image-preview:large","max-video-preview":"max-video-preview:-1"},"canonical":"https:\/\/www.estrategiaconcursos.com.br\/blog\/concurso-prefeitura-sao-luis-de-montes-belos\/","og_locale":"pt_BR","og_type":"article","og_title":"Concurso S\u00e3o Lu\u00eds de Montes Belos (GO): sem novo edital","og_description":"\u00daltimo PS de S\u00e3o Lu\u00eds de Montes Belos (GO) teve 71 vagas em 2025, com sal\u00e1rios de at\u00e9 R$ 4.173,86. Veja hist\u00f3rico e situa\u00e7\u00e3o atual.","og_url":"https:\/\/www.estrategiaconcursos.com.br\/blog\/concurso-prefeitura-sao-luis-de-montes-belos\/","og_site_name":"Estrat\u00e9gia Concursos","article_author":"https:\/\/www.facebook.com\/coachluiseduardo\/","article_published_time":"2026-03-16T22:29:50+00:00","article_modified_time":"2026-03-17T23:24:11+00:00","og_image":[{"width":1024,"height":536,"url":"https:\/\/dhg1h5j42swfq.cloudfront.net\/2025\/03\/05201612\/concursos-prefeituras-1024x536-1.jpg","type":"image\/jpeg"}],"author":"Luis Eduardo","twitter_card":"summary_large_image","twitter_creator":"@EstratConcursos","twitter_site":"@EstratConcursos","twitter_misc":{"Escrito por":"Luis Eduardo","Est. tempo de leitura":"4 minutos"},"schema":{"@context":"https:\/\/schema.org","@graph":[{"@type":"NewsArticle","@id":"https:\/\/www.estrategiaconcursos.com.br\/blog\/concurso-prefeitura-sao-luis-de-montes-belos\/#article","isPartOf":{"@id":"https:\/\/www.estrategiaconcursos.com.br\/blog\/concurso-prefeitura-sao-luis-de-montes-belos\/"},"author":{"name":"Luis Eduardo","@id":"https:\/\/www.estrategiaconcursos.com.br\/blog\/#\/schema\/person\/0906ff564105056f3b05978d503ee214"},"headline":"Concurso S\u00e3o Lu\u00eds de Montes Belos (GO): sem novo edital","datePublished":"2026-03-16T22:29:50+00:00","dateModified":"2026-03-17T23:24:11+00:00","mainEntityOfPage":{"@id":"https:\/\/www.estrategiaconcursos.com.br\/blog\/concurso-prefeitura-sao-luis-de-montes-belos\/"},"wordCount":834,"commentCount":0,"publisher":{"@id":"https:\/\/www.estrategiaconcursos.com.br\/blog\/#organization"},"image":{"@id":"https:\/\/www.estrategiaconcursos.com.br\/blog\/concurso-prefeitura-sao-luis-de-montes-belos\/#primaryimage"},"thumbnailUrl":"https:\/\/dhg1h5j42swfq.cloudfront.net\/2025\/03\/05201612\/concursos-prefeituras-1024x536-1.jpg","articleSection":["Prefeituras"],"inLanguage":"pt-BR","potentialAction":[{"@type":"CommentAction","name":"Comment","target":["https:\/\/www.estrategiaconcursos.com.br\/blog\/concurso-prefeitura-sao-luis-de-montes-belos\/#respond"]}],"copyrightYear":"2026","copyrightHolder":{"@id":"https:\/\/www.estrategiaconcursos.com.br\/blog\/#organization"}},{"@type":"WebPage","@id":"https:\/\/www.estrategiaconcursos.com.br\/blog\/concurso-prefeitura-sao-luis-de-montes-belos\/","url":"https:\/\/www.estrategiaconcursos.com.br\/blog\/concurso-prefeitura-sao-luis-de-montes-belos\/","name":"Concurso S\u00e3o Lu\u00eds de Montes Belos (GO): sem novo edital","isPartOf":{"@id":"https:\/\/www.estrategiaconcursos.com.br\/blog\/#website"},"primaryImageOfPage":{"@id":"https:\/\/www.estrategiaconcursos.com.br\/blog\/concurso-prefeitura-sao-luis-de-montes-belos\/#primaryimage"},"image":{"@id":"https:\/\/www.estrategiaconcursos.com.br\/blog\/concurso-prefeitura-sao-luis-de-montes-belos\/#primaryimage"},"thumbnailUrl":"https:\/\/dhg1h5j42swfq.cloudfront.net\/2025\/03\/05201612\/concursos-prefeituras-1024x536-1.jpg","datePublished":"2026-03-16T22:29:50+00:00","dateModified":"2026-03-17T23:24:11+00:00","description":"\u00daltimo PS de S\u00e3o Lu\u00eds de Montes Belos (GO) teve 71 vagas em 2025, com sal\u00e1rios de at\u00e9 R$ 4.173,86. Veja hist\u00f3rico e situa\u00e7\u00e3o atual.","breadcrumb":{"@id":"https:\/\/www.estrategiaconcursos.com.br\/blog\/concurso-prefeitura-sao-luis-de-montes-belos\/#breadcrumb"},"inLanguage":"pt-BR","potentialAction":[{"@type":"ReadAction","target":["https:\/\/www.estrategiaconcursos.com.br\/blog\/concurso-prefeitura-sao-luis-de-montes-belos\/"]}]},{"@type":"ImageObject","inLanguage":"pt-BR","@id":"https:\/\/www.estrategiaconcursos.com.br\/blog\/concurso-prefeitura-sao-luis-de-montes-belos\/#primaryimage","url":"https:\/\/dhg1h5j42swfq.cloudfront.net\/2025\/03\/05201612\/concursos-prefeituras-1024x536-1.jpg","contentUrl":"https:\/\/dhg1h5j42swfq.cloudfront.net\/2025\/03\/05201612\/concursos-prefeituras-1024x536-1.jpg","width":1024,"height":536,"caption":"Concurso Lagoa da Prata MG"},{"@type":"BreadcrumbList","@id":"https:\/\/www.estrategiaconcursos.com.br\/blog\/concurso-prefeitura-sao-luis-de-montes-belos\/#breadcrumb","itemListElement":[{"@type":"ListItem","position":1,"name":"In\u00edcio","item":"https:\/\/www.estrategiaconcursos.com.br\/blog\/"},{"@type":"ListItem","position":2,"name":"Concurso S\u00e3o Lu\u00eds de Montes Belos (GO): sem novo edital"}]},{"@type":"WebSite","@id":"https:\/\/www.estrategiaconcursos.com.br\/blog\/#website","url":"https:\/\/www.estrategiaconcursos.com.br\/blog\/","name":"Estrat\u00e9gia Concursos","description":"O blog da Estrat\u00e9gia Concursos traz not\u00edcias sobre concursos e artigos de professores oferecendo cursos para concursos (pdf + videaulas) no site.","publisher":{"@id":"https:\/\/www.estrategiaconcursos.com.br\/blog\/#organization"},"potentialAction":[{"@type":"SearchAction","target":{"@type":"EntryPoint","urlTemplate":"https:\/\/www.estrategiaconcursos.com.br\/blog\/?s={search_term_string}"},"query-input":{"@type":"PropertyValueSpecification","valueRequired":true,"valueName":"search_term_string"}}],"inLanguage":"pt-BR"},{"@type":"Organization","@id":"https:\/\/www.estrategiaconcursos.com.br\/blog\/#organization","name":"Estrat\u00e9gia Concursos","url":"https:\/\/www.estrategiaconcursos.com.br\/blog\/","logo":{"@type":"ImageObject","inLanguage":"pt-BR","@id":"https:\/\/www.estrategiaconcursos.com.br\/blog\/#\/schema\/logo\/image\/","url":"https:\/\/dhg1h5j42swfq.cloudfront.net\/2025\/06\/03203428\/logo_concursos-1.jpg","contentUrl":"https:\/\/dhg1h5j42swfq.cloudfront.net\/2025\/06\/03203428\/logo_concursos-1.jpg","width":230,"height":60,"caption":"Estrat\u00e9gia Concursos"},"image":{"@id":"https:\/\/www.estrategiaconcursos.com.br\/blog\/#\/schema\/logo\/image\/"},"sameAs":["https:\/\/x.com\/EstratConcursos"]},{"@type":"Person","@id":"https:\/\/www.estrategiaconcursos.com.br\/blog\/#\/schema\/person\/0906ff564105056f3b05978d503ee214","name":"Luis Eduardo","image":{"@type":"ImageObject","inLanguage":"pt-BR","@id":"https:\/\/secure.gravatar.com\/avatar\/3ce09d3c01f86018c4f3b15b9e6389f2ac325bc19863fdb79cd37fefb38517d1?s=96&d=mm&r=g","url":"https:\/\/secure.gravatar.com\/avatar\/3ce09d3c01f86018c4f3b15b9e6389f2ac325bc19863fdb79cd37fefb38517d1?s=96&d=mm&r=g","contentUrl":"https:\/\/secure.gravatar.com\/avatar\/3ce09d3c01f86018c4f3b15b9e6389f2ac325bc19863fdb79cd37fefb38517d1?s=96&d=mm&r=g","caption":"Luis Eduardo"},"sameAs":["https:\/\/www.facebook.com\/coachluiseduardo\/"],"url":"https:\/\/www.estrategiaconcursos.com.br\/blog\/author\/luiseduardoestrategiaconcursos-com-br\/"}]}},"_links":{"self":[{"href":"https:\/\/www.estrategiaconcursos.com.br\/blog\/wp-json\/wp\/v2\/posts\/1735882","targetHints":{"allow":["GET"]}}],"collection":[{"href":"https:\/\/www.estrategiaconcursos.com.br\/blog\/wp-json\/wp\/v2\/posts"}],"about":[{"href":"https:\/\/www.estrategiaconcursos.com.br\/blog\/wp-json\/wp\/v2\/types\/post"}],"author":[{"embeddable":true,"href":"https:\/\/www.estrategiaconcursos.com.br\/blog\/wp-json\/wp\/v2\/users\/344"}],"replies":[{"embeddable":true,"href":"https:\/\/www.estrategiaconcursos.com.br\/blog\/wp-json\/wp\/v2\/comments?post=1735882"}],"version-history":[{"count":3,"href":"https:\/\/www.estrategiaconcursos.com.br\/blog\/wp-json\/wp\/v2\/posts\/1735882\/revisions"}],"predecessor-version":[{"id":1735885,"href":"https:\/\/www.estrategiaconcursos.com.br\/blog\/wp-json\/wp\/v2\/posts\/1735882\/revisions\/1735885"}],"wp:featuredmedia":[{"embeddable":true,"href":"https:\/\/www.estrategiaconcursos.com.br\/blog\/wp-json\/wp\/v2\/media\/1540739"}],"wp:attachment":[{"href":"https:\/\/www.estrategiaconcursos.com.br\/blog\/wp-json\/wp\/v2\/media?parent=1735882"}],"wp:term":[{"taxonomy":"category","embeddable":true,"href":"https:\/\/www.estrategiaconcursos.com.br\/blog\/wp-json\/wp\/v2\/categories?post=1735882"},{"taxonomy":"post_tag","embeddable":true,"href":"https:\/\/www.estrategiaconcursos.com.br\/blog\/wp-json\/wp\/v2\/tags?post=1735882"},{"taxonomy":"tax_estado","embeddable":true,"href":"https:\/\/www.estrategiaconcursos.com.br\/blog\/wp-json\/wp\/v2\/tax_estado?post=1735882"}],"curies":[{"name":"wp","href":"https:\/\/api.w.org\/{rel}","templated":true}]}}