{"id":1735008,"date":"2026-04-13T14:56:47","date_gmt":"2026-04-13T17:56:47","guid":{"rendered":"https:\/\/www.estrategiaconcursos.com.br\/blog\/?p=1735008"},"modified":"2026-04-13T16:06:48","modified_gmt":"2026-04-13T19:06:48","slug":"concurso-correios-jovens-aprendizes","status":"publish","type":"post","link":"https:\/\/www.estrategiaconcursos.com.br\/blog\/concurso-correios-jovens-aprendizes\/","title":{"rendered":"Concurso Correios: 548 vagas tem inscri\u00e7\u00f5es prorrogadas!"},"content":{"rendered":"\n<p style=\"font-size:clamp(16.293px, 1.018rem + ((1vw - 3.2px) * 0.854), 25px);\"><strong><em>Interessados em ser jovens aprendizes no Correios podem se inscrever no concurso at\u00e9 22 de abril!<\/em><\/strong><\/p>\n\n\n\n<p>Os <strong>Correios (<a href=\"https:\/\/www.estrategiaconcursos.com.br\/cursosPorConcurso\/correios\/\" target=\"_blank\" rel=\"noreferrer noopener\">Empresa Brasileira de Correios e Tel\u00e9grafos<\/a>)<\/strong> abriram um novo preenchimento de <strong>548 vagas imediatas mais cadastro reserva para cargos de <span style=\"text-decoration: underline;\">jovens aprendizes<\/span><\/strong> atrav\u00e9s de um processo seletivo.<\/p>\n\n\n\n<p>Aos interessados, as inscri\u00e7\u00f5es foram prorrogadas e agora podem ser feitas at\u00e9 o dia <strong>22 de abril<\/strong>.<\/p>\n\n\n\n<p>O procedimento de inscri\u00e7\u00e3o \u00e9 gratuito e deve ser feito exclusivamente no site dos Correios. Para se candidatar \u00e0 oportunidade, ser\u00e1 necess\u00e1rio ter:<\/p>\n\n\n\n<ul class=\"wp-block-list\">\n<li>I &#8211; Ter nacionalidade brasileira ou estrangeira, observado o disposto no inciso I do art. 37 da Constitui\u00e7\u00e3o Federal\/1988 (CF\/88), conforme segue:\n<ul class=\"wp-block-list\">\n<li>brasileiro;<\/li>\n\n\n\n<li>portugu\u00eas, nos termos do \u00a7 1\u00ba do art. 12 da Constitui\u00e7\u00e3o Federal; ou<\/li>\n\n\n\n<li>estrangeiro, desde que: tenha requerido a naturaliza\u00e7\u00e3o nos termos das al\u00edneas \u201ca\u201d e \u201cb\u201d do inciso II do art. 12 da CF\/88; ou que se enquadre no art. 353 da Consolida\u00e7\u00e3o das Leis do Trabalho (CLT);<\/li>\n<\/ul>\n<\/li>\n\n\n\n<li>II &#8211; Ter entre 14&nbsp;e 21 anos&nbsp;completos, no ato da contrata\u00e7\u00e3o;<\/li>\n\n\n\n<li>III &#8211; Estar matriculado e frequentando a escola, caso n\u00e3o tenha conclu\u00eddo o Ensino Fundamental e M\u00e9dio.<\/li>\n\n\n\n<li>IV &#8211; N\u00e3o ter sido contratado anteriormente como jovem aprendiz e\/ou mantido v\u00ednculo empregat\u00edcio com os Correios;<\/li>\n\n\n\n<li>V &#8211; N\u00e3o ter conclu\u00eddo, a qualquer tempo, curso de aprendizagem de conte\u00fado program\u00e1tico similar ou id\u00eantico ao proposto no Programa de Aprendizagem;<\/li>\n\n\n\n<li>VI &#8211; Ter disponibilidade para cumprir a jornada de aprendizagem, conforme estabelecido no item 6 deste Edital,&nbsp;no turno para o qual se inscreveu; e<\/li>\n\n\n\n<li>VII &#8211; Comprometer-se a observar e cumprir o C\u00f3digo de \u00c9tica, as Normas de Conduta e os demais regulamentos institucionais dos Correios.<\/li>\n<\/ul>\n\n\n\n<p>>>> <a href=\"https:\/\/prosel.correios.com.br\/concursos\/detalharconcurso\/1215#\" target=\"_blank\" rel=\"noreferrer noopener nofollow\">Inscreva-se no concurso Correios para jovens aprendizes!<\/a><\/p>\n\n\n\n<div class=\"container\" id=\"boxes\">\n  <div class=\"row\">\n\n    <div class=\"col-sm\">\n      <div class=\"banner-correios\" id=\"box-assinatura\">\n        <h2 class=\"titulo-assinatura\">Cursos Concurso Correios <\/h2>\n        <p class=\"subtitulo-assinatura\">Prepare-se para o Concurso Correios!<\/p>\n        <div class=\"box-botao\">\n          <a class=\"btn-assinatura\" target=\"_blank\" href=\"https:\/\/www.estrategiaconcursos.com.br\/cursosPorConcurso\/correios\/\" role=\"button\" rel=\"noopener noreferrer\">Conhe\u00e7a os pacotes!<\/a>\n        <\/div>\n      <\/div>\n     \n    <\/div>\n\n  <\/div>\n<\/div>\n\n\n\n<h2 class=\"wp-block-heading\" id=\"h-concursos-correios-convocacoes-apenas-em-2027\">Concursos Correios: convoca\u00e7\u00f5es apenas em 2027<\/h2>\n\n\n\n<p>Realizado em 2024\/2025, a convoca\u00e7\u00e3o dos aprovados do <strong>concurso dos Correios<\/strong>\u00a0para a \u00e1rea administrativa deve ocorrer de forma mais lenta do que o esperado.<\/p>\n\n\n\n<p>Segundo informa\u00e7\u00f5es divulgadas pelo <em>Estad\u00e3o<\/em>, a dire\u00e7\u00e3o da estatal decidiu <strong>adiar para 2027 <\/strong>o in\u00edcio das chamadas, como parte do amplo processo de reorganiza\u00e7\u00e3o interna diante da grave crise financeira enfrentada pela empresa.<\/p>\n\n\n\n<p>O concurso, aplicado em dezembro de 2024 e homologado em abril de 2025, ofereceu <strong>3.511 vagas de n\u00edveis m\u00e9dio e superior<\/strong>. A expectativa inicial era de que parte dos aprovados come\u00e7asse a ser chamada ainda em 2025, mas o avan\u00e7o do plano de reestrutura\u00e7\u00e3o mudou o cen\u00e1rio.<\/p>\n\n\n\n<hr class=\"wp-block-separator has-alpha-channel-opacity is-style-dots\"\/>\n\n\n\n<p class=\"has-text-align-center\"><em>N\u00e3o fique de fora! Para mais informa\u00e7\u00f5es sobre o concurso Correios, al\u00e9m do edital para jovens aprendizes, acesse o link abaixo!<\/em><\/p>\n\n\n\n<p class=\"has-text-align-center has-very-light-gray-to-cyan-bluish-gray-gradient-background has-background has-medium-font-size\"><strong>Saiba mais: <a href=\"https:\/\/www.estrategiaconcursos.com.br\/blog\/concurso-correios\/\" target=\"_blank\" rel=\"noreferrer noopener\">Concurso Correios<\/a><\/strong><\/p>\n\n\n\n<div class=\"container\" id=\"boxes\">\n  <div class=\"row\">\n\n    <div class=\"col-sm\">\n      <div class=\"estrategia\" id=\"box-assinatura\">\n        <h3 class=\"titulo-assinatura\"> Concursos P\u00fablicos\n        <p class=\"subtitulo-assinatura\">Assinatura de 1 ano ou 2 anos<\/p>\n        <div class=\"box-botao\">\n          <a class=\"btn-assinatura\" target=\"_blank\" href=\"https:\/\/www.estrategiaconcursos.com.br\/assinaturas\/\" role=\"button\" rel=\"noopener noreferrer\">ASSINE AGORA<\/a>\n        <\/div>\n      <\/h3><\/div><\/div><\/div><\/div>\n\n\n\n<h2 class=\"wp-block-heading has-text-align-center\" id=\"h-quer-saber-tudo-sobre-concursos-previstos-confira-nossos-artigos\">Quer saber tudo sobre concursos previstos?<br \/>Confira nossos artigos!<\/h2>\n\n\n\n<ul class=\"wp-block-list\">\n<li><a href=\"https:\/\/www.estrategiaconcursos.com.br\/blog\/concurso-administrativos\/\" target=\"_blank\" rel=\"noreferrer noopener\">Concursos Administrativos<\/a><\/li>\n\n\n\n<li><a href=\"https:\/\/www.estrategiaconcursos.com.br\/blog\/concursos-abertos\/\" target=\"_blank\" rel=\"noreferrer noopener\">Concursos Abertos<\/a><\/li>\n\n\n\n<li><a href=\"https:\/\/www.estrategiaconcursos.com.br\/blog\/concursos-2026\/\" target=\"_blank\" rel=\"noreferrer noopener\">Concursos 2026<\/a><\/li>\n<\/ul>\n","protected":false},"excerpt":{"rendered":"<p>Interessados em ser jovens aprendizes no Correios podem se inscrever no concurso at\u00e9 22 de abril! Os Correios (Empresa Brasileira de Correios e Tel\u00e9grafos) abriram um novo preenchimento de 548 vagas imediatas mais cadastro reserva para cargos de jovens aprendizes atrav\u00e9s de um processo seletivo. Aos interessados, as inscri\u00e7\u00f5es foram prorrogadas e agora podem ser [&hellip;]<\/p>\n","protected":false},"author":2692,"featured_media":1499141,"comment_status":"open","ping_status":"closed","sticky":false,"template":"","format":"standard","meta":{"post_tipo":"news","footnotes":""},"categories":[214992,220219],"tags":[],"tax_estado":[],"class_list":["post-1735008","post","type-post","status-publish","format-standard","has-post-thumbnail","hentry","category-concursos-administrativos","category-noticias"],"acf":[],"yoast_head":"<!-- This site is optimized with the Yoast SEO Premium plugin v27.2 (Yoast SEO v27.2) - https:\/\/yoast.com\/product\/yoast-seo-premium-wordpress\/ -->\n<title>Concurso Correios: 548 vagas tem inscri\u00e7\u00f5es prorrogadas!<\/title>\n<meta name=\"description\" content=\"Foi publicado um novo edital de preenchimento para o concurso Correios voltado aos jovens aprendizes. Saiba todos os detalhes aqui!\" \/>\n<meta name=\"robots\" content=\"index, follow, max-snippet:-1, max-image-preview:large, max-video-preview:-1\" \/>\n<link rel=\"canonical\" href=\"https:\/\/www.estrategiaconcursos.com.br\/blog\/concurso-correios-jovens-aprendizes\/\" \/>\n<meta property=\"og:locale\" content=\"pt_BR\" \/>\n<meta property=\"og:type\" content=\"article\" \/>\n<meta property=\"og:title\" content=\"Concurso Correios: 548 vagas tem inscri\u00e7\u00f5es prorrogadas!\" \/>\n<meta property=\"og:description\" content=\"Foi publicado um novo edital de preenchimento para o concurso Correios voltado aos jovens aprendizes. Saiba todos os detalhes aqui!\" \/>\n<meta property=\"og:url\" content=\"https:\/\/www.estrategiaconcursos.com.br\/blog\/concurso-correios-jovens-aprendizes\/\" \/>\n<meta property=\"og:site_name\" content=\"Estrat\u00e9gia Concursos\" \/>\n<meta property=\"article:published_time\" content=\"2026-04-13T17:56:47+00:00\" \/>\n<meta property=\"article:modified_time\" content=\"2026-04-13T19:06:48+00:00\" \/>\n<meta property=\"og:image\" content=\"https:\/\/dhg1h5j42swfq.cloudfront.net\/2024\/12\/03123655\/correios.jpg\" \/>\n\t<meta property=\"og:image:width\" content=\"300\" \/>\n\t<meta property=\"og:image:height\" content=\"168\" \/>\n\t<meta property=\"og:image:type\" content=\"image\/jpeg\" \/>\n<meta name=\"author\" content=\"Ronaldo Scanavini Neto\" \/>\n<meta name=\"twitter:card\" content=\"summary_large_image\" \/>\n<meta name=\"twitter:creator\" content=\"@EstratConcursos\" \/>\n<meta name=\"twitter:site\" content=\"@EstratConcursos\" \/>\n<meta name=\"twitter:label1\" content=\"Escrito por\" \/>\n\t<meta name=\"twitter:data1\" content=\"Ronaldo Scanavini Neto\" \/>\n\t<meta name=\"twitter:label2\" content=\"Est. tempo de leitura\" \/>\n\t<meta name=\"twitter:data2\" content=\"2 minutos\" \/>\n<script type=\"application\/ld+json\" class=\"yoast-schema-graph\">{\"@context\":\"https:\/\/schema.org\",\"@graph\":[{\"@type\":\"NewsArticle\",\"@id\":\"https:\/\/www.estrategiaconcursos.com.br\/blog\/concurso-correios-jovens-aprendizes\/#article\",\"isPartOf\":{\"@id\":\"https:\/\/www.estrategiaconcursos.com.br\/blog\/concurso-correios-jovens-aprendizes\/\"},\"author\":{\"name\":\"Ronaldo Scanavini Neto\",\"@id\":\"https:\/\/www.estrategiaconcursos.com.br\/blog\/#\/schema\/person\/70c2ad4297aa24ff8815b08215b23a76\"},\"headline\":\"Concurso Correios: 548 vagas tem inscri\u00e7\u00f5es prorrogadas!\",\"datePublished\":\"2026-04-13T17:56:47+00:00\",\"dateModified\":\"2026-04-13T19:06:48+00:00\",\"mainEntityOfPage\":{\"@id\":\"https:\/\/www.estrategiaconcursos.com.br\/blog\/concurso-correios-jovens-aprendizes\/\"},\"wordCount\":483,\"commentCount\":0,\"publisher\":{\"@id\":\"https:\/\/www.estrategiaconcursos.com.br\/blog\/#organization\"},\"image\":{\"@id\":\"https:\/\/www.estrategiaconcursos.com.br\/blog\/concurso-correios-jovens-aprendizes\/#primaryimage\"},\"thumbnailUrl\":\"https:\/\/dhg1h5j42swfq.cloudfront.net\/2024\/12\/03123655\/correios.jpg\",\"articleSection\":[\"Executivo (Administrativa)\",\"\u00daltimas not\u00edcias\"],\"inLanguage\":\"pt-BR\",\"potentialAction\":[{\"@type\":\"CommentAction\",\"name\":\"Comment\",\"target\":[\"https:\/\/www.estrategiaconcursos.com.br\/blog\/concurso-correios-jovens-aprendizes\/#respond\"]}],\"copyrightYear\":\"2026\",\"copyrightHolder\":{\"@id\":\"https:\/\/www.estrategiaconcursos.com.br\/blog\/#organization\"}},{\"@type\":\"WebPage\",\"@id\":\"https:\/\/www.estrategiaconcursos.com.br\/blog\/concurso-correios-jovens-aprendizes\/\",\"url\":\"https:\/\/www.estrategiaconcursos.com.br\/blog\/concurso-correios-jovens-aprendizes\/\",\"name\":\"Concurso Correios: 548 vagas tem inscri\u00e7\u00f5es prorrogadas!\",\"isPartOf\":{\"@id\":\"https:\/\/www.estrategiaconcursos.com.br\/blog\/#website\"},\"primaryImageOfPage\":{\"@id\":\"https:\/\/www.estrategiaconcursos.com.br\/blog\/concurso-correios-jovens-aprendizes\/#primaryimage\"},\"image\":{\"@id\":\"https:\/\/www.estrategiaconcursos.com.br\/blog\/concurso-correios-jovens-aprendizes\/#primaryimage\"},\"thumbnailUrl\":\"https:\/\/dhg1h5j42swfq.cloudfront.net\/2024\/12\/03123655\/correios.jpg\",\"datePublished\":\"2026-04-13T17:56:47+00:00\",\"dateModified\":\"2026-04-13T19:06:48+00:00\",\"description\":\"Foi publicado um novo edital de preenchimento para o concurso Correios voltado aos jovens aprendizes. Saiba todos os detalhes aqui!\",\"breadcrumb\":{\"@id\":\"https:\/\/www.estrategiaconcursos.com.br\/blog\/concurso-correios-jovens-aprendizes\/#breadcrumb\"},\"inLanguage\":\"pt-BR\",\"potentialAction\":[{\"@type\":\"ReadAction\",\"target\":[\"https:\/\/www.estrategiaconcursos.com.br\/blog\/concurso-correios-jovens-aprendizes\/\"]}]},{\"@type\":\"ImageObject\",\"inLanguage\":\"pt-BR\",\"@id\":\"https:\/\/www.estrategiaconcursos.com.br\/blog\/concurso-correios-jovens-aprendizes\/#primaryimage\",\"url\":\"https:\/\/dhg1h5j42swfq.cloudfront.net\/2024\/12\/03123655\/correios.jpg\",\"contentUrl\":\"https:\/\/dhg1h5j42swfq.cloudfront.net\/2024\/12\/03123655\/correios.jpg\",\"width\":300,\"height\":168,\"caption\":\"Correios - Jovem Aprendiz: inscri\u00e7\u00f5es\"},{\"@type\":\"BreadcrumbList\",\"@id\":\"https:\/\/www.estrategiaconcursos.com.br\/blog\/concurso-correios-jovens-aprendizes\/#breadcrumb\",\"itemListElement\":[{\"@type\":\"ListItem\",\"position\":1,\"name\":\"In\u00edcio\",\"item\":\"https:\/\/www.estrategiaconcursos.com.br\/blog\/\"},{\"@type\":\"ListItem\",\"position\":2,\"name\":\"Concurso Correios: 548 vagas tem inscri\u00e7\u00f5es prorrogadas!\"}]},{\"@type\":\"WebSite\",\"@id\":\"https:\/\/www.estrategiaconcursos.com.br\/blog\/#website\",\"url\":\"https:\/\/www.estrategiaconcursos.com.br\/blog\/\",\"name\":\"Estrat\u00e9gia Concursos\",\"description\":\"O blog da Estrat\u00e9gia Concursos traz not\u00edcias sobre concursos e artigos de professores oferecendo cursos para concursos (pdf + videaulas) no site.\",\"publisher\":{\"@id\":\"https:\/\/www.estrategiaconcursos.com.br\/blog\/#organization\"},\"potentialAction\":[{\"@type\":\"SearchAction\",\"target\":{\"@type\":\"EntryPoint\",\"urlTemplate\":\"https:\/\/www.estrategiaconcursos.com.br\/blog\/?s={search_term_string}\"},\"query-input\":{\"@type\":\"PropertyValueSpecification\",\"valueRequired\":true,\"valueName\":\"search_term_string\"}}],\"inLanguage\":\"pt-BR\"},{\"@type\":\"Organization\",\"@id\":\"https:\/\/www.estrategiaconcursos.com.br\/blog\/#organization\",\"name\":\"Estrat\u00e9gia Concursos\",\"url\":\"https:\/\/www.estrategiaconcursos.com.br\/blog\/\",\"logo\":{\"@type\":\"ImageObject\",\"inLanguage\":\"pt-BR\",\"@id\":\"https:\/\/www.estrategiaconcursos.com.br\/blog\/#\/schema\/logo\/image\/\",\"url\":\"https:\/\/dhg1h5j42swfq.cloudfront.net\/2025\/06\/03203428\/logo_concursos-1.jpg\",\"contentUrl\":\"https:\/\/dhg1h5j42swfq.cloudfront.net\/2025\/06\/03203428\/logo_concursos-1.jpg\",\"width\":230,\"height\":60,\"caption\":\"Estrat\u00e9gia Concursos\"},\"image\":{\"@id\":\"https:\/\/www.estrategiaconcursos.com.br\/blog\/#\/schema\/logo\/image\/\"},\"sameAs\":[\"https:\/\/x.com\/EstratConcursos\"]},{\"@type\":\"Person\",\"@id\":\"https:\/\/www.estrategiaconcursos.com.br\/blog\/#\/schema\/person\/70c2ad4297aa24ff8815b08215b23a76\",\"name\":\"Ronaldo Scanavini Neto\",\"image\":{\"@type\":\"ImageObject\",\"inLanguage\":\"pt-BR\",\"@id\":\"https:\/\/secure.gravatar.com\/avatar\/f93d8e56fe264596e94aee6b3feb737d98ad0fc5bac7eb0a245f04723c5c8f21?s=96&d=mm&r=g\",\"url\":\"https:\/\/secure.gravatar.com\/avatar\/f93d8e56fe264596e94aee6b3feb737d98ad0fc5bac7eb0a245f04723c5c8f21?s=96&d=mm&r=g\",\"contentUrl\":\"https:\/\/secure.gravatar.com\/avatar\/f93d8e56fe264596e94aee6b3feb737d98ad0fc5bac7eb0a245f04723c5c8f21?s=96&d=mm&r=g\",\"caption\":\"Ronaldo Scanavini Neto\"},\"description\":\"Graduando em Comunica\u00e7\u00e3o Social \u2013 Jornalismo pela Universidade Federal de Vi\u00e7osa (UFV). Integra a equipe de jornalismo do Estrat\u00e9gia Concursos desde 2023, atuando com \u00eanfase na cobertura da \u00e1rea fiscal. Tamb\u00e9m realiza a apura\u00e7\u00e3o e produ\u00e7\u00e3o de not\u00edcias sobre concursos federais, \u00f3rg\u00e3os participantes do CNU e das \u00e1reas de controle, gest\u00e3o, engenharia, Exame CFC, comunica\u00e7\u00e3o social TI e \u00e1rea de concursos administrativos.\",\"url\":\"https:\/\/www.estrategiaconcursos.com.br\/blog\/author\/ronaldo-netoestrategia-com\/\"}]}<\/script>\n<!-- \/ Yoast SEO Premium plugin. -->","yoast_head_json":{"title":"Concurso Correios: 548 vagas tem inscri\u00e7\u00f5es prorrogadas!","description":"Foi publicado um novo edital de preenchimento para o concurso Correios voltado aos jovens aprendizes. Saiba todos os detalhes aqui!","robots":{"index":"index","follow":"follow","max-snippet":"max-snippet:-1","max-image-preview":"max-image-preview:large","max-video-preview":"max-video-preview:-1"},"canonical":"https:\/\/www.estrategiaconcursos.com.br\/blog\/concurso-correios-jovens-aprendizes\/","og_locale":"pt_BR","og_type":"article","og_title":"Concurso Correios: 548 vagas tem inscri\u00e7\u00f5es prorrogadas!","og_description":"Foi publicado um novo edital de preenchimento para o concurso Correios voltado aos jovens aprendizes. Saiba todos os detalhes aqui!","og_url":"https:\/\/www.estrategiaconcursos.com.br\/blog\/concurso-correios-jovens-aprendizes\/","og_site_name":"Estrat\u00e9gia Concursos","article_published_time":"2026-04-13T17:56:47+00:00","article_modified_time":"2026-04-13T19:06:48+00:00","og_image":[{"width":300,"height":168,"url":"https:\/\/dhg1h5j42swfq.cloudfront.net\/2024\/12\/03123655\/correios.jpg","type":"image\/jpeg"}],"author":"Ronaldo Scanavini Neto","twitter_card":"summary_large_image","twitter_creator":"@EstratConcursos","twitter_site":"@EstratConcursos","twitter_misc":{"Escrito por":"Ronaldo Scanavini Neto","Est. tempo de leitura":"2 minutos"},"schema":{"@context":"https:\/\/schema.org","@graph":[{"@type":"NewsArticle","@id":"https:\/\/www.estrategiaconcursos.com.br\/blog\/concurso-correios-jovens-aprendizes\/#article","isPartOf":{"@id":"https:\/\/www.estrategiaconcursos.com.br\/blog\/concurso-correios-jovens-aprendizes\/"},"author":{"name":"Ronaldo Scanavini Neto","@id":"https:\/\/www.estrategiaconcursos.com.br\/blog\/#\/schema\/person\/70c2ad4297aa24ff8815b08215b23a76"},"headline":"Concurso Correios: 548 vagas tem inscri\u00e7\u00f5es prorrogadas!","datePublished":"2026-04-13T17:56:47+00:00","dateModified":"2026-04-13T19:06:48+00:00","mainEntityOfPage":{"@id":"https:\/\/www.estrategiaconcursos.com.br\/blog\/concurso-correios-jovens-aprendizes\/"},"wordCount":483,"commentCount":0,"publisher":{"@id":"https:\/\/www.estrategiaconcursos.com.br\/blog\/#organization"},"image":{"@id":"https:\/\/www.estrategiaconcursos.com.br\/blog\/concurso-correios-jovens-aprendizes\/#primaryimage"},"thumbnailUrl":"https:\/\/dhg1h5j42swfq.cloudfront.net\/2024\/12\/03123655\/correios.jpg","articleSection":["Executivo (Administrativa)","\u00daltimas not\u00edcias"],"inLanguage":"pt-BR","potentialAction":[{"@type":"CommentAction","name":"Comment","target":["https:\/\/www.estrategiaconcursos.com.br\/blog\/concurso-correios-jovens-aprendizes\/#respond"]}],"copyrightYear":"2026","copyrightHolder":{"@id":"https:\/\/www.estrategiaconcursos.com.br\/blog\/#organization"}},{"@type":"WebPage","@id":"https:\/\/www.estrategiaconcursos.com.br\/blog\/concurso-correios-jovens-aprendizes\/","url":"https:\/\/www.estrategiaconcursos.com.br\/blog\/concurso-correios-jovens-aprendizes\/","name":"Concurso Correios: 548 vagas tem inscri\u00e7\u00f5es prorrogadas!","isPartOf":{"@id":"https:\/\/www.estrategiaconcursos.com.br\/blog\/#website"},"primaryImageOfPage":{"@id":"https:\/\/www.estrategiaconcursos.com.br\/blog\/concurso-correios-jovens-aprendizes\/#primaryimage"},"image":{"@id":"https:\/\/www.estrategiaconcursos.com.br\/blog\/concurso-correios-jovens-aprendizes\/#primaryimage"},"thumbnailUrl":"https:\/\/dhg1h5j42swfq.cloudfront.net\/2024\/12\/03123655\/correios.jpg","datePublished":"2026-04-13T17:56:47+00:00","dateModified":"2026-04-13T19:06:48+00:00","description":"Foi publicado um novo edital de preenchimento para o concurso Correios voltado aos jovens aprendizes. Saiba todos os detalhes aqui!","breadcrumb":{"@id":"https:\/\/www.estrategiaconcursos.com.br\/blog\/concurso-correios-jovens-aprendizes\/#breadcrumb"},"inLanguage":"pt-BR","potentialAction":[{"@type":"ReadAction","target":["https:\/\/www.estrategiaconcursos.com.br\/blog\/concurso-correios-jovens-aprendizes\/"]}]},{"@type":"ImageObject","inLanguage":"pt-BR","@id":"https:\/\/www.estrategiaconcursos.com.br\/blog\/concurso-correios-jovens-aprendizes\/#primaryimage","url":"https:\/\/dhg1h5j42swfq.cloudfront.net\/2024\/12\/03123655\/correios.jpg","contentUrl":"https:\/\/dhg1h5j42swfq.cloudfront.net\/2024\/12\/03123655\/correios.jpg","width":300,"height":168,"caption":"Correios - Jovem Aprendiz: inscri\u00e7\u00f5es"},{"@type":"BreadcrumbList","@id":"https:\/\/www.estrategiaconcursos.com.br\/blog\/concurso-correios-jovens-aprendizes\/#breadcrumb","itemListElement":[{"@type":"ListItem","position":1,"name":"In\u00edcio","item":"https:\/\/www.estrategiaconcursos.com.br\/blog\/"},{"@type":"ListItem","position":2,"name":"Concurso Correios: 548 vagas tem inscri\u00e7\u00f5es prorrogadas!"}]},{"@type":"WebSite","@id":"https:\/\/www.estrategiaconcursos.com.br\/blog\/#website","url":"https:\/\/www.estrategiaconcursos.com.br\/blog\/","name":"Estrat\u00e9gia Concursos","description":"O blog da Estrat\u00e9gia Concursos traz not\u00edcias sobre concursos e artigos de professores oferecendo cursos para concursos (pdf + videaulas) no site.","publisher":{"@id":"https:\/\/www.estrategiaconcursos.com.br\/blog\/#organization"},"potentialAction":[{"@type":"SearchAction","target":{"@type":"EntryPoint","urlTemplate":"https:\/\/www.estrategiaconcursos.com.br\/blog\/?s={search_term_string}"},"query-input":{"@type":"PropertyValueSpecification","valueRequired":true,"valueName":"search_term_string"}}],"inLanguage":"pt-BR"},{"@type":"Organization","@id":"https:\/\/www.estrategiaconcursos.com.br\/blog\/#organization","name":"Estrat\u00e9gia Concursos","url":"https:\/\/www.estrategiaconcursos.com.br\/blog\/","logo":{"@type":"ImageObject","inLanguage":"pt-BR","@id":"https:\/\/www.estrategiaconcursos.com.br\/blog\/#\/schema\/logo\/image\/","url":"https:\/\/dhg1h5j42swfq.cloudfront.net\/2025\/06\/03203428\/logo_concursos-1.jpg","contentUrl":"https:\/\/dhg1h5j42swfq.cloudfront.net\/2025\/06\/03203428\/logo_concursos-1.jpg","width":230,"height":60,"caption":"Estrat\u00e9gia Concursos"},"image":{"@id":"https:\/\/www.estrategiaconcursos.com.br\/blog\/#\/schema\/logo\/image\/"},"sameAs":["https:\/\/x.com\/EstratConcursos"]},{"@type":"Person","@id":"https:\/\/www.estrategiaconcursos.com.br\/blog\/#\/schema\/person\/70c2ad4297aa24ff8815b08215b23a76","name":"Ronaldo Scanavini Neto","image":{"@type":"ImageObject","inLanguage":"pt-BR","@id":"https:\/\/secure.gravatar.com\/avatar\/f93d8e56fe264596e94aee6b3feb737d98ad0fc5bac7eb0a245f04723c5c8f21?s=96&d=mm&r=g","url":"https:\/\/secure.gravatar.com\/avatar\/f93d8e56fe264596e94aee6b3feb737d98ad0fc5bac7eb0a245f04723c5c8f21?s=96&d=mm&r=g","contentUrl":"https:\/\/secure.gravatar.com\/avatar\/f93d8e56fe264596e94aee6b3feb737d98ad0fc5bac7eb0a245f04723c5c8f21?s=96&d=mm&r=g","caption":"Ronaldo Scanavini Neto"},"description":"Graduando em Comunica\u00e7\u00e3o Social \u2013 Jornalismo pela Universidade Federal de Vi\u00e7osa (UFV). Integra a equipe de jornalismo do Estrat\u00e9gia Concursos desde 2023, atuando com \u00eanfase na cobertura da \u00e1rea fiscal. Tamb\u00e9m realiza a apura\u00e7\u00e3o e produ\u00e7\u00e3o de not\u00edcias sobre concursos federais, \u00f3rg\u00e3os participantes do CNU e das \u00e1reas de controle, gest\u00e3o, engenharia, Exame CFC, comunica\u00e7\u00e3o social TI e \u00e1rea de concursos administrativos.","url":"https:\/\/www.estrategiaconcursos.com.br\/blog\/author\/ronaldo-netoestrategia-com\/"}]}},"_links":{"self":[{"href":"https:\/\/www.estrategiaconcursos.com.br\/blog\/wp-json\/wp\/v2\/posts\/1735008","targetHints":{"allow":["GET"]}}],"collection":[{"href":"https:\/\/www.estrategiaconcursos.com.br\/blog\/wp-json\/wp\/v2\/posts"}],"about":[{"href":"https:\/\/www.estrategiaconcursos.com.br\/blog\/wp-json\/wp\/v2\/types\/post"}],"author":[{"embeddable":true,"href":"https:\/\/www.estrategiaconcursos.com.br\/blog\/wp-json\/wp\/v2\/users\/2692"}],"replies":[{"embeddable":true,"href":"https:\/\/www.estrategiaconcursos.com.br\/blog\/wp-json\/wp\/v2\/comments?post=1735008"}],"version-history":[{"count":9,"href":"https:\/\/www.estrategiaconcursos.com.br\/blog\/wp-json\/wp\/v2\/posts\/1735008\/revisions"}],"predecessor-version":[{"id":1752703,"href":"https:\/\/www.estrategiaconcursos.com.br\/blog\/wp-json\/wp\/v2\/posts\/1735008\/revisions\/1752703"}],"wp:featuredmedia":[{"embeddable":true,"href":"https:\/\/www.estrategiaconcursos.com.br\/blog\/wp-json\/wp\/v2\/media\/1499141"}],"wp:attachment":[{"href":"https:\/\/www.estrategiaconcursos.com.br\/blog\/wp-json\/wp\/v2\/media?parent=1735008"}],"wp:term":[{"taxonomy":"category","embeddable":true,"href":"https:\/\/www.estrategiaconcursos.com.br\/blog\/wp-json\/wp\/v2\/categories?post=1735008"},{"taxonomy":"post_tag","embeddable":true,"href":"https:\/\/www.estrategiaconcursos.com.br\/blog\/wp-json\/wp\/v2\/tags?post=1735008"},{"taxonomy":"tax_estado","embeddable":true,"href":"https:\/\/www.estrategiaconcursos.com.br\/blog\/wp-json\/wp\/v2\/tax_estado?post=1735008"}],"curies":[{"name":"wp","href":"https:\/\/api.w.org\/{rel}","templated":true}]}}