{"id":1734976,"date":"2026-03-16T15:17:00","date_gmt":"2026-03-16T18:17:00","guid":{"rendered":"https:\/\/www.estrategiaconcursos.com.br\/blog\/?p=1734976"},"modified":"2026-03-16T15:17:46","modified_gmt":"2026-03-16T18:17:46","slug":"concurso-camara-goiania-recursos-agente-administrativo","status":"publish","type":"post","link":"https:\/\/www.estrategiaconcursos.com.br\/blog\/concurso-camara-goiania-recursos-agente-administrativo\/","title":{"rendered":"Concurso C\u00e2mara de Goi\u00e2nia: recursos de Agente Administrativo"},"content":{"rendered":"\n<p><strong><em>Quer interpor recursos contra os gabaritos preliminares do concurso C\u00e2mara de Goi\u00e2nia para Agente Administrativo? Confira neste artigo!<\/em><\/strong><\/p>\n\n\n\n<p>O <strong>concurso p\u00fablico da C\u00e2mara Municipal de Goi\u00e2nia<\/strong> teve suas provas aplicadas neste \u00faltimo domingo, 15. Com isso, os <a href=\"https:\/\/www.estrategiaconcursos.com.br\/blog\/concurso-camara-de-goiania-2026-gabaritos\/\" target=\"_blank\" rel=\"noreferrer noopener\">gabaritos preliminares da etapa<\/a> j\u00e1 foram divulgados.&nbsp;<\/p>\n\n\n\n<p>Se voc\u00ea pretende <strong>interpor recurso contra o gabarito do concurso C\u00e2mara de Goi\u00e2nia &#8211; Agente Administrativo<\/strong>, muita aten\u00e7\u00e3o: todo o processo deve ser realizado <strong>nos dias 17 e 18 de mar\u00e7o<\/strong>, atrav\u00e9s do <a href=\"https:\/\/sistemas.institutoverbena.ufg.br\/2025\/concurso-camara-goiania\/\" target=\"_blank\" rel=\"noreferrer noopener\">site do Instituto Verbena<\/a>.<\/p>\n\n\n\n<p>E, para te ajudar, nossos professores analisaram o resultado e identificaram algumas possibilidades de recursos. Confira abaixo!<\/p>\n\n\n\n<ul id=\"indice\" class=\"wp-block-list\">\n<li><a href=\"#adm\">Recursos de Administra\u00e7\u00e3o<\/a><\/li>\n\n\n\n<li><a href=\"#portugues\">Recursos de L\u00edngua Portuguesa<\/a><\/li>\n<\/ul>\n\n\n\n<div class=\"container\" id=\"boxes\">\n  <div class=\"row\">\n\n    <div class=\"col-sm\">\n      <div class=\"banner-camaras\" id=\"box-assinatura\">\n        <h2 class=\"titulo-assinatura\">Concurso C\u00e2mara de Goi\u00e2nia<\/h2>\n        <p class=\"subtitulo-assinatura\">Prepara\u00e7\u00e3o completa para o certame! \u2728<\/p>\n        <div class=\"box-botao\">\n          <a class=\"btn-assinatura\" target=\"_blank\" href=\"https:\/\/www.estrategiaconcursos.com.br\/cursosPorConcurso\/camara-municipal-de-goiania\/\" role=\"button\" rel=\"noopener noreferrer\">VER CURSOS<\/a>\n        <\/div>\n      <\/div>\n     \n\n  <\/div>\n<\/div><\/div>\n\n\n\n<h2 class=\"wp-block-heading has-very-light-gray-to-cyan-bluish-gray-gradient-background has-background\" id=\"adm\">Concurso C\u00e2mara de Goi\u00e2nia: recursos de Administra\u00e7\u00e3o<\/h2>\n\n\n\n<p><strong>QUEST\u00c3O 50<\/strong><\/p>\n\n\n\n<p><strong>A governabilidade e a accountability constituem pilares fundamentais para o fortalecimento do Estado democr\u00e1tico, sendo a legitimidade uma de suas bases. Nesse contexto, o que caracteriza a legitimidade?<\/strong><\/p>\n\n\n\n<ul class=\"wp-block-list\">\n<li>A) Caracteriza-se pela presta\u00e7\u00e3o de contas por respons\u00e1veis por recursos p\u00fablicos, bem como a sua devida<\/li>\n\n\n\n<li>responsabiliza\u00e7\u00e3o.<\/li>\n\n\n\n<li>B) Caracteriza-se pela possibilidade de acesso \u00e0s informa\u00e7\u00f5es do setor p\u00fablico.<\/li>\n\n\n\n<li>C) Caracteriza-se pela garantia de que os cidad\u00e3os tenham acesso ao exerc\u00edcio de seus direitos civis.<\/li>\n\n\n\n<li>D) Caracteriza-se pelo zelo que os servidores devem ter pela sustentabilidade da organiza\u00e7\u00e3o.<\/li>\n<\/ul>\n\n\n\n<p><strong>Fundamenta\u00e7\u00e3o T\u00e9cnica<\/strong><\/p>\n\n\n\n<p>A quest\u00e3o solicita a caracteriza\u00e7\u00e3o da Legitimidade no contexto do fortalecimento do Estado Democr\u00e1tico.<\/p>\n\n\n\n<p>O gabarito preliminar (alternativa A) aponta a &#8220;presta\u00e7\u00e3o de contas e responsabiliza\u00e7\u00e3o&#8221; como resposta, o que configura um erro conceitual, visto que tais caracter\u00edsticas definem a Accountability, e n\u00e3o a legitimidade.<\/p>\n\n\n\n<p><strong>A) Defini\u00e7\u00e3o de Legitimidade vs. Accountability por Agostinho Paludo<\/strong>: Segundo Agostinho Paludo, a legitimidade est\u00e1 intrinsecamente ligada ao reconhecimento social e ao cumprimento de direitos, enquanto a presta\u00e7\u00e3o de contas \u00e9 o cerne da accountability: &#8220;A legitimidade resulta do reconhecimento, por parte da sociedade, de que a autoridade \u00e9 exercida de forma correta e em prol do bem comum, assegurando os direitos dos cidad\u00e3os. <\/p>\n\n\n\n<p>J\u00e1 a accountability \u00e9 o dever de prestar contas e a responsabilidade pelas consequ\u00eancias de seus atos e omiss\u00f5es.&#8221; \u2014 PALUDO, Agostinho. Administra\u00e7\u00e3o P\u00fablica. 9. ed. S\u00e3o Paulo: Atlas, 2020, p. 88.<\/p>\n\n\n\n<p><strong>B) Defini\u00e7\u00e3o pela Revista do Servi\u00e7o P\u00fablico (RSP &#8211; ENAP)<\/strong>: No artigo &#8220;Reforma do Estado e Administra\u00e7\u00e3o P\u00fablica Gerencial&#8221;, de Bresser-Pereira (base fundamental para a RSP), a legitimidade do Estado moderno \u00e9 vinculada \u00e0 sua capacidade de garantir os direitos e a cidadania: &#8220;A legitimidade do Estado democr\u00e1tico moderno depende n\u00e3o apenas da legalidade de sua origem (voto), mas da efetividade em garantir os direitos civis, sociais e pol\u00edticos dos cidad\u00e3os, tornando o Estado um instrumento da sociedade.&#8221; \u2014 BRESSER-PEREIRA, Luiz Carlos. Revista do Servi\u00e7o P\u00fablico, Bras\u00edlia, v. 48, n. 1, p. 12, Jan-Abr 1997.<\/p>\n\n\n\n<p><strong>C) Sobre a Erro da Alternativa A<\/strong>: A alternativa considerada correta pela banca descreve exatamente o conceito de Accountability, conforme ensina Matias-Pereira: &#8220;O conceito de accountability pode ser traduzido pela conjuga\u00e7\u00e3o de dois elementos principais: a presta\u00e7\u00e3o de contas (answerability) e a responsabiliza\u00e7\u00e3o (enforcement).&#8221; \u2014 MATIAS-PEREIRA, Jos\u00e9. Curso de Administra\u00e7\u00e3o P\u00fablica. 5. ed. S\u00e3o Paulo: Atlas, 2018, p. 114.<\/p>\n\n\n\n<p><strong>D) Contradi\u00e7\u00e3o Interna de conceitos na prova<\/strong>: A banca examinadora, na Quest\u00e3o 49, define corretamente que o controle exercido pelos cidad\u00e3os sobre os pol\u00edticos, atrav\u00e9s da presta\u00e7\u00e3o de contas, refere-se \u00e0 Accountability (no caso, a Vertical).<\/p>\n\n\n\n<p>Todavia, ao formular a Quest\u00e3o 50, a banca apresenta como gabarito para o conceito de Legitimidade (Alternativa A) a exata defini\u00e7\u00e3o de Accountability. Essa sobreposi\u00e7\u00e3o conceitual anula a distin\u00e7\u00e3o t\u00e9cnica necess\u00e1ria entre os institutos:<\/p>\n\n\n\n<ul class=\"wp-block-list\">\n<li><strong>Accountability<\/strong>: \u00c9 o mecanismo de controle e responsabiliza\u00e7\u00e3o (foco da Q-49 e da Alternativa A da Q-50).<\/li>\n\n\n\n<li><strong>Legitimidade<\/strong>: \u00c9 o atributo de aceita\u00e7\u00e3o e reconhecimento do poder, baseado no respeito aos direitos (foco da Alternativa C da Q-50).<\/li>\n<\/ul>\n\n\n\n<p>Se a banca mantiver a alternativa &#8220;A&#8221; para a quest\u00e3o 50, ela estar\u00e1 afirmando que Legitimidade e Accountability s\u00e3o sin\u00f4nimos, o que contradiz a doutrina majorit\u00e1ria e a pr\u00f3pria constru\u00e7\u00e3o da quest\u00e3o 49 da mesma prova. <\/p>\n\n\n\n<p>A legitimidade \u00e9 a causa\/base (consentimento e direitos), enquanto a accountability \u00e9 a consequ\u00eancia\/instrumento (fiscaliza\u00e7\u00e3o e contas).<\/p>\n\n\n\n<p><strong>Conclus\u00e3o<\/strong><\/p>\n\n\n\n<p>Isso posto, ao afirmar que a legitimidade se caracteriza pela presta\u00e7\u00e3o de contas (Alternativa A), a banca incorre em v\u00edcio de conte\u00fado, trocando um conceito por outro. A Alternativa C, ao mencionar a &#8220;garantia de acesso ao exerc\u00edcio de direitos civis&#8221;, \u00e9 a \u00fanica que guarda rela\u00e7\u00e3o direta com a base de sustenta\u00e7\u00e3o do Estado Democr\u00e1tico e o conceito de legitimidade social.<\/p>\n\n\n\n<p>Para refor\u00e7ar que a Alternativa C da quest\u00e3o 50 \u00e9 a \u00fanica correta, citamos Matias-Pereira, que distingue a base da legitimidade democr\u00e1tica:<\/p>\n\n\n\n<p>&#8220;A legitimidade do Estado e de suas institui\u00e7\u00f5es em um regime democr\u00e1tico \u00e9 sustentada pela garantia da cidadania e pelo acesso aos direitos fundamentais. Sem a frui\u00e7\u00e3o dos direitos civis e pol\u00edticos, o poder carece de base social e reconhecimento, perdendo sua legitimidade.&#8221; \u2014 MATIAS-PEREIRA, Jos\u00e9. Curso de Administra\u00e7\u00e3o P\u00fablica. 5. ed. S\u00e3o Paulo: Atlas, 2018, p. 65.<\/p>\n\n\n\n<p>Diante do exposto, solicita-se a <strong>altera\u00e7\u00e3o do gabarito para a alternativa C<\/strong>.<\/p>\n\n\n\n<p><strong>Profa. Elisabete Moreira.<\/strong><\/p>\n\n\n\n<hr class=\"wp-block-separator has-alpha-channel-opacity is-style-dots\"\/>\n\n\n\n<h2 class=\"wp-block-heading has-very-light-gray-to-cyan-bluish-gray-gradient-background has-background\" id=\"portugues\">Concurso C\u00e2mara de Goi\u00e2nia: recursos de L\u00edngua Portuguesa<\/h2>\n\n\n\n<p><strong>Quest\u00e3o 1<\/strong><\/p>\n\n\n\n<p><strong>Leia o texto a seguir. Jo\u00e3o Rom\u00e3o foi, dos treze aos vinte anos, empregado de um vendeiro que enriqueceu entre as quatro paredes de uma suja e obscura taverna nos refolhos do bairro de Botafogo. AZEVEDO, Alu\u00edsio. O corti\u00e7o. 2. ed. Rio de Janeiro: BestBolso, 2012. p. 11. No fragmento que abre a narrativa O corti\u00e7o, de Alu\u00edsio Azevedo, a frase &#8220;dos treze aos vinte anos&#8221; consiste em um<\/strong><\/p>\n\n\n\n<ul class=\"wp-block-list\">\n<li>A) adjunto adnominal.<\/li>\n\n\n\n<li>B) aposto.<\/li>\n\n\n\n<li>C) adjunto adverbial.<\/li>\n\n\n\n<li>D) vocativo.<\/li>\n<\/ul>\n\n\n\n<p><strong>Gabarito preliminar<\/strong>: letra B<\/p>\n\n\n\n<p><strong>Gabarito pretendido<\/strong>: letra C<\/p>\n\n\n\n<p><strong>Fundamenta\u00e7\u00e3o<\/strong><\/p>\n\n\n\n<p>A presente quest\u00e3o deve ter seu gabarito revisto, pois a express\u00e3o \u201cdos treze aos vinte anos\u201d, no trecho <em>\u201cJo\u00e3o Rom\u00e3o foi, dos treze aos vinte anos, empregado de um vendeiro&#8230;\u201d<\/em>, exerce, sob an\u00e1lise sint\u00e1tica rigorosa, a fun\u00e7\u00e3o de adjunto adverbial de tempo, e n\u00e3o de aposto.<\/p>\n\n\n\n<p>No plano sint\u00e1tico-sem\u00e2ntico, a locu\u00e7\u00e3o \u201cdos treze aos vinte anos\u201d exprime uma circunst\u00e2ncia temporal durativa, delimitando o intervalo em que o referente \u201cJo\u00e3o Rom\u00e3o\u201d permaneceu na condi\u00e7\u00e3o de \u201cempregado de um vendeiro\u201d. <\/p>\n\n\n\n<p>Trata-se, portanto, de um termo de valor adverbial que incide sobre o predicado, acrescentando-lhe informa\u00e7\u00e3o de tempo.<\/p>\n\n\n\n<p>Segundo a tradi\u00e7\u00e3o gramatical, o adjunto adverbial \u00e9 o termo acess\u00f3rio que modifica o verbo, o adjetivo ou o adv\u00e9rbio, exprimindo circunst\u00e2ncias como tempo, modo, lugar, causa, intensidade, entre outras. <\/p>\n\n\n\n<p>Nessa linha, Evanildo Bechara define o adjunto adverbial como o termo que denota uma circunst\u00e2ncia do fato expresso pelo verbo, incluindo entre seus valores mais protot\u00edpicos o de tempo. Assim, express\u00f5es como \u201contem\u201d, \u201cnaquele tempo\u201d, \u201cdurante anos\u201d ou \u201cdos treze aos vinte anos\u201d desempenham precisamente essa fun\u00e7\u00e3o circunstancial.<\/p>\n\n\n\n<p>Tamb\u00e9m Celso Cunha e Lindley Cintra, ao tratarem dos termos acess\u00f3rios da ora\u00e7\u00e3o, ensinam que o adjunto adverbial \u00e9 o elemento que traz uma circunst\u00e2ncia em que se desenvolve a a\u00e7\u00e3o, o estado ou o processo verbal. <\/p>\n\n\n\n<p>No trecho em an\u00e1lise, \u00e9 exatamente isso que ocorre: a express\u00e3o questionada informa em que per\u00edodo Jo\u00e3o Rom\u00e3o \u201cfoi empregado\u201d, respondendo claramente \u00e0 pergunta \u201cquando?\u201d ou \u201cdurante que lapso temporal?\u201d.<\/p>\n\n\n\n<p>De igual modo, Rocha Lima, ao examinar os adjuntos adverbiais, inclui expressamente as constru\u00e7\u00f5es que marcam tempo ou dura\u00e7\u00e3o como manifesta\u00e7\u00f5es t\u00edpicas dessa fun\u00e7\u00e3o sint\u00e1tica. <\/p>\n\n\n\n<p>A estrutura \u201cdos treze aos vinte anos\u201d enquadra-se de forma direta nessa descri\u00e7\u00e3o, pois indica extens\u00e3o temporal, e n\u00e3o equival\u00eancia nominal.<\/p>\n\n\n\n<p>Por outro lado, a classifica\u00e7\u00e3o da banca como aposto n\u00e3o se sustenta. O aposto, conforme a doutrina gramatical cl\u00e1ssica, \u00e9 um termo de natureza substantiva que explica, desenvolve, especifica, resume ou identifica outro elemento nominal da ora\u00e7\u00e3o. Bechara, Cunha e Cintra e Rocha Lima, em converg\u00eancia, associam o aposto a uma rela\u00e7\u00e3o de equival\u00eancia ou explicita\u00e7\u00e3o nominal. <\/p>\n\n\n\n<p>Exemplos t\u00edpicos seriam: <em>\u201cMachado de Assis, grande escritor brasileiro, &#8230;\u201d<\/em>; <em>\u201cBras\u00edlia, capital federal, &#8230;\u201d<\/em>; <em>\u201cJo\u00e3o Rom\u00e3o, vendeiro ambicioso, &#8230;\u201d<\/em>. Nesses casos, h\u00e1 reapresenta\u00e7\u00e3o de um nome por outro segmento nominal de mesmo valor referencial.<\/p>\n\n\n\n<p>A prova mais segura disso \u00e9 a reorganiza\u00e7\u00e3o em ordem direta:<\/p>\n\n\n\n<p>\u201cJo\u00e3o Rom\u00e3o foi empregado de um vendeiro dos treze aos vinte anos.\u201d<\/p>\n\n\n\n<p>Nessa reda\u00e7\u00e3o, resta ainda mais vis\u00edvel que a express\u00e3o atua sobre o predicado, delimitando temporalmente o estado\/condi\u00e7\u00e3o de \u201cser empregado\u201d. Logo, a classifica\u00e7\u00e3o correta continua sendo adjunto adverbial de tempo.<\/p>\n\n\n\n<p>Sob uma perspectiva lingu\u00edstica mais ampla, gram\u00e1ticas de orienta\u00e7\u00e3o descritiva tamb\u00e9m reconhecem que sintagmas preposicionados de valor temporal exercem fun\u00e7\u00e3o adverbial quando modificam o predicado. <\/p>\n\n\n\n<p>Em linhas gerais, essa leitura \u00e9 compat\u00edvel com a descri\u00e7\u00e3o funcional da sintaxe do portugu\u00eas contempor\u00e2neo, segundo a qual express\u00f5es temporais introduzem moldura circunstancial do evento, e n\u00e3o rela\u00e7\u00e3o de aposi\u00e7\u00e3o nominal.<\/p>\n\n\n\n<p>Diante do exposto, requer-se, humildemente, a altera\u00e7\u00e3o do gabarito da quest\u00e3o para a alternativa (C).<\/p>\n\n\n\n<p><em>Refer\u00eancias:<\/em><\/p>\n\n\n\n<p>BECHARA, Evanildo. <em>Moderna gram\u00e1tica portuguesa<\/em>.<br \/>CUNHA, Celso; CINTRA, Lindley. <em>Nova gram\u00e1tica do portugu\u00eas contempor\u00e2neo<\/em>.<br \/>ROCHA LIMA, Carlos Henrique da. <em>Gram\u00e1tica normativa da l\u00edngua portuguesa<\/em>.<br \/>NEVES, Maria Helena de Moura. <em>Gram\u00e1tica de usos do portugu\u00eas<\/em>.<br \/>AZEREDO, Jos\u00e9 Carlos de. <em>Gram\u00e1tica Houaiss da l\u00edngua portuguesa<\/em>.<\/p>\n\n\n\n<hr class=\"wp-block-separator has-alpha-channel-opacity\"\/>\n\n\n\n<p class=\"has-text-align-center has-cyan-bluish-gray-background-color has-background\" style=\"font-size:clamp(14.642px, 0.915rem + ((1vw - 3.2px) * 0.721), 22px);\"><strong>Saiba mais: <a href=\"https:\/\/www.estrategiaconcursos.com.br\/blog\/concurso-camara-de-goiania\/\" target=\"_blank\" rel=\"noreferrer noopener\">Concurso C\u00e2mara Municipal de Goi\u00e2nia 2026<\/a><\/strong><\/p>\n\n\n\n<h2 class=\"wp-block-heading has-text-align-center\" id=\"h-quer-saber-tudo-sobre-concursos-previstos-confira-nossos-artigos\">Quer saber tudo sobre concursos previstos?<br \/>Confira nossos artigos!<\/h2>\n\n\n\n<ul class=\"wp-block-list\">\n<li><a href=\"https:\/\/www.estrategiaconcursos.com.br\/blog\/concursos-abertos\/\" target=\"_blank\" rel=\"noreferrer noopener\">Concursos abertos<\/a><\/li>\n\n\n\n<li><a href=\"https:\/\/www.estrategiaconcursos.com.br\/blog\/concursos-2026\/\" target=\"_blank\" rel=\"noreferrer noopener\">Concursos 2026<\/a><\/li>\n\n\n\n<li><a href=\"https:\/\/www.estrategiaconcursos.com.br\/blog\/concursos-camaras-municipais\/\" target=\"_blank\" rel=\"noreferrer noopener\">Concursos C\u00e2maras 2026<\/a><\/li>\n<\/ul>\n\n\n\n<div class=\"container\" id=\"boxes\">\n  <div class=\"row\">\n\n    <div class=\"col-sm\">\n      <div class=\"banner-camaras\" id=\"box-assinatura\">\n        <h3 class=\"titulo-assinatura\">Concurso C\u00e2mara de Goi\u00e2nia<\/h3>\n        <p class=\"subtitulo-assinatura\">Conhe\u00e7a os cursos<\/p>\n        <div class=\"box-botao\">\n          <a class=\"btn-assinatura\" target=\"_blank\" href=\"https:\/\/www.estrategiaconcursos.com.br\/cursosPorConcurso\/camara-municipal-de-goiania\/\" role=\"button\" rel=\"noopener noreferrer\">Conhe\u00e7a mais<\/a>\n        <\/div>\n      <\/div>\n     \n\n  <\/div>\n<\/div><\/div>\n\n\n\n<div class=\"container\" id=\"boxes\">\n  <div class=\"row\">\n\n    <div class=\"col-sm\">\n      <div class=\"estrategia\" id=\"box-assinatura\">\n        <h3 class=\"titulo-assinatura\">Assinatura Concursos<\/h3>\n        <p class=\"subtitulo-assinatura\">Assinatura de 1 ano ou 2 anos<\/p>\n        <div class=\"box-botao\">\n          <a class=\"btn-assinatura\" target=\"_blank\" href=\"https:\/\/www.estrategiaconcursos.com.br\/assinaturas\/\" role=\"button\" rel=\"noopener noreferrer\">ASSINE AGORA<\/a>\n        <\/div>\n      <\/div>\n     \n    <\/div><\/div><\/div>\n\n\n\n<p><\/p>\n","protected":false},"excerpt":{"rendered":"<p>Quer interpor recursos contra os gabaritos preliminares do concurso C\u00e2mara de Goi\u00e2nia para Agente Administrativo? Confira neste artigo! O concurso p\u00fablico da C\u00e2mara Municipal de Goi\u00e2nia teve suas provas aplicadas neste \u00faltimo domingo, 15. Com isso, os gabaritos preliminares da etapa j\u00e1 foram divulgados.&nbsp; Se voc\u00ea pretende interpor recurso contra o gabarito do concurso C\u00e2mara [&hellip;]<\/p>\n","protected":false},"author":1206,"featured_media":926761,"comment_status":"open","ping_status":"closed","sticky":false,"template":"","format":"standard","meta":{"post_tipo":"news","footnotes":""},"categories":[2017,220219],"tags":[],"tax_estado":[219972],"class_list":["post-1734976","post","type-post","status-publish","format-standard","has-post-thumbnail","hentry","category-concursos-legislativos","category-noticias","tax_estado-go"],"acf":[],"yoast_head":"<!-- This site is optimized with the Yoast SEO Premium plugin v27.2 (Yoast SEO v27.2) - https:\/\/yoast.com\/product\/yoast-seo-premium-wordpress\/ -->\n<title>Concurso C\u00e2mara de Goi\u00e2nia: recursos de Agente Administrativo<\/title>\n<meta name=\"description\" content=\"Quer interpor recursos contra os gabaritos preliminares do concurso C\u00e2mara de Goi\u00e2nia para Agente Administrativo? Confira!\" \/>\n<meta name=\"robots\" content=\"index, follow, max-snippet:-1, max-image-preview:large, max-video-preview:-1\" \/>\n<link rel=\"canonical\" href=\"https:\/\/www.estrategiaconcursos.com.br\/blog\/concurso-camara-goiania-recursos-agente-administrativo\/\" \/>\n<meta property=\"og:locale\" content=\"pt_BR\" \/>\n<meta property=\"og:type\" content=\"article\" \/>\n<meta property=\"og:title\" content=\"Concurso C\u00e2mara de Goi\u00e2nia: recursos de Agente Administrativo\" \/>\n<meta property=\"og:description\" content=\"Quer interpor recursos contra os gabaritos preliminares do concurso C\u00e2mara de Goi\u00e2nia para Agente Administrativo? Confira!\" \/>\n<meta property=\"og:url\" content=\"https:\/\/www.estrategiaconcursos.com.br\/blog\/concurso-camara-goiania-recursos-agente-administrativo\/\" \/>\n<meta property=\"og:site_name\" content=\"Estrat\u00e9gia Concursos\" \/>\n<meta property=\"article:published_time\" content=\"2026-03-16T18:17:00+00:00\" \/>\n<meta property=\"article:modified_time\" content=\"2026-03-16T18:17:46+00:00\" \/>\n<meta property=\"og:image\" content=\"https:\/\/dhg1h5j42swfq.cloudfront.net\/2021\/12\/10135159\/camara_de_goiania.jpg\" \/>\n\t<meta property=\"og:image:width\" content=\"768\" \/>\n\t<meta property=\"og:image:height\" content=\"432\" \/>\n\t<meta property=\"og:image:type\" content=\"image\/jpeg\" \/>\n<meta name=\"author\" content=\"Bruna de Andrade Fran\u00e7a\" \/>\n<meta name=\"twitter:card\" content=\"summary_large_image\" \/>\n<meta name=\"twitter:creator\" content=\"@EstratConcursos\" \/>\n<meta name=\"twitter:site\" content=\"@EstratConcursos\" \/>\n<meta name=\"twitter:label1\" content=\"Escrito por\" \/>\n\t<meta name=\"twitter:data1\" content=\"Bruna de Andrade Fran\u00e7a\" \/>\n\t<meta name=\"twitter:label2\" content=\"Est. tempo de leitura\" \/>\n\t<meta name=\"twitter:data2\" content=\"8 minutos\" \/>\n<script type=\"application\/ld+json\" class=\"yoast-schema-graph\">{\"@context\":\"https:\/\/schema.org\",\"@graph\":[{\"@type\":\"NewsArticle\",\"@id\":\"https:\/\/www.estrategiaconcursos.com.br\/blog\/concurso-camara-goiania-recursos-agente-administrativo\/#article\",\"isPartOf\":{\"@id\":\"https:\/\/www.estrategiaconcursos.com.br\/blog\/concurso-camara-goiania-recursos-agente-administrativo\/\"},\"author\":{\"name\":\"Bruna de Andrade Fran\u00e7a\",\"@id\":\"https:\/\/www.estrategiaconcursos.com.br\/blog\/#\/schema\/person\/6630f91134abc08115cca62ce6372855\"},\"headline\":\"Concurso C\u00e2mara de Goi\u00e2nia: recursos de Agente Administrativo\",\"datePublished\":\"2026-03-16T18:17:00+00:00\",\"dateModified\":\"2026-03-16T18:17:46+00:00\",\"mainEntityOfPage\":{\"@id\":\"https:\/\/www.estrategiaconcursos.com.br\/blog\/concurso-camara-goiania-recursos-agente-administrativo\/\"},\"wordCount\":1685,\"commentCount\":0,\"publisher\":{\"@id\":\"https:\/\/www.estrategiaconcursos.com.br\/blog\/#organization\"},\"image\":{\"@id\":\"https:\/\/www.estrategiaconcursos.com.br\/blog\/concurso-camara-goiania-recursos-agente-administrativo\/#primaryimage\"},\"thumbnailUrl\":\"https:\/\/dhg1h5j42swfq.cloudfront.net\/2021\/12\/10135159\/camara_de_goiania.jpg\",\"articleSection\":[\"Legislativo\",\"\u00daltimas not\u00edcias\"],\"inLanguage\":\"pt-BR\",\"potentialAction\":[{\"@type\":\"CommentAction\",\"name\":\"Comment\",\"target\":[\"https:\/\/www.estrategiaconcursos.com.br\/blog\/concurso-camara-goiania-recursos-agente-administrativo\/#respond\"]}],\"copyrightYear\":\"2026\",\"copyrightHolder\":{\"@id\":\"https:\/\/www.estrategiaconcursos.com.br\/blog\/#organization\"}},{\"@type\":\"WebPage\",\"@id\":\"https:\/\/www.estrategiaconcursos.com.br\/blog\/concurso-camara-goiania-recursos-agente-administrativo\/\",\"url\":\"https:\/\/www.estrategiaconcursos.com.br\/blog\/concurso-camara-goiania-recursos-agente-administrativo\/\",\"name\":\"Concurso C\u00e2mara de Goi\u00e2nia: recursos de Agente Administrativo\",\"isPartOf\":{\"@id\":\"https:\/\/www.estrategiaconcursos.com.br\/blog\/#website\"},\"primaryImageOfPage\":{\"@id\":\"https:\/\/www.estrategiaconcursos.com.br\/blog\/concurso-camara-goiania-recursos-agente-administrativo\/#primaryimage\"},\"image\":{\"@id\":\"https:\/\/www.estrategiaconcursos.com.br\/blog\/concurso-camara-goiania-recursos-agente-administrativo\/#primaryimage\"},\"thumbnailUrl\":\"https:\/\/dhg1h5j42swfq.cloudfront.net\/2021\/12\/10135159\/camara_de_goiania.jpg\",\"datePublished\":\"2026-03-16T18:17:00+00:00\",\"dateModified\":\"2026-03-16T18:17:46+00:00\",\"description\":\"Quer interpor recursos contra os gabaritos preliminares do concurso C\u00e2mara de Goi\u00e2nia para Agente Administrativo? Confira!\",\"breadcrumb\":{\"@id\":\"https:\/\/www.estrategiaconcursos.com.br\/blog\/concurso-camara-goiania-recursos-agente-administrativo\/#breadcrumb\"},\"inLanguage\":\"pt-BR\",\"potentialAction\":[{\"@type\":\"ReadAction\",\"target\":[\"https:\/\/www.estrategiaconcursos.com.br\/blog\/concurso-camara-goiania-recursos-agente-administrativo\/\"]}]},{\"@type\":\"ImageObject\",\"inLanguage\":\"pt-BR\",\"@id\":\"https:\/\/www.estrategiaconcursos.com.br\/blog\/concurso-camara-goiania-recursos-agente-administrativo\/#primaryimage\",\"url\":\"https:\/\/dhg1h5j42swfq.cloudfront.net\/2021\/12\/10135159\/camara_de_goiania.jpg\",\"contentUrl\":\"https:\/\/dhg1h5j42swfq.cloudfront.net\/2021\/12\/10135159\/camara_de_goiania.jpg\",\"width\":768,\"height\":432,\"caption\":\"concurso C\u00e2mara de Goi\u00e2nia\"},{\"@type\":\"BreadcrumbList\",\"@id\":\"https:\/\/www.estrategiaconcursos.com.br\/blog\/concurso-camara-goiania-recursos-agente-administrativo\/#breadcrumb\",\"itemListElement\":[{\"@type\":\"ListItem\",\"position\":1,\"name\":\"In\u00edcio\",\"item\":\"https:\/\/www.estrategiaconcursos.com.br\/blog\/\"},{\"@type\":\"ListItem\",\"position\":2,\"name\":\"Concurso C\u00e2mara de Goi\u00e2nia: recursos de Agente Administrativo\"}]},{\"@type\":\"WebSite\",\"@id\":\"https:\/\/www.estrategiaconcursos.com.br\/blog\/#website\",\"url\":\"https:\/\/www.estrategiaconcursos.com.br\/blog\/\",\"name\":\"Estrat\u00e9gia Concursos\",\"description\":\"O blog da Estrat\u00e9gia Concursos traz not\u00edcias sobre concursos e artigos de professores oferecendo cursos para concursos (pdf + videaulas) no site.\",\"publisher\":{\"@id\":\"https:\/\/www.estrategiaconcursos.com.br\/blog\/#organization\"},\"potentialAction\":[{\"@type\":\"SearchAction\",\"target\":{\"@type\":\"EntryPoint\",\"urlTemplate\":\"https:\/\/www.estrategiaconcursos.com.br\/blog\/?s={search_term_string}\"},\"query-input\":{\"@type\":\"PropertyValueSpecification\",\"valueRequired\":true,\"valueName\":\"search_term_string\"}}],\"inLanguage\":\"pt-BR\"},{\"@type\":\"Organization\",\"@id\":\"https:\/\/www.estrategiaconcursos.com.br\/blog\/#organization\",\"name\":\"Estrat\u00e9gia Concursos\",\"url\":\"https:\/\/www.estrategiaconcursos.com.br\/blog\/\",\"logo\":{\"@type\":\"ImageObject\",\"inLanguage\":\"pt-BR\",\"@id\":\"https:\/\/www.estrategiaconcursos.com.br\/blog\/#\/schema\/logo\/image\/\",\"url\":\"https:\/\/dhg1h5j42swfq.cloudfront.net\/2025\/06\/03203428\/logo_concursos-1.jpg\",\"contentUrl\":\"https:\/\/dhg1h5j42swfq.cloudfront.net\/2025\/06\/03203428\/logo_concursos-1.jpg\",\"width\":230,\"height\":60,\"caption\":\"Estrat\u00e9gia Concursos\"},\"image\":{\"@id\":\"https:\/\/www.estrategiaconcursos.com.br\/blog\/#\/schema\/logo\/image\/\"},\"sameAs\":[\"https:\/\/x.com\/EstratConcursos\"]},{\"@type\":\"Person\",\"@id\":\"https:\/\/www.estrategiaconcursos.com.br\/blog\/#\/schema\/person\/6630f91134abc08115cca62ce6372855\",\"name\":\"Bruna de Andrade Fran\u00e7a\",\"image\":{\"@type\":\"ImageObject\",\"inLanguage\":\"pt-BR\",\"@id\":\"https:\/\/secure.gravatar.com\/avatar\/d6316d36d50cea0fadae28ed3015b8870cc90a2d3d8a95c37b44006af36a00e3?s=96&d=mm&r=g\",\"url\":\"https:\/\/secure.gravatar.com\/avatar\/d6316d36d50cea0fadae28ed3015b8870cc90a2d3d8a95c37b44006af36a00e3?s=96&d=mm&r=g\",\"contentUrl\":\"https:\/\/secure.gravatar.com\/avatar\/d6316d36d50cea0fadae28ed3015b8870cc90a2d3d8a95c37b44006af36a00e3?s=96&d=mm&r=g\",\"caption\":\"Bruna de Andrade Fran\u00e7a\"},\"description\":\"Bruna de Andrade Fran\u00e7a \u00e9 publicit\u00e1ria com p\u00f3s-gradua\u00e7\u00e3o em Marketing &amp; Growth, atuando h\u00e1 mais de 6 anos no universo dos concursos p\u00fablicos. Desde 2021, lidera no Blog do Estrat\u00e9gia Concursos a cobertura editorial especializada em Concursos Policiais (PF, PRF, PM, PC, etc.), al\u00e9m das frentes de concursos banc\u00e1rios, de sa\u00fade e da \u00e1rea legislativa. Especialista em reda\u00e7\u00e3o, com pr\u00e1ticas de SEO e Copywriting, possui tamb\u00e9m atua\u00e7\u00e3o pr\u00e1tica de contato direto com \u00f3rg\u00e3os p\u00fablicos respons\u00e1veis por editais, permitindo acesso antecipado a informa\u00e7\u00f5es, desdobramentos importantes e atualiza\u00e7\u00e3o eficiente dos concursos p\u00fablicos.\",\"url\":\"https:\/\/www.estrategiaconcursos.com.br\/blog\/author\/bruna-andrade\/\"}]}<\/script>\n<!-- \/ Yoast SEO Premium plugin. -->","yoast_head_json":{"title":"Concurso C\u00e2mara de Goi\u00e2nia: recursos de Agente Administrativo","description":"Quer interpor recursos contra os gabaritos preliminares do concurso C\u00e2mara de Goi\u00e2nia para Agente Administrativo? Confira!","robots":{"index":"index","follow":"follow","max-snippet":"max-snippet:-1","max-image-preview":"max-image-preview:large","max-video-preview":"max-video-preview:-1"},"canonical":"https:\/\/www.estrategiaconcursos.com.br\/blog\/concurso-camara-goiania-recursos-agente-administrativo\/","og_locale":"pt_BR","og_type":"article","og_title":"Concurso C\u00e2mara de Goi\u00e2nia: recursos de Agente Administrativo","og_description":"Quer interpor recursos contra os gabaritos preliminares do concurso C\u00e2mara de Goi\u00e2nia para Agente Administrativo? Confira!","og_url":"https:\/\/www.estrategiaconcursos.com.br\/blog\/concurso-camara-goiania-recursos-agente-administrativo\/","og_site_name":"Estrat\u00e9gia Concursos","article_published_time":"2026-03-16T18:17:00+00:00","article_modified_time":"2026-03-16T18:17:46+00:00","og_image":[{"width":768,"height":432,"url":"https:\/\/dhg1h5j42swfq.cloudfront.net\/2021\/12\/10135159\/camara_de_goiania.jpg","type":"image\/jpeg"}],"author":"Bruna de Andrade Fran\u00e7a","twitter_card":"summary_large_image","twitter_creator":"@EstratConcursos","twitter_site":"@EstratConcursos","twitter_misc":{"Escrito por":"Bruna de Andrade Fran\u00e7a","Est. tempo de leitura":"8 minutos"},"schema":{"@context":"https:\/\/schema.org","@graph":[{"@type":"NewsArticle","@id":"https:\/\/www.estrategiaconcursos.com.br\/blog\/concurso-camara-goiania-recursos-agente-administrativo\/#article","isPartOf":{"@id":"https:\/\/www.estrategiaconcursos.com.br\/blog\/concurso-camara-goiania-recursos-agente-administrativo\/"},"author":{"name":"Bruna de Andrade Fran\u00e7a","@id":"https:\/\/www.estrategiaconcursos.com.br\/blog\/#\/schema\/person\/6630f91134abc08115cca62ce6372855"},"headline":"Concurso C\u00e2mara de Goi\u00e2nia: recursos de Agente Administrativo","datePublished":"2026-03-16T18:17:00+00:00","dateModified":"2026-03-16T18:17:46+00:00","mainEntityOfPage":{"@id":"https:\/\/www.estrategiaconcursos.com.br\/blog\/concurso-camara-goiania-recursos-agente-administrativo\/"},"wordCount":1685,"commentCount":0,"publisher":{"@id":"https:\/\/www.estrategiaconcursos.com.br\/blog\/#organization"},"image":{"@id":"https:\/\/www.estrategiaconcursos.com.br\/blog\/concurso-camara-goiania-recursos-agente-administrativo\/#primaryimage"},"thumbnailUrl":"https:\/\/dhg1h5j42swfq.cloudfront.net\/2021\/12\/10135159\/camara_de_goiania.jpg","articleSection":["Legislativo","\u00daltimas not\u00edcias"],"inLanguage":"pt-BR","potentialAction":[{"@type":"CommentAction","name":"Comment","target":["https:\/\/www.estrategiaconcursos.com.br\/blog\/concurso-camara-goiania-recursos-agente-administrativo\/#respond"]}],"copyrightYear":"2026","copyrightHolder":{"@id":"https:\/\/www.estrategiaconcursos.com.br\/blog\/#organization"}},{"@type":"WebPage","@id":"https:\/\/www.estrategiaconcursos.com.br\/blog\/concurso-camara-goiania-recursos-agente-administrativo\/","url":"https:\/\/www.estrategiaconcursos.com.br\/blog\/concurso-camara-goiania-recursos-agente-administrativo\/","name":"Concurso C\u00e2mara de Goi\u00e2nia: recursos de Agente Administrativo","isPartOf":{"@id":"https:\/\/www.estrategiaconcursos.com.br\/blog\/#website"},"primaryImageOfPage":{"@id":"https:\/\/www.estrategiaconcursos.com.br\/blog\/concurso-camara-goiania-recursos-agente-administrativo\/#primaryimage"},"image":{"@id":"https:\/\/www.estrategiaconcursos.com.br\/blog\/concurso-camara-goiania-recursos-agente-administrativo\/#primaryimage"},"thumbnailUrl":"https:\/\/dhg1h5j42swfq.cloudfront.net\/2021\/12\/10135159\/camara_de_goiania.jpg","datePublished":"2026-03-16T18:17:00+00:00","dateModified":"2026-03-16T18:17:46+00:00","description":"Quer interpor recursos contra os gabaritos preliminares do concurso C\u00e2mara de Goi\u00e2nia para Agente Administrativo? Confira!","breadcrumb":{"@id":"https:\/\/www.estrategiaconcursos.com.br\/blog\/concurso-camara-goiania-recursos-agente-administrativo\/#breadcrumb"},"inLanguage":"pt-BR","potentialAction":[{"@type":"ReadAction","target":["https:\/\/www.estrategiaconcursos.com.br\/blog\/concurso-camara-goiania-recursos-agente-administrativo\/"]}]},{"@type":"ImageObject","inLanguage":"pt-BR","@id":"https:\/\/www.estrategiaconcursos.com.br\/blog\/concurso-camara-goiania-recursos-agente-administrativo\/#primaryimage","url":"https:\/\/dhg1h5j42swfq.cloudfront.net\/2021\/12\/10135159\/camara_de_goiania.jpg","contentUrl":"https:\/\/dhg1h5j42swfq.cloudfront.net\/2021\/12\/10135159\/camara_de_goiania.jpg","width":768,"height":432,"caption":"concurso C\u00e2mara de Goi\u00e2nia"},{"@type":"BreadcrumbList","@id":"https:\/\/www.estrategiaconcursos.com.br\/blog\/concurso-camara-goiania-recursos-agente-administrativo\/#breadcrumb","itemListElement":[{"@type":"ListItem","position":1,"name":"In\u00edcio","item":"https:\/\/www.estrategiaconcursos.com.br\/blog\/"},{"@type":"ListItem","position":2,"name":"Concurso C\u00e2mara de Goi\u00e2nia: recursos de Agente Administrativo"}]},{"@type":"WebSite","@id":"https:\/\/www.estrategiaconcursos.com.br\/blog\/#website","url":"https:\/\/www.estrategiaconcursos.com.br\/blog\/","name":"Estrat\u00e9gia Concursos","description":"O blog da Estrat\u00e9gia Concursos traz not\u00edcias sobre concursos e artigos de professores oferecendo cursos para concursos (pdf + videaulas) no site.","publisher":{"@id":"https:\/\/www.estrategiaconcursos.com.br\/blog\/#organization"},"potentialAction":[{"@type":"SearchAction","target":{"@type":"EntryPoint","urlTemplate":"https:\/\/www.estrategiaconcursos.com.br\/blog\/?s={search_term_string}"},"query-input":{"@type":"PropertyValueSpecification","valueRequired":true,"valueName":"search_term_string"}}],"inLanguage":"pt-BR"},{"@type":"Organization","@id":"https:\/\/www.estrategiaconcursos.com.br\/blog\/#organization","name":"Estrat\u00e9gia Concursos","url":"https:\/\/www.estrategiaconcursos.com.br\/blog\/","logo":{"@type":"ImageObject","inLanguage":"pt-BR","@id":"https:\/\/www.estrategiaconcursos.com.br\/blog\/#\/schema\/logo\/image\/","url":"https:\/\/dhg1h5j42swfq.cloudfront.net\/2025\/06\/03203428\/logo_concursos-1.jpg","contentUrl":"https:\/\/dhg1h5j42swfq.cloudfront.net\/2025\/06\/03203428\/logo_concursos-1.jpg","width":230,"height":60,"caption":"Estrat\u00e9gia Concursos"},"image":{"@id":"https:\/\/www.estrategiaconcursos.com.br\/blog\/#\/schema\/logo\/image\/"},"sameAs":["https:\/\/x.com\/EstratConcursos"]},{"@type":"Person","@id":"https:\/\/www.estrategiaconcursos.com.br\/blog\/#\/schema\/person\/6630f91134abc08115cca62ce6372855","name":"Bruna de Andrade Fran\u00e7a","image":{"@type":"ImageObject","inLanguage":"pt-BR","@id":"https:\/\/secure.gravatar.com\/avatar\/d6316d36d50cea0fadae28ed3015b8870cc90a2d3d8a95c37b44006af36a00e3?s=96&d=mm&r=g","url":"https:\/\/secure.gravatar.com\/avatar\/d6316d36d50cea0fadae28ed3015b8870cc90a2d3d8a95c37b44006af36a00e3?s=96&d=mm&r=g","contentUrl":"https:\/\/secure.gravatar.com\/avatar\/d6316d36d50cea0fadae28ed3015b8870cc90a2d3d8a95c37b44006af36a00e3?s=96&d=mm&r=g","caption":"Bruna de Andrade Fran\u00e7a"},"description":"Bruna de Andrade Fran\u00e7a \u00e9 publicit\u00e1ria com p\u00f3s-gradua\u00e7\u00e3o em Marketing &amp; Growth, atuando h\u00e1 mais de 6 anos no universo dos concursos p\u00fablicos. Desde 2021, lidera no Blog do Estrat\u00e9gia Concursos a cobertura editorial especializada em Concursos Policiais (PF, PRF, PM, PC, etc.), al\u00e9m das frentes de concursos banc\u00e1rios, de sa\u00fade e da \u00e1rea legislativa. Especialista em reda\u00e7\u00e3o, com pr\u00e1ticas de SEO e Copywriting, possui tamb\u00e9m atua\u00e7\u00e3o pr\u00e1tica de contato direto com \u00f3rg\u00e3os p\u00fablicos respons\u00e1veis por editais, permitindo acesso antecipado a informa\u00e7\u00f5es, desdobramentos importantes e atualiza\u00e7\u00e3o eficiente dos concursos p\u00fablicos.","url":"https:\/\/www.estrategiaconcursos.com.br\/blog\/author\/bruna-andrade\/"}]}},"_links":{"self":[{"href":"https:\/\/www.estrategiaconcursos.com.br\/blog\/wp-json\/wp\/v2\/posts\/1734976","targetHints":{"allow":["GET"]}}],"collection":[{"href":"https:\/\/www.estrategiaconcursos.com.br\/blog\/wp-json\/wp\/v2\/posts"}],"about":[{"href":"https:\/\/www.estrategiaconcursos.com.br\/blog\/wp-json\/wp\/v2\/types\/post"}],"author":[{"embeddable":true,"href":"https:\/\/www.estrategiaconcursos.com.br\/blog\/wp-json\/wp\/v2\/users\/1206"}],"replies":[{"embeddable":true,"href":"https:\/\/www.estrategiaconcursos.com.br\/blog\/wp-json\/wp\/v2\/comments?post=1734976"}],"version-history":[{"count":5,"href":"https:\/\/www.estrategiaconcursos.com.br\/blog\/wp-json\/wp\/v2\/posts\/1734976\/revisions"}],"predecessor-version":[{"id":1735154,"href":"https:\/\/www.estrategiaconcursos.com.br\/blog\/wp-json\/wp\/v2\/posts\/1734976\/revisions\/1735154"}],"wp:featuredmedia":[{"embeddable":true,"href":"https:\/\/www.estrategiaconcursos.com.br\/blog\/wp-json\/wp\/v2\/media\/926761"}],"wp:attachment":[{"href":"https:\/\/www.estrategiaconcursos.com.br\/blog\/wp-json\/wp\/v2\/media?parent=1734976"}],"wp:term":[{"taxonomy":"category","embeddable":true,"href":"https:\/\/www.estrategiaconcursos.com.br\/blog\/wp-json\/wp\/v2\/categories?post=1734976"},{"taxonomy":"post_tag","embeddable":true,"href":"https:\/\/www.estrategiaconcursos.com.br\/blog\/wp-json\/wp\/v2\/tags?post=1734976"},{"taxonomy":"tax_estado","embeddable":true,"href":"https:\/\/www.estrategiaconcursos.com.br\/blog\/wp-json\/wp\/v2\/tax_estado?post=1734976"}],"curies":[{"name":"wp","href":"https:\/\/api.w.org\/{rel}","templated":true}]}}