{"id":1734947,"date":"2026-04-07T09:44:27","date_gmt":"2026-04-07T12:44:27","guid":{"rendered":"https:\/\/www.estrategiaconcursos.com.br\/blog\/?p=1734947"},"modified":"2026-04-07T15:03:56","modified_gmt":"2026-04-07T18:03:56","slug":"concurso-prefeitura-cerqueira-cesar","status":"publish","type":"post","link":"https:\/\/www.estrategiaconcursos.com.br\/blog\/concurso-prefeitura-cerqueira-cesar\/","title":{"rendered":"Concurso Cerqueira C\u00e9sar SP: prova em junho!"},"content":{"rendered":"\n\n\n<p id=\"p-rc_83b92df16b9d93aa-119\">A <strong><a href=\"https:\/\/www.estrategiaconcursos.com.br\/cursosPorConcurso\/prefeitura-cerqueira-cesar\/\" target=\"_blank\" rel=\"noreferrer noopener\">Prefeitura de Cerqueira C\u00e9sar<\/a>,<\/strong> no estado de S\u00e3o Paulo, anunciou a abertura de um novo concurso p\u00fablico para refor\u00e7ar seu quadro de servidores.<\/p>\n\n\n\n<p id=\"p-rc_83b92df16b9d93aa-119\">O certame oferece um total de <strong>25 vagas imediatas<\/strong> para profissionais de todos os n\u00edveis de escolaridade, com oportunidades que abrangem as \u00e1reas administrativa, operacional e da sa\u00fade. <\/p>\n\n\n\n<p id=\"p-rc_83b92df16b9d93aa-121\">A organiza\u00e7\u00e3o do concurso est\u00e1 sob a responsabilidade da <strong>OM Consultoria<\/strong>, que j\u00e1 encerrou as inscri\u00e7\u00f5es no dia 06 de abril.<\/p>\n\n\n\n<p id=\"p-rc_83b92df16b9d93aa-126\">Agora, todos os inscritos passar\u00e3o por provas objetivas escritas, que est\u00e3o previstas para ocorrer no dia <strong>14 de junho<\/strong>. Para cargos espec\u00edficos, como Motorista, A\u00e7ougueiro e Operador de M\u00e1quinas, haver\u00e1 tamb\u00e9m a aplica\u00e7\u00e3o de prova pr\u00e1tica para avaliar as habilidades t\u00e9cnicas exigidas pela fun\u00e7\u00e3o.<\/p>\n\n\n\n<ul class=\"wp-block-list has-very-light-gray-to-cyan-bluish-gray-gradient-background has-background\">\n<li><strong>Prefeitura Municipal de Cerqueira C\u00e9sar<\/strong><\/li>\n\n\n\n<li><strong style=\"color: initial;\">Situa\u00e7\u00e3o:<\/strong><span style=\"color: initial;\">&nbsp;<\/span>inscri\u00e7\u00f5es encerradas. Prova 14\/06.<\/li>\n\n\n\n<li><strong>Banca:<\/strong>&nbsp;<a href=\"https:\/\/www.omconcursos.com.br\/informacoes-concurso\/725-prefeitura-municipal-de-cerqueira-cesar\" target=\"_blank\" rel=\"noreferrer noopener\">OM Consultoria<\/a><\/li>\n\n\n\n<li><strong>Vagas:<\/strong>&nbsp;25 + CR<\/li>\n\n\n\n<li><strong>Sal\u00e1rio inicial:<\/strong>&nbsp;R$ 1.824,69 a R$ 15.182,61<\/li>\n\n\n\n<li><strong>Edital:<\/strong> <a href=\"https:\/\/dhg1h5j42swfq.cloudfront.net\/2026\/03\/16121033\/ccesar-pm_-ed2026-01-cp-com-anexo.pdf\" target=\"_blank\" rel=\"noreferrer noopener nofollow\">Edital Cerqueira C\u00e9sar 2026<\/a><\/li>\n<\/ul>\n\n\n\n<p>Confira neste artigo mais informa\u00e7\u00f5es sobre o concurso Cerqueira C\u00e9sar e os detalhes de seu edital. Acompanhe pelos t\u00f3picos abaixo:<\/p>\n\n\n\n<ul id=\"indice\" class=\"wp-block-list\">\n<li><a href=\"#datas\">Principais datas<\/a><\/li>\n\n\n\n<li><a href=\"#vagas\">Distribui\u00e7\u00e3o das vagas<\/a><\/li>\n\n\n\n<li><a href=\"#etapas\">Etapas<\/a><\/li>\n\n\n\n<li><a href=\"#cursos-assinatura\">Assinatura e cursos<\/a><\/li>\n\n\n\n<li><a href=\"#ficha-tecnica\">Ficha t\u00e9cnica<\/a><\/li>\n<\/ul>\n\n\n\n<div class=\"container\" id=\"boxes\">\n  <div class=\"row\">\n\n    <div class=\"col-sm\">\n      <div class=\"banner-prefeituras-ec\" id=\"box-assinatura\">\n        <h2 class=\"titulo-assinatura\" style=\"text-align: left;\">Concursos Prefeituras<\/h2>\n        <p class=\"subtitulo-assinatura\" style=\"text-align: left;\">Prepara\u00e7\u00e3o completa para a carreira!<\/p>\n        <div class=\"box-botao\" style=\"text-align: left;\">\n          <a class=\"btn-assinatura\" target=\"_blank\" href=\"https:\/\/www.estrategiaconcursos.com.br\/cursosPorConcurso\/prefeitura-cerqueira-cesar\/\" role=\"button\" rel=\"noopener noreferrer\">EXPLORAR CURSOS<\/a>\n        <\/div>\n      <\/div><\/div><\/div><\/div>\n\n\n\n<h2 class=\"wp-block-heading\" id=\"datas\">Concurso Cerqueira C\u00e9sar: principais datas<\/h2>\n\n\n\n<ul class=\"wp-block-list\">\n<li><strong>Inscri\u00e7\u00f5es:<\/strong> <s>16 de mar\u00e7o a 06 de abril<\/s><\/li>\n\n\n\n<li><strong>Isen\u00e7\u00e3o da taxa:<\/strong> <s>16 a 20 de mar\u00e7o<\/s><\/li>\n\n\n\n<li><strong>Pagamento da taxa:<\/strong> at\u00e9 09 de abril <\/li>\n\n\n\n<li><strong>Data da prova objetiva:<\/strong> 14 de junho <\/li>\n<\/ul>\n\n\n\n<h2 class=\"wp-block-heading\" id=\"vagas\">Concurso Cerqueira C\u00e9sar: retifica\u00e7\u00f5es<\/h2>\n\n\n\n<p><a href=\"https:\/\/dhg1h5j42swfq.cloudfront.net\/2026\/04\/07094304\/ccesar-pm_-ed2026-01-cp_-ret_.pdf\" target=\"_blank\" rel=\"noreferrer noopener nofollow\">Retifica\u00e7\u00e3o 1<\/a>: o cargo AUXILIAR DE CUIDADOR SOCIAL passa a ser CUIDADOR SOCIAL.<\/p>\n\n\n\n<h2 class=\"wp-block-heading\" id=\"vagas\">Concurso Cerqueira C\u00e9sar: distribui\u00e7\u00e3o das vagas<\/h2>\n\n\n\n<p>O concurso oferece vagas imediatas para diversos n\u00edveis de escolaridade. Atualmente, o edital n\u00e3o menciona forma\u00e7\u00e3o direta de Cadastro de Reserva, focando nas vagas imediatas listadas.<\/p>\n\n\n\n<h3 class=\"wp-block-heading\" id=\"fundamental\">N\u00edvel fundamental<\/h3>\n\n\n\n<figure class=\"wp-block-table is-style-stripes\"><table class=\"has-fixed-layout\"><thead><tr><td><strong>Cargos<\/strong><\/td><td><strong>Total de Vagas<\/strong><\/td><td><strong>Vencimento<\/strong><\/td><\/tr><\/thead><tbody><tr><td>A\u00e7ougueiro<\/td><td>01<\/td><td>R$ 3.202,25<\/td><\/tr><tr><td>Cuidador Social<\/td><td>01<\/td><td>R$ 1.824,69<\/td><\/tr><tr><td>Motorista<\/td><td>01<\/td><td>R$ 2.913,38<\/td><\/tr><tr><td>Operador de M\u00e1quinas<\/td><td>01<\/td><td>R$ 2.913,38<\/td><\/tr><\/tbody><\/table><\/figure>\n\n\n\n<h3 class=\"wp-block-heading\" id=\"medio\">N\u00edvel m\u00e9dio\/t\u00e9cnico<\/h3>\n\n\n\n<figure class=\"wp-block-table is-style-stripes\"><table class=\"has-fixed-layout\"><thead><tr><td><strong>Cargos<\/strong><\/td><td><strong>Total de Vagas<\/strong><\/td><td><strong>Vencimento<\/strong><\/td><\/tr><\/thead><tbody><tr><td>Auxiliar de Contabilidade<\/td><td>01<\/td><td>R$ 2.669,00<\/td><\/tr><tr><td>Auxiliar de Enfermagem<\/td><td>01<\/td><td>R$ 2.424,63<\/td><\/tr><tr><td>Auxiliar de Gabinete Dent\u00e1rio<\/td><td>01<\/td><td>R$ 1.980,23<\/td><\/tr><tr><td>Cuidador Social<\/td><td>01<\/td><td>R$ 1.980,23<\/td><\/tr><tr><td>Fiscal de Obras e Terrenos<\/td><td>01<\/td><td>R$ 2.424,63<\/td><\/tr><tr><td>Fiscal de Urbanismo<\/td><td>01<\/td><td>R$ 3.491,08<\/td><\/tr><tr><td>Servidor Geral<\/td><td>01<\/td><td>R$ 1.980,23<\/td><\/tr><tr><td>T\u00e9cnico de Enfermagem do PSF<\/td><td>01<\/td><td>R$ 2.424,63<\/td><\/tr><\/tbody><\/table><\/figure>\n\n\n\n<h3 class=\"wp-block-heading\" id=\"superior\">N\u00edvel superior<\/h3>\n\n\n\n<figure class=\"wp-block-table is-style-stripes\"><table class=\"has-fixed-layout\"><thead><tr><td><strong>Cargos<\/strong><\/td><td><strong>Total de Vagas<\/strong><\/td><td><strong>Vencimento<\/strong><\/td><\/tr><\/thead><tbody><tr><td>Analista Fiscal de Rendas e Tributos<\/td><td>01<\/td><td>R$ 5.512,95<\/td><\/tr><tr><td>Fonoaudi\u00f3logo<\/td><td>01<\/td><td>R$ 4.123,56<\/td><\/tr><tr><td>M\u00e9dico Cardiologista<\/td><td>01<\/td><td>R$ 5.512,95<\/td><\/tr><tr><td>M\u00e9dico Cl\u00ednico Geral<\/td><td>01<\/td><td>R$ 5.512,95<\/td><\/tr><tr><td>M\u00e9dico do Trabalho<\/td><td>01<\/td><td>R$ 5.512,95<\/td><\/tr><tr><td>M\u00e9dico ESF<\/td><td>01<\/td><td>R$ 15.182,61<\/td><\/tr><tr><td>M\u00e9dico Ginecologista<\/td><td>01<\/td><td>R$ 5.512,95<\/td><\/tr><tr><td>M\u00e9dico Obstetra<\/td><td>01<\/td><td>R$ 5.512,95<\/td><\/tr><tr><td>M\u00e9dico Oftalmologista<\/td><td>01<\/td><td>R$ 5.512,95<\/td><\/tr><tr><td>M\u00e9dico Ortopedista<\/td><td>01<\/td><td>R$ 5.512,95<\/td><\/tr><tr><td>M\u00e9dico Otorrinolaringologista<\/td><td>01<\/td><td>R$ 5.512,95<\/td><\/tr><tr><td>M\u00e9dico Urologista<\/td><td>01<\/td><td>R$ 5.512,95<\/td><\/tr><tr><td>M\u00e9dico Vascular<\/td><td>01<\/td><td>R$ 5.512,95<\/td><\/tr><\/tbody><\/table><\/figure>\n\n\n\n<h2 class=\"wp-block-heading\" id=\"etapas\">Concurso Cerqueira C\u00e9sar: etapas<\/h2>\n\n\n\n<p>Os candidatos ser\u00e3o avaliados por meio das seguintes etapas:<\/p>\n\n\n\n<p id=\"p-rc_6baeb533867e359c-62\"><strong>Prova objetiva escrita:<\/strong> de car\u00e1ter eliminat\u00f3rio e classificat\u00f3rio para todos os cargos. Avalia conhecimentos em L\u00edngua Portuguesa, Matem\u00e1tica, Inform\u00e1tica (conforme o cargo) e Conhecimentos Espec\u00edficos. <\/p>\n\n\n\n<p id=\"p-rc_6baeb533867e359c-62\"><strong>Prova pr\u00e1tica:<\/strong> de car\u00e1ter eliminat\u00f3rio e classificat\u00f3rio, aplicada exclusivamente aos candidatos aos cargos de <strong>A\u00e7ougueiro<\/strong>, <strong>Motorista<\/strong> e <strong>Operador de M\u00e1quinas<\/strong>.<\/p>\n\n\n\n<hr class=\"wp-block-separator has-alpha-channel-opacity\"\/>\n\n\n\n<h2 class=\"wp-block-heading has-text-align-center\" id=\"cursos-assinatura\"><em>Quer estudar para o concurso Cerqueira C\u00e9sar?<\/em><\/h2>\n\n\n\n<div class=\"container\" id=\"boxes\">\n  <div class=\"row\">\n\n    <div class=\"col-sm\">\n      <div class=\"banner-prefeituras-ec\" id=\"box-assinatura\">\n        <h2 class=\"titulo-assinatura\" style=\"text-align: left;\">Concursos Prefeituras<\/h2>\n        <p class=\"subtitulo-assinatura\" style=\"text-align: left;\">Prepara\u00e7\u00e3o completa para a carreira!<\/p>\n        <div class=\"box-botao\" style=\"text-align: left;\">\n          <a class=\"btn-assinatura\" target=\"_blank\" href=\"https:\/\/www.estrategiaconcursos.com.br\/cursosPorConcurso\/prefeitura-cerqueira-cesar\/\" role=\"button\" rel=\"noopener noreferrer\">EXPLORAR CURSOS<\/a>\n        <\/div>\n      <\/div><\/div><\/div><\/div>\n\n\n\n<div class=\"container\" id=\"boxes\">\n  <div class=\"row\">\n\n    <div class=\"col-sm\">\n      <div class=\"estrategia\" id=\"box-assinatura\">\n        <h3 class=\"titulo-assinatura\">Assinatura Concursos<\/h3>\n        <p class=\"subtitulo-assinatura\">Assinatura de 1 ano ou 2 anos<\/p>\n        <div class=\"box-botao\">\n          <a class=\"btn-assinatura\" target=\"_blank\" href=\"https:\/\/www.estrategiaconcursos.com.br\/assinaturas\/\" role=\"button\" rel=\"noopener noreferrer\">ASSINE AGORA<\/a>\n        <\/div>\n      <\/div><\/div><\/div><\/div>\n\n\n\n<h2 class=\"wp-block-heading has-text-align-center\" id=\"h-quer-saber-tudo-sobre-concursos-previstos-confira-os-nossos-artigos\">Quer saber tudo sobre concursos previstos?<br \/>Confira os nossos artigos!<\/h2>\n\n\n\n<ul class=\"wp-block-list\">\n<li><a href=\"https:\/\/www.estrategiaconcursos.com.br\/blog\/concursos-abertos\/\" target=\"_blank\" rel=\"noreferrer noopener\">Concursos Abertos<\/a><\/li>\n\n\n\n<li><a href=\"https:\/\/www.estrategiaconcursos.com.br\/blog\/concursos-abertos-prefeituras\/\" target=\"_blank\" rel=\"noreferrer noopener\">Concursos Abertos de Prefeituras<\/a><\/li>\n\n\n\n<li><a href=\"https:\/\/www.estrategiaconcursos.com.br\/blog\/concursos-prefeituras\/\" target=\"_blank\" rel=\"noreferrer noopener\">Concursos Prefeituras<\/a><\/li>\n\n\n\n<li><a href=\"https:\/\/www.estrategiaconcursos.com.br\/blog\/concursos-2026\/\" target=\"_blank\" rel=\"noreferrer noopener\">Concursos 2026<\/a><\/li>\n<\/ul>\n\n\n\n<figure class=\"wp-block-image is-resized\"><img loading=\"lazy\" decoding=\"async\" width=\"1024\" height=\"632\" src=\"https:\/\/dhg1h5j42swfq.cloudfront.net\/2021\/04\/01161145\/ficha-tecnica-5-1024x632.png\" alt=\"Informa\u00e7\u00f5es do concurso Cerqueira C\u00e9sar\" class=\"wp-image-706736\" style=\"width:236px;height:145px\" srcset=\"https:\/\/dhg1h5j42swfq.cloudfront.net\/2021\/04\/01161145\/ficha-tecnica-5-1024x632.png 1024w, https:\/\/dhg1h5j42swfq.cloudfront.net\/2021\/04\/01161145\/ficha-tecnica-5-300x185.png 300w, https:\/\/dhg1h5j42swfq.cloudfront.net\/2021\/04\/01161145\/ficha-tecnica-5-768x474.png 768w, https:\/\/dhg1h5j42swfq.cloudfront.net\/2021\/04\/01161145\/ficha-tecnica-5-1536x948.png 1536w, https:\/\/dhg1h5j42swfq.cloudfront.net\/2021\/04\/01161145\/ficha-tecnica-5-610x377.png 610w, https:\/\/dhg1h5j42swfq.cloudfront.net\/2021\/04\/01161145\/ficha-tecnica-5.png 1571w\" sizes=\"auto, (max-width: 1024px) 100vw, 1024px\" \/><\/figure>\n\n\n\n<h3 class=\"wp-block-heading\" id=\"ficha-tecnica\">Informa\u00e7\u00f5es do Concurso da Prefeitura de Cerqueira C\u00e9sar<\/h3>\n\n\n\n<ul class=\"wp-block-list\">\n<li><strong>Data da prova<\/strong>: 14\/06\/2026<\/li>\n\n\n\n<li><strong>Banca<\/strong>: OM Consultoria<\/li>\n\n\n\n<li><strong>Escolaridade<\/strong>: n\u00edveis fundamental, m\u00e9dio e superior<\/li>\n\n\n\n<li><strong>Vagas:<\/strong> 25 + CR<\/li>\n\n\n\n<li><strong>Cargos<\/strong>: diversos<\/li>\n\n\n\n<li><strong>Edital: <\/strong><a href=\"https:\/\/dhg1h5j42swfq.cloudfront.net\/2026\/03\/16121033\/ccesar-pm_-ed2026-01-cp-com-anexo.pdf\" target=\"_blank\" rel=\"noreferrer noopener nofollow\">Cerqueira C\u00e9sar 2026<\/a><\/li>\n<\/ul>\n\n\n\n<p><\/p>\n","protected":false},"excerpt":{"rendered":"<p>A Prefeitura de Cerqueira C\u00e9sar, no estado de S\u00e3o Paulo, anunciou a abertura de um novo concurso p\u00fablico para refor\u00e7ar seu quadro de servidores. O certame oferece um total de 25 vagas imediatas para profissionais de todos os n\u00edveis de escolaridade, com oportunidades que abrangem as \u00e1reas administrativa, operacional e da sa\u00fade. A organiza\u00e7\u00e3o do [&hellip;]<\/p>\n","protected":false},"author":2991,"featured_media":1540739,"comment_status":"open","ping_status":"closed","sticky":false,"template":"","format":"standard","meta":{"post_tipo":"news_page","footnotes":""},"categories":[222278],"tags":[],"tax_estado":[219989],"class_list":["post-1734947","post","type-post","status-publish","format-standard","has-post-thumbnail","hentry","category-prefeituras","tax_estado-sp"],"acf":[],"yoast_head":"<!-- This site is optimized with the Yoast SEO Premium plugin v27.2 (Yoast SEO v27.2) - https:\/\/yoast.com\/product\/yoast-seo-premium-wordpress\/ -->\n<title>Concurso Cerqueira C\u00e9sar SP: prova em junho!<\/title>\n<meta name=\"description\" content=\"Confira o edital de concurso publicado pela Prefeitura de Cerqueira C\u00e9sar, em S\u00e3o Paulo. Inscri\u00e7\u00f5es j\u00e1 encerradas!\" \/>\n<meta name=\"robots\" content=\"index, follow, max-snippet:-1, max-image-preview:large, max-video-preview:-1\" \/>\n<link rel=\"canonical\" href=\"https:\/\/www.estrategiaconcursos.com.br\/blog\/concurso-prefeitura-cerqueira-cesar\/\" \/>\n<meta property=\"og:locale\" content=\"pt_BR\" \/>\n<meta property=\"og:type\" content=\"article\" \/>\n<meta property=\"og:title\" content=\"Concurso Cerqueira C\u00e9sar SP: prova em junho!\" \/>\n<meta property=\"og:description\" content=\"Confira o edital de concurso publicado pela Prefeitura de Cerqueira C\u00e9sar, em S\u00e3o Paulo. Inscri\u00e7\u00f5es j\u00e1 encerradas!\" \/>\n<meta property=\"og:url\" content=\"https:\/\/www.estrategiaconcursos.com.br\/blog\/concurso-prefeitura-cerqueira-cesar\/\" \/>\n<meta property=\"og:site_name\" content=\"Estrat\u00e9gia Concursos\" \/>\n<meta property=\"article:published_time\" content=\"2026-04-07T12:44:27+00:00\" \/>\n<meta property=\"article:modified_time\" content=\"2026-04-07T18:03:56+00:00\" \/>\n<meta property=\"og:image\" content=\"https:\/\/dhg1h5j42swfq.cloudfront.net\/2025\/03\/05201612\/concursos-prefeituras-1024x536-1.jpg\" \/>\n\t<meta property=\"og:image:width\" content=\"1024\" \/>\n\t<meta property=\"og:image:height\" content=\"536\" \/>\n\t<meta property=\"og:image:type\" content=\"image\/jpeg\" \/>\n<meta name=\"author\" content=\"Melmuara Thaiane Doneg\u00e1 C\u00e2ndido\" \/>\n<meta name=\"twitter:card\" content=\"summary_large_image\" \/>\n<meta name=\"twitter:creator\" content=\"@EstratConcursos\" \/>\n<meta name=\"twitter:site\" content=\"@EstratConcursos\" \/>\n<meta name=\"twitter:label1\" content=\"Escrito por\" \/>\n\t<meta name=\"twitter:data1\" content=\"Melmuara Thaiane Doneg\u00e1 C\u00e2ndido\" \/>\n\t<meta name=\"twitter:label2\" content=\"Est. tempo de leitura\" \/>\n\t<meta name=\"twitter:data2\" content=\"3 minutos\" \/>\n<script type=\"application\/ld+json\" class=\"yoast-schema-graph\">{\"@context\":\"https:\/\/schema.org\",\"@graph\":[{\"@type\":\"NewsArticle\",\"@id\":\"https:\/\/www.estrategiaconcursos.com.br\/blog\/concurso-prefeitura-cerqueira-cesar\/#article\",\"isPartOf\":{\"@id\":\"https:\/\/www.estrategiaconcursos.com.br\/blog\/concurso-prefeitura-cerqueira-cesar\/\"},\"author\":{\"name\":\"Melmuara Thaiane Doneg\u00e1 C\u00e2ndido\",\"@id\":\"https:\/\/www.estrategiaconcursos.com.br\/blog\/#\/schema\/person\/f33ffe5648e36a1ec7be14cb98aec31a\"},\"headline\":\"Concurso Cerqueira C\u00e9sar SP: prova em junho!\",\"datePublished\":\"2026-04-07T12:44:27+00:00\",\"dateModified\":\"2026-04-07T18:03:56+00:00\",\"mainEntityOfPage\":{\"@id\":\"https:\/\/www.estrategiaconcursos.com.br\/blog\/concurso-prefeitura-cerqueira-cesar\/\"},\"wordCount\":593,\"commentCount\":0,\"publisher\":{\"@id\":\"https:\/\/www.estrategiaconcursos.com.br\/blog\/#organization\"},\"image\":{\"@id\":\"https:\/\/www.estrategiaconcursos.com.br\/blog\/concurso-prefeitura-cerqueira-cesar\/#primaryimage\"},\"thumbnailUrl\":\"https:\/\/dhg1h5j42swfq.cloudfront.net\/2025\/03\/05201612\/concursos-prefeituras-1024x536-1.jpg\",\"articleSection\":[\"Prefeituras\"],\"inLanguage\":\"pt-BR\",\"potentialAction\":[{\"@type\":\"CommentAction\",\"name\":\"Comment\",\"target\":[\"https:\/\/www.estrategiaconcursos.com.br\/blog\/concurso-prefeitura-cerqueira-cesar\/#respond\"]}],\"copyrightYear\":\"2026\",\"copyrightHolder\":{\"@id\":\"https:\/\/www.estrategiaconcursos.com.br\/blog\/#organization\"}},{\"@type\":\"WebPage\",\"@id\":\"https:\/\/www.estrategiaconcursos.com.br\/blog\/concurso-prefeitura-cerqueira-cesar\/\",\"url\":\"https:\/\/www.estrategiaconcursos.com.br\/blog\/concurso-prefeitura-cerqueira-cesar\/\",\"name\":\"Concurso Cerqueira C\u00e9sar SP: prova em junho!\",\"isPartOf\":{\"@id\":\"https:\/\/www.estrategiaconcursos.com.br\/blog\/#website\"},\"primaryImageOfPage\":{\"@id\":\"https:\/\/www.estrategiaconcursos.com.br\/blog\/concurso-prefeitura-cerqueira-cesar\/#primaryimage\"},\"image\":{\"@id\":\"https:\/\/www.estrategiaconcursos.com.br\/blog\/concurso-prefeitura-cerqueira-cesar\/#primaryimage\"},\"thumbnailUrl\":\"https:\/\/dhg1h5j42swfq.cloudfront.net\/2025\/03\/05201612\/concursos-prefeituras-1024x536-1.jpg\",\"datePublished\":\"2026-04-07T12:44:27+00:00\",\"dateModified\":\"2026-04-07T18:03:56+00:00\",\"description\":\"Confira o edital de concurso publicado pela Prefeitura de Cerqueira C\u00e9sar, em S\u00e3o Paulo. Inscri\u00e7\u00f5es j\u00e1 encerradas!\",\"breadcrumb\":{\"@id\":\"https:\/\/www.estrategiaconcursos.com.br\/blog\/concurso-prefeitura-cerqueira-cesar\/#breadcrumb\"},\"inLanguage\":\"pt-BR\",\"potentialAction\":[{\"@type\":\"ReadAction\",\"target\":[\"https:\/\/www.estrategiaconcursos.com.br\/blog\/concurso-prefeitura-cerqueira-cesar\/\"]}]},{\"@type\":\"ImageObject\",\"inLanguage\":\"pt-BR\",\"@id\":\"https:\/\/www.estrategiaconcursos.com.br\/blog\/concurso-prefeitura-cerqueira-cesar\/#primaryimage\",\"url\":\"https:\/\/dhg1h5j42swfq.cloudfront.net\/2025\/03\/05201612\/concursos-prefeituras-1024x536-1.jpg\",\"contentUrl\":\"https:\/\/dhg1h5j42swfq.cloudfront.net\/2025\/03\/05201612\/concursos-prefeituras-1024x536-1.jpg\",\"width\":1024,\"height\":536,\"caption\":\"Concurso Lagoa da Prata MG\"},{\"@type\":\"BreadcrumbList\",\"@id\":\"https:\/\/www.estrategiaconcursos.com.br\/blog\/concurso-prefeitura-cerqueira-cesar\/#breadcrumb\",\"itemListElement\":[{\"@type\":\"ListItem\",\"position\":1,\"name\":\"In\u00edcio\",\"item\":\"https:\/\/www.estrategiaconcursos.com.br\/blog\/\"},{\"@type\":\"ListItem\",\"position\":2,\"name\":\"Concurso Cerqueira C\u00e9sar SP: prova em junho!\"}]},{\"@type\":\"WebSite\",\"@id\":\"https:\/\/www.estrategiaconcursos.com.br\/blog\/#website\",\"url\":\"https:\/\/www.estrategiaconcursos.com.br\/blog\/\",\"name\":\"Estrat\u00e9gia Concursos\",\"description\":\"O blog da Estrat\u00e9gia Concursos traz not\u00edcias sobre concursos e artigos de professores oferecendo cursos para concursos (pdf + videaulas) no site.\",\"publisher\":{\"@id\":\"https:\/\/www.estrategiaconcursos.com.br\/blog\/#organization\"},\"potentialAction\":[{\"@type\":\"SearchAction\",\"target\":{\"@type\":\"EntryPoint\",\"urlTemplate\":\"https:\/\/www.estrategiaconcursos.com.br\/blog\/?s={search_term_string}\"},\"query-input\":{\"@type\":\"PropertyValueSpecification\",\"valueRequired\":true,\"valueName\":\"search_term_string\"}}],\"inLanguage\":\"pt-BR\"},{\"@type\":\"Organization\",\"@id\":\"https:\/\/www.estrategiaconcursos.com.br\/blog\/#organization\",\"name\":\"Estrat\u00e9gia Concursos\",\"url\":\"https:\/\/www.estrategiaconcursos.com.br\/blog\/\",\"logo\":{\"@type\":\"ImageObject\",\"inLanguage\":\"pt-BR\",\"@id\":\"https:\/\/www.estrategiaconcursos.com.br\/blog\/#\/schema\/logo\/image\/\",\"url\":\"https:\/\/dhg1h5j42swfq.cloudfront.net\/2025\/06\/03203428\/logo_concursos-1.jpg\",\"contentUrl\":\"https:\/\/dhg1h5j42swfq.cloudfront.net\/2025\/06\/03203428\/logo_concursos-1.jpg\",\"width\":230,\"height\":60,\"caption\":\"Estrat\u00e9gia Concursos\"},\"image\":{\"@id\":\"https:\/\/www.estrategiaconcursos.com.br\/blog\/#\/schema\/logo\/image\/\"},\"sameAs\":[\"https:\/\/x.com\/EstratConcursos\"]},{\"@type\":\"Person\",\"@id\":\"https:\/\/www.estrategiaconcursos.com.br\/blog\/#\/schema\/person\/f33ffe5648e36a1ec7be14cb98aec31a\",\"name\":\"Melmuara Thaiane Doneg\u00e1 C\u00e2ndido\",\"image\":{\"@type\":\"ImageObject\",\"inLanguage\":\"pt-BR\",\"@id\":\"https:\/\/secure.gravatar.com\/avatar\/72c23c49ace6e781125178efe440f336ae4f50fbfb902780beb369688b387c4f?s=96&d=mm&r=g\",\"url\":\"https:\/\/secure.gravatar.com\/avatar\/72c23c49ace6e781125178efe440f336ae4f50fbfb902780beb369688b387c4f?s=96&d=mm&r=g\",\"contentUrl\":\"https:\/\/secure.gravatar.com\/avatar\/72c23c49ace6e781125178efe440f336ae4f50fbfb902780beb369688b387c4f?s=96&d=mm&r=g\",\"caption\":\"Melmuara Thaiane Doneg\u00e1 C\u00e2ndido\"},\"description\":\"Formada em Jornalismo em 2011 pela UniSEB-COC, Ribeir\u00e3o Preto-SP, atua desde 2017 na produ\u00e7\u00e3o de conte\u00fado para prefeituras, passando da \u00e1rea publicit\u00e1ria para a cria\u00e7\u00e3o de textos estrat\u00e9gicos e not\u00edcias sobre concursos, mantendo os concurseiros bem informados sobre os principais editais de prefeituras e concursos municipais.\",\"birthDate\":\"1990-04-21\",\"gender\":\"feminino\",\"url\":\"https:\/\/www.estrategiaconcursos.com.br\/blog\/author\/melmuara-candidoestrategia-com\/\"}]}<\/script>\n<!-- \/ Yoast SEO Premium plugin. -->","yoast_head_json":{"title":"Concurso Cerqueira C\u00e9sar SP: prova em junho!","description":"Confira o edital de concurso publicado pela Prefeitura de Cerqueira C\u00e9sar, em S\u00e3o Paulo. Inscri\u00e7\u00f5es j\u00e1 encerradas!","robots":{"index":"index","follow":"follow","max-snippet":"max-snippet:-1","max-image-preview":"max-image-preview:large","max-video-preview":"max-video-preview:-1"},"canonical":"https:\/\/www.estrategiaconcursos.com.br\/blog\/concurso-prefeitura-cerqueira-cesar\/","og_locale":"pt_BR","og_type":"article","og_title":"Concurso Cerqueira C\u00e9sar SP: prova em junho!","og_description":"Confira o edital de concurso publicado pela Prefeitura de Cerqueira C\u00e9sar, em S\u00e3o Paulo. Inscri\u00e7\u00f5es j\u00e1 encerradas!","og_url":"https:\/\/www.estrategiaconcursos.com.br\/blog\/concurso-prefeitura-cerqueira-cesar\/","og_site_name":"Estrat\u00e9gia Concursos","article_published_time":"2026-04-07T12:44:27+00:00","article_modified_time":"2026-04-07T18:03:56+00:00","og_image":[{"width":1024,"height":536,"url":"https:\/\/dhg1h5j42swfq.cloudfront.net\/2025\/03\/05201612\/concursos-prefeituras-1024x536-1.jpg","type":"image\/jpeg"}],"author":"Melmuara Thaiane Doneg\u00e1 C\u00e2ndido","twitter_card":"summary_large_image","twitter_creator":"@EstratConcursos","twitter_site":"@EstratConcursos","twitter_misc":{"Escrito por":"Melmuara Thaiane Doneg\u00e1 C\u00e2ndido","Est. tempo de leitura":"3 minutos"},"schema":{"@context":"https:\/\/schema.org","@graph":[{"@type":"NewsArticle","@id":"https:\/\/www.estrategiaconcursos.com.br\/blog\/concurso-prefeitura-cerqueira-cesar\/#article","isPartOf":{"@id":"https:\/\/www.estrategiaconcursos.com.br\/blog\/concurso-prefeitura-cerqueira-cesar\/"},"author":{"name":"Melmuara Thaiane Doneg\u00e1 C\u00e2ndido","@id":"https:\/\/www.estrategiaconcursos.com.br\/blog\/#\/schema\/person\/f33ffe5648e36a1ec7be14cb98aec31a"},"headline":"Concurso Cerqueira C\u00e9sar SP: prova em junho!","datePublished":"2026-04-07T12:44:27+00:00","dateModified":"2026-04-07T18:03:56+00:00","mainEntityOfPage":{"@id":"https:\/\/www.estrategiaconcursos.com.br\/blog\/concurso-prefeitura-cerqueira-cesar\/"},"wordCount":593,"commentCount":0,"publisher":{"@id":"https:\/\/www.estrategiaconcursos.com.br\/blog\/#organization"},"image":{"@id":"https:\/\/www.estrategiaconcursos.com.br\/blog\/concurso-prefeitura-cerqueira-cesar\/#primaryimage"},"thumbnailUrl":"https:\/\/dhg1h5j42swfq.cloudfront.net\/2025\/03\/05201612\/concursos-prefeituras-1024x536-1.jpg","articleSection":["Prefeituras"],"inLanguage":"pt-BR","potentialAction":[{"@type":"CommentAction","name":"Comment","target":["https:\/\/www.estrategiaconcursos.com.br\/blog\/concurso-prefeitura-cerqueira-cesar\/#respond"]}],"copyrightYear":"2026","copyrightHolder":{"@id":"https:\/\/www.estrategiaconcursos.com.br\/blog\/#organization"}},{"@type":"WebPage","@id":"https:\/\/www.estrategiaconcursos.com.br\/blog\/concurso-prefeitura-cerqueira-cesar\/","url":"https:\/\/www.estrategiaconcursos.com.br\/blog\/concurso-prefeitura-cerqueira-cesar\/","name":"Concurso Cerqueira C\u00e9sar SP: prova em junho!","isPartOf":{"@id":"https:\/\/www.estrategiaconcursos.com.br\/blog\/#website"},"primaryImageOfPage":{"@id":"https:\/\/www.estrategiaconcursos.com.br\/blog\/concurso-prefeitura-cerqueira-cesar\/#primaryimage"},"image":{"@id":"https:\/\/www.estrategiaconcursos.com.br\/blog\/concurso-prefeitura-cerqueira-cesar\/#primaryimage"},"thumbnailUrl":"https:\/\/dhg1h5j42swfq.cloudfront.net\/2025\/03\/05201612\/concursos-prefeituras-1024x536-1.jpg","datePublished":"2026-04-07T12:44:27+00:00","dateModified":"2026-04-07T18:03:56+00:00","description":"Confira o edital de concurso publicado pela Prefeitura de Cerqueira C\u00e9sar, em S\u00e3o Paulo. Inscri\u00e7\u00f5es j\u00e1 encerradas!","breadcrumb":{"@id":"https:\/\/www.estrategiaconcursos.com.br\/blog\/concurso-prefeitura-cerqueira-cesar\/#breadcrumb"},"inLanguage":"pt-BR","potentialAction":[{"@type":"ReadAction","target":["https:\/\/www.estrategiaconcursos.com.br\/blog\/concurso-prefeitura-cerqueira-cesar\/"]}]},{"@type":"ImageObject","inLanguage":"pt-BR","@id":"https:\/\/www.estrategiaconcursos.com.br\/blog\/concurso-prefeitura-cerqueira-cesar\/#primaryimage","url":"https:\/\/dhg1h5j42swfq.cloudfront.net\/2025\/03\/05201612\/concursos-prefeituras-1024x536-1.jpg","contentUrl":"https:\/\/dhg1h5j42swfq.cloudfront.net\/2025\/03\/05201612\/concursos-prefeituras-1024x536-1.jpg","width":1024,"height":536,"caption":"Concurso Lagoa da Prata MG"},{"@type":"BreadcrumbList","@id":"https:\/\/www.estrategiaconcursos.com.br\/blog\/concurso-prefeitura-cerqueira-cesar\/#breadcrumb","itemListElement":[{"@type":"ListItem","position":1,"name":"In\u00edcio","item":"https:\/\/www.estrategiaconcursos.com.br\/blog\/"},{"@type":"ListItem","position":2,"name":"Concurso Cerqueira C\u00e9sar SP: prova em junho!"}]},{"@type":"WebSite","@id":"https:\/\/www.estrategiaconcursos.com.br\/blog\/#website","url":"https:\/\/www.estrategiaconcursos.com.br\/blog\/","name":"Estrat\u00e9gia Concursos","description":"O blog da Estrat\u00e9gia Concursos traz not\u00edcias sobre concursos e artigos de professores oferecendo cursos para concursos (pdf + videaulas) no site.","publisher":{"@id":"https:\/\/www.estrategiaconcursos.com.br\/blog\/#organization"},"potentialAction":[{"@type":"SearchAction","target":{"@type":"EntryPoint","urlTemplate":"https:\/\/www.estrategiaconcursos.com.br\/blog\/?s={search_term_string}"},"query-input":{"@type":"PropertyValueSpecification","valueRequired":true,"valueName":"search_term_string"}}],"inLanguage":"pt-BR"},{"@type":"Organization","@id":"https:\/\/www.estrategiaconcursos.com.br\/blog\/#organization","name":"Estrat\u00e9gia Concursos","url":"https:\/\/www.estrategiaconcursos.com.br\/blog\/","logo":{"@type":"ImageObject","inLanguage":"pt-BR","@id":"https:\/\/www.estrategiaconcursos.com.br\/blog\/#\/schema\/logo\/image\/","url":"https:\/\/dhg1h5j42swfq.cloudfront.net\/2025\/06\/03203428\/logo_concursos-1.jpg","contentUrl":"https:\/\/dhg1h5j42swfq.cloudfront.net\/2025\/06\/03203428\/logo_concursos-1.jpg","width":230,"height":60,"caption":"Estrat\u00e9gia Concursos"},"image":{"@id":"https:\/\/www.estrategiaconcursos.com.br\/blog\/#\/schema\/logo\/image\/"},"sameAs":["https:\/\/x.com\/EstratConcursos"]},{"@type":"Person","@id":"https:\/\/www.estrategiaconcursos.com.br\/blog\/#\/schema\/person\/f33ffe5648e36a1ec7be14cb98aec31a","name":"Melmuara Thaiane Doneg\u00e1 C\u00e2ndido","image":{"@type":"ImageObject","inLanguage":"pt-BR","@id":"https:\/\/secure.gravatar.com\/avatar\/72c23c49ace6e781125178efe440f336ae4f50fbfb902780beb369688b387c4f?s=96&d=mm&r=g","url":"https:\/\/secure.gravatar.com\/avatar\/72c23c49ace6e781125178efe440f336ae4f50fbfb902780beb369688b387c4f?s=96&d=mm&r=g","contentUrl":"https:\/\/secure.gravatar.com\/avatar\/72c23c49ace6e781125178efe440f336ae4f50fbfb902780beb369688b387c4f?s=96&d=mm&r=g","caption":"Melmuara Thaiane Doneg\u00e1 C\u00e2ndido"},"description":"Formada em Jornalismo em 2011 pela UniSEB-COC, Ribeir\u00e3o Preto-SP, atua desde 2017 na produ\u00e7\u00e3o de conte\u00fado para prefeituras, passando da \u00e1rea publicit\u00e1ria para a cria\u00e7\u00e3o de textos estrat\u00e9gicos e not\u00edcias sobre concursos, mantendo os concurseiros bem informados sobre os principais editais de prefeituras e concursos municipais.","birthDate":"1990-04-21","gender":"feminino","url":"https:\/\/www.estrategiaconcursos.com.br\/blog\/author\/melmuara-candidoestrategia-com\/"}]}},"_links":{"self":[{"href":"https:\/\/www.estrategiaconcursos.com.br\/blog\/wp-json\/wp\/v2\/posts\/1734947","targetHints":{"allow":["GET"]}}],"collection":[{"href":"https:\/\/www.estrategiaconcursos.com.br\/blog\/wp-json\/wp\/v2\/posts"}],"about":[{"href":"https:\/\/www.estrategiaconcursos.com.br\/blog\/wp-json\/wp\/v2\/types\/post"}],"author":[{"embeddable":true,"href":"https:\/\/www.estrategiaconcursos.com.br\/blog\/wp-json\/wp\/v2\/users\/2991"}],"replies":[{"embeddable":true,"href":"https:\/\/www.estrategiaconcursos.com.br\/blog\/wp-json\/wp\/v2\/comments?post=1734947"}],"version-history":[{"count":10,"href":"https:\/\/www.estrategiaconcursos.com.br\/blog\/wp-json\/wp\/v2\/posts\/1734947\/revisions"}],"predecessor-version":[{"id":1749861,"href":"https:\/\/www.estrategiaconcursos.com.br\/blog\/wp-json\/wp\/v2\/posts\/1734947\/revisions\/1749861"}],"wp:featuredmedia":[{"embeddable":true,"href":"https:\/\/www.estrategiaconcursos.com.br\/blog\/wp-json\/wp\/v2\/media\/1540739"}],"wp:attachment":[{"href":"https:\/\/www.estrategiaconcursos.com.br\/blog\/wp-json\/wp\/v2\/media?parent=1734947"}],"wp:term":[{"taxonomy":"category","embeddable":true,"href":"https:\/\/www.estrategiaconcursos.com.br\/blog\/wp-json\/wp\/v2\/categories?post=1734947"},{"taxonomy":"post_tag","embeddable":true,"href":"https:\/\/www.estrategiaconcursos.com.br\/blog\/wp-json\/wp\/v2\/tags?post=1734947"},{"taxonomy":"tax_estado","embeddable":true,"href":"https:\/\/www.estrategiaconcursos.com.br\/blog\/wp-json\/wp\/v2\/tax_estado?post=1734947"}],"curies":[{"name":"wp","href":"https:\/\/api.w.org\/{rel}","templated":true}]}}