{"id":1734790,"date":"2026-03-16T11:08:17","date_gmt":"2026-03-16T14:08:17","guid":{"rendered":"https:\/\/www.estrategiaconcursos.com.br\/blog\/?p=1734790"},"modified":"2026-03-16T15:34:13","modified_gmt":"2026-03-16T18:34:13","slug":"concurso-prefeitura-alto-rio-doce","status":"publish","type":"post","link":"https:\/\/www.estrategiaconcursos.com.br\/blog\/concurso-prefeitura-alto-rio-doce\/","title":{"rendered":"Concurso Alto Rio Doce MG: saiu edital!"},"content":{"rendered":"\n<p id=\"p-rc_3b29dfbd4b0ec3d8-81\">Foi publicado o edital do novo concurso p\u00fablico da <strong>Prefeitura de Alto Rio Doce<\/strong>, munic\u00edpio localizado no estado de Minas Gerais. <\/p>\n\n\n\n<p id=\"p-rc_3b29dfbd4b0ec3d8-81\">O certame, organizado pelo <strong>IBGP<\/strong>, chega para refor\u00e7ar o quadro permanente de pessoal da administra\u00e7\u00e3o municipal, oferecendo <strong>110 vagas imediatas<\/strong> para todos os n\u00edveis de escolaridade. Al\u00e9m das vagas diretas, o edital tamb\u00e9m prev\u00ea a forma\u00e7\u00e3o de Cadastro de Reserva para futuras convoca\u00e7\u00f5es.<\/p>\n\n\n\n<p id=\"p-rc_3b29dfbd4b0ec3d8-81\">Os interessados em participar devem realizar a inscri\u00e7\u00e3o exclusivamente pela internet, no portal da banca. O per\u00edodo para registro de candidaturas come\u00e7a \u00e0s 09h do dia <strong>19 de maio <\/strong>e segue aberto at\u00e9 as 16h do dia <strong>20 de junho<\/strong>.<\/p>\n\n\n\n<p>As taxas de participa\u00e7\u00e3o foram definidas de acordo com o n\u00edvel de escolaridade do cargo pretendido:<\/p>\n\n\n\n<ul class=\"wp-block-list\">\n<li><strong>Fundamental:<\/strong> R$ 80,00;<\/li>\n\n\n\n<li><strong>M\u00e9dio\/t\u00e9cnico:<\/strong> R$ 100,00;<\/li>\n\n\n\n<li><strong>Superior:<\/strong> R$ 120,00.<\/li>\n<\/ul>\n\n\n\n<p id=\"p-rc_52a04724f367d5fa-25\">Todos os inscritos passar\u00e3o por uma prova objetiva de m\u00faltipla escolha, de car\u00e1ter eliminat\u00f3rio e classificat\u00f3rio, agendada para o dia <strong>26 de julho<\/strong>. O exame ser\u00e1 aplicado em dois turnos (manh\u00e3 e tarde), permitindo que candidatos se inscrevam em mais de um cargo, desde que os hor\u00e1rios n\u00e3o coincidam.<\/p>\n\n\n\n<p id=\"p-rc_3b29dfbd4b0ec3d8-81\">Para fun\u00e7\u00f5es espec\u00edficas na \u00e1rea da educa\u00e7\u00e3o, haver\u00e1 tamb\u00e9m uma prova discursiva (reda\u00e7\u00e3o) realizada no mesmo dia da objetiva. Candidatos de n\u00edvel superior passar\u00e3o por prova de t\u00edtulos, enquanto os cargos de Motorista, Operador de M\u00e1quinas, Pedreiro e Eletricista ser\u00e3o submetidos a uma prova pr\u00e1tica.<\/p>\n\n\n\n<ul class=\"wp-block-list has-very-light-gray-to-cyan-bluish-gray-gradient-background has-background\">\n<li><strong>Prefeitura Municipal de Alto Rio Doce<\/strong><\/li>\n\n\n\n<li><strong style=\"color: initial;\">Situa\u00e7\u00e3o:<\/strong><span style=\"color: initial;\">&nbsp;<\/span>edital publicado<\/li>\n\n\n\n<li><strong>Banca:<\/strong>&nbsp;<a href=\"https:\/\/novo.ibgpconcursos.com.br\/concurso.jsp?cod=666#\" target=\"_blank\" rel=\"noreferrer noopener\">IBGP<\/a><\/li>\n\n\n\n<li><strong>Vagas:<\/strong>&nbsp;110<\/li>\n\n\n\n<li><strong>Sal\u00e1rio inicial:<\/strong>&nbsp;R$ 1.500,00 a R$ 14.500,00<\/li>\n\n\n\n<li><strong>Edital:<\/strong> <a href=\"https:\/\/dhg1h5j42swfq.cloudfront.net\/2026\/03\/16102839\/alto-rio-doce.pdf\" target=\"_blank\" rel=\"noreferrer noopener nofollow\">Alto Rio Doce 2026<\/a><\/li>\n<\/ul>\n\n\n\n<p>Confira neste artigo mais informa\u00e7\u00f5es sobre o concurso Trememb\u00e9 e os detalhes de seu edital. Acompanhe pelos t\u00f3picos abaixo:<\/p>\n\n\n\n<ul id=\"indice\" class=\"wp-block-list\">\n<li><a href=\"#datas\"><strong>Principais datas<\/strong><\/a><\/li>\n\n\n\n<li><a href=\"#vagas\"><strong>Distribui\u00e7\u00e3o das vagas<\/strong><\/a><\/li>\n\n\n\n<li><a href=\"#etapas\"><strong>Etapas<\/strong><\/a><\/li>\n\n\n\n<li><a href=\"#cursos-assinatura\"><strong>Assinatura e cursos<\/strong><\/a><\/li>\n\n\n\n<li><a href=\"#ficha-tecnica\"><strong>Ficha t\u00e9cnica<\/strong><\/a><\/li>\n<\/ul>\n\n\n\n<div class=\"container\" id=\"boxes\">\n  <div class=\"row\">\n\n    <div class=\"col-sm\">\n      <div class=\"banner-prefeituras-ec\" id=\"box-assinatura\">\n        <h2 class=\"titulo-assinatura\" style=\"text-align: left;\">Concursos Prefeituras<\/h2>\n        <p class=\"subtitulo-assinatura\" style=\"text-align: left;\">Prepara\u00e7\u00e3o completa para a carreira!<\/p>\n        <div class=\"box-botao\" style=\"text-align: left;\">\n          <a class=\"btn-assinatura\" target=\"_blank\" href=\"https:\/\/www.estrategiaconcursos.com.br\/cursosPorConcurso\/prefeitura+alto+do+rio+doce\/\" role=\"button\" rel=\"noopener noreferrer\">EXPLORAR CURSOS<\/a>\n        <\/div>\n      <\/div><\/div><\/div><\/div>\n\n\n\n<h2 class=\"wp-block-heading\" id=\"datas\">Concurso Alto Rio Doce: principais datas<\/h2>\n\n\n\n<ul class=\"wp-block-list\">\n<li><strong>Inscri\u00e7\u00f5es:<\/strong> 19 de maio a 20 de junho <\/li>\n\n\n\n<li><strong>Isen\u00e7\u00e3o da taxa:<\/strong> 19 a 21 de maio <\/li>\n\n\n\n<li><strong>Pagamento da taxa:<\/strong> at\u00e9 22 de junho <\/li>\n\n\n\n<li><strong>Data da prova objetiva:<\/strong> 26 de julho <\/li>\n<\/ul>\n\n\n\n<h2 class=\"wp-block-heading\" id=\"vagas\">Concurso Alto Rio Doce: distribui\u00e7\u00e3o das vagas<\/h2>\n\n\n\n<p>O concurso oferece oportunidades para diversos setores, com sal\u00e1rios que variam entre R$ 1.500,00 e R$ 14.500,00, a depender da jornada e especialidade.<\/p>\n\n\n\n<h3 class=\"wp-block-heading\" id=\"fundamental\">N\u00edvel fundamental incompleto<\/h3>\n\n\n\n<figure class=\"wp-block-table is-style-stripes\"><table class=\"has-fixed-layout\"><thead><tr><th>Cargo<\/th><th>Total de Vagas<\/th><th>Sal\u00e1rio<\/th><\/tr><\/thead><tbody><tr><td>Auxiliar de Servi\u00e7os Adm. e Gerais<\/td><td>02<\/td><td>R$ 1.621,00<\/td><\/tr><tr><td>Auxiliar de Servi\u00e7os Gerais<\/td><td>02<\/td><td>R$ 1.621,00<\/td><\/tr><tr><td>Auxiliar de Transporte Escolar<\/td><td>04<\/td><td>R$ 1.621,00<\/td><\/tr><tr><td>Motorista (D)<\/td><td>04<\/td><td>R$ 2.019,83<\/td><\/tr><tr><td>Oficial Servi\u00e7o P\u00fablico \u2013 Eletricista<\/td><td>01<\/td><td>R$ 1.750,52<\/td><\/tr><tr><td>Oficial Servi\u00e7o P\u00fablico \u2013 Pedreiro<\/td><td>03<\/td><td>R$ 1.750,52<\/td><\/tr><tr><td>Operador de M\u00e1quinas<\/td><td>04<\/td><td>R$ 3.500,00<\/td><\/tr><tr><td>Oper\u00e1rio<\/td><td>04<\/td><td>R$ 1.621,00<\/td><\/tr><tr><td>Servente Escolar<\/td><td>04<\/td><td>R$ 1.621,00<\/td><\/tr><\/tbody><\/table><\/figure>\n\n\n\n<h3 class=\"wp-block-heading\" id=\"medio\">N\u00edvel m\u00e9dio<\/h3>\n\n\n\n<figure class=\"wp-block-table is-style-stripes\"><table class=\"has-fixed-layout\"><thead><tr><th>Cargo<\/th><th>Total de Vagas<\/th><th>Sal\u00e1rio<\/th><\/tr><\/thead><tbody><tr><td>Auxiliar Administrativo<\/td><td>04<\/td><td>R$ 1.621,00<\/td><\/tr><tr><td>Auxiliar em Sa\u00fade Bucal ESF<\/td><td>02<\/td><td>R$ 1.750,52<\/td><\/tr><tr><td>Digitador de Programa de Inform\u00e1tica de Seguran\u00e7a<\/td><td>01<\/td><td>R$ 1.750,52<\/td><\/tr><tr><td>Fiscal de Posturas<\/td><td>02<\/td><td>R$ 2.100,00<\/td><\/tr><tr><td>Fiscal Sanit\u00e1rio e de Eventos<\/td><td>01<\/td><td>R$ 1.621,00<\/td><\/tr><tr><td>Profissional de Regula\u00e7\u00e3o<\/td><td>01<\/td><td>R$ 2.100,00<\/td><\/tr><\/tbody><\/table><\/figure>\n\n\n\n<h3 class=\"wp-block-heading\" id=\"superior\">N\u00edvel t\u00e9cnico<\/h3>\n\n\n\n<figure class=\"wp-block-table is-style-stripes\"><table class=\"has-fixed-layout\"><thead><tr><th>Cargo<\/th><th>Total de Vagas<\/th><th>Sal\u00e1rio<\/th><\/tr><\/thead><tbody><tr><td>T\u00e9cnico Agr\u00edcola<\/td><td>01<\/td><td>R$ 1.621,00<\/td><\/tr><tr><td>T\u00e9cnico de Enfermagem<\/td><td>02<\/td><td>R$ 1.669,87<\/td><\/tr><tr><td>T\u00e9cnico de Enfermagem ESF<\/td><td>03<\/td><td>R$ 1.667,27<\/td><\/tr><tr><td>T\u00e9cnico em Tecnologia da Informa\u00e7\u00e3o<\/td><td>02<\/td><td>R$ 1.850,00<\/td><\/tr><\/tbody><\/table><\/figure>\n\n\n\n<p>Ensino superior<\/p>\n\n\n\n<figure class=\"wp-block-table is-style-stripes\"><table class=\"has-fixed-layout\"><thead><tr><th>Cargo<\/th><th>Total<\/th><th>Sal\u00e1rio<\/th><\/tr><\/thead><tbody><tr><td>Advogado<\/td><td>02<\/td><td>R$ 4.900,38<\/td><\/tr><tr><td>Assistente Social ESF<\/td><td>01<\/td><td>R$ 2.019,83<\/td><\/tr><tr><td>Assistente T\u00e9cnico Administrativo<\/td><td>04<\/td><td>R$ 3.600,00<\/td><\/tr><tr><td>Cirurgi\u00e3o Dentista ESF<\/td><td>04<\/td><td>R$ 3.593,61<\/td><\/tr><tr><td>Dentista<\/td><td>01<\/td><td>R$ 2.450,19<\/td><\/tr><tr><td>Educador F\u00edsico ESF<\/td><td>01<\/td><td>R$ 2.019,83<\/td><\/tr><tr><td>Enfermeiro ESF<\/td><td>04<\/td><td>R$ 3.428,04<\/td><\/tr><tr><td>Enfermeiro RT<\/td><td>01<\/td><td>R$ 3.428,04<\/td><\/tr><tr><td>Engenheiro Civil<\/td><td>01<\/td><td>R$ 6.000,00<\/td><\/tr><tr><td>Farmac\u00eautico<\/td><td>01<\/td><td>R$ 2.019,83<\/td><\/tr><tr><td>Fisioterapeuta<\/td><td>04<\/td><td>R$ 3.029,74<\/td><\/tr><tr><td>Fonoaudi\u00f3logo<\/td><td>01<\/td><td>R$ 3.675,28<\/td><\/tr><tr><td>Gestor Ambiental<\/td><td>01<\/td><td>R$ 2.019,83<\/td><\/tr><tr><td>M\u00e9dico Cl\u00ednico Geral 12h<\/td><td>03<\/td><td>R$ 7.350,57<\/td><\/tr><tr><td>M\u00e9dico Cl\u00ednico Geral 20h<\/td><td>01<\/td><td>R$ 12.250,96<\/td><\/tr><tr><td>M\u00e9dico Sa\u00fade da Fam\u00edlia ESF<\/td><td>04<\/td><td>R$ 12.250,96<\/td><\/tr><tr><td>M\u00e9dico Veterin\u00e1rio<\/td><td>01<\/td><td>R$ 4.900,38<\/td><\/tr><tr><td>Nutricionista Sa\u00fade<\/td><td>01<\/td><td>R$ 2.019,83<\/td><\/tr><tr><td>Orientador Pedag\u00f3gico<\/td><td>01<\/td><td>R$ 3.650,83<\/td><\/tr><tr><td>Professor Educa\u00e7\u00e3o F\u00edsica<\/td><td>02<\/td><td>R$ 29,31\/h<\/td><\/tr><tr><td>Professor I<\/td><td>04<\/td><td>R$ 2.920,66<\/td><\/tr><tr><td>Professor II \u2013 Ingl\u00eas<\/td><td>03<\/td><td>R$ 29,31\/h<\/td><\/tr><tr><td>Psic\u00f3logo<\/td><td>01<\/td><td>R$ 3.675,28<\/td><\/tr><tr><td>Psic\u00f3logo Escolar<\/td><td>01<\/td><td>R$ 4.369,48<\/td><\/tr><tr><td>Supervisor Pedag\u00f3gico<\/td><td>02<\/td><td>R$ 3.276,41<\/td><\/tr><tr><td>T\u00e9cnico de Refer\u00eancia \u2013 Assistente Social<\/td><td>01<\/td><td>R$ 2.019,83<\/td><\/tr><tr><td>T\u00e9cnico de Refer\u00eancia \u2013 Psic\u00f3logo<\/td><td>01<\/td><td>R$ 2.019,83<\/td><\/tr><tr><td>M\u00e9dico Cardiologista<\/td><td>01<\/td><td>R$ 7.350,57<\/td><\/tr><tr><td>M\u00e9dico Dermatologista<\/td><td>01<\/td><td>R$ 7.350,57<\/td><\/tr><tr><td>M\u00e9dico Endocrinologista<\/td><td>01<\/td><td>R$ 7.350,57<\/td><\/tr><tr><td>M\u00e9dico Ginecologista<\/td><td>02<\/td><td>R$ 7.350,57<\/td><\/tr><tr><td>M\u00e9dico Neurologista<\/td><td>02<\/td><td>R$ 7.350,57<\/td><\/tr><tr><td>M\u00e9dico Pediatra<\/td><td>02<\/td><td>R$ 7.350,57<\/td><\/tr><tr><td>M\u00e9dico Psiquiatra<\/td><td>02<\/td><td>R$ 7.350,57<\/td><\/tr><\/tbody><\/table><\/figure>\n\n\n\n<p><\/p>\n\n\n\n<h2 class=\"wp-block-heading\" id=\"etapas\">Concurso Alto Rio Doce: etapas<\/h2>\n\n\n\n<ul class=\"wp-block-list\">\n<li><strong>Prova objetiva <\/strong>para todos os empregos p\u00fablicos, de car\u00e1ter <strong>eliminat\u00f3rio e classificat\u00f3rio<\/strong>;<\/li>\n\n\n\n<li><strong>Prova discursiva<\/strong> para o cargo de Professor e Orientador Pedag\u00f3gico, de car\u00e1ter <strong>eliminat\u00f3rio e classificat\u00f3rio<\/strong>;<\/li>\n\n\n\n<li><strong>Prova pr\u00e1tica<\/strong> para os cargos de Motorista, Operador de M\u00e1quinas, Pedreiro e Eletricista, de car\u00e1ter <strong>eliminat\u00f3rio e classificat\u00f3rio<\/strong>.<\/li>\n\n\n\n<li><strong>Prova t\u00edtulos<\/strong>, para cargos de n\u00edvel superior, de car\u00e1ter classificat\u00f3tio.<\/li>\n<\/ul>\n\n\n\n<hr class=\"wp-block-separator has-alpha-channel-opacity\"\/>\n\n\n\n<h2 class=\"wp-block-heading has-text-align-center\" id=\"cursos-assinatura\"><em>Quer estudar para o concurso?<\/em><\/h2>\n\n\n\n<div class=\"container\" id=\"boxes\">\n  <div class=\"row\">\n\n    <div class=\"col-sm\">\n      <div class=\"banner-prefeituras-ec\" id=\"box-assinatura\">\n        <h2 class=\"titulo-assinatura\" style=\"text-align: left;\">Concursos Prefeituras<\/h2>\n        <p class=\"subtitulo-assinatura\" style=\"text-align: left;\">Prepara\u00e7\u00e3o completa para a carreira!<\/p>\n        <div class=\"box-botao\" style=\"text-align: left;\">\n          <a class=\"btn-assinatura\" target=\"_blank\" href=\"https:\/\/www.estrategiaconcursos.com.br\/pesquisa\/?q=prefeitura+Alto+Rio+Doce\/\" role=\"button\" rel=\"noopener noreferrer\">EXPLORAR CURSOS<\/a>\n        <\/div>\n      <\/div><\/div><\/div><\/div>\n\n\n\n<div class=\"container\" id=\"boxes\">\n  <div class=\"row\">\n\n    <div class=\"col-sm\">\n      <div class=\"estrategia\" id=\"box-assinatura\">\n        <h3 class=\"titulo-assinatura\">Assinatura Concursos<\/h3>\n        <p class=\"subtitulo-assinatura\">Assinatura de 1 ano ou 2 anos<\/p>\n        <div class=\"box-botao\">\n          <a class=\"btn-assinatura\" target=\"_blank\" href=\"https:\/\/www.estrategiaconcursos.com.br\/assinaturas\/\" role=\"button\" rel=\"noopener noreferrer\">ASSINE AGORA<\/a>\n        <\/div>\n      <\/div><\/div><\/div><\/div>\n\n\n\n<h2 class=\"wp-block-heading has-text-align-center\" id=\"h-quer-saber-tudo-sobre-concursos-previstos-confira-os-nossos-artigos\">Quer saber tudo sobre concursos previstos?<br \/>Confira os nossos artigos!<\/h2>\n\n\n\n<ul class=\"wp-block-list\">\n<li><a href=\"https:\/\/www.estrategiaconcursos.com.br\/blog\/concursos-abertos\/\" target=\"_blank\" rel=\"noreferrer noopener\">Concursos Abertos<\/a><\/li>\n\n\n\n<li><a href=\"https:\/\/www.estrategiaconcursos.com.br\/blog\/concursos-abertos-prefeituras\/\" target=\"_blank\" rel=\"noreferrer noopener\">Concursos Abertos de Prefeituras<\/a><\/li>\n\n\n\n<li><a href=\"https:\/\/www.estrategiaconcursos.com.br\/blog\/concursos-prefeituras\/\" target=\"_blank\" rel=\"noreferrer noopener\">Concursos Prefeituras<\/a><\/li>\n\n\n\n<li><a href=\"https:\/\/www.estrategiaconcursos.com.br\/blog\/concursos-2026\/\" target=\"_blank\" rel=\"noreferrer noopener\">Concursos 2026<\/a><\/li>\n<\/ul>\n\n\n\n<figure class=\"wp-block-image is-resized\"><img loading=\"lazy\" decoding=\"async\" width=\"1024\" height=\"632\" src=\"https:\/\/dhg1h5j42swfq.cloudfront.net\/2021\/04\/01161145\/ficha-tecnica-5-1024x632.png\" alt=\"Informa\u00e7\u00f5es do concurso Alto Rio Doce\" class=\"wp-image-706736\" style=\"width:236px;height:145px\" srcset=\"https:\/\/dhg1h5j42swfq.cloudfront.net\/2021\/04\/01161145\/ficha-tecnica-5-1024x632.png 1024w, https:\/\/dhg1h5j42swfq.cloudfront.net\/2021\/04\/01161145\/ficha-tecnica-5-300x185.png 300w, https:\/\/dhg1h5j42swfq.cloudfront.net\/2021\/04\/01161145\/ficha-tecnica-5-768x474.png 768w, https:\/\/dhg1h5j42swfq.cloudfront.net\/2021\/04\/01161145\/ficha-tecnica-5-1536x948.png 1536w, https:\/\/dhg1h5j42swfq.cloudfront.net\/2021\/04\/01161145\/ficha-tecnica-5-610x377.png 610w, https:\/\/dhg1h5j42swfq.cloudfront.net\/2021\/04\/01161145\/ficha-tecnica-5.png 1571w\" sizes=\"auto, (max-width: 1024px) 100vw, 1024px\" \/><\/figure>\n\n\n\n<h3 class=\"wp-block-heading\" id=\"ficha-tecnica\">Informa\u00e7\u00f5es do Concurso Alto Rio Doce<\/h3>\n\n\n\n<ul class=\"wp-block-list\">\n<li><strong>Data da prova<\/strong>: 26\/07\/2026<\/li>\n\n\n\n<li><strong>Banca<\/strong>: IBGP<\/li>\n\n\n\n<li><strong>Escolaridade<\/strong>: n\u00edveis fundamental, m\u00e9dio e superior<\/li>\n\n\n\n<li><strong>Vagas:<\/strong> 110<\/li>\n\n\n\n<li><strong>Cargos<\/strong>: diversos<\/li>\n\n\n\n<li><strong>Edital:<\/strong> <a href=\"https:\/\/dhg1h5j42swfq.cloudfront.net\/2026\/03\/16102839\/alto-rio-doce.pdf\" target=\"_blank\" rel=\"noreferrer noopener nofollow\">Alto Rio Doce 2026<\/a><\/li>\n<\/ul>\n","protected":false},"excerpt":{"rendered":"<p>Foi publicado o edital do novo concurso p\u00fablico da Prefeitura de Alto Rio Doce, munic\u00edpio localizado no estado de Minas Gerais. O certame, organizado pelo IBGP, chega para refor\u00e7ar o quadro permanente de pessoal da administra\u00e7\u00e3o municipal, oferecendo 110 vagas imediatas para todos os n\u00edveis de escolaridade. Al\u00e9m das vagas diretas, o edital tamb\u00e9m prev\u00ea [&hellip;]<\/p>\n","protected":false},"author":2991,"featured_media":710256,"comment_status":"open","ping_status":"closed","sticky":false,"template":"","format":"standard","meta":{"post_tipo":"news_page","footnotes":""},"categories":[222278],"tags":[],"tax_estado":[219974],"class_list":["post-1734790","post","type-post","status-publish","format-standard","has-post-thumbnail","hentry","category-prefeituras","tax_estado-mg"],"acf":[],"yoast_head":"<!-- This site is optimized with the Yoast SEO Premium plugin v27.2 (Yoast SEO v27.2) - https:\/\/yoast.com\/product\/yoast-seo-premium-wordpress\/ -->\n<title>Concurso Alto Rio Doce MG: saiu edital!<\/title>\n<meta name=\"description\" content=\"Saiba aqui todos os detalhes do novo edital de concurso p\u00fablico da Prefeitura de Alto Rio Doce. cidade mineira.\" \/>\n<meta name=\"robots\" content=\"index, follow, max-snippet:-1, max-image-preview:large, max-video-preview:-1\" \/>\n<link rel=\"canonical\" href=\"https:\/\/www.estrategiaconcursos.com.br\/blog\/concurso-prefeitura-alto-rio-doce\/\" \/>\n<meta property=\"og:locale\" content=\"pt_BR\" \/>\n<meta property=\"og:type\" content=\"article\" \/>\n<meta property=\"og:title\" content=\"Concurso Alto Rio Doce MG: saiu edital!\" \/>\n<meta property=\"og:description\" content=\"Saiba aqui todos os detalhes do novo edital de concurso p\u00fablico da Prefeitura de Alto Rio Doce. cidade mineira.\" \/>\n<meta property=\"og:url\" content=\"https:\/\/www.estrategiaconcursos.com.br\/blog\/concurso-prefeitura-alto-rio-doce\/\" \/>\n<meta property=\"og:site_name\" content=\"Estrat\u00e9gia Concursos\" \/>\n<meta property=\"article:published_time\" content=\"2026-03-16T14:08:17+00:00\" \/>\n<meta property=\"article:modified_time\" content=\"2026-03-16T18:34:13+00:00\" \/>\n<meta property=\"og:image\" content=\"https:\/\/dhg1h5j42swfq.cloudfront.net\/2021\/04\/08141822\/concursos-prefeituras.jpg\" \/>\n\t<meta property=\"og:image:width\" content=\"1200\" \/>\n\t<meta property=\"og:image:height\" content=\"628\" \/>\n\t<meta property=\"og:image:type\" content=\"image\/jpeg\" \/>\n<meta name=\"author\" content=\"Melmuara Thaiane Doneg\u00e1 C\u00e2ndido\" \/>\n<meta name=\"twitter:card\" content=\"summary_large_image\" \/>\n<meta name=\"twitter:creator\" content=\"@EstratConcursos\" \/>\n<meta name=\"twitter:site\" content=\"@EstratConcursos\" \/>\n<meta name=\"twitter:label1\" content=\"Escrito por\" \/>\n\t<meta name=\"twitter:data1\" content=\"Melmuara Thaiane Doneg\u00e1 C\u00e2ndido\" \/>\n\t<meta name=\"twitter:label2\" content=\"Est. tempo de leitura\" \/>\n\t<meta name=\"twitter:data2\" content=\"4 minutos\" \/>\n<script type=\"application\/ld+json\" class=\"yoast-schema-graph\">{\"@context\":\"https:\/\/schema.org\",\"@graph\":[{\"@type\":\"NewsArticle\",\"@id\":\"https:\/\/www.estrategiaconcursos.com.br\/blog\/concurso-prefeitura-alto-rio-doce\/#article\",\"isPartOf\":{\"@id\":\"https:\/\/www.estrategiaconcursos.com.br\/blog\/concurso-prefeitura-alto-rio-doce\/\"},\"author\":{\"name\":\"Melmuara Thaiane Doneg\u00e1 C\u00e2ndido\",\"@id\":\"https:\/\/www.estrategiaconcursos.com.br\/blog\/#\/schema\/person\/f33ffe5648e36a1ec7be14cb98aec31a\"},\"headline\":\"Concurso Alto Rio Doce MG: saiu edital!\",\"datePublished\":\"2026-03-16T14:08:17+00:00\",\"dateModified\":\"2026-03-16T18:34:13+00:00\",\"mainEntityOfPage\":{\"@id\":\"https:\/\/www.estrategiaconcursos.com.br\/blog\/concurso-prefeitura-alto-rio-doce\/\"},\"wordCount\":831,\"commentCount\":0,\"publisher\":{\"@id\":\"https:\/\/www.estrategiaconcursos.com.br\/blog\/#organization\"},\"image\":{\"@id\":\"https:\/\/www.estrategiaconcursos.com.br\/blog\/concurso-prefeitura-alto-rio-doce\/#primaryimage\"},\"thumbnailUrl\":\"https:\/\/dhg1h5j42swfq.cloudfront.net\/2021\/04\/08141822\/concursos-prefeituras.jpg\",\"articleSection\":[\"Prefeituras\"],\"inLanguage\":\"pt-BR\",\"potentialAction\":[{\"@type\":\"CommentAction\",\"name\":\"Comment\",\"target\":[\"https:\/\/www.estrategiaconcursos.com.br\/blog\/concurso-prefeitura-alto-rio-doce\/#respond\"]}],\"copyrightYear\":\"2026\",\"copyrightHolder\":{\"@id\":\"https:\/\/www.estrategiaconcursos.com.br\/blog\/#organization\"}},{\"@type\":\"WebPage\",\"@id\":\"https:\/\/www.estrategiaconcursos.com.br\/blog\/concurso-prefeitura-alto-rio-doce\/\",\"url\":\"https:\/\/www.estrategiaconcursos.com.br\/blog\/concurso-prefeitura-alto-rio-doce\/\",\"name\":\"Concurso Alto Rio Doce MG: saiu edital!\",\"isPartOf\":{\"@id\":\"https:\/\/www.estrategiaconcursos.com.br\/blog\/#website\"},\"primaryImageOfPage\":{\"@id\":\"https:\/\/www.estrategiaconcursos.com.br\/blog\/concurso-prefeitura-alto-rio-doce\/#primaryimage\"},\"image\":{\"@id\":\"https:\/\/www.estrategiaconcursos.com.br\/blog\/concurso-prefeitura-alto-rio-doce\/#primaryimage\"},\"thumbnailUrl\":\"https:\/\/dhg1h5j42swfq.cloudfront.net\/2021\/04\/08141822\/concursos-prefeituras.jpg\",\"datePublished\":\"2026-03-16T14:08:17+00:00\",\"dateModified\":\"2026-03-16T18:34:13+00:00\",\"description\":\"Saiba aqui todos os detalhes do novo edital de concurso p\u00fablico da Prefeitura de Alto Rio Doce. cidade mineira.\",\"breadcrumb\":{\"@id\":\"https:\/\/www.estrategiaconcursos.com.br\/blog\/concurso-prefeitura-alto-rio-doce\/#breadcrumb\"},\"inLanguage\":\"pt-BR\",\"potentialAction\":[{\"@type\":\"ReadAction\",\"target\":[\"https:\/\/www.estrategiaconcursos.com.br\/blog\/concurso-prefeitura-alto-rio-doce\/\"]}]},{\"@type\":\"ImageObject\",\"inLanguage\":\"pt-BR\",\"@id\":\"https:\/\/www.estrategiaconcursos.com.br\/blog\/concurso-prefeitura-alto-rio-doce\/#primaryimage\",\"url\":\"https:\/\/dhg1h5j42swfq.cloudfront.net\/2021\/04\/08141822\/concursos-prefeituras.jpg\",\"contentUrl\":\"https:\/\/dhg1h5j42swfq.cloudfront.net\/2021\/04\/08141822\/concursos-prefeituras.jpg\",\"width\":1200,\"height\":628,\"caption\":\"Concurso Alvorada\"},{\"@type\":\"BreadcrumbList\",\"@id\":\"https:\/\/www.estrategiaconcursos.com.br\/blog\/concurso-prefeitura-alto-rio-doce\/#breadcrumb\",\"itemListElement\":[{\"@type\":\"ListItem\",\"position\":1,\"name\":\"In\u00edcio\",\"item\":\"https:\/\/www.estrategiaconcursos.com.br\/blog\/\"},{\"@type\":\"ListItem\",\"position\":2,\"name\":\"Concurso Alto Rio Doce MG: saiu edital!\"}]},{\"@type\":\"WebSite\",\"@id\":\"https:\/\/www.estrategiaconcursos.com.br\/blog\/#website\",\"url\":\"https:\/\/www.estrategiaconcursos.com.br\/blog\/\",\"name\":\"Estrat\u00e9gia Concursos\",\"description\":\"O blog da Estrat\u00e9gia Concursos traz not\u00edcias sobre concursos e artigos de professores oferecendo cursos para concursos (pdf + videaulas) no site.\",\"publisher\":{\"@id\":\"https:\/\/www.estrategiaconcursos.com.br\/blog\/#organization\"},\"potentialAction\":[{\"@type\":\"SearchAction\",\"target\":{\"@type\":\"EntryPoint\",\"urlTemplate\":\"https:\/\/www.estrategiaconcursos.com.br\/blog\/?s={search_term_string}\"},\"query-input\":{\"@type\":\"PropertyValueSpecification\",\"valueRequired\":true,\"valueName\":\"search_term_string\"}}],\"inLanguage\":\"pt-BR\"},{\"@type\":\"Organization\",\"@id\":\"https:\/\/www.estrategiaconcursos.com.br\/blog\/#organization\",\"name\":\"Estrat\u00e9gia Concursos\",\"url\":\"https:\/\/www.estrategiaconcursos.com.br\/blog\/\",\"logo\":{\"@type\":\"ImageObject\",\"inLanguage\":\"pt-BR\",\"@id\":\"https:\/\/www.estrategiaconcursos.com.br\/blog\/#\/schema\/logo\/image\/\",\"url\":\"https:\/\/dhg1h5j42swfq.cloudfront.net\/2025\/06\/03203428\/logo_concursos-1.jpg\",\"contentUrl\":\"https:\/\/dhg1h5j42swfq.cloudfront.net\/2025\/06\/03203428\/logo_concursos-1.jpg\",\"width\":230,\"height\":60,\"caption\":\"Estrat\u00e9gia Concursos\"},\"image\":{\"@id\":\"https:\/\/www.estrategiaconcursos.com.br\/blog\/#\/schema\/logo\/image\/\"},\"sameAs\":[\"https:\/\/x.com\/EstratConcursos\"]},{\"@type\":\"Person\",\"@id\":\"https:\/\/www.estrategiaconcursos.com.br\/blog\/#\/schema\/person\/f33ffe5648e36a1ec7be14cb98aec31a\",\"name\":\"Melmuara Thaiane Doneg\u00e1 C\u00e2ndido\",\"image\":{\"@type\":\"ImageObject\",\"inLanguage\":\"pt-BR\",\"@id\":\"https:\/\/secure.gravatar.com\/avatar\/72c23c49ace6e781125178efe440f336ae4f50fbfb902780beb369688b387c4f?s=96&d=mm&r=g\",\"url\":\"https:\/\/secure.gravatar.com\/avatar\/72c23c49ace6e781125178efe440f336ae4f50fbfb902780beb369688b387c4f?s=96&d=mm&r=g\",\"contentUrl\":\"https:\/\/secure.gravatar.com\/avatar\/72c23c49ace6e781125178efe440f336ae4f50fbfb902780beb369688b387c4f?s=96&d=mm&r=g\",\"caption\":\"Melmuara Thaiane Doneg\u00e1 C\u00e2ndido\"},\"description\":\"Formada em Jornalismo em 2011 pela UniSEB-COC, Ribeir\u00e3o Preto-SP, atua desde 2017 na produ\u00e7\u00e3o de conte\u00fado para prefeituras, passando da \u00e1rea publicit\u00e1ria para a cria\u00e7\u00e3o de textos estrat\u00e9gicos e not\u00edcias sobre concursos, mantendo os concurseiros bem informados sobre os principais editais de prefeituras e concursos municipais.\",\"birthDate\":\"1990-04-21\",\"gender\":\"feminino\",\"url\":\"https:\/\/www.estrategiaconcursos.com.br\/blog\/author\/melmuara-candidoestrategia-com\/\"}]}<\/script>\n<!-- \/ Yoast SEO Premium plugin. -->","yoast_head_json":{"title":"Concurso Alto Rio Doce MG: saiu edital!","description":"Saiba aqui todos os detalhes do novo edital de concurso p\u00fablico da Prefeitura de Alto Rio Doce. cidade mineira.","robots":{"index":"index","follow":"follow","max-snippet":"max-snippet:-1","max-image-preview":"max-image-preview:large","max-video-preview":"max-video-preview:-1"},"canonical":"https:\/\/www.estrategiaconcursos.com.br\/blog\/concurso-prefeitura-alto-rio-doce\/","og_locale":"pt_BR","og_type":"article","og_title":"Concurso Alto Rio Doce MG: saiu edital!","og_description":"Saiba aqui todos os detalhes do novo edital de concurso p\u00fablico da Prefeitura de Alto Rio Doce. cidade mineira.","og_url":"https:\/\/www.estrategiaconcursos.com.br\/blog\/concurso-prefeitura-alto-rio-doce\/","og_site_name":"Estrat\u00e9gia Concursos","article_published_time":"2026-03-16T14:08:17+00:00","article_modified_time":"2026-03-16T18:34:13+00:00","og_image":[{"width":1200,"height":628,"url":"https:\/\/dhg1h5j42swfq.cloudfront.net\/2021\/04\/08141822\/concursos-prefeituras.jpg","type":"image\/jpeg"}],"author":"Melmuara Thaiane Doneg\u00e1 C\u00e2ndido","twitter_card":"summary_large_image","twitter_creator":"@EstratConcursos","twitter_site":"@EstratConcursos","twitter_misc":{"Escrito por":"Melmuara Thaiane Doneg\u00e1 C\u00e2ndido","Est. tempo de leitura":"4 minutos"},"schema":{"@context":"https:\/\/schema.org","@graph":[{"@type":"NewsArticle","@id":"https:\/\/www.estrategiaconcursos.com.br\/blog\/concurso-prefeitura-alto-rio-doce\/#article","isPartOf":{"@id":"https:\/\/www.estrategiaconcursos.com.br\/blog\/concurso-prefeitura-alto-rio-doce\/"},"author":{"name":"Melmuara Thaiane Doneg\u00e1 C\u00e2ndido","@id":"https:\/\/www.estrategiaconcursos.com.br\/blog\/#\/schema\/person\/f33ffe5648e36a1ec7be14cb98aec31a"},"headline":"Concurso Alto Rio Doce MG: saiu edital!","datePublished":"2026-03-16T14:08:17+00:00","dateModified":"2026-03-16T18:34:13+00:00","mainEntityOfPage":{"@id":"https:\/\/www.estrategiaconcursos.com.br\/blog\/concurso-prefeitura-alto-rio-doce\/"},"wordCount":831,"commentCount":0,"publisher":{"@id":"https:\/\/www.estrategiaconcursos.com.br\/blog\/#organization"},"image":{"@id":"https:\/\/www.estrategiaconcursos.com.br\/blog\/concurso-prefeitura-alto-rio-doce\/#primaryimage"},"thumbnailUrl":"https:\/\/dhg1h5j42swfq.cloudfront.net\/2021\/04\/08141822\/concursos-prefeituras.jpg","articleSection":["Prefeituras"],"inLanguage":"pt-BR","potentialAction":[{"@type":"CommentAction","name":"Comment","target":["https:\/\/www.estrategiaconcursos.com.br\/blog\/concurso-prefeitura-alto-rio-doce\/#respond"]}],"copyrightYear":"2026","copyrightHolder":{"@id":"https:\/\/www.estrategiaconcursos.com.br\/blog\/#organization"}},{"@type":"WebPage","@id":"https:\/\/www.estrategiaconcursos.com.br\/blog\/concurso-prefeitura-alto-rio-doce\/","url":"https:\/\/www.estrategiaconcursos.com.br\/blog\/concurso-prefeitura-alto-rio-doce\/","name":"Concurso Alto Rio Doce MG: saiu edital!","isPartOf":{"@id":"https:\/\/www.estrategiaconcursos.com.br\/blog\/#website"},"primaryImageOfPage":{"@id":"https:\/\/www.estrategiaconcursos.com.br\/blog\/concurso-prefeitura-alto-rio-doce\/#primaryimage"},"image":{"@id":"https:\/\/www.estrategiaconcursos.com.br\/blog\/concurso-prefeitura-alto-rio-doce\/#primaryimage"},"thumbnailUrl":"https:\/\/dhg1h5j42swfq.cloudfront.net\/2021\/04\/08141822\/concursos-prefeituras.jpg","datePublished":"2026-03-16T14:08:17+00:00","dateModified":"2026-03-16T18:34:13+00:00","description":"Saiba aqui todos os detalhes do novo edital de concurso p\u00fablico da Prefeitura de Alto Rio Doce. cidade mineira.","breadcrumb":{"@id":"https:\/\/www.estrategiaconcursos.com.br\/blog\/concurso-prefeitura-alto-rio-doce\/#breadcrumb"},"inLanguage":"pt-BR","potentialAction":[{"@type":"ReadAction","target":["https:\/\/www.estrategiaconcursos.com.br\/blog\/concurso-prefeitura-alto-rio-doce\/"]}]},{"@type":"ImageObject","inLanguage":"pt-BR","@id":"https:\/\/www.estrategiaconcursos.com.br\/blog\/concurso-prefeitura-alto-rio-doce\/#primaryimage","url":"https:\/\/dhg1h5j42swfq.cloudfront.net\/2021\/04\/08141822\/concursos-prefeituras.jpg","contentUrl":"https:\/\/dhg1h5j42swfq.cloudfront.net\/2021\/04\/08141822\/concursos-prefeituras.jpg","width":1200,"height":628,"caption":"Concurso Alvorada"},{"@type":"BreadcrumbList","@id":"https:\/\/www.estrategiaconcursos.com.br\/blog\/concurso-prefeitura-alto-rio-doce\/#breadcrumb","itemListElement":[{"@type":"ListItem","position":1,"name":"In\u00edcio","item":"https:\/\/www.estrategiaconcursos.com.br\/blog\/"},{"@type":"ListItem","position":2,"name":"Concurso Alto Rio Doce MG: saiu edital!"}]},{"@type":"WebSite","@id":"https:\/\/www.estrategiaconcursos.com.br\/blog\/#website","url":"https:\/\/www.estrategiaconcursos.com.br\/blog\/","name":"Estrat\u00e9gia Concursos","description":"O blog da Estrat\u00e9gia Concursos traz not\u00edcias sobre concursos e artigos de professores oferecendo cursos para concursos (pdf + videaulas) no site.","publisher":{"@id":"https:\/\/www.estrategiaconcursos.com.br\/blog\/#organization"},"potentialAction":[{"@type":"SearchAction","target":{"@type":"EntryPoint","urlTemplate":"https:\/\/www.estrategiaconcursos.com.br\/blog\/?s={search_term_string}"},"query-input":{"@type":"PropertyValueSpecification","valueRequired":true,"valueName":"search_term_string"}}],"inLanguage":"pt-BR"},{"@type":"Organization","@id":"https:\/\/www.estrategiaconcursos.com.br\/blog\/#organization","name":"Estrat\u00e9gia Concursos","url":"https:\/\/www.estrategiaconcursos.com.br\/blog\/","logo":{"@type":"ImageObject","inLanguage":"pt-BR","@id":"https:\/\/www.estrategiaconcursos.com.br\/blog\/#\/schema\/logo\/image\/","url":"https:\/\/dhg1h5j42swfq.cloudfront.net\/2025\/06\/03203428\/logo_concursos-1.jpg","contentUrl":"https:\/\/dhg1h5j42swfq.cloudfront.net\/2025\/06\/03203428\/logo_concursos-1.jpg","width":230,"height":60,"caption":"Estrat\u00e9gia Concursos"},"image":{"@id":"https:\/\/www.estrategiaconcursos.com.br\/blog\/#\/schema\/logo\/image\/"},"sameAs":["https:\/\/x.com\/EstratConcursos"]},{"@type":"Person","@id":"https:\/\/www.estrategiaconcursos.com.br\/blog\/#\/schema\/person\/f33ffe5648e36a1ec7be14cb98aec31a","name":"Melmuara Thaiane Doneg\u00e1 C\u00e2ndido","image":{"@type":"ImageObject","inLanguage":"pt-BR","@id":"https:\/\/secure.gravatar.com\/avatar\/72c23c49ace6e781125178efe440f336ae4f50fbfb902780beb369688b387c4f?s=96&d=mm&r=g","url":"https:\/\/secure.gravatar.com\/avatar\/72c23c49ace6e781125178efe440f336ae4f50fbfb902780beb369688b387c4f?s=96&d=mm&r=g","contentUrl":"https:\/\/secure.gravatar.com\/avatar\/72c23c49ace6e781125178efe440f336ae4f50fbfb902780beb369688b387c4f?s=96&d=mm&r=g","caption":"Melmuara Thaiane Doneg\u00e1 C\u00e2ndido"},"description":"Formada em Jornalismo em 2011 pela UniSEB-COC, Ribeir\u00e3o Preto-SP, atua desde 2017 na produ\u00e7\u00e3o de conte\u00fado para prefeituras, passando da \u00e1rea publicit\u00e1ria para a cria\u00e7\u00e3o de textos estrat\u00e9gicos e not\u00edcias sobre concursos, mantendo os concurseiros bem informados sobre os principais editais de prefeituras e concursos municipais.","birthDate":"1990-04-21","gender":"feminino","url":"https:\/\/www.estrategiaconcursos.com.br\/blog\/author\/melmuara-candidoestrategia-com\/"}]}},"_links":{"self":[{"href":"https:\/\/www.estrategiaconcursos.com.br\/blog\/wp-json\/wp\/v2\/posts\/1734790","targetHints":{"allow":["GET"]}}],"collection":[{"href":"https:\/\/www.estrategiaconcursos.com.br\/blog\/wp-json\/wp\/v2\/posts"}],"about":[{"href":"https:\/\/www.estrategiaconcursos.com.br\/blog\/wp-json\/wp\/v2\/types\/post"}],"author":[{"embeddable":true,"href":"https:\/\/www.estrategiaconcursos.com.br\/blog\/wp-json\/wp\/v2\/users\/2991"}],"replies":[{"embeddable":true,"href":"https:\/\/www.estrategiaconcursos.com.br\/blog\/wp-json\/wp\/v2\/comments?post=1734790"}],"version-history":[{"count":10,"href":"https:\/\/www.estrategiaconcursos.com.br\/blog\/wp-json\/wp\/v2\/posts\/1734790\/revisions"}],"predecessor-version":[{"id":1735218,"href":"https:\/\/www.estrategiaconcursos.com.br\/blog\/wp-json\/wp\/v2\/posts\/1734790\/revisions\/1735218"}],"wp:featuredmedia":[{"embeddable":true,"href":"https:\/\/www.estrategiaconcursos.com.br\/blog\/wp-json\/wp\/v2\/media\/710256"}],"wp:attachment":[{"href":"https:\/\/www.estrategiaconcursos.com.br\/blog\/wp-json\/wp\/v2\/media?parent=1734790"}],"wp:term":[{"taxonomy":"category","embeddable":true,"href":"https:\/\/www.estrategiaconcursos.com.br\/blog\/wp-json\/wp\/v2\/categories?post=1734790"},{"taxonomy":"post_tag","embeddable":true,"href":"https:\/\/www.estrategiaconcursos.com.br\/blog\/wp-json\/wp\/v2\/tags?post=1734790"},{"taxonomy":"tax_estado","embeddable":true,"href":"https:\/\/www.estrategiaconcursos.com.br\/blog\/wp-json\/wp\/v2\/tax_estado?post=1734790"}],"curies":[{"name":"wp","href":"https:\/\/api.w.org\/{rel}","templated":true}]}}