{"id":1734574,"date":"2026-03-15T14:10:00","date_gmt":"2026-03-15T17:10:00","guid":{"rendered":"https:\/\/www.estrategiaconcursos.com.br\/blog\/?p=1734574"},"modified":"2026-03-15T16:03:54","modified_gmt":"2026-03-15T19:03:54","slug":"isencao-fiscal-sefaz-df","status":"publish","type":"post","link":"https:\/\/www.estrategiaconcursos.com.br\/blog\/isencao-fiscal-sefaz-df\/","title":{"rendered":"Isen\u00e7\u00e3o fiscal\u00a0para\u00a0SEFAZ\/DF"},"content":{"rendered":"\n<p>Ol\u00e1,&nbsp;tudo em paz?!!&nbsp;O&nbsp;intuito&nbsp;deste&nbsp;artigo&nbsp;do Estrat\u00e9gia Concursos&nbsp;\u00e9 abordar&nbsp;um&nbsp;tema bastante&nbsp;importante&nbsp;para&nbsp;a prova de&nbsp;Auditor Fiscal de&nbsp;Distrito Federal:&nbsp;<strong>isen\u00e7\u00e3o fiscal&nbsp;para&nbsp;SEFAZ\/DF<\/strong>&nbsp;de&nbsp;acordo com&nbsp;a legisla\u00e7\u00e3o&nbsp;nacional e&nbsp;local.&nbsp;<\/p>\n\n\n\n<figure class=\"wp-block-image aligncenter size-full\"><img loading=\"lazy\" decoding=\"async\" width=\"901\" height=\"472\" src=\"https:\/\/dhg1h5j42swfq.cloudfront.net\/2026\/03\/15074552\/image-87.png\" alt=\"Isen\u00e7\u00e3o fiscal\u00a0para\u00a0SEFAZ\/DF\" class=\"wp-image-1734575\" srcset=\"https:\/\/dhg1h5j42swfq.cloudfront.net\/2026\/03\/15074552\/image-87.png 901w, https:\/\/dhg1h5j42swfq.cloudfront.net\/2026\/03\/15074552\/image-87-300x157.png 300w, https:\/\/dhg1h5j42swfq.cloudfront.net\/2026\/03\/15074552\/image-87-768x402.png 768w, https:\/\/dhg1h5j42swfq.cloudfront.net\/2026\/03\/15074552\/image-87-150x79.png 150w\" sizes=\"auto, (max-width: 901px) 100vw, 901px\" \/><figcaption class=\"wp-element-caption\">Isen\u00e7\u00e3o fiscal\u00a0para\u00a0SEFAZ\/DF<\/figcaption><\/figure>\n\n\n\n<p>Estrategicamente,&nbsp;iremos&nbsp;estudar os&nbsp;seguintes t\u00f3picos:&nbsp;<\/p>\n\n\n\n<ul class=\"wp-block-list\">\n<li>Estudar\u00a0disposi\u00e7\u00f5es\u00a0normativas sobre\u00a0isen\u00e7\u00e3o fiscal\u00a0para\u00a0SEFAZ\/DF;\u00a0<\/li>\n<\/ul>\n\n\n\n<ul class=\"wp-block-list\">\n<li>Comentar\u00a0observa\u00e7\u00f5es relevantes sobre o tema;\u00a0<\/li>\n<\/ul>\n\n\n\n<ul class=\"wp-block-list\">\n<li>Conhecer\u00a0trechos da legisla\u00e7\u00e3o que podem cair na prova;\u00a0<\/li>\n<\/ul>\n\n\n\n<ul class=\"wp-block-list\">\n<li>Concluir\u00a0com considera\u00e7\u00f5es finais.\u00a0<\/li>\n<\/ul>\n\n\n\n<p>Nessa linha,\u00a0tendo como refer\u00eancia\u00a0a\u00a0<a href=\"https:\/\/www.legisweb.com.br\/legislacao\/?id=123520\" target=\"_blank\" rel=\"noreferrer noopener\">Lei n\u00ba 1.254\/1996<\/a>,\u00a0norma distrital\u00a0que\u00a0trata\u00a0do ICMS,\u00a0vamos\u00a0agora\u00a0estudar\u00a0um pouco mais sobre\u00a0isen\u00e7\u00e3o fiscal\u00a0para\u00a0SEFAZ\/DF.\u00a0<\/p>\n\n\n\n<p class=\"has-text-align-center\"><img loading=\"lazy\" decoding=\"async\" width=\"150\" height=\"113\" class=\"wp-image-1624852\" style=\"width: 150px;\" src=\"https:\/\/dhg1h5j42swfq.cloudfront.net\/2025\/08\/17000015\/atencao_03.jpg\" alt=\"aten\u00e7\u00e3o\" srcset=\"https:\/\/dhg1h5j42swfq.cloudfront.net\/2025\/08\/17000015\/atencao_03.jpg 568w, https:\/\/dhg1h5j42swfq.cloudfront.net\/2025\/08\/17000015\/atencao_03-300x226.jpg 300w, https:\/\/dhg1h5j42swfq.cloudfront.net\/2025\/08\/17000015\/atencao_03-150x113.jpg 150w\" sizes=\"auto, (max-width: 150px) 100vw, 150px\" \/><\/p>\n\n\n\n<h2 class=\"wp-block-heading\" id=\"h-isencao-fiscal-nbsp-para-nbsp-sefaz-df-nbsp\"><strong>Isen\u00e7\u00e3o fiscal&nbsp;para&nbsp;SEFAZ\/DF<\/strong>&nbsp;<\/h2>\n\n\n\n<p>De maneira resumida, tributos servem para taxar determinados eventos ou atividades, visando angariar recursos para a&nbsp;<strong>administra\u00e7\u00e3o p\u00fablica<\/strong>&nbsp;reverter para a sociedade.&nbsp;<\/p>\n\n\n\n<p>Logo, em regra, temos diversos fatos que, ap\u00f3s estarem estampados em<strong>&nbsp;norma legal<\/strong>, passam a sofrer tributa\u00e7\u00e3o sempre que aqueles fatos ocorrem, sendo&nbsp;obriga\u00e7\u00e3o&nbsp;do sujeito passivo efetuar o recolhimento para os cofres p\u00fablicos.&nbsp;<\/p>\n\n\n\n<p>No entanto, da mesma forma que a legisla\u00e7\u00e3o estabelece os casos&nbsp;em que&nbsp;h\u00e1 previs\u00e3o para tributa\u00e7\u00e3o, ela tamb\u00e9m pode elencar outras ocasi\u00f5es que est\u00e3o livres de taxa\u00e7\u00e3o, isto \u00e9, que&nbsp;<strong>n\u00e3o s\u00e3o tribut\u00e1veis&nbsp;<\/strong>por algum ou por qualquer tributo.&nbsp;<\/p>\n\n\n\n<p>Podemos citar, nesse racioc\u00ednio, as hip\u00f3teses de isen\u00e7\u00e3o,\u00a0assim como as de imunidade tribut\u00e1ria. Em ambas h\u00e1 o\u00a0<mark style=\"background-color:rgba(0, 0, 0, 0);color:#f78da7\" class=\"has-inline-color\"><strong>benef\u00edcio para o sujeito passivo da n\u00e3o\u00a0tributa\u00e7\u00e3o,<\/strong>\u00a0<\/mark>por uma garantia prevista para aquelas ocasi\u00f5es.\u00a0<\/p>\n\n\n\n<p>Cabe, neste momento,\u00a0distinguir\u00a0a<strong>\u00a0<\/strong><mark style=\"background-color:rgba(0, 0, 0, 0);color:#cf2e2e\" class=\"has-inline-color\"><strong>isen\u00e7\u00e3o e a imunidade<\/strong>,<\/mark> pois s\u00e3o temas que n\u00e3o apenas caem, mas despencam em provas da \u00e1rea fiscal, devido a sua enorme relev\u00e2ncia no \u00e2mbito\u00a0tribut\u00e1rio. Ent\u00e3o preste aten\u00e7\u00e3o aos detalhes abaixo, e\u00a0na sequ\u00eancia\u00a0aprofundaremos em isen\u00e7\u00e3o fiscal para SEFAZ\/DF!\u00a0<\/p>\n\n\n\n<p class=\"has-text-align-center\"><img loading=\"lazy\" decoding=\"async\" width=\"150\" height=\"71\" class=\"wp-image-1690448\" style=\"width: 150px;\" src=\"https:\/\/dhg1h5j42swfq.cloudfront.net\/2025\/12\/24182242\/despenca-na-prova.png\" alt=\"aten\u00e7\u00e3o\" srcset=\"https:\/\/dhg1h5j42swfq.cloudfront.net\/2025\/12\/24182242\/despenca-na-prova.png 382w, https:\/\/dhg1h5j42swfq.cloudfront.net\/2025\/12\/24182242\/despenca-na-prova-300x141.png 300w, https:\/\/dhg1h5j42swfq.cloudfront.net\/2025\/12\/24182242\/despenca-na-prova-150x71.png 150w\" sizes=\"auto, (max-width: 150px) 100vw, 150px\" \/><\/p>\n\n\n\n<p><mark style=\"background-color:#abb8c3\" class=\"has-inline-color\">Uma\u00a0<strong>imunidade tribut\u00e1ria<\/strong>\u00a0\u00e9 garantia de n\u00e3o tributa\u00e7\u00e3o que vem determinada no texto da Constitui\u00e7\u00e3o Federal de 1988 (CF\/1988), ou seja, \u00e9 um direito constitucional, e, por isso mesmo, qualquer altera\u00e7\u00e3o poderia ser feita apenas por meio de uma emenda constitucional, que tem um rito mais r\u00edgido de aprova\u00e7\u00e3o\u00a0dentro do\u00a0Congresso Nacional, sendo, dessa forma,\u00a0mais\u00a0dif\u00edcil\u00a0de ser modificada. A imunidade, costumamos dizer, ocorre desde a origem do fato, o que significa que desde o in\u00edcio aquele fato n\u00e3o \u00e9 tribut\u00e1vel, justamente\u00a0pelo direito\u00a0\u00e0 imunidade tribut\u00e1ria.\u00a0<\/mark><\/p>\n\n\n\n<p><mark style=\"background-color:#abb8c3\" class=\"has-inline-color\">J\u00e1 na<strong>\u00a0isen\u00e7\u00e3o,<\/strong>\u00a0temos que ela \u00e9 concedida por uma lei, seja federal, estadual, municipal ou distrital. Por estarmos falando agora de lei,\u00a0saiba que para alterar ou at\u00e9 extinguir uma isen\u00e7\u00e3o\u00a0\u00e9 necess\u00e1ria a aprova\u00e7\u00e3o de uma nova lei,\u00a0ou\u00a0altera\u00e7\u00e3o\u00a0daquela lei j\u00e1 existente, consumando, assim, qualquer modifica\u00e7\u00e3o na isen\u00e7\u00e3o anteriormente promulgada.\u00a0Uma lei, como voc\u00ea j\u00e1 deve saber,\u00a0possui\u00a0hierarquicamente menos for\u00e7a que a CF\/1988, e\u00a0por isso o rito para uma altera\u00e7\u00e3o \u00e9 mais facilitado que o de uma emenda constitucional.\u00a0\u00a0<\/mark><\/p>\n\n\n\n<p>Ademais, a doutrina entende que, na isen\u00e7\u00e3o, o fato chega a ser tributado, por\u00e9m, o que ocorre \u00e9 uma desobriga\u00e7\u00e3o&nbsp;de pagamento daquele tributo, devido a&nbsp;<strong>dispensa do pagamento que foi conferida pela isen\u00e7\u00e3o.<\/strong>&nbsp;<\/p>\n\n\n\n<p>Com isso, vamos\u00a0acompanhar\u00a0o que de mais relevante consta na lei 1254\/1996 sobre isen\u00e7\u00e3o fiscal para SEFAZ\/DF:\u00a0<\/p>\n\n\n\n<p class=\"has-text-align-center\"><img loading=\"lazy\" decoding=\"async\" width=\"150\" height=\"131\" class=\"wp-image-1475402\" style=\"width: 150px;\" src=\"https:\/\/dhg1h5j42swfq.cloudfront.net\/2024\/10\/13190007\/preste_mais_atencao.png\" alt=\"aten\u00e7\u00e3o\" srcset=\"https:\/\/dhg1h5j42swfq.cloudfront.net\/2024\/10\/13190007\/preste_mais_atencao.png 312w, https:\/\/dhg1h5j42swfq.cloudfront.net\/2024\/10\/13190007\/preste_mais_atencao-300x262.png 300w, https:\/\/dhg1h5j42swfq.cloudfront.net\/2024\/10\/13190007\/preste_mais_atencao-150x131.png 150w\" sizes=\"auto, (max-width: 150px) 100vw, 150px\" \/><\/p>\n\n\n\n<p>Art. 4\u00ba As isen\u00e7\u00f5es fiscais para SEFAZ\/DF referentes aos ICMS&nbsp;somente ser\u00e3o concedidas ou revogadas, nos termos da Lei Complementar n\u00ba 24, de 7 de janeiro de 1975,&nbsp;<strong>por meio de conv\u00eanios celebrados e ratificados pelas unidades federadas e pelo Distrito Federal<\/strong>, representado pelo Secret\u00e1rio de Fazenda e Planejamento.&nbsp;<\/p>\n\n\n\n<p>\u00a7 1\u00ba O disposto no caput deste artigo<strong>&nbsp;tamb\u00e9m se&nbsp;aplica:<\/strong>&nbsp;<\/p>\n\n\n\n<p>I &#8211;&nbsp;\u00e0&nbsp;redu\u00e7\u00e3o de&nbsp;<strong>base de&nbsp;c\u00e1lculo;<\/strong>&nbsp;<\/p>\n\n\n\n<p>II &#8211;&nbsp;\u00e0&nbsp;devolu\u00e7\u00e3o total ou parcial,&nbsp;<strong>condicionada ou n\u00e3o<\/strong>, direta ou indireta, do imposto a contribuinte, respons\u00e1vel ou terceiro;&nbsp;<\/p>\n\n\n\n<p>III &#8211; \u00e0 concess\u00e3o de&nbsp;<strong>cr\u00e9dito presumido;<\/strong>&nbsp;<\/p>\n\n\n\n<p>IV &#8211;&nbsp;a&nbsp;quaisquer outros incentivos ou favores fiscais ou financeiro-fiscais, concedidos com base no imposto, dos quais resulte redu\u00e7\u00e3o ou elimina\u00e7\u00e3o, direta ou indireta,&nbsp;<strong>do respectivo \u00f4nus;<\/strong>&nbsp;<\/p>\n\n\n\n<p>V &#8211;&nbsp;\u00e0s&nbsp;prorroga\u00e7\u00f5es e \u00e0s extens\u00f5es das<strong>&nbsp;isen\u00e7\u00f5es vigentes.<\/strong>&nbsp;<\/p>\n\n\n\n<p>\u00a7 2\u00ba A inobserv\u00e2ncia dos dispositivos da lei complementar citada no caput deste artigo acarretar\u00e1,&nbsp;<strong>imediata e&nbsp;cumulativamente:<\/strong>&nbsp;<\/p>\n\n\n\n<p>I &#8211;&nbsp;a&nbsp;<strong>nulidade do ato e a inefic\u00e1cia do cr\u00e9dito fiscal&nbsp;<\/strong>atribu\u00eddo ao estabelecimento recebedor da mercadoria ou servi\u00e7o;&nbsp;<\/p>\n\n\n\n<p>II &#8211;&nbsp;a&nbsp;<strong>exigibilidade do imposto n\u00e3o-pago ou devolvido<\/strong>&nbsp;e a inefic\u00e1cia da lei ou ato de que conste a dispensa do d\u00e9bito correspondente.&nbsp;<\/p>\n\n\n\n<p>Por fim, para fecharmos nosso texto sobre isen\u00e7\u00e3o fiscal para SEFAZ\/DF, leve ainda para sua prova que em n\u00e3o se verificando as condi\u00e7\u00f5es ou requisitos que legitimaram o benef\u00edcio fiscal, o imposto ser\u00e1 considerado devido<strong>\u00a0<\/strong><mark style=\"background-color:rgba(0, 0, 0, 0);color:#8ed1fc\" class=\"has-inline-color\"><strong>desde o momento em que ocorreu a opera\u00e7\u00e3o ou presta\u00e7\u00e3o<\/strong>, <\/mark>devendo ser exigido do contribuinte ou respons\u00e1vel, com os acr\u00e9scimos legais cab\u00edveis.\u00a0<\/p>\n\n\n\n<p>Passamos, portanto,&nbsp;por uma no\u00e7\u00e3o geral em rela\u00e7\u00e3o a&nbsp;isen\u00e7\u00e3o fiscal&nbsp;para&nbsp;SEFAZ\/DF, assunto&nbsp;essencial&nbsp;para o concurso de auditor fiscal deste Estado.&nbsp;<\/p>\n\n\n\n<h2 class=\"wp-block-heading\" id=\"h-consideracoes-finais-nbsp\"><strong>Considera\u00e7\u00f5es Finais<\/strong>&nbsp;<\/h2>\n\n\n\n<p>Chegamos ao final do nosso&nbsp;breve&nbsp;artigo&nbsp;sobre&nbsp;isen\u00e7\u00e3o fiscal&nbsp;para&nbsp;SEFAZ\/DF,&nbsp;e esperamos que seja muito \u00fatil para a sua prepara\u00e7\u00e3o&nbsp;e aprova\u00e7\u00e3o.&nbsp;<\/p>\n\n\n\n<p>Passar em concurso \u00e9 uma grande oportunidade para ingressar no servi\u00e7o p\u00fablico, ocupando um cargo de destaque e com remunera\u00e7\u00f5es acima da m\u00e9dia nacional, sem falar de diversos outros pontos positivos! O caminho \u00e9 \u00e1rduo, mas vale a pena o esfor\u00e7o para alcan\u00e7ar essa conquista! Por isso, siga firme com os estudos e conte conosco em sua jornada! Vamos em frente!!&nbsp;<\/p>\n\n\n\n<p><em>Lembre-se que \u00e9 essencial a&nbsp;<\/em><a href=\"https:\/\/www.estrategiaconcursos.com.br\/\" target=\"_blank\" rel=\"noreferrer noopener\"><em>leitura dos PDF\u2019s e a revis\u00e3o frequente dos conte\u00fados, para que assim os seus estudos fiquem cada vez mais avan\u00e7ados.<\/em><\/a><em>&nbsp;<\/em>&nbsp;&nbsp;<\/p>\n\n\n\n<p>Um grande abra\u00e7o e at\u00e9 mais!&nbsp;<\/p>\n\n\n\n<p class=\"has-text-align-center\"><strong>Quer saber quais ser\u00e3o os pr\u00f3ximos concursos?<\/strong>&nbsp;<\/p>\n\n\n\n<p class=\"has-text-align-center\"><strong>Confira nossos artigos!<\/strong>&nbsp;<\/p>\n\n\n\n<p class=\"has-text-align-center has-luminous-vivid-amber-background-color has-background\"><a href=\"https:\/\/www.estrategiaconcursos.com.br\/blog\/concursos-abertos\/\" target=\"_blank\" rel=\"noreferrer noopener\">Concursos abertos<\/a>&nbsp;<\/p>\n\n\n\n<p class=\"has-text-align-center has-luminous-vivid-amber-background-color has-background\"><a href=\"https:\/\/www.estrategiaconcursos.com.br\/blog\/concursos-2026\/\" target=\"_blank\" rel=\"noreferrer noopener\">Concursos 2026<\/a>&nbsp;<\/p>\n","protected":false},"excerpt":{"rendered":"<p>Ol\u00e1,&nbsp;tudo em paz?!!&nbsp;O&nbsp;intuito&nbsp;deste&nbsp;artigo&nbsp;do Estrat\u00e9gia Concursos&nbsp;\u00e9 abordar&nbsp;um&nbsp;tema bastante&nbsp;importante&nbsp;para&nbsp;a prova de&nbsp;Auditor Fiscal de&nbsp;Distrito Federal:&nbsp;isen\u00e7\u00e3o fiscal&nbsp;para&nbsp;SEFAZ\/DF&nbsp;de&nbsp;acordo com&nbsp;a legisla\u00e7\u00e3o&nbsp;nacional e&nbsp;local.&nbsp; Estrategicamente,&nbsp;iremos&nbsp;estudar os&nbsp;seguintes t\u00f3picos:&nbsp; Nessa linha,\u00a0tendo como refer\u00eancia\u00a0a\u00a0Lei n\u00ba 1.254\/1996,\u00a0norma distrital\u00a0que\u00a0trata\u00a0do ICMS,\u00a0vamos\u00a0agora\u00a0estudar\u00a0um pouco mais sobre\u00a0isen\u00e7\u00e3o fiscal\u00a0para\u00a0SEFAZ\/DF.\u00a0 Isen\u00e7\u00e3o fiscal&nbsp;para&nbsp;SEFAZ\/DF&nbsp; De maneira resumida, tributos servem para taxar determinados eventos ou atividades, visando angariar recursos para a&nbsp;administra\u00e7\u00e3o p\u00fablica&nbsp;reverter para a sociedade.&nbsp; Logo, em [&hellip;]<\/p>\n","protected":false},"author":2887,"featured_media":1734575,"comment_status":"open","ping_status":"closed","sticky":false,"template":"","format":"standard","meta":{"post_tipo":"article","footnotes":""},"categories":[1],"tags":[],"tax_estado":[],"class_list":["post-1734574","post","type-post","status-publish","format-standard","has-post-thumbnail","hentry","category-cursos-e-concursos"],"acf":[],"yoast_head":"<!-- This site is optimized with the Yoast SEO Premium plugin v27.2 (Yoast SEO v27.2) - https:\/\/yoast.com\/product\/yoast-seo-premium-wordpress\/ -->\n<title>Isen\u00e7\u00e3o fiscal\u00a0para\u00a0SEFAZ\/DF<\/title>\n<meta name=\"description\" content=\"O intuito deste artigo \u00e9 abordar um tema importante para a prova de Auditor Fiscal de Distrito Federal: isen\u00e7\u00e3o fiscal para SEFAZ\/DF.\" \/>\n<meta name=\"robots\" content=\"index, follow, max-snippet:-1, max-image-preview:large, max-video-preview:-1\" \/>\n<link rel=\"canonical\" href=\"https:\/\/www.estrategiaconcursos.com.br\/blog\/isencao-fiscal-sefaz-df\/\" \/>\n<meta property=\"og:locale\" content=\"pt_BR\" \/>\n<meta property=\"og:type\" content=\"article\" \/>\n<meta property=\"og:title\" content=\"Isen\u00e7\u00e3o fiscal\u00a0para\u00a0SEFAZ\/DF\" \/>\n<meta property=\"og:description\" content=\"O intuito deste artigo \u00e9 abordar um tema importante para a prova de Auditor Fiscal de Distrito Federal: isen\u00e7\u00e3o fiscal para SEFAZ\/DF.\" \/>\n<meta property=\"og:url\" content=\"https:\/\/www.estrategiaconcursos.com.br\/blog\/isencao-fiscal-sefaz-df\/\" \/>\n<meta property=\"og:site_name\" content=\"Estrat\u00e9gia Concursos\" \/>\n<meta property=\"article:published_time\" content=\"2026-03-15T17:10:00+00:00\" \/>\n<meta property=\"article:modified_time\" content=\"2026-03-15T19:03:54+00:00\" \/>\n<meta property=\"og:image\" content=\"https:\/\/dhg1h5j42swfq.cloudfront.net\/2026\/03\/15074552\/image-87.png\" \/>\n\t<meta property=\"og:image:width\" content=\"901\" \/>\n\t<meta property=\"og:image:height\" content=\"472\" \/>\n\t<meta property=\"og:image:type\" content=\"image\/png\" \/>\n<meta name=\"author\" content=\"F\u00e1bio Prado dos Santos Santana\" \/>\n<meta name=\"twitter:card\" content=\"summary_large_image\" \/>\n<meta name=\"twitter:creator\" content=\"@EstratConcursos\" \/>\n<meta name=\"twitter:site\" content=\"@EstratConcursos\" \/>\n<meta name=\"twitter:label1\" content=\"Escrito por\" \/>\n\t<meta name=\"twitter:data1\" content=\"F\u00e1bio Prado dos Santos Santana\" \/>\n\t<meta name=\"twitter:label2\" content=\"Est. tempo de leitura\" \/>\n\t<meta name=\"twitter:data2\" content=\"6 minutos\" \/>\n<script type=\"application\/ld+json\" class=\"yoast-schema-graph\">{\"@context\":\"https:\/\/schema.org\",\"@graph\":[{\"@type\":\"NewsArticle\",\"@id\":\"https:\/\/www.estrategiaconcursos.com.br\/blog\/isencao-fiscal-sefaz-df\/#article\",\"isPartOf\":{\"@id\":\"https:\/\/www.estrategiaconcursos.com.br\/blog\/isencao-fiscal-sefaz-df\/\"},\"author\":{\"name\":\"F\u00e1bio Prado dos Santos Santana\",\"@id\":\"https:\/\/www.estrategiaconcursos.com.br\/blog\/#\/schema\/person\/b1af3515254fed0a6861d754def3f005\"},\"headline\":\"Isen\u00e7\u00e3o fiscal\u00a0para\u00a0SEFAZ\/DF\",\"datePublished\":\"2026-03-15T17:10:00+00:00\",\"dateModified\":\"2026-03-15T19:03:54+00:00\",\"mainEntityOfPage\":{\"@id\":\"https:\/\/www.estrategiaconcursos.com.br\/blog\/isencao-fiscal-sefaz-df\/\"},\"wordCount\":1136,\"commentCount\":0,\"publisher\":{\"@id\":\"https:\/\/www.estrategiaconcursos.com.br\/blog\/#organization\"},\"image\":{\"@id\":\"https:\/\/www.estrategiaconcursos.com.br\/blog\/isencao-fiscal-sefaz-df\/#primaryimage\"},\"thumbnailUrl\":\"https:\/\/dhg1h5j42swfq.cloudfront.net\/2026\/03\/15074552\/image-87.png\",\"articleSection\":[\"Concursos P\u00fablicos\"],\"inLanguage\":\"pt-BR\",\"potentialAction\":[{\"@type\":\"CommentAction\",\"name\":\"Comment\",\"target\":[\"https:\/\/www.estrategiaconcursos.com.br\/blog\/isencao-fiscal-sefaz-df\/#respond\"]}],\"copyrightYear\":\"2026\",\"copyrightHolder\":{\"@id\":\"https:\/\/www.estrategiaconcursos.com.br\/blog\/#organization\"}},{\"@type\":\"WebPage\",\"@id\":\"https:\/\/www.estrategiaconcursos.com.br\/blog\/isencao-fiscal-sefaz-df\/\",\"url\":\"https:\/\/www.estrategiaconcursos.com.br\/blog\/isencao-fiscal-sefaz-df\/\",\"name\":\"Isen\u00e7\u00e3o fiscal\u00a0para\u00a0SEFAZ\/DF\",\"isPartOf\":{\"@id\":\"https:\/\/www.estrategiaconcursos.com.br\/blog\/#website\"},\"primaryImageOfPage\":{\"@id\":\"https:\/\/www.estrategiaconcursos.com.br\/blog\/isencao-fiscal-sefaz-df\/#primaryimage\"},\"image\":{\"@id\":\"https:\/\/www.estrategiaconcursos.com.br\/blog\/isencao-fiscal-sefaz-df\/#primaryimage\"},\"thumbnailUrl\":\"https:\/\/dhg1h5j42swfq.cloudfront.net\/2026\/03\/15074552\/image-87.png\",\"datePublished\":\"2026-03-15T17:10:00+00:00\",\"dateModified\":\"2026-03-15T19:03:54+00:00\",\"description\":\"O intuito deste artigo \u00e9 abordar um tema importante para a prova de Auditor Fiscal de Distrito Federal: isen\u00e7\u00e3o fiscal para SEFAZ\/DF.\",\"breadcrumb\":{\"@id\":\"https:\/\/www.estrategiaconcursos.com.br\/blog\/isencao-fiscal-sefaz-df\/#breadcrumb\"},\"inLanguage\":\"pt-BR\",\"potentialAction\":[{\"@type\":\"ReadAction\",\"target\":[\"https:\/\/www.estrategiaconcursos.com.br\/blog\/isencao-fiscal-sefaz-df\/\"]}]},{\"@type\":\"ImageObject\",\"inLanguage\":\"pt-BR\",\"@id\":\"https:\/\/www.estrategiaconcursos.com.br\/blog\/isencao-fiscal-sefaz-df\/#primaryimage\",\"url\":\"https:\/\/dhg1h5j42swfq.cloudfront.net\/2026\/03\/15074552\/image-87.png\",\"contentUrl\":\"https:\/\/dhg1h5j42swfq.cloudfront.net\/2026\/03\/15074552\/image-87.png\",\"width\":901,\"height\":472,\"caption\":\"Isen\u00e7\u00e3o fiscal\u00a0para\u00a0SEFAZ\/DF\"},{\"@type\":\"BreadcrumbList\",\"@id\":\"https:\/\/www.estrategiaconcursos.com.br\/blog\/isencao-fiscal-sefaz-df\/#breadcrumb\",\"itemListElement\":[{\"@type\":\"ListItem\",\"position\":1,\"name\":\"In\u00edcio\",\"item\":\"https:\/\/www.estrategiaconcursos.com.br\/blog\/\"},{\"@type\":\"ListItem\",\"position\":2,\"name\":\"Isen\u00e7\u00e3o fiscal\u00a0para\u00a0SEFAZ\/DF\"}]},{\"@type\":\"WebSite\",\"@id\":\"https:\/\/www.estrategiaconcursos.com.br\/blog\/#website\",\"url\":\"https:\/\/www.estrategiaconcursos.com.br\/blog\/\",\"name\":\"Estrat\u00e9gia Concursos\",\"description\":\"O blog da Estrat\u00e9gia Concursos traz not\u00edcias sobre concursos e artigos de professores oferecendo cursos para concursos (pdf + videaulas) no site.\",\"publisher\":{\"@id\":\"https:\/\/www.estrategiaconcursos.com.br\/blog\/#organization\"},\"potentialAction\":[{\"@type\":\"SearchAction\",\"target\":{\"@type\":\"EntryPoint\",\"urlTemplate\":\"https:\/\/www.estrategiaconcursos.com.br\/blog\/?s={search_term_string}\"},\"query-input\":{\"@type\":\"PropertyValueSpecification\",\"valueRequired\":true,\"valueName\":\"search_term_string\"}}],\"inLanguage\":\"pt-BR\"},{\"@type\":\"Organization\",\"@id\":\"https:\/\/www.estrategiaconcursos.com.br\/blog\/#organization\",\"name\":\"Estrat\u00e9gia Concursos\",\"url\":\"https:\/\/www.estrategiaconcursos.com.br\/blog\/\",\"logo\":{\"@type\":\"ImageObject\",\"inLanguage\":\"pt-BR\",\"@id\":\"https:\/\/www.estrategiaconcursos.com.br\/blog\/#\/schema\/logo\/image\/\",\"url\":\"https:\/\/dhg1h5j42swfq.cloudfront.net\/2025\/06\/03203428\/logo_concursos-1.jpg\",\"contentUrl\":\"https:\/\/dhg1h5j42swfq.cloudfront.net\/2025\/06\/03203428\/logo_concursos-1.jpg\",\"width\":230,\"height\":60,\"caption\":\"Estrat\u00e9gia Concursos\"},\"image\":{\"@id\":\"https:\/\/www.estrategiaconcursos.com.br\/blog\/#\/schema\/logo\/image\/\"},\"sameAs\":[\"https:\/\/x.com\/EstratConcursos\"]},{\"@type\":\"Person\",\"@id\":\"https:\/\/www.estrategiaconcursos.com.br\/blog\/#\/schema\/person\/b1af3515254fed0a6861d754def3f005\",\"name\":\"F\u00e1bio Prado dos Santos Santana\",\"image\":{\"@type\":\"ImageObject\",\"inLanguage\":\"pt-BR\",\"@id\":\"https:\/\/secure.gravatar.com\/avatar\/0e3399436850f804c1d7731313952ccf303887c14b1711595235048e3ec0299b?s=96&d=mm&r=g\",\"url\":\"https:\/\/secure.gravatar.com\/avatar\/0e3399436850f804c1d7731313952ccf303887c14b1711595235048e3ec0299b?s=96&d=mm&r=g\",\"contentUrl\":\"https:\/\/secure.gravatar.com\/avatar\/0e3399436850f804c1d7731313952ccf303887c14b1711595235048e3ec0299b?s=96&d=mm&r=g\",\"caption\":\"F\u00e1bio Prado dos Santos Santana\"},\"description\":\"Principais Aprova\u00e7\u00f5es em Concursos: Auditor Fiscal Tribut\u00e1rio Municipal - ISS S\u00e3o Paulo (2024); Auditor Fiscal - Receita Federal do Brasil (2023); Professor Efetivo - Universidade Federal de Sergipe (2014).\",\"url\":\"https:\/\/www.estrategiaconcursos.com.br\/blog\/author\/fabioprado-ufsgmail-com\/\"}]}<\/script>\n<!-- \/ Yoast SEO Premium plugin. -->","yoast_head_json":{"title":"Isen\u00e7\u00e3o fiscal\u00a0para\u00a0SEFAZ\/DF","description":"O intuito deste artigo \u00e9 abordar um tema importante para a prova de Auditor Fiscal de Distrito Federal: isen\u00e7\u00e3o fiscal para SEFAZ\/DF.","robots":{"index":"index","follow":"follow","max-snippet":"max-snippet:-1","max-image-preview":"max-image-preview:large","max-video-preview":"max-video-preview:-1"},"canonical":"https:\/\/www.estrategiaconcursos.com.br\/blog\/isencao-fiscal-sefaz-df\/","og_locale":"pt_BR","og_type":"article","og_title":"Isen\u00e7\u00e3o fiscal\u00a0para\u00a0SEFAZ\/DF","og_description":"O intuito deste artigo \u00e9 abordar um tema importante para a prova de Auditor Fiscal de Distrito Federal: isen\u00e7\u00e3o fiscal para SEFAZ\/DF.","og_url":"https:\/\/www.estrategiaconcursos.com.br\/blog\/isencao-fiscal-sefaz-df\/","og_site_name":"Estrat\u00e9gia Concursos","article_published_time":"2026-03-15T17:10:00+00:00","article_modified_time":"2026-03-15T19:03:54+00:00","og_image":[{"width":901,"height":472,"url":"https:\/\/dhg1h5j42swfq.cloudfront.net\/2026\/03\/15074552\/image-87.png","type":"image\/png"}],"author":"F\u00e1bio Prado dos Santos Santana","twitter_card":"summary_large_image","twitter_creator":"@EstratConcursos","twitter_site":"@EstratConcursos","twitter_misc":{"Escrito por":"F\u00e1bio Prado dos Santos Santana","Est. tempo de leitura":"6 minutos"},"schema":{"@context":"https:\/\/schema.org","@graph":[{"@type":"NewsArticle","@id":"https:\/\/www.estrategiaconcursos.com.br\/blog\/isencao-fiscal-sefaz-df\/#article","isPartOf":{"@id":"https:\/\/www.estrategiaconcursos.com.br\/blog\/isencao-fiscal-sefaz-df\/"},"author":{"name":"F\u00e1bio Prado dos Santos Santana","@id":"https:\/\/www.estrategiaconcursos.com.br\/blog\/#\/schema\/person\/b1af3515254fed0a6861d754def3f005"},"headline":"Isen\u00e7\u00e3o fiscal\u00a0para\u00a0SEFAZ\/DF","datePublished":"2026-03-15T17:10:00+00:00","dateModified":"2026-03-15T19:03:54+00:00","mainEntityOfPage":{"@id":"https:\/\/www.estrategiaconcursos.com.br\/blog\/isencao-fiscal-sefaz-df\/"},"wordCount":1136,"commentCount":0,"publisher":{"@id":"https:\/\/www.estrategiaconcursos.com.br\/blog\/#organization"},"image":{"@id":"https:\/\/www.estrategiaconcursos.com.br\/blog\/isencao-fiscal-sefaz-df\/#primaryimage"},"thumbnailUrl":"https:\/\/dhg1h5j42swfq.cloudfront.net\/2026\/03\/15074552\/image-87.png","articleSection":["Concursos P\u00fablicos"],"inLanguage":"pt-BR","potentialAction":[{"@type":"CommentAction","name":"Comment","target":["https:\/\/www.estrategiaconcursos.com.br\/blog\/isencao-fiscal-sefaz-df\/#respond"]}],"copyrightYear":"2026","copyrightHolder":{"@id":"https:\/\/www.estrategiaconcursos.com.br\/blog\/#organization"}},{"@type":"WebPage","@id":"https:\/\/www.estrategiaconcursos.com.br\/blog\/isencao-fiscal-sefaz-df\/","url":"https:\/\/www.estrategiaconcursos.com.br\/blog\/isencao-fiscal-sefaz-df\/","name":"Isen\u00e7\u00e3o fiscal\u00a0para\u00a0SEFAZ\/DF","isPartOf":{"@id":"https:\/\/www.estrategiaconcursos.com.br\/blog\/#website"},"primaryImageOfPage":{"@id":"https:\/\/www.estrategiaconcursos.com.br\/blog\/isencao-fiscal-sefaz-df\/#primaryimage"},"image":{"@id":"https:\/\/www.estrategiaconcursos.com.br\/blog\/isencao-fiscal-sefaz-df\/#primaryimage"},"thumbnailUrl":"https:\/\/dhg1h5j42swfq.cloudfront.net\/2026\/03\/15074552\/image-87.png","datePublished":"2026-03-15T17:10:00+00:00","dateModified":"2026-03-15T19:03:54+00:00","description":"O intuito deste artigo \u00e9 abordar um tema importante para a prova de Auditor Fiscal de Distrito Federal: isen\u00e7\u00e3o fiscal para SEFAZ\/DF.","breadcrumb":{"@id":"https:\/\/www.estrategiaconcursos.com.br\/blog\/isencao-fiscal-sefaz-df\/#breadcrumb"},"inLanguage":"pt-BR","potentialAction":[{"@type":"ReadAction","target":["https:\/\/www.estrategiaconcursos.com.br\/blog\/isencao-fiscal-sefaz-df\/"]}]},{"@type":"ImageObject","inLanguage":"pt-BR","@id":"https:\/\/www.estrategiaconcursos.com.br\/blog\/isencao-fiscal-sefaz-df\/#primaryimage","url":"https:\/\/dhg1h5j42swfq.cloudfront.net\/2026\/03\/15074552\/image-87.png","contentUrl":"https:\/\/dhg1h5j42swfq.cloudfront.net\/2026\/03\/15074552\/image-87.png","width":901,"height":472,"caption":"Isen\u00e7\u00e3o fiscal\u00a0para\u00a0SEFAZ\/DF"},{"@type":"BreadcrumbList","@id":"https:\/\/www.estrategiaconcursos.com.br\/blog\/isencao-fiscal-sefaz-df\/#breadcrumb","itemListElement":[{"@type":"ListItem","position":1,"name":"In\u00edcio","item":"https:\/\/www.estrategiaconcursos.com.br\/blog\/"},{"@type":"ListItem","position":2,"name":"Isen\u00e7\u00e3o fiscal\u00a0para\u00a0SEFAZ\/DF"}]},{"@type":"WebSite","@id":"https:\/\/www.estrategiaconcursos.com.br\/blog\/#website","url":"https:\/\/www.estrategiaconcursos.com.br\/blog\/","name":"Estrat\u00e9gia Concursos","description":"O blog da Estrat\u00e9gia Concursos traz not\u00edcias sobre concursos e artigos de professores oferecendo cursos para concursos (pdf + videaulas) no site.","publisher":{"@id":"https:\/\/www.estrategiaconcursos.com.br\/blog\/#organization"},"potentialAction":[{"@type":"SearchAction","target":{"@type":"EntryPoint","urlTemplate":"https:\/\/www.estrategiaconcursos.com.br\/blog\/?s={search_term_string}"},"query-input":{"@type":"PropertyValueSpecification","valueRequired":true,"valueName":"search_term_string"}}],"inLanguage":"pt-BR"},{"@type":"Organization","@id":"https:\/\/www.estrategiaconcursos.com.br\/blog\/#organization","name":"Estrat\u00e9gia Concursos","url":"https:\/\/www.estrategiaconcursos.com.br\/blog\/","logo":{"@type":"ImageObject","inLanguage":"pt-BR","@id":"https:\/\/www.estrategiaconcursos.com.br\/blog\/#\/schema\/logo\/image\/","url":"https:\/\/dhg1h5j42swfq.cloudfront.net\/2025\/06\/03203428\/logo_concursos-1.jpg","contentUrl":"https:\/\/dhg1h5j42swfq.cloudfront.net\/2025\/06\/03203428\/logo_concursos-1.jpg","width":230,"height":60,"caption":"Estrat\u00e9gia Concursos"},"image":{"@id":"https:\/\/www.estrategiaconcursos.com.br\/blog\/#\/schema\/logo\/image\/"},"sameAs":["https:\/\/x.com\/EstratConcursos"]},{"@type":"Person","@id":"https:\/\/www.estrategiaconcursos.com.br\/blog\/#\/schema\/person\/b1af3515254fed0a6861d754def3f005","name":"F\u00e1bio Prado dos Santos Santana","image":{"@type":"ImageObject","inLanguage":"pt-BR","@id":"https:\/\/secure.gravatar.com\/avatar\/0e3399436850f804c1d7731313952ccf303887c14b1711595235048e3ec0299b?s=96&d=mm&r=g","url":"https:\/\/secure.gravatar.com\/avatar\/0e3399436850f804c1d7731313952ccf303887c14b1711595235048e3ec0299b?s=96&d=mm&r=g","contentUrl":"https:\/\/secure.gravatar.com\/avatar\/0e3399436850f804c1d7731313952ccf303887c14b1711595235048e3ec0299b?s=96&d=mm&r=g","caption":"F\u00e1bio Prado dos Santos Santana"},"description":"Principais Aprova\u00e7\u00f5es em Concursos: Auditor Fiscal Tribut\u00e1rio Municipal - ISS S\u00e3o Paulo (2024); Auditor Fiscal - Receita Federal do Brasil (2023); Professor Efetivo - Universidade Federal de Sergipe (2014).","url":"https:\/\/www.estrategiaconcursos.com.br\/blog\/author\/fabioprado-ufsgmail-com\/"}]}},"_links":{"self":[{"href":"https:\/\/www.estrategiaconcursos.com.br\/blog\/wp-json\/wp\/v2\/posts\/1734574","targetHints":{"allow":["GET"]}}],"collection":[{"href":"https:\/\/www.estrategiaconcursos.com.br\/blog\/wp-json\/wp\/v2\/posts"}],"about":[{"href":"https:\/\/www.estrategiaconcursos.com.br\/blog\/wp-json\/wp\/v2\/types\/post"}],"author":[{"embeddable":true,"href":"https:\/\/www.estrategiaconcursos.com.br\/blog\/wp-json\/wp\/v2\/users\/2887"}],"replies":[{"embeddable":true,"href":"https:\/\/www.estrategiaconcursos.com.br\/blog\/wp-json\/wp\/v2\/comments?post=1734574"}],"version-history":[{"count":1,"href":"https:\/\/www.estrategiaconcursos.com.br\/blog\/wp-json\/wp\/v2\/posts\/1734574\/revisions"}],"predecessor-version":[{"id":1734576,"href":"https:\/\/www.estrategiaconcursos.com.br\/blog\/wp-json\/wp\/v2\/posts\/1734574\/revisions\/1734576"}],"wp:featuredmedia":[{"embeddable":true,"href":"https:\/\/www.estrategiaconcursos.com.br\/blog\/wp-json\/wp\/v2\/media\/1734575"}],"wp:attachment":[{"href":"https:\/\/www.estrategiaconcursos.com.br\/blog\/wp-json\/wp\/v2\/media?parent=1734574"}],"wp:term":[{"taxonomy":"category","embeddable":true,"href":"https:\/\/www.estrategiaconcursos.com.br\/blog\/wp-json\/wp\/v2\/categories?post=1734574"},{"taxonomy":"post_tag","embeddable":true,"href":"https:\/\/www.estrategiaconcursos.com.br\/blog\/wp-json\/wp\/v2\/tags?post=1734574"},{"taxonomy":"tax_estado","embeddable":true,"href":"https:\/\/www.estrategiaconcursos.com.br\/blog\/wp-json\/wp\/v2\/tax_estado?post=1734574"}],"curies":[{"name":"wp","href":"https:\/\/api.w.org\/{rel}","templated":true}]}}