{"id":1734543,"date":"2026-03-16T11:25:34","date_gmt":"2026-03-16T14:25:34","guid":{"rendered":"https:\/\/www.estrategiaconcursos.com.br\/blog\/?p=1734543"},"modified":"2026-03-16T16:36:42","modified_gmt":"2026-03-16T19:36:42","slug":"concurso-bombeiros-mg-edital-publicado-2026","status":"publish","type":"post","link":"https:\/\/www.estrategiaconcursos.com.br\/blog\/concurso-bombeiros-mg-edital-publicado-2026\/","title":{"rendered":"Edital Bombeiros MG publicado! 342 vagas e at\u00e9 R$ 11,5 mil"},"content":{"rendered":"\n<p style=\"font-size:clamp(14.642px, 0.915rem + ((1vw - 3.2px) * 0.721), 22px);\"><strong><em>Novo edital do concurso Bombeiros MG oferece oportunidades de n\u00edvel superior!<\/em><\/strong><\/p>\n\n\n\n<p>Saiu o t\u00e3o aguardado <strong>edital Bombeiros MG<\/strong> (<a href=\"https:\/\/www.estrategiaconcursos.com.br\/cursosPorConcurso\/corpo-de-bombeiros-militar-de-minas-gerais-cbm-mg\/\" target=\"_blank\" rel=\"noreferrer noopener\">Corpo de Bombeiros de Minas Gerais<\/a>) com oferta de <strong>321 vagas para Soldado e 21 para Oficial<\/strong>.<\/p>\n\n\n\n<p>As oportunidades exigem n\u00edvel superior de forma\u00e7\u00e3o. Os sal\u00e1rios iniciais variam de <strong>R$ 5.332,60 a R$ 11.547,07<\/strong>.<\/p>\n\n\n\n<p>Os interessados poder\u00e3o se candidatar entre os dias <strong>18 de maio e 17 de junho<\/strong>, no site da banca organizadora, IDECAN, ao custo de R$ 106,00 a R$ 230,00. As provas s\u00e3o previstas em <strong>19 de julho<\/strong>.<\/p>\n\n\n\n<ul class=\"wp-block-list has-cyan-bluish-gray-background-color has-background\">\n<li><strong>Edital Bombeiros MG 2026<\/strong><\/li>\n\n\n\n<li><strong>Banca (IDECAN)<\/strong>: <a href=\"https:\/\/concurso.idecan.org.br\/Concurso.aspx?ID=224\" target=\"_blank\" rel=\"noreferrer noopener\">Oficial<\/a> \/ <a href=\"https:\/\/concurso.idecan.org.br\/Concurso.aspx?ID=223\" target=\"_blank\" rel=\"noreferrer noopener\">Soldado<\/a><\/li>\n\n\n\n<li><strong>Vagas<\/strong>: 342<\/li>\n\n\n\n<li><strong>Sal\u00e1rio inicial<\/strong>: R$ 5.332,60 a R$ 11.547,07<\/li>\n\n\n\n<li><strong>Editais Bombeiros MG 2026<\/strong>: <a href=\"https:\/\/dhg1h5j42swfq.cloudfront.net\/2026\/03\/16111547\/edital-bombeiros-mg-oficial-09-2026.pdf\" target=\"_blank\" rel=\"noreferrer noopener nofollow\">Oficial<\/a> \/ <a href=\"https:\/\/dhg1h5j42swfq.cloudfront.net\/2026\/03\/16111608\/edital-bombeiros-mg-soldado-10-2026.pdf\" target=\"_blank\" rel=\"noreferrer noopener nofollow\">Soldado<\/a><\/li>\n<\/ul>\n\n\n\n<div class=\"container\" id=\"boxes\">\r\n  <div class=\"row\">\r\n\r\n    <div class=\"col-sm\">\r\n      <div class=\"banner-bombeiros-ec\" id=\"box-assinatura\">\r\n        <h2 class=\"titulo-assinatura\">Concurso Bombeiro MG<\/h2>\r\n        <p class=\"subtitulo-assinatura\">Estude para o CBM MG conosco!<\/p>\r\n        <div class=\"box-botao\">\r\n          <a class=\"btn-assinatura\" target=\"_blank\" href=\"https:\/\/www.estrategiaconcursos.com.br\/cursosPorConcurso\/corpo-de-bombeiros-militar-de-minas-gerais-cbm-mg\/\" role=\"button\" rel=\"noopener noreferrer\">VER CURSOS<\/a>\r\n        <\/div>\r\n      <\/div>\r\n     \r\n    <\/div>\r\n\r\n  <\/div>\r\n<\/div>\n\n\n\n<h2 class=\"wp-block-heading\" id=\"principais-datas\">Principais datas do concurso CBMMG<\/h2>\n\n\n\n<ul class=\"wp-block-list\">\n<li><strong>Inscri\u00e7\u00f5es:<\/strong>&nbsp;18\/05 a 17\/06<\/li>\n\n\n\n<li><strong>Isen\u00e7\u00e3o da taxa:&nbsp;<\/strong>18 a 19\/05<\/li>\n\n\n\n<li><strong>Pagamento da taxa:<\/strong>&nbsp;at\u00e9 18\/06<\/li>\n\n\n\n<li><strong>Prova:<\/strong>&nbsp;19\/07<\/li>\n<\/ul>\n\n\n\n<h2 class=\"wp-block-heading\" id=\"h-cargos-e-vagas-do-edital-bombeiros-mg\">Cargos e vagas do edital Bombeiros MG<\/h2>\n\n\n\n<p><strong>N\u00edvel superior<\/strong><\/p>\n\n\n\n<figure class=\"wp-block-table is-style-stripes\"><table class=\"has-cyan-bluish-gray-background-color has-background has-fixed-layout\"><thead><tr><th class=\"has-text-align-center\" data-align=\"center\">Cargo<\/th><th class=\"has-text-align-center\" data-align=\"center\">Vagas<\/th><th class=\"has-text-align-center\" data-align=\"center\">Sal\u00e1rio inicial<\/th><\/tr><\/thead><tbody><tr><td class=\"has-text-align-center\" data-align=\"center\">Oficial<\/td><td class=\"has-text-align-center\" data-align=\"center\">21<\/td><td class=\"has-text-align-center\" data-align=\"center\">R$ 7.506,80 &#8211; Cadete<br \/>R$ 11.547,07 &#8211; 2\u00ba Tenente (ap\u00f3s formado)<\/td><\/tr><tr><td class=\"has-text-align-center\" data-align=\"center\">Soldado<\/td><td class=\"has-text-align-center\" data-align=\"center\">321<\/td><td class=\"has-text-align-center\" data-align=\"center\">R$ 4.562,30 &#8211; durante o curso<br \/>R$ 5.332,60 &#8211; ap\u00f3s formado<\/td><\/tr><\/tbody><\/table><\/figure>\n\n\n\n<h2 class=\"wp-block-heading\" id=\"etapas\">Etapas e provas do edital Bombeiros MG<\/h2>\n\n\n\n<p>Os candidatos ser\u00e3o avaliados por meio das seguintes etapas:<\/p>\n\n\n\n<ul class=\"wp-block-list\">\n<li><strong>Prova Objetiva<\/strong> &#8211; para todos os cargos, de car\u00e1ter classificat\u00f3rio e eliminat\u00f3rio;<\/li>\n\n\n\n<li><strong>Prova de Reda\u00e7\u00e3o <\/strong>&#8211; apenas para Oficial, de car\u00e1ter classificat\u00f3rio e eliminat\u00f3rio;<\/li>\n\n\n\n<li><strong>Teste de Capacita\u00e7\u00e3o F\u00edsica (TCF) <\/strong>&#8211; para todos os cargos, de car\u00e1ter classificat\u00f3rio e eliminat\u00f3rio; e<\/li>\n\n\n\n<li><strong>Exames Admissionais<\/strong> &#8211; para todos os cargos, de car\u00e1ter eliminat\u00f3rio.<\/li>\n<\/ul>\n\n\n\n<h3 class=\"wp-block-heading\" id=\"prova-objetiva\"><strong>Prova Objetiva<\/strong><\/h3>\n\n\n\n<p>A etapa ser\u00e1 composta por 50 quest\u00f5es do tipo m\u00faltipla escolha, com quatro op\u00e7\u00f5es de resposta. Os candidatos ter\u00e3o de 4 a 5 horas para finalizar as provas.<\/p>\n\n\n\n<ul class=\"wp-block-list\">\n<li><strong>Oficial:<\/strong>\n<ul class=\"wp-block-list\">\n<li>L\u00edngua Portuguesa \u2013 05<\/li>\n\n\n\n<li>Matem\u00e1tica e Racioc\u00ednio L\u00f3gico \u2013 10<\/li>\n\n\n\n<li>Ci\u00eancias Naturais \u2013 10<\/li>\n\n\n\n<li>Ci\u00eancias Humanas \u2013 05<\/li>\n\n\n\n<li>No\u00e7\u00f5es de Direitos Humanos e Legisla\u00e7\u00e3o \u2013 10<\/li>\n\n\n\n<li>Ingl\u00eas \u2013 05<\/li>\n\n\n\n<li>Prote\u00e7\u00e3o e Defesa Civil \u2013 05<\/li>\n<\/ul>\n<\/li>\n\n\n\n<li><strong>Soldado:<\/strong>\n<ul class=\"wp-block-list\">\n<li>L\u00edngua Portuguesa \u2013 05<\/li>\n\n\n\n<li>Matem\u00e1tica e Racioc\u00ednio L\u00f3gico \u2013 10<\/li>\n\n\n\n<li>Ci\u00eancias Naturais \u2013 10<\/li>\n\n\n\n<li>Ci\u00eancias Humanas \u2013 05<\/li>\n\n\n\n<li>No\u00e7\u00f5es de Direitos Humanos e Legisla\u00e7\u00e3o \u2013 10<\/li>\n\n\n\n<li>Ingl\u00eas \u2013 05<\/li>\n\n\n\n<li>Prote\u00e7\u00e3o e Defesa Civil \u2013 05<\/li>\n<\/ul>\n<\/li>\n<\/ul>\n\n\n\n<p>Ser\u00e1 considerado aprovado o candidato que obtiver, no m\u00ednimo, 50% da pontua\u00e7\u00e3o dispon\u00edvel e pontuar, no m\u00ednimo, uma quest\u00e3o em cada disciplina. <\/p>\n\n\n\n<p>As provas ser\u00e3o aplicadas nas cidades de Belo Horizonte, Regi\u00e3o Metropolitana (RMBH), Governador Valadares, Juiz de Fora, Montes Claros, Po\u00e7os de Caldas e Uberl\u00e2ndia.<\/p>\n\n\n\n<h3 class=\"wp-block-heading\" id=\"h-prova-de-redacao\"><strong>Prova de Reda\u00e7\u00e3o<\/strong><\/h3>\n\n\n\n<p>A etapa compreende uma reda\u00e7\u00e3o de, no m\u00ednimo, 20 e, no m\u00e1ximo, 30 linhas. <\/p>\n\n\n\n<p>A prova exigir\u00e1 a produ\u00e7\u00e3o de um texto em prosa, do tipo dissertativo-argumentativo e versar\u00e1 sobre tema contempor\u00e2neo de ordem social, cient\u00edfico ou cultural de conhecimento geral.<\/p>\n\n\n\n<p>O valor m\u00e1ximo ser\u00e1 de 50,0 pontos e o candidato deve obter, no m\u00ednimo, 25,0 pontos para ser aprovado.<\/p>\n\n\n\n<figure class=\"wp-block-image aligncenter size-full\"><img loading=\"lazy\" decoding=\"async\" width=\"788\" height=\"470\" src=\"https:\/\/dhg1h5j42swfq.cloudfront.net\/2026\/03\/16113104\/criterios-redacao-bombeiros-mg.png\" alt=\"Crit\u00e9rios de avalia\u00e7\u00e3o da prova de reda\u00e7\u00e3o do edital Bombeiros MG 2026\" class=\"wp-image-1734892\" srcset=\"https:\/\/dhg1h5j42swfq.cloudfront.net\/2026\/03\/16113104\/criterios-redacao-bombeiros-mg.png 788w, https:\/\/dhg1h5j42swfq.cloudfront.net\/2026\/03\/16113104\/criterios-redacao-bombeiros-mg-300x179.png 300w, https:\/\/dhg1h5j42swfq.cloudfront.net\/2026\/03\/16113104\/criterios-redacao-bombeiros-mg-768x458.png 768w, https:\/\/dhg1h5j42swfq.cloudfront.net\/2026\/03\/16113104\/criterios-redacao-bombeiros-mg-150x89.png 150w\" sizes=\"auto, (max-width: 788px) 100vw, 788px\" \/><figcaption class=\"wp-element-caption\">Crit\u00e9rios de avalia\u00e7\u00e3o da prova de reda\u00e7\u00e3o do edital Bombeiros MG 2026<\/figcaption><\/figure>\n\n\n\n<h3 class=\"wp-block-heading\" id=\"h-teste-de-capacidade-fisica\"><strong>Teste de Capacidade F\u00edsica<\/strong><\/h3>\n\n\n\n<p>A etapa tem por objetivo avaliar a capacidade de realiza\u00e7\u00e3o de esfor\u00e7os e a resist\u00eancia \u00e0 fadiga f\u00edsica do candidato, visando a selecionar aqueles que apresentem as condi\u00e7\u00f5es necess\u00e1rias para o desempenho da profiss\u00e3o.<\/p>\n\n\n\n<p><strong>Exerc\u00edcios cobrados<\/strong><\/p>\n\n\n\n<ul class=\"wp-block-list\">\n<li>Teste de Resist\u00eancia Aer\u00f3bica &#8211; Corrida 2.400m<\/li>\n\n\n\n<li>Teste de For\u00e7a Muscular &#8211; Flex\u00e3o Abdominal<\/li>\n\n\n\n<li>Teste de Agilidade &#8211; <em>Shuttle Run<\/em><\/li>\n\n\n\n<li>Teste de For\u00e7a Muscular de Membros Superiores &#8211; Flex\u00e3o Din\u00e2mica na Barra Fixa &#8211; Masculino<\/li>\n\n\n\n<li>Teste de For\u00e7a Muscular de Membros Superiores &#8211; Flex\u00e3o Est\u00e1tica na Barra Fixa &#8211; Feminino<\/li>\n<\/ul>\n\n\n\n<figure class=\"wp-block-image aligncenter size-full\"><img loading=\"lazy\" decoding=\"async\" width=\"988\" height=\"361\" src=\"https:\/\/dhg1h5j42swfq.cloudfront.net\/2026\/03\/16113435\/taf-bombeiros-mg-2026.jpg\" alt=\"Exerc\u00edcios cobrados e crit\u00e9rios de avalia\u00e7\u00e3o do TAF\" class=\"wp-image-1734904\" srcset=\"https:\/\/dhg1h5j42swfq.cloudfront.net\/2026\/03\/16113435\/taf-bombeiros-mg-2026.jpg 988w, https:\/\/dhg1h5j42swfq.cloudfront.net\/2026\/03\/16113435\/taf-bombeiros-mg-2026-300x110.jpg 300w, https:\/\/dhg1h5j42swfq.cloudfront.net\/2026\/03\/16113435\/taf-bombeiros-mg-2026-768x281.jpg 768w, https:\/\/dhg1h5j42swfq.cloudfront.net\/2026\/03\/16113435\/taf-bombeiros-mg-2026-150x55.jpg 150w\" sizes=\"auto, (max-width: 988px) 100vw, 988px\" \/><figcaption class=\"wp-element-caption\">Exerc\u00edcios cobrados e crit\u00e9rios de avalia\u00e7\u00e3o do TAF<\/figcaption><\/figure>\n\n\n\n<p class=\"has-text-align-center has-very-light-gray-to-cyan-bluish-gray-gradient-background has-background\" style=\"font-size:clamp(15.197px, 0.95rem + ((1vw - 3.2px) * 0.765), 23px);\"><strong>Saiba mais: <a href=\"https:\/\/www.estrategiaconcursos.com.br\/blog\/concurso-bombeiros-mg\/\" target=\"_blank\" rel=\"noreferrer noopener\">concurso CBM MG 2026<\/a><\/strong><\/p>\n\n\n\n<hr class=\"wp-block-separator has-alpha-channel-opacity\"\/>\n\n\n\n<h2 class=\"wp-block-heading has-text-align-center\" id=\"h-quer-saber-tudo-sobre-concursos-previstos-confira-nossos-artigos\">Quer saber tudo sobre concursos previstos?<br \/>Confira nossos artigos!<\/h2>\n\n\n\n<ul class=\"wp-block-list\">\n<li><a href=\"https:\/\/www.estrategiaconcursos.com.br\/blog\/concursos-abertos\/\" target=\"_blank\" rel=\"noreferrer noopener\">Concursos abertos<\/a><\/li>\n\n\n\n<li><a href=\"https:\/\/www.estrategiaconcursos.com.br\/blog\/concursos-2025\/\" target=\"_blank\" rel=\"noreferrer noopener\">Concursos 2026<\/a><\/li>\n\n\n\n<li><a href=\"https:\/\/www.estrategiaconcursos.com.br\/blog\/concursos-bombeiros\/\" target=\"_blank\" rel=\"noreferrer noopener\">Concursos Bombeiros<\/a><\/li>\n<\/ul>\n\n\n\n<h2 class=\"wp-block-heading has-text-align-center\" id=\"curso\">Quer estudar para o edital Bombeiros MG?<\/h2>\n\n\n\n<div class=\"container\" id=\"boxes\">\r\n  <div class=\"row\">\r\n\r\n    <div class=\"col-sm\">\r\n      <div class=\"banner-bombeiros-ec\" id=\"box-assinatura\">\r\n        <h2 class=\"titulo-assinatura\">Concurso Bombeiro MG<\/h2>\r\n        <p class=\"subtitulo-assinatura\">Estude para o CBM MG conosco!<\/p>\r\n        <div class=\"box-botao\">\r\n          <a class=\"btn-assinatura\" target=\"_blank\" href=\"https:\/\/www.estrategiaconcursos.com.br\/cursosPorConcurso\/corpo-de-bombeiros-militar-de-minas-gerais-cbm-mg\/\" role=\"button\" rel=\"noopener noreferrer\">VER CURSOS<\/a>\r\n        <\/div>\r\n      <\/div>\r\n     \r\n    <\/div>\r\n\r\n  <\/div>\r\n<\/div>\n\n\n\n<div class=\"container\" id=\"boxes\">\n  <div class=\"row\">\n\n    <div class=\"col-sm\">\n      <div class=\"estrategia\" id=\"box-assinatura\">\n        <h3 class=\"titulo-assinatura\">Assinatura Concursos<\/h3>\n        <p class=\"subtitulo-assinatura\">Assinatura de 1 ano ou 2 anos<\/p>\n        <div class=\"box-botao\">\n          <a class=\"btn-assinatura\" target=\"_blank\" href=\"https:\/\/www.estrategiaconcursos.com.br\/assinaturas\/\" role=\"button\" rel=\"noopener noreferrer\">ASSINE AGORA<\/a>\n        <\/div>\n      <\/div>\n     \n    <\/div><\/div><\/div>\n\n\n\n<figure class=\"wp-block-image size-large is-resized\"><img loading=\"lazy\" decoding=\"async\" width=\"1024\" height=\"632\" src=\"https:\/\/dhg1h5j42swfq.cloudfront.net\/2021\/05\/12212304\/ficha-tecnica-1-1024x632-1-12.png\" alt=\"Informa\u00e7\u00f5es do edital FUNDAC PB\" class=\"wp-image-739198\" style=\"aspect-ratio:1.6203332902725747;width:244px;height:auto\" srcset=\"https:\/\/dhg1h5j42swfq.cloudfront.net\/2021\/05\/12212304\/ficha-tecnica-1-1024x632-1-12.png 1024w, https:\/\/dhg1h5j42swfq.cloudfront.net\/2021\/05\/12212304\/ficha-tecnica-1-1024x632-1-12-300x185.png 300w, https:\/\/dhg1h5j42swfq.cloudfront.net\/2021\/05\/12212304\/ficha-tecnica-1-1024x632-1-12-768x474.png 768w, https:\/\/dhg1h5j42swfq.cloudfront.net\/2021\/05\/12212304\/ficha-tecnica-1-1024x632-1-12-610x376.png 610w\" sizes=\"auto, (max-width: 1024px) 100vw, 1024px\" \/><\/figure>\n\n\n\n<h3 class=\"wp-block-heading\" id=\"ficha\">Informa\u00e7\u00f5es do edital Bombeiros MG 2026<\/h3>\n\n\n\n<ul class=\"wp-block-list\">\n<li><strong>Prova:\u00a0<\/strong>19\/07\/2026<\/li>\n\n\n\n<li><strong>Vagas:&nbsp;<\/strong>342<\/li>\n\n\n\n<li><strong>Forma\u00e7\u00e3o<\/strong>: superior<\/li>\n\n\n\n<li><strong>Banca:<\/strong> IDECAN<\/li>\n\n\n\n<li><strong>Editais Bombeiros MG 2026<\/strong>: <a href=\"https:\/\/dhg1h5j42swfq.cloudfront.net\/2026\/03\/16111547\/edital-bombeiros-mg-oficial-09-2026.pdf\" target=\"_blank\" rel=\"noreferrer noopener nofollow\">Oficial<\/a> \/ <a href=\"https:\/\/dhg1h5j42swfq.cloudfront.net\/2026\/03\/16111608\/edital-bombeiros-mg-soldado-10-2026.pdf\" target=\"_blank\" rel=\"noreferrer noopener nofollow\">Soldado<\/a><\/li>\n<\/ul>\n\n\n\n<p><\/p>\n","protected":false},"excerpt":{"rendered":"<p>Novo edital do concurso Bombeiros MG oferece oportunidades de n\u00edvel superior! Saiu o t\u00e3o aguardado edital Bombeiros MG (Corpo de Bombeiros de Minas Gerais) com oferta de 321 vagas para Soldado e 21 para Oficial. As oportunidades exigem n\u00edvel superior de forma\u00e7\u00e3o. Os sal\u00e1rios iniciais variam de R$ 5.332,60 a R$ 11.547,07. Os interessados poder\u00e3o [&hellip;]<\/p>\n","protected":false},"author":1483,"featured_media":780121,"comment_status":"open","ping_status":"closed","sticky":false,"template":"","format":"standard","meta":{"post_tipo":"news","footnotes":""},"categories":[220186,220187,220219],"tags":[],"tax_estado":[219974],"class_list":["post-1734543","post","type-post","status-publish","format-standard","has-post-thumbnail","hentry","category-policial-oficial","category-policial-pracas","category-noticias","tax_estado-mg"],"acf":[],"yoast_head":"<!-- This site is optimized with the Yoast SEO Premium plugin v27.2 (Yoast SEO v27.2) - https:\/\/yoast.com\/product\/yoast-seo-premium-wordpress\/ -->\n<title>Edital Bombeiros MG publicado! 342 vagas e at\u00e9 R$ 11,5 mil<\/title>\n<meta name=\"description\" content=\"Edital Bombeiros MG \u00e9 publicado com 342 vagas para Oficial e Soldado. Provas em julho. Acesse o site do Estrat\u00e9gia e veja os detalhes!\" \/>\n<meta name=\"robots\" content=\"index, follow, max-snippet:-1, max-image-preview:large, max-video-preview:-1\" \/>\n<link rel=\"canonical\" href=\"https:\/\/www.estrategiaconcursos.com.br\/blog\/concurso-bombeiros-mg-edital-publicado-2026\/\" \/>\n<meta property=\"og:locale\" content=\"pt_BR\" \/>\n<meta property=\"og:type\" content=\"article\" \/>\n<meta property=\"og:title\" content=\"Edital Bombeiros MG publicado! 342 vagas e at\u00e9 R$ 11,5 mil\" \/>\n<meta property=\"og:description\" content=\"Edital Bombeiros MG \u00e9 publicado com 342 vagas para Oficial e Soldado. Provas em julho. Acesse o site do Estrat\u00e9gia e veja os detalhes!\" \/>\n<meta property=\"og:url\" content=\"https:\/\/www.estrategiaconcursos.com.br\/blog\/concurso-bombeiros-mg-edital-publicado-2026\/\" \/>\n<meta property=\"og:site_name\" content=\"Estrat\u00e9gia Concursos\" \/>\n<meta property=\"article:published_time\" content=\"2026-03-16T14:25:34+00:00\" \/>\n<meta property=\"article:modified_time\" content=\"2026-03-16T19:36:42+00:00\" \/>\n<meta property=\"og:image\" content=\"https:\/\/dhg1h5j42swfq.cloudfront.net\/2021\/06\/29102441\/bombeiro-mg-1.jpg\" \/>\n\t<meta property=\"og:image:width\" content=\"768\" \/>\n\t<meta property=\"og:image:height\" content=\"432\" \/>\n\t<meta property=\"og:image:type\" content=\"image\/jpeg\" \/>\n<meta name=\"author\" content=\"Diogo Mendes\" \/>\n<meta name=\"twitter:card\" content=\"summary_large_image\" \/>\n<meta name=\"twitter:creator\" content=\"@EstratConcursos\" \/>\n<meta name=\"twitter:site\" content=\"@EstratConcursos\" \/>\n<meta name=\"twitter:label1\" content=\"Escrito por\" \/>\n\t<meta name=\"twitter:data1\" content=\"Diogo Mendes\" \/>\n\t<meta name=\"twitter:label2\" content=\"Est. tempo de leitura\" \/>\n\t<meta name=\"twitter:data2\" content=\"3 minutos\" \/>\n<script type=\"application\/ld+json\" class=\"yoast-schema-graph\">{\"@context\":\"https:\/\/schema.org\",\"@graph\":[{\"@type\":\"NewsArticle\",\"@id\":\"https:\/\/www.estrategiaconcursos.com.br\/blog\/concurso-bombeiros-mg-edital-publicado-2026\/#article\",\"isPartOf\":{\"@id\":\"https:\/\/www.estrategiaconcursos.com.br\/blog\/concurso-bombeiros-mg-edital-publicado-2026\/\"},\"author\":{\"name\":\"Diogo Mendes\",\"@id\":\"https:\/\/www.estrategiaconcursos.com.br\/blog\/#\/schema\/person\/cc9e76173880338ce9f656c88664a1f6\"},\"headline\":\"Edital Bombeiros MG publicado! 342 vagas e at\u00e9 R$ 11,5 mil\",\"datePublished\":\"2026-03-16T14:25:34+00:00\",\"dateModified\":\"2026-03-16T19:36:42+00:00\",\"mainEntityOfPage\":{\"@id\":\"https:\/\/www.estrategiaconcursos.com.br\/blog\/concurso-bombeiros-mg-edital-publicado-2026\/\"},\"wordCount\":678,\"commentCount\":0,\"publisher\":{\"@id\":\"https:\/\/www.estrategiaconcursos.com.br\/blog\/#organization\"},\"image\":{\"@id\":\"https:\/\/www.estrategiaconcursos.com.br\/blog\/concurso-bombeiros-mg-edital-publicado-2026\/#primaryimage\"},\"thumbnailUrl\":\"https:\/\/dhg1h5j42swfq.cloudfront.net\/2021\/06\/29102441\/bombeiro-mg-1.jpg\",\"articleSection\":[\"Policial (PM\/BM - Oficial)\",\"Policial (PM\/BM - Pra\u00e7as)\",\"\u00daltimas not\u00edcias\"],\"inLanguage\":\"pt-BR\",\"potentialAction\":[{\"@type\":\"CommentAction\",\"name\":\"Comment\",\"target\":[\"https:\/\/www.estrategiaconcursos.com.br\/blog\/concurso-bombeiros-mg-edital-publicado-2026\/#respond\"]}],\"copyrightYear\":\"2026\",\"copyrightHolder\":{\"@id\":\"https:\/\/www.estrategiaconcursos.com.br\/blog\/#organization\"}},{\"@type\":\"WebPage\",\"@id\":\"https:\/\/www.estrategiaconcursos.com.br\/blog\/concurso-bombeiros-mg-edital-publicado-2026\/\",\"url\":\"https:\/\/www.estrategiaconcursos.com.br\/blog\/concurso-bombeiros-mg-edital-publicado-2026\/\",\"name\":\"Edital Bombeiros MG publicado! 342 vagas e at\u00e9 R$ 11,5 mil\",\"isPartOf\":{\"@id\":\"https:\/\/www.estrategiaconcursos.com.br\/blog\/#website\"},\"primaryImageOfPage\":{\"@id\":\"https:\/\/www.estrategiaconcursos.com.br\/blog\/concurso-bombeiros-mg-edital-publicado-2026\/#primaryimage\"},\"image\":{\"@id\":\"https:\/\/www.estrategiaconcursos.com.br\/blog\/concurso-bombeiros-mg-edital-publicado-2026\/#primaryimage\"},\"thumbnailUrl\":\"https:\/\/dhg1h5j42swfq.cloudfront.net\/2021\/06\/29102441\/bombeiro-mg-1.jpg\",\"datePublished\":\"2026-03-16T14:25:34+00:00\",\"dateModified\":\"2026-03-16T19:36:42+00:00\",\"description\":\"Edital Bombeiros MG \u00e9 publicado com 342 vagas para Oficial e Soldado. Provas em julho. Acesse o site do Estrat\u00e9gia e veja os detalhes!\",\"breadcrumb\":{\"@id\":\"https:\/\/www.estrategiaconcursos.com.br\/blog\/concurso-bombeiros-mg-edital-publicado-2026\/#breadcrumb\"},\"inLanguage\":\"pt-BR\",\"potentialAction\":[{\"@type\":\"ReadAction\",\"target\":[\"https:\/\/www.estrategiaconcursos.com.br\/blog\/concurso-bombeiros-mg-edital-publicado-2026\/\"]}]},{\"@type\":\"ImageObject\",\"inLanguage\":\"pt-BR\",\"@id\":\"https:\/\/www.estrategiaconcursos.com.br\/blog\/concurso-bombeiros-mg-edital-publicado-2026\/#primaryimage\",\"url\":\"https:\/\/dhg1h5j42swfq.cloudfront.net\/2021\/06\/29102441\/bombeiro-mg-1.jpg\",\"contentUrl\":\"https:\/\/dhg1h5j42swfq.cloudfront.net\/2021\/06\/29102441\/bombeiro-mg-1.jpg\",\"width\":768,\"height\":432,\"caption\":\"concurso bombeiro mg\"},{\"@type\":\"BreadcrumbList\",\"@id\":\"https:\/\/www.estrategiaconcursos.com.br\/blog\/concurso-bombeiros-mg-edital-publicado-2026\/#breadcrumb\",\"itemListElement\":[{\"@type\":\"ListItem\",\"position\":1,\"name\":\"In\u00edcio\",\"item\":\"https:\/\/www.estrategiaconcursos.com.br\/blog\/\"},{\"@type\":\"ListItem\",\"position\":2,\"name\":\"Edital Bombeiros MG publicado! 342 vagas e at\u00e9 R$ 11,5 mil\"}]},{\"@type\":\"WebSite\",\"@id\":\"https:\/\/www.estrategiaconcursos.com.br\/blog\/#website\",\"url\":\"https:\/\/www.estrategiaconcursos.com.br\/blog\/\",\"name\":\"Estrat\u00e9gia Concursos\",\"description\":\"O blog da Estrat\u00e9gia Concursos traz not\u00edcias sobre concursos e artigos de professores oferecendo cursos para concursos (pdf + videaulas) no site.\",\"publisher\":{\"@id\":\"https:\/\/www.estrategiaconcursos.com.br\/blog\/#organization\"},\"potentialAction\":[{\"@type\":\"SearchAction\",\"target\":{\"@type\":\"EntryPoint\",\"urlTemplate\":\"https:\/\/www.estrategiaconcursos.com.br\/blog\/?s={search_term_string}\"},\"query-input\":{\"@type\":\"PropertyValueSpecification\",\"valueRequired\":true,\"valueName\":\"search_term_string\"}}],\"inLanguage\":\"pt-BR\"},{\"@type\":\"Organization\",\"@id\":\"https:\/\/www.estrategiaconcursos.com.br\/blog\/#organization\",\"name\":\"Estrat\u00e9gia Concursos\",\"url\":\"https:\/\/www.estrategiaconcursos.com.br\/blog\/\",\"logo\":{\"@type\":\"ImageObject\",\"inLanguage\":\"pt-BR\",\"@id\":\"https:\/\/www.estrategiaconcursos.com.br\/blog\/#\/schema\/logo\/image\/\",\"url\":\"https:\/\/dhg1h5j42swfq.cloudfront.net\/2025\/06\/03203428\/logo_concursos-1.jpg\",\"contentUrl\":\"https:\/\/dhg1h5j42swfq.cloudfront.net\/2025\/06\/03203428\/logo_concursos-1.jpg\",\"width\":230,\"height\":60,\"caption\":\"Estrat\u00e9gia Concursos\"},\"image\":{\"@id\":\"https:\/\/www.estrategiaconcursos.com.br\/blog\/#\/schema\/logo\/image\/\"},\"sameAs\":[\"https:\/\/x.com\/EstratConcursos\"]},{\"@type\":\"Person\",\"@id\":\"https:\/\/www.estrategiaconcursos.com.br\/blog\/#\/schema\/person\/cc9e76173880338ce9f656c88664a1f6\",\"name\":\"Diogo Mendes\",\"image\":{\"@type\":\"ImageObject\",\"inLanguage\":\"pt-BR\",\"@id\":\"https:\/\/secure.gravatar.com\/avatar\/9754d6777d460a45ef4067b586b94c32005cc2345a0404b8d96adc620cf63806?s=96&d=mm&r=g\",\"url\":\"https:\/\/secure.gravatar.com\/avatar\/9754d6777d460a45ef4067b586b94c32005cc2345a0404b8d96adc620cf63806?s=96&d=mm&r=g\",\"contentUrl\":\"https:\/\/secure.gravatar.com\/avatar\/9754d6777d460a45ef4067b586b94c32005cc2345a0404b8d96adc620cf63806?s=96&d=mm&r=g\",\"caption\":\"Diogo Mendes\"},\"description\":\"Diogo Mendes \u00e9 jornalista formado pela Universidade Paulista, com experi\u00eancia em reda\u00e7\u00f5es de diversos ve\u00edculos e na produ\u00e7\u00e3o de conte\u00fados especializados em concursos p\u00fablicos. Desde 2019, atua no Estrat\u00e9gia Concursos como Jornalista e Analista de Conte\u00fado, com foco na apura\u00e7\u00e3o de informa\u00e7\u00f5es junto a \u00f3rg\u00e3os e fontes oficiais. Dedica-se especialmente \u00e0 produ\u00e7\u00e3o de not\u00edcias e reportagens sobre Concursos Legislativos, al\u00e9m de acompanhar diariamente os concursos policiais, banc\u00e1rios e da \u00e1rea da sa\u00fade.\",\"url\":\"https:\/\/www.estrategiaconcursos.com.br\/blog\/author\/diogo-mendesestrategiaconcursos-com-br\/\"}]}<\/script>\n<!-- \/ Yoast SEO Premium plugin. -->","yoast_head_json":{"title":"Edital Bombeiros MG publicado! 342 vagas e at\u00e9 R$ 11,5 mil","description":"Edital Bombeiros MG \u00e9 publicado com 342 vagas para Oficial e Soldado. Provas em julho. Acesse o site do Estrat\u00e9gia e veja os detalhes!","robots":{"index":"index","follow":"follow","max-snippet":"max-snippet:-1","max-image-preview":"max-image-preview:large","max-video-preview":"max-video-preview:-1"},"canonical":"https:\/\/www.estrategiaconcursos.com.br\/blog\/concurso-bombeiros-mg-edital-publicado-2026\/","og_locale":"pt_BR","og_type":"article","og_title":"Edital Bombeiros MG publicado! 342 vagas e at\u00e9 R$ 11,5 mil","og_description":"Edital Bombeiros MG \u00e9 publicado com 342 vagas para Oficial e Soldado. Provas em julho. Acesse o site do Estrat\u00e9gia e veja os detalhes!","og_url":"https:\/\/www.estrategiaconcursos.com.br\/blog\/concurso-bombeiros-mg-edital-publicado-2026\/","og_site_name":"Estrat\u00e9gia Concursos","article_published_time":"2026-03-16T14:25:34+00:00","article_modified_time":"2026-03-16T19:36:42+00:00","og_image":[{"width":768,"height":432,"url":"https:\/\/dhg1h5j42swfq.cloudfront.net\/2021\/06\/29102441\/bombeiro-mg-1.jpg","type":"image\/jpeg"}],"author":"Diogo Mendes","twitter_card":"summary_large_image","twitter_creator":"@EstratConcursos","twitter_site":"@EstratConcursos","twitter_misc":{"Escrito por":"Diogo Mendes","Est. tempo de leitura":"3 minutos"},"schema":{"@context":"https:\/\/schema.org","@graph":[{"@type":"NewsArticle","@id":"https:\/\/www.estrategiaconcursos.com.br\/blog\/concurso-bombeiros-mg-edital-publicado-2026\/#article","isPartOf":{"@id":"https:\/\/www.estrategiaconcursos.com.br\/blog\/concurso-bombeiros-mg-edital-publicado-2026\/"},"author":{"name":"Diogo Mendes","@id":"https:\/\/www.estrategiaconcursos.com.br\/blog\/#\/schema\/person\/cc9e76173880338ce9f656c88664a1f6"},"headline":"Edital Bombeiros MG publicado! 342 vagas e at\u00e9 R$ 11,5 mil","datePublished":"2026-03-16T14:25:34+00:00","dateModified":"2026-03-16T19:36:42+00:00","mainEntityOfPage":{"@id":"https:\/\/www.estrategiaconcursos.com.br\/blog\/concurso-bombeiros-mg-edital-publicado-2026\/"},"wordCount":678,"commentCount":0,"publisher":{"@id":"https:\/\/www.estrategiaconcursos.com.br\/blog\/#organization"},"image":{"@id":"https:\/\/www.estrategiaconcursos.com.br\/blog\/concurso-bombeiros-mg-edital-publicado-2026\/#primaryimage"},"thumbnailUrl":"https:\/\/dhg1h5j42swfq.cloudfront.net\/2021\/06\/29102441\/bombeiro-mg-1.jpg","articleSection":["Policial (PM\/BM - Oficial)","Policial (PM\/BM - Pra\u00e7as)","\u00daltimas not\u00edcias"],"inLanguage":"pt-BR","potentialAction":[{"@type":"CommentAction","name":"Comment","target":["https:\/\/www.estrategiaconcursos.com.br\/blog\/concurso-bombeiros-mg-edital-publicado-2026\/#respond"]}],"copyrightYear":"2026","copyrightHolder":{"@id":"https:\/\/www.estrategiaconcursos.com.br\/blog\/#organization"}},{"@type":"WebPage","@id":"https:\/\/www.estrategiaconcursos.com.br\/blog\/concurso-bombeiros-mg-edital-publicado-2026\/","url":"https:\/\/www.estrategiaconcursos.com.br\/blog\/concurso-bombeiros-mg-edital-publicado-2026\/","name":"Edital Bombeiros MG publicado! 342 vagas e at\u00e9 R$ 11,5 mil","isPartOf":{"@id":"https:\/\/www.estrategiaconcursos.com.br\/blog\/#website"},"primaryImageOfPage":{"@id":"https:\/\/www.estrategiaconcursos.com.br\/blog\/concurso-bombeiros-mg-edital-publicado-2026\/#primaryimage"},"image":{"@id":"https:\/\/www.estrategiaconcursos.com.br\/blog\/concurso-bombeiros-mg-edital-publicado-2026\/#primaryimage"},"thumbnailUrl":"https:\/\/dhg1h5j42swfq.cloudfront.net\/2021\/06\/29102441\/bombeiro-mg-1.jpg","datePublished":"2026-03-16T14:25:34+00:00","dateModified":"2026-03-16T19:36:42+00:00","description":"Edital Bombeiros MG \u00e9 publicado com 342 vagas para Oficial e Soldado. Provas em julho. Acesse o site do Estrat\u00e9gia e veja os detalhes!","breadcrumb":{"@id":"https:\/\/www.estrategiaconcursos.com.br\/blog\/concurso-bombeiros-mg-edital-publicado-2026\/#breadcrumb"},"inLanguage":"pt-BR","potentialAction":[{"@type":"ReadAction","target":["https:\/\/www.estrategiaconcursos.com.br\/blog\/concurso-bombeiros-mg-edital-publicado-2026\/"]}]},{"@type":"ImageObject","inLanguage":"pt-BR","@id":"https:\/\/www.estrategiaconcursos.com.br\/blog\/concurso-bombeiros-mg-edital-publicado-2026\/#primaryimage","url":"https:\/\/dhg1h5j42swfq.cloudfront.net\/2021\/06\/29102441\/bombeiro-mg-1.jpg","contentUrl":"https:\/\/dhg1h5j42swfq.cloudfront.net\/2021\/06\/29102441\/bombeiro-mg-1.jpg","width":768,"height":432,"caption":"concurso bombeiro mg"},{"@type":"BreadcrumbList","@id":"https:\/\/www.estrategiaconcursos.com.br\/blog\/concurso-bombeiros-mg-edital-publicado-2026\/#breadcrumb","itemListElement":[{"@type":"ListItem","position":1,"name":"In\u00edcio","item":"https:\/\/www.estrategiaconcursos.com.br\/blog\/"},{"@type":"ListItem","position":2,"name":"Edital Bombeiros MG publicado! 342 vagas e at\u00e9 R$ 11,5 mil"}]},{"@type":"WebSite","@id":"https:\/\/www.estrategiaconcursos.com.br\/blog\/#website","url":"https:\/\/www.estrategiaconcursos.com.br\/blog\/","name":"Estrat\u00e9gia Concursos","description":"O blog da Estrat\u00e9gia Concursos traz not\u00edcias sobre concursos e artigos de professores oferecendo cursos para concursos (pdf + videaulas) no site.","publisher":{"@id":"https:\/\/www.estrategiaconcursos.com.br\/blog\/#organization"},"potentialAction":[{"@type":"SearchAction","target":{"@type":"EntryPoint","urlTemplate":"https:\/\/www.estrategiaconcursos.com.br\/blog\/?s={search_term_string}"},"query-input":{"@type":"PropertyValueSpecification","valueRequired":true,"valueName":"search_term_string"}}],"inLanguage":"pt-BR"},{"@type":"Organization","@id":"https:\/\/www.estrategiaconcursos.com.br\/blog\/#organization","name":"Estrat\u00e9gia Concursos","url":"https:\/\/www.estrategiaconcursos.com.br\/blog\/","logo":{"@type":"ImageObject","inLanguage":"pt-BR","@id":"https:\/\/www.estrategiaconcursos.com.br\/blog\/#\/schema\/logo\/image\/","url":"https:\/\/dhg1h5j42swfq.cloudfront.net\/2025\/06\/03203428\/logo_concursos-1.jpg","contentUrl":"https:\/\/dhg1h5j42swfq.cloudfront.net\/2025\/06\/03203428\/logo_concursos-1.jpg","width":230,"height":60,"caption":"Estrat\u00e9gia Concursos"},"image":{"@id":"https:\/\/www.estrategiaconcursos.com.br\/blog\/#\/schema\/logo\/image\/"},"sameAs":["https:\/\/x.com\/EstratConcursos"]},{"@type":"Person","@id":"https:\/\/www.estrategiaconcursos.com.br\/blog\/#\/schema\/person\/cc9e76173880338ce9f656c88664a1f6","name":"Diogo Mendes","image":{"@type":"ImageObject","inLanguage":"pt-BR","@id":"https:\/\/secure.gravatar.com\/avatar\/9754d6777d460a45ef4067b586b94c32005cc2345a0404b8d96adc620cf63806?s=96&d=mm&r=g","url":"https:\/\/secure.gravatar.com\/avatar\/9754d6777d460a45ef4067b586b94c32005cc2345a0404b8d96adc620cf63806?s=96&d=mm&r=g","contentUrl":"https:\/\/secure.gravatar.com\/avatar\/9754d6777d460a45ef4067b586b94c32005cc2345a0404b8d96adc620cf63806?s=96&d=mm&r=g","caption":"Diogo Mendes"},"description":"Diogo Mendes \u00e9 jornalista formado pela Universidade Paulista, com experi\u00eancia em reda\u00e7\u00f5es de diversos ve\u00edculos e na produ\u00e7\u00e3o de conte\u00fados especializados em concursos p\u00fablicos. Desde 2019, atua no Estrat\u00e9gia Concursos como Jornalista e Analista de Conte\u00fado, com foco na apura\u00e7\u00e3o de informa\u00e7\u00f5es junto a \u00f3rg\u00e3os e fontes oficiais. Dedica-se especialmente \u00e0 produ\u00e7\u00e3o de not\u00edcias e reportagens sobre Concursos Legislativos, al\u00e9m de acompanhar diariamente os concursos policiais, banc\u00e1rios e da \u00e1rea da sa\u00fade.","url":"https:\/\/www.estrategiaconcursos.com.br\/blog\/author\/diogo-mendesestrategiaconcursos-com-br\/"}]}},"_links":{"self":[{"href":"https:\/\/www.estrategiaconcursos.com.br\/blog\/wp-json\/wp\/v2\/posts\/1734543","targetHints":{"allow":["GET"]}}],"collection":[{"href":"https:\/\/www.estrategiaconcursos.com.br\/blog\/wp-json\/wp\/v2\/posts"}],"about":[{"href":"https:\/\/www.estrategiaconcursos.com.br\/blog\/wp-json\/wp\/v2\/types\/post"}],"author":[{"embeddable":true,"href":"https:\/\/www.estrategiaconcursos.com.br\/blog\/wp-json\/wp\/v2\/users\/1483"}],"replies":[{"embeddable":true,"href":"https:\/\/www.estrategiaconcursos.com.br\/blog\/wp-json\/wp\/v2\/comments?post=1734543"}],"version-history":[{"count":9,"href":"https:\/\/www.estrategiaconcursos.com.br\/blog\/wp-json\/wp\/v2\/posts\/1734543\/revisions"}],"predecessor-version":[{"id":1735464,"href":"https:\/\/www.estrategiaconcursos.com.br\/blog\/wp-json\/wp\/v2\/posts\/1734543\/revisions\/1735464"}],"wp:featuredmedia":[{"embeddable":true,"href":"https:\/\/www.estrategiaconcursos.com.br\/blog\/wp-json\/wp\/v2\/media\/780121"}],"wp:attachment":[{"href":"https:\/\/www.estrategiaconcursos.com.br\/blog\/wp-json\/wp\/v2\/media?parent=1734543"}],"wp:term":[{"taxonomy":"category","embeddable":true,"href":"https:\/\/www.estrategiaconcursos.com.br\/blog\/wp-json\/wp\/v2\/categories?post=1734543"},{"taxonomy":"post_tag","embeddable":true,"href":"https:\/\/www.estrategiaconcursos.com.br\/blog\/wp-json\/wp\/v2\/tags?post=1734543"},{"taxonomy":"tax_estado","embeddable":true,"href":"https:\/\/www.estrategiaconcursos.com.br\/blog\/wp-json\/wp\/v2\/tax_estado?post=1734543"}],"curies":[{"name":"wp","href":"https:\/\/api.w.org\/{rel}","templated":true}]}}