{"id":1734476,"date":"2026-03-14T10:40:57","date_gmt":"2026-03-14T13:40:57","guid":{"rendered":"https:\/\/www.estrategiaconcursos.com.br\/blog\/?p=1734476"},"modified":"2026-03-15T15:12:14","modified_gmt":"2026-03-15T18:12:14","slug":"concurso-bombeiros-mg-2026-edital-iminente","status":"publish","type":"post","link":"https:\/\/www.estrategiaconcursos.com.br\/blog\/concurso-bombeiros-mg-2026-edital-iminente\/","title":{"rendered":"Concurso Bombeiros MG ter\u00e1 edital em 16\/03. Ser\u00e3o 342 vagas!"},"content":{"rendered":"\n<p><strong><em>Novo concurso Bombeiros MG ser\u00e1 organizado pela banca IDECAN!<\/em><\/strong><\/p>\n\n\n\n<details class='resumo-estrategia-noticias'> <summary>Resumo da not\u00edcia<\/summary> <div class='content'> <ul> <li>Edital do concurso Bombeiros MG ser\u00e1 publicado em 16 de mar\u00e7o.<\/li> <li>Termo de refer\u00eancia publicado confirma a oferta total de 342 vagas para os cargos de Soldado e Oficial.<\/li> <li>Certame ser\u00e1 organizado pela banca IDECAN.<\/li> <\/ul> <\/div> <\/details>\n\n\n\n<p>\u00c9 iminente a publica\u00e7\u00e3o do edital do <strong>concurso Bombeiros MG<\/strong> (<a href=\"https:\/\/www.estrategiaconcursos.com.br\/cursosPorConcurso\/corpo-de-bombeiros-militar-de-minas-gerais-cbm-mg\/\" target=\"_blank\" rel=\"noreferrer noopener\">Corpo de Bombeiros de Minas Gerais<\/a>).<\/p>\n\n\n\n<p>Segundo informa\u00e7\u00f5es divulgadas no portal da <a href=\"https:\/\/www.agenciaminas.mg.gov.br\/noticia\/governo-do-estado-anuncia-edital-para-o-novo-concurso-do-corpo-de-bombeiros-militar-de-minas-gerais\" target=\"_blank\" rel=\"noreferrer noopener\">Ag\u00eancia Minas<\/a>, o <strong>edital ser\u00e1 publicado no dia 16 de mar\u00e7o<\/strong>, com inscri\u00e7\u00f5es abertas entre os meses de maio e junho.<\/p>\n\n\n\n<p>Recentemente, o <strong>IDECAN foi definido como banca organizadora<\/strong>. Inclusive, est\u00e1 dispon\u00edvel o <a href=\"https:\/\/www.estrategiaconcursos.com.br\/blog\/concurso-bombeiros-mg-2026-termo-referencia\/\" target=\"_blank\" rel=\"noreferrer noopener\">termo de refer\u00eancia do certame<\/a>.<\/p>\n\n\n\n<div class=\"container\" id=\"boxes\">\r\n  <div class=\"row\">\r\n\r\n    <div class=\"col-sm\">\r\n      <div class=\"banner-bombeiros-ec\" id=\"box-assinatura\">\r\n        <h3 class=\"titulo-assinatura\">Concurso Bombeiro MG<\/h3>\r\n        <p class=\"subtitulo-assinatura\">Estude para o CBM MG conosco!<\/p>\r\n        <div class=\"box-botao\">\r\n          <a class=\"btn-assinatura\" target=\"_blank\" href=\"https:\/\/www.estrategiaconcursos.com.br\/cursosPorConcurso\/corpo-de-bombeiros-militar-de-minas-gerais-cbm-mg\/\" role=\"button\" rel=\"noopener noreferrer\">VER CURSOS<\/a>\r\n        <\/div>\r\n      <\/div>\r\n     \r\n    <\/div>\r\n\r\n  <\/div>\r\n<\/div>\n\n\n\n<h2 class=\"wp-block-heading\" id=\"h-detalhes-do-termo-de-referencia-do-concurso-bombeiros-mg\">Detalhes do termo de refer\u00eancia do concurso Bombeiros MG<\/h2>\n\n\n\n<p>O documento informa que as provas ser\u00e3o realizadas em datas distintas, abrangendo diversas localidades:<\/p>\n\n\n\n<p><strong>Soldado<\/strong>: Regi\u00e3o Metropolitana de Belo Horizonte, Uberl\u00e2ndia, Juiz de Fora, Montes Claros, Governador Valadares, Po\u00e7os de Caldas, Varginha, Uberaba, Divin\u00f3polis, Ipatinga, Te\u00f3filo Otoni, Manhua\u00e7u, Paracatu e Ara\u00e7ua\u00ed.<\/p>\n\n\n\n<p><strong>Oficial<\/strong>: Regi\u00e3o Metropolitana de Belo Horizonte, Uberl\u00e2ndia, Juiz de Fora, Montes Claros, Governador Valadares e Po\u00e7os de Caldas.<\/p>\n\n\n\n<p>A banca organizadora deve produzir tr\u00eas tipos de cadernos de provas, contendo as mesmas quest\u00f5es (de m\u00faltipla escolha) e gabaritos, com distribui\u00e7\u00e3o aleat\u00f3ria.<\/p>\n\n\n\n<ul class=\"wp-block-list\">\n<li><strong>Oficial:<\/strong>\n<ul class=\"wp-block-list\">\n<li>Matem\u00e1tica e racioc\u00ednio l\u00f3gico &#8211; 10 <\/li>\n\n\n\n<li>L\u00edngua Portuguesa &#8211; 05 <\/li>\n\n\n\n<li>Ci\u00eancias Naturais (qu\u00edmica\/f\u00edsica\/biologia) &#8211; 10<\/li>\n\n\n\n<li>Ci\u00eancias Humanas. Geografia, hist\u00f3ria e atualidades &#8211; 05<\/li>\n\n\n\n<li>No\u00e7\u00f5es de Direitos Humanos e legisla\u00e7\u00e3o &#8211; 10<\/li>\n\n\n\n<li>Ingl\u00eas &#8211; 05<\/li>\n\n\n\n<li>Prote\u00e7\u00e3o e defesa civil &#8211; 05<\/li>\n<\/ul>\n<\/li>\n<\/ul>\n\n\n\n<ul class=\"wp-block-list\">\n<li><strong>Soldado:<\/strong>\n<ul class=\"wp-block-list\">\n<li>L\u00edngua Portuguesa &#8211; 05 <\/li>\n\n\n\n<li>Matem\u00e1tica e racioc\u00ednio l\u00f3gico &#8211; 10 <\/li>\n\n\n\n<li>No\u00e7\u00f5es de Direitos Humanos e legisla\u00e7\u00e3o &#8211; 10<\/li>\n\n\n\n<li>Ci\u00eancias Naturais (qu\u00edmica\/f\u00edsica\/biologia) &#8211; 10<\/li>\n\n\n\n<li>Ci\u00eancias Humanas; Hist\u00f3ria e Geografia do Brasil e de Minas Gerais: Clima, vegeta\u00e7\u00e3o, relevo, bacias hidrogr\u00e1ficas, densidade demogr\u00e1fica, divis\u00e3o em regi\u00f5es, (cachoeiras, lagos, cavernas, cultivo). Cidades hist\u00f3ricas, no\u00e7\u00f5es, tombamento, minera\u00e7\u00e3o, barragens, estrada real &#8211; 10<\/li>\n\n\n\n<li>Prote\u00e7\u00e3o e defesa civil &#8211; 05<\/li>\n<\/ul>\n<\/li>\n<\/ul>\n\n\n\n<p>Ao todo, ser\u00e3o ofertadas 342 vagas imediatas, sendo <strong>321 oportunidades para o cargo de Soldado e 21 para o cargo de Oficial<\/strong>.<\/p>\n\n\n\n<p class=\"has-text-align-center\"><em>Para mais informa\u00e7\u00f5es do concurso Bombeiros MG, acesse o link abaixo. Preparamos um artigo completo para voc\u00ea!<\/em><\/p>\n\n\n\n<p class=\"has-text-align-center has-cyan-bluish-gray-background-color has-background has-medium-font-size\"><strong>Saiba mais: <a href=\"https:\/\/www.estrategiaconcursos.com.br\/blog\/concurso-bombeiros-mg\/\" target=\"_blank\" rel=\"noreferrer noopener\">concurso Bombeiros MG<\/a><\/strong><\/p>\n\n\n\n<h2 class=\"wp-block-heading has-text-align-center\" id=\"h-quer-ficar-por-dentro-de-todos-os-concursos-confira-nossos-artigos\">Quer ficar por dentro de todos os concursos?<br \/>Confira nossos artigos:<\/h2>\n\n\n\n<ul class=\"wp-block-list\">\n<li><a href=\"https:\/\/www.estrategiaconcursos.com.br\/blog\/concursos-2026\/\" target=\"_blank\" rel=\"noreferrer noopener\">Concursos 2026<\/a><\/li>\n\n\n\n<li><a href=\"https:\/\/www.estrategiaconcursos.com.br\/blog\/concursos-abertos\/\" target=\"_blank\" rel=\"noreferrer noopener\">Concursos abertos<\/a><\/li>\n\n\n\n<li><a href=\"https:\/\/www.estrategiaconcursos.com.br\/blog\/concursos-bombeiros\/\" target=\"_blank\" rel=\"noreferrer noopener\">Concursos de bombeiros<\/a><\/li>\n<\/ul>\n\n\n\n<div class=\"container\" id=\"boxes\">\n  <div class=\"row\">\n\n    <div class=\"col-sm\">\n      <div class=\"estrategia\" id=\"box-assinatura\">\n        <h3 class=\"titulo-assinatura\">Assinatura Concursos<\/h3>\n        <p class=\"subtitulo-assinatura\">Assinatura de 1 ano ou 2 anos<\/p>\n        <div class=\"box-botao\">\n          <a class=\"btn-assinatura\" target=\"_blank\" href=\"https:\/\/www.estrategiaconcursos.com.br\/assinaturas\/\" role=\"button\" rel=\"noopener noreferrer\">ASSINE AGORA<\/a>\n        <\/div>\n      <\/div>\n     \n    <\/div><\/div><\/div>\n","protected":false},"excerpt":{"rendered":"<p>Novo concurso Bombeiros MG ser\u00e1 organizado pela banca IDECAN! Resumo da not\u00edcia Edital do concurso Bombeiros MG ser\u00e1 publicado em 16 de mar\u00e7o. Termo de refer\u00eancia publicado confirma a oferta total de 342 vagas para os cargos de Soldado e Oficial. Certame ser\u00e1 organizado pela banca IDECAN. \u00c9 iminente a publica\u00e7\u00e3o do edital do concurso [&hellip;]<\/p>\n","protected":false},"author":1483,"featured_media":780121,"comment_status":"open","ping_status":"closed","sticky":false,"template":"","format":"standard","meta":{"post_tipo":"news","footnotes":""},"categories":[220186,220187,220219],"tags":[],"tax_estado":[219974],"class_list":["post-1734476","post","type-post","status-publish","format-standard","has-post-thumbnail","hentry","category-policial-oficial","category-policial-pracas","category-noticias","tax_estado-mg"],"acf":[],"yoast_head":"<!-- This site is optimized with the Yoast SEO Premium plugin v27.2 (Yoast SEO v27.2) - https:\/\/yoast.com\/product\/yoast-seo-premium-wordpress\/ -->\n<title>Concurso Bombeiros MG ter\u00e1 edital em 16\/03. Ser\u00e3o 342 vagas!<\/title>\n<meta name=\"description\" content=\"\u00c9 iminente a publica\u00e7\u00e3o do novo edital do concurso Bombeiros MG. Acesse o site do Estrat\u00e9gia e veja os detalhes!\" \/>\n<meta name=\"robots\" content=\"index, follow, max-snippet:-1, max-image-preview:large, max-video-preview:-1\" \/>\n<link rel=\"canonical\" href=\"https:\/\/www.estrategiaconcursos.com.br\/blog\/concurso-bombeiros-mg-2026-edital-iminente\/\" \/>\n<meta property=\"og:locale\" content=\"pt_BR\" \/>\n<meta property=\"og:type\" content=\"article\" \/>\n<meta property=\"og:title\" content=\"Concurso Bombeiros MG ter\u00e1 edital em 16\/03. Ser\u00e3o 342 vagas!\" \/>\n<meta property=\"og:description\" content=\"\u00c9 iminente a publica\u00e7\u00e3o do novo edital do concurso Bombeiros MG. Acesse o site do Estrat\u00e9gia e veja os detalhes!\" \/>\n<meta property=\"og:url\" content=\"https:\/\/www.estrategiaconcursos.com.br\/blog\/concurso-bombeiros-mg-2026-edital-iminente\/\" \/>\n<meta property=\"og:site_name\" content=\"Estrat\u00e9gia Concursos\" \/>\n<meta property=\"article:published_time\" content=\"2026-03-14T13:40:57+00:00\" \/>\n<meta property=\"article:modified_time\" content=\"2026-03-15T18:12:14+00:00\" \/>\n<meta property=\"og:image\" content=\"https:\/\/dhg1h5j42swfq.cloudfront.net\/2021\/06\/29102441\/bombeiro-mg-1.jpg\" \/>\n\t<meta property=\"og:image:width\" content=\"768\" \/>\n\t<meta property=\"og:image:height\" content=\"432\" \/>\n\t<meta property=\"og:image:type\" content=\"image\/jpeg\" \/>\n<meta name=\"author\" content=\"Diogo Mendes\" \/>\n<meta name=\"twitter:card\" content=\"summary_large_image\" \/>\n<meta name=\"twitter:creator\" content=\"@EstratConcursos\" \/>\n<meta name=\"twitter:site\" content=\"@EstratConcursos\" \/>\n<meta name=\"twitter:label1\" content=\"Escrito por\" \/>\n\t<meta name=\"twitter:data1\" content=\"Diogo Mendes\" \/>\n\t<meta name=\"twitter:label2\" content=\"Est. tempo de leitura\" \/>\n\t<meta name=\"twitter:data2\" content=\"2 minutos\" \/>\n<script type=\"application\/ld+json\" class=\"yoast-schema-graph\">{\"@context\":\"https:\/\/schema.org\",\"@graph\":[{\"@type\":\"NewsArticle\",\"@id\":\"https:\/\/www.estrategiaconcursos.com.br\/blog\/concurso-bombeiros-mg-2026-edital-iminente\/#article\",\"isPartOf\":{\"@id\":\"https:\/\/www.estrategiaconcursos.com.br\/blog\/concurso-bombeiros-mg-2026-edital-iminente\/\"},\"author\":{\"name\":\"Diogo Mendes\",\"@id\":\"https:\/\/www.estrategiaconcursos.com.br\/blog\/#\/schema\/person\/cc9e76173880338ce9f656c88664a1f6\"},\"headline\":\"Concurso Bombeiros MG ter\u00e1 edital em 16\/03. Ser\u00e3o 342 vagas!\",\"datePublished\":\"2026-03-14T13:40:57+00:00\",\"dateModified\":\"2026-03-15T18:12:14+00:00\",\"mainEntityOfPage\":{\"@id\":\"https:\/\/www.estrategiaconcursos.com.br\/blog\/concurso-bombeiros-mg-2026-edital-iminente\/\"},\"wordCount\":440,\"commentCount\":0,\"publisher\":{\"@id\":\"https:\/\/www.estrategiaconcursos.com.br\/blog\/#organization\"},\"image\":{\"@id\":\"https:\/\/www.estrategiaconcursos.com.br\/blog\/concurso-bombeiros-mg-2026-edital-iminente\/#primaryimage\"},\"thumbnailUrl\":\"https:\/\/dhg1h5j42swfq.cloudfront.net\/2021\/06\/29102441\/bombeiro-mg-1.jpg\",\"articleSection\":[\"Policial (PM\/BM - Oficial)\",\"Policial (PM\/BM - Pra\u00e7as)\",\"\u00daltimas not\u00edcias\"],\"inLanguage\":\"pt-BR\",\"potentialAction\":[{\"@type\":\"CommentAction\",\"name\":\"Comment\",\"target\":[\"https:\/\/www.estrategiaconcursos.com.br\/blog\/concurso-bombeiros-mg-2026-edital-iminente\/#respond\"]}],\"copyrightYear\":\"2026\",\"copyrightHolder\":{\"@id\":\"https:\/\/www.estrategiaconcursos.com.br\/blog\/#organization\"}},{\"@type\":\"WebPage\",\"@id\":\"https:\/\/www.estrategiaconcursos.com.br\/blog\/concurso-bombeiros-mg-2026-edital-iminente\/\",\"url\":\"https:\/\/www.estrategiaconcursos.com.br\/blog\/concurso-bombeiros-mg-2026-edital-iminente\/\",\"name\":\"Concurso Bombeiros MG ter\u00e1 edital em 16\/03. Ser\u00e3o 342 vagas!\",\"isPartOf\":{\"@id\":\"https:\/\/www.estrategiaconcursos.com.br\/blog\/#website\"},\"primaryImageOfPage\":{\"@id\":\"https:\/\/www.estrategiaconcursos.com.br\/blog\/concurso-bombeiros-mg-2026-edital-iminente\/#primaryimage\"},\"image\":{\"@id\":\"https:\/\/www.estrategiaconcursos.com.br\/blog\/concurso-bombeiros-mg-2026-edital-iminente\/#primaryimage\"},\"thumbnailUrl\":\"https:\/\/dhg1h5j42swfq.cloudfront.net\/2021\/06\/29102441\/bombeiro-mg-1.jpg\",\"datePublished\":\"2026-03-14T13:40:57+00:00\",\"dateModified\":\"2026-03-15T18:12:14+00:00\",\"description\":\"\u00c9 iminente a publica\u00e7\u00e3o do novo edital do concurso Bombeiros MG. Acesse o site do Estrat\u00e9gia e veja os detalhes!\",\"breadcrumb\":{\"@id\":\"https:\/\/www.estrategiaconcursos.com.br\/blog\/concurso-bombeiros-mg-2026-edital-iminente\/#breadcrumb\"},\"inLanguage\":\"pt-BR\",\"potentialAction\":[{\"@type\":\"ReadAction\",\"target\":[\"https:\/\/www.estrategiaconcursos.com.br\/blog\/concurso-bombeiros-mg-2026-edital-iminente\/\"]}]},{\"@type\":\"ImageObject\",\"inLanguage\":\"pt-BR\",\"@id\":\"https:\/\/www.estrategiaconcursos.com.br\/blog\/concurso-bombeiros-mg-2026-edital-iminente\/#primaryimage\",\"url\":\"https:\/\/dhg1h5j42swfq.cloudfront.net\/2021\/06\/29102441\/bombeiro-mg-1.jpg\",\"contentUrl\":\"https:\/\/dhg1h5j42swfq.cloudfront.net\/2021\/06\/29102441\/bombeiro-mg-1.jpg\",\"width\":768,\"height\":432,\"caption\":\"concurso bombeiro mg\"},{\"@type\":\"BreadcrumbList\",\"@id\":\"https:\/\/www.estrategiaconcursos.com.br\/blog\/concurso-bombeiros-mg-2026-edital-iminente\/#breadcrumb\",\"itemListElement\":[{\"@type\":\"ListItem\",\"position\":1,\"name\":\"In\u00edcio\",\"item\":\"https:\/\/www.estrategiaconcursos.com.br\/blog\/\"},{\"@type\":\"ListItem\",\"position\":2,\"name\":\"Concurso Bombeiros MG ter\u00e1 edital em 16\/03. Ser\u00e3o 342 vagas!\"}]},{\"@type\":\"WebSite\",\"@id\":\"https:\/\/www.estrategiaconcursos.com.br\/blog\/#website\",\"url\":\"https:\/\/www.estrategiaconcursos.com.br\/blog\/\",\"name\":\"Estrat\u00e9gia Concursos\",\"description\":\"O blog da Estrat\u00e9gia Concursos traz not\u00edcias sobre concursos e artigos de professores oferecendo cursos para concursos (pdf + videaulas) no site.\",\"publisher\":{\"@id\":\"https:\/\/www.estrategiaconcursos.com.br\/blog\/#organization\"},\"potentialAction\":[{\"@type\":\"SearchAction\",\"target\":{\"@type\":\"EntryPoint\",\"urlTemplate\":\"https:\/\/www.estrategiaconcursos.com.br\/blog\/?s={search_term_string}\"},\"query-input\":{\"@type\":\"PropertyValueSpecification\",\"valueRequired\":true,\"valueName\":\"search_term_string\"}}],\"inLanguage\":\"pt-BR\"},{\"@type\":\"Organization\",\"@id\":\"https:\/\/www.estrategiaconcursos.com.br\/blog\/#organization\",\"name\":\"Estrat\u00e9gia Concursos\",\"url\":\"https:\/\/www.estrategiaconcursos.com.br\/blog\/\",\"logo\":{\"@type\":\"ImageObject\",\"inLanguage\":\"pt-BR\",\"@id\":\"https:\/\/www.estrategiaconcursos.com.br\/blog\/#\/schema\/logo\/image\/\",\"url\":\"https:\/\/dhg1h5j42swfq.cloudfront.net\/2025\/06\/03203428\/logo_concursos-1.jpg\",\"contentUrl\":\"https:\/\/dhg1h5j42swfq.cloudfront.net\/2025\/06\/03203428\/logo_concursos-1.jpg\",\"width\":230,\"height\":60,\"caption\":\"Estrat\u00e9gia Concursos\"},\"image\":{\"@id\":\"https:\/\/www.estrategiaconcursos.com.br\/blog\/#\/schema\/logo\/image\/\"},\"sameAs\":[\"https:\/\/x.com\/EstratConcursos\"]},{\"@type\":\"Person\",\"@id\":\"https:\/\/www.estrategiaconcursos.com.br\/blog\/#\/schema\/person\/cc9e76173880338ce9f656c88664a1f6\",\"name\":\"Diogo Mendes\",\"image\":{\"@type\":\"ImageObject\",\"inLanguage\":\"pt-BR\",\"@id\":\"https:\/\/secure.gravatar.com\/avatar\/9754d6777d460a45ef4067b586b94c32005cc2345a0404b8d96adc620cf63806?s=96&d=mm&r=g\",\"url\":\"https:\/\/secure.gravatar.com\/avatar\/9754d6777d460a45ef4067b586b94c32005cc2345a0404b8d96adc620cf63806?s=96&d=mm&r=g\",\"contentUrl\":\"https:\/\/secure.gravatar.com\/avatar\/9754d6777d460a45ef4067b586b94c32005cc2345a0404b8d96adc620cf63806?s=96&d=mm&r=g\",\"caption\":\"Diogo Mendes\"},\"description\":\"Diogo Mendes \u00e9 jornalista formado pela Universidade Paulista, com experi\u00eancia em reda\u00e7\u00f5es de diversos ve\u00edculos e na produ\u00e7\u00e3o de conte\u00fados especializados em concursos p\u00fablicos. Desde 2019, atua no Estrat\u00e9gia Concursos como Jornalista e Analista de Conte\u00fado, com foco na apura\u00e7\u00e3o de informa\u00e7\u00f5es junto a \u00f3rg\u00e3os e fontes oficiais. Dedica-se especialmente \u00e0 produ\u00e7\u00e3o de not\u00edcias e reportagens sobre Concursos Legislativos, al\u00e9m de acompanhar diariamente os concursos policiais, banc\u00e1rios e da \u00e1rea da sa\u00fade.\",\"url\":\"https:\/\/www.estrategiaconcursos.com.br\/blog\/author\/diogo-mendesestrategiaconcursos-com-br\/\"}]}<\/script>\n<!-- \/ Yoast SEO Premium plugin. -->","yoast_head_json":{"title":"Concurso Bombeiros MG ter\u00e1 edital em 16\/03. Ser\u00e3o 342 vagas!","description":"\u00c9 iminente a publica\u00e7\u00e3o do novo edital do concurso Bombeiros MG. Acesse o site do Estrat\u00e9gia e veja os detalhes!","robots":{"index":"index","follow":"follow","max-snippet":"max-snippet:-1","max-image-preview":"max-image-preview:large","max-video-preview":"max-video-preview:-1"},"canonical":"https:\/\/www.estrategiaconcursos.com.br\/blog\/concurso-bombeiros-mg-2026-edital-iminente\/","og_locale":"pt_BR","og_type":"article","og_title":"Concurso Bombeiros MG ter\u00e1 edital em 16\/03. Ser\u00e3o 342 vagas!","og_description":"\u00c9 iminente a publica\u00e7\u00e3o do novo edital do concurso Bombeiros MG. Acesse o site do Estrat\u00e9gia e veja os detalhes!","og_url":"https:\/\/www.estrategiaconcursos.com.br\/blog\/concurso-bombeiros-mg-2026-edital-iminente\/","og_site_name":"Estrat\u00e9gia Concursos","article_published_time":"2026-03-14T13:40:57+00:00","article_modified_time":"2026-03-15T18:12:14+00:00","og_image":[{"width":768,"height":432,"url":"https:\/\/dhg1h5j42swfq.cloudfront.net\/2021\/06\/29102441\/bombeiro-mg-1.jpg","type":"image\/jpeg"}],"author":"Diogo Mendes","twitter_card":"summary_large_image","twitter_creator":"@EstratConcursos","twitter_site":"@EstratConcursos","twitter_misc":{"Escrito por":"Diogo Mendes","Est. tempo de leitura":"2 minutos"},"schema":{"@context":"https:\/\/schema.org","@graph":[{"@type":"NewsArticle","@id":"https:\/\/www.estrategiaconcursos.com.br\/blog\/concurso-bombeiros-mg-2026-edital-iminente\/#article","isPartOf":{"@id":"https:\/\/www.estrategiaconcursos.com.br\/blog\/concurso-bombeiros-mg-2026-edital-iminente\/"},"author":{"name":"Diogo Mendes","@id":"https:\/\/www.estrategiaconcursos.com.br\/blog\/#\/schema\/person\/cc9e76173880338ce9f656c88664a1f6"},"headline":"Concurso Bombeiros MG ter\u00e1 edital em 16\/03. Ser\u00e3o 342 vagas!","datePublished":"2026-03-14T13:40:57+00:00","dateModified":"2026-03-15T18:12:14+00:00","mainEntityOfPage":{"@id":"https:\/\/www.estrategiaconcursos.com.br\/blog\/concurso-bombeiros-mg-2026-edital-iminente\/"},"wordCount":440,"commentCount":0,"publisher":{"@id":"https:\/\/www.estrategiaconcursos.com.br\/blog\/#organization"},"image":{"@id":"https:\/\/www.estrategiaconcursos.com.br\/blog\/concurso-bombeiros-mg-2026-edital-iminente\/#primaryimage"},"thumbnailUrl":"https:\/\/dhg1h5j42swfq.cloudfront.net\/2021\/06\/29102441\/bombeiro-mg-1.jpg","articleSection":["Policial (PM\/BM - Oficial)","Policial (PM\/BM - Pra\u00e7as)","\u00daltimas not\u00edcias"],"inLanguage":"pt-BR","potentialAction":[{"@type":"CommentAction","name":"Comment","target":["https:\/\/www.estrategiaconcursos.com.br\/blog\/concurso-bombeiros-mg-2026-edital-iminente\/#respond"]}],"copyrightYear":"2026","copyrightHolder":{"@id":"https:\/\/www.estrategiaconcursos.com.br\/blog\/#organization"}},{"@type":"WebPage","@id":"https:\/\/www.estrategiaconcursos.com.br\/blog\/concurso-bombeiros-mg-2026-edital-iminente\/","url":"https:\/\/www.estrategiaconcursos.com.br\/blog\/concurso-bombeiros-mg-2026-edital-iminente\/","name":"Concurso Bombeiros MG ter\u00e1 edital em 16\/03. Ser\u00e3o 342 vagas!","isPartOf":{"@id":"https:\/\/www.estrategiaconcursos.com.br\/blog\/#website"},"primaryImageOfPage":{"@id":"https:\/\/www.estrategiaconcursos.com.br\/blog\/concurso-bombeiros-mg-2026-edital-iminente\/#primaryimage"},"image":{"@id":"https:\/\/www.estrategiaconcursos.com.br\/blog\/concurso-bombeiros-mg-2026-edital-iminente\/#primaryimage"},"thumbnailUrl":"https:\/\/dhg1h5j42swfq.cloudfront.net\/2021\/06\/29102441\/bombeiro-mg-1.jpg","datePublished":"2026-03-14T13:40:57+00:00","dateModified":"2026-03-15T18:12:14+00:00","description":"\u00c9 iminente a publica\u00e7\u00e3o do novo edital do concurso Bombeiros MG. Acesse o site do Estrat\u00e9gia e veja os detalhes!","breadcrumb":{"@id":"https:\/\/www.estrategiaconcursos.com.br\/blog\/concurso-bombeiros-mg-2026-edital-iminente\/#breadcrumb"},"inLanguage":"pt-BR","potentialAction":[{"@type":"ReadAction","target":["https:\/\/www.estrategiaconcursos.com.br\/blog\/concurso-bombeiros-mg-2026-edital-iminente\/"]}]},{"@type":"ImageObject","inLanguage":"pt-BR","@id":"https:\/\/www.estrategiaconcursos.com.br\/blog\/concurso-bombeiros-mg-2026-edital-iminente\/#primaryimage","url":"https:\/\/dhg1h5j42swfq.cloudfront.net\/2021\/06\/29102441\/bombeiro-mg-1.jpg","contentUrl":"https:\/\/dhg1h5j42swfq.cloudfront.net\/2021\/06\/29102441\/bombeiro-mg-1.jpg","width":768,"height":432,"caption":"concurso bombeiro mg"},{"@type":"BreadcrumbList","@id":"https:\/\/www.estrategiaconcursos.com.br\/blog\/concurso-bombeiros-mg-2026-edital-iminente\/#breadcrumb","itemListElement":[{"@type":"ListItem","position":1,"name":"In\u00edcio","item":"https:\/\/www.estrategiaconcursos.com.br\/blog\/"},{"@type":"ListItem","position":2,"name":"Concurso Bombeiros MG ter\u00e1 edital em 16\/03. Ser\u00e3o 342 vagas!"}]},{"@type":"WebSite","@id":"https:\/\/www.estrategiaconcursos.com.br\/blog\/#website","url":"https:\/\/www.estrategiaconcursos.com.br\/blog\/","name":"Estrat\u00e9gia Concursos","description":"O blog da Estrat\u00e9gia Concursos traz not\u00edcias sobre concursos e artigos de professores oferecendo cursos para concursos (pdf + videaulas) no site.","publisher":{"@id":"https:\/\/www.estrategiaconcursos.com.br\/blog\/#organization"},"potentialAction":[{"@type":"SearchAction","target":{"@type":"EntryPoint","urlTemplate":"https:\/\/www.estrategiaconcursos.com.br\/blog\/?s={search_term_string}"},"query-input":{"@type":"PropertyValueSpecification","valueRequired":true,"valueName":"search_term_string"}}],"inLanguage":"pt-BR"},{"@type":"Organization","@id":"https:\/\/www.estrategiaconcursos.com.br\/blog\/#organization","name":"Estrat\u00e9gia Concursos","url":"https:\/\/www.estrategiaconcursos.com.br\/blog\/","logo":{"@type":"ImageObject","inLanguage":"pt-BR","@id":"https:\/\/www.estrategiaconcursos.com.br\/blog\/#\/schema\/logo\/image\/","url":"https:\/\/dhg1h5j42swfq.cloudfront.net\/2025\/06\/03203428\/logo_concursos-1.jpg","contentUrl":"https:\/\/dhg1h5j42swfq.cloudfront.net\/2025\/06\/03203428\/logo_concursos-1.jpg","width":230,"height":60,"caption":"Estrat\u00e9gia Concursos"},"image":{"@id":"https:\/\/www.estrategiaconcursos.com.br\/blog\/#\/schema\/logo\/image\/"},"sameAs":["https:\/\/x.com\/EstratConcursos"]},{"@type":"Person","@id":"https:\/\/www.estrategiaconcursos.com.br\/blog\/#\/schema\/person\/cc9e76173880338ce9f656c88664a1f6","name":"Diogo Mendes","image":{"@type":"ImageObject","inLanguage":"pt-BR","@id":"https:\/\/secure.gravatar.com\/avatar\/9754d6777d460a45ef4067b586b94c32005cc2345a0404b8d96adc620cf63806?s=96&d=mm&r=g","url":"https:\/\/secure.gravatar.com\/avatar\/9754d6777d460a45ef4067b586b94c32005cc2345a0404b8d96adc620cf63806?s=96&d=mm&r=g","contentUrl":"https:\/\/secure.gravatar.com\/avatar\/9754d6777d460a45ef4067b586b94c32005cc2345a0404b8d96adc620cf63806?s=96&d=mm&r=g","caption":"Diogo Mendes"},"description":"Diogo Mendes \u00e9 jornalista formado pela Universidade Paulista, com experi\u00eancia em reda\u00e7\u00f5es de diversos ve\u00edculos e na produ\u00e7\u00e3o de conte\u00fados especializados em concursos p\u00fablicos. Desde 2019, atua no Estrat\u00e9gia Concursos como Jornalista e Analista de Conte\u00fado, com foco na apura\u00e7\u00e3o de informa\u00e7\u00f5es junto a \u00f3rg\u00e3os e fontes oficiais. Dedica-se especialmente \u00e0 produ\u00e7\u00e3o de not\u00edcias e reportagens sobre Concursos Legislativos, al\u00e9m de acompanhar diariamente os concursos policiais, banc\u00e1rios e da \u00e1rea da sa\u00fade.","url":"https:\/\/www.estrategiaconcursos.com.br\/blog\/author\/diogo-mendesestrategiaconcursos-com-br\/"}]}},"_links":{"self":[{"href":"https:\/\/www.estrategiaconcursos.com.br\/blog\/wp-json\/wp\/v2\/posts\/1734476","targetHints":{"allow":["GET"]}}],"collection":[{"href":"https:\/\/www.estrategiaconcursos.com.br\/blog\/wp-json\/wp\/v2\/posts"}],"about":[{"href":"https:\/\/www.estrategiaconcursos.com.br\/blog\/wp-json\/wp\/v2\/types\/post"}],"author":[{"embeddable":true,"href":"https:\/\/www.estrategiaconcursos.com.br\/blog\/wp-json\/wp\/v2\/users\/1483"}],"replies":[{"embeddable":true,"href":"https:\/\/www.estrategiaconcursos.com.br\/blog\/wp-json\/wp\/v2\/comments?post=1734476"}],"version-history":[{"count":5,"href":"https:\/\/www.estrategiaconcursos.com.br\/blog\/wp-json\/wp\/v2\/posts\/1734476\/revisions"}],"predecessor-version":[{"id":1734618,"href":"https:\/\/www.estrategiaconcursos.com.br\/blog\/wp-json\/wp\/v2\/posts\/1734476\/revisions\/1734618"}],"wp:featuredmedia":[{"embeddable":true,"href":"https:\/\/www.estrategiaconcursos.com.br\/blog\/wp-json\/wp\/v2\/media\/780121"}],"wp:attachment":[{"href":"https:\/\/www.estrategiaconcursos.com.br\/blog\/wp-json\/wp\/v2\/media?parent=1734476"}],"wp:term":[{"taxonomy":"category","embeddable":true,"href":"https:\/\/www.estrategiaconcursos.com.br\/blog\/wp-json\/wp\/v2\/categories?post=1734476"},{"taxonomy":"post_tag","embeddable":true,"href":"https:\/\/www.estrategiaconcursos.com.br\/blog\/wp-json\/wp\/v2\/tags?post=1734476"},{"taxonomy":"tax_estado","embeddable":true,"href":"https:\/\/www.estrategiaconcursos.com.br\/blog\/wp-json\/wp\/v2\/tax_estado?post=1734476"}],"curies":[{"name":"wp","href":"https:\/\/api.w.org\/{rel}","templated":true}]}}