{"id":1734344,"date":"2026-03-13T18:09:37","date_gmt":"2026-03-13T21:09:37","guid":{"rendered":"https:\/\/www.estrategiaconcursos.com.br\/blog\/?p=1734344"},"modified":"2026-03-13T18:09:39","modified_gmt":"2026-03-13T21:09:39","slug":"concurso-prefeitura-apore","status":"publish","type":"post","link":"https:\/\/www.estrategiaconcursos.com.br\/blog\/concurso-prefeitura-apore\/","title":{"rendered":"Concurso Apor\u00e9 2026: processo seletivo ACS aberto"},"content":{"rendered":"\n<p style=\"font-size:clamp(16.293px, 1.018rem + ((1vw - 3.2px) * 0.854), 25px);\"><strong><em>A Prefeitura de Apor\u00e9 (GO) abriu novo processo seletivo em 2026 para Agente Comunit\u00e1rio de Sa\u00fade com 3 vagas e sal\u00e1rio de R$ 3.036,00. Inscri\u00e7\u00f5es at\u00e9 27 de abril com taxa de R$ 100,00.<\/em><\/strong><\/p>\n\n\n\n<p>Apor\u00e9, munic\u00edpio do sudoeste goiano situado \u00e0s margens do rio hom\u00f4nimo e pr\u00f3ximo \u00e0 divisa com Mato Grosso do Sul, mant\u00e9m uma trajet\u00f3ria de sele\u00e7\u00f5es p\u00fablicas que tem se intensificado nos \u00faltimos anos. O novo processo seletivo de 2026 \u00e9 espec\u00edfico para a \u00e1rea da sa\u00fade, visando o preenchimento de vagas estrat\u00e9gicas para o atendimento comunit\u00e1rio.<\/p>\n\n\n\n<p>Neste artigo, reunimos as informa\u00e7\u00f5es mais atualizadas sobre o processo seletivo da Prefeitura de Apor\u00e9, com dados completos do edital atual, hist\u00f3rico de certames anteriores e orienta\u00e7\u00f5es para os candidatos interessados nas oportunidades no munic\u00edpio goiano.<\/p>\n\n\n\n<ul class=\"wp-block-list has-very-light-gray-to-cyan-bluish-gray-gradient-background has-background\">\n<li><strong>Prefeitura de Apor\u00e9 <em>&#8211; <span style=\"text-decoration: underline;\">processo seletivo 2026<\/span><\/em><\/strong><\/li>\n<li><strong>Status:<\/strong> inscri\u00e7\u00f5es abertas at\u00e9 27\/04\/2026<\/li>\n<li><strong>Cargo:<\/strong> Agente Comunit\u00e1rio de Sa\u00fade<\/li>\n<li><strong>Vagas:<\/strong> 3 + 9 cadastro reserva<\/li>\n<li><strong>Sal\u00e1rio:<\/strong> R$ 3.036,00<\/li>\n<\/ul>\n\n\n\n<h2 class=\"wp-block-heading\" id=\"situacao-atual\">Situa\u00e7\u00e3o atual do concurso Prefeitura de Apor\u00e9<\/h2>\n\n\n\n<p>A Prefeitura de Apor\u00e9 (GO) est\u00e1 com processo seletivo aberto atrav\u00e9s do Edital n\u00ba 01\/2026, publicado em 24 de fevereiro de 2026. O certame \u00e9 espec\u00edfico para o cargo de Agente Comunit\u00e1rio de Sa\u00fade, com inscri\u00e7\u00f5es abertas no per\u00edodo de 27 de mar\u00e7o a 27 de abril de 2026.<\/p>\n\n\n\n<p>As inscri\u00e7\u00f5es devem ser realizadas com taxa de R$ 100,00, havendo possibilidade de isen\u00e7\u00e3o para candidatos economicamente hipossuficientes inscritos no Cad\u00danico e membros de fam\u00edlia de baixa renda. O processo seletivo \u00e9 organizado pelo Fundo Municipal de Sa\u00fade do munic\u00edpio.<\/p>\n\n\n\n<h2 class=\"wp-block-heading\" id=\"ultimo-concurso\">\u00daltimo processo seletivo Prefeitura de Apor\u00e9<\/h2>\n\n\n\n<p>O processo seletivo atual da Prefeitura de Apor\u00e9 oferece 3 vagas efetivas para Agente Comunit\u00e1rio de Sa\u00fade, distribu\u00eddas em diferentes \u00e1reas de atua\u00e7\u00e3o espec\u00edficas do munic\u00edpio, al\u00e9m de 9 vagas para cadastro reserva. O cargo exige ensino m\u00e9dio completo e resid\u00eancia obrigat\u00f3ria na \u00e1rea de atua\u00e7\u00e3o espec\u00edfica.<\/p>\n\n\n\n<p><strong>Cronograma do processo seletivo:<\/strong><\/p>\n\n\n\n<ul class=\"wp-block-list\">\n<li><strong>Inscri\u00e7\u00f5es:<\/strong> 27 de mar\u00e7o a 27 de abril de 2026<\/li>\n<li><strong>Taxa de inscri\u00e7\u00e3o:<\/strong> R$ 100,00<\/li>\n<li><strong>Prova objetiva:<\/strong> 31 de maio de 2026<\/li>\n<li><strong>Prova de t\u00edtulos:<\/strong> envio de documentos de 25 de junho a 1\u00ba de julho de 2026<\/li>\n<li><strong>Curso de forma\u00e7\u00e3o:<\/strong> 29 de julho a 29 de agosto de 2026<\/li>\n<li><strong>Resultado final:<\/strong> 2 de setembro de 2026<\/li>\n<\/ul>\n\n\n\n<p>As \u00e1reas de atua\u00e7\u00e3o espec\u00edficas s\u00e3o: Residencial Aroeira e Residencial Recanto das Flores; Alto Apor\u00e9; e Vila Ana Paula I e II. Cada \u00e1rea oferece 1 vaga efetiva e 3 para cadastro reserva, com remunera\u00e7\u00e3o de R$ 3.036,00 e carga hor\u00e1ria de 40 horas semanais.<\/p>\n\n\n\n<ul class=\"wp-block-list has-very-light-gray-to-cyan-bluish-gray-gradient-background has-background\">\n<li><strong>Processo Seletivo Apor\u00e9 2026 <em>&#8211; resumo<\/em><\/strong><\/li>\n<li><strong>Cargo:<\/strong> Agente Comunit\u00e1rio de Sa\u00fade<\/li>\n<li><strong>Vagas:<\/strong> 3 + 9 cadastro reserva<\/li>\n<li><strong>Requisitos:<\/strong> Ensino m\u00e9dio + residir na \u00e1rea espec\u00edfica<\/li>\n<li><strong>Sal\u00e1rio:<\/strong> R$ 3.036,00<\/li>\n<li><strong>Jornada:<\/strong> 40h semanais<\/li>\n<li><strong>Inscri\u00e7\u00f5es:<\/strong> 27\/03 a 27\/04\/2026<\/li>\n<li><strong>Prova:<\/strong> 31\/05\/2026<\/li>\n<\/ul>\n\n\n\n<h2 class=\"wp-block-heading\" id=\"linha-do-tempo\">Linha do tempo<\/h2>\n\n\n\n<ul class=\"wp-block-list\">\n<li><strong>2026:<\/strong> Processo Seletivo espec\u00edfico para ACS com 3 vagas e sal\u00e1rio de R$ 3.036,00;<\/li>\n<li><strong>2025:<\/strong> Processo Seletivo com 57 vagas e sal\u00e1rios at\u00e9 R$ 1.518,00;<\/li>\n<li><strong>2024:<\/strong> Concurso P\u00fablico com 76 vagas e sal\u00e1rios at\u00e9 R$ 6.977,90;<\/li>\n<li><strong>2016:<\/strong> Concurso P\u00fablico com 117 vagas e sal\u00e1rios at\u00e9 R$ 1.931,31;<\/li>\n<li><strong>Anterior:<\/strong> Processo seletivo cancelado com 48 vagas previstas.<\/li>\n<\/ul>\n\n\n\n<h2 class=\"wp-block-heading has-text-align-center\" id=\"mapa-regiao\">Veja Concursos Abertos na mesma regi\u00e3o<\/h2>\n\n\n\n<iframe src=\"https:\/\/www.estrategiaconcursos.com.br\/blog\/mapa-concursos\/embed?situacoes=Inscri%C3%A7%C3%B5es%20abertas&amp;estado=GO\" width=\"100%\" height=\"400\" style=\"border: none; display: block;\" title=\"Mapa de Concursos P\u00fablicos em Goi\u00e1s\" loading=\"lazy\"><\/iframe>\n\n\n\n<h2 class=\"wp-block-heading has-text-align-center\">Quer saber tudo sobre concursos previstos?<\/h2>\n\n\n\n<ul class=\"wp-block-list\">\n<li><a href=\"\/blog\/concursos-abertos\/\">Concursos Abertos<\/a><\/li>\n<li><a href=\"\/blog\/concursos-2026\/\">Concursos 2026<\/a><\/li>\n<li><a href=\"\/blog\/concursos-goias\/\">Concursos Goi\u00e1s<\/a><\/li>\n<\/ul>\n\n\n\n<div class=\"estrategia\" id=\"box-assinatura\">\n <h3 class=\"titulo-assinatura\">Assinatura Concursos<\/h3>\n <p class=\"subtitulo-assinatura\">Assinatura de 1 ano ou 2 anos<\/p>\n <div class=\"box-botao\">\n <a class=\"btn-assinatura\" target=\"_blank\" href=\"https:\/\/www.estrategiaconcursos.com.br\/assinaturas\/\" role=\"button\" rel=\"noopener noreferrer\">ASSINE AGORA<\/a>\n <\/div>\n<\/div>\n\n\n\n<h3 class=\"wp-block-heading\" id=\"ficha\">Informa\u00e7\u00f5es do processo seletivo atual<\/h3>\n\n\n\n<ul class=\"wp-block-list\">\n<li><strong>\u00d3rg\u00e3o:<\/strong> Munic\u00edpio de Apor\u00e9 &#8211; GO \/ Fundo Municipal de Sa\u00fade<\/li>\n<li><strong>Edital:<\/strong> n\u00ba 01\/2026<\/li>\n<li><strong>Publica\u00e7\u00e3o:<\/strong> 24 de fevereiro de 2026<\/li>\n<li><strong>Cargo:<\/strong> Agente Comunit\u00e1rio de Sa\u00fade<\/li>\n<li><strong>Vagas:<\/strong> 3 efetivas + 9 cadastro reserva<\/li>\n<li><strong>Requisitos:<\/strong> Ensino m\u00e9dio completo + residir na \u00e1rea espec\u00edfica<\/li>\n<li><strong>Remunera\u00e7\u00e3o:<\/strong> R$ 3.036,00<\/li>\n<li><strong>Carga hor\u00e1ria:<\/strong> 40 horas semanais<\/li>\n<li><strong>Regime:<\/strong> Estatut\u00e1rio<\/li>\n<li><strong>Validade:<\/strong> 2 anos, prorrog\u00e1vel por igual per\u00edodo<\/li>\n<li><strong>Etapas:<\/strong> Prova objetiva, prova de t\u00edtulos, curso de forma\u00e7\u00e3o<\/li>\n<\/ul>\n\n\n\n<h3 class=\"wp-block-heading\">Informa\u00e7\u00f5es do \u00faltimo processo seletivo (2025)<\/h3>\n\n\n\n<ul class=\"wp-block-list\">\n<li><strong>Ano:<\/strong> 2025<\/li>\n<li><strong>Vagas:<\/strong> 57 para v\u00e1rios cargos<\/li>\n<li><strong>Sal\u00e1rios:<\/strong> at\u00e9 R$ 1.518,00<\/li>\n<li><strong>Escolaridade:<\/strong> Fundamental e M\u00e9dio<\/li>\n<li><strong>Tipo:<\/strong> Processo seletivo simplificado<\/li>\n<\/ul>\n\n\n\n<h3 class=\"wp-block-heading\">Fontes consultadas<\/h3>\n\n\n\n<ul class=\"wp-block-list\">\n<li><a href=\"https:\/\/www.apore.go.gov.br\/\" target=\"_blank\" rel=\"noopener\">Site oficial da Prefeitura de Apor\u00e9<\/a><\/li>\n<li><a href=\"https:\/\/www.transparencia.apore.go.gov.br\/\" target=\"_blank\" rel=\"noopener\">Portal da Transpar\u00eancia de Apor\u00e9<\/a><\/li>\n<li>Edital n\u00ba 01\/2026 &#8211; Fundo Municipal de Sa\u00fade<\/li>\n<\/ul>\n\n\n\n<div class=\"container\" id=\"boxes\">\n <div class=\"row\">\n <div class=\"col-sm\">\n <div class=\"banner-prefeituras-ec\" id=\"box-assinatura\">\n <h2 class=\"titulo-assinatura\" style=\"text-align: left;\">Concursos Prefeituras<\/h2>\n <p class=\"subtitulo-assinatura\" style=\"text-align: left;\">Preparacao completa para a carreira!<\/p>\n <div class=\"box-botao\" style=\"text-align: left;\">\n <a class=\"btn-assinatura\" target=\"_blank\" href=\"https:\/\/www.estrategiaconcursos.com.br\/pesquisa\/?q=prefeitura+apore\" role=\"button\" rel=\"noopener noreferrer\">EXPLORAR CURSOS<\/a>\n <\/div>\n <\/div>\n <\/div>\n <\/div>\n<\/div>\n","protected":false},"excerpt":{"rendered":"<p>A Prefeitura de Apor\u00e9 (GO) abriu novo processo seletivo em 2026 para Agente Comunit\u00e1rio de Sa\u00fade com 3 vagas e sal\u00e1rio de R$ 3.036,00. Inscri\u00e7\u00f5es at\u00e9 27 de abril com taxa de R$ 100,00. Apor\u00e9, munic\u00edpio do sudoeste goiano situado \u00e0s margens do rio hom\u00f4nimo e pr\u00f3ximo \u00e0 divisa com Mato Grosso do Sul, mant\u00e9m [&hellip;]<\/p>\n","protected":false},"author":344,"featured_media":1540739,"comment_status":"open","ping_status":"closed","sticky":false,"template":"","format":"standard","meta":{"post_tipo":"news_page","footnotes":""},"categories":[222278],"tags":[],"tax_estado":[219972],"class_list":["post-1734344","post","type-post","status-publish","format-standard","has-post-thumbnail","hentry","category-prefeituras","tax_estado-go"],"acf":[],"yoast_head":"<!-- This site is optimized with the Yoast SEO Premium plugin v27.2 (Yoast SEO v27.2) - https:\/\/yoast.com\/product\/yoast-seo-premium-wordpress\/ -->\n<title>Concurso Apor\u00e9 2026: processo seletivo ACS aberto<\/title>\n<meta name=\"description\" content=\"Prefeitura de Apor\u00e9 (GO) abre processo seletivo 2026 para Agente Comunit\u00e1rio de Sa\u00fade. 3 vagas, sal\u00e1rio R$ 3.036. Inscri\u00e7\u00f5es at\u00e9 27\/04.\" \/>\n<meta name=\"robots\" content=\"index, follow, max-snippet:-1, max-image-preview:large, max-video-preview:-1\" \/>\n<link rel=\"canonical\" href=\"https:\/\/www.estrategiaconcursos.com.br\/blog\/concurso-prefeitura-apore\/\" \/>\n<meta property=\"og:locale\" content=\"pt_BR\" \/>\n<meta property=\"og:type\" content=\"article\" \/>\n<meta property=\"og:title\" content=\"Concurso Apor\u00e9 2026: processo seletivo ACS aberto\" \/>\n<meta property=\"og:description\" content=\"Prefeitura de Apor\u00e9 (GO) abre processo seletivo 2026 para Agente Comunit\u00e1rio de Sa\u00fade. 3 vagas, sal\u00e1rio R$ 3.036. Inscri\u00e7\u00f5es at\u00e9 27\/04.\" \/>\n<meta property=\"og:url\" content=\"https:\/\/www.estrategiaconcursos.com.br\/blog\/concurso-prefeitura-apore\/\" \/>\n<meta property=\"og:site_name\" content=\"Estrat\u00e9gia Concursos\" \/>\n<meta property=\"article:author\" content=\"https:\/\/www.facebook.com\/coachluiseduardo\/\" \/>\n<meta property=\"article:published_time\" content=\"2026-03-13T21:09:37+00:00\" \/>\n<meta property=\"article:modified_time\" content=\"2026-03-13T21:09:39+00:00\" \/>\n<meta property=\"og:image\" content=\"https:\/\/dhg1h5j42swfq.cloudfront.net\/2025\/03\/05201612\/concursos-prefeituras-1024x536-1.jpg\" \/>\n\t<meta property=\"og:image:width\" content=\"1024\" \/>\n\t<meta property=\"og:image:height\" content=\"536\" \/>\n\t<meta property=\"og:image:type\" content=\"image\/jpeg\" \/>\n<meta name=\"author\" content=\"Luis Eduardo\" \/>\n<meta name=\"twitter:card\" content=\"summary_large_image\" \/>\n<meta name=\"twitter:creator\" content=\"@EstratConcursos\" \/>\n<meta name=\"twitter:site\" content=\"@EstratConcursos\" \/>\n<meta name=\"twitter:label1\" content=\"Escrito por\" \/>\n\t<meta name=\"twitter:data1\" content=\"Luis Eduardo\" \/>\n\t<meta name=\"twitter:label2\" content=\"Est. tempo de leitura\" \/>\n\t<meta name=\"twitter:data2\" content=\"3 minutos\" \/>\n<script type=\"application\/ld+json\" class=\"yoast-schema-graph\">{\"@context\":\"https:\/\/schema.org\",\"@graph\":[{\"@type\":\"NewsArticle\",\"@id\":\"https:\/\/www.estrategiaconcursos.com.br\/blog\/concurso-prefeitura-apore\/#article\",\"isPartOf\":{\"@id\":\"https:\/\/www.estrategiaconcursos.com.br\/blog\/concurso-prefeitura-apore\/\"},\"author\":{\"name\":\"Luis Eduardo\",\"@id\":\"https:\/\/www.estrategiaconcursos.com.br\/blog\/#\/schema\/person\/0906ff564105056f3b05978d503ee214\"},\"headline\":\"Concurso Apor\u00e9 2026: processo seletivo ACS aberto\",\"datePublished\":\"2026-03-13T21:09:37+00:00\",\"dateModified\":\"2026-03-13T21:09:39+00:00\",\"mainEntityOfPage\":{\"@id\":\"https:\/\/www.estrategiaconcursos.com.br\/blog\/concurso-prefeitura-apore\/\"},\"wordCount\":676,\"commentCount\":0,\"publisher\":{\"@id\":\"https:\/\/www.estrategiaconcursos.com.br\/blog\/#organization\"},\"image\":{\"@id\":\"https:\/\/www.estrategiaconcursos.com.br\/blog\/concurso-prefeitura-apore\/#primaryimage\"},\"thumbnailUrl\":\"https:\/\/dhg1h5j42swfq.cloudfront.net\/2025\/03\/05201612\/concursos-prefeituras-1024x536-1.jpg\",\"articleSection\":[\"Prefeituras\"],\"inLanguage\":\"pt-BR\",\"potentialAction\":[{\"@type\":\"CommentAction\",\"name\":\"Comment\",\"target\":[\"https:\/\/www.estrategiaconcursos.com.br\/blog\/concurso-prefeitura-apore\/#respond\"]}],\"copyrightYear\":\"2026\",\"copyrightHolder\":{\"@id\":\"https:\/\/www.estrategiaconcursos.com.br\/blog\/#organization\"}},{\"@type\":\"WebPage\",\"@id\":\"https:\/\/www.estrategiaconcursos.com.br\/blog\/concurso-prefeitura-apore\/\",\"url\":\"https:\/\/www.estrategiaconcursos.com.br\/blog\/concurso-prefeitura-apore\/\",\"name\":\"Concurso Apor\u00e9 2026: processo seletivo ACS aberto\",\"isPartOf\":{\"@id\":\"https:\/\/www.estrategiaconcursos.com.br\/blog\/#website\"},\"primaryImageOfPage\":{\"@id\":\"https:\/\/www.estrategiaconcursos.com.br\/blog\/concurso-prefeitura-apore\/#primaryimage\"},\"image\":{\"@id\":\"https:\/\/www.estrategiaconcursos.com.br\/blog\/concurso-prefeitura-apore\/#primaryimage\"},\"thumbnailUrl\":\"https:\/\/dhg1h5j42swfq.cloudfront.net\/2025\/03\/05201612\/concursos-prefeituras-1024x536-1.jpg\",\"datePublished\":\"2026-03-13T21:09:37+00:00\",\"dateModified\":\"2026-03-13T21:09:39+00:00\",\"description\":\"Prefeitura de Apor\u00e9 (GO) abre processo seletivo 2026 para Agente Comunit\u00e1rio de Sa\u00fade. 3 vagas, sal\u00e1rio R$ 3.036. Inscri\u00e7\u00f5es at\u00e9 27\/04.\",\"breadcrumb\":{\"@id\":\"https:\/\/www.estrategiaconcursos.com.br\/blog\/concurso-prefeitura-apore\/#breadcrumb\"},\"inLanguage\":\"pt-BR\",\"potentialAction\":[{\"@type\":\"ReadAction\",\"target\":[\"https:\/\/www.estrategiaconcursos.com.br\/blog\/concurso-prefeitura-apore\/\"]}]},{\"@type\":\"ImageObject\",\"inLanguage\":\"pt-BR\",\"@id\":\"https:\/\/www.estrategiaconcursos.com.br\/blog\/concurso-prefeitura-apore\/#primaryimage\",\"url\":\"https:\/\/dhg1h5j42swfq.cloudfront.net\/2025\/03\/05201612\/concursos-prefeituras-1024x536-1.jpg\",\"contentUrl\":\"https:\/\/dhg1h5j42swfq.cloudfront.net\/2025\/03\/05201612\/concursos-prefeituras-1024x536-1.jpg\",\"width\":1024,\"height\":536,\"caption\":\"Concurso Lagoa da Prata MG\"},{\"@type\":\"BreadcrumbList\",\"@id\":\"https:\/\/www.estrategiaconcursos.com.br\/blog\/concurso-prefeitura-apore\/#breadcrumb\",\"itemListElement\":[{\"@type\":\"ListItem\",\"position\":1,\"name\":\"In\u00edcio\",\"item\":\"https:\/\/www.estrategiaconcursos.com.br\/blog\/\"},{\"@type\":\"ListItem\",\"position\":2,\"name\":\"Concurso Apor\u00e9 2026: processo seletivo ACS aberto\"}]},{\"@type\":\"WebSite\",\"@id\":\"https:\/\/www.estrategiaconcursos.com.br\/blog\/#website\",\"url\":\"https:\/\/www.estrategiaconcursos.com.br\/blog\/\",\"name\":\"Estrat\u00e9gia Concursos\",\"description\":\"O blog da Estrat\u00e9gia Concursos traz not\u00edcias sobre concursos e artigos de professores oferecendo cursos para concursos (pdf + videaulas) no site.\",\"publisher\":{\"@id\":\"https:\/\/www.estrategiaconcursos.com.br\/blog\/#organization\"},\"potentialAction\":[{\"@type\":\"SearchAction\",\"target\":{\"@type\":\"EntryPoint\",\"urlTemplate\":\"https:\/\/www.estrategiaconcursos.com.br\/blog\/?s={search_term_string}\"},\"query-input\":{\"@type\":\"PropertyValueSpecification\",\"valueRequired\":true,\"valueName\":\"search_term_string\"}}],\"inLanguage\":\"pt-BR\"},{\"@type\":\"Organization\",\"@id\":\"https:\/\/www.estrategiaconcursos.com.br\/blog\/#organization\",\"name\":\"Estrat\u00e9gia Concursos\",\"url\":\"https:\/\/www.estrategiaconcursos.com.br\/blog\/\",\"logo\":{\"@type\":\"ImageObject\",\"inLanguage\":\"pt-BR\",\"@id\":\"https:\/\/www.estrategiaconcursos.com.br\/blog\/#\/schema\/logo\/image\/\",\"url\":\"https:\/\/dhg1h5j42swfq.cloudfront.net\/2025\/06\/03203428\/logo_concursos-1.jpg\",\"contentUrl\":\"https:\/\/dhg1h5j42swfq.cloudfront.net\/2025\/06\/03203428\/logo_concursos-1.jpg\",\"width\":230,\"height\":60,\"caption\":\"Estrat\u00e9gia Concursos\"},\"image\":{\"@id\":\"https:\/\/www.estrategiaconcursos.com.br\/blog\/#\/schema\/logo\/image\/\"},\"sameAs\":[\"https:\/\/x.com\/EstratConcursos\"]},{\"@type\":\"Person\",\"@id\":\"https:\/\/www.estrategiaconcursos.com.br\/blog\/#\/schema\/person\/0906ff564105056f3b05978d503ee214\",\"name\":\"Luis Eduardo\",\"image\":{\"@type\":\"ImageObject\",\"inLanguage\":\"pt-BR\",\"@id\":\"https:\/\/secure.gravatar.com\/avatar\/3ce09d3c01f86018c4f3b15b9e6389f2ac325bc19863fdb79cd37fefb38517d1?s=96&d=mm&r=g\",\"url\":\"https:\/\/secure.gravatar.com\/avatar\/3ce09d3c01f86018c4f3b15b9e6389f2ac325bc19863fdb79cd37fefb38517d1?s=96&d=mm&r=g\",\"contentUrl\":\"https:\/\/secure.gravatar.com\/avatar\/3ce09d3c01f86018c4f3b15b9e6389f2ac325bc19863fdb79cd37fefb38517d1?s=96&d=mm&r=g\",\"caption\":\"Luis Eduardo\"},\"sameAs\":[\"https:\/\/www.facebook.com\/coachluiseduardo\/\"],\"url\":\"https:\/\/www.estrategiaconcursos.com.br\/blog\/author\/luiseduardoestrategiaconcursos-com-br\/\"}]}<\/script>\n<!-- \/ Yoast SEO Premium plugin. -->","yoast_head_json":{"title":"Concurso Apor\u00e9 2026: processo seletivo ACS aberto","description":"Prefeitura de Apor\u00e9 (GO) abre processo seletivo 2026 para Agente Comunit\u00e1rio de Sa\u00fade. 3 vagas, sal\u00e1rio R$ 3.036. Inscri\u00e7\u00f5es at\u00e9 27\/04.","robots":{"index":"index","follow":"follow","max-snippet":"max-snippet:-1","max-image-preview":"max-image-preview:large","max-video-preview":"max-video-preview:-1"},"canonical":"https:\/\/www.estrategiaconcursos.com.br\/blog\/concurso-prefeitura-apore\/","og_locale":"pt_BR","og_type":"article","og_title":"Concurso Apor\u00e9 2026: processo seletivo ACS aberto","og_description":"Prefeitura de Apor\u00e9 (GO) abre processo seletivo 2026 para Agente Comunit\u00e1rio de Sa\u00fade. 3 vagas, sal\u00e1rio R$ 3.036. Inscri\u00e7\u00f5es at\u00e9 27\/04.","og_url":"https:\/\/www.estrategiaconcursos.com.br\/blog\/concurso-prefeitura-apore\/","og_site_name":"Estrat\u00e9gia Concursos","article_author":"https:\/\/www.facebook.com\/coachluiseduardo\/","article_published_time":"2026-03-13T21:09:37+00:00","article_modified_time":"2026-03-13T21:09:39+00:00","og_image":[{"width":1024,"height":536,"url":"https:\/\/dhg1h5j42swfq.cloudfront.net\/2025\/03\/05201612\/concursos-prefeituras-1024x536-1.jpg","type":"image\/jpeg"}],"author":"Luis Eduardo","twitter_card":"summary_large_image","twitter_creator":"@EstratConcursos","twitter_site":"@EstratConcursos","twitter_misc":{"Escrito por":"Luis Eduardo","Est. tempo de leitura":"3 minutos"},"schema":{"@context":"https:\/\/schema.org","@graph":[{"@type":"NewsArticle","@id":"https:\/\/www.estrategiaconcursos.com.br\/blog\/concurso-prefeitura-apore\/#article","isPartOf":{"@id":"https:\/\/www.estrategiaconcursos.com.br\/blog\/concurso-prefeitura-apore\/"},"author":{"name":"Luis Eduardo","@id":"https:\/\/www.estrategiaconcursos.com.br\/blog\/#\/schema\/person\/0906ff564105056f3b05978d503ee214"},"headline":"Concurso Apor\u00e9 2026: processo seletivo ACS aberto","datePublished":"2026-03-13T21:09:37+00:00","dateModified":"2026-03-13T21:09:39+00:00","mainEntityOfPage":{"@id":"https:\/\/www.estrategiaconcursos.com.br\/blog\/concurso-prefeitura-apore\/"},"wordCount":676,"commentCount":0,"publisher":{"@id":"https:\/\/www.estrategiaconcursos.com.br\/blog\/#organization"},"image":{"@id":"https:\/\/www.estrategiaconcursos.com.br\/blog\/concurso-prefeitura-apore\/#primaryimage"},"thumbnailUrl":"https:\/\/dhg1h5j42swfq.cloudfront.net\/2025\/03\/05201612\/concursos-prefeituras-1024x536-1.jpg","articleSection":["Prefeituras"],"inLanguage":"pt-BR","potentialAction":[{"@type":"CommentAction","name":"Comment","target":["https:\/\/www.estrategiaconcursos.com.br\/blog\/concurso-prefeitura-apore\/#respond"]}],"copyrightYear":"2026","copyrightHolder":{"@id":"https:\/\/www.estrategiaconcursos.com.br\/blog\/#organization"}},{"@type":"WebPage","@id":"https:\/\/www.estrategiaconcursos.com.br\/blog\/concurso-prefeitura-apore\/","url":"https:\/\/www.estrategiaconcursos.com.br\/blog\/concurso-prefeitura-apore\/","name":"Concurso Apor\u00e9 2026: processo seletivo ACS aberto","isPartOf":{"@id":"https:\/\/www.estrategiaconcursos.com.br\/blog\/#website"},"primaryImageOfPage":{"@id":"https:\/\/www.estrategiaconcursos.com.br\/blog\/concurso-prefeitura-apore\/#primaryimage"},"image":{"@id":"https:\/\/www.estrategiaconcursos.com.br\/blog\/concurso-prefeitura-apore\/#primaryimage"},"thumbnailUrl":"https:\/\/dhg1h5j42swfq.cloudfront.net\/2025\/03\/05201612\/concursos-prefeituras-1024x536-1.jpg","datePublished":"2026-03-13T21:09:37+00:00","dateModified":"2026-03-13T21:09:39+00:00","description":"Prefeitura de Apor\u00e9 (GO) abre processo seletivo 2026 para Agente Comunit\u00e1rio de Sa\u00fade. 3 vagas, sal\u00e1rio R$ 3.036. Inscri\u00e7\u00f5es at\u00e9 27\/04.","breadcrumb":{"@id":"https:\/\/www.estrategiaconcursos.com.br\/blog\/concurso-prefeitura-apore\/#breadcrumb"},"inLanguage":"pt-BR","potentialAction":[{"@type":"ReadAction","target":["https:\/\/www.estrategiaconcursos.com.br\/blog\/concurso-prefeitura-apore\/"]}]},{"@type":"ImageObject","inLanguage":"pt-BR","@id":"https:\/\/www.estrategiaconcursos.com.br\/blog\/concurso-prefeitura-apore\/#primaryimage","url":"https:\/\/dhg1h5j42swfq.cloudfront.net\/2025\/03\/05201612\/concursos-prefeituras-1024x536-1.jpg","contentUrl":"https:\/\/dhg1h5j42swfq.cloudfront.net\/2025\/03\/05201612\/concursos-prefeituras-1024x536-1.jpg","width":1024,"height":536,"caption":"Concurso Lagoa da Prata MG"},{"@type":"BreadcrumbList","@id":"https:\/\/www.estrategiaconcursos.com.br\/blog\/concurso-prefeitura-apore\/#breadcrumb","itemListElement":[{"@type":"ListItem","position":1,"name":"In\u00edcio","item":"https:\/\/www.estrategiaconcursos.com.br\/blog\/"},{"@type":"ListItem","position":2,"name":"Concurso Apor\u00e9 2026: processo seletivo ACS aberto"}]},{"@type":"WebSite","@id":"https:\/\/www.estrategiaconcursos.com.br\/blog\/#website","url":"https:\/\/www.estrategiaconcursos.com.br\/blog\/","name":"Estrat\u00e9gia Concursos","description":"O blog da Estrat\u00e9gia Concursos traz not\u00edcias sobre concursos e artigos de professores oferecendo cursos para concursos (pdf + videaulas) no site.","publisher":{"@id":"https:\/\/www.estrategiaconcursos.com.br\/blog\/#organization"},"potentialAction":[{"@type":"SearchAction","target":{"@type":"EntryPoint","urlTemplate":"https:\/\/www.estrategiaconcursos.com.br\/blog\/?s={search_term_string}"},"query-input":{"@type":"PropertyValueSpecification","valueRequired":true,"valueName":"search_term_string"}}],"inLanguage":"pt-BR"},{"@type":"Organization","@id":"https:\/\/www.estrategiaconcursos.com.br\/blog\/#organization","name":"Estrat\u00e9gia Concursos","url":"https:\/\/www.estrategiaconcursos.com.br\/blog\/","logo":{"@type":"ImageObject","inLanguage":"pt-BR","@id":"https:\/\/www.estrategiaconcursos.com.br\/blog\/#\/schema\/logo\/image\/","url":"https:\/\/dhg1h5j42swfq.cloudfront.net\/2025\/06\/03203428\/logo_concursos-1.jpg","contentUrl":"https:\/\/dhg1h5j42swfq.cloudfront.net\/2025\/06\/03203428\/logo_concursos-1.jpg","width":230,"height":60,"caption":"Estrat\u00e9gia Concursos"},"image":{"@id":"https:\/\/www.estrategiaconcursos.com.br\/blog\/#\/schema\/logo\/image\/"},"sameAs":["https:\/\/x.com\/EstratConcursos"]},{"@type":"Person","@id":"https:\/\/www.estrategiaconcursos.com.br\/blog\/#\/schema\/person\/0906ff564105056f3b05978d503ee214","name":"Luis Eduardo","image":{"@type":"ImageObject","inLanguage":"pt-BR","@id":"https:\/\/secure.gravatar.com\/avatar\/3ce09d3c01f86018c4f3b15b9e6389f2ac325bc19863fdb79cd37fefb38517d1?s=96&d=mm&r=g","url":"https:\/\/secure.gravatar.com\/avatar\/3ce09d3c01f86018c4f3b15b9e6389f2ac325bc19863fdb79cd37fefb38517d1?s=96&d=mm&r=g","contentUrl":"https:\/\/secure.gravatar.com\/avatar\/3ce09d3c01f86018c4f3b15b9e6389f2ac325bc19863fdb79cd37fefb38517d1?s=96&d=mm&r=g","caption":"Luis Eduardo"},"sameAs":["https:\/\/www.facebook.com\/coachluiseduardo\/"],"url":"https:\/\/www.estrategiaconcursos.com.br\/blog\/author\/luiseduardoestrategiaconcursos-com-br\/"}]}},"_links":{"self":[{"href":"https:\/\/www.estrategiaconcursos.com.br\/blog\/wp-json\/wp\/v2\/posts\/1734344","targetHints":{"allow":["GET"]}}],"collection":[{"href":"https:\/\/www.estrategiaconcursos.com.br\/blog\/wp-json\/wp\/v2\/posts"}],"about":[{"href":"https:\/\/www.estrategiaconcursos.com.br\/blog\/wp-json\/wp\/v2\/types\/post"}],"author":[{"embeddable":true,"href":"https:\/\/www.estrategiaconcursos.com.br\/blog\/wp-json\/wp\/v2\/users\/344"}],"replies":[{"embeddable":true,"href":"https:\/\/www.estrategiaconcursos.com.br\/blog\/wp-json\/wp\/v2\/comments?post=1734344"}],"version-history":[{"count":3,"href":"https:\/\/www.estrategiaconcursos.com.br\/blog\/wp-json\/wp\/v2\/posts\/1734344\/revisions"}],"predecessor-version":[{"id":1734348,"href":"https:\/\/www.estrategiaconcursos.com.br\/blog\/wp-json\/wp\/v2\/posts\/1734344\/revisions\/1734348"}],"wp:featuredmedia":[{"embeddable":true,"href":"https:\/\/www.estrategiaconcursos.com.br\/blog\/wp-json\/wp\/v2\/media\/1540739"}],"wp:attachment":[{"href":"https:\/\/www.estrategiaconcursos.com.br\/blog\/wp-json\/wp\/v2\/media?parent=1734344"}],"wp:term":[{"taxonomy":"category","embeddable":true,"href":"https:\/\/www.estrategiaconcursos.com.br\/blog\/wp-json\/wp\/v2\/categories?post=1734344"},{"taxonomy":"post_tag","embeddable":true,"href":"https:\/\/www.estrategiaconcursos.com.br\/blog\/wp-json\/wp\/v2\/tags?post=1734344"},{"taxonomy":"tax_estado","embeddable":true,"href":"https:\/\/www.estrategiaconcursos.com.br\/blog\/wp-json\/wp\/v2\/tax_estado?post=1734344"}],"curies":[{"name":"wp","href":"https:\/\/api.w.org\/{rel}","templated":true}]}}