{"id":1734264,"date":"2026-03-13T17:41:27","date_gmt":"2026-03-13T20:41:27","guid":{"rendered":"https:\/\/www.estrategiaconcursos.com.br\/blog\/?p=1734264"},"modified":"2026-03-13T17:41:29","modified_gmt":"2026-03-13T20:41:29","slug":"concurso-prefeitura-sao-gabriel-da-palha","status":"publish","type":"post","link":"https:\/\/www.estrategiaconcursos.com.br\/blog\/concurso-prefeitura-sao-gabriel-da-palha\/","title":{"rendered":"Concurso S\u00e3o Gabriel da Palha 2026: 5 vagas na Sa\u00fade"},"content":{"rendered":"\n<p style=\"font-size:clamp(16.293px, 1.018rem + ((1vw - 3.2px) * 0.854), 25px);\"><strong><em>A Secretaria Municipal de Sa\u00fade de S\u00e3o Gabriel da Palha (ES) publicou processo seletivo emergencial com 5 vagas imediatas e cadastro de reserva para 15 cargos na \u00e1rea da sa\u00fade.<\/em><\/strong><\/p>\n\n\n\n<p>S\u00e3o Gabriel da Palha \u00e9 um munic\u00edpio localizado na regi\u00e3o noroeste do Esp\u00edrito Santo. A Prefeitura realiza processos seletivos com regularidade, especialmente nas \u00e1reas de educa\u00e7\u00e3o, sa\u00fade e servi\u00e7os gerais. O munic\u00edpio tamb\u00e9m conta com registros de concursos p\u00fablicos para provimento de cargos efetivos, sendo o mais recente de 2023. Acompanhe abaixo a situa\u00e7\u00e3o atualizada do concurso Prefeitura de S\u00e3o Gabriel da Palha.<\/p>\n\n\n\n<ul class=\"wp-block-list has-very-light-gray-to-cyan-bluish-gray-gradient-background has-background\">\n<li><strong>Prefeitura de S\u00e3o Gabriel da Palha <em>&#8211; <span style=\"text-decoration: underline;\">processo seletivo 2026<\/span><\/em><\/strong><\/li>\n<li><strong>Status:<\/strong> inscri\u00e7\u00f5es abertas at\u00e9 31 de mar\u00e7o de 2026<\/li>\n<li><strong>Vagas:<\/strong> 5 vagas imediatas + cadastro de reserva<\/li>\n<li><strong>Sal\u00e1rio:<\/strong> de R$ 1.412,00 a R$ 2.444,37<\/li>\n<li><strong>Taxa:<\/strong> n\u00e3o h\u00e1 taxa de inscri\u00e7\u00e3o<\/li>\n<\/ul>\n\n\n\n<h2 class=\"wp-block-heading\" id=\"situacao-atual\">Situa\u00e7\u00e3o atual do concurso Prefeitura de S\u00e3o Gabriel da Palha<\/h2>\n\n\n\n<p>A Secretaria Municipal de Sa\u00fade de S\u00e3o Gabriel da Palha publicou o <strong>Edital n\u00ba 001\/2026<\/strong> em 10 de mar\u00e7o de 2026, com inscri\u00e7\u00f5es j\u00e1 abertas desde 11 de mar\u00e7o. O processo seletivo emergencial \u00e9 destinado \u00e0 contrata\u00e7\u00e3o tempor\u00e1ria para suprir necessidades na \u00e1rea da sa\u00fade, especialmente no CAPS I (Centro de Aten\u00e7\u00e3o Psicossocial). <strong>As inscri\u00e7\u00f5es seguem abertas at\u00e9 31 de mar\u00e7o de 2026<\/strong>, sendo realizadas presencialmente na Secretaria Municipal de Sa\u00fade, das 08h \u00e0s 11h.<\/p>\n\n\n\n<p>A sele\u00e7\u00e3o ser\u00e1 realizada apenas por an\u00e1lise de t\u00edtulos, sem aplica\u00e7\u00e3o de prova escrita. O resultado final ser\u00e1 divulgado em 9 de abril de 2026. Os candidatos podem se inscrever para at\u00e9 2 cargos diferentes.<\/p>\n\n\n\n<h2 class=\"wp-block-heading\" id=\"ultimo-concurso\">\u00daltimo processo seletivo Prefeitura de S\u00e3o Gabriel da Palha<\/h2>\n\n\n\n<p><strong>Inscri\u00e7\u00f5es:<\/strong> 11 de mar\u00e7o a 31 de mar\u00e7o de 2026 (presenciais na Secretaria Municipal de Sa\u00fade)<br \/><strong>Taxa de inscri\u00e7\u00e3o:<\/strong> gratuito<br \/><strong>Cargos:<\/strong> 15 cargos na \u00e1rea da sa\u00fade<br \/><strong>Vagas:<\/strong> 5 vagas imediatas + cadastro de reserva<br \/><strong>Requisitos:<\/strong> n\u00edvel fundamental completo a superior com registro em conselho<br \/><strong>Remunera\u00e7\u00e3o:<\/strong> R$ 1.412,00 a R$ 2.444,37<br \/><strong>Etapas:<\/strong> classifica\u00e7\u00e3o por an\u00e1lise de t\u00edtulos<br \/><strong>Resultado final:<\/strong> 9 de abril de 2026<\/p>\n\n\n\n<p>Os cargos contemplados no processo seletivo s\u00e3o:<\/p>\n\n\n\n<ul class=\"wp-block-list\">\n<li><strong>Auxiliar de Servi\u00e7os Gerais do CAPS I<\/strong> &#8211; 1 vaga (fundamental completo, 40h, R$ 1.412,00)<\/li>\n<li><strong>Motorista<\/strong> &#8211; 1 vaga (4\u00aa s\u00e9rie do EF + CNH D, 40h, R$ 1.412,00)<\/li>\n<li><strong>Pedagogo do CAPS I<\/strong> &#8211; 1 vaga (Pedagogia + especializa\u00e7\u00e3o, 25h, R$ 1.882,55)<\/li>\n<li><strong>Servente<\/strong> &#8211; 1 vaga (4\u00aa s\u00e9rie do EF, 44h, R$ 1.412,00)<\/li>\n<li><strong>T\u00e9cnico de Laborat\u00f3rio<\/strong> &#8211; 1 vaga (m\u00e9dio + curso profissionalizante, 36h, R$ 1.638,38)<\/li>\n<li><strong>Terapeuta Ocupacional do CAPS I<\/strong> &#8211; 1 vaga (superior + conselho, 36h, R$ 2.444,37)<\/li>\n<li><strong>Demais cargos<\/strong> &#8211; cadastro de reserva (Agente de Servi\u00e7os de Sa\u00fade, Assistente Administrativo, Assistente Social, Educador F\u00edsico, Enfermeiro, Oficineiros, Psic\u00f3logo e T\u00e9cnico de Enfermagem)<\/li>\n<\/ul>\n\n\n\n<ul class=\"wp-block-list has-very-light-gray-to-cyan-bluish-gray-gradient-background has-background\">\n<li><strong>Processo seletivo Prefeitura de S\u00e3o Gabriel da Palha 2026<\/strong><\/li>\n<li><strong>\u00d3rg\u00e3o:<\/strong> Secretaria Municipal de Sa\u00fade<\/li>\n<li><strong>Cargos:<\/strong> 15 cargos na \u00e1rea da sa\u00fade<\/li>\n<li><strong>Vagas:<\/strong> 5 vagas + cadastro de reserva<\/li>\n<li><strong>Sal\u00e1rio:<\/strong> R$ 1.412,00 a R$ 2.444,37<\/li>\n<li><strong>Inscri\u00e7\u00e3o:<\/strong> 11\/03 a 31\/03\/2026 (presencial)<\/li>\n<li><strong>Taxa:<\/strong> gratuito<\/li>\n<li><strong>Resultado final:<\/strong> 09\/04\/2026<\/li>\n<\/ul>\n\n\n\n<h2 class=\"wp-block-heading\" id=\"linha-do-tempo\">Linha do tempo<\/h2>\n\n\n\n<p>A Prefeitura de S\u00e3o Gabriel da Palha possui hist\u00f3rico extenso de processos seletivos. Veja os principais certames realizados nos \u00faltimos anos:<\/p>\n\n\n\n<ul class=\"wp-block-list\">\n<li><strong>2026:<\/strong> Processo seletivo Secretaria de Sa\u00fade &#8211; 5 vagas + CR (em andamento)<\/li>\n<li><strong>2025:<\/strong> M\u00faltiplos processos seletivos &#8211; Operador de M\u00e1quinas, Motorista, Professores, T\u00e9cnico em Seguran\u00e7a do Trabalho<\/li>\n<li><strong>2024:<\/strong> Diversos processos seletivos &#8211; Professor de Educa\u00e7\u00e3o F\u00edsica, Operador de M\u00e1quinas, \u00e1rea da sa\u00fade<\/li>\n<li><strong>2023:<\/strong> Concurso p\u00fablico com 51 vagas (sal\u00e1rios at\u00e9 R$ 4.295,47) e m\u00faltiplos processos seletivos<\/li>\n<li><strong>2022:<\/strong> Processos seletivos para sa\u00fade, educa\u00e7\u00e3o e servi\u00e7os gerais<\/li>\n<li><strong>2015:<\/strong> Concurso p\u00fablico com 113 vagas<\/li>\n<li><strong>2008:<\/strong> Grande concurso com 446 vagas (organizado pela CONSULPLAN)<\/li>\n<\/ul>\n\n\n\n<h2 class=\"wp-block-heading has-text-align-center\" id=\"mapa-regiao\">Veja Concursos Abertos na mesma regi\u00e3o<\/h2>\n\n\n\n<iframe src=\"https:\/\/www.estrategiaconcursos.com.br\/blog\/mapa-concursos\/embed?situacoes=Inscri%C3%A7%C3%B5es%20abertas&amp;estado=ES\" width=\"100%\" height=\"400\" style=\"border: none; display: block;\" title=\"Mapa de Concursos P\u00fablicos em Esp\u00edrito Santo\" loading=\"lazy\"><\/iframe>\n\n\n\n<h2 class=\"wp-block-heading has-text-align-center\">Quer saber tudo sobre concursos previstos?<\/h2>\n\n\n\n<ul class=\"wp-block-list\">\n<li><a href=\"\/blog\/concursos-abertos\/\" target=\"_blank\" rel=\"noreferrer noopener\"> Concursos Abertos<\/a><\/li>\n<li><a href=\"\/blog\/concursos-2026\/\" target=\"_blank\" rel=\"noreferrer noopener\"> Concursos 2026<\/a><\/li>\n<li><a href=\"\/blog\/concursos-espirito-santo\/\" target=\"_blank\" rel=\"noreferrer noopener\"> Concursos Esp\u00edrito Santo<\/a><\/li>\n<\/ul>\n\n\n\n<div class=\"estrategia\" id=\"box-assinatura\">\n <h3 class=\"titulo-assinatura\">Assinatura Concursos<\/h3>\n <p class=\"subtitulo-assinatura\">Assinatura de 1 ano ou 2 anos<\/p>\n <div class=\"box-botao\">\n <a class=\"btn-assinatura\" target=\"_blank\" href=\"https:\/\/www.estrategiaconcursos.com.br\/assinaturas\/\" role=\"button\" rel=\"noopener noreferrer\">ASSINE AGORA<\/a>\n <\/div>\n<\/div>\n\n\n\n<h3 class=\"wp-block-heading\" id=\"ficha\">Informa\u00e7\u00f5es do pr\u00f3ximo concurso<\/h3>\n\n\n\n<figure class=\"wp-block-table\"><table><tbody><tr><td><strong>\u00d3rg\u00e3o<\/strong><\/td><td>Secretaria Municipal de Sa\u00fade de S\u00e3o Gabriel da Palha\/ES<\/td><\/tr><tr><td><strong>Edital<\/strong><\/td><td>001\/2026<\/td><\/tr><tr><td><strong>Publica\u00e7\u00e3o<\/strong><\/td><td>10\/03\/2026<\/td><\/tr><tr><td><strong>Inscri\u00e7\u00f5es<\/strong><\/td><td>11\/03\/2026 a 31\/03\/2026<\/td><\/tr><tr><td><strong>Taxa<\/strong><\/td><td>Gratuito<\/td><\/tr><tr><td><strong>Vagas<\/strong><\/td><td>5 vagas + cadastro de reserva<\/td><\/tr><tr><td><strong>Cargos<\/strong><\/td><td>15 cargos na \u00e1rea da sa\u00fade<\/td><\/tr><tr><td><strong>Escolaridade<\/strong><\/td><td>Fundamental a superior<\/td><\/tr><tr><td><strong>Sal\u00e1rio<\/strong><\/td><td>R$ 1.412,00 a R$ 2.444,37<\/td><\/tr><tr><td><strong>Etapas<\/strong><\/td><td>An\u00e1lise de t\u00edtulos<\/td><\/tr><tr><td><strong>Resultado<\/strong><\/td><td>09\/04\/2026<\/td><\/tr><tr><td><strong>Validade<\/strong><\/td><td>12 meses (prorrog\u00e1vel por igual per\u00edodo)<\/td><\/tr><\/tbody><\/table><\/figure>\n\n\n\n<h3 class=\"wp-block-heading\">Informa\u00e7\u00f5es do \u00faltimo processo seletivo<\/h3>\n\n\n\n<figure class=\"wp-block-table\"><table><tbody><tr><td><strong>\u00d3rg\u00e3o<\/strong><\/td><td>Prefeitura de S\u00e3o Gabriel da Palha &#8211; Secretaria Municipal de Educa\u00e7\u00e3o<\/td><\/tr><tr><td><strong>Ano<\/strong><\/td><td>2025<\/td><\/tr><tr><td><strong>Cargos<\/strong><\/td><td>Servente, Merendeira, Cuidador<\/td><\/tr><tr><td><strong>Vagas<\/strong><\/td><td>Cadastro de reserva<\/td><\/tr><tr><td><strong>Escolaridade<\/strong><\/td><td>Fundamental\/M\u00e9dio<\/td><\/tr><tr><td><strong>Sal\u00e1rio<\/strong><\/td><td>R$ 1.184,44<\/td><\/tr><tr><td><strong>Tipo<\/strong><\/td><td>Processo seletivo<\/td><\/tr><tr><td><strong>Status<\/strong><\/td><td>Encerrado<\/td><\/tr><\/tbody><\/table><\/figure>\n\n\n\n<h3 class=\"wp-block-heading\">Fontes consultadas<\/h3>\n\n\n\n<ul class=\"wp-block-list\">\n<li><a href=\"https:\/\/saogabrieldapalha.es.gov.br\/\" target=\"_blank\" rel=\"noopener\">Site oficial da Prefeitura de S\u00e3o Gabriel da Palha<\/a><\/li>\n<li><a href=\"https:\/\/saogabrieldapalha.es.gov.br\/transparencia\/\" target=\"_blank\" rel=\"noopener\">Portal da Transpar\u00eancia de S\u00e3o Gabriel da Palha<\/a><\/li>\n<li>Edital n\u00ba 001\/2026 da Secretaria Municipal de Sa\u00fade<\/li>\n<\/ul>\n\n\n\n<div class=\"container-boxes\">\n <div class=\"box-banner\">\n <div class=\"box-banner-text\">\n <h3> Concursos para Prefeituras<\/h3>\n <p>Acompanhe todos os concursos de prefeituras do Brasil. Informa\u00e7\u00f5es atualizadas sobre editais, inscri\u00e7\u00f5es, provas e resultados.<\/p>\n <a href=\"\/blog\/concursos-prefeituras\/\" class=\"btn-banner\">Ver todos os concursos de prefeituras<\/a>\n <\/div>\n <\/div>\n<\/div>\n\n\n\n<div class=\"container\" id=\"boxes\">\n  <div class=\"row\">\n    <div class=\"col-sm\">\n      <div class=\"banner-prefeituras-ec\" id=\"box-assinatura\">\n        <h2 class=\"titulo-assinatura\" style=\"text-align: left;\">Concursos Prefeituras<\/h2>\n        <p class=\"subtitulo-assinatura\" style=\"text-align: left;\">Preparacao completa para a carreira!<\/p>\n        <div class=\"box-botao\" style=\"text-align: left;\">\n          <a class=\"btn-assinatura\" target=\"_blank\" href=\"https:\/\/www.estrategiaconcursos.com.br\/pesquisa\/?q=prefeitura+sao+gabriel+da+palha\" role=\"button\" rel=\"noopener noreferrer\">EXPLORAR CURSOS<\/a>\n        <\/div>\n      <\/div>\n    <\/div>\n  <\/div>\n<\/div>\n","protected":false},"excerpt":{"rendered":"<p>A Secretaria Municipal de Sa\u00fade de S\u00e3o Gabriel da Palha (ES) publicou processo seletivo emergencial com 5 vagas imediatas e cadastro de reserva para 15 cargos na \u00e1rea da sa\u00fade. S\u00e3o Gabriel da Palha \u00e9 um munic\u00edpio localizado na regi\u00e3o noroeste do Esp\u00edrito Santo. A Prefeitura realiza processos seletivos com regularidade, especialmente nas \u00e1reas de [&hellip;]<\/p>\n","protected":false},"author":344,"featured_media":1540739,"comment_status":"open","ping_status":"closed","sticky":false,"template":"","format":"standard","meta":{"post_tipo":"news_page","footnotes":""},"categories":[222278],"tags":[],"tax_estado":[219971],"class_list":["post-1734264","post","type-post","status-publish","format-standard","has-post-thumbnail","hentry","category-prefeituras","tax_estado-es"],"acf":[],"yoast_head":"<!-- This site is optimized with the Yoast SEO Premium plugin v27.2 (Yoast SEO v27.2) - https:\/\/yoast.com\/product\/yoast-seo-premium-wordpress\/ -->\n<title>Concurso S\u00e3o Gabriel da Palha 2026: 5 vagas na Sa\u00fade<\/title>\n<meta name=\"description\" content=\"Processo seletivo S\u00e3o Gabriel da Palha 2026 oferece 5 vagas na Secretaria de Sa\u00fade. Inscri\u00e7\u00f5es at\u00e9 31\/03. Sal\u00e1rios at\u00e9 R$ 2.444,37.\" \/>\n<meta name=\"robots\" content=\"index, follow, max-snippet:-1, max-image-preview:large, max-video-preview:-1\" \/>\n<link rel=\"canonical\" href=\"https:\/\/www.estrategiaconcursos.com.br\/blog\/concurso-prefeitura-sao-gabriel-da-palha\/\" \/>\n<meta property=\"og:locale\" content=\"pt_BR\" \/>\n<meta property=\"og:type\" content=\"article\" \/>\n<meta property=\"og:title\" content=\"Concurso S\u00e3o Gabriel da Palha 2026: 5 vagas na Sa\u00fade\" \/>\n<meta property=\"og:description\" content=\"Processo seletivo S\u00e3o Gabriel da Palha 2026 oferece 5 vagas na Secretaria de Sa\u00fade. Inscri\u00e7\u00f5es at\u00e9 31\/03. Sal\u00e1rios at\u00e9 R$ 2.444,37.\" \/>\n<meta property=\"og:url\" content=\"https:\/\/www.estrategiaconcursos.com.br\/blog\/concurso-prefeitura-sao-gabriel-da-palha\/\" \/>\n<meta property=\"og:site_name\" content=\"Estrat\u00e9gia Concursos\" \/>\n<meta property=\"article:author\" content=\"https:\/\/www.facebook.com\/coachluiseduardo\/\" \/>\n<meta property=\"article:published_time\" content=\"2026-03-13T20:41:27+00:00\" \/>\n<meta property=\"article:modified_time\" content=\"2026-03-13T20:41:29+00:00\" \/>\n<meta property=\"og:image\" content=\"https:\/\/dhg1h5j42swfq.cloudfront.net\/2025\/03\/05201612\/concursos-prefeituras-1024x536-1.jpg\" \/>\n\t<meta property=\"og:image:width\" content=\"1024\" \/>\n\t<meta property=\"og:image:height\" content=\"536\" \/>\n\t<meta property=\"og:image:type\" content=\"image\/jpeg\" \/>\n<meta name=\"author\" content=\"Luis Eduardo\" \/>\n<meta name=\"twitter:card\" content=\"summary_large_image\" \/>\n<meta name=\"twitter:creator\" content=\"@EstratConcursos\" \/>\n<meta name=\"twitter:site\" content=\"@EstratConcursos\" \/>\n<meta name=\"twitter:label1\" content=\"Escrito por\" \/>\n\t<meta name=\"twitter:data1\" content=\"Luis Eduardo\" \/>\n\t<meta name=\"twitter:label2\" content=\"Est. tempo de leitura\" \/>\n\t<meta name=\"twitter:data2\" content=\"4 minutos\" \/>\n<script type=\"application\/ld+json\" class=\"yoast-schema-graph\">{\"@context\":\"https:\/\/schema.org\",\"@graph\":[{\"@type\":\"NewsArticle\",\"@id\":\"https:\/\/www.estrategiaconcursos.com.br\/blog\/concurso-prefeitura-sao-gabriel-da-palha\/#article\",\"isPartOf\":{\"@id\":\"https:\/\/www.estrategiaconcursos.com.br\/blog\/concurso-prefeitura-sao-gabriel-da-palha\/\"},\"author\":{\"name\":\"Luis Eduardo\",\"@id\":\"https:\/\/www.estrategiaconcursos.com.br\/blog\/#\/schema\/person\/0906ff564105056f3b05978d503ee214\"},\"headline\":\"Concurso S\u00e3o Gabriel da Palha 2026: 5 vagas na Sa\u00fade\",\"datePublished\":\"2026-03-13T20:41:27+00:00\",\"dateModified\":\"2026-03-13T20:41:29+00:00\",\"mainEntityOfPage\":{\"@id\":\"https:\/\/www.estrategiaconcursos.com.br\/blog\/concurso-prefeitura-sao-gabriel-da-palha\/\"},\"wordCount\":813,\"commentCount\":0,\"publisher\":{\"@id\":\"https:\/\/www.estrategiaconcursos.com.br\/blog\/#organization\"},\"image\":{\"@id\":\"https:\/\/www.estrategiaconcursos.com.br\/blog\/concurso-prefeitura-sao-gabriel-da-palha\/#primaryimage\"},\"thumbnailUrl\":\"https:\/\/dhg1h5j42swfq.cloudfront.net\/2025\/03\/05201612\/concursos-prefeituras-1024x536-1.jpg\",\"articleSection\":[\"Prefeituras\"],\"inLanguage\":\"pt-BR\",\"potentialAction\":[{\"@type\":\"CommentAction\",\"name\":\"Comment\",\"target\":[\"https:\/\/www.estrategiaconcursos.com.br\/blog\/concurso-prefeitura-sao-gabriel-da-palha\/#respond\"]}],\"copyrightYear\":\"2026\",\"copyrightHolder\":{\"@id\":\"https:\/\/www.estrategiaconcursos.com.br\/blog\/#organization\"}},{\"@type\":\"WebPage\",\"@id\":\"https:\/\/www.estrategiaconcursos.com.br\/blog\/concurso-prefeitura-sao-gabriel-da-palha\/\",\"url\":\"https:\/\/www.estrategiaconcursos.com.br\/blog\/concurso-prefeitura-sao-gabriel-da-palha\/\",\"name\":\"Concurso S\u00e3o Gabriel da Palha 2026: 5 vagas na Sa\u00fade\",\"isPartOf\":{\"@id\":\"https:\/\/www.estrategiaconcursos.com.br\/blog\/#website\"},\"primaryImageOfPage\":{\"@id\":\"https:\/\/www.estrategiaconcursos.com.br\/blog\/concurso-prefeitura-sao-gabriel-da-palha\/#primaryimage\"},\"image\":{\"@id\":\"https:\/\/www.estrategiaconcursos.com.br\/blog\/concurso-prefeitura-sao-gabriel-da-palha\/#primaryimage\"},\"thumbnailUrl\":\"https:\/\/dhg1h5j42swfq.cloudfront.net\/2025\/03\/05201612\/concursos-prefeituras-1024x536-1.jpg\",\"datePublished\":\"2026-03-13T20:41:27+00:00\",\"dateModified\":\"2026-03-13T20:41:29+00:00\",\"description\":\"Processo seletivo S\u00e3o Gabriel da Palha 2026 oferece 5 vagas na Secretaria de Sa\u00fade. Inscri\u00e7\u00f5es at\u00e9 31\/03. Sal\u00e1rios at\u00e9 R$ 2.444,37.\",\"breadcrumb\":{\"@id\":\"https:\/\/www.estrategiaconcursos.com.br\/blog\/concurso-prefeitura-sao-gabriel-da-palha\/#breadcrumb\"},\"inLanguage\":\"pt-BR\",\"potentialAction\":[{\"@type\":\"ReadAction\",\"target\":[\"https:\/\/www.estrategiaconcursos.com.br\/blog\/concurso-prefeitura-sao-gabriel-da-palha\/\"]}]},{\"@type\":\"ImageObject\",\"inLanguage\":\"pt-BR\",\"@id\":\"https:\/\/www.estrategiaconcursos.com.br\/blog\/concurso-prefeitura-sao-gabriel-da-palha\/#primaryimage\",\"url\":\"https:\/\/dhg1h5j42swfq.cloudfront.net\/2025\/03\/05201612\/concursos-prefeituras-1024x536-1.jpg\",\"contentUrl\":\"https:\/\/dhg1h5j42swfq.cloudfront.net\/2025\/03\/05201612\/concursos-prefeituras-1024x536-1.jpg\",\"width\":1024,\"height\":536,\"caption\":\"Concurso Lagoa da Prata MG\"},{\"@type\":\"BreadcrumbList\",\"@id\":\"https:\/\/www.estrategiaconcursos.com.br\/blog\/concurso-prefeitura-sao-gabriel-da-palha\/#breadcrumb\",\"itemListElement\":[{\"@type\":\"ListItem\",\"position\":1,\"name\":\"In\u00edcio\",\"item\":\"https:\/\/www.estrategiaconcursos.com.br\/blog\/\"},{\"@type\":\"ListItem\",\"position\":2,\"name\":\"Concurso S\u00e3o Gabriel da Palha 2026: 5 vagas na Sa\u00fade\"}]},{\"@type\":\"WebSite\",\"@id\":\"https:\/\/www.estrategiaconcursos.com.br\/blog\/#website\",\"url\":\"https:\/\/www.estrategiaconcursos.com.br\/blog\/\",\"name\":\"Estrat\u00e9gia Concursos\",\"description\":\"O blog da Estrat\u00e9gia Concursos traz not\u00edcias sobre concursos e artigos de professores oferecendo cursos para concursos (pdf + videaulas) no site.\",\"publisher\":{\"@id\":\"https:\/\/www.estrategiaconcursos.com.br\/blog\/#organization\"},\"potentialAction\":[{\"@type\":\"SearchAction\",\"target\":{\"@type\":\"EntryPoint\",\"urlTemplate\":\"https:\/\/www.estrategiaconcursos.com.br\/blog\/?s={search_term_string}\"},\"query-input\":{\"@type\":\"PropertyValueSpecification\",\"valueRequired\":true,\"valueName\":\"search_term_string\"}}],\"inLanguage\":\"pt-BR\"},{\"@type\":\"Organization\",\"@id\":\"https:\/\/www.estrategiaconcursos.com.br\/blog\/#organization\",\"name\":\"Estrat\u00e9gia Concursos\",\"url\":\"https:\/\/www.estrategiaconcursos.com.br\/blog\/\",\"logo\":{\"@type\":\"ImageObject\",\"inLanguage\":\"pt-BR\",\"@id\":\"https:\/\/www.estrategiaconcursos.com.br\/blog\/#\/schema\/logo\/image\/\",\"url\":\"https:\/\/dhg1h5j42swfq.cloudfront.net\/2025\/06\/03203428\/logo_concursos-1.jpg\",\"contentUrl\":\"https:\/\/dhg1h5j42swfq.cloudfront.net\/2025\/06\/03203428\/logo_concursos-1.jpg\",\"width\":230,\"height\":60,\"caption\":\"Estrat\u00e9gia Concursos\"},\"image\":{\"@id\":\"https:\/\/www.estrategiaconcursos.com.br\/blog\/#\/schema\/logo\/image\/\"},\"sameAs\":[\"https:\/\/x.com\/EstratConcursos\"]},{\"@type\":\"Person\",\"@id\":\"https:\/\/www.estrategiaconcursos.com.br\/blog\/#\/schema\/person\/0906ff564105056f3b05978d503ee214\",\"name\":\"Luis Eduardo\",\"image\":{\"@type\":\"ImageObject\",\"inLanguage\":\"pt-BR\",\"@id\":\"https:\/\/secure.gravatar.com\/avatar\/3ce09d3c01f86018c4f3b15b9e6389f2ac325bc19863fdb79cd37fefb38517d1?s=96&d=mm&r=g\",\"url\":\"https:\/\/secure.gravatar.com\/avatar\/3ce09d3c01f86018c4f3b15b9e6389f2ac325bc19863fdb79cd37fefb38517d1?s=96&d=mm&r=g\",\"contentUrl\":\"https:\/\/secure.gravatar.com\/avatar\/3ce09d3c01f86018c4f3b15b9e6389f2ac325bc19863fdb79cd37fefb38517d1?s=96&d=mm&r=g\",\"caption\":\"Luis Eduardo\"},\"sameAs\":[\"https:\/\/www.facebook.com\/coachluiseduardo\/\"],\"url\":\"https:\/\/www.estrategiaconcursos.com.br\/blog\/author\/luiseduardoestrategiaconcursos-com-br\/\"}]}<\/script>\n<!-- \/ Yoast SEO Premium plugin. -->","yoast_head_json":{"title":"Concurso S\u00e3o Gabriel da Palha 2026: 5 vagas na Sa\u00fade","description":"Processo seletivo S\u00e3o Gabriel da Palha 2026 oferece 5 vagas na Secretaria de Sa\u00fade. Inscri\u00e7\u00f5es at\u00e9 31\/03. Sal\u00e1rios at\u00e9 R$ 2.444,37.","robots":{"index":"index","follow":"follow","max-snippet":"max-snippet:-1","max-image-preview":"max-image-preview:large","max-video-preview":"max-video-preview:-1"},"canonical":"https:\/\/www.estrategiaconcursos.com.br\/blog\/concurso-prefeitura-sao-gabriel-da-palha\/","og_locale":"pt_BR","og_type":"article","og_title":"Concurso S\u00e3o Gabriel da Palha 2026: 5 vagas na Sa\u00fade","og_description":"Processo seletivo S\u00e3o Gabriel da Palha 2026 oferece 5 vagas na Secretaria de Sa\u00fade. Inscri\u00e7\u00f5es at\u00e9 31\/03. Sal\u00e1rios at\u00e9 R$ 2.444,37.","og_url":"https:\/\/www.estrategiaconcursos.com.br\/blog\/concurso-prefeitura-sao-gabriel-da-palha\/","og_site_name":"Estrat\u00e9gia Concursos","article_author":"https:\/\/www.facebook.com\/coachluiseduardo\/","article_published_time":"2026-03-13T20:41:27+00:00","article_modified_time":"2026-03-13T20:41:29+00:00","og_image":[{"width":1024,"height":536,"url":"https:\/\/dhg1h5j42swfq.cloudfront.net\/2025\/03\/05201612\/concursos-prefeituras-1024x536-1.jpg","type":"image\/jpeg"}],"author":"Luis Eduardo","twitter_card":"summary_large_image","twitter_creator":"@EstratConcursos","twitter_site":"@EstratConcursos","twitter_misc":{"Escrito por":"Luis Eduardo","Est. tempo de leitura":"4 minutos"},"schema":{"@context":"https:\/\/schema.org","@graph":[{"@type":"NewsArticle","@id":"https:\/\/www.estrategiaconcursos.com.br\/blog\/concurso-prefeitura-sao-gabriel-da-palha\/#article","isPartOf":{"@id":"https:\/\/www.estrategiaconcursos.com.br\/blog\/concurso-prefeitura-sao-gabriel-da-palha\/"},"author":{"name":"Luis Eduardo","@id":"https:\/\/www.estrategiaconcursos.com.br\/blog\/#\/schema\/person\/0906ff564105056f3b05978d503ee214"},"headline":"Concurso S\u00e3o Gabriel da Palha 2026: 5 vagas na Sa\u00fade","datePublished":"2026-03-13T20:41:27+00:00","dateModified":"2026-03-13T20:41:29+00:00","mainEntityOfPage":{"@id":"https:\/\/www.estrategiaconcursos.com.br\/blog\/concurso-prefeitura-sao-gabriel-da-palha\/"},"wordCount":813,"commentCount":0,"publisher":{"@id":"https:\/\/www.estrategiaconcursos.com.br\/blog\/#organization"},"image":{"@id":"https:\/\/www.estrategiaconcursos.com.br\/blog\/concurso-prefeitura-sao-gabriel-da-palha\/#primaryimage"},"thumbnailUrl":"https:\/\/dhg1h5j42swfq.cloudfront.net\/2025\/03\/05201612\/concursos-prefeituras-1024x536-1.jpg","articleSection":["Prefeituras"],"inLanguage":"pt-BR","potentialAction":[{"@type":"CommentAction","name":"Comment","target":["https:\/\/www.estrategiaconcursos.com.br\/blog\/concurso-prefeitura-sao-gabriel-da-palha\/#respond"]}],"copyrightYear":"2026","copyrightHolder":{"@id":"https:\/\/www.estrategiaconcursos.com.br\/blog\/#organization"}},{"@type":"WebPage","@id":"https:\/\/www.estrategiaconcursos.com.br\/blog\/concurso-prefeitura-sao-gabriel-da-palha\/","url":"https:\/\/www.estrategiaconcursos.com.br\/blog\/concurso-prefeitura-sao-gabriel-da-palha\/","name":"Concurso S\u00e3o Gabriel da Palha 2026: 5 vagas na Sa\u00fade","isPartOf":{"@id":"https:\/\/www.estrategiaconcursos.com.br\/blog\/#website"},"primaryImageOfPage":{"@id":"https:\/\/www.estrategiaconcursos.com.br\/blog\/concurso-prefeitura-sao-gabriel-da-palha\/#primaryimage"},"image":{"@id":"https:\/\/www.estrategiaconcursos.com.br\/blog\/concurso-prefeitura-sao-gabriel-da-palha\/#primaryimage"},"thumbnailUrl":"https:\/\/dhg1h5j42swfq.cloudfront.net\/2025\/03\/05201612\/concursos-prefeituras-1024x536-1.jpg","datePublished":"2026-03-13T20:41:27+00:00","dateModified":"2026-03-13T20:41:29+00:00","description":"Processo seletivo S\u00e3o Gabriel da Palha 2026 oferece 5 vagas na Secretaria de Sa\u00fade. Inscri\u00e7\u00f5es at\u00e9 31\/03. Sal\u00e1rios at\u00e9 R$ 2.444,37.","breadcrumb":{"@id":"https:\/\/www.estrategiaconcursos.com.br\/blog\/concurso-prefeitura-sao-gabriel-da-palha\/#breadcrumb"},"inLanguage":"pt-BR","potentialAction":[{"@type":"ReadAction","target":["https:\/\/www.estrategiaconcursos.com.br\/blog\/concurso-prefeitura-sao-gabriel-da-palha\/"]}]},{"@type":"ImageObject","inLanguage":"pt-BR","@id":"https:\/\/www.estrategiaconcursos.com.br\/blog\/concurso-prefeitura-sao-gabriel-da-palha\/#primaryimage","url":"https:\/\/dhg1h5j42swfq.cloudfront.net\/2025\/03\/05201612\/concursos-prefeituras-1024x536-1.jpg","contentUrl":"https:\/\/dhg1h5j42swfq.cloudfront.net\/2025\/03\/05201612\/concursos-prefeituras-1024x536-1.jpg","width":1024,"height":536,"caption":"Concurso Lagoa da Prata MG"},{"@type":"BreadcrumbList","@id":"https:\/\/www.estrategiaconcursos.com.br\/blog\/concurso-prefeitura-sao-gabriel-da-palha\/#breadcrumb","itemListElement":[{"@type":"ListItem","position":1,"name":"In\u00edcio","item":"https:\/\/www.estrategiaconcursos.com.br\/blog\/"},{"@type":"ListItem","position":2,"name":"Concurso S\u00e3o Gabriel da Palha 2026: 5 vagas na Sa\u00fade"}]},{"@type":"WebSite","@id":"https:\/\/www.estrategiaconcursos.com.br\/blog\/#website","url":"https:\/\/www.estrategiaconcursos.com.br\/blog\/","name":"Estrat\u00e9gia Concursos","description":"O blog da Estrat\u00e9gia Concursos traz not\u00edcias sobre concursos e artigos de professores oferecendo cursos para concursos (pdf + videaulas) no site.","publisher":{"@id":"https:\/\/www.estrategiaconcursos.com.br\/blog\/#organization"},"potentialAction":[{"@type":"SearchAction","target":{"@type":"EntryPoint","urlTemplate":"https:\/\/www.estrategiaconcursos.com.br\/blog\/?s={search_term_string}"},"query-input":{"@type":"PropertyValueSpecification","valueRequired":true,"valueName":"search_term_string"}}],"inLanguage":"pt-BR"},{"@type":"Organization","@id":"https:\/\/www.estrategiaconcursos.com.br\/blog\/#organization","name":"Estrat\u00e9gia Concursos","url":"https:\/\/www.estrategiaconcursos.com.br\/blog\/","logo":{"@type":"ImageObject","inLanguage":"pt-BR","@id":"https:\/\/www.estrategiaconcursos.com.br\/blog\/#\/schema\/logo\/image\/","url":"https:\/\/dhg1h5j42swfq.cloudfront.net\/2025\/06\/03203428\/logo_concursos-1.jpg","contentUrl":"https:\/\/dhg1h5j42swfq.cloudfront.net\/2025\/06\/03203428\/logo_concursos-1.jpg","width":230,"height":60,"caption":"Estrat\u00e9gia Concursos"},"image":{"@id":"https:\/\/www.estrategiaconcursos.com.br\/blog\/#\/schema\/logo\/image\/"},"sameAs":["https:\/\/x.com\/EstratConcursos"]},{"@type":"Person","@id":"https:\/\/www.estrategiaconcursos.com.br\/blog\/#\/schema\/person\/0906ff564105056f3b05978d503ee214","name":"Luis Eduardo","image":{"@type":"ImageObject","inLanguage":"pt-BR","@id":"https:\/\/secure.gravatar.com\/avatar\/3ce09d3c01f86018c4f3b15b9e6389f2ac325bc19863fdb79cd37fefb38517d1?s=96&d=mm&r=g","url":"https:\/\/secure.gravatar.com\/avatar\/3ce09d3c01f86018c4f3b15b9e6389f2ac325bc19863fdb79cd37fefb38517d1?s=96&d=mm&r=g","contentUrl":"https:\/\/secure.gravatar.com\/avatar\/3ce09d3c01f86018c4f3b15b9e6389f2ac325bc19863fdb79cd37fefb38517d1?s=96&d=mm&r=g","caption":"Luis Eduardo"},"sameAs":["https:\/\/www.facebook.com\/coachluiseduardo\/"],"url":"https:\/\/www.estrategiaconcursos.com.br\/blog\/author\/luiseduardoestrategiaconcursos-com-br\/"}]}},"_links":{"self":[{"href":"https:\/\/www.estrategiaconcursos.com.br\/blog\/wp-json\/wp\/v2\/posts\/1734264","targetHints":{"allow":["GET"]}}],"collection":[{"href":"https:\/\/www.estrategiaconcursos.com.br\/blog\/wp-json\/wp\/v2\/posts"}],"about":[{"href":"https:\/\/www.estrategiaconcursos.com.br\/blog\/wp-json\/wp\/v2\/types\/post"}],"author":[{"embeddable":true,"href":"https:\/\/www.estrategiaconcursos.com.br\/blog\/wp-json\/wp\/v2\/users\/344"}],"replies":[{"embeddable":true,"href":"https:\/\/www.estrategiaconcursos.com.br\/blog\/wp-json\/wp\/v2\/comments?post=1734264"}],"version-history":[{"count":3,"href":"https:\/\/www.estrategiaconcursos.com.br\/blog\/wp-json\/wp\/v2\/posts\/1734264\/revisions"}],"predecessor-version":[{"id":1734267,"href":"https:\/\/www.estrategiaconcursos.com.br\/blog\/wp-json\/wp\/v2\/posts\/1734264\/revisions\/1734267"}],"wp:featuredmedia":[{"embeddable":true,"href":"https:\/\/www.estrategiaconcursos.com.br\/blog\/wp-json\/wp\/v2\/media\/1540739"}],"wp:attachment":[{"href":"https:\/\/www.estrategiaconcursos.com.br\/blog\/wp-json\/wp\/v2\/media?parent=1734264"}],"wp:term":[{"taxonomy":"category","embeddable":true,"href":"https:\/\/www.estrategiaconcursos.com.br\/blog\/wp-json\/wp\/v2\/categories?post=1734264"},{"taxonomy":"post_tag","embeddable":true,"href":"https:\/\/www.estrategiaconcursos.com.br\/blog\/wp-json\/wp\/v2\/tags?post=1734264"},{"taxonomy":"tax_estado","embeddable":true,"href":"https:\/\/www.estrategiaconcursos.com.br\/blog\/wp-json\/wp\/v2\/tax_estado?post=1734264"}],"curies":[{"name":"wp","href":"https:\/\/api.w.org\/{rel}","templated":true}]}}