{"id":1734149,"date":"2026-03-13T17:16:57","date_gmt":"2026-03-13T20:16:57","guid":{"rendered":"https:\/\/www.estrategiaconcursos.com.br\/blog\/?p=1734149"},"modified":"2026-03-14T08:47:53","modified_gmt":"2026-03-14T11:47:53","slug":"concurso-sefaz-go-taxa-de-inscricao","status":"publish","type":"post","link":"https:\/\/www.estrategiaconcursos.com.br\/blog\/concurso-sefaz-go-taxa-de-inscricao\/","title":{"rendered":"\u00daltimo dia para pagar a taxa do concurso Sefaz GO"},"content":{"rendered":"\n<p>Aten\u00e7\u00e3o, corujas! <strong>Hoje \u00e9 o \u00faltimo dia para efetuar o pagamento da taxa de inscri\u00e7\u00e3o do concurso p\u00fablico da<\/strong>&nbsp;<strong>Sefaz GO (<a href=\"https:\/\/www.estrategiaconcursos.com.br\/cursosPorConcurso\/sefaz-go\/\" target=\"_blank\" rel=\"noreferrer noopener\">Secretaria da Economia do Estado de Goi\u00e1s<\/a>)<\/strong>.<\/p>\n\n\n\n<p>Lembrando que o valor da taxa de inscri\u00e7\u00e3o \u00e9 de R$ 250,00, e deve ser pago por meio do DARE (Documento de Arrecada\u00e7\u00e3o de Receitas Estaduais).<\/p>\n\n\n\n<p>Para emitir o seu DARE \u00e9 necess\u00e1rio realizar o procedimento no site da banca organizadora, a Funda\u00e7\u00e3o Carlos Chagas (FCC).<\/p>\n\n\n\n<p>\u00c9 dever do candidato manter sob sua guarda a c\u00f3pia da guia de recolhimento pago, inclusive no dia da realiza\u00e7\u00e3o das provas, de maneira a dirimir eventuais d\u00favidas.<\/p>\n\n\n\n<p>Acesse logo abaixo o site da organizadora para emitir o DARE e pagar a taxa do concurso Sefaz GO: <\/p>\n\n\n\n<figure class=\"wp-block-image aligncenter size-large\"><img loading=\"lazy\" decoding=\"async\" width=\"1024\" height=\"555\" src=\"https:\/\/dhg1h5j42swfq.cloudfront.net\/2026\/03\/13170843\/image-85-1024x555.png\" alt=\"Concurso Sefaz GO: \u00faltimo dia para pagar a taxa de inscri\u00e7\u00e3o!\" class=\"wp-image-1734170\" srcset=\"https:\/\/dhg1h5j42swfq.cloudfront.net\/2026\/03\/13170843\/image-85-1024x555.png 1024w, https:\/\/dhg1h5j42swfq.cloudfront.net\/2026\/03\/13170843\/image-85-300x162.png 300w, https:\/\/dhg1h5j42swfq.cloudfront.net\/2026\/03\/13170843\/image-85-768x416.png 768w, https:\/\/dhg1h5j42swfq.cloudfront.net\/2026\/03\/13170843\/image-85-150x81.png 150w, https:\/\/dhg1h5j42swfq.cloudfront.net\/2026\/03\/13170843\/image-85.png 1202w\" sizes=\"auto, (max-width: 1024px) 100vw, 1024px\" \/><figcaption class=\"wp-element-caption\">Concurso Sefaz GO: \u00faltimo dia para pagar a taxa de inscri\u00e7\u00e3o!<\/figcaption><\/figure>\n\n\n\n<ul class=\"wp-block-list\">\n<li><a href=\"https:\/\/www.concursosfcc.com.br\/portal_candidato\/#\/\" target=\"_blank\" rel=\"noreferrer noopener\">Acesse aqui o site da banca!<\/a><\/li>\n<\/ul>\n\n\n\n<p>Ademais, o certame oferece 75 vagas no cargo de Auditor Fiscal, carreira que exige n\u00edvel superior em qualquer \u00e1rea de forma\u00e7\u00e3o.<\/p>\n\n\n\n<p>No entanto, para ser aprovado na sele\u00e7\u00e3o, os inscritos devem come\u00e7ar a se preparar para a etapa de provas. As avalia\u00e7\u00f5es ser\u00e3o aplicadas no dia <strong>17 de maio.<\/strong><\/p>\n\n\n\n<h2 class=\"wp-block-heading has-text-align-center\" id=\"h-ja-comecou-a-se-preparar-ainda-nao-entao-garanta-o-seu-curso-com-o-lider-em-aprovacoes\">J\u00e1 come\u00e7ou a se preparar? Ainda n\u00e3o? Ent\u00e3o, garanta o seu curso com o l\u00edder em aprova\u00e7\u00f5es.<\/h2>\n\n\n\n<div class=\"container\" id=\"boxes\">\r\n  <div class=\"row\">\r\n\r\n    <div class=\"col-sm\">\r\n      <div class=\"estrategia\" id=\"box-assinatura\">\r\n        <h3 class=\"titulo-assinatura\">Assinatura Concursos<\/h3>\r\n        <p class=\"subtitulo-assinatura\">Assinatura de 1 ano ou 2 anos<\/p>\r\n        <div class=\"box-botao\">\r\n          <a class=\"btn-assinatura\" target=\"_blank\" href=\"https:\/\/www.estrategiaconcursos.com.br\/assinaturas\/\" role=\"button\" rel=\"noopener noreferrer\">ASSINE AGORA<\/a>\r\n        <\/div>\r\n      <\/div><\/div><\/div><\/div>\n\n\n\n<p>Os futuros aprovados no concurso ser\u00e3o remunerados com sal\u00e1rios pra l\u00e1 de atrativos, com valores que podem mudar a sua vida.<\/p>\n\n\n\n<p>Estamos falando de vencimentos iniciais de&nbsp;<strong>R$ 28.563,30<\/strong>, mais verba indenizat\u00f3ria de R$ 3,6 mil,&nbsp;<strong>ultrapassando os R$ 32 mil<\/strong>.<\/p>\n\n\n\n<p class=\"has-text-align-center\"><em>Ficou interessado nas informa\u00e7\u00f5es do concurso Sefaz GO? Quer saber mais al\u00e9m das atualiza\u00e7\u00f5es sobre o pagamento da taxa? Ent\u00e3o, acesse logo abaixo:<\/em><\/p>\n\n\n\n<p class=\"has-text-align-center has-background has-medium-font-size\" style=\"background-color:#e1e8ec\"><strong>SAIBA TUDO SOBRE O <\/strong><a href=\"https:\/\/www.estrategiaconcursos.com.br\/blog\/concurso-sefaz-go\/\" target=\"_blank\" rel=\"noreferrer noopener\"><strong>CONCURSO SEFAZ GO<\/strong><\/a><\/p>\n\n\n\n<hr class=\"wp-block-separator has-css-opacity\"\/>\n\n\n\n<h2 class=\"wp-block-heading has-text-align-center\" id=\"h-quer-saber-tudo-sobre-concursos-previstos-confira-nossos-artigos\">Quer saber tudo sobre concursos previstos?<br \/>Confira nossos artigos!<\/h2>\n\n\n\n<ul class=\"wp-block-list\">\n<li><a href=\"https:\/\/www.estrategiaconcursos.com.br\/blog\/concursos-abertos\/\" target=\"_blank\" rel=\"noreferrer noopener\">Concursos Abertos<\/a><\/li>\n\n\n\n<li><a href=\"https:\/\/www.estrategiaconcursos.com.br\/blog\/concursos-fiscais\/\" target=\"_blank\" rel=\"noreferrer noopener\">Concursos Fiscais<\/a><\/li>\n\n\n\n<li><a href=\"https:\/\/www.estrategiaconcursos.com.br\/blog\/concursos-2026\/\" target=\"_blank\" rel=\"noreferrer noopener\">Concursos 2026<\/a><\/li>\n<\/ul>\n","protected":false},"excerpt":{"rendered":"<p>Aten\u00e7\u00e3o, corujas! Hoje \u00e9 o \u00faltimo dia para efetuar o pagamento da taxa de inscri\u00e7\u00e3o do concurso p\u00fablico da&nbsp;Sefaz GO (Secretaria da Economia do Estado de Goi\u00e1s). Lembrando que o valor da taxa de inscri\u00e7\u00e3o \u00e9 de R$ 250,00, e deve ser pago por meio do DARE (Documento de Arrecada\u00e7\u00e3o de Receitas Estaduais). Para emitir [&hellip;]<\/p>\n","protected":false},"author":656,"featured_media":1733177,"comment_status":"open","ping_status":"closed","sticky":false,"template":"","format":"standard","meta":{"post_tipo":"news","footnotes":""},"categories":[1983,220219],"tags":[],"tax_estado":[219972],"class_list":["post-1734149","post","type-post","status-publish","format-standard","has-post-thumbnail","hentry","category-fiscal-estadual","category-noticias","tax_estado-go"],"acf":[],"yoast_head":"<!-- This site is optimized with the Yoast SEO Premium plugin v27.2 (Yoast SEO v27.2) - https:\/\/yoast.com\/product\/yoast-seo-premium-wordpress\/ -->\n<title>\u00daltimo dia para pagar a taxa do concurso Sefaz GO<\/title>\n<meta name=\"description\" content=\"Concurso Sefaz GO: \u00faltimo dia para pagar a taxa de inscri\u00e7\u00e3o! Acesse agora mesmo o site da banca e garanta a sua participa\u00e7\u00e3o!\" \/>\n<meta name=\"robots\" content=\"index, follow, max-snippet:-1, max-image-preview:large, max-video-preview:-1\" \/>\n<link rel=\"canonical\" href=\"https:\/\/www.estrategiaconcursos.com.br\/blog\/concurso-sefaz-go-taxa-de-inscricao\/\" \/>\n<meta property=\"og:locale\" content=\"pt_BR\" \/>\n<meta property=\"og:type\" content=\"article\" \/>\n<meta property=\"og:title\" content=\"\u00daltimo dia para pagar a taxa do concurso Sefaz GO\" \/>\n<meta property=\"og:description\" content=\"Concurso Sefaz GO: \u00faltimo dia para pagar a taxa de inscri\u00e7\u00e3o! Acesse agora mesmo o site da banca e garanta a sua participa\u00e7\u00e3o!\" \/>\n<meta property=\"og:url\" content=\"https:\/\/www.estrategiaconcursos.com.br\/blog\/concurso-sefaz-go-taxa-de-inscricao\/\" \/>\n<meta property=\"og:site_name\" content=\"Estrat\u00e9gia Concursos\" \/>\n<meta property=\"article:published_time\" content=\"2026-03-13T20:16:57+00:00\" \/>\n<meta property=\"article:modified_time\" content=\"2026-03-14T11:47:53+00:00\" \/>\n<meta property=\"og:image\" content=\"https:\/\/dhg1h5j42swfq.cloudfront.net\/2026\/03\/13070800\/image-78.png\" \/>\n\t<meta property=\"og:image:width\" content=\"900\" \/>\n\t<meta property=\"og:image:height\" content=\"507\" \/>\n\t<meta property=\"og:image:type\" content=\"image\/png\" \/>\n<meta name=\"author\" content=\"F\u00e1bio Scaldelai\" \/>\n<meta name=\"twitter:card\" content=\"summary_large_image\" \/>\n<meta name=\"twitter:creator\" content=\"@EstratConcursos\" \/>\n<meta name=\"twitter:site\" content=\"@EstratConcursos\" \/>\n<meta name=\"twitter:label1\" content=\"Escrito por\" \/>\n\t<meta name=\"twitter:data1\" content=\"F\u00e1bio Scaldelai\" \/>\n\t<meta name=\"twitter:label2\" content=\"Est. tempo de leitura\" \/>\n\t<meta name=\"twitter:data2\" content=\"2 minutos\" \/>\n<script type=\"application\/ld+json\" class=\"yoast-schema-graph\">{\"@context\":\"https:\/\/schema.org\",\"@graph\":[{\"@type\":\"NewsArticle\",\"@id\":\"https:\/\/www.estrategiaconcursos.com.br\/blog\/concurso-sefaz-go-taxa-de-inscricao\/#article\",\"isPartOf\":{\"@id\":\"https:\/\/www.estrategiaconcursos.com.br\/blog\/concurso-sefaz-go-taxa-de-inscricao\/\"},\"author\":{\"name\":\"F\u00e1bio Scaldelai\",\"@id\":\"https:\/\/www.estrategiaconcursos.com.br\/blog\/#\/schema\/person\/e3b6b7ce0192dd4ad270655969d61750\"},\"headline\":\"\u00daltimo dia para pagar a taxa do concurso Sefaz GO\",\"datePublished\":\"2026-03-13T20:16:57+00:00\",\"dateModified\":\"2026-03-14T11:47:53+00:00\",\"mainEntityOfPage\":{\"@id\":\"https:\/\/www.estrategiaconcursos.com.br\/blog\/concurso-sefaz-go-taxa-de-inscricao\/\"},\"wordCount\":331,\"commentCount\":0,\"publisher\":{\"@id\":\"https:\/\/www.estrategiaconcursos.com.br\/blog\/#organization\"},\"image\":{\"@id\":\"https:\/\/www.estrategiaconcursos.com.br\/blog\/concurso-sefaz-go-taxa-de-inscricao\/#primaryimage\"},\"thumbnailUrl\":\"https:\/\/dhg1h5j42swfq.cloudfront.net\/2026\/03\/13070800\/image-78.png\",\"articleSection\":[\"Fiscal - Estadual (ICMS)\",\"\u00daltimas not\u00edcias\"],\"inLanguage\":\"pt-BR\",\"potentialAction\":[{\"@type\":\"CommentAction\",\"name\":\"Comment\",\"target\":[\"https:\/\/www.estrategiaconcursos.com.br\/blog\/concurso-sefaz-go-taxa-de-inscricao\/#respond\"]}],\"copyrightYear\":\"2026\",\"copyrightHolder\":{\"@id\":\"https:\/\/www.estrategiaconcursos.com.br\/blog\/#organization\"}},{\"@type\":\"WebPage\",\"@id\":\"https:\/\/www.estrategiaconcursos.com.br\/blog\/concurso-sefaz-go-taxa-de-inscricao\/\",\"url\":\"https:\/\/www.estrategiaconcursos.com.br\/blog\/concurso-sefaz-go-taxa-de-inscricao\/\",\"name\":\"\u00daltimo dia para pagar a taxa do concurso Sefaz GO\",\"isPartOf\":{\"@id\":\"https:\/\/www.estrategiaconcursos.com.br\/blog\/#website\"},\"primaryImageOfPage\":{\"@id\":\"https:\/\/www.estrategiaconcursos.com.br\/blog\/concurso-sefaz-go-taxa-de-inscricao\/#primaryimage\"},\"image\":{\"@id\":\"https:\/\/www.estrategiaconcursos.com.br\/blog\/concurso-sefaz-go-taxa-de-inscricao\/#primaryimage\"},\"thumbnailUrl\":\"https:\/\/dhg1h5j42swfq.cloudfront.net\/2026\/03\/13070800\/image-78.png\",\"datePublished\":\"2026-03-13T20:16:57+00:00\",\"dateModified\":\"2026-03-14T11:47:53+00:00\",\"description\":\"Concurso Sefaz GO: \u00faltimo dia para pagar a taxa de inscri\u00e7\u00e3o! Acesse agora mesmo o site da banca e garanta a sua participa\u00e7\u00e3o!\",\"breadcrumb\":{\"@id\":\"https:\/\/www.estrategiaconcursos.com.br\/blog\/concurso-sefaz-go-taxa-de-inscricao\/#breadcrumb\"},\"inLanguage\":\"pt-BR\",\"potentialAction\":[{\"@type\":\"ReadAction\",\"target\":[\"https:\/\/www.estrategiaconcursos.com.br\/blog\/concurso-sefaz-go-taxa-de-inscricao\/\"]}]},{\"@type\":\"ImageObject\",\"inLanguage\":\"pt-BR\",\"@id\":\"https:\/\/www.estrategiaconcursos.com.br\/blog\/concurso-sefaz-go-taxa-de-inscricao\/#primaryimage\",\"url\":\"https:\/\/dhg1h5j42swfq.cloudfront.net\/2026\/03\/13070800\/image-78.png\",\"contentUrl\":\"https:\/\/dhg1h5j42swfq.cloudfront.net\/2026\/03\/13070800\/image-78.png\",\"width\":900,\"height\":507,\"caption\":\"Concurso Sefaz GO taxa\"},{\"@type\":\"BreadcrumbList\",\"@id\":\"https:\/\/www.estrategiaconcursos.com.br\/blog\/concurso-sefaz-go-taxa-de-inscricao\/#breadcrumb\",\"itemListElement\":[{\"@type\":\"ListItem\",\"position\":1,\"name\":\"In\u00edcio\",\"item\":\"https:\/\/www.estrategiaconcursos.com.br\/blog\/\"},{\"@type\":\"ListItem\",\"position\":2,\"name\":\"\u00daltimo dia para pagar a taxa do concurso Sefaz GO\"}]},{\"@type\":\"WebSite\",\"@id\":\"https:\/\/www.estrategiaconcursos.com.br\/blog\/#website\",\"url\":\"https:\/\/www.estrategiaconcursos.com.br\/blog\/\",\"name\":\"Estrat\u00e9gia Concursos\",\"description\":\"O blog da Estrat\u00e9gia Concursos traz not\u00edcias sobre concursos e artigos de professores oferecendo cursos para concursos (pdf + videaulas) no site.\",\"publisher\":{\"@id\":\"https:\/\/www.estrategiaconcursos.com.br\/blog\/#organization\"},\"potentialAction\":[{\"@type\":\"SearchAction\",\"target\":{\"@type\":\"EntryPoint\",\"urlTemplate\":\"https:\/\/www.estrategiaconcursos.com.br\/blog\/?s={search_term_string}\"},\"query-input\":{\"@type\":\"PropertyValueSpecification\",\"valueRequired\":true,\"valueName\":\"search_term_string\"}}],\"inLanguage\":\"pt-BR\"},{\"@type\":\"Organization\",\"@id\":\"https:\/\/www.estrategiaconcursos.com.br\/blog\/#organization\",\"name\":\"Estrat\u00e9gia Concursos\",\"url\":\"https:\/\/www.estrategiaconcursos.com.br\/blog\/\",\"logo\":{\"@type\":\"ImageObject\",\"inLanguage\":\"pt-BR\",\"@id\":\"https:\/\/www.estrategiaconcursos.com.br\/blog\/#\/schema\/logo\/image\/\",\"url\":\"https:\/\/dhg1h5j42swfq.cloudfront.net\/2025\/06\/03203428\/logo_concursos-1.jpg\",\"contentUrl\":\"https:\/\/dhg1h5j42swfq.cloudfront.net\/2025\/06\/03203428\/logo_concursos-1.jpg\",\"width\":230,\"height\":60,\"caption\":\"Estrat\u00e9gia Concursos\"},\"image\":{\"@id\":\"https:\/\/www.estrategiaconcursos.com.br\/blog\/#\/schema\/logo\/image\/\"},\"sameAs\":[\"https:\/\/x.com\/EstratConcursos\"]},{\"@type\":\"Person\",\"@id\":\"https:\/\/www.estrategiaconcursos.com.br\/blog\/#\/schema\/person\/e3b6b7ce0192dd4ad270655969d61750\",\"name\":\"F\u00e1bio Scaldelai\",\"image\":{\"@type\":\"ImageObject\",\"inLanguage\":\"pt-BR\",\"@id\":\"https:\/\/secure.gravatar.com\/avatar\/8ed7492c4d88d8495bc0cb24cda6847b8ae23eec459a919e08e77d0ca0fd79ec?s=96&d=mm&r=g\",\"url\":\"https:\/\/secure.gravatar.com\/avatar\/8ed7492c4d88d8495bc0cb24cda6847b8ae23eec459a919e08e77d0ca0fd79ec?s=96&d=mm&r=g\",\"contentUrl\":\"https:\/\/secure.gravatar.com\/avatar\/8ed7492c4d88d8495bc0cb24cda6847b8ae23eec459a919e08e77d0ca0fd79ec?s=96&d=mm&r=g\",\"caption\":\"F\u00e1bio Scaldelai\"},\"description\":\"Jornalista no Estrat\u00e9gia Concursos e Produtor de Televis\u00e3o, formado em Jornalismo, R\u00e1dio e TV pela Faculdade Integrada Rio Branco, com especializa\u00e7\u00f5es em Gest\u00e3o Empresarial e Marketing pelo M\u00f3dulo. Atuou como produtor no SBT, TV Bandeirantes e R\u00e1dio Band FM, al\u00e9m de acumular tr\u00eas anos de experi\u00eancia no setor de concursos p\u00fablicos pela LFG (Luiz Fl\u00e1vio Gomes). No Estrat\u00e9gia Concursos, atua na apura\u00e7\u00e3o de not\u00edcias da \u00e1rea fiscal, al\u00e9m de coberturas sobre concursos das \u00e1reas de controle (TCU, TCE, etc), concurso AFT, \u00e1rea de gest\u00e3o e administrativa, bem como dos \u00f3rg\u00e3os participantes do CNU. Tamb\u00e9m possui experi\u00eancia em link building e an\u00e1lise de m\u00eddia, adquirida durante sua atua\u00e7\u00e3o na ag\u00eancia SEO Marketing.\",\"url\":\"https:\/\/www.estrategiaconcursos.com.br\/blog\/author\/fabio-scaldelaiestrategiaconcursos-com-br\/\"}]}<\/script>\n<!-- \/ Yoast SEO Premium plugin. -->","yoast_head_json":{"title":"\u00daltimo dia para pagar a taxa do concurso Sefaz GO","description":"Concurso Sefaz GO: \u00faltimo dia para pagar a taxa de inscri\u00e7\u00e3o! Acesse agora mesmo o site da banca e garanta a sua participa\u00e7\u00e3o!","robots":{"index":"index","follow":"follow","max-snippet":"max-snippet:-1","max-image-preview":"max-image-preview:large","max-video-preview":"max-video-preview:-1"},"canonical":"https:\/\/www.estrategiaconcursos.com.br\/blog\/concurso-sefaz-go-taxa-de-inscricao\/","og_locale":"pt_BR","og_type":"article","og_title":"\u00daltimo dia para pagar a taxa do concurso Sefaz GO","og_description":"Concurso Sefaz GO: \u00faltimo dia para pagar a taxa de inscri\u00e7\u00e3o! Acesse agora mesmo o site da banca e garanta a sua participa\u00e7\u00e3o!","og_url":"https:\/\/www.estrategiaconcursos.com.br\/blog\/concurso-sefaz-go-taxa-de-inscricao\/","og_site_name":"Estrat\u00e9gia Concursos","article_published_time":"2026-03-13T20:16:57+00:00","article_modified_time":"2026-03-14T11:47:53+00:00","og_image":[{"width":900,"height":507,"url":"https:\/\/dhg1h5j42swfq.cloudfront.net\/2026\/03\/13070800\/image-78.png","type":"image\/png"}],"author":"F\u00e1bio Scaldelai","twitter_card":"summary_large_image","twitter_creator":"@EstratConcursos","twitter_site":"@EstratConcursos","twitter_misc":{"Escrito por":"F\u00e1bio Scaldelai","Est. tempo de leitura":"2 minutos"},"schema":{"@context":"https:\/\/schema.org","@graph":[{"@type":"NewsArticle","@id":"https:\/\/www.estrategiaconcursos.com.br\/blog\/concurso-sefaz-go-taxa-de-inscricao\/#article","isPartOf":{"@id":"https:\/\/www.estrategiaconcursos.com.br\/blog\/concurso-sefaz-go-taxa-de-inscricao\/"},"author":{"name":"F\u00e1bio Scaldelai","@id":"https:\/\/www.estrategiaconcursos.com.br\/blog\/#\/schema\/person\/e3b6b7ce0192dd4ad270655969d61750"},"headline":"\u00daltimo dia para pagar a taxa do concurso Sefaz GO","datePublished":"2026-03-13T20:16:57+00:00","dateModified":"2026-03-14T11:47:53+00:00","mainEntityOfPage":{"@id":"https:\/\/www.estrategiaconcursos.com.br\/blog\/concurso-sefaz-go-taxa-de-inscricao\/"},"wordCount":331,"commentCount":0,"publisher":{"@id":"https:\/\/www.estrategiaconcursos.com.br\/blog\/#organization"},"image":{"@id":"https:\/\/www.estrategiaconcursos.com.br\/blog\/concurso-sefaz-go-taxa-de-inscricao\/#primaryimage"},"thumbnailUrl":"https:\/\/dhg1h5j42swfq.cloudfront.net\/2026\/03\/13070800\/image-78.png","articleSection":["Fiscal - Estadual (ICMS)","\u00daltimas not\u00edcias"],"inLanguage":"pt-BR","potentialAction":[{"@type":"CommentAction","name":"Comment","target":["https:\/\/www.estrategiaconcursos.com.br\/blog\/concurso-sefaz-go-taxa-de-inscricao\/#respond"]}],"copyrightYear":"2026","copyrightHolder":{"@id":"https:\/\/www.estrategiaconcursos.com.br\/blog\/#organization"}},{"@type":"WebPage","@id":"https:\/\/www.estrategiaconcursos.com.br\/blog\/concurso-sefaz-go-taxa-de-inscricao\/","url":"https:\/\/www.estrategiaconcursos.com.br\/blog\/concurso-sefaz-go-taxa-de-inscricao\/","name":"\u00daltimo dia para pagar a taxa do concurso Sefaz GO","isPartOf":{"@id":"https:\/\/www.estrategiaconcursos.com.br\/blog\/#website"},"primaryImageOfPage":{"@id":"https:\/\/www.estrategiaconcursos.com.br\/blog\/concurso-sefaz-go-taxa-de-inscricao\/#primaryimage"},"image":{"@id":"https:\/\/www.estrategiaconcursos.com.br\/blog\/concurso-sefaz-go-taxa-de-inscricao\/#primaryimage"},"thumbnailUrl":"https:\/\/dhg1h5j42swfq.cloudfront.net\/2026\/03\/13070800\/image-78.png","datePublished":"2026-03-13T20:16:57+00:00","dateModified":"2026-03-14T11:47:53+00:00","description":"Concurso Sefaz GO: \u00faltimo dia para pagar a taxa de inscri\u00e7\u00e3o! Acesse agora mesmo o site da banca e garanta a sua participa\u00e7\u00e3o!","breadcrumb":{"@id":"https:\/\/www.estrategiaconcursos.com.br\/blog\/concurso-sefaz-go-taxa-de-inscricao\/#breadcrumb"},"inLanguage":"pt-BR","potentialAction":[{"@type":"ReadAction","target":["https:\/\/www.estrategiaconcursos.com.br\/blog\/concurso-sefaz-go-taxa-de-inscricao\/"]}]},{"@type":"ImageObject","inLanguage":"pt-BR","@id":"https:\/\/www.estrategiaconcursos.com.br\/blog\/concurso-sefaz-go-taxa-de-inscricao\/#primaryimage","url":"https:\/\/dhg1h5j42swfq.cloudfront.net\/2026\/03\/13070800\/image-78.png","contentUrl":"https:\/\/dhg1h5j42swfq.cloudfront.net\/2026\/03\/13070800\/image-78.png","width":900,"height":507,"caption":"Concurso Sefaz GO taxa"},{"@type":"BreadcrumbList","@id":"https:\/\/www.estrategiaconcursos.com.br\/blog\/concurso-sefaz-go-taxa-de-inscricao\/#breadcrumb","itemListElement":[{"@type":"ListItem","position":1,"name":"In\u00edcio","item":"https:\/\/www.estrategiaconcursos.com.br\/blog\/"},{"@type":"ListItem","position":2,"name":"\u00daltimo dia para pagar a taxa do concurso Sefaz GO"}]},{"@type":"WebSite","@id":"https:\/\/www.estrategiaconcursos.com.br\/blog\/#website","url":"https:\/\/www.estrategiaconcursos.com.br\/blog\/","name":"Estrat\u00e9gia Concursos","description":"O blog da Estrat\u00e9gia Concursos traz not\u00edcias sobre concursos e artigos de professores oferecendo cursos para concursos (pdf + videaulas) no site.","publisher":{"@id":"https:\/\/www.estrategiaconcursos.com.br\/blog\/#organization"},"potentialAction":[{"@type":"SearchAction","target":{"@type":"EntryPoint","urlTemplate":"https:\/\/www.estrategiaconcursos.com.br\/blog\/?s={search_term_string}"},"query-input":{"@type":"PropertyValueSpecification","valueRequired":true,"valueName":"search_term_string"}}],"inLanguage":"pt-BR"},{"@type":"Organization","@id":"https:\/\/www.estrategiaconcursos.com.br\/blog\/#organization","name":"Estrat\u00e9gia Concursos","url":"https:\/\/www.estrategiaconcursos.com.br\/blog\/","logo":{"@type":"ImageObject","inLanguage":"pt-BR","@id":"https:\/\/www.estrategiaconcursos.com.br\/blog\/#\/schema\/logo\/image\/","url":"https:\/\/dhg1h5j42swfq.cloudfront.net\/2025\/06\/03203428\/logo_concursos-1.jpg","contentUrl":"https:\/\/dhg1h5j42swfq.cloudfront.net\/2025\/06\/03203428\/logo_concursos-1.jpg","width":230,"height":60,"caption":"Estrat\u00e9gia Concursos"},"image":{"@id":"https:\/\/www.estrategiaconcursos.com.br\/blog\/#\/schema\/logo\/image\/"},"sameAs":["https:\/\/x.com\/EstratConcursos"]},{"@type":"Person","@id":"https:\/\/www.estrategiaconcursos.com.br\/blog\/#\/schema\/person\/e3b6b7ce0192dd4ad270655969d61750","name":"F\u00e1bio Scaldelai","image":{"@type":"ImageObject","inLanguage":"pt-BR","@id":"https:\/\/secure.gravatar.com\/avatar\/8ed7492c4d88d8495bc0cb24cda6847b8ae23eec459a919e08e77d0ca0fd79ec?s=96&d=mm&r=g","url":"https:\/\/secure.gravatar.com\/avatar\/8ed7492c4d88d8495bc0cb24cda6847b8ae23eec459a919e08e77d0ca0fd79ec?s=96&d=mm&r=g","contentUrl":"https:\/\/secure.gravatar.com\/avatar\/8ed7492c4d88d8495bc0cb24cda6847b8ae23eec459a919e08e77d0ca0fd79ec?s=96&d=mm&r=g","caption":"F\u00e1bio Scaldelai"},"description":"Jornalista no Estrat\u00e9gia Concursos e Produtor de Televis\u00e3o, formado em Jornalismo, R\u00e1dio e TV pela Faculdade Integrada Rio Branco, com especializa\u00e7\u00f5es em Gest\u00e3o Empresarial e Marketing pelo M\u00f3dulo. Atuou como produtor no SBT, TV Bandeirantes e R\u00e1dio Band FM, al\u00e9m de acumular tr\u00eas anos de experi\u00eancia no setor de concursos p\u00fablicos pela LFG (Luiz Fl\u00e1vio Gomes). No Estrat\u00e9gia Concursos, atua na apura\u00e7\u00e3o de not\u00edcias da \u00e1rea fiscal, al\u00e9m de coberturas sobre concursos das \u00e1reas de controle (TCU, TCE, etc), concurso AFT, \u00e1rea de gest\u00e3o e administrativa, bem como dos \u00f3rg\u00e3os participantes do CNU. Tamb\u00e9m possui experi\u00eancia em link building e an\u00e1lise de m\u00eddia, adquirida durante sua atua\u00e7\u00e3o na ag\u00eancia SEO Marketing.","url":"https:\/\/www.estrategiaconcursos.com.br\/blog\/author\/fabio-scaldelaiestrategiaconcursos-com-br\/"}]}},"_links":{"self":[{"href":"https:\/\/www.estrategiaconcursos.com.br\/blog\/wp-json\/wp\/v2\/posts\/1734149","targetHints":{"allow":["GET"]}}],"collection":[{"href":"https:\/\/www.estrategiaconcursos.com.br\/blog\/wp-json\/wp\/v2\/posts"}],"about":[{"href":"https:\/\/www.estrategiaconcursos.com.br\/blog\/wp-json\/wp\/v2\/types\/post"}],"author":[{"embeddable":true,"href":"https:\/\/www.estrategiaconcursos.com.br\/blog\/wp-json\/wp\/v2\/users\/656"}],"replies":[{"embeddable":true,"href":"https:\/\/www.estrategiaconcursos.com.br\/blog\/wp-json\/wp\/v2\/comments?post=1734149"}],"version-history":[{"count":4,"href":"https:\/\/www.estrategiaconcursos.com.br\/blog\/wp-json\/wp\/v2\/posts\/1734149\/revisions"}],"predecessor-version":[{"id":1734404,"href":"https:\/\/www.estrategiaconcursos.com.br\/blog\/wp-json\/wp\/v2\/posts\/1734149\/revisions\/1734404"}],"wp:featuredmedia":[{"embeddable":true,"href":"https:\/\/www.estrategiaconcursos.com.br\/blog\/wp-json\/wp\/v2\/media\/1733177"}],"wp:attachment":[{"href":"https:\/\/www.estrategiaconcursos.com.br\/blog\/wp-json\/wp\/v2\/media?parent=1734149"}],"wp:term":[{"taxonomy":"category","embeddable":true,"href":"https:\/\/www.estrategiaconcursos.com.br\/blog\/wp-json\/wp\/v2\/categories?post=1734149"},{"taxonomy":"post_tag","embeddable":true,"href":"https:\/\/www.estrategiaconcursos.com.br\/blog\/wp-json\/wp\/v2\/tags?post=1734149"},{"taxonomy":"tax_estado","embeddable":true,"href":"https:\/\/www.estrategiaconcursos.com.br\/blog\/wp-json\/wp\/v2\/tax_estado?post=1734149"}],"curies":[{"name":"wp","href":"https:\/\/api.w.org\/{rel}","templated":true}]}}