{"id":1733796,"date":"2026-03-13T16:39:38","date_gmt":"2026-03-13T19:39:38","guid":{"rendered":"https:\/\/www.estrategiaconcursos.com.br\/blog\/?p=1733796"},"modified":"2026-03-13T18:07:18","modified_gmt":"2026-03-13T21:07:18","slug":"entrevista-tecnologia-trabalho-prf","status":"publish","type":"post","link":"https:\/\/www.estrategiaconcursos.com.br\/blog\/entrevista-tecnologia-trabalho-prf\/","title":{"rendered":"Entrevista: como a tecnologia auxilia o trabalho da PRF?"},"content":{"rendered":"\n<p style=\"font-size:clamp(14.642px, 0.915rem + ((1vw - 3.2px) * 0.721), 22px);\"><em><strong>Coordenador-geral de Gest\u00e3o Operacional da Pol\u00edcia Rodovi\u00e1ria Federal concedeu entrevista exclusiva ao Estrat\u00e9gia Concursos!<\/strong><\/em><\/p>\n\n\n\n<p>A <strong>tecnologia<\/strong> tem desempenhado um papel cada vez mais estrat\u00e9gico no <strong>trabalho da Pol\u00edcia Rodovi\u00e1ria Federal (PRF)<\/strong>, ampliando a capacidade de fiscaliza\u00e7\u00e3o, preven\u00e7\u00e3o e combate ao crime.<\/p>\n\n\n\n<p>A corpora\u00e7\u00e3o emprega equipamentos modernos e sistemas inteligentes que contribuem para tornar as opera\u00e7\u00f5es policiais nas rodovias federais mais \u00e1geis, eficientes e seguras.<\/p>\n\n\n\n<p>Ferramentas como drones, radares m\u00f3veis de leitura autom\u00e1tica de placas, al\u00e9m de bases de dados integradas e digitais permitem que os policiais identifiquem irregularidades com mais agilidade, acompanhem ocorr\u00eancias em tempo real e planejem opera\u00e7\u00f5es com base em an\u00e1lise de informa\u00e7\u00f5es. <\/p>\n\n\n\n<p>O uso dessas tecnologias tamb\u00e9m auxilia na <strong>redu\u00e7\u00e3o de acidentes e no enfrentamento de crimes como tr\u00e1fico de drogas, roubo de ve\u00edculos e contrabando<\/strong>.<\/p>\n\n\n\n<div id=\"boxes\" class=\"container\">\n<div class=\"row\">\n<div class=\"col-sm\">\n<div id=\"box-assinatura\" class=\"banner-prf\">\n<h3 class=\"titulo-assinatura\">Concurso PRF<\/h3>\n<p class=\"subtitulo-assinatura\">Conquiste a farda da PRF: Comece sua jornada!<\/p>\n<div class=\"box-botao\"><a class=\"btn-assinatura\" role=\"button\" href=\"https:\/\/www.estrategiaconcursos.com.br\/cursosPorConcurso\/prf-policial-rodoviario-federal\/\" target=\"_blank\" rel=\"noopener noreferrer\">INICIAR AGORA<\/a><\/div>\n<\/div>\n<\/div>\n<\/div>\n<\/div>\n\n\n\n<h2 class=\"wp-block-heading\" id=\"h-como-a-tecnologia-tem-transformado-o-trabalho-da-policia-rodoviaria-federal-ao-longo-dos-anos\">Como a tecnologia tem transformado o trabalho da Pol\u00edcia Rodovi\u00e1ria Federal ao longo dos anos?<\/h2>\n\n\n\n<p>Para explicar como esses recursos s\u00e3o aplicados no dia a dia da institui\u00e7\u00e3o policial, o Estrat\u00e9gia Concursos conversou com <strong>St\u00eanio Pires Benevides<\/strong>, <strong>coordenador-geral de Gest\u00e3o Operacional da Pol\u00edcia Rodovi\u00e1ria Federal<\/strong>, que detalhou de que forma a inova\u00e7\u00e3o tecnol\u00f3gica tem fortalecido o trabalho ostensivo nas rodovias brasileiras.<\/p>\n\n\n\n<p>Com 30 anos de carreira, St\u00eanio diz que n\u00e3o s\u00f3 viu o que melhorou ao longo dos anos, mas que fez parte desse processo, uma vez que integrou muitos dos projetos de melhorias implementados pela Pol\u00edcia Rodovi\u00e1ria Federal.<\/p>\n\n\n\n<h3 class=\"wp-block-heading\" id=\"h-ec-como-a-tecnologia-transformou-o-trabalho-da-prf-ao-longo-dos-anos\"><strong>EC &#8211; Como a tecnologia transformou o trabalho da PRF ao longo dos anos?<\/strong><\/h3>\n\n\n\n<p><strong>St\u00eanio &#8211;<\/strong> \u00c9 uma mudan\u00e7a profunda, n\u00e9? N\u00f3s temos a quest\u00e3o de que, 30 anos atr\u00e1s, basicamente, o Policial Rodovi\u00e1rio Federal trabalhava dentro de uma viatura e com, no m\u00e1ximo, um r\u00e1dio de comunica\u00e7\u00e3o para entrar em contato com a base ou com outras equipes.<\/p>\n\n\n\n<p>Praticamente, todas as consultas eram realizadas por meio de r\u00e1dio para a central. Hoje, o policial, dentro da viatura, tem total independ\u00eancia com o uso de tecnologias para realizar todo tipo de consulta necess\u00e1ria e alguns procedimentos de fiscaliza\u00e7\u00e3o com a utiliza\u00e7\u00e3o de equipamentos modernos, sem a necessidade de estar entrando em contato com a central para complementar essa fiscaliza\u00e7\u00e3o.<\/p>\n\n\n\n<h3 class=\"wp-block-heading\" id=\"h-ec-quais-equipamentos-tecnologicos-voce-acha-que-hoje-sao-indispensaveis-para-o-trabalho-do-policial-durante-as-fiscalizacoes-ou-o-patrulhamento\"><strong>EC &#8211; Quais equipamentos tecnol\u00f3gicos voc\u00ea acha que hoje s\u00e3o indispens\u00e1veis para o trabalho do policial durante as fiscaliza\u00e7\u00f5es ou o patrulhamento?<\/strong><\/h3>\n\n\n\n<p><strong>St\u00eanio &#8211;<\/strong> A Pol\u00edcia Rodovi\u00e1ria Federal desenvolveu muita tecnologia com celulares e tablets. Hoje, o PRF realiza toda a sua fiscaliza\u00e7\u00e3o por meio desses equipamentos.<\/p>\n\n\n\n<p>A corpora\u00e7\u00e3o entrega para cada policial um aparelho celular e um chip de dados e, com esses equipamentos e sistemas de aplicativos nativos da Pol\u00edcia Rodovi\u00e1ria Federal, ele realiza todo tipo de fiscaliza\u00e7\u00e3o.<\/p>\n\n\n\n<p>O Policial Rodovi\u00e1rio Federal n\u00e3o usa mais papel ou caneta, n\u00e3o existe mais nenhum formul\u00e1rio ou preenchimento de qualquer procedimento operacional a ser feito com papel.<\/p>\n\n\n\n<h3 class=\"wp-block-heading\" id=\"h-ec-a-corporacao-utiliza-drones-para-monitoramento-e-fiscalizacao-como-eles-auxiliam-nas-operacoes\"><strong>EC &#8211; A corpora\u00e7\u00e3o utiliza drones para monitoramento e fiscaliza\u00e7\u00e3o? Como eles auxiliam nas opera\u00e7\u00f5es?<\/strong><\/h3>\n\n\n\n<p><strong>St\u00eanio &#8211;<\/strong> Sim, a Pol\u00edcia Rodovi\u00e1ria Federal utiliza drones h\u00e1 pelo menos cinco anos.<\/p>\n\n\n\n<p>Hoje, at\u00e9 os de tamanho reduzido t\u00eam c\u00e2meras de alta resolu\u00e7\u00e3o, trazendo a possibilidade de ampliar as fiscaliza\u00e7\u00f5es com o uso desse tipo de equipamento.<\/p>\n\n\n\n<p>A pr\u00f3xima etapa \u00e9 embarcar nesses drones a intelig\u00eancia artificial para realizar a leitura de placas, monitorar ve\u00edculos ziguezagueando \u2014 pode identificar motoristas com sono \u2014, assim como ultrapassagens proibidas, tr\u00e1fego pelo acostamento e outros comportamentos inadequados.<\/p>\n\n\n\n<p>O equipamento com intelig\u00eancia artificial, atrav\u00e9s da leitura de imagens, poder\u00e1 emitir um alerta \u00e0 equipe mais pr\u00f3xima para poder fazer a abordagem a esse ve\u00edculo.<\/p>\n\n\n\n<h3 class=\"wp-block-heading\" id=\"h-ec-a-prf-utiliza-sistemas-de-leitura-automatica-de-placas-em-viaturas-ou-nos-uniformes-dos-policiais\"><strong>EC &#8211; A PRF utiliza sistemas de leitura autom\u00e1tica de placas em viaturas ou nos uniformes dos policiais?<\/strong><\/h3>\n\n\n\n<p><strong>St\u00eanio &#8211;<\/strong> N\u00e3o, a Pol\u00edcia Rodovi\u00e1ria Federal usa radares fixos para fazer a leitura das placas.<\/p>\n\n\n\n<p>Se houver algum registro de roubo ou furto de ve\u00edculo, \u00e9 acionada a equipe mais pr\u00f3xima, atrav\u00e9s da central.<\/p>\n\n\n\n<p>Nossos policiais ainda n\u00e3o utilizam c\u00e2meras corporais, isso est\u00e1 em fase de implanta\u00e7\u00e3o. Quando implementados, esses equipamentos poder\u00e3o ter esse tipo de tecnologia.<\/p>\n\n\n\n<p>Mas j\u00e1 est\u00e3o sendo instaladas e implementadas c\u00e2meras nas viaturas, onde haver\u00e1 uma c\u00e2mera \u00e0 frente e outras atr\u00e1s. Elas far\u00e3o a leitura das placas dos ve\u00edculos.<\/p>\n\n\n\n<h3 class=\"wp-block-heading\" id=\"h-ec-qual-e-a-importancia-dos-radares-e-dispositivos-moveis-utilizados-pela-prf-para-reduzir-acidentes-e-coibir-o-excesso-de-velocidade\"><strong>EC &#8211; Qual \u00e9 a import\u00e2ncia dos radares e dispositivos m\u00f3veis utilizados pela PRF para reduzir acidentes e coibir o excesso de velocidade?<\/strong><\/h3>\n\n\n\n<p><strong>St\u00eanio &#8211;<\/strong> A cada ano estamos adquirindo os equipamentos mais modernos e aumentando a quantidade.<\/p>\n\n\n\n<p>Quanto maior a velocidade envolvida em um acidente, muito maior a probabilidade de mortes ocorrerem nesse sinistro. A quantidade de \u00f3bitos e feridos graves est\u00e1 intimamente relacionada ao excesso de velocidade.<\/p>\n\n\n\n<p>Hoje, estimamos que 70% dos acidentes com mortes estejam relacionados direta ou indiretamente ao excesso de velocidade.<\/p>\n\n\n\n<p>Por isso, esse tipo de fiscaliza\u00e7\u00e3o \u00e9 considerado priorit\u00e1rio pela Pol\u00edcia Rodovi\u00e1ria Federal, com o objetivo de reduzir as mortes nas rodovias federais.<\/p>\n\n\n\n<h3 class=\"wp-block-heading\" id=\"h-ec-de-que-maneira-as-ferramentas-tecnologicas-ajudam-na-identificacao-de-veiculos-roubados-transporte-de-drogas-ou-outras-atividades-ilicitas-nas-rodovias\"><strong>EC &#8211; De que maneira as ferramentas tecnol\u00f3gicas ajudam na identifica\u00e7\u00e3o de ve\u00edculos roubados, transporte de drogas ou outras atividades il\u00edcitas nas rodovias?<\/strong><\/h3>\n\n\n\n<p><strong>St\u00eanio &#8211;<\/strong> Antigamente havia a necessidade de parar o ve\u00edculo, consultar os documentos do condutor, do ve\u00edculo e entrar em contato via r\u00e1dio com a central.<\/p>\n\n\n\n<p>Hoje \u00e9 muito mais eficiente: o policial n\u00e3o precisa abordar o ve\u00edculo. Mesmo transitando, ele realiza a consulta com o celular e j\u00e1 sabe todos os dados do ve\u00edculo e do propriet\u00e1rio, possibilitando uma maior quantidade de abordagens e trazendo mais seguran\u00e7a aos cidad\u00e3os que transitam nas rodovias.<\/p>\n\n\n\n<p>No caso do combate \u00e0 criminalidade, por mais que haja tecnologia, a expertise policial \u00e9 essencial e fundamental. Um policial bem treinado, bem capacitado e com olhar cr\u00edtico agrega a tecnologia e consegue ser muito eficiente nessa fiscaliza\u00e7\u00e3o.<\/p>\n\n\n\n<p>\u00c9 interessante a pergunta, porque a Pol\u00edcia Rodovi\u00e1ria Federal \u00e9 uma das institui\u00e7\u00f5es que mais apreendem drogas no planeta.<\/p>\n\n\n\n<p>S\u00f3 para voc\u00eas terem uma ideia, ano passado n\u00f3s totalizamos aproximadamente 44 toneladas de coca\u00edna apreendidas e quase 760 toneladas de maconha.<\/p>\n\n\n\n<p>Ent\u00e3o, \u00e9 um volume gigantesco de droga retirada de circula\u00e7\u00e3o e um trabalho extremamente eficiente de combate \u00e0s organiza\u00e7\u00f5es criminosas.<\/p>\n\n\n\n<h3 class=\"wp-block-heading\" id=\"h-ec-quais-equipamentos-voce-acha-que-hoje-sao-essenciais-para-aumentar-a-seguranca-dos-agentes-em-servico\"><strong>EC &#8211; Quais equipamentos voc\u00ea acha que hoje s\u00e3o essenciais para aumentar a seguran\u00e7a dos agentes em servi\u00e7o?<\/strong><\/h3>\n\n\n\n<p><strong>St\u00eanio &#8211;<\/strong> N\u00f3s temos o EPI (Equipamento de Prote\u00e7\u00e3o Individual), que \u00e9 todo o equipamento.<\/p>\n\n\n\n<p>Se voc\u00ea falar de vestimenta, o colete. Se falar de tecnologia, as c\u00e2meras corporais (em implanta\u00e7\u00e3o), o celular e as c\u00e2meras instaladas nas viaturas. Esses s\u00e3o os equipamentos mais pr\u00f3ximos do policial.<\/p>\n\n\n\n<p>Tamb\u00e9m temos equipamentos de menor letalidade, que s\u00e3o as pistolas de choque, para evitar o confronto com arma letal, que \u00e9 a pistola.<\/p>\n\n\n\n<h3 class=\"wp-block-heading\" id=\"h-ec-caso-a-pec-da-seguranca-publica-seja-aprovada-novos-equipamentos-poderao-ser-utilizados-por-conta-da-ampliacao-das-atribuicoes-da-prf\"><strong>EC &#8211; Caso a PEC da Seguran\u00e7a P\u00fablica seja aprovada, novos equipamentos poder\u00e3o ser utilizados por conta da amplia\u00e7\u00e3o das atribui\u00e7\u00f5es da PRF?<\/strong><\/h3>\n\n\n\n<p><strong>St\u00eanio &#8211;<\/strong> H\u00e1, sim, a necessidade de utiliza\u00e7\u00e3o. Inclusive, j\u00e1 tem uma equipe trabalhando para, caso seja aprovada a PEC, apresentar ao Governo Federal e ao Minist\u00e9rio da Justi\u00e7a todos os recursos necess\u00e1rios de equipamento, tecnologia, pessoal, viaturas, drones e tudo que envolva a fiscaliza\u00e7\u00e3o, para que a gente amplie todo o nosso parque tecnol\u00f3gico nesses modais que ainda n\u00e3o realizamos a fiscaliza\u00e7\u00e3o, que s\u00e3o o ferrovi\u00e1rio e o hidrovi\u00e1rio.<\/p>\n\n\n\n<h3 class=\"wp-block-heading\" id=\"h-ec-atualmente-ha-falta-de-pessoal-para-a-operacao-plena-das-ferramentas-tecnologicas\"><strong>EC &#8211; Atualmente, h\u00e1 falta de pessoal para a opera\u00e7\u00e3o plena das ferramentas tecnol\u00f3gicas?<\/strong><\/h3>\n\n\n\n<p><strong>St\u00eanio &#8211;<\/strong> No caso nosso da Pol\u00edcia Rodovi\u00e1ria Federal, n\u00f3s temos uma academia e um processo cont\u00ednuo de capacita\u00e7\u00e3o dos nossos policiais.<\/p>\n\n\n\n<p>Ent\u00e3o, toda tecnologia nova que \u00e9 implementada tem uma capacita\u00e7\u00e3o realizada com todos os policiais rodovi\u00e1rios federais em todo o Brasil. S\u00f3 de investimento em capacita\u00e7\u00e3o, a PRF destina mais de 25 milh\u00f5es de reais ao ano.<\/p>\n\n\n\n<p>Gra\u00e7as a essa capacita\u00e7\u00e3o constante, n\u00e3o h\u00e1 uma defasagem em rela\u00e7\u00e3o \u00e0 necessidade do uso de tecnologia. Quando fazemos as aquisi\u00e7\u00f5es de equipamentos e material, a gente faz um estudo e s\u00f3 \u00e9 adquirido o necess\u00e1rio para o efetivo que n\u00f3s temos hoje.<\/p>\n\n\n\n<p>Eventualmente, se um policial for participar de uma a\u00e7\u00e3o em que vai ser utilizado um equipamento que ele nunca empregou, ser\u00e1 realizado um treinamento com esse policial para que ele esteja apto.<\/p>\n\n\n\n<h3 class=\"wp-block-heading\" id=\"h-ec-por-quais-treinamentos-um-recem-aprovado-passa-para-operar-de-forma-eficaz-as-tecnologias-empregadas-pela-corporacao\"><strong>EC &#8211; Por quais treinamentos um rec\u00e9m-aprovado passa para operar de forma eficaz as tecnologias empregadas pela corpora\u00e7\u00e3o?<\/strong><\/h3>\n\n\n\n<p><strong>St\u00eanio &#8211;<\/strong> Hoje, o policial, para chegar at\u00e9 o curso de forma\u00e7\u00e3o, passa por v\u00e1rias etapas.<\/p>\n\n\n\n<p>O curso \u00e9 muito intenso, cansativo e com uma carga hor\u00e1ria bem extensa, para que os policiais possam aprender toda a metodologia de trabalho, uso de armamento e de todos os equipamentos tecnol\u00f3gicos.<\/p>\n\n\n\n<p>Ent\u00e3o, durante os quatro meses de dura\u00e7\u00e3o do curso, eles passam por todos os equipamentos que poder\u00e3o vir a utilizar no dia a dia de suas atividades.<\/p>\n\n\n\n<h3 class=\"wp-block-heading\" id=\"h-ec-poderia-deixar-uma-mensagem-para-candidatos-e-candidatas-que-tem-interesse-no-concurso-publico-da-policia-rodoviaria-federal\"><strong>EC &#8211; Poderia deixar uma mensagem para candidatos e candidatas que t\u00eam interesse no concurso p\u00fablico da Pol\u00edcia Rodovi\u00e1ria Federal?<\/strong><\/h3>\n\n\n\n<p><strong>St\u00eanio &#8211;<\/strong> A mensagem que eu passo \u00e9 que estudem, se dediquem ao concurso e tenham certeza de que aqueles que passarem e entrarem v\u00e3o gostar muito da institui\u00e7\u00e3o e de prestar um bom servi\u00e7o \u00e0 sociedade brasileira. Esse \u00e9 o maior orgulho que n\u00f3s temos. Inclusive, est\u00e1 em nossa miss\u00e3o garantir a seguran\u00e7a \u00e0 sociedade com cidadania. <\/p>\n\n\n\n<h2 class=\"wp-block-heading has-text-align-center\" id=\"h-quer-saber-tudo-sobre-concursos-previstos-confira-nossos-artigos\">Quer saber tudo sobre concursos previstos?<br \/>Confira nossos artigos!<\/h2>\n\n\n\n<ul class=\"wp-block-list\">\n<li><a href=\"https:\/\/www.estrategiaconcursos.com.br\/blog\/concurso-policia-federal\/\" target=\"_blank\" rel=\"noreferrer noopener\">Concurso Pol\u00edcia Federal<\/a><\/li>\n\n\n\n<li><a href=\"https:\/\/www.estrategiaconcursos.com.br\/blog\/concurso-pf-administrativo\/\" target=\"_blank\" rel=\"noreferrer noopener\">Concurso PF Administrativo<\/a><\/li>\n\n\n\n<li><a href=\"https:\/\/www.estrategiaconcursos.com.br\/blog\/concursos-de-policia\/\" target=\"_blank\" rel=\"noreferrer noopener\">Concursos de pol\u00edcia<\/a><\/li>\n\n\n\n<li><a href=\"https:\/\/www.estrategiaconcursos.com.br\/blog\/concursos-abertos\/\" target=\"_blank\" rel=\"noreferrer noopener\">Concursos abertos<\/a><\/li>\n\n\n\n<li><a href=\"https:\/\/www.estrategiaconcursos.com.br\/blog\/concursos-2026\/\" target=\"_blank\" rel=\"noreferrer noopener\">Concursos 2026<\/a><\/li>\n<\/ul>\n\n\n\n<div id=\"boxes\" class=\"container\">\n<div class=\"row\">\n<div class=\"col-sm\">\n<div id=\"box-assinatura\" class=\"estrategia\">\n<h3 class=\"titulo-assinatura\">Assinatura Concursos<\/h3>\n<p class=\"subtitulo-assinatura\">Assinatura de 1 ano ou 2 anos<\/p>\n<div class=\"box-botao\"><a class=\"btn-assinatura\" role=\"button\" href=\"https:\/\/www.estrategiaconcursos.com.br\/assinaturas\/\" target=\"_blank\" rel=\"noopener noreferrer\">ASSINE AGORA<\/a><\/div>\n<\/div>\n<\/div>\n<\/div>\n<\/div>\n","protected":false},"excerpt":{"rendered":"<p>Coordenador-geral de Gest\u00e3o Operacional da Pol\u00edcia Rodovi\u00e1ria Federal concedeu entrevista exclusiva ao Estrat\u00e9gia Concursos! A tecnologia tem desempenhado um papel cada vez mais estrat\u00e9gico no trabalho da Pol\u00edcia Rodovi\u00e1ria Federal (PRF), ampliando a capacidade de fiscaliza\u00e7\u00e3o, preven\u00e7\u00e3o e combate ao crime. A corpora\u00e7\u00e3o emprega equipamentos modernos e sistemas inteligentes que contribuem para tornar as opera\u00e7\u00f5es [&hellip;]<\/p>\n","protected":false},"author":1483,"featured_media":1026958,"comment_status":"open","ping_status":"closed","sticky":false,"template":"","format":"standard","meta":{"post_tipo":"news","footnotes":""},"categories":[1988,220219],"tags":[],"tax_estado":[219963],"class_list":["post-1733796","post","type-post","status-publish","format-standard","has-post-thumbnail","hentry","category-policia","category-noticias","tax_estado-concursos-federais"],"acf":[],"yoast_head":"<!-- This site is optimized with the Yoast SEO Premium plugin v27.2 (Yoast SEO v27.2) - https:\/\/yoast.com\/product\/yoast-seo-premium-wordpress\/ -->\n<title>Entrevista: como a tecnologia auxilia o trabalho da PRF?<\/title>\n<meta name=\"description\" content=\"Como a tecnologia auxilia o trabalho policial? Confira a entrevista com o coordenador-geral de Gest\u00e3o Operacional da PRF!\" \/>\n<meta name=\"robots\" content=\"index, follow, max-snippet:-1, max-image-preview:large, max-video-preview:-1\" \/>\n<link rel=\"canonical\" href=\"https:\/\/www.estrategiaconcursos.com.br\/blog\/entrevista-tecnologia-trabalho-prf\/\" \/>\n<meta property=\"og:locale\" content=\"pt_BR\" \/>\n<meta property=\"og:type\" content=\"article\" \/>\n<meta property=\"og:title\" content=\"Entrevista: como a tecnologia auxilia o trabalho da PRF?\" \/>\n<meta property=\"og:description\" content=\"Como a tecnologia auxilia o trabalho policial? Confira a entrevista com o coordenador-geral de Gest\u00e3o Operacional da PRF!\" \/>\n<meta property=\"og:url\" content=\"https:\/\/www.estrategiaconcursos.com.br\/blog\/entrevista-tecnologia-trabalho-prf\/\" \/>\n<meta property=\"og:site_name\" content=\"Estrat\u00e9gia Concursos\" \/>\n<meta property=\"article:published_time\" content=\"2026-03-13T19:39:38+00:00\" \/>\n<meta property=\"article:modified_time\" content=\"2026-03-13T21:07:18+00:00\" \/>\n<meta property=\"og:image\" content=\"https:\/\/dhg1h5j42swfq.cloudfront.net\/2022\/05\/12134227\/prf.jpg\" \/>\n\t<meta property=\"og:image:width\" content=\"768\" \/>\n\t<meta property=\"og:image:height\" content=\"432\" \/>\n\t<meta property=\"og:image:type\" content=\"image\/jpeg\" \/>\n<meta name=\"author\" content=\"Diogo Mendes\" \/>\n<meta name=\"twitter:card\" content=\"summary_large_image\" \/>\n<meta name=\"twitter:creator\" content=\"@EstratConcursos\" \/>\n<meta name=\"twitter:site\" content=\"@EstratConcursos\" \/>\n<meta name=\"twitter:label1\" content=\"Escrito por\" \/>\n\t<meta name=\"twitter:data1\" content=\"Diogo Mendes\" \/>\n\t<meta name=\"twitter:label2\" content=\"Est. tempo de leitura\" \/>\n\t<meta name=\"twitter:data2\" content=\"9 minutos\" \/>\n<script type=\"application\/ld+json\" class=\"yoast-schema-graph\">{\"@context\":\"https:\/\/schema.org\",\"@graph\":[{\"@type\":\"NewsArticle\",\"@id\":\"https:\/\/www.estrategiaconcursos.com.br\/blog\/entrevista-tecnologia-trabalho-prf\/#article\",\"isPartOf\":{\"@id\":\"https:\/\/www.estrategiaconcursos.com.br\/blog\/entrevista-tecnologia-trabalho-prf\/\"},\"author\":{\"name\":\"Diogo Mendes\",\"@id\":\"https:\/\/www.estrategiaconcursos.com.br\/blog\/#\/schema\/person\/cc9e76173880338ce9f656c88664a1f6\"},\"headline\":\"Entrevista: como a tecnologia auxilia o trabalho da PRF?\",\"datePublished\":\"2026-03-13T19:39:38+00:00\",\"dateModified\":\"2026-03-13T21:07:18+00:00\",\"mainEntityOfPage\":{\"@id\":\"https:\/\/www.estrategiaconcursos.com.br\/blog\/entrevista-tecnologia-trabalho-prf\/\"},\"wordCount\":1709,\"commentCount\":0,\"publisher\":{\"@id\":\"https:\/\/www.estrategiaconcursos.com.br\/blog\/#organization\"},\"image\":{\"@id\":\"https:\/\/www.estrategiaconcursos.com.br\/blog\/entrevista-tecnologia-trabalho-prf\/#primaryimage\"},\"thumbnailUrl\":\"https:\/\/dhg1h5j42swfq.cloudfront.net\/2022\/05\/12134227\/prf.jpg\",\"articleSection\":[\"Policial (Agente, Escriv\u00e3o e Investigador)\",\"\u00daltimas not\u00edcias\"],\"inLanguage\":\"pt-BR\",\"potentialAction\":[{\"@type\":\"CommentAction\",\"name\":\"Comment\",\"target\":[\"https:\/\/www.estrategiaconcursos.com.br\/blog\/entrevista-tecnologia-trabalho-prf\/#respond\"]}],\"copyrightYear\":\"2026\",\"copyrightHolder\":{\"@id\":\"https:\/\/www.estrategiaconcursos.com.br\/blog\/#organization\"}},{\"@type\":\"WebPage\",\"@id\":\"https:\/\/www.estrategiaconcursos.com.br\/blog\/entrevista-tecnologia-trabalho-prf\/\",\"url\":\"https:\/\/www.estrategiaconcursos.com.br\/blog\/entrevista-tecnologia-trabalho-prf\/\",\"name\":\"Entrevista: como a tecnologia auxilia o trabalho da PRF?\",\"isPartOf\":{\"@id\":\"https:\/\/www.estrategiaconcursos.com.br\/blog\/#website\"},\"primaryImageOfPage\":{\"@id\":\"https:\/\/www.estrategiaconcursos.com.br\/blog\/entrevista-tecnologia-trabalho-prf\/#primaryimage\"},\"image\":{\"@id\":\"https:\/\/www.estrategiaconcursos.com.br\/blog\/entrevista-tecnologia-trabalho-prf\/#primaryimage\"},\"thumbnailUrl\":\"https:\/\/dhg1h5j42swfq.cloudfront.net\/2022\/05\/12134227\/prf.jpg\",\"datePublished\":\"2026-03-13T19:39:38+00:00\",\"dateModified\":\"2026-03-13T21:07:18+00:00\",\"description\":\"Como a tecnologia auxilia o trabalho policial? Confira a entrevista com o coordenador-geral de Gest\u00e3o Operacional da PRF!\",\"breadcrumb\":{\"@id\":\"https:\/\/www.estrategiaconcursos.com.br\/blog\/entrevista-tecnologia-trabalho-prf\/#breadcrumb\"},\"inLanguage\":\"pt-BR\",\"potentialAction\":[{\"@type\":\"ReadAction\",\"target\":[\"https:\/\/www.estrategiaconcursos.com.br\/blog\/entrevista-tecnologia-trabalho-prf\/\"]}]},{\"@type\":\"ImageObject\",\"inLanguage\":\"pt-BR\",\"@id\":\"https:\/\/www.estrategiaconcursos.com.br\/blog\/entrevista-tecnologia-trabalho-prf\/#primaryimage\",\"url\":\"https:\/\/dhg1h5j42swfq.cloudfront.net\/2022\/05\/12134227\/prf.jpg\",\"contentUrl\":\"https:\/\/dhg1h5j42swfq.cloudfront.net\/2022\/05\/12134227\/prf.jpg\",\"width\":768,\"height\":432,\"caption\":\"concurso PRF\"},{\"@type\":\"BreadcrumbList\",\"@id\":\"https:\/\/www.estrategiaconcursos.com.br\/blog\/entrevista-tecnologia-trabalho-prf\/#breadcrumb\",\"itemListElement\":[{\"@type\":\"ListItem\",\"position\":1,\"name\":\"In\u00edcio\",\"item\":\"https:\/\/www.estrategiaconcursos.com.br\/blog\/\"},{\"@type\":\"ListItem\",\"position\":2,\"name\":\"Entrevista: como a tecnologia auxilia o trabalho da PRF?\"}]},{\"@type\":\"WebSite\",\"@id\":\"https:\/\/www.estrategiaconcursos.com.br\/blog\/#website\",\"url\":\"https:\/\/www.estrategiaconcursos.com.br\/blog\/\",\"name\":\"Estrat\u00e9gia Concursos\",\"description\":\"O blog da Estrat\u00e9gia Concursos traz not\u00edcias sobre concursos e artigos de professores oferecendo cursos para concursos (pdf + videaulas) no site.\",\"publisher\":{\"@id\":\"https:\/\/www.estrategiaconcursos.com.br\/blog\/#organization\"},\"potentialAction\":[{\"@type\":\"SearchAction\",\"target\":{\"@type\":\"EntryPoint\",\"urlTemplate\":\"https:\/\/www.estrategiaconcursos.com.br\/blog\/?s={search_term_string}\"},\"query-input\":{\"@type\":\"PropertyValueSpecification\",\"valueRequired\":true,\"valueName\":\"search_term_string\"}}],\"inLanguage\":\"pt-BR\"},{\"@type\":\"Organization\",\"@id\":\"https:\/\/www.estrategiaconcursos.com.br\/blog\/#organization\",\"name\":\"Estrat\u00e9gia Concursos\",\"url\":\"https:\/\/www.estrategiaconcursos.com.br\/blog\/\",\"logo\":{\"@type\":\"ImageObject\",\"inLanguage\":\"pt-BR\",\"@id\":\"https:\/\/www.estrategiaconcursos.com.br\/blog\/#\/schema\/logo\/image\/\",\"url\":\"https:\/\/dhg1h5j42swfq.cloudfront.net\/2025\/06\/03203428\/logo_concursos-1.jpg\",\"contentUrl\":\"https:\/\/dhg1h5j42swfq.cloudfront.net\/2025\/06\/03203428\/logo_concursos-1.jpg\",\"width\":230,\"height\":60,\"caption\":\"Estrat\u00e9gia Concursos\"},\"image\":{\"@id\":\"https:\/\/www.estrategiaconcursos.com.br\/blog\/#\/schema\/logo\/image\/\"},\"sameAs\":[\"https:\/\/x.com\/EstratConcursos\"]},{\"@type\":\"Person\",\"@id\":\"https:\/\/www.estrategiaconcursos.com.br\/blog\/#\/schema\/person\/cc9e76173880338ce9f656c88664a1f6\",\"name\":\"Diogo Mendes\",\"image\":{\"@type\":\"ImageObject\",\"inLanguage\":\"pt-BR\",\"@id\":\"https:\/\/secure.gravatar.com\/avatar\/9754d6777d460a45ef4067b586b94c32005cc2345a0404b8d96adc620cf63806?s=96&d=mm&r=g\",\"url\":\"https:\/\/secure.gravatar.com\/avatar\/9754d6777d460a45ef4067b586b94c32005cc2345a0404b8d96adc620cf63806?s=96&d=mm&r=g\",\"contentUrl\":\"https:\/\/secure.gravatar.com\/avatar\/9754d6777d460a45ef4067b586b94c32005cc2345a0404b8d96adc620cf63806?s=96&d=mm&r=g\",\"caption\":\"Diogo Mendes\"},\"description\":\"Diogo Mendes \u00e9 jornalista formado pela Universidade Paulista, com experi\u00eancia em reda\u00e7\u00f5es de diversos ve\u00edculos e na produ\u00e7\u00e3o de conte\u00fados especializados em concursos p\u00fablicos. Desde 2019, atua no Estrat\u00e9gia Concursos como Jornalista e Analista de Conte\u00fado, com foco na apura\u00e7\u00e3o de informa\u00e7\u00f5es junto a \u00f3rg\u00e3os e fontes oficiais. Dedica-se especialmente \u00e0 produ\u00e7\u00e3o de not\u00edcias e reportagens sobre Concursos Legislativos, al\u00e9m de acompanhar diariamente os concursos policiais, banc\u00e1rios e da \u00e1rea da sa\u00fade.\",\"url\":\"https:\/\/www.estrategiaconcursos.com.br\/blog\/author\/diogo-mendesestrategiaconcursos-com-br\/\"}]}<\/script>\n<!-- \/ Yoast SEO Premium plugin. -->","yoast_head_json":{"title":"Entrevista: como a tecnologia auxilia o trabalho da PRF?","description":"Como a tecnologia auxilia o trabalho policial? Confira a entrevista com o coordenador-geral de Gest\u00e3o Operacional da PRF!","robots":{"index":"index","follow":"follow","max-snippet":"max-snippet:-1","max-image-preview":"max-image-preview:large","max-video-preview":"max-video-preview:-1"},"canonical":"https:\/\/www.estrategiaconcursos.com.br\/blog\/entrevista-tecnologia-trabalho-prf\/","og_locale":"pt_BR","og_type":"article","og_title":"Entrevista: como a tecnologia auxilia o trabalho da PRF?","og_description":"Como a tecnologia auxilia o trabalho policial? Confira a entrevista com o coordenador-geral de Gest\u00e3o Operacional da PRF!","og_url":"https:\/\/www.estrategiaconcursos.com.br\/blog\/entrevista-tecnologia-trabalho-prf\/","og_site_name":"Estrat\u00e9gia Concursos","article_published_time":"2026-03-13T19:39:38+00:00","article_modified_time":"2026-03-13T21:07:18+00:00","og_image":[{"width":768,"height":432,"url":"https:\/\/dhg1h5j42swfq.cloudfront.net\/2022\/05\/12134227\/prf.jpg","type":"image\/jpeg"}],"author":"Diogo Mendes","twitter_card":"summary_large_image","twitter_creator":"@EstratConcursos","twitter_site":"@EstratConcursos","twitter_misc":{"Escrito por":"Diogo Mendes","Est. tempo de leitura":"9 minutos"},"schema":{"@context":"https:\/\/schema.org","@graph":[{"@type":"NewsArticle","@id":"https:\/\/www.estrategiaconcursos.com.br\/blog\/entrevista-tecnologia-trabalho-prf\/#article","isPartOf":{"@id":"https:\/\/www.estrategiaconcursos.com.br\/blog\/entrevista-tecnologia-trabalho-prf\/"},"author":{"name":"Diogo Mendes","@id":"https:\/\/www.estrategiaconcursos.com.br\/blog\/#\/schema\/person\/cc9e76173880338ce9f656c88664a1f6"},"headline":"Entrevista: como a tecnologia auxilia o trabalho da PRF?","datePublished":"2026-03-13T19:39:38+00:00","dateModified":"2026-03-13T21:07:18+00:00","mainEntityOfPage":{"@id":"https:\/\/www.estrategiaconcursos.com.br\/blog\/entrevista-tecnologia-trabalho-prf\/"},"wordCount":1709,"commentCount":0,"publisher":{"@id":"https:\/\/www.estrategiaconcursos.com.br\/blog\/#organization"},"image":{"@id":"https:\/\/www.estrategiaconcursos.com.br\/blog\/entrevista-tecnologia-trabalho-prf\/#primaryimage"},"thumbnailUrl":"https:\/\/dhg1h5j42swfq.cloudfront.net\/2022\/05\/12134227\/prf.jpg","articleSection":["Policial (Agente, Escriv\u00e3o e Investigador)","\u00daltimas not\u00edcias"],"inLanguage":"pt-BR","potentialAction":[{"@type":"CommentAction","name":"Comment","target":["https:\/\/www.estrategiaconcursos.com.br\/blog\/entrevista-tecnologia-trabalho-prf\/#respond"]}],"copyrightYear":"2026","copyrightHolder":{"@id":"https:\/\/www.estrategiaconcursos.com.br\/blog\/#organization"}},{"@type":"WebPage","@id":"https:\/\/www.estrategiaconcursos.com.br\/blog\/entrevista-tecnologia-trabalho-prf\/","url":"https:\/\/www.estrategiaconcursos.com.br\/blog\/entrevista-tecnologia-trabalho-prf\/","name":"Entrevista: como a tecnologia auxilia o trabalho da PRF?","isPartOf":{"@id":"https:\/\/www.estrategiaconcursos.com.br\/blog\/#website"},"primaryImageOfPage":{"@id":"https:\/\/www.estrategiaconcursos.com.br\/blog\/entrevista-tecnologia-trabalho-prf\/#primaryimage"},"image":{"@id":"https:\/\/www.estrategiaconcursos.com.br\/blog\/entrevista-tecnologia-trabalho-prf\/#primaryimage"},"thumbnailUrl":"https:\/\/dhg1h5j42swfq.cloudfront.net\/2022\/05\/12134227\/prf.jpg","datePublished":"2026-03-13T19:39:38+00:00","dateModified":"2026-03-13T21:07:18+00:00","description":"Como a tecnologia auxilia o trabalho policial? Confira a entrevista com o coordenador-geral de Gest\u00e3o Operacional da PRF!","breadcrumb":{"@id":"https:\/\/www.estrategiaconcursos.com.br\/blog\/entrevista-tecnologia-trabalho-prf\/#breadcrumb"},"inLanguage":"pt-BR","potentialAction":[{"@type":"ReadAction","target":["https:\/\/www.estrategiaconcursos.com.br\/blog\/entrevista-tecnologia-trabalho-prf\/"]}]},{"@type":"ImageObject","inLanguage":"pt-BR","@id":"https:\/\/www.estrategiaconcursos.com.br\/blog\/entrevista-tecnologia-trabalho-prf\/#primaryimage","url":"https:\/\/dhg1h5j42swfq.cloudfront.net\/2022\/05\/12134227\/prf.jpg","contentUrl":"https:\/\/dhg1h5j42swfq.cloudfront.net\/2022\/05\/12134227\/prf.jpg","width":768,"height":432,"caption":"concurso PRF"},{"@type":"BreadcrumbList","@id":"https:\/\/www.estrategiaconcursos.com.br\/blog\/entrevista-tecnologia-trabalho-prf\/#breadcrumb","itemListElement":[{"@type":"ListItem","position":1,"name":"In\u00edcio","item":"https:\/\/www.estrategiaconcursos.com.br\/blog\/"},{"@type":"ListItem","position":2,"name":"Entrevista: como a tecnologia auxilia o trabalho da PRF?"}]},{"@type":"WebSite","@id":"https:\/\/www.estrategiaconcursos.com.br\/blog\/#website","url":"https:\/\/www.estrategiaconcursos.com.br\/blog\/","name":"Estrat\u00e9gia Concursos","description":"O blog da Estrat\u00e9gia Concursos traz not\u00edcias sobre concursos e artigos de professores oferecendo cursos para concursos (pdf + videaulas) no site.","publisher":{"@id":"https:\/\/www.estrategiaconcursos.com.br\/blog\/#organization"},"potentialAction":[{"@type":"SearchAction","target":{"@type":"EntryPoint","urlTemplate":"https:\/\/www.estrategiaconcursos.com.br\/blog\/?s={search_term_string}"},"query-input":{"@type":"PropertyValueSpecification","valueRequired":true,"valueName":"search_term_string"}}],"inLanguage":"pt-BR"},{"@type":"Organization","@id":"https:\/\/www.estrategiaconcursos.com.br\/blog\/#organization","name":"Estrat\u00e9gia Concursos","url":"https:\/\/www.estrategiaconcursos.com.br\/blog\/","logo":{"@type":"ImageObject","inLanguage":"pt-BR","@id":"https:\/\/www.estrategiaconcursos.com.br\/blog\/#\/schema\/logo\/image\/","url":"https:\/\/dhg1h5j42swfq.cloudfront.net\/2025\/06\/03203428\/logo_concursos-1.jpg","contentUrl":"https:\/\/dhg1h5j42swfq.cloudfront.net\/2025\/06\/03203428\/logo_concursos-1.jpg","width":230,"height":60,"caption":"Estrat\u00e9gia Concursos"},"image":{"@id":"https:\/\/www.estrategiaconcursos.com.br\/blog\/#\/schema\/logo\/image\/"},"sameAs":["https:\/\/x.com\/EstratConcursos"]},{"@type":"Person","@id":"https:\/\/www.estrategiaconcursos.com.br\/blog\/#\/schema\/person\/cc9e76173880338ce9f656c88664a1f6","name":"Diogo Mendes","image":{"@type":"ImageObject","inLanguage":"pt-BR","@id":"https:\/\/secure.gravatar.com\/avatar\/9754d6777d460a45ef4067b586b94c32005cc2345a0404b8d96adc620cf63806?s=96&d=mm&r=g","url":"https:\/\/secure.gravatar.com\/avatar\/9754d6777d460a45ef4067b586b94c32005cc2345a0404b8d96adc620cf63806?s=96&d=mm&r=g","contentUrl":"https:\/\/secure.gravatar.com\/avatar\/9754d6777d460a45ef4067b586b94c32005cc2345a0404b8d96adc620cf63806?s=96&d=mm&r=g","caption":"Diogo Mendes"},"description":"Diogo Mendes \u00e9 jornalista formado pela Universidade Paulista, com experi\u00eancia em reda\u00e7\u00f5es de diversos ve\u00edculos e na produ\u00e7\u00e3o de conte\u00fados especializados em concursos p\u00fablicos. Desde 2019, atua no Estrat\u00e9gia Concursos como Jornalista e Analista de Conte\u00fado, com foco na apura\u00e7\u00e3o de informa\u00e7\u00f5es junto a \u00f3rg\u00e3os e fontes oficiais. Dedica-se especialmente \u00e0 produ\u00e7\u00e3o de not\u00edcias e reportagens sobre Concursos Legislativos, al\u00e9m de acompanhar diariamente os concursos policiais, banc\u00e1rios e da \u00e1rea da sa\u00fade.","url":"https:\/\/www.estrategiaconcursos.com.br\/blog\/author\/diogo-mendesestrategiaconcursos-com-br\/"}]}},"_links":{"self":[{"href":"https:\/\/www.estrategiaconcursos.com.br\/blog\/wp-json\/wp\/v2\/posts\/1733796","targetHints":{"allow":["GET"]}}],"collection":[{"href":"https:\/\/www.estrategiaconcursos.com.br\/blog\/wp-json\/wp\/v2\/posts"}],"about":[{"href":"https:\/\/www.estrategiaconcursos.com.br\/blog\/wp-json\/wp\/v2\/types\/post"}],"author":[{"embeddable":true,"href":"https:\/\/www.estrategiaconcursos.com.br\/blog\/wp-json\/wp\/v2\/users\/1483"}],"replies":[{"embeddable":true,"href":"https:\/\/www.estrategiaconcursos.com.br\/blog\/wp-json\/wp\/v2\/comments?post=1733796"}],"version-history":[{"count":3,"href":"https:\/\/www.estrategiaconcursos.com.br\/blog\/wp-json\/wp\/v2\/posts\/1733796\/revisions"}],"predecessor-version":[{"id":1734340,"href":"https:\/\/www.estrategiaconcursos.com.br\/blog\/wp-json\/wp\/v2\/posts\/1733796\/revisions\/1734340"}],"wp:featuredmedia":[{"embeddable":true,"href":"https:\/\/www.estrategiaconcursos.com.br\/blog\/wp-json\/wp\/v2\/media\/1026958"}],"wp:attachment":[{"href":"https:\/\/www.estrategiaconcursos.com.br\/blog\/wp-json\/wp\/v2\/media?parent=1733796"}],"wp:term":[{"taxonomy":"category","embeddable":true,"href":"https:\/\/www.estrategiaconcursos.com.br\/blog\/wp-json\/wp\/v2\/categories?post=1733796"},{"taxonomy":"post_tag","embeddable":true,"href":"https:\/\/www.estrategiaconcursos.com.br\/blog\/wp-json\/wp\/v2\/tags?post=1733796"},{"taxonomy":"tax_estado","embeddable":true,"href":"https:\/\/www.estrategiaconcursos.com.br\/blog\/wp-json\/wp\/v2\/tax_estado?post=1733796"}],"curies":[{"name":"wp","href":"https:\/\/api.w.org\/{rel}","templated":true}]}}