{"id":173376,"date":"2019-03-23T10:27:15","date_gmt":"2019-03-23T13:27:15","guid":{"rendered":"https:\/\/www.estrategiaconcursos.com.br\/blog\/?p=173376"},"modified":"2022-12-13T09:56:10","modified_gmt":"2022-12-13T12:56:10","slug":"entrevista-pedro-vitor-faustino-do-nascimento-aprovado-em-2o-lugar-cotas-no-concurso-prf-para-o-estado-do-piaui","status":"publish","type":"post","link":"https:\/\/www.estrategiaconcursos.com.br\/blog\/entrevista-pedro-vitor-faustino-do-nascimento-aprovado-em-2o-lugar-cotas-no-concurso-prf-para-o-estado-do-piaui\/","title":{"rendered":"ENTREVISTA: Pedro Vitor  Faustino do Nascimento &#8211; aprovado em  2\u00ba lugar (cotas) no concurso PRF para o estado do Piau\u00ed"},"content":{"rendered":"\n<p class=\"has-text-align-center\"><strong><em>&nbsp;&#8220;N\u00e3o desista! A caminhada \u00e9 \u00e1rdua, mas no fim a vit\u00f3ria recompensa. Estude, d\u00ea o seu melhor. Por mais que os outros n\u00e3o acreditem, acredite em si mesmo, voc\u00ea \u00e9 capaz! No fim, todo o esfor\u00e7o \u00e9 recompensado com a aprova\u00e7\u00e3o&#8221;   <\/em><\/strong><\/p>\n\n\n\n<p>Confira nossa entrevista com Pedro Vitor Faustino do Nascimento, aprovado em 2\u00ba lugar (cotas) e em 38\u00ba na ampla concorr\u00eancia no concurso da Pol\u00edcia Rodovi\u00e1ria Federal para o estado do Piau\u00ed (provas objetiva e discursiva): <strong><em>  <\/em><\/strong><\/p>\n\n\n\n<p><strong>Estrat\u00e9gia Concursos: Conte-nos um pouco sobre voc\u00ea, para que nossos leitores possam te conhecer melhor. Voc\u00ea \u00e9 formado em que \u00e1rea? Qual sua idade? De onde voc\u00ea \u00e9? <\/strong> <\/p>\n\n\n\n<p><strong>Pedro Vitor:<\/strong> Sou formado em Ci\u00eancias e Tecnologia, pela Universidade Federal do Rio Grande do Norte. Tenho 22 anos e moro na cidade de Extremoz &#8211; RN, regi\u00e3o metropolitana de Natal &#8211; RN.  <\/p>\n\n\n\n<p><strong>Estrat\u00e9gia: O que te levou a tomar a decis\u00e3o de come\u00e7ar a estudar para concursos? Porque a \u00e1rea Policial?<\/strong><\/p>\n\n\n\n<p><strong>Pedro: <\/strong>Comecei a olhar para o mundo dos concursos no ano de 2015. Estava no 2\u00b0 ano da faculdade e percebi que a iniciativa privada n\u00e3o estava t\u00e3o promissora. Passei a pesquisar sobre o funcionalismo p\u00fablico e vi que a estabilidade \u00e9 um diferencial. Com isso, comecei a estudar para concursos, em busca de um trabalho que me realizasse profissionalmente e ao mesmo tempo fornecesse seguran\u00e7a. Desde pequeno tenho atra\u00e7\u00e3o pela \u00e1rea policial, pelo seu trabalho \u00edmpar na sociedade.<\/p>\n\n\n\n<p><strong>Estrat\u00e9gia: Durante sua caminhada como concurseiro, voc\u00ea trabalhava e estudava (como conciliava trabalho e estudos?), ou se dedicava inteiramente aos estudos para concurso? <\/strong> <\/p>\n\n\n\n<p><strong>Pedro:<\/strong> Iniciei meus estudos com foco para concursos p\u00fablicos em 2017, mas eu ainda estava na faculdade. Passava o dia todo na UFRN e a noite estudava para concursos. No in\u00edcio de 2018, conclui o curso e passei a me dedicar inteiramente para a PRF.<\/p>\n\n\n\n<p><strong>Estrat\u00e9gia: Quantos e em quais concursos j\u00e1 foi aprovado? Qual o \u00faltimo? Em qual cargo e em que coloca\u00e7\u00e3o?<\/strong><\/p>\n\n\n\n<p><strong>Pedro: <\/strong>Fui aprovado em apenas um concurso antes da PRF, o do MP-RN. Um concurso extremamente concorrido e infelizmente n\u00e3o fiquei dentro das 26 vagas, passando apenas em 200 na coloca\u00e7\u00e3o (faltaram apenas 3 quest\u00f5es para eu conseguir).  <\/p>\n\n\n\n<p>Esse concurso, para mim, foi muito importante. Foi atrav\u00e9s dele que consertei meus erros e percebi que concorr\u00eancia n\u00e3o importava, o que importava era o estudo com qualidade.<\/p>\n\n\n\n<p><strong>Estrat\u00e9gia: Qual foi sua sensa\u00e7\u00e3o ao ver seu nome na lista dos aprovados\/classificados na primeira fase do certame?<\/strong><\/p>\n\n\n\n<p><strong>Pedro: <\/strong>Demorei um pouco para acreditar (rsrs). Depois que caiu a ficha, abracei a minha m\u00e3e e chorei bastante. Vi que todo meu esfor\u00e7o foi recompensado.<\/p>\n\n\n\n<p><strong>Estrat\u00e9gia: Como era sua vida social durante a prepara\u00e7\u00e3o para concursos? Voc\u00ea sa\u00eda com amigos, fam\u00edlia, etc? Ou adotou uma postura radical, abdicando do conv\u00edvio social?<\/strong><\/p>\n\n\n\n<p><strong>Pedro: <\/strong>Durante a minha prepara\u00e7\u00e3o abdiquei da vida social, parava s\u00f3 um dia na semana para descansar e mesmo assim n\u00e3o saia. Ia em busca de filmes para assistir, e em casa mesmo descansava a mente.<\/p>\n\n\n\n<p><strong>Estrat\u00e9gia: Voc\u00ea \u00e9 casado? Tem filhos? Namora? Mora com seus pais? Sua fam\u00edlia entendeu e apoiou sua caminhada como concurseiro? Se sim, de que forma? <\/strong> <\/p>\n\n\n\n<p><strong>Pedro:<\/strong> Sou solteiro e moro apenas com minha m\u00e3e, que j\u00e1 \u00e9 funcion\u00e1ria p\u00fablica. Ela me deu total apoio e sempre dizia, \u201cestude at\u00e9 realizar seu sonho, n\u00e3o importa o quanto demore\u201d. Isso foi fundamental. Gra\u00e7as a Deus, a vit\u00f3ria n\u00e3o demorou.<\/p>\n\n\n\n<p><strong>Estrat\u00e9gia: Voc\u00ea acha que vale a pena fazer outros concursos, com foco diferente daquele concurso que \u00e9 realmente seu objetivo maior?<\/strong><\/p>\n\n\n\n<p><strong>Pedro: <\/strong>Acho que vale a pena fazer concursos da mesma \u00e1rea, j\u00e1 que possuem mat\u00e9rias em comum. Como esse \u00e9 o concurso que sempre sonhei, n\u00e3o farei outro. Mas, se eu n\u00e3o tivesse sido aprovado, iria prestar o concurso da PC-DF.<\/p>\n\n\n\n<p><strong>Estrat\u00e9gia: Voc\u00ea estudou por quanto tempo direcionado ao concurso que foi aprovado? <\/strong> <\/p>\n\n\n\n<p><strong>Pedro: <\/strong>Para a PRF, estudei cerca de 1 ano e 6 meses, com foco total para essa prova.<\/p>\n\n\n\n<p><strong>Estrat\u00e9gia: Chegou a estudar sem ter edital na pra\u00e7a? Durante esse tempo, como voc\u00ea fazia para manter a disciplina nos estudos?<\/strong><\/p>\n\n\n\n<p><strong>Pedro: <\/strong>Antes de come\u00e7ar minha prepara\u00e7\u00e3o, assisti muitos v\u00eddeos do Estrat\u00e9gia de &#8220;como estudar para concursos&#8221;. Agrade\u00e7o demais aos professores, pois foi assim que consegui manter a disciplina at\u00e9 sair o edital. Montei ciclos de estudos, mapas mentais e ciclo de revis\u00f5es.<\/p>\n\n\n\n<p><strong>Estrat\u00e9gia: Que materiais voc\u00ea usou em sua prepara\u00e7\u00e3o para o concurso? Aulas presenciais, telepresenciais, livros, cursos em PDF, videoaulas? Quais foram as principais vantagens e desvantagens de cada um?<\/strong><\/p>\n\n\n\n<p><strong>Pedro: <\/strong>Posso dizer que mais de 90% da minha prepara\u00e7\u00e3o foi pelos PDFs do Estrat\u00e9gia. S\u00f3 recorria as videoaulas para sanar alguma d\u00favida. Os PDFs s\u00e3o completos e possuem um bom aprofundamento no conte\u00fado. Sem d\u00favidas \u00e9 o melhor material na atualidade para se preparar. J\u00e1 as videoaulas consomem muito tempo do aluno, por isso eu s\u00f3 assistia quando tinha d\u00favida.  <\/p>\n\n\n\n<p><strong>Estrat\u00e9gia: Como conheceu o Estrat\u00e9gia Concursos? <\/strong> <\/p>\n\n\n\n<p><strong>Pedro: <\/strong>Conheci o Estrat\u00e9gia no Youtube. Baixei as aulas gratuitas e apreciei a did\u00e1tica. Decidi, ent\u00e3o, ser aluno do curso.<\/p>\n\n\n\n<p><strong>Estrat\u00e9gia: Uma das principais dificuldades de todo o concursando \u00e9 a quantidade de assuntos que devem ser memorizados. Como voc\u00ea fez para estudar todo o conte\u00fado do concurso? Falando de modo mais espec\u00edfico: voc\u00ea estudava v\u00e1rias mat\u00e9rias ao mesmo tempo? Quantas? Costumava fazer resumos? Focava mais em exerc\u00edcios, ou na leitura e releitura da teoria? Como montou seu plano de estudos? Quantas horas por dia costumava estudar?<\/strong><\/p>\n\n\n\n<p><strong>Pedro: <\/strong>Sem d\u00favidas essa \u00e9 a principal dificuldade dos alunos. Como falei anteriormente, assisti muitos v\u00eddeos do Estrat\u00e9gia, de como estudar, e foi assim que aprendi. Eu lia o PDF e me perguntava se entendi ou n\u00e3o o que acabei de ler. Passava para o caderno em forma de resumo e as vezes mapas mentais.  <\/p>\n\n\n\n<p>No dia seguinte fazia a revis\u00e3o das 24h, depois revis\u00e3o dos 15, 30 e 60 dias. Assim, sem perceber, eu tinha acabado de aprender o conte\u00fado estudado.  <\/p>\n\n\n\n<p>Coloquei 3 mat\u00e9rias por dia no meu ciclo e uma hora destinada a revis\u00f5es. Sobre as quest\u00f5es, resolvi milhares. Digo isso sem exageros. Por dia chegava a fazer 200 quest\u00f5es. <\/p>\n\n\n\n<p>Por fim, estudei em m\u00e9dia 6 horas l\u00edquidas por dia (marcava no rel\u00f3gio para n\u00e3o ter erro). Essa era a quantidade m\u00e1xima que conseguia, al\u00e9m disso eu j\u00e1 caia de rendimento.<\/p>\n\n\n\n<p><strong>Estrat\u00e9gia:l Voc\u00ea tinha mais dificuldades em alguma(s) disciplina(s)? Quais? Como voc\u00ea fez para superar estas dificuldades?<\/strong><\/p>\n\n\n\n<p><strong>Pedro: <\/strong>Minha grande dificuldade sempre foi com L\u00edngua Portuguesa. Sempre fui p\u00e9ssimo, mas sabia que eu tinha que aprender e que faria diferen\u00e7a no concurso. Ent\u00e3o passei a estud\u00e1-la 3 vezes no ciclo de 6 dias e assim venci a minha maior dificuldade. N\u00e3o foi f\u00e1cil, mas dos 20 itens da prova, errei apenas 2.<\/p>\n\n\n\n<p><strong>Estrat\u00e9gia: A reta final \u00e9 sempre um per\u00edodo estressante. Como foi sua rotina de estudos na semana que antecedeu a prova? E v\u00e9spera de prova: foi dia de descanso ou dia de estudo?<\/strong><\/p>\n\n\n\n<p><strong>Pedro: <\/strong>Eu dei o meu m\u00e1ximo na \u00faltima semana. Sabia que tinha que terminar de revisar e fazer o maior n\u00famero de quest\u00f5es poss\u00edvel. Consegui vencer meu limite, tomei muito caf\u00e9 pra isso. E o resultado foi que estudei 10 horas por dia, na \u00faltima semana e, na v\u00e9spera, passei o dia resolvendo quest\u00f5es. N\u00e3o me arrependo em nada, faria tudo novamente.<\/p>\n\n\n\n<p><strong>Estrat\u00e9gia: No seu concurso, tivemos, al\u00e9m das provas objetivas, as provas discursivas. Como foi seu estudo para esta importante parte do certame? O que voc\u00ea aconselha?<\/strong><\/p>\n\n\n\n<p> <strong>Pedro: <\/strong>Sem d\u00favidas \u00e9 uma etapa que faz total diferen\u00e7a. Sabendo disso e da minha dificuldade em portugu\u00eas, passei a escrever 3 reda\u00e7\u00f5es por semana. Assim consegui uma boa nota na reda\u00e7\u00e3o e ser aprovado.<\/p>\n\n\n\n<p><strong>Estrat\u00e9gia: Como est\u00e1 sendo sua prepara\u00e7\u00e3o para o TAF e para as demais etapas<\/strong>? <\/p>\n\n\n\n<p><strong>Pedro: <\/strong>Eu j\u00e1 pratico atividades f\u00edsicas, mas o TAF \u00e9 uma etapa dif\u00edcil e que reprova muito. Por isso, neste momento, estou vivendo o TAF. Treino pela manh\u00e3 e pela tarde para n\u00e3o ser reprovado.<\/p>\n\n\n\n<p><strong>Estrat\u00e9gia: Se voc\u00ea tivesse que apontar ERROS em sua prepara\u00e7\u00e3o (se \u00e9 que houve), quais seriam? Diga-nos tamb\u00e9m quais foram os maiores ACERTOS?<\/strong><\/p>\n\n\n\n<p><strong>Pedro: <\/strong>Meus principais erros foram n\u00e3o revisar no in\u00edcio da prepara\u00e7\u00e3o e estudar sem planejamento algum. Tem muita gente boa que estuda muito, mas n\u00e3o possuem um bom planejamento. Ele \u00e9 essencial.  <\/p>\n\n\n\n<p>Meu acerto foi resolver muitas quest\u00f5es do Cespe e colocar em pr\u00e1tica o que aprendi por meio de simulados. Assim eu descobria em que assunto estava com defici\u00eancia, voltava na mat\u00e9ria e estudava novamente.<\/p>\n\n\n\n<p><strong>Estrat\u00e9gia: O que foi mais dif\u00edcil nessa caminhada rumo \u00e0 aprova\u00e7\u00e3o? Chegou a pensar, por algum momento, em desistir? Se sim, como fez para seguir em frente?<\/strong><\/p>\n\n\n\n<p><strong>Pedro: <\/strong>Abdicar da vida social n\u00e3o \u00e9 uma tarefa f\u00e1cil, passava horas estudando e o edital n\u00e3o sa\u00cda. Pensava em desistir mas, ao mesmo tempo, pensava no meu futuro, me imaginava com o uniforme da PRF e patrulhando. Dessa forma, eu n\u00e3o desisti.<\/p>\n\n\n\n<p><strong>Estrat\u00e9gia: Qual foi sua principal motiva\u00e7\u00e3o? <\/strong> <\/p>\n\n\n\n<p><strong>Pedro: <\/strong>Minha principal motiva\u00e7\u00e3o foi a minha m\u00e3e, que sempre lutou e me apoiou nessa batalha, mesmo com todas as dificuldades. Eu sabia que tinha que conceder a ela o prazer de me ver aprovado na PRF. Sem d\u00favidas, ela foi minha principal motiva\u00e7\u00e3o.<\/p>\n\n\n\n<p><strong>Estrat\u00e9gia: Por fim, o que voc\u00ea aconselharia a algu\u00e9m que est\u00e1 iniciando seus estudos para concurso. Deixe-nos sua mensagem para todos aqueles que um dia almejam chegar aonde voc\u00ea chegou!<\/strong><\/p>\n\n\n\n<p class=\"has-text-align-left\"><strong>Pedro: <\/strong>N\u00e3o desista! A caminhada \u00e9 \u00e1rdua, mas no fim a vit\u00f3ria recompensa. Estude, d\u00ea o seu melhor. Por mais que os outros n\u00e3o acreditem, acredite em si mesmo, voc\u00ea \u00e9 capaz! No fim, todo o esfor\u00e7o \u00e9 recompensado com a aprova\u00e7\u00e3o. <\/p>\n\n\n\n<p><strong>Confira outras entrevistas em:<\/strong><\/p>\n\n\n\n<p><a rel=\"noreferrer noopener\" href=\"https:\/\/www.estrategiaconcursos.com.br\/depoimentos\/\" target=\"_blank\">Depoimentos de Aprovados<\/a><\/p>\n\n\n\n<p><a href=\"https:\/\/www.estrategiaconcursos.com.br\/cursos\/concurso\" target=\"_blank\" rel=\"noreferrer noopener\">Cursos Online para Concursos<\/a><\/p>\n\n\n\n<p class=\"has-text-align-center\"><em><strong>Foi aprovado e deseja dividir com a gente e com outros concurseiros como foi sua trajet\u00f3ria at\u00e9 a aprova\u00e7\u00e3o?! Mande um e-mail para:&nbsp;<\/strong><\/em><strong>comunicacao@estrategiaconcursos.com.br<\/strong><\/p>\n\n\n\n<p>Abra\u00e7os,<\/p>\n\n\n\n<p>Tha\u00eds Mendes<\/p>\n\n\n<p><!--EndFragment--><\/p>\n<p><\/p>","protected":false},"excerpt":{"rendered":"<p>&nbsp;&#8220;N\u00e3o desista! A caminhada \u00e9 \u00e1rdua, mas no fim a vit\u00f3ria recompensa. Estude, d\u00ea o seu melhor. Por mais que os outros n\u00e3o acreditem, acredite em si mesmo, voc\u00ea \u00e9 capaz! No fim, todo o esfor\u00e7o \u00e9 recompensado com a aprova\u00e7\u00e3o&#8221; Confira nossa entrevista com Pedro Vitor Faustino do Nascimento, aprovado em 2\u00ba lugar (cotas) [&hellip;]<\/p>\n","protected":false},"author":1,"featured_media":173388,"comment_status":"open","ping_status":"closed","sticky":false,"template":"","format":"standard","meta":{"post_tipo":"news","footnotes":""},"categories":[1],"tags":[],"tax_estado":[],"class_list":["post-173376","post","type-post","status-publish","format-standard","has-post-thumbnail","hentry","category-cursos-e-concursos"],"acf":[],"yoast_head":"<!-- This site is optimized with the Yoast SEO Premium plugin v27.2 (Yoast SEO v27.2) - https:\/\/yoast.com\/product\/yoast-seo-premium-wordpress\/ -->\n<title>ENTREVISTA: Pedro Vitor Faustino do Nascimento - aprovado em 2\u00ba lugar (cotas) no concurso PRF para o estado do Piau\u00ed<\/title>\n<meta name=\"description\" content=\"Confira nossa entrevista com Pedro Vitor Faustino do Nascimento, aprovado em 2\u00ba lugar (cotas) e em 38\u00ba na ampla concorr\u00eancia no concurso da PRF\" \/>\n<meta name=\"robots\" content=\"index, follow, max-snippet:-1, max-image-preview:large, max-video-preview:-1\" \/>\n<link rel=\"canonical\" href=\"https:\/\/www.estrategiaconcursos.com.br\/blog\/entrevista-pedro-vitor-faustino-do-nascimento-aprovado-em-2o-lugar-cotas-no-concurso-prf-para-o-estado-do-piaui\/\" \/>\n<meta property=\"og:locale\" content=\"pt_BR\" \/>\n<meta property=\"og:type\" content=\"article\" \/>\n<meta property=\"og:title\" content=\"ENTREVISTA: Pedro Vitor Faustino do Nascimento - aprovado em 2\u00ba lugar (cotas) no concurso PRF para o estado do Piau\u00ed\" \/>\n<meta property=\"og:description\" content=\"Confira nossa entrevista com Pedro Vitor Faustino do Nascimento, aprovado em 2\u00ba lugar (cotas) e em 38\u00ba na ampla concorr\u00eancia no concurso da PRF\" \/>\n<meta property=\"og:url\" content=\"https:\/\/www.estrategiaconcursos.com.br\/blog\/entrevista-pedro-vitor-faustino-do-nascimento-aprovado-em-2o-lugar-cotas-no-concurso-prf-para-o-estado-do-piaui\/\" \/>\n<meta property=\"og:site_name\" content=\"Estrat\u00e9gia Concursos\" \/>\n<meta property=\"article:author\" content=\"https:\/\/www.facebook.com\/EstrategiaConcursos\" \/>\n<meta property=\"article:published_time\" content=\"2019-03-23T13:27:15+00:00\" \/>\n<meta property=\"article:modified_time\" content=\"2022-12-13T12:56:10+00:00\" \/>\n<meta property=\"og:image\" content=\"https:\/\/dhg1h5j42swfq.cloudfront.net\/2019\/03\/22161837\/Pedro-HOME.jpg\" \/>\n\t<meta property=\"og:image:width\" content=\"639\" \/>\n\t<meta property=\"og:image:height\" content=\"391\" \/>\n\t<meta property=\"og:image:type\" content=\"image\/jpeg\" \/>\n<meta name=\"author\" content=\"Coordena\u00e7\u00e3o\" \/>\n<meta name=\"twitter:card\" content=\"summary_large_image\" \/>\n<meta name=\"twitter:creator\" content=\"@EstratConcursos\" \/>\n<meta name=\"twitter:site\" content=\"@EstratConcursos\" \/>\n<meta name=\"twitter:label1\" content=\"Escrito por\" \/>\n\t<meta name=\"twitter:data1\" content=\"Coordena\u00e7\u00e3o\" \/>\n\t<meta name=\"twitter:label2\" content=\"Est. tempo de leitura\" \/>\n\t<meta name=\"twitter:data2\" content=\"9 minutos\" \/>\n<script type=\"application\/ld+json\" class=\"yoast-schema-graph\">{\"@context\":\"https:\/\/schema.org\",\"@graph\":[{\"@type\":\"NewsArticle\",\"@id\":\"https:\/\/www.estrategiaconcursos.com.br\/blog\/entrevista-pedro-vitor-faustino-do-nascimento-aprovado-em-2o-lugar-cotas-no-concurso-prf-para-o-estado-do-piaui\/#article\",\"isPartOf\":{\"@id\":\"https:\/\/www.estrategiaconcursos.com.br\/blog\/entrevista-pedro-vitor-faustino-do-nascimento-aprovado-em-2o-lugar-cotas-no-concurso-prf-para-o-estado-do-piaui\/\"},\"author\":{\"name\":\"Coordena\u00e7\u00e3o\",\"@id\":\"https:\/\/www.estrategiaconcursos.com.br\/blog\/#\/schema\/person\/b4a388c97673c5f483d72185668afa1f\"},\"headline\":\"ENTREVISTA: Pedro Vitor Faustino do Nascimento &#8211; aprovado em 2\u00ba lugar (cotas) no concurso PRF para o estado do Piau\u00ed\",\"datePublished\":\"2019-03-23T13:27:15+00:00\",\"dateModified\":\"2022-12-13T12:56:10+00:00\",\"mainEntityOfPage\":{\"@id\":\"https:\/\/www.estrategiaconcursos.com.br\/blog\/entrevista-pedro-vitor-faustino-do-nascimento-aprovado-em-2o-lugar-cotas-no-concurso-prf-para-o-estado-do-piaui\/\"},\"wordCount\":1783,\"commentCount\":0,\"publisher\":{\"@id\":\"https:\/\/www.estrategiaconcursos.com.br\/blog\/#organization\"},\"image\":{\"@id\":\"https:\/\/www.estrategiaconcursos.com.br\/blog\/entrevista-pedro-vitor-faustino-do-nascimento-aprovado-em-2o-lugar-cotas-no-concurso-prf-para-o-estado-do-piaui\/#primaryimage\"},\"thumbnailUrl\":\"https:\/\/dhg1h5j42swfq.cloudfront.net\/2019\/03\/22161837\/Pedro-HOME.jpg\",\"articleSection\":[\"Concursos P\u00fablicos\"],\"inLanguage\":\"pt-BR\",\"potentialAction\":[{\"@type\":\"CommentAction\",\"name\":\"Comment\",\"target\":[\"https:\/\/www.estrategiaconcursos.com.br\/blog\/entrevista-pedro-vitor-faustino-do-nascimento-aprovado-em-2o-lugar-cotas-no-concurso-prf-para-o-estado-do-piaui\/#respond\"]}],\"copyrightYear\":\"2019\",\"copyrightHolder\":{\"@id\":\"https:\/\/www.estrategiaconcursos.com.br\/blog\/#organization\"}},{\"@type\":\"WebPage\",\"@id\":\"https:\/\/www.estrategiaconcursos.com.br\/blog\/entrevista-pedro-vitor-faustino-do-nascimento-aprovado-em-2o-lugar-cotas-no-concurso-prf-para-o-estado-do-piaui\/\",\"url\":\"https:\/\/www.estrategiaconcursos.com.br\/blog\/entrevista-pedro-vitor-faustino-do-nascimento-aprovado-em-2o-lugar-cotas-no-concurso-prf-para-o-estado-do-piaui\/\",\"name\":\"ENTREVISTA: Pedro Vitor Faustino do Nascimento - aprovado em 2\u00ba lugar (cotas) no concurso PRF para o estado do Piau\u00ed\",\"isPartOf\":{\"@id\":\"https:\/\/www.estrategiaconcursos.com.br\/blog\/#website\"},\"primaryImageOfPage\":{\"@id\":\"https:\/\/www.estrategiaconcursos.com.br\/blog\/entrevista-pedro-vitor-faustino-do-nascimento-aprovado-em-2o-lugar-cotas-no-concurso-prf-para-o-estado-do-piaui\/#primaryimage\"},\"image\":{\"@id\":\"https:\/\/www.estrategiaconcursos.com.br\/blog\/entrevista-pedro-vitor-faustino-do-nascimento-aprovado-em-2o-lugar-cotas-no-concurso-prf-para-o-estado-do-piaui\/#primaryimage\"},\"thumbnailUrl\":\"https:\/\/dhg1h5j42swfq.cloudfront.net\/2019\/03\/22161837\/Pedro-HOME.jpg\",\"datePublished\":\"2019-03-23T13:27:15+00:00\",\"dateModified\":\"2022-12-13T12:56:10+00:00\",\"description\":\"Confira nossa entrevista com Pedro Vitor Faustino do Nascimento, aprovado em 2\u00ba lugar (cotas) e em 38\u00ba na ampla concorr\u00eancia no concurso da PRF\",\"breadcrumb\":{\"@id\":\"https:\/\/www.estrategiaconcursos.com.br\/blog\/entrevista-pedro-vitor-faustino-do-nascimento-aprovado-em-2o-lugar-cotas-no-concurso-prf-para-o-estado-do-piaui\/#breadcrumb\"},\"inLanguage\":\"pt-BR\",\"potentialAction\":[{\"@type\":\"ReadAction\",\"target\":[\"https:\/\/www.estrategiaconcursos.com.br\/blog\/entrevista-pedro-vitor-faustino-do-nascimento-aprovado-em-2o-lugar-cotas-no-concurso-prf-para-o-estado-do-piaui\/\"]}]},{\"@type\":\"ImageObject\",\"inLanguage\":\"pt-BR\",\"@id\":\"https:\/\/www.estrategiaconcursos.com.br\/blog\/entrevista-pedro-vitor-faustino-do-nascimento-aprovado-em-2o-lugar-cotas-no-concurso-prf-para-o-estado-do-piaui\/#primaryimage\",\"url\":\"https:\/\/dhg1h5j42swfq.cloudfront.net\/2019\/03\/22161837\/Pedro-HOME.jpg\",\"contentUrl\":\"https:\/\/dhg1h5j42swfq.cloudfront.net\/2019\/03\/22161837\/Pedro-HOME.jpg\",\"width\":639,\"height\":391},{\"@type\":\"BreadcrumbList\",\"@id\":\"https:\/\/www.estrategiaconcursos.com.br\/blog\/entrevista-pedro-vitor-faustino-do-nascimento-aprovado-em-2o-lugar-cotas-no-concurso-prf-para-o-estado-do-piaui\/#breadcrumb\",\"itemListElement\":[{\"@type\":\"ListItem\",\"position\":1,\"name\":\"In\u00edcio\",\"item\":\"https:\/\/www.estrategiaconcursos.com.br\/blog\/\"},{\"@type\":\"ListItem\",\"position\":2,\"name\":\"ENTREVISTA: Pedro Vitor Faustino do Nascimento &#8211; aprovado em 2\u00ba lugar (cotas) no concurso PRF para o estado do Piau\u00ed\"}]},{\"@type\":\"WebSite\",\"@id\":\"https:\/\/www.estrategiaconcursos.com.br\/blog\/#website\",\"url\":\"https:\/\/www.estrategiaconcursos.com.br\/blog\/\",\"name\":\"Estrat\u00e9gia Concursos\",\"description\":\"O blog da Estrat\u00e9gia Concursos traz not\u00edcias sobre concursos e artigos de professores oferecendo cursos para concursos (pdf + videaulas) no site.\",\"publisher\":{\"@id\":\"https:\/\/www.estrategiaconcursos.com.br\/blog\/#organization\"},\"potentialAction\":[{\"@type\":\"SearchAction\",\"target\":{\"@type\":\"EntryPoint\",\"urlTemplate\":\"https:\/\/www.estrategiaconcursos.com.br\/blog\/?s={search_term_string}\"},\"query-input\":{\"@type\":\"PropertyValueSpecification\",\"valueRequired\":true,\"valueName\":\"search_term_string\"}}],\"inLanguage\":\"pt-BR\"},{\"@type\":\"Organization\",\"@id\":\"https:\/\/www.estrategiaconcursos.com.br\/blog\/#organization\",\"name\":\"Estrat\u00e9gia Concursos\",\"url\":\"https:\/\/www.estrategiaconcursos.com.br\/blog\/\",\"logo\":{\"@type\":\"ImageObject\",\"inLanguage\":\"pt-BR\",\"@id\":\"https:\/\/www.estrategiaconcursos.com.br\/blog\/#\/schema\/logo\/image\/\",\"url\":\"https:\/\/dhg1h5j42swfq.cloudfront.net\/2025\/06\/03203428\/logo_concursos-1.jpg\",\"contentUrl\":\"https:\/\/dhg1h5j42swfq.cloudfront.net\/2025\/06\/03203428\/logo_concursos-1.jpg\",\"width\":230,\"height\":60,\"caption\":\"Estrat\u00e9gia Concursos\"},\"image\":{\"@id\":\"https:\/\/www.estrategiaconcursos.com.br\/blog\/#\/schema\/logo\/image\/\"},\"sameAs\":[\"https:\/\/x.com\/EstratConcursos\"]},{\"@type\":\"Person\",\"@id\":\"https:\/\/www.estrategiaconcursos.com.br\/blog\/#\/schema\/person\/b4a388c97673c5f483d72185668afa1f\",\"name\":\"Coordena\u00e7\u00e3o\",\"image\":{\"@type\":\"ImageObject\",\"inLanguage\":\"pt-BR\",\"@id\":\"https:\/\/secure.gravatar.com\/avatar\/b720319e4c9a967eb58678d110f4fe35452fc5d5f97b202bac7b8acceb18c6ad?s=96&d=mm&r=g\",\"url\":\"https:\/\/secure.gravatar.com\/avatar\/b720319e4c9a967eb58678d110f4fe35452fc5d5f97b202bac7b8acceb18c6ad?s=96&d=mm&r=g\",\"contentUrl\":\"https:\/\/secure.gravatar.com\/avatar\/b720319e4c9a967eb58678d110f4fe35452fc5d5f97b202bac7b8acceb18c6ad?s=96&d=mm&r=g\",\"caption\":\"Coordena\u00e7\u00e3o\"},\"sameAs\":[\"https:\/\/www.facebook.com\/EstrategiaConcursos\",\"https:\/\/x.com\/EstratConcursos\"],\"url\":\"https:\/\/www.estrategiaconcursos.com.br\/blog\/author\/estrategia2013\/\"}]}<\/script>\n<!-- \/ Yoast SEO Premium plugin. -->","yoast_head_json":{"title":"ENTREVISTA: Pedro Vitor Faustino do Nascimento - aprovado em 2\u00ba lugar (cotas) no concurso PRF para o estado do Piau\u00ed","description":"Confira nossa entrevista com Pedro Vitor Faustino do Nascimento, aprovado em 2\u00ba lugar (cotas) e em 38\u00ba na ampla concorr\u00eancia no concurso da PRF","robots":{"index":"index","follow":"follow","max-snippet":"max-snippet:-1","max-image-preview":"max-image-preview:large","max-video-preview":"max-video-preview:-1"},"canonical":"https:\/\/www.estrategiaconcursos.com.br\/blog\/entrevista-pedro-vitor-faustino-do-nascimento-aprovado-em-2o-lugar-cotas-no-concurso-prf-para-o-estado-do-piaui\/","og_locale":"pt_BR","og_type":"article","og_title":"ENTREVISTA: Pedro Vitor Faustino do Nascimento - aprovado em 2\u00ba lugar (cotas) no concurso PRF para o estado do Piau\u00ed","og_description":"Confira nossa entrevista com Pedro Vitor Faustino do Nascimento, aprovado em 2\u00ba lugar (cotas) e em 38\u00ba na ampla concorr\u00eancia no concurso da PRF","og_url":"https:\/\/www.estrategiaconcursos.com.br\/blog\/entrevista-pedro-vitor-faustino-do-nascimento-aprovado-em-2o-lugar-cotas-no-concurso-prf-para-o-estado-do-piaui\/","og_site_name":"Estrat\u00e9gia Concursos","article_author":"https:\/\/www.facebook.com\/EstrategiaConcursos","article_published_time":"2019-03-23T13:27:15+00:00","article_modified_time":"2022-12-13T12:56:10+00:00","og_image":[{"width":639,"height":391,"url":"https:\/\/dhg1h5j42swfq.cloudfront.net\/2019\/03\/22161837\/Pedro-HOME.jpg","type":"image\/jpeg"}],"author":"Coordena\u00e7\u00e3o","twitter_card":"summary_large_image","twitter_creator":"@EstratConcursos","twitter_site":"@EstratConcursos","twitter_misc":{"Escrito por":"Coordena\u00e7\u00e3o","Est. tempo de leitura":"9 minutos"},"schema":{"@context":"https:\/\/schema.org","@graph":[{"@type":"NewsArticle","@id":"https:\/\/www.estrategiaconcursos.com.br\/blog\/entrevista-pedro-vitor-faustino-do-nascimento-aprovado-em-2o-lugar-cotas-no-concurso-prf-para-o-estado-do-piaui\/#article","isPartOf":{"@id":"https:\/\/www.estrategiaconcursos.com.br\/blog\/entrevista-pedro-vitor-faustino-do-nascimento-aprovado-em-2o-lugar-cotas-no-concurso-prf-para-o-estado-do-piaui\/"},"author":{"name":"Coordena\u00e7\u00e3o","@id":"https:\/\/www.estrategiaconcursos.com.br\/blog\/#\/schema\/person\/b4a388c97673c5f483d72185668afa1f"},"headline":"ENTREVISTA: Pedro Vitor Faustino do Nascimento &#8211; aprovado em 2\u00ba lugar (cotas) no concurso PRF para o estado do Piau\u00ed","datePublished":"2019-03-23T13:27:15+00:00","dateModified":"2022-12-13T12:56:10+00:00","mainEntityOfPage":{"@id":"https:\/\/www.estrategiaconcursos.com.br\/blog\/entrevista-pedro-vitor-faustino-do-nascimento-aprovado-em-2o-lugar-cotas-no-concurso-prf-para-o-estado-do-piaui\/"},"wordCount":1783,"commentCount":0,"publisher":{"@id":"https:\/\/www.estrategiaconcursos.com.br\/blog\/#organization"},"image":{"@id":"https:\/\/www.estrategiaconcursos.com.br\/blog\/entrevista-pedro-vitor-faustino-do-nascimento-aprovado-em-2o-lugar-cotas-no-concurso-prf-para-o-estado-do-piaui\/#primaryimage"},"thumbnailUrl":"https:\/\/dhg1h5j42swfq.cloudfront.net\/2019\/03\/22161837\/Pedro-HOME.jpg","articleSection":["Concursos P\u00fablicos"],"inLanguage":"pt-BR","potentialAction":[{"@type":"CommentAction","name":"Comment","target":["https:\/\/www.estrategiaconcursos.com.br\/blog\/entrevista-pedro-vitor-faustino-do-nascimento-aprovado-em-2o-lugar-cotas-no-concurso-prf-para-o-estado-do-piaui\/#respond"]}],"copyrightYear":"2019","copyrightHolder":{"@id":"https:\/\/www.estrategiaconcursos.com.br\/blog\/#organization"}},{"@type":"WebPage","@id":"https:\/\/www.estrategiaconcursos.com.br\/blog\/entrevista-pedro-vitor-faustino-do-nascimento-aprovado-em-2o-lugar-cotas-no-concurso-prf-para-o-estado-do-piaui\/","url":"https:\/\/www.estrategiaconcursos.com.br\/blog\/entrevista-pedro-vitor-faustino-do-nascimento-aprovado-em-2o-lugar-cotas-no-concurso-prf-para-o-estado-do-piaui\/","name":"ENTREVISTA: Pedro Vitor Faustino do Nascimento - aprovado em 2\u00ba lugar (cotas) no concurso PRF para o estado do Piau\u00ed","isPartOf":{"@id":"https:\/\/www.estrategiaconcursos.com.br\/blog\/#website"},"primaryImageOfPage":{"@id":"https:\/\/www.estrategiaconcursos.com.br\/blog\/entrevista-pedro-vitor-faustino-do-nascimento-aprovado-em-2o-lugar-cotas-no-concurso-prf-para-o-estado-do-piaui\/#primaryimage"},"image":{"@id":"https:\/\/www.estrategiaconcursos.com.br\/blog\/entrevista-pedro-vitor-faustino-do-nascimento-aprovado-em-2o-lugar-cotas-no-concurso-prf-para-o-estado-do-piaui\/#primaryimage"},"thumbnailUrl":"https:\/\/dhg1h5j42swfq.cloudfront.net\/2019\/03\/22161837\/Pedro-HOME.jpg","datePublished":"2019-03-23T13:27:15+00:00","dateModified":"2022-12-13T12:56:10+00:00","description":"Confira nossa entrevista com Pedro Vitor Faustino do Nascimento, aprovado em 2\u00ba lugar (cotas) e em 38\u00ba na ampla concorr\u00eancia no concurso da PRF","breadcrumb":{"@id":"https:\/\/www.estrategiaconcursos.com.br\/blog\/entrevista-pedro-vitor-faustino-do-nascimento-aprovado-em-2o-lugar-cotas-no-concurso-prf-para-o-estado-do-piaui\/#breadcrumb"},"inLanguage":"pt-BR","potentialAction":[{"@type":"ReadAction","target":["https:\/\/www.estrategiaconcursos.com.br\/blog\/entrevista-pedro-vitor-faustino-do-nascimento-aprovado-em-2o-lugar-cotas-no-concurso-prf-para-o-estado-do-piaui\/"]}]},{"@type":"ImageObject","inLanguage":"pt-BR","@id":"https:\/\/www.estrategiaconcursos.com.br\/blog\/entrevista-pedro-vitor-faustino-do-nascimento-aprovado-em-2o-lugar-cotas-no-concurso-prf-para-o-estado-do-piaui\/#primaryimage","url":"https:\/\/dhg1h5j42swfq.cloudfront.net\/2019\/03\/22161837\/Pedro-HOME.jpg","contentUrl":"https:\/\/dhg1h5j42swfq.cloudfront.net\/2019\/03\/22161837\/Pedro-HOME.jpg","width":639,"height":391},{"@type":"BreadcrumbList","@id":"https:\/\/www.estrategiaconcursos.com.br\/blog\/entrevista-pedro-vitor-faustino-do-nascimento-aprovado-em-2o-lugar-cotas-no-concurso-prf-para-o-estado-do-piaui\/#breadcrumb","itemListElement":[{"@type":"ListItem","position":1,"name":"In\u00edcio","item":"https:\/\/www.estrategiaconcursos.com.br\/blog\/"},{"@type":"ListItem","position":2,"name":"ENTREVISTA: Pedro Vitor Faustino do Nascimento &#8211; aprovado em 2\u00ba lugar (cotas) no concurso PRF para o estado do Piau\u00ed"}]},{"@type":"WebSite","@id":"https:\/\/www.estrategiaconcursos.com.br\/blog\/#website","url":"https:\/\/www.estrategiaconcursos.com.br\/blog\/","name":"Estrat\u00e9gia Concursos","description":"O blog da Estrat\u00e9gia Concursos traz not\u00edcias sobre concursos e artigos de professores oferecendo cursos para concursos (pdf + videaulas) no site.","publisher":{"@id":"https:\/\/www.estrategiaconcursos.com.br\/blog\/#organization"},"potentialAction":[{"@type":"SearchAction","target":{"@type":"EntryPoint","urlTemplate":"https:\/\/www.estrategiaconcursos.com.br\/blog\/?s={search_term_string}"},"query-input":{"@type":"PropertyValueSpecification","valueRequired":true,"valueName":"search_term_string"}}],"inLanguage":"pt-BR"},{"@type":"Organization","@id":"https:\/\/www.estrategiaconcursos.com.br\/blog\/#organization","name":"Estrat\u00e9gia Concursos","url":"https:\/\/www.estrategiaconcursos.com.br\/blog\/","logo":{"@type":"ImageObject","inLanguage":"pt-BR","@id":"https:\/\/www.estrategiaconcursos.com.br\/blog\/#\/schema\/logo\/image\/","url":"https:\/\/dhg1h5j42swfq.cloudfront.net\/2025\/06\/03203428\/logo_concursos-1.jpg","contentUrl":"https:\/\/dhg1h5j42swfq.cloudfront.net\/2025\/06\/03203428\/logo_concursos-1.jpg","width":230,"height":60,"caption":"Estrat\u00e9gia Concursos"},"image":{"@id":"https:\/\/www.estrategiaconcursos.com.br\/blog\/#\/schema\/logo\/image\/"},"sameAs":["https:\/\/x.com\/EstratConcursos"]},{"@type":"Person","@id":"https:\/\/www.estrategiaconcursos.com.br\/blog\/#\/schema\/person\/b4a388c97673c5f483d72185668afa1f","name":"Coordena\u00e7\u00e3o","image":{"@type":"ImageObject","inLanguage":"pt-BR","@id":"https:\/\/secure.gravatar.com\/avatar\/b720319e4c9a967eb58678d110f4fe35452fc5d5f97b202bac7b8acceb18c6ad?s=96&d=mm&r=g","url":"https:\/\/secure.gravatar.com\/avatar\/b720319e4c9a967eb58678d110f4fe35452fc5d5f97b202bac7b8acceb18c6ad?s=96&d=mm&r=g","contentUrl":"https:\/\/secure.gravatar.com\/avatar\/b720319e4c9a967eb58678d110f4fe35452fc5d5f97b202bac7b8acceb18c6ad?s=96&d=mm&r=g","caption":"Coordena\u00e7\u00e3o"},"sameAs":["https:\/\/www.facebook.com\/EstrategiaConcursos","https:\/\/x.com\/EstratConcursos"],"url":"https:\/\/www.estrategiaconcursos.com.br\/blog\/author\/estrategia2013\/"}]}},"_links":{"self":[{"href":"https:\/\/www.estrategiaconcursos.com.br\/blog\/wp-json\/wp\/v2\/posts\/173376","targetHints":{"allow":["GET"]}}],"collection":[{"href":"https:\/\/www.estrategiaconcursos.com.br\/blog\/wp-json\/wp\/v2\/posts"}],"about":[{"href":"https:\/\/www.estrategiaconcursos.com.br\/blog\/wp-json\/wp\/v2\/types\/post"}],"author":[{"embeddable":true,"href":"https:\/\/www.estrategiaconcursos.com.br\/blog\/wp-json\/wp\/v2\/users\/1"}],"replies":[{"embeddable":true,"href":"https:\/\/www.estrategiaconcursos.com.br\/blog\/wp-json\/wp\/v2\/comments?post=173376"}],"version-history":[{"count":3,"href":"https:\/\/www.estrategiaconcursos.com.br\/blog\/wp-json\/wp\/v2\/posts\/173376\/revisions"}],"predecessor-version":[{"id":1138016,"href":"https:\/\/www.estrategiaconcursos.com.br\/blog\/wp-json\/wp\/v2\/posts\/173376\/revisions\/1138016"}],"wp:featuredmedia":[{"embeddable":true,"href":"https:\/\/www.estrategiaconcursos.com.br\/blog\/wp-json\/wp\/v2\/media\/173388"}],"wp:attachment":[{"href":"https:\/\/www.estrategiaconcursos.com.br\/blog\/wp-json\/wp\/v2\/media?parent=173376"}],"wp:term":[{"taxonomy":"category","embeddable":true,"href":"https:\/\/www.estrategiaconcursos.com.br\/blog\/wp-json\/wp\/v2\/categories?post=173376"},{"taxonomy":"post_tag","embeddable":true,"href":"https:\/\/www.estrategiaconcursos.com.br\/blog\/wp-json\/wp\/v2\/tags?post=173376"},{"taxonomy":"tax_estado","embeddable":true,"href":"https:\/\/www.estrategiaconcursos.com.br\/blog\/wp-json\/wp\/v2\/tax_estado?post=173376"}],"curies":[{"name":"wp","href":"https:\/\/api.w.org\/{rel}","templated":true}]}}