{"id":1733338,"date":"2026-03-13T11:22:03","date_gmt":"2026-03-13T14:22:03","guid":{"rendered":"https:\/\/www.estrategiaconcursos.com.br\/blog\/?p=1733338"},"modified":"2026-03-13T14:21:37","modified_gmt":"2026-03-13T17:21:37","slug":"sefaz-rn-inscritos-no-concurso","status":"publish","type":"post","link":"https:\/\/www.estrategiaconcursos.com.br\/blog\/sefaz-rn-inscritos-no-concurso\/","title":{"rendered":"Sefaz RN: banca registra mais de 14 mil inscritos!"},"content":{"rendered":"\n<p>O Cebraspe publicou nesta sexta-feira, 13 de mar\u00e7o, a demanda de candidatos inscritos para o <strong>Concurso <\/strong><strong>Secretaria de Estado da Fazenda do Rio Grande do Norte (SEFAZ RN)<\/strong>.<\/p>\n\n\n\n<p>De acordo com os dados da empresa, foram registrados mais de 14 mil inscritos para o cargo de Auditor Fiscal de Receitas Estaduais.<\/p>\n\n\n\n<p>O n\u00famero exato \u00e9 de <strong>14.021 <\/strong>candidaturas para as 50 vagas imediatas mais 50 em cadastro de reserva. Confira logo abaixo:<\/p>\n\n\n\n<ul class=\"wp-block-list\">\n<li><strong>Inscritos (Ampla Concorr\u00eancia):<\/strong> 14.021;<\/li>\n\n\n\n<li><strong>Demanda:<\/strong> Aproximadamente <strong>400,60 candidatos por vaga<\/strong>.<\/li>\n<\/ul>\n\n\n\n<ul class=\"wp-block-list\">\n<li><a href=\"https:\/\/dhg1h5j42swfq.cloudfront.net\/2026\/03\/13111044\/fec0ad23d146689cfdac830990d5bf1bb81d3cf97067a7af5ce382d15ce35cdd-1-1.pdf\" target=\"_blank\" rel=\"noreferrer noopener nofollow\">Veja a rela\u00e7\u00e3o na \u00edntegra!<\/a><\/li>\n<\/ul>\n\n\n\n<p>Vale lembrar que as provas do concurso Sefaz RN ocorrer\u00e3o nos dias <strong>21 e 22 de mar\u00e7o<\/strong>. Inclusive, os candidatos j\u00e1 podem <a href=\"https:\/\/security.cebraspe.org.br\/SEFAZ_RN_25_AUDITOR\/Localhorario\/Objetiva_E56009C0-E9D3-476C\/\" target=\"_blank\" rel=\"noreferrer noopener\">consultar os locais de aplica\u00e7\u00e3o<\/a>.<\/p>\n\n\n\n<figure class=\"wp-block-image aligncenter size-full\"><img loading=\"lazy\" decoding=\"async\" width=\"918\" height=\"720\" src=\"https:\/\/dhg1h5j42swfq.cloudfront.net\/2026\/03\/13111537\/image-81.png\" alt=\"Sefaz RN registra mais de 40 mil inscritos no concurso. Locais de provas dispon\u00edveis! \" class=\"wp-image-1733371\" srcset=\"https:\/\/dhg1h5j42swfq.cloudfront.net\/2026\/03\/13111537\/image-81.png 918w, https:\/\/dhg1h5j42swfq.cloudfront.net\/2026\/03\/13111537\/image-81-300x235.png 300w, https:\/\/dhg1h5j42swfq.cloudfront.net\/2026\/03\/13111537\/image-81-768x602.png 768w, https:\/\/dhg1h5j42swfq.cloudfront.net\/2026\/03\/13111537\/image-81-150x118.png 150w\" sizes=\"auto, (max-width: 918px) 100vw, 918px\" \/><\/figure>\n\n\n\n<h2 class=\"wp-block-heading\" id=\"h-confira-os-horarios-das-provas-do-concurso-sefaz-rn\">Confira os hor\u00e1rios das provas do concurso Sefaz RN<\/h2>\n\n\n\n<p>Conforme mencionado no in\u00edcio deste artigo, as provas do concurso Sefaz RN est\u00e3o se aproximando e ser\u00e3o aplicadas nos dias 21 e 22 de mar\u00e7o.<\/p>\n\n\n\n<p>Logo abaixo voc\u00ea confere mais detalhes acerca dos hor\u00e1rios de in\u00edcio e abertura\/fechamento dos port\u00f5es:<\/p>\n\n\n\n<h3 class=\"wp-block-heading\"><strong>21 de mar\u00e7o \u2013 Prova objetiva de conhecimentos gerais (P1)<\/strong><\/h3>\n\n\n\n<ul class=\"wp-block-list\">\n<li>Abertura dos port\u00f5es: 13h30<\/li>\n\n\n\n<li>Fechamento dos port\u00f5es: 14h30<\/li>\n\n\n\n<li>In\u00edcio da prova: 15h<\/li>\n\n\n\n<li>Dura\u00e7\u00e3o: 4 horas<\/li>\n<\/ul>\n\n\n\n<h3 class=\"wp-block-heading\"><strong>22 de mar\u00e7o \u2013 Prova objetiva de conhecimentos complementares (P2)<\/strong><\/h3>\n\n\n\n<ul class=\"wp-block-list\">\n<li>Abertura dos port\u00f5es: 7h<\/li>\n\n\n\n<li>Fechamento dos port\u00f5es: 8h<\/li>\n\n\n\n<li>In\u00edcio da prova: 8h30<\/li>\n\n\n\n<li>Dura\u00e7\u00e3o: 4 horas<\/li>\n<\/ul>\n\n\n\n<h3 class=\"wp-block-heading\"><strong>22 de mar\u00e7o \u2013 Prova objetiva de conhecimentos espec\u00edficos (P3)<\/strong><\/h3>\n\n\n\n<ul class=\"wp-block-list\">\n<li>Abertura dos port\u00f5es: 13h30<\/li>\n\n\n\n<li>Fechamento dos port\u00f5es: 14h30<\/li>\n\n\n\n<li>In\u00edcio da prova: 15h<\/li>\n\n\n\n<li>Dura\u00e7\u00e3o: 4 horas<\/li>\n<\/ul>\n\n\n\n<p>ATEN\u00c7\u00c3O! \u00c9 importante lembrar que&nbsp;<strong>n\u00e3o ser\u00e1 permitida a entrada ap\u00f3s o fechamento dos port\u00f5es<\/strong>, portanto os candidatos devem se planejar para chegar com anteced\u00eancia ao local designado.<\/p>\n\n\n\n<p class=\"has-text-align-center\"><em>Se voc\u00ea ficou interessado nas informa\u00e7\u00f5es do concurso Sefaz RN, al\u00e9m das atualiza\u00e7\u00f5es sobre o quantitativo de inscritos, acesse agora mesmo o nosso artigo completo e veja mais detalhes:<\/em><\/p>\n\n\n\n<p class=\"has-text-align-center has-background\" style=\"background-color:#f9f9f9\"><strong>Saiba mais:&nbsp;<a href=\"https:\/\/www.estrategiaconcursos.com.br\/blog\/concurso-sefaz-rn\/\" target=\"_blank\" rel=\"noreferrer noopener\">concurso Sefaz RN<\/a><\/strong><\/p>\n\n\n\n<hr class=\"wp-block-separator has-alpha-channel-opacity\"\/>\n\n\n\n<h2 class=\"wp-block-heading has-text-align-center\" id=\"cursos\">Quer se preparar para o concurso Sefaz RN?<\/h2>\n\n\n\n<div class=\"container\" id=\"boxes\">\n  <div class=\"row\">\n\n    <div class=\"col-sm\">\n      <div class=\"banner-sefaz-ec\" id=\"box-assinatura\">\n        <h3 class=\"titulo-assinatura\">Cursos para Sefaz RN<\/h3>\n        <p class=\"subtitulo-assinatura\">Estude conosco para a Sefaz RN!<\/p>\n        <div class=\"box-botao\">\n          <a class=\"btn-assinatura\" target=\"_blank\" href=\"https:\/\/www.estrategiaconcursos.com.br\/cursosPorConcurso\/sefaz-rn\/\" role=\"button\" rel=\"noopener noreferrer\">INICIAR PREPARA\u00c7\u00c3O<\/a>\n        <\/div>\n      <\/div>\n      \n    <\/div>\n\n  <\/div>\n<\/div>\n\n\n\n<div class=\"container\" id=\"boxes\">\n  <div class=\"row\">\n\n    <div class=\"col-sm\">\n      <div class=\"estrategia\" id=\"box-assinatura\">\n        <h3 class=\"titulo-assinatura\">Assinatura Concursos<\/h3>\n        <p class=\"subtitulo-assinatura\">Assinatura de 1 ano ou 2 anos<\/p>\n        <div class=\"box-botao\">\n          <a class=\"btn-assinatura\" target=\"_blank\" href=\"https:\/\/www.estrategiaconcursos.com.br\/assinaturas\/\" role=\"button\" rel=\"noopener noreferrer\">ASSINE AGORA<\/a>\n        <\/div>\n      <\/div><\/div><\/div><\/div>\n\n\n\n<h2 class=\"wp-block-heading has-text-align-center\" id=\"h-quer-saber-tudo-sobre-concursos-previstos-confira-nossos-artigos\">Quer saber tudo sobre concursos previstos?<br \/>Confira  nossos artigos!<\/h2>\n\n\n\n<ul class=\"wp-block-list\">\n<li><a href=\"https:\/\/www.estrategiaconcursos.com.br\/blog\/concursos-abertos\/\" target=\"_blank\" rel=\"noreferrer noopener\">Concursos Abertos<\/a><\/li>\n\n\n\n<li><a href=\"https:\/\/www.estrategiaconcursos.com.br\/blog\/concursos-fiscais\/\" target=\"_blank\" rel=\"noreferrer noopener\">Concursos Fiscais<\/a><\/li>\n\n\n\n<li><a href=\"https:\/\/www.estrategiaconcursos.com.br\/blog\/concursos-2026\/\" target=\"_blank\" rel=\"noreferrer noopener\">Concursos 2026<\/a><\/li>\n<\/ul>\n","protected":false},"excerpt":{"rendered":"<p>O Cebraspe publicou nesta sexta-feira, 13 de mar\u00e7o, a demanda de candidatos inscritos para o Concurso Secretaria de Estado da Fazenda do Rio Grande do Norte (SEFAZ RN). De acordo com os dados da empresa, foram registrados mais de 14 mil inscritos para o cargo de Auditor Fiscal de Receitas Estaduais. O n\u00famero exato \u00e9 [&hellip;]<\/p>\n","protected":false},"author":656,"featured_media":1227510,"comment_status":"open","ping_status":"closed","sticky":false,"template":"","format":"standard","meta":{"post_tipo":"news","footnotes":""},"categories":[1983,220219],"tags":[],"tax_estado":[219983],"class_list":["post-1733338","post","type-post","status-publish","format-standard","has-post-thumbnail","hentry","category-fiscal-estadual","category-noticias","tax_estado-rn"],"acf":[],"yoast_head":"<!-- This site is optimized with the Yoast SEO Premium plugin v27.2 (Yoast SEO v27.2) - https:\/\/yoast.com\/product\/yoast-seo-premium-wordpress\/ -->\n<title>Sefaz RN: banca registra mais de 14 mil inscritos!<\/title>\n<meta name=\"description\" content=\"Sefaz RN registra mais de 14 mil inscritos para o concurso que ter\u00e1 provas nos dias 21 e 22 de mar\u00e7o. Acesse e veja mais aqui!\" \/>\n<meta name=\"robots\" content=\"index, follow, max-snippet:-1, max-image-preview:large, max-video-preview:-1\" \/>\n<link rel=\"canonical\" href=\"https:\/\/www.estrategiaconcursos.com.br\/blog\/sefaz-rn-inscritos-no-concurso\/\" \/>\n<meta property=\"og:locale\" content=\"pt_BR\" \/>\n<meta property=\"og:type\" content=\"article\" \/>\n<meta property=\"og:title\" content=\"Sefaz RN: banca registra mais de 14 mil inscritos!\" \/>\n<meta property=\"og:description\" content=\"Sefaz RN registra mais de 14 mil inscritos para o concurso que ter\u00e1 provas nos dias 21 e 22 de mar\u00e7o. Acesse e veja mais aqui!\" \/>\n<meta property=\"og:url\" content=\"https:\/\/www.estrategiaconcursos.com.br\/blog\/sefaz-rn-inscritos-no-concurso\/\" \/>\n<meta property=\"og:site_name\" content=\"Estrat\u00e9gia Concursos\" \/>\n<meta property=\"article:published_time\" content=\"2026-03-13T14:22:03+00:00\" \/>\n<meta property=\"article:modified_time\" content=\"2026-03-13T17:21:37+00:00\" \/>\n<meta property=\"og:image\" content=\"https:\/\/dhg1h5j42swfq.cloudfront.net\/2023\/06\/05083940\/sefaz-rn.jpg\" \/>\n\t<meta property=\"og:image:width\" content=\"768\" \/>\n\t<meta property=\"og:image:height\" content=\"432\" \/>\n\t<meta property=\"og:image:type\" content=\"image\/jpeg\" \/>\n<meta name=\"author\" content=\"F\u00e1bio Scaldelai\" \/>\n<meta name=\"twitter:card\" content=\"summary_large_image\" \/>\n<meta name=\"twitter:creator\" content=\"@EstratConcursos\" \/>\n<meta name=\"twitter:site\" content=\"@EstratConcursos\" \/>\n<meta name=\"twitter:label1\" content=\"Escrito por\" \/>\n\t<meta name=\"twitter:data1\" content=\"F\u00e1bio Scaldelai\" \/>\n\t<meta name=\"twitter:label2\" content=\"Est. tempo de leitura\" \/>\n\t<meta name=\"twitter:data2\" content=\"2 minutos\" \/>\n<script type=\"application\/ld+json\" class=\"yoast-schema-graph\">{\"@context\":\"https:\/\/schema.org\",\"@graph\":[{\"@type\":\"NewsArticle\",\"@id\":\"https:\/\/www.estrategiaconcursos.com.br\/blog\/sefaz-rn-inscritos-no-concurso\/#article\",\"isPartOf\":{\"@id\":\"https:\/\/www.estrategiaconcursos.com.br\/blog\/sefaz-rn-inscritos-no-concurso\/\"},\"author\":{\"name\":\"F\u00e1bio Scaldelai\",\"@id\":\"https:\/\/www.estrategiaconcursos.com.br\/blog\/#\/schema\/person\/e3b6b7ce0192dd4ad270655969d61750\"},\"headline\":\"Sefaz RN: banca registra mais de 14 mil inscritos!\",\"datePublished\":\"2026-03-13T14:22:03+00:00\",\"dateModified\":\"2026-03-13T17:21:37+00:00\",\"mainEntityOfPage\":{\"@id\":\"https:\/\/www.estrategiaconcursos.com.br\/blog\/sefaz-rn-inscritos-no-concurso\/\"},\"wordCount\":372,\"commentCount\":0,\"publisher\":{\"@id\":\"https:\/\/www.estrategiaconcursos.com.br\/blog\/#organization\"},\"image\":{\"@id\":\"https:\/\/www.estrategiaconcursos.com.br\/blog\/sefaz-rn-inscritos-no-concurso\/#primaryimage\"},\"thumbnailUrl\":\"https:\/\/dhg1h5j42swfq.cloudfront.net\/2023\/06\/05083940\/sefaz-rn.jpg\",\"articleSection\":[\"Fiscal - Estadual (ICMS)\",\"\u00daltimas not\u00edcias\"],\"inLanguage\":\"pt-BR\",\"potentialAction\":[{\"@type\":\"CommentAction\",\"name\":\"Comment\",\"target\":[\"https:\/\/www.estrategiaconcursos.com.br\/blog\/sefaz-rn-inscritos-no-concurso\/#respond\"]}],\"copyrightYear\":\"2026\",\"copyrightHolder\":{\"@id\":\"https:\/\/www.estrategiaconcursos.com.br\/blog\/#organization\"}},{\"@type\":\"WebPage\",\"@id\":\"https:\/\/www.estrategiaconcursos.com.br\/blog\/sefaz-rn-inscritos-no-concurso\/\",\"url\":\"https:\/\/www.estrategiaconcursos.com.br\/blog\/sefaz-rn-inscritos-no-concurso\/\",\"name\":\"Sefaz RN: banca registra mais de 14 mil inscritos!\",\"isPartOf\":{\"@id\":\"https:\/\/www.estrategiaconcursos.com.br\/blog\/#website\"},\"primaryImageOfPage\":{\"@id\":\"https:\/\/www.estrategiaconcursos.com.br\/blog\/sefaz-rn-inscritos-no-concurso\/#primaryimage\"},\"image\":{\"@id\":\"https:\/\/www.estrategiaconcursos.com.br\/blog\/sefaz-rn-inscritos-no-concurso\/#primaryimage\"},\"thumbnailUrl\":\"https:\/\/dhg1h5j42swfq.cloudfront.net\/2023\/06\/05083940\/sefaz-rn.jpg\",\"datePublished\":\"2026-03-13T14:22:03+00:00\",\"dateModified\":\"2026-03-13T17:21:37+00:00\",\"description\":\"Sefaz RN registra mais de 14 mil inscritos para o concurso que ter\u00e1 provas nos dias 21 e 22 de mar\u00e7o. Acesse e veja mais aqui!\",\"breadcrumb\":{\"@id\":\"https:\/\/www.estrategiaconcursos.com.br\/blog\/sefaz-rn-inscritos-no-concurso\/#breadcrumb\"},\"inLanguage\":\"pt-BR\",\"potentialAction\":[{\"@type\":\"ReadAction\",\"target\":[\"https:\/\/www.estrategiaconcursos.com.br\/blog\/sefaz-rn-inscritos-no-concurso\/\"]}]},{\"@type\":\"ImageObject\",\"inLanguage\":\"pt-BR\",\"@id\":\"https:\/\/www.estrategiaconcursos.com.br\/blog\/sefaz-rn-inscritos-no-concurso\/#primaryimage\",\"url\":\"https:\/\/dhg1h5j42swfq.cloudfront.net\/2023\/06\/05083940\/sefaz-rn.jpg\",\"contentUrl\":\"https:\/\/dhg1h5j42swfq.cloudfront.net\/2023\/06\/05083940\/sefaz-rn.jpg\",\"width\":768,\"height\":432,\"caption\":\"Sefaz RN inscritos no concurso\"},{\"@type\":\"BreadcrumbList\",\"@id\":\"https:\/\/www.estrategiaconcursos.com.br\/blog\/sefaz-rn-inscritos-no-concurso\/#breadcrumb\",\"itemListElement\":[{\"@type\":\"ListItem\",\"position\":1,\"name\":\"In\u00edcio\",\"item\":\"https:\/\/www.estrategiaconcursos.com.br\/blog\/\"},{\"@type\":\"ListItem\",\"position\":2,\"name\":\"Sefaz RN: banca registra mais de 14 mil inscritos!\"}]},{\"@type\":\"WebSite\",\"@id\":\"https:\/\/www.estrategiaconcursos.com.br\/blog\/#website\",\"url\":\"https:\/\/www.estrategiaconcursos.com.br\/blog\/\",\"name\":\"Estrat\u00e9gia Concursos\",\"description\":\"O blog da Estrat\u00e9gia Concursos traz not\u00edcias sobre concursos e artigos de professores oferecendo cursos para concursos (pdf + videaulas) no site.\",\"publisher\":{\"@id\":\"https:\/\/www.estrategiaconcursos.com.br\/blog\/#organization\"},\"potentialAction\":[{\"@type\":\"SearchAction\",\"target\":{\"@type\":\"EntryPoint\",\"urlTemplate\":\"https:\/\/www.estrategiaconcursos.com.br\/blog\/?s={search_term_string}\"},\"query-input\":{\"@type\":\"PropertyValueSpecification\",\"valueRequired\":true,\"valueName\":\"search_term_string\"}}],\"inLanguage\":\"pt-BR\"},{\"@type\":\"Organization\",\"@id\":\"https:\/\/www.estrategiaconcursos.com.br\/blog\/#organization\",\"name\":\"Estrat\u00e9gia Concursos\",\"url\":\"https:\/\/www.estrategiaconcursos.com.br\/blog\/\",\"logo\":{\"@type\":\"ImageObject\",\"inLanguage\":\"pt-BR\",\"@id\":\"https:\/\/www.estrategiaconcursos.com.br\/blog\/#\/schema\/logo\/image\/\",\"url\":\"https:\/\/dhg1h5j42swfq.cloudfront.net\/2025\/06\/03203428\/logo_concursos-1.jpg\",\"contentUrl\":\"https:\/\/dhg1h5j42swfq.cloudfront.net\/2025\/06\/03203428\/logo_concursos-1.jpg\",\"width\":230,\"height\":60,\"caption\":\"Estrat\u00e9gia Concursos\"},\"image\":{\"@id\":\"https:\/\/www.estrategiaconcursos.com.br\/blog\/#\/schema\/logo\/image\/\"},\"sameAs\":[\"https:\/\/x.com\/EstratConcursos\"]},{\"@type\":\"Person\",\"@id\":\"https:\/\/www.estrategiaconcursos.com.br\/blog\/#\/schema\/person\/e3b6b7ce0192dd4ad270655969d61750\",\"name\":\"F\u00e1bio Scaldelai\",\"image\":{\"@type\":\"ImageObject\",\"inLanguage\":\"pt-BR\",\"@id\":\"https:\/\/secure.gravatar.com\/avatar\/8ed7492c4d88d8495bc0cb24cda6847b8ae23eec459a919e08e77d0ca0fd79ec?s=96&d=mm&r=g\",\"url\":\"https:\/\/secure.gravatar.com\/avatar\/8ed7492c4d88d8495bc0cb24cda6847b8ae23eec459a919e08e77d0ca0fd79ec?s=96&d=mm&r=g\",\"contentUrl\":\"https:\/\/secure.gravatar.com\/avatar\/8ed7492c4d88d8495bc0cb24cda6847b8ae23eec459a919e08e77d0ca0fd79ec?s=96&d=mm&r=g\",\"caption\":\"F\u00e1bio Scaldelai\"},\"description\":\"Jornalista no Estrat\u00e9gia Concursos e Produtor de Televis\u00e3o, formado em Jornalismo, R\u00e1dio e TV pela Faculdade Integrada Rio Branco, com especializa\u00e7\u00f5es em Gest\u00e3o Empresarial e Marketing pelo M\u00f3dulo. Atuou como produtor no SBT, TV Bandeirantes e R\u00e1dio Band FM, al\u00e9m de acumular tr\u00eas anos de experi\u00eancia no setor de concursos p\u00fablicos pela LFG (Luiz Fl\u00e1vio Gomes). No Estrat\u00e9gia Concursos, atua na apura\u00e7\u00e3o de not\u00edcias da \u00e1rea fiscal, al\u00e9m de coberturas sobre concursos das \u00e1reas de controle (TCU, TCE, etc), concurso AFT, \u00e1rea de gest\u00e3o e administrativa, bem como dos \u00f3rg\u00e3os participantes do CNU. Tamb\u00e9m possui experi\u00eancia em link building e an\u00e1lise de m\u00eddia, adquirida durante sua atua\u00e7\u00e3o na ag\u00eancia SEO Marketing.\",\"url\":\"https:\/\/www.estrategiaconcursos.com.br\/blog\/author\/fabio-scaldelaiestrategiaconcursos-com-br\/\"}]}<\/script>\n<!-- \/ Yoast SEO Premium plugin. -->","yoast_head_json":{"title":"Sefaz RN: banca registra mais de 14 mil inscritos!","description":"Sefaz RN registra mais de 14 mil inscritos para o concurso que ter\u00e1 provas nos dias 21 e 22 de mar\u00e7o. Acesse e veja mais aqui!","robots":{"index":"index","follow":"follow","max-snippet":"max-snippet:-1","max-image-preview":"max-image-preview:large","max-video-preview":"max-video-preview:-1"},"canonical":"https:\/\/www.estrategiaconcursos.com.br\/blog\/sefaz-rn-inscritos-no-concurso\/","og_locale":"pt_BR","og_type":"article","og_title":"Sefaz RN: banca registra mais de 14 mil inscritos!","og_description":"Sefaz RN registra mais de 14 mil inscritos para o concurso que ter\u00e1 provas nos dias 21 e 22 de mar\u00e7o. Acesse e veja mais aqui!","og_url":"https:\/\/www.estrategiaconcursos.com.br\/blog\/sefaz-rn-inscritos-no-concurso\/","og_site_name":"Estrat\u00e9gia Concursos","article_published_time":"2026-03-13T14:22:03+00:00","article_modified_time":"2026-03-13T17:21:37+00:00","og_image":[{"width":768,"height":432,"url":"https:\/\/dhg1h5j42swfq.cloudfront.net\/2023\/06\/05083940\/sefaz-rn.jpg","type":"image\/jpeg"}],"author":"F\u00e1bio Scaldelai","twitter_card":"summary_large_image","twitter_creator":"@EstratConcursos","twitter_site":"@EstratConcursos","twitter_misc":{"Escrito por":"F\u00e1bio Scaldelai","Est. tempo de leitura":"2 minutos"},"schema":{"@context":"https:\/\/schema.org","@graph":[{"@type":"NewsArticle","@id":"https:\/\/www.estrategiaconcursos.com.br\/blog\/sefaz-rn-inscritos-no-concurso\/#article","isPartOf":{"@id":"https:\/\/www.estrategiaconcursos.com.br\/blog\/sefaz-rn-inscritos-no-concurso\/"},"author":{"name":"F\u00e1bio Scaldelai","@id":"https:\/\/www.estrategiaconcursos.com.br\/blog\/#\/schema\/person\/e3b6b7ce0192dd4ad270655969d61750"},"headline":"Sefaz RN: banca registra mais de 14 mil inscritos!","datePublished":"2026-03-13T14:22:03+00:00","dateModified":"2026-03-13T17:21:37+00:00","mainEntityOfPage":{"@id":"https:\/\/www.estrategiaconcursos.com.br\/blog\/sefaz-rn-inscritos-no-concurso\/"},"wordCount":372,"commentCount":0,"publisher":{"@id":"https:\/\/www.estrategiaconcursos.com.br\/blog\/#organization"},"image":{"@id":"https:\/\/www.estrategiaconcursos.com.br\/blog\/sefaz-rn-inscritos-no-concurso\/#primaryimage"},"thumbnailUrl":"https:\/\/dhg1h5j42swfq.cloudfront.net\/2023\/06\/05083940\/sefaz-rn.jpg","articleSection":["Fiscal - Estadual (ICMS)","\u00daltimas not\u00edcias"],"inLanguage":"pt-BR","potentialAction":[{"@type":"CommentAction","name":"Comment","target":["https:\/\/www.estrategiaconcursos.com.br\/blog\/sefaz-rn-inscritos-no-concurso\/#respond"]}],"copyrightYear":"2026","copyrightHolder":{"@id":"https:\/\/www.estrategiaconcursos.com.br\/blog\/#organization"}},{"@type":"WebPage","@id":"https:\/\/www.estrategiaconcursos.com.br\/blog\/sefaz-rn-inscritos-no-concurso\/","url":"https:\/\/www.estrategiaconcursos.com.br\/blog\/sefaz-rn-inscritos-no-concurso\/","name":"Sefaz RN: banca registra mais de 14 mil inscritos!","isPartOf":{"@id":"https:\/\/www.estrategiaconcursos.com.br\/blog\/#website"},"primaryImageOfPage":{"@id":"https:\/\/www.estrategiaconcursos.com.br\/blog\/sefaz-rn-inscritos-no-concurso\/#primaryimage"},"image":{"@id":"https:\/\/www.estrategiaconcursos.com.br\/blog\/sefaz-rn-inscritos-no-concurso\/#primaryimage"},"thumbnailUrl":"https:\/\/dhg1h5j42swfq.cloudfront.net\/2023\/06\/05083940\/sefaz-rn.jpg","datePublished":"2026-03-13T14:22:03+00:00","dateModified":"2026-03-13T17:21:37+00:00","description":"Sefaz RN registra mais de 14 mil inscritos para o concurso que ter\u00e1 provas nos dias 21 e 22 de mar\u00e7o. Acesse e veja mais aqui!","breadcrumb":{"@id":"https:\/\/www.estrategiaconcursos.com.br\/blog\/sefaz-rn-inscritos-no-concurso\/#breadcrumb"},"inLanguage":"pt-BR","potentialAction":[{"@type":"ReadAction","target":["https:\/\/www.estrategiaconcursos.com.br\/blog\/sefaz-rn-inscritos-no-concurso\/"]}]},{"@type":"ImageObject","inLanguage":"pt-BR","@id":"https:\/\/www.estrategiaconcursos.com.br\/blog\/sefaz-rn-inscritos-no-concurso\/#primaryimage","url":"https:\/\/dhg1h5j42swfq.cloudfront.net\/2023\/06\/05083940\/sefaz-rn.jpg","contentUrl":"https:\/\/dhg1h5j42swfq.cloudfront.net\/2023\/06\/05083940\/sefaz-rn.jpg","width":768,"height":432,"caption":"Sefaz RN inscritos no concurso"},{"@type":"BreadcrumbList","@id":"https:\/\/www.estrategiaconcursos.com.br\/blog\/sefaz-rn-inscritos-no-concurso\/#breadcrumb","itemListElement":[{"@type":"ListItem","position":1,"name":"In\u00edcio","item":"https:\/\/www.estrategiaconcursos.com.br\/blog\/"},{"@type":"ListItem","position":2,"name":"Sefaz RN: banca registra mais de 14 mil inscritos!"}]},{"@type":"WebSite","@id":"https:\/\/www.estrategiaconcursos.com.br\/blog\/#website","url":"https:\/\/www.estrategiaconcursos.com.br\/blog\/","name":"Estrat\u00e9gia Concursos","description":"O blog da Estrat\u00e9gia Concursos traz not\u00edcias sobre concursos e artigos de professores oferecendo cursos para concursos (pdf + videaulas) no site.","publisher":{"@id":"https:\/\/www.estrategiaconcursos.com.br\/blog\/#organization"},"potentialAction":[{"@type":"SearchAction","target":{"@type":"EntryPoint","urlTemplate":"https:\/\/www.estrategiaconcursos.com.br\/blog\/?s={search_term_string}"},"query-input":{"@type":"PropertyValueSpecification","valueRequired":true,"valueName":"search_term_string"}}],"inLanguage":"pt-BR"},{"@type":"Organization","@id":"https:\/\/www.estrategiaconcursos.com.br\/blog\/#organization","name":"Estrat\u00e9gia Concursos","url":"https:\/\/www.estrategiaconcursos.com.br\/blog\/","logo":{"@type":"ImageObject","inLanguage":"pt-BR","@id":"https:\/\/www.estrategiaconcursos.com.br\/blog\/#\/schema\/logo\/image\/","url":"https:\/\/dhg1h5j42swfq.cloudfront.net\/2025\/06\/03203428\/logo_concursos-1.jpg","contentUrl":"https:\/\/dhg1h5j42swfq.cloudfront.net\/2025\/06\/03203428\/logo_concursos-1.jpg","width":230,"height":60,"caption":"Estrat\u00e9gia Concursos"},"image":{"@id":"https:\/\/www.estrategiaconcursos.com.br\/blog\/#\/schema\/logo\/image\/"},"sameAs":["https:\/\/x.com\/EstratConcursos"]},{"@type":"Person","@id":"https:\/\/www.estrategiaconcursos.com.br\/blog\/#\/schema\/person\/e3b6b7ce0192dd4ad270655969d61750","name":"F\u00e1bio Scaldelai","image":{"@type":"ImageObject","inLanguage":"pt-BR","@id":"https:\/\/secure.gravatar.com\/avatar\/8ed7492c4d88d8495bc0cb24cda6847b8ae23eec459a919e08e77d0ca0fd79ec?s=96&d=mm&r=g","url":"https:\/\/secure.gravatar.com\/avatar\/8ed7492c4d88d8495bc0cb24cda6847b8ae23eec459a919e08e77d0ca0fd79ec?s=96&d=mm&r=g","contentUrl":"https:\/\/secure.gravatar.com\/avatar\/8ed7492c4d88d8495bc0cb24cda6847b8ae23eec459a919e08e77d0ca0fd79ec?s=96&d=mm&r=g","caption":"F\u00e1bio Scaldelai"},"description":"Jornalista no Estrat\u00e9gia Concursos e Produtor de Televis\u00e3o, formado em Jornalismo, R\u00e1dio e TV pela Faculdade Integrada Rio Branco, com especializa\u00e7\u00f5es em Gest\u00e3o Empresarial e Marketing pelo M\u00f3dulo. Atuou como produtor no SBT, TV Bandeirantes e R\u00e1dio Band FM, al\u00e9m de acumular tr\u00eas anos de experi\u00eancia no setor de concursos p\u00fablicos pela LFG (Luiz Fl\u00e1vio Gomes). No Estrat\u00e9gia Concursos, atua na apura\u00e7\u00e3o de not\u00edcias da \u00e1rea fiscal, al\u00e9m de coberturas sobre concursos das \u00e1reas de controle (TCU, TCE, etc), concurso AFT, \u00e1rea de gest\u00e3o e administrativa, bem como dos \u00f3rg\u00e3os participantes do CNU. Tamb\u00e9m possui experi\u00eancia em link building e an\u00e1lise de m\u00eddia, adquirida durante sua atua\u00e7\u00e3o na ag\u00eancia SEO Marketing.","url":"https:\/\/www.estrategiaconcursos.com.br\/blog\/author\/fabio-scaldelaiestrategiaconcursos-com-br\/"}]}},"_links":{"self":[{"href":"https:\/\/www.estrategiaconcursos.com.br\/blog\/wp-json\/wp\/v2\/posts\/1733338","targetHints":{"allow":["GET"]}}],"collection":[{"href":"https:\/\/www.estrategiaconcursos.com.br\/blog\/wp-json\/wp\/v2\/posts"}],"about":[{"href":"https:\/\/www.estrategiaconcursos.com.br\/blog\/wp-json\/wp\/v2\/types\/post"}],"author":[{"embeddable":true,"href":"https:\/\/www.estrategiaconcursos.com.br\/blog\/wp-json\/wp\/v2\/users\/656"}],"replies":[{"embeddable":true,"href":"https:\/\/www.estrategiaconcursos.com.br\/blog\/wp-json\/wp\/v2\/comments?post=1733338"}],"version-history":[{"count":5,"href":"https:\/\/www.estrategiaconcursos.com.br\/blog\/wp-json\/wp\/v2\/posts\/1733338\/revisions"}],"predecessor-version":[{"id":1733761,"href":"https:\/\/www.estrategiaconcursos.com.br\/blog\/wp-json\/wp\/v2\/posts\/1733338\/revisions\/1733761"}],"wp:featuredmedia":[{"embeddable":true,"href":"https:\/\/www.estrategiaconcursos.com.br\/blog\/wp-json\/wp\/v2\/media\/1227510"}],"wp:attachment":[{"href":"https:\/\/www.estrategiaconcursos.com.br\/blog\/wp-json\/wp\/v2\/media?parent=1733338"}],"wp:term":[{"taxonomy":"category","embeddable":true,"href":"https:\/\/www.estrategiaconcursos.com.br\/blog\/wp-json\/wp\/v2\/categories?post=1733338"},{"taxonomy":"post_tag","embeddable":true,"href":"https:\/\/www.estrategiaconcursos.com.br\/blog\/wp-json\/wp\/v2\/tags?post=1733338"},{"taxonomy":"tax_estado","embeddable":true,"href":"https:\/\/www.estrategiaconcursos.com.br\/blog\/wp-json\/wp\/v2\/tax_estado?post=1733338"}],"curies":[{"name":"wp","href":"https:\/\/api.w.org\/{rel}","templated":true}]}}