{"id":1733289,"date":"2026-03-13T09:07:00","date_gmt":"2026-03-13T12:07:00","guid":{"rendered":"https:\/\/www.estrategiaconcursos.com.br\/blog\/?p=1733289"},"modified":"2026-03-13T14:33:08","modified_gmt":"2026-03-13T17:33:08","slug":"edital-da-cge-am-neste-semestre","status":"publish","type":"post","link":"https:\/\/www.estrategiaconcursos.com.br\/blog\/edital-da-cge-am-neste-semestre\/","title":{"rendered":"Edital da CGE AM \u00e9 confirmado neste semestre!"},"content":{"rendered":"\n<p>O <strong>edital <\/strong>do concurso p\u00fablico da <strong><a href=\"https:\/\/www.estrategiaconcursos.com.br\/cursosPorConcurso\/controladoria-geral-do-estado-do-amazonas-cge-am\/\" target=\"_blank\" rel=\"noreferrer noopener\">Controladoria Geral do Estado do Amazonas<\/a>&nbsp;(CGE AM)<\/strong> foi confirmado p<strong>ara esse semestre, com provas at\u00e9 o final do ano. <\/strong><\/p>\n\n\n\n<p>As informa\u00e7\u00f5es foram oficializadas pelo pr\u00f3prio governo do estado na \u00faltima quinta-feira, 12 de mar\u00e7o, durante a cerim\u00f4nia de entrega do Pr\u00eamio da Qualidade do Sistema de Gest\u00e3o.<\/p>\n\n\n\n<p>Deste modo, conforme informa\u00e7\u00f5es do pr\u00f3prio governador, a comiss\u00e3o do certame ser\u00e1 respons\u00e1vel por coordenar todas as etapas do edital. <\/p>\n\n\n\n<p>Vale lembrar que o concurso CGE AM deve contemplar 50 vagas no cargo de <strong>Auditor de Controle Interno<\/strong>. Confira a distribui\u00e7\u00e3o logo abaixo:<\/p>\n\n\n\n<ul class=\"wp-block-list\">\n<li><strong>Demais gradua\u00e7\u00f5es<\/strong>, 30 vagas;<\/li>\n\n\n\n<li><strong>Ci\u00eancias Cont\u00e1beis<\/strong>, 5 vagas;<\/li>\n\n\n\n<li><strong>Direito<\/strong>, 5 vagas;<\/li>\n\n\n\n<li><strong>Engenharia Civil<\/strong>, 5 vagas;<\/li>\n\n\n\n<li><strong>Tecnologia da Informa\u00e7\u00e3o<\/strong>, 5 vagas; e<\/li>\n<\/ul>\n\n\n\n<p>J\u00e1 a remunera\u00e7\u00e3o do cargo de&nbsp;<strong>Auditor <\/strong>\u00e9 composta pelo vencimento base de R$ 1.285,90 mais Gratifica\u00e7\u00e3o de Controle Interno no valor de R$ 12.414,10.<\/p>\n\n\n\n<figure class=\"wp-block-image aligncenter\"><img loading=\"lazy\" decoding=\"async\" width=\"575\" height=\"573\" src=\"https:\/\/dhg1h5j42swfq.cloudfront.net\/2023\/01\/20101019\/image-228.png\" alt=\"Edital da CGE AM - sal\u00e1rios\" class=\"wp-image-1156201\" srcset=\"https:\/\/dhg1h5j42swfq.cloudfront.net\/2023\/01\/20101019\/image-228.png 575w, https:\/\/dhg1h5j42swfq.cloudfront.net\/2023\/01\/20101019\/image-228-300x300.png 300w, https:\/\/dhg1h5j42swfq.cloudfront.net\/2023\/01\/20101019\/image-228-150x149.png 150w, https:\/\/dhg1h5j42swfq.cloudfront.net\/2023\/01\/20101019\/image-228-96x96.png 96w\" sizes=\"auto, (max-width: 575px) 100vw, 575px\" \/><\/figure>\n\n\n\n<p><em>Para saber todos os detalhes do edital da <a href=\"https:\/\/www.cge.am.gov.br\/\" target=\"_blank\" rel=\"noreferrer noopener\">CGE AM<\/a>, cuja publica\u00e7\u00e3o deve ocorrer ainda neste semestre, acesse agora mesmo o link abaixo:<\/em><\/p>\n\n\n\n<p class=\"has-text-align-center has-background\" style=\"background-color:#f8f8f8;font-size:clamp(16.293px, 1.018rem + ((1vw - 3.2px) * 0.854), 25px);\"><strong>Saiba mais: <a href=\"https:\/\/www.estrategiaconcursos.com.br\/blog\/concurso-cge-am\/\" target=\"_blank\" rel=\"noreferrer noopener\">Concurso CGE AM<\/a><\/strong><\/p>\n\n\n\n<hr class=\"wp-block-separator has-alpha-channel-opacity\"\/>\n\n\n\n<h2 class=\"wp-block-heading has-text-align-center\" id=\"cursos-assinatura\">Comece os seus estudos agora mesmo para o edital da concurso CGE AM!<\/h2>\n\n\n\n<div class=\"container\" id=\"boxes\">\n  <div class=\"row\">\n\n    <div class=\"col-sm\">\n      <div class=\"banner-controle-ec\" id=\"box-assinatura\">\n        <h2 class=\"titulo-assinatura\">Cursos Concurso CGE AM<\/h2>\n        <p class=\"subtitulo-assinatura\">Conhe\u00e7a os cursos preparat\u00f3rios!<\/p>\n        <div class=\"box-botao\">\n          <a class=\"btn-assinatura\" target=\"_blank\" href=\"https:\/\/www.estrategiaconcursos.com.br\/cursosPorConcurso\/controladoria-geral-do-estado-do-amazonas-cge-am\/\" role=\"button\" rel=\"noopener noreferrer\">VER CURSOS<\/a>\n        <\/div>\n      <\/div>\n      \n    <\/div>\n\n  <\/div>\n<\/div>\n\n\n\n<div class=\"container\" id=\"boxes\">\n  <div class=\"row\">\n\n    <div class=\"col-sm\">\n      <div class=\"estrategia\" id=\"box-assinatura\">\n        <h3 class=\"titulo-assinatura\"> Concursos P\u00fablicos\n        <p class=\"subtitulo-assinatura\">Assinatura de 1 ano ou 2 anos<\/p>\n        <div class=\"box-botao\">\n          <a class=\"btn-assinatura\" target=\"_blank\" href=\"https:\/\/www.estrategiaconcursos.com.br\/assinaturas\/\" role=\"button\" rel=\"noopener noreferrer\">ASSINE AGORA<\/a>\n        <\/div>\n      <\/h3><\/div><\/div><\/div><\/div>\n\n\n\n<h2 class=\"wp-block-heading has-text-align-center\" id=\"h-quer-saber-tudo-sobre-concursos-previstos-confira-nossos-artigos\">Quer saber tudo sobre concursos previstos?<br \/>Confira nossos artigos!<\/h2>\n\n\n\n<ul class=\"wp-block-list\">\n<li><a href=\"https:\/\/www.estrategiaconcursos.com.br\/blog\/concursos-abertos\/\" target=\"_blank\" rel=\"noreferrer noopener\">Concursos Abertos<\/a><\/li>\n\n\n\n<li><a href=\"https:\/\/www.estrategiaconcursos.com.br\/blog\/concursos-controle\/\" target=\"_blank\" rel=\"noreferrer noopener\">Concursos Controle<\/a><\/li>\n\n\n\n<li><a href=\"https:\/\/www.estrategiaconcursos.com.br\/blog\/concursos-2026\/\" target=\"_blank\" rel=\"noreferrer noopener\">Concursos 2026<\/a><\/li>\n<\/ul>\n","protected":false},"excerpt":{"rendered":"<p>O edital do concurso p\u00fablico da Controladoria Geral do Estado do Amazonas&nbsp;(CGE AM) foi confirmado para esse semestre, com provas at\u00e9 o final do ano. As informa\u00e7\u00f5es foram oficializadas pelo pr\u00f3prio governo do estado na \u00faltima quinta-feira, 12 de mar\u00e7o, durante a cerim\u00f4nia de entrega do Pr\u00eamio da Qualidade do Sistema de Gest\u00e3o. Deste modo, [&hellip;]<\/p>\n","protected":false},"author":656,"featured_media":893956,"comment_status":"open","ping_status":"closed","sticky":false,"template":"","format":"standard","meta":{"post_tipo":"news","footnotes":""},"categories":[220180,220219],"tags":[],"tax_estado":[219966],"class_list":["post-1733289","post","type-post","status-publish","format-standard","has-post-thumbnail","hentry","category-controle-gestao","category-noticias","tax_estado-am"],"acf":[],"yoast_head":"<!-- This site is optimized with the Yoast SEO Premium plugin v27.2 (Yoast SEO v27.2) - https:\/\/yoast.com\/product\/yoast-seo-premium-wordpress\/ -->\n<title>Edital da CGE AM \u00e9 confirmado neste semestre!<\/title>\n<meta name=\"description\" content=\"Edital da CGE AM \u00e9 confirmado para esse semestre com provas at\u00e9 o final do ano. Ser\u00e3o 50 vagas para Auditor. Veja aqui!\" \/>\n<meta name=\"robots\" content=\"index, follow, max-snippet:-1, max-image-preview:large, max-video-preview:-1\" \/>\n<link rel=\"canonical\" href=\"https:\/\/www.estrategiaconcursos.com.br\/blog\/edital-da-cge-am-neste-semestre\/\" \/>\n<meta property=\"og:locale\" content=\"pt_BR\" \/>\n<meta property=\"og:type\" content=\"article\" \/>\n<meta property=\"og:title\" content=\"Edital da CGE AM \u00e9 confirmado neste semestre!\" \/>\n<meta property=\"og:description\" content=\"Edital da CGE AM \u00e9 confirmado para esse semestre com provas at\u00e9 o final do ano. Ser\u00e3o 50 vagas para Auditor. Veja aqui!\" \/>\n<meta property=\"og:url\" content=\"https:\/\/www.estrategiaconcursos.com.br\/blog\/edital-da-cge-am-neste-semestre\/\" \/>\n<meta property=\"og:site_name\" content=\"Estrat\u00e9gia Concursos\" \/>\n<meta property=\"article:published_time\" content=\"2026-03-13T12:07:00+00:00\" \/>\n<meta property=\"article:modified_time\" content=\"2026-03-13T17:33:08+00:00\" \/>\n<meta property=\"og:image\" content=\"https:\/\/dhg1h5j42swfq.cloudfront.net\/2021\/10\/26153217\/cge-am.jpg\" \/>\n\t<meta property=\"og:image:width\" content=\"768\" \/>\n\t<meta property=\"og:image:height\" content=\"432\" \/>\n\t<meta property=\"og:image:type\" content=\"image\/jpeg\" \/>\n<meta name=\"author\" content=\"F\u00e1bio Scaldelai\" \/>\n<meta name=\"twitter:card\" content=\"summary_large_image\" \/>\n<meta name=\"twitter:creator\" content=\"@EstratConcursos\" \/>\n<meta name=\"twitter:site\" content=\"@EstratConcursos\" \/>\n<meta name=\"twitter:label1\" content=\"Escrito por\" \/>\n\t<meta name=\"twitter:data1\" content=\"F\u00e1bio Scaldelai\" \/>\n\t<meta name=\"twitter:label2\" content=\"Est. tempo de leitura\" \/>\n\t<meta name=\"twitter:data2\" content=\"1 minuto\" \/>\n<script type=\"application\/ld+json\" class=\"yoast-schema-graph\">{\"@context\":\"https:\/\/schema.org\",\"@graph\":[{\"@type\":\"NewsArticle\",\"@id\":\"https:\/\/www.estrategiaconcursos.com.br\/blog\/edital-da-cge-am-neste-semestre\/#article\",\"isPartOf\":{\"@id\":\"https:\/\/www.estrategiaconcursos.com.br\/blog\/edital-da-cge-am-neste-semestre\/\"},\"author\":{\"name\":\"F\u00e1bio Scaldelai\",\"@id\":\"https:\/\/www.estrategiaconcursos.com.br\/blog\/#\/schema\/person\/e3b6b7ce0192dd4ad270655969d61750\"},\"headline\":\"Edital da CGE AM \u00e9 confirmado neste semestre!\",\"datePublished\":\"2026-03-13T12:07:00+00:00\",\"dateModified\":\"2026-03-13T17:33:08+00:00\",\"mainEntityOfPage\":{\"@id\":\"https:\/\/www.estrategiaconcursos.com.br\/blog\/edital-da-cge-am-neste-semestre\/\"},\"wordCount\":238,\"commentCount\":0,\"publisher\":{\"@id\":\"https:\/\/www.estrategiaconcursos.com.br\/blog\/#organization\"},\"image\":{\"@id\":\"https:\/\/www.estrategiaconcursos.com.br\/blog\/edital-da-cge-am-neste-semestre\/#primaryimage\"},\"thumbnailUrl\":\"https:\/\/dhg1h5j42swfq.cloudfront.net\/2021\/10\/26153217\/cge-am.jpg\",\"articleSection\":[\"Controladorias\/Gest\u00e3o (CGU, CGE, STN, EPPGG)\",\"\u00daltimas not\u00edcias\"],\"inLanguage\":\"pt-BR\",\"potentialAction\":[{\"@type\":\"CommentAction\",\"name\":\"Comment\",\"target\":[\"https:\/\/www.estrategiaconcursos.com.br\/blog\/edital-da-cge-am-neste-semestre\/#respond\"]}],\"copyrightYear\":\"2026\",\"copyrightHolder\":{\"@id\":\"https:\/\/www.estrategiaconcursos.com.br\/blog\/#organization\"}},{\"@type\":\"WebPage\",\"@id\":\"https:\/\/www.estrategiaconcursos.com.br\/blog\/edital-da-cge-am-neste-semestre\/\",\"url\":\"https:\/\/www.estrategiaconcursos.com.br\/blog\/edital-da-cge-am-neste-semestre\/\",\"name\":\"Edital da CGE AM \u00e9 confirmado neste semestre!\",\"isPartOf\":{\"@id\":\"https:\/\/www.estrategiaconcursos.com.br\/blog\/#website\"},\"primaryImageOfPage\":{\"@id\":\"https:\/\/www.estrategiaconcursos.com.br\/blog\/edital-da-cge-am-neste-semestre\/#primaryimage\"},\"image\":{\"@id\":\"https:\/\/www.estrategiaconcursos.com.br\/blog\/edital-da-cge-am-neste-semestre\/#primaryimage\"},\"thumbnailUrl\":\"https:\/\/dhg1h5j42swfq.cloudfront.net\/2021\/10\/26153217\/cge-am.jpg\",\"datePublished\":\"2026-03-13T12:07:00+00:00\",\"dateModified\":\"2026-03-13T17:33:08+00:00\",\"description\":\"Edital da CGE AM \u00e9 confirmado para esse semestre com provas at\u00e9 o final do ano. Ser\u00e3o 50 vagas para Auditor. Veja aqui!\",\"breadcrumb\":{\"@id\":\"https:\/\/www.estrategiaconcursos.com.br\/blog\/edital-da-cge-am-neste-semestre\/#breadcrumb\"},\"inLanguage\":\"pt-BR\",\"potentialAction\":[{\"@type\":\"ReadAction\",\"target\":[\"https:\/\/www.estrategiaconcursos.com.br\/blog\/edital-da-cge-am-neste-semestre\/\"]}]},{\"@type\":\"ImageObject\",\"inLanguage\":\"pt-BR\",\"@id\":\"https:\/\/www.estrategiaconcursos.com.br\/blog\/edital-da-cge-am-neste-semestre\/#primaryimage\",\"url\":\"https:\/\/dhg1h5j42swfq.cloudfront.net\/2021\/10\/26153217\/cge-am.jpg\",\"contentUrl\":\"https:\/\/dhg1h5j42swfq.cloudfront.net\/2021\/10\/26153217\/cge-am.jpg\",\"width\":768,\"height\":432,\"caption\":\"Edital da CGE AM\"},{\"@type\":\"BreadcrumbList\",\"@id\":\"https:\/\/www.estrategiaconcursos.com.br\/blog\/edital-da-cge-am-neste-semestre\/#breadcrumb\",\"itemListElement\":[{\"@type\":\"ListItem\",\"position\":1,\"name\":\"In\u00edcio\",\"item\":\"https:\/\/www.estrategiaconcursos.com.br\/blog\/\"},{\"@type\":\"ListItem\",\"position\":2,\"name\":\"Edital da CGE AM \u00e9 confirmado neste semestre!\"}]},{\"@type\":\"WebSite\",\"@id\":\"https:\/\/www.estrategiaconcursos.com.br\/blog\/#website\",\"url\":\"https:\/\/www.estrategiaconcursos.com.br\/blog\/\",\"name\":\"Estrat\u00e9gia Concursos\",\"description\":\"O blog da Estrat\u00e9gia Concursos traz not\u00edcias sobre concursos e artigos de professores oferecendo cursos para concursos (pdf + videaulas) no site.\",\"publisher\":{\"@id\":\"https:\/\/www.estrategiaconcursos.com.br\/blog\/#organization\"},\"potentialAction\":[{\"@type\":\"SearchAction\",\"target\":{\"@type\":\"EntryPoint\",\"urlTemplate\":\"https:\/\/www.estrategiaconcursos.com.br\/blog\/?s={search_term_string}\"},\"query-input\":{\"@type\":\"PropertyValueSpecification\",\"valueRequired\":true,\"valueName\":\"search_term_string\"}}],\"inLanguage\":\"pt-BR\"},{\"@type\":\"Organization\",\"@id\":\"https:\/\/www.estrategiaconcursos.com.br\/blog\/#organization\",\"name\":\"Estrat\u00e9gia Concursos\",\"url\":\"https:\/\/www.estrategiaconcursos.com.br\/blog\/\",\"logo\":{\"@type\":\"ImageObject\",\"inLanguage\":\"pt-BR\",\"@id\":\"https:\/\/www.estrategiaconcursos.com.br\/blog\/#\/schema\/logo\/image\/\",\"url\":\"https:\/\/dhg1h5j42swfq.cloudfront.net\/2025\/06\/03203428\/logo_concursos-1.jpg\",\"contentUrl\":\"https:\/\/dhg1h5j42swfq.cloudfront.net\/2025\/06\/03203428\/logo_concursos-1.jpg\",\"width\":230,\"height\":60,\"caption\":\"Estrat\u00e9gia Concursos\"},\"image\":{\"@id\":\"https:\/\/www.estrategiaconcursos.com.br\/blog\/#\/schema\/logo\/image\/\"},\"sameAs\":[\"https:\/\/x.com\/EstratConcursos\"]},{\"@type\":\"Person\",\"@id\":\"https:\/\/www.estrategiaconcursos.com.br\/blog\/#\/schema\/person\/e3b6b7ce0192dd4ad270655969d61750\",\"name\":\"F\u00e1bio Scaldelai\",\"image\":{\"@type\":\"ImageObject\",\"inLanguage\":\"pt-BR\",\"@id\":\"https:\/\/secure.gravatar.com\/avatar\/8ed7492c4d88d8495bc0cb24cda6847b8ae23eec459a919e08e77d0ca0fd79ec?s=96&d=mm&r=g\",\"url\":\"https:\/\/secure.gravatar.com\/avatar\/8ed7492c4d88d8495bc0cb24cda6847b8ae23eec459a919e08e77d0ca0fd79ec?s=96&d=mm&r=g\",\"contentUrl\":\"https:\/\/secure.gravatar.com\/avatar\/8ed7492c4d88d8495bc0cb24cda6847b8ae23eec459a919e08e77d0ca0fd79ec?s=96&d=mm&r=g\",\"caption\":\"F\u00e1bio Scaldelai\"},\"description\":\"Jornalista no Estrat\u00e9gia Concursos e Produtor de Televis\u00e3o, formado em Jornalismo, R\u00e1dio e TV pela Faculdade Integrada Rio Branco, com especializa\u00e7\u00f5es em Gest\u00e3o Empresarial e Marketing pelo M\u00f3dulo. Atuou como produtor no SBT, TV Bandeirantes e R\u00e1dio Band FM, al\u00e9m de acumular tr\u00eas anos de experi\u00eancia no setor de concursos p\u00fablicos pela LFG (Luiz Fl\u00e1vio Gomes). No Estrat\u00e9gia Concursos, atua na apura\u00e7\u00e3o de not\u00edcias da \u00e1rea fiscal, al\u00e9m de coberturas sobre concursos das \u00e1reas de controle (TCU, TCE, etc), concurso AFT, \u00e1rea de gest\u00e3o e administrativa, bem como dos \u00f3rg\u00e3os participantes do CNU. Tamb\u00e9m possui experi\u00eancia em link building e an\u00e1lise de m\u00eddia, adquirida durante sua atua\u00e7\u00e3o na ag\u00eancia SEO Marketing.\",\"url\":\"https:\/\/www.estrategiaconcursos.com.br\/blog\/author\/fabio-scaldelaiestrategiaconcursos-com-br\/\"}]}<\/script>\n<!-- \/ Yoast SEO Premium plugin. -->","yoast_head_json":{"title":"Edital da CGE AM \u00e9 confirmado neste semestre!","description":"Edital da CGE AM \u00e9 confirmado para esse semestre com provas at\u00e9 o final do ano. Ser\u00e3o 50 vagas para Auditor. Veja aqui!","robots":{"index":"index","follow":"follow","max-snippet":"max-snippet:-1","max-image-preview":"max-image-preview:large","max-video-preview":"max-video-preview:-1"},"canonical":"https:\/\/www.estrategiaconcursos.com.br\/blog\/edital-da-cge-am-neste-semestre\/","og_locale":"pt_BR","og_type":"article","og_title":"Edital da CGE AM \u00e9 confirmado neste semestre!","og_description":"Edital da CGE AM \u00e9 confirmado para esse semestre com provas at\u00e9 o final do ano. Ser\u00e3o 50 vagas para Auditor. Veja aqui!","og_url":"https:\/\/www.estrategiaconcursos.com.br\/blog\/edital-da-cge-am-neste-semestre\/","og_site_name":"Estrat\u00e9gia Concursos","article_published_time":"2026-03-13T12:07:00+00:00","article_modified_time":"2026-03-13T17:33:08+00:00","og_image":[{"width":768,"height":432,"url":"https:\/\/dhg1h5j42swfq.cloudfront.net\/2021\/10\/26153217\/cge-am.jpg","type":"image\/jpeg"}],"author":"F\u00e1bio Scaldelai","twitter_card":"summary_large_image","twitter_creator":"@EstratConcursos","twitter_site":"@EstratConcursos","twitter_misc":{"Escrito por":"F\u00e1bio Scaldelai","Est. tempo de leitura":"1 minuto"},"schema":{"@context":"https:\/\/schema.org","@graph":[{"@type":"NewsArticle","@id":"https:\/\/www.estrategiaconcursos.com.br\/blog\/edital-da-cge-am-neste-semestre\/#article","isPartOf":{"@id":"https:\/\/www.estrategiaconcursos.com.br\/blog\/edital-da-cge-am-neste-semestre\/"},"author":{"name":"F\u00e1bio Scaldelai","@id":"https:\/\/www.estrategiaconcursos.com.br\/blog\/#\/schema\/person\/e3b6b7ce0192dd4ad270655969d61750"},"headline":"Edital da CGE AM \u00e9 confirmado neste semestre!","datePublished":"2026-03-13T12:07:00+00:00","dateModified":"2026-03-13T17:33:08+00:00","mainEntityOfPage":{"@id":"https:\/\/www.estrategiaconcursos.com.br\/blog\/edital-da-cge-am-neste-semestre\/"},"wordCount":238,"commentCount":0,"publisher":{"@id":"https:\/\/www.estrategiaconcursos.com.br\/blog\/#organization"},"image":{"@id":"https:\/\/www.estrategiaconcursos.com.br\/blog\/edital-da-cge-am-neste-semestre\/#primaryimage"},"thumbnailUrl":"https:\/\/dhg1h5j42swfq.cloudfront.net\/2021\/10\/26153217\/cge-am.jpg","articleSection":["Controladorias\/Gest\u00e3o (CGU, CGE, STN, EPPGG)","\u00daltimas not\u00edcias"],"inLanguage":"pt-BR","potentialAction":[{"@type":"CommentAction","name":"Comment","target":["https:\/\/www.estrategiaconcursos.com.br\/blog\/edital-da-cge-am-neste-semestre\/#respond"]}],"copyrightYear":"2026","copyrightHolder":{"@id":"https:\/\/www.estrategiaconcursos.com.br\/blog\/#organization"}},{"@type":"WebPage","@id":"https:\/\/www.estrategiaconcursos.com.br\/blog\/edital-da-cge-am-neste-semestre\/","url":"https:\/\/www.estrategiaconcursos.com.br\/blog\/edital-da-cge-am-neste-semestre\/","name":"Edital da CGE AM \u00e9 confirmado neste semestre!","isPartOf":{"@id":"https:\/\/www.estrategiaconcursos.com.br\/blog\/#website"},"primaryImageOfPage":{"@id":"https:\/\/www.estrategiaconcursos.com.br\/blog\/edital-da-cge-am-neste-semestre\/#primaryimage"},"image":{"@id":"https:\/\/www.estrategiaconcursos.com.br\/blog\/edital-da-cge-am-neste-semestre\/#primaryimage"},"thumbnailUrl":"https:\/\/dhg1h5j42swfq.cloudfront.net\/2021\/10\/26153217\/cge-am.jpg","datePublished":"2026-03-13T12:07:00+00:00","dateModified":"2026-03-13T17:33:08+00:00","description":"Edital da CGE AM \u00e9 confirmado para esse semestre com provas at\u00e9 o final do ano. Ser\u00e3o 50 vagas para Auditor. Veja aqui!","breadcrumb":{"@id":"https:\/\/www.estrategiaconcursos.com.br\/blog\/edital-da-cge-am-neste-semestre\/#breadcrumb"},"inLanguage":"pt-BR","potentialAction":[{"@type":"ReadAction","target":["https:\/\/www.estrategiaconcursos.com.br\/blog\/edital-da-cge-am-neste-semestre\/"]}]},{"@type":"ImageObject","inLanguage":"pt-BR","@id":"https:\/\/www.estrategiaconcursos.com.br\/blog\/edital-da-cge-am-neste-semestre\/#primaryimage","url":"https:\/\/dhg1h5j42swfq.cloudfront.net\/2021\/10\/26153217\/cge-am.jpg","contentUrl":"https:\/\/dhg1h5j42swfq.cloudfront.net\/2021\/10\/26153217\/cge-am.jpg","width":768,"height":432,"caption":"Edital da CGE AM"},{"@type":"BreadcrumbList","@id":"https:\/\/www.estrategiaconcursos.com.br\/blog\/edital-da-cge-am-neste-semestre\/#breadcrumb","itemListElement":[{"@type":"ListItem","position":1,"name":"In\u00edcio","item":"https:\/\/www.estrategiaconcursos.com.br\/blog\/"},{"@type":"ListItem","position":2,"name":"Edital da CGE AM \u00e9 confirmado neste semestre!"}]},{"@type":"WebSite","@id":"https:\/\/www.estrategiaconcursos.com.br\/blog\/#website","url":"https:\/\/www.estrategiaconcursos.com.br\/blog\/","name":"Estrat\u00e9gia Concursos","description":"O blog da Estrat\u00e9gia Concursos traz not\u00edcias sobre concursos e artigos de professores oferecendo cursos para concursos (pdf + videaulas) no site.","publisher":{"@id":"https:\/\/www.estrategiaconcursos.com.br\/blog\/#organization"},"potentialAction":[{"@type":"SearchAction","target":{"@type":"EntryPoint","urlTemplate":"https:\/\/www.estrategiaconcursos.com.br\/blog\/?s={search_term_string}"},"query-input":{"@type":"PropertyValueSpecification","valueRequired":true,"valueName":"search_term_string"}}],"inLanguage":"pt-BR"},{"@type":"Organization","@id":"https:\/\/www.estrategiaconcursos.com.br\/blog\/#organization","name":"Estrat\u00e9gia Concursos","url":"https:\/\/www.estrategiaconcursos.com.br\/blog\/","logo":{"@type":"ImageObject","inLanguage":"pt-BR","@id":"https:\/\/www.estrategiaconcursos.com.br\/blog\/#\/schema\/logo\/image\/","url":"https:\/\/dhg1h5j42swfq.cloudfront.net\/2025\/06\/03203428\/logo_concursos-1.jpg","contentUrl":"https:\/\/dhg1h5j42swfq.cloudfront.net\/2025\/06\/03203428\/logo_concursos-1.jpg","width":230,"height":60,"caption":"Estrat\u00e9gia Concursos"},"image":{"@id":"https:\/\/www.estrategiaconcursos.com.br\/blog\/#\/schema\/logo\/image\/"},"sameAs":["https:\/\/x.com\/EstratConcursos"]},{"@type":"Person","@id":"https:\/\/www.estrategiaconcursos.com.br\/blog\/#\/schema\/person\/e3b6b7ce0192dd4ad270655969d61750","name":"F\u00e1bio Scaldelai","image":{"@type":"ImageObject","inLanguage":"pt-BR","@id":"https:\/\/secure.gravatar.com\/avatar\/8ed7492c4d88d8495bc0cb24cda6847b8ae23eec459a919e08e77d0ca0fd79ec?s=96&d=mm&r=g","url":"https:\/\/secure.gravatar.com\/avatar\/8ed7492c4d88d8495bc0cb24cda6847b8ae23eec459a919e08e77d0ca0fd79ec?s=96&d=mm&r=g","contentUrl":"https:\/\/secure.gravatar.com\/avatar\/8ed7492c4d88d8495bc0cb24cda6847b8ae23eec459a919e08e77d0ca0fd79ec?s=96&d=mm&r=g","caption":"F\u00e1bio Scaldelai"},"description":"Jornalista no Estrat\u00e9gia Concursos e Produtor de Televis\u00e3o, formado em Jornalismo, R\u00e1dio e TV pela Faculdade Integrada Rio Branco, com especializa\u00e7\u00f5es em Gest\u00e3o Empresarial e Marketing pelo M\u00f3dulo. Atuou como produtor no SBT, TV Bandeirantes e R\u00e1dio Band FM, al\u00e9m de acumular tr\u00eas anos de experi\u00eancia no setor de concursos p\u00fablicos pela LFG (Luiz Fl\u00e1vio Gomes). No Estrat\u00e9gia Concursos, atua na apura\u00e7\u00e3o de not\u00edcias da \u00e1rea fiscal, al\u00e9m de coberturas sobre concursos das \u00e1reas de controle (TCU, TCE, etc), concurso AFT, \u00e1rea de gest\u00e3o e administrativa, bem como dos \u00f3rg\u00e3os participantes do CNU. Tamb\u00e9m possui experi\u00eancia em link building e an\u00e1lise de m\u00eddia, adquirida durante sua atua\u00e7\u00e3o na ag\u00eancia SEO Marketing.","url":"https:\/\/www.estrategiaconcursos.com.br\/blog\/author\/fabio-scaldelaiestrategiaconcursos-com-br\/"}]}},"_links":{"self":[{"href":"https:\/\/www.estrategiaconcursos.com.br\/blog\/wp-json\/wp\/v2\/posts\/1733289","targetHints":{"allow":["GET"]}}],"collection":[{"href":"https:\/\/www.estrategiaconcursos.com.br\/blog\/wp-json\/wp\/v2\/posts"}],"about":[{"href":"https:\/\/www.estrategiaconcursos.com.br\/blog\/wp-json\/wp\/v2\/types\/post"}],"author":[{"embeddable":true,"href":"https:\/\/www.estrategiaconcursos.com.br\/blog\/wp-json\/wp\/v2\/users\/656"}],"replies":[{"embeddable":true,"href":"https:\/\/www.estrategiaconcursos.com.br\/blog\/wp-json\/wp\/v2\/comments?post=1733289"}],"version-history":[{"count":6,"href":"https:\/\/www.estrategiaconcursos.com.br\/blog\/wp-json\/wp\/v2\/posts\/1733289\/revisions"}],"predecessor-version":[{"id":1733773,"href":"https:\/\/www.estrategiaconcursos.com.br\/blog\/wp-json\/wp\/v2\/posts\/1733289\/revisions\/1733773"}],"wp:featuredmedia":[{"embeddable":true,"href":"https:\/\/www.estrategiaconcursos.com.br\/blog\/wp-json\/wp\/v2\/media\/893956"}],"wp:attachment":[{"href":"https:\/\/www.estrategiaconcursos.com.br\/blog\/wp-json\/wp\/v2\/media?parent=1733289"}],"wp:term":[{"taxonomy":"category","embeddable":true,"href":"https:\/\/www.estrategiaconcursos.com.br\/blog\/wp-json\/wp\/v2\/categories?post=1733289"},{"taxonomy":"post_tag","embeddable":true,"href":"https:\/\/www.estrategiaconcursos.com.br\/blog\/wp-json\/wp\/v2\/tags?post=1733289"},{"taxonomy":"tax_estado","embeddable":true,"href":"https:\/\/www.estrategiaconcursos.com.br\/blog\/wp-json\/wp\/v2\/tax_estado?post=1733289"}],"curies":[{"name":"wp","href":"https:\/\/api.w.org\/{rel}","templated":true}]}}