{"id":1733274,"date":"2026-03-13T14:34:00","date_gmt":"2026-03-13T17:34:00","guid":{"rendered":"https:\/\/www.estrategiaconcursos.com.br\/blog\/?p=1733274"},"modified":"2026-03-13T09:53:08","modified_gmt":"2026-03-13T12:53:08","slug":"concurso-sefaz-mt-o-que-pode-ou-nao-na-prova","status":"publish","type":"post","link":"https:\/\/www.estrategiaconcursos.com.br\/blog\/concurso-sefaz-mt-o-que-pode-ou-nao-na-prova\/","title":{"rendered":"Concurso Sefaz MT: o que pode ou n\u00e3o pode levar na prova?"},"content":{"rendered":"\n<p>Acontecem neste domingo, 15, as avalia\u00e7\u00f5es d<strong>o concurso Sefaz MT<\/strong> (<em><a href=\"https:\/\/www.estrategiaconcursos.com.br\/cursosPorConcurso\/secretaria-da-fazenda-do-mato-grosso-sefaz-mt\/\" target=\"_blank\" rel=\"noreferrer noopener\">Secretaria de Estado da Fazenda do Mato Grosso<\/a><\/em>), mas voc\u00ea sabe o que pode ou n\u00e3o pode levar na prova?<\/p>\n\n\n\n<p>Entender o que \u00e9 permitido ou proibido \u00e9 de extrema import\u00e2ncia para n\u00e3o haver qualquer problema que impe\u00e7a o candidato de realizar a prova ou at\u00e9 mesmo de ser exclu\u00eddo da sele\u00e7\u00e3o. Assim, uma atenta leitura do edital \u00e9 v\u00e1lida em todas as fases do certame.<\/p>\n\n\n\n<h2 class=\"wp-block-heading\" id=\"h-o-que-pode-levar-para-a-prova-do-concurso-sefaz-mt\">O que pode levar para a prova do concurso Sefaz MT?<\/h2>\n\n\n\n<p>O candidato dever\u00e1 comparecer ao local designado munido, obrigatoriamente, de <strong>caneta esferogr\u00e1fica de material transparente (tinta preta ou azul)<\/strong>, al\u00e9m de <strong>documento de identidade oficial v\u00e1lido com foto<\/strong>, por meio f\u00edsico ou eletr\u00f4nico, que bem o identifique, como: <\/p>\n\n\n\n<ul class=\"wp-block-list\">\n<li>Carteiras e\/ou C\u00e9dulas de Identidade expedidas pelas Secretarias de Seguran\u00e7a P\u00fablica, pelas For\u00e7as Armadas, pelo Minist\u00e9rio das Rela\u00e7\u00f5es Exteriores e pela Pol\u00edcia Militar; <\/li>\n\n\n\n<li>C\u00e9dula de Identidade para Estrangeiros; <\/li>\n\n\n\n<li>Carteiras expedidas por \u00f3rg\u00e3os fiscalizadores de exerc\u00edcio profissional (ordens, conselhos etc.); <\/li>\n\n\n\n<li>Certificado de Reservista; <\/li>\n\n\n\n<li>Passaporte; <\/li>\n\n\n\n<li>Carteira de Trabalho e Previd\u00eancia Social; <\/li>\n\n\n\n<li>Carteira Nacional de Habilita\u00e7\u00e3o (com fotografia na forma da Lei n\u00ba 9.503\/1997); <\/li>\n\n\n\n<li>Carteiras funcionais expedidas por \u00f3rg\u00e3o p\u00fablico que, por lei federal, valham como identidade; e <\/li>\n\n\n\n<li>Documentos digitais, com fotos, (eT\u00edtulo, CNH digital e RG digital) apresentados nos respectivos aplicativos oficiais.<\/li>\n<\/ul>\n\n\n\n<h2 class=\"wp-block-heading\" id=\"h-o-que-e-proibido-levar-para-a-prova-do-concurso-sefaz-mt\">O que \u00e9 <span style=\"text-decoration: underline;\">proibido<\/span> levar para a prova do concurso Sefaz MT?<\/h2>\n\n\n\n<ul class=\"wp-block-list\">\n<li>Armas, mesmo que possua o respectivo porte;<\/li>\n\n\n\n<li>Livros, anota\u00e7\u00f5es, c\u00f3digos, manuais, notas ou impressos n\u00e3o permitidos, m\u00e1quina calculadora ou similar;<\/li>\n\n\n\n<li><strong>*<\/strong>Rel\u00f3gio e qualquer tipo de aparelho eletr\u00f4nico ou de comunica\u00e7\u00e3o (telefone celular, notebook, tablets, smartphones, pulseiras e rel\u00f3gios inteligentes ou outros equipamentos similares), bem como protetores auriculares e fones de ouvido.<\/li>\n<\/ul>\n\n\n\n<p><strong>*<\/strong>O candidato ao ingressar no local de realiza\u00e7\u00e3o das provas, dever\u00e1 <strong>manter <span style=\"text-decoration: underline;\">desligado<\/span> qualquer aparelho eletr\u00f4nico<\/strong> que esteja sob sua posse, ainda que os sinais de alarme estejam nos modos de vibra\u00e7\u00e3o e silencioso.<\/p>\n\n\n\n<p>Os aparelhos eletr\u00f4nicos ser\u00e3o acondicionados, no momento da identifica\u00e7\u00e3o, em embalagem espec\u00edfica a ser fornecida pela <a href=\"https:\/\/www.concursosfcc.com.br\/concursos\/sefmt125\/index.html\" target=\"_blank\" rel=\"noreferrer noopener\">Funda\u00e7\u00e3o Carlos Chagas<\/a> exclusivamente para tal fim, devendo a embalagem, lacrada, permanecer embaixo da mesa\/carteira durante toda a aplica\u00e7\u00e3o da prova, sob pena de ser <strong>exclu\u00eddo<\/strong>. <\/p>\n\n\n\n<h3 class=\"wp-block-heading\" id=\"h-sera-excluido-do-concurso-o-candidato-que\">Ser\u00e1 exclu\u00eddo do concurso o candidato que:<\/h3>\n\n\n\n<ul class=\"wp-block-list\">\n<li>Apresentar-se ap\u00f3s o hor\u00e1rio estabelecido, inadmitindo-se qualquer toler\u00e2ncia;<\/li>\n\n\n\n<li>Apresentar-se em local diferente da convoca\u00e7\u00e3o oficial;<\/li>\n\n\n\n<li>N\u00e3o comparecer \u00e0s provas, seja qual for o motivo alegado;<\/li>\n\n\n\n<li>N\u00e3o apresentar documento que bem o identifique,;<\/li>\n\n\n\n<li>Ausentar-se da sala de provas sem o acompanhamento do fiscal;<\/li>\n\n\n\n<li>Ausentar-se do local de provas antes de decorridas 3 (tr\u00eas) horas do in\u00edcio da prova.<\/li>\n\n\n\n<li>Fizer anota\u00e7\u00e3o de informa\u00e7\u00f5es relativas \u00e0s suas respostas no comprovante de inscri\u00e7\u00e3o ou em qualquer outro meio, que n\u00e3o o fornecido pela Funda\u00e7\u00e3o Carlos Chagas no dia da aplica\u00e7\u00e3o das provas;<\/li>\n\n\n\n<li>Ausentar-se da sala de provas levando Folha de Respostas, Caderno de Quest\u00f5es ou outros materiais n\u00e3o permitidos;<\/li>\n\n\n\n<li>Estiver portando armas no ambiente de provas, mesmo que possua o respectivo porte;<\/li>\n\n\n\n<li>Lan\u00e7ar m\u00e3o de meios il\u00edcitos para a execu\u00e7\u00e3o das provas;<\/li>\n\n\n\n<li>N\u00e3o devolver integralmente o material recebido;<\/li>\n\n\n\n<li>For surpreendido em comunica\u00e7\u00e3o com outras pessoas ou utilizando-se de livros, anota\u00e7\u00f5es, c\u00f3digos, manuais, notas ou impressos n\u00e3o permitidos, m\u00e1quina calculadora ou similar;<\/li>\n\n\n\n<li>Estiver fazendo uso de qualquer esp\u00e9cie de rel\u00f3gio e qualquer tipo de aparelho eletr\u00f4nico ou de comunica\u00e7\u00e3o (telefone celular, notebook, tablets, smartphones, pulseiras e rel\u00f3gios inteligentes ou outros equipamentos similares), bem como protetores auriculares e fones de ouvido;<\/li>\n\n\n\n<li>Entregar a Folha de Respostas das Provas Objetivas em branco;<\/li>\n\n\n\n<li>Perturbar, de qualquer modo, a ordem dos trabalhos, incorrendo em comportamento indevido;<\/li>\n\n\n\n<li>Permanecer com qualquer material de Prova, Caderno de Quest\u00f5es, Cadernos e Folhas de Respostas, ap\u00f3s o t\u00e9rmino do tempo de prova permitido.<\/li>\n<\/ul>\n\n\n\n<div class=\"container\" id=\"boxes\">\r\n  <div class=\"row\">\r\n\r\n    <div class=\"col-sm\">\r\n      <div class=\"banner-sefaz-ec\" id=\"box-assinatura\">\r\n        <h2 class=\"titulo-assinatura\">Curso Concurso Sefaz MT<\/h2>\r\n        <p class=\"subtitulo-assinatura\">Conhe\u00e7a os cursos para a Sefaz MT<\/p>\r\n        <div class=\"box-botao\">\r\n          <a class=\"btn-assinatura\" target=\"_blank\" href=\"https:\/\/www.estrategiaconcursos.com.br\/cursosPorConcurso\/secretaria-da-fazenda-do-mato-grosso-sefaz-mt\/\" role=\"button\" rel=\"noopener noreferrer\">EXPLORAR CURSOS<\/a>\r\n        <\/div>\r\n      <\/div>\r\n     \r\n    <\/div>\r\n\r\n  <\/div>\r\n<\/div>\n\n\n\n<p>A avalia\u00e7\u00e3o ser\u00e1 realizada em dois per\u00edodos distintos, seguindo o hor\u00e1rio local.<\/p>\n\n\n\n<p>No per\u00edodo da <strong>manh\u00e3<\/strong>, os candidatos dever\u00e3o se apresentar \u00e0s <strong>8h<\/strong>, com fechamento dos port\u00f5es \u00e0s <strong>8h30<\/strong>, para a realiza\u00e7\u00e3o da <strong>Prova Objetiva 1<\/strong>, que ter\u00e1 dura\u00e7\u00e3o de <strong>4 horas<\/strong>. <\/p>\n\n\n\n<p>J\u00e1 no per\u00edodo da <strong>tarde<\/strong>, a apresenta\u00e7\u00e3o ser\u00e1 as <strong>14h<\/strong>, com fechamento dos port\u00f5es \u00e0s <strong>14h30<\/strong>, quando ser\u00e1 aplicada a <strong>Prova Objetiva 2<\/strong>, tamb\u00e9m com <strong>dura\u00e7\u00e3o de 4 horas<\/strong>.<\/p>\n\n\n\n<p>Em ambas as avalia\u00e7\u00f5es, a perman\u00eancia m\u00ednima do candidato na sala ser\u00e1 de <strong>3 horas<\/strong>, conforme previsto no edital de abertura.<\/p>\n\n\n\n<hr class=\"wp-block-separator has-alpha-channel-opacity is-style-dots\"\/>\n\n\n\n<p class=\"has-text-align-center\"><em>Para ficar por dentro de todas as informa\u00e7\u00f5es sobre o concurso Sefaz MT, al\u00e9m do que pode ou n\u00e3o pode levar na prova<\/em>, <em>n\u00e3o deixe de conferir nosso artigo completo sobre a sele\u00e7\u00e3o:<\/em><\/p>\n\n\n\n<p class=\"has-text-align-center has-background\" style=\"background-color:#b3d3e6\"><strong>Saiba mais: <a href=\"https:\/\/www.estrategiaconcursos.com.br\/blog\/concurso-sefaz-mt\/\" target=\"_blank\" rel=\"noreferrer noopener\">concurso Sefaz MT<\/a><\/strong><\/p>\n\n\n\n<hr class=\"wp-block-separator has-alpha-channel-opacity\"\/>\n\n\n\n<h2 class=\"wp-block-heading has-text-align-center\" id=\"assinatura-e-cursos\"><em>Quer estudar para o concurso Sefaz MT?<\/em><\/h2>\n\n\n\n<div class=\"container\" id=\"boxes\">\n  <div class=\"row\">\n\n    <div class=\"col-sm\">\n      <div class=\"banner-sefaz-ec\" id=\"box-assinatura\">\n        <h2 class=\"titulo-assinatura\">Curso Concurso Sefaz MT<\/h2>\n        <p class=\"subtitulo-assinatura\">Conhe\u00e7a os cursos para a Sefaz MT<\/p>\n        <div class=\"box-botao\">\n          <a class=\"btn-assinatura\" target=\"_blank\" href=\"https:\/\/www.estrategiaconcursos.com.br\/cursosPorConcurso\/secretaria-da-fazenda-do-mato-grosso-sefaz-mt\/\" role=\"button\" rel=\"noopener noreferrer\">EXPLORAR CURSOS<\/a>\n        <\/div>\n      <\/div>\n     \n    <\/div>\n\n  <\/div>\n<\/div>\n\n\n\n<div class=\"container\" id=\"boxes\">\n  <div class=\"row\">\n\n    <div class=\"col-sm\">\n      <div class=\"estrategia\" id=\"box-assinatura\">\n        <h3 class=\"titulo-assinatura\">Assinatura Concursos<\/h3>\n        <p class=\"subtitulo-assinatura\">Assinatura de 1 ano ou 2 anos<\/p>\n        <div class=\"box-botao\">\n          <a class=\"btn-assinatura\" target=\"_blank\" href=\"https:\/\/www.estrategiaconcursos.com.br\/assinaturas\/\" role=\"button\" rel=\"noopener noreferrer\">ASSINE AGORA<\/a>\n        <\/div>\n      <\/div><\/div><\/div><\/div>\n\n\n\n<h2 class=\"wp-block-heading has-text-align-center\" id=\"h-quer-saber-tudo-sobre-concursos-previstos-confira-os-nossos-artigos\">Quer saber tudo sobre concursos previstos?<br \/>Confira os nossos artigos!<\/h2>\n\n\n\n<ul class=\"wp-block-list\">\n<li><a href=\"https:\/\/www.estrategiaconcursos.com.br\/blog\/concursos-abertos\/\" target=\"_blank\" rel=\"noreferrer noopener\">Concursos Abertos<\/a><\/li>\n\n\n\n<li><a href=\"https:\/\/www.estrategiaconcursos.com.br\/blog\/concursos-fiscais\/\" target=\"_blank\" rel=\"noreferrer noopener\">Concursos Fiscais<\/a><\/li>\n\n\n\n<li><a href=\"https:\/\/www.estrategiaconcursos.com.br\/blog\/concursos-2026\/\" target=\"_blank\" rel=\"noreferrer noopener\">Concursos 2026<\/a><\/li>\n<\/ul>\n","protected":false},"excerpt":{"rendered":"<p>Acontecem neste domingo, 15, as avalia\u00e7\u00f5es do concurso Sefaz MT (Secretaria de Estado da Fazenda do Mato Grosso), mas voc\u00ea sabe o que pode ou n\u00e3o pode levar na prova? Entender o que \u00e9 permitido ou proibido \u00e9 de extrema import\u00e2ncia para n\u00e3o haver qualquer problema que impe\u00e7a o candidato de realizar a prova ou [&hellip;]<\/p>\n","protected":false},"author":659,"featured_media":1194472,"comment_status":"open","ping_status":"closed","sticky":false,"template":"","format":"standard","meta":{"post_tipo":"news","footnotes":""},"categories":[1983,220219],"tags":[],"tax_estado":[219976],"class_list":["post-1733274","post","type-post","status-publish","format-standard","has-post-thumbnail","hentry","category-fiscal-estadual","category-noticias","tax_estado-mt"],"acf":[],"yoast_head":"<!-- This site is optimized with the Yoast SEO Premium plugin v27.2 (Yoast SEO v27.2) - https:\/\/yoast.com\/product\/yoast-seo-premium-wordpress\/ -->\n<title>Concurso Sefaz MT: o que pode ou n\u00e3o pode levar na prova?<\/title>\n<meta name=\"description\" content=\"Com provas j\u00e1 no pr\u00f3ximo domingo (15), confira o que pode e o que n\u00e3o pode ser levado para prova do concurso Sefaz MT.\" \/>\n<meta name=\"robots\" content=\"index, follow, max-snippet:-1, max-image-preview:large, max-video-preview:-1\" \/>\n<link rel=\"canonical\" href=\"https:\/\/www.estrategiaconcursos.com.br\/blog\/concurso-sefaz-mt-o-que-pode-ou-nao-na-prova\/\" \/>\n<meta property=\"og:locale\" content=\"pt_BR\" \/>\n<meta property=\"og:type\" content=\"article\" \/>\n<meta property=\"og:title\" content=\"Concurso Sefaz MT: o que pode ou n\u00e3o pode levar na prova?\" \/>\n<meta property=\"og:description\" content=\"Com provas j\u00e1 no pr\u00f3ximo domingo (15), confira o que pode e o que n\u00e3o pode ser levado para prova do concurso Sefaz MT.\" \/>\n<meta property=\"og:url\" content=\"https:\/\/www.estrategiaconcursos.com.br\/blog\/concurso-sefaz-mt-o-que-pode-ou-nao-na-prova\/\" \/>\n<meta property=\"og:site_name\" content=\"Estrat\u00e9gia Concursos\" \/>\n<meta property=\"article:published_time\" content=\"2026-03-13T17:34:00+00:00\" \/>\n<meta property=\"og:image\" content=\"https:\/\/dhg1h5j42swfq.cloudfront.net\/2023\/03\/30135316\/sefaz-mt-1.jpg\" \/>\n\t<meta property=\"og:image:width\" content=\"769\" \/>\n\t<meta property=\"og:image:height\" content=\"434\" \/>\n\t<meta property=\"og:image:type\" content=\"image\/jpeg\" \/>\n<meta name=\"author\" content=\"Camila Leite\" \/>\n<meta name=\"twitter:card\" content=\"summary_large_image\" \/>\n<meta name=\"twitter:creator\" content=\"@EstratConcursos\" \/>\n<meta name=\"twitter:site\" content=\"@EstratConcursos\" \/>\n<meta name=\"twitter:label1\" content=\"Escrito por\" \/>\n\t<meta name=\"twitter:data1\" content=\"Camila Leite\" \/>\n\t<meta name=\"twitter:label2\" content=\"Est. tempo de leitura\" \/>\n\t<meta name=\"twitter:data2\" content=\"4 minutos\" \/>\n<script type=\"application\/ld+json\" class=\"yoast-schema-graph\">{\"@context\":\"https:\/\/schema.org\",\"@graph\":[{\"@type\":\"NewsArticle\",\"@id\":\"https:\/\/www.estrategiaconcursos.com.br\/blog\/concurso-sefaz-mt-o-que-pode-ou-nao-na-prova\/#article\",\"isPartOf\":{\"@id\":\"https:\/\/www.estrategiaconcursos.com.br\/blog\/concurso-sefaz-mt-o-que-pode-ou-nao-na-prova\/\"},\"author\":{\"name\":\"Camila Leite\",\"@id\":\"https:\/\/www.estrategiaconcursos.com.br\/blog\/#\/schema\/person\/84ecdc6eb58d3cf1689bf76c5cd8fb38\"},\"headline\":\"Concurso Sefaz MT: o que pode ou n\u00e3o pode levar na prova?\",\"datePublished\":\"2026-03-13T17:34:00+00:00\",\"mainEntityOfPage\":{\"@id\":\"https:\/\/www.estrategiaconcursos.com.br\/blog\/concurso-sefaz-mt-o-que-pode-ou-nao-na-prova\/\"},\"wordCount\":894,\"commentCount\":0,\"publisher\":{\"@id\":\"https:\/\/www.estrategiaconcursos.com.br\/blog\/#organization\"},\"image\":{\"@id\":\"https:\/\/www.estrategiaconcursos.com.br\/blog\/concurso-sefaz-mt-o-que-pode-ou-nao-na-prova\/#primaryimage\"},\"thumbnailUrl\":\"https:\/\/dhg1h5j42swfq.cloudfront.net\/2023\/03\/30135316\/sefaz-mt-1.jpg\",\"articleSection\":[\"Fiscal - Estadual (ICMS)\",\"\u00daltimas not\u00edcias\"],\"inLanguage\":\"pt-BR\",\"potentialAction\":[{\"@type\":\"CommentAction\",\"name\":\"Comment\",\"target\":[\"https:\/\/www.estrategiaconcursos.com.br\/blog\/concurso-sefaz-mt-o-que-pode-ou-nao-na-prova\/#respond\"]}],\"copyrightYear\":\"2026\",\"copyrightHolder\":{\"@id\":\"https:\/\/www.estrategiaconcursos.com.br\/blog\/#organization\"}},{\"@type\":\"WebPage\",\"@id\":\"https:\/\/www.estrategiaconcursos.com.br\/blog\/concurso-sefaz-mt-o-que-pode-ou-nao-na-prova\/\",\"url\":\"https:\/\/www.estrategiaconcursos.com.br\/blog\/concurso-sefaz-mt-o-que-pode-ou-nao-na-prova\/\",\"name\":\"Concurso Sefaz MT: o que pode ou n\u00e3o pode levar na prova?\",\"isPartOf\":{\"@id\":\"https:\/\/www.estrategiaconcursos.com.br\/blog\/#website\"},\"primaryImageOfPage\":{\"@id\":\"https:\/\/www.estrategiaconcursos.com.br\/blog\/concurso-sefaz-mt-o-que-pode-ou-nao-na-prova\/#primaryimage\"},\"image\":{\"@id\":\"https:\/\/www.estrategiaconcursos.com.br\/blog\/concurso-sefaz-mt-o-que-pode-ou-nao-na-prova\/#primaryimage\"},\"thumbnailUrl\":\"https:\/\/dhg1h5j42swfq.cloudfront.net\/2023\/03\/30135316\/sefaz-mt-1.jpg\",\"datePublished\":\"2026-03-13T17:34:00+00:00\",\"description\":\"Com provas j\u00e1 no pr\u00f3ximo domingo (15), confira o que pode e o que n\u00e3o pode ser levado para prova do concurso Sefaz MT.\",\"breadcrumb\":{\"@id\":\"https:\/\/www.estrategiaconcursos.com.br\/blog\/concurso-sefaz-mt-o-que-pode-ou-nao-na-prova\/#breadcrumb\"},\"inLanguage\":\"pt-BR\",\"potentialAction\":[{\"@type\":\"ReadAction\",\"target\":[\"https:\/\/www.estrategiaconcursos.com.br\/blog\/concurso-sefaz-mt-o-que-pode-ou-nao-na-prova\/\"]}]},{\"@type\":\"ImageObject\",\"inLanguage\":\"pt-BR\",\"@id\":\"https:\/\/www.estrategiaconcursos.com.br\/blog\/concurso-sefaz-mt-o-que-pode-ou-nao-na-prova\/#primaryimage\",\"url\":\"https:\/\/dhg1h5j42swfq.cloudfront.net\/2023\/03\/30135316\/sefaz-mt-1.jpg\",\"contentUrl\":\"https:\/\/dhg1h5j42swfq.cloudfront.net\/2023\/03\/30135316\/sefaz-mt-1.jpg\",\"width\":769,\"height\":434,\"caption\":\"Sefaz MT: FCC divulgada nota sobre o concurso!\"},{\"@type\":\"BreadcrumbList\",\"@id\":\"https:\/\/www.estrategiaconcursos.com.br\/blog\/concurso-sefaz-mt-o-que-pode-ou-nao-na-prova\/#breadcrumb\",\"itemListElement\":[{\"@type\":\"ListItem\",\"position\":1,\"name\":\"In\u00edcio\",\"item\":\"https:\/\/www.estrategiaconcursos.com.br\/blog\/\"},{\"@type\":\"ListItem\",\"position\":2,\"name\":\"Concurso Sefaz MT: o que pode ou n\u00e3o pode levar na prova?\"}]},{\"@type\":\"WebSite\",\"@id\":\"https:\/\/www.estrategiaconcursos.com.br\/blog\/#website\",\"url\":\"https:\/\/www.estrategiaconcursos.com.br\/blog\/\",\"name\":\"Estrat\u00e9gia Concursos\",\"description\":\"O blog da Estrat\u00e9gia Concursos traz not\u00edcias sobre concursos e artigos de professores oferecendo cursos para concursos (pdf + videaulas) no site.\",\"publisher\":{\"@id\":\"https:\/\/www.estrategiaconcursos.com.br\/blog\/#organization\"},\"potentialAction\":[{\"@type\":\"SearchAction\",\"target\":{\"@type\":\"EntryPoint\",\"urlTemplate\":\"https:\/\/www.estrategiaconcursos.com.br\/blog\/?s={search_term_string}\"},\"query-input\":{\"@type\":\"PropertyValueSpecification\",\"valueRequired\":true,\"valueName\":\"search_term_string\"}}],\"inLanguage\":\"pt-BR\"},{\"@type\":\"Organization\",\"@id\":\"https:\/\/www.estrategiaconcursos.com.br\/blog\/#organization\",\"name\":\"Estrat\u00e9gia Concursos\",\"url\":\"https:\/\/www.estrategiaconcursos.com.br\/blog\/\",\"logo\":{\"@type\":\"ImageObject\",\"inLanguage\":\"pt-BR\",\"@id\":\"https:\/\/www.estrategiaconcursos.com.br\/blog\/#\/schema\/logo\/image\/\",\"url\":\"https:\/\/dhg1h5j42swfq.cloudfront.net\/2025\/06\/03203428\/logo_concursos-1.jpg\",\"contentUrl\":\"https:\/\/dhg1h5j42swfq.cloudfront.net\/2025\/06\/03203428\/logo_concursos-1.jpg\",\"width\":230,\"height\":60,\"caption\":\"Estrat\u00e9gia Concursos\"},\"image\":{\"@id\":\"https:\/\/www.estrategiaconcursos.com.br\/blog\/#\/schema\/logo\/image\/\"},\"sameAs\":[\"https:\/\/x.com\/EstratConcursos\"]},{\"@type\":\"Person\",\"@id\":\"https:\/\/www.estrategiaconcursos.com.br\/blog\/#\/schema\/person\/84ecdc6eb58d3cf1689bf76c5cd8fb38\",\"name\":\"Camila Leite\",\"image\":{\"@type\":\"ImageObject\",\"inLanguage\":\"pt-BR\",\"@id\":\"https:\/\/secure.gravatar.com\/avatar\/f2f8faef639c8a2bfb7fb909912a56917f4c3a0aed064500168e2fb8ea55cf61?s=96&d=mm&r=g\",\"url\":\"https:\/\/secure.gravatar.com\/avatar\/f2f8faef639c8a2bfb7fb909912a56917f4c3a0aed064500168e2fb8ea55cf61?s=96&d=mm&r=g\",\"contentUrl\":\"https:\/\/secure.gravatar.com\/avatar\/f2f8faef639c8a2bfb7fb909912a56917f4c3a0aed064500168e2fb8ea55cf61?s=96&d=mm&r=g\",\"caption\":\"Camila Leite\"},\"description\":\"Formada em Design Gr\u00e1fico e em Propaganda e Marketing pela UNIP, integra a equipe de jornalismo do Estrat\u00e9gia Concursos desde 2018. Ao longo dos anos, construiu uma s\u00f3lida experi\u00eancia na produ\u00e7\u00e3o de conte\u00fado informativo e relevante para concurseiros. Desde 2020, atua na cobertura das \u00e1reas Fiscal \u2014 com \u00eanfase nas Secretarias de Fazenda (Sefaz) das regi\u00f5es Sul e Sudeste \u2014, al\u00e9m da cobertura de concursos federais, como CNU, Petrobras, CGU, Receita Federal, ag\u00eancias reguladoras (Anvisa, ANAC, entre outras) e INSS. Mant\u00e9m contato direto com os principais \u00f3rg\u00e3os p\u00fablicos, acompanhando editais, atualiza\u00e7\u00f5es e movimenta\u00e7\u00f5es importantes para os candidatos.\",\"sameAs\":[\"https:\/\/www.linkedin.com\/in\/camila-pinheiro-leite-9ba135b6\/\"],\"url\":\"https:\/\/www.estrategiaconcursos.com.br\/blog\/author\/camila-leiteestrategiaconcursos-com-br\/\"}]}<\/script>\n<!-- \/ Yoast SEO Premium plugin. -->","yoast_head_json":{"title":"Concurso Sefaz MT: o que pode ou n\u00e3o pode levar na prova?","description":"Com provas j\u00e1 no pr\u00f3ximo domingo (15), confira o que pode e o que n\u00e3o pode ser levado para prova do concurso Sefaz MT.","robots":{"index":"index","follow":"follow","max-snippet":"max-snippet:-1","max-image-preview":"max-image-preview:large","max-video-preview":"max-video-preview:-1"},"canonical":"https:\/\/www.estrategiaconcursos.com.br\/blog\/concurso-sefaz-mt-o-que-pode-ou-nao-na-prova\/","og_locale":"pt_BR","og_type":"article","og_title":"Concurso Sefaz MT: o que pode ou n\u00e3o pode levar na prova?","og_description":"Com provas j\u00e1 no pr\u00f3ximo domingo (15), confira o que pode e o que n\u00e3o pode ser levado para prova do concurso Sefaz MT.","og_url":"https:\/\/www.estrategiaconcursos.com.br\/blog\/concurso-sefaz-mt-o-que-pode-ou-nao-na-prova\/","og_site_name":"Estrat\u00e9gia Concursos","article_published_time":"2026-03-13T17:34:00+00:00","og_image":[{"width":769,"height":434,"url":"https:\/\/dhg1h5j42swfq.cloudfront.net\/2023\/03\/30135316\/sefaz-mt-1.jpg","type":"image\/jpeg"}],"author":"Camila Leite","twitter_card":"summary_large_image","twitter_creator":"@EstratConcursos","twitter_site":"@EstratConcursos","twitter_misc":{"Escrito por":"Camila Leite","Est. tempo de leitura":"4 minutos"},"schema":{"@context":"https:\/\/schema.org","@graph":[{"@type":"NewsArticle","@id":"https:\/\/www.estrategiaconcursos.com.br\/blog\/concurso-sefaz-mt-o-que-pode-ou-nao-na-prova\/#article","isPartOf":{"@id":"https:\/\/www.estrategiaconcursos.com.br\/blog\/concurso-sefaz-mt-o-que-pode-ou-nao-na-prova\/"},"author":{"name":"Camila Leite","@id":"https:\/\/www.estrategiaconcursos.com.br\/blog\/#\/schema\/person\/84ecdc6eb58d3cf1689bf76c5cd8fb38"},"headline":"Concurso Sefaz MT: o que pode ou n\u00e3o pode levar na prova?","datePublished":"2026-03-13T17:34:00+00:00","mainEntityOfPage":{"@id":"https:\/\/www.estrategiaconcursos.com.br\/blog\/concurso-sefaz-mt-o-que-pode-ou-nao-na-prova\/"},"wordCount":894,"commentCount":0,"publisher":{"@id":"https:\/\/www.estrategiaconcursos.com.br\/blog\/#organization"},"image":{"@id":"https:\/\/www.estrategiaconcursos.com.br\/blog\/concurso-sefaz-mt-o-que-pode-ou-nao-na-prova\/#primaryimage"},"thumbnailUrl":"https:\/\/dhg1h5j42swfq.cloudfront.net\/2023\/03\/30135316\/sefaz-mt-1.jpg","articleSection":["Fiscal - Estadual (ICMS)","\u00daltimas not\u00edcias"],"inLanguage":"pt-BR","potentialAction":[{"@type":"CommentAction","name":"Comment","target":["https:\/\/www.estrategiaconcursos.com.br\/blog\/concurso-sefaz-mt-o-que-pode-ou-nao-na-prova\/#respond"]}],"copyrightYear":"2026","copyrightHolder":{"@id":"https:\/\/www.estrategiaconcursos.com.br\/blog\/#organization"}},{"@type":"WebPage","@id":"https:\/\/www.estrategiaconcursos.com.br\/blog\/concurso-sefaz-mt-o-que-pode-ou-nao-na-prova\/","url":"https:\/\/www.estrategiaconcursos.com.br\/blog\/concurso-sefaz-mt-o-que-pode-ou-nao-na-prova\/","name":"Concurso Sefaz MT: o que pode ou n\u00e3o pode levar na prova?","isPartOf":{"@id":"https:\/\/www.estrategiaconcursos.com.br\/blog\/#website"},"primaryImageOfPage":{"@id":"https:\/\/www.estrategiaconcursos.com.br\/blog\/concurso-sefaz-mt-o-que-pode-ou-nao-na-prova\/#primaryimage"},"image":{"@id":"https:\/\/www.estrategiaconcursos.com.br\/blog\/concurso-sefaz-mt-o-que-pode-ou-nao-na-prova\/#primaryimage"},"thumbnailUrl":"https:\/\/dhg1h5j42swfq.cloudfront.net\/2023\/03\/30135316\/sefaz-mt-1.jpg","datePublished":"2026-03-13T17:34:00+00:00","description":"Com provas j\u00e1 no pr\u00f3ximo domingo (15), confira o que pode e o que n\u00e3o pode ser levado para prova do concurso Sefaz MT.","breadcrumb":{"@id":"https:\/\/www.estrategiaconcursos.com.br\/blog\/concurso-sefaz-mt-o-que-pode-ou-nao-na-prova\/#breadcrumb"},"inLanguage":"pt-BR","potentialAction":[{"@type":"ReadAction","target":["https:\/\/www.estrategiaconcursos.com.br\/blog\/concurso-sefaz-mt-o-que-pode-ou-nao-na-prova\/"]}]},{"@type":"ImageObject","inLanguage":"pt-BR","@id":"https:\/\/www.estrategiaconcursos.com.br\/blog\/concurso-sefaz-mt-o-que-pode-ou-nao-na-prova\/#primaryimage","url":"https:\/\/dhg1h5j42swfq.cloudfront.net\/2023\/03\/30135316\/sefaz-mt-1.jpg","contentUrl":"https:\/\/dhg1h5j42swfq.cloudfront.net\/2023\/03\/30135316\/sefaz-mt-1.jpg","width":769,"height":434,"caption":"Sefaz MT: FCC divulgada nota sobre o concurso!"},{"@type":"BreadcrumbList","@id":"https:\/\/www.estrategiaconcursos.com.br\/blog\/concurso-sefaz-mt-o-que-pode-ou-nao-na-prova\/#breadcrumb","itemListElement":[{"@type":"ListItem","position":1,"name":"In\u00edcio","item":"https:\/\/www.estrategiaconcursos.com.br\/blog\/"},{"@type":"ListItem","position":2,"name":"Concurso Sefaz MT: o que pode ou n\u00e3o pode levar na prova?"}]},{"@type":"WebSite","@id":"https:\/\/www.estrategiaconcursos.com.br\/blog\/#website","url":"https:\/\/www.estrategiaconcursos.com.br\/blog\/","name":"Estrat\u00e9gia Concursos","description":"O blog da Estrat\u00e9gia Concursos traz not\u00edcias sobre concursos e artigos de professores oferecendo cursos para concursos (pdf + videaulas) no site.","publisher":{"@id":"https:\/\/www.estrategiaconcursos.com.br\/blog\/#organization"},"potentialAction":[{"@type":"SearchAction","target":{"@type":"EntryPoint","urlTemplate":"https:\/\/www.estrategiaconcursos.com.br\/blog\/?s={search_term_string}"},"query-input":{"@type":"PropertyValueSpecification","valueRequired":true,"valueName":"search_term_string"}}],"inLanguage":"pt-BR"},{"@type":"Organization","@id":"https:\/\/www.estrategiaconcursos.com.br\/blog\/#organization","name":"Estrat\u00e9gia Concursos","url":"https:\/\/www.estrategiaconcursos.com.br\/blog\/","logo":{"@type":"ImageObject","inLanguage":"pt-BR","@id":"https:\/\/www.estrategiaconcursos.com.br\/blog\/#\/schema\/logo\/image\/","url":"https:\/\/dhg1h5j42swfq.cloudfront.net\/2025\/06\/03203428\/logo_concursos-1.jpg","contentUrl":"https:\/\/dhg1h5j42swfq.cloudfront.net\/2025\/06\/03203428\/logo_concursos-1.jpg","width":230,"height":60,"caption":"Estrat\u00e9gia Concursos"},"image":{"@id":"https:\/\/www.estrategiaconcursos.com.br\/blog\/#\/schema\/logo\/image\/"},"sameAs":["https:\/\/x.com\/EstratConcursos"]},{"@type":"Person","@id":"https:\/\/www.estrategiaconcursos.com.br\/blog\/#\/schema\/person\/84ecdc6eb58d3cf1689bf76c5cd8fb38","name":"Camila Leite","image":{"@type":"ImageObject","inLanguage":"pt-BR","@id":"https:\/\/secure.gravatar.com\/avatar\/f2f8faef639c8a2bfb7fb909912a56917f4c3a0aed064500168e2fb8ea55cf61?s=96&d=mm&r=g","url":"https:\/\/secure.gravatar.com\/avatar\/f2f8faef639c8a2bfb7fb909912a56917f4c3a0aed064500168e2fb8ea55cf61?s=96&d=mm&r=g","contentUrl":"https:\/\/secure.gravatar.com\/avatar\/f2f8faef639c8a2bfb7fb909912a56917f4c3a0aed064500168e2fb8ea55cf61?s=96&d=mm&r=g","caption":"Camila Leite"},"description":"Formada em Design Gr\u00e1fico e em Propaganda e Marketing pela UNIP, integra a equipe de jornalismo do Estrat\u00e9gia Concursos desde 2018. Ao longo dos anos, construiu uma s\u00f3lida experi\u00eancia na produ\u00e7\u00e3o de conte\u00fado informativo e relevante para concurseiros. Desde 2020, atua na cobertura das \u00e1reas Fiscal \u2014 com \u00eanfase nas Secretarias de Fazenda (Sefaz) das regi\u00f5es Sul e Sudeste \u2014, al\u00e9m da cobertura de concursos federais, como CNU, Petrobras, CGU, Receita Federal, ag\u00eancias reguladoras (Anvisa, ANAC, entre outras) e INSS. Mant\u00e9m contato direto com os principais \u00f3rg\u00e3os p\u00fablicos, acompanhando editais, atualiza\u00e7\u00f5es e movimenta\u00e7\u00f5es importantes para os candidatos.","sameAs":["https:\/\/www.linkedin.com\/in\/camila-pinheiro-leite-9ba135b6\/"],"url":"https:\/\/www.estrategiaconcursos.com.br\/blog\/author\/camila-leiteestrategiaconcursos-com-br\/"}]}},"_links":{"self":[{"href":"https:\/\/www.estrategiaconcursos.com.br\/blog\/wp-json\/wp\/v2\/posts\/1733274","targetHints":{"allow":["GET"]}}],"collection":[{"href":"https:\/\/www.estrategiaconcursos.com.br\/blog\/wp-json\/wp\/v2\/posts"}],"about":[{"href":"https:\/\/www.estrategiaconcursos.com.br\/blog\/wp-json\/wp\/v2\/types\/post"}],"author":[{"embeddable":true,"href":"https:\/\/www.estrategiaconcursos.com.br\/blog\/wp-json\/wp\/v2\/users\/659"}],"replies":[{"embeddable":true,"href":"https:\/\/www.estrategiaconcursos.com.br\/blog\/wp-json\/wp\/v2\/comments?post=1733274"}],"version-history":[{"count":4,"href":"https:\/\/www.estrategiaconcursos.com.br\/blog\/wp-json\/wp\/v2\/posts\/1733274\/revisions"}],"predecessor-version":[{"id":1733283,"href":"https:\/\/www.estrategiaconcursos.com.br\/blog\/wp-json\/wp\/v2\/posts\/1733274\/revisions\/1733283"}],"wp:featuredmedia":[{"embeddable":true,"href":"https:\/\/www.estrategiaconcursos.com.br\/blog\/wp-json\/wp\/v2\/media\/1194472"}],"wp:attachment":[{"href":"https:\/\/www.estrategiaconcursos.com.br\/blog\/wp-json\/wp\/v2\/media?parent=1733274"}],"wp:term":[{"taxonomy":"category","embeddable":true,"href":"https:\/\/www.estrategiaconcursos.com.br\/blog\/wp-json\/wp\/v2\/categories?post=1733274"},{"taxonomy":"post_tag","embeddable":true,"href":"https:\/\/www.estrategiaconcursos.com.br\/blog\/wp-json\/wp\/v2\/tags?post=1733274"},{"taxonomy":"tax_estado","embeddable":true,"href":"https:\/\/www.estrategiaconcursos.com.br\/blog\/wp-json\/wp\/v2\/tax_estado?post=1733274"}],"curies":[{"name":"wp","href":"https:\/\/api.w.org\/{rel}","templated":true}]}}