{"id":1733175,"date":"2026-03-19T08:01:00","date_gmt":"2026-03-19T11:01:00","guid":{"rendered":"https:\/\/www.estrategiaconcursos.com.br\/blog\/?p=1733175"},"modified":"2026-03-15T15:39:24","modified_gmt":"2026-03-15T18:39:24","slug":"ocorrencia-fato-gerador-itcd-sefaz-go","status":"publish","type":"post","link":"https:\/\/www.estrategiaconcursos.com.br\/blog\/ocorrencia-fato-gerador-itcd-sefaz-go\/","title":{"rendered":"Momento da ocorr\u00eancia do fato gerador do ITCD para SEFAZ\/GO"},"content":{"rendered":"\n<p>E a\u00ed,\u00a0turma!!\u00a0Este material\u00a0do Estrat\u00e9gia Concursos\u00a0traz\u00a0um assunto muito importante\u00a0para\u00a0a prova de\u00a0Auditor Fiscal de\u00a0Goi\u00e1s:\u00a0<strong>momento da ocorr\u00eancia do fato gerador do ITCD para SEFAZ\/GO<\/strong>\u00a0de\u00a0acordo com\u00a0a legisla\u00e7\u00e3o\u00a0nacional e\u00a0estadual.\u00a0<\/p>\n\n\n\n<figure class=\"wp-block-image aligncenter size-full\"><img loading=\"lazy\" decoding=\"async\" width=\"900\" height=\"507\" src=\"https:\/\/dhg1h5j42swfq.cloudfront.net\/2026\/03\/13070800\/image-78.png\" alt=\"Momento da ocorr\u00eancia do fato gerador do ITCD para SEFAZ\/GO\" class=\"wp-image-1733177\" srcset=\"https:\/\/dhg1h5j42swfq.cloudfront.net\/2026\/03\/13070800\/image-78.png 900w, https:\/\/dhg1h5j42swfq.cloudfront.net\/2026\/03\/13070800\/image-78-300x169.png 300w, https:\/\/dhg1h5j42swfq.cloudfront.net\/2026\/03\/13070800\/image-78-768x433.png 768w, https:\/\/dhg1h5j42swfq.cloudfront.net\/2026\/03\/13070800\/image-78-150x85.png 150w\" sizes=\"auto, (max-width: 900px) 100vw, 900px\" \/><figcaption class=\"wp-element-caption\">Momento da ocorr\u00eancia do fato gerador do ITCD para SEFAZ\/GO<\/figcaption><\/figure>\n\n\n\n<p>Buscando avan\u00e7ar no conte\u00fado,&nbsp;iremos&nbsp;passar&nbsp;pelos seguintes t\u00f3picos:&nbsp;<\/p>\n\n\n\n<ul class=\"wp-block-list\">\n<li>Conhecer\u00a0disposi\u00e7\u00f5es\u00a0normativas sobre\u00a0momento da ocorr\u00eancia do fato gerador do ITCD para SEFAZ\/GO;\u00a0<\/li>\n<\/ul>\n\n\n\n<ul class=\"wp-block-list\">\n<li>Entender\u00a0observa\u00e7\u00f5es relevantes sobre o tema;\u00a0<\/li>\n<\/ul>\n\n\n\n<ul class=\"wp-block-list\">\n<li>Trazer trechos da legisla\u00e7\u00e3o que podem cair na prova;\u00a0<\/li>\n<\/ul>\n\n\n\n<ul class=\"wp-block-list\">\n<li>Encerrar com considera\u00e7\u00f5es finais.\u00a0<\/li>\n<\/ul>\n\n\n\n<p>Destarte,\u00a0tendo como refer\u00eancia\u00a0a\u00a0<a href=\"https:\/\/appasp.economia.go.gov.br\/legislacao\/arquivos\/CTE\/CTE.htm\" target=\"_blank\" rel=\"noreferrer noopener\">Lei estadual n\u00ba\u00a011.651\/1991,<\/a>\u00a0constante\u00a0no edital,\u00a0vamos\u00a0agora\u00a0estudar\u00a0um pouco mais sobre\u00a0momento da ocorr\u00eancia do fato gerador do ITCD para SEFAZ\/GO.\u00a0<\/p>\n\n\n\n<p class=\"has-text-align-center\"><img loading=\"lazy\" decoding=\"async\" width=\"150\" height=\"113\" class=\"wp-image-1624852\" style=\"width: 150px;\" src=\"https:\/\/dhg1h5j42swfq.cloudfront.net\/2025\/08\/17000015\/atencao_03.jpg\" alt=\"aten\u00e7\u00e3o\" srcset=\"https:\/\/dhg1h5j42swfq.cloudfront.net\/2025\/08\/17000015\/atencao_03.jpg 568w, https:\/\/dhg1h5j42swfq.cloudfront.net\/2025\/08\/17000015\/atencao_03-300x226.jpg 300w, https:\/\/dhg1h5j42swfq.cloudfront.net\/2025\/08\/17000015\/atencao_03-150x113.jpg 150w\" sizes=\"auto, (max-width: 150px) 100vw, 150px\" \/><\/p>\n\n\n\n<h2 class=\"wp-block-heading\" id=\"h-momento-da-ocorrencia-do-fato-gerador-do-itcd-para-sefaz-go-nbsp\"><strong>Momento da ocorr\u00eancia do fato gerador do ITCD para SEFAZ\/GO<\/strong>&nbsp;<\/h2>\n\n\n\n<p>Tr\u00eas elementos s\u00e3o cruciais para a correta apura\u00e7\u00e3o de um tributo:\u00a0<mark style=\"background-color:rgba(0, 0, 0, 0);color:#00d084\" class=\"has-inline-color\"><strong>o fato gerador, a base de c\u00e1lculo e a al\u00edquota.<\/strong>\u00a0<\/mark><\/p>\n\n\n\n<p><mark style=\"background-color:#abb8c3\" class=\"has-inline-color\">Isso porque o fato gerador, ou melhor, a sua ocorr\u00eancia, gera o nascimento de um tributo. Com isso, identificar a base de c\u00e1lculo torna-se essencial, j\u00e1 que \u00e9 sobre ela que aplicaremos a\u00a0al\u00edquota\u00a0devida para chegar ao\u00a0<strong>valor a ser recolhido pelo sujeito passivo<\/strong>\u00a0para os cofres p\u00fablicos.<\/mark>\u00a0<\/p>\n\n\n\n<p>Especificamente em rela\u00e7\u00e3o ao fato gerador, \u00e9 a lei quem define quais s\u00e3o os eventos suscet\u00edveis \u00e0&nbsp;<strong>incid\u00eancia tribut\u00e1ria,<\/strong>&nbsp;devendo esta norma legal estar devidamente promulgada e publicada, para conhecimento de todos,&nbsp;especialmente&nbsp;daqueles&nbsp;que ter\u00e3o o&nbsp;\u00f4nus tribut\u00e1rio de pagar.&nbsp;<\/p>\n\n\n\n<p>Muitas vezes, \u00e9 relativamente simples apontar o momento&nbsp;em que determinado fato gerador ocorreu. Por exemplo, em uma venda e consequente compra de um produto f\u00edsico, dentro de uma loja, onde vendedor e comprador est\u00e3o&nbsp;presentes&nbsp;e&nbsp;negociando&nbsp;a opera\u00e7\u00e3o, \u00e9 simples&nbsp;perceber&nbsp;que o momento em que&nbsp;ocorreu&nbsp;aquele fato gerador \u00e9 quando a transa\u00e7\u00e3o foi consumada, ali mesmo, entre as partes vendedora e compradora.&nbsp;Com aquela ocorr\u00eancia,&nbsp;<strong>surge a obriga\u00e7\u00e3o tribut\u00e1ria,&nbsp;<\/strong>neste caso referente ao ICMS.&nbsp;<\/p>\n\n\n\n<p>Entretanto, em outros cen\u00e1rios, nem sempre \u00e9 t\u00e3o f\u00e1cil identificar esse momento, inclusive eventual momento da<strong>&nbsp;ocorr\u00eancia&nbsp;<\/strong>do fato gerador do ITCD para SEFAZ\/GO, j\u00e1 que esse \u00e9 um tributo bem distinto do ICMS.&nbsp;<\/p>\n\n\n\n<p>Nestes casos, cabe tamb\u00e9m \u00e0 lei definir qual \u00e9 o momento que deve ser considerado&nbsp;<strong>para fins de tributa\u00e7\u00e3o,<\/strong>&nbsp;pois&nbsp;pode&nbsp;fazer muita diferen\u00e7a no que diz respeito \u00e0 quantia a ser paga.&nbsp;<\/p>\n\n\n\n<p>Vale lembrar que a inobserv\u00e2ncia no que tange ao descrito na norma, pode insurgir na aplica\u00e7\u00e3o de penalidades para aquele que a infringiu, podendo&nbsp;ser desde a determina\u00e7\u00e3o de multas at\u00e9 uma poss\u00edvel suspens\u00e3o ou proibi\u00e7\u00e3o de atuar&nbsp;comercialmente, a depender da&nbsp;<strong>gravidade da infra\u00e7\u00e3o cometida.&nbsp;<\/strong>Assim, para o sujeito passivo, \u00e9 essencial seguir e respeitar o que&nbsp;alinha&nbsp;a legisla\u00e7\u00e3o tribut\u00e1ria.&nbsp;<\/p>\n\n\n\n<p>Sendo assim, vamos acompanhar o que diz a lei 11651\/1991 sobre momento da ocorr\u00eancia do fato gerador\u00a0do\u00a0ITCD para SEFAZ\/GO, chamando a aten\u00e7\u00e3o para as datas contidas em cada inciso que veremos a seguir, j\u00e1 que datas s\u00e3o sempre um po\u00e7o cheio de possibilidades para a banca examinadora, e pode\u00a0ser o detalhe final para sua aprova\u00e7\u00e3o:\u00a0<\/p>\n\n\n\n<p class=\"has-text-align-center\"><img loading=\"lazy\" decoding=\"async\" width=\"150\" height=\"229\" class=\"wp-image-1698408\" style=\"width: 150px;\" src=\"https:\/\/dhg1h5j42swfq.cloudfront.net\/2026\/01\/13102718\/tome_nota-3.jpg\" alt=\"\" srcset=\"https:\/\/dhg1h5j42swfq.cloudfront.net\/2026\/01\/13102718\/tome_nota-3.jpg 180w, https:\/\/dhg1h5j42swfq.cloudfront.net\/2026\/01\/13102718\/tome_nota-3-150x229.jpg 150w\" sizes=\"auto, (max-width: 150px) 100vw, 150px\" \/><\/p>\n\n\n\n<p><mark style=\"background-color:#abb8c3\" class=\"has-inline-color\">Art. 74. Considera-se o<strong>\u00a0momento\u00a0da ocorr\u00eancia\u00a0do fato\u00a0gerador\u00a0<\/strong>do ITCD\u00a0para SEFAZ\/GO:\u00a0<\/mark><\/p>\n\n\n\n<p><mark style=\"background-color:#abb8c3\" class=\"has-inline-color\">I &#8211;\u00a0na\u00a0transmiss\u00e3o causa mortis,<strong>\u00a0na data da:<\/strong>\u00a0<\/mark><\/p>\n\n\n\n<p>a)&nbsp;<strong>abertura da sucess\u00e3o leg\u00edtima ou testament\u00e1ria,&nbsp;<\/strong>mesmo no caso de sucess\u00e3o provis\u00f3ria;&nbsp;<\/p>\n\n\n\n<p>b)&nbsp;<strong>morte do fiduci\u00e1rio<\/strong>, na substitui\u00e7\u00e3o de fideicomisso;&nbsp;<\/p>\n\n\n\n<p>c)&nbsp;<strong>abertura da sucess\u00e3o na institui\u00e7\u00e3o testament\u00e1ria de fideicomisso e de direito real;<\/strong>&nbsp;<\/p>\n\n\n\n<p><mark style=\"background-color:#abb8c3\" class=\"has-inline-color\">II &#8211;\u00a0\u00e9 o momento da ocorr\u00eancia do fato gerador\u00a0do\u00a0ITCD para SEFAZ\/GO\u00a0<strong>na transmiss\u00e3o por doa\u00e7\u00e3o, na data:<\/strong><\/mark>\u00a0<\/p>\n\n\n\n<p>c)&nbsp;<strong>do ato da doa\u00e7\u00e3o,<\/strong>&nbsp;ainda que com reserva de direito real, a t\u00edtulo de adiantamento da leg\u00edtima, ou cess\u00e3o n\u00e3o onerosa;&nbsp;<\/p>\n\n\n\n<p>d)&nbsp;<strong>da ren\u00fancia \u00e0 heran\u00e7a ou ao legado em favor de pessoa determinada;&nbsp;<\/strong>&nbsp;<\/p>\n\n\n\n<p>e)&nbsp;<strong>da partilha<\/strong>, que beneficiar uma das partes, em rela\u00e7\u00e3o ao excedente de:&nbsp;<\/p>\n\n\n\n<p>1. quinh\u00e3o ou de mea\u00e7\u00e3o,<strong>&nbsp;decorrente de processo de invent\u00e1rio,&nbsp;<\/strong>ou por escritura p\u00fablica;&nbsp;<\/p>\n\n\n\n<p>2.&nbsp;<strong>mea\u00e7\u00e3o,&nbsp;<\/strong>decorrente de dissolu\u00e7\u00e3o de sociedade conjugal ou uni\u00e3o est\u00e1vel, por senten\u00e7a ou escritura p\u00fablica;&nbsp;<\/p>\n\n\n\n<p>f)<strong>&nbsp;da institui\u00e7\u00e3o convencional de direito real.&nbsp;<\/strong>&nbsp;<\/p>\n\n\n\n<p><mark style=\"background-color:#abb8c3\" class=\"has-inline-color\">III &#8211;\u00a0<strong>na data da formaliza\u00e7\u00e3o do ato ou neg\u00f3cio jur\u00eddico, nos casos n\u00e3o previstos nos incisos anteriores.<\/strong><\/mark>\u00a0<\/p>\n\n\n\n<p>Passamos, portanto, pelo&nbsp;tema&nbsp;momento da ocorr\u00eancia do fato gerador do ITCD para SEFAZ\/GO, assunto&nbsp;fundamental&nbsp;para o concurso de auditor fiscal deste Estado.&nbsp;<\/p>\n\n\n\n<h2 class=\"wp-block-heading\" id=\"h-consideracoes-finais-nbsp\"><strong>Considera\u00e7\u00f5es Finais<\/strong>&nbsp;<\/h2>\n\n\n\n<p>Chegamos ao final do nosso&nbsp;breve&nbsp;artigo&nbsp;sobre&nbsp;momento da ocorr\u00eancia do fato gerador do ITCD para SEFAZ\/GO,&nbsp;e esperamos que seja muito \u00fatil para a sua prepara\u00e7\u00e3o&nbsp;e aprova\u00e7\u00e3o.&nbsp;<\/p>\n\n\n\n<p>Temos neste concurso, bastante aguardado por muitos, uma grande oportunidade para ingressar no servi\u00e7o p\u00fablico, ocupando um cargo de destaque e que apresenta excelente remunera\u00e7\u00e3o, al\u00e9m de diversos outros pontos positivos! Vale a pena o esfor\u00e7o para alcan\u00e7ar essa conquista! Por isso, siga firme com os estudos e conte conosco em sua jornada!&nbsp;V\u00e1 adiante!!&nbsp;<\/p>\n\n\n\n<p><em>Lembre-se que \u00e9 essencial a&nbsp;<\/em><a href=\"https:\/\/www.estrategiaconcursos.com.br\/\" target=\"_blank\" rel=\"noreferrer noopener\"><em>leitura dos PDF\u2019s e a revis\u00e3o frequente dos conte\u00fados, para que assim os seus estudos fiquem cada vez mais avan\u00e7ados.<\/em><\/a><em>&nbsp;<\/em>&nbsp;&nbsp;<\/p>\n\n\n\n<p>Um grande abra\u00e7o e at\u00e9 mais!&nbsp;<\/p>\n\n\n\n<p class=\"has-text-align-center\"><strong>Quer saber quais ser\u00e3o os pr\u00f3ximos concursos?<\/strong>&nbsp;<\/p>\n\n\n\n<p class=\"has-text-align-center\"><strong>Confira nossos artigos!<\/strong>&nbsp;<\/p>\n\n\n\n<p class=\"has-text-align-center has-luminous-vivid-amber-background-color has-background\"><a href=\"https:\/\/www.estrategiaconcursos.com.br\/blog\/concursos-abertos\/\" target=\"_blank\" rel=\"noreferrer noopener\">Concursos abertos<\/a>&nbsp;<\/p>\n\n\n\n<p class=\"has-text-align-center has-luminous-vivid-amber-background-color has-background\"><a href=\"https:\/\/www.estrategiaconcursos.com.br\/blog\/concursos-2026\/\" target=\"_blank\" rel=\"noreferrer noopener\">Concursos 2026<\/a>&nbsp;<\/p>\n","protected":false},"excerpt":{"rendered":"<p>E a\u00ed,\u00a0turma!!\u00a0Este material\u00a0do Estrat\u00e9gia Concursos\u00a0traz\u00a0um assunto muito importante\u00a0para\u00a0a prova de\u00a0Auditor Fiscal de\u00a0Goi\u00e1s:\u00a0momento da ocorr\u00eancia do fato gerador do ITCD para SEFAZ\/GO\u00a0de\u00a0acordo com\u00a0a legisla\u00e7\u00e3o\u00a0nacional e\u00a0estadual.\u00a0 Buscando avan\u00e7ar no conte\u00fado,&nbsp;iremos&nbsp;passar&nbsp;pelos seguintes t\u00f3picos:&nbsp; Destarte,\u00a0tendo como refer\u00eancia\u00a0a\u00a0Lei estadual n\u00ba\u00a011.651\/1991,\u00a0constante\u00a0no edital,\u00a0vamos\u00a0agora\u00a0estudar\u00a0um pouco mais sobre\u00a0momento da ocorr\u00eancia do fato gerador do ITCD para SEFAZ\/GO.\u00a0 Momento da ocorr\u00eancia do fato gerador do [&hellip;]<\/p>\n","protected":false},"author":2887,"featured_media":1733177,"comment_status":"open","ping_status":"closed","sticky":false,"template":"","format":"standard","meta":{"post_tipo":"article","footnotes":""},"categories":[1,1983],"tags":[],"tax_estado":[219963,219972],"class_list":["post-1733175","post","type-post","status-publish","format-standard","has-post-thumbnail","hentry","category-cursos-e-concursos","category-fiscal-estadual","tax_estado-concursos-federais","tax_estado-go"],"acf":[],"yoast_head":"<!-- This site is optimized with the Yoast SEO Premium plugin v27.2 (Yoast SEO v27.2) - https:\/\/yoast.com\/product\/yoast-seo-premium-wordpress\/ -->\n<title>Momento da ocorr\u00eancia do fato gerador do ITCD para SEFAZ\/GO<\/title>\n<meta name=\"description\" content=\"Hoje veremos um tema \u00fatil para a prova de Auditor Fiscal de Goi\u00e1s: momento da ocorr\u00eancia do fato gerador do ITCD para SEFAZ\/GO.\" \/>\n<meta name=\"robots\" content=\"index, follow, max-snippet:-1, max-image-preview:large, max-video-preview:-1\" \/>\n<link rel=\"canonical\" href=\"https:\/\/www.estrategiaconcursos.com.br\/blog\/ocorrencia-fato-gerador-itcd-sefaz-go\/\" \/>\n<meta property=\"og:locale\" content=\"pt_BR\" \/>\n<meta property=\"og:type\" content=\"article\" \/>\n<meta property=\"og:title\" content=\"Momento da ocorr\u00eancia do fato gerador do ITCD para SEFAZ\/GO\" \/>\n<meta property=\"og:description\" content=\"Hoje veremos um tema \u00fatil para a prova de Auditor Fiscal de Goi\u00e1s: momento da ocorr\u00eancia do fato gerador do ITCD para SEFAZ\/GO.\" \/>\n<meta property=\"og:url\" content=\"https:\/\/www.estrategiaconcursos.com.br\/blog\/ocorrencia-fato-gerador-itcd-sefaz-go\/\" \/>\n<meta property=\"og:site_name\" content=\"Estrat\u00e9gia Concursos\" \/>\n<meta property=\"article:published_time\" content=\"2026-03-19T11:01:00+00:00\" \/>\n<meta property=\"og:image\" content=\"https:\/\/dhg1h5j42swfq.cloudfront.net\/2026\/03\/13070800\/image-78.png\" \/>\n\t<meta property=\"og:image:width\" content=\"900\" \/>\n\t<meta property=\"og:image:height\" content=\"507\" \/>\n\t<meta property=\"og:image:type\" content=\"image\/png\" \/>\n<meta name=\"author\" content=\"F\u00e1bio Prado dos Santos Santana\" \/>\n<meta name=\"twitter:card\" content=\"summary_large_image\" \/>\n<meta name=\"twitter:creator\" content=\"@EstratConcursos\" \/>\n<meta name=\"twitter:site\" content=\"@EstratConcursos\" \/>\n<meta name=\"twitter:label1\" content=\"Escrito por\" \/>\n\t<meta name=\"twitter:data1\" content=\"F\u00e1bio Prado dos Santos Santana\" \/>\n\t<meta name=\"twitter:label2\" content=\"Est. tempo de leitura\" \/>\n\t<meta name=\"twitter:data2\" content=\"5 minutos\" \/>\n<script type=\"application\/ld+json\" class=\"yoast-schema-graph\">{\"@context\":\"https:\/\/schema.org\",\"@graph\":[{\"@type\":\"NewsArticle\",\"@id\":\"https:\/\/www.estrategiaconcursos.com.br\/blog\/ocorrencia-fato-gerador-itcd-sefaz-go\/#article\",\"isPartOf\":{\"@id\":\"https:\/\/www.estrategiaconcursos.com.br\/blog\/ocorrencia-fato-gerador-itcd-sefaz-go\/\"},\"author\":{\"name\":\"F\u00e1bio Prado dos Santos Santana\",\"@id\":\"https:\/\/www.estrategiaconcursos.com.br\/blog\/#\/schema\/person\/b1af3515254fed0a6861d754def3f005\"},\"headline\":\"Momento da ocorr\u00eancia do fato gerador do ITCD para SEFAZ\/GO\",\"datePublished\":\"2026-03-19T11:01:00+00:00\",\"mainEntityOfPage\":{\"@id\":\"https:\/\/www.estrategiaconcursos.com.br\/blog\/ocorrencia-fato-gerador-itcd-sefaz-go\/\"},\"wordCount\":1048,\"commentCount\":0,\"publisher\":{\"@id\":\"https:\/\/www.estrategiaconcursos.com.br\/blog\/#organization\"},\"image\":{\"@id\":\"https:\/\/www.estrategiaconcursos.com.br\/blog\/ocorrencia-fato-gerador-itcd-sefaz-go\/#primaryimage\"},\"thumbnailUrl\":\"https:\/\/dhg1h5j42swfq.cloudfront.net\/2026\/03\/13070800\/image-78.png\",\"articleSection\":[\"Concursos P\u00fablicos\",\"Fiscal - Estadual (ICMS)\"],\"inLanguage\":\"pt-BR\",\"potentialAction\":[{\"@type\":\"CommentAction\",\"name\":\"Comment\",\"target\":[\"https:\/\/www.estrategiaconcursos.com.br\/blog\/ocorrencia-fato-gerador-itcd-sefaz-go\/#respond\"]}],\"copyrightYear\":\"2026\",\"copyrightHolder\":{\"@id\":\"https:\/\/www.estrategiaconcursos.com.br\/blog\/#organization\"}},{\"@type\":\"WebPage\",\"@id\":\"https:\/\/www.estrategiaconcursos.com.br\/blog\/ocorrencia-fato-gerador-itcd-sefaz-go\/\",\"url\":\"https:\/\/www.estrategiaconcursos.com.br\/blog\/ocorrencia-fato-gerador-itcd-sefaz-go\/\",\"name\":\"Momento da ocorr\u00eancia do fato gerador do ITCD para SEFAZ\/GO\",\"isPartOf\":{\"@id\":\"https:\/\/www.estrategiaconcursos.com.br\/blog\/#website\"},\"primaryImageOfPage\":{\"@id\":\"https:\/\/www.estrategiaconcursos.com.br\/blog\/ocorrencia-fato-gerador-itcd-sefaz-go\/#primaryimage\"},\"image\":{\"@id\":\"https:\/\/www.estrategiaconcursos.com.br\/blog\/ocorrencia-fato-gerador-itcd-sefaz-go\/#primaryimage\"},\"thumbnailUrl\":\"https:\/\/dhg1h5j42swfq.cloudfront.net\/2026\/03\/13070800\/image-78.png\",\"datePublished\":\"2026-03-19T11:01:00+00:00\",\"description\":\"Hoje veremos um tema \u00fatil para a prova de Auditor Fiscal de Goi\u00e1s: momento da ocorr\u00eancia do fato gerador do ITCD para SEFAZ\/GO.\",\"breadcrumb\":{\"@id\":\"https:\/\/www.estrategiaconcursos.com.br\/blog\/ocorrencia-fato-gerador-itcd-sefaz-go\/#breadcrumb\"},\"inLanguage\":\"pt-BR\",\"potentialAction\":[{\"@type\":\"ReadAction\",\"target\":[\"https:\/\/www.estrategiaconcursos.com.br\/blog\/ocorrencia-fato-gerador-itcd-sefaz-go\/\"]}]},{\"@type\":\"ImageObject\",\"inLanguage\":\"pt-BR\",\"@id\":\"https:\/\/www.estrategiaconcursos.com.br\/blog\/ocorrencia-fato-gerador-itcd-sefaz-go\/#primaryimage\",\"url\":\"https:\/\/dhg1h5j42swfq.cloudfront.net\/2026\/03\/13070800\/image-78.png\",\"contentUrl\":\"https:\/\/dhg1h5j42swfq.cloudfront.net\/2026\/03\/13070800\/image-78.png\",\"width\":900,\"height\":507,\"caption\":\"Concurso Sefaz GO taxa\"},{\"@type\":\"BreadcrumbList\",\"@id\":\"https:\/\/www.estrategiaconcursos.com.br\/blog\/ocorrencia-fato-gerador-itcd-sefaz-go\/#breadcrumb\",\"itemListElement\":[{\"@type\":\"ListItem\",\"position\":1,\"name\":\"In\u00edcio\",\"item\":\"https:\/\/www.estrategiaconcursos.com.br\/blog\/\"},{\"@type\":\"ListItem\",\"position\":2,\"name\":\"Momento da ocorr\u00eancia do fato gerador do ITCD para SEFAZ\/GO\"}]},{\"@type\":\"WebSite\",\"@id\":\"https:\/\/www.estrategiaconcursos.com.br\/blog\/#website\",\"url\":\"https:\/\/www.estrategiaconcursos.com.br\/blog\/\",\"name\":\"Estrat\u00e9gia Concursos\",\"description\":\"O blog da Estrat\u00e9gia Concursos traz not\u00edcias sobre concursos e artigos de professores oferecendo cursos para concursos (pdf + videaulas) no site.\",\"publisher\":{\"@id\":\"https:\/\/www.estrategiaconcursos.com.br\/blog\/#organization\"},\"potentialAction\":[{\"@type\":\"SearchAction\",\"target\":{\"@type\":\"EntryPoint\",\"urlTemplate\":\"https:\/\/www.estrategiaconcursos.com.br\/blog\/?s={search_term_string}\"},\"query-input\":{\"@type\":\"PropertyValueSpecification\",\"valueRequired\":true,\"valueName\":\"search_term_string\"}}],\"inLanguage\":\"pt-BR\"},{\"@type\":\"Organization\",\"@id\":\"https:\/\/www.estrategiaconcursos.com.br\/blog\/#organization\",\"name\":\"Estrat\u00e9gia Concursos\",\"url\":\"https:\/\/www.estrategiaconcursos.com.br\/blog\/\",\"logo\":{\"@type\":\"ImageObject\",\"inLanguage\":\"pt-BR\",\"@id\":\"https:\/\/www.estrategiaconcursos.com.br\/blog\/#\/schema\/logo\/image\/\",\"url\":\"https:\/\/dhg1h5j42swfq.cloudfront.net\/2025\/06\/03203428\/logo_concursos-1.jpg\",\"contentUrl\":\"https:\/\/dhg1h5j42swfq.cloudfront.net\/2025\/06\/03203428\/logo_concursos-1.jpg\",\"width\":230,\"height\":60,\"caption\":\"Estrat\u00e9gia Concursos\"},\"image\":{\"@id\":\"https:\/\/www.estrategiaconcursos.com.br\/blog\/#\/schema\/logo\/image\/\"},\"sameAs\":[\"https:\/\/x.com\/EstratConcursos\"]},{\"@type\":\"Person\",\"@id\":\"https:\/\/www.estrategiaconcursos.com.br\/blog\/#\/schema\/person\/b1af3515254fed0a6861d754def3f005\",\"name\":\"F\u00e1bio Prado dos Santos Santana\",\"image\":{\"@type\":\"ImageObject\",\"inLanguage\":\"pt-BR\",\"@id\":\"https:\/\/secure.gravatar.com\/avatar\/0e3399436850f804c1d7731313952ccf303887c14b1711595235048e3ec0299b?s=96&d=mm&r=g\",\"url\":\"https:\/\/secure.gravatar.com\/avatar\/0e3399436850f804c1d7731313952ccf303887c14b1711595235048e3ec0299b?s=96&d=mm&r=g\",\"contentUrl\":\"https:\/\/secure.gravatar.com\/avatar\/0e3399436850f804c1d7731313952ccf303887c14b1711595235048e3ec0299b?s=96&d=mm&r=g\",\"caption\":\"F\u00e1bio Prado dos Santos Santana\"},\"description\":\"Principais Aprova\u00e7\u00f5es em Concursos: Auditor Fiscal Tribut\u00e1rio Municipal - ISS S\u00e3o Paulo (2024); Auditor Fiscal - Receita Federal do Brasil (2023); Professor Efetivo - Universidade Federal de Sergipe (2014).\",\"url\":\"https:\/\/www.estrategiaconcursos.com.br\/blog\/author\/fabioprado-ufsgmail-com\/\"}]}<\/script>\n<!-- \/ Yoast SEO Premium plugin. -->","yoast_head_json":{"title":"Momento da ocorr\u00eancia do fato gerador do ITCD para SEFAZ\/GO","description":"Hoje veremos um tema \u00fatil para a prova de Auditor Fiscal de Goi\u00e1s: momento da ocorr\u00eancia do fato gerador do ITCD para SEFAZ\/GO.","robots":{"index":"index","follow":"follow","max-snippet":"max-snippet:-1","max-image-preview":"max-image-preview:large","max-video-preview":"max-video-preview:-1"},"canonical":"https:\/\/www.estrategiaconcursos.com.br\/blog\/ocorrencia-fato-gerador-itcd-sefaz-go\/","og_locale":"pt_BR","og_type":"article","og_title":"Momento da ocorr\u00eancia do fato gerador do ITCD para SEFAZ\/GO","og_description":"Hoje veremos um tema \u00fatil para a prova de Auditor Fiscal de Goi\u00e1s: momento da ocorr\u00eancia do fato gerador do ITCD para SEFAZ\/GO.","og_url":"https:\/\/www.estrategiaconcursos.com.br\/blog\/ocorrencia-fato-gerador-itcd-sefaz-go\/","og_site_name":"Estrat\u00e9gia Concursos","article_published_time":"2026-03-19T11:01:00+00:00","og_image":[{"width":900,"height":507,"url":"https:\/\/dhg1h5j42swfq.cloudfront.net\/2026\/03\/13070800\/image-78.png","type":"image\/png"}],"author":"F\u00e1bio Prado dos Santos Santana","twitter_card":"summary_large_image","twitter_creator":"@EstratConcursos","twitter_site":"@EstratConcursos","twitter_misc":{"Escrito por":"F\u00e1bio Prado dos Santos Santana","Est. tempo de leitura":"5 minutos"},"schema":{"@context":"https:\/\/schema.org","@graph":[{"@type":"NewsArticle","@id":"https:\/\/www.estrategiaconcursos.com.br\/blog\/ocorrencia-fato-gerador-itcd-sefaz-go\/#article","isPartOf":{"@id":"https:\/\/www.estrategiaconcursos.com.br\/blog\/ocorrencia-fato-gerador-itcd-sefaz-go\/"},"author":{"name":"F\u00e1bio Prado dos Santos Santana","@id":"https:\/\/www.estrategiaconcursos.com.br\/blog\/#\/schema\/person\/b1af3515254fed0a6861d754def3f005"},"headline":"Momento da ocorr\u00eancia do fato gerador do ITCD para SEFAZ\/GO","datePublished":"2026-03-19T11:01:00+00:00","mainEntityOfPage":{"@id":"https:\/\/www.estrategiaconcursos.com.br\/blog\/ocorrencia-fato-gerador-itcd-sefaz-go\/"},"wordCount":1048,"commentCount":0,"publisher":{"@id":"https:\/\/www.estrategiaconcursos.com.br\/blog\/#organization"},"image":{"@id":"https:\/\/www.estrategiaconcursos.com.br\/blog\/ocorrencia-fato-gerador-itcd-sefaz-go\/#primaryimage"},"thumbnailUrl":"https:\/\/dhg1h5j42swfq.cloudfront.net\/2026\/03\/13070800\/image-78.png","articleSection":["Concursos P\u00fablicos","Fiscal - Estadual (ICMS)"],"inLanguage":"pt-BR","potentialAction":[{"@type":"CommentAction","name":"Comment","target":["https:\/\/www.estrategiaconcursos.com.br\/blog\/ocorrencia-fato-gerador-itcd-sefaz-go\/#respond"]}],"copyrightYear":"2026","copyrightHolder":{"@id":"https:\/\/www.estrategiaconcursos.com.br\/blog\/#organization"}},{"@type":"WebPage","@id":"https:\/\/www.estrategiaconcursos.com.br\/blog\/ocorrencia-fato-gerador-itcd-sefaz-go\/","url":"https:\/\/www.estrategiaconcursos.com.br\/blog\/ocorrencia-fato-gerador-itcd-sefaz-go\/","name":"Momento da ocorr\u00eancia do fato gerador do ITCD para SEFAZ\/GO","isPartOf":{"@id":"https:\/\/www.estrategiaconcursos.com.br\/blog\/#website"},"primaryImageOfPage":{"@id":"https:\/\/www.estrategiaconcursos.com.br\/blog\/ocorrencia-fato-gerador-itcd-sefaz-go\/#primaryimage"},"image":{"@id":"https:\/\/www.estrategiaconcursos.com.br\/blog\/ocorrencia-fato-gerador-itcd-sefaz-go\/#primaryimage"},"thumbnailUrl":"https:\/\/dhg1h5j42swfq.cloudfront.net\/2026\/03\/13070800\/image-78.png","datePublished":"2026-03-19T11:01:00+00:00","description":"Hoje veremos um tema \u00fatil para a prova de Auditor Fiscal de Goi\u00e1s: momento da ocorr\u00eancia do fato gerador do ITCD para SEFAZ\/GO.","breadcrumb":{"@id":"https:\/\/www.estrategiaconcursos.com.br\/blog\/ocorrencia-fato-gerador-itcd-sefaz-go\/#breadcrumb"},"inLanguage":"pt-BR","potentialAction":[{"@type":"ReadAction","target":["https:\/\/www.estrategiaconcursos.com.br\/blog\/ocorrencia-fato-gerador-itcd-sefaz-go\/"]}]},{"@type":"ImageObject","inLanguage":"pt-BR","@id":"https:\/\/www.estrategiaconcursos.com.br\/blog\/ocorrencia-fato-gerador-itcd-sefaz-go\/#primaryimage","url":"https:\/\/dhg1h5j42swfq.cloudfront.net\/2026\/03\/13070800\/image-78.png","contentUrl":"https:\/\/dhg1h5j42swfq.cloudfront.net\/2026\/03\/13070800\/image-78.png","width":900,"height":507,"caption":"Concurso Sefaz GO taxa"},{"@type":"BreadcrumbList","@id":"https:\/\/www.estrategiaconcursos.com.br\/blog\/ocorrencia-fato-gerador-itcd-sefaz-go\/#breadcrumb","itemListElement":[{"@type":"ListItem","position":1,"name":"In\u00edcio","item":"https:\/\/www.estrategiaconcursos.com.br\/blog\/"},{"@type":"ListItem","position":2,"name":"Momento da ocorr\u00eancia do fato gerador do ITCD para SEFAZ\/GO"}]},{"@type":"WebSite","@id":"https:\/\/www.estrategiaconcursos.com.br\/blog\/#website","url":"https:\/\/www.estrategiaconcursos.com.br\/blog\/","name":"Estrat\u00e9gia Concursos","description":"O blog da Estrat\u00e9gia Concursos traz not\u00edcias sobre concursos e artigos de professores oferecendo cursos para concursos (pdf + videaulas) no site.","publisher":{"@id":"https:\/\/www.estrategiaconcursos.com.br\/blog\/#organization"},"potentialAction":[{"@type":"SearchAction","target":{"@type":"EntryPoint","urlTemplate":"https:\/\/www.estrategiaconcursos.com.br\/blog\/?s={search_term_string}"},"query-input":{"@type":"PropertyValueSpecification","valueRequired":true,"valueName":"search_term_string"}}],"inLanguage":"pt-BR"},{"@type":"Organization","@id":"https:\/\/www.estrategiaconcursos.com.br\/blog\/#organization","name":"Estrat\u00e9gia Concursos","url":"https:\/\/www.estrategiaconcursos.com.br\/blog\/","logo":{"@type":"ImageObject","inLanguage":"pt-BR","@id":"https:\/\/www.estrategiaconcursos.com.br\/blog\/#\/schema\/logo\/image\/","url":"https:\/\/dhg1h5j42swfq.cloudfront.net\/2025\/06\/03203428\/logo_concursos-1.jpg","contentUrl":"https:\/\/dhg1h5j42swfq.cloudfront.net\/2025\/06\/03203428\/logo_concursos-1.jpg","width":230,"height":60,"caption":"Estrat\u00e9gia Concursos"},"image":{"@id":"https:\/\/www.estrategiaconcursos.com.br\/blog\/#\/schema\/logo\/image\/"},"sameAs":["https:\/\/x.com\/EstratConcursos"]},{"@type":"Person","@id":"https:\/\/www.estrategiaconcursos.com.br\/blog\/#\/schema\/person\/b1af3515254fed0a6861d754def3f005","name":"F\u00e1bio Prado dos Santos Santana","image":{"@type":"ImageObject","inLanguage":"pt-BR","@id":"https:\/\/secure.gravatar.com\/avatar\/0e3399436850f804c1d7731313952ccf303887c14b1711595235048e3ec0299b?s=96&d=mm&r=g","url":"https:\/\/secure.gravatar.com\/avatar\/0e3399436850f804c1d7731313952ccf303887c14b1711595235048e3ec0299b?s=96&d=mm&r=g","contentUrl":"https:\/\/secure.gravatar.com\/avatar\/0e3399436850f804c1d7731313952ccf303887c14b1711595235048e3ec0299b?s=96&d=mm&r=g","caption":"F\u00e1bio Prado dos Santos Santana"},"description":"Principais Aprova\u00e7\u00f5es em Concursos: Auditor Fiscal Tribut\u00e1rio Municipal - ISS S\u00e3o Paulo (2024); Auditor Fiscal - Receita Federal do Brasil (2023); Professor Efetivo - Universidade Federal de Sergipe (2014).","url":"https:\/\/www.estrategiaconcursos.com.br\/blog\/author\/fabioprado-ufsgmail-com\/"}]}},"_links":{"self":[{"href":"https:\/\/www.estrategiaconcursos.com.br\/blog\/wp-json\/wp\/v2\/posts\/1733175","targetHints":{"allow":["GET"]}}],"collection":[{"href":"https:\/\/www.estrategiaconcursos.com.br\/blog\/wp-json\/wp\/v2\/posts"}],"about":[{"href":"https:\/\/www.estrategiaconcursos.com.br\/blog\/wp-json\/wp\/v2\/types\/post"}],"author":[{"embeddable":true,"href":"https:\/\/www.estrategiaconcursos.com.br\/blog\/wp-json\/wp\/v2\/users\/2887"}],"replies":[{"embeddable":true,"href":"https:\/\/www.estrategiaconcursos.com.br\/blog\/wp-json\/wp\/v2\/comments?post=1733175"}],"version-history":[{"count":1,"href":"https:\/\/www.estrategiaconcursos.com.br\/blog\/wp-json\/wp\/v2\/posts\/1733175\/revisions"}],"predecessor-version":[{"id":1733179,"href":"https:\/\/www.estrategiaconcursos.com.br\/blog\/wp-json\/wp\/v2\/posts\/1733175\/revisions\/1733179"}],"wp:featuredmedia":[{"embeddable":true,"href":"https:\/\/www.estrategiaconcursos.com.br\/blog\/wp-json\/wp\/v2\/media\/1733177"}],"wp:attachment":[{"href":"https:\/\/www.estrategiaconcursos.com.br\/blog\/wp-json\/wp\/v2\/media?parent=1733175"}],"wp:term":[{"taxonomy":"category","embeddable":true,"href":"https:\/\/www.estrategiaconcursos.com.br\/blog\/wp-json\/wp\/v2\/categories?post=1733175"},{"taxonomy":"post_tag","embeddable":true,"href":"https:\/\/www.estrategiaconcursos.com.br\/blog\/wp-json\/wp\/v2\/tags?post=1733175"},{"taxonomy":"tax_estado","embeddable":true,"href":"https:\/\/www.estrategiaconcursos.com.br\/blog\/wp-json\/wp\/v2\/tax_estado?post=1733175"}],"curies":[{"name":"wp","href":"https:\/\/api.w.org\/{rel}","templated":true}]}}