{"id":1733165,"date":"2026-03-23T10:56:00","date_gmt":"2026-03-23T13:56:00","guid":{"rendered":"https:\/\/www.estrategiaconcursos.com.br\/blog\/?p=1733165"},"modified":"2026-03-23T10:56:48","modified_gmt":"2026-03-23T13:56:48","slug":"concurso-uneal-2026-edital-publicado","status":"publish","type":"post","link":"https:\/\/www.estrategiaconcursos.com.br\/blog\/concurso-uneal-2026-edital-publicado\/","title":{"rendered":"Edital UNEAL: 82 vagas e at\u00e9 R$ 5,3 mil"},"content":{"rendered":"\n<p>A&nbsp;<strong><a href=\"https:\/\/www.estrategiaconcursos.com.br\/cursos\/concurso\/\" target=\"_blank\" rel=\"noreferrer noopener\">Universidade Estadual de Alagoas<\/a> (UNEAL) <\/strong>oferece um total de&nbsp;<strong>82 vagas<\/strong>, distribu\u00eddas entre vagas para provimento imediato (41) e forma\u00e7\u00e3o de cadastro de reserva (41).<\/p>\n\n\n\n<p>As oportunidades s\u00e3o de n\u00edvel superior de forma\u00e7\u00e3o e os aprovados ter\u00e3o sal\u00e1rio inicial de R$ 5.324,13. <\/p>\n\n\n\n<p>O per\u00edodo de solicita\u00e7\u00e3o de inscri\u00e7\u00e3o para o concurso da Uneal \u00e9 de 23 de mar\u00e7o a 27 de abril, no site da banca &#8211; <a href=\"https:\/\/www.cebraspe.org.br\/concursos\/une_al_26\" target=\"_blank\" rel=\"noreferrer noopener\">Cebraspe<\/a>. A taxa de participa\u00e7\u00e3o \u00e9 no valor de R$ 120,00.<\/p>\n\n\n\n<p>Os candidatos ser\u00e3o avaliados por meio de provas objetivas e discursivas a serem aplicadas em 21 de junho. <\/p>\n\n\n\n<ul class=\"wp-block-list has-very-light-gray-to-cyan-bluish-gray-gradient-background has-background\">\n<li><strong style=\"background-color: initial; color: initial;\">Banca:<\/strong> Cebraspe <\/li>\n\n\n\n<li><strong>Vagas:<\/strong> 82<\/li>\n\n\n\n<li><strong>Cargo<\/strong>: diversos <\/li>\n\n\n\n<li><strong>Sal\u00e1rio inicial:<\/strong> R$ 5.324,13<\/li>\n\n\n\n<li><strong>Edital<\/strong>: <a href=\"https:\/\/dhg1h5j42swfq.cloudfront.net\/2026\/03\/13072458\/concurso-uneal-edital-2026-publicado.pdf\" target=\"_blank\" rel=\"noreferrer noopener\">UENAL 2026<\/a><\/li>\n<\/ul>\n\n\n\n<div class=\"container\" id=\"boxes\">\n  <div class=\"row\">\n\n    <div class=\"col-sm\">\n      <div class=\"banner-estrategia\" id=\"box-assinatura\">\n        <h3 class=\"titulo-assinatura\">Cursos para concursos<\/h3>\n        <p class=\"subtitulo-assinatura\">Estude conosco<\/p>\n        <div class=\"box-botao\">\n          <a class=\"btn-assinatura\" target=\"_blank\" href=\"https:\/\/www.estrategiaconcursos.com.br\/cursos\/\" role=\"button\" rel=\"noopener noreferrer\">Conhe\u00e7a os cursos<\/a>\n        <\/div>\n      <\/div>\n     \n    <\/div>\n\n  <\/div>\n<\/div>\n\n\n\n<h2 class=\"wp-block-heading\" id=\"datas\">Principais datas do edital UNEAL<\/h2>\n\n\n\n<p class=\"has-very-light-gray-background-color has-background\"><strong>Inscri\u00e7\u00f5es<\/strong>: 23\/3 a 27\/4\/2026<br \/><strong>Isen\u00e7\u00e3o da taxa<\/strong>: 23\/3 a 1\u00ba\/4\/2026<br \/><strong>\u00daltimo dia para pagamento<\/strong>: 29\/4\/2026 <br \/><strong>Prova<\/strong>: 21\/6\/2026<\/p>\n\n\n\n<h2 class=\"wp-block-heading\" id=\"cargos-vagas\">Cargos e vagas do edital UNEAL <\/h2>\n\n\n\n<figure class=\"wp-block-table is-style-stripes\"><table class=\"has-fixed-layout\"><thead><tr><th class=\"has-text-align-center\" data-align=\"center\">CARGOS<\/th><th class=\"has-text-align-center\" data-align=\"center\">VAGAS<\/th><th class=\"has-text-align-center\" data-align=\"center\">SAL\u00c1RIO<\/th><th>REQUISITOS<\/th><\/tr><\/thead><tbody><tr><td class=\"has-text-align-center\" data-align=\"center\">ANALISTA ADMINISTRATIVO<\/td><td class=\"has-text-align-center\" data-align=\"center\">01 + CR<\/td><td class=\"has-text-align-center\" data-align=\"center\">R$ 5.324,13<\/td><td>diploma, devidamente registrado, de conclus\u00e3o de curso de gradua\u00e7\u00e3o em Ci\u00eancias da Computa\u00e7\u00e3o, Engenharia da Computa\u00e7\u00e3o, An\u00e1lise e<br \/>Desenvolvimento de Sistemas, Sistemas de Informa\u00e7\u00e3o ou demais \u00e1reas da computa\u00e7\u00e3o, fornecido por institui\u00e7\u00e3o de ensino superior reconhecida pelo Minist\u00e9rio<br \/>da Educa\u00e7\u00e3o (MEC)<\/td><\/tr><tr><td class=\"has-text-align-center\" data-align=\"center\">ASSIST\u00caNCIA SOCIAL<\/td><td class=\"has-text-align-center\" data-align=\"center\">01 + CR<\/td><td class=\"has-text-align-center\" data-align=\"center\">R$ 5.324,13<\/td><td>diploma, devidamente registrado, de conclus\u00e3o de curso de gradua\u00e7\u00e3o em Assist\u00eancia Social, fornecido por institui\u00e7\u00e3o de ensino superior<br \/>reconhecida pelo MEC, e registro no \u00f3rg\u00e3o competente<\/td><\/tr><tr><td class=\"has-text-align-center\" data-align=\"center\">BIBLIOTECONOMIA<\/td><td class=\"has-text-align-center\" data-align=\"center\">02 + CR<\/td><td class=\"has-text-align-center\" data-align=\"center\">R$ 5.324,13<\/td><td>diploma, devidamente registrado, de conclus\u00e3o de curso de gradua\u00e7\u00e3o em Biblioteconomia, fornecido por institui\u00e7\u00e3o de ensino superior reconhecida<br \/>pelo MEC, e registro no \u00f3rg\u00e3o competente<\/td><\/tr><tr><td class=\"has-text-align-center\" data-align=\"center\">CI\u00caNCIAS CONT\u00c1BEIS<\/td><td class=\"has-text-align-center\" data-align=\"center\">02 + CR<\/td><td class=\"has-text-align-center\" data-align=\"center\">R$ 5.324,13<\/td><td>diploma, devidamente registrado, de conclus\u00e3o de curso de gradua\u00e7\u00e3o em Ci\u00eancias Cont\u00e1beis, fornecido por institui\u00e7\u00e3o de ensino superior<br \/>reconhecida pelo MEC, e registro no \u00f3rg\u00e3o competente<\/td><\/tr><tr><td class=\"has-text-align-center\" data-align=\"center\">DESENVOLVIMENTO E INOVA\u00c7\u00c3O<\/td><td class=\"has-text-align-center\" data-align=\"center\">01 + CR<\/td><td class=\"has-text-align-center\" data-align=\"center\">R$ 5.324,13<\/td><td>diploma, devidamente registrado, de conclus\u00e3o de curso de gradua\u00e7\u00e3o em qualquer \u00e1rea de forma\u00e7\u00e3o, fornecido por institui\u00e7\u00e3o de ensino superior<br \/>reconhecida pelo MEC<\/td><\/tr><tr><td class=\"has-text-align-center\" data-align=\"center\">DIREITO<\/td><td class=\"has-text-align-center\" data-align=\"center\">01 + CR<\/td><td class=\"has-text-align-center\" data-align=\"center\">R$ 5.324,13<\/td><td>diploma, devidamente registrado, de conclus\u00e3o de curso de gradua\u00e7\u00e3o em Direito, fornecido por institui\u00e7\u00e3o de ensino superior reconhecida pelo<br \/>MEC<\/td><\/tr><tr><td class=\"has-text-align-center\" data-align=\"center\">PSICOLOGIA<\/td><td class=\"has-text-align-center\" data-align=\"center\">02 + CR<\/td><td class=\"has-text-align-center\" data-align=\"center\">R$ 5.324,13<\/td><td>diploma, devidamente registrado, de conclus\u00e3o de curso de gradua\u00e7\u00e3o em Psicologia, fornecido por institui\u00e7\u00e3o de ensino superior reconhecida pelo<br \/>MEC, e registro no \u00f3rg\u00e3o competente<\/td><\/tr><tr><td class=\"has-text-align-center\" data-align=\"center\">SECRETARIADO<\/td><td class=\"has-text-align-center\" data-align=\"center\">01 + CR<\/td><td class=\"has-text-align-center\" data-align=\"center\">R$ 5.324,13<\/td><td>diploma, devidamente registrado, de conclus\u00e3o de curso de tecn\u00f3logo em Secretariado ou de gradua\u00e7\u00e3o em Secretariado Executivo, fornecido por<br \/>institui\u00e7\u00e3o de ensino superior reconhecida pelo MEC<\/td><\/tr><tr><td class=\"has-text-align-center\" data-align=\"center\">T\u00c9CNICO EM ASSUNTOS EDUCACIONAIS<\/td><td class=\"has-text-align-center\" data-align=\"center\">16+ CR<\/td><td class=\"has-text-align-center\" data-align=\"center\">R$ 5.324,13<\/td><td>diploma, devidamente registrado, de conclus\u00e3o de curso de gradua\u00e7\u00e3o em qualquer \u00e1rea de forma\u00e7\u00e3o, fornecido por institui\u00e7\u00e3o de ensino superior<br \/>reconhecida pelo MEC<\/td><\/tr><tr><td class=\"has-text-align-center\" data-align=\"center\">T\u00c9CNICO ESPECIALIZADO EM LINGUAGEM DE SINAIS (LIBRAS)<\/td><td class=\"has-text-align-center\" data-align=\"center\">02 + CR<\/td><td class=\"has-text-align-center\" data-align=\"center\">R$ 5.324,13<\/td><td>diploma, devidamente registrado, de conclus\u00e3o de curso de gradua\u00e7\u00e3o de Tradu\u00e7\u00e3o e Interpreta\u00e7\u00e3o, com habilita\u00e7\u00e3o em Libras; Letras-Libras; ou<br \/>gradua\u00e7\u00e3o em Letras-Libras; gradua\u00e7\u00e3o com complementa\u00e7\u00e3o em Libras, fornecido por institui\u00e7\u00e3o de ensino superior reconhecida pelo MEC, exigida, em todos os<br \/>casos, forma\u00e7\u00e3o espec\u00edfica para Tradu\u00e7\u00e3o e Interpreta\u00e7\u00e3o de Libras e profici\u00eancia reconhecida pelo MEC ou certifica\u00e7\u00e3o conforme normas vigentes<\/td><\/tr><tr><td class=\"has-text-align-center\" data-align=\"center\">PLANEJAMENTO<\/td><td class=\"has-text-align-center\" data-align=\"center\">04 + CR<\/td><td class=\"has-text-align-center\" data-align=\"center\">R$ 5.324,13<\/td><td>diploma, devidamente registrado, de conclus\u00e3o de curso de gradua\u00e7\u00e3o de licenciaturas em qualquer \u00e1rea, Administra\u00e7\u00e3o, Direito ou Ci\u00eancias<br \/>Cont\u00e1beis, fornecido por institui\u00e7\u00e3o de ensino superior reconhecida pelo MEC<\/td><\/tr><tr><td class=\"has-text-align-center\" data-align=\"center\">GEST\u00c3O<\/td><td class=\"has-text-align-center\" data-align=\"center\">08 + CR<\/td><td class=\"has-text-align-center\" data-align=\"center\">R$ 5.324,13<\/td><td>diploma, devidamente registrado, de conclus\u00e3o de curso de gradua\u00e7\u00e3o em Economia, Administra\u00e7\u00e3o, Direito ou Ci\u00eancias Cont\u00e1beis, fornecido por<br \/>institui\u00e7\u00e3o de ensino superior reconhecida pelo MEC<\/td><\/tr><\/tbody><\/table><\/figure>\n\n\n\n<h2 class=\"wp-block-heading\" id=\"etapas\">Etapas e provas do edital UNEAL <\/h2>\n\n\n\n<p>Sob organiza\u00e7\u00e3o da banca Cebraspe, os candidatos inscritos no edital do concurso UNEAL ser\u00e3o avaliados por meio da aplica\u00e7\u00e3o das seguintes etapas:<\/p>\n\n\n\n<ul class=\"wp-block-list\">\n<li><strong>Prova Objetiva<\/strong> \u2013 eliminat\u00f3rio e classificat\u00f3rio;<\/li>\n\n\n\n<li><strong>Prova Discursiva<\/strong> \u2013 eliminat\u00f3rio e classificat\u00f3rio. <\/li>\n<\/ul>\n\n\n\n<h3 class=\"wp-block-heading\" id=\"objetiva\">Provas Objetivas<\/h3>\n\n\n\n<p>A prova objetiva, de car\u00e1ter eliminat\u00f3rio e classificat\u00f3rio, ser\u00e1 composta de 120 quest\u00f5es, 50 de conhecimentos b\u00e1sicos e 70 de conhecimentos espec\u00edficos. <\/p>\n\n\n\n<p>Cada avalia\u00e7\u00e3o ser\u00e1 constitu\u00edda de itens para julgamento, agrupados por comandos que dever\u00e3o ser respeitados. O julgamento de cada item ser\u00e1 CERTO<br \/>ou ERRADO, de acordo com o(s) comando(s) a que se refere o item.<\/p>\n\n\n\n<h3 class=\"wp-block-heading\" id=\"discursiva\">Prova Discursiva<\/h3>\n\n\n\n<p>A prova discursiva valer\u00e1 30,00 pontos e consistir\u00e1 da reda\u00e7\u00e3o de texto dissertativo, de at\u00e9 30 linhas, a respeito de temas relacionados a atualidades. <\/p>\n\n\n\n<hr class=\"wp-block-separator has-alpha-channel-opacity\"\/>\n\n\n\n<p class=\"has-text-align-center has-cyan-bluish-gray-background-color has-background has-medium-font-size\"><strong>Saiba mais: <a href=\"https:\/\/www.estrategiaconcursos.com.br\/blog\/concurso-uneal\/\" target=\"_blank\" rel=\"noreferrer noopener\">Concurso UNEAL <\/a><\/strong><\/p>\n\n\n\n<h2 class=\"wp-block-heading has-text-align-center\" id=\"h-quer-saber-tudo-sobre-concursos-previstos-confira-nossos-artigos\">Quer saber tudo sobre concursos previstos?<br \/>Confira  nossos artigos!<\/h2>\n\n\n\n<ul class=\"wp-block-list\">\n<li><a href=\"https:\/\/www.estrategiaconcursos.com.br\/blog\/concursos-abertos\/\" target=\"_blank\" rel=\"noreferrer noopener\">Concursos abertos<\/a><\/li>\n\n\n\n<li><a href=\"https:\/\/www.estrategiaconcursos.com.br\/blog\/concursos-2026\/\">Concursos 2026<\/a><\/li>\n<\/ul>\n\n\n\n<h2 class=\"wp-block-heading has-text-align-center\" id=\"h-quer-estudar-para-o-concurso-uneal\">Quer estudar para o concurso UNEAL?<\/h2>\n\n\n\n<div class=\"container\" id=\"boxes\">\r\n  <div class=\"row\">\r\n\r\n    <div class=\"col-sm\">\r\n      <div class=\"banner-estrategia\" id=\"box-assinatura\">\r\n        <h3 class=\"titulo-assinatura\">Cursos para concursos<\/h3>\r\n        <p class=\"subtitulo-assinatura\">Estude conosco<\/p>\r\n        <div class=\"box-botao\">\r\n          <a class=\"btn-assinatura\" target=\"_blank\" href=\"https:\/\/www.estrategiaconcursos.com.br\/cursos\/\" role=\"button\" rel=\"noopener noreferrer\">Conhe\u00e7a os cursos<\/a>\r\n        <\/div>\r\n      <\/div>\r\n     \r\n    <\/div>\r\n\r\n  <\/div>\r\n<\/div>\n\n\n\n<div class=\"container\" id=\"boxes\">\n  <div class=\"row\">\n\n    <div class=\"col-sm\">\n      <div class=\"estrategia\" id=\"box-assinatura\">\n        <h3 class=\"titulo-assinatura\">Assinatura de Concursos<\/h3>\n        <p class=\"subtitulo-assinatura\">Assinatura de 1 ano ou 2 anos<\/p>\n        <div class=\"box-botao\">\n          <a class=\"btn-assinatura\" target=\"_blank\" href=\"https:\/\/www.estrategiaconcursos.com.br\/assinaturas\/\" role=\"button\" rel=\"noopener noreferrer\">ASSINE AGORA<\/a>\n        <\/div>\n      <\/div>\n     \n    <\/div><\/div><\/div>\n\n\n\n<figure class=\"wp-block-image size-large is-resized\"><img loading=\"lazy\" decoding=\"async\" width=\"1024\" height=\"632\" src=\"https:\/\/dhg1h5j42swfq.cloudfront.net\/2025\/06\/27101122\/ficha-tecnica-1-1024x632.png\" alt=\"Informa\u00e7\u00f5es do edital \" class=\"wp-image-702728\" style=\"width:379px;height:auto\" srcset=\"https:\/\/dhg1h5j42swfq.cloudfront.net\/2025\/06\/27101122\/ficha-tecnica-1-1024x632.png 1024w, https:\/\/dhg1h5j42swfq.cloudfront.net\/2025\/06\/27101122\/ficha-tecnica-1-300x185.png 300w, https:\/\/dhg1h5j42swfq.cloudfront.net\/2025\/06\/27101122\/ficha-tecnica-1-768x474.png 768w, https:\/\/dhg1h5j42swfq.cloudfront.net\/2025\/06\/27101122\/ficha-tecnica-1-1536x948.png 1536w, https:\/\/dhg1h5j42swfq.cloudfront.net\/2025\/06\/27101122\/ficha-tecnica-1-610x377.png 610w, https:\/\/dhg1h5j42swfq.cloudfront.net\/2025\/06\/27101122\/ficha-tecnica-1.png 1571w\" sizes=\"auto, (max-width: 1024px) 100vw, 1024px\" \/><\/figure>\n\n\n\n<h3 class=\"wp-block-heading\" id=\"block-ba1614b5-988b-41ef-892d-f4c9f7e9dd42\">Informa\u00e7\u00f5es do edital UNEAL<\/h3>\n\n\n\n<ul id=\"block-46dd482c-33cf-409c-8762-75c111403f14\" class=\"wp-block-list\">\n<li><strong>Vagas:<\/strong> 82<\/li>\n\n\n\n<li><strong>Cargo<\/strong>: diversos <\/li>\n\n\n\n<li><strong>Sal\u00e1rio inicial:<\/strong> R$ 5.324,13<\/li>\n\n\n\n<li><strong>Edital<\/strong>: <a href=\"https:\/\/dhg1h5j42swfq.cloudfront.net\/2026\/03\/13072458\/concurso-uneal-edital-2026-publicado.pdf\" target=\"_blank\" rel=\"noreferrer noopener\">UENAL 2026<\/a><\/li>\n<\/ul>\n","protected":false},"excerpt":{"rendered":"<p>A&nbsp;Universidade Estadual de Alagoas (UNEAL) oferece um total de&nbsp;82 vagas, distribu\u00eddas entre vagas para provimento imediato (41) e forma\u00e7\u00e3o de cadastro de reserva (41). As oportunidades s\u00e3o de n\u00edvel superior de forma\u00e7\u00e3o e os aprovados ter\u00e3o sal\u00e1rio inicial de R$ 5.324,13. O per\u00edodo de solicita\u00e7\u00e3o de inscri\u00e7\u00e3o para o concurso da Uneal \u00e9 de 23 [&hellip;]<\/p>\n","protected":false},"author":2375,"featured_media":1090639,"comment_status":"open","ping_status":"closed","sticky":false,"template":"","format":"standard","meta":{"post_tipo":"news","footnotes":""},"categories":[3766,220219],"tags":[],"tax_estado":[219965],"class_list":["post-1733165","post","type-post","status-publish","format-standard","has-post-thumbnail","hentry","category-educacional","category-noticias","tax_estado-al"],"acf":[],"yoast_head":"<!-- This site is optimized with the Yoast SEO Premium plugin v27.2 (Yoast SEO v27.2) - https:\/\/yoast.com\/product\/yoast-seo-premium-wordpress\/ -->\n<title>Edital UNEAL: 82 vagas e at\u00e9 R$ 5,3 mil<\/title>\n<meta name=\"description\" content=\"Edital UNEAL: veja com o time de jornalismo do Estrat\u00e9gia Concursos os detalhes do concurso da Universidade Estadual de Alagoas!\" \/>\n<meta name=\"robots\" content=\"index, follow, max-snippet:-1, max-image-preview:large, max-video-preview:-1\" \/>\n<link rel=\"canonical\" href=\"https:\/\/www.estrategiaconcursos.com.br\/blog\/concurso-uneal-2026-edital-publicado\/\" \/>\n<meta property=\"og:locale\" content=\"pt_BR\" \/>\n<meta property=\"og:type\" content=\"article\" \/>\n<meta property=\"og:title\" content=\"Edital UNEAL: 82 vagas e at\u00e9 R$ 5,3 mil\" \/>\n<meta property=\"og:description\" content=\"Edital UNEAL: veja com o time de jornalismo do Estrat\u00e9gia Concursos os detalhes do concurso da Universidade Estadual de Alagoas!\" \/>\n<meta property=\"og:url\" content=\"https:\/\/www.estrategiaconcursos.com.br\/blog\/concurso-uneal-2026-edital-publicado\/\" \/>\n<meta property=\"og:site_name\" content=\"Estrat\u00e9gia Concursos\" \/>\n<meta property=\"article:published_time\" content=\"2026-03-23T13:56:00+00:00\" \/>\n<meta property=\"article:modified_time\" content=\"2026-03-23T13:56:48+00:00\" \/>\n<meta property=\"og:image\" content=\"https:\/\/dhg1h5j42swfq.cloudfront.net\/2022\/09\/06185737\/concursos_educacao.jpg\" \/>\n\t<meta property=\"og:image:width\" content=\"768\" \/>\n\t<meta property=\"og:image:height\" content=\"432\" \/>\n\t<meta property=\"og:image:type\" content=\"image\/jpeg\" \/>\n<meta name=\"author\" content=\"Priscila Almeida\" \/>\n<meta name=\"twitter:card\" content=\"summary_large_image\" \/>\n<meta name=\"twitter:creator\" content=\"@EstratConcursos\" \/>\n<meta name=\"twitter:site\" content=\"@EstratConcursos\" \/>\n<meta name=\"twitter:label1\" content=\"Escrito por\" \/>\n\t<meta name=\"twitter:data1\" content=\"Priscila Almeida\" \/>\n\t<meta name=\"twitter:label2\" content=\"Est. tempo de leitura\" \/>\n\t<meta name=\"twitter:data2\" content=\"4 minutos\" \/>\n<script type=\"application\/ld+json\" class=\"yoast-schema-graph\">{\"@context\":\"https:\/\/schema.org\",\"@graph\":[{\"@type\":\"NewsArticle\",\"@id\":\"https:\/\/www.estrategiaconcursos.com.br\/blog\/concurso-uneal-2026-edital-publicado\/#article\",\"isPartOf\":{\"@id\":\"https:\/\/www.estrategiaconcursos.com.br\/blog\/concurso-uneal-2026-edital-publicado\/\"},\"author\":{\"name\":\"Priscila Almeida\",\"@id\":\"https:\/\/www.estrategiaconcursos.com.br\/blog\/#\/schema\/person\/a06e841e501f2e1d8c49c4e8f066bfd1\"},\"headline\":\"Edital UNEAL: 82 vagas e at\u00e9 R$ 5,3 mil\",\"datePublished\":\"2026-03-23T13:56:00+00:00\",\"dateModified\":\"2026-03-23T13:56:48+00:00\",\"mainEntityOfPage\":{\"@id\":\"https:\/\/www.estrategiaconcursos.com.br\/blog\/concurso-uneal-2026-edital-publicado\/\"},\"wordCount\":811,\"commentCount\":0,\"publisher\":{\"@id\":\"https:\/\/www.estrategiaconcursos.com.br\/blog\/#organization\"},\"image\":{\"@id\":\"https:\/\/www.estrategiaconcursos.com.br\/blog\/concurso-uneal-2026-edital-publicado\/#primaryimage\"},\"thumbnailUrl\":\"https:\/\/dhg1h5j42swfq.cloudfront.net\/2022\/09\/06185737\/concursos_educacao.jpg\",\"articleSection\":[\"Educa\u00e7\u00e3o\",\"\u00daltimas not\u00edcias\"],\"inLanguage\":\"pt-BR\",\"potentialAction\":[{\"@type\":\"CommentAction\",\"name\":\"Comment\",\"target\":[\"https:\/\/www.estrategiaconcursos.com.br\/blog\/concurso-uneal-2026-edital-publicado\/#respond\"]}],\"copyrightYear\":\"2026\",\"copyrightHolder\":{\"@id\":\"https:\/\/www.estrategiaconcursos.com.br\/blog\/#organization\"}},{\"@type\":\"WebPage\",\"@id\":\"https:\/\/www.estrategiaconcursos.com.br\/blog\/concurso-uneal-2026-edital-publicado\/\",\"url\":\"https:\/\/www.estrategiaconcursos.com.br\/blog\/concurso-uneal-2026-edital-publicado\/\",\"name\":\"Edital UNEAL: 82 vagas e at\u00e9 R$ 5,3 mil\",\"isPartOf\":{\"@id\":\"https:\/\/www.estrategiaconcursos.com.br\/blog\/#website\"},\"primaryImageOfPage\":{\"@id\":\"https:\/\/www.estrategiaconcursos.com.br\/blog\/concurso-uneal-2026-edital-publicado\/#primaryimage\"},\"image\":{\"@id\":\"https:\/\/www.estrategiaconcursos.com.br\/blog\/concurso-uneal-2026-edital-publicado\/#primaryimage\"},\"thumbnailUrl\":\"https:\/\/dhg1h5j42swfq.cloudfront.net\/2022\/09\/06185737\/concursos_educacao.jpg\",\"datePublished\":\"2026-03-23T13:56:00+00:00\",\"dateModified\":\"2026-03-23T13:56:48+00:00\",\"description\":\"Edital UNEAL: veja com o time de jornalismo do Estrat\u00e9gia Concursos os detalhes do concurso da Universidade Estadual de Alagoas!\",\"breadcrumb\":{\"@id\":\"https:\/\/www.estrategiaconcursos.com.br\/blog\/concurso-uneal-2026-edital-publicado\/#breadcrumb\"},\"inLanguage\":\"pt-BR\",\"potentialAction\":[{\"@type\":\"ReadAction\",\"target\":[\"https:\/\/www.estrategiaconcursos.com.br\/blog\/concurso-uneal-2026-edital-publicado\/\"]}]},{\"@type\":\"ImageObject\",\"inLanguage\":\"pt-BR\",\"@id\":\"https:\/\/www.estrategiaconcursos.com.br\/blog\/concurso-uneal-2026-edital-publicado\/#primaryimage\",\"url\":\"https:\/\/dhg1h5j42swfq.cloudfront.net\/2022\/09\/06185737\/concursos_educacao.jpg\",\"contentUrl\":\"https:\/\/dhg1h5j42swfq.cloudfront.net\/2022\/09\/06185737\/concursos_educacao.jpg\",\"width\":768,\"height\":432,\"caption\":\"Concurso SME Indaial SP\"},{\"@type\":\"BreadcrumbList\",\"@id\":\"https:\/\/www.estrategiaconcursos.com.br\/blog\/concurso-uneal-2026-edital-publicado\/#breadcrumb\",\"itemListElement\":[{\"@type\":\"ListItem\",\"position\":1,\"name\":\"In\u00edcio\",\"item\":\"https:\/\/www.estrategiaconcursos.com.br\/blog\/\"},{\"@type\":\"ListItem\",\"position\":2,\"name\":\"Edital UNEAL: 82 vagas e at\u00e9 R$ 5,3 mil\"}]},{\"@type\":\"WebSite\",\"@id\":\"https:\/\/www.estrategiaconcursos.com.br\/blog\/#website\",\"url\":\"https:\/\/www.estrategiaconcursos.com.br\/blog\/\",\"name\":\"Estrat\u00e9gia Concursos\",\"description\":\"O blog da Estrat\u00e9gia Concursos traz not\u00edcias sobre concursos e artigos de professores oferecendo cursos para concursos (pdf + videaulas) no site.\",\"publisher\":{\"@id\":\"https:\/\/www.estrategiaconcursos.com.br\/blog\/#organization\"},\"potentialAction\":[{\"@type\":\"SearchAction\",\"target\":{\"@type\":\"EntryPoint\",\"urlTemplate\":\"https:\/\/www.estrategiaconcursos.com.br\/blog\/?s={search_term_string}\"},\"query-input\":{\"@type\":\"PropertyValueSpecification\",\"valueRequired\":true,\"valueName\":\"search_term_string\"}}],\"inLanguage\":\"pt-BR\"},{\"@type\":\"Organization\",\"@id\":\"https:\/\/www.estrategiaconcursos.com.br\/blog\/#organization\",\"name\":\"Estrat\u00e9gia Concursos\",\"url\":\"https:\/\/www.estrategiaconcursos.com.br\/blog\/\",\"logo\":{\"@type\":\"ImageObject\",\"inLanguage\":\"pt-BR\",\"@id\":\"https:\/\/www.estrategiaconcursos.com.br\/blog\/#\/schema\/logo\/image\/\",\"url\":\"https:\/\/dhg1h5j42swfq.cloudfront.net\/2025\/06\/03203428\/logo_concursos-1.jpg\",\"contentUrl\":\"https:\/\/dhg1h5j42swfq.cloudfront.net\/2025\/06\/03203428\/logo_concursos-1.jpg\",\"width\":230,\"height\":60,\"caption\":\"Estrat\u00e9gia Concursos\"},\"image\":{\"@id\":\"https:\/\/www.estrategiaconcursos.com.br\/blog\/#\/schema\/logo\/image\/\"},\"sameAs\":[\"https:\/\/x.com\/EstratConcursos\"]},{\"@type\":\"Person\",\"@id\":\"https:\/\/www.estrategiaconcursos.com.br\/blog\/#\/schema\/person\/a06e841e501f2e1d8c49c4e8f066bfd1\",\"name\":\"Priscila Almeida\",\"image\":{\"@type\":\"ImageObject\",\"inLanguage\":\"pt-BR\",\"@id\":\"https:\/\/secure.gravatar.com\/avatar\/0a963c9e2a947fa675b669cea2b5d0ba6dd1cbf46b966190343b6c9973ad3337?s=96&d=mm&r=g\",\"url\":\"https:\/\/secure.gravatar.com\/avatar\/0a963c9e2a947fa675b669cea2b5d0ba6dd1cbf46b966190343b6c9973ad3337?s=96&d=mm&r=g\",\"contentUrl\":\"https:\/\/secure.gravatar.com\/avatar\/0a963c9e2a947fa675b669cea2b5d0ba6dd1cbf46b966190343b6c9973ad3337?s=96&d=mm&r=g\",\"caption\":\"Priscila Almeida\"},\"description\":\"Atua na \u00e1rea de concursos p\u00fablicos desde 2019. As editorias que mais t\u00eam familiaridade s\u00e3o: Tribunais (TJs; TRTs; TREs; TSTs; STJ, STF, STM e TSE); Defensorias; Minist\u00e9rios P\u00fablicos; Procuradorias; Educa\u00e7\u00e3o e Conselhos. Na \u00e1rea de comunica\u00e7\u00e3o, de maneira geral, a caminhada \u00e9 um pouco mais longa - desde 2007. Possui experi\u00eancia em reda\u00e7\u00f5es de r\u00e1dio, TV, Web e impresso, al\u00e9m de desenvolver trabalhos em assessorias de comunica\u00e7\u00e3o institucional, empresarial e p\u00fablicas. Entre outros trabalhos, se destacam a atua\u00e7\u00e3o nas \u00e1reas de Justi\u00e7a, Congresso, Esportes, Sa\u00fade, Agropecu\u00e1ria, Cidades e Avia\u00e7\u00e3o Civil.\",\"url\":\"https:\/\/www.estrategiaconcursos.com.br\/blog\/author\/priscila-almeidaestrategia-com\/\"}]}<\/script>\n<!-- \/ Yoast SEO Premium plugin. -->","yoast_head_json":{"title":"Edital UNEAL: 82 vagas e at\u00e9 R$ 5,3 mil","description":"Edital UNEAL: veja com o time de jornalismo do Estrat\u00e9gia Concursos os detalhes do concurso da Universidade Estadual de Alagoas!","robots":{"index":"index","follow":"follow","max-snippet":"max-snippet:-1","max-image-preview":"max-image-preview:large","max-video-preview":"max-video-preview:-1"},"canonical":"https:\/\/www.estrategiaconcursos.com.br\/blog\/concurso-uneal-2026-edital-publicado\/","og_locale":"pt_BR","og_type":"article","og_title":"Edital UNEAL: 82 vagas e at\u00e9 R$ 5,3 mil","og_description":"Edital UNEAL: veja com o time de jornalismo do Estrat\u00e9gia Concursos os detalhes do concurso da Universidade Estadual de Alagoas!","og_url":"https:\/\/www.estrategiaconcursos.com.br\/blog\/concurso-uneal-2026-edital-publicado\/","og_site_name":"Estrat\u00e9gia Concursos","article_published_time":"2026-03-23T13:56:00+00:00","article_modified_time":"2026-03-23T13:56:48+00:00","og_image":[{"width":768,"height":432,"url":"https:\/\/dhg1h5j42swfq.cloudfront.net\/2022\/09\/06185737\/concursos_educacao.jpg","type":"image\/jpeg"}],"author":"Priscila Almeida","twitter_card":"summary_large_image","twitter_creator":"@EstratConcursos","twitter_site":"@EstratConcursos","twitter_misc":{"Escrito por":"Priscila Almeida","Est. tempo de leitura":"4 minutos"},"schema":{"@context":"https:\/\/schema.org","@graph":[{"@type":"NewsArticle","@id":"https:\/\/www.estrategiaconcursos.com.br\/blog\/concurso-uneal-2026-edital-publicado\/#article","isPartOf":{"@id":"https:\/\/www.estrategiaconcursos.com.br\/blog\/concurso-uneal-2026-edital-publicado\/"},"author":{"name":"Priscila Almeida","@id":"https:\/\/www.estrategiaconcursos.com.br\/blog\/#\/schema\/person\/a06e841e501f2e1d8c49c4e8f066bfd1"},"headline":"Edital UNEAL: 82 vagas e at\u00e9 R$ 5,3 mil","datePublished":"2026-03-23T13:56:00+00:00","dateModified":"2026-03-23T13:56:48+00:00","mainEntityOfPage":{"@id":"https:\/\/www.estrategiaconcursos.com.br\/blog\/concurso-uneal-2026-edital-publicado\/"},"wordCount":811,"commentCount":0,"publisher":{"@id":"https:\/\/www.estrategiaconcursos.com.br\/blog\/#organization"},"image":{"@id":"https:\/\/www.estrategiaconcursos.com.br\/blog\/concurso-uneal-2026-edital-publicado\/#primaryimage"},"thumbnailUrl":"https:\/\/dhg1h5j42swfq.cloudfront.net\/2022\/09\/06185737\/concursos_educacao.jpg","articleSection":["Educa\u00e7\u00e3o","\u00daltimas not\u00edcias"],"inLanguage":"pt-BR","potentialAction":[{"@type":"CommentAction","name":"Comment","target":["https:\/\/www.estrategiaconcursos.com.br\/blog\/concurso-uneal-2026-edital-publicado\/#respond"]}],"copyrightYear":"2026","copyrightHolder":{"@id":"https:\/\/www.estrategiaconcursos.com.br\/blog\/#organization"}},{"@type":"WebPage","@id":"https:\/\/www.estrategiaconcursos.com.br\/blog\/concurso-uneal-2026-edital-publicado\/","url":"https:\/\/www.estrategiaconcursos.com.br\/blog\/concurso-uneal-2026-edital-publicado\/","name":"Edital UNEAL: 82 vagas e at\u00e9 R$ 5,3 mil","isPartOf":{"@id":"https:\/\/www.estrategiaconcursos.com.br\/blog\/#website"},"primaryImageOfPage":{"@id":"https:\/\/www.estrategiaconcursos.com.br\/blog\/concurso-uneal-2026-edital-publicado\/#primaryimage"},"image":{"@id":"https:\/\/www.estrategiaconcursos.com.br\/blog\/concurso-uneal-2026-edital-publicado\/#primaryimage"},"thumbnailUrl":"https:\/\/dhg1h5j42swfq.cloudfront.net\/2022\/09\/06185737\/concursos_educacao.jpg","datePublished":"2026-03-23T13:56:00+00:00","dateModified":"2026-03-23T13:56:48+00:00","description":"Edital UNEAL: veja com o time de jornalismo do Estrat\u00e9gia Concursos os detalhes do concurso da Universidade Estadual de Alagoas!","breadcrumb":{"@id":"https:\/\/www.estrategiaconcursos.com.br\/blog\/concurso-uneal-2026-edital-publicado\/#breadcrumb"},"inLanguage":"pt-BR","potentialAction":[{"@type":"ReadAction","target":["https:\/\/www.estrategiaconcursos.com.br\/blog\/concurso-uneal-2026-edital-publicado\/"]}]},{"@type":"ImageObject","inLanguage":"pt-BR","@id":"https:\/\/www.estrategiaconcursos.com.br\/blog\/concurso-uneal-2026-edital-publicado\/#primaryimage","url":"https:\/\/dhg1h5j42swfq.cloudfront.net\/2022\/09\/06185737\/concursos_educacao.jpg","contentUrl":"https:\/\/dhg1h5j42swfq.cloudfront.net\/2022\/09\/06185737\/concursos_educacao.jpg","width":768,"height":432,"caption":"Concurso SME Indaial SP"},{"@type":"BreadcrumbList","@id":"https:\/\/www.estrategiaconcursos.com.br\/blog\/concurso-uneal-2026-edital-publicado\/#breadcrumb","itemListElement":[{"@type":"ListItem","position":1,"name":"In\u00edcio","item":"https:\/\/www.estrategiaconcursos.com.br\/blog\/"},{"@type":"ListItem","position":2,"name":"Edital UNEAL: 82 vagas e at\u00e9 R$ 5,3 mil"}]},{"@type":"WebSite","@id":"https:\/\/www.estrategiaconcursos.com.br\/blog\/#website","url":"https:\/\/www.estrategiaconcursos.com.br\/blog\/","name":"Estrat\u00e9gia Concursos","description":"O blog da Estrat\u00e9gia Concursos traz not\u00edcias sobre concursos e artigos de professores oferecendo cursos para concursos (pdf + videaulas) no site.","publisher":{"@id":"https:\/\/www.estrategiaconcursos.com.br\/blog\/#organization"},"potentialAction":[{"@type":"SearchAction","target":{"@type":"EntryPoint","urlTemplate":"https:\/\/www.estrategiaconcursos.com.br\/blog\/?s={search_term_string}"},"query-input":{"@type":"PropertyValueSpecification","valueRequired":true,"valueName":"search_term_string"}}],"inLanguage":"pt-BR"},{"@type":"Organization","@id":"https:\/\/www.estrategiaconcursos.com.br\/blog\/#organization","name":"Estrat\u00e9gia Concursos","url":"https:\/\/www.estrategiaconcursos.com.br\/blog\/","logo":{"@type":"ImageObject","inLanguage":"pt-BR","@id":"https:\/\/www.estrategiaconcursos.com.br\/blog\/#\/schema\/logo\/image\/","url":"https:\/\/dhg1h5j42swfq.cloudfront.net\/2025\/06\/03203428\/logo_concursos-1.jpg","contentUrl":"https:\/\/dhg1h5j42swfq.cloudfront.net\/2025\/06\/03203428\/logo_concursos-1.jpg","width":230,"height":60,"caption":"Estrat\u00e9gia Concursos"},"image":{"@id":"https:\/\/www.estrategiaconcursos.com.br\/blog\/#\/schema\/logo\/image\/"},"sameAs":["https:\/\/x.com\/EstratConcursos"]},{"@type":"Person","@id":"https:\/\/www.estrategiaconcursos.com.br\/blog\/#\/schema\/person\/a06e841e501f2e1d8c49c4e8f066bfd1","name":"Priscila Almeida","image":{"@type":"ImageObject","inLanguage":"pt-BR","@id":"https:\/\/secure.gravatar.com\/avatar\/0a963c9e2a947fa675b669cea2b5d0ba6dd1cbf46b966190343b6c9973ad3337?s=96&d=mm&r=g","url":"https:\/\/secure.gravatar.com\/avatar\/0a963c9e2a947fa675b669cea2b5d0ba6dd1cbf46b966190343b6c9973ad3337?s=96&d=mm&r=g","contentUrl":"https:\/\/secure.gravatar.com\/avatar\/0a963c9e2a947fa675b669cea2b5d0ba6dd1cbf46b966190343b6c9973ad3337?s=96&d=mm&r=g","caption":"Priscila Almeida"},"description":"Atua na \u00e1rea de concursos p\u00fablicos desde 2019. As editorias que mais t\u00eam familiaridade s\u00e3o: Tribunais (TJs; TRTs; TREs; TSTs; STJ, STF, STM e TSE); Defensorias; Minist\u00e9rios P\u00fablicos; Procuradorias; Educa\u00e7\u00e3o e Conselhos. Na \u00e1rea de comunica\u00e7\u00e3o, de maneira geral, a caminhada \u00e9 um pouco mais longa - desde 2007. Possui experi\u00eancia em reda\u00e7\u00f5es de r\u00e1dio, TV, Web e impresso, al\u00e9m de desenvolver trabalhos em assessorias de comunica\u00e7\u00e3o institucional, empresarial e p\u00fablicas. Entre outros trabalhos, se destacam a atua\u00e7\u00e3o nas \u00e1reas de Justi\u00e7a, Congresso, Esportes, Sa\u00fade, Agropecu\u00e1ria, Cidades e Avia\u00e7\u00e3o Civil.","url":"https:\/\/www.estrategiaconcursos.com.br\/blog\/author\/priscila-almeidaestrategia-com\/"}]}},"_links":{"self":[{"href":"https:\/\/www.estrategiaconcursos.com.br\/blog\/wp-json\/wp\/v2\/posts\/1733165","targetHints":{"allow":["GET"]}}],"collection":[{"href":"https:\/\/www.estrategiaconcursos.com.br\/blog\/wp-json\/wp\/v2\/posts"}],"about":[{"href":"https:\/\/www.estrategiaconcursos.com.br\/blog\/wp-json\/wp\/v2\/types\/post"}],"author":[{"embeddable":true,"href":"https:\/\/www.estrategiaconcursos.com.br\/blog\/wp-json\/wp\/v2\/users\/2375"}],"replies":[{"embeddable":true,"href":"https:\/\/www.estrategiaconcursos.com.br\/blog\/wp-json\/wp\/v2\/comments?post=1733165"}],"version-history":[{"count":18,"href":"https:\/\/www.estrategiaconcursos.com.br\/blog\/wp-json\/wp\/v2\/posts\/1733165\/revisions"}],"predecessor-version":[{"id":1741485,"href":"https:\/\/www.estrategiaconcursos.com.br\/blog\/wp-json\/wp\/v2\/posts\/1733165\/revisions\/1741485"}],"wp:featuredmedia":[{"embeddable":true,"href":"https:\/\/www.estrategiaconcursos.com.br\/blog\/wp-json\/wp\/v2\/media\/1090639"}],"wp:attachment":[{"href":"https:\/\/www.estrategiaconcursos.com.br\/blog\/wp-json\/wp\/v2\/media?parent=1733165"}],"wp:term":[{"taxonomy":"category","embeddable":true,"href":"https:\/\/www.estrategiaconcursos.com.br\/blog\/wp-json\/wp\/v2\/categories?post=1733165"},{"taxonomy":"post_tag","embeddable":true,"href":"https:\/\/www.estrategiaconcursos.com.br\/blog\/wp-json\/wp\/v2\/tags?post=1733165"},{"taxonomy":"tax_estado","embeddable":true,"href":"https:\/\/www.estrategiaconcursos.com.br\/blog\/wp-json\/wp\/v2\/tax_estado?post=1733165"}],"curies":[{"name":"wp","href":"https:\/\/api.w.org\/{rel}","templated":true}]}}