{"id":1733128,"date":"2026-03-13T19:02:39","date_gmt":"2026-03-13T22:02:39","guid":{"rendered":"https:\/\/www.estrategiaconcursos.com.br\/blog\/?p=1733128"},"modified":"2026-03-13T21:12:13","modified_gmt":"2026-03-14T00:12:13","slug":"os-concursos-estao-mudando","status":"publish","type":"post","link":"https:\/\/www.estrategiaconcursos.com.br\/blog\/os-concursos-estao-mudando\/","title":{"rendered":"Os concursos est\u00e3o mudando, voc\u00ea percebeu?"},"content":{"rendered":"\n<p>Os concursos est\u00e3o mudando, mas muita gente ainda n\u00e3o se atentou para isso. Desse modo, a percep\u00e7\u00e3o de que os concursos p\u00fablicos vem se tornando progressivamente mais dif\u00edceis nos \u00faltimos anos n\u00e3o se restringe ao discurso informal entre candidatos.<\/p>\n\n\n\n<p>Uma an\u00e1lise comparativa de editais e estruturas de prova revela transforma\u00e7\u00f5es que, do ponto de vista pedag\u00f3gico e cognitivo, ampliam significativamente o grau de exig\u00eancia imposto aos candidatos.<\/p>\n\n\n\n<p>O caso do concurso para <strong>Auditor-Fiscal da Receita Federal do Brasil (RFB)<\/strong> \u00e9 particularmente ilustrativo. A compara\u00e7\u00e3o entre diferentes edi\u00e7\u00f5es do certame permite observar mudan\u00e7as estruturais que dialogam com fen\u00f4menos amplamente discutidos na literatura sobre aprendizagem, avalia\u00e7\u00e3o educacional e desenvolvimento cognitivo. Dito isso, siga o fio!<\/p>\n\n\n\n<h2 class=\"wp-block-heading\" id=\"h-expansao-do-conteudo-programatico-e-aumento-da-carga-cognitiva\">Expans\u00e3o do conte\u00fado program\u00e1tico e aumento da carga cognitiva<\/h2>\n\n\n\n<figure class=\"wp-block-image size-full\"><img loading=\"lazy\" decoding=\"async\" width=\"970\" height=\"528\" src=\"https:\/\/dhg1h5j42swfq.cloudfront.net\/2026\/03\/12231334\/aumento-disciplinas.png\" alt=\"\" class=\"wp-image-1733130\" srcset=\"https:\/\/dhg1h5j42swfq.cloudfront.net\/2026\/03\/12231334\/aumento-disciplinas.png 970w, https:\/\/dhg1h5j42swfq.cloudfront.net\/2026\/03\/12231334\/aumento-disciplinas-300x163.png 300w, https:\/\/dhg1h5j42swfq.cloudfront.net\/2026\/03\/12231334\/aumento-disciplinas-768x418.png 768w, https:\/\/dhg1h5j42swfq.cloudfront.net\/2026\/03\/12231334\/aumento-disciplinas-150x82.png 150w\" sizes=\"auto, (max-width: 970px) 100vw, 970px\" \/><\/figure>\n\n\n\n<p id=\"h-expansao-do-conteudo-programatico-e-aumento-da-carga-cognitiva\">Um dos aspectos mais evidentes na evolu\u00e7\u00e3o dos concursos p\u00fablicos \u00e9 a amplia\u00e7\u00e3o do conte\u00fado program\u00e1tico. No concurso da Receita Federal realizado em <strong>2014<\/strong>, a prova objetiva contemplava <strong>13 disciplinas<\/strong>. J\u00e1 no edital de <strong>2022<\/strong>, esse n\u00famero foi ampliado para <strong>19 disciplinas<\/strong>. Logo isso representa um aumento de aproximadamente <strong>46% no n\u00famero de \u00e1reas cobradas<\/strong>.<\/p>\n\n\n\n<p>Do ponto de vista da <strong>teoria da carga cognitiva<\/strong>, proposta por John Sweller (1988), esse tipo de expans\u00e3o possui implica\u00e7\u00f5es diretas na dificuldade do processo de aprendizagem. Segundo a teoria, a mem\u00f3ria de trabalho humana possui capacidade limitada para processar novas informa\u00e7\u00f5es.<\/p>\n\n\n\n<p>Quanto maior o volume de conte\u00fados distintos a serem assimilados, maior a probabilidade de sobrecarga cognitiva. Logo, isso exige estrat\u00e9gias mais sofisticadas de organiza\u00e7\u00e3o do estudo.<\/p>\n\n\n\n<p id=\"h-expansao-do-conteudo-programatico-e-aumento-da-carga-cognitiva\">Dessa forma, o aumento do n\u00famero de disciplinas n\u00e3o apenas amplia o volume de informa\u00e7\u00e3o. Passa a exigir tamb\u00e9m maior capacidade de <strong>integra\u00e7\u00e3o conceitual e gest\u00e3o estrat\u00e9gica do aprendizado<\/strong> por parte do candidato.<\/p>\n\n\n\n<h2 class=\"wp-block-heading\" id=\"h-transformacoes-no-modelo-de-avaliacao-discursiva\">Transforma\u00e7\u00f5es no modelo de avalia\u00e7\u00e3o discursiva<\/h2>\n\n\n\n<figure class=\"wp-block-image size-full\"><img loading=\"lazy\" decoding=\"async\" width=\"948\" height=\"530\" src=\"https:\/\/dhg1h5j42swfq.cloudfront.net\/2026\/03\/12231614\/mudanca-discursiva.png\" alt=\"\" class=\"wp-image-1733132\" srcset=\"https:\/\/dhg1h5j42swfq.cloudfront.net\/2026\/03\/12231614\/mudanca-discursiva.png 948w, https:\/\/dhg1h5j42swfq.cloudfront.net\/2026\/03\/12231614\/mudanca-discursiva-300x168.png 300w, https:\/\/dhg1h5j42swfq.cloudfront.net\/2026\/03\/12231614\/mudanca-discursiva-768x429.png 768w, https:\/\/dhg1h5j42swfq.cloudfront.net\/2026\/03\/12231614\/mudanca-discursiva-150x84.png 150w\" sizes=\"auto, (max-width: 948px) 100vw, 948px\" \/><\/figure>\n\n\n\n<p id=\"h-expansao-do-conteudo-programatico-e-aumento-da-carga-cognitiva\">Outro elemento relevante que demonstra que os concursos est\u00e3o mudando diz respeito \u00e0 estrutura das provas discursivas. Saiba que,  no edital de <strong>2014<\/strong>, as duas quest\u00f5es discursivas possu\u00edam <strong>temas claramente delimitados<\/strong>: Direito Tribut\u00e1rio e Com\u00e9rcio Internacional \/ Legisla\u00e7\u00e3o Aduaneira.<\/p>\n\n\n\n<p id=\"h-expansao-do-conteudo-programatico-e-aumento-da-carga-cognitiva\">J\u00e1 no concurso de <strong>2022<\/strong>, organizado pela FGV, as quest\u00f5es discursivas passaram a ser cobradas dentro do bloco de <strong>conhecimentos espec\u00edficos de forma mais ampla<\/strong>, sem delimita\u00e7\u00e3o pr\u00e9via de qual disciplina seria abordada.<\/p>\n\n\n\n<p id=\"h-expansao-do-conteudo-programatico-e-aumento-da-carga-cognitiva\">Por consequ\u00eancia, essa mudan\u00e7a altera profundamente o tipo de habilidade exigida. Em vez de mera memoriza\u00e7\u00e3o ou dom\u00ednio pontual de conte\u00fados, o candidato precisa mobilizar <strong>compet\u00eancias anal\u00edticas, argumentativas e interdisciplinares<\/strong>.<\/p>\n\n\n\n<p id=\"h-expansao-do-conteudo-programatico-e-aumento-da-carga-cognitiva\">Em suma, ao exigir respostas discursivas com menor previsibilidade tem\u00e1tica, os concursos passam a privilegiar n\u00edveis cognitivos superiores, <strong>o que contribui para elevar sua dificuldade.<\/strong><\/p>\n\n\n\n<h2 class=\"wp-block-heading\" id=\"h-as-provas-estao-mais-dificeis-e-a-concorrencia-aumentou\">As provas est\u00e3o mais dif\u00edceis e a concorr\u00eancia aumentou<\/h2>\n\n\n\n<p>As provas est\u00e3o ficando mais dif\u00edceis e n\u00e3o \u00e9 por acaso. No concurso mais recente para Auditor-Fiscal da Receita Federal foram registradas <strong>53.517 inscri\u00e7\u00f5es para 230 vagas<\/strong>, resultando em uma rela\u00e7\u00e3o aproximada de <strong>232 candidatos por vaga<\/strong>.<\/p>\n\n\n\n<p>Esse cen\u00e1rio caracteriza o que a literatura em economia da educa\u00e7\u00e3o denomina <strong>processo de sele\u00e7\u00e3o altamente competitivo<\/strong>, no qual pequenas diferen\u00e7as de desempenho podem determinar a aprova\u00e7\u00e3o ou reprova\u00e7\u00e3o.<\/p>\n\n\n\n<p>De acordo com estudos sobre <strong>pr\u00e1tica deliberada e expertise<\/strong> (Ericsson, 2006), ambientes altamente competitivos tendem a elevar o n\u00edvel m\u00e9dio de prepara\u00e7\u00e3o dos participantes. Isso ocorre porque candidatos passam a investir cada vez mais tempo em treinamento intensivo, resolu\u00e7\u00e3o de quest\u00f5es e estrat\u00e9gias avan\u00e7adas de aprendizagem.<\/p>\n\n\n\n<p>Assim, com o passar do tempo esse fen\u00f4meno gera um ciclo de eleva\u00e7\u00e3o do padr\u00e3o m\u00e9dio de desempenho, tornando os concursos progressivamente mais exigentes.<\/p>\n\n\n\n<h2 class=\"wp-block-heading\" id=\"h-tempo-de-preparacao-e-aprofundamento-do-estudo\">Tempo de prepara\u00e7\u00e3o e aprofundamento do estudo<\/h2>\n\n\n\n<figure class=\"wp-block-image size-full\"><img loading=\"lazy\" decoding=\"async\" width=\"926\" height=\"505\" src=\"https:\/\/dhg1h5j42swfq.cloudfront.net\/2026\/03\/12235454\/edital-x-prova.png\" alt=\"\" class=\"wp-image-1733141\" srcset=\"https:\/\/dhg1h5j42swfq.cloudfront.net\/2026\/03\/12235454\/edital-x-prova.png 926w, https:\/\/dhg1h5j42swfq.cloudfront.net\/2026\/03\/12235454\/edital-x-prova-300x164.png 300w, https:\/\/dhg1h5j42swfq.cloudfront.net\/2026\/03\/12235454\/edital-x-prova-768x419.png 768w, https:\/\/dhg1h5j42swfq.cloudfront.net\/2026\/03\/12235454\/edital-x-prova-150x82.png 150w\" sizes=\"auto, (max-width: 926px) 100vw, 926px\" \/><\/figure>\n\n\n\n<p id=\"h-tempo-de-preparacao-e-aprofundamento-do-estudo\">Os concursos est\u00e3o mudando e at\u00e9 mesmo detalhes como as datas de publica\u00e7\u00e3o do edital e das provas diz um pouco sobre isso. Dessa maneira, a compara\u00e7\u00e3o entre concursos tamb\u00e9m revela mudan\u00e7as no intervalo entre a publica\u00e7\u00e3o do edital e a realiza\u00e7\u00e3o das provas. <\/p>\n\n\n\n<p id=\"h-tempo-de-preparacao-e-aprofundamento-do-estudo\">Enquanto o certame de <strong>2014<\/strong> da Receita Federal ofereceu aproximadamente <strong>64 dias de prepara\u00e7\u00e3o<\/strong>, o edital de <strong>2022<\/strong> proporcionou cerca de <strong>107 dias<\/strong>. Logo, tivemos um aumento de <strong>43 dias<\/strong> de prepara\u00e7\u00e3o entre a prova e o edital. <\/p>\n\n\n\n<p>Embora prazos maiores possam parecer vantajosos \u00e0 primeira vista, eles <strong>tamb\u00e9m permitem que candidatos j\u00e1 experientes aprofundem ainda mais sua prepara\u00e7\u00e3o<\/strong>. Assim, o aumento do tempo dispon\u00edvel pode contribuir para elevar o n\u00edvel m\u00e9dio da concorr\u00eancia.<\/p>\n\n\n\n<p id=\"h-tempo-de-preparacao-e-aprofundamento-do-estudo\">Esse fen\u00f4meno est\u00e1 relacionado ao conceito de <strong>efeito cumulativo da pr\u00e1tica<\/strong>, descrito na literatura sobre expertise, segundo o qual longos per\u00edodos de pr\u00e1tica estruturada produzem ganhos substanciais de desempenho (Ericsson, 2006).<\/p>\n\n\n\n<h2 class=\"wp-block-heading\" id=\"h-conclusao\">Conclus\u00e3o<\/h2>\n\n\n\n<p id=\"h-conclusao\">O n\u00edvel dos concursos subiu e \u00e9 natural que isso tenha ocorrido. A an\u00e1lise da evolu\u00e7\u00e3o dos concursos p\u00fablicos revela que o aumento da dificuldade n\u00e3o \u00e9 apenas uma percep\u00e7\u00e3o subjetiva dos candidatos, <strong>mas um fen\u00f4meno associado a transforma\u00e7\u00f5es estruturais nos processos seletivos.<\/strong><\/p>\n\n\n\n<p>Entre os fatores que explicam essa tend\u00eancia destacam-se:<\/p>\n\n\n\n<ul class=\"wp-block-list\">\n<li>expans\u00e3o do conte\u00fado program\u00e1tico;<\/li>\n\n\n\n<li>mudan\u00e7as na estrutura das avalia\u00e7\u00f5es discursivas;<\/li>\n\n\n\n<li>aumento da competitividade entre candidatos;<\/li>\n\n\n\n<li>profissionaliza\u00e7\u00e3o da prepara\u00e7\u00e3o para concursos.<\/li>\n<\/ul>\n\n\n\n<p>\u00c0 luz das ci\u00eancias da aprendizagem, esses elementos indicam que a prepara\u00e7\u00e3o contempor\u00e2nea para concursos exige n\u00e3o apenas dedica\u00e7\u00e3o, mas tamb\u00e9m <strong>estrat\u00e9gias cognitivas sofisticadas de estudo, organiza\u00e7\u00e3o do conhecimento e pr\u00e1tica deliberada<\/strong>.<\/p>\n\n\n\n<p>Mas, se voc\u00ea est\u00e1 perdido ou n\u00e3o sabe quais estrat\u00e9gias utilizar para romper essa nova era, de concursos mais dif\u00edceis, fique tranquilo. O Estrat\u00e9gia est\u00e1 aqui para te ajudar, em especial com a assinatura mais completa do mercado, a Platinum! Aproveite o \u00faltimo lote que vai at\u00e9 18\/03 e <strong>feche o seu pacote com um mega desconto. Clique <a href=\"https:\/\/www.estrategiaconcursos.com.br\/promocoes\/assinaturas-platinum\/\">aqui <\/a>para n\u00e3o perder essa oferta.<\/strong><br \/><br \/>Imagina voc\u00ea receber o seu cronograma de estudo assim, todo organizadinho:<\/p>\n\n\n\n<figure class=\"wp-block-image size-full\"><img loading=\"lazy\" decoding=\"async\" width=\"964\" height=\"548\" src=\"https:\/\/dhg1h5j42swfq.cloudfront.net\/2026\/03\/13211204\/imagem1-1.png\" alt=\"\" class=\"wp-image-1734383\" srcset=\"https:\/\/dhg1h5j42swfq.cloudfront.net\/2026\/03\/13211204\/imagem1-1.png 964w, https:\/\/dhg1h5j42swfq.cloudfront.net\/2026\/03\/13211204\/imagem1-1-300x171.png 300w, https:\/\/dhg1h5j42swfq.cloudfront.net\/2026\/03\/13211204\/imagem1-1-768x437.png 768w, https:\/\/dhg1h5j42swfq.cloudfront.net\/2026\/03\/13211204\/imagem1-1-150x85.png 150w\" sizes=\"auto, (max-width: 964px) 100vw, 964px\" \/><\/figure>\n\n\n\n<p id=\"h-conclusao\">Nesse contexto, compreender os princ\u00edpios cient\u00edficos da aprendizagem torna-se um diferencial relevante para candidatos que desejam competir em certames cada vez mais exigentes.<\/p>\n\n\n\n<h2 class=\"wp-block-heading\" id=\"h-referencias\">Refer\u00eancias<\/h2>\n\n\n\n<ul class=\"wp-block-list\">\n<li>Sweller, J. (1988). Cognitive load during problem solving: Effects on learning. <em>Cognitive Science<\/em>.<\/li>\n\n\n\n<li>Ericsson, K. A. (2006). <em>The Cambridge handbook of expertise and expert performance<\/em>. Cambridge University Press.<\/li>\n<\/ul>\n","protected":false},"excerpt":{"rendered":"<p>Os concursos est\u00e3o mudando, ficando mais dif\u00edceis e muita gente n\u00e3o est\u00e1 percebendo!<\/p>\n","protected":false},"author":3118,"featured_media":1733129,"comment_status":"open","ping_status":"closed","sticky":false,"template":"","format":"standard","meta":{"post_tipo":"article","footnotes":""},"categories":[220215,1,222240,164300,220182,2017,222238,220737],"tags":[542,40,861,48,484],"tax_estado":[],"class_list":["post-1733128","post","type-post","status-publish","format-standard","has-post-thumbnail","hentry","category-agencia-reguladora","category-cursos-e-concursos","category-defensoria-publica-2","category-concurso-diplomacia","category-fiscal-federal","category-concursos-legislativos","category-ministerio-publico","category-tribunais-tribunais","tag-aft","tag-concurso","tag-dicas-de-estudo","tag-edital","tag-receita-federal"],"acf":[],"yoast_head":"<!-- This site is optimized with the Yoast SEO Premium plugin v27.2 (Yoast SEO v27.2) - https:\/\/yoast.com\/product\/yoast-seo-premium-wordpress\/ -->\n<title>Os concursos est\u00e3o mudando, voc\u00ea percebeu?<\/title>\n<meta name=\"description\" content=\"Os concursos est\u00e3o mudando, mas muita gente ainda n\u00e3o percebeu isso. As provas est\u00e3o ficando mais dif\u00edceis e voc\u00ea precisa se adaptar!\" \/>\n<meta name=\"robots\" content=\"index, follow, max-snippet:-1, max-image-preview:large, max-video-preview:-1\" \/>\n<link rel=\"canonical\" href=\"https:\/\/www.estrategiaconcursos.com.br\/blog\/os-concursos-estao-mudando\/\" \/>\n<meta property=\"og:locale\" content=\"pt_BR\" \/>\n<meta property=\"og:type\" content=\"article\" \/>\n<meta property=\"og:title\" content=\"Os concursos est\u00e3o mudando, voc\u00ea percebeu? os-concursos-estao-mudando\" \/>\n<meta property=\"og:description\" content=\"Os concursos est\u00e3o mudando, mas muita gente ainda n\u00e3o percebeu isso. As provas est\u00e3o ficando mais dif\u00edceis e voc\u00ea precisa se adaptar!\" \/>\n<meta property=\"og:url\" content=\"https:\/\/www.estrategiaconcursos.com.br\/blog\/os-concursos-estao-mudando\/\" \/>\n<meta property=\"og:site_name\" content=\"Estrat\u00e9gia Concursos\" \/>\n<meta property=\"article:published_time\" content=\"2026-03-13T22:02:39+00:00\" \/>\n<meta property=\"article:modified_time\" content=\"2026-03-14T00:12:13+00:00\" \/>\n<meta property=\"og:image\" content=\"https:\/\/dhg1h5j42swfq.cloudfront.net\/2026\/03\/12231102\/os-concursos-estao-mudando-1024x683.png\" \/>\n\t<meta property=\"og:image:width\" content=\"1024\" \/>\n\t<meta property=\"og:image:height\" content=\"683\" \/>\n\t<meta property=\"og:image:type\" content=\"image\/png\" \/>\n<meta name=\"author\" content=\"Leonardo Jos\u00e9 da Concei\u00e7\u00e3o Carvalho\" \/>\n<meta name=\"twitter:card\" content=\"summary_large_image\" \/>\n<meta name=\"twitter:title\" content=\"Os concursos est\u00e3o mudando, voc\u00ea percebeu?\" \/>\n<meta name=\"twitter:creator\" content=\"@EstratConcursos\" \/>\n<meta name=\"twitter:site\" content=\"@EstratConcursos\" \/>\n<meta name=\"twitter:label1\" content=\"Escrito por\" \/>\n\t<meta name=\"twitter:data1\" content=\"Leonardo Jos\u00e9 da Concei\u00e7\u00e3o Carvalho\" \/>\n\t<meta name=\"twitter:label2\" content=\"Est. tempo de leitura\" \/>\n\t<meta name=\"twitter:data2\" content=\"5 minutos\" \/>\n<script type=\"application\/ld+json\" class=\"yoast-schema-graph\">{\"@context\":\"https:\/\/schema.org\",\"@graph\":[{\"@type\":\"NewsArticle\",\"@id\":\"https:\/\/www.estrategiaconcursos.com.br\/blog\/os-concursos-estao-mudando\/#article\",\"isPartOf\":{\"@id\":\"https:\/\/www.estrategiaconcursos.com.br\/blog\/os-concursos-estao-mudando\/\"},\"author\":{\"name\":\"Leonardo Jos\u00e9 da Concei\u00e7\u00e3o Carvalho\",\"@id\":\"https:\/\/www.estrategiaconcursos.com.br\/blog\/#\/schema\/person\/e66e87f74921078a4611c3efec4fd69d\"},\"headline\":\"Os concursos est\u00e3o mudando, voc\u00ea percebeu?\",\"datePublished\":\"2026-03-13T22:02:39+00:00\",\"dateModified\":\"2026-03-14T00:12:13+00:00\",\"mainEntityOfPage\":{\"@id\":\"https:\/\/www.estrategiaconcursos.com.br\/blog\/os-concursos-estao-mudando\/\"},\"wordCount\":1060,\"commentCount\":0,\"publisher\":{\"@id\":\"https:\/\/www.estrategiaconcursos.com.br\/blog\/#organization\"},\"image\":{\"@id\":\"https:\/\/www.estrategiaconcursos.com.br\/blog\/os-concursos-estao-mudando\/#primaryimage\"},\"thumbnailUrl\":\"https:\/\/dhg1h5j42swfq.cloudfront.net\/2026\/03\/12231102\/os-concursos-estao-mudando.png\",\"keywords\":[\"AFT\",\"Concurso\",\"dicas de estudo\",\"edital\",\"Receita Federal\"],\"articleSection\":[\"Ag\u00eancia Reguladora\",\"Concursos P\u00fablicos\",\"Defensoria P\u00fablica\",\"Diplomacia (CACD)\",\"Fiscal - Federal (RFB e AFT)\",\"Legislativo\",\"Minist\u00e9rio P\u00fablico\",\"Tribunais\"],\"inLanguage\":\"pt-BR\",\"potentialAction\":[{\"@type\":\"CommentAction\",\"name\":\"Comment\",\"target\":[\"https:\/\/www.estrategiaconcursos.com.br\/blog\/os-concursos-estao-mudando\/#respond\"]}],\"copyrightYear\":\"2026\",\"copyrightHolder\":{\"@id\":\"https:\/\/www.estrategiaconcursos.com.br\/blog\/#organization\"}},{\"@type\":\"WebPage\",\"@id\":\"https:\/\/www.estrategiaconcursos.com.br\/blog\/os-concursos-estao-mudando\/\",\"url\":\"https:\/\/www.estrategiaconcursos.com.br\/blog\/os-concursos-estao-mudando\/\",\"name\":\"Os concursos est\u00e3o mudando, voc\u00ea percebeu?\",\"isPartOf\":{\"@id\":\"https:\/\/www.estrategiaconcursos.com.br\/blog\/#website\"},\"primaryImageOfPage\":{\"@id\":\"https:\/\/www.estrategiaconcursos.com.br\/blog\/os-concursos-estao-mudando\/#primaryimage\"},\"image\":{\"@id\":\"https:\/\/www.estrategiaconcursos.com.br\/blog\/os-concursos-estao-mudando\/#primaryimage\"},\"thumbnailUrl\":\"https:\/\/dhg1h5j42swfq.cloudfront.net\/2026\/03\/12231102\/os-concursos-estao-mudando.png\",\"datePublished\":\"2026-03-13T22:02:39+00:00\",\"dateModified\":\"2026-03-14T00:12:13+00:00\",\"description\":\"Os concursos est\u00e3o mudando, mas muita gente ainda n\u00e3o percebeu isso. As provas est\u00e3o ficando mais dif\u00edceis e voc\u00ea precisa se adaptar!\",\"breadcrumb\":{\"@id\":\"https:\/\/www.estrategiaconcursos.com.br\/blog\/os-concursos-estao-mudando\/#breadcrumb\"},\"inLanguage\":\"pt-BR\",\"potentialAction\":[{\"@type\":\"ReadAction\",\"target\":[\"https:\/\/www.estrategiaconcursos.com.br\/blog\/os-concursos-estao-mudando\/\"]}]},{\"@type\":\"ImageObject\",\"inLanguage\":\"pt-BR\",\"@id\":\"https:\/\/www.estrategiaconcursos.com.br\/blog\/os-concursos-estao-mudando\/#primaryimage\",\"url\":\"https:\/\/dhg1h5j42swfq.cloudfront.net\/2026\/03\/12231102\/os-concursos-estao-mudando.png\",\"contentUrl\":\"https:\/\/dhg1h5j42swfq.cloudfront.net\/2026\/03\/12231102\/os-concursos-estao-mudando.png\",\"width\":1536,\"height\":1024,\"caption\":\"os concursos est\u00e3o mudando\"},{\"@type\":\"BreadcrumbList\",\"@id\":\"https:\/\/www.estrategiaconcursos.com.br\/blog\/os-concursos-estao-mudando\/#breadcrumb\",\"itemListElement\":[{\"@type\":\"ListItem\",\"position\":1,\"name\":\"In\u00edcio\",\"item\":\"https:\/\/www.estrategiaconcursos.com.br\/blog\/\"},{\"@type\":\"ListItem\",\"position\":2,\"name\":\"Os concursos est\u00e3o mudando, voc\u00ea percebeu?\"}]},{\"@type\":\"WebSite\",\"@id\":\"https:\/\/www.estrategiaconcursos.com.br\/blog\/#website\",\"url\":\"https:\/\/www.estrategiaconcursos.com.br\/blog\/\",\"name\":\"Estrat\u00e9gia Concursos\",\"description\":\"O blog da Estrat\u00e9gia Concursos traz not\u00edcias sobre concursos e artigos de professores oferecendo cursos para concursos (pdf + videaulas) no site.\",\"publisher\":{\"@id\":\"https:\/\/www.estrategiaconcursos.com.br\/blog\/#organization\"},\"potentialAction\":[{\"@type\":\"SearchAction\",\"target\":{\"@type\":\"EntryPoint\",\"urlTemplate\":\"https:\/\/www.estrategiaconcursos.com.br\/blog\/?s={search_term_string}\"},\"query-input\":{\"@type\":\"PropertyValueSpecification\",\"valueRequired\":true,\"valueName\":\"search_term_string\"}}],\"inLanguage\":\"pt-BR\"},{\"@type\":\"Organization\",\"@id\":\"https:\/\/www.estrategiaconcursos.com.br\/blog\/#organization\",\"name\":\"Estrat\u00e9gia Concursos\",\"url\":\"https:\/\/www.estrategiaconcursos.com.br\/blog\/\",\"logo\":{\"@type\":\"ImageObject\",\"inLanguage\":\"pt-BR\",\"@id\":\"https:\/\/www.estrategiaconcursos.com.br\/blog\/#\/schema\/logo\/image\/\",\"url\":\"https:\/\/dhg1h5j42swfq.cloudfront.net\/2025\/06\/03203428\/logo_concursos-1.jpg\",\"contentUrl\":\"https:\/\/dhg1h5j42swfq.cloudfront.net\/2025\/06\/03203428\/logo_concursos-1.jpg\",\"width\":230,\"height\":60,\"caption\":\"Estrat\u00e9gia Concursos\"},\"image\":{\"@id\":\"https:\/\/www.estrategiaconcursos.com.br\/blog\/#\/schema\/logo\/image\/\"},\"sameAs\":[\"https:\/\/x.com\/EstratConcursos\"]},{\"@type\":\"Person\",\"@id\":\"https:\/\/www.estrategiaconcursos.com.br\/blog\/#\/schema\/person\/e66e87f74921078a4611c3efec4fd69d\",\"name\":\"Leonardo Jos\u00e9 da Concei\u00e7\u00e3o Carvalho\",\"image\":{\"@type\":\"ImageObject\",\"inLanguage\":\"pt-BR\",\"@id\":\"https:\/\/secure.gravatar.com\/avatar\/ec4f9dbbbc75310de50ddc2c9ca3983fe09bf50a4ea8a90619d7db37960bfef3?s=96&d=mm&r=g\",\"url\":\"https:\/\/secure.gravatar.com\/avatar\/ec4f9dbbbc75310de50ddc2c9ca3983fe09bf50a4ea8a90619d7db37960bfef3?s=96&d=mm&r=g\",\"contentUrl\":\"https:\/\/secure.gravatar.com\/avatar\/ec4f9dbbbc75310de50ddc2c9ca3983fe09bf50a4ea8a90619d7db37960bfef3?s=96&d=mm&r=g\",\"caption\":\"Leonardo Jos\u00e9 da Concei\u00e7\u00e3o Carvalho\"},\"description\":\"Jornalista de forma\u00e7\u00e3o e servidor p\u00fablico federal desde 2010. Colecionei diversas APROVA\u00c7\u00d4ES ao longo desses anos: - Auditor Fiscal do Trabalho (2025), onde atualmente trabalho - Oficial de Intelig\u00eancia da ABIN (2019-2025), onde vivi experi\u00eancias \u00fanicas - T\u00e9cnico Judici\u00e1rio do STM (2013-2018), onde aprendi muito sobre a \u00e1rea meio - Agente Administrativo da AGU (2010-2013), onde comecei minha jornada federal\",\"sameAs\":[\"https:\/\/www.instagram.com\/auditorrasta\/\"],\"url\":\"https:\/\/www.estrategiaconcursos.com.br\/blog\/author\/leonardojosecarvalhogmail-com\/\"}]}<\/script>\n<!-- \/ Yoast SEO Premium plugin. -->","yoast_head_json":{"title":"Os concursos est\u00e3o mudando, voc\u00ea percebeu?","description":"Os concursos est\u00e3o mudando, mas muita gente ainda n\u00e3o percebeu isso. As provas est\u00e3o ficando mais dif\u00edceis e voc\u00ea precisa se adaptar!","robots":{"index":"index","follow":"follow","max-snippet":"max-snippet:-1","max-image-preview":"max-image-preview:large","max-video-preview":"max-video-preview:-1"},"canonical":"https:\/\/www.estrategiaconcursos.com.br\/blog\/os-concursos-estao-mudando\/","og_locale":"pt_BR","og_type":"article","og_title":"Os concursos est\u00e3o mudando, voc\u00ea percebeu? os-concursos-estao-mudando","og_description":"Os concursos est\u00e3o mudando, mas muita gente ainda n\u00e3o percebeu isso. As provas est\u00e3o ficando mais dif\u00edceis e voc\u00ea precisa se adaptar!","og_url":"https:\/\/www.estrategiaconcursos.com.br\/blog\/os-concursos-estao-mudando\/","og_site_name":"Estrat\u00e9gia Concursos","article_published_time":"2026-03-13T22:02:39+00:00","article_modified_time":"2026-03-14T00:12:13+00:00","og_image":[{"width":1024,"height":683,"url":"https:\/\/dhg1h5j42swfq.cloudfront.net\/2026\/03\/12231102\/os-concursos-estao-mudando-1024x683.png","type":"image\/png"}],"author":"Leonardo Jos\u00e9 da Concei\u00e7\u00e3o Carvalho","twitter_card":"summary_large_image","twitter_title":"Os concursos est\u00e3o mudando, voc\u00ea percebeu?","twitter_creator":"@EstratConcursos","twitter_site":"@EstratConcursos","twitter_misc":{"Escrito por":"Leonardo Jos\u00e9 da Concei\u00e7\u00e3o Carvalho","Est. tempo de leitura":"5 minutos"},"schema":{"@context":"https:\/\/schema.org","@graph":[{"@type":"NewsArticle","@id":"https:\/\/www.estrategiaconcursos.com.br\/blog\/os-concursos-estao-mudando\/#article","isPartOf":{"@id":"https:\/\/www.estrategiaconcursos.com.br\/blog\/os-concursos-estao-mudando\/"},"author":{"name":"Leonardo Jos\u00e9 da Concei\u00e7\u00e3o Carvalho","@id":"https:\/\/www.estrategiaconcursos.com.br\/blog\/#\/schema\/person\/e66e87f74921078a4611c3efec4fd69d"},"headline":"Os concursos est\u00e3o mudando, voc\u00ea percebeu?","datePublished":"2026-03-13T22:02:39+00:00","dateModified":"2026-03-14T00:12:13+00:00","mainEntityOfPage":{"@id":"https:\/\/www.estrategiaconcursos.com.br\/blog\/os-concursos-estao-mudando\/"},"wordCount":1060,"commentCount":0,"publisher":{"@id":"https:\/\/www.estrategiaconcursos.com.br\/blog\/#organization"},"image":{"@id":"https:\/\/www.estrategiaconcursos.com.br\/blog\/os-concursos-estao-mudando\/#primaryimage"},"thumbnailUrl":"https:\/\/dhg1h5j42swfq.cloudfront.net\/2026\/03\/12231102\/os-concursos-estao-mudando.png","keywords":["AFT","Concurso","dicas de estudo","edital","Receita Federal"],"articleSection":["Ag\u00eancia Reguladora","Concursos P\u00fablicos","Defensoria P\u00fablica","Diplomacia (CACD)","Fiscal - Federal (RFB e AFT)","Legislativo","Minist\u00e9rio P\u00fablico","Tribunais"],"inLanguage":"pt-BR","potentialAction":[{"@type":"CommentAction","name":"Comment","target":["https:\/\/www.estrategiaconcursos.com.br\/blog\/os-concursos-estao-mudando\/#respond"]}],"copyrightYear":"2026","copyrightHolder":{"@id":"https:\/\/www.estrategiaconcursos.com.br\/blog\/#organization"}},{"@type":"WebPage","@id":"https:\/\/www.estrategiaconcursos.com.br\/blog\/os-concursos-estao-mudando\/","url":"https:\/\/www.estrategiaconcursos.com.br\/blog\/os-concursos-estao-mudando\/","name":"Os concursos est\u00e3o mudando, voc\u00ea percebeu?","isPartOf":{"@id":"https:\/\/www.estrategiaconcursos.com.br\/blog\/#website"},"primaryImageOfPage":{"@id":"https:\/\/www.estrategiaconcursos.com.br\/blog\/os-concursos-estao-mudando\/#primaryimage"},"image":{"@id":"https:\/\/www.estrategiaconcursos.com.br\/blog\/os-concursos-estao-mudando\/#primaryimage"},"thumbnailUrl":"https:\/\/dhg1h5j42swfq.cloudfront.net\/2026\/03\/12231102\/os-concursos-estao-mudando.png","datePublished":"2026-03-13T22:02:39+00:00","dateModified":"2026-03-14T00:12:13+00:00","description":"Os concursos est\u00e3o mudando, mas muita gente ainda n\u00e3o percebeu isso. As provas est\u00e3o ficando mais dif\u00edceis e voc\u00ea precisa se adaptar!","breadcrumb":{"@id":"https:\/\/www.estrategiaconcursos.com.br\/blog\/os-concursos-estao-mudando\/#breadcrumb"},"inLanguage":"pt-BR","potentialAction":[{"@type":"ReadAction","target":["https:\/\/www.estrategiaconcursos.com.br\/blog\/os-concursos-estao-mudando\/"]}]},{"@type":"ImageObject","inLanguage":"pt-BR","@id":"https:\/\/www.estrategiaconcursos.com.br\/blog\/os-concursos-estao-mudando\/#primaryimage","url":"https:\/\/dhg1h5j42swfq.cloudfront.net\/2026\/03\/12231102\/os-concursos-estao-mudando.png","contentUrl":"https:\/\/dhg1h5j42swfq.cloudfront.net\/2026\/03\/12231102\/os-concursos-estao-mudando.png","width":1536,"height":1024,"caption":"os concursos est\u00e3o mudando"},{"@type":"BreadcrumbList","@id":"https:\/\/www.estrategiaconcursos.com.br\/blog\/os-concursos-estao-mudando\/#breadcrumb","itemListElement":[{"@type":"ListItem","position":1,"name":"In\u00edcio","item":"https:\/\/www.estrategiaconcursos.com.br\/blog\/"},{"@type":"ListItem","position":2,"name":"Os concursos est\u00e3o mudando, voc\u00ea percebeu?"}]},{"@type":"WebSite","@id":"https:\/\/www.estrategiaconcursos.com.br\/blog\/#website","url":"https:\/\/www.estrategiaconcursos.com.br\/blog\/","name":"Estrat\u00e9gia Concursos","description":"O blog da Estrat\u00e9gia Concursos traz not\u00edcias sobre concursos e artigos de professores oferecendo cursos para concursos (pdf + videaulas) no site.","publisher":{"@id":"https:\/\/www.estrategiaconcursos.com.br\/blog\/#organization"},"potentialAction":[{"@type":"SearchAction","target":{"@type":"EntryPoint","urlTemplate":"https:\/\/www.estrategiaconcursos.com.br\/blog\/?s={search_term_string}"},"query-input":{"@type":"PropertyValueSpecification","valueRequired":true,"valueName":"search_term_string"}}],"inLanguage":"pt-BR"},{"@type":"Organization","@id":"https:\/\/www.estrategiaconcursos.com.br\/blog\/#organization","name":"Estrat\u00e9gia Concursos","url":"https:\/\/www.estrategiaconcursos.com.br\/blog\/","logo":{"@type":"ImageObject","inLanguage":"pt-BR","@id":"https:\/\/www.estrategiaconcursos.com.br\/blog\/#\/schema\/logo\/image\/","url":"https:\/\/dhg1h5j42swfq.cloudfront.net\/2025\/06\/03203428\/logo_concursos-1.jpg","contentUrl":"https:\/\/dhg1h5j42swfq.cloudfront.net\/2025\/06\/03203428\/logo_concursos-1.jpg","width":230,"height":60,"caption":"Estrat\u00e9gia Concursos"},"image":{"@id":"https:\/\/www.estrategiaconcursos.com.br\/blog\/#\/schema\/logo\/image\/"},"sameAs":["https:\/\/x.com\/EstratConcursos"]},{"@type":"Person","@id":"https:\/\/www.estrategiaconcursos.com.br\/blog\/#\/schema\/person\/e66e87f74921078a4611c3efec4fd69d","name":"Leonardo Jos\u00e9 da Concei\u00e7\u00e3o Carvalho","image":{"@type":"ImageObject","inLanguage":"pt-BR","@id":"https:\/\/secure.gravatar.com\/avatar\/ec4f9dbbbc75310de50ddc2c9ca3983fe09bf50a4ea8a90619d7db37960bfef3?s=96&d=mm&r=g","url":"https:\/\/secure.gravatar.com\/avatar\/ec4f9dbbbc75310de50ddc2c9ca3983fe09bf50a4ea8a90619d7db37960bfef3?s=96&d=mm&r=g","contentUrl":"https:\/\/secure.gravatar.com\/avatar\/ec4f9dbbbc75310de50ddc2c9ca3983fe09bf50a4ea8a90619d7db37960bfef3?s=96&d=mm&r=g","caption":"Leonardo Jos\u00e9 da Concei\u00e7\u00e3o Carvalho"},"description":"Jornalista de forma\u00e7\u00e3o e servidor p\u00fablico federal desde 2010. Colecionei diversas APROVA\u00c7\u00d4ES ao longo desses anos: - Auditor Fiscal do Trabalho (2025), onde atualmente trabalho - Oficial de Intelig\u00eancia da ABIN (2019-2025), onde vivi experi\u00eancias \u00fanicas - T\u00e9cnico Judici\u00e1rio do STM (2013-2018), onde aprendi muito sobre a \u00e1rea meio - Agente Administrativo da AGU (2010-2013), onde comecei minha jornada federal","sameAs":["https:\/\/www.instagram.com\/auditorrasta\/"],"url":"https:\/\/www.estrategiaconcursos.com.br\/blog\/author\/leonardojosecarvalhogmail-com\/"}]}},"_links":{"self":[{"href":"https:\/\/www.estrategiaconcursos.com.br\/blog\/wp-json\/wp\/v2\/posts\/1733128","targetHints":{"allow":["GET"]}}],"collection":[{"href":"https:\/\/www.estrategiaconcursos.com.br\/blog\/wp-json\/wp\/v2\/posts"}],"about":[{"href":"https:\/\/www.estrategiaconcursos.com.br\/blog\/wp-json\/wp\/v2\/types\/post"}],"author":[{"embeddable":true,"href":"https:\/\/www.estrategiaconcursos.com.br\/blog\/wp-json\/wp\/v2\/users\/3118"}],"replies":[{"embeddable":true,"href":"https:\/\/www.estrategiaconcursos.com.br\/blog\/wp-json\/wp\/v2\/comments?post=1733128"}],"version-history":[{"count":14,"href":"https:\/\/www.estrategiaconcursos.com.br\/blog\/wp-json\/wp\/v2\/posts\/1733128\/revisions"}],"predecessor-version":[{"id":1734384,"href":"https:\/\/www.estrategiaconcursos.com.br\/blog\/wp-json\/wp\/v2\/posts\/1733128\/revisions\/1734384"}],"wp:featuredmedia":[{"embeddable":true,"href":"https:\/\/www.estrategiaconcursos.com.br\/blog\/wp-json\/wp\/v2\/media\/1733129"}],"wp:attachment":[{"href":"https:\/\/www.estrategiaconcursos.com.br\/blog\/wp-json\/wp\/v2\/media?parent=1733128"}],"wp:term":[{"taxonomy":"category","embeddable":true,"href":"https:\/\/www.estrategiaconcursos.com.br\/blog\/wp-json\/wp\/v2\/categories?post=1733128"},{"taxonomy":"post_tag","embeddable":true,"href":"https:\/\/www.estrategiaconcursos.com.br\/blog\/wp-json\/wp\/v2\/tags?post=1733128"},{"taxonomy":"tax_estado","embeddable":true,"href":"https:\/\/www.estrategiaconcursos.com.br\/blog\/wp-json\/wp\/v2\/tax_estado?post=1733128"}],"curies":[{"name":"wp","href":"https:\/\/api.w.org\/{rel}","templated":true}]}}