{"id":1733110,"date":"2026-03-16T08:52:00","date_gmt":"2026-03-16T11:52:00","guid":{"rendered":"https:\/\/www.estrategiaconcursos.com.br\/blog\/?p=1733110"},"modified":"2026-03-15T16:05:01","modified_gmt":"2026-03-15T19:05:01","slug":"principio-publicidade","status":"publish","type":"post","link":"https:\/\/www.estrategiaconcursos.com.br\/blog\/principio-publicidade\/","title":{"rendered":"Princ\u00edpio da Publicidade\u00a0"},"content":{"rendered":"\n<p>Hoje vamos&nbsp;estudar&nbsp;o Princ\u00edpio da Publicidade no \u00e2mbito da Administra\u00e7\u00e3o P\u00fablica.&nbsp;<\/p>\n\n\n\n<figure class=\"wp-block-image size-large\"><img loading=\"lazy\" decoding=\"async\" width=\"1024\" height=\"683\" src=\"https:\/\/dhg1h5j42swfq.cloudfront.net\/2026\/03\/13061715\/principio-da-publicidade-1024x683.png\" alt=\"princ\u00edpio da publicidade\" class=\"wp-image-1733163\" srcset=\"https:\/\/dhg1h5j42swfq.cloudfront.net\/2026\/03\/13061715\/principio-da-publicidade-1024x683.png 1024w, https:\/\/dhg1h5j42swfq.cloudfront.net\/2026\/03\/13061715\/principio-da-publicidade-300x200.png 300w, https:\/\/dhg1h5j42swfq.cloudfront.net\/2026\/03\/13061715\/principio-da-publicidade-768x512.png 768w, https:\/\/dhg1h5j42swfq.cloudfront.net\/2026\/03\/13061715\/principio-da-publicidade-150x100.png 150w, https:\/\/dhg1h5j42swfq.cloudfront.net\/2026\/03\/13061715\/principio-da-publicidade.png 1536w\" sizes=\"auto, (max-width: 1024px) 100vw, 1024px\" \/><\/figure>\n\n\n\n<h2 class=\"wp-block-heading\" id=\"h-principio-da-publicidade-nbsp\">Princ\u00edpio da Publicidade&nbsp;<\/h2>\n\n\n\n<p>O princ\u00edpio da publicidade \u00e9 um dos princ\u00edpios expl\u00edcitos aplicados ao Direito Administrativo. Sua import\u00e2ncia se revela ao ser previsto no caput do art. 37 da <a href=\"https:\/\/www.planalto.gov.br\/ccivil_03\/constituicao\/constituicao.htm\">Constitui\u00e7\u00e3o Federal,<\/a> juntamente com os outros princ\u00edpios estruturantes da Administra\u00e7\u00e3o P\u00fablica brasileira, que formam a famosa sigla&nbsp;<em>LIMPE<\/em>:&nbsp;<\/p>\n\n\n\n<p><em>Art. 37. A&nbsp;administra\u00e7\u00e3o p\u00fablica direta e indireta&nbsp;de qualquer dos Poderes da Uni\u00e3o, dos Estados, do Distrito Federal e dos Munic\u00edpios obedecer\u00e1 aos princ\u00edpios de legalidade, impessoalidade,&nbsp;moralidade,&nbsp;<\/em><strong><em>publicidade<\/em><\/strong><em>&nbsp;e efici\u00eancia e, tamb\u00e9m, ao seguinte:\u202f(&#8230;)<\/em>&nbsp;<\/p>\n\n\n\n<p>O princ\u00edpio da publicidade\u00a0imp\u00f5e ao poder p\u00fablico o dever de\u00a0ampla\u00a0divulga\u00e7\u00e3o de seus atos\u00a0e de transpar\u00eancia em sua atua\u00e7\u00e3o.\u00a0\u00a0<\/p>\n\n\n\n<p>O princ\u00edpio da publicidade decorre diretamente dos princ\u00edpios&nbsp;republicano e democr\u00e1tico, uma vez que a&nbsp;publicidade&nbsp;possibilita a o controle social do Estado,&nbsp;consistindo em verdadeira presta\u00e7\u00e3o de contas do Administrador perante o titular da coisa p\u00fablica, a sociedade.&nbsp;<\/p>\n\n\n\n<p>O sigilo ou oculta\u00e7\u00e3o da atividade dos Governantes \u00e9 t\u00edpica dos estados totalit\u00e1rios\/autorit\u00e1rios, em que a obscuridade dos atos Administrativos serve aos interesses particulares dos Administradores e n\u00e3o ao interesse p\u00fablico.&nbsp;<\/p>\n\n\n\n<p>Dessa forma, a transpar\u00eancia \u00e9 a regra, enquanto o sigilo \u00e9 exce\u00e7\u00e3o, somente poss\u00edvel nas hip\u00f3teses previstas na Constitui\u00e7\u00e3o Federal, para garantir o direito \u00e0 inviolabilidade da intimidade e da vida privada (art. 5\u00ba, X, CF) ou para proteger as informa\u00e7\u00f5es indispens\u00e1veis \u00e0 seguran\u00e7a do Estado e da Sociedade (art. 5\u00ba, XXXIII, CF).&nbsp;<\/p>\n\n\n\n<h2 class=\"wp-block-heading\" id=\"h-transparencia-ativa-e-transparencia-passiva-nbsp-nbsp\">Transpar\u00eancia ativa e transpar\u00eancia passiva&nbsp;&nbsp;<\/h2>\n\n\n\n<p>O dever de transpar\u00eancia pode ser dividido em transpar\u00eancia ativa e transpar\u00eancia passiva. A transpar\u00eancia ativa determina a divulga\u00e7\u00e3o de informa\u00e7\u00f5es de interesse p\u00fablico independentemente de qualquer solicita\u00e7\u00e3o, por iniciativa do pr\u00f3prio Poder P\u00fablico.&nbsp;&nbsp;<\/p>\n\n\n\n<p>A transpar\u00eancia passiva determina a divulga\u00e7\u00e3o das informa\u00e7\u00f5es por solicita\u00e7\u00e3o dos administrados independentemente de motiva\u00e7\u00e3o do pedido, desde que n\u00e3o protegidas por sigilo.&nbsp;<\/p>\n\n\n\n<p>A seguir, vamos conhecer algumas normas e institutos que d\u00e3o concretude ao princ\u00edpio da publicidade:&nbsp;<\/p>\n\n\n\n<h3 class=\"wp-block-heading\" id=\"h-publicacao-oficial-nbsp\">Publica\u00e7\u00e3o Oficial&nbsp;<\/h3>\n\n\n\n<p>Um dos principais instrumentos de&nbsp;transpar\u00eancia&nbsp;ativa \u00e9&nbsp;a&nbsp;chamada publica\u00e7\u00e3o oficial. Trata-se&nbsp;da&nbsp;divulga\u00e7\u00e3o, por iniciativa da pr\u00f3pria Administra\u00e7\u00e3o P\u00fablica, dos atos administrativos, normativos e demais informa\u00e7\u00f5es de interesse p\u00fablico em meios oficiais, especialmente nos di\u00e1rios oficiais&nbsp;e nos portais institucionais.&nbsp;<\/p>\n\n\n\n<p>Nos Munic\u00edpios que n\u00e3o possuam di\u00e1rio oficial, admite-se a publica\u00e7\u00e3o em mural oficial ou meio equivalente, como afixa\u00e7\u00e3o em local p\u00fablico na sede da Prefeitura ou da C\u00e2mara Municipal.&nbsp;<\/p>\n\n\n\n<p>A exig\u00eancia de publica\u00e7\u00e3o oficial \u00e9 condi\u00e7\u00e3o de efic\u00e1cia dos atos administrativos&nbsp;gerais&nbsp;ou externos, ou seja,&nbsp;o ato pode at\u00e9 existir e ser v\u00e1lido ap\u00f3s sua edi\u00e7\u00e3o, mas somente produzir\u00e1 efeitos perante terceiros depois de devidamente publicado em \u00f3rg\u00e3o oficial, tornando-se de conhecimento p\u00fablico.&nbsp;&nbsp;<\/p>\n\n\n\n<p>Al\u00e9m de ser&nbsp;requisito para a produ\u00e7\u00e3o de efeitos dos atos&nbsp;administrativos,&nbsp;a publicidade est\u00e1 presente no&nbsp;dever de motiva\u00e7\u00e3o dos atos,&nbsp;j\u00e1 que&nbsp;a motiva\u00e7\u00e3o aliada a publicidade&nbsp;permite&nbsp;o&nbsp;controle da discricionariedade administrativa.&nbsp;<\/p>\n\n\n\n<p>Quanto aos atos&nbsp;administrativos que geram efeitos&nbsp;individuais, por outro lado, pode-se dar publicidade por notifica\u00e7\u00e3o ou outro meio de ci\u00eancia do particular interessado.&nbsp;<\/p>\n\n\n\n<h3 class=\"wp-block-heading\" id=\"h-portais-da-transparencia-nbsp\">Portais da transpar\u00eancia&nbsp;<\/h3>\n\n\n\n<p>Outro importante instrumento de&nbsp;transpar\u00eancia ativa&nbsp;s\u00e3o os portais da transpar\u00eancia. Trata-se&nbsp;de&nbsp;sites oficiais mantidos pelos&nbsp;\u00f3rg\u00e3os&nbsp;e entidades da Administra\u00e7\u00e3o P\u00fablica para&nbsp;a disponibiliza\u00e7\u00e3o de informa\u00e7\u00f5es&nbsp;como&nbsp;a&nbsp;execu\u00e7\u00e3o or\u00e7ament\u00e1ria e financeira,&nbsp;contratos, licita\u00e7\u00f5es, conv\u00eanios, transfer\u00eancias de recursos e remunera\u00e7\u00e3o de agentes p\u00fablicos, permitindo que qualquer cidad\u00e3o acompanhe e fiscalize a atua\u00e7\u00e3o estatal.&nbsp;<\/p>\n\n\n\n<h3 class=\"wp-block-heading\" id=\"h-direito-fundamental-de-acesso-a-informacao-nbsp-nbsp\">Direito fundamental de acesso \u00e0 informa\u00e7\u00e3o&nbsp;&nbsp;<\/h3>\n\n\n\n<p>Quanto \u00e0 transpar\u00eancia passiva, o&nbsp;constituinte previu diversos instrumentos para que os administrados tomem conhecimento das informa\u00e7\u00f5es pessoais&nbsp;ou de informa\u00e7\u00f5es&nbsp;de interesse&nbsp;p\u00fablico, possibilitando a fiscaliza\u00e7\u00e3o e o controle popular.&nbsp;<\/p>\n\n\n\n<p>O direito ao recebimento de informa\u00e7\u00f5es de interesse particular ou de interesse coletivo&nbsp;ou&nbsp;geral est\u00e1 previsto no art. 5\u00ba,&nbsp;inciso XXXIII da Carta Magna, sendo um direito fundamental e&nbsp;cl\u00e1usula p\u00e9trea:&nbsp;<\/p>\n\n\n\n<p><em>Art. 5\u00ba&nbsp;XXXIII &#8211; todos t\u00eam direito a receber dos&nbsp;\u00f3rg\u00e3os&nbsp;p\u00fablicos informa\u00e7\u00f5es de seu interesse particular, ou de interesse coletivo ou geral, que ser\u00e3o prestadas no prazo da lei, sob pena de responsabilidade, ressalvadas aquelas cujo sigilo seja imprescind\u00edvel \u00e0 seguran\u00e7a da sociedade e do Estado;<\/em>&nbsp;<\/p>\n\n\n\n<p>Assim, a Administra\u00e7\u00e3o P\u00fablica tem o dever de fornecer essas informa\u00e7\u00f5es no prazo legal, sendo pass\u00edvel de responsabiliza\u00e7\u00e3o o agente p\u00fablico que, sem justificativa legal, se recusar a prest\u00e1-las.&nbsp;<\/p>\n\n\n\n<p>O pr\u00f3prio texto constitucional, contudo, prev\u00ea uma&nbsp;exce\u00e7\u00e3o, permitindo a restri\u00e7\u00e3o do acesso quando o&nbsp;sigilo for imprescind\u00edvel \u00e0 seguran\u00e7a da sociedade e&nbsp;do Estado. Esse direito foi posteriormente regulamentado pela&nbsp;Lei n\u00ba 12.527\/2011 (Lei de Acesso \u00e0 Informa\u00e7\u00e3o), que disciplina os procedimentos para solicita\u00e7\u00e3o, prazos de resposta e hip\u00f3teses de&nbsp;classifica\u00e7\u00e3o de informa\u00e7\u00f5es sigilosas.&nbsp;<\/p>\n\n\n\n<h3 class=\"wp-block-heading\" id=\"h-direito-de-peticao-nbsp-nbsp\">Direito de peti\u00e7\u00e3o&nbsp;&nbsp;<\/h3>\n\n\n\n<p>O<strong>&nbsp;<\/strong>direito de peti\u00e7\u00e3o&nbsp;\u00e9&nbsp;um direito fundamental previsto no art. 5\u00ba,&nbsp;inciso XXXIV,&nbsp;\u201ca\u201d, da&nbsp;Constitui\u00e7\u00e3o Federal:&nbsp;<\/p>\n\n\n\n<p><em>Art. 5\u00ba&nbsp;XXXIV &#8211; s\u00e3o a todos assegurados, independentemente do pagamento de taxas:&nbsp;a) o direito de peti\u00e7\u00e3o aos Poderes P\u00fablicos em defesa de direitos ou contra ilegalidade ou abuso de poder;<\/em>&nbsp;<\/p>\n\n\n\n<p>Esse direito permite que o cidad\u00e3o provoque a atua\u00e7\u00e3o da Administra\u00e7\u00e3o P\u00fablica&nbsp;para formular pedidos, reclama\u00e7\u00f5es ou den\u00fancias em defesa de direitos ou contra ilegalidades ou abusos de poder, independentemente do pagamento de taxas.&nbsp;<\/p>\n\n\n\n<h3 class=\"wp-block-heading\" id=\"h-direito-de-certidao-nbsp\">Direito de certid\u00e3o&nbsp;<\/h3>\n\n\n\n<p>O direito de certid\u00e3o est\u00e1 previsto no art. 5\u00ba,&nbsp;inciso XXXIV, \u201cb\u201d, da Constitui\u00e7\u00e3o Federal:&nbsp;<\/p>\n\n\n\n<p><em>Art. 5\u00ba&nbsp;XXXIV &#8211; s\u00e3o a todos assegurados, independentemente do pagamento de taxas:&nbsp;(&#8230;)&nbsp;b) a obten\u00e7\u00e3o de certid\u00f5es em reparti\u00e7\u00f5es p\u00fablicas, para defesa de direitos e esclarecimento de situa\u00e7\u00f5es de&nbsp;<\/em><em>interesse pessoal<\/em><em>;<\/em>&nbsp;<\/p>\n\n\n\n<p>Trata-se&nbsp;do direito assegurado a qualquer pessoa de obter certid\u00f5es em reparti\u00e7\u00f5es p\u00fablicas para a defesa de direitos ou para esclarecimento de situa\u00e7\u00f5es de interesse pessoal, independentemente do pagamento de taxas.&nbsp;Por meio desse direito, o indiv\u00edduo pode solicitar&nbsp;documentos ou declara\u00e7\u00f5es oficiais que comprovem determinada situa\u00e7\u00e3o constante dos registros da Administra\u00e7\u00e3o P\u00fablica.&nbsp;<\/p>\n\n\n\n<h3 class=\"wp-block-heading\" id=\"h-habeas-data-nbsp\">Habeas Data&nbsp;<\/h3>\n\n\n\n<p>O&nbsp;habeas data&nbsp;\u00e9 um rem\u00e9dio constitucional previsto no art. 5\u00ba,&nbsp;inciso LXXII, da Constitui\u00e7\u00e3o Federal e regulamentado&nbsp;pela&nbsp;Lei n\u00ba 9.507\/1997:&nbsp;<\/p>\n\n\n\n<p><em>Art. 5\u00ba LXXII &#8211; conceder-se-\u00e1 &#8220;habeas-data&#8221;:<\/em>&nbsp;<\/p>\n\n\n\n<p><em>a) para assegurar o conhecimento de informa\u00e7\u00f5es relativas \u00e0 pessoa do impetrante, constantes de registros ou bancos de dados de entidades governamentais ou de car\u00e1ter p\u00fablico;<\/em>&nbsp;<\/p>\n\n\n\n<p><em>b) para a retifica\u00e7\u00e3o de dados, quando n\u00e3o se prefira faz\u00ea-lo por processo sigiloso, judicial ou administrativo;<\/em>&nbsp;<\/p>\n\n\n\n<p>Trata-se de uma&nbsp;a\u00e7\u00e3o judicial destinada a assegurar ao indiv\u00edduo o conhecimento de informa\u00e7\u00f5es relativas \u00e0 sua pessoa constantes de registros ou bancos de dados de entidades governamentais ou de car\u00e1ter p\u00fablico, bem como&nbsp;a retifica\u00e7\u00e3o desses dados quando estiverem incorretos.&nbsp;<\/p>\n\n\n\n<p>Assim, o habeas data protege o direito \u00e0 informa\u00e7\u00e3o pessoal e \u00e0 autodetermina\u00e7\u00e3o informativa, permitindo que o indiv\u00edduo&nbsp;acesse, complemente ou corrija dados sobre si mesmo&nbsp;mantidos pelo poder p\u00fablico ou por bancos de dados p\u00fablicos.&nbsp;<\/p>\n\n\n\n<p>Segundo a jurisprud\u00eancia do STF e do STJ,&nbsp;sendo negado o direito \u00e0 obten\u00e7\u00e3o de certid\u00f5es para defesa ou esclarecimento de situa\u00e7\u00f5es de interesses pessoais (art. 5\u00ba, XXXIV, \u201cb\u201d, CF), o rem\u00e9dio para corrigir tal ilegalidade n\u00e3o ser\u00e1 o habeas data, mas o mandado de seguran\u00e7a, vez que a obten\u00e7\u00e3o de certid\u00f5es \u00e9 direito l\u00edquido e certo garantido pela Constitui\u00e7\u00e3o.&nbsp;<\/p>\n\n\n\n<h2 class=\"wp-block-heading has-text-align-center\" id=\"h-quer-saber-tudo-sobre-concursos-previstos-confira-nossos-artigos\">Quer saber tudo sobre concursos previstos?<br \/>Confira nossos artigos<\/h2>\n\n\n\n<p class=\"has-text-align-center has-black-color has-pale-cyan-blue-background-color has-text-color has-background\"><a href=\"https:\/\/www.estrategiaconcursos.com.br\/blog\/concursos-abertos\/\" target=\"_blank\" rel=\"noreferrer noopener\">Concursos abertos<\/a><\/p>\n\n\n\n<p class=\"has-text-align-center has-pale-cyan-blue-background-color has-background\"><a href=\"https:\/\/www.estrategiaconcursos.com.br\/blog\/concursos-2026\/\">Concursos 2026<\/a><\/p>\n\n\n\n<p class=\"has-text-align-center\"><em>Princ\u00edpio da Publicidade<\/em><\/p>\n","protected":false},"excerpt":{"rendered":"<p>Hoje vamos&nbsp;estudar&nbsp;o Princ\u00edpio da Publicidade no \u00e2mbito da Administra\u00e7\u00e3o P\u00fablica.&nbsp; Princ\u00edpio da Publicidade&nbsp; O princ\u00edpio da publicidade \u00e9 um dos princ\u00edpios expl\u00edcitos aplicados ao Direito Administrativo. Sua import\u00e2ncia se revela ao ser previsto no caput do art. 37 da Constitui\u00e7\u00e3o Federal, juntamente com os outros princ\u00edpios estruturantes da Administra\u00e7\u00e3o P\u00fablica brasileira, que formam a famosa [&hellip;]<\/p>\n","protected":false},"author":1666,"featured_media":1733163,"comment_status":"open","ping_status":"closed","sticky":false,"template":"","format":"standard","meta":{"post_tipo":"article","footnotes":""},"categories":[1],"tags":[],"tax_estado":[],"class_list":["post-1733110","post","type-post","status-publish","format-standard","has-post-thumbnail","hentry","category-cursos-e-concursos"],"acf":[],"yoast_head":"<!-- This site is optimized with the Yoast SEO Premium plugin v27.2 (Yoast SEO v27.2) - https:\/\/yoast.com\/product\/yoast-seo-premium-wordpress\/ -->\n<title>Princ\u00edpio da PublicidadePrinc\u00edpio da Publicidade\u00a0<\/title>\n<meta name=\"description\" content=\"Hoje vamos\u00a0estudar\u00a0o Princ\u00edpio da Publicidade no \u00e2mbito da Administra\u00e7\u00e3o P\u00fablica e os instrumentos que garantem sua efetiva\u00e7\u00e3o.\" \/>\n<meta name=\"robots\" content=\"index, follow, max-snippet:-1, max-image-preview:large, max-video-preview:-1\" \/>\n<link rel=\"canonical\" href=\"https:\/\/www.estrategiaconcursos.com.br\/blog\/principio-publicidade\/\" \/>\n<meta property=\"og:locale\" content=\"pt_BR\" \/>\n<meta property=\"og:type\" content=\"article\" \/>\n<meta property=\"og:title\" content=\"Princ\u00edpio da Publicidade\u00a0\" \/>\n<meta property=\"og:description\" content=\"Hoje vamos\u00a0estudar\u00a0o Princ\u00edpio da Publicidade no \u00e2mbito da Administra\u00e7\u00e3o P\u00fablica e os instrumentos que garantem sua efetiva\u00e7\u00e3o.\" \/>\n<meta property=\"og:url\" content=\"https:\/\/www.estrategiaconcursos.com.br\/blog\/principio-publicidade\/\" \/>\n<meta property=\"og:site_name\" content=\"Estrat\u00e9gia Concursos\" \/>\n<meta property=\"article:published_time\" content=\"2026-03-16T11:52:00+00:00\" \/>\n<meta property=\"og:image\" content=\"https:\/\/dhg1h5j42swfq.cloudfront.net\/2026\/03\/13061715\/principio-da-publicidade-1024x683.png\" \/>\n\t<meta property=\"og:image:width\" content=\"1024\" \/>\n\t<meta property=\"og:image:height\" content=\"683\" \/>\n\t<meta property=\"og:image:type\" content=\"image\/png\" \/>\n<meta name=\"author\" content=\"Ana Luiza Tib\u00farcio Guimar\u00e3es\" \/>\n<meta name=\"twitter:card\" content=\"summary_large_image\" \/>\n<meta name=\"twitter:creator\" content=\"@EstratConcursos\" \/>\n<meta name=\"twitter:site\" content=\"@EstratConcursos\" \/>\n<meta name=\"twitter:label1\" content=\"Escrito por\" \/>\n\t<meta name=\"twitter:data1\" content=\"Ana Luiza Tib\u00farcio Guimar\u00e3es\" \/>\n\t<meta name=\"twitter:label2\" content=\"Est. tempo de leitura\" \/>\n\t<meta name=\"twitter:data2\" content=\"7 minutos\" \/>\n<script type=\"application\/ld+json\" class=\"yoast-schema-graph\">{\"@context\":\"https:\/\/schema.org\",\"@graph\":[{\"@type\":\"NewsArticle\",\"@id\":\"https:\/\/www.estrategiaconcursos.com.br\/blog\/principio-publicidade\/#article\",\"isPartOf\":{\"@id\":\"https:\/\/www.estrategiaconcursos.com.br\/blog\/principio-publicidade\/\"},\"author\":{\"name\":\"Ana Luiza Tib\u00farcio Guimar\u00e3es\",\"@id\":\"https:\/\/www.estrategiaconcursos.com.br\/blog\/#\/schema\/person\/adbd974f815a3acb9e572fdf7315d7c2\"},\"headline\":\"Princ\u00edpio da Publicidade\u00a0\",\"datePublished\":\"2026-03-16T11:52:00+00:00\",\"mainEntityOfPage\":{\"@id\":\"https:\/\/www.estrategiaconcursos.com.br\/blog\/principio-publicidade\/\"},\"wordCount\":1478,\"commentCount\":0,\"publisher\":{\"@id\":\"https:\/\/www.estrategiaconcursos.com.br\/blog\/#organization\"},\"image\":{\"@id\":\"https:\/\/www.estrategiaconcursos.com.br\/blog\/principio-publicidade\/#primaryimage\"},\"thumbnailUrl\":\"https:\/\/dhg1h5j42swfq.cloudfront.net\/2026\/03\/13061715\/principio-da-publicidade.png\",\"articleSection\":[\"Concursos P\u00fablicos\"],\"inLanguage\":\"pt-BR\",\"potentialAction\":[{\"@type\":\"CommentAction\",\"name\":\"Comment\",\"target\":[\"https:\/\/www.estrategiaconcursos.com.br\/blog\/principio-publicidade\/#respond\"]}],\"copyrightYear\":\"2026\",\"copyrightHolder\":{\"@id\":\"https:\/\/www.estrategiaconcursos.com.br\/blog\/#organization\"}},{\"@type\":\"WebPage\",\"@id\":\"https:\/\/www.estrategiaconcursos.com.br\/blog\/principio-publicidade\/\",\"url\":\"https:\/\/www.estrategiaconcursos.com.br\/blog\/principio-publicidade\/\",\"name\":\"Princ\u00edpio da PublicidadePrinc\u00edpio da Publicidade\u00a0\",\"isPartOf\":{\"@id\":\"https:\/\/www.estrategiaconcursos.com.br\/blog\/#website\"},\"primaryImageOfPage\":{\"@id\":\"https:\/\/www.estrategiaconcursos.com.br\/blog\/principio-publicidade\/#primaryimage\"},\"image\":{\"@id\":\"https:\/\/www.estrategiaconcursos.com.br\/blog\/principio-publicidade\/#primaryimage\"},\"thumbnailUrl\":\"https:\/\/dhg1h5j42swfq.cloudfront.net\/2026\/03\/13061715\/principio-da-publicidade.png\",\"datePublished\":\"2026-03-16T11:52:00+00:00\",\"description\":\"Hoje vamos\u00a0estudar\u00a0o Princ\u00edpio da Publicidade no \u00e2mbito da Administra\u00e7\u00e3o P\u00fablica e os instrumentos que garantem sua efetiva\u00e7\u00e3o.\",\"breadcrumb\":{\"@id\":\"https:\/\/www.estrategiaconcursos.com.br\/blog\/principio-publicidade\/#breadcrumb\"},\"inLanguage\":\"pt-BR\",\"potentialAction\":[{\"@type\":\"ReadAction\",\"target\":[\"https:\/\/www.estrategiaconcursos.com.br\/blog\/principio-publicidade\/\"]}]},{\"@type\":\"ImageObject\",\"inLanguage\":\"pt-BR\",\"@id\":\"https:\/\/www.estrategiaconcursos.com.br\/blog\/principio-publicidade\/#primaryimage\",\"url\":\"https:\/\/dhg1h5j42swfq.cloudfront.net\/2026\/03\/13061715\/principio-da-publicidade.png\",\"contentUrl\":\"https:\/\/dhg1h5j42swfq.cloudfront.net\/2026\/03\/13061715\/principio-da-publicidade.png\",\"width\":1536,\"height\":1024,\"caption\":\"princ\u00edpio da publicidade\"},{\"@type\":\"BreadcrumbList\",\"@id\":\"https:\/\/www.estrategiaconcursos.com.br\/blog\/principio-publicidade\/#breadcrumb\",\"itemListElement\":[{\"@type\":\"ListItem\",\"position\":1,\"name\":\"In\u00edcio\",\"item\":\"https:\/\/www.estrategiaconcursos.com.br\/blog\/\"},{\"@type\":\"ListItem\",\"position\":2,\"name\":\"Princ\u00edpio da Publicidade\u00a0\"}]},{\"@type\":\"WebSite\",\"@id\":\"https:\/\/www.estrategiaconcursos.com.br\/blog\/#website\",\"url\":\"https:\/\/www.estrategiaconcursos.com.br\/blog\/\",\"name\":\"Estrat\u00e9gia Concursos\",\"description\":\"O blog da Estrat\u00e9gia Concursos traz not\u00edcias sobre concursos e artigos de professores oferecendo cursos para concursos (pdf + videaulas) no site.\",\"publisher\":{\"@id\":\"https:\/\/www.estrategiaconcursos.com.br\/blog\/#organization\"},\"potentialAction\":[{\"@type\":\"SearchAction\",\"target\":{\"@type\":\"EntryPoint\",\"urlTemplate\":\"https:\/\/www.estrategiaconcursos.com.br\/blog\/?s={search_term_string}\"},\"query-input\":{\"@type\":\"PropertyValueSpecification\",\"valueRequired\":true,\"valueName\":\"search_term_string\"}}],\"inLanguage\":\"pt-BR\"},{\"@type\":\"Organization\",\"@id\":\"https:\/\/www.estrategiaconcursos.com.br\/blog\/#organization\",\"name\":\"Estrat\u00e9gia Concursos\",\"url\":\"https:\/\/www.estrategiaconcursos.com.br\/blog\/\",\"logo\":{\"@type\":\"ImageObject\",\"inLanguage\":\"pt-BR\",\"@id\":\"https:\/\/www.estrategiaconcursos.com.br\/blog\/#\/schema\/logo\/image\/\",\"url\":\"https:\/\/dhg1h5j42swfq.cloudfront.net\/2025\/06\/03203428\/logo_concursos-1.jpg\",\"contentUrl\":\"https:\/\/dhg1h5j42swfq.cloudfront.net\/2025\/06\/03203428\/logo_concursos-1.jpg\",\"width\":230,\"height\":60,\"caption\":\"Estrat\u00e9gia Concursos\"},\"image\":{\"@id\":\"https:\/\/www.estrategiaconcursos.com.br\/blog\/#\/schema\/logo\/image\/\"},\"sameAs\":[\"https:\/\/x.com\/EstratConcursos\"]},{\"@type\":\"Person\",\"@id\":\"https:\/\/www.estrategiaconcursos.com.br\/blog\/#\/schema\/person\/adbd974f815a3acb9e572fdf7315d7c2\",\"name\":\"Ana Luiza Tib\u00farcio Guimar\u00e3es\",\"image\":{\"@type\":\"ImageObject\",\"inLanguage\":\"pt-BR\",\"@id\":\"https:\/\/secure.gravatar.com\/avatar\/d0e9fa767d159d6bdb59324855854ef2672e0774dce8705b1c42c80a5b4de7b8?s=96&d=mm&r=g\",\"url\":\"https:\/\/secure.gravatar.com\/avatar\/d0e9fa767d159d6bdb59324855854ef2672e0774dce8705b1c42c80a5b4de7b8?s=96&d=mm&r=g\",\"contentUrl\":\"https:\/\/secure.gravatar.com\/avatar\/d0e9fa767d159d6bdb59324855854ef2672e0774dce8705b1c42c80a5b4de7b8?s=96&d=mm&r=g\",\"caption\":\"Ana Luiza Tib\u00farcio Guimar\u00e3es\"},\"description\":\"Graduada em Direito pela Pontif\u00edcia Universidade Cat\u00f3lica de Minas Gerais e graduada em Ci\u00eancias do Estado pela Universidade Federal de Minas Gerais. P\u00f3s Graduada em Direito P\u00fablico pela PUC Minas. Gradua\u00e7\u00e3o em Gest\u00e3o P\u00fablica e P\u00f3s Gradua\u00e7\u00e3o em Ci\u00eancia Pol\u00edtica em andamento. Analista de Processo Legislativo do Senado Federal, lotada na Secretaria Legislativa do Senado. Aprova\u00e7\u00f5es em concursos: Aprovada para o cargo de Analista Judici\u00e1ria do TRF 3 (2025) Aprovada para o cargo de Procuradora do Munic\u00edpio de S\u00e3o Paulo (2024) Aprovada para o cargo de Analista Legislativa do Senado Federal (2023) Aprovada em 1\u00ba lugar para o cargo de T\u00e9cnico Judici\u00e1rio do TRF 3 (2019) Aprovada para o cargo de Juiz Leigo do Tribunal de Justi\u00e7a de Minas Gerais (2019).\",\"url\":\"https:\/\/www.estrategiaconcursos.com.br\/blog\/author\/anatiburcio-ggmail-com\/\"}]}<\/script>\n<!-- \/ Yoast SEO Premium plugin. -->","yoast_head_json":{"title":"Princ\u00edpio da PublicidadePrinc\u00edpio da Publicidade\u00a0","description":"Hoje vamos\u00a0estudar\u00a0o Princ\u00edpio da Publicidade no \u00e2mbito da Administra\u00e7\u00e3o P\u00fablica e os instrumentos que garantem sua efetiva\u00e7\u00e3o.","robots":{"index":"index","follow":"follow","max-snippet":"max-snippet:-1","max-image-preview":"max-image-preview:large","max-video-preview":"max-video-preview:-1"},"canonical":"https:\/\/www.estrategiaconcursos.com.br\/blog\/principio-publicidade\/","og_locale":"pt_BR","og_type":"article","og_title":"Princ\u00edpio da Publicidade\u00a0","og_description":"Hoje vamos\u00a0estudar\u00a0o Princ\u00edpio da Publicidade no \u00e2mbito da Administra\u00e7\u00e3o P\u00fablica e os instrumentos que garantem sua efetiva\u00e7\u00e3o.","og_url":"https:\/\/www.estrategiaconcursos.com.br\/blog\/principio-publicidade\/","og_site_name":"Estrat\u00e9gia Concursos","article_published_time":"2026-03-16T11:52:00+00:00","og_image":[{"width":1024,"height":683,"url":"https:\/\/dhg1h5j42swfq.cloudfront.net\/2026\/03\/13061715\/principio-da-publicidade-1024x683.png","type":"image\/png"}],"author":"Ana Luiza Tib\u00farcio Guimar\u00e3es","twitter_card":"summary_large_image","twitter_creator":"@EstratConcursos","twitter_site":"@EstratConcursos","twitter_misc":{"Escrito por":"Ana Luiza Tib\u00farcio Guimar\u00e3es","Est. tempo de leitura":"7 minutos"},"schema":{"@context":"https:\/\/schema.org","@graph":[{"@type":"NewsArticle","@id":"https:\/\/www.estrategiaconcursos.com.br\/blog\/principio-publicidade\/#article","isPartOf":{"@id":"https:\/\/www.estrategiaconcursos.com.br\/blog\/principio-publicidade\/"},"author":{"name":"Ana Luiza Tib\u00farcio Guimar\u00e3es","@id":"https:\/\/www.estrategiaconcursos.com.br\/blog\/#\/schema\/person\/adbd974f815a3acb9e572fdf7315d7c2"},"headline":"Princ\u00edpio da Publicidade\u00a0","datePublished":"2026-03-16T11:52:00+00:00","mainEntityOfPage":{"@id":"https:\/\/www.estrategiaconcursos.com.br\/blog\/principio-publicidade\/"},"wordCount":1478,"commentCount":0,"publisher":{"@id":"https:\/\/www.estrategiaconcursos.com.br\/blog\/#organization"},"image":{"@id":"https:\/\/www.estrategiaconcursos.com.br\/blog\/principio-publicidade\/#primaryimage"},"thumbnailUrl":"https:\/\/dhg1h5j42swfq.cloudfront.net\/2026\/03\/13061715\/principio-da-publicidade.png","articleSection":["Concursos P\u00fablicos"],"inLanguage":"pt-BR","potentialAction":[{"@type":"CommentAction","name":"Comment","target":["https:\/\/www.estrategiaconcursos.com.br\/blog\/principio-publicidade\/#respond"]}],"copyrightYear":"2026","copyrightHolder":{"@id":"https:\/\/www.estrategiaconcursos.com.br\/blog\/#organization"}},{"@type":"WebPage","@id":"https:\/\/www.estrategiaconcursos.com.br\/blog\/principio-publicidade\/","url":"https:\/\/www.estrategiaconcursos.com.br\/blog\/principio-publicidade\/","name":"Princ\u00edpio da PublicidadePrinc\u00edpio da Publicidade\u00a0","isPartOf":{"@id":"https:\/\/www.estrategiaconcursos.com.br\/blog\/#website"},"primaryImageOfPage":{"@id":"https:\/\/www.estrategiaconcursos.com.br\/blog\/principio-publicidade\/#primaryimage"},"image":{"@id":"https:\/\/www.estrategiaconcursos.com.br\/blog\/principio-publicidade\/#primaryimage"},"thumbnailUrl":"https:\/\/dhg1h5j42swfq.cloudfront.net\/2026\/03\/13061715\/principio-da-publicidade.png","datePublished":"2026-03-16T11:52:00+00:00","description":"Hoje vamos\u00a0estudar\u00a0o Princ\u00edpio da Publicidade no \u00e2mbito da Administra\u00e7\u00e3o P\u00fablica e os instrumentos que garantem sua efetiva\u00e7\u00e3o.","breadcrumb":{"@id":"https:\/\/www.estrategiaconcursos.com.br\/blog\/principio-publicidade\/#breadcrumb"},"inLanguage":"pt-BR","potentialAction":[{"@type":"ReadAction","target":["https:\/\/www.estrategiaconcursos.com.br\/blog\/principio-publicidade\/"]}]},{"@type":"ImageObject","inLanguage":"pt-BR","@id":"https:\/\/www.estrategiaconcursos.com.br\/blog\/principio-publicidade\/#primaryimage","url":"https:\/\/dhg1h5j42swfq.cloudfront.net\/2026\/03\/13061715\/principio-da-publicidade.png","contentUrl":"https:\/\/dhg1h5j42swfq.cloudfront.net\/2026\/03\/13061715\/principio-da-publicidade.png","width":1536,"height":1024,"caption":"princ\u00edpio da publicidade"},{"@type":"BreadcrumbList","@id":"https:\/\/www.estrategiaconcursos.com.br\/blog\/principio-publicidade\/#breadcrumb","itemListElement":[{"@type":"ListItem","position":1,"name":"In\u00edcio","item":"https:\/\/www.estrategiaconcursos.com.br\/blog\/"},{"@type":"ListItem","position":2,"name":"Princ\u00edpio da Publicidade\u00a0"}]},{"@type":"WebSite","@id":"https:\/\/www.estrategiaconcursos.com.br\/blog\/#website","url":"https:\/\/www.estrategiaconcursos.com.br\/blog\/","name":"Estrat\u00e9gia Concursos","description":"O blog da Estrat\u00e9gia Concursos traz not\u00edcias sobre concursos e artigos de professores oferecendo cursos para concursos (pdf + videaulas) no site.","publisher":{"@id":"https:\/\/www.estrategiaconcursos.com.br\/blog\/#organization"},"potentialAction":[{"@type":"SearchAction","target":{"@type":"EntryPoint","urlTemplate":"https:\/\/www.estrategiaconcursos.com.br\/blog\/?s={search_term_string}"},"query-input":{"@type":"PropertyValueSpecification","valueRequired":true,"valueName":"search_term_string"}}],"inLanguage":"pt-BR"},{"@type":"Organization","@id":"https:\/\/www.estrategiaconcursos.com.br\/blog\/#organization","name":"Estrat\u00e9gia Concursos","url":"https:\/\/www.estrategiaconcursos.com.br\/blog\/","logo":{"@type":"ImageObject","inLanguage":"pt-BR","@id":"https:\/\/www.estrategiaconcursos.com.br\/blog\/#\/schema\/logo\/image\/","url":"https:\/\/dhg1h5j42swfq.cloudfront.net\/2025\/06\/03203428\/logo_concursos-1.jpg","contentUrl":"https:\/\/dhg1h5j42swfq.cloudfront.net\/2025\/06\/03203428\/logo_concursos-1.jpg","width":230,"height":60,"caption":"Estrat\u00e9gia Concursos"},"image":{"@id":"https:\/\/www.estrategiaconcursos.com.br\/blog\/#\/schema\/logo\/image\/"},"sameAs":["https:\/\/x.com\/EstratConcursos"]},{"@type":"Person","@id":"https:\/\/www.estrategiaconcursos.com.br\/blog\/#\/schema\/person\/adbd974f815a3acb9e572fdf7315d7c2","name":"Ana Luiza Tib\u00farcio Guimar\u00e3es","image":{"@type":"ImageObject","inLanguage":"pt-BR","@id":"https:\/\/secure.gravatar.com\/avatar\/d0e9fa767d159d6bdb59324855854ef2672e0774dce8705b1c42c80a5b4de7b8?s=96&d=mm&r=g","url":"https:\/\/secure.gravatar.com\/avatar\/d0e9fa767d159d6bdb59324855854ef2672e0774dce8705b1c42c80a5b4de7b8?s=96&d=mm&r=g","contentUrl":"https:\/\/secure.gravatar.com\/avatar\/d0e9fa767d159d6bdb59324855854ef2672e0774dce8705b1c42c80a5b4de7b8?s=96&d=mm&r=g","caption":"Ana Luiza Tib\u00farcio Guimar\u00e3es"},"description":"Graduada em Direito pela Pontif\u00edcia Universidade Cat\u00f3lica de Minas Gerais e graduada em Ci\u00eancias do Estado pela Universidade Federal de Minas Gerais. P\u00f3s Graduada em Direito P\u00fablico pela PUC Minas. Gradua\u00e7\u00e3o em Gest\u00e3o P\u00fablica e P\u00f3s Gradua\u00e7\u00e3o em Ci\u00eancia Pol\u00edtica em andamento. Analista de Processo Legislativo do Senado Federal, lotada na Secretaria Legislativa do Senado. Aprova\u00e7\u00f5es em concursos: Aprovada para o cargo de Analista Judici\u00e1ria do TRF 3 (2025) Aprovada para o cargo de Procuradora do Munic\u00edpio de S\u00e3o Paulo (2024) Aprovada para o cargo de Analista Legislativa do Senado Federal (2023) Aprovada em 1\u00ba lugar para o cargo de T\u00e9cnico Judici\u00e1rio do TRF 3 (2019) Aprovada para o cargo de Juiz Leigo do Tribunal de Justi\u00e7a de Minas Gerais (2019).","url":"https:\/\/www.estrategiaconcursos.com.br\/blog\/author\/anatiburcio-ggmail-com\/"}]}},"_links":{"self":[{"href":"https:\/\/www.estrategiaconcursos.com.br\/blog\/wp-json\/wp\/v2\/posts\/1733110","targetHints":{"allow":["GET"]}}],"collection":[{"href":"https:\/\/www.estrategiaconcursos.com.br\/blog\/wp-json\/wp\/v2\/posts"}],"about":[{"href":"https:\/\/www.estrategiaconcursos.com.br\/blog\/wp-json\/wp\/v2\/types\/post"}],"author":[{"embeddable":true,"href":"https:\/\/www.estrategiaconcursos.com.br\/blog\/wp-json\/wp\/v2\/users\/1666"}],"replies":[{"embeddable":true,"href":"https:\/\/www.estrategiaconcursos.com.br\/blog\/wp-json\/wp\/v2\/comments?post=1733110"}],"version-history":[{"count":2,"href":"https:\/\/www.estrategiaconcursos.com.br\/blog\/wp-json\/wp\/v2\/posts\/1733110\/revisions"}],"predecessor-version":[{"id":1733164,"href":"https:\/\/www.estrategiaconcursos.com.br\/blog\/wp-json\/wp\/v2\/posts\/1733110\/revisions\/1733164"}],"wp:featuredmedia":[{"embeddable":true,"href":"https:\/\/www.estrategiaconcursos.com.br\/blog\/wp-json\/wp\/v2\/media\/1733163"}],"wp:attachment":[{"href":"https:\/\/www.estrategiaconcursos.com.br\/blog\/wp-json\/wp\/v2\/media?parent=1733110"}],"wp:term":[{"taxonomy":"category","embeddable":true,"href":"https:\/\/www.estrategiaconcursos.com.br\/blog\/wp-json\/wp\/v2\/categories?post=1733110"},{"taxonomy":"post_tag","embeddable":true,"href":"https:\/\/www.estrategiaconcursos.com.br\/blog\/wp-json\/wp\/v2\/tags?post=1733110"},{"taxonomy":"tax_estado","embeddable":true,"href":"https:\/\/www.estrategiaconcursos.com.br\/blog\/wp-json\/wp\/v2\/tax_estado?post=1733110"}],"curies":[{"name":"wp","href":"https:\/\/api.w.org\/{rel}","templated":true}]}}