{"id":1732998,"date":"2026-03-15T14:30:00","date_gmt":"2026-03-15T17:30:00","guid":{"rendered":"https:\/\/www.estrategiaconcursos.com.br\/blog\/?p=1732998"},"modified":"2026-03-12T16:48:19","modified_gmt":"2026-03-12T19:48:19","slug":"concurso-mp-es-2026-cargos","status":"publish","type":"post","link":"https:\/\/www.estrategiaconcursos.com.br\/blog\/concurso-mp-es-2026-cargos\/","title":{"rendered":"Quais s\u00e3o os cargos do concurso MP ES? Saiba aqui!"},"content":{"rendered":"\n<p>O <strong><a href=\"https:\/\/www.estrategiaconcursos.com.br\/cursosPorConcurso\/ministerio-publico-do-espirito-santo-mp-es-servidores\/\" target=\"_blank\" rel=\"noreferrer noopener\">Minist\u00e9rio P\u00fablico do Esp\u00edrito Santo<\/a><\/strong> teve seu mais novo edital publicado!<\/p>\n\n\n\n<p>S\u00e3o ofertadas 60 vagas para os cargos de <strong>Agente de Apoio, Agente T\u00e9cnico e Agente Especializado,<\/strong> de n\u00edveis m\u00e9dio e superior. Os sal\u00e1rios variam de <strong>R$ 5.073,26 a R$ 10.453,81<\/strong>.<\/p>\n\n\n\n<p>Sob organiza\u00e7\u00e3o da FGV, \u00e9 muito importante que voc\u00ea saiba os cargos ofertados pela sele\u00e7\u00e3o para organizar seus estudos!<\/p>\n\n\n\n<h3 class=\"wp-block-heading\" id=\"cargos-vagas\">Cargos e vagas do edital MP ES<\/h3>\n\n\n\n<figure class=\"wp-block-table is-style-stripes\"><table class=\"has-fixed-layout\"><thead><tr><th class=\"has-text-align-center\" data-align=\"center\">CARGOS<\/th><th class=\"has-text-align-center\" data-align=\"center\">VAGAS<\/th><th class=\"has-text-align-center\" data-align=\"center\">SAL\u00c1RIO<\/th><th>REQUISITOS<\/th><\/tr><\/thead><tbody><tr><td class=\"has-text-align-center\" data-align=\"center\">Agente de Apoio<\/td><td class=\"has-text-align-center\" data-align=\"center\">20<\/td><td class=\"has-text-align-center\" data-align=\"center\">R$ 5.073,26<\/td><td>N\u00edvel m\u00e9dio<\/td><\/tr><tr><td class=\"has-text-align-center\" data-align=\"center\">Agente T\u00e9cnico<\/td><td class=\"has-text-align-center\" data-align=\"center\">31<\/td><td class=\"has-text-align-center\" data-align=\"center\">R$ 7.312,44<\/td><td>N\u00edvel superior<\/td><\/tr><tr><td class=\"has-text-align-center\" data-align=\"center\">Agente Especializado<\/td><td class=\"has-text-align-center\" data-align=\"center\">9<\/td><td class=\"has-text-align-center\" data-align=\"center\">R$ 10.453,81<\/td><td>N\u00edvel superior<\/td><\/tr><\/tbody><\/table><\/figure>\n\n\n\n<p><span style=\"text-decoration: underline;\">Especialidades Agente T\u00e9cnico:<\/span><\/p>\n\n\n\n<ul class=\"wp-block-list\">\n<li>Administrador<\/li>\n\n\n\n<li>Antrop\u00f3logo<\/li>\n\n\n\n<li>Arquiteto<\/li>\n\n\n\n<li>Assistente Social<\/li>\n\n\n\n<li>Atuarial<\/li>\n\n\n\n<li>Bacharel Log\u00edstica <\/li>\n\n\n\n<li>Bi\u00f3logo<\/li>\n\n\n\n<li>Contador<\/li>\n\n\n\n<li>Desenvolvedor<\/li>\n\n\n\n<li>DevOps<\/li>\n\n\n\n<li>Economista<\/li>\n\n\n\n<li>Enfermeiro<\/li>\n\n\n\n<li>Engenheiro Agr\u00f4nomo<\/li>\n\n\n\n<li>Engenheiro Ambiental<\/li>\n\n\n\n<li>Engenheiro Civil<\/li>\n\n\n\n<li>Engenheiro de Produ\u00e7\u00e3o<\/li>\n\n\n\n<li>Engenheiro de Seguran\u00e7a do Trabalho<\/li>\n\n\n\n<li>Engenheiro Mec\u00e2nico<\/li>\n\n\n\n<li>Estat\u00edstico<\/li>\n\n\n\n<li>Fisioterapeuta<\/li>\n\n\n\n<li>Governan\u00e7a em TI<\/li>\n\n\n\n<li>Historiador<\/li>\n\n\n\n<li>Inova\u00e7\u00e3o<\/li>\n\n\n\n<li>M\u00e9dico-veterin\u00e1rio<\/li>\n\n\n\n<li>Nutricionista<\/li>\n\n\n\n<li>Operador de Infraestrutura<\/li>\n\n\n\n<li>Operador de Redes e Telecomunica\u00e7\u00f5es<\/li>\n\n\n\n<li>Pedagogo<\/li>\n\n\n\n<li>Psic\u00f3logo<\/li>\n\n\n\n<li>Qualidade e Testes de Software<\/li>\n<\/ul>\n\n\n\n<p><span style=\"text-decoration: underline;\">Especialidades Agente Especializado:<\/span><\/p>\n\n\n\n<ul class=\"wp-block-list\">\n<li>Analista de Experi\u00eancia do Usu\u00e1rio (UX)<\/li>\n\n\n\n<li>Analista de Infraestrutura<\/li>\n\n\n\n<li>Analista de Seguran\u00e7a da Informa\u00e7\u00e3o<\/li>\n\n\n\n<li>Analista de Sistemas<\/li>\n\n\n\n<li>Cientista de Dados e Intelig\u00eancia de Neg\u00f3cios<\/li>\n\n\n\n<li>Engenheiro de Dados<\/li>\n\n\n\n<li>M\u00e9dico<\/li>\n\n\n\n<li>M\u00e9dico do Trabalho<\/li>\n\n\n\n<li>M\u00e9dico Psiquiatra<\/li>\n<\/ul>\n\n\n\n<p class=\"has-text-align-center\"><a href=\"https:\/\/www.estrategiaconcursos.com.br\/blog\/concurso-mp-es\/\"><strong>Para saber mais, acesse: concurso MP ES<\/strong><\/a><\/p>\n\n\n\n<h2 class=\"wp-block-heading has-text-align-center\" id=\"h-quer-saber-tudo-sobre-concursos-previstos-confira-nossos-artigos\">Quer saber tudo sobre concursos previstos?<br \/>Confira nossos artigos!<\/h2>\n\n\n\n<ul class=\"wp-block-list\">\n<li><a href=\"https:\/\/www.estrategiaconcursos.com.br\/blog\/concursos-abertos\/\" target=\"_blank\" rel=\"noreferrer noopener\">Concursos abertos<\/a><\/li>\n\n\n\n<li><a href=\"https:\/\/www.estrategiaconcursos.com.br\/blog\/concursos-mp\/\">Concursos MP<\/a><\/li>\n\n\n\n<li><a href=\"https:\/\/www.estrategiaconcursos.com.br\/blog\/concursos-2026\/\">Concursos 2026<\/a><\/li>\n<\/ul>\n\n\n\n<h2 class=\"wp-block-heading has-text-align-center\" id=\"cursos\">Cursos para o concurso MP ES<\/h2>\n\n\n\n<div class=\"row\">\n\n    <div class=\"col-sm\">\n      <div class=\"banner-ecj\" id=\"box-assinatura\">\n        <h3 class=\"titulo-assinatura\">Cursos Concurso MP ES <\/h3>\n        <p class=\"subtitulo-assinatura\">Cursos focados no edital do concurso<\/p>\n        <div class=\"box-botao\">\n          <a class=\"btn-assinatura\" target=\"_blank\" href=\"https:\/\/www.estrategiaconcursos.com.br\/cursosPorConcurso\/ministerio-publico-do-espirito-santo-mp-es-servidores\/\" role=\"button\" rel=\"noopener noreferrer\">Conhe\u00e7a mais<\/a>\n        <\/div>\n      <\/div>\n      <p class=\"texto-auxiliar\">Prepare-se com o melhor material e com quem mais aprova em concursos de Procuradorias em todo o pa\u00eds. \n<\/p>\n    <\/div>\n\n  <\/div>\n\n\n\n<div class=\"container\" id=\"boxes\">\n  <div class=\"row\">\n\n    <div class=\"col-sm\">\n      <div class=\"estrategia\" id=\"box-assinatura\">\n        <h3 class=\"titulo-assinatura\">Assinatura Concursos<\/h3>\n        <p class=\"subtitulo-assinatura\">Assinatura de 1 ano ou 2 anos<\/p>\n        <div class=\"box-botao\">\n          <a class=\"btn-assinatura\" target=\"_blank\" href=\"https:\/\/www.estrategiaconcursos.com.br\/assinaturas\/\" role=\"button\" rel=\"noopener noreferrer\">ASSINE AGORA<\/a>\n        <\/div>\n      <\/div>\n     \n    <\/div><\/div><\/div>\n\n\n\n<p><\/p>\n","protected":false},"excerpt":{"rendered":"<p>O Minist\u00e9rio P\u00fablico do Esp\u00edrito Santo teve seu mais novo edital publicado! S\u00e3o ofertadas 60 vagas para os cargos de Agente de Apoio, Agente T\u00e9cnico e Agente Especializado, de n\u00edveis m\u00e9dio e superior. Os sal\u00e1rios variam de R$ 5.073,26 a R$ 10.453,81. Sob organiza\u00e7\u00e3o da FGV, \u00e9 muito importante que voc\u00ea saiba os cargos ofertados [&hellip;]<\/p>\n","protected":false},"author":657,"featured_media":0,"comment_status":"open","ping_status":"closed","sticky":false,"template":"","format":"standard","meta":{"post_tipo":"news","footnotes":""},"categories":[1,222238,220219],"tags":[],"tax_estado":[219971],"class_list":["post-1732998","post","type-post","status-publish","format-standard","hentry","category-cursos-e-concursos","category-ministerio-publico","category-noticias","tax_estado-es"],"acf":[],"yoast_head":"<!-- This site is optimized with the Yoast SEO Premium plugin v27.2 (Yoast SEO v27.2) - https:\/\/yoast.com\/product\/yoast-seo-premium-wordpress\/ -->\n<title>Quais s\u00e3o os cargos do concurso MP ES? Saiba aqui!<\/title>\n<meta name=\"description\" content=\"Quais s\u00e3o os cargos do concurso MP ES? Saiba neste artigo as vagas ofertadas e se algum deles te interessa!\" \/>\n<meta name=\"robots\" content=\"index, follow, max-snippet:-1, max-image-preview:large, max-video-preview:-1\" \/>\n<link rel=\"canonical\" href=\"https:\/\/www.estrategiaconcursos.com.br\/blog\/concurso-mp-es-2026-cargos\/\" \/>\n<meta property=\"og:locale\" content=\"pt_BR\" \/>\n<meta property=\"og:type\" content=\"article\" \/>\n<meta property=\"og:title\" content=\"Quais s\u00e3o os cargos do concurso MP ES? Saiba aqui!\" \/>\n<meta property=\"og:description\" content=\"Quais s\u00e3o os cargos do concurso MP ES? Saiba neste artigo as vagas ofertadas e se algum deles te interessa!\" \/>\n<meta property=\"og:url\" content=\"https:\/\/www.estrategiaconcursos.com.br\/blog\/concurso-mp-es-2026-cargos\/\" \/>\n<meta property=\"og:site_name\" content=\"Estrat\u00e9gia Concursos\" \/>\n<meta property=\"article:published_time\" content=\"2026-03-15T17:30:00+00:00\" \/>\n<meta property=\"og:image\" content=\"https:\/\/dhg1h5j42swfq.cloudfront.net\/2025\/08\/25132256\/mp-es-300x169-1.jpg\" \/>\n\t<meta property=\"og:image:width\" content=\"300\" \/>\n\t<meta property=\"og:image:height\" content=\"169\" \/>\n\t<meta property=\"og:image:type\" content=\"image\/jpeg\" \/>\n<meta name=\"author\" content=\"Nat\u00e1lia Scarano\" \/>\n<meta name=\"twitter:card\" content=\"summary_large_image\" \/>\n<meta name=\"twitter:creator\" content=\"@EstratConcursos\" \/>\n<meta name=\"twitter:site\" content=\"@EstratConcursos\" \/>\n<meta name=\"twitter:label1\" content=\"Escrito por\" \/>\n\t<meta name=\"twitter:data1\" content=\"Nat\u00e1lia Scarano\" \/>\n\t<meta name=\"twitter:label2\" content=\"Est. tempo de leitura\" \/>\n\t<meta name=\"twitter:data2\" content=\"1 minuto\" \/>\n<script type=\"application\/ld+json\" class=\"yoast-schema-graph\">{\"@context\":\"https:\/\/schema.org\",\"@graph\":[{\"@type\":\"NewsArticle\",\"@id\":\"https:\/\/www.estrategiaconcursos.com.br\/blog\/concurso-mp-es-2026-cargos\/#article\",\"isPartOf\":{\"@id\":\"https:\/\/www.estrategiaconcursos.com.br\/blog\/concurso-mp-es-2026-cargos\/\"},\"author\":{\"name\":\"Nat\u00e1lia Scarano\",\"@id\":\"https:\/\/www.estrategiaconcursos.com.br\/blog\/#\/schema\/person\/751aedf909a9d10cb23ce6ac527ce0f2\"},\"headline\":\"Quais s\u00e3o os cargos do concurso MP ES? Saiba aqui!\",\"datePublished\":\"2026-03-15T17:30:00+00:00\",\"mainEntityOfPage\":{\"@id\":\"https:\/\/www.estrategiaconcursos.com.br\/blog\/concurso-mp-es-2026-cargos\/\"},\"wordCount\":296,\"commentCount\":0,\"publisher\":{\"@id\":\"https:\/\/www.estrategiaconcursos.com.br\/blog\/#organization\"},\"articleSection\":[\"Concursos P\u00fablicos\",\"Minist\u00e9rio P\u00fablico\",\"\u00daltimas not\u00edcias\"],\"inLanguage\":\"pt-BR\",\"potentialAction\":[{\"@type\":\"CommentAction\",\"name\":\"Comment\",\"target\":[\"https:\/\/www.estrategiaconcursos.com.br\/blog\/concurso-mp-es-2026-cargos\/#respond\"]}],\"copyrightYear\":\"2026\",\"copyrightHolder\":{\"@id\":\"https:\/\/www.estrategiaconcursos.com.br\/blog\/#organization\"}},{\"@type\":\"WebPage\",\"@id\":\"https:\/\/www.estrategiaconcursos.com.br\/blog\/concurso-mp-es-2026-cargos\/\",\"url\":\"https:\/\/www.estrategiaconcursos.com.br\/blog\/concurso-mp-es-2026-cargos\/\",\"name\":\"Quais s\u00e3o os cargos do concurso MP ES? Saiba aqui!\",\"isPartOf\":{\"@id\":\"https:\/\/www.estrategiaconcursos.com.br\/blog\/#website\"},\"datePublished\":\"2026-03-15T17:30:00+00:00\",\"description\":\"Quais s\u00e3o os cargos do concurso MP ES? Saiba neste artigo as vagas ofertadas e se algum deles te interessa!\",\"breadcrumb\":{\"@id\":\"https:\/\/www.estrategiaconcursos.com.br\/blog\/concurso-mp-es-2026-cargos\/#breadcrumb\"},\"inLanguage\":\"pt-BR\",\"potentialAction\":[{\"@type\":\"ReadAction\",\"target\":[\"https:\/\/www.estrategiaconcursos.com.br\/blog\/concurso-mp-es-2026-cargos\/\"]}]},{\"@type\":\"BreadcrumbList\",\"@id\":\"https:\/\/www.estrategiaconcursos.com.br\/blog\/concurso-mp-es-2026-cargos\/#breadcrumb\",\"itemListElement\":[{\"@type\":\"ListItem\",\"position\":1,\"name\":\"In\u00edcio\",\"item\":\"https:\/\/www.estrategiaconcursos.com.br\/blog\/\"},{\"@type\":\"ListItem\",\"position\":2,\"name\":\"Quais s\u00e3o os cargos do concurso MP ES? Saiba aqui!\"}]},{\"@type\":\"WebSite\",\"@id\":\"https:\/\/www.estrategiaconcursos.com.br\/blog\/#website\",\"url\":\"https:\/\/www.estrategiaconcursos.com.br\/blog\/\",\"name\":\"Estrat\u00e9gia Concursos\",\"description\":\"O blog da Estrat\u00e9gia Concursos traz not\u00edcias sobre concursos e artigos de professores oferecendo cursos para concursos (pdf + videaulas) no site.\",\"publisher\":{\"@id\":\"https:\/\/www.estrategiaconcursos.com.br\/blog\/#organization\"},\"potentialAction\":[{\"@type\":\"SearchAction\",\"target\":{\"@type\":\"EntryPoint\",\"urlTemplate\":\"https:\/\/www.estrategiaconcursos.com.br\/blog\/?s={search_term_string}\"},\"query-input\":{\"@type\":\"PropertyValueSpecification\",\"valueRequired\":true,\"valueName\":\"search_term_string\"}}],\"inLanguage\":\"pt-BR\"},{\"@type\":\"Organization\",\"@id\":\"https:\/\/www.estrategiaconcursos.com.br\/blog\/#organization\",\"name\":\"Estrat\u00e9gia Concursos\",\"url\":\"https:\/\/www.estrategiaconcursos.com.br\/blog\/\",\"logo\":{\"@type\":\"ImageObject\",\"inLanguage\":\"pt-BR\",\"@id\":\"https:\/\/www.estrategiaconcursos.com.br\/blog\/#\/schema\/logo\/image\/\",\"url\":\"https:\/\/dhg1h5j42swfq.cloudfront.net\/2025\/06\/03203428\/logo_concursos-1.jpg\",\"contentUrl\":\"https:\/\/dhg1h5j42swfq.cloudfront.net\/2025\/06\/03203428\/logo_concursos-1.jpg\",\"width\":230,\"height\":60,\"caption\":\"Estrat\u00e9gia Concursos\"},\"image\":{\"@id\":\"https:\/\/www.estrategiaconcursos.com.br\/blog\/#\/schema\/logo\/image\/\"},\"sameAs\":[\"https:\/\/x.com\/EstratConcursos\"]},{\"@type\":\"Person\",\"@id\":\"https:\/\/www.estrategiaconcursos.com.br\/blog\/#\/schema\/person\/751aedf909a9d10cb23ce6ac527ce0f2\",\"name\":\"Nat\u00e1lia Scarano\",\"image\":{\"@type\":\"ImageObject\",\"inLanguage\":\"pt-BR\",\"@id\":\"https:\/\/secure.gravatar.com\/avatar\/8a889b8db3dbd227a1a78627357ec8fe64f5e99189d1889a270127828ab372ac?s=96&d=mm&r=g\",\"url\":\"https:\/\/secure.gravatar.com\/avatar\/8a889b8db3dbd227a1a78627357ec8fe64f5e99189d1889a270127828ab372ac?s=96&d=mm&r=g\",\"contentUrl\":\"https:\/\/secure.gravatar.com\/avatar\/8a889b8db3dbd227a1a78627357ec8fe64f5e99189d1889a270127828ab372ac?s=96&d=mm&r=g\",\"caption\":\"Nat\u00e1lia Scarano\"},\"description\":\"Jornalista, formada e p\u00f3s graduada pelo IESB, faz parte do time de jornalistas do Estrat\u00e9gia desde 2017. Possui familiaridade com as \u00e1reas de Tribunais, Defensorias, Procuradorias, Minist\u00e9rios P\u00fablicos, Conselhos, Educa\u00e7\u00e3o, \u00c1rea de Seguran\u00e7a, concursos de Carreiras Jur\u00eddicas e OAB. Experi\u00eancia em marketing digital, assessoria de comunica\u00e7\u00e3o e institucional na \u00e1rea privada e p\u00fablica, com atua\u00e7\u00e3o em \u00f3rg\u00e3os como CGU, Cofen e CNM.\",\"url\":\"https:\/\/www.estrategiaconcursos.com.br\/blog\/author\/natalia-scaranoestrategiaconcursos-com-br\/\"}]}<\/script>\n<!-- \/ Yoast SEO Premium plugin. -->","yoast_head_json":{"title":"Quais s\u00e3o os cargos do concurso MP ES? Saiba aqui!","description":"Quais s\u00e3o os cargos do concurso MP ES? Saiba neste artigo as vagas ofertadas e se algum deles te interessa!","robots":{"index":"index","follow":"follow","max-snippet":"max-snippet:-1","max-image-preview":"max-image-preview:large","max-video-preview":"max-video-preview:-1"},"canonical":"https:\/\/www.estrategiaconcursos.com.br\/blog\/concurso-mp-es-2026-cargos\/","og_locale":"pt_BR","og_type":"article","og_title":"Quais s\u00e3o os cargos do concurso MP ES? Saiba aqui!","og_description":"Quais s\u00e3o os cargos do concurso MP ES? Saiba neste artigo as vagas ofertadas e se algum deles te interessa!","og_url":"https:\/\/www.estrategiaconcursos.com.br\/blog\/concurso-mp-es-2026-cargos\/","og_site_name":"Estrat\u00e9gia Concursos","article_published_time":"2026-03-15T17:30:00+00:00","og_image":[{"width":300,"height":169,"url":"https:\/\/dhg1h5j42swfq.cloudfront.net\/2025\/08\/25132256\/mp-es-300x169-1.jpg","type":"image\/jpeg"}],"author":"Nat\u00e1lia Scarano","twitter_card":"summary_large_image","twitter_creator":"@EstratConcursos","twitter_site":"@EstratConcursos","twitter_misc":{"Escrito por":"Nat\u00e1lia Scarano","Est. tempo de leitura":"1 minuto"},"schema":{"@context":"https:\/\/schema.org","@graph":[{"@type":"NewsArticle","@id":"https:\/\/www.estrategiaconcursos.com.br\/blog\/concurso-mp-es-2026-cargos\/#article","isPartOf":{"@id":"https:\/\/www.estrategiaconcursos.com.br\/blog\/concurso-mp-es-2026-cargos\/"},"author":{"name":"Nat\u00e1lia Scarano","@id":"https:\/\/www.estrategiaconcursos.com.br\/blog\/#\/schema\/person\/751aedf909a9d10cb23ce6ac527ce0f2"},"headline":"Quais s\u00e3o os cargos do concurso MP ES? Saiba aqui!","datePublished":"2026-03-15T17:30:00+00:00","mainEntityOfPage":{"@id":"https:\/\/www.estrategiaconcursos.com.br\/blog\/concurso-mp-es-2026-cargos\/"},"wordCount":296,"commentCount":0,"publisher":{"@id":"https:\/\/www.estrategiaconcursos.com.br\/blog\/#organization"},"articleSection":["Concursos P\u00fablicos","Minist\u00e9rio P\u00fablico","\u00daltimas not\u00edcias"],"inLanguage":"pt-BR","potentialAction":[{"@type":"CommentAction","name":"Comment","target":["https:\/\/www.estrategiaconcursos.com.br\/blog\/concurso-mp-es-2026-cargos\/#respond"]}],"copyrightYear":"2026","copyrightHolder":{"@id":"https:\/\/www.estrategiaconcursos.com.br\/blog\/#organization"}},{"@type":"WebPage","@id":"https:\/\/www.estrategiaconcursos.com.br\/blog\/concurso-mp-es-2026-cargos\/","url":"https:\/\/www.estrategiaconcursos.com.br\/blog\/concurso-mp-es-2026-cargos\/","name":"Quais s\u00e3o os cargos do concurso MP ES? Saiba aqui!","isPartOf":{"@id":"https:\/\/www.estrategiaconcursos.com.br\/blog\/#website"},"datePublished":"2026-03-15T17:30:00+00:00","description":"Quais s\u00e3o os cargos do concurso MP ES? Saiba neste artigo as vagas ofertadas e se algum deles te interessa!","breadcrumb":{"@id":"https:\/\/www.estrategiaconcursos.com.br\/blog\/concurso-mp-es-2026-cargos\/#breadcrumb"},"inLanguage":"pt-BR","potentialAction":[{"@type":"ReadAction","target":["https:\/\/www.estrategiaconcursos.com.br\/blog\/concurso-mp-es-2026-cargos\/"]}]},{"@type":"BreadcrumbList","@id":"https:\/\/www.estrategiaconcursos.com.br\/blog\/concurso-mp-es-2026-cargos\/#breadcrumb","itemListElement":[{"@type":"ListItem","position":1,"name":"In\u00edcio","item":"https:\/\/www.estrategiaconcursos.com.br\/blog\/"},{"@type":"ListItem","position":2,"name":"Quais s\u00e3o os cargos do concurso MP ES? Saiba aqui!"}]},{"@type":"WebSite","@id":"https:\/\/www.estrategiaconcursos.com.br\/blog\/#website","url":"https:\/\/www.estrategiaconcursos.com.br\/blog\/","name":"Estrat\u00e9gia Concursos","description":"O blog da Estrat\u00e9gia Concursos traz not\u00edcias sobre concursos e artigos de professores oferecendo cursos para concursos (pdf + videaulas) no site.","publisher":{"@id":"https:\/\/www.estrategiaconcursos.com.br\/blog\/#organization"},"potentialAction":[{"@type":"SearchAction","target":{"@type":"EntryPoint","urlTemplate":"https:\/\/www.estrategiaconcursos.com.br\/blog\/?s={search_term_string}"},"query-input":{"@type":"PropertyValueSpecification","valueRequired":true,"valueName":"search_term_string"}}],"inLanguage":"pt-BR"},{"@type":"Organization","@id":"https:\/\/www.estrategiaconcursos.com.br\/blog\/#organization","name":"Estrat\u00e9gia Concursos","url":"https:\/\/www.estrategiaconcursos.com.br\/blog\/","logo":{"@type":"ImageObject","inLanguage":"pt-BR","@id":"https:\/\/www.estrategiaconcursos.com.br\/blog\/#\/schema\/logo\/image\/","url":"https:\/\/dhg1h5j42swfq.cloudfront.net\/2025\/06\/03203428\/logo_concursos-1.jpg","contentUrl":"https:\/\/dhg1h5j42swfq.cloudfront.net\/2025\/06\/03203428\/logo_concursos-1.jpg","width":230,"height":60,"caption":"Estrat\u00e9gia Concursos"},"image":{"@id":"https:\/\/www.estrategiaconcursos.com.br\/blog\/#\/schema\/logo\/image\/"},"sameAs":["https:\/\/x.com\/EstratConcursos"]},{"@type":"Person","@id":"https:\/\/www.estrategiaconcursos.com.br\/blog\/#\/schema\/person\/751aedf909a9d10cb23ce6ac527ce0f2","name":"Nat\u00e1lia Scarano","image":{"@type":"ImageObject","inLanguage":"pt-BR","@id":"https:\/\/secure.gravatar.com\/avatar\/8a889b8db3dbd227a1a78627357ec8fe64f5e99189d1889a270127828ab372ac?s=96&d=mm&r=g","url":"https:\/\/secure.gravatar.com\/avatar\/8a889b8db3dbd227a1a78627357ec8fe64f5e99189d1889a270127828ab372ac?s=96&d=mm&r=g","contentUrl":"https:\/\/secure.gravatar.com\/avatar\/8a889b8db3dbd227a1a78627357ec8fe64f5e99189d1889a270127828ab372ac?s=96&d=mm&r=g","caption":"Nat\u00e1lia Scarano"},"description":"Jornalista, formada e p\u00f3s graduada pelo IESB, faz parte do time de jornalistas do Estrat\u00e9gia desde 2017. Possui familiaridade com as \u00e1reas de Tribunais, Defensorias, Procuradorias, Minist\u00e9rios P\u00fablicos, Conselhos, Educa\u00e7\u00e3o, \u00c1rea de Seguran\u00e7a, concursos de Carreiras Jur\u00eddicas e OAB. Experi\u00eancia em marketing digital, assessoria de comunica\u00e7\u00e3o e institucional na \u00e1rea privada e p\u00fablica, com atua\u00e7\u00e3o em \u00f3rg\u00e3os como CGU, Cofen e CNM.","url":"https:\/\/www.estrategiaconcursos.com.br\/blog\/author\/natalia-scaranoestrategiaconcursos-com-br\/"}]}},"_links":{"self":[{"href":"https:\/\/www.estrategiaconcursos.com.br\/blog\/wp-json\/wp\/v2\/posts\/1732998","targetHints":{"allow":["GET"]}}],"collection":[{"href":"https:\/\/www.estrategiaconcursos.com.br\/blog\/wp-json\/wp\/v2\/posts"}],"about":[{"href":"https:\/\/www.estrategiaconcursos.com.br\/blog\/wp-json\/wp\/v2\/types\/post"}],"author":[{"embeddable":true,"href":"https:\/\/www.estrategiaconcursos.com.br\/blog\/wp-json\/wp\/v2\/users\/657"}],"replies":[{"embeddable":true,"href":"https:\/\/www.estrategiaconcursos.com.br\/blog\/wp-json\/wp\/v2\/comments?post=1732998"}],"version-history":[{"count":6,"href":"https:\/\/www.estrategiaconcursos.com.br\/blog\/wp-json\/wp\/v2\/posts\/1732998\/revisions"}],"predecessor-version":[{"id":1733018,"href":"https:\/\/www.estrategiaconcursos.com.br\/blog\/wp-json\/wp\/v2\/posts\/1732998\/revisions\/1733018"}],"wp:attachment":[{"href":"https:\/\/www.estrategiaconcursos.com.br\/blog\/wp-json\/wp\/v2\/media?parent=1732998"}],"wp:term":[{"taxonomy":"category","embeddable":true,"href":"https:\/\/www.estrategiaconcursos.com.br\/blog\/wp-json\/wp\/v2\/categories?post=1732998"},{"taxonomy":"post_tag","embeddable":true,"href":"https:\/\/www.estrategiaconcursos.com.br\/blog\/wp-json\/wp\/v2\/tags?post=1732998"},{"taxonomy":"tax_estado","embeddable":true,"href":"https:\/\/www.estrategiaconcursos.com.br\/blog\/wp-json\/wp\/v2\/tax_estado?post=1732998"}],"curies":[{"name":"wp","href":"https:\/\/api.w.org\/{rel}","templated":true}]}}