{"id":1732722,"date":"2026-03-12T15:51:58","date_gmt":"2026-03-12T18:51:58","guid":{"rendered":"https:\/\/www.estrategiaconcursos.com.br\/blog\/?p=1732722"},"modified":"2026-03-12T15:52:00","modified_gmt":"2026-03-12T18:52:00","slug":"concurso-pm-rn-2026-cargos-do-edital","status":"publish","type":"post","link":"https:\/\/www.estrategiaconcursos.com.br\/blog\/concurso-pm-rn-2026-cargos-do-edital\/","title":{"rendered":"Concurso PM RN 2026: conhe\u00e7a os cargos do edital!"},"content":{"rendered":"\n<p><em><strong>Novo <\/strong><\/em><em style=\"font-weight: bold;\"><strong>edital do concurso PM RN oferta 146 vagas. Provas ser\u00e3o aplicadas em 14 de junho!<\/strong><\/em><\/p>\n\n\n\n<p>Voc\u00ea que desejar ser o novo integrante da <a href=\"https:\/\/www.estrategiaconcursos.com.br\/cursosPorConcurso\/policia-militar-rn\/\" target=\"_blank\" rel=\"noreferrer noopener\">Pol\u00edcia Militar do Rio Grande do Norte<\/a>, cujo edital foi publicado com <strong>146 vagas<\/strong>, j\u00e1 conferiu quais cargos s\u00e3o ofertados no <strong>concurso PM RN<\/strong>?<\/p>\n\n\n\n<p>O sal\u00e1rio inicial para os aprovados ser\u00e1 de <strong>R$ 4.245,64<\/strong>, ap\u00f3s a formatura. <\/p>\n\n\n\n<div class=\"container\" id=\"boxes\">\n  <div class=\"row\"> \n\n    <div class=\"col-sm\">\n      <div class=\"banner-policia-militar\" id=\"box-assinatura\">\n        <h3 class=\"titulo-assinatura\">Concurso PM RN<\/h3>\n        <p class=\"subtitulo-assinatura\">Rumo \u00e0 carreira policial dos seus sonhos! \u2b50<\/p>\n        <div class=\"box-botao\">\n          <a class=\"btn-assinatura\" target=\"_blank\" href=\"https:\/\/www.estrategiaconcursos.com.br\/cursosPorConcurso\/policia-militar-rn\/\" role=\"button\" rel=\"noopener noreferrer\">VER CURSOS<\/a>\n        <\/div>\n      <\/div>\n     \n\n  <\/div>\n<\/div><\/div>\n\n\n\n<h2 class=\"wp-block-heading\" id=\"h-quais-sao-os-cargos-do-concurso-pm-rn\">Quais s\u00e3o os cargos do concurso PM RN?<\/h2>\n\n\n\n<p>As oportunidades s\u00e3o distribu\u00eddas entre os cargos de <strong>Pra\u00e7as da Sa\u00fade (QPS)<\/strong> e <strong>Pra\u00e7as M\u00fasicos (QPM)<\/strong>, contemplando diversas especialidades. Veja abaixo!<\/p>\n\n\n\n<p><span style=\"text-decoration: underline;\"><strong>Especialidades Pra\u00e7as de Sa\u00fade:<\/strong><\/span><\/p>\n\n\n\n<ul class=\"wp-block-list\">\n<li>T\u00e9cnico de Radiologia: 16 vagas<\/li>\n\n\n\n<li>T\u00e9cnico de Farm\u00e1cia: 13 vagas<\/li>\n\n\n\n<li>T\u00e9cnico de Enfermagem: 70 vagas<\/li>\n\n\n\n<li>T\u00e9cnico de Laborat\u00f3rio de An\u00e1lises Cl\u00ednicas: 13 vagas<\/li>\n\n\n\n<li>T\u00e9cnico de Sa\u00fade Bucal: 13 vagas<\/li>\n<\/ul>\n\n\n\n<p><span style=\"text-decoration: underline;\"><strong>Especialidades Pra\u00e7as M\u00fasicos:<\/strong><\/span><\/p>\n\n\n\n<ul class=\"wp-block-list\">\n<li>M\u00fasico &#8211; Flauta Transversal em D\u00f3: 2 vagas<\/li>\n\n\n\n<li>M\u00fasico &#8211; Clarinetes em Si Bemol: 3 vagas<\/li>\n\n\n\n<li>M\u00fasico &#8211; Saxofone Alto em Mi Bemol: 2 vagas<\/li>\n\n\n\n<li>M\u00fasico &#8211; Saxofone Tenor em Si Bemol: 2 vagas<\/li>\n\n\n\n<li>M\u00fasico &#8211; Euphonium em Si Bemol: 1 vaga<\/li>\n\n\n\n<li>M\u00fasico &#8211; Trompete em Si Bemol: 3 vaga<\/li>\n\n\n\n<li>M\u00fasico &#8211; Trombone de Vara Tenor: 1 vaga<\/li>\n\n\n\n<li>M\u00fasico &#8211; Trompa em F\u00e1\/Si Bemol: 1 vaga<\/li>\n\n\n\n<li>M\u00fasico &#8211; Trombone Baixo: 1 vaga<\/li>\n\n\n\n<li>M\u00fasico &#8211; Tuba Si Bemol\/D\u00f3: 2 vagas<\/li>\n\n\n\n<li>M\u00fasico &#8211; Bateria: 2 vagas<\/li>\n\n\n\n<li>M\u00fasico &#8211; Percuss\u00e3o erudita (t\u00edmpano, caixa clara, glockenspiel): 1 vaga<\/li>\n<\/ul>\n\n\n\n<p>As carreiras exigem escolaridade de n\u00edvel superior e CNH B. Al\u00e9m disso, os candidatos devem ter nascido entre 1\u00ba de janeiro de 1991 e 31 de dezembro de 2005.<\/p>\n\n\n\n<p>Com <strong>inscri\u00e7\u00f5es abertas<\/strong>, os interessados na sele\u00e7\u00e3o podem se candidatar <strong>at\u00e9 o dia 13 de abril<\/strong>, ao custo de R$ 130,00, no site da banca <a href=\"https:\/\/concurso.idecan.org.br\/Concurso.aspx?ID=222\" target=\"_blank\" rel=\"noreferrer noopener\">IDECAN<\/a>. <\/p>\n\n\n\n<p class=\"has-text-align-center\"><em>Para mais informa\u00e7\u00f5es do concurso PM RN, acesse o link abaixo. Preparamos um artigo completo e exclusivo para voc\u00ea!<\/em><\/p>\n\n\n\n<p class=\"has-text-align-center has-cyan-bluish-gray-background-color has-background has-medium-font-size\"><strong>Saiba mais: <a href=\"https:\/\/www.estrategiaconcursos.com.br\/blog\/concurso-pm-rn\/\" target=\"_blank\" rel=\"noreferrer noopener nofollow\">concurso PM RN<\/a><\/strong><\/p>\n\n\n\n<h2 class=\"wp-block-heading has-text-align-center\" id=\"h-quer-saber-tudo-sobre-concursos-previstos-confira-nossos-artigos\">Quer saber tudo sobre concursos previstos?<br \/>Confira nossos artigos!<\/h2>\n\n\n\n<ul class=\"wp-block-list\">\n<li><a href=\"https:\/\/www.estrategiaconcursos.com.br\/blog\/concursos-de-policia\/\" target=\"_blank\" rel=\"noreferrer noopener\">Concursos policiais<\/a><\/li>\n\n\n\n<li><a href=\"https:\/\/www.estrategiaconcursos.com.br\/blog\/concursos-abertos\/\" target=\"_blank\" rel=\"noreferrer noopener\">Concursos abertos<\/a><\/li>\n\n\n\n<li><a href=\"https:\/\/www.estrategiaconcursos.com.br\/blog\/concursos-2026\/\" target=\"_blank\" rel=\"noreferrer noopener\">Concursos 2026<\/a><\/li>\n<\/ul>\n\n\n\n<div class=\"container\" id=\"boxes\">\n  <div class=\"row\">\n\n    <div class=\"col-sm\">\n      <div class=\"estrategia\" id=\"box-assinatura\">\n        <h3 class=\"titulo-assinatura\">Assinatura Concursos<\/h3>\n        <p class=\"subtitulo-assinatura\">Assinatura de 1 ano ou 2 anos<\/p>\n        <div class=\"box-botao\">\n          <a class=\"btn-assinatura\" target=\"_blank\" href=\"https:\/\/www.estrategiaconcursos.com.br\/assinaturas\/\" role=\"button\" rel=\"noopener noreferrer\">ASSINE AGORA<\/a>\n        <\/div>\n      <\/div><\/div><\/div><\/div>\n\n\n\n<p><\/p>\n","protected":false},"excerpt":{"rendered":"<p>Novo edital do concurso PM RN oferta 146 vagas. Provas ser\u00e3o aplicadas em 14 de junho! Voc\u00ea que desejar ser o novo integrante da Pol\u00edcia Militar do Rio Grande do Norte, cujo edital foi publicado com 146 vagas, j\u00e1 conferiu quais cargos s\u00e3o ofertados no concurso PM RN? O sal\u00e1rio inicial para os aprovados ser\u00e1 [&hellip;]<\/p>\n","protected":false},"author":1483,"featured_media":1053604,"comment_status":"open","ping_status":"closed","sticky":false,"template":"","format":"standard","meta":{"post_tipo":"news","footnotes":""},"categories":[220187,1981,220219],"tags":[],"tax_estado":[219983],"class_list":["post-1732722","post","type-post","status-publish","format-standard","has-post-thumbnail","hentry","category-policial-pracas","category-saude","category-noticias","tax_estado-rn"],"acf":[],"yoast_head":"<!-- This site is optimized with the Yoast SEO Premium plugin v27.2 (Yoast SEO v27.2) - https:\/\/yoast.com\/product\/yoast-seo-premium-wordpress\/ -->\n<title>Concurso PM RN 2026: conhe\u00e7a os cargos do edital!<\/title>\n<meta name=\"description\" content=\"Quais s\u00e3o os cargos ofertados no edital do concurso PM RN 2026? Acesse o site do Estrat\u00e9gia e veja os detalhes!\" \/>\n<meta name=\"robots\" content=\"index, follow, max-snippet:-1, max-image-preview:large, max-video-preview:-1\" \/>\n<link rel=\"canonical\" href=\"https:\/\/www.estrategiaconcursos.com.br\/blog\/concurso-pm-rn-2026-cargos-do-edital\/\" \/>\n<meta property=\"og:locale\" content=\"pt_BR\" \/>\n<meta property=\"og:type\" content=\"article\" \/>\n<meta property=\"og:title\" content=\"Concurso PM RN 2026: conhe\u00e7a os cargos do edital!\" \/>\n<meta property=\"og:description\" content=\"Quais s\u00e3o os cargos ofertados no edital do concurso PM RN 2026? Acesse o site do Estrat\u00e9gia e veja os detalhes!\" \/>\n<meta property=\"og:url\" content=\"https:\/\/www.estrategiaconcursos.com.br\/blog\/concurso-pm-rn-2026-cargos-do-edital\/\" \/>\n<meta property=\"og:site_name\" content=\"Estrat\u00e9gia Concursos\" \/>\n<meta property=\"article:published_time\" content=\"2026-03-12T18:51:58+00:00\" \/>\n<meta property=\"article:modified_time\" content=\"2026-03-12T18:52:00+00:00\" \/>\n<meta property=\"og:image\" content=\"https:\/\/dhg1h5j42swfq.cloudfront.net\/2022\/07\/01060125\/edital-concurso-pm-rn-oficial.jpg\" \/>\n\t<meta property=\"og:image:width\" content=\"300\" \/>\n\t<meta property=\"og:image:height\" content=\"169\" \/>\n\t<meta property=\"og:image:type\" content=\"image\/jpeg\" \/>\n<meta name=\"author\" content=\"Diogo Mendes\" \/>\n<meta name=\"twitter:card\" content=\"summary_large_image\" \/>\n<meta name=\"twitter:creator\" content=\"@EstratConcursos\" \/>\n<meta name=\"twitter:site\" content=\"@EstratConcursos\" \/>\n<meta name=\"twitter:label1\" content=\"Escrito por\" \/>\n\t<meta name=\"twitter:data1\" content=\"Diogo Mendes\" \/>\n\t<meta name=\"twitter:label2\" content=\"Est. tempo de leitura\" \/>\n\t<meta name=\"twitter:data2\" content=\"2 minutos\" \/>\n<script type=\"application\/ld+json\" class=\"yoast-schema-graph\">{\"@context\":\"https:\/\/schema.org\",\"@graph\":[{\"@type\":\"NewsArticle\",\"@id\":\"https:\/\/www.estrategiaconcursos.com.br\/blog\/concurso-pm-rn-2026-cargos-do-edital\/#article\",\"isPartOf\":{\"@id\":\"https:\/\/www.estrategiaconcursos.com.br\/blog\/concurso-pm-rn-2026-cargos-do-edital\/\"},\"author\":{\"name\":\"Diogo Mendes\",\"@id\":\"https:\/\/www.estrategiaconcursos.com.br\/blog\/#\/schema\/person\/cc9e76173880338ce9f656c88664a1f6\"},\"headline\":\"Concurso PM RN 2026: conhe\u00e7a os cargos do edital!\",\"datePublished\":\"2026-03-12T18:51:58+00:00\",\"dateModified\":\"2026-03-12T18:52:00+00:00\",\"mainEntityOfPage\":{\"@id\":\"https:\/\/www.estrategiaconcursos.com.br\/blog\/concurso-pm-rn-2026-cargos-do-edital\/\"},\"wordCount\":362,\"commentCount\":0,\"publisher\":{\"@id\":\"https:\/\/www.estrategiaconcursos.com.br\/blog\/#organization\"},\"image\":{\"@id\":\"https:\/\/www.estrategiaconcursos.com.br\/blog\/concurso-pm-rn-2026-cargos-do-edital\/#primaryimage\"},\"thumbnailUrl\":\"https:\/\/dhg1h5j42swfq.cloudfront.net\/2022\/07\/01060125\/edital-concurso-pm-rn-oficial.jpg\",\"articleSection\":[\"Policial (PM\/BM - Pra\u00e7as)\",\"Sa\u00fade\",\"\u00daltimas not\u00edcias\"],\"inLanguage\":\"pt-BR\",\"potentialAction\":[{\"@type\":\"CommentAction\",\"name\":\"Comment\",\"target\":[\"https:\/\/www.estrategiaconcursos.com.br\/blog\/concurso-pm-rn-2026-cargos-do-edital\/#respond\"]}],\"copyrightYear\":\"2026\",\"copyrightHolder\":{\"@id\":\"https:\/\/www.estrategiaconcursos.com.br\/blog\/#organization\"}},{\"@type\":\"WebPage\",\"@id\":\"https:\/\/www.estrategiaconcursos.com.br\/blog\/concurso-pm-rn-2026-cargos-do-edital\/\",\"url\":\"https:\/\/www.estrategiaconcursos.com.br\/blog\/concurso-pm-rn-2026-cargos-do-edital\/\",\"name\":\"Concurso PM RN 2026: conhe\u00e7a os cargos do edital!\",\"isPartOf\":{\"@id\":\"https:\/\/www.estrategiaconcursos.com.br\/blog\/#website\"},\"primaryImageOfPage\":{\"@id\":\"https:\/\/www.estrategiaconcursos.com.br\/blog\/concurso-pm-rn-2026-cargos-do-edital\/#primaryimage\"},\"image\":{\"@id\":\"https:\/\/www.estrategiaconcursos.com.br\/blog\/concurso-pm-rn-2026-cargos-do-edital\/#primaryimage\"},\"thumbnailUrl\":\"https:\/\/dhg1h5j42swfq.cloudfront.net\/2022\/07\/01060125\/edital-concurso-pm-rn-oficial.jpg\",\"datePublished\":\"2026-03-12T18:51:58+00:00\",\"dateModified\":\"2026-03-12T18:52:00+00:00\",\"description\":\"Quais s\u00e3o os cargos ofertados no edital do concurso PM RN 2026? Acesse o site do Estrat\u00e9gia e veja os detalhes!\",\"breadcrumb\":{\"@id\":\"https:\/\/www.estrategiaconcursos.com.br\/blog\/concurso-pm-rn-2026-cargos-do-edital\/#breadcrumb\"},\"inLanguage\":\"pt-BR\",\"potentialAction\":[{\"@type\":\"ReadAction\",\"target\":[\"https:\/\/www.estrategiaconcursos.com.br\/blog\/concurso-pm-rn-2026-cargos-do-edital\/\"]}]},{\"@type\":\"ImageObject\",\"inLanguage\":\"pt-BR\",\"@id\":\"https:\/\/www.estrategiaconcursos.com.br\/blog\/concurso-pm-rn-2026-cargos-do-edital\/#primaryimage\",\"url\":\"https:\/\/dhg1h5j42swfq.cloudfront.net\/2022\/07\/01060125\/edital-concurso-pm-rn-oficial.jpg\",\"contentUrl\":\"https:\/\/dhg1h5j42swfq.cloudfront.net\/2022\/07\/01060125\/edital-concurso-pm-rn-oficial.jpg\",\"width\":300,\"height\":169,\"caption\":\"concurso pm rn\"},{\"@type\":\"BreadcrumbList\",\"@id\":\"https:\/\/www.estrategiaconcursos.com.br\/blog\/concurso-pm-rn-2026-cargos-do-edital\/#breadcrumb\",\"itemListElement\":[{\"@type\":\"ListItem\",\"position\":1,\"name\":\"In\u00edcio\",\"item\":\"https:\/\/www.estrategiaconcursos.com.br\/blog\/\"},{\"@type\":\"ListItem\",\"position\":2,\"name\":\"Concurso PM RN 2026: conhe\u00e7a os cargos do edital!\"}]},{\"@type\":\"WebSite\",\"@id\":\"https:\/\/www.estrategiaconcursos.com.br\/blog\/#website\",\"url\":\"https:\/\/www.estrategiaconcursos.com.br\/blog\/\",\"name\":\"Estrat\u00e9gia Concursos\",\"description\":\"O blog da Estrat\u00e9gia Concursos traz not\u00edcias sobre concursos e artigos de professores oferecendo cursos para concursos (pdf + videaulas) no site.\",\"publisher\":{\"@id\":\"https:\/\/www.estrategiaconcursos.com.br\/blog\/#organization\"},\"potentialAction\":[{\"@type\":\"SearchAction\",\"target\":{\"@type\":\"EntryPoint\",\"urlTemplate\":\"https:\/\/www.estrategiaconcursos.com.br\/blog\/?s={search_term_string}\"},\"query-input\":{\"@type\":\"PropertyValueSpecification\",\"valueRequired\":true,\"valueName\":\"search_term_string\"}}],\"inLanguage\":\"pt-BR\"},{\"@type\":\"Organization\",\"@id\":\"https:\/\/www.estrategiaconcursos.com.br\/blog\/#organization\",\"name\":\"Estrat\u00e9gia Concursos\",\"url\":\"https:\/\/www.estrategiaconcursos.com.br\/blog\/\",\"logo\":{\"@type\":\"ImageObject\",\"inLanguage\":\"pt-BR\",\"@id\":\"https:\/\/www.estrategiaconcursos.com.br\/blog\/#\/schema\/logo\/image\/\",\"url\":\"https:\/\/dhg1h5j42swfq.cloudfront.net\/2025\/06\/03203428\/logo_concursos-1.jpg\",\"contentUrl\":\"https:\/\/dhg1h5j42swfq.cloudfront.net\/2025\/06\/03203428\/logo_concursos-1.jpg\",\"width\":230,\"height\":60,\"caption\":\"Estrat\u00e9gia Concursos\"},\"image\":{\"@id\":\"https:\/\/www.estrategiaconcursos.com.br\/blog\/#\/schema\/logo\/image\/\"},\"sameAs\":[\"https:\/\/x.com\/EstratConcursos\"]},{\"@type\":\"Person\",\"@id\":\"https:\/\/www.estrategiaconcursos.com.br\/blog\/#\/schema\/person\/cc9e76173880338ce9f656c88664a1f6\",\"name\":\"Diogo Mendes\",\"image\":{\"@type\":\"ImageObject\",\"inLanguage\":\"pt-BR\",\"@id\":\"https:\/\/secure.gravatar.com\/avatar\/9754d6777d460a45ef4067b586b94c32005cc2345a0404b8d96adc620cf63806?s=96&d=mm&r=g\",\"url\":\"https:\/\/secure.gravatar.com\/avatar\/9754d6777d460a45ef4067b586b94c32005cc2345a0404b8d96adc620cf63806?s=96&d=mm&r=g\",\"contentUrl\":\"https:\/\/secure.gravatar.com\/avatar\/9754d6777d460a45ef4067b586b94c32005cc2345a0404b8d96adc620cf63806?s=96&d=mm&r=g\",\"caption\":\"Diogo Mendes\"},\"description\":\"Diogo Mendes \u00e9 jornalista formado pela Universidade Paulista, com experi\u00eancia em reda\u00e7\u00f5es de diversos ve\u00edculos e na produ\u00e7\u00e3o de conte\u00fados especializados em concursos p\u00fablicos. Desde 2019, atua no Estrat\u00e9gia Concursos como Jornalista e Analista de Conte\u00fado, com foco na apura\u00e7\u00e3o de informa\u00e7\u00f5es junto a \u00f3rg\u00e3os e fontes oficiais. Dedica-se especialmente \u00e0 produ\u00e7\u00e3o de not\u00edcias e reportagens sobre Concursos Legislativos, al\u00e9m de acompanhar diariamente os concursos policiais, banc\u00e1rios e da \u00e1rea da sa\u00fade.\",\"url\":\"https:\/\/www.estrategiaconcursos.com.br\/blog\/author\/diogo-mendesestrategiaconcursos-com-br\/\"}]}<\/script>\n<!-- \/ Yoast SEO Premium plugin. -->","yoast_head_json":{"title":"Concurso PM RN 2026: conhe\u00e7a os cargos do edital!","description":"Quais s\u00e3o os cargos ofertados no edital do concurso PM RN 2026? Acesse o site do Estrat\u00e9gia e veja os detalhes!","robots":{"index":"index","follow":"follow","max-snippet":"max-snippet:-1","max-image-preview":"max-image-preview:large","max-video-preview":"max-video-preview:-1"},"canonical":"https:\/\/www.estrategiaconcursos.com.br\/blog\/concurso-pm-rn-2026-cargos-do-edital\/","og_locale":"pt_BR","og_type":"article","og_title":"Concurso PM RN 2026: conhe\u00e7a os cargos do edital!","og_description":"Quais s\u00e3o os cargos ofertados no edital do concurso PM RN 2026? Acesse o site do Estrat\u00e9gia e veja os detalhes!","og_url":"https:\/\/www.estrategiaconcursos.com.br\/blog\/concurso-pm-rn-2026-cargos-do-edital\/","og_site_name":"Estrat\u00e9gia Concursos","article_published_time":"2026-03-12T18:51:58+00:00","article_modified_time":"2026-03-12T18:52:00+00:00","og_image":[{"width":300,"height":169,"url":"https:\/\/dhg1h5j42swfq.cloudfront.net\/2022\/07\/01060125\/edital-concurso-pm-rn-oficial.jpg","type":"image\/jpeg"}],"author":"Diogo Mendes","twitter_card":"summary_large_image","twitter_creator":"@EstratConcursos","twitter_site":"@EstratConcursos","twitter_misc":{"Escrito por":"Diogo Mendes","Est. tempo de leitura":"2 minutos"},"schema":{"@context":"https:\/\/schema.org","@graph":[{"@type":"NewsArticle","@id":"https:\/\/www.estrategiaconcursos.com.br\/blog\/concurso-pm-rn-2026-cargos-do-edital\/#article","isPartOf":{"@id":"https:\/\/www.estrategiaconcursos.com.br\/blog\/concurso-pm-rn-2026-cargos-do-edital\/"},"author":{"name":"Diogo Mendes","@id":"https:\/\/www.estrategiaconcursos.com.br\/blog\/#\/schema\/person\/cc9e76173880338ce9f656c88664a1f6"},"headline":"Concurso PM RN 2026: conhe\u00e7a os cargos do edital!","datePublished":"2026-03-12T18:51:58+00:00","dateModified":"2026-03-12T18:52:00+00:00","mainEntityOfPage":{"@id":"https:\/\/www.estrategiaconcursos.com.br\/blog\/concurso-pm-rn-2026-cargos-do-edital\/"},"wordCount":362,"commentCount":0,"publisher":{"@id":"https:\/\/www.estrategiaconcursos.com.br\/blog\/#organization"},"image":{"@id":"https:\/\/www.estrategiaconcursos.com.br\/blog\/concurso-pm-rn-2026-cargos-do-edital\/#primaryimage"},"thumbnailUrl":"https:\/\/dhg1h5j42swfq.cloudfront.net\/2022\/07\/01060125\/edital-concurso-pm-rn-oficial.jpg","articleSection":["Policial (PM\/BM - Pra\u00e7as)","Sa\u00fade","\u00daltimas not\u00edcias"],"inLanguage":"pt-BR","potentialAction":[{"@type":"CommentAction","name":"Comment","target":["https:\/\/www.estrategiaconcursos.com.br\/blog\/concurso-pm-rn-2026-cargos-do-edital\/#respond"]}],"copyrightYear":"2026","copyrightHolder":{"@id":"https:\/\/www.estrategiaconcursos.com.br\/blog\/#organization"}},{"@type":"WebPage","@id":"https:\/\/www.estrategiaconcursos.com.br\/blog\/concurso-pm-rn-2026-cargos-do-edital\/","url":"https:\/\/www.estrategiaconcursos.com.br\/blog\/concurso-pm-rn-2026-cargos-do-edital\/","name":"Concurso PM RN 2026: conhe\u00e7a os cargos do edital!","isPartOf":{"@id":"https:\/\/www.estrategiaconcursos.com.br\/blog\/#website"},"primaryImageOfPage":{"@id":"https:\/\/www.estrategiaconcursos.com.br\/blog\/concurso-pm-rn-2026-cargos-do-edital\/#primaryimage"},"image":{"@id":"https:\/\/www.estrategiaconcursos.com.br\/blog\/concurso-pm-rn-2026-cargos-do-edital\/#primaryimage"},"thumbnailUrl":"https:\/\/dhg1h5j42swfq.cloudfront.net\/2022\/07\/01060125\/edital-concurso-pm-rn-oficial.jpg","datePublished":"2026-03-12T18:51:58+00:00","dateModified":"2026-03-12T18:52:00+00:00","description":"Quais s\u00e3o os cargos ofertados no edital do concurso PM RN 2026? Acesse o site do Estrat\u00e9gia e veja os detalhes!","breadcrumb":{"@id":"https:\/\/www.estrategiaconcursos.com.br\/blog\/concurso-pm-rn-2026-cargos-do-edital\/#breadcrumb"},"inLanguage":"pt-BR","potentialAction":[{"@type":"ReadAction","target":["https:\/\/www.estrategiaconcursos.com.br\/blog\/concurso-pm-rn-2026-cargos-do-edital\/"]}]},{"@type":"ImageObject","inLanguage":"pt-BR","@id":"https:\/\/www.estrategiaconcursos.com.br\/blog\/concurso-pm-rn-2026-cargos-do-edital\/#primaryimage","url":"https:\/\/dhg1h5j42swfq.cloudfront.net\/2022\/07\/01060125\/edital-concurso-pm-rn-oficial.jpg","contentUrl":"https:\/\/dhg1h5j42swfq.cloudfront.net\/2022\/07\/01060125\/edital-concurso-pm-rn-oficial.jpg","width":300,"height":169,"caption":"concurso pm rn"},{"@type":"BreadcrumbList","@id":"https:\/\/www.estrategiaconcursos.com.br\/blog\/concurso-pm-rn-2026-cargos-do-edital\/#breadcrumb","itemListElement":[{"@type":"ListItem","position":1,"name":"In\u00edcio","item":"https:\/\/www.estrategiaconcursos.com.br\/blog\/"},{"@type":"ListItem","position":2,"name":"Concurso PM RN 2026: conhe\u00e7a os cargos do edital!"}]},{"@type":"WebSite","@id":"https:\/\/www.estrategiaconcursos.com.br\/blog\/#website","url":"https:\/\/www.estrategiaconcursos.com.br\/blog\/","name":"Estrat\u00e9gia Concursos","description":"O blog da Estrat\u00e9gia Concursos traz not\u00edcias sobre concursos e artigos de professores oferecendo cursos para concursos (pdf + videaulas) no site.","publisher":{"@id":"https:\/\/www.estrategiaconcursos.com.br\/blog\/#organization"},"potentialAction":[{"@type":"SearchAction","target":{"@type":"EntryPoint","urlTemplate":"https:\/\/www.estrategiaconcursos.com.br\/blog\/?s={search_term_string}"},"query-input":{"@type":"PropertyValueSpecification","valueRequired":true,"valueName":"search_term_string"}}],"inLanguage":"pt-BR"},{"@type":"Organization","@id":"https:\/\/www.estrategiaconcursos.com.br\/blog\/#organization","name":"Estrat\u00e9gia Concursos","url":"https:\/\/www.estrategiaconcursos.com.br\/blog\/","logo":{"@type":"ImageObject","inLanguage":"pt-BR","@id":"https:\/\/www.estrategiaconcursos.com.br\/blog\/#\/schema\/logo\/image\/","url":"https:\/\/dhg1h5j42swfq.cloudfront.net\/2025\/06\/03203428\/logo_concursos-1.jpg","contentUrl":"https:\/\/dhg1h5j42swfq.cloudfront.net\/2025\/06\/03203428\/logo_concursos-1.jpg","width":230,"height":60,"caption":"Estrat\u00e9gia Concursos"},"image":{"@id":"https:\/\/www.estrategiaconcursos.com.br\/blog\/#\/schema\/logo\/image\/"},"sameAs":["https:\/\/x.com\/EstratConcursos"]},{"@type":"Person","@id":"https:\/\/www.estrategiaconcursos.com.br\/blog\/#\/schema\/person\/cc9e76173880338ce9f656c88664a1f6","name":"Diogo Mendes","image":{"@type":"ImageObject","inLanguage":"pt-BR","@id":"https:\/\/secure.gravatar.com\/avatar\/9754d6777d460a45ef4067b586b94c32005cc2345a0404b8d96adc620cf63806?s=96&d=mm&r=g","url":"https:\/\/secure.gravatar.com\/avatar\/9754d6777d460a45ef4067b586b94c32005cc2345a0404b8d96adc620cf63806?s=96&d=mm&r=g","contentUrl":"https:\/\/secure.gravatar.com\/avatar\/9754d6777d460a45ef4067b586b94c32005cc2345a0404b8d96adc620cf63806?s=96&d=mm&r=g","caption":"Diogo Mendes"},"description":"Diogo Mendes \u00e9 jornalista formado pela Universidade Paulista, com experi\u00eancia em reda\u00e7\u00f5es de diversos ve\u00edculos e na produ\u00e7\u00e3o de conte\u00fados especializados em concursos p\u00fablicos. Desde 2019, atua no Estrat\u00e9gia Concursos como Jornalista e Analista de Conte\u00fado, com foco na apura\u00e7\u00e3o de informa\u00e7\u00f5es junto a \u00f3rg\u00e3os e fontes oficiais. Dedica-se especialmente \u00e0 produ\u00e7\u00e3o de not\u00edcias e reportagens sobre Concursos Legislativos, al\u00e9m de acompanhar diariamente os concursos policiais, banc\u00e1rios e da \u00e1rea da sa\u00fade.","url":"https:\/\/www.estrategiaconcursos.com.br\/blog\/author\/diogo-mendesestrategiaconcursos-com-br\/"}]}},"_links":{"self":[{"href":"https:\/\/www.estrategiaconcursos.com.br\/blog\/wp-json\/wp\/v2\/posts\/1732722","targetHints":{"allow":["GET"]}}],"collection":[{"href":"https:\/\/www.estrategiaconcursos.com.br\/blog\/wp-json\/wp\/v2\/posts"}],"about":[{"href":"https:\/\/www.estrategiaconcursos.com.br\/blog\/wp-json\/wp\/v2\/types\/post"}],"author":[{"embeddable":true,"href":"https:\/\/www.estrategiaconcursos.com.br\/blog\/wp-json\/wp\/v2\/users\/1483"}],"replies":[{"embeddable":true,"href":"https:\/\/www.estrategiaconcursos.com.br\/blog\/wp-json\/wp\/v2\/comments?post=1732722"}],"version-history":[{"count":2,"href":"https:\/\/www.estrategiaconcursos.com.br\/blog\/wp-json\/wp\/v2\/posts\/1732722\/revisions"}],"predecessor-version":[{"id":1732879,"href":"https:\/\/www.estrategiaconcursos.com.br\/blog\/wp-json\/wp\/v2\/posts\/1732722\/revisions\/1732879"}],"wp:featuredmedia":[{"embeddable":true,"href":"https:\/\/www.estrategiaconcursos.com.br\/blog\/wp-json\/wp\/v2\/media\/1053604"}],"wp:attachment":[{"href":"https:\/\/www.estrategiaconcursos.com.br\/blog\/wp-json\/wp\/v2\/media?parent=1732722"}],"wp:term":[{"taxonomy":"category","embeddable":true,"href":"https:\/\/www.estrategiaconcursos.com.br\/blog\/wp-json\/wp\/v2\/categories?post=1732722"},{"taxonomy":"post_tag","embeddable":true,"href":"https:\/\/www.estrategiaconcursos.com.br\/blog\/wp-json\/wp\/v2\/tags?post=1732722"},{"taxonomy":"tax_estado","embeddable":true,"href":"https:\/\/www.estrategiaconcursos.com.br\/blog\/wp-json\/wp\/v2\/tax_estado?post=1732722"}],"curies":[{"name":"wp","href":"https:\/\/api.w.org\/{rel}","templated":true}]}}