{"id":17327,"date":"2014-08-12T17:27:41","date_gmt":"2014-08-12T20:27:41","guid":{"rendered":"https:\/\/www.estrategiaconcursos.com.br\/blog\/?p=17327"},"modified":"2015-01-05T16:27:19","modified_gmt":"2015-01-05T19:27:19","slug":"nocoes-de-contabilidade-tecnico-mp-sc-comentarios-prova-reaplicada","status":"publish","type":"post","link":"https:\/\/www.estrategiaconcursos.com.br\/blog\/nocoes-de-contabilidade-tecnico-mp-sc-comentarios-prova-reaplicada\/","title":{"rendered":"No\u00e7\u00f5es de Contabilidade &#8211; T\u00e9cnico MP-SC &#8211; Coment\u00e1rios Prova Reaplicada"},"content":{"rendered":"<p>Pessoal, a seguir seguem breves coment\u00e1rios sobre a prova de No\u00e7\u00f5es de Contabilidade reaplicada no \u00faltimo domingo (10\/08) para T\u00e9cnico do Minist\u00e9rio P\u00fablico \u2013 SC pela FEPESE. A prova, infelizmente, estava muito f\u00e1cil, nivelando por baixo. Veio em um n\u00edvel bem mais tranquilo que a outra prova, exigindo conhecimentos basilares sobre a disciplina.<\/p>\n<hr \/>\n<p>(FEPESE\/T\u00e9cnico do Minist\u00e9rio P\u00fablico \u2013 SC\/Reaplica\u00e7\u00e3o\/2014) 53. A Demonstra\u00e7\u00e3o Cont\u00e1bil que apresenta o total do ativo, passivo e patrim\u00f4nio l\u00edquido denomina-se:<\/p>\n<p>a. ( ) Balan\u00e7o Patrimonial.<\/p>\n<p>b. ( ) Demonstra\u00e7\u00e3o do Fluxo de Caixa.<\/p>\n<p>c. ( ) Demonstra\u00e7\u00e3o das Contas a Pagar.<\/p>\n<p>d. ( ) Demonstra\u00e7\u00e3o do Resultado do Exerc\u00edcio.<\/p>\n<p>e. ( ) Demonstra\u00e7\u00e3o das Origens e Aplica\u00e7\u00f5es dos Recursos.<\/p>\n<hr \/>\n<p>&nbsp;<\/p>\n<p>Quest\u00e3o simples. Conforme estudamos em nosso curso, a Demonstra\u00e7\u00e3o Cont\u00e1bil que apresenta o total do ativo, passivo e patrim\u00f4nio l\u00edquido \u00e9 o Balan\u00e7o Patrimonial.<\/p>\n<p>Gabarito: A<\/p>\n<hr \/>\n<p>(FEPESE\/T\u00e9cnico do Minist\u00e9rio P\u00fablico \u2013 SC\/Reaplica\u00e7\u00e3o\/2014) 54. Os bens, direitos e valores a receber de uma entidade s\u00e3o representados na conta:<\/p>\n<p>a. ( ) Ativo.<\/p>\n<p>b. ( ) Passivo.<\/p>\n<p>c. ( ) Patrim\u00f4nio L\u00edquido.<\/p>\n<p>d. ( ) Reserva Legal.<\/p>\n<p>e. ( ) Capital Social.<\/p>\n<hr \/>\n<p>&nbsp;<\/p>\n<p>Na verdade o ativo n\u00e3o \u00e9 uma conta, mas sim um grupo patrimonial. No entanto, \u00e9 no grupo do ativo que registramos as contas relativas aos bens, direitos e valores a receber de uma entidade.<\/p>\n<p>Gabarito: A<\/p>\n<hr \/>\n<p>(FEPESE\/T\u00e9cnico do Minist\u00e9rio P\u00fablico \u2013 SC\/Reaplica\u00e7\u00e3o\/2014) 55. A conta que representa todas as obriga\u00e7\u00f5es financeiras que uma empresa tem para com terceiros denomina-se:<\/p>\n<p>a. ( ) Ativo.<\/p>\n<p>b. ( ) Passivo.<\/p>\n<p>c. ( ) Patrim\u00f4nio L\u00edquido.<\/p>\n<p>d. ( ) Reserva Legal.<\/p>\n<p>e. ( ) Capital Social.<\/p>\n<hr \/>\n<p>&nbsp;<\/p>\n<p>Na verdade o passivo n\u00e3o \u00e9 uma conta, mas sim um grupo patrimonial. No entanto, \u00e9 no grupo passivo que registramos todas as contas relativas \u00e0s obriga\u00e7\u00f5es financeiras de uma empresa para com terceiros.<\/p>\n<p>Gabarito: B<\/p>\n<hr \/>\n<p>&nbsp;<\/p>\n<p>(FEPESE\/T\u00e9cnico do Minist\u00e9rio P\u00fablico \u2013 SC\/Reaplica\u00e7\u00e3o\/2014) 56. O principal objeto da Contabilidade \u00e9:<\/p>\n<p>a. ( ) a receita.<\/p>\n<p>b. ( ) o capital social.<\/p>\n<p>c. ( ) a reserva legal.<\/p>\n<p>d. ( ) o patrim\u00f4nio.<\/p>\n<p>e. ( ) o lucro.<\/p>\n<hr \/>\n<p>&nbsp;<\/p>\n<p>Vimos mais de uma quest\u00e3o praticamente igual a essa em nosso curso. Trata-se de quest\u00e3o manjada em que se exige conhecimento simples sobre o objeto da Contabilidade: o patrim\u00f4nio.<\/p>\n<p>Gabarito: D<\/p>\n<hr \/>\n<p>(FEPESE\/T\u00e9cnico do Minist\u00e9rio P\u00fablico \u2013 SC\/Reaplica\u00e7\u00e3o\/2014) 57. Constituem parte da classifica\u00e7\u00e3o dos fatos cont\u00e1beis:<\/p>\n<p>1. Fatos Permutativos<\/p>\n<p>2. Fatos Modificativos<\/p>\n<p>3. Fatos de patrim\u00f4nio l\u00edquido<\/p>\n<p>Assinale a alternativa que indica todas as afirmativas corretas.<\/p>\n<p>a. ( ) \u00c9 correta apenas a afirmativa 1.<\/p>\n<p>b. ( ) S\u00e3o corretas apenas as afirmativas 1 e 2.<\/p>\n<p>c. ( ) S\u00e3o corretas apenas as afirmativas 1 e 3.<\/p>\n<p>d. ( ) S\u00e3o corretas apenas as afirmativas 2 e 3.<\/p>\n<p>e. ( ) S\u00e3o corretas as afirmativas 1, 2 e 3.<\/p>\n<hr \/>\n<p>&nbsp;<\/p>\n<p>Os fatos cont\u00e1beis podem ser permutativos ou modificativos (aumentativos\/diminutivos). Fatos do patrim\u00f4nio l\u00edquido n\u00e3o entram na classifica\u00e7\u00e3o. Trata-se de inven\u00e7\u00e3o da banca. Dentro do grupo Patrim\u00f4nio L\u00edquido encontramos fatos permutativos e modificativos.<\/p>\n<p>Gabarito: B<\/p>\n<hr \/>\n<p>(FEPESE\/T\u00e9cnico do Minist\u00e9rio P\u00fablico \u2013 SC\/Reaplica\u00e7\u00e3o\/2014) 58. S\u00e3o usu\u00e1rios da Contabilidade:<\/p>\n<p>1. S\u00f3cios, acionistas, propriet\u00e1rios.<\/p>\n<p>2. Diretores, administradores, executivos.<\/p>\n<p>3. Institui\u00e7\u00f5es financeiras.<\/p>\n<p>Assinale a alternativa que indica todas as afirmativas corretas.<\/p>\n<p>a. ( ) \u00c9 correta apenas a afirmativa 1.<\/p>\n<p>b. ( ) S\u00e3o corretas apenas as afirmativas 1 e 2.<\/p>\n<p>c. ( ) S\u00e3o corretas apenas as afirmativas 1 e 3.<\/p>\n<p>d. ( ) S\u00e3o corretas apenas as afirmativas 2 e 3.<\/p>\n<p>e. ( \u00a0) S\u00e3o corretas as afirmativas 1, 2 e 3.<\/p>\n<hr \/>\n<p>&nbsp;<\/p>\n<p>Em nosso curso estudamos que existem in\u00fameros usu\u00e1rios da Contabilidade, entre eles, podem ser citados: s\u00f3cios, acionistas, propriet\u00e1rios, diretores, administradores, executivos e institui\u00e7\u00f5es financeiras.<\/p>\n<p>Gabarito: E<\/p>\n<hr \/>\n<p>&nbsp;<\/p>\n<p>(FEPESE\/T\u00e9cnico do Minist\u00e9rio P\u00fablico \u2013 SC\/Reaplica\u00e7\u00e3o\/2014) 59. Direitos sobre marcas, patentes, direitos autorais s\u00e3o exemplos de:<\/p>\n<p>a. ( ) caixa.<\/p>\n<p>b. ( ) bens intang\u00edveis.<\/p>\n<p>c. ( ) duplicatas a receber.<\/p>\n<p>d. ( ) direitos intang\u00edveis.<\/p>\n<p>e. ( ) obriga\u00e7\u00f5es.<\/p>\n<hr \/>\n<p>&nbsp;<\/p>\n<p>Os direitos sobre marcas, patentes e direitos autorais s\u00e3o exemplos cl\u00e1ssicos de bens intang\u00edveis.<\/p>\n<p>Gabarito: B<\/p>\n<p>Um forte abra\u00e7o!<\/p>\n<p>Possati<\/p>\n<p>gilmarpossati@estrategiaconcursos.com.br<\/p>\n","protected":false},"excerpt":{"rendered":"<p>Pessoal, a seguir seguem breves coment\u00e1rios sobre a prova de No\u00e7\u00f5es de Contabilidade reaplicada no \u00faltimo domingo (10\/08) para T\u00e9cnico do Minist\u00e9rio P\u00fablico \u2013 SC pela FEPESE. A prova, infelizmente, estava muito f\u00e1cil, nivelando por baixo. Veio em um n\u00edvel bem mais tranquilo que a outra prova, exigindo conhecimentos basilares sobre a disciplina. (FEPESE\/T\u00e9cnico do [&hellip;]<\/p>\n","protected":false},"author":147,"featured_media":0,"comment_status":"open","ping_status":"open","sticky":false,"template":"","format":"standard","meta":{"post_tipo":"article","footnotes":""},"categories":[],"tags":[536],"tax_estado":[],"class_list":["post-17327","post","type-post","status-publish","format-standard","hentry","tag-contabilidade"],"acf":[],"yoast_head":"<!-- This site is optimized with the Yoast SEO Premium plugin v27.2 (Yoast SEO v27.2) - https:\/\/yoast.com\/product\/yoast-seo-premium-wordpress\/ -->\n<title>No\u00e7\u00f5es de Contabilidade - T\u00e9cnico MP-SC - Coment\u00e1rios Prova Reaplicada<\/title>\n<meta name=\"robots\" content=\"index, follow, max-snippet:-1, max-image-preview:large, max-video-preview:-1\" \/>\n<link rel=\"canonical\" href=\"https:\/\/www.estrategiaconcursos.com.br\/blog\/nocoes-de-contabilidade-tecnico-mp-sc-comentarios-prova-reaplicada\/\" \/>\n<meta property=\"og:locale\" content=\"pt_BR\" \/>\n<meta property=\"og:type\" content=\"article\" \/>\n<meta property=\"og:title\" content=\"No\u00e7\u00f5es de Contabilidade - T\u00e9cnico MP-SC - Coment\u00e1rios Prova Reaplicada\" \/>\n<meta property=\"og:description\" content=\"Pessoal, a seguir seguem breves coment\u00e1rios sobre a prova de No\u00e7\u00f5es de Contabilidade reaplicada no \u00faltimo domingo (10\/08) para T\u00e9cnico do Minist\u00e9rio P\u00fablico \u2013 SC pela FEPESE. A prova, infelizmente, estava muito f\u00e1cil, nivelando por baixo. Veio em um n\u00edvel bem mais tranquilo que a outra prova, exigindo conhecimentos basilares sobre a disciplina. (FEPESE\/T\u00e9cnico do [&hellip;]\" \/>\n<meta property=\"og:url\" content=\"https:\/\/www.estrategiaconcursos.com.br\/blog\/nocoes-de-contabilidade-tecnico-mp-sc-comentarios-prova-reaplicada\/\" \/>\n<meta property=\"og:site_name\" content=\"Estrat\u00e9gia Concursos\" \/>\n<meta property=\"article:published_time\" content=\"2014-08-12T20:27:41+00:00\" \/>\n<meta property=\"article:modified_time\" content=\"2015-01-05T19:27:19+00:00\" \/>\n<meta name=\"author\" content=\"Gilmar Possati\" \/>\n<meta name=\"twitter:card\" content=\"summary_large_image\" \/>\n<meta name=\"twitter:creator\" content=\"@EstratConcursos\" \/>\n<meta name=\"twitter:site\" content=\"@EstratConcursos\" \/>\n<meta name=\"twitter:label1\" content=\"Escrito por\" \/>\n\t<meta name=\"twitter:data1\" content=\"Gilmar Possati\" \/>\n\t<meta name=\"twitter:label2\" content=\"Est. tempo de leitura\" \/>\n\t<meta name=\"twitter:data2\" content=\"3 minutos\" \/>\n<script type=\"application\/ld+json\" class=\"yoast-schema-graph\">{\"@context\":\"https:\/\/schema.org\",\"@graph\":[{\"@type\":\"NewsArticle\",\"@id\":\"https:\/\/www.estrategiaconcursos.com.br\/blog\/nocoes-de-contabilidade-tecnico-mp-sc-comentarios-prova-reaplicada\/#article\",\"isPartOf\":{\"@id\":\"https:\/\/www.estrategiaconcursos.com.br\/blog\/nocoes-de-contabilidade-tecnico-mp-sc-comentarios-prova-reaplicada\/\"},\"author\":{\"name\":\"Gilmar Possati\",\"@id\":\"https:\/\/www.estrategiaconcursos.com.br\/blog\/#\/schema\/person\/9660a35d48e0e0be2d64dd4af75e4bc0\"},\"headline\":\"No\u00e7\u00f5es de Contabilidade &#8211; T\u00e9cnico MP-SC &#8211; Coment\u00e1rios Prova Reaplicada\",\"datePublished\":\"2014-08-12T20:27:41+00:00\",\"dateModified\":\"2015-01-05T19:27:19+00:00\",\"mainEntityOfPage\":{\"@id\":\"https:\/\/www.estrategiaconcursos.com.br\/blog\/nocoes-de-contabilidade-tecnico-mp-sc-comentarios-prova-reaplicada\/\"},\"wordCount\":688,\"commentCount\":1,\"publisher\":{\"@id\":\"https:\/\/www.estrategiaconcursos.com.br\/blog\/#organization\"},\"keywords\":[\"Contabilidade\"],\"inLanguage\":\"pt-BR\",\"potentialAction\":[{\"@type\":\"CommentAction\",\"name\":\"Comment\",\"target\":[\"https:\/\/www.estrategiaconcursos.com.br\/blog\/nocoes-de-contabilidade-tecnico-mp-sc-comentarios-prova-reaplicada\/#respond\"]}],\"copyrightYear\":\"2014\",\"copyrightHolder\":{\"@id\":\"https:\/\/www.estrategiaconcursos.com.br\/blog\/#organization\"}},{\"@type\":\"WebPage\",\"@id\":\"https:\/\/www.estrategiaconcursos.com.br\/blog\/nocoes-de-contabilidade-tecnico-mp-sc-comentarios-prova-reaplicada\/\",\"url\":\"https:\/\/www.estrategiaconcursos.com.br\/blog\/nocoes-de-contabilidade-tecnico-mp-sc-comentarios-prova-reaplicada\/\",\"name\":\"No\u00e7\u00f5es de Contabilidade - T\u00e9cnico MP-SC - Coment\u00e1rios Prova Reaplicada\",\"isPartOf\":{\"@id\":\"https:\/\/www.estrategiaconcursos.com.br\/blog\/#website\"},\"datePublished\":\"2014-08-12T20:27:41+00:00\",\"dateModified\":\"2015-01-05T19:27:19+00:00\",\"breadcrumb\":{\"@id\":\"https:\/\/www.estrategiaconcursos.com.br\/blog\/nocoes-de-contabilidade-tecnico-mp-sc-comentarios-prova-reaplicada\/#breadcrumb\"},\"inLanguage\":\"pt-BR\",\"potentialAction\":[{\"@type\":\"ReadAction\",\"target\":[\"https:\/\/www.estrategiaconcursos.com.br\/blog\/nocoes-de-contabilidade-tecnico-mp-sc-comentarios-prova-reaplicada\/\"]}]},{\"@type\":\"BreadcrumbList\",\"@id\":\"https:\/\/www.estrategiaconcursos.com.br\/blog\/nocoes-de-contabilidade-tecnico-mp-sc-comentarios-prova-reaplicada\/#breadcrumb\",\"itemListElement\":[{\"@type\":\"ListItem\",\"position\":1,\"name\":\"In\u00edcio\",\"item\":\"https:\/\/www.estrategiaconcursos.com.br\/blog\/\"},{\"@type\":\"ListItem\",\"position\":2,\"name\":\"No\u00e7\u00f5es de Contabilidade &#8211; T\u00e9cnico MP-SC &#8211; Coment\u00e1rios Prova Reaplicada\"}]},{\"@type\":\"WebSite\",\"@id\":\"https:\/\/www.estrategiaconcursos.com.br\/blog\/#website\",\"url\":\"https:\/\/www.estrategiaconcursos.com.br\/blog\/\",\"name\":\"Estrat\u00e9gia Concursos\",\"description\":\"O blog da Estrat\u00e9gia Concursos traz not\u00edcias sobre concursos e artigos de professores oferecendo cursos para concursos (pdf + videaulas) no site.\",\"publisher\":{\"@id\":\"https:\/\/www.estrategiaconcursos.com.br\/blog\/#organization\"},\"potentialAction\":[{\"@type\":\"SearchAction\",\"target\":{\"@type\":\"EntryPoint\",\"urlTemplate\":\"https:\/\/www.estrategiaconcursos.com.br\/blog\/?s={search_term_string}\"},\"query-input\":{\"@type\":\"PropertyValueSpecification\",\"valueRequired\":true,\"valueName\":\"search_term_string\"}}],\"inLanguage\":\"pt-BR\"},{\"@type\":\"Organization\",\"@id\":\"https:\/\/www.estrategiaconcursos.com.br\/blog\/#organization\",\"name\":\"Estrat\u00e9gia Concursos\",\"url\":\"https:\/\/www.estrategiaconcursos.com.br\/blog\/\",\"logo\":{\"@type\":\"ImageObject\",\"inLanguage\":\"pt-BR\",\"@id\":\"https:\/\/www.estrategiaconcursos.com.br\/blog\/#\/schema\/logo\/image\/\",\"url\":\"https:\/\/dhg1h5j42swfq.cloudfront.net\/2025\/06\/03203428\/logo_concursos-1.jpg\",\"contentUrl\":\"https:\/\/dhg1h5j42swfq.cloudfront.net\/2025\/06\/03203428\/logo_concursos-1.jpg\",\"width\":230,\"height\":60,\"caption\":\"Estrat\u00e9gia Concursos\"},\"image\":{\"@id\":\"https:\/\/www.estrategiaconcursos.com.br\/blog\/#\/schema\/logo\/image\/\"},\"sameAs\":[\"https:\/\/x.com\/EstratConcursos\"]},{\"@type\":\"Person\",\"@id\":\"https:\/\/www.estrategiaconcursos.com.br\/blog\/#\/schema\/person\/9660a35d48e0e0be2d64dd4af75e4bc0\",\"name\":\"Gilmar Possati\",\"image\":{\"@type\":\"ImageObject\",\"inLanguage\":\"pt-BR\",\"@id\":\"https:\/\/secure.gravatar.com\/avatar\/e9ab3ac77ba7f458bfef2113ea7deb36e4cbb955307f2f888d0dac0cafa0e752?s=96&d=mm&r=g\",\"url\":\"https:\/\/secure.gravatar.com\/avatar\/e9ab3ac77ba7f458bfef2113ea7deb36e4cbb955307f2f888d0dac0cafa0e752?s=96&d=mm&r=g\",\"contentUrl\":\"https:\/\/secure.gravatar.com\/avatar\/e9ab3ac77ba7f458bfef2113ea7deb36e4cbb955307f2f888d0dac0cafa0e752?s=96&d=mm&r=g\",\"caption\":\"Gilmar Possati\"},\"url\":\"https:\/\/www.estrategiaconcursos.com.br\/blog\/author\/gilmarpossatiestrategiaconcursos-com-br\/\"}]}<\/script>\n<!-- \/ Yoast SEO Premium plugin. -->","yoast_head_json":{"title":"No\u00e7\u00f5es de Contabilidade - T\u00e9cnico MP-SC - Coment\u00e1rios Prova Reaplicada","robots":{"index":"index","follow":"follow","max-snippet":"max-snippet:-1","max-image-preview":"max-image-preview:large","max-video-preview":"max-video-preview:-1"},"canonical":"https:\/\/www.estrategiaconcursos.com.br\/blog\/nocoes-de-contabilidade-tecnico-mp-sc-comentarios-prova-reaplicada\/","og_locale":"pt_BR","og_type":"article","og_title":"No\u00e7\u00f5es de Contabilidade - T\u00e9cnico MP-SC - Coment\u00e1rios Prova Reaplicada","og_description":"Pessoal, a seguir seguem breves coment\u00e1rios sobre a prova de No\u00e7\u00f5es de Contabilidade reaplicada no \u00faltimo domingo (10\/08) para T\u00e9cnico do Minist\u00e9rio P\u00fablico \u2013 SC pela FEPESE. A prova, infelizmente, estava muito f\u00e1cil, nivelando por baixo. Veio em um n\u00edvel bem mais tranquilo que a outra prova, exigindo conhecimentos basilares sobre a disciplina. (FEPESE\/T\u00e9cnico do [&hellip;]","og_url":"https:\/\/www.estrategiaconcursos.com.br\/blog\/nocoes-de-contabilidade-tecnico-mp-sc-comentarios-prova-reaplicada\/","og_site_name":"Estrat\u00e9gia Concursos","article_published_time":"2014-08-12T20:27:41+00:00","article_modified_time":"2015-01-05T19:27:19+00:00","author":"Gilmar Possati","twitter_card":"summary_large_image","twitter_creator":"@EstratConcursos","twitter_site":"@EstratConcursos","twitter_misc":{"Escrito por":"Gilmar Possati","Est. tempo de leitura":"3 minutos"},"schema":{"@context":"https:\/\/schema.org","@graph":[{"@type":"NewsArticle","@id":"https:\/\/www.estrategiaconcursos.com.br\/blog\/nocoes-de-contabilidade-tecnico-mp-sc-comentarios-prova-reaplicada\/#article","isPartOf":{"@id":"https:\/\/www.estrategiaconcursos.com.br\/blog\/nocoes-de-contabilidade-tecnico-mp-sc-comentarios-prova-reaplicada\/"},"author":{"name":"Gilmar Possati","@id":"https:\/\/www.estrategiaconcursos.com.br\/blog\/#\/schema\/person\/9660a35d48e0e0be2d64dd4af75e4bc0"},"headline":"No\u00e7\u00f5es de Contabilidade &#8211; T\u00e9cnico MP-SC &#8211; Coment\u00e1rios Prova Reaplicada","datePublished":"2014-08-12T20:27:41+00:00","dateModified":"2015-01-05T19:27:19+00:00","mainEntityOfPage":{"@id":"https:\/\/www.estrategiaconcursos.com.br\/blog\/nocoes-de-contabilidade-tecnico-mp-sc-comentarios-prova-reaplicada\/"},"wordCount":688,"commentCount":1,"publisher":{"@id":"https:\/\/www.estrategiaconcursos.com.br\/blog\/#organization"},"keywords":["Contabilidade"],"inLanguage":"pt-BR","potentialAction":[{"@type":"CommentAction","name":"Comment","target":["https:\/\/www.estrategiaconcursos.com.br\/blog\/nocoes-de-contabilidade-tecnico-mp-sc-comentarios-prova-reaplicada\/#respond"]}],"copyrightYear":"2014","copyrightHolder":{"@id":"https:\/\/www.estrategiaconcursos.com.br\/blog\/#organization"}},{"@type":"WebPage","@id":"https:\/\/www.estrategiaconcursos.com.br\/blog\/nocoes-de-contabilidade-tecnico-mp-sc-comentarios-prova-reaplicada\/","url":"https:\/\/www.estrategiaconcursos.com.br\/blog\/nocoes-de-contabilidade-tecnico-mp-sc-comentarios-prova-reaplicada\/","name":"No\u00e7\u00f5es de Contabilidade - T\u00e9cnico MP-SC - Coment\u00e1rios Prova Reaplicada","isPartOf":{"@id":"https:\/\/www.estrategiaconcursos.com.br\/blog\/#website"},"datePublished":"2014-08-12T20:27:41+00:00","dateModified":"2015-01-05T19:27:19+00:00","breadcrumb":{"@id":"https:\/\/www.estrategiaconcursos.com.br\/blog\/nocoes-de-contabilidade-tecnico-mp-sc-comentarios-prova-reaplicada\/#breadcrumb"},"inLanguage":"pt-BR","potentialAction":[{"@type":"ReadAction","target":["https:\/\/www.estrategiaconcursos.com.br\/blog\/nocoes-de-contabilidade-tecnico-mp-sc-comentarios-prova-reaplicada\/"]}]},{"@type":"BreadcrumbList","@id":"https:\/\/www.estrategiaconcursos.com.br\/blog\/nocoes-de-contabilidade-tecnico-mp-sc-comentarios-prova-reaplicada\/#breadcrumb","itemListElement":[{"@type":"ListItem","position":1,"name":"In\u00edcio","item":"https:\/\/www.estrategiaconcursos.com.br\/blog\/"},{"@type":"ListItem","position":2,"name":"No\u00e7\u00f5es de Contabilidade &#8211; T\u00e9cnico MP-SC &#8211; Coment\u00e1rios Prova Reaplicada"}]},{"@type":"WebSite","@id":"https:\/\/www.estrategiaconcursos.com.br\/blog\/#website","url":"https:\/\/www.estrategiaconcursos.com.br\/blog\/","name":"Estrat\u00e9gia Concursos","description":"O blog da Estrat\u00e9gia Concursos traz not\u00edcias sobre concursos e artigos de professores oferecendo cursos para concursos (pdf + videaulas) no site.","publisher":{"@id":"https:\/\/www.estrategiaconcursos.com.br\/blog\/#organization"},"potentialAction":[{"@type":"SearchAction","target":{"@type":"EntryPoint","urlTemplate":"https:\/\/www.estrategiaconcursos.com.br\/blog\/?s={search_term_string}"},"query-input":{"@type":"PropertyValueSpecification","valueRequired":true,"valueName":"search_term_string"}}],"inLanguage":"pt-BR"},{"@type":"Organization","@id":"https:\/\/www.estrategiaconcursos.com.br\/blog\/#organization","name":"Estrat\u00e9gia Concursos","url":"https:\/\/www.estrategiaconcursos.com.br\/blog\/","logo":{"@type":"ImageObject","inLanguage":"pt-BR","@id":"https:\/\/www.estrategiaconcursos.com.br\/blog\/#\/schema\/logo\/image\/","url":"https:\/\/dhg1h5j42swfq.cloudfront.net\/2025\/06\/03203428\/logo_concursos-1.jpg","contentUrl":"https:\/\/dhg1h5j42swfq.cloudfront.net\/2025\/06\/03203428\/logo_concursos-1.jpg","width":230,"height":60,"caption":"Estrat\u00e9gia Concursos"},"image":{"@id":"https:\/\/www.estrategiaconcursos.com.br\/blog\/#\/schema\/logo\/image\/"},"sameAs":["https:\/\/x.com\/EstratConcursos"]},{"@type":"Person","@id":"https:\/\/www.estrategiaconcursos.com.br\/blog\/#\/schema\/person\/9660a35d48e0e0be2d64dd4af75e4bc0","name":"Gilmar Possati","image":{"@type":"ImageObject","inLanguage":"pt-BR","@id":"https:\/\/secure.gravatar.com\/avatar\/e9ab3ac77ba7f458bfef2113ea7deb36e4cbb955307f2f888d0dac0cafa0e752?s=96&d=mm&r=g","url":"https:\/\/secure.gravatar.com\/avatar\/e9ab3ac77ba7f458bfef2113ea7deb36e4cbb955307f2f888d0dac0cafa0e752?s=96&d=mm&r=g","contentUrl":"https:\/\/secure.gravatar.com\/avatar\/e9ab3ac77ba7f458bfef2113ea7deb36e4cbb955307f2f888d0dac0cafa0e752?s=96&d=mm&r=g","caption":"Gilmar Possati"},"url":"https:\/\/www.estrategiaconcursos.com.br\/blog\/author\/gilmarpossatiestrategiaconcursos-com-br\/"}]}},"_links":{"self":[{"href":"https:\/\/www.estrategiaconcursos.com.br\/blog\/wp-json\/wp\/v2\/posts\/17327","targetHints":{"allow":["GET"]}}],"collection":[{"href":"https:\/\/www.estrategiaconcursos.com.br\/blog\/wp-json\/wp\/v2\/posts"}],"about":[{"href":"https:\/\/www.estrategiaconcursos.com.br\/blog\/wp-json\/wp\/v2\/types\/post"}],"author":[{"embeddable":true,"href":"https:\/\/www.estrategiaconcursos.com.br\/blog\/wp-json\/wp\/v2\/users\/147"}],"replies":[{"embeddable":true,"href":"https:\/\/www.estrategiaconcursos.com.br\/blog\/wp-json\/wp\/v2\/comments?post=17327"}],"version-history":[{"count":1,"href":"https:\/\/www.estrategiaconcursos.com.br\/blog\/wp-json\/wp\/v2\/posts\/17327\/revisions"}],"predecessor-version":[{"id":17329,"href":"https:\/\/www.estrategiaconcursos.com.br\/blog\/wp-json\/wp\/v2\/posts\/17327\/revisions\/17329"}],"wp:attachment":[{"href":"https:\/\/www.estrategiaconcursos.com.br\/blog\/wp-json\/wp\/v2\/media?parent=17327"}],"wp:term":[{"taxonomy":"category","embeddable":true,"href":"https:\/\/www.estrategiaconcursos.com.br\/blog\/wp-json\/wp\/v2\/categories?post=17327"},{"taxonomy":"post_tag","embeddable":true,"href":"https:\/\/www.estrategiaconcursos.com.br\/blog\/wp-json\/wp\/v2\/tags?post=17327"},{"taxonomy":"tax_estado","embeddable":true,"href":"https:\/\/www.estrategiaconcursos.com.br\/blog\/wp-json\/wp\/v2\/tax_estado?post=17327"}],"curies":[{"name":"wp","href":"https:\/\/api.w.org\/{rel}","templated":true}]}}