{"id":1732581,"date":"2026-03-14T14:20:02","date_gmt":"2026-03-14T17:20:02","guid":{"rendered":"https:\/\/www.estrategiaconcursos.com.br\/blog\/?p=1732581"},"modified":"2026-03-12T14:40:12","modified_gmt":"2026-03-12T17:40:12","slug":"concurso-mp-es-2026-requisitos","status":"publish","type":"post","link":"https:\/\/www.estrategiaconcursos.com.br\/blog\/concurso-mp-es-2026-requisitos\/","title":{"rendered":"Quais s\u00e3o os requisitos do concurso MP ES? Saiba aqui!"},"content":{"rendered":"\n<p>O <strong><a href=\"https:\/\/www.estrategiaconcursos.com.br\/cursosPorConcurso\/ministerio-publico-do-espirito-santo-mp-es-servidores\/\" target=\"_blank\" rel=\"noreferrer noopener\">Minist\u00e9rio P\u00fablico do Esp\u00edrito Santo<\/a><\/strong> teve seu mais novo edital publicado!<\/p>\n\n\n\n<p>S\u00e3o ofertadas 60 vagas para os cargos de <strong>Agente de Apoio, Agente T\u00e9cnico e Agente Especializado,<\/strong> de n\u00edveis m\u00e9dio e superior. Os sal\u00e1rios variam de <strong>R$ 5.073,26 a R$ 10.453,81<\/strong>.<\/p>\n\n\n\n<p>Sob organiza\u00e7\u00e3o da FGV, \u00e9 muito importante que voc\u00ea saiba os requisitos dos cargos ofertados para poder participar e realizar sua inscri\u00e7\u00e3o!<\/p>\n\n\n\n<h2 class=\"wp-block-heading\" id=\"h-requisitos-do-concurso-mp-es\">Requisitos do concurso MP ES<\/h2>\n\n\n\n<p><strong>Requisitos b\u00e1sicos<\/strong><\/p>\n\n\n\n<p>Para investidura no cargo, o candidato dever\u00e1 atender, cumulativamente, aos seguintes requisitos:<\/p>\n\n\n\n<p>a) ter sido aprovado e classificado no Concurso P\u00fablico, na forma estabelecida neste Edital;<br \/>b) ter nacionalidade brasileira ou portuguesa e, no caso de nacionalidade portuguesa, estar amparado pelo estatuto de igualdade entre brasileiros e portugueses, com reconhecimento do gozo dos direitos pol\u00edticos, nos termos do \u00a7 1\u00ba do art. 12 da Constitui\u00e7\u00e3o Federal;<br \/>c) estar em gozo dos direitos pol\u00edticos;<br \/>d) estar quite com as obriga\u00e7\u00f5es militares, em caso de candidato do sexo masculino;<br \/>e) estar quite com as obriga\u00e7\u00f5es eleitorais;<br \/>f) ter idade m\u00ednima de 18 (dezoito) anos completos na data da posse;<br \/>g) ter aptid\u00e3o f\u00edsica e mental para o exerc\u00edcio das atribui\u00e7\u00f5es do cargo, comprovada em inspe\u00e7\u00e3o m\u00e9dica oficial;<br \/>h) possuir os requisitos profissionais exigidos para o exerc\u00edcio do cargo, comprovando a escolaridade e, para o cargo\/fun\u00e7\u00e3o que exigir, a situa\u00e7\u00e3o regular no \u00f3rg\u00e3o fiscalizador do exerc\u00edcio da profiss\u00e3o;<br \/>i) apresentar outros documentos que se fizerem necess\u00e1rios, conforme solicitado pelo MPES.<\/p>\n\n\n\n<p class=\"has-x-large-font-size\"><strong>Requisitos de cada cargo<\/strong><\/p>\n\n\n\n<p><strong><mark style=\"background-color:rgba(0, 0, 0, 0);color:#cf2e2e\" class=\"has-inline-color\">CARGO: AGENTE DE APOIO<br \/><\/mark>Fun\u00e7\u00e3o:<\/strong> Administrativo<br \/><strong>Requisitos profissionais:<\/strong> Ensino m\u00e9dio completo.<\/p>\n\n\n\n<p><strong><mark style=\"background-color:rgba(0, 0, 0, 0);color:#cf2e2e\" class=\"has-inline-color\">CARGO: AGENTE T\u00c9CNICO<br \/><\/mark>Fun\u00e7\u00e3o:<\/strong> Administrador<br \/><strong>Requisitos profissionais:<\/strong> Curso de gradua\u00e7\u00e3o completo em Administra\u00e7\u00e3o, devidamente reconhecido, e registro profissional no \u00f3rg\u00e3o de classe competente.<\/p>\n\n\n\n<p><strong>Fun\u00e7\u00e3o:<\/strong> Antrop\u00f3logo<br \/><strong>Requisitos profissionais:<\/strong> Curso de gradua\u00e7\u00e3o completo em Antropologia ou Ci\u00eancias Sociais, devidamente reconhecido.<\/p>\n\n\n\n<p><strong>Fun\u00e7\u00e3o:<\/strong> Arquiteto<br \/><strong>Requisitos profissionais:<\/strong> Curso de gradua\u00e7\u00e3o completo em Arquitetura, devidamente reconhecido, e registro profissional no \u00f3rg\u00e3o de classe competente.<\/p>\n\n\n\n<p><strong>Fun\u00e7\u00e3o:<\/strong> Assistente Social<br \/><strong>Requisitos profissionais:<\/strong> Curso de gradua\u00e7\u00e3o completo em Servi\u00e7o Social, devidamente reconhecido, e registro profissional no \u00f3rg\u00e3o de classe competente.<\/p>\n\n\n\n<p><strong>Fun\u00e7\u00e3o:<\/strong> Atuarial<br \/><strong>Requisitos profissionais:<\/strong> Curso de gradua\u00e7\u00e3o completo em Ci\u00eancias Atuariais, devidamente reconhecido.<\/p>\n\n\n\n<p><strong>Fun\u00e7\u00e3o:<\/strong> Bacharel Log\u00edstica<br \/><strong>Requisitos profissionais<\/strong>: Curso de gradua\u00e7\u00e3o completo, bacharelado, em Log\u00edstica, devidamente reconhecido.<\/p>\n\n\n\n<p><strong>Fun\u00e7\u00e3o:<\/strong> Bi\u00f3logo<br \/><strong>Requisitos profissionais:<\/strong> Curso de gradua\u00e7\u00e3o completo em Biologia, devidamente reconhecido.<\/p>\n\n\n\n<p><strong>Fun\u00e7\u00e3o: <\/strong>Contador<br \/><strong>Requisitos profissionais:<\/strong> Curso de gradua\u00e7\u00e3o completo em Ci\u00eancias Cont\u00e1beis, devidamente reconhecido, e registro profissional no \u00f3rg\u00e3o de classe competente.<\/p>\n\n\n\n<p><strong>Fun\u00e7\u00e3o:<\/strong> Desenvolvedor<br \/><strong>Requisitos profissionais:<\/strong> Curso, devidamente reconhecido, de gradua\u00e7\u00e3o na \u00e1rea de Tecnologia de Informa\u00e7\u00e3o ou gradua\u00e7\u00e3o em \u00e1rea diversa com p\u00f3s-gradua\u00e7\u00e3o (lato sensu ou stricto sensu) em \u00e1rea de Tecnologia da Informa\u00e7\u00e3o.<\/p>\n\n\n\n<p><strong>Fun\u00e7\u00e3o:<\/strong> DevOps<br \/><strong>Requisitos profissionais:<\/strong> Curso, devidamente reconhecido, de gradua\u00e7\u00e3o na \u00e1rea de Tecnologia de Informa\u00e7\u00e3o ou gradua\u00e7\u00e3o em \u00e1rea diversa com p\u00f3s-gradua\u00e7\u00e3o (lato sensu ou stricto sensu) em \u00e1rea de Tecnologia da Informa\u00e7\u00e3o.<\/p>\n\n\n\n<p><strong>Fun\u00e7\u00e3o: <\/strong>Economista<br \/><strong>Requisitos Profissionais:<\/strong> Curso de gradua\u00e7\u00e3o completo em Ci\u00eancias Econ\u00f4micas, devidamente reconhecido, e registro profissional no \u00f3rg\u00e3o de classe competente.<\/p>\n\n\n\n<p><strong>Fun\u00e7\u00e3o: <\/strong>Enfermeiro<br \/><strong>Requisitos profissionais:<\/strong> Curso de gradua\u00e7\u00e3o completo em Enfermagem, devidamente reconhecido, e registro profissional no \u00f3rg\u00e3o de classe competente.<\/p>\n\n\n\n<p><strong>Fun\u00e7\u00e3o:<\/strong> Engenheiro Agr\u00f4nomo<br \/><strong>Requisitos profissionais:<\/strong> Curso de gradua\u00e7\u00e3o completo em Engenharia Agron\u00f4mica, devidamente reconhecido, e registro profissional no \u00f3rg\u00e3o de classe competente.<\/p>\n\n\n\n<p><strong>Fun\u00e7\u00e3o:<\/strong> Engenheiro Ambiental<br \/><strong>Requisitos profissionais:<\/strong> Curso de gradua\u00e7\u00e3o completo em Engenharia acompanhado de complementa\u00e7\u00e3o ou p\u00f3s-gradua\u00e7\u00e3o em Engenharia Ambiental, ou ainda em Engenharia Ambiental, ou em Engenharia de Recursos H\u00eddricos e do Meio Ambiente, ou outra denomina\u00e7\u00e3o de curso de Engenharia correspondente \u00e0 \u00e1rea de meio ambiente, devidamente reconhecido, e registro profissional no \u00f3rg\u00e3o de classe competente.<\/p>\n\n\n\n<p><strong>Fun\u00e7\u00e3o:<\/strong> Engenheiro Civil<br \/><strong>Requisitos profissionais:<\/strong> Curso de gradua\u00e7\u00e3o completo em Engenharia Civil, devidamente reconhecido, e registro profissional no \u00f3rg\u00e3o de classe competente.<\/p>\n\n\n\n<p><strong>Fun\u00e7\u00e3o:<\/strong> Engenheiro de Produ\u00e7\u00e3o<br \/><strong>Requisitos profissionais:<\/strong> Curso de gradua\u00e7\u00e3o completo em Engenharia de Produ\u00e7\u00e3o, devidamente reconhecido, e registro profissional no \u00f3rg\u00e3o de classe competente.<\/p>\n\n\n\n<p><strong>Fun\u00e7\u00e3o:<\/strong> Engenheiro de Seguran\u00e7a do Trabalho<br \/><strong>Requisitos profissionais: <\/strong>Curso de gradua\u00e7\u00e3o completo em Engenharia ou Arquitetura, com especializa\u00e7\u00e3o em Seguran\u00e7a do Trabalho, devidamente reconhecidos.<\/p>\n\n\n\n<p><strong>Fun\u00e7\u00e3o:<\/strong> Engenheiro Mec\u00e2nico<br \/><strong>Requisitos profissionais:<\/strong> Curso de gradua\u00e7\u00e3o completo em Engenharia Mec\u00e2nica, devidamente reconhecido, e registro profissional no \u00f3rg\u00e3o de classe competente.<\/p>\n\n\n\n<p><strong>Fun\u00e7\u00e3o: <\/strong>Estat\u00edstico<br \/><strong>Requisitos profissionais:<\/strong> Curso de gradua\u00e7\u00e3o completo em Estat\u00edstica, devidamente reconhecido.<\/p>\n\n\n\n<p><strong>Fun\u00e7\u00e3o:<\/strong> Fisioterapeuta<br \/><strong>Requisitos profissionais:<\/strong> Curso de gradua\u00e7\u00e3o completo em Fisioterapia, devidamente reconhecido, e registro no \u00f3rg\u00e3o de classe competente.<\/p>\n\n\n\n<p><strong>Fun\u00e7\u00e3o:<\/strong> Governan\u00e7a em TI<br \/><strong>Requisitos profissionais:<\/strong> Curso, devidamente reconhecido, de gradua\u00e7\u00e3o na \u00e1rea de Tecnologia de Informa\u00e7\u00e3o ou gradua\u00e7\u00e3o em \u00e1rea diversa com p\u00f3s-gradua\u00e7\u00e3o (lato sensu ou stricto sensu) em \u00e1rea de Tecnologia da Informa\u00e7\u00e3o.<\/p>\n\n\n\n<p><strong>Fun\u00e7\u00e3o:<\/strong> Historiador<br \/><strong>Requisitos profissionais:<\/strong> Curso de gradua\u00e7\u00e3o completo em Hist\u00f3ria, devidamente reconhecido.<\/p>\n\n\n\n<p><strong>Fun\u00e7\u00e3o:<\/strong> Inova\u00e7\u00e3o<br \/><strong>Requisitos profissionais:<\/strong> Curso, devidamente reconhecido, de gradua\u00e7\u00e3o na \u00e1rea de Tecnologia de Informa\u00e7\u00e3o ou gradua\u00e7\u00e3o em \u00e1rea diversa com p\u00f3s-gradua\u00e7\u00e3o (lato sensu ou stricto sensu) em \u00e1rea de Tecnologia da Informa\u00e7\u00e3o.<\/p>\n\n\n\n<p><strong>Fun\u00e7\u00e3o:<\/strong> M\u00e9dico Veterin\u00e1rio<br \/><strong>Requisitos profissionais: <\/strong>Curso superior em Medicina Veterin\u00e1ria, devidamente reconhecido.<\/p>\n\n\n\n<p><strong>Fun\u00e7\u00e3o:<\/strong> Nutricionista<br \/><strong>Requisitos profissionais: <\/strong>Curso, devidamente reconhecido, de gradua\u00e7\u00e3o na \u00e1rea de Nutri\u00e7\u00e3o.<\/p>\n\n\n\n<p><strong>Fun\u00e7\u00e3o:<\/strong> Operador de Infraestrutura<br \/><strong>Requisitos profissionais: <\/strong>Curso, devidamente reconhecido, de gradua\u00e7\u00e3o na \u00e1rea de Tecnologia de Informa\u00e7\u00e3o ou gradua\u00e7\u00e3o em \u00e1rea diversa com p\u00f3s-gradua\u00e7\u00e3o (lato sensu ou stricto sensu) em \u00e1rea de Tecnologia da Informa\u00e7\u00e3o.<\/p>\n\n\n\n<p><strong>Fun\u00e7\u00e3o:<\/strong> Operador de Redes e Telecomunica\u00e7\u00f5es <br \/><strong>Requisitos profissionais:<\/strong> Curso, devidamente reconhecido, de gradua\u00e7\u00e3o na \u00e1rea de Tecnologia de Informa\u00e7\u00e3o ou Telecomunica\u00e7\u00f5es, ou, ainda, gradua\u00e7\u00e3o em \u00e1rea diversa com p\u00f3s-gradua\u00e7\u00e3o (lato sensu ou stricto sensu) em \u00e1rea de Tecnologia da Informa\u00e7\u00e3o ou Telecomunica\u00e7\u00f5es.<\/p>\n\n\n\n<p><strong>Fun\u00e7\u00e3o: <\/strong>Pedagogo<br \/><strong>Requisitos profissionais:<\/strong> Curso de gradua\u00e7\u00e3o completo em Pedagogia, devidamente reconhecido.<\/p>\n\n\n\n<p><strong>Fun\u00e7\u00e3o: <\/strong>Psic\u00f3logo<br \/><strong>Requisitos Profissionais:<\/strong> Curso de gradua\u00e7\u00e3o completo em Psicologia, devidamente reconhecido, e registro profissional no \u00f3rg\u00e3o de classe competente.<\/p>\n\n\n\n<p><strong>Fun\u00e7\u00e3o:<\/strong> Qualidade e Testes de Software<br \/><strong>Requisitos profissionais:<\/strong> Curso, devidamente reconhecido, de gradua\u00e7\u00e3o na \u00e1rea de Tecnologia de Informa\u00e7\u00e3o ou gradua\u00e7\u00e3o em \u00e1rea diversa com p\u00f3s-gradua\u00e7\u00e3o (lato sensu ou stricto sensu) em \u00e1rea de Tecnologia da Informa\u00e7\u00e3o.<\/p>\n\n\n\n<p><strong>Fun\u00e7\u00e3o: <\/strong>Suporte ao Usu\u00e1rio<br \/><strong>Requisitos profissionais: <\/strong>Curso, devidamente reconhecido, de gradua\u00e7\u00e3o na \u00e1rea de Tecnologia de Informa\u00e7\u00e3o ou gradua\u00e7\u00e3o em \u00e1rea diversa com p\u00f3s-gradua\u00e7\u00e3o (lato sensu ou stricto sensu) em \u00e1rea de Tecnologia da Informa\u00e7\u00e3o.<\/p>\n\n\n\n<p><strong><mark style=\"background-color:rgba(0, 0, 0, 0);color:#cf2e2e\" class=\"has-inline-color\">CARGO: AGENTE ESPECIALIZADO<\/mark><\/strong><\/p>\n\n\n\n<p><strong>Fun\u00e7\u00e3o:<\/strong> Analista de Experi\u00eancia do Usu\u00e1rio &#8211; UX<br \/><strong>Requisitos profissionais: <\/strong>Curso, devidamente reconhecido, de gradua\u00e7\u00e3o na \u00e1rea de Tecnologia de Informa\u00e7\u00e3o, com p\u00f3s-gradua\u00e7\u00e3o (lato sensu ou stricto sensu), de no m\u00ednimo 360 (trezentas e sessenta) horas\/aula, na \u00e1rea de Experi\u00eancia do Usu\u00e1rio &#8211; UX ou Interface do Usu\u00e1rio &#8211; UI.<\/p>\n\n\n\n<p><strong>Fun\u00e7\u00e3o:<\/strong> Analista de Infraestrutura<br \/><strong>Requisitos profissionais: <\/strong>Curso, devidamente reconhecido, de gradua\u00e7\u00e3o na \u00e1rea de Tecnologia de Informa\u00e7\u00e3o, com p\u00f3s-gradua\u00e7\u00e3o (lato sensu ou stricto sensu), de no m\u00ednimo 360 (trezentas e sessenta) horas\/aula, na \u00e1rea de Infraestrutura (exceto na \u00e1rea de Seguran\u00e7a da Informa\u00e7\u00e3o).<\/p>\n\n\n\n<p><strong>Fun\u00e7\u00e3o:<\/strong> Analista de Seguran\u00e7a da Informa\u00e7\u00e3o<br \/><strong>Requisitos profissionais: <\/strong>Curso, devidamente reconhecido, de gradua\u00e7\u00e3o na \u00e1rea de Tecnologia de Informa\u00e7\u00e3o, com p\u00f3s-gradua\u00e7\u00e3o (lato sensu ou stricto sensu), de no m\u00ednimo 360 (trezentas e sessenta) horas\/aula, na \u00e1rea de Seguran\u00e7a da Informa\u00e7\u00e3o.<\/p>\n\n\n\n<p><strong>Fun\u00e7\u00e3o:<\/strong> Analista de Sistemas<br \/><strong>Requisitos profissionais:<\/strong> Curso, devidamente reconhecido, de gradua\u00e7\u00e3o na \u00e1rea de Tecnologia de Informa\u00e7\u00e3o, com p\u00f3s-gradua\u00e7\u00e3o (lato sensu ou stricto sensu), de no m\u00ednimo 360 (trezentas e sessenta) horas\/aula, na \u00e1rea de An\u00e1lise de Sistemas.<\/p>\n\n\n\n<p><strong>Fun\u00e7\u00e3o:<\/strong> Cientista de Dados e Intelig\u00eancia de Neg\u00f3cios<br \/><strong>Requisitos profissionais:<\/strong> Curso, devidamente reconhecido, de gradua\u00e7\u00e3o na \u00e1rea de Tecnologia de Informa\u00e7\u00e3o, com p\u00f3s-gradua\u00e7\u00e3o (lato sensu ou stricto sensu), de no m\u00ednimo 360 (trezentas e sessenta) horas\/aula, na \u00e1rea de Ci\u00eancia de Dados ou Intelig\u00eancia de Neg\u00f3cios.<\/p>\n\n\n\n<p><strong>Fun\u00e7\u00e3o:<\/strong> Engenheiro de Dados<br \/><strong>Requisitos profissionais:<\/strong> Curso, devidamente reconhecido, de gradua\u00e7\u00e3o na \u00e1rea de Tecnologia de Informa\u00e7\u00e3o, com p\u00f3s-gradua\u00e7\u00e3o (lato sensu ou stricto sensu), de no m\u00ednimo 360 (trezentas e sessenta) horas\/aula, na \u00e1rea de Administra\u00e7\u00e3o de Banco de Dados ou Engenharia de Dados.<\/p>\n\n\n\n<p><strong>Fun\u00e7\u00e3o:<\/strong> M\u00e9dico<br \/><strong>Requisitos profissionais:<\/strong> Curso de gradua\u00e7\u00e3o completo em Medicina, devidamente reconhecido.<\/p>\n\n\n\n<p><strong>Fun\u00e7\u00e3o:<\/strong> M\u00e9dico do Trabalho<br \/><strong>Requisitos profissionais: <\/strong>Curso de gradua\u00e7\u00e3o completo em Medicina, devidamente reconhecido, com t\u00edtulo de especialista em Medicina do Trabalho emitido pela AMB\/ANAMT ou resid\u00eancia m\u00e9dica em Medicina do Trabalho, devidamente registrados no \u00f3rg\u00e3o de classe competente.<\/p>\n\n\n\n<p><strong>Fun\u00e7\u00e3o: <\/strong>M\u00e9dico Psiquiatra<br \/><strong>Requisitos profissionais:<\/strong> Curso de gradua\u00e7\u00e3o completo em Medicina, com t\u00edtulo ou certificado de especializa\u00e7\u00e3o em Psiquiatria, devidamente reconhecido.<\/p>\n\n\n\n<h2 class=\"wp-block-heading has-text-align-center\" id=\"h-quer-saber-tudo-sobre-concursos-previstos-confira-nossos-artigos\">Quer saber tudo sobre concursos previstos?<br \/>Confira nossos artigos!<\/h2>\n\n\n\n<ul class=\"wp-block-list\">\n<li><a href=\"https:\/\/www.estrategiaconcursos.com.br\/blog\/concursos-abertos\/\" target=\"_blank\" rel=\"noreferrer noopener\">Concursos abertos<\/a><\/li>\n\n\n\n<li><a href=\"https:\/\/www.estrategiaconcursos.com.br\/blog\/concursos-mp\/\">Concursos MP<\/a><\/li>\n\n\n\n<li><a href=\"https:\/\/www.estrategiaconcursos.com.br\/blog\/concursos-2026\/\">Concursos 2026<\/a><\/li>\n<\/ul>\n\n\n\n<h2 class=\"wp-block-heading has-text-align-center\" id=\"cursos\">Cursos para o concurso MP ES<\/h2>\n\n\n\n<div class=\"row\">\n\n    <div class=\"col-sm\">\n      <div class=\"banner-ecj\" id=\"box-assinatura\">\n        <h3 class=\"titulo-assinatura\">Cursos Concurso MP ES <\/h3>\n        <p class=\"subtitulo-assinatura\">Cursos focados no edital do concurso<\/p>\n        <div class=\"box-botao\">\n          <a class=\"btn-assinatura\" target=\"_blank\" href=\"https:\/\/www.estrategiaconcursos.com.br\/cursosPorConcurso\/ministerio-publico-do-espirito-santo-mp-es-servidores\/\" role=\"button\" rel=\"noopener noreferrer\">Conhe\u00e7a mais<\/a>\n        <\/div>\n      <\/div>\n      <p class=\"texto-auxiliar\">Prepare-se com o melhor material e com quem mais aprova em concursos de Procuradorias em todo o pa\u00eds. \n<\/p>\n    <\/div>\n\n  <\/div>\n\n\n\n<div class=\"container\" id=\"boxes\">\n  <div class=\"row\">\n\n    <div class=\"col-sm\">\n      <div class=\"estrategia\" id=\"box-assinatura\">\n        <h3 class=\"titulo-assinatura\">Assinatura Concursos<\/h3>\n        <p class=\"subtitulo-assinatura\">Assinatura de 1 ano ou 2 anos<\/p>\n        <div class=\"box-botao\">\n          <a class=\"btn-assinatura\" target=\"_blank\" href=\"https:\/\/www.estrategiaconcursos.com.br\/assinaturas\/\" role=\"button\" rel=\"noopener noreferrer\">ASSINE AGORA<\/a>\n        <\/div>\n      <\/div>\n     \n    <\/div><\/div><\/div>\n","protected":false},"excerpt":{"rendered":"<p>O Minist\u00e9rio P\u00fablico do Esp\u00edrito Santo teve seu mais novo edital publicado! S\u00e3o ofertadas 60 vagas para os cargos de Agente de Apoio, Agente T\u00e9cnico e Agente Especializado, de n\u00edveis m\u00e9dio e superior. Os sal\u00e1rios variam de R$ 5.073,26 a R$ 10.453,81. Sob organiza\u00e7\u00e3o da FGV, \u00e9 muito importante que voc\u00ea saiba os requisitos dos [&hellip;]<\/p>\n","protected":false},"author":657,"featured_media":0,"comment_status":"open","ping_status":"closed","sticky":false,"template":"","format":"standard","meta":{"post_tipo":"news","footnotes":""},"categories":[1,222238,220219],"tags":[],"tax_estado":[219971],"class_list":["post-1732581","post","type-post","status-publish","format-standard","hentry","category-cursos-e-concursos","category-ministerio-publico","category-noticias","tax_estado-es"],"acf":[],"yoast_head":"<!-- This site is optimized with the Yoast SEO Premium plugin v27.2 (Yoast SEO v27.2) - https:\/\/yoast.com\/product\/yoast-seo-premium-wordpress\/ -->\n<title>Quais s\u00e3o os requisitos do concurso MP ES? Saiba aqui!<\/title>\n<meta name=\"description\" content=\"Quais s\u00e3o os requisitos do concurso MP ES? Saiba aqui o que \u00e9 necess\u00e1rio para concorrer a uma das vagas e saia na frente!\" \/>\n<meta name=\"robots\" content=\"index, follow, max-snippet:-1, max-image-preview:large, max-video-preview:-1\" \/>\n<link rel=\"canonical\" href=\"https:\/\/www.estrategiaconcursos.com.br\/blog\/concurso-mp-es-2026-requisitos\/\" \/>\n<meta property=\"og:locale\" content=\"pt_BR\" \/>\n<meta property=\"og:type\" content=\"article\" \/>\n<meta property=\"og:title\" content=\"Quais s\u00e3o os requisitos do concurso MP ES? Saiba aqui!\" \/>\n<meta property=\"og:description\" content=\"Quais s\u00e3o os requisitos do concurso MP ES? Saiba aqui o que \u00e9 necess\u00e1rio para concorrer a uma das vagas e saia na frente!\" \/>\n<meta property=\"og:url\" content=\"https:\/\/www.estrategiaconcursos.com.br\/blog\/concurso-mp-es-2026-requisitos\/\" \/>\n<meta property=\"og:site_name\" content=\"Estrat\u00e9gia Concursos\" \/>\n<meta property=\"article:published_time\" content=\"2026-03-14T17:20:02+00:00\" \/>\n<meta property=\"og:image\" content=\"https:\/\/dhg1h5j42swfq.cloudfront.net\/2025\/08\/25132256\/mp-es-300x169-1.jpg\" \/>\n\t<meta property=\"og:image:width\" content=\"300\" \/>\n\t<meta property=\"og:image:height\" content=\"169\" \/>\n\t<meta property=\"og:image:type\" content=\"image\/jpeg\" \/>\n<meta name=\"author\" content=\"Nat\u00e1lia Scarano\" \/>\n<meta name=\"twitter:card\" content=\"summary_large_image\" \/>\n<meta name=\"twitter:creator\" content=\"@EstratConcursos\" \/>\n<meta name=\"twitter:site\" content=\"@EstratConcursos\" \/>\n<meta name=\"twitter:label1\" content=\"Escrito por\" \/>\n\t<meta name=\"twitter:data1\" content=\"Nat\u00e1lia Scarano\" \/>\n\t<meta name=\"twitter:label2\" content=\"Est. tempo de leitura\" \/>\n\t<meta name=\"twitter:data2\" content=\"8 minutos\" \/>\n<script type=\"application\/ld+json\" class=\"yoast-schema-graph\">{\"@context\":\"https:\/\/schema.org\",\"@graph\":[{\"@type\":\"NewsArticle\",\"@id\":\"https:\/\/www.estrategiaconcursos.com.br\/blog\/concurso-mp-es-2026-requisitos\/#article\",\"isPartOf\":{\"@id\":\"https:\/\/www.estrategiaconcursos.com.br\/blog\/concurso-mp-es-2026-requisitos\/\"},\"author\":{\"name\":\"Nat\u00e1lia Scarano\",\"@id\":\"https:\/\/www.estrategiaconcursos.com.br\/blog\/#\/schema\/person\/751aedf909a9d10cb23ce6ac527ce0f2\"},\"headline\":\"Quais s\u00e3o os requisitos do concurso MP ES? Saiba aqui!\",\"datePublished\":\"2026-03-14T17:20:02+00:00\",\"mainEntityOfPage\":{\"@id\":\"https:\/\/www.estrategiaconcursos.com.br\/blog\/concurso-mp-es-2026-requisitos\/\"},\"wordCount\":1646,\"commentCount\":0,\"publisher\":{\"@id\":\"https:\/\/www.estrategiaconcursos.com.br\/blog\/#organization\"},\"articleSection\":[\"Concursos P\u00fablicos\",\"Minist\u00e9rio P\u00fablico\",\"\u00daltimas not\u00edcias\"],\"inLanguage\":\"pt-BR\",\"potentialAction\":[{\"@type\":\"CommentAction\",\"name\":\"Comment\",\"target\":[\"https:\/\/www.estrategiaconcursos.com.br\/blog\/concurso-mp-es-2026-requisitos\/#respond\"]}],\"copyrightYear\":\"2026\",\"copyrightHolder\":{\"@id\":\"https:\/\/www.estrategiaconcursos.com.br\/blog\/#organization\"}},{\"@type\":\"WebPage\",\"@id\":\"https:\/\/www.estrategiaconcursos.com.br\/blog\/concurso-mp-es-2026-requisitos\/\",\"url\":\"https:\/\/www.estrategiaconcursos.com.br\/blog\/concurso-mp-es-2026-requisitos\/\",\"name\":\"Quais s\u00e3o os requisitos do concurso MP ES? Saiba aqui!\",\"isPartOf\":{\"@id\":\"https:\/\/www.estrategiaconcursos.com.br\/blog\/#website\"},\"datePublished\":\"2026-03-14T17:20:02+00:00\",\"description\":\"Quais s\u00e3o os requisitos do concurso MP ES? Saiba aqui o que \u00e9 necess\u00e1rio para concorrer a uma das vagas e saia na frente!\",\"breadcrumb\":{\"@id\":\"https:\/\/www.estrategiaconcursos.com.br\/blog\/concurso-mp-es-2026-requisitos\/#breadcrumb\"},\"inLanguage\":\"pt-BR\",\"potentialAction\":[{\"@type\":\"ReadAction\",\"target\":[\"https:\/\/www.estrategiaconcursos.com.br\/blog\/concurso-mp-es-2026-requisitos\/\"]}]},{\"@type\":\"BreadcrumbList\",\"@id\":\"https:\/\/www.estrategiaconcursos.com.br\/blog\/concurso-mp-es-2026-requisitos\/#breadcrumb\",\"itemListElement\":[{\"@type\":\"ListItem\",\"position\":1,\"name\":\"In\u00edcio\",\"item\":\"https:\/\/www.estrategiaconcursos.com.br\/blog\/\"},{\"@type\":\"ListItem\",\"position\":2,\"name\":\"Quais s\u00e3o os requisitos do concurso MP ES? Saiba aqui!\"}]},{\"@type\":\"WebSite\",\"@id\":\"https:\/\/www.estrategiaconcursos.com.br\/blog\/#website\",\"url\":\"https:\/\/www.estrategiaconcursos.com.br\/blog\/\",\"name\":\"Estrat\u00e9gia Concursos\",\"description\":\"O blog da Estrat\u00e9gia Concursos traz not\u00edcias sobre concursos e artigos de professores oferecendo cursos para concursos (pdf + videaulas) no site.\",\"publisher\":{\"@id\":\"https:\/\/www.estrategiaconcursos.com.br\/blog\/#organization\"},\"potentialAction\":[{\"@type\":\"SearchAction\",\"target\":{\"@type\":\"EntryPoint\",\"urlTemplate\":\"https:\/\/www.estrategiaconcursos.com.br\/blog\/?s={search_term_string}\"},\"query-input\":{\"@type\":\"PropertyValueSpecification\",\"valueRequired\":true,\"valueName\":\"search_term_string\"}}],\"inLanguage\":\"pt-BR\"},{\"@type\":\"Organization\",\"@id\":\"https:\/\/www.estrategiaconcursos.com.br\/blog\/#organization\",\"name\":\"Estrat\u00e9gia Concursos\",\"url\":\"https:\/\/www.estrategiaconcursos.com.br\/blog\/\",\"logo\":{\"@type\":\"ImageObject\",\"inLanguage\":\"pt-BR\",\"@id\":\"https:\/\/www.estrategiaconcursos.com.br\/blog\/#\/schema\/logo\/image\/\",\"url\":\"https:\/\/dhg1h5j42swfq.cloudfront.net\/2025\/06\/03203428\/logo_concursos-1.jpg\",\"contentUrl\":\"https:\/\/dhg1h5j42swfq.cloudfront.net\/2025\/06\/03203428\/logo_concursos-1.jpg\",\"width\":230,\"height\":60,\"caption\":\"Estrat\u00e9gia Concursos\"},\"image\":{\"@id\":\"https:\/\/www.estrategiaconcursos.com.br\/blog\/#\/schema\/logo\/image\/\"},\"sameAs\":[\"https:\/\/x.com\/EstratConcursos\"]},{\"@type\":\"Person\",\"@id\":\"https:\/\/www.estrategiaconcursos.com.br\/blog\/#\/schema\/person\/751aedf909a9d10cb23ce6ac527ce0f2\",\"name\":\"Nat\u00e1lia Scarano\",\"image\":{\"@type\":\"ImageObject\",\"inLanguage\":\"pt-BR\",\"@id\":\"https:\/\/secure.gravatar.com\/avatar\/8a889b8db3dbd227a1a78627357ec8fe64f5e99189d1889a270127828ab372ac?s=96&d=mm&r=g\",\"url\":\"https:\/\/secure.gravatar.com\/avatar\/8a889b8db3dbd227a1a78627357ec8fe64f5e99189d1889a270127828ab372ac?s=96&d=mm&r=g\",\"contentUrl\":\"https:\/\/secure.gravatar.com\/avatar\/8a889b8db3dbd227a1a78627357ec8fe64f5e99189d1889a270127828ab372ac?s=96&d=mm&r=g\",\"caption\":\"Nat\u00e1lia Scarano\"},\"description\":\"Jornalista, formada e p\u00f3s graduada pelo IESB, faz parte do time de jornalistas do Estrat\u00e9gia desde 2017. Possui familiaridade com as \u00e1reas de Tribunais, Defensorias, Procuradorias, Minist\u00e9rios P\u00fablicos, Conselhos, Educa\u00e7\u00e3o, \u00c1rea de Seguran\u00e7a, concursos de Carreiras Jur\u00eddicas e OAB. Experi\u00eancia em marketing digital, assessoria de comunica\u00e7\u00e3o e institucional na \u00e1rea privada e p\u00fablica, com atua\u00e7\u00e3o em \u00f3rg\u00e3os como CGU, Cofen e CNM.\",\"url\":\"https:\/\/www.estrategiaconcursos.com.br\/blog\/author\/natalia-scaranoestrategiaconcursos-com-br\/\"}]}<\/script>\n<!-- \/ Yoast SEO Premium plugin. -->","yoast_head_json":{"title":"Quais s\u00e3o os requisitos do concurso MP ES? Saiba aqui!","description":"Quais s\u00e3o os requisitos do concurso MP ES? Saiba aqui o que \u00e9 necess\u00e1rio para concorrer a uma das vagas e saia na frente!","robots":{"index":"index","follow":"follow","max-snippet":"max-snippet:-1","max-image-preview":"max-image-preview:large","max-video-preview":"max-video-preview:-1"},"canonical":"https:\/\/www.estrategiaconcursos.com.br\/blog\/concurso-mp-es-2026-requisitos\/","og_locale":"pt_BR","og_type":"article","og_title":"Quais s\u00e3o os requisitos do concurso MP ES? Saiba aqui!","og_description":"Quais s\u00e3o os requisitos do concurso MP ES? Saiba aqui o que \u00e9 necess\u00e1rio para concorrer a uma das vagas e saia na frente!","og_url":"https:\/\/www.estrategiaconcursos.com.br\/blog\/concurso-mp-es-2026-requisitos\/","og_site_name":"Estrat\u00e9gia Concursos","article_published_time":"2026-03-14T17:20:02+00:00","og_image":[{"width":300,"height":169,"url":"https:\/\/dhg1h5j42swfq.cloudfront.net\/2025\/08\/25132256\/mp-es-300x169-1.jpg","type":"image\/jpeg"}],"author":"Nat\u00e1lia Scarano","twitter_card":"summary_large_image","twitter_creator":"@EstratConcursos","twitter_site":"@EstratConcursos","twitter_misc":{"Escrito por":"Nat\u00e1lia Scarano","Est. tempo de leitura":"8 minutos"},"schema":{"@context":"https:\/\/schema.org","@graph":[{"@type":"NewsArticle","@id":"https:\/\/www.estrategiaconcursos.com.br\/blog\/concurso-mp-es-2026-requisitos\/#article","isPartOf":{"@id":"https:\/\/www.estrategiaconcursos.com.br\/blog\/concurso-mp-es-2026-requisitos\/"},"author":{"name":"Nat\u00e1lia Scarano","@id":"https:\/\/www.estrategiaconcursos.com.br\/blog\/#\/schema\/person\/751aedf909a9d10cb23ce6ac527ce0f2"},"headline":"Quais s\u00e3o os requisitos do concurso MP ES? Saiba aqui!","datePublished":"2026-03-14T17:20:02+00:00","mainEntityOfPage":{"@id":"https:\/\/www.estrategiaconcursos.com.br\/blog\/concurso-mp-es-2026-requisitos\/"},"wordCount":1646,"commentCount":0,"publisher":{"@id":"https:\/\/www.estrategiaconcursos.com.br\/blog\/#organization"},"articleSection":["Concursos P\u00fablicos","Minist\u00e9rio P\u00fablico","\u00daltimas not\u00edcias"],"inLanguage":"pt-BR","potentialAction":[{"@type":"CommentAction","name":"Comment","target":["https:\/\/www.estrategiaconcursos.com.br\/blog\/concurso-mp-es-2026-requisitos\/#respond"]}],"copyrightYear":"2026","copyrightHolder":{"@id":"https:\/\/www.estrategiaconcursos.com.br\/blog\/#organization"}},{"@type":"WebPage","@id":"https:\/\/www.estrategiaconcursos.com.br\/blog\/concurso-mp-es-2026-requisitos\/","url":"https:\/\/www.estrategiaconcursos.com.br\/blog\/concurso-mp-es-2026-requisitos\/","name":"Quais s\u00e3o os requisitos do concurso MP ES? Saiba aqui!","isPartOf":{"@id":"https:\/\/www.estrategiaconcursos.com.br\/blog\/#website"},"datePublished":"2026-03-14T17:20:02+00:00","description":"Quais s\u00e3o os requisitos do concurso MP ES? Saiba aqui o que \u00e9 necess\u00e1rio para concorrer a uma das vagas e saia na frente!","breadcrumb":{"@id":"https:\/\/www.estrategiaconcursos.com.br\/blog\/concurso-mp-es-2026-requisitos\/#breadcrumb"},"inLanguage":"pt-BR","potentialAction":[{"@type":"ReadAction","target":["https:\/\/www.estrategiaconcursos.com.br\/blog\/concurso-mp-es-2026-requisitos\/"]}]},{"@type":"BreadcrumbList","@id":"https:\/\/www.estrategiaconcursos.com.br\/blog\/concurso-mp-es-2026-requisitos\/#breadcrumb","itemListElement":[{"@type":"ListItem","position":1,"name":"In\u00edcio","item":"https:\/\/www.estrategiaconcursos.com.br\/blog\/"},{"@type":"ListItem","position":2,"name":"Quais s\u00e3o os requisitos do concurso MP ES? Saiba aqui!"}]},{"@type":"WebSite","@id":"https:\/\/www.estrategiaconcursos.com.br\/blog\/#website","url":"https:\/\/www.estrategiaconcursos.com.br\/blog\/","name":"Estrat\u00e9gia Concursos","description":"O blog da Estrat\u00e9gia Concursos traz not\u00edcias sobre concursos e artigos de professores oferecendo cursos para concursos (pdf + videaulas) no site.","publisher":{"@id":"https:\/\/www.estrategiaconcursos.com.br\/blog\/#organization"},"potentialAction":[{"@type":"SearchAction","target":{"@type":"EntryPoint","urlTemplate":"https:\/\/www.estrategiaconcursos.com.br\/blog\/?s={search_term_string}"},"query-input":{"@type":"PropertyValueSpecification","valueRequired":true,"valueName":"search_term_string"}}],"inLanguage":"pt-BR"},{"@type":"Organization","@id":"https:\/\/www.estrategiaconcursos.com.br\/blog\/#organization","name":"Estrat\u00e9gia Concursos","url":"https:\/\/www.estrategiaconcursos.com.br\/blog\/","logo":{"@type":"ImageObject","inLanguage":"pt-BR","@id":"https:\/\/www.estrategiaconcursos.com.br\/blog\/#\/schema\/logo\/image\/","url":"https:\/\/dhg1h5j42swfq.cloudfront.net\/2025\/06\/03203428\/logo_concursos-1.jpg","contentUrl":"https:\/\/dhg1h5j42swfq.cloudfront.net\/2025\/06\/03203428\/logo_concursos-1.jpg","width":230,"height":60,"caption":"Estrat\u00e9gia Concursos"},"image":{"@id":"https:\/\/www.estrategiaconcursos.com.br\/blog\/#\/schema\/logo\/image\/"},"sameAs":["https:\/\/x.com\/EstratConcursos"]},{"@type":"Person","@id":"https:\/\/www.estrategiaconcursos.com.br\/blog\/#\/schema\/person\/751aedf909a9d10cb23ce6ac527ce0f2","name":"Nat\u00e1lia Scarano","image":{"@type":"ImageObject","inLanguage":"pt-BR","@id":"https:\/\/secure.gravatar.com\/avatar\/8a889b8db3dbd227a1a78627357ec8fe64f5e99189d1889a270127828ab372ac?s=96&d=mm&r=g","url":"https:\/\/secure.gravatar.com\/avatar\/8a889b8db3dbd227a1a78627357ec8fe64f5e99189d1889a270127828ab372ac?s=96&d=mm&r=g","contentUrl":"https:\/\/secure.gravatar.com\/avatar\/8a889b8db3dbd227a1a78627357ec8fe64f5e99189d1889a270127828ab372ac?s=96&d=mm&r=g","caption":"Nat\u00e1lia Scarano"},"description":"Jornalista, formada e p\u00f3s graduada pelo IESB, faz parte do time de jornalistas do Estrat\u00e9gia desde 2017. Possui familiaridade com as \u00e1reas de Tribunais, Defensorias, Procuradorias, Minist\u00e9rios P\u00fablicos, Conselhos, Educa\u00e7\u00e3o, \u00c1rea de Seguran\u00e7a, concursos de Carreiras Jur\u00eddicas e OAB. Experi\u00eancia em marketing digital, assessoria de comunica\u00e7\u00e3o e institucional na \u00e1rea privada e p\u00fablica, com atua\u00e7\u00e3o em \u00f3rg\u00e3os como CGU, Cofen e CNM.","url":"https:\/\/www.estrategiaconcursos.com.br\/blog\/author\/natalia-scaranoestrategiaconcursos-com-br\/"}]}},"_links":{"self":[{"href":"https:\/\/www.estrategiaconcursos.com.br\/blog\/wp-json\/wp\/v2\/posts\/1732581","targetHints":{"allow":["GET"]}}],"collection":[{"href":"https:\/\/www.estrategiaconcursos.com.br\/blog\/wp-json\/wp\/v2\/posts"}],"about":[{"href":"https:\/\/www.estrategiaconcursos.com.br\/blog\/wp-json\/wp\/v2\/types\/post"}],"author":[{"embeddable":true,"href":"https:\/\/www.estrategiaconcursos.com.br\/blog\/wp-json\/wp\/v2\/users\/657"}],"replies":[{"embeddable":true,"href":"https:\/\/www.estrategiaconcursos.com.br\/blog\/wp-json\/wp\/v2\/comments?post=1732581"}],"version-history":[{"count":7,"href":"https:\/\/www.estrategiaconcursos.com.br\/blog\/wp-json\/wp\/v2\/posts\/1732581\/revisions"}],"predecessor-version":[{"id":1732623,"href":"https:\/\/www.estrategiaconcursos.com.br\/blog\/wp-json\/wp\/v2\/posts\/1732581\/revisions\/1732623"}],"wp:attachment":[{"href":"https:\/\/www.estrategiaconcursos.com.br\/blog\/wp-json\/wp\/v2\/media?parent=1732581"}],"wp:term":[{"taxonomy":"category","embeddable":true,"href":"https:\/\/www.estrategiaconcursos.com.br\/blog\/wp-json\/wp\/v2\/categories?post=1732581"},{"taxonomy":"post_tag","embeddable":true,"href":"https:\/\/www.estrategiaconcursos.com.br\/blog\/wp-json\/wp\/v2\/tags?post=1732581"},{"taxonomy":"tax_estado","embeddable":true,"href":"https:\/\/www.estrategiaconcursos.com.br\/blog\/wp-json\/wp\/v2\/tax_estado?post=1732581"}],"curies":[{"name":"wp","href":"https:\/\/api.w.org\/{rel}","templated":true}]}}