{"id":1732494,"date":"2026-03-12T14:10:54","date_gmt":"2026-03-12T17:10:54","guid":{"rendered":"https:\/\/www.estrategiaconcursos.com.br\/blog\/?p=1732494"},"modified":"2026-03-12T14:15:40","modified_gmt":"2026-03-12T17:15:40","slug":"concurso-sefa-pa-10-dias-provas","status":"publish","type":"post","link":"https:\/\/www.estrategiaconcursos.com.br\/blog\/concurso-sefa-pa-10-dias-provas\/","title":{"rendered":"Sefa PA: 10 dias para as provas; tudo que voc\u00ea precisa saber!"},"content":{"rendered":"\n<p>O concurso da <strong><a href=\"https:\/\/www.estrategiaconcursos.com.br\/cursosPorConcurso\/secretaria-da-fazendo-do-para-sefaz-pa\/\" target=\"_blank\" rel=\"noreferrer noopener\">Secretaria da Fazenda do Estado do Par\u00e1<\/a><\/strong> (<strong>SEFA PA<\/strong>) segue para sua etapa final, j\u00e1 que faltam apenas <strong>10 dias para a aplica\u00e7\u00e3o das provas.<\/strong><\/p>\n\n\n\n<p>Neste momento, os candidatos precisam ficar atentos \u00e0s orienta\u00e7\u00f5es e informa\u00e7\u00f5es sobre as provas. Assim, voc\u00ea n\u00e3o precisa se preocupar com poss\u00edveis problemas no dia da aplica\u00e7\u00e3o.<\/p>\n\n\n\n<p>\u00c9 importante lembrar que ser\u00e3o realizados dois dias de provas: <strong>22 e 29 de mar\u00e7o<\/strong>, um voltado aos conhecimentos gerais de Auditor e Fiscal; e o outro voltado aos conhecimentos espec\u00edficos destes cargos mais a prova completa para <strong>Analista<\/strong>.<\/p>\n\n\n\n<p>As provas ser\u00e3o aplicadas simultaneamente em seis cidades: <strong>Bel\u00e9m, Altamira, Itaituba, Marab\u00e1, Reden\u00e7\u00e3o e Santar\u00e9m<\/strong>.<\/p>\n\n\n\n<p>Nelas e em cada local de prova, os port\u00f5es ter\u00e3o abertura \u00e0s 7h manh\u00e3 e ser\u00e3o fechados a partir de 8h. O in\u00edcio da aplica\u00e7\u00e3o est\u00e1 previsto para 08h30, sendo que o candidato ter\u00e1 <strong>5 horas para a finaliza\u00e7\u00e3o.<\/strong><\/p>\n\n\n\n<p>J\u00e1 os locais de prova ser\u00e3o oficialmente divulgados no dia <strong>17 de mar\u00e7o<\/strong>, atrav\u00e9s do cart\u00e3o de confirma\u00e7\u00e3o da inscri\u00e7\u00e3o.<\/p>\n\n\n\n<h2 class=\"wp-block-heading\" id=\"h-o-que-levar-no-dia-da-prova-do-concurso-sefa-pa\">O que levar no dia da prova do concurso Sefa PA?<\/h2>\n\n\n\n<p>Al\u00e9m disso, ficar ligado no que \u00e9 recomendado\/obrigat\u00f3rio levar no dia da prova pode ser essencial para evitar a n\u00e3o realiza\u00e7\u00e3o.<\/p>\n\n\n\n<ul class=\"wp-block-list\">\n<li><strong>Documento de Identidade original com foto<\/strong> (o mesmo utilizado na inscri\u00e7\u00e3o);<\/li>\n\n\n\n<li><strong>Caneta esferogr\u00e1fica de tinta preta ou azul<\/strong>, fabricada em material transparente;<\/li>\n\n\n\n<li><strong>Cart\u00e3o de Confirma\u00e7\u00e3o de Inscri\u00e7\u00e3o<\/strong>, dispon\u00edvel no site da organizadora (recomenda-se levar impresso para confer\u00eancia do local exato).<\/li>\n<\/ul>\n\n\n\n<div id=\"boxes\" class=\"container\">\n<div class=\"row\">\n<div class=\"col-sm\">\n<div id=\"box-assinatura\" class=\"banner-sefaz-ec\">\n<h3 class=\"titulo-assinatura\">Curso Concurso Sefa PA<\/h3>\n<p class=\"subtitulo-assinatura\">Prepare-se com o Estrat\u00e9gia! \u270d<\/p>\n<div class=\"box-botao\"><a class=\"btn-assinatura\" role=\"button\" href=\"https:\/\/www.estrategiaconcursos.com.br\/cursosPorConcurso\/secretaria-da-fazendo-do-para-sefaz-pa\/\" target=\"_blank\" rel=\"noopener noreferrer\">VER CURSOS<\/a><\/div>\n<\/div>\n<\/div>\n<\/div>\n<\/div>\n\n\n\n<h2 class=\"wp-block-heading\" id=\"h-concurso-sefa-pa-registrou-31-4-mil-inscritos\">Concurso Sefa PA registrou 31,4 mil inscritos<\/h2>\n\n\n\n<p>Recentemente, a banca Fadesp divulgou o quantitativo de inscritos da sele\u00e7\u00e3o.<\/p>\n\n\n\n<p>No total, s\u00e3o <strong>31.472<\/strong> <strong>candidatos <\/strong>que disputam 286 vagas imediatas, al\u00e9m de outras 356 em cadastro de reserva, todas para fun\u00e7\u00f5es de n\u00edvel superior. <\/p>\n\n\n\n<p>O cargo com o maior n\u00famero de inscritos foi o de Fiscal de Receitas, com <strong>10.229 <\/strong>candidaturas, seguido de perto pelo cargo de Auditor Fiscal, com <strong>10.191<\/strong>.<\/p>\n\n\n\n<p>Na ponta oposta, o cargo com a menor procura foi o de Analista Fazend\u00e1rio de Infraestrutura &#8211; Engenharia Mec\u00e2nica, com <strong>75 <\/strong>inscritos. Confira a demanda completa na tabela abaixo:<\/p>\n\n\n\n<figure class=\"wp-block-table is-style-stripes\"><table class=\"has-fixed-layout\"><thead><tr><td class=\"has-text-align-center\" data-align=\"center\"><strong>CARGO<\/strong><\/td><td class=\"has-text-align-center\" data-align=\"center\"><strong>VAGAS<\/strong><\/td><td class=\"has-text-align-center\" data-align=\"center\"><strong>INSCRITOS<\/strong><\/td><td class=\"has-text-align-center\" data-align=\"center\"><strong>CANDIDATO POR VAGA<\/strong><\/td><\/tr><\/thead><tbody><tr><td class=\"has-text-align-center\" data-align=\"center\">Auditor Fiscal de Receitas Estaduais<\/td><td class=\"has-text-align-center\" data-align=\"center\">50<\/td><td class=\"has-text-align-center\" data-align=\"center\">10.191<\/td><td class=\"has-text-align-center\" data-align=\"center\">203.82<\/td><\/tr><tr><td class=\"has-text-align-center\" data-align=\"center\">Fiscal de Receitas Estaduais<\/td><td class=\"has-text-align-center\" data-align=\"center\">100<\/td><td class=\"has-text-align-center\" data-align=\"center\">10.229<\/td><td class=\"has-text-align-center\" data-align=\"center\">102.29<\/td><\/tr><tr><td class=\"has-text-align-center\" data-align=\"center\">Analista Fazend\u00e1rio<\/td><td class=\"has-text-align-center\" data-align=\"center\">100<\/td><td class=\"has-text-align-center\" data-align=\"center\">7.773<\/td><td class=\"has-text-align-center\" data-align=\"center\">77.73<\/td><\/tr><tr><td class=\"has-text-align-center\" data-align=\"center\">Analista Fazend\u00e1rio de Tecnologia da Informa\u00e7\u00e3o e Comunica\u00e7\u00e3o<\/td><td class=\"has-text-align-center\" data-align=\"center\">10<\/td><td class=\"has-text-align-center\" data-align=\"center\">801<\/td><td class=\"has-text-align-center\" data-align=\"center\">80.10<\/td><\/tr><tr><td class=\"has-text-align-center\" data-align=\"center\">Analista Fazend\u00e1rio de Infraestrutura &#8211; Arquitetura e Urbanismo<\/td><td class=\"has-text-align-center\" data-align=\"center\">1<\/td><td class=\"has-text-align-center\" data-align=\"center\">167<\/td><td class=\"has-text-align-center\" data-align=\"center\">167.00<\/td><\/tr><tr><td class=\"has-text-align-center\" data-align=\"center\">Analista Fazend\u00e1rio de Infraestrutura &#8211; Engenharia Civil<\/td><td class=\"has-text-align-center\" data-align=\"center\">1<\/td><td class=\"has-text-align-center\" data-align=\"center\">194<\/td><td class=\"has-text-align-center\" data-align=\"center\">194.00<\/td><\/tr><tr><td class=\"has-text-align-center\" data-align=\"center\">Analista Fazend\u00e1rio de Infraestrutura &#8211; Engenharia El\u00e9trica<\/td><td class=\"has-text-align-center\" data-align=\"center\">1<\/td><td class=\"has-text-align-center\" data-align=\"center\">86<\/td><td class=\"has-text-align-center\" data-align=\"center\">86.00<\/td><\/tr><tr><td class=\"has-text-align-center\" data-align=\"center\">Analista Fazend\u00e1rio de Infraestrutura &#8211; Engenharia Mec\u00e2nica<\/td><td class=\"has-text-align-center\" data-align=\"center\">1<\/td><td class=\"has-text-align-center\" data-align=\"center\">75<\/td><td class=\"has-text-align-center\" data-align=\"center\">75.00<\/td><\/tr><tr><td class=\"has-text-align-center\" data-align=\"center\">Analista Fazend\u00e1rio de Sa\u00fade Ocupacional &#8211; Psicologia<\/td><td class=\"has-text-align-center\" data-align=\"center\">1<\/td><td class=\"has-text-align-center\" data-align=\"center\">330<\/td><td class=\"has-text-align-center\" data-align=\"center\">330.00<\/td><\/tr><tr><td class=\"has-text-align-center\" data-align=\"center\">Analista Fazend\u00e1rio de Sa\u00fade Ocupacional &#8211; Servi\u00e7o Social<\/td><td class=\"has-text-align-center\" data-align=\"center\">1<\/td><td class=\"has-text-align-center\" data-align=\"center\">439<\/td><td class=\"has-text-align-center\" data-align=\"center\">439.00<\/td><\/tr><tr><td class=\"has-text-align-center\" data-align=\"center\">Analista Cont\u00e1bil da Administra\u00e7\u00e3o Estadual<\/td><td class=\"has-text-align-center\" data-align=\"center\">14<\/td><td class=\"has-text-align-center\" data-align=\"center\">546<\/td><td class=\"has-text-align-center\" data-align=\"center\">39.00<\/td><\/tr><tr><td class=\"has-text-align-center\" data-align=\"center\">Analista do Tesouro Estadual &#8211; Administra\u00e7\u00e3o<\/td><td class=\"has-text-align-center\" data-align=\"center\">2<\/td><td class=\"has-text-align-center\" data-align=\"center\">506<\/td><td class=\"has-text-align-center\" data-align=\"center\">253.00<\/td><\/tr><tr><td class=\"has-text-align-center\" data-align=\"center\">Analista do Tesouro Estadual &#8211; Ci\u00eancias Econ\u00f4micas<\/td><td class=\"has-text-align-center\" data-align=\"center\">4<\/td><td class=\"has-text-align-center\" data-align=\"center\">135<\/td><td class=\"has-text-align-center\" data-align=\"center\">33.75<\/td><\/tr><\/tbody><tfoot><tr><td class=\"has-text-align-center\" data-align=\"center\"><strong>TOTAL<\/strong><\/td><td class=\"has-text-align-center\" data-align=\"center\"><strong>286<\/strong><\/td><td class=\"has-text-align-center\" data-align=\"center\"><strong>31.472<\/strong><\/td><td class=\"has-text-align-center\" data-align=\"center\"><strong>&#8211;<\/strong><\/td><\/tr><\/tfoot><\/table><figcaption class=\"wp-element-caption\">Demanda completa de inscritos no concurso SEFA PA 2026<\/figcaption><\/figure>\n\n\n\n<p class=\"has-text-align-center\"><em>Para ficar por dentro de todas as informa\u00e7\u00f5es sobre o concurso <a href=\"https:\/\/portalfadesp.org.br\/?page_id=704\" target=\"_blank\" rel=\"noreferrer noopener\">Sefa PA<\/a>, al\u00e9m de que restam 10 dias para as provas, n\u00e3o deixe de conferir nosso artigo completo sobre a sele\u00e7\u00e3o:<\/em><\/p>\n\n\n\n<p class=\"has-text-align-center has-background has-medium-font-size\" style=\"background-color:#d0dae4\"><strong><a href=\"https:\/\/www.estrategiaconcursos.com.br\/blog\/concurso-sefa-pa\/\" target=\"_blank\" rel=\"noreferrer noopener\">Concurso Sefa PA 2026<\/a><\/strong><\/p>\n\n\n\n<hr class=\"wp-block-separator has-alpha-channel-opacity\"\/>\n\n\n\n<h2 class=\"wp-block-heading has-text-align-center\" id=\"cursos-assinatura\"><em>Cursos para o concurso Sefa<\/em> <em>PA<\/em>:<\/h2>\n\n\n\n<div class=\"container\" id=\"boxes\">\n  <div class=\"row\">\n\n    <div class=\"col-sm\">\n      <div class=\"estrategia\" id=\"box-assinatura\">\n        <h3 class=\"titulo-assinatura\">Assinatura Concursos<\/h3>\n        <p class=\"subtitulo-assinatura\">Assinatura de 1 ano ou 2 anos<\/p>\n        <div class=\"box-botao\">\n          <a class=\"btn-assinatura\" target=\"_blank\" href=\"https:\/\/www.estrategiaconcursos.com.br\/assinaturas\/\" role=\"button\" rel=\"noopener noreferrer\">ASSINE AGORA<\/a>\n        <\/div>\n      <\/div><\/div><\/div><\/div>\n\n\n\n<h2 class=\"wp-block-heading has-text-align-center\" id=\"quer-saber-tudo-sobre-concursos-previstos-confira-nossos-artigos\">Quer saber tudo sobre concursos previstos?<br \/>Confira nossos artigos!<\/h2>\n\n\n\n<ul class=\"wp-block-list\">\n<li><a href=\"https:\/\/www.estrategiaconcursos.com.br\/blog\/concursos-abertos\/\" target=\"_blank\" rel=\"noreferrer noopener\">Concursos Abertos<\/a><\/li>\n\n\n\n<li><a href=\"https:\/\/www.estrategiaconcursos.com.br\/blog\/concursos-fiscais\/\" target=\"_blank\" rel=\"noreferrer noopener\">Concursos Fiscais<\/a><\/li>\n\n\n\n<li><a href=\"https:\/\/www.estrategiaconcursos.com.br\/blog\/concursos-2026\/\" target=\"_blank\" rel=\"noreferrer noopener\">Concursos 2026<\/a><\/li>\n<\/ul>\n\n\n\n<p><\/p>\n","protected":false},"excerpt":{"rendered":"<p>O concurso da Secretaria da Fazenda do Estado do Par\u00e1 (SEFA PA) segue para sua etapa final, j\u00e1 que faltam apenas 10 dias para a aplica\u00e7\u00e3o das provas. Neste momento, os candidatos precisam ficar atentos \u00e0s orienta\u00e7\u00f5es e informa\u00e7\u00f5es sobre as provas. Assim, voc\u00ea n\u00e3o precisa se preocupar com poss\u00edveis problemas no dia da aplica\u00e7\u00e3o. [&hellip;]<\/p>\n","protected":false},"author":2692,"featured_media":1695310,"comment_status":"open","ping_status":"closed","sticky":false,"template":"","format":"standard","meta":{"post_tipo":"news","footnotes":""},"categories":[1983,220219],"tags":[],"tax_estado":[219977],"class_list":["post-1732494","post","type-post","status-publish","format-standard","has-post-thumbnail","hentry","category-fiscal-estadual","category-noticias","tax_estado-pa"],"acf":[],"yoast_head":"<!-- This site is optimized with the Yoast SEO Premium plugin v27.2 (Yoast SEO v27.2) - https:\/\/yoast.com\/product\/yoast-seo-premium-wordpress\/ -->\n<title>Sefa PA: 10 dias para as provas; tudo que voc\u00ea precisa saber!<\/title>\n<meta name=\"description\" content=\"Faltam apenas 10 dias para a aplica\u00e7\u00e3o das provas do concurso Sefa PA, uma das principais chances do momento! Saiba os detalhes.\" \/>\n<meta name=\"robots\" content=\"index, follow, max-snippet:-1, max-image-preview:large, max-video-preview:-1\" \/>\n<link rel=\"canonical\" href=\"https:\/\/www.estrategiaconcursos.com.br\/blog\/concurso-sefa-pa-10-dias-provas\/\" \/>\n<meta property=\"og:locale\" content=\"pt_BR\" \/>\n<meta property=\"og:type\" content=\"article\" \/>\n<meta property=\"og:title\" content=\"Sefa PA: 10 dias para as provas; tudo que voc\u00ea precisa saber!\" \/>\n<meta property=\"og:description\" content=\"Faltam apenas 10 dias para a aplica\u00e7\u00e3o das provas do concurso Sefa PA, uma das principais chances do momento! Saiba os detalhes.\" \/>\n<meta property=\"og:url\" content=\"https:\/\/www.estrategiaconcursos.com.br\/blog\/concurso-sefa-pa-10-dias-provas\/\" \/>\n<meta property=\"og:site_name\" content=\"Estrat\u00e9gia Concursos\" \/>\n<meta property=\"article:published_time\" content=\"2026-03-12T17:10:54+00:00\" \/>\n<meta property=\"article:modified_time\" content=\"2026-03-12T17:15:40+00:00\" \/>\n<meta property=\"og:image\" content=\"https:\/\/dhg1h5j42swfq.cloudfront.net\/2026\/01\/07181605\/sefa-pa.jpg\" \/>\n\t<meta property=\"og:image:width\" content=\"768\" \/>\n\t<meta property=\"og:image:height\" content=\"432\" \/>\n\t<meta property=\"og:image:type\" content=\"image\/jpeg\" \/>\n<meta name=\"author\" content=\"Ronaldo Scanavini Neto\" \/>\n<meta name=\"twitter:card\" content=\"summary_large_image\" \/>\n<meta name=\"twitter:creator\" content=\"@EstratConcursos\" \/>\n<meta name=\"twitter:site\" content=\"@EstratConcursos\" \/>\n<meta name=\"twitter:label1\" content=\"Escrito por\" \/>\n\t<meta name=\"twitter:data1\" content=\"Ronaldo Scanavini Neto\" \/>\n\t<meta name=\"twitter:label2\" content=\"Est. tempo de leitura\" \/>\n\t<meta name=\"twitter:data2\" content=\"3 minutos\" \/>\n<script type=\"application\/ld+json\" class=\"yoast-schema-graph\">{\"@context\":\"https:\/\/schema.org\",\"@graph\":[{\"@type\":\"NewsArticle\",\"@id\":\"https:\/\/www.estrategiaconcursos.com.br\/blog\/concurso-sefa-pa-10-dias-provas\/#article\",\"isPartOf\":{\"@id\":\"https:\/\/www.estrategiaconcursos.com.br\/blog\/concurso-sefa-pa-10-dias-provas\/\"},\"author\":{\"name\":\"Ronaldo Scanavini Neto\",\"@id\":\"https:\/\/www.estrategiaconcursos.com.br\/blog\/#\/schema\/person\/70c2ad4297aa24ff8815b08215b23a76\"},\"headline\":\"Sefa PA: 10 dias para as provas; tudo que voc\u00ea precisa saber!\",\"datePublished\":\"2026-03-12T17:10:54+00:00\",\"dateModified\":\"2026-03-12T17:15:40+00:00\",\"mainEntityOfPage\":{\"@id\":\"https:\/\/www.estrategiaconcursos.com.br\/blog\/concurso-sefa-pa-10-dias-provas\/\"},\"wordCount\":575,\"commentCount\":0,\"publisher\":{\"@id\":\"https:\/\/www.estrategiaconcursos.com.br\/blog\/#organization\"},\"image\":{\"@id\":\"https:\/\/www.estrategiaconcursos.com.br\/blog\/concurso-sefa-pa-10-dias-provas\/#primaryimage\"},\"thumbnailUrl\":\"https:\/\/dhg1h5j42swfq.cloudfront.net\/2026\/01\/07181605\/sefa-pa.jpg\",\"articleSection\":[\"Fiscal - Estadual (ICMS)\",\"\u00daltimas not\u00edcias\"],\"inLanguage\":\"pt-BR\",\"potentialAction\":[{\"@type\":\"CommentAction\",\"name\":\"Comment\",\"target\":[\"https:\/\/www.estrategiaconcursos.com.br\/blog\/concurso-sefa-pa-10-dias-provas\/#respond\"]}],\"copyrightYear\":\"2026\",\"copyrightHolder\":{\"@id\":\"https:\/\/www.estrategiaconcursos.com.br\/blog\/#organization\"}},{\"@type\":\"WebPage\",\"@id\":\"https:\/\/www.estrategiaconcursos.com.br\/blog\/concurso-sefa-pa-10-dias-provas\/\",\"url\":\"https:\/\/www.estrategiaconcursos.com.br\/blog\/concurso-sefa-pa-10-dias-provas\/\",\"name\":\"Sefa PA: 10 dias para as provas; tudo que voc\u00ea precisa saber!\",\"isPartOf\":{\"@id\":\"https:\/\/www.estrategiaconcursos.com.br\/blog\/#website\"},\"primaryImageOfPage\":{\"@id\":\"https:\/\/www.estrategiaconcursos.com.br\/blog\/concurso-sefa-pa-10-dias-provas\/#primaryimage\"},\"image\":{\"@id\":\"https:\/\/www.estrategiaconcursos.com.br\/blog\/concurso-sefa-pa-10-dias-provas\/#primaryimage\"},\"thumbnailUrl\":\"https:\/\/dhg1h5j42swfq.cloudfront.net\/2026\/01\/07181605\/sefa-pa.jpg\",\"datePublished\":\"2026-03-12T17:10:54+00:00\",\"dateModified\":\"2026-03-12T17:15:40+00:00\",\"description\":\"Faltam apenas 10 dias para a aplica\u00e7\u00e3o das provas do concurso Sefa PA, uma das principais chances do momento! Saiba os detalhes.\",\"breadcrumb\":{\"@id\":\"https:\/\/www.estrategiaconcursos.com.br\/blog\/concurso-sefa-pa-10-dias-provas\/#breadcrumb\"},\"inLanguage\":\"pt-BR\",\"potentialAction\":[{\"@type\":\"ReadAction\",\"target\":[\"https:\/\/www.estrategiaconcursos.com.br\/blog\/concurso-sefa-pa-10-dias-provas\/\"]}]},{\"@type\":\"ImageObject\",\"inLanguage\":\"pt-BR\",\"@id\":\"https:\/\/www.estrategiaconcursos.com.br\/blog\/concurso-sefa-pa-10-dias-provas\/#primaryimage\",\"url\":\"https:\/\/dhg1h5j42swfq.cloudfront.net\/2026\/01\/07181605\/sefa-pa.jpg\",\"contentUrl\":\"https:\/\/dhg1h5j42swfq.cloudfront.net\/2026\/01\/07181605\/sefa-pa.jpg\",\"width\":768,\"height\":432,\"caption\":\"Concurso Sefa PA 2026\"},{\"@type\":\"BreadcrumbList\",\"@id\":\"https:\/\/www.estrategiaconcursos.com.br\/blog\/concurso-sefa-pa-10-dias-provas\/#breadcrumb\",\"itemListElement\":[{\"@type\":\"ListItem\",\"position\":1,\"name\":\"In\u00edcio\",\"item\":\"https:\/\/www.estrategiaconcursos.com.br\/blog\/\"},{\"@type\":\"ListItem\",\"position\":2,\"name\":\"Sefa PA: 10 dias para as provas; tudo que voc\u00ea precisa saber!\"}]},{\"@type\":\"WebSite\",\"@id\":\"https:\/\/www.estrategiaconcursos.com.br\/blog\/#website\",\"url\":\"https:\/\/www.estrategiaconcursos.com.br\/blog\/\",\"name\":\"Estrat\u00e9gia Concursos\",\"description\":\"O blog da Estrat\u00e9gia Concursos traz not\u00edcias sobre concursos e artigos de professores oferecendo cursos para concursos (pdf + videaulas) no site.\",\"publisher\":{\"@id\":\"https:\/\/www.estrategiaconcursos.com.br\/blog\/#organization\"},\"potentialAction\":[{\"@type\":\"SearchAction\",\"target\":{\"@type\":\"EntryPoint\",\"urlTemplate\":\"https:\/\/www.estrategiaconcursos.com.br\/blog\/?s={search_term_string}\"},\"query-input\":{\"@type\":\"PropertyValueSpecification\",\"valueRequired\":true,\"valueName\":\"search_term_string\"}}],\"inLanguage\":\"pt-BR\"},{\"@type\":\"Organization\",\"@id\":\"https:\/\/www.estrategiaconcursos.com.br\/blog\/#organization\",\"name\":\"Estrat\u00e9gia Concursos\",\"url\":\"https:\/\/www.estrategiaconcursos.com.br\/blog\/\",\"logo\":{\"@type\":\"ImageObject\",\"inLanguage\":\"pt-BR\",\"@id\":\"https:\/\/www.estrategiaconcursos.com.br\/blog\/#\/schema\/logo\/image\/\",\"url\":\"https:\/\/dhg1h5j42swfq.cloudfront.net\/2025\/06\/03203428\/logo_concursos-1.jpg\",\"contentUrl\":\"https:\/\/dhg1h5j42swfq.cloudfront.net\/2025\/06\/03203428\/logo_concursos-1.jpg\",\"width\":230,\"height\":60,\"caption\":\"Estrat\u00e9gia Concursos\"},\"image\":{\"@id\":\"https:\/\/www.estrategiaconcursos.com.br\/blog\/#\/schema\/logo\/image\/\"},\"sameAs\":[\"https:\/\/x.com\/EstratConcursos\"]},{\"@type\":\"Person\",\"@id\":\"https:\/\/www.estrategiaconcursos.com.br\/blog\/#\/schema\/person\/70c2ad4297aa24ff8815b08215b23a76\",\"name\":\"Ronaldo Scanavini Neto\",\"image\":{\"@type\":\"ImageObject\",\"inLanguage\":\"pt-BR\",\"@id\":\"https:\/\/secure.gravatar.com\/avatar\/f93d8e56fe264596e94aee6b3feb737d98ad0fc5bac7eb0a245f04723c5c8f21?s=96&d=mm&r=g\",\"url\":\"https:\/\/secure.gravatar.com\/avatar\/f93d8e56fe264596e94aee6b3feb737d98ad0fc5bac7eb0a245f04723c5c8f21?s=96&d=mm&r=g\",\"contentUrl\":\"https:\/\/secure.gravatar.com\/avatar\/f93d8e56fe264596e94aee6b3feb737d98ad0fc5bac7eb0a245f04723c5c8f21?s=96&d=mm&r=g\",\"caption\":\"Ronaldo Scanavini Neto\"},\"description\":\"Graduando em Comunica\u00e7\u00e3o Social \u2013 Jornalismo pela Universidade Federal de Vi\u00e7osa (UFV). Integra a equipe de jornalismo do Estrat\u00e9gia Concursos desde 2023, atuando com \u00eanfase na cobertura da \u00e1rea fiscal. Tamb\u00e9m realiza a apura\u00e7\u00e3o e produ\u00e7\u00e3o de not\u00edcias sobre concursos federais, \u00f3rg\u00e3os participantes do CNU e das \u00e1reas de controle, gest\u00e3o, engenharia, Exame CFC, comunica\u00e7\u00e3o social TI e \u00e1rea de concursos administrativos.\",\"url\":\"https:\/\/www.estrategiaconcursos.com.br\/blog\/author\/ronaldo-netoestrategia-com\/\"}]}<\/script>\n<!-- \/ Yoast SEO Premium plugin. -->","yoast_head_json":{"title":"Sefa PA: 10 dias para as provas; tudo que voc\u00ea precisa saber!","description":"Faltam apenas 10 dias para a aplica\u00e7\u00e3o das provas do concurso Sefa PA, uma das principais chances do momento! Saiba os detalhes.","robots":{"index":"index","follow":"follow","max-snippet":"max-snippet:-1","max-image-preview":"max-image-preview:large","max-video-preview":"max-video-preview:-1"},"canonical":"https:\/\/www.estrategiaconcursos.com.br\/blog\/concurso-sefa-pa-10-dias-provas\/","og_locale":"pt_BR","og_type":"article","og_title":"Sefa PA: 10 dias para as provas; tudo que voc\u00ea precisa saber!","og_description":"Faltam apenas 10 dias para a aplica\u00e7\u00e3o das provas do concurso Sefa PA, uma das principais chances do momento! Saiba os detalhes.","og_url":"https:\/\/www.estrategiaconcursos.com.br\/blog\/concurso-sefa-pa-10-dias-provas\/","og_site_name":"Estrat\u00e9gia Concursos","article_published_time":"2026-03-12T17:10:54+00:00","article_modified_time":"2026-03-12T17:15:40+00:00","og_image":[{"width":768,"height":432,"url":"https:\/\/dhg1h5j42swfq.cloudfront.net\/2026\/01\/07181605\/sefa-pa.jpg","type":"image\/jpeg"}],"author":"Ronaldo Scanavini Neto","twitter_card":"summary_large_image","twitter_creator":"@EstratConcursos","twitter_site":"@EstratConcursos","twitter_misc":{"Escrito por":"Ronaldo Scanavini Neto","Est. tempo de leitura":"3 minutos"},"schema":{"@context":"https:\/\/schema.org","@graph":[{"@type":"NewsArticle","@id":"https:\/\/www.estrategiaconcursos.com.br\/blog\/concurso-sefa-pa-10-dias-provas\/#article","isPartOf":{"@id":"https:\/\/www.estrategiaconcursos.com.br\/blog\/concurso-sefa-pa-10-dias-provas\/"},"author":{"name":"Ronaldo Scanavini Neto","@id":"https:\/\/www.estrategiaconcursos.com.br\/blog\/#\/schema\/person\/70c2ad4297aa24ff8815b08215b23a76"},"headline":"Sefa PA: 10 dias para as provas; tudo que voc\u00ea precisa saber!","datePublished":"2026-03-12T17:10:54+00:00","dateModified":"2026-03-12T17:15:40+00:00","mainEntityOfPage":{"@id":"https:\/\/www.estrategiaconcursos.com.br\/blog\/concurso-sefa-pa-10-dias-provas\/"},"wordCount":575,"commentCount":0,"publisher":{"@id":"https:\/\/www.estrategiaconcursos.com.br\/blog\/#organization"},"image":{"@id":"https:\/\/www.estrategiaconcursos.com.br\/blog\/concurso-sefa-pa-10-dias-provas\/#primaryimage"},"thumbnailUrl":"https:\/\/dhg1h5j42swfq.cloudfront.net\/2026\/01\/07181605\/sefa-pa.jpg","articleSection":["Fiscal - Estadual (ICMS)","\u00daltimas not\u00edcias"],"inLanguage":"pt-BR","potentialAction":[{"@type":"CommentAction","name":"Comment","target":["https:\/\/www.estrategiaconcursos.com.br\/blog\/concurso-sefa-pa-10-dias-provas\/#respond"]}],"copyrightYear":"2026","copyrightHolder":{"@id":"https:\/\/www.estrategiaconcursos.com.br\/blog\/#organization"}},{"@type":"WebPage","@id":"https:\/\/www.estrategiaconcursos.com.br\/blog\/concurso-sefa-pa-10-dias-provas\/","url":"https:\/\/www.estrategiaconcursos.com.br\/blog\/concurso-sefa-pa-10-dias-provas\/","name":"Sefa PA: 10 dias para as provas; tudo que voc\u00ea precisa saber!","isPartOf":{"@id":"https:\/\/www.estrategiaconcursos.com.br\/blog\/#website"},"primaryImageOfPage":{"@id":"https:\/\/www.estrategiaconcursos.com.br\/blog\/concurso-sefa-pa-10-dias-provas\/#primaryimage"},"image":{"@id":"https:\/\/www.estrategiaconcursos.com.br\/blog\/concurso-sefa-pa-10-dias-provas\/#primaryimage"},"thumbnailUrl":"https:\/\/dhg1h5j42swfq.cloudfront.net\/2026\/01\/07181605\/sefa-pa.jpg","datePublished":"2026-03-12T17:10:54+00:00","dateModified":"2026-03-12T17:15:40+00:00","description":"Faltam apenas 10 dias para a aplica\u00e7\u00e3o das provas do concurso Sefa PA, uma das principais chances do momento! Saiba os detalhes.","breadcrumb":{"@id":"https:\/\/www.estrategiaconcursos.com.br\/blog\/concurso-sefa-pa-10-dias-provas\/#breadcrumb"},"inLanguage":"pt-BR","potentialAction":[{"@type":"ReadAction","target":["https:\/\/www.estrategiaconcursos.com.br\/blog\/concurso-sefa-pa-10-dias-provas\/"]}]},{"@type":"ImageObject","inLanguage":"pt-BR","@id":"https:\/\/www.estrategiaconcursos.com.br\/blog\/concurso-sefa-pa-10-dias-provas\/#primaryimage","url":"https:\/\/dhg1h5j42swfq.cloudfront.net\/2026\/01\/07181605\/sefa-pa.jpg","contentUrl":"https:\/\/dhg1h5j42swfq.cloudfront.net\/2026\/01\/07181605\/sefa-pa.jpg","width":768,"height":432,"caption":"Concurso Sefa PA 2026"},{"@type":"BreadcrumbList","@id":"https:\/\/www.estrategiaconcursos.com.br\/blog\/concurso-sefa-pa-10-dias-provas\/#breadcrumb","itemListElement":[{"@type":"ListItem","position":1,"name":"In\u00edcio","item":"https:\/\/www.estrategiaconcursos.com.br\/blog\/"},{"@type":"ListItem","position":2,"name":"Sefa PA: 10 dias para as provas; tudo que voc\u00ea precisa saber!"}]},{"@type":"WebSite","@id":"https:\/\/www.estrategiaconcursos.com.br\/blog\/#website","url":"https:\/\/www.estrategiaconcursos.com.br\/blog\/","name":"Estrat\u00e9gia Concursos","description":"O blog da Estrat\u00e9gia Concursos traz not\u00edcias sobre concursos e artigos de professores oferecendo cursos para concursos (pdf + videaulas) no site.","publisher":{"@id":"https:\/\/www.estrategiaconcursos.com.br\/blog\/#organization"},"potentialAction":[{"@type":"SearchAction","target":{"@type":"EntryPoint","urlTemplate":"https:\/\/www.estrategiaconcursos.com.br\/blog\/?s={search_term_string}"},"query-input":{"@type":"PropertyValueSpecification","valueRequired":true,"valueName":"search_term_string"}}],"inLanguage":"pt-BR"},{"@type":"Organization","@id":"https:\/\/www.estrategiaconcursos.com.br\/blog\/#organization","name":"Estrat\u00e9gia Concursos","url":"https:\/\/www.estrategiaconcursos.com.br\/blog\/","logo":{"@type":"ImageObject","inLanguage":"pt-BR","@id":"https:\/\/www.estrategiaconcursos.com.br\/blog\/#\/schema\/logo\/image\/","url":"https:\/\/dhg1h5j42swfq.cloudfront.net\/2025\/06\/03203428\/logo_concursos-1.jpg","contentUrl":"https:\/\/dhg1h5j42swfq.cloudfront.net\/2025\/06\/03203428\/logo_concursos-1.jpg","width":230,"height":60,"caption":"Estrat\u00e9gia Concursos"},"image":{"@id":"https:\/\/www.estrategiaconcursos.com.br\/blog\/#\/schema\/logo\/image\/"},"sameAs":["https:\/\/x.com\/EstratConcursos"]},{"@type":"Person","@id":"https:\/\/www.estrategiaconcursos.com.br\/blog\/#\/schema\/person\/70c2ad4297aa24ff8815b08215b23a76","name":"Ronaldo Scanavini Neto","image":{"@type":"ImageObject","inLanguage":"pt-BR","@id":"https:\/\/secure.gravatar.com\/avatar\/f93d8e56fe264596e94aee6b3feb737d98ad0fc5bac7eb0a245f04723c5c8f21?s=96&d=mm&r=g","url":"https:\/\/secure.gravatar.com\/avatar\/f93d8e56fe264596e94aee6b3feb737d98ad0fc5bac7eb0a245f04723c5c8f21?s=96&d=mm&r=g","contentUrl":"https:\/\/secure.gravatar.com\/avatar\/f93d8e56fe264596e94aee6b3feb737d98ad0fc5bac7eb0a245f04723c5c8f21?s=96&d=mm&r=g","caption":"Ronaldo Scanavini Neto"},"description":"Graduando em Comunica\u00e7\u00e3o Social \u2013 Jornalismo pela Universidade Federal de Vi\u00e7osa (UFV). Integra a equipe de jornalismo do Estrat\u00e9gia Concursos desde 2023, atuando com \u00eanfase na cobertura da \u00e1rea fiscal. Tamb\u00e9m realiza a apura\u00e7\u00e3o e produ\u00e7\u00e3o de not\u00edcias sobre concursos federais, \u00f3rg\u00e3os participantes do CNU e das \u00e1reas de controle, gest\u00e3o, engenharia, Exame CFC, comunica\u00e7\u00e3o social TI e \u00e1rea de concursos administrativos.","url":"https:\/\/www.estrategiaconcursos.com.br\/blog\/author\/ronaldo-netoestrategia-com\/"}]}},"_links":{"self":[{"href":"https:\/\/www.estrategiaconcursos.com.br\/blog\/wp-json\/wp\/v2\/posts\/1732494","targetHints":{"allow":["GET"]}}],"collection":[{"href":"https:\/\/www.estrategiaconcursos.com.br\/blog\/wp-json\/wp\/v2\/posts"}],"about":[{"href":"https:\/\/www.estrategiaconcursos.com.br\/blog\/wp-json\/wp\/v2\/types\/post"}],"author":[{"embeddable":true,"href":"https:\/\/www.estrategiaconcursos.com.br\/blog\/wp-json\/wp\/v2\/users\/2692"}],"replies":[{"embeddable":true,"href":"https:\/\/www.estrategiaconcursos.com.br\/blog\/wp-json\/wp\/v2\/comments?post=1732494"}],"version-history":[{"count":3,"href":"https:\/\/www.estrategiaconcursos.com.br\/blog\/wp-json\/wp\/v2\/posts\/1732494\/revisions"}],"predecessor-version":[{"id":1732559,"href":"https:\/\/www.estrategiaconcursos.com.br\/blog\/wp-json\/wp\/v2\/posts\/1732494\/revisions\/1732559"}],"wp:featuredmedia":[{"embeddable":true,"href":"https:\/\/www.estrategiaconcursos.com.br\/blog\/wp-json\/wp\/v2\/media\/1695310"}],"wp:attachment":[{"href":"https:\/\/www.estrategiaconcursos.com.br\/blog\/wp-json\/wp\/v2\/media?parent=1732494"}],"wp:term":[{"taxonomy":"category","embeddable":true,"href":"https:\/\/www.estrategiaconcursos.com.br\/blog\/wp-json\/wp\/v2\/categories?post=1732494"},{"taxonomy":"post_tag","embeddable":true,"href":"https:\/\/www.estrategiaconcursos.com.br\/blog\/wp-json\/wp\/v2\/tags?post=1732494"},{"taxonomy":"tax_estado","embeddable":true,"href":"https:\/\/www.estrategiaconcursos.com.br\/blog\/wp-json\/wp\/v2\/tax_estado?post=1732494"}],"curies":[{"name":"wp","href":"https:\/\/api.w.org\/{rel}","templated":true}]}}