{"id":1732475,"date":"2026-03-12T13:55:26","date_gmt":"2026-03-12T16:55:26","guid":{"rendered":"https:\/\/www.estrategiaconcursos.com.br\/blog\/?p=1732475"},"modified":"2026-03-12T13:55:28","modified_gmt":"2026-03-12T16:55:28","slug":"concurso-prefeitura-rafael-jambeiro","status":"publish","type":"post","link":"https:\/\/www.estrategiaconcursos.com.br\/blog\/concurso-prefeitura-rafael-jambeiro\/","title":{"rendered":"Concurso Rafael Jambeiro (BA): sem novo edital previsto"},"content":{"rendered":"\n<p style=\"font-size:clamp(16.293px, 1.018rem + ((1vw - 3.2px) * 0.854), 25px);\"><strong><em>Concurso Prefeitura de Rafael Jambeiro, na Bahia: \u00faltimo certame efetivo ocorreu em 2020, com 10 vagas para Agente Comunit\u00e1rio de Sa\u00fade organizado pelo IDIB.<\/em><\/strong><\/p>\n\n\n\n<p>Rafael Jambeiro \u00e9 um munic\u00edpio baiano situado na regi\u00e3o do Piemonte do Paragua\u00e7u, no semi\u00e1rido do estado. A Prefeitura Municipal possui registros de concursos p\u00fablicos e processos seletivos desde 2009, contemplando cargos de diferentes n\u00edveis de escolaridade. Este artigo re\u00fane as informa\u00e7\u00f5es dispon\u00edveis sobre o \u00faltimo certame efetivo e o hist\u00f3rico de sele\u00e7\u00f5es realizadas pelo munic\u00edpio.<\/p>\n\n\n\n<ul class=\"wp-block-list has-very-light-gray-to-cyan-bluish-gray-gradient-background has-background\">\n<li><strong>Prefeitura de Rafael Jambeiro <em>&#8211; <span style=\"text-decoration: underline;\">pr\u00f3ximo concurso<\/span><\/em><\/strong><\/li>\n<li><strong>Status:<\/strong> sem novo edital previsto<\/li>\n<\/ul>\n\n\n\n<h2 class=\"wp-block-heading\" id=\"situacao-atual\">Situa\u00e7\u00e3o atual do concurso Prefeitura de Rafael Jambeiro<\/h2>\n\n\n\n<p>At\u00e9 a \u00faltima atualiza\u00e7\u00e3o deste artigo, n\u00e3o h\u00e1 novo edital publicado, comiss\u00e3o formada ou autoriza\u00e7\u00e3o oficial para um pr\u00f3ximo concurso da Prefeitura de Rafael Jambeiro. O site oficial do munic\u00edpio disponibiliza o Di\u00e1rio Oficial como canal de divulga\u00e7\u00e3o dos atos p\u00fablicos, sendo o meio recomendado para acompanhar eventuais publica\u00e7\u00f5es sobre novas sele\u00e7\u00f5es.<\/p>\n\n\n\n<h2 class=\"wp-block-heading\" id=\"ultimo-concurso\">\u00daltimo concurso Prefeitura de Rafael Jambeiro<\/h2>\n\n\n\n<p>O \u00faltimo concurso p\u00fablico da Prefeitura de Rafael Jambeiro foi realizado em 2020, destinado ao preenchimento de 10 vagas para o cargo de ACS \u2013 Agente Comunit\u00e1rio de Sa\u00fade. A sele\u00e7\u00e3o exigiu ensino m\u00e9dio completo e resid\u00eancia na \u00e1rea de atua\u00e7\u00e3o. Al\u00e9m desse certame efetivo, a Prefeitura tamb\u00e9m realizou em 2020 um processo seletivo simplificado voltado ao combate \u00e0 COVID-19, com 120 vagas para cargos de n\u00edvel t\u00e9cnico e superior. Em 2009, o munic\u00edpio havia promovido concurso p\u00fablico com 217 vagas para cargos de n\u00edveis fundamental, m\u00e9dio e superior.<\/p>\n\n\n\n<ul class=\"wp-block-list has-very-light-gray-to-cyan-bluish-gray-gradient-background has-background\">\n<li><strong>Prefeitura de Rafael Jambeiro <em>&#8211; <span style=\"text-decoration: underline;\">\u00faltimo concurso<\/span><\/em><\/strong><\/li>\n<li><strong>Ano:<\/strong> 2020<\/li>\n<li><strong>Vagas:<\/strong> 10<\/li>\n<li><strong>Sal\u00e1rio:<\/strong> de R$ 100,00 a R$ 1.400,00<\/li>\n<li><strong>Banca:<\/strong> IDIB<\/li>\n<li><strong>Escolaridade:<\/strong> Ensino M\u00e9dio completo<\/li>\n<li><strong>Cargo:<\/strong> ACS \u2013 Agente Comunit\u00e1rio de Sa\u00fade<\/li>\n<\/ul>\n\n\n\n<h2 class=\"wp-block-heading has-text-align-center\" id=\"mapa-regiao\">Veja Concursos Abertos na mesma regi\u00e3o<\/h2>\n\n\n\n<iframe\n  src=\"https:\/\/www.estrategiaconcursos.com.br\/blog\/mapa-concursos\/embed?situacoes=Inscri%C3%A7%C3%B5es%20abertas&amp;estado=BA\"\n  width=\"100%\"\n  height=\"400\"\n  style=\"border: none; display: block;\"\n  title=\"Mapa de Concursos Publicos na Bahia\"\n  loading=\"lazy\"><\/iframe>\n\n\n\n<h2 class=\"wp-block-heading has-text-align-center\" id=\"cursos\">Quer saber tudo sobre concursos previstos?<br \/>Confira nossos artigos!<\/h2>\n\n\n\n<ul class=\"wp-block-list\">\n<li><a href=\"https:\/\/www.estrategiaconcursos.com.br\/blog\/concursos-abertos\/\" target=\"_blank\" rel=\"noreferrer noopener\">Concursos Abertos<\/a><\/li>\n<li><a href=\"https:\/\/www.estrategiaconcursos.com.br\/blog\/concursos-2026\/\" target=\"_blank\" rel=\"noreferrer noopener\">Concursos 2026<\/a><\/li>\n<li><a href=\"https:\/\/www.estrategiaconcursos.com.br\/blog\/concursos-bahia\/\" target=\"_blank\" rel=\"noreferrer noopener\">Concursos Bahia<\/a><\/li>\n<\/ul>\n\n\n\n<div class=\"estrategia\" id=\"box-assinatura\">\n  <h3 class=\"titulo-assinatura\">Assinatura Concursos<\/h3>\n  <p class=\"subtitulo-assinatura\">Assinatura de 1 ano ou 2 anos<\/p>\n  <div class=\"box-botao\">\n    <a class=\"btn-assinatura\" target=\"_blank\" href=\"https:\/\/www.estrategiaconcursos.com.br\/assinaturas\/\" role=\"button\" rel=\"noopener noreferrer\">ASSINE AGORA<\/a>\n  <\/div>\n<\/div>\n\n\n\n<h3 class=\"wp-block-heading\" id=\"ficha\">Informa\u00e7\u00f5es do pr\u00f3ximo concurso Prefeitura de Rafael Jambeiro<\/h3>\n\n\n\n<ul class=\"wp-block-list\">\n<li><strong>Data prevista:<\/strong> a definir<\/li>\n<li><strong>Status:<\/strong> sem novo edital previsto<\/li>\n<\/ul>\n\n\n\n<h3 class=\"wp-block-heading\">Informa\u00e7\u00f5es do \u00faltimo concurso Prefeitura de Rafael Jambeiro<\/h3>\n\n\n\n<ul class=\"wp-block-list\">\n<li><strong>Ano:<\/strong> 2020<\/li>\n<li><strong>Vagas:<\/strong> 10<\/li>\n<li><strong>Banca:<\/strong> IDIB<\/li>\n<li><strong>Cargo:<\/strong> ACS \u2013 Agente Comunit\u00e1rio de Sa\u00fade<\/li>\n<\/ul>\n\n\n\n<h3 class=\"wp-block-heading\">Fontes consultadas<\/h3>\n\n\n\n<ul class=\"wp-block-list\">\n<li><a href=\"https:\/\/www.rafaeljambeiro.ba.gov.br\/\" target=\"_blank\" rel=\"noreferrer noopener\">Prefeitura Municipal de Rafael Jambeiro \u2013 Site Oficial<\/a><\/li>\n<li><a href=\"http:\/\/ba.portaldatransparencia.com.br\/prefeitura\/rafaeljambeiro\/index.cfm?pagina=informacoes\" target=\"_blank\" rel=\"noreferrer noopener\">Portal Oficial da Transpar\u00eancia \u2013 Rafael Jambeiro<\/a><\/li>\n<\/ul>\n\n\n\n<div class=\"container\" id=\"boxes\">\n  <div class=\"row\">\n    <div class=\"col-sm\">\n      <div class=\"banner-prefeituras-ec\" id=\"box-assinatura\">\n        <h2 class=\"titulo-assinatura\" style=\"text-align: left;\">Concursos Prefeituras<\/h2>\n        <p class=\"subtitulo-assinatura\" style=\"text-align: left;\">Prepara\u00e7\u00e3o completa para a carreira!<\/p>\n        <div class=\"box-botao\" style=\"text-align: left;\">\n          <a class=\"btn-assinatura\" target=\"_blank\" href=\"https:\/\/www.estrategiaconcursos.com.br\/pesquisa\/?q=prefeitura+rafael+jambeiro\" role=\"button\" rel=\"noopener noreferrer\">EXPLORAR CURSOS<\/a>\n        <\/div>\n      <\/div>\n    <\/div>\n  <\/div>\n<\/div>\n\n","protected":false},"excerpt":{"rendered":"<p>Concurso Prefeitura de Rafael Jambeiro, na Bahia: \u00faltimo certame efetivo ocorreu em 2020, com 10 vagas para Agente Comunit\u00e1rio de Sa\u00fade organizado pelo IDIB. Rafael Jambeiro \u00e9 um munic\u00edpio baiano situado na regi\u00e3o do Piemonte do Paragua\u00e7u, no semi\u00e1rido do estado. A Prefeitura Municipal possui registros de concursos p\u00fablicos e processos seletivos desde 2009, contemplando [&hellip;]<\/p>\n","protected":false},"author":344,"featured_media":1540739,"comment_status":"open","ping_status":"closed","sticky":false,"template":"","format":"standard","meta":{"post_tipo":"news_page","footnotes":""},"categories":[222278],"tags":[],"tax_estado":[219968],"class_list":["post-1732475","post","type-post","status-publish","format-standard","has-post-thumbnail","hentry","category-prefeituras","tax_estado-ba"],"acf":[],"yoast_head":"<!-- This site is optimized with the Yoast SEO Premium plugin v27.2 (Yoast SEO v27.2) - https:\/\/yoast.com\/product\/yoast-seo-premium-wordpress\/ -->\n<title>Concurso Rafael Jambeiro (BA): sem novo edital previsto<\/title>\n<meta name=\"description\" content=\"Rafael Jambeiro (BA) teve \u00faltimo concurso em 2020, com 10 vagas para ACS organizado pelo IDIB. Veja hist\u00f3rico e situa\u00e7\u00e3o atual.\" \/>\n<meta name=\"robots\" content=\"index, follow, max-snippet:-1, max-image-preview:large, max-video-preview:-1\" \/>\n<link rel=\"canonical\" href=\"https:\/\/www.estrategiaconcursos.com.br\/blog\/concurso-prefeitura-rafael-jambeiro\/\" \/>\n<meta property=\"og:locale\" content=\"pt_BR\" \/>\n<meta property=\"og:type\" content=\"article\" \/>\n<meta property=\"og:title\" content=\"Concurso Rafael Jambeiro (BA): sem novo edital previsto\" \/>\n<meta property=\"og:description\" content=\"Rafael Jambeiro (BA) teve \u00faltimo concurso em 2020, com 10 vagas para ACS organizado pelo IDIB. Veja hist\u00f3rico e situa\u00e7\u00e3o atual.\" \/>\n<meta property=\"og:url\" content=\"https:\/\/www.estrategiaconcursos.com.br\/blog\/concurso-prefeitura-rafael-jambeiro\/\" \/>\n<meta property=\"og:site_name\" content=\"Estrat\u00e9gia Concursos\" \/>\n<meta property=\"article:author\" content=\"https:\/\/www.facebook.com\/coachluiseduardo\/\" \/>\n<meta property=\"article:published_time\" content=\"2026-03-12T16:55:26+00:00\" \/>\n<meta property=\"article:modified_time\" content=\"2026-03-12T16:55:28+00:00\" \/>\n<meta property=\"og:image\" content=\"https:\/\/dhg1h5j42swfq.cloudfront.net\/2025\/03\/05201612\/concursos-prefeituras-1024x536-1.jpg\" \/>\n\t<meta property=\"og:image:width\" content=\"1024\" \/>\n\t<meta property=\"og:image:height\" content=\"536\" \/>\n\t<meta property=\"og:image:type\" content=\"image\/jpeg\" \/>\n<meta name=\"author\" content=\"Luis Eduardo\" \/>\n<meta name=\"twitter:card\" content=\"summary_large_image\" \/>\n<meta name=\"twitter:creator\" content=\"@EstratConcursos\" \/>\n<meta name=\"twitter:site\" content=\"@EstratConcursos\" \/>\n<meta name=\"twitter:label1\" content=\"Escrito por\" \/>\n\t<meta name=\"twitter:data1\" content=\"Luis Eduardo\" \/>\n\t<meta name=\"twitter:label2\" content=\"Est. tempo de leitura\" \/>\n\t<meta name=\"twitter:data2\" content=\"2 minutos\" \/>\n<script type=\"application\/ld+json\" class=\"yoast-schema-graph\">{\"@context\":\"https:\/\/schema.org\",\"@graph\":[{\"@type\":\"NewsArticle\",\"@id\":\"https:\/\/www.estrategiaconcursos.com.br\/blog\/concurso-prefeitura-rafael-jambeiro\/#article\",\"isPartOf\":{\"@id\":\"https:\/\/www.estrategiaconcursos.com.br\/blog\/concurso-prefeitura-rafael-jambeiro\/\"},\"author\":{\"name\":\"Luis Eduardo\",\"@id\":\"https:\/\/www.estrategiaconcursos.com.br\/blog\/#\/schema\/person\/0906ff564105056f3b05978d503ee214\"},\"headline\":\"Concurso Rafael Jambeiro (BA): sem novo edital previsto\",\"datePublished\":\"2026-03-12T16:55:26+00:00\",\"dateModified\":\"2026-03-12T16:55:28+00:00\",\"mainEntityOfPage\":{\"@id\":\"https:\/\/www.estrategiaconcursos.com.br\/blog\/concurso-prefeitura-rafael-jambeiro\/\"},\"wordCount\":411,\"commentCount\":0,\"publisher\":{\"@id\":\"https:\/\/www.estrategiaconcursos.com.br\/blog\/#organization\"},\"image\":{\"@id\":\"https:\/\/www.estrategiaconcursos.com.br\/blog\/concurso-prefeitura-rafael-jambeiro\/#primaryimage\"},\"thumbnailUrl\":\"https:\/\/dhg1h5j42swfq.cloudfront.net\/2025\/03\/05201612\/concursos-prefeituras-1024x536-1.jpg\",\"articleSection\":[\"Prefeituras\"],\"inLanguage\":\"pt-BR\",\"potentialAction\":[{\"@type\":\"CommentAction\",\"name\":\"Comment\",\"target\":[\"https:\/\/www.estrategiaconcursos.com.br\/blog\/concurso-prefeitura-rafael-jambeiro\/#respond\"]}],\"copyrightYear\":\"2026\",\"copyrightHolder\":{\"@id\":\"https:\/\/www.estrategiaconcursos.com.br\/blog\/#organization\"}},{\"@type\":\"WebPage\",\"@id\":\"https:\/\/www.estrategiaconcursos.com.br\/blog\/concurso-prefeitura-rafael-jambeiro\/\",\"url\":\"https:\/\/www.estrategiaconcursos.com.br\/blog\/concurso-prefeitura-rafael-jambeiro\/\",\"name\":\"Concurso Rafael Jambeiro (BA): sem novo edital previsto\",\"isPartOf\":{\"@id\":\"https:\/\/www.estrategiaconcursos.com.br\/blog\/#website\"},\"primaryImageOfPage\":{\"@id\":\"https:\/\/www.estrategiaconcursos.com.br\/blog\/concurso-prefeitura-rafael-jambeiro\/#primaryimage\"},\"image\":{\"@id\":\"https:\/\/www.estrategiaconcursos.com.br\/blog\/concurso-prefeitura-rafael-jambeiro\/#primaryimage\"},\"thumbnailUrl\":\"https:\/\/dhg1h5j42swfq.cloudfront.net\/2025\/03\/05201612\/concursos-prefeituras-1024x536-1.jpg\",\"datePublished\":\"2026-03-12T16:55:26+00:00\",\"dateModified\":\"2026-03-12T16:55:28+00:00\",\"description\":\"Rafael Jambeiro (BA) teve \u00faltimo concurso em 2020, com 10 vagas para ACS organizado pelo IDIB. Veja hist\u00f3rico e situa\u00e7\u00e3o atual.\",\"breadcrumb\":{\"@id\":\"https:\/\/www.estrategiaconcursos.com.br\/blog\/concurso-prefeitura-rafael-jambeiro\/#breadcrumb\"},\"inLanguage\":\"pt-BR\",\"potentialAction\":[{\"@type\":\"ReadAction\",\"target\":[\"https:\/\/www.estrategiaconcursos.com.br\/blog\/concurso-prefeitura-rafael-jambeiro\/\"]}]},{\"@type\":\"ImageObject\",\"inLanguage\":\"pt-BR\",\"@id\":\"https:\/\/www.estrategiaconcursos.com.br\/blog\/concurso-prefeitura-rafael-jambeiro\/#primaryimage\",\"url\":\"https:\/\/dhg1h5j42swfq.cloudfront.net\/2025\/03\/05201612\/concursos-prefeituras-1024x536-1.jpg\",\"contentUrl\":\"https:\/\/dhg1h5j42swfq.cloudfront.net\/2025\/03\/05201612\/concursos-prefeituras-1024x536-1.jpg\",\"width\":1024,\"height\":536,\"caption\":\"Concurso Lagoa da Prata MG\"},{\"@type\":\"BreadcrumbList\",\"@id\":\"https:\/\/www.estrategiaconcursos.com.br\/blog\/concurso-prefeitura-rafael-jambeiro\/#breadcrumb\",\"itemListElement\":[{\"@type\":\"ListItem\",\"position\":1,\"name\":\"In\u00edcio\",\"item\":\"https:\/\/www.estrategiaconcursos.com.br\/blog\/\"},{\"@type\":\"ListItem\",\"position\":2,\"name\":\"Concurso Rafael Jambeiro (BA): sem novo edital previsto\"}]},{\"@type\":\"WebSite\",\"@id\":\"https:\/\/www.estrategiaconcursos.com.br\/blog\/#website\",\"url\":\"https:\/\/www.estrategiaconcursos.com.br\/blog\/\",\"name\":\"Estrat\u00e9gia Concursos\",\"description\":\"O blog da Estrat\u00e9gia Concursos traz not\u00edcias sobre concursos e artigos de professores oferecendo cursos para concursos (pdf + videaulas) no site.\",\"publisher\":{\"@id\":\"https:\/\/www.estrategiaconcursos.com.br\/blog\/#organization\"},\"potentialAction\":[{\"@type\":\"SearchAction\",\"target\":{\"@type\":\"EntryPoint\",\"urlTemplate\":\"https:\/\/www.estrategiaconcursos.com.br\/blog\/?s={search_term_string}\"},\"query-input\":{\"@type\":\"PropertyValueSpecification\",\"valueRequired\":true,\"valueName\":\"search_term_string\"}}],\"inLanguage\":\"pt-BR\"},{\"@type\":\"Organization\",\"@id\":\"https:\/\/www.estrategiaconcursos.com.br\/blog\/#organization\",\"name\":\"Estrat\u00e9gia Concursos\",\"url\":\"https:\/\/www.estrategiaconcursos.com.br\/blog\/\",\"logo\":{\"@type\":\"ImageObject\",\"inLanguage\":\"pt-BR\",\"@id\":\"https:\/\/www.estrategiaconcursos.com.br\/blog\/#\/schema\/logo\/image\/\",\"url\":\"https:\/\/dhg1h5j42swfq.cloudfront.net\/2025\/06\/03203428\/logo_concursos-1.jpg\",\"contentUrl\":\"https:\/\/dhg1h5j42swfq.cloudfront.net\/2025\/06\/03203428\/logo_concursos-1.jpg\",\"width\":230,\"height\":60,\"caption\":\"Estrat\u00e9gia Concursos\"},\"image\":{\"@id\":\"https:\/\/www.estrategiaconcursos.com.br\/blog\/#\/schema\/logo\/image\/\"},\"sameAs\":[\"https:\/\/x.com\/EstratConcursos\"]},{\"@type\":\"Person\",\"@id\":\"https:\/\/www.estrategiaconcursos.com.br\/blog\/#\/schema\/person\/0906ff564105056f3b05978d503ee214\",\"name\":\"Luis Eduardo\",\"image\":{\"@type\":\"ImageObject\",\"inLanguage\":\"pt-BR\",\"@id\":\"https:\/\/secure.gravatar.com\/avatar\/3ce09d3c01f86018c4f3b15b9e6389f2ac325bc19863fdb79cd37fefb38517d1?s=96&d=mm&r=g\",\"url\":\"https:\/\/secure.gravatar.com\/avatar\/3ce09d3c01f86018c4f3b15b9e6389f2ac325bc19863fdb79cd37fefb38517d1?s=96&d=mm&r=g\",\"contentUrl\":\"https:\/\/secure.gravatar.com\/avatar\/3ce09d3c01f86018c4f3b15b9e6389f2ac325bc19863fdb79cd37fefb38517d1?s=96&d=mm&r=g\",\"caption\":\"Luis Eduardo\"},\"sameAs\":[\"https:\/\/www.facebook.com\/coachluiseduardo\/\"],\"url\":\"https:\/\/www.estrategiaconcursos.com.br\/blog\/author\/luiseduardoestrategiaconcursos-com-br\/\"}]}<\/script>\n<!-- \/ Yoast SEO Premium plugin. -->","yoast_head_json":{"title":"Concurso Rafael Jambeiro (BA): sem novo edital previsto","description":"Rafael Jambeiro (BA) teve \u00faltimo concurso em 2020, com 10 vagas para ACS organizado pelo IDIB. Veja hist\u00f3rico e situa\u00e7\u00e3o atual.","robots":{"index":"index","follow":"follow","max-snippet":"max-snippet:-1","max-image-preview":"max-image-preview:large","max-video-preview":"max-video-preview:-1"},"canonical":"https:\/\/www.estrategiaconcursos.com.br\/blog\/concurso-prefeitura-rafael-jambeiro\/","og_locale":"pt_BR","og_type":"article","og_title":"Concurso Rafael Jambeiro (BA): sem novo edital previsto","og_description":"Rafael Jambeiro (BA) teve \u00faltimo concurso em 2020, com 10 vagas para ACS organizado pelo IDIB. Veja hist\u00f3rico e situa\u00e7\u00e3o atual.","og_url":"https:\/\/www.estrategiaconcursos.com.br\/blog\/concurso-prefeitura-rafael-jambeiro\/","og_site_name":"Estrat\u00e9gia Concursos","article_author":"https:\/\/www.facebook.com\/coachluiseduardo\/","article_published_time":"2026-03-12T16:55:26+00:00","article_modified_time":"2026-03-12T16:55:28+00:00","og_image":[{"width":1024,"height":536,"url":"https:\/\/dhg1h5j42swfq.cloudfront.net\/2025\/03\/05201612\/concursos-prefeituras-1024x536-1.jpg","type":"image\/jpeg"}],"author":"Luis Eduardo","twitter_card":"summary_large_image","twitter_creator":"@EstratConcursos","twitter_site":"@EstratConcursos","twitter_misc":{"Escrito por":"Luis Eduardo","Est. tempo de leitura":"2 minutos"},"schema":{"@context":"https:\/\/schema.org","@graph":[{"@type":"NewsArticle","@id":"https:\/\/www.estrategiaconcursos.com.br\/blog\/concurso-prefeitura-rafael-jambeiro\/#article","isPartOf":{"@id":"https:\/\/www.estrategiaconcursos.com.br\/blog\/concurso-prefeitura-rafael-jambeiro\/"},"author":{"name":"Luis Eduardo","@id":"https:\/\/www.estrategiaconcursos.com.br\/blog\/#\/schema\/person\/0906ff564105056f3b05978d503ee214"},"headline":"Concurso Rafael Jambeiro (BA): sem novo edital previsto","datePublished":"2026-03-12T16:55:26+00:00","dateModified":"2026-03-12T16:55:28+00:00","mainEntityOfPage":{"@id":"https:\/\/www.estrategiaconcursos.com.br\/blog\/concurso-prefeitura-rafael-jambeiro\/"},"wordCount":411,"commentCount":0,"publisher":{"@id":"https:\/\/www.estrategiaconcursos.com.br\/blog\/#organization"},"image":{"@id":"https:\/\/www.estrategiaconcursos.com.br\/blog\/concurso-prefeitura-rafael-jambeiro\/#primaryimage"},"thumbnailUrl":"https:\/\/dhg1h5j42swfq.cloudfront.net\/2025\/03\/05201612\/concursos-prefeituras-1024x536-1.jpg","articleSection":["Prefeituras"],"inLanguage":"pt-BR","potentialAction":[{"@type":"CommentAction","name":"Comment","target":["https:\/\/www.estrategiaconcursos.com.br\/blog\/concurso-prefeitura-rafael-jambeiro\/#respond"]}],"copyrightYear":"2026","copyrightHolder":{"@id":"https:\/\/www.estrategiaconcursos.com.br\/blog\/#organization"}},{"@type":"WebPage","@id":"https:\/\/www.estrategiaconcursos.com.br\/blog\/concurso-prefeitura-rafael-jambeiro\/","url":"https:\/\/www.estrategiaconcursos.com.br\/blog\/concurso-prefeitura-rafael-jambeiro\/","name":"Concurso Rafael Jambeiro (BA): sem novo edital previsto","isPartOf":{"@id":"https:\/\/www.estrategiaconcursos.com.br\/blog\/#website"},"primaryImageOfPage":{"@id":"https:\/\/www.estrategiaconcursos.com.br\/blog\/concurso-prefeitura-rafael-jambeiro\/#primaryimage"},"image":{"@id":"https:\/\/www.estrategiaconcursos.com.br\/blog\/concurso-prefeitura-rafael-jambeiro\/#primaryimage"},"thumbnailUrl":"https:\/\/dhg1h5j42swfq.cloudfront.net\/2025\/03\/05201612\/concursos-prefeituras-1024x536-1.jpg","datePublished":"2026-03-12T16:55:26+00:00","dateModified":"2026-03-12T16:55:28+00:00","description":"Rafael Jambeiro (BA) teve \u00faltimo concurso em 2020, com 10 vagas para ACS organizado pelo IDIB. Veja hist\u00f3rico e situa\u00e7\u00e3o atual.","breadcrumb":{"@id":"https:\/\/www.estrategiaconcursos.com.br\/blog\/concurso-prefeitura-rafael-jambeiro\/#breadcrumb"},"inLanguage":"pt-BR","potentialAction":[{"@type":"ReadAction","target":["https:\/\/www.estrategiaconcursos.com.br\/blog\/concurso-prefeitura-rafael-jambeiro\/"]}]},{"@type":"ImageObject","inLanguage":"pt-BR","@id":"https:\/\/www.estrategiaconcursos.com.br\/blog\/concurso-prefeitura-rafael-jambeiro\/#primaryimage","url":"https:\/\/dhg1h5j42swfq.cloudfront.net\/2025\/03\/05201612\/concursos-prefeituras-1024x536-1.jpg","contentUrl":"https:\/\/dhg1h5j42swfq.cloudfront.net\/2025\/03\/05201612\/concursos-prefeituras-1024x536-1.jpg","width":1024,"height":536,"caption":"Concurso Lagoa da Prata MG"},{"@type":"BreadcrumbList","@id":"https:\/\/www.estrategiaconcursos.com.br\/blog\/concurso-prefeitura-rafael-jambeiro\/#breadcrumb","itemListElement":[{"@type":"ListItem","position":1,"name":"In\u00edcio","item":"https:\/\/www.estrategiaconcursos.com.br\/blog\/"},{"@type":"ListItem","position":2,"name":"Concurso Rafael Jambeiro (BA): sem novo edital previsto"}]},{"@type":"WebSite","@id":"https:\/\/www.estrategiaconcursos.com.br\/blog\/#website","url":"https:\/\/www.estrategiaconcursos.com.br\/blog\/","name":"Estrat\u00e9gia Concursos","description":"O blog da Estrat\u00e9gia Concursos traz not\u00edcias sobre concursos e artigos de professores oferecendo cursos para concursos (pdf + videaulas) no site.","publisher":{"@id":"https:\/\/www.estrategiaconcursos.com.br\/blog\/#organization"},"potentialAction":[{"@type":"SearchAction","target":{"@type":"EntryPoint","urlTemplate":"https:\/\/www.estrategiaconcursos.com.br\/blog\/?s={search_term_string}"},"query-input":{"@type":"PropertyValueSpecification","valueRequired":true,"valueName":"search_term_string"}}],"inLanguage":"pt-BR"},{"@type":"Organization","@id":"https:\/\/www.estrategiaconcursos.com.br\/blog\/#organization","name":"Estrat\u00e9gia Concursos","url":"https:\/\/www.estrategiaconcursos.com.br\/blog\/","logo":{"@type":"ImageObject","inLanguage":"pt-BR","@id":"https:\/\/www.estrategiaconcursos.com.br\/blog\/#\/schema\/logo\/image\/","url":"https:\/\/dhg1h5j42swfq.cloudfront.net\/2025\/06\/03203428\/logo_concursos-1.jpg","contentUrl":"https:\/\/dhg1h5j42swfq.cloudfront.net\/2025\/06\/03203428\/logo_concursos-1.jpg","width":230,"height":60,"caption":"Estrat\u00e9gia Concursos"},"image":{"@id":"https:\/\/www.estrategiaconcursos.com.br\/blog\/#\/schema\/logo\/image\/"},"sameAs":["https:\/\/x.com\/EstratConcursos"]},{"@type":"Person","@id":"https:\/\/www.estrategiaconcursos.com.br\/blog\/#\/schema\/person\/0906ff564105056f3b05978d503ee214","name":"Luis Eduardo","image":{"@type":"ImageObject","inLanguage":"pt-BR","@id":"https:\/\/secure.gravatar.com\/avatar\/3ce09d3c01f86018c4f3b15b9e6389f2ac325bc19863fdb79cd37fefb38517d1?s=96&d=mm&r=g","url":"https:\/\/secure.gravatar.com\/avatar\/3ce09d3c01f86018c4f3b15b9e6389f2ac325bc19863fdb79cd37fefb38517d1?s=96&d=mm&r=g","contentUrl":"https:\/\/secure.gravatar.com\/avatar\/3ce09d3c01f86018c4f3b15b9e6389f2ac325bc19863fdb79cd37fefb38517d1?s=96&d=mm&r=g","caption":"Luis Eduardo"},"sameAs":["https:\/\/www.facebook.com\/coachluiseduardo\/"],"url":"https:\/\/www.estrategiaconcursos.com.br\/blog\/author\/luiseduardoestrategiaconcursos-com-br\/"}]}},"_links":{"self":[{"href":"https:\/\/www.estrategiaconcursos.com.br\/blog\/wp-json\/wp\/v2\/posts\/1732475","targetHints":{"allow":["GET"]}}],"collection":[{"href":"https:\/\/www.estrategiaconcursos.com.br\/blog\/wp-json\/wp\/v2\/posts"}],"about":[{"href":"https:\/\/www.estrategiaconcursos.com.br\/blog\/wp-json\/wp\/v2\/types\/post"}],"author":[{"embeddable":true,"href":"https:\/\/www.estrategiaconcursos.com.br\/blog\/wp-json\/wp\/v2\/users\/344"}],"replies":[{"embeddable":true,"href":"https:\/\/www.estrategiaconcursos.com.br\/blog\/wp-json\/wp\/v2\/comments?post=1732475"}],"version-history":[{"count":3,"href":"https:\/\/www.estrategiaconcursos.com.br\/blog\/wp-json\/wp\/v2\/posts\/1732475\/revisions"}],"predecessor-version":[{"id":1732478,"href":"https:\/\/www.estrategiaconcursos.com.br\/blog\/wp-json\/wp\/v2\/posts\/1732475\/revisions\/1732478"}],"wp:featuredmedia":[{"embeddable":true,"href":"https:\/\/www.estrategiaconcursos.com.br\/blog\/wp-json\/wp\/v2\/media\/1540739"}],"wp:attachment":[{"href":"https:\/\/www.estrategiaconcursos.com.br\/blog\/wp-json\/wp\/v2\/media?parent=1732475"}],"wp:term":[{"taxonomy":"category","embeddable":true,"href":"https:\/\/www.estrategiaconcursos.com.br\/blog\/wp-json\/wp\/v2\/categories?post=1732475"},{"taxonomy":"post_tag","embeddable":true,"href":"https:\/\/www.estrategiaconcursos.com.br\/blog\/wp-json\/wp\/v2\/tags?post=1732475"},{"taxonomy":"tax_estado","embeddable":true,"href":"https:\/\/www.estrategiaconcursos.com.br\/blog\/wp-json\/wp\/v2\/tax_estado?post=1732475"}],"curies":[{"name":"wp","href":"https:\/\/api.w.org\/{rel}","templated":true}]}}