{"id":173239,"date":"2019-03-27T06:41:08","date_gmt":"2019-03-27T09:41:08","guid":{"rendered":"https:\/\/www.estrategiaconcursos.com.br\/blog\/?p=173239"},"modified":"2019-03-28T10:58:55","modified_gmt":"2019-03-28T13:58:55","slug":"edital-delegado-es","status":"publish","type":"post","link":"https:\/\/www.estrategiaconcursos.com.br\/blog\/edital-delegado-es\/","title":{"rendered":"Edital Delegado ES \u00e9 publicado e exig\u00eancia de pr\u00e1tica forense \u00e9 alterada"},"content":{"rendered":"\n<p style=\"font-size:25px\"><em>Ap\u00f3s a publica\u00e7\u00e3o do edital para 33 vagas, exig\u00eancia de comprova\u00e7\u00e3o de pr\u00e1tica forense \u00e9 alterada para ato da posse<\/em><\/p>\n\n\n\n<p>Foi publicado o esperado edital da Pol\u00edcia Civil do Esp\u00edrito Santo com 33 vagas para a classe inicial da carreira de Delegado. A remunera\u00e7\u00e3o inicial \u00e9 de  R$ 10.058,56.<\/p>\n\n\n\n<p>Os interessados poder\u00e3o se inscrever entre os dias <strong>22&nbsp;de&nbsp;mar\u00e7o&nbsp;<\/strong> e <strong>24&nbsp;de&nbsp;abril&nbsp;de&nbsp;2019<\/strong>, exclusivamente pela internet, no portal do <strong>Instituto&nbsp;Acesso,&nbsp;<\/strong>banca organizadora do certame. O valor da taxa foi fixado em R$ 138,00.<\/p>\n\n\n\n<p>A primeira etapa do certame, que consistir\u00e1 em uma prova objetiva, ser\u00e1 aplicada no dia <strong>14&nbsp;de&nbsp;julho&nbsp;de&nbsp;2019<\/strong> e ser\u00e1 aplicada na capital do Esp\u00edrito Santo, Vit\u00f3ria, e em cidades da regi\u00e3o metropolitana. <\/p>\n\n\n\n<figure class=\"wp-block-image is-resized\"><img loading=\"lazy\" decoding=\"async\" src=\"https:\/\/www.estrategiaconcursos.com.br\/blog\/wp-content\/uploads\/2019\/03\/saiu_Edital2-1024x536.jpg\" alt=\"edital delegado es\" class=\"wp-image-173240\" width=\"466\" height=\"243\"\/><\/figure>\n\n\n\n<h2 class=\"wp-block-heading\">Principais datas<\/h2>\n\n\n\n<p class=\"has-background has-very-light-gray-background-color\"><strong>Inscri\u00e7\u00f5es<\/strong>: 22\/03 a 24\/04<br \/><strong>Prova objetiva<\/strong>: 14\/07\/2019<br \/><strong>Demais datas<\/strong>: divulgadas posteriormente em editais pr\u00f3prios.<\/p>\n\n\n\n<h2 class=\"wp-block-heading\">Requisitos do cargo<\/h2>\n\n\n\n<p>Para ingressar na carreira \u00e9 necess\u00e1rio ser bacharel em Direito e ter completado, <strong>na data da posse<\/strong>, tr\u00eas anos de atividade jur\u00eddica ou policial, que dever\u00e3o ter sido exercidas ap\u00f3s a cola\u00e7\u00e3o de grau no curso superior.<\/p>\n\n\n\n<h2 class=\"wp-block-heading\">Pr\u00e1tica forense e atividade policial: regras<\/h2>\n\n\n\n<p>A comprova\u00e7\u00e3o de pr\u00e1tica forense era exigida na data da inscri\u00e7\u00e3o. De acordo com a publica\u00e7\u00e3o abaixo, disponibilizada no site da organizadora, houve altera\u00e7\u00e3o dessa exig\u00eancia passando a determinar que a pr\u00e1tica seja comprovada na data da posse.<\/p>\n\n\n\n<figure class=\"wp-block-image\"><img loading=\"lazy\" decoding=\"async\" width=\"1024\" height=\"420\" src=\"https:\/\/dhg1h5j42swfq.cloudfront.net\/2019\/03\/28105231\/image116.png\" alt=\"\" class=\"wp-image-174706\" srcset=\"https:\/\/dhg1h5j42swfq.cloudfront.net\/2019\/03\/28105231\/image116.png 1024w, https:\/\/dhg1h5j42swfq.cloudfront.net\/2019\/03\/28105231\/image116.png 300w, https:\/\/dhg1h5j42swfq.cloudfront.net\/2019\/03\/28105231\/image116.png 768w\" sizes=\"auto, (max-width: 1024px) 100vw, 1024px\" \/><\/figure>\n\n\n\n<p class=\"has-medium-font-size\"><em>Pr\u00e1tica forense<\/em><\/p>\n\n\n\n<ol class=\"wp-block-list\"><li>Atividade exercida privativamente por bacharel em Direito;<\/li><li>Efetivo exerc\u00edcio da advocacia (inclusive volunt\u00e1ria), com a participa\u00e7\u00e3o anual em 5 atos privativos de advogado em causas ou quest\u00f5es distintas;<\/li><li>Exerc\u00edcio de cargos, empregos ou fun\u00e7\u00f5es (inclusive magist\u00e9rio superior) que exija utiliza\u00e7\u00e3o preponderante de conhecimento jur\u00eddico;<\/li><li>Exerc\u00edcio da fun\u00e7\u00e3o de conciliador junto ao Poder Judici\u00e1rio: 16 horas mensais durante 1 ano;<\/li><li>Exerc\u00edcio regular da atividade de media\u00e7\u00e3o ou arbitragem.<\/li><\/ol>\n\n\n\n<p class=\"has-medium-font-size\"><em>Atividade policial<\/em><\/p>\n\n\n\n<p>Atividade exercida em qualquer institui\u00e7\u00e3o de seguran\u00e7a p\u00fablica reconhecida pela Constitui\u00e7\u00e3o Federal, comprovada mediante a apresenta\u00e7\u00e3o de certid\u00e3o do respectivo \u00f3rg\u00e3o, sujeita \u00e0 avalia\u00e7\u00e3o da Comiss\u00e3o de Concurso.<\/p>\n\n\n\n<h2 class=\"wp-block-heading\">Remunera\u00e7\u00e3o<\/h2>\n\n\n\n<p>A remunera\u00e7\u00e3o dos Delegados de Pol\u00edcia do Esp\u00edrito Santo ao ingressar na carreira \u00e9 de R$ 10.058,56.  Abaixo voc\u00ea confere a tabela completa do subs\u00eddio em todas as classes:<\/p>\n\n\n\n<figure class=\"wp-block-image\"><img decoding=\"async\" src=\"https:\/\/dhg1h5j42swfq.cloudfront.net\/2018\/08\/20132736\/concurso-delegado-es-remunera%C3%A7%C3%A3o.jpg\" alt=\"concurso delegado pc es\"\/><\/figure>\n\n\n\n<h2 class=\"wp-block-heading\">Etapas do concurso Delegado ES<\/h2>\n\n\n\n<p>O certame ser\u00e1 organizado em <strong>sete&nbsp;etapas<\/strong>, sob a responsabilidade da organizadora e da Pol\u00edcia Civil do Esp\u00edrito Santo, conforme discriminado na tabela abaixo:<\/p>\n\n\n\n<figure class=\"wp-block-image\"><img loading=\"lazy\" decoding=\"async\" width=\"1002\" height=\"454\" src=\"https:\/\/dhg1h5j42swfq.cloudfront.net\/2019\/03\/22061300\/edital-delegado-es.jpg\" alt=\"\" class=\"wp-image-173241\" srcset=\"https:\/\/dhg1h5j42swfq.cloudfront.net\/2019\/03\/22061300\/edital-delegado-es.jpg 1002w, https:\/\/dhg1h5j42swfq.cloudfront.net\/2019\/03\/22061300\/edital-delegado-es.jpg 300w, https:\/\/dhg1h5j42swfq.cloudfront.net\/2019\/03\/22061300\/edital-delegado-es.jpg 768w\" sizes=\"auto, (max-width: 1002px) 100vw, 1002px\" \/><\/figure>\n\n\n\n<p>As provas objetiva e discursiva ser\u00e3o aplicadas em Vit\u00f3ria (ES) e nas cidades da regi\u00e3o metropolitana da capital. As demais etapas ocorrer\u00e3o exclusivamente em Vit\u00f3ria.<\/p>\n\n\n\n<p class=\"has-medium-font-size\"><em>Crit\u00e9rios&nbsp;de&nbsp;aprova\u00e7\u00e3o&nbsp;entre&nbsp;as&nbsp;etapas<\/em><\/p>\n\n\n\n<p>Para ser aprovado nas provas objetiva e discursiva e passar \u00e0 terceira etapa, o candidato dever\u00e1, em cada prova, alcan\u00e7ar a pontua\u00e7\u00e3o m\u00ednima de 50% do total e se classificar dentro de 5 vezes o n\u00famero de vagas, respeitados os empates.<\/p>\n\n\n\n<h2 class=\"wp-block-heading\">Prova objetiva<\/h2>\n\n\n\n<p>A prova objetiva ser\u00e1 composta por <strong>120&nbsp;quest\u00f5es<\/strong> com cinco alternativas, com dura\u00e7\u00e3o total de <strong>5&nbsp;horas<\/strong> e distribu\u00edda entre as seguintes disciplinas:<\/p>\n\n\n\n<figure class=\"wp-block-image\"><img loading=\"lazy\" decoding=\"async\" width=\"1168\" height=\"614\" src=\"https:\/\/dhg1h5j42swfq.cloudfront.net\/2019\/03\/22061851\/edital-delegado-es-2.jpg\" alt=\"\" class=\"wp-image-173243\" srcset=\"https:\/\/dhg1h5j42swfq.cloudfront.net\/2019\/03\/22061851\/edital-delegado-es-2.jpg 1168w, https:\/\/dhg1h5j42swfq.cloudfront.net\/2019\/03\/22061851\/edital-delegado-es-2.jpg 300w, https:\/\/dhg1h5j42swfq.cloudfront.net\/2019\/03\/22061851\/edital-delegado-es-2.jpg 768w, https:\/\/dhg1h5j42swfq.cloudfront.net\/2019\/03\/22061851\/edital-delegado-es-2.jpg 1024w\" sizes=\"auto, (max-width: 1168px) 100vw, 1168px\" \/><\/figure>\n\n\n\n<h2 class=\"wp-block-heading\">Prova discursiva<\/h2>\n\n\n\n<p>A prova discursiva do concurso da Pol\u00edcia Civil do Esp\u00edrito Santo, com data ainda n\u00e3o definida, consistir\u00e1 na elabora\u00e7\u00e3o de uma <strong>pe\u00e7a&nbsp;pr\u00e1tica<\/strong> e de tr\u00eas quest\u00f5es discursivas, com valor total de 120 pontos. A prova ter\u00e1 dura\u00e7\u00e3o total de <strong>5&nbsp;horas<\/strong>.<\/p>\n\n\n\n<figure class=\"wp-block-image\"><img loading=\"lazy\" decoding=\"async\" width=\"1141\" height=\"471\" src=\"https:\/\/dhg1h5j42swfq.cloudfront.net\/2019\/03\/22062005\/edital-delegado-es-3.jpg\" alt=\"edital delegado es\" class=\"wp-image-173244\" srcset=\"https:\/\/dhg1h5j42swfq.cloudfront.net\/2019\/03\/22062005\/edital-delegado-es-3.jpg 1141w, https:\/\/dhg1h5j42swfq.cloudfront.net\/2019\/03\/22062005\/edital-delegado-es-3.jpg 300w, https:\/\/dhg1h5j42swfq.cloudfront.net\/2019\/03\/22062005\/edital-delegado-es-3.jpg 768w, https:\/\/dhg1h5j42swfq.cloudfront.net\/2019\/03\/22062005\/edital-delegado-es-3.jpg 1024w\" sizes=\"auto, (max-width: 1141px) 100vw, 1141px\" \/><\/figure>\n\n\n\n<p>Segundo o edital, poder\u00e3o ser descontados at\u00e9 <strong>20&nbsp;pontos<\/strong> da Pe\u00e7a Pr\u00e1tica e at\u00e9 <strong>5&nbsp;pontos<\/strong> das quest\u00f5es em virtude de erros de natureza gramatical, conforme detalha a tabela abaixo:<\/p>\n\n\n\n<figure class=\"wp-block-image\"><img loading=\"lazy\" decoding=\"async\" width=\"1168\" height=\"290\" src=\"https:\/\/dhg1h5j42swfq.cloudfront.net\/2019\/03\/22062140\/edital-pc-es-4.jpg\" alt=\"edital delegado es\" class=\"wp-image-173245\" srcset=\"https:\/\/dhg1h5j42swfq.cloudfront.net\/2019\/03\/22062140\/edital-pc-es-4.jpg 1168w, https:\/\/dhg1h5j42swfq.cloudfront.net\/2019\/03\/22062140\/edital-pc-es-4.jpg 300w, https:\/\/dhg1h5j42swfq.cloudfront.net\/2019\/03\/22062140\/edital-pc-es-4.jpg 768w, https:\/\/dhg1h5j42swfq.cloudfront.net\/2019\/03\/22062140\/edital-pc-es-4.jpg 1024w\" sizes=\"auto, (max-width: 1168px) 100vw, 1168px\" \/><\/figure>\n\n\n\n<h2 class=\"wp-block-heading\">Exame de aptid\u00e3o f\u00edsica<\/h2>\n\n\n\n<p>Ser\u00e3o convocados para o Exame de Aptid\u00e3o F\u00edsica os candidatos aprovados nas provas objetiva e discursiva classificados at\u00e9 a 165\u00aa posi\u00e7\u00e3o, respeitados os empates.<\/p>\n\n\n\n<p>O exame consistir\u00e1 em teste de corrida de resist\u00eancia. Os candidatos dos sexos masculino e feminino dever\u00e3o atingir os seguintes \u00edndices m\u00ednimos:<\/p>\n\n\n\n<figure class=\"wp-block-image\"><img loading=\"lazy\" decoding=\"async\" width=\"1237\" height=\"246\" src=\"https:\/\/dhg1h5j42swfq.cloudfront.net\/2019\/03\/22062506\/edital-pc-es-6.jpg\" alt=\"edital delegado es\" class=\"wp-image-173246\" srcset=\"https:\/\/dhg1h5j42swfq.cloudfront.net\/2019\/03\/22062506\/edital-pc-es-6.jpg 1237w, https:\/\/dhg1h5j42swfq.cloudfront.net\/2019\/03\/22062506\/edital-pc-es-6.jpg 300w, https:\/\/dhg1h5j42swfq.cloudfront.net\/2019\/03\/22062506\/edital-pc-es-6.jpg 768w, https:\/\/dhg1h5j42swfq.cloudfront.net\/2019\/03\/22062506\/edital-pc-es-6.jpg 1024w\" sizes=\"auto, (max-width: 1237px) 100vw, 1237px\" \/><\/figure>\n\n\n\n<h2 class=\"wp-block-heading\">Prova oral<\/h2>\n\n\n\n<p>Esta etapa, com valor total de 20 pontos, versar\u00e1 sobre os programas das disciplinas <strong>Direito&nbsp;Constitucional<\/strong>, <strong>Direito&nbsp;Processual&nbsp;Penal<\/strong> e <strong>Direito&nbsp;Penal<\/strong>.<\/p>\n\n\n\n<p>Os candidatos ser\u00e3o arguidos pela banca examinadora em sess\u00e3o p\u00fablica,  por no m\u00e1ximo 20 minutos, e receber\u00e3o notas individualizadas de cada examinador. A nota final ser\u00e1 a m\u00e9dia das pontua\u00e7\u00f5es atribu\u00eddas. Para passar \u00e0 pr\u00f3xima fase \u00e9 necess\u00e1rio atingir pelo menos 10 pontos de m\u00e9dia.<\/p>\n\n\n\n<h2 class=\"wp-block-heading\">Avalia\u00e7\u00e3o de T\u00edtulos<\/h2>\n\n\n\n<p>De car\u00e1ter classificat\u00f3rio, esta fase conferir\u00e1 at\u00e9 20 pontos para um conjunto de atividades acad\u00eamicas e profissionais, disciplinadas na tabela abaixo:<\/p>\n\n\n\n<figure class=\"wp-block-image\"><img loading=\"lazy\" decoding=\"async\" width=\"763\" height=\"638\" src=\"https:\/\/dhg1h5j42swfq.cloudfront.net\/2019\/03\/22063010\/edital-delegado-es-7.jpg\" alt=\"edital delegado es\" class=\"wp-image-173247\" srcset=\"https:\/\/dhg1h5j42swfq.cloudfront.net\/2019\/03\/22063010\/edital-delegado-es-7.jpg 763w, https:\/\/dhg1h5j42swfq.cloudfront.net\/2019\/03\/22063010\/edital-delegado-es-7.jpg 300w\" sizes=\"auto, (max-width: 763px) 100vw, 763px\" \/><\/figure>\n\n\n\n<p><strong>Importante<\/strong>: a entrega da documenta\u00e7\u00e3o comprobat\u00f3ria da <strong>pr\u00e1tica&nbsp;forense<\/strong> e <strong>atividade&nbsp;policial<\/strong> ocorre nesta etapa.<\/p>\n\n\n\n<h2 class=\"wp-block-heading\">Curso de Forma\u00e7\u00e3o<\/h2>\n\n\n\n<p>Ap\u00f3s a conclus\u00e3o da sindic\u00e2ncia de vida pregressa, ser\u00e3o convocados para o Curso de Forma\u00e7\u00e3o Profissional os candidatos classificados at\u00e9 a 33\u00aa posi\u00e7\u00e3o.<\/p>\n\n\n\n<p>Com dura\u00e7\u00e3o de 720 horas aula, o curso tem car\u00e1ter eliminat\u00f3rio, exigindo frequ\u00eancia e aproveitamento m\u00ednimos de 70%. Os candidatos receber\u00e3o bolsa-aux\u00edlio de 50% do vencimento b\u00e1sico da classe inicial da carreira ( R$ 5.029,28 ).<\/p>\n\n\n\n<p style=\"font-size:25px;text-align:center\" class=\"has-background has-very-light-gray-background-color\"><a rel=\"noreferrer noopener\" href=\"https:\/\/www.estrategiaconcursos.com.br\/cursosPorConcurso\/policia-civil-do-espirito-santo-pc-es-delegado\/\" target=\"_blank\">CURSOS&nbsp;CONCURSO&nbsp;DELEGADO&nbsp;ES<\/a><\/p>\n\n\n\n<p style=\"font-size:25px;text-align:center\"><em><strong>Assinatura Anual Ilimitada*<\/strong><\/em><\/p>\n\n\n\n<p style=\"text-align:center\"><em>Prepare-se com o melhor material e com quem mais aprova em&nbsp;Concursos P\u00fablicos de todo o pa\u00eds. Assine agora a nossa Assinatura Anual e tenha acesso ilimitado a todos* os nossos cursos.<\/em><\/p>\n\n\n\n<div class=\"wp-block-image\"><figure class=\"aligncenter\"><a href=\"https:\/\/www.estrategiaconcursos.com.br\/assinaturas\" target=\"_blank\" rel=\"noreferrer noopener\"><img decoding=\"async\" src=\"https:\/\/www.estrategiaconcursos.com.br\/assets\/img\/banner-assinaturas.jpg\" alt=\"Assinatura Ilimitada\" class=\"wp-image-157836\"\/><\/a><figcaption><br \/><\/figcaption><\/figure><\/div>\n\n\n\n<p style=\"font-size:25px;text-align:center\"><em><strong><a href=\"https:\/\/www.estrategiaconcursos.com.br\/blog\/concurso-delegado-es\/\" target=\"_blank\" rel=\"noreferrer noopener\" aria-label=\"Confira a mat\u00e9ria completa sobre o concurso PC ES Delegado (opens in a new tab)\">Confira a mat\u00e9ria completa sobre o concurso PC ES Delegado<\/a><\/strong><\/em><\/p>\n\n\n\n<figure class=\"wp-block-image\"><img loading=\"lazy\" decoding=\"async\" width=\"300\" height=\"102\" src=\"https:\/\/dhg1h5j42swfq.cloudfront.net\/2017\/03\/28152500\/coruja-ficha-tecnica-300x102.png\" alt=\"Ficha t\u00e9cnica\" class=\"wp-image-68542\"\/><\/figure>\n\n\n\n<p>\u25ba<strong>Data prevista para prova<\/strong>: 14\/07\/2019<br \/>\u25ba<strong>Vagas<\/strong>: 33<br \/>\u25ba<strong>Cargos<\/strong>: Delegado de Pol\u00edcia Civil de 3\u00aa categoria<br \/>\u25ba<strong>Lota\u00e7\u00f5es<\/strong>: Esp\u00edrito Santo<br \/>\u25ba<strong>Banca<\/strong>:Instituto Acesso<br \/>\u25ba<strong>Escolaridade<\/strong>: N\u00edvel Superior em Direito + 3 anos de pr\u00e1tica forense ou atividade policial<br \/><br \/><strong>Cursos Estrat\u00e9gia Concursos<\/strong>:&nbsp;<a rel=\"noopener\" href=\"https:\/\/www.estrategiaconcursos.com.br\/cursosPorConcurso\/policia-civil-do-espirito-santo-pc-es-delegado\/\" target=\"_blank\">Cursos Concurso PC ES Delegado 2019<\/a><br \/><\/p>\n\n\n\n<div class=\"wp-block-file\"><a href=\"https:\/\/dhg1h5j42swfq.cloudfront.net\/2019\/03\/22063941\/Edital-Delegado-ES-2019.pdf\" target=\"_blank\" rel=\"noreferrer noopener\"> \u25ba Edital Delegado ES 2019<\/a><a href=\"https:\/\/dhg1h5j42swfq.cloudfront.net\/2019\/03\/22063941\/Edital-Delegado-ES-2019.pdf\" class=\"wp-block-file__button\" download>Baixar<\/a><\/div>\n\n\n\n<p><em>Ricardo Brito<\/em><br \/><em>Ascom Estrat\u00e9gia<\/em><br \/>ascomestrategia@gmail.com<\/p>\n\n\n\n<p><span style=\"font-size: 18pt;\"><em><strong>Receba not\u00edcias de Concursos no seu WhatsApp e\/ou Telegram!<\/strong><\/em><\/span><\/p>\n\n\n\n<p style=\"text-align:center\"><em><strong><span style=\"font-size: 14pt;\">Cadastre-se clicando no \u00edcone abaixo<\/span><br \/><br \/><\/strong><\/em><a href=\"https:\/\/www.estrategiaconcursos.com.br\/blog\/noticias-de-concursos-whatsapp-estrategia-concursos\/\" target=\"_blank\" rel=\"noopener\">Not\u00edcias de concursos no seu WhatsApp e\/ou Telegram<\/a><\/p>\n\n\n\n<div class=\"wp-block-image\"><figure class=\"aligncenter is-resized\"><a href=\"https:\/\/www.estrategiaconcursos.com.br\/blog\/noticias-de-concursos-whatsapp-estrategia-concursos\/\" target=\"_blank\" rel=\"noopener\"><img loading=\"lazy\" decoding=\"async\" src=\"https:\/\/dhg1h5j42swfq.cloudfront.net\/2018\/03\/22113932\/whatsapptelegram-e1548177162795.png\" alt=\"\" class=\"wp-image-112824\" width=\"210\" height=\"118\"\/><\/a><\/figure><\/div>\n","protected":false},"excerpt":{"rendered":"<p>Ap\u00f3s a publica\u00e7\u00e3o do edital para 33 vagas, exig\u00eancia de comprova\u00e7\u00e3o de pr\u00e1tica forense \u00e9 alterada para ato da posse Foi publicado o esperado edital da Pol\u00edcia Civil do Esp\u00edrito Santo com 33 vagas para a classe inicial da carreira de Delegado. A remunera\u00e7\u00e3o inicial \u00e9 de R$ 10.058,56. Os interessados poder\u00e3o se inscrever entre [&hellip;]<\/p>\n","protected":false},"author":1,"featured_media":0,"comment_status":"open","ping_status":"closed","sticky":false,"template":"","format":"standard","meta":{"post_tipo":"news","footnotes":""},"categories":[1],"tags":[],"tax_estado":[],"class_list":["post-173239","post","type-post","status-publish","format-standard","hentry","category-cursos-e-concursos"],"acf":[],"yoast_head":"<!-- This site is optimized with the Yoast SEO Premium plugin v27.2 (Yoast SEO v27.2) - https:\/\/yoast.com\/product\/yoast-seo-premium-wordpress\/ -->\n<title>Edital Delegado ES \u00e9 publicado e exig\u00eancia de pr\u00e1tica forense \u00e9 alterada<\/title>\n<meta name=\"description\" content=\"Edital Delegado ES: saiu edital com 33 vagas para o cargo de Delegado da Pol\u00edcia Civil do Esp\u00edrito Santo, com remunera\u00e7\u00e3o inicial a partir de R$ 10 mil.\" \/>\n<meta name=\"robots\" content=\"index, follow, max-snippet:-1, max-image-preview:large, max-video-preview:-1\" \/>\n<link rel=\"canonical\" href=\"https:\/\/www.estrategiaconcursos.com.br\/blog\/edital-delegado-es\/\" \/>\n<meta property=\"og:locale\" content=\"pt_BR\" \/>\n<meta property=\"og:type\" content=\"article\" \/>\n<meta property=\"og:title\" content=\"Edital Delegado ES \u00e9 publicado e exig\u00eancia de pr\u00e1tica forense \u00e9 alterada\" \/>\n<meta property=\"og:description\" content=\"Edital Delegado ES: saiu edital com 33 vagas para o cargo de Delegado da Pol\u00edcia Civil do Esp\u00edrito Santo, com remunera\u00e7\u00e3o inicial a partir de R$ 10 mil.\" \/>\n<meta property=\"og:url\" content=\"https:\/\/www.estrategiaconcursos.com.br\/blog\/edital-delegado-es\/\" \/>\n<meta property=\"og:site_name\" content=\"Estrat\u00e9gia Concursos\" \/>\n<meta property=\"article:author\" content=\"https:\/\/www.facebook.com\/EstrategiaConcursos\" \/>\n<meta property=\"article:published_time\" content=\"2019-03-27T09:41:08+00:00\" \/>\n<meta property=\"article:modified_time\" content=\"2019-03-28T13:58:55+00:00\" \/>\n<meta property=\"og:image\" content=\"https:\/\/www.estrategiaconcursos.com.br\/blog\/wp-content\/uploads\/2019\/03\/saiu_Edital2-1024x536.jpg\" \/>\n<meta name=\"author\" content=\"Coordena\u00e7\u00e3o\" \/>\n<meta name=\"twitter:card\" content=\"summary_large_image\" \/>\n<meta name=\"twitter:creator\" content=\"@EstratConcursos\" \/>\n<meta name=\"twitter:site\" content=\"@EstratConcursos\" \/>\n<meta name=\"twitter:label1\" content=\"Escrito por\" \/>\n\t<meta name=\"twitter:data1\" content=\"Coordena\u00e7\u00e3o\" \/>\n\t<meta name=\"twitter:label2\" content=\"Est. tempo de leitura\" \/>\n\t<meta name=\"twitter:data2\" content=\"5 minutos\" \/>\n<script type=\"application\/ld+json\" class=\"yoast-schema-graph\">{\"@context\":\"https:\/\/schema.org\",\"@graph\":[{\"@type\":\"NewsArticle\",\"@id\":\"https:\/\/www.estrategiaconcursos.com.br\/blog\/edital-delegado-es\/#article\",\"isPartOf\":{\"@id\":\"https:\/\/www.estrategiaconcursos.com.br\/blog\/edital-delegado-es\/\"},\"author\":{\"name\":\"Coordena\u00e7\u00e3o\",\"@id\":\"https:\/\/www.estrategiaconcursos.com.br\/blog\/#\/schema\/person\/b4a388c97673c5f483d72185668afa1f\"},\"headline\":\"Edital Delegado ES \u00e9 publicado e exig\u00eancia de pr\u00e1tica forense \u00e9 alterada\",\"datePublished\":\"2019-03-27T09:41:08+00:00\",\"dateModified\":\"2019-03-28T13:58:55+00:00\",\"mainEntityOfPage\":{\"@id\":\"https:\/\/www.estrategiaconcursos.com.br\/blog\/edital-delegado-es\/\"},\"wordCount\":1039,\"commentCount\":0,\"publisher\":{\"@id\":\"https:\/\/www.estrategiaconcursos.com.br\/blog\/#organization\"},\"image\":{\"@id\":\"https:\/\/www.estrategiaconcursos.com.br\/blog\/edital-delegado-es\/#primaryimage\"},\"thumbnailUrl\":\"https:\/\/www.estrategiaconcursos.com.br\/blog\/wp-content\/uploads\/2019\/03\/saiu_Edital2-1024x536.jpg\",\"articleSection\":[\"Concursos P\u00fablicos\"],\"inLanguage\":\"pt-BR\",\"potentialAction\":[{\"@type\":\"CommentAction\",\"name\":\"Comment\",\"target\":[\"https:\/\/www.estrategiaconcursos.com.br\/blog\/edital-delegado-es\/#respond\"]}],\"copyrightYear\":\"2019\",\"copyrightHolder\":{\"@id\":\"https:\/\/www.estrategiaconcursos.com.br\/blog\/#organization\"}},{\"@type\":\"WebPage\",\"@id\":\"https:\/\/www.estrategiaconcursos.com.br\/blog\/edital-delegado-es\/\",\"url\":\"https:\/\/www.estrategiaconcursos.com.br\/blog\/edital-delegado-es\/\",\"name\":\"Edital Delegado ES \u00e9 publicado e exig\u00eancia de pr\u00e1tica forense \u00e9 alterada\",\"isPartOf\":{\"@id\":\"https:\/\/www.estrategiaconcursos.com.br\/blog\/#website\"},\"primaryImageOfPage\":{\"@id\":\"https:\/\/www.estrategiaconcursos.com.br\/blog\/edital-delegado-es\/#primaryimage\"},\"image\":{\"@id\":\"https:\/\/www.estrategiaconcursos.com.br\/blog\/edital-delegado-es\/#primaryimage\"},\"thumbnailUrl\":\"https:\/\/www.estrategiaconcursos.com.br\/blog\/wp-content\/uploads\/2019\/03\/saiu_Edital2-1024x536.jpg\",\"datePublished\":\"2019-03-27T09:41:08+00:00\",\"dateModified\":\"2019-03-28T13:58:55+00:00\",\"description\":\"Edital Delegado ES: saiu edital com 33 vagas para o cargo de Delegado da Pol\u00edcia Civil do Esp\u00edrito Santo, com remunera\u00e7\u00e3o inicial a partir de R$ 10 mil.\",\"breadcrumb\":{\"@id\":\"https:\/\/www.estrategiaconcursos.com.br\/blog\/edital-delegado-es\/#breadcrumb\"},\"inLanguage\":\"pt-BR\",\"potentialAction\":[{\"@type\":\"ReadAction\",\"target\":[\"https:\/\/www.estrategiaconcursos.com.br\/blog\/edital-delegado-es\/\"]}]},{\"@type\":\"ImageObject\",\"inLanguage\":\"pt-BR\",\"@id\":\"https:\/\/www.estrategiaconcursos.com.br\/blog\/edital-delegado-es\/#primaryimage\",\"url\":\"https:\/\/www.estrategiaconcursos.com.br\/blog\/wp-content\/uploads\/2019\/03\/saiu_Edital2-1024x536.jpg\",\"contentUrl\":\"https:\/\/www.estrategiaconcursos.com.br\/blog\/wp-content\/uploads\/2019\/03\/saiu_Edital2-1024x536.jpg\"},{\"@type\":\"BreadcrumbList\",\"@id\":\"https:\/\/www.estrategiaconcursos.com.br\/blog\/edital-delegado-es\/#breadcrumb\",\"itemListElement\":[{\"@type\":\"ListItem\",\"position\":1,\"name\":\"In\u00edcio\",\"item\":\"https:\/\/www.estrategiaconcursos.com.br\/blog\/\"},{\"@type\":\"ListItem\",\"position\":2,\"name\":\"Edital Delegado ES \u00e9 publicado e exig\u00eancia de pr\u00e1tica forense \u00e9 alterada\"}]},{\"@type\":\"WebSite\",\"@id\":\"https:\/\/www.estrategiaconcursos.com.br\/blog\/#website\",\"url\":\"https:\/\/www.estrategiaconcursos.com.br\/blog\/\",\"name\":\"Estrat\u00e9gia Concursos\",\"description\":\"O blog da Estrat\u00e9gia Concursos traz not\u00edcias sobre concursos e artigos de professores oferecendo cursos para concursos (pdf + videaulas) no site.\",\"publisher\":{\"@id\":\"https:\/\/www.estrategiaconcursos.com.br\/blog\/#organization\"},\"potentialAction\":[{\"@type\":\"SearchAction\",\"target\":{\"@type\":\"EntryPoint\",\"urlTemplate\":\"https:\/\/www.estrategiaconcursos.com.br\/blog\/?s={search_term_string}\"},\"query-input\":{\"@type\":\"PropertyValueSpecification\",\"valueRequired\":true,\"valueName\":\"search_term_string\"}}],\"inLanguage\":\"pt-BR\"},{\"@type\":\"Organization\",\"@id\":\"https:\/\/www.estrategiaconcursos.com.br\/blog\/#organization\",\"name\":\"Estrat\u00e9gia Concursos\",\"url\":\"https:\/\/www.estrategiaconcursos.com.br\/blog\/\",\"logo\":{\"@type\":\"ImageObject\",\"inLanguage\":\"pt-BR\",\"@id\":\"https:\/\/www.estrategiaconcursos.com.br\/blog\/#\/schema\/logo\/image\/\",\"url\":\"https:\/\/dhg1h5j42swfq.cloudfront.net\/2025\/06\/03203428\/logo_concursos-1.jpg\",\"contentUrl\":\"https:\/\/dhg1h5j42swfq.cloudfront.net\/2025\/06\/03203428\/logo_concursos-1.jpg\",\"width\":230,\"height\":60,\"caption\":\"Estrat\u00e9gia Concursos\"},\"image\":{\"@id\":\"https:\/\/www.estrategiaconcursos.com.br\/blog\/#\/schema\/logo\/image\/\"},\"sameAs\":[\"https:\/\/x.com\/EstratConcursos\"]},{\"@type\":\"Person\",\"@id\":\"https:\/\/www.estrategiaconcursos.com.br\/blog\/#\/schema\/person\/b4a388c97673c5f483d72185668afa1f\",\"name\":\"Coordena\u00e7\u00e3o\",\"image\":{\"@type\":\"ImageObject\",\"inLanguage\":\"pt-BR\",\"@id\":\"https:\/\/secure.gravatar.com\/avatar\/b720319e4c9a967eb58678d110f4fe35452fc5d5f97b202bac7b8acceb18c6ad?s=96&d=mm&r=g\",\"url\":\"https:\/\/secure.gravatar.com\/avatar\/b720319e4c9a967eb58678d110f4fe35452fc5d5f97b202bac7b8acceb18c6ad?s=96&d=mm&r=g\",\"contentUrl\":\"https:\/\/secure.gravatar.com\/avatar\/b720319e4c9a967eb58678d110f4fe35452fc5d5f97b202bac7b8acceb18c6ad?s=96&d=mm&r=g\",\"caption\":\"Coordena\u00e7\u00e3o\"},\"sameAs\":[\"https:\/\/www.facebook.com\/EstrategiaConcursos\",\"https:\/\/x.com\/EstratConcursos\"],\"url\":\"https:\/\/www.estrategiaconcursos.com.br\/blog\/author\/estrategia2013\/\"}]}<\/script>\n<!-- \/ Yoast SEO Premium plugin. -->","yoast_head_json":{"title":"Edital Delegado ES \u00e9 publicado e exig\u00eancia de pr\u00e1tica forense \u00e9 alterada","description":"Edital Delegado ES: saiu edital com 33 vagas para o cargo de Delegado da Pol\u00edcia Civil do Esp\u00edrito Santo, com remunera\u00e7\u00e3o inicial a partir de R$ 10 mil.","robots":{"index":"index","follow":"follow","max-snippet":"max-snippet:-1","max-image-preview":"max-image-preview:large","max-video-preview":"max-video-preview:-1"},"canonical":"https:\/\/www.estrategiaconcursos.com.br\/blog\/edital-delegado-es\/","og_locale":"pt_BR","og_type":"article","og_title":"Edital Delegado ES \u00e9 publicado e exig\u00eancia de pr\u00e1tica forense \u00e9 alterada","og_description":"Edital Delegado ES: saiu edital com 33 vagas para o cargo de Delegado da Pol\u00edcia Civil do Esp\u00edrito Santo, com remunera\u00e7\u00e3o inicial a partir de R$ 10 mil.","og_url":"https:\/\/www.estrategiaconcursos.com.br\/blog\/edital-delegado-es\/","og_site_name":"Estrat\u00e9gia Concursos","article_author":"https:\/\/www.facebook.com\/EstrategiaConcursos","article_published_time":"2019-03-27T09:41:08+00:00","article_modified_time":"2019-03-28T13:58:55+00:00","og_image":[{"url":"https:\/\/www.estrategiaconcursos.com.br\/blog\/wp-content\/uploads\/2019\/03\/saiu_Edital2-1024x536.jpg","type":"","width":"","height":""}],"author":"Coordena\u00e7\u00e3o","twitter_card":"summary_large_image","twitter_creator":"@EstratConcursos","twitter_site":"@EstratConcursos","twitter_misc":{"Escrito por":"Coordena\u00e7\u00e3o","Est. tempo de leitura":"5 minutos"},"schema":{"@context":"https:\/\/schema.org","@graph":[{"@type":"NewsArticle","@id":"https:\/\/www.estrategiaconcursos.com.br\/blog\/edital-delegado-es\/#article","isPartOf":{"@id":"https:\/\/www.estrategiaconcursos.com.br\/blog\/edital-delegado-es\/"},"author":{"name":"Coordena\u00e7\u00e3o","@id":"https:\/\/www.estrategiaconcursos.com.br\/blog\/#\/schema\/person\/b4a388c97673c5f483d72185668afa1f"},"headline":"Edital Delegado ES \u00e9 publicado e exig\u00eancia de pr\u00e1tica forense \u00e9 alterada","datePublished":"2019-03-27T09:41:08+00:00","dateModified":"2019-03-28T13:58:55+00:00","mainEntityOfPage":{"@id":"https:\/\/www.estrategiaconcursos.com.br\/blog\/edital-delegado-es\/"},"wordCount":1039,"commentCount":0,"publisher":{"@id":"https:\/\/www.estrategiaconcursos.com.br\/blog\/#organization"},"image":{"@id":"https:\/\/www.estrategiaconcursos.com.br\/blog\/edital-delegado-es\/#primaryimage"},"thumbnailUrl":"https:\/\/www.estrategiaconcursos.com.br\/blog\/wp-content\/uploads\/2019\/03\/saiu_Edital2-1024x536.jpg","articleSection":["Concursos P\u00fablicos"],"inLanguage":"pt-BR","potentialAction":[{"@type":"CommentAction","name":"Comment","target":["https:\/\/www.estrategiaconcursos.com.br\/blog\/edital-delegado-es\/#respond"]}],"copyrightYear":"2019","copyrightHolder":{"@id":"https:\/\/www.estrategiaconcursos.com.br\/blog\/#organization"}},{"@type":"WebPage","@id":"https:\/\/www.estrategiaconcursos.com.br\/blog\/edital-delegado-es\/","url":"https:\/\/www.estrategiaconcursos.com.br\/blog\/edital-delegado-es\/","name":"Edital Delegado ES \u00e9 publicado e exig\u00eancia de pr\u00e1tica forense \u00e9 alterada","isPartOf":{"@id":"https:\/\/www.estrategiaconcursos.com.br\/blog\/#website"},"primaryImageOfPage":{"@id":"https:\/\/www.estrategiaconcursos.com.br\/blog\/edital-delegado-es\/#primaryimage"},"image":{"@id":"https:\/\/www.estrategiaconcursos.com.br\/blog\/edital-delegado-es\/#primaryimage"},"thumbnailUrl":"https:\/\/www.estrategiaconcursos.com.br\/blog\/wp-content\/uploads\/2019\/03\/saiu_Edital2-1024x536.jpg","datePublished":"2019-03-27T09:41:08+00:00","dateModified":"2019-03-28T13:58:55+00:00","description":"Edital Delegado ES: saiu edital com 33 vagas para o cargo de Delegado da Pol\u00edcia Civil do Esp\u00edrito Santo, com remunera\u00e7\u00e3o inicial a partir de R$ 10 mil.","breadcrumb":{"@id":"https:\/\/www.estrategiaconcursos.com.br\/blog\/edital-delegado-es\/#breadcrumb"},"inLanguage":"pt-BR","potentialAction":[{"@type":"ReadAction","target":["https:\/\/www.estrategiaconcursos.com.br\/blog\/edital-delegado-es\/"]}]},{"@type":"ImageObject","inLanguage":"pt-BR","@id":"https:\/\/www.estrategiaconcursos.com.br\/blog\/edital-delegado-es\/#primaryimage","url":"https:\/\/www.estrategiaconcursos.com.br\/blog\/wp-content\/uploads\/2019\/03\/saiu_Edital2-1024x536.jpg","contentUrl":"https:\/\/www.estrategiaconcursos.com.br\/blog\/wp-content\/uploads\/2019\/03\/saiu_Edital2-1024x536.jpg"},{"@type":"BreadcrumbList","@id":"https:\/\/www.estrategiaconcursos.com.br\/blog\/edital-delegado-es\/#breadcrumb","itemListElement":[{"@type":"ListItem","position":1,"name":"In\u00edcio","item":"https:\/\/www.estrategiaconcursos.com.br\/blog\/"},{"@type":"ListItem","position":2,"name":"Edital Delegado ES \u00e9 publicado e exig\u00eancia de pr\u00e1tica forense \u00e9 alterada"}]},{"@type":"WebSite","@id":"https:\/\/www.estrategiaconcursos.com.br\/blog\/#website","url":"https:\/\/www.estrategiaconcursos.com.br\/blog\/","name":"Estrat\u00e9gia Concursos","description":"O blog da Estrat\u00e9gia Concursos traz not\u00edcias sobre concursos e artigos de professores oferecendo cursos para concursos (pdf + videaulas) no site.","publisher":{"@id":"https:\/\/www.estrategiaconcursos.com.br\/blog\/#organization"},"potentialAction":[{"@type":"SearchAction","target":{"@type":"EntryPoint","urlTemplate":"https:\/\/www.estrategiaconcursos.com.br\/blog\/?s={search_term_string}"},"query-input":{"@type":"PropertyValueSpecification","valueRequired":true,"valueName":"search_term_string"}}],"inLanguage":"pt-BR"},{"@type":"Organization","@id":"https:\/\/www.estrategiaconcursos.com.br\/blog\/#organization","name":"Estrat\u00e9gia Concursos","url":"https:\/\/www.estrategiaconcursos.com.br\/blog\/","logo":{"@type":"ImageObject","inLanguage":"pt-BR","@id":"https:\/\/www.estrategiaconcursos.com.br\/blog\/#\/schema\/logo\/image\/","url":"https:\/\/dhg1h5j42swfq.cloudfront.net\/2025\/06\/03203428\/logo_concursos-1.jpg","contentUrl":"https:\/\/dhg1h5j42swfq.cloudfront.net\/2025\/06\/03203428\/logo_concursos-1.jpg","width":230,"height":60,"caption":"Estrat\u00e9gia Concursos"},"image":{"@id":"https:\/\/www.estrategiaconcursos.com.br\/blog\/#\/schema\/logo\/image\/"},"sameAs":["https:\/\/x.com\/EstratConcursos"]},{"@type":"Person","@id":"https:\/\/www.estrategiaconcursos.com.br\/blog\/#\/schema\/person\/b4a388c97673c5f483d72185668afa1f","name":"Coordena\u00e7\u00e3o","image":{"@type":"ImageObject","inLanguage":"pt-BR","@id":"https:\/\/secure.gravatar.com\/avatar\/b720319e4c9a967eb58678d110f4fe35452fc5d5f97b202bac7b8acceb18c6ad?s=96&d=mm&r=g","url":"https:\/\/secure.gravatar.com\/avatar\/b720319e4c9a967eb58678d110f4fe35452fc5d5f97b202bac7b8acceb18c6ad?s=96&d=mm&r=g","contentUrl":"https:\/\/secure.gravatar.com\/avatar\/b720319e4c9a967eb58678d110f4fe35452fc5d5f97b202bac7b8acceb18c6ad?s=96&d=mm&r=g","caption":"Coordena\u00e7\u00e3o"},"sameAs":["https:\/\/www.facebook.com\/EstrategiaConcursos","https:\/\/x.com\/EstratConcursos"],"url":"https:\/\/www.estrategiaconcursos.com.br\/blog\/author\/estrategia2013\/"}]}},"_links":{"self":[{"href":"https:\/\/www.estrategiaconcursos.com.br\/blog\/wp-json\/wp\/v2\/posts\/173239","targetHints":{"allow":["GET"]}}],"collection":[{"href":"https:\/\/www.estrategiaconcursos.com.br\/blog\/wp-json\/wp\/v2\/posts"}],"about":[{"href":"https:\/\/www.estrategiaconcursos.com.br\/blog\/wp-json\/wp\/v2\/types\/post"}],"author":[{"embeddable":true,"href":"https:\/\/www.estrategiaconcursos.com.br\/blog\/wp-json\/wp\/v2\/users\/1"}],"replies":[{"embeddable":true,"href":"https:\/\/www.estrategiaconcursos.com.br\/blog\/wp-json\/wp\/v2\/comments?post=173239"}],"version-history":[{"count":7,"href":"https:\/\/www.estrategiaconcursos.com.br\/blog\/wp-json\/wp\/v2\/posts\/173239\/revisions"}],"predecessor-version":[{"id":174709,"href":"https:\/\/www.estrategiaconcursos.com.br\/blog\/wp-json\/wp\/v2\/posts\/173239\/revisions\/174709"}],"wp:attachment":[{"href":"https:\/\/www.estrategiaconcursos.com.br\/blog\/wp-json\/wp\/v2\/media?parent=173239"}],"wp:term":[{"taxonomy":"category","embeddable":true,"href":"https:\/\/www.estrategiaconcursos.com.br\/blog\/wp-json\/wp\/v2\/categories?post=173239"},{"taxonomy":"post_tag","embeddable":true,"href":"https:\/\/www.estrategiaconcursos.com.br\/blog\/wp-json\/wp\/v2\/tags?post=173239"},{"taxonomy":"tax_estado","embeddable":true,"href":"https:\/\/www.estrategiaconcursos.com.br\/blog\/wp-json\/wp\/v2\/tax_estado?post=173239"}],"curies":[{"name":"wp","href":"https:\/\/api.w.org\/{rel}","templated":true}]}}