{"id":1731970,"date":"2026-03-12T10:54:15","date_gmt":"2026-03-12T13:54:15","guid":{"rendered":"https:\/\/www.estrategiaconcursos.com.br\/blog\/?p=1731970"},"modified":"2026-03-18T09:48:32","modified_gmt":"2026-03-18T12:48:32","slug":"concurso-mp-es-2026-isencao-taxa-inscricao","status":"publish","type":"post","link":"https:\/\/www.estrategiaconcursos.com.br\/blog\/concurso-mp-es-2026-isencao-taxa-inscricao\/","title":{"rendered":"Concurso MP ES: como solicitar isen\u00e7\u00e3o da taxa de inscri\u00e7\u00e3o?"},"content":{"rendered":"\n<p><strong><em>O concurso MP ES oferta 60 vagas para os cargos de&nbsp;Agente de Apoio, Agente T\u00e9cnico e Agente Especializado; sal\u00e1rio de at\u00e9 R$ 10.453,81!<\/em><\/strong><\/p>\n\n\n\n<p>A solicita\u00e7\u00e3o de isen\u00e7\u00e3o da taxa de inscri\u00e7\u00e3o do&nbsp;<strong>&nbsp;<\/strong><strong><a href=\"https:\/\/www.estrategiaconcursos.com.br\/cursosPorConcurso\/ministerio-publico-do-espirito-santo-mp-es-servidores\/\" target=\"_blank\" rel=\"noreferrer noopener\">Minist\u00e9rio P\u00fablico do Esp\u00edrito Santo<\/a><\/strong> (MPES) 2026 deve ser feitas no momento da inscri\u00e7\u00e3o, exclusivamente pelo site da&nbsp;FGV.<\/p>\n\n\n\n<p>A isen\u00e7\u00e3o \u00e9 garantida para candidatos que se enquadrem em legisla\u00e7\u00f5es estaduais espec\u00edficas.O candidato interessado em obter o benef\u00edcio deve realizar a solicita\u00e7\u00e3o entre os dias&nbsp;<strong>12 e 18 de mar\u00e7o<\/strong>. O processo \u00e9 feito digitalmente:&nbsp;<\/p>\n\n\n\n<ol class=\"wp-block-list\">\n<li><strong>Acesso:<\/strong>&nbsp;Entre no portal do concurso na&nbsp;FGV&nbsp;e inicie sua inscri\u00e7\u00e3o.<\/li>\n\n\n\n<li><strong>Op\u00e7\u00e3o de Isen\u00e7\u00e3o:<\/strong>&nbsp;Selecione o campo indicando que deseja solicitar a isen\u00e7\u00e3o do pagamento.<\/li>\n\n\n\n<li><strong>Categorias e Documentos:<\/strong>\n<ul class=\"wp-block-list\">\n<li><strong>Inscritos no Cad\u00danico:<\/strong>&nbsp;\u00c9 necess\u00e1rio informar o&nbsp;<strong>N\u00famero de Identifica\u00e7\u00e3o Social (NIS)<\/strong>&nbsp;v\u00e1lido e declarar pertencer a fam\u00edlia de baixa renda.<\/li>\n\n\n\n<li><strong>Doadores de Medula \u00d3sse<\/strong>: Deve-se anexar o comprovante de doador emitido por \u00f3rg\u00e3o oficial.<\/li>\n\n\n\n<li><strong>Eleitores Convocados (Mes\u00e1rios)<\/strong>: Comprovar a atua\u00e7\u00e3o em pelo menos duas elei\u00e7\u00f5es consecutivas ou n\u00e3o.<\/li>\n\n\n\n<li><strong>Pessoas com Defici\u00eancia (PcD)<\/strong>: Enviar laudo m\u00e9dico que ateste a condi\u00e7\u00e3o, conforme as exig\u00eancias do edital.<\/li>\n<\/ul>\n<\/li>\n\n\n\n<li><strong>Upload:<\/strong>&nbsp;Todos os documentos comprobat\u00f3rios devem ser enviados em formato digital (PDF, JPEG ou PNG) diretamente pelo sistema da banca.<\/li>\n<\/ol>\n\n\n\n<div class=\"row\">\n\n    <div class=\"col-sm\">\n      <div class=\"banner-ecj\" id=\"box-assinatura\">\n        <h3 class=\"titulo-assinatura\">Cursos Concurso MP ES <\/h3>\n        <p class=\"subtitulo-assinatura\">Cursos focados no edital do concurso<\/p>\n        <div class=\"box-botao\">\n          <a class=\"btn-assinatura\" target=\"_blank\" href=\"https:\/\/www.estrategiaconcursos.com.br\/cursosPorConcurso\/ministerio-publico-do-espirito-santo-mp-es-servidores\/\" role=\"button\" rel=\"noopener noreferrer\">Conhe\u00e7a mais<\/a>\n        <\/div>\n      <\/div>\n      <p class=\"texto-auxiliar\">Prepare-se com o melhor material e com quem mais aprova em concursos de Procuradorias em todo o pa\u00eds. \n<\/p>\n    <\/div>\n\n  <\/div>\n\n\n\n<h2 class=\"wp-block-heading\" id=\"h-o-que-acontece-se-o-pedido-de-isencao-de-taxa-de-inscricao-for-negado\">O que acontece se o pedido de isen\u00e7\u00e3o de taxa de inscri\u00e7\u00e3o for negado? <\/h2>\n\n\n\n<p>O edital prev\u00ea a divulga\u00e7\u00e3o da rela\u00e7\u00e3o preliminar de isen\u00e7\u00f5es deferidas no dia&nbsp;<strong>27 de mar\u00e7o<\/strong>. Se o seu pedido for negado, voc\u00ea ter\u00e1 um prazo para interpor recurso.<\/p>\n\n\n\n<p>Se a isen\u00e7\u00e3o for definitivamente indeferida ap\u00f3s o recurso, o boleto da taxa de R$ 120,00 deve ser pago at\u00e9 o dia\u00a0<strong>16 de abril<\/strong>\u00a0para garantir a participa\u00e7\u00e3o.<\/p>\n\n\n\n<p class=\"has-text-align-center\"><em>Para conferir todas as informa\u00e7\u00f5es basta acessar o link abaixo:<\/em><\/p>\n\n\n\n<h2 class=\"wp-block-heading has-text-align-center has-cyan-bluish-gray-background-color has-background has-medium-font-size\" id=\"h-saiba-mais-mp-es\">Saiba mais: <a href=\"https:\/\/www.estrategiaconcursos.com.br\/blog\/concurso-mp-es\/\" target=\"_blank\" rel=\"noreferrer noopener\">MP ES<\/a><\/h2>\n\n\n\n<h2 class=\"wp-block-heading has-text-align-center\" id=\"h-quer-saber-tudo-sobre-concursos-previstos-confira-nossos-artigos\">Quer saber tudo sobre concursos previstos?<br \/>Confira nossos artigos!<\/h2>\n\n\n\n<ul class=\"wp-block-list\">\n<li><a href=\"https:\/\/www.estrategiaconcursos.com.br\/blog\/concursos-abertos\/\" target=\"_blank\" rel=\"noreferrer noopener\">Concursos abertos<\/a><\/li>\n\n\n\n<li><a href=\"https:\/\/www.estrategiaconcursos.com.br\/blog\/concursos-2026\/\" target=\"_blank\" rel=\"noreferrer noopener\">Concursos 2026<\/a><\/li>\n\n\n\n<li><a href=\"https:\/\/www.estrategiaconcursos.com.br\/blog\/concursos-tribunais\/\">Concursos tribunais<\/a><\/li>\n\n\n\n<li><a href=\"https:\/\/www.estrategiaconcursos.com.br\/blog\/concursos-mp\/\" target=\"_blank\" rel=\"noreferrer noopener\">Concursos MP 2026<\/a><\/li>\n<\/ul>\n\n\n\n<h2 class=\"wp-block-heading has-text-align-center\" id=\"cursos\">Cursos para o edital do concurso MP ES:<\/h2>\n\n\n\n<div class=\"row\">\n\n    <div class=\"col-sm\">\n      <div class=\"banner-ecj\" id=\"box-assinatura\">\n        <h3 class=\"titulo-assinatura\">Cursos Concurso MP ES <\/h3>\n        <p class=\"subtitulo-assinatura\">Cursos focados no edital do concurso<\/p>\n        <div class=\"box-botao\">\n          <a class=\"btn-assinatura\" target=\"_blank\" href=\"https:\/\/www.estrategiaconcursos.com.br\/cursosPorConcurso\/ministerio-publico-do-espirito-santo-mp-es-servidores\/\" role=\"button\" rel=\"noopener noreferrer\">Conhe\u00e7a mais<\/a>\n        <\/div>\n      <\/div>\n      <p class=\"texto-auxiliar\">Prepare-se com o melhor material e com quem mais aprova em concursos de Procuradorias em todo o pa\u00eds. \n<\/p>\n    <\/div>\n\n  <\/div>\n\n\n\n<p id=\"h-\"><br \/><\/p>\n\n\n\n<p><\/p>\n","protected":false},"excerpt":{"rendered":"<p>O concurso MP ES oferta 60 vagas para os cargos de&nbsp;Agente de Apoio, Agente T\u00e9cnico e Agente Especializado; sal\u00e1rio de at\u00e9 R$ 10.453,81! A solicita\u00e7\u00e3o de isen\u00e7\u00e3o da taxa de inscri\u00e7\u00e3o do&nbsp;&nbsp;Minist\u00e9rio P\u00fablico do Esp\u00edrito Santo (MPES) 2026 deve ser feitas no momento da inscri\u00e7\u00e3o, exclusivamente pelo site da&nbsp;FGV. A isen\u00e7\u00e3o \u00e9 garantida para candidatos [&hellip;]<\/p>\n","protected":false},"author":2375,"featured_media":0,"comment_status":"open","ping_status":"closed","sticky":false,"template":"","format":"standard","meta":{"post_tipo":"news","footnotes":""},"categories":[222238,220219],"tags":[],"tax_estado":[],"class_list":["post-1731970","post","type-post","status-publish","format-standard","hentry","category-ministerio-publico","category-noticias"],"acf":[],"yoast_head":"<!-- This site is optimized with the Yoast SEO Premium plugin v27.2 (Yoast SEO v27.2) - https:\/\/yoast.com\/product\/yoast-seo-premium-wordpress\/ -->\n<title>Concurso MP ES: como solicitar isen\u00e7\u00e3o da taxa de inscri\u00e7\u00e3o?<\/title>\n<meta name=\"description\" content=\"Concurso MP ES: o candidato interessado na isen\u00e7\u00e3o da taxa de participa\u00e7\u00e3o deve realizar a solicita\u00e7\u00e3o entre os dias\u00a012 e 18 de mar\u00e7o.\" \/>\n<meta name=\"robots\" content=\"index, follow, max-snippet:-1, max-image-preview:large, max-video-preview:-1\" \/>\n<link rel=\"canonical\" href=\"https:\/\/www.estrategiaconcursos.com.br\/blog\/concurso-mp-es-2026-isencao-taxa-inscricao\/\" \/>\n<meta property=\"og:locale\" content=\"pt_BR\" \/>\n<meta property=\"og:type\" content=\"article\" \/>\n<meta property=\"og:title\" content=\"Concurso MP ES: como solicitar isen\u00e7\u00e3o da taxa de inscri\u00e7\u00e3o?\" \/>\n<meta property=\"og:description\" content=\"Concurso MP ES: o candidato interessado na isen\u00e7\u00e3o da taxa de participa\u00e7\u00e3o deve realizar a solicita\u00e7\u00e3o entre os dias\u00a012 e 18 de mar\u00e7o.\" \/>\n<meta property=\"og:url\" content=\"https:\/\/www.estrategiaconcursos.com.br\/blog\/concurso-mp-es-2026-isencao-taxa-inscricao\/\" \/>\n<meta property=\"og:site_name\" content=\"Estrat\u00e9gia Concursos\" \/>\n<meta property=\"article:published_time\" content=\"2026-03-12T13:54:15+00:00\" \/>\n<meta property=\"article:modified_time\" content=\"2026-03-18T12:48:32+00:00\" \/>\n<meta property=\"og:image\" content=\"https:\/\/dhg1h5j42swfq.cloudfront.net\/2025\/08\/25132256\/mp-es-300x169-1.jpg\" \/>\n\t<meta property=\"og:image:width\" content=\"300\" \/>\n\t<meta property=\"og:image:height\" content=\"169\" \/>\n\t<meta property=\"og:image:type\" content=\"image\/jpeg\" \/>\n<meta name=\"author\" content=\"Priscila Almeida\" \/>\n<meta name=\"twitter:card\" content=\"summary_large_image\" \/>\n<meta name=\"twitter:creator\" content=\"@EstratConcursos\" \/>\n<meta name=\"twitter:site\" content=\"@EstratConcursos\" \/>\n<meta name=\"twitter:label1\" content=\"Escrito por\" \/>\n\t<meta name=\"twitter:data1\" content=\"Priscila Almeida\" \/>\n\t<meta name=\"twitter:label2\" content=\"Est. tempo de leitura\" \/>\n\t<meta name=\"twitter:data2\" content=\"2 minutos\" \/>\n<script type=\"application\/ld+json\" class=\"yoast-schema-graph\">{\"@context\":\"https:\/\/schema.org\",\"@graph\":[{\"@type\":\"NewsArticle\",\"@id\":\"https:\/\/www.estrategiaconcursos.com.br\/blog\/concurso-mp-es-2026-isencao-taxa-inscricao\/#article\",\"isPartOf\":{\"@id\":\"https:\/\/www.estrategiaconcursos.com.br\/blog\/concurso-mp-es-2026-isencao-taxa-inscricao\/\"},\"author\":{\"name\":\"Priscila Almeida\",\"@id\":\"https:\/\/www.estrategiaconcursos.com.br\/blog\/#\/schema\/person\/a06e841e501f2e1d8c49c4e8f066bfd1\"},\"headline\":\"Concurso MP ES: como solicitar isen\u00e7\u00e3o da taxa de inscri\u00e7\u00e3o?\",\"datePublished\":\"2026-03-12T13:54:15+00:00\",\"dateModified\":\"2026-03-18T12:48:32+00:00\",\"mainEntityOfPage\":{\"@id\":\"https:\/\/www.estrategiaconcursos.com.br\/blog\/concurso-mp-es-2026-isencao-taxa-inscricao\/\"},\"wordCount\":438,\"commentCount\":0,\"publisher\":{\"@id\":\"https:\/\/www.estrategiaconcursos.com.br\/blog\/#organization\"},\"articleSection\":[\"Minist\u00e9rio P\u00fablico\",\"\u00daltimas not\u00edcias\"],\"inLanguage\":\"pt-BR\",\"potentialAction\":[{\"@type\":\"CommentAction\",\"name\":\"Comment\",\"target\":[\"https:\/\/www.estrategiaconcursos.com.br\/blog\/concurso-mp-es-2026-isencao-taxa-inscricao\/#respond\"]}],\"copyrightYear\":\"2026\",\"copyrightHolder\":{\"@id\":\"https:\/\/www.estrategiaconcursos.com.br\/blog\/#organization\"}},{\"@type\":\"WebPage\",\"@id\":\"https:\/\/www.estrategiaconcursos.com.br\/blog\/concurso-mp-es-2026-isencao-taxa-inscricao\/\",\"url\":\"https:\/\/www.estrategiaconcursos.com.br\/blog\/concurso-mp-es-2026-isencao-taxa-inscricao\/\",\"name\":\"Concurso MP ES: como solicitar isen\u00e7\u00e3o da taxa de inscri\u00e7\u00e3o?\",\"isPartOf\":{\"@id\":\"https:\/\/www.estrategiaconcursos.com.br\/blog\/#website\"},\"datePublished\":\"2026-03-12T13:54:15+00:00\",\"dateModified\":\"2026-03-18T12:48:32+00:00\",\"description\":\"Concurso MP ES: o candidato interessado na isen\u00e7\u00e3o da taxa de participa\u00e7\u00e3o deve realizar a solicita\u00e7\u00e3o entre os dias\u00a012 e 18 de mar\u00e7o.\",\"breadcrumb\":{\"@id\":\"https:\/\/www.estrategiaconcursos.com.br\/blog\/concurso-mp-es-2026-isencao-taxa-inscricao\/#breadcrumb\"},\"inLanguage\":\"pt-BR\",\"potentialAction\":[{\"@type\":\"ReadAction\",\"target\":[\"https:\/\/www.estrategiaconcursos.com.br\/blog\/concurso-mp-es-2026-isencao-taxa-inscricao\/\"]}]},{\"@type\":\"BreadcrumbList\",\"@id\":\"https:\/\/www.estrategiaconcursos.com.br\/blog\/concurso-mp-es-2026-isencao-taxa-inscricao\/#breadcrumb\",\"itemListElement\":[{\"@type\":\"ListItem\",\"position\":1,\"name\":\"In\u00edcio\",\"item\":\"https:\/\/www.estrategiaconcursos.com.br\/blog\/\"},{\"@type\":\"ListItem\",\"position\":2,\"name\":\"Concurso MP ES: como solicitar isen\u00e7\u00e3o da taxa de inscri\u00e7\u00e3o?\"}]},{\"@type\":\"WebSite\",\"@id\":\"https:\/\/www.estrategiaconcursos.com.br\/blog\/#website\",\"url\":\"https:\/\/www.estrategiaconcursos.com.br\/blog\/\",\"name\":\"Estrat\u00e9gia Concursos\",\"description\":\"O blog da Estrat\u00e9gia Concursos traz not\u00edcias sobre concursos e artigos de professores oferecendo cursos para concursos (pdf + videaulas) no site.\",\"publisher\":{\"@id\":\"https:\/\/www.estrategiaconcursos.com.br\/blog\/#organization\"},\"potentialAction\":[{\"@type\":\"SearchAction\",\"target\":{\"@type\":\"EntryPoint\",\"urlTemplate\":\"https:\/\/www.estrategiaconcursos.com.br\/blog\/?s={search_term_string}\"},\"query-input\":{\"@type\":\"PropertyValueSpecification\",\"valueRequired\":true,\"valueName\":\"search_term_string\"}}],\"inLanguage\":\"pt-BR\"},{\"@type\":\"Organization\",\"@id\":\"https:\/\/www.estrategiaconcursos.com.br\/blog\/#organization\",\"name\":\"Estrat\u00e9gia Concursos\",\"url\":\"https:\/\/www.estrategiaconcursos.com.br\/blog\/\",\"logo\":{\"@type\":\"ImageObject\",\"inLanguage\":\"pt-BR\",\"@id\":\"https:\/\/www.estrategiaconcursos.com.br\/blog\/#\/schema\/logo\/image\/\",\"url\":\"https:\/\/dhg1h5j42swfq.cloudfront.net\/2025\/06\/03203428\/logo_concursos-1.jpg\",\"contentUrl\":\"https:\/\/dhg1h5j42swfq.cloudfront.net\/2025\/06\/03203428\/logo_concursos-1.jpg\",\"width\":230,\"height\":60,\"caption\":\"Estrat\u00e9gia Concursos\"},\"image\":{\"@id\":\"https:\/\/www.estrategiaconcursos.com.br\/blog\/#\/schema\/logo\/image\/\"},\"sameAs\":[\"https:\/\/x.com\/EstratConcursos\"]},{\"@type\":\"Person\",\"@id\":\"https:\/\/www.estrategiaconcursos.com.br\/blog\/#\/schema\/person\/a06e841e501f2e1d8c49c4e8f066bfd1\",\"name\":\"Priscila Almeida\",\"image\":{\"@type\":\"ImageObject\",\"inLanguage\":\"pt-BR\",\"@id\":\"https:\/\/secure.gravatar.com\/avatar\/0a963c9e2a947fa675b669cea2b5d0ba6dd1cbf46b966190343b6c9973ad3337?s=96&d=mm&r=g\",\"url\":\"https:\/\/secure.gravatar.com\/avatar\/0a963c9e2a947fa675b669cea2b5d0ba6dd1cbf46b966190343b6c9973ad3337?s=96&d=mm&r=g\",\"contentUrl\":\"https:\/\/secure.gravatar.com\/avatar\/0a963c9e2a947fa675b669cea2b5d0ba6dd1cbf46b966190343b6c9973ad3337?s=96&d=mm&r=g\",\"caption\":\"Priscila Almeida\"},\"description\":\"Atua na \u00e1rea de concursos p\u00fablicos desde 2019. As editorias que mais t\u00eam familiaridade s\u00e3o: Tribunais (TJs; TRTs; TREs; TSTs; STJ, STF, STM e TSE); Defensorias; Minist\u00e9rios P\u00fablicos; Procuradorias; Educa\u00e7\u00e3o e Conselhos. Na \u00e1rea de comunica\u00e7\u00e3o, de maneira geral, a caminhada \u00e9 um pouco mais longa - desde 2007. Possui experi\u00eancia em reda\u00e7\u00f5es de r\u00e1dio, TV, Web e impresso, al\u00e9m de desenvolver trabalhos em assessorias de comunica\u00e7\u00e3o institucional, empresarial e p\u00fablicas. Entre outros trabalhos, se destacam a atua\u00e7\u00e3o nas \u00e1reas de Justi\u00e7a, Congresso, Esportes, Sa\u00fade, Agropecu\u00e1ria, Cidades e Avia\u00e7\u00e3o Civil.\",\"url\":\"https:\/\/www.estrategiaconcursos.com.br\/blog\/author\/priscila-almeidaestrategia-com\/\"}]}<\/script>\n<!-- \/ Yoast SEO Premium plugin. -->","yoast_head_json":{"title":"Concurso MP ES: como solicitar isen\u00e7\u00e3o da taxa de inscri\u00e7\u00e3o?","description":"Concurso MP ES: o candidato interessado na isen\u00e7\u00e3o da taxa de participa\u00e7\u00e3o deve realizar a solicita\u00e7\u00e3o entre os dias\u00a012 e 18 de mar\u00e7o.","robots":{"index":"index","follow":"follow","max-snippet":"max-snippet:-1","max-image-preview":"max-image-preview:large","max-video-preview":"max-video-preview:-1"},"canonical":"https:\/\/www.estrategiaconcursos.com.br\/blog\/concurso-mp-es-2026-isencao-taxa-inscricao\/","og_locale":"pt_BR","og_type":"article","og_title":"Concurso MP ES: como solicitar isen\u00e7\u00e3o da taxa de inscri\u00e7\u00e3o?","og_description":"Concurso MP ES: o candidato interessado na isen\u00e7\u00e3o da taxa de participa\u00e7\u00e3o deve realizar a solicita\u00e7\u00e3o entre os dias\u00a012 e 18 de mar\u00e7o.","og_url":"https:\/\/www.estrategiaconcursos.com.br\/blog\/concurso-mp-es-2026-isencao-taxa-inscricao\/","og_site_name":"Estrat\u00e9gia Concursos","article_published_time":"2026-03-12T13:54:15+00:00","article_modified_time":"2026-03-18T12:48:32+00:00","og_image":[{"width":300,"height":169,"url":"https:\/\/dhg1h5j42swfq.cloudfront.net\/2025\/08\/25132256\/mp-es-300x169-1.jpg","type":"image\/jpeg"}],"author":"Priscila Almeida","twitter_card":"summary_large_image","twitter_creator":"@EstratConcursos","twitter_site":"@EstratConcursos","twitter_misc":{"Escrito por":"Priscila Almeida","Est. tempo de leitura":"2 minutos"},"schema":{"@context":"https:\/\/schema.org","@graph":[{"@type":"NewsArticle","@id":"https:\/\/www.estrategiaconcursos.com.br\/blog\/concurso-mp-es-2026-isencao-taxa-inscricao\/#article","isPartOf":{"@id":"https:\/\/www.estrategiaconcursos.com.br\/blog\/concurso-mp-es-2026-isencao-taxa-inscricao\/"},"author":{"name":"Priscila Almeida","@id":"https:\/\/www.estrategiaconcursos.com.br\/blog\/#\/schema\/person\/a06e841e501f2e1d8c49c4e8f066bfd1"},"headline":"Concurso MP ES: como solicitar isen\u00e7\u00e3o da taxa de inscri\u00e7\u00e3o?","datePublished":"2026-03-12T13:54:15+00:00","dateModified":"2026-03-18T12:48:32+00:00","mainEntityOfPage":{"@id":"https:\/\/www.estrategiaconcursos.com.br\/blog\/concurso-mp-es-2026-isencao-taxa-inscricao\/"},"wordCount":438,"commentCount":0,"publisher":{"@id":"https:\/\/www.estrategiaconcursos.com.br\/blog\/#organization"},"articleSection":["Minist\u00e9rio P\u00fablico","\u00daltimas not\u00edcias"],"inLanguage":"pt-BR","potentialAction":[{"@type":"CommentAction","name":"Comment","target":["https:\/\/www.estrategiaconcursos.com.br\/blog\/concurso-mp-es-2026-isencao-taxa-inscricao\/#respond"]}],"copyrightYear":"2026","copyrightHolder":{"@id":"https:\/\/www.estrategiaconcursos.com.br\/blog\/#organization"}},{"@type":"WebPage","@id":"https:\/\/www.estrategiaconcursos.com.br\/blog\/concurso-mp-es-2026-isencao-taxa-inscricao\/","url":"https:\/\/www.estrategiaconcursos.com.br\/blog\/concurso-mp-es-2026-isencao-taxa-inscricao\/","name":"Concurso MP ES: como solicitar isen\u00e7\u00e3o da taxa de inscri\u00e7\u00e3o?","isPartOf":{"@id":"https:\/\/www.estrategiaconcursos.com.br\/blog\/#website"},"datePublished":"2026-03-12T13:54:15+00:00","dateModified":"2026-03-18T12:48:32+00:00","description":"Concurso MP ES: o candidato interessado na isen\u00e7\u00e3o da taxa de participa\u00e7\u00e3o deve realizar a solicita\u00e7\u00e3o entre os dias\u00a012 e 18 de mar\u00e7o.","breadcrumb":{"@id":"https:\/\/www.estrategiaconcursos.com.br\/blog\/concurso-mp-es-2026-isencao-taxa-inscricao\/#breadcrumb"},"inLanguage":"pt-BR","potentialAction":[{"@type":"ReadAction","target":["https:\/\/www.estrategiaconcursos.com.br\/blog\/concurso-mp-es-2026-isencao-taxa-inscricao\/"]}]},{"@type":"BreadcrumbList","@id":"https:\/\/www.estrategiaconcursos.com.br\/blog\/concurso-mp-es-2026-isencao-taxa-inscricao\/#breadcrumb","itemListElement":[{"@type":"ListItem","position":1,"name":"In\u00edcio","item":"https:\/\/www.estrategiaconcursos.com.br\/blog\/"},{"@type":"ListItem","position":2,"name":"Concurso MP ES: como solicitar isen\u00e7\u00e3o da taxa de inscri\u00e7\u00e3o?"}]},{"@type":"WebSite","@id":"https:\/\/www.estrategiaconcursos.com.br\/blog\/#website","url":"https:\/\/www.estrategiaconcursos.com.br\/blog\/","name":"Estrat\u00e9gia Concursos","description":"O blog da Estrat\u00e9gia Concursos traz not\u00edcias sobre concursos e artigos de professores oferecendo cursos para concursos (pdf + videaulas) no site.","publisher":{"@id":"https:\/\/www.estrategiaconcursos.com.br\/blog\/#organization"},"potentialAction":[{"@type":"SearchAction","target":{"@type":"EntryPoint","urlTemplate":"https:\/\/www.estrategiaconcursos.com.br\/blog\/?s={search_term_string}"},"query-input":{"@type":"PropertyValueSpecification","valueRequired":true,"valueName":"search_term_string"}}],"inLanguage":"pt-BR"},{"@type":"Organization","@id":"https:\/\/www.estrategiaconcursos.com.br\/blog\/#organization","name":"Estrat\u00e9gia Concursos","url":"https:\/\/www.estrategiaconcursos.com.br\/blog\/","logo":{"@type":"ImageObject","inLanguage":"pt-BR","@id":"https:\/\/www.estrategiaconcursos.com.br\/blog\/#\/schema\/logo\/image\/","url":"https:\/\/dhg1h5j42swfq.cloudfront.net\/2025\/06\/03203428\/logo_concursos-1.jpg","contentUrl":"https:\/\/dhg1h5j42swfq.cloudfront.net\/2025\/06\/03203428\/logo_concursos-1.jpg","width":230,"height":60,"caption":"Estrat\u00e9gia Concursos"},"image":{"@id":"https:\/\/www.estrategiaconcursos.com.br\/blog\/#\/schema\/logo\/image\/"},"sameAs":["https:\/\/x.com\/EstratConcursos"]},{"@type":"Person","@id":"https:\/\/www.estrategiaconcursos.com.br\/blog\/#\/schema\/person\/a06e841e501f2e1d8c49c4e8f066bfd1","name":"Priscila Almeida","image":{"@type":"ImageObject","inLanguage":"pt-BR","@id":"https:\/\/secure.gravatar.com\/avatar\/0a963c9e2a947fa675b669cea2b5d0ba6dd1cbf46b966190343b6c9973ad3337?s=96&d=mm&r=g","url":"https:\/\/secure.gravatar.com\/avatar\/0a963c9e2a947fa675b669cea2b5d0ba6dd1cbf46b966190343b6c9973ad3337?s=96&d=mm&r=g","contentUrl":"https:\/\/secure.gravatar.com\/avatar\/0a963c9e2a947fa675b669cea2b5d0ba6dd1cbf46b966190343b6c9973ad3337?s=96&d=mm&r=g","caption":"Priscila Almeida"},"description":"Atua na \u00e1rea de concursos p\u00fablicos desde 2019. As editorias que mais t\u00eam familiaridade s\u00e3o: Tribunais (TJs; TRTs; TREs; TSTs; STJ, STF, STM e TSE); Defensorias; Minist\u00e9rios P\u00fablicos; Procuradorias; Educa\u00e7\u00e3o e Conselhos. Na \u00e1rea de comunica\u00e7\u00e3o, de maneira geral, a caminhada \u00e9 um pouco mais longa - desde 2007. Possui experi\u00eancia em reda\u00e7\u00f5es de r\u00e1dio, TV, Web e impresso, al\u00e9m de desenvolver trabalhos em assessorias de comunica\u00e7\u00e3o institucional, empresarial e p\u00fablicas. Entre outros trabalhos, se destacam a atua\u00e7\u00e3o nas \u00e1reas de Justi\u00e7a, Congresso, Esportes, Sa\u00fade, Agropecu\u00e1ria, Cidades e Avia\u00e7\u00e3o Civil.","url":"https:\/\/www.estrategiaconcursos.com.br\/blog\/author\/priscila-almeidaestrategia-com\/"}]}},"_links":{"self":[{"href":"https:\/\/www.estrategiaconcursos.com.br\/blog\/wp-json\/wp\/v2\/posts\/1731970","targetHints":{"allow":["GET"]}}],"collection":[{"href":"https:\/\/www.estrategiaconcursos.com.br\/blog\/wp-json\/wp\/v2\/posts"}],"about":[{"href":"https:\/\/www.estrategiaconcursos.com.br\/blog\/wp-json\/wp\/v2\/types\/post"}],"author":[{"embeddable":true,"href":"https:\/\/www.estrategiaconcursos.com.br\/blog\/wp-json\/wp\/v2\/users\/2375"}],"replies":[{"embeddable":true,"href":"https:\/\/www.estrategiaconcursos.com.br\/blog\/wp-json\/wp\/v2\/comments?post=1731970"}],"version-history":[{"count":4,"href":"https:\/\/www.estrategiaconcursos.com.br\/blog\/wp-json\/wp\/v2\/posts\/1731970\/revisions"}],"predecessor-version":[{"id":1738426,"href":"https:\/\/www.estrategiaconcursos.com.br\/blog\/wp-json\/wp\/v2\/posts\/1731970\/revisions\/1738426"}],"wp:attachment":[{"href":"https:\/\/www.estrategiaconcursos.com.br\/blog\/wp-json\/wp\/v2\/media?parent=1731970"}],"wp:term":[{"taxonomy":"category","embeddable":true,"href":"https:\/\/www.estrategiaconcursos.com.br\/blog\/wp-json\/wp\/v2\/categories?post=1731970"},{"taxonomy":"post_tag","embeddable":true,"href":"https:\/\/www.estrategiaconcursos.com.br\/blog\/wp-json\/wp\/v2\/tags?post=1731970"},{"taxonomy":"tax_estado","embeddable":true,"href":"https:\/\/www.estrategiaconcursos.com.br\/blog\/wp-json\/wp\/v2\/tax_estado?post=1731970"}],"curies":[{"name":"wp","href":"https:\/\/api.w.org\/{rel}","templated":true}]}}