{"id":1731936,"date":"2026-03-12T10:13:06","date_gmt":"2026-03-12T13:13:06","guid":{"rendered":"https:\/\/www.estrategiaconcursos.com.br\/blog\/?p=1731936"},"modified":"2026-03-12T11:31:08","modified_gmt":"2026-03-12T14:31:08","slug":"concurso-prefeitura-caracol","status":"publish","type":"post","link":"https:\/\/www.estrategiaconcursos.com.br\/blog\/concurso-prefeitura-caracol\/","title":{"rendered":"Concurso Caracol MS: processo seletivo educa\u00e7\u00e3o aberto"},"content":{"rendered":"\n<p style=\"font-size:clamp(16.293px, 1.018rem + ((1vw - 3.2px) * 0.854), 25px);\"><strong><em>A Prefeitura de Caracol (MS) est\u00e1 com processo seletivo aberto para profissionais da educa\u00e7\u00e3o, com inscri\u00e7\u00f5es at\u00e9 13\/03\/2026. S\u00e3o ofertados cargos de Professor e Auxiliar de Ensino para contrata\u00e7\u00e3o tempor\u00e1ria.<\/em><\/strong><\/p>\n\n\n\n<p>Caracol \u00e9 um munic\u00edpio localizado na regi\u00e3o sudoeste do Mato Grosso do Sul, pr\u00f3ximo \u00e0 fronteira com o Paraguai. A Prefeitura mant\u00e9m uma din\u00e2mica intensa de contrata\u00e7\u00f5es tempor\u00e1rias por meio de processos seletivos simplificados, especialmente nas \u00e1reas de educa\u00e7\u00e3o e sa\u00fade. O \u00faltimo concurso p\u00fablico para cargos efetivos foi realizado em 2014. Desde ent\u00e3o, o munic\u00edpio tem suprido suas demandas de pessoal exclusivamente por sele\u00e7\u00f5es tempor\u00e1rias, com editais publicados ao longo de todos os anos entre 2019 e 2026.<\/p>\n\n\n\n<ul class=\"wp-block-list has-very-light-gray-to-cyan-bluish-gray-gradient-background has-background\">\n<li><strong>Prefeitura de Caracol <em>&#8211; <span style=\"text-decoration: underline;\">processo seletivo aberto<\/span><\/em><\/strong><\/li>\n<li><strong>Status:<\/strong> inscri\u00e7\u00f5es abertas at\u00e9 13\/03\/2026<\/li>\n<li><strong>Cargos:<\/strong> Professor de Ci\u00eancias da Natureza, Professor de Ingl\u00eas, Auxiliar de Ensino<\/li>\n<li><strong>Sal\u00e1rio:<\/strong> de R$ 1.621,00 a classe A, n\u00edvel PG1<\/li>\n<li><strong>Taxa:<\/strong> gratuita<\/li>\n<\/ul>\n\n\n\n<h2 class=\"wp-block-heading\" id=\"situacao-atual\">Situa\u00e7\u00e3o atual do concurso Prefeitura de Caracol<\/h2>\n\n\n\n<p>A Prefeitura de Caracol, por meio da Secretaria Municipal de Educa\u00e7\u00e3o, Cultura, Esporte e Lazer (SEMED), est\u00e1 com processo seletivo simplificado aberto atrav\u00e9s do Edital n\u00ba 003\/2026. As inscri\u00e7\u00f5es seguem abertas at\u00e9 13 de mar\u00e7o de 2026, das 7h30 \u00e0s 11h30 e das 13h30 \u00e0s 17h30, no setor de Recursos Humanos da Prefeitura.<\/p>\n\n\n\n<p>Este \u00e9 um processo seletivo para contrata\u00e7\u00e3o tempor\u00e1ria, com validade de 1 ano, prorrog\u00e1vel por igual per\u00edodo. A sele\u00e7\u00e3o \u00e9 destinada \u00e0 forma\u00e7\u00e3o de cadastro reserva e ser\u00e1 realizada exclusivamente por avalia\u00e7\u00e3o curricular de t\u00edtulos. Ser\u00e1 reservado 5% das car\u00eancias para pessoas com defici\u00eancia.<\/p>\n\n\n\n<h2 class=\"wp-block-heading\" id=\"ultimo-concurso\">\u00daltimo processo seletivo Prefeitura de Caracol<\/h2>\n\n\n\n<p>O atual processo seletivo simplificado (Edital n\u00ba 003\/2026) foi publicado em 10 de mar\u00e7o de 2026 pela SEMED. As inscri\u00e7\u00f5es iniciaram em 11 de mar\u00e7o e seguem at\u00e9 13 de mar\u00e7o de 2026. O certame \u00e9 gratuito e contempla os seguintes cargos:<\/p>\n\n\n\n<ul class=\"wp-block-list\">\n<li><strong>Professor de Ci\u00eancias da Natureza:<\/strong> carga hor\u00e1ria de 20 horas semanais, remunera\u00e7\u00e3o correspondente \u00e0 classe A, n\u00edvel PG1. Requisito: Curso Superior de Licenciatura de Gradua\u00e7\u00e3o Plena com Habilita\u00e7\u00e3o espec\u00edfica em \u00e1rea pr\u00f3pria.<\/li>\n<li><strong>Professor de Ingl\u00eas:<\/strong> carga hor\u00e1ria de 20 horas semanais, remunera\u00e7\u00e3o correspondente \u00e0 classe A, n\u00edvel PG1. Requisito: Curso Superior de Licenciatura de Gradua\u00e7\u00e3o Plena com Habilita\u00e7\u00e3o espec\u00edfica em \u00e1rea pr\u00f3pria.<\/li>\n<li><strong>Auxiliar de Ensino:<\/strong> carga hor\u00e1ria de 40 horas semanais, remunera\u00e7\u00e3o de R$ 1.621,00. Requisito: Ensino Fundamental completo.<\/li>\n<\/ul>\n\n\n\n<p>O processo seletivo ser\u00e1 realizado em uma \u00fanica etapa: Avalia\u00e7\u00e3o Curricular de T\u00edtulos. A pontua\u00e7\u00e3o m\u00ednima exigida \u00e9 de 50 pontos para Professor e 30 pontos para Auxiliar de Ensino. Os documentos devem ser entregues presencialmente no setor de Recursos Humanos da Prefeitura durante o per\u00edodo de inscri\u00e7\u00f5es.<\/p>\n\n\n\n<ul class=\"wp-block-list has-very-light-gray-to-cyan-bluish-gray-gradient-background has-background\">\n<li><strong>Resumo do processo seletivo atual<\/strong><\/li>\n<li><strong>Edital:<\/strong> n\u00ba 003\/2026\/SEMED<\/li>\n<li><strong>Publica\u00e7\u00e3o:<\/strong> 10\/03\/2026<\/li>\n<li><strong>Inscri\u00e7\u00f5es:<\/strong> 11\/03\/2026 a 13\/03\/2026<\/li>\n<li><strong>Taxa:<\/strong> gratuita<\/li>\n<li><strong>Etapa:<\/strong> Avalia\u00e7\u00e3o Curricular de T\u00edtulos<\/li>\n<li><strong>Regime:<\/strong> contrata\u00e7\u00e3o tempor\u00e1ria<\/li>\n<li><strong>Validade:<\/strong> 1 ano, prorrog\u00e1vel por igual per\u00edodo<\/li>\n<\/ul>\n\n\n\n<h2 class=\"wp-block-heading\" id=\"linha-do-tempo\">Linha do tempo<\/h2>\n\n\n\n<p>A Prefeitura de Caracol tem mantido uma regularidade na publica\u00e7\u00e3o de processos seletivos tempor\u00e1rios. Veja os principais certames dos \u00faltimos anos:<\/p>\n\n\n\n<ul class=\"wp-block-list\">\n<li><strong>2026:<\/strong> Processo seletivo para Psic\u00f3logo (1 vaga, R$ 4.954,26), sele\u00e7\u00e3o para Auxiliar em Sa\u00fade Bucal e Nutricionista, e cadastro reserva na educa\u00e7\u00e3o (janeiro-mar\u00e7o)<\/li>\n<li><strong>2025:<\/strong> Diversos processos seletivos ao longo do ano, incluindo 44 vagas para diversos cargos em novembro, 24 vagas em dezembro, e m\u00faltiplas sele\u00e7\u00f5es nas \u00e1reas de educa\u00e7\u00e3o e sa\u00fade<\/li>\n<li><strong>2024:<\/strong> Processos seletivos para cargos da educa\u00e7\u00e3o e transporte escolar, com destaque para sele\u00e7\u00f5es de monitores e motoristas<\/li>\n<li><strong>2023:<\/strong> Processo seletivo com 40 vagas para diversos cargos em julho, al\u00e9m de sele\u00e7\u00f5es espec\u00edficas para \u00e1rea da sa\u00fade e educa\u00e7\u00e3o<\/li>\n<li><strong>2022:<\/strong> M\u00faltiplos processos seletivos, incluindo reabertura de inscri\u00e7\u00f5es para diversos cargos<\/li>\n<li><strong>2019:<\/strong> Processo seletivo com 40 vagas para professores<\/li>\n<li><strong>2014:<\/strong> \u00daltimo concurso p\u00fablico efetivo, com 53 vagas para todos os n\u00edveis de escolaridade<\/li>\n<\/ul>\n\n\n\n<h2 class=\"wp-block-heading has-text-align-center\" id=\"mapa-regiao\">Veja Concursos Abertos na mesma regi\u00e3o<\/h2>\n\n\n\n<iframe src=\"https:\/\/www.estrategiaconcursos.com.br\/blog\/mapa-concursos\/embed?situacoes=Inscri%C3%A7%C3%B5es%20abertas&amp;estado=MS\" width=\"100%\" height=\"400\" style=\"border: none; display: block;\" title=\"Mapa de Concursos P\u00fablicos em Mato Grosso do Sul\" loading=\"lazy\"><\/iframe>\n\n\n\n<h2 class=\"wp-block-heading has-text-align-center\">Quer saber tudo sobre concursos previstos?<br \/>Confira nossos artigos!<\/h2>\n\n\n\n<ul class=\"wp-block-list\">\n<li><a href=\"https:\/\/www.estrategiaconcursos.com.br\/blog\/concursos-abertos\/\" target=\"_blank\" rel=\"noreferrer noopener\">Concursos Abertos<\/a><\/li>\n<li><a href=\"https:\/\/www.estrategiaconcursos.com.br\/blog\/concursos-2026\/\" target=\"_blank\" rel=\"noreferrer noopener\">Concursos 2026<\/a><\/li>\n<li><a href=\"https:\/\/www.estrategiaconcursos.com.br\/blog\/concursos-ms\/\" target=\"_blank\" rel=\"noreferrer noopener\">Concursos Mato Grosso do Sul<\/a><\/li>\n<\/ul>\n\n\n\n<div class=\"estrategia\" id=\"box-assinatura\">\n  <h3 class=\"titulo-assinatura\">Assinatura Concursos<\/h3>\n  <p class=\"subtitulo-assinatura\">Assinatura de 1 ano ou 2 anos<\/p>\n  <div class=\"box-botao\">\n    <a class=\"btn-assinatura\" target=\"_blank\" href=\"https:\/\/www.estrategiaconcursos.com.br\/assinaturas\/\" role=\"button\" rel=\"noopener noreferrer\">ASSINE AGORA<\/a>\n  <\/div>\n<\/div>\n\n\n\n<h3 class=\"wp-block-heading\" id=\"ficha\">Informa\u00e7\u00f5es do processo seletivo atual<\/h3>\n\n\n\n<ul class=\"wp-block-list\">\n<li><strong>\u00d3rg\u00e3o:<\/strong> Prefeitura Municipal de Caracol &#8211; Secretaria Municipal de Educa\u00e7\u00e3o, Cultura, Esporte e Lazer<\/li>\n<li><strong>Edital:<\/strong> n\u00ba 003\/2026\/SEMED<\/li>\n<li><strong>Data de publica\u00e7\u00e3o:<\/strong> 10\/03\/2026<\/li>\n<li><strong>Inscri\u00e7\u00f5es:<\/strong> 11\/03\/2026 a 13\/03\/2026<\/li>\n<li><strong>Hor\u00e1rio:<\/strong> das 7h30 \u00e0s 11h30 e das 13h30 \u00e0s 17h30<\/li>\n<li><strong>Taxa de inscri\u00e7\u00e3o:<\/strong> gratuita<\/li>\n<li><strong>Cargos:<\/strong> Professor de Ci\u00eancias da Natureza, Professor de Ingl\u00eas, Auxiliar de Ensino<\/li>\n<li><strong>Etapa:<\/strong> Avalia\u00e7\u00e3o Curricular de T\u00edtulos<\/li>\n<li><strong>Regime:<\/strong> contrata\u00e7\u00e3o tempor\u00e1ria<\/li>\n<li><strong>Validade:<\/strong> 1 ano, prorrog\u00e1vel por igual per\u00edodo<\/li>\n<\/ul>\n\n\n\n<h3 class=\"wp-block-heading\">Informa\u00e7\u00f5es do \u00faltimo concurso p\u00fablico efetivo<\/h3>\n\n\n\n<ul class=\"wp-block-list\">\n<li><strong>Ano:<\/strong> 2014<\/li>\n<li><strong>Vagas:<\/strong> 53<\/li>\n<li><strong>Sal\u00e1rio:<\/strong> at\u00e9 R$ 8.250,00<\/li>\n<li><strong>Escolaridade:<\/strong> n\u00edveis fundamental, m\u00e9dio e superior<\/li>\n<li><strong>Situa\u00e7\u00e3o:<\/strong> encerrado<\/li>\n<\/ul>\n\n\n\n<h3 class=\"wp-block-heading\">Fontes consultadas<\/h3>\n\n\n\n<ul class=\"wp-block-list\">\n<li><a href=\"https:\/\/caracol.ms.gov.br\" target=\"_blank\" rel=\"noopener\">Site oficial da Prefeitura de Caracol<\/a><\/li>\n<li><a href=\"https:\/\/transparencia.caracol.ms.gov.br\" target=\"_blank\" rel=\"noopener\">Portal da Transpar\u00eancia de Caracol<\/a><\/li>\n<\/ul>\n\n\n\n<div class=\"container\" id=\"boxes\">\n  <div class=\"row\">\n    <div class=\"col-sm\">\n      <div class=\"banner-prefeituras-ec\" id=\"box-assinatura\">\n        <h2 class=\"titulo-assinatura\" style=\"text-align: left;\">Concursos Prefeituras<\/h2>\n        <p class=\"subtitulo-assinatura\" style=\"text-align: left;\">Prepara\u00e7\u00e3o completa para a carreira!<\/p>\n        <div class=\"box-botao\" style=\"text-align: left;\">\n          <a class=\"btn-assinatura\" target=\"_blank\" href=\"https:\/\/www.estrategiaconcursos.com.br\/pesquisa\/?q=prefeitura+caracol\" role=\"button\" rel=\"noopener noreferrer\">EXPLORAR CURSOS<\/a>\n        <\/div>\n      <\/div>\n    <\/div>\n  <\/div>\n<\/div>\n","protected":false},"excerpt":{"rendered":"<p>A Prefeitura de Caracol (MS) est\u00e1 com processo seletivo aberto para profissionais da educa\u00e7\u00e3o, com inscri\u00e7\u00f5es at\u00e9 13\/03\/2026. S\u00e3o ofertados cargos de Professor e Auxiliar de Ensino para contrata\u00e7\u00e3o tempor\u00e1ria. Caracol \u00e9 um munic\u00edpio localizado na regi\u00e3o sudoeste do Mato Grosso do Sul, pr\u00f3ximo \u00e0 fronteira com o Paraguai. A Prefeitura mant\u00e9m uma din\u00e2mica intensa [&hellip;]<\/p>\n","protected":false},"author":344,"featured_media":1540739,"comment_status":"open","ping_status":"closed","sticky":false,"template":"","format":"standard","meta":{"post_tipo":"news_page","footnotes":""},"categories":[222278],"tags":[],"tax_estado":[219975],"class_list":["post-1731936","post","type-post","status-publish","format-standard","has-post-thumbnail","hentry","category-prefeituras","tax_estado-ms"],"acf":[],"yoast_head":"<!-- This site is optimized with the Yoast SEO Premium plugin v27.2 (Yoast SEO v27.2) - https:\/\/yoast.com\/product\/yoast-seo-premium-wordpress\/ -->\n<title>Concurso Caracol MS: processo seletivo educa\u00e7\u00e3o aberto<\/title>\n<meta name=\"description\" content=\"Prefeitura de Caracol MS com processo seletivo aberto para professores e auxiliar de ensino. Inscri\u00e7\u00f5es at\u00e9 13\/03\/2026. Confira!\" \/>\n<meta name=\"robots\" content=\"index, follow, max-snippet:-1, max-image-preview:large, max-video-preview:-1\" \/>\n<link rel=\"canonical\" href=\"https:\/\/www.estrategiaconcursos.com.br\/blog\/concurso-prefeitura-caracol\/\" \/>\n<meta property=\"og:locale\" content=\"pt_BR\" \/>\n<meta property=\"og:type\" content=\"article\" \/>\n<meta property=\"og:title\" content=\"Concurso Caracol MS: processo seletivo educa\u00e7\u00e3o aberto\" \/>\n<meta property=\"og:description\" content=\"Prefeitura de Caracol MS com processo seletivo aberto para professores e auxiliar de ensino. Inscri\u00e7\u00f5es at\u00e9 13\/03\/2026. Confira!\" \/>\n<meta property=\"og:url\" content=\"https:\/\/www.estrategiaconcursos.com.br\/blog\/concurso-prefeitura-caracol\/\" \/>\n<meta property=\"og:site_name\" content=\"Estrat\u00e9gia Concursos\" \/>\n<meta property=\"article:author\" content=\"https:\/\/www.facebook.com\/coachluiseduardo\/\" \/>\n<meta property=\"article:published_time\" content=\"2026-03-12T13:13:06+00:00\" \/>\n<meta property=\"article:modified_time\" content=\"2026-03-12T14:31:08+00:00\" \/>\n<meta property=\"og:image\" content=\"https:\/\/dhg1h5j42swfq.cloudfront.net\/2025\/03\/05201612\/concursos-prefeituras-1024x536-1.jpg\" \/>\n\t<meta property=\"og:image:width\" content=\"1024\" \/>\n\t<meta property=\"og:image:height\" content=\"536\" \/>\n\t<meta property=\"og:image:type\" content=\"image\/jpeg\" \/>\n<meta name=\"author\" content=\"Luis Eduardo\" \/>\n<meta name=\"twitter:card\" content=\"summary_large_image\" \/>\n<meta name=\"twitter:creator\" content=\"@EstratConcursos\" \/>\n<meta name=\"twitter:site\" content=\"@EstratConcursos\" \/>\n<meta name=\"twitter:label1\" content=\"Escrito por\" \/>\n\t<meta name=\"twitter:data1\" content=\"Luis Eduardo\" \/>\n\t<meta name=\"twitter:label2\" content=\"Est. tempo de leitura\" \/>\n\t<meta name=\"twitter:data2\" content=\"4 minutos\" \/>\n<script type=\"application\/ld+json\" class=\"yoast-schema-graph\">{\"@context\":\"https:\/\/schema.org\",\"@graph\":[{\"@type\":\"NewsArticle\",\"@id\":\"https:\/\/www.estrategiaconcursos.com.br\/blog\/concurso-prefeitura-caracol\/#article\",\"isPartOf\":{\"@id\":\"https:\/\/www.estrategiaconcursos.com.br\/blog\/concurso-prefeitura-caracol\/\"},\"author\":{\"name\":\"Luis Eduardo\",\"@id\":\"https:\/\/www.estrategiaconcursos.com.br\/blog\/#\/schema\/person\/0906ff564105056f3b05978d503ee214\"},\"headline\":\"Concurso Caracol MS: processo seletivo educa\u00e7\u00e3o aberto\",\"datePublished\":\"2026-03-12T13:13:06+00:00\",\"dateModified\":\"2026-03-12T14:31:08+00:00\",\"mainEntityOfPage\":{\"@id\":\"https:\/\/www.estrategiaconcursos.com.br\/blog\/concurso-prefeitura-caracol\/\"},\"wordCount\":821,\"commentCount\":0,\"publisher\":{\"@id\":\"https:\/\/www.estrategiaconcursos.com.br\/blog\/#organization\"},\"image\":{\"@id\":\"https:\/\/www.estrategiaconcursos.com.br\/blog\/concurso-prefeitura-caracol\/#primaryimage\"},\"thumbnailUrl\":\"https:\/\/dhg1h5j42swfq.cloudfront.net\/2025\/03\/05201612\/concursos-prefeituras-1024x536-1.jpg\",\"articleSection\":[\"Prefeituras\"],\"inLanguage\":\"pt-BR\",\"potentialAction\":[{\"@type\":\"CommentAction\",\"name\":\"Comment\",\"target\":[\"https:\/\/www.estrategiaconcursos.com.br\/blog\/concurso-prefeitura-caracol\/#respond\"]}],\"copyrightYear\":\"2026\",\"copyrightHolder\":{\"@id\":\"https:\/\/www.estrategiaconcursos.com.br\/blog\/#organization\"}},{\"@type\":\"WebPage\",\"@id\":\"https:\/\/www.estrategiaconcursos.com.br\/blog\/concurso-prefeitura-caracol\/\",\"url\":\"https:\/\/www.estrategiaconcursos.com.br\/blog\/concurso-prefeitura-caracol\/\",\"name\":\"Concurso Caracol MS: processo seletivo educa\u00e7\u00e3o aberto\",\"isPartOf\":{\"@id\":\"https:\/\/www.estrategiaconcursos.com.br\/blog\/#website\"},\"primaryImageOfPage\":{\"@id\":\"https:\/\/www.estrategiaconcursos.com.br\/blog\/concurso-prefeitura-caracol\/#primaryimage\"},\"image\":{\"@id\":\"https:\/\/www.estrategiaconcursos.com.br\/blog\/concurso-prefeitura-caracol\/#primaryimage\"},\"thumbnailUrl\":\"https:\/\/dhg1h5j42swfq.cloudfront.net\/2025\/03\/05201612\/concursos-prefeituras-1024x536-1.jpg\",\"datePublished\":\"2026-03-12T13:13:06+00:00\",\"dateModified\":\"2026-03-12T14:31:08+00:00\",\"description\":\"Prefeitura de Caracol MS com processo seletivo aberto para professores e auxiliar de ensino. Inscri\u00e7\u00f5es at\u00e9 13\/03\/2026. Confira!\",\"breadcrumb\":{\"@id\":\"https:\/\/www.estrategiaconcursos.com.br\/blog\/concurso-prefeitura-caracol\/#breadcrumb\"},\"inLanguage\":\"pt-BR\",\"potentialAction\":[{\"@type\":\"ReadAction\",\"target\":[\"https:\/\/www.estrategiaconcursos.com.br\/blog\/concurso-prefeitura-caracol\/\"]}]},{\"@type\":\"ImageObject\",\"inLanguage\":\"pt-BR\",\"@id\":\"https:\/\/www.estrategiaconcursos.com.br\/blog\/concurso-prefeitura-caracol\/#primaryimage\",\"url\":\"https:\/\/dhg1h5j42swfq.cloudfront.net\/2025\/03\/05201612\/concursos-prefeituras-1024x536-1.jpg\",\"contentUrl\":\"https:\/\/dhg1h5j42swfq.cloudfront.net\/2025\/03\/05201612\/concursos-prefeituras-1024x536-1.jpg\",\"width\":1024,\"height\":536,\"caption\":\"Concurso Lagoa da Prata MG\"},{\"@type\":\"BreadcrumbList\",\"@id\":\"https:\/\/www.estrategiaconcursos.com.br\/blog\/concurso-prefeitura-caracol\/#breadcrumb\",\"itemListElement\":[{\"@type\":\"ListItem\",\"position\":1,\"name\":\"In\u00edcio\",\"item\":\"https:\/\/www.estrategiaconcursos.com.br\/blog\/\"},{\"@type\":\"ListItem\",\"position\":2,\"name\":\"Concurso Caracol MS: processo seletivo educa\u00e7\u00e3o aberto\"}]},{\"@type\":\"WebSite\",\"@id\":\"https:\/\/www.estrategiaconcursos.com.br\/blog\/#website\",\"url\":\"https:\/\/www.estrategiaconcursos.com.br\/blog\/\",\"name\":\"Estrat\u00e9gia Concursos\",\"description\":\"O blog da Estrat\u00e9gia Concursos traz not\u00edcias sobre concursos e artigos de professores oferecendo cursos para concursos (pdf + videaulas) no site.\",\"publisher\":{\"@id\":\"https:\/\/www.estrategiaconcursos.com.br\/blog\/#organization\"},\"potentialAction\":[{\"@type\":\"SearchAction\",\"target\":{\"@type\":\"EntryPoint\",\"urlTemplate\":\"https:\/\/www.estrategiaconcursos.com.br\/blog\/?s={search_term_string}\"},\"query-input\":{\"@type\":\"PropertyValueSpecification\",\"valueRequired\":true,\"valueName\":\"search_term_string\"}}],\"inLanguage\":\"pt-BR\"},{\"@type\":\"Organization\",\"@id\":\"https:\/\/www.estrategiaconcursos.com.br\/blog\/#organization\",\"name\":\"Estrat\u00e9gia Concursos\",\"url\":\"https:\/\/www.estrategiaconcursos.com.br\/blog\/\",\"logo\":{\"@type\":\"ImageObject\",\"inLanguage\":\"pt-BR\",\"@id\":\"https:\/\/www.estrategiaconcursos.com.br\/blog\/#\/schema\/logo\/image\/\",\"url\":\"https:\/\/dhg1h5j42swfq.cloudfront.net\/2025\/06\/03203428\/logo_concursos-1.jpg\",\"contentUrl\":\"https:\/\/dhg1h5j42swfq.cloudfront.net\/2025\/06\/03203428\/logo_concursos-1.jpg\",\"width\":230,\"height\":60,\"caption\":\"Estrat\u00e9gia Concursos\"},\"image\":{\"@id\":\"https:\/\/www.estrategiaconcursos.com.br\/blog\/#\/schema\/logo\/image\/\"},\"sameAs\":[\"https:\/\/x.com\/EstratConcursos\"]},{\"@type\":\"Person\",\"@id\":\"https:\/\/www.estrategiaconcursos.com.br\/blog\/#\/schema\/person\/0906ff564105056f3b05978d503ee214\",\"name\":\"Luis Eduardo\",\"image\":{\"@type\":\"ImageObject\",\"inLanguage\":\"pt-BR\",\"@id\":\"https:\/\/secure.gravatar.com\/avatar\/3ce09d3c01f86018c4f3b15b9e6389f2ac325bc19863fdb79cd37fefb38517d1?s=96&d=mm&r=g\",\"url\":\"https:\/\/secure.gravatar.com\/avatar\/3ce09d3c01f86018c4f3b15b9e6389f2ac325bc19863fdb79cd37fefb38517d1?s=96&d=mm&r=g\",\"contentUrl\":\"https:\/\/secure.gravatar.com\/avatar\/3ce09d3c01f86018c4f3b15b9e6389f2ac325bc19863fdb79cd37fefb38517d1?s=96&d=mm&r=g\",\"caption\":\"Luis Eduardo\"},\"sameAs\":[\"https:\/\/www.facebook.com\/coachluiseduardo\/\"],\"url\":\"https:\/\/www.estrategiaconcursos.com.br\/blog\/author\/luiseduardoestrategiaconcursos-com-br\/\"}]}<\/script>\n<!-- \/ Yoast SEO Premium plugin. -->","yoast_head_json":{"title":"Concurso Caracol MS: processo seletivo educa\u00e7\u00e3o aberto","description":"Prefeitura de Caracol MS com processo seletivo aberto para professores e auxiliar de ensino. Inscri\u00e7\u00f5es at\u00e9 13\/03\/2026. Confira!","robots":{"index":"index","follow":"follow","max-snippet":"max-snippet:-1","max-image-preview":"max-image-preview:large","max-video-preview":"max-video-preview:-1"},"canonical":"https:\/\/www.estrategiaconcursos.com.br\/blog\/concurso-prefeitura-caracol\/","og_locale":"pt_BR","og_type":"article","og_title":"Concurso Caracol MS: processo seletivo educa\u00e7\u00e3o aberto","og_description":"Prefeitura de Caracol MS com processo seletivo aberto para professores e auxiliar de ensino. Inscri\u00e7\u00f5es at\u00e9 13\/03\/2026. Confira!","og_url":"https:\/\/www.estrategiaconcursos.com.br\/blog\/concurso-prefeitura-caracol\/","og_site_name":"Estrat\u00e9gia Concursos","article_author":"https:\/\/www.facebook.com\/coachluiseduardo\/","article_published_time":"2026-03-12T13:13:06+00:00","article_modified_time":"2026-03-12T14:31:08+00:00","og_image":[{"width":1024,"height":536,"url":"https:\/\/dhg1h5j42swfq.cloudfront.net\/2025\/03\/05201612\/concursos-prefeituras-1024x536-1.jpg","type":"image\/jpeg"}],"author":"Luis Eduardo","twitter_card":"summary_large_image","twitter_creator":"@EstratConcursos","twitter_site":"@EstratConcursos","twitter_misc":{"Escrito por":"Luis Eduardo","Est. tempo de leitura":"4 minutos"},"schema":{"@context":"https:\/\/schema.org","@graph":[{"@type":"NewsArticle","@id":"https:\/\/www.estrategiaconcursos.com.br\/blog\/concurso-prefeitura-caracol\/#article","isPartOf":{"@id":"https:\/\/www.estrategiaconcursos.com.br\/blog\/concurso-prefeitura-caracol\/"},"author":{"name":"Luis Eduardo","@id":"https:\/\/www.estrategiaconcursos.com.br\/blog\/#\/schema\/person\/0906ff564105056f3b05978d503ee214"},"headline":"Concurso Caracol MS: processo seletivo educa\u00e7\u00e3o aberto","datePublished":"2026-03-12T13:13:06+00:00","dateModified":"2026-03-12T14:31:08+00:00","mainEntityOfPage":{"@id":"https:\/\/www.estrategiaconcursos.com.br\/blog\/concurso-prefeitura-caracol\/"},"wordCount":821,"commentCount":0,"publisher":{"@id":"https:\/\/www.estrategiaconcursos.com.br\/blog\/#organization"},"image":{"@id":"https:\/\/www.estrategiaconcursos.com.br\/blog\/concurso-prefeitura-caracol\/#primaryimage"},"thumbnailUrl":"https:\/\/dhg1h5j42swfq.cloudfront.net\/2025\/03\/05201612\/concursos-prefeituras-1024x536-1.jpg","articleSection":["Prefeituras"],"inLanguage":"pt-BR","potentialAction":[{"@type":"CommentAction","name":"Comment","target":["https:\/\/www.estrategiaconcursos.com.br\/blog\/concurso-prefeitura-caracol\/#respond"]}],"copyrightYear":"2026","copyrightHolder":{"@id":"https:\/\/www.estrategiaconcursos.com.br\/blog\/#organization"}},{"@type":"WebPage","@id":"https:\/\/www.estrategiaconcursos.com.br\/blog\/concurso-prefeitura-caracol\/","url":"https:\/\/www.estrategiaconcursos.com.br\/blog\/concurso-prefeitura-caracol\/","name":"Concurso Caracol MS: processo seletivo educa\u00e7\u00e3o aberto","isPartOf":{"@id":"https:\/\/www.estrategiaconcursos.com.br\/blog\/#website"},"primaryImageOfPage":{"@id":"https:\/\/www.estrategiaconcursos.com.br\/blog\/concurso-prefeitura-caracol\/#primaryimage"},"image":{"@id":"https:\/\/www.estrategiaconcursos.com.br\/blog\/concurso-prefeitura-caracol\/#primaryimage"},"thumbnailUrl":"https:\/\/dhg1h5j42swfq.cloudfront.net\/2025\/03\/05201612\/concursos-prefeituras-1024x536-1.jpg","datePublished":"2026-03-12T13:13:06+00:00","dateModified":"2026-03-12T14:31:08+00:00","description":"Prefeitura de Caracol MS com processo seletivo aberto para professores e auxiliar de ensino. Inscri\u00e7\u00f5es at\u00e9 13\/03\/2026. Confira!","breadcrumb":{"@id":"https:\/\/www.estrategiaconcursos.com.br\/blog\/concurso-prefeitura-caracol\/#breadcrumb"},"inLanguage":"pt-BR","potentialAction":[{"@type":"ReadAction","target":["https:\/\/www.estrategiaconcursos.com.br\/blog\/concurso-prefeitura-caracol\/"]}]},{"@type":"ImageObject","inLanguage":"pt-BR","@id":"https:\/\/www.estrategiaconcursos.com.br\/blog\/concurso-prefeitura-caracol\/#primaryimage","url":"https:\/\/dhg1h5j42swfq.cloudfront.net\/2025\/03\/05201612\/concursos-prefeituras-1024x536-1.jpg","contentUrl":"https:\/\/dhg1h5j42swfq.cloudfront.net\/2025\/03\/05201612\/concursos-prefeituras-1024x536-1.jpg","width":1024,"height":536,"caption":"Concurso Lagoa da Prata MG"},{"@type":"BreadcrumbList","@id":"https:\/\/www.estrategiaconcursos.com.br\/blog\/concurso-prefeitura-caracol\/#breadcrumb","itemListElement":[{"@type":"ListItem","position":1,"name":"In\u00edcio","item":"https:\/\/www.estrategiaconcursos.com.br\/blog\/"},{"@type":"ListItem","position":2,"name":"Concurso Caracol MS: processo seletivo educa\u00e7\u00e3o aberto"}]},{"@type":"WebSite","@id":"https:\/\/www.estrategiaconcursos.com.br\/blog\/#website","url":"https:\/\/www.estrategiaconcursos.com.br\/blog\/","name":"Estrat\u00e9gia Concursos","description":"O blog da Estrat\u00e9gia Concursos traz not\u00edcias sobre concursos e artigos de professores oferecendo cursos para concursos (pdf + videaulas) no site.","publisher":{"@id":"https:\/\/www.estrategiaconcursos.com.br\/blog\/#organization"},"potentialAction":[{"@type":"SearchAction","target":{"@type":"EntryPoint","urlTemplate":"https:\/\/www.estrategiaconcursos.com.br\/blog\/?s={search_term_string}"},"query-input":{"@type":"PropertyValueSpecification","valueRequired":true,"valueName":"search_term_string"}}],"inLanguage":"pt-BR"},{"@type":"Organization","@id":"https:\/\/www.estrategiaconcursos.com.br\/blog\/#organization","name":"Estrat\u00e9gia Concursos","url":"https:\/\/www.estrategiaconcursos.com.br\/blog\/","logo":{"@type":"ImageObject","inLanguage":"pt-BR","@id":"https:\/\/www.estrategiaconcursos.com.br\/blog\/#\/schema\/logo\/image\/","url":"https:\/\/dhg1h5j42swfq.cloudfront.net\/2025\/06\/03203428\/logo_concursos-1.jpg","contentUrl":"https:\/\/dhg1h5j42swfq.cloudfront.net\/2025\/06\/03203428\/logo_concursos-1.jpg","width":230,"height":60,"caption":"Estrat\u00e9gia Concursos"},"image":{"@id":"https:\/\/www.estrategiaconcursos.com.br\/blog\/#\/schema\/logo\/image\/"},"sameAs":["https:\/\/x.com\/EstratConcursos"]},{"@type":"Person","@id":"https:\/\/www.estrategiaconcursos.com.br\/blog\/#\/schema\/person\/0906ff564105056f3b05978d503ee214","name":"Luis Eduardo","image":{"@type":"ImageObject","inLanguage":"pt-BR","@id":"https:\/\/secure.gravatar.com\/avatar\/3ce09d3c01f86018c4f3b15b9e6389f2ac325bc19863fdb79cd37fefb38517d1?s=96&d=mm&r=g","url":"https:\/\/secure.gravatar.com\/avatar\/3ce09d3c01f86018c4f3b15b9e6389f2ac325bc19863fdb79cd37fefb38517d1?s=96&d=mm&r=g","contentUrl":"https:\/\/secure.gravatar.com\/avatar\/3ce09d3c01f86018c4f3b15b9e6389f2ac325bc19863fdb79cd37fefb38517d1?s=96&d=mm&r=g","caption":"Luis Eduardo"},"sameAs":["https:\/\/www.facebook.com\/coachluiseduardo\/"],"url":"https:\/\/www.estrategiaconcursos.com.br\/blog\/author\/luiseduardoestrategiaconcursos-com-br\/"}]}},"_links":{"self":[{"href":"https:\/\/www.estrategiaconcursos.com.br\/blog\/wp-json\/wp\/v2\/posts\/1731936","targetHints":{"allow":["GET"]}}],"collection":[{"href":"https:\/\/www.estrategiaconcursos.com.br\/blog\/wp-json\/wp\/v2\/posts"}],"about":[{"href":"https:\/\/www.estrategiaconcursos.com.br\/blog\/wp-json\/wp\/v2\/types\/post"}],"author":[{"embeddable":true,"href":"https:\/\/www.estrategiaconcursos.com.br\/blog\/wp-json\/wp\/v2\/users\/344"}],"replies":[{"embeddable":true,"href":"https:\/\/www.estrategiaconcursos.com.br\/blog\/wp-json\/wp\/v2\/comments?post=1731936"}],"version-history":[{"count":4,"href":"https:\/\/www.estrategiaconcursos.com.br\/blog\/wp-json\/wp\/v2\/posts\/1731936\/revisions"}],"predecessor-version":[{"id":1731976,"href":"https:\/\/www.estrategiaconcursos.com.br\/blog\/wp-json\/wp\/v2\/posts\/1731936\/revisions\/1731976"}],"wp:featuredmedia":[{"embeddable":true,"href":"https:\/\/www.estrategiaconcursos.com.br\/blog\/wp-json\/wp\/v2\/media\/1540739"}],"wp:attachment":[{"href":"https:\/\/www.estrategiaconcursos.com.br\/blog\/wp-json\/wp\/v2\/media?parent=1731936"}],"wp:term":[{"taxonomy":"category","embeddable":true,"href":"https:\/\/www.estrategiaconcursos.com.br\/blog\/wp-json\/wp\/v2\/categories?post=1731936"},{"taxonomy":"post_tag","embeddable":true,"href":"https:\/\/www.estrategiaconcursos.com.br\/blog\/wp-json\/wp\/v2\/tags?post=1731936"},{"taxonomy":"tax_estado","embeddable":true,"href":"https:\/\/www.estrategiaconcursos.com.br\/blog\/wp-json\/wp\/v2\/tax_estado?post=1731936"}],"curies":[{"name":"wp","href":"https:\/\/api.w.org\/{rel}","templated":true}]}}