{"id":1731753,"date":"2026-03-12T09:31:00","date_gmt":"2026-03-12T12:31:00","guid":{"rendered":"https:\/\/www.estrategiaconcursos.com.br\/blog\/?p=1731753"},"modified":"2026-03-12T09:31:02","modified_gmt":"2026-03-12T12:31:02","slug":"pss-ibama-e-incra-resultado-preliminar-discursiva","status":"publish","type":"post","link":"https:\/\/www.estrategiaconcursos.com.br\/blog\/pss-ibama-e-incra-resultado-preliminar-discursiva\/","title":{"rendered":"Pss Ibama e Incra: saiu o resultado preliminar da Discursiva!"},"content":{"rendered":"\n<p>Foram divulgados nesta quarta-feira (11), os resultados definitivos da prova objetiva e os preliminares da prova discursiva do processo seletivo tempor\u00e1rio <strong>do IBAMA\u00a0<\/strong>(<a href=\"https:\/\/www.estrategiaconcursos.com.br\/cursosPorConcurso\/ibama-analista-61\/\" target=\"_blank\" rel=\"noreferrer noopener\">Instituto Brasileiro do Meio Ambiente e dos Recursos Naturais Renov\u00e1veis<\/a>) e <strong>INCRA<\/strong>\u00a0(<a href=\"https:\/\/www.estrategiaconcursos.com.br\/cursosPorConcurso\/incra\/\" target=\"_blank\" rel=\"noreferrer noopener\">Instituto Nacional de Coloniza\u00e7\u00e3o e Reforma Agr\u00e1ria<\/a>).<\/p>\n\n\n\n<ul class=\"wp-block-list\">\n<li><strong><a href=\"https:\/\/dhg1h5j42swfq.cloudfront.net\/2026\/03\/12092434\/ob.pdf\" target=\"_blank\" rel=\"noreferrer noopener nofollow\">Resultado definitivo da prova objetiva<\/a><\/strong>;<\/li>\n\n\n\n<li><strong><a href=\"https:\/\/dhg1h5j42swfq.cloudfront.net\/2026\/03\/12092430\/dis.pdf\" target=\"_blank\" rel=\"noreferrer noopener nofollow\">Resultado preliminar da prova discursiva<\/a><\/strong>.<\/li>\n<\/ul>\n\n\n\n<p>Agora, <strong>recursos <\/strong>contra os resultados da prova discursiva ser\u00e3o aceitos entre os dias 12 e 13 de mar\u00e7o, diretamente no site da banca organizadora, o <a href=\"https:\/\/concursos.access.org.br\/informacoes\/166\/\" target=\"_blank\" rel=\"noreferrer noopener\">Instituto Access<\/a>.<\/p>\n\n\n\n<p class=\"has-background\" style=\"background-color:#d7dee6\">Est\u00e1 se preparando para um concurso p\u00fablico e quer\u00a0<strong>aumentar suas chances de aprova\u00e7\u00e3o nas provas discursivas<\/strong>? A fase de\u00a0<strong>recursos para discursivas<\/strong>\u00a0\u00e9 uma das etapas mais estrat\u00e9gicas, podendo ser o diferencial decisivo para conquistar sua vaga!<br \/><br \/>No\u00a0<strong>Estrat\u00e9gia Concursos<\/strong>, oferecemos um servi\u00e7o especializado em\u00a0<strong>recursos de provas discursivas<\/strong>, com uma equipe de especialistas focada em resultados comprovados.<br \/><br \/><a href=\"https:\/\/www.estrategiaconcursos.com.br\/cursosPorConcurso\/recursos-para-discursivas-e-cotas\/\" target=\"_blank\" rel=\"noreferrer noopener\"><strong>Saiba mais sobre como nosso servi\u00e7o pode ser a chave para o seu sucesso!<\/strong><\/a><\/p>\n\n\n\n<h2 class=\"wp-block-heading\" id=\"h-confira-as-proximas-datas-do-processo-seletivo-conjunto-ibama-e-incra\">Confira as pr\u00f3ximas datas do processo seletivo conjunto Ibama e Incra:<\/h2>\n\n\n\n<figure class=\"wp-block-table is-style-stripes\"><table><thead><tr><td class=\"has-text-align-center\" data-align=\"center\"><strong>Evento<\/strong><\/td><td class=\"has-text-align-center\" data-align=\"center\"><strong>Data(s)<\/strong><\/td><\/tr><\/thead><tbody><tr><td class=\"has-text-align-center\" data-align=\"center\"><strong>Prazo para interposi\u00e7\u00e3o de recurso contra o resultado preliminar das provas discursivas<\/strong><\/td><td class=\"has-text-align-center\" data-align=\"center\"><strong>12 e 13\/3\/2026<\/strong><\/td><\/tr><tr><td class=\"has-text-align-center\" data-align=\"center\">Resultado definitivo das provas discursivas<\/td><td class=\"has-text-align-center\" data-align=\"center\">23\/3\/2026<\/td><\/tr><tr><td class=\"has-text-align-center\" data-align=\"center\">Convoca\u00e7\u00e3o para a avalia\u00e7\u00e3o da caracteriza\u00e7\u00e3o da defici\u00eancia e confirma\u00e7\u00e3o complementar de pretos e pardos<\/td><td class=\"has-text-align-center\" data-align=\"center\">24\/3\/2026<\/td><\/tr><tr><td class=\"has-text-align-center\" data-align=\"center\">Realiza\u00e7\u00e3o da avalia\u00e7\u00e3o da caracteriza\u00e7\u00e3o da defici\u00eancia e confirma\u00e7\u00e3o complementar de pretos e pardos<\/td><td class=\"has-text-align-center\" data-align=\"center\">28 e 29\/3\/2026<\/td><\/tr><tr><td class=\"has-text-align-center\" data-align=\"center\">Resultado preliminar da caracteriza\u00e7\u00e3o da defici\u00eancia e confirma\u00e7\u00e3o complementar de pretos e pardos<\/td><td class=\"has-text-align-center\" data-align=\"center\">31\/3\/2026<\/td><\/tr><tr><td class=\"has-text-align-center\" data-align=\"center\">Prazo para interposi\u00e7\u00e3o de recursos acerca do resultado preliminar da caracteriza\u00e7\u00e3o da defici\u00eancia e confirma\u00e7\u00e3o complementar de pretos e pardos<\/td><td class=\"has-text-align-center\" data-align=\"center\">1 e 2\/4\/2026<\/td><\/tr><tr><td class=\"has-text-align-center\" data-align=\"center\">Resultado definitivo da caracteriza\u00e7\u00e3o da defici\u00eancia e confirma\u00e7\u00e3o complementar de pretos e pardos<\/td><td class=\"has-text-align-center\" data-align=\"center\">6\/4\/2026<\/td><\/tr><tr><td class=\"has-text-align-center\" data-align=\"center\"><strong>Resultado definitivo do processo seletivo simplificado<\/strong><\/td><td class=\"has-text-align-center\" data-align=\"center\"><strong>7\/4\/2026<\/strong><\/td><\/tr><\/tbody><\/table><figcaption class=\"wp-element-caption\">Confira as pr\u00f3ximas datas do processo seletivo conjunto Ibama e Incra:<\/figcaption><\/figure>\n\n\n\n<hr class=\"wp-block-separator has-alpha-channel-opacity is-style-dots\"\/>\n\n\n\n<p class=\"has-text-align-center\"><em>Para ficar por dentro de todas as informa\u00e7\u00f5es sobre o concurso para tempor\u00e1rios do IBAMA e INCRA, al\u00e9m do resultado da prova discursiva, n\u00e3o deixe de conferir nossos artigos completos sobre as sele\u00e7\u00f5es:<\/em><\/p>\n\n\n\n<p class=\"has-text-align-center has-background has-medium-font-size\" style=\"background-color:#d7dfe7\"><strong>Mais informa\u00e7\u00f5es: <a href=\"https:\/\/www.estrategiaconcursos.com.br\/blog\/concurso-ibama\/\">Concurso IBAMA<\/a> | <a href=\"https:\/\/www.estrategiaconcursos.com.br\/blog\/concurso-incra\/\" target=\"_blank\" rel=\"noreferrer noopener\">Concurso INCRA<\/a><\/strong><\/p>\n\n\n\n<hr class=\"wp-block-separator has-alpha-channel-opacity\"\/>\n\n\n\n<h2 class=\"wp-block-heading has-text-align-center\" id=\"cursos\"><em>Quer estudar para os pr\u00f3ximos concursos?<\/em><\/h2>\n\n\n\n<div class=\"container\" id=\"boxes\">\n  <div class=\"row\">\n\n    <div class=\"col-sm\">\n      <div class=\"estrategia\" id=\"box-assinatura\">\n        <h3 class=\"titulo-assinatura\">Assinatura Concursos<\/h3>\n        <p class=\"subtitulo-assinatura\">Assinatura de 1 ano ou 2 anos<\/p>\n        <div class=\"box-botao\">\n          <a class=\"btn-assinatura\" target=\"_blank\" href=\"https:\/\/www.estrategiaconcursos.com.br\/assinaturas\/\" role=\"button\" rel=\"noopener noreferrer\">ASSINE AGORA<\/a>\n        <\/div>\n      <\/div><\/div><\/div><\/div>\n\n\n\n<h2 class=\"wp-block-heading has-text-align-center\" id=\"h-quer-saber-tudo-sobre-concursos-previstos-confira-nossos-artigos\">Quer saber tudo sobre concursos previstos?<br \/>Confira  nossos artigos!<\/h2>\n\n\n\n<ul class=\"wp-block-list\">\n<li><a href=\"https:\/\/www.estrategiaconcursos.com.br\/blog\/concursos-abertos\/\" target=\"_blank\" rel=\"noreferrer noopener\">Concursos Abertos<\/a><\/li>\n\n\n\n<li><a href=\"https:\/\/www.estrategiaconcursos.com.br\/blog\/concursos-ambientais\/\" target=\"_blank\" rel=\"noreferrer noopener\">Concursos Ambientais<\/a><\/li>\n\n\n\n<li><a href=\"https:\/\/www.estrategiaconcursos.com.br\/blog\/concursos-federais-2023\/\" target=\"_blank\" rel=\"noreferrer noopener\">Concursos Federais<\/a><\/li>\n\n\n\n<li><a href=\"https:\/\/www.estrategiaconcursos.com.br\/blog\/concursos-2026\/\" target=\"_blank\" rel=\"noreferrer noopener\">Concursos 2026<\/a><\/li>\n<\/ul>\n","protected":false},"excerpt":{"rendered":"<p>Foram divulgados nesta quarta-feira (11), os resultados definitivos da prova objetiva e os preliminares da prova discursiva do processo seletivo tempor\u00e1rio do IBAMA\u00a0(Instituto Brasileiro do Meio Ambiente e dos Recursos Naturais Renov\u00e1veis) e INCRA\u00a0(Instituto Nacional de Coloniza\u00e7\u00e3o e Reforma Agr\u00e1ria). Agora, recursos contra os resultados da prova discursiva ser\u00e3o aceitos entre os dias 12 e [&hellip;]<\/p>\n","protected":false},"author":659,"featured_media":1343283,"comment_status":"open","ping_status":"closed","sticky":false,"template":"","format":"standard","meta":{"post_tipo":"news","footnotes":""},"categories":[214992,220219],"tags":[],"tax_estado":[219963],"class_list":["post-1731753","post","type-post","status-publish","format-standard","has-post-thumbnail","hentry","category-concursos-administrativos","category-noticias","tax_estado-concursos-federais"],"acf":[],"yoast_head":"<!-- This site is optimized with the Yoast SEO Premium plugin v27.2 (Yoast SEO v27.2) - https:\/\/yoast.com\/product\/yoast-seo-premium-wordpress\/ -->\n<title>Pss Ibama e Incra: saiu o resultado preliminar da Discursiva!<\/title>\n<meta name=\"description\" content=\"Confira o resultado preliminar da prova discursiva do IBAMA e INCRA. Veja o prazo para interpor recursos no site da banca.\" \/>\n<meta name=\"robots\" content=\"index, follow, max-snippet:-1, max-image-preview:large, max-video-preview:-1\" \/>\n<link rel=\"canonical\" href=\"https:\/\/www.estrategiaconcursos.com.br\/blog\/pss-ibama-e-incra-resultado-preliminar-discursiva\/\" \/>\n<meta property=\"og:locale\" content=\"pt_BR\" \/>\n<meta property=\"og:type\" content=\"article\" \/>\n<meta property=\"og:title\" content=\"Pss Ibama e Incra: saiu o resultado preliminar da Discursiva!\" \/>\n<meta property=\"og:description\" content=\"Confira o resultado preliminar da prova discursiva do IBAMA e INCRA. Veja o prazo para interpor recursos no site da banca.\" \/>\n<meta property=\"og:url\" content=\"https:\/\/www.estrategiaconcursos.com.br\/blog\/pss-ibama-e-incra-resultado-preliminar-discursiva\/\" \/>\n<meta property=\"og:site_name\" content=\"Estrat\u00e9gia Concursos\" \/>\n<meta property=\"article:published_time\" content=\"2026-03-12T12:31:00+00:00\" \/>\n<meta property=\"article:modified_time\" content=\"2026-03-12T12:31:02+00:00\" \/>\n<meta property=\"og:image\" content=\"https:\/\/dhg1h5j42swfq.cloudfront.net\/2024\/01\/30122543\/fusao-ibama-e-icmbio.jpg\" \/>\n\t<meta property=\"og:image:width\" content=\"500\" \/>\n\t<meta property=\"og:image:height\" content=\"301\" \/>\n\t<meta property=\"og:image:type\" content=\"image\/jpeg\" \/>\n<meta name=\"author\" content=\"Camila Leite\" \/>\n<meta name=\"twitter:card\" content=\"summary_large_image\" \/>\n<meta name=\"twitter:creator\" content=\"@EstratConcursos\" \/>\n<meta name=\"twitter:site\" content=\"@EstratConcursos\" \/>\n<meta name=\"twitter:label1\" content=\"Escrito por\" \/>\n\t<meta name=\"twitter:data1\" content=\"Camila Leite\" \/>\n\t<meta name=\"twitter:label2\" content=\"Est. tempo de leitura\" \/>\n\t<meta name=\"twitter:data2\" content=\"2 minutos\" \/>\n<script type=\"application\/ld+json\" class=\"yoast-schema-graph\">{\"@context\":\"https:\/\/schema.org\",\"@graph\":[{\"@type\":\"NewsArticle\",\"@id\":\"https:\/\/www.estrategiaconcursos.com.br\/blog\/pss-ibama-e-incra-resultado-preliminar-discursiva\/#article\",\"isPartOf\":{\"@id\":\"https:\/\/www.estrategiaconcursos.com.br\/blog\/pss-ibama-e-incra-resultado-preliminar-discursiva\/\"},\"author\":{\"name\":\"Camila Leite\",\"@id\":\"https:\/\/www.estrategiaconcursos.com.br\/blog\/#\/schema\/person\/84ecdc6eb58d3cf1689bf76c5cd8fb38\"},\"headline\":\"Pss Ibama e Incra: saiu o resultado preliminar da Discursiva!\",\"datePublished\":\"2026-03-12T12:31:00+00:00\",\"dateModified\":\"2026-03-12T12:31:02+00:00\",\"mainEntityOfPage\":{\"@id\":\"https:\/\/www.estrategiaconcursos.com.br\/blog\/pss-ibama-e-incra-resultado-preliminar-discursiva\/\"},\"wordCount\":396,\"commentCount\":0,\"publisher\":{\"@id\":\"https:\/\/www.estrategiaconcursos.com.br\/blog\/#organization\"},\"image\":{\"@id\":\"https:\/\/www.estrategiaconcursos.com.br\/blog\/pss-ibama-e-incra-resultado-preliminar-discursiva\/#primaryimage\"},\"thumbnailUrl\":\"https:\/\/dhg1h5j42swfq.cloudfront.net\/2024\/01\/30122543\/fusao-ibama-e-icmbio.jpg\",\"articleSection\":[\"Executivo (Administrativa)\",\"\u00daltimas not\u00edcias\"],\"inLanguage\":\"pt-BR\",\"potentialAction\":[{\"@type\":\"CommentAction\",\"name\":\"Comment\",\"target\":[\"https:\/\/www.estrategiaconcursos.com.br\/blog\/pss-ibama-e-incra-resultado-preliminar-discursiva\/#respond\"]}],\"copyrightYear\":\"2026\",\"copyrightHolder\":{\"@id\":\"https:\/\/www.estrategiaconcursos.com.br\/blog\/#organization\"}},{\"@type\":\"WebPage\",\"@id\":\"https:\/\/www.estrategiaconcursos.com.br\/blog\/pss-ibama-e-incra-resultado-preliminar-discursiva\/\",\"url\":\"https:\/\/www.estrategiaconcursos.com.br\/blog\/pss-ibama-e-incra-resultado-preliminar-discursiva\/\",\"name\":\"Pss Ibama e Incra: saiu o resultado preliminar da Discursiva!\",\"isPartOf\":{\"@id\":\"https:\/\/www.estrategiaconcursos.com.br\/blog\/#website\"},\"primaryImageOfPage\":{\"@id\":\"https:\/\/www.estrategiaconcursos.com.br\/blog\/pss-ibama-e-incra-resultado-preliminar-discursiva\/#primaryimage\"},\"image\":{\"@id\":\"https:\/\/www.estrategiaconcursos.com.br\/blog\/pss-ibama-e-incra-resultado-preliminar-discursiva\/#primaryimage\"},\"thumbnailUrl\":\"https:\/\/dhg1h5j42swfq.cloudfront.net\/2024\/01\/30122543\/fusao-ibama-e-icmbio.jpg\",\"datePublished\":\"2026-03-12T12:31:00+00:00\",\"dateModified\":\"2026-03-12T12:31:02+00:00\",\"description\":\"Confira o resultado preliminar da prova discursiva do IBAMA e INCRA. Veja o prazo para interpor recursos no site da banca.\",\"breadcrumb\":{\"@id\":\"https:\/\/www.estrategiaconcursos.com.br\/blog\/pss-ibama-e-incra-resultado-preliminar-discursiva\/#breadcrumb\"},\"inLanguage\":\"pt-BR\",\"potentialAction\":[{\"@type\":\"ReadAction\",\"target\":[\"https:\/\/www.estrategiaconcursos.com.br\/blog\/pss-ibama-e-incra-resultado-preliminar-discursiva\/\"]}]},{\"@type\":\"ImageObject\",\"inLanguage\":\"pt-BR\",\"@id\":\"https:\/\/www.estrategiaconcursos.com.br\/blog\/pss-ibama-e-incra-resultado-preliminar-discursiva\/#primaryimage\",\"url\":\"https:\/\/dhg1h5j42swfq.cloudfront.net\/2024\/01\/30122543\/fusao-ibama-e-icmbio.jpg\",\"contentUrl\":\"https:\/\/dhg1h5j42swfq.cloudfront.net\/2024\/01\/30122543\/fusao-ibama-e-icmbio.jpg\",\"width\":500,\"height\":301,\"caption\":\"Ibama e Incra: saiu o resultado definitivo do processo seletivo\"},{\"@type\":\"BreadcrumbList\",\"@id\":\"https:\/\/www.estrategiaconcursos.com.br\/blog\/pss-ibama-e-incra-resultado-preliminar-discursiva\/#breadcrumb\",\"itemListElement\":[{\"@type\":\"ListItem\",\"position\":1,\"name\":\"In\u00edcio\",\"item\":\"https:\/\/www.estrategiaconcursos.com.br\/blog\/\"},{\"@type\":\"ListItem\",\"position\":2,\"name\":\"Pss Ibama e Incra: saiu o resultado preliminar da Discursiva!\"}]},{\"@type\":\"WebSite\",\"@id\":\"https:\/\/www.estrategiaconcursos.com.br\/blog\/#website\",\"url\":\"https:\/\/www.estrategiaconcursos.com.br\/blog\/\",\"name\":\"Estrat\u00e9gia Concursos\",\"description\":\"O blog da Estrat\u00e9gia Concursos traz not\u00edcias sobre concursos e artigos de professores oferecendo cursos para concursos (pdf + videaulas) no site.\",\"publisher\":{\"@id\":\"https:\/\/www.estrategiaconcursos.com.br\/blog\/#organization\"},\"potentialAction\":[{\"@type\":\"SearchAction\",\"target\":{\"@type\":\"EntryPoint\",\"urlTemplate\":\"https:\/\/www.estrategiaconcursos.com.br\/blog\/?s={search_term_string}\"},\"query-input\":{\"@type\":\"PropertyValueSpecification\",\"valueRequired\":true,\"valueName\":\"search_term_string\"}}],\"inLanguage\":\"pt-BR\"},{\"@type\":\"Organization\",\"@id\":\"https:\/\/www.estrategiaconcursos.com.br\/blog\/#organization\",\"name\":\"Estrat\u00e9gia Concursos\",\"url\":\"https:\/\/www.estrategiaconcursos.com.br\/blog\/\",\"logo\":{\"@type\":\"ImageObject\",\"inLanguage\":\"pt-BR\",\"@id\":\"https:\/\/www.estrategiaconcursos.com.br\/blog\/#\/schema\/logo\/image\/\",\"url\":\"https:\/\/dhg1h5j42swfq.cloudfront.net\/2025\/06\/03203428\/logo_concursos-1.jpg\",\"contentUrl\":\"https:\/\/dhg1h5j42swfq.cloudfront.net\/2025\/06\/03203428\/logo_concursos-1.jpg\",\"width\":230,\"height\":60,\"caption\":\"Estrat\u00e9gia Concursos\"},\"image\":{\"@id\":\"https:\/\/www.estrategiaconcursos.com.br\/blog\/#\/schema\/logo\/image\/\"},\"sameAs\":[\"https:\/\/x.com\/EstratConcursos\"]},{\"@type\":\"Person\",\"@id\":\"https:\/\/www.estrategiaconcursos.com.br\/blog\/#\/schema\/person\/84ecdc6eb58d3cf1689bf76c5cd8fb38\",\"name\":\"Camila Leite\",\"image\":{\"@type\":\"ImageObject\",\"inLanguage\":\"pt-BR\",\"@id\":\"https:\/\/secure.gravatar.com\/avatar\/f2f8faef639c8a2bfb7fb909912a56917f4c3a0aed064500168e2fb8ea55cf61?s=96&d=mm&r=g\",\"url\":\"https:\/\/secure.gravatar.com\/avatar\/f2f8faef639c8a2bfb7fb909912a56917f4c3a0aed064500168e2fb8ea55cf61?s=96&d=mm&r=g\",\"contentUrl\":\"https:\/\/secure.gravatar.com\/avatar\/f2f8faef639c8a2bfb7fb909912a56917f4c3a0aed064500168e2fb8ea55cf61?s=96&d=mm&r=g\",\"caption\":\"Camila Leite\"},\"description\":\"Formada em Design Gr\u00e1fico e em Propaganda e Marketing pela UNIP, integra a equipe de jornalismo do Estrat\u00e9gia Concursos desde 2018. Ao longo dos anos, construiu uma s\u00f3lida experi\u00eancia na produ\u00e7\u00e3o de conte\u00fado informativo e relevante para concurseiros. Desde 2020, atua na cobertura das \u00e1reas Fiscal \u2014 com \u00eanfase nas Secretarias de Fazenda (Sefaz) das regi\u00f5es Sul e Sudeste \u2014, al\u00e9m da cobertura de concursos federais, como CNU, Petrobras, CGU, Receita Federal, ag\u00eancias reguladoras (Anvisa, ANAC, entre outras) e INSS. Mant\u00e9m contato direto com os principais \u00f3rg\u00e3os p\u00fablicos, acompanhando editais, atualiza\u00e7\u00f5es e movimenta\u00e7\u00f5es importantes para os candidatos.\",\"sameAs\":[\"https:\/\/www.linkedin.com\/in\/camila-pinheiro-leite-9ba135b6\/\"],\"url\":\"https:\/\/www.estrategiaconcursos.com.br\/blog\/author\/camila-leiteestrategiaconcursos-com-br\/\"}]}<\/script>\n<!-- \/ Yoast SEO Premium plugin. -->","yoast_head_json":{"title":"Pss Ibama e Incra: saiu o resultado preliminar da Discursiva!","description":"Confira o resultado preliminar da prova discursiva do IBAMA e INCRA. Veja o prazo para interpor recursos no site da banca.","robots":{"index":"index","follow":"follow","max-snippet":"max-snippet:-1","max-image-preview":"max-image-preview:large","max-video-preview":"max-video-preview:-1"},"canonical":"https:\/\/www.estrategiaconcursos.com.br\/blog\/pss-ibama-e-incra-resultado-preliminar-discursiva\/","og_locale":"pt_BR","og_type":"article","og_title":"Pss Ibama e Incra: saiu o resultado preliminar da Discursiva!","og_description":"Confira o resultado preliminar da prova discursiva do IBAMA e INCRA. Veja o prazo para interpor recursos no site da banca.","og_url":"https:\/\/www.estrategiaconcursos.com.br\/blog\/pss-ibama-e-incra-resultado-preliminar-discursiva\/","og_site_name":"Estrat\u00e9gia Concursos","article_published_time":"2026-03-12T12:31:00+00:00","article_modified_time":"2026-03-12T12:31:02+00:00","og_image":[{"width":500,"height":301,"url":"https:\/\/dhg1h5j42swfq.cloudfront.net\/2024\/01\/30122543\/fusao-ibama-e-icmbio.jpg","type":"image\/jpeg"}],"author":"Camila Leite","twitter_card":"summary_large_image","twitter_creator":"@EstratConcursos","twitter_site":"@EstratConcursos","twitter_misc":{"Escrito por":"Camila Leite","Est. tempo de leitura":"2 minutos"},"schema":{"@context":"https:\/\/schema.org","@graph":[{"@type":"NewsArticle","@id":"https:\/\/www.estrategiaconcursos.com.br\/blog\/pss-ibama-e-incra-resultado-preliminar-discursiva\/#article","isPartOf":{"@id":"https:\/\/www.estrategiaconcursos.com.br\/blog\/pss-ibama-e-incra-resultado-preliminar-discursiva\/"},"author":{"name":"Camila Leite","@id":"https:\/\/www.estrategiaconcursos.com.br\/blog\/#\/schema\/person\/84ecdc6eb58d3cf1689bf76c5cd8fb38"},"headline":"Pss Ibama e Incra: saiu o resultado preliminar da Discursiva!","datePublished":"2026-03-12T12:31:00+00:00","dateModified":"2026-03-12T12:31:02+00:00","mainEntityOfPage":{"@id":"https:\/\/www.estrategiaconcursos.com.br\/blog\/pss-ibama-e-incra-resultado-preliminar-discursiva\/"},"wordCount":396,"commentCount":0,"publisher":{"@id":"https:\/\/www.estrategiaconcursos.com.br\/blog\/#organization"},"image":{"@id":"https:\/\/www.estrategiaconcursos.com.br\/blog\/pss-ibama-e-incra-resultado-preliminar-discursiva\/#primaryimage"},"thumbnailUrl":"https:\/\/dhg1h5j42swfq.cloudfront.net\/2024\/01\/30122543\/fusao-ibama-e-icmbio.jpg","articleSection":["Executivo (Administrativa)","\u00daltimas not\u00edcias"],"inLanguage":"pt-BR","potentialAction":[{"@type":"CommentAction","name":"Comment","target":["https:\/\/www.estrategiaconcursos.com.br\/blog\/pss-ibama-e-incra-resultado-preliminar-discursiva\/#respond"]}],"copyrightYear":"2026","copyrightHolder":{"@id":"https:\/\/www.estrategiaconcursos.com.br\/blog\/#organization"}},{"@type":"WebPage","@id":"https:\/\/www.estrategiaconcursos.com.br\/blog\/pss-ibama-e-incra-resultado-preliminar-discursiva\/","url":"https:\/\/www.estrategiaconcursos.com.br\/blog\/pss-ibama-e-incra-resultado-preliminar-discursiva\/","name":"Pss Ibama e Incra: saiu o resultado preliminar da Discursiva!","isPartOf":{"@id":"https:\/\/www.estrategiaconcursos.com.br\/blog\/#website"},"primaryImageOfPage":{"@id":"https:\/\/www.estrategiaconcursos.com.br\/blog\/pss-ibama-e-incra-resultado-preliminar-discursiva\/#primaryimage"},"image":{"@id":"https:\/\/www.estrategiaconcursos.com.br\/blog\/pss-ibama-e-incra-resultado-preliminar-discursiva\/#primaryimage"},"thumbnailUrl":"https:\/\/dhg1h5j42swfq.cloudfront.net\/2024\/01\/30122543\/fusao-ibama-e-icmbio.jpg","datePublished":"2026-03-12T12:31:00+00:00","dateModified":"2026-03-12T12:31:02+00:00","description":"Confira o resultado preliminar da prova discursiva do IBAMA e INCRA. Veja o prazo para interpor recursos no site da banca.","breadcrumb":{"@id":"https:\/\/www.estrategiaconcursos.com.br\/blog\/pss-ibama-e-incra-resultado-preliminar-discursiva\/#breadcrumb"},"inLanguage":"pt-BR","potentialAction":[{"@type":"ReadAction","target":["https:\/\/www.estrategiaconcursos.com.br\/blog\/pss-ibama-e-incra-resultado-preliminar-discursiva\/"]}]},{"@type":"ImageObject","inLanguage":"pt-BR","@id":"https:\/\/www.estrategiaconcursos.com.br\/blog\/pss-ibama-e-incra-resultado-preliminar-discursiva\/#primaryimage","url":"https:\/\/dhg1h5j42swfq.cloudfront.net\/2024\/01\/30122543\/fusao-ibama-e-icmbio.jpg","contentUrl":"https:\/\/dhg1h5j42swfq.cloudfront.net\/2024\/01\/30122543\/fusao-ibama-e-icmbio.jpg","width":500,"height":301,"caption":"Ibama e Incra: saiu o resultado definitivo do processo seletivo"},{"@type":"BreadcrumbList","@id":"https:\/\/www.estrategiaconcursos.com.br\/blog\/pss-ibama-e-incra-resultado-preliminar-discursiva\/#breadcrumb","itemListElement":[{"@type":"ListItem","position":1,"name":"In\u00edcio","item":"https:\/\/www.estrategiaconcursos.com.br\/blog\/"},{"@type":"ListItem","position":2,"name":"Pss Ibama e Incra: saiu o resultado preliminar da Discursiva!"}]},{"@type":"WebSite","@id":"https:\/\/www.estrategiaconcursos.com.br\/blog\/#website","url":"https:\/\/www.estrategiaconcursos.com.br\/blog\/","name":"Estrat\u00e9gia Concursos","description":"O blog da Estrat\u00e9gia Concursos traz not\u00edcias sobre concursos e artigos de professores oferecendo cursos para concursos (pdf + videaulas) no site.","publisher":{"@id":"https:\/\/www.estrategiaconcursos.com.br\/blog\/#organization"},"potentialAction":[{"@type":"SearchAction","target":{"@type":"EntryPoint","urlTemplate":"https:\/\/www.estrategiaconcursos.com.br\/blog\/?s={search_term_string}"},"query-input":{"@type":"PropertyValueSpecification","valueRequired":true,"valueName":"search_term_string"}}],"inLanguage":"pt-BR"},{"@type":"Organization","@id":"https:\/\/www.estrategiaconcursos.com.br\/blog\/#organization","name":"Estrat\u00e9gia Concursos","url":"https:\/\/www.estrategiaconcursos.com.br\/blog\/","logo":{"@type":"ImageObject","inLanguage":"pt-BR","@id":"https:\/\/www.estrategiaconcursos.com.br\/blog\/#\/schema\/logo\/image\/","url":"https:\/\/dhg1h5j42swfq.cloudfront.net\/2025\/06\/03203428\/logo_concursos-1.jpg","contentUrl":"https:\/\/dhg1h5j42swfq.cloudfront.net\/2025\/06\/03203428\/logo_concursos-1.jpg","width":230,"height":60,"caption":"Estrat\u00e9gia Concursos"},"image":{"@id":"https:\/\/www.estrategiaconcursos.com.br\/blog\/#\/schema\/logo\/image\/"},"sameAs":["https:\/\/x.com\/EstratConcursos"]},{"@type":"Person","@id":"https:\/\/www.estrategiaconcursos.com.br\/blog\/#\/schema\/person\/84ecdc6eb58d3cf1689bf76c5cd8fb38","name":"Camila Leite","image":{"@type":"ImageObject","inLanguage":"pt-BR","@id":"https:\/\/secure.gravatar.com\/avatar\/f2f8faef639c8a2bfb7fb909912a56917f4c3a0aed064500168e2fb8ea55cf61?s=96&d=mm&r=g","url":"https:\/\/secure.gravatar.com\/avatar\/f2f8faef639c8a2bfb7fb909912a56917f4c3a0aed064500168e2fb8ea55cf61?s=96&d=mm&r=g","contentUrl":"https:\/\/secure.gravatar.com\/avatar\/f2f8faef639c8a2bfb7fb909912a56917f4c3a0aed064500168e2fb8ea55cf61?s=96&d=mm&r=g","caption":"Camila Leite"},"description":"Formada em Design Gr\u00e1fico e em Propaganda e Marketing pela UNIP, integra a equipe de jornalismo do Estrat\u00e9gia Concursos desde 2018. Ao longo dos anos, construiu uma s\u00f3lida experi\u00eancia na produ\u00e7\u00e3o de conte\u00fado informativo e relevante para concurseiros. Desde 2020, atua na cobertura das \u00e1reas Fiscal \u2014 com \u00eanfase nas Secretarias de Fazenda (Sefaz) das regi\u00f5es Sul e Sudeste \u2014, al\u00e9m da cobertura de concursos federais, como CNU, Petrobras, CGU, Receita Federal, ag\u00eancias reguladoras (Anvisa, ANAC, entre outras) e INSS. Mant\u00e9m contato direto com os principais \u00f3rg\u00e3os p\u00fablicos, acompanhando editais, atualiza\u00e7\u00f5es e movimenta\u00e7\u00f5es importantes para os candidatos.","sameAs":["https:\/\/www.linkedin.com\/in\/camila-pinheiro-leite-9ba135b6\/"],"url":"https:\/\/www.estrategiaconcursos.com.br\/blog\/author\/camila-leiteestrategiaconcursos-com-br\/"}]}},"_links":{"self":[{"href":"https:\/\/www.estrategiaconcursos.com.br\/blog\/wp-json\/wp\/v2\/posts\/1731753","targetHints":{"allow":["GET"]}}],"collection":[{"href":"https:\/\/www.estrategiaconcursos.com.br\/blog\/wp-json\/wp\/v2\/posts"}],"about":[{"href":"https:\/\/www.estrategiaconcursos.com.br\/blog\/wp-json\/wp\/v2\/types\/post"}],"author":[{"embeddable":true,"href":"https:\/\/www.estrategiaconcursos.com.br\/blog\/wp-json\/wp\/v2\/users\/659"}],"replies":[{"embeddable":true,"href":"https:\/\/www.estrategiaconcursos.com.br\/blog\/wp-json\/wp\/v2\/comments?post=1731753"}],"version-history":[{"count":4,"href":"https:\/\/www.estrategiaconcursos.com.br\/blog\/wp-json\/wp\/v2\/posts\/1731753\/revisions"}],"predecessor-version":[{"id":1731792,"href":"https:\/\/www.estrategiaconcursos.com.br\/blog\/wp-json\/wp\/v2\/posts\/1731753\/revisions\/1731792"}],"wp:featuredmedia":[{"embeddable":true,"href":"https:\/\/www.estrategiaconcursos.com.br\/blog\/wp-json\/wp\/v2\/media\/1343283"}],"wp:attachment":[{"href":"https:\/\/www.estrategiaconcursos.com.br\/blog\/wp-json\/wp\/v2\/media?parent=1731753"}],"wp:term":[{"taxonomy":"category","embeddable":true,"href":"https:\/\/www.estrategiaconcursos.com.br\/blog\/wp-json\/wp\/v2\/categories?post=1731753"},{"taxonomy":"post_tag","embeddable":true,"href":"https:\/\/www.estrategiaconcursos.com.br\/blog\/wp-json\/wp\/v2\/tags?post=1731753"},{"taxonomy":"tax_estado","embeddable":true,"href":"https:\/\/www.estrategiaconcursos.com.br\/blog\/wp-json\/wp\/v2\/tax_estado?post=1731753"}],"curies":[{"name":"wp","href":"https:\/\/api.w.org\/{rel}","templated":true}]}}