{"id":1731564,"date":"2026-03-12T06:05:38","date_gmt":"2026-03-12T09:05:38","guid":{"rendered":"https:\/\/www.estrategiaconcursos.com.br\/blog\/?p=1731564"},"modified":"2026-03-27T10:36:48","modified_gmt":"2026-03-27T13:36:48","slug":"concurso-esfcex-2026-editais-publicados","status":"publish","type":"post","link":"https:\/\/www.estrategiaconcursos.com.br\/blog\/concurso-esfcex-2026-editais-publicados\/","title":{"rendered":"Editais EsFCEx t\u00eam 227 vagas e at\u00e9 R$ 9 mil"},"content":{"rendered":"\n<p style=\"font-size:clamp(14.642px, 0.915rem + ((1vw - 3.2px) * 0.721), 22px);\"><strong><em>Novos editais EsFCEx t\u00eam oportunidades de n\u00edvel superior. Provas em julho!<\/em><\/strong><\/p>\n\n\n\n<p>Est\u00e3o oficialmente abertas as inscri\u00e7\u00f5es para o <strong>edital EsFCEx 2026<\/strong>! Conforme o documento, o Ex\u00e9rcito oferece\u00a0<strong>227 vagas<\/strong>\u00a0distribu\u00eddas entre os quadros de\u00a0<strong>Sa\u00fade, Complementar e Capelania<\/strong>.<\/p>\n\n\n\n<p>Os interessados devem realizar as <strong>inscri\u00e7\u00f5es at\u00e9 12 de junho<\/strong>, no site da banca organizadora,\u00a0<strong>Vunesp<\/strong>. Al\u00e9m disso, \u00e9 necess\u00e1rio pagar a taxa de participa\u00e7\u00e3o no valor de\u00a0<strong>R$ 150,00<\/strong>.<\/p>\n\n\n\n<p>As oportunidades s\u00e3o para <strong>n\u00edvel&nbsp;superior&nbsp;de forma\u00e7\u00e3o<\/strong>. O sal\u00e1rio inicial \u00e9 de <strong>R$ 9.004,00<\/strong>, de acordo com a <a href=\"https:\/\/dhg1h5j42swfq.cloudfront.net\/2026\/03\/12160845\/salarios-exercito.pdf\" target=\"_blank\" rel=\"noreferrer noopener nofollow\">tabela atualizada de soldos dos militares das For\u00e7as Armadas<\/a>.<\/p>\n\n\n\n<ul class=\"wp-block-list has-very-light-gray-to-cyan-bluish-gray-gradient-background has-background\">\n<li><strong>Banca:<\/strong>&nbsp;Vunesp | <a href=\"https:\/\/esfcex.eb.mil.br\/index.php\/component\/content\/article?id=591\" target=\"_blank\" rel=\"noreferrer noopener\">EsFCEx<\/a><\/li>\n\n\n\n<li><strong>Vagas:<\/strong>&nbsp;227<\/li>\n\n\n\n<li><strong>Cargo:<\/strong>&nbsp;Oficial (M\u00e9dico, Dentista, Farmac\u00eautico e Capel\u00e3o)<\/li>\n\n\n\n<li><strong>Sal\u00e1rio inicial:<\/strong>&nbsp;R$ 9.004,00<\/li>\n\n\n\n<li><strong>Edital:<\/strong>&nbsp;<a href=\"https:\/\/dhg1h5j42swfq.cloudfront.net\/2026\/03\/12160357\/01_edital_ao_concurso_de_admissao_02-2026_ao_cfo_s_sau_2027.pdf\" target=\"_blank\" rel=\"noreferrer noopener nofollow\">Edital CFO Sa\u00fade-2026<\/a>&nbsp;|&nbsp;<a href=\"https:\/\/dhg1h5j42swfq.cloudfront.net\/2026\/03\/12160402\/02_edital_ao_concurso_de_admissao_01-2026_ao_cfo_qc-qcm_2027.pdf\" target=\"_blank\" rel=\"noreferrer noopener nofollow\">Edital CFO-2026<\/a><\/li>\n<\/ul>\n\n\n\n<div class=\"container\" id=\"boxes\">\n  <div class=\"row\">\n\n    <div class=\"col-sm\">\n      <div class=\"banner-adm\" id=\"box-assinatura\">\n        <h2 class=\"titulo-assinatura\">Concurso Ex\u00e9rcito<\/h2>\n        <p class=\"subtitulo-assinatura\">Prepara\u00e7\u00e3o garantida para o seu sucesso! \u2b50<\/p>\n        <div class=\"box-botao\">\n          <a class=\"btn-assinatura\" target=\"_blank\" href=\"https:\/\/www.estrategiaconcursos.com.br\/cursosPorConcurso\/escola-de-formacao-complementar-do-exercito-esfcex\/\" role=\"button\" rel=\"noopener noreferrer\">ESTUDE CONOSCO<\/a>\n        <\/div>\n      <\/div>\n     \n    <\/div>\n\n  <\/div>\n<\/div>\n\n\n\n<h2 class=\"wp-block-heading\" id=\"datas\">Principais datas do concurso<\/h2>\n\n\n\n<ul class=\"wp-block-list\">\n<li><strong>Inscri\u00e7\u00f5es:<\/strong>&nbsp;27\/03 a 12\/06<\/li>\n\n\n\n<li><strong>Isen\u00e7\u00e3o da taxa:<\/strong>&nbsp;27\/03 a 03\/04<\/li>\n\n\n\n<li><strong>\u00daltimo dia para pagamento:<\/strong>&nbsp;12\/06<\/li>\n\n\n\n<li><strong>Prova:<\/strong>&nbsp;12\/07<\/li>\n<\/ul>\n\n\n\n<h2 class=\"wp-block-heading\" id=\"cargos-vagas\">Cargos e vagas dos editais EsFCEx<\/h2>\n\n\n\n<figure class=\"wp-block-table is-style-stripes\"><table class=\"has-very-light-gray-to-cyan-bluish-gray-gradient-background has-background has-fixed-layout\"><tbody><tr><td class=\"has-text-align-center\" data-align=\"center\" colspan=\"4\"><strong>CURSOS DE FORMA\u00c7\u00c3O DE OFICIAIS FARMAC\u00caUTICOS<\/strong><\/td><\/tr><tr><td class=\"has-text-align-center\" data-align=\"center\">ESPECIALIDADE<\/td><td class=\"has-text-align-center\" data-align=\"center\">TOTAL<\/td><td class=\"has-text-align-center\" data-align=\"center\">AMPLA CONCORR\u00caNCIA<\/td><td class=\"has-text-align-center\" data-align=\"center\">COTA<\/td><\/tr><tr><td class=\"has-text-align-center\" data-align=\"center\">Farm\u00e1cia<\/td><td class=\"has-text-align-center\" data-align=\"center\">4<\/td><td class=\"has-text-align-center\" data-align=\"center\">3<\/td><td class=\"has-text-align-center\" data-align=\"center\">1<\/td><\/tr><tr><td class=\"has-text-align-center\" data-align=\"center\">Farm\u00e1cia Oncol\u00f3gica<\/td><td class=\"has-text-align-center\" data-align=\"center\">4<\/td><td class=\"has-text-align-center\" data-align=\"center\">3<\/td><td class=\"has-text-align-center\" data-align=\"center\">1<\/td><\/tr><tr><td class=\"has-text-align-center\" data-align=\"center\"><strong>TOTAL<\/strong><\/td><td class=\"has-text-align-center\" data-align=\"center\">8<\/td><td class=\"has-text-align-center\" data-align=\"center\">6<\/td><td class=\"has-text-align-center\" data-align=\"center\">2<\/td><\/tr><\/tbody><\/table><figcaption class=\"wp-element-caption\">Vagas dos editais EsFCEx<\/figcaption><\/figure>\n\n\n\n<hr class=\"wp-block-separator has-alpha-channel-opacity is-style-dots\"\/>\n\n\n\n<figure class=\"wp-block-table is-style-stripes\"><table class=\"has-very-light-gray-to-cyan-bluish-gray-gradient-background has-background has-fixed-layout\"><tbody><tr><td class=\"has-text-align-center\" data-align=\"center\" colspan=\"4\"><strong>CURSOS DE FORMA\u00c7\u00c3O DE OFICIAIS DENTISTAS<\/strong><\/td><\/tr><tr><td class=\"has-text-align-center\" data-align=\"center\">ESPECIALIDADE<\/td><td class=\"has-text-align-center\" data-align=\"center\">TOTAL<\/td><td class=\"has-text-align-center\" data-align=\"center\">AMPLA CONCORR\u00caNCIA<\/td><td class=\"has-text-align-center\" data-align=\"center\">COTA<\/td><\/tr><tr><td class=\"has-text-align-center\" data-align=\"center\">Cirurgia e Traumatologia Buco-M\u00e1xilo-Facial<\/td><td class=\"has-text-align-center\" data-align=\"center\">3<\/td><td class=\"has-text-align-center\" data-align=\"center\">2<\/td><td class=\"has-text-align-center\" data-align=\"center\">1<\/td><\/tr><tr><td class=\"has-text-align-center\" data-align=\"center\">Implantodontia<\/td><td class=\"has-text-align-center\" data-align=\"center\">1<\/td><td class=\"has-text-align-center\" data-align=\"center\">1<\/td><td class=\"has-text-align-center\" data-align=\"center\">0<\/td><\/tr><tr><td class=\"has-text-align-center\" data-align=\"center\">Dent\u00edstica Restauradora<\/td><td class=\"has-text-align-center\" data-align=\"center\">1<\/td><td class=\"has-text-align-center\" data-align=\"center\">1<\/td><td class=\"has-text-align-center\" data-align=\"center\">0<\/td><\/tr><tr><td class=\"has-text-align-center\" data-align=\"center\">Odontologia Hospitalar<\/td><td class=\"has-text-align-center\" data-align=\"center\">3<\/td><td class=\"has-text-align-center\" data-align=\"center\">2<\/td><td class=\"has-text-align-center\" data-align=\"center\">1<\/td><\/tr><tr><td class=\"has-text-align-center\" data-align=\"center\"><strong>TOTAL<\/strong><\/td><td class=\"has-text-align-center\" data-align=\"center\">8<\/td><td class=\"has-text-align-center\" data-align=\"center\">6<\/td><td class=\"has-text-align-center\" data-align=\"center\">2<\/td><\/tr><\/tbody><\/table><figcaption class=\"wp-element-caption\">Vagas dos editais EsFCEx<\/figcaption><\/figure>\n\n\n\n<hr class=\"wp-block-separator has-alpha-channel-opacity is-style-dots\"\/>\n\n\n\n<figure class=\"wp-block-table is-style-stripes\"><table class=\"has-very-light-gray-to-cyan-bluish-gray-gradient-background has-background has-fixed-layout\"><tbody><tr><td class=\"has-text-align-center\" data-align=\"center\" colspan=\"4\"><strong>CURSOS DE FORMA\u00c7\u00c3O DE OFICIAIS DO QUADRO COMPLEMENTAR DE OFICIAIS<\/strong><\/td><\/tr><tr><td class=\"has-text-align-center\" data-align=\"center\">\u00c1REA<\/td><td class=\"has-text-align-center\" data-align=\"center\">TOTAL<\/td><td class=\"has-text-align-center\" data-align=\"center\">AMPLA CONCORR\u00caNCIA<\/td><td class=\"has-text-align-center\" data-align=\"center\">RESERVADA<\/td><\/tr><tr><td class=\"has-text-align-center\" data-align=\"center\">Administra\u00e7\u00e3o<\/td><td class=\"has-text-align-center\" data-align=\"center\">4<\/td><td class=\"has-text-align-center\" data-align=\"center\">3<\/td><td class=\"has-text-align-center\" data-align=\"center\">1<\/td><\/tr><tr><td class=\"has-text-align-center\" data-align=\"center\">Ci\u00eancias Cont\u00e1beis<\/td><td class=\"has-text-align-center\" data-align=\"center\">3<\/td><td class=\"has-text-align-center\" data-align=\"center\">2<\/td><td class=\"has-text-align-center\" data-align=\"center\">1<\/td><\/tr><tr><td class=\"has-text-align-center\" data-align=\"center\">Comunica\u00e7\u00e3o Social (Jornalismo)<\/td><td class=\"has-text-align-center\" data-align=\"center\">1<\/td><td class=\"has-text-align-center\" data-align=\"center\">1<\/td><td class=\"has-text-align-center\" data-align=\"center\">0<\/td><\/tr><tr><td class=\"has-text-align-center\" data-align=\"center\">Direito<\/td><td class=\"has-text-align-center\" data-align=\"center\">3<\/td><td class=\"has-text-align-center\" data-align=\"center\">2<\/td><td class=\"has-text-align-center\" data-align=\"center\">1<\/td><\/tr><tr><td class=\"has-text-align-center\" data-align=\"center\">Economia<\/td><td class=\"has-text-align-center\" data-align=\"center\">2<\/td><td class=\"has-text-align-center\" data-align=\"center\">1<\/td><td class=\"has-text-align-center\" data-align=\"center\">1<\/td><\/tr><tr><td class=\"has-text-align-center\" data-align=\"center\">Enfermagem<\/td><td class=\"has-text-align-center\" data-align=\"center\">12<\/td><td class=\"has-text-align-center\" data-align=\"center\">8<\/td><td class=\"has-text-align-center\" data-align=\"center\">4<\/td><\/tr><tr><td class=\"has-text-align-center\" data-align=\"center\">Estat\u00edstica<\/td><td class=\"has-text-align-center\" data-align=\"center\">1<\/td><td class=\"has-text-align-center\" data-align=\"center\">1<\/td><td class=\"has-text-align-center\" data-align=\"center\">0<\/td><\/tr><tr><td class=\"has-text-align-center\" data-align=\"center\">Inform\u00e1tica<\/td><td class=\"has-text-align-center\" data-align=\"center\">3<\/td><td class=\"has-text-align-center\" data-align=\"center\">2<\/td><td class=\"has-text-align-center\" data-align=\"center\">1<\/td><\/tr><tr><td class=\"has-text-align-center\" data-align=\"center\">Psicologia<\/td><td class=\"has-text-align-center\" data-align=\"center\">1<\/td><td class=\"has-text-align-center\" data-align=\"center\">1<\/td><td class=\"has-text-align-center\" data-align=\"center\">0<\/td><\/tr><tr><td class=\"has-text-align-center\" data-align=\"center\">Pedagogia<\/td><td class=\"has-text-align-center\" data-align=\"center\">1<\/td><td class=\"has-text-align-center\" data-align=\"center\">1<\/td><td class=\"has-text-align-center\" data-align=\"center\">0<\/td><\/tr><tr><td class=\"has-text-align-center\" data-align=\"center\">Veterin\u00e1ria<\/td><td class=\"has-text-align-center\" data-align=\"center\">1<\/td><td class=\"has-text-align-center\" data-align=\"center\">1<\/td><td class=\"has-text-align-center\" data-align=\"center\">0<\/td><\/tr><tr><td class=\"has-text-align-center\" data-align=\"center\">Magist\u00e9rio Biologia<\/td><td class=\"has-text-align-center\" data-align=\"center\">2<\/td><td class=\"has-text-align-center\" data-align=\"center\">1<\/td><td class=\"has-text-align-center\" data-align=\"center\">1<\/td><\/tr><tr><td class=\"has-text-align-center\" data-align=\"center\">Magist\u00e9rio Geografia<\/td><td class=\"has-text-align-center\" data-align=\"center\">3<\/td><td class=\"has-text-align-center\" data-align=\"center\">2<\/td><td class=\"has-text-align-center\" data-align=\"center\">1<\/td><\/tr><tr><td class=\"has-text-align-center\" data-align=\"center\">Magist\u00e9rio Hist\u00f3ria<\/td><td class=\"has-text-align-center\" data-align=\"center\">2<\/td><td class=\"has-text-align-center\" data-align=\"center\">1<\/td><td class=\"has-text-align-center\" data-align=\"center\">1<\/td><\/tr><tr><td class=\"has-text-align-center\" data-align=\"center\">Magist\u00e9rio Ingl\u00eas<\/td><td class=\"has-text-align-center\" data-align=\"center\">3<\/td><td class=\"has-text-align-center\" data-align=\"center\">2<\/td><td class=\"has-text-align-center\" data-align=\"center\">1<\/td><\/tr><tr><td class=\"has-text-align-center\" data-align=\"center\">Magist\u00e9rio Matem\u00e1tica<\/td><td class=\"has-text-align-center\" data-align=\"center\">4<\/td><td class=\"has-text-align-center\" data-align=\"center\">3<\/td><td class=\"has-text-align-center\" data-align=\"center\">1<\/td><\/tr><tr><td class=\"has-text-align-center\" data-align=\"center\">Magist\u00e9rio Portugu\u00eas<\/td><td class=\"has-text-align-center\" data-align=\"center\">4<\/td><td class=\"has-text-align-center\" data-align=\"center\">3<\/td><td class=\"has-text-align-center\" data-align=\"center\">1<\/td><\/tr><tr><td class=\"has-text-align-center\" data-align=\"center\">Magist\u00e9rio Qu\u00edmica<\/td><td class=\"has-text-align-center\" data-align=\"center\">4<\/td><td class=\"has-text-align-center\" data-align=\"center\">3<\/td><td class=\"has-text-align-center\" data-align=\"center\">1<\/td><\/tr><tr><td class=\"has-text-align-center\" data-align=\"center\">Magist\u00e9rio F\u00edsica<\/td><td class=\"has-text-align-center\" data-align=\"center\">2<\/td><td class=\"has-text-align-center\" data-align=\"center\">1<\/td><td class=\"has-text-align-center\" data-align=\"center\">1<\/td><\/tr><tr><td class=\"has-text-align-center\" data-align=\"center\">Magist\u00e9rio Italiano<\/td><td class=\"has-text-align-center\" data-align=\"center\">1<\/td><td class=\"has-text-align-center\" data-align=\"center\">1<\/td><td class=\"has-text-align-center\" data-align=\"center\">0<\/td><\/tr><tr><td class=\"has-text-align-center\" data-align=\"center\"><strong>TOTAL<\/strong><\/td><td class=\"has-text-align-center\" data-align=\"center\">57<\/td><td class=\"has-text-align-center\" data-align=\"center\">40<\/td><td class=\"has-text-align-center\" data-align=\"center\">17<\/td><\/tr><\/tbody><\/table><figcaption class=\"wp-element-caption\">Vagas dos editais EsFCEx<\/figcaption><\/figure>\n\n\n\n<hr class=\"wp-block-separator has-alpha-channel-opacity is-style-dots\"\/>\n\n\n\n<figure class=\"wp-block-table is-style-stripes\"><table class=\"has-very-light-gray-to-cyan-bluish-gray-gradient-background has-background has-fixed-layout\"><tbody><tr><td class=\"has-text-align-center\" data-align=\"center\" colspan=\"4\"><strong>CURSOS DE FORMA\u00c7\u00c3O DE OFICIAIS DO QUADRO DE CAPEL\u00c3ES MILITARES<\/strong><\/td><\/tr><tr><td class=\"has-text-align-center\" data-align=\"center\">CREDO<\/td><td class=\"has-text-align-center\" data-align=\"center\">TOTAL<\/td><td class=\"has-text-align-center\" data-align=\"center\">AMPLA CONCORR\u00caNCIA<\/td><td class=\"has-text-align-center\" data-align=\"center\">RESERVADA<\/td><\/tr><tr><td class=\"has-text-align-center\" data-align=\"center\">Padre Cat\u00f3lico Apost\u00f3lico Romano<\/td><td class=\"has-text-align-center\" data-align=\"center\">2<\/td><td class=\"has-text-align-center\" data-align=\"center\">1<\/td><td class=\"has-text-align-center\" data-align=\"center\">1<\/td><\/tr><tr><td class=\"has-text-align-center\" data-align=\"center\"><strong>TOTAL<\/strong><\/td><td class=\"has-text-align-center\" data-align=\"center\">2<\/td><td class=\"has-text-align-center\" data-align=\"center\">1<\/td><td class=\"has-text-align-center\" data-align=\"center\">1<\/td><\/tr><\/tbody><\/table><figcaption class=\"wp-element-caption\">Vagas dos editais EsFCEx<\/figcaption><\/figure>\n\n\n\n<hr class=\"wp-block-separator has-alpha-channel-opacity is-style-dots\"\/>\n\n\n\n<figure class=\"wp-block-table is-style-stripes\"><table class=\"has-very-light-gray-to-cyan-bluish-gray-gradient-background has-background has-fixed-layout\"><tbody><tr><td class=\"has-text-align-center\" data-align=\"center\" colspan=\"4\"><strong>CURSOS DE FORMA\u00c7\u00c3O DE OFICIAIS M\u00c9DICOS &#8211; Vagas de \u00c2mbito Nacional<\/strong><\/td><\/tr><tr><td class=\"has-text-align-center\" data-align=\"center\">ESPECIALIDADES<\/td><td class=\"has-text-align-center\" data-align=\"center\">TOTAL<\/td><td class=\"has-text-align-center\" data-align=\"center\">AMPLA CONCORR\u00caNCIA<\/td><td class=\"has-text-align-center\" data-align=\"center\">COTA<\/td><\/tr><tr><td class=\"has-text-align-center\" data-align=\"center\">Anestesiologia<\/td><td class=\"has-text-align-center\" data-align=\"center\">5<\/td><td class=\"has-text-align-center\" data-align=\"center\">3<\/td><td class=\"has-text-align-center\" data-align=\"center\">2<\/td><\/tr><tr><td class=\"has-text-align-center\" data-align=\"center\">Cancerologia\/Oncologia<\/td><td class=\"has-text-align-center\" data-align=\"center\">2<\/td><td class=\"has-text-align-center\" data-align=\"center\">1<\/td><td class=\"has-text-align-center\" data-align=\"center\">1<\/td><\/tr><tr><td class=\"has-text-align-center\" data-align=\"center\">Cardiologia<\/td><td class=\"has-text-align-center\" data-align=\"center\">2<\/td><td class=\"has-text-align-center\" data-align=\"center\">1<\/td><td class=\"has-text-align-center\" data-align=\"center\">1<\/td><\/tr><tr><td class=\"has-text-align-center\" data-align=\"center\">Cirurgia de Cabe\u00e7a e Pesco\u00e7o<\/td><td class=\"has-text-align-center\" data-align=\"center\">1<\/td><td class=\"has-text-align-center\" data-align=\"center\">1<\/td><td class=\"has-text-align-center\" data-align=\"center\">0<\/td><\/tr><tr><td class=\"has-text-align-center\" data-align=\"center\">Cirurgia Geral<\/td><td class=\"has-text-align-center\" data-align=\"center\">6<\/td><td class=\"has-text-align-center\" data-align=\"center\">4<\/td><td class=\"has-text-align-center\" data-align=\"center\">2<\/td><\/tr><tr><td class=\"has-text-align-center\" data-align=\"center\">Cirurgia de M\u00e3o<\/td><td class=\"has-text-align-center\" data-align=\"center\">1<\/td><td class=\"has-text-align-center\" data-align=\"center\">1<\/td><td class=\"has-text-align-center\" data-align=\"center\">0<\/td><\/tr><tr><td class=\"has-text-align-center\" data-align=\"center\">Cirurgia Vascular<\/td><td class=\"has-text-align-center\" data-align=\"center\">2<\/td><td class=\"has-text-align-center\" data-align=\"center\">1<\/td><td class=\"has-text-align-center\" data-align=\"center\">1<\/td><\/tr><tr><td class=\"has-text-align-center\" data-align=\"center\">Cl\u00ednica M\u00e9dica<\/td><td class=\"has-text-align-center\" data-align=\"center\">2<\/td><td class=\"has-text-align-center\" data-align=\"center\">1<\/td><td class=\"has-text-align-center\" data-align=\"center\">1<\/td><\/tr><tr><td class=\"has-text-align-center\" data-align=\"center\">Endocrinologia<\/td><td class=\"has-text-align-center\" data-align=\"center\">2<\/td><td class=\"has-text-align-center\" data-align=\"center\">1<\/td><td class=\"has-text-align-center\" data-align=\"center\">1<\/td><\/tr><tr><td class=\"has-text-align-center\" data-align=\"center\">Endoscopia Digestiva<\/td><td class=\"has-text-align-center\" data-align=\"center\">2<\/td><td class=\"has-text-align-center\" data-align=\"center\">1<\/td><td class=\"has-text-align-center\" data-align=\"center\">1<\/td><\/tr><tr><td class=\"has-text-align-center\" data-align=\"center\">Geriatria<\/td><td class=\"has-text-align-center\" data-align=\"center\">1<\/td><td class=\"has-text-align-center\" data-align=\"center\">1<\/td><td class=\"has-text-align-center\" data-align=\"center\">0<\/td><\/tr><tr><td class=\"has-text-align-center\" data-align=\"center\">Ginecologia e Obstetr\u00edcia<\/td><td class=\"has-text-align-center\" data-align=\"center\">4<\/td><td class=\"has-text-align-center\" data-align=\"center\">3<\/td><td class=\"has-text-align-center\" data-align=\"center\">1<\/td><\/tr><tr><td class=\"has-text-align-center\" data-align=\"center\">Hematologia e Hemoterapia<\/td><td class=\"has-text-align-center\" data-align=\"center\">2<\/td><td class=\"has-text-align-center\" data-align=\"center\">1<\/td><td class=\"has-text-align-center\" data-align=\"center\">1<\/td><\/tr><tr><td class=\"has-text-align-center\" data-align=\"center\">Infectologia<\/td><td class=\"has-text-align-center\" data-align=\"center\">2<\/td><td class=\"has-text-align-center\" data-align=\"center\">1<\/td><td class=\"has-text-align-center\" data-align=\"center\">1<\/td><\/tr><tr><td class=\"has-text-align-center\" data-align=\"center\">Mastologia<\/td><td class=\"has-text-align-center\" data-align=\"center\">3<\/td><td class=\"has-text-align-center\" data-align=\"center\">2<\/td><td class=\"has-text-align-center\" data-align=\"center\">1<\/td><\/tr><tr><td class=\"has-text-align-center\" data-align=\"center\">Medicina da Fam\u00edlia &#8211; Sa\u00fade da Fam\u00edlia<\/td><td class=\"has-text-align-center\" data-align=\"center\">10<\/td><td class=\"has-text-align-center\" data-align=\"center\">7<\/td><td class=\"has-text-align-center\" data-align=\"center\">3<\/td><\/tr><tr><td class=\"has-text-align-center\" data-align=\"center\">Medicina Intensiva<\/td><td class=\"has-text-align-center\" data-align=\"center\">2<\/td><td class=\"has-text-align-center\" data-align=\"center\">1<\/td><td class=\"has-text-align-center\" data-align=\"center\">1<\/td><\/tr><tr><td class=\"has-text-align-center\" data-align=\"center\">Medicina Intensiva pedi\u00e1trica<\/td><td class=\"has-text-align-center\" data-align=\"center\">1<\/td><td class=\"has-text-align-center\" data-align=\"center\">1<\/td><td class=\"has-text-align-center\" data-align=\"center\">0<\/td><\/tr><tr><td class=\"has-text-align-center\" data-align=\"center\">Nefrologia<\/td><td class=\"has-text-align-center\" data-align=\"center\">2<\/td><td class=\"has-text-align-center\" data-align=\"center\">1<\/td><td class=\"has-text-align-center\" data-align=\"center\">1<\/td><\/tr><tr><td class=\"has-text-align-center\" data-align=\"center\">Neurologia<\/td><td class=\"has-text-align-center\" data-align=\"center\">4<\/td><td class=\"has-text-align-center\" data-align=\"center\">3<\/td><td class=\"has-text-align-center\" data-align=\"center\">1<\/td><\/tr><tr><td class=\"has-text-align-center\" data-align=\"center\">Oftalmologia<\/td><td class=\"has-text-align-center\" data-align=\"center\">4<\/td><td class=\"has-text-align-center\" data-align=\"center\">3<\/td><td class=\"has-text-align-center\" data-align=\"center\">1<\/td><\/tr><tr><td class=\"has-text-align-center\" data-align=\"center\">Ortopedia\/Traumatologia<\/td><td class=\"has-text-align-center\" data-align=\"center\">4<\/td><td class=\"has-text-align-center\" data-align=\"center\">3<\/td><td class=\"has-text-align-center\" data-align=\"center\">1<\/td><\/tr><tr><td class=\"has-text-align-center\" data-align=\"center\">Ortopedia\/Traumatologia (cirurgia de joelho)<\/td><td class=\"has-text-align-center\" data-align=\"center\">2<\/td><td class=\"has-text-align-center\" data-align=\"center\">1<\/td><td class=\"has-text-align-center\" data-align=\"center\">1<\/td><\/tr><tr><td class=\"has-text-align-center\" data-align=\"center\">Ortopedia\/Traumatologia (cirurgia de ombro)<\/td><td class=\"has-text-align-center\" data-align=\"center\">1<\/td><td class=\"has-text-align-center\" data-align=\"center\">1<\/td><td class=\"has-text-align-center\" data-align=\"center\">0<\/td><\/tr><tr><td class=\"has-text-align-center\" data-align=\"center\">Otorrinolaringologia<\/td><td class=\"has-text-align-center\" data-align=\"center\">3<\/td><td class=\"has-text-align-center\" data-align=\"center\">2<\/td><td class=\"has-text-align-center\" data-align=\"center\">1<\/td><\/tr><tr><td class=\"has-text-align-center\" data-align=\"center\">Patologia<\/td><td class=\"has-text-align-center\" data-align=\"center\">1<\/td><td class=\"has-text-align-center\" data-align=\"center\">1<\/td><td class=\"has-text-align-center\" data-align=\"center\">0<\/td><\/tr><tr><td class=\"has-text-align-center\" data-align=\"center\">Pediatria<\/td><td class=\"has-text-align-center\" data-align=\"center\">4<\/td><td class=\"has-text-align-center\" data-align=\"center\">3<\/td><td class=\"has-text-align-center\" data-align=\"center\">1<\/td><\/tr><tr><td class=\"has-text-align-center\" data-align=\"center\">Pneumologia<\/td><td class=\"has-text-align-center\" data-align=\"center\">2<\/td><td class=\"has-text-align-center\" data-align=\"center\">1<\/td><td class=\"has-text-align-center\" data-align=\"center\">1<\/td><\/tr><tr><td class=\"has-text-align-center\" data-align=\"center\">Proctologia<\/td><td class=\"has-text-align-center\" data-align=\"center\">1<\/td><td class=\"has-text-align-center\" data-align=\"center\">1<\/td><td class=\"has-text-align-center\" data-align=\"center\">0<\/td><\/tr><tr><td class=\"has-text-align-center\" data-align=\"center\">Psiquiatria<\/td><td class=\"has-text-align-center\" data-align=\"center\">2<\/td><td class=\"has-text-align-center\" data-align=\"center\">1<\/td><td class=\"has-text-align-center\" data-align=\"center\">1<\/td><\/tr><tr><td class=\"has-text-align-center\" data-align=\"center\">Radiologia<\/td><td class=\"has-text-align-center\" data-align=\"center\">3<\/td><td class=\"has-text-align-center\" data-align=\"center\">2<\/td><td class=\"has-text-align-center\" data-align=\"center\">1<\/td><\/tr><tr><td class=\"has-text-align-center\" data-align=\"center\">Reumatologia<\/td><td class=\"has-text-align-center\" data-align=\"center\">1<\/td><td class=\"has-text-align-center\" data-align=\"center\">1<\/td><td class=\"has-text-align-center\" data-align=\"center\">0<\/td><\/tr><tr><td class=\"has-text-align-center\" data-align=\"center\">Urologia<\/td><td class=\"has-text-align-center\" data-align=\"center\">3<\/td><td class=\"has-text-align-center\" data-align=\"center\">2<\/td><td class=\"has-text-align-center\" data-align=\"center\">1<\/td><\/tr><tr><td class=\"has-text-align-center\" data-align=\"center\">Sem Especialidade<\/td><td class=\"has-text-align-center\" data-align=\"center\">22<\/td><td class=\"has-text-align-center\" data-align=\"center\">15<\/td><td class=\"has-text-align-center\" data-align=\"center\">7<\/td><\/tr><tr><td class=\"has-text-align-center\" data-align=\"center\">TOTAL<\/td><td class=\"has-text-align-center\" data-align=\"center\">109<\/td><td class=\"has-text-align-center\" data-align=\"center\">73<\/td><td class=\"has-text-align-center\" data-align=\"center\">36<\/td><\/tr><\/tbody><\/table><figcaption class=\"wp-element-caption\">Vagas dos editais EsFCEx<\/figcaption><\/figure>\n\n\n\n<hr class=\"wp-block-separator has-alpha-channel-opacity is-style-dots\"\/>\n\n\n\n<figure class=\"wp-block-table is-style-stripes\"><table class=\"has-very-light-gray-to-cyan-bluish-gray-gradient-background has-background has-fixed-layout\"><tbody><tr><td class=\"has-text-align-center\" data-align=\"center\" colspan=\"5\"><strong>CURSOS DE FORMA\u00c7\u00c3O DE OFICIAIS M\u00c9DICOS &#8211; Vagas de \u00c2mbito Regional<\/strong><\/td><\/tr><tr><td class=\"has-text-align-center\" data-align=\"center\">ESPECIALIDADES<\/td><td class=\"has-text-align-center\" data-align=\"center\">CIDADES<\/td><td class=\"has-text-align-center\" data-align=\"center\">TOTAL<\/td><td class=\"has-text-align-center\" data-align=\"center\">AMPLA CONCORR\u00caNCIA<\/td><td class=\"has-text-align-center\" data-align=\"center\">COTA<\/td><\/tr><tr><td class=\"has-text-align-center\" data-align=\"center\">Cancerologia\/Oncologia<\/td><td class=\"has-text-align-center\" data-align=\"center\">FORTALEZA<\/td><td class=\"has-text-align-center\" data-align=\"center\">2<\/td><td class=\"has-text-align-center\" data-align=\"center\">1<\/td><td class=\"has-text-align-center\" data-align=\"center\">1<\/td><\/tr><tr><td class=\"has-text-align-center\" data-align=\"center\">Cancerologia\/Oncologia<\/td><td class=\"has-text-align-center\" data-align=\"center\">BEL\u00c9M<\/td><td class=\"has-text-align-center\" data-align=\"center\">2<\/td><td class=\"has-text-align-center\" data-align=\"center\">1<\/td><td class=\"has-text-align-center\" data-align=\"center\">1<\/td><\/tr><tr><td class=\"has-text-align-center\" data-align=\"center\">Cancerologia\/Oncologia<\/td><td class=\"has-text-align-center\" data-align=\"center\">JUIZ DE FORA<\/td><td class=\"has-text-align-center\" data-align=\"center\">1<\/td><td class=\"has-text-align-center\" data-align=\"center\">1<\/td><td class=\"has-text-align-center\" data-align=\"center\">0<\/td><\/tr><tr><td class=\"has-text-align-center\" data-align=\"center\">Cancerologia\/Oncologia<\/td><td class=\"has-text-align-center\" data-align=\"center\">RECIFE<\/td><td class=\"has-text-align-center\" data-align=\"center\">1<\/td><td class=\"has-text-align-center\" data-align=\"center\">1<\/td><td class=\"has-text-align-center\" data-align=\"center\">0<\/td><\/tr><tr><td class=\"has-text-align-center\" data-align=\"center\">Cancerologia\/Oncologia<\/td><td class=\"has-text-align-center\" data-align=\"center\">CAMPO GRANDE<\/td><td class=\"has-text-align-center\" data-align=\"center\">1<\/td><td class=\"has-text-align-center\" data-align=\"center\">1<\/td><td class=\"has-text-align-center\" data-align=\"center\">0<\/td><\/tr><tr><td class=\"has-text-align-center\" data-align=\"center\">Cancerologia\/Oncologia<\/td><td class=\"has-text-align-center\" data-align=\"center\">PORTO ALEGRE<\/td><td class=\"has-text-align-center\" data-align=\"center\">1<\/td><td class=\"has-text-align-center\" data-align=\"center\">1<\/td><td class=\"has-text-align-center\" data-align=\"center\">0<\/td><\/tr><tr><td class=\"has-text-align-center\" data-align=\"center\">Cardiologia<\/td><td class=\"has-text-align-center\" data-align=\"center\">PORTO ALEGRE<\/td><td class=\"has-text-align-center\" data-align=\"center\">1<\/td><td class=\"has-text-align-center\" data-align=\"center\">1<\/td><td class=\"has-text-align-center\" data-align=\"center\">0<\/td><\/tr><tr><td class=\"has-text-align-center\" data-align=\"center\">Cardiologia<\/td><td class=\"has-text-align-center\" data-align=\"center\">CAMPO GRANDE<\/td><td class=\"has-text-align-center\" data-align=\"center\">1<\/td><td class=\"has-text-align-center\" data-align=\"center\">1<\/td><td class=\"has-text-align-center\" data-align=\"center\">0<\/td><\/tr><tr><td class=\"has-text-align-center\" data-align=\"center\">Cardiologia Intervencionista (Hemodin\u00e2mica)<\/td><td class=\"has-text-align-center\" data-align=\"center\">RIO DE JANEIRO<\/td><td class=\"has-text-align-center\" data-align=\"center\">2<\/td><td class=\"has-text-align-center\" data-align=\"center\">1<\/td><td class=\"has-text-align-center\" data-align=\"center\">1<\/td><\/tr><tr><td class=\"has-text-align-center\" data-align=\"center\">Cardiologia Intervencionista (Hemodin\u00e2mica)<\/td><td class=\"has-text-align-center\" data-align=\"center\">PORTO ALEGRE<\/td><td class=\"has-text-align-center\" data-align=\"center\">1<\/td><td class=\"has-text-align-center\" data-align=\"center\">1<\/td><td class=\"has-text-align-center\" data-align=\"center\">0<\/td><\/tr><tr><td class=\"has-text-align-center\" data-align=\"center\">Psiquiatria<\/td><td class=\"has-text-align-center\" data-align=\"center\">JUIZ DE FORA<\/td><td class=\"has-text-align-center\" data-align=\"center\">1<\/td><td class=\"has-text-align-center\" data-align=\"center\">1<\/td><td class=\"has-text-align-center\" data-align=\"center\">0<\/td><\/tr><tr><td class=\"has-text-align-center\" data-align=\"center\">Psiquiatria<\/td><td class=\"has-text-align-center\" data-align=\"center\">RECIFE<\/td><td class=\"has-text-align-center\" data-align=\"center\">1<\/td><td class=\"has-text-align-center\" data-align=\"center\">1<\/td><td class=\"has-text-align-center\" data-align=\"center\">0<\/td><\/tr><tr><td class=\"has-text-align-center\" data-align=\"center\">Psiquiatria<\/td><td class=\"has-text-align-center\" data-align=\"center\">S\u00c3O PAULO<\/td><td class=\"has-text-align-center\" data-align=\"center\">2<\/td><td class=\"has-text-align-center\" data-align=\"center\">1<\/td><td class=\"has-text-align-center\" data-align=\"center\">1<\/td><\/tr><tr><td class=\"has-text-align-center\" data-align=\"center\">Psiquiatria<\/td><td class=\"has-text-align-center\" data-align=\"center\">RIO DE JANEIRO<\/td><td class=\"has-text-align-center\" data-align=\"center\">2<\/td><td class=\"has-text-align-center\" data-align=\"center\">1<\/td><td class=\"has-text-align-center\" data-align=\"center\">1<\/td><\/tr><tr><td class=\"has-text-align-center\" data-align=\"center\">Endoscopia Digestiva<\/td><td class=\"has-text-align-center\" data-align=\"center\">RECIFE<\/td><td class=\"has-text-align-center\" data-align=\"center\">1<\/td><td class=\"has-text-align-center\" data-align=\"center\">1<\/td><td class=\"has-text-align-center\" data-align=\"center\">0<\/td><\/tr><tr><td class=\"has-text-align-center\" data-align=\"center\">Endoscopia Digestiva<\/td><td class=\"has-text-align-center\" data-align=\"center\">PORTO ALEGRE<\/td><td class=\"has-text-align-center\" data-align=\"center\">1<\/td><td class=\"has-text-align-center\" data-align=\"center\">1<\/td><td class=\"has-text-align-center\" data-align=\"center\">0<\/td><\/tr><tr><td class=\"has-text-align-center\" data-align=\"center\">Hematologia e Hemoterapia<\/td><td class=\"has-text-align-center\" data-align=\"center\">JUIZ DE FORA<\/td><td class=\"has-text-align-center\" data-align=\"center\">1<\/td><td class=\"has-text-align-center\" data-align=\"center\">1<\/td><td class=\"has-text-align-center\" data-align=\"center\">0<\/td><\/tr><tr><td class=\"has-text-align-center\" data-align=\"center\">Hematologia e Hemoterapia<\/td><td class=\"has-text-align-center\" data-align=\"center\">BEL\u00c9M<\/td><td class=\"has-text-align-center\" data-align=\"center\">1<\/td><td class=\"has-text-align-center\" data-align=\"center\">1<\/td><td class=\"has-text-align-center\" data-align=\"center\">0<\/td><\/tr><tr><td class=\"has-text-align-center\" data-align=\"center\">Medicina Intensiva<\/td><td class=\"has-text-align-center\" data-align=\"center\">JUIZ DE FORA<\/td><td class=\"has-text-align-center\" data-align=\"center\">1<\/td><td class=\"has-text-align-center\" data-align=\"center\">1<\/td><td class=\"has-text-align-center\" data-align=\"center\">0<\/td><\/tr><tr><td class=\"has-text-align-center\" data-align=\"center\">Medicina Intensiva<\/td><td class=\"has-text-align-center\" data-align=\"center\">NATAL<\/td><td class=\"has-text-align-center\" data-align=\"center\">1<\/td><td class=\"has-text-align-center\" data-align=\"center\">1<\/td><td class=\"has-text-align-center\" data-align=\"center\">0<\/td><\/tr><tr><td class=\"has-text-align-center\" data-align=\"center\">Medicina Intensiva<\/td><td class=\"has-text-align-center\" data-align=\"center\">RIO DE JANEIRO<\/td><td class=\"has-text-align-center\" data-align=\"center\">2<\/td><td class=\"has-text-align-center\" data-align=\"center\">1<\/td><td class=\"has-text-align-center\" data-align=\"center\">1<\/td><\/tr><tr><td class=\"has-text-align-center\" data-align=\"center\">Medicina Intensiva<\/td><td class=\"has-text-align-center\" data-align=\"center\">CURITIBA<\/td><td class=\"has-text-align-center\" data-align=\"center\">2<\/td><td class=\"has-text-align-center\" data-align=\"center\">1<\/td><td class=\"has-text-align-center\" data-align=\"center\">1<\/td><\/tr><tr><td class=\"has-text-align-center\" data-align=\"center\">Medicina Intensiva<\/td><td class=\"has-text-align-center\" data-align=\"center\">PORTO ALEGRE<\/td><td class=\"has-text-align-center\" data-align=\"center\">1<\/td><td class=\"has-text-align-center\" data-align=\"center\">1<\/td><td class=\"has-text-align-center\" data-align=\"center\">0<\/td><\/tr><tr><td class=\"has-text-align-center\" data-align=\"center\">Medicina Intensiva<\/td><td class=\"has-text-align-center\" data-align=\"center\">BEL\u00c9M<\/td><td class=\"has-text-align-center\" data-align=\"center\">1<\/td><td class=\"has-text-align-center\" data-align=\"center\">1<\/td><td class=\"has-text-align-center\" data-align=\"center\">0<\/td><\/tr><tr><td class=\"has-text-align-center\" data-align=\"center\">Neonatologia<\/td><td class=\"has-text-align-center\" data-align=\"center\">RIO DE JANEIRO<\/td><td class=\"has-text-align-center\" data-align=\"center\">2<\/td><td class=\"has-text-align-center\" data-align=\"center\">1<\/td><td class=\"has-text-align-center\" data-align=\"center\">1<\/td><\/tr><tr><td class=\"has-text-align-center\" data-align=\"center\">Neurocirurgia<\/td><td class=\"has-text-align-center\" data-align=\"center\">RIO DE JANEIRO<\/td><td class=\"has-text-align-center\" data-align=\"center\">2<\/td><td class=\"has-text-align-center\" data-align=\"center\">1<\/td><td class=\"has-text-align-center\" data-align=\"center\">1<\/td><\/tr><tr><td class=\"has-text-align-center\" data-align=\"center\">Neurocirurgia<\/td><td class=\"has-text-align-center\" data-align=\"center\">S\u00c3O PAULO<\/td><td class=\"has-text-align-center\" data-align=\"center\">1<\/td><td class=\"has-text-align-center\" data-align=\"center\">1<\/td><td class=\"has-text-align-center\" data-align=\"center\">0<\/td><\/tr><tr><td class=\"has-text-align-center\" data-align=\"center\">Proctologia<\/td><td class=\"has-text-align-center\" data-align=\"center\">S\u00c3O PAULO<\/td><td class=\"has-text-align-center\" data-align=\"center\">2<\/td><td class=\"has-text-align-center\" data-align=\"center\">1<\/td><td class=\"has-text-align-center\" data-align=\"center\">1<\/td><\/tr><tr><td class=\"has-text-align-center\" data-align=\"center\">Proctologia<\/td><td class=\"has-text-align-center\" data-align=\"center\">CAMPO GRANDE<\/td><td class=\"has-text-align-center\" data-align=\"center\">1<\/td><td class=\"has-text-align-center\" data-align=\"center\">1<\/td><td class=\"has-text-align-center\" data-align=\"center\">0<\/td><\/tr><tr><td class=\"has-text-align-center\" data-align=\"center\">Radiologia<\/td><td class=\"has-text-align-center\" data-align=\"center\">SALVADOR<\/td><td class=\"has-text-align-center\" data-align=\"center\">1<\/td><td class=\"has-text-align-center\" data-align=\"center\">1<\/td><td class=\"has-text-align-center\" data-align=\"center\">0<\/td><\/tr><tr><td class=\"has-text-align-center\" data-align=\"center\">Radiologia<\/td><td class=\"has-text-align-center\" data-align=\"center\">PORTO ALEGRE<\/td><td class=\"has-text-align-center\" data-align=\"center\">1<\/td><td class=\"has-text-align-center\" data-align=\"center\">1<\/td><td class=\"has-text-align-center\" data-align=\"center\">0<\/td><\/tr><tr><td class=\"has-text-align-center\" data-align=\"center\">Radiologia<\/td><td class=\"has-text-align-center\" data-align=\"center\">S\u00c3O PAULO<\/td><td class=\"has-text-align-center\" data-align=\"center\">1<\/td><td class=\"has-text-align-center\" data-align=\"center\">1<\/td><td class=\"has-text-align-center\" data-align=\"center\">0<\/td><\/tr><tr><td class=\"has-text-align-center\" data-align=\"center\">Radiologia<\/td><td class=\"has-text-align-center\" data-align=\"center\">RECIFE<\/td><td class=\"has-text-align-center\" data-align=\"center\">1<\/td><td class=\"has-text-align-center\" data-align=\"center\">1<\/td><td class=\"has-text-align-center\" data-align=\"center\">0<\/td><\/tr><tr><td class=\"has-text-align-center\" data-align=\"center\" colspan=\"2\"><strong>TOTAL<\/strong><\/td><td class=\"has-text-align-center\" data-align=\"center\">43<\/td><td class=\"has-text-align-center\" data-align=\"center\">33<\/td><td class=\"has-text-align-center\" data-align=\"center\">10<\/td><\/tr><\/tbody><\/table><figcaption class=\"wp-element-caption\">Vagas dos editais EsFCEx<\/figcaption><\/figure>\n\n\n\n<h3 class=\"wp-block-heading\" id=\"h-requisitos-dos-cargos-do-edital-esfcex\">Requisitos dos cargos do edital EsFCEX<\/h3>\n\n\n\n<p>Para ingressar na carreira militar atrav\u00e9s desses editais, o candidato deve possuir as seguintes idades (referentes ao ano da matr\u00edcula no curso, em&nbsp;<strong>2027<\/strong>):<\/p>\n\n\n\n<ul class=\"wp-block-list\">\n<li><strong>Quadro de Sa\u00fade (M\u00e9dicos, Dentistas e Farmac\u00eauticos):<\/strong>&nbsp;No m\u00e1ximo&nbsp;<strong>32 anos<\/strong>&nbsp;(completados at\u00e9 31 de dezembro de 2027).\n<ul class=\"wp-block-list\">\n<li><em>Exce\u00e7\u00e3o:<\/em>&nbsp;M\u00e9dicos com&nbsp;<strong>especialidade<\/strong>&nbsp;podem ter at\u00e9&nbsp;<strong>34 anos<\/strong>&nbsp;(completados at\u00e9 31\/12\/2027).<\/li>\n<\/ul>\n<\/li>\n\n\n\n<li><strong>Quadro Complementar (Direito, Admin, Enfermagem, etc.):<\/strong>&nbsp;No m\u00e1ximo&nbsp;<strong>32 anos<\/strong>&nbsp;(completados at\u00e9 31 de dezembro de 2027).<\/li>\n\n\n\n<li><strong>Capel\u00e3es Militares (Padres e Pastores):<\/strong>&nbsp;Entre&nbsp;<strong>30 e 40 anos<\/strong>&nbsp;(completados at\u00e9 a data da matr\u00edcula em 2027).<\/li>\n<\/ul>\n\n\n\n<ul class=\"wp-block-list\">\n<li><strong>Altura:<\/strong>&nbsp;M\u00ednimo de&nbsp;<strong>1,60m<\/strong>&nbsp;para homens e&nbsp;<strong>1,55m<\/strong>&nbsp;para mulheres.<\/li>\n\n\n\n<li><strong>Escolaridade:<\/strong>&nbsp;Diploma de n\u00edvel superior na \u00e1rea objeto do concurso, reconhecido pelo MEC.<\/li>\n\n\n\n<li><strong>Conselho de Classe:<\/strong>&nbsp;Registro ativo no conselho profissional correspondente (ex: CRM, CRO, OAB, COREN).<\/li>\n<\/ul>\n\n\n\n<h2 class=\"wp-block-heading\" id=\"etapas\">Etapas e provas dos editais EsFCEx<\/h2>\n\n\n\n<p>Os candidatos ser\u00e3o avaliados por meio das seguintes etapas:<\/p>\n\n\n\n<ul class=\"wp-block-list\">\n<li><strong>I \u2013 primeira etapa<\/strong>, constitu\u00edda das seguintes fases:\n<ul class=\"wp-block-list\">\n<li><strong>a) 1\u00aa fase \u2013 Exame Intelectual (EI)<\/strong>: de car\u00e1ter eliminat\u00f3rio e classificat\u00f3rio, a ser realizado por todos os candidatos;<\/li>\n\n\n\n<li><strong>b) 2\u00aa fase \u2013 Inspe\u00e7\u00e3o de Sa\u00fade (IS)<\/strong>: de car\u00e1ter eliminat\u00f3rio, a ser realizado apenas pelo candidato aprovado no EI, respeitada a classifica\u00e7\u00e3o obtida;<\/li>\n\n\n\n<li><strong>c) 3\u00aa fase \u2013 Exame de Aptid\u00e3o F\u00edsica (EAF)<\/strong>: de car\u00e1ter eliminat\u00f3rio, a ser realizado apenas pelo candidato apto na IS;<\/li>\n\n\n\n<li><strong>d) 4\u00aa fase \u2013 Avalia\u00e7\u00e3o Psicol\u00f3gica (Avl Psc)<\/strong>: de car\u00e1ter eliminat\u00f3rio, a ser realizada apenas pelo candidato apto na EAF; e<\/li>\n\n\n\n<li><strong>e) 5\u00aa fase \u2013 Revis\u00e3o m\u00e9dica e comprova\u00e7\u00e3o dos requisitos para matr\u00edcula<\/strong>: de car\u00e1ter eliminat\u00f3rio, a ser realizada apenas pelo candidato aprovado nas fases anteriores e classificados dentro do n\u00famero de vagas previstas pelo Estado-Maior do Ex\u00e9rcito (EME).<\/li>\n<\/ul>\n<\/li>\n\n\n\n<li><strong>II \u2013 segunda etapa<\/strong> ser\u00e1 constitu\u00edda pelo <strong>Curso de Forma\u00e7\u00e3o de Oficiais<\/strong>, de car\u00e1ter eliminat\u00f3rio e classificat\u00f3rio, ressalvada disposi\u00e7\u00e3o diversa em lei espec\u00edfica.<\/li>\n<\/ul>\n\n\n\n<p>Ap\u00f3s a aprova\u00e7\u00e3o em todas essas etapas da sele\u00e7\u00e3o inicial, o candidato \u00e9 matriculado no&nbsp;<strong>Curso de Forma\u00e7\u00e3o de Oficiais (CFO)<\/strong>&nbsp;em Salvador (BA), que tamb\u00e9m possui car\u00e1ter eliminat\u00f3rio e classificat\u00f3rio antes da nomea\u00e7\u00e3o final como Primeiro-Tenente.<\/p>\n\n\n\n<h3 class=\"wp-block-heading\" id=\"h-provas-objetivas\">Provas Objetivas<\/h3>\n\n\n\n<p>A prova objetiva dos editais EsFCEx ser\u00e1 composta de&nbsp;<strong>50 itens<\/strong>, distribu\u00eddos em 2 partes:<\/p>\n\n\n\n<ul class=\"wp-block-list\">\n<li><strong>I \u2013 1\u00aa parte<\/strong>: prova de Conhecimentos Gerais, contendo 20 itens objetivos, no valor de 10,000 pontos, distribu\u00edda do seguinte modo:\n<ul class=\"wp-block-list\">\n<li><strong>para os CFO Med<\/strong>: assuntos b\u00e1sicos de Medicina, no valor de 10,000 pontos<\/li>\n\n\n\n<li><strong>para os CFO Dent<\/strong>: assuntos b\u00e1sicos de Odontologia, no valor de 10,000 pontos<\/li>\n\n\n\n<li><strong>para o CFO Farm<\/strong>: assuntos b\u00e1sicos de Farm\u00e1cia e legisla\u00e7\u00e3o espec\u00edfica, no valor total de 10,000 pontos<\/li>\n\n\n\n<li><strong>para o CFO\/QCO<\/strong>: 8 itens de L\u00edngua Portuguesa; 6 itens de Hist\u00f3ria do Brasil e 6 itens de Geografia do Brasil, num valor de 10,000 pontos<\/li>\n\n\n\n<li><strong>para o CFO\/QCM<\/strong>: L\u00edngua Portuguesa, com um valor total de 10,000 pontos<\/li>\n<\/ul>\n<\/li>\n\n\n\n<li><strong>II &#8211; 2\u00aa parte<\/strong>: prova de Conhecimentos Espec\u00edficos, por especialidade a que se destina o candidato, contendo 30 itens objetivos. Atribui-se a esta parte um valor total de 10,000 pontos.<\/li>\n<\/ul>\n\n\n\n<p class=\"has-text-align-center has-cyan-bluish-gray-background-color has-background\"><strong><a href=\"https:\/\/dhg1h5j42swfq.cloudfront.net\/2026\/03\/12121913\/01_relacao_de_assuntos_e_bibliografia_saude_ca_2026-1.pdf\" target=\"_blank\" rel=\"noreferrer noopener nofollow\">Conte\u00fado program\u00e1tico e bibliografias indicadas &#8211; CFO Med, CFO Dent e CFO Farm<\/a><\/strong><\/p>\n\n\n\n<p class=\"has-text-align-center has-cyan-bluish-gray-background-color has-background\"><strong><a href=\"https:\/\/dhg1h5j42swfq.cloudfront.net\/2026\/03\/12122123\/02_relacao_de_assuntos_e_bibliografia_cfo_qc-1.pdf\" target=\"_blank\" rel=\"noreferrer noopener nofollow\">Conte\u00fado program\u00e1tico e bibliografias indicadas &#8211; CFO\/QCO e CFO\/QCM<\/a><\/strong><\/p>\n\n\n\n<p>Teste de Aptid\u00e3o F\u00edsica dos editais EsFCEx<\/p>\n\n\n\n<p>A avalia\u00e7\u00e3o da aptid\u00e3o f\u00edsica traduz-se pelo conceito \u201cAPTO\u201d ou \u201cINAPTO\u201d, conforme as condi\u00e7\u00f5es de execu\u00e7\u00e3o a seguir:<\/p>\n\n\n\n<ul class=\"wp-block-list\">\n<li>Corrida de 12 minutos;<\/li>\n\n\n\n<li>Flex\u00e3o de bra\u00e7os;<\/li>\n\n\n\n<li>Abdominal supra.<\/li>\n<\/ul>\n\n\n\n<figure class=\"wp-block-image aligncenter size-large\"><img loading=\"lazy\" decoding=\"async\" width=\"1024\" height=\"217\" src=\"https:\/\/dhg1h5j42swfq.cloudfront.net\/2026\/03\/12162524\/taf-esfcex-2026-1024x217.png\" alt=\"Teste f\u00edsico do concurso EsFCEx 2026\" class=\"wp-image-1732992\" srcset=\"https:\/\/dhg1h5j42swfq.cloudfront.net\/2026\/03\/12162524\/taf-esfcex-2026-1024x217.png 1024w, https:\/\/dhg1h5j42swfq.cloudfront.net\/2026\/03\/12162524\/taf-esfcex-2026-300x64.png 300w, https:\/\/dhg1h5j42swfq.cloudfront.net\/2026\/03\/12162524\/taf-esfcex-2026-768x163.png 768w, https:\/\/dhg1h5j42swfq.cloudfront.net\/2026\/03\/12162524\/taf-esfcex-2026-150x32.png 150w, https:\/\/dhg1h5j42swfq.cloudfront.net\/2026\/03\/12162524\/taf-esfcex-2026.png 1210w\" sizes=\"auto, (max-width: 1024px) 100vw, 1024px\" \/><figcaption class=\"wp-element-caption\">Teste f\u00edsico do concurso EsFCEx 2026<\/figcaption><\/figure>\n\n\n\n<hr class=\"wp-block-separator has-alpha-channel-opacity\"\/>\n\n\n\n<hr class=\"wp-block-separator has-alpha-channel-opacity\"\/>\n\n\n\n<p class=\"has-text-align-center has-cyan-bluish-gray-background-color has-background\" style=\"font-size:clamp(14.642px, 0.915rem + ((1vw - 3.2px) * 0.721), 22px);\"><strong>Saiba mais: <a href=\"https:\/\/www.estrategiaconcursos.com.br\/blog\/concurso-exercito\/\" target=\"_blank\" rel=\"noreferrer noopener\">Concurso <strong>EsFCEx 2026<\/strong><\/a><\/strong><\/p>\n\n\n\n<h2 class=\"wp-block-heading has-text-align-center\" id=\"h-quer-saber-tudo-sobre-concursos-previstos-confira-nossos-artigos\">Quer saber tudo sobre concursos previstos?<br \/>Confira  nossos artigos!<\/h2>\n\n\n\n<ul class=\"wp-block-list\">\n<li><a href=\"https:\/\/www.estrategiaconcursos.com.br\/blog\/concursos-abertos\/\" target=\"_blank\" rel=\"noreferrer noopener\">Concursos abertos<\/a><\/li>\n\n\n\n<li><a href=\"https:\/\/www.estrategiaconcursos.com.br\/blog\/concursos-2026\/\" target=\"_blank\" rel=\"noreferrer noopener\">Concursos 2026<\/a><\/li>\n<\/ul>\n\n\n\n<h2 class=\"wp-block-heading has-text-align-center\" id=\"h-quer-estudar-para-o-concurso-esfcex\">Quer estudar para o concurso EsFCEx?<\/h2>\n\n\n\n<div class=\"container\" id=\"boxes\">\n  <div class=\"row\">\n\n    <div class=\"col-sm\">\n      <div class=\"banner-adm\" id=\"box-assinatura\">\n        <h2 class=\"titulo-assinatura\">Concurso Ex\u00e9rcito<\/h2>\n        <p class=\"subtitulo-assinatura\">Prepara\u00e7\u00e3o garantida para o seu sucesso! \u2b50<\/p>\n        <div class=\"box-botao\">\n          <a class=\"btn-assinatura\" target=\"_blank\" href=\"https:\/\/www.estrategiaconcursos.com.br\/cursosPorConcurso\/escola-de-formacao-complementar-do-exercito-esfcex\/\" role=\"button\" rel=\"noopener noreferrer\">ESTUDE CONOSCO<\/a>\n        <\/div>\n      <\/div>\n     \n    <\/div>\n\n  <\/div>\n<\/div>\n\n\n\n<div class=\"container\" id=\"boxes\">\n  <div class=\"row\">\n\n    <div class=\"col-sm\">\n      <div class=\"estrategia\" id=\"box-assinatura\">\n        <h3 class=\"titulo-assinatura\">Assinatura de Concursos<\/h3>\n        <p class=\"subtitulo-assinatura\">Assinatura de 1 ano ou 2 anos<\/p>\n        <div class=\"box-botao\">\n          <a class=\"btn-assinatura\" target=\"_blank\" href=\"https:\/\/www.estrategiaconcursos.com.br\/assinaturas\/\" role=\"button\" rel=\"noopener noreferrer\">ASSINE AGORA<\/a>\n        <\/div>\n      <\/div>\n     \n    <\/div><\/div><\/div>\n\n\n\n<figure class=\"wp-block-image size-large is-resized\"><img loading=\"lazy\" decoding=\"async\" width=\"1024\" height=\"632\" src=\"https:\/\/dhg1h5j42swfq.cloudfront.net\/2025\/06\/27101122\/ficha-tecnica-1-1024x632.png\" alt=\"Informa\u00e7\u00f5es do edital \" class=\"wp-image-702728\" style=\"width:379px;height:auto\" srcset=\"https:\/\/dhg1h5j42swfq.cloudfront.net\/2025\/06\/27101122\/ficha-tecnica-1-1024x632.png 1024w, https:\/\/dhg1h5j42swfq.cloudfront.net\/2025\/06\/27101122\/ficha-tecnica-1-300x185.png 300w, https:\/\/dhg1h5j42swfq.cloudfront.net\/2025\/06\/27101122\/ficha-tecnica-1-768x474.png 768w, https:\/\/dhg1h5j42swfq.cloudfront.net\/2025\/06\/27101122\/ficha-tecnica-1-1536x948.png 1536w, https:\/\/dhg1h5j42swfq.cloudfront.net\/2025\/06\/27101122\/ficha-tecnica-1-610x377.png 610w, https:\/\/dhg1h5j42swfq.cloudfront.net\/2025\/06\/27101122\/ficha-tecnica-1.png 1571w\" sizes=\"auto, (max-width: 1024px) 100vw, 1024px\" \/><\/figure>\n\n\n\n<h2 class=\"wp-block-heading\" id=\"h-informacoes-do-edital-esfcex-2026\">Informa\u00e7\u00f5es do edital EsFCEx 2026<\/h2>\n\n\n\n<ul id=\"block-46dd482c-33cf-409c-8762-75c111403f14\" class=\"wp-block-list\">\n<li><strong>Provas:<\/strong>&nbsp;12\/07\/2026<\/li>\n\n\n\n<li><strong>Vagas:<\/strong>&nbsp;227<\/li>\n\n\n\n<li><strong>Cargos:<\/strong>&nbsp;Oficiais de Sa\u00fade, Capel\u00e3es, Quadro Complementar<\/li>\n\n\n\n<li><strong>Banca:<\/strong>&nbsp;Vunesp\/EsFCEx<\/li>\n\n\n\n<li><strong>Escolaridade:<\/strong>&nbsp;n\u00edvel superior<\/li>\n\n\n\n<li><strong>Edital:<\/strong>&nbsp;<a href=\"https:\/\/dhg1h5j42swfq.cloudfront.net\/2026\/03\/12160357\/01_edital_ao_concurso_de_admissao_02-2026_ao_cfo_s_sau_2027.pdf\" target=\"_blank\" rel=\"noreferrer noopener nofollow\">Edital CFO Sa\u00fade-2026<\/a>&nbsp;|&nbsp;<a href=\"https:\/\/dhg1h5j42swfq.cloudfront.net\/2026\/03\/12160402\/02_edital_ao_concurso_de_admissao_01-2026_ao_cfo_qc-qcm_2027.pdf\" target=\"_blank\" rel=\"noreferrer noopener nofollow\">Edital CFO-2026<\/a><\/li>\n<\/ul>\n\n\n\n<p><\/p>\n","protected":false},"excerpt":{"rendered":"<p>Novos editais EsFCEx t\u00eam oportunidades de n\u00edvel superior. Provas em julho! Est\u00e3o oficialmente abertas as inscri\u00e7\u00f5es para o edital EsFCEx 2026! Conforme o documento, o Ex\u00e9rcito oferece\u00a0227 vagas\u00a0distribu\u00eddas entre os quadros de\u00a0Sa\u00fade, Complementar e Capelania. Os interessados devem realizar as inscri\u00e7\u00f5es at\u00e9 12 de junho, no site da banca organizadora,\u00a0Vunesp. Al\u00e9m disso, \u00e9 necess\u00e1rio pagar [&hellip;]<\/p>\n","protected":false},"author":2375,"featured_media":1322140,"comment_status":"open","ping_status":"closed","sticky":false,"template":"","format":"standard","meta":{"post_tipo":"news","footnotes":""},"categories":[6741,220219],"tags":[],"tax_estado":[219963],"class_list":["post-1731564","post","type-post","status-publish","format-standard","has-post-thumbnail","hentry","category-forcas-armadas-oficiais","category-noticias","tax_estado-concursos-federais"],"acf":[],"yoast_head":"<!-- This site is optimized with the Yoast SEO Premium plugin v27.2 (Yoast SEO v27.2) - https:\/\/yoast.com\/product\/yoast-seo-premium-wordpress\/ -->\n<title>Editais EsFCEx t\u00eam 227 vagas e at\u00e9 R$ 9 mil<\/title>\n<meta name=\"description\" content=\"Sa\u00edram os editais do Concurso EsFCEx 2026 para Oficiais de Sa\u00fade, Quadro Complementar e Capel\u00e3es do Ex\u00e9rcito. Inscri\u00e7\u00f5es abertas!\" \/>\n<meta name=\"robots\" content=\"index, follow, max-snippet:-1, max-image-preview:large, max-video-preview:-1\" \/>\n<link rel=\"canonical\" href=\"https:\/\/www.estrategiaconcursos.com.br\/blog\/concurso-esfcex-2026-editais-publicados\/\" \/>\n<meta property=\"og:locale\" content=\"pt_BR\" \/>\n<meta property=\"og:type\" content=\"article\" \/>\n<meta property=\"og:title\" content=\"Editais EsFCEx t\u00eam 227 vagas e at\u00e9 R$ 9 mil\" \/>\n<meta property=\"og:description\" content=\"Sa\u00edram os editais do Concurso EsFCEx 2026 para Oficiais de Sa\u00fade, Quadro Complementar e Capel\u00e3es do Ex\u00e9rcito. Inscri\u00e7\u00f5es abertas!\" \/>\n<meta property=\"og:url\" content=\"https:\/\/www.estrategiaconcursos.com.br\/blog\/concurso-esfcex-2026-editais-publicados\/\" \/>\n<meta property=\"og:site_name\" content=\"Estrat\u00e9gia Concursos\" \/>\n<meta property=\"article:published_time\" content=\"2026-03-12T09:05:38+00:00\" \/>\n<meta property=\"article:modified_time\" content=\"2026-03-27T13:36:48+00:00\" \/>\n<meta property=\"og:image\" content=\"https:\/\/dhg1h5j42swfq.cloudfront.net\/2023\/12\/15120227\/esfcex.jpg\" \/>\n\t<meta property=\"og:image:width\" content=\"768\" \/>\n\t<meta property=\"og:image:height\" content=\"432\" \/>\n\t<meta property=\"og:image:type\" content=\"image\/jpeg\" \/>\n<meta name=\"author\" content=\"Priscila Almeida\" \/>\n<meta name=\"twitter:card\" content=\"summary_large_image\" \/>\n<meta name=\"twitter:creator\" content=\"@EstratConcursos\" \/>\n<meta name=\"twitter:site\" content=\"@EstratConcursos\" \/>\n<meta name=\"twitter:label1\" content=\"Escrito por\" \/>\n\t<meta name=\"twitter:data1\" content=\"Priscila Almeida\" \/>\n\t<meta name=\"twitter:label2\" content=\"Est. tempo de leitura\" \/>\n\t<meta name=\"twitter:data2\" content=\"6 minutos\" \/>\n<script type=\"application\/ld+json\" class=\"yoast-schema-graph\">{\"@context\":\"https:\/\/schema.org\",\"@graph\":[{\"@type\":\"NewsArticle\",\"@id\":\"https:\/\/www.estrategiaconcursos.com.br\/blog\/concurso-esfcex-2026-editais-publicados\/#article\",\"isPartOf\":{\"@id\":\"https:\/\/www.estrategiaconcursos.com.br\/blog\/concurso-esfcex-2026-editais-publicados\/\"},\"author\":{\"name\":\"Priscila Almeida\",\"@id\":\"https:\/\/www.estrategiaconcursos.com.br\/blog\/#\/schema\/person\/a06e841e501f2e1d8c49c4e8f066bfd1\"},\"headline\":\"Editais EsFCEx t\u00eam 227 vagas e at\u00e9 R$ 9 mil\",\"datePublished\":\"2026-03-12T09:05:38+00:00\",\"dateModified\":\"2026-03-27T13:36:48+00:00\",\"mainEntityOfPage\":{\"@id\":\"https:\/\/www.estrategiaconcursos.com.br\/blog\/concurso-esfcex-2026-editais-publicados\/\"},\"wordCount\":1298,\"commentCount\":0,\"publisher\":{\"@id\":\"https:\/\/www.estrategiaconcursos.com.br\/blog\/#organization\"},\"image\":{\"@id\":\"https:\/\/www.estrategiaconcursos.com.br\/blog\/concurso-esfcex-2026-editais-publicados\/#primaryimage\"},\"thumbnailUrl\":\"https:\/\/dhg1h5j42swfq.cloudfront.net\/2023\/12\/15120227\/esfcex.jpg\",\"articleSection\":[\"For\u00e7as Armadas (Oficiais)\",\"\u00daltimas not\u00edcias\"],\"inLanguage\":\"pt-BR\",\"potentialAction\":[{\"@type\":\"CommentAction\",\"name\":\"Comment\",\"target\":[\"https:\/\/www.estrategiaconcursos.com.br\/blog\/concurso-esfcex-2026-editais-publicados\/#respond\"]}],\"copyrightYear\":\"2026\",\"copyrightHolder\":{\"@id\":\"https:\/\/www.estrategiaconcursos.com.br\/blog\/#organization\"}},{\"@type\":\"WebPage\",\"@id\":\"https:\/\/www.estrategiaconcursos.com.br\/blog\/concurso-esfcex-2026-editais-publicados\/\",\"url\":\"https:\/\/www.estrategiaconcursos.com.br\/blog\/concurso-esfcex-2026-editais-publicados\/\",\"name\":\"Editais EsFCEx t\u00eam 227 vagas e at\u00e9 R$ 9 mil\",\"isPartOf\":{\"@id\":\"https:\/\/www.estrategiaconcursos.com.br\/blog\/#website\"},\"primaryImageOfPage\":{\"@id\":\"https:\/\/www.estrategiaconcursos.com.br\/blog\/concurso-esfcex-2026-editais-publicados\/#primaryimage\"},\"image\":{\"@id\":\"https:\/\/www.estrategiaconcursos.com.br\/blog\/concurso-esfcex-2026-editais-publicados\/#primaryimage\"},\"thumbnailUrl\":\"https:\/\/dhg1h5j42swfq.cloudfront.net\/2023\/12\/15120227\/esfcex.jpg\",\"datePublished\":\"2026-03-12T09:05:38+00:00\",\"dateModified\":\"2026-03-27T13:36:48+00:00\",\"description\":\"Sa\u00edram os editais do Concurso EsFCEx 2026 para Oficiais de Sa\u00fade, Quadro Complementar e Capel\u00e3es do Ex\u00e9rcito. Inscri\u00e7\u00f5es abertas!\",\"breadcrumb\":{\"@id\":\"https:\/\/www.estrategiaconcursos.com.br\/blog\/concurso-esfcex-2026-editais-publicados\/#breadcrumb\"},\"inLanguage\":\"pt-BR\",\"potentialAction\":[{\"@type\":\"ReadAction\",\"target\":[\"https:\/\/www.estrategiaconcursos.com.br\/blog\/concurso-esfcex-2026-editais-publicados\/\"]}]},{\"@type\":\"ImageObject\",\"inLanguage\":\"pt-BR\",\"@id\":\"https:\/\/www.estrategiaconcursos.com.br\/blog\/concurso-esfcex-2026-editais-publicados\/#primaryimage\",\"url\":\"https:\/\/dhg1h5j42swfq.cloudfront.net\/2023\/12\/15120227\/esfcex.jpg\",\"contentUrl\":\"https:\/\/dhg1h5j42swfq.cloudfront.net\/2023\/12\/15120227\/esfcex.jpg\",\"width\":768,\"height\":432,\"caption\":\"concurso esfcex\"},{\"@type\":\"BreadcrumbList\",\"@id\":\"https:\/\/www.estrategiaconcursos.com.br\/blog\/concurso-esfcex-2026-editais-publicados\/#breadcrumb\",\"itemListElement\":[{\"@type\":\"ListItem\",\"position\":1,\"name\":\"In\u00edcio\",\"item\":\"https:\/\/www.estrategiaconcursos.com.br\/blog\/\"},{\"@type\":\"ListItem\",\"position\":2,\"name\":\"Editais EsFCEx t\u00eam 227 vagas e at\u00e9 R$ 9 mil\"}]},{\"@type\":\"WebSite\",\"@id\":\"https:\/\/www.estrategiaconcursos.com.br\/blog\/#website\",\"url\":\"https:\/\/www.estrategiaconcursos.com.br\/blog\/\",\"name\":\"Estrat\u00e9gia Concursos\",\"description\":\"O blog da Estrat\u00e9gia Concursos traz not\u00edcias sobre concursos e artigos de professores oferecendo cursos para concursos (pdf + videaulas) no site.\",\"publisher\":{\"@id\":\"https:\/\/www.estrategiaconcursos.com.br\/blog\/#organization\"},\"potentialAction\":[{\"@type\":\"SearchAction\",\"target\":{\"@type\":\"EntryPoint\",\"urlTemplate\":\"https:\/\/www.estrategiaconcursos.com.br\/blog\/?s={search_term_string}\"},\"query-input\":{\"@type\":\"PropertyValueSpecification\",\"valueRequired\":true,\"valueName\":\"search_term_string\"}}],\"inLanguage\":\"pt-BR\"},{\"@type\":\"Organization\",\"@id\":\"https:\/\/www.estrategiaconcursos.com.br\/blog\/#organization\",\"name\":\"Estrat\u00e9gia Concursos\",\"url\":\"https:\/\/www.estrategiaconcursos.com.br\/blog\/\",\"logo\":{\"@type\":\"ImageObject\",\"inLanguage\":\"pt-BR\",\"@id\":\"https:\/\/www.estrategiaconcursos.com.br\/blog\/#\/schema\/logo\/image\/\",\"url\":\"https:\/\/dhg1h5j42swfq.cloudfront.net\/2025\/06\/03203428\/logo_concursos-1.jpg\",\"contentUrl\":\"https:\/\/dhg1h5j42swfq.cloudfront.net\/2025\/06\/03203428\/logo_concursos-1.jpg\",\"width\":230,\"height\":60,\"caption\":\"Estrat\u00e9gia Concursos\"},\"image\":{\"@id\":\"https:\/\/www.estrategiaconcursos.com.br\/blog\/#\/schema\/logo\/image\/\"},\"sameAs\":[\"https:\/\/x.com\/EstratConcursos\"]},{\"@type\":\"Person\",\"@id\":\"https:\/\/www.estrategiaconcursos.com.br\/blog\/#\/schema\/person\/a06e841e501f2e1d8c49c4e8f066bfd1\",\"name\":\"Priscila Almeida\",\"image\":{\"@type\":\"ImageObject\",\"inLanguage\":\"pt-BR\",\"@id\":\"https:\/\/secure.gravatar.com\/avatar\/0a963c9e2a947fa675b669cea2b5d0ba6dd1cbf46b966190343b6c9973ad3337?s=96&d=mm&r=g\",\"url\":\"https:\/\/secure.gravatar.com\/avatar\/0a963c9e2a947fa675b669cea2b5d0ba6dd1cbf46b966190343b6c9973ad3337?s=96&d=mm&r=g\",\"contentUrl\":\"https:\/\/secure.gravatar.com\/avatar\/0a963c9e2a947fa675b669cea2b5d0ba6dd1cbf46b966190343b6c9973ad3337?s=96&d=mm&r=g\",\"caption\":\"Priscila Almeida\"},\"description\":\"Atua na \u00e1rea de concursos p\u00fablicos desde 2019. As editorias que mais t\u00eam familiaridade s\u00e3o: Tribunais (TJs; TRTs; TREs; TSTs; STJ, STF, STM e TSE); Defensorias; Minist\u00e9rios P\u00fablicos; Procuradorias; Educa\u00e7\u00e3o e Conselhos. Na \u00e1rea de comunica\u00e7\u00e3o, de maneira geral, a caminhada \u00e9 um pouco mais longa - desde 2007. Possui experi\u00eancia em reda\u00e7\u00f5es de r\u00e1dio, TV, Web e impresso, al\u00e9m de desenvolver trabalhos em assessorias de comunica\u00e7\u00e3o institucional, empresarial e p\u00fablicas. Entre outros trabalhos, se destacam a atua\u00e7\u00e3o nas \u00e1reas de Justi\u00e7a, Congresso, Esportes, Sa\u00fade, Agropecu\u00e1ria, Cidades e Avia\u00e7\u00e3o Civil.\",\"url\":\"https:\/\/www.estrategiaconcursos.com.br\/blog\/author\/priscila-almeidaestrategia-com\/\"}]}<\/script>\n<!-- \/ Yoast SEO Premium plugin. -->","yoast_head_json":{"title":"Editais EsFCEx t\u00eam 227 vagas e at\u00e9 R$ 9 mil","description":"Sa\u00edram os editais do Concurso EsFCEx 2026 para Oficiais de Sa\u00fade, Quadro Complementar e Capel\u00e3es do Ex\u00e9rcito. Inscri\u00e7\u00f5es abertas!","robots":{"index":"index","follow":"follow","max-snippet":"max-snippet:-1","max-image-preview":"max-image-preview:large","max-video-preview":"max-video-preview:-1"},"canonical":"https:\/\/www.estrategiaconcursos.com.br\/blog\/concurso-esfcex-2026-editais-publicados\/","og_locale":"pt_BR","og_type":"article","og_title":"Editais EsFCEx t\u00eam 227 vagas e at\u00e9 R$ 9 mil","og_description":"Sa\u00edram os editais do Concurso EsFCEx 2026 para Oficiais de Sa\u00fade, Quadro Complementar e Capel\u00e3es do Ex\u00e9rcito. Inscri\u00e7\u00f5es abertas!","og_url":"https:\/\/www.estrategiaconcursos.com.br\/blog\/concurso-esfcex-2026-editais-publicados\/","og_site_name":"Estrat\u00e9gia Concursos","article_published_time":"2026-03-12T09:05:38+00:00","article_modified_time":"2026-03-27T13:36:48+00:00","og_image":[{"width":768,"height":432,"url":"https:\/\/dhg1h5j42swfq.cloudfront.net\/2023\/12\/15120227\/esfcex.jpg","type":"image\/jpeg"}],"author":"Priscila Almeida","twitter_card":"summary_large_image","twitter_creator":"@EstratConcursos","twitter_site":"@EstratConcursos","twitter_misc":{"Escrito por":"Priscila Almeida","Est. tempo de leitura":"6 minutos"},"schema":{"@context":"https:\/\/schema.org","@graph":[{"@type":"NewsArticle","@id":"https:\/\/www.estrategiaconcursos.com.br\/blog\/concurso-esfcex-2026-editais-publicados\/#article","isPartOf":{"@id":"https:\/\/www.estrategiaconcursos.com.br\/blog\/concurso-esfcex-2026-editais-publicados\/"},"author":{"name":"Priscila Almeida","@id":"https:\/\/www.estrategiaconcursos.com.br\/blog\/#\/schema\/person\/a06e841e501f2e1d8c49c4e8f066bfd1"},"headline":"Editais EsFCEx t\u00eam 227 vagas e at\u00e9 R$ 9 mil","datePublished":"2026-03-12T09:05:38+00:00","dateModified":"2026-03-27T13:36:48+00:00","mainEntityOfPage":{"@id":"https:\/\/www.estrategiaconcursos.com.br\/blog\/concurso-esfcex-2026-editais-publicados\/"},"wordCount":1298,"commentCount":0,"publisher":{"@id":"https:\/\/www.estrategiaconcursos.com.br\/blog\/#organization"},"image":{"@id":"https:\/\/www.estrategiaconcursos.com.br\/blog\/concurso-esfcex-2026-editais-publicados\/#primaryimage"},"thumbnailUrl":"https:\/\/dhg1h5j42swfq.cloudfront.net\/2023\/12\/15120227\/esfcex.jpg","articleSection":["For\u00e7as Armadas (Oficiais)","\u00daltimas not\u00edcias"],"inLanguage":"pt-BR","potentialAction":[{"@type":"CommentAction","name":"Comment","target":["https:\/\/www.estrategiaconcursos.com.br\/blog\/concurso-esfcex-2026-editais-publicados\/#respond"]}],"copyrightYear":"2026","copyrightHolder":{"@id":"https:\/\/www.estrategiaconcursos.com.br\/blog\/#organization"}},{"@type":"WebPage","@id":"https:\/\/www.estrategiaconcursos.com.br\/blog\/concurso-esfcex-2026-editais-publicados\/","url":"https:\/\/www.estrategiaconcursos.com.br\/blog\/concurso-esfcex-2026-editais-publicados\/","name":"Editais EsFCEx t\u00eam 227 vagas e at\u00e9 R$ 9 mil","isPartOf":{"@id":"https:\/\/www.estrategiaconcursos.com.br\/blog\/#website"},"primaryImageOfPage":{"@id":"https:\/\/www.estrategiaconcursos.com.br\/blog\/concurso-esfcex-2026-editais-publicados\/#primaryimage"},"image":{"@id":"https:\/\/www.estrategiaconcursos.com.br\/blog\/concurso-esfcex-2026-editais-publicados\/#primaryimage"},"thumbnailUrl":"https:\/\/dhg1h5j42swfq.cloudfront.net\/2023\/12\/15120227\/esfcex.jpg","datePublished":"2026-03-12T09:05:38+00:00","dateModified":"2026-03-27T13:36:48+00:00","description":"Sa\u00edram os editais do Concurso EsFCEx 2026 para Oficiais de Sa\u00fade, Quadro Complementar e Capel\u00e3es do Ex\u00e9rcito. Inscri\u00e7\u00f5es abertas!","breadcrumb":{"@id":"https:\/\/www.estrategiaconcursos.com.br\/blog\/concurso-esfcex-2026-editais-publicados\/#breadcrumb"},"inLanguage":"pt-BR","potentialAction":[{"@type":"ReadAction","target":["https:\/\/www.estrategiaconcursos.com.br\/blog\/concurso-esfcex-2026-editais-publicados\/"]}]},{"@type":"ImageObject","inLanguage":"pt-BR","@id":"https:\/\/www.estrategiaconcursos.com.br\/blog\/concurso-esfcex-2026-editais-publicados\/#primaryimage","url":"https:\/\/dhg1h5j42swfq.cloudfront.net\/2023\/12\/15120227\/esfcex.jpg","contentUrl":"https:\/\/dhg1h5j42swfq.cloudfront.net\/2023\/12\/15120227\/esfcex.jpg","width":768,"height":432,"caption":"concurso esfcex"},{"@type":"BreadcrumbList","@id":"https:\/\/www.estrategiaconcursos.com.br\/blog\/concurso-esfcex-2026-editais-publicados\/#breadcrumb","itemListElement":[{"@type":"ListItem","position":1,"name":"In\u00edcio","item":"https:\/\/www.estrategiaconcursos.com.br\/blog\/"},{"@type":"ListItem","position":2,"name":"Editais EsFCEx t\u00eam 227 vagas e at\u00e9 R$ 9 mil"}]},{"@type":"WebSite","@id":"https:\/\/www.estrategiaconcursos.com.br\/blog\/#website","url":"https:\/\/www.estrategiaconcursos.com.br\/blog\/","name":"Estrat\u00e9gia Concursos","description":"O blog da Estrat\u00e9gia Concursos traz not\u00edcias sobre concursos e artigos de professores oferecendo cursos para concursos (pdf + videaulas) no site.","publisher":{"@id":"https:\/\/www.estrategiaconcursos.com.br\/blog\/#organization"},"potentialAction":[{"@type":"SearchAction","target":{"@type":"EntryPoint","urlTemplate":"https:\/\/www.estrategiaconcursos.com.br\/blog\/?s={search_term_string}"},"query-input":{"@type":"PropertyValueSpecification","valueRequired":true,"valueName":"search_term_string"}}],"inLanguage":"pt-BR"},{"@type":"Organization","@id":"https:\/\/www.estrategiaconcursos.com.br\/blog\/#organization","name":"Estrat\u00e9gia Concursos","url":"https:\/\/www.estrategiaconcursos.com.br\/blog\/","logo":{"@type":"ImageObject","inLanguage":"pt-BR","@id":"https:\/\/www.estrategiaconcursos.com.br\/blog\/#\/schema\/logo\/image\/","url":"https:\/\/dhg1h5j42swfq.cloudfront.net\/2025\/06\/03203428\/logo_concursos-1.jpg","contentUrl":"https:\/\/dhg1h5j42swfq.cloudfront.net\/2025\/06\/03203428\/logo_concursos-1.jpg","width":230,"height":60,"caption":"Estrat\u00e9gia Concursos"},"image":{"@id":"https:\/\/www.estrategiaconcursos.com.br\/blog\/#\/schema\/logo\/image\/"},"sameAs":["https:\/\/x.com\/EstratConcursos"]},{"@type":"Person","@id":"https:\/\/www.estrategiaconcursos.com.br\/blog\/#\/schema\/person\/a06e841e501f2e1d8c49c4e8f066bfd1","name":"Priscila Almeida","image":{"@type":"ImageObject","inLanguage":"pt-BR","@id":"https:\/\/secure.gravatar.com\/avatar\/0a963c9e2a947fa675b669cea2b5d0ba6dd1cbf46b966190343b6c9973ad3337?s=96&d=mm&r=g","url":"https:\/\/secure.gravatar.com\/avatar\/0a963c9e2a947fa675b669cea2b5d0ba6dd1cbf46b966190343b6c9973ad3337?s=96&d=mm&r=g","contentUrl":"https:\/\/secure.gravatar.com\/avatar\/0a963c9e2a947fa675b669cea2b5d0ba6dd1cbf46b966190343b6c9973ad3337?s=96&d=mm&r=g","caption":"Priscila Almeida"},"description":"Atua na \u00e1rea de concursos p\u00fablicos desde 2019. As editorias que mais t\u00eam familiaridade s\u00e3o: Tribunais (TJs; TRTs; TREs; TSTs; STJ, STF, STM e TSE); Defensorias; Minist\u00e9rios P\u00fablicos; Procuradorias; Educa\u00e7\u00e3o e Conselhos. Na \u00e1rea de comunica\u00e7\u00e3o, de maneira geral, a caminhada \u00e9 um pouco mais longa - desde 2007. Possui experi\u00eancia em reda\u00e7\u00f5es de r\u00e1dio, TV, Web e impresso, al\u00e9m de desenvolver trabalhos em assessorias de comunica\u00e7\u00e3o institucional, empresarial e p\u00fablicas. Entre outros trabalhos, se destacam a atua\u00e7\u00e3o nas \u00e1reas de Justi\u00e7a, Congresso, Esportes, Sa\u00fade, Agropecu\u00e1ria, Cidades e Avia\u00e7\u00e3o Civil.","url":"https:\/\/www.estrategiaconcursos.com.br\/blog\/author\/priscila-almeidaestrategia-com\/"}]}},"_links":{"self":[{"href":"https:\/\/www.estrategiaconcursos.com.br\/blog\/wp-json\/wp\/v2\/posts\/1731564","targetHints":{"allow":["GET"]}}],"collection":[{"href":"https:\/\/www.estrategiaconcursos.com.br\/blog\/wp-json\/wp\/v2\/posts"}],"about":[{"href":"https:\/\/www.estrategiaconcursos.com.br\/blog\/wp-json\/wp\/v2\/types\/post"}],"author":[{"embeddable":true,"href":"https:\/\/www.estrategiaconcursos.com.br\/blog\/wp-json\/wp\/v2\/users\/2375"}],"replies":[{"embeddable":true,"href":"https:\/\/www.estrategiaconcursos.com.br\/blog\/wp-json\/wp\/v2\/comments?post=1731564"}],"version-history":[{"count":24,"href":"https:\/\/www.estrategiaconcursos.com.br\/blog\/wp-json\/wp\/v2\/posts\/1731564\/revisions"}],"predecessor-version":[{"id":1744435,"href":"https:\/\/www.estrategiaconcursos.com.br\/blog\/wp-json\/wp\/v2\/posts\/1731564\/revisions\/1744435"}],"wp:featuredmedia":[{"embeddable":true,"href":"https:\/\/www.estrategiaconcursos.com.br\/blog\/wp-json\/wp\/v2\/media\/1322140"}],"wp:attachment":[{"href":"https:\/\/www.estrategiaconcursos.com.br\/blog\/wp-json\/wp\/v2\/media?parent=1731564"}],"wp:term":[{"taxonomy":"category","embeddable":true,"href":"https:\/\/www.estrategiaconcursos.com.br\/blog\/wp-json\/wp\/v2\/categories?post=1731564"},{"taxonomy":"post_tag","embeddable":true,"href":"https:\/\/www.estrategiaconcursos.com.br\/blog\/wp-json\/wp\/v2\/tags?post=1731564"},{"taxonomy":"tax_estado","embeddable":true,"href":"https:\/\/www.estrategiaconcursos.com.br\/blog\/wp-json\/wp\/v2\/tax_estado?post=1731564"}],"curies":[{"name":"wp","href":"https:\/\/api.w.org\/{rel}","templated":true}]}}