{"id":173142,"date":"2019-03-21T17:31:04","date_gmt":"2019-03-21T20:31:04","guid":{"rendered":"https:\/\/www.estrategiaconcursos.com.br\/blog\/?p=173142"},"modified":"2019-03-21T17:46:44","modified_gmt":"2019-03-21T20:46:44","slug":"sugestao-de-leitura-autocritica","status":"publish","type":"post","link":"https:\/\/www.estrategiaconcursos.com.br\/blog\/sugestao-de-leitura-autocritica\/","title":{"rendered":"Sugest\u00e3o de leitura (autocr\u00edtica)"},"content":{"rendered":"\n<figure class=\"wp-block-image is-resized\"><img loading=\"lazy\" decoding=\"async\" src=\"https:\/\/dhg1h5j42swfq.cloudfront.net\/2019\/03\/21172548\/caricatura1-alta-resolu%C3%A7%C3%A3o.png\" alt=\"\" class=\"wp-image-173167\" width=\"79\" height=\"141\" srcset=\"https:\/\/dhg1h5j42swfq.cloudfront.net\/2019\/03\/21172548\/caricatura1-alta-resolu%C3%A7%C3%A3o.png 720w, https:\/\/dhg1h5j42swfq.cloudfront.net\/2019\/03\/21172548\/caricatura1-alta-resolu%C3%A7%C3%A3o.png 169w, https:\/\/dhg1h5j42swfq.cloudfront.net\/2019\/03\/21172548\/caricatura1-alta-resolu%C3%A7%C3%A3o.png 576w\" sizes=\"auto, (max-width: 79px) 100vw, 79px\" \/><\/figure>\n\n\n\n<p>Ol\u00e1, pessoal!<\/p>\n\n\n\n<p>Digo sempre que a gente aprende muito com a leitura, e n\u00e3o somente com os diversos e maravilhosos livros que est\u00e3o por a\u00ed, mas tamb\u00e9m com os textos curtos. <\/p>\n\n\n\n<p>Com a leitura, passamos a ter uma vis\u00e3o mais ampla de algo que t\u00ednhamos como t\u00e3o pequeno e inerte; mas tamb\u00e9m podemos ter uma vis\u00e3o mais particular e aprofundada daquilo que muitas vezes est\u00e1 distante de nossos olhos ou \u00e0s vezes est\u00e1 bem perto, mas n\u00e3o percebemos com a mesma intensidade ou brilho de uma outra pessoa que dedicou um tempo para escrever uma li\u00e7\u00e3o de vida.<\/p>\n\n\n\n<p>Alguns dizem que ler \u00e9 algo chato ou cansativo; outros dizem que depende de n\u00edvel de instru\u00e7\u00e3o. N\u00e3o digo isso, nem concordo!<\/p>\n\n\n\n<p><strong>Ler \u00e9 ter tempo para si!&nbsp;<\/strong><\/p>\n\n\n\n<p>Isso mesmo! Ler \u00e9 ter tempo para voc\u00ea mesmo, \u00e9 dedicar o tempo ocioso (que a gente usaria para ver o Instagram, o You Tube ou a TV) em algo mais construtivo, que refor\u00e7a o nosso bem t\u00e3o precioso: nossa mem\u00f3ria!<\/p>\n\n\n\n<p>N\u00e3o falo aqui da leitura de seus livros eletr\u00f4nicos, meus alunos! Falo aqui daquele momento em que voc\u00ea j\u00e1 se cansou do pdf, da videoaula e quer apenas relaxar!<\/p>\n\n\n\n<p>Ah! Esse momento \u00e9 m\u00e1gico, n\u00e3o \u00e9?!<\/p>\n\n\n\n<p>Pois \u00e9! Leia neste momento!<\/p>\n\n\n\n<p>C\u00e1 para n\u00f3s, o bom do concurseiro \u00e9 que existe a prova de Portugu\u00eas nos concursos (relevem, porque sou professor de Portugu\u00eas e este \u00e9 o meu momento de puxar &#8220;a sardinha para meu lado&#8221; rsrsrsrsrs).<\/p>\n\n\n\n<p>Veja bem: toda prova apresenta pelo menos um texto.<\/p>\n\n\n\n<p>E normalmente os textos escolhidos pelas bancas apresentam muita informa\u00e7\u00e3o relevante, discuss\u00f5es importantes, an\u00e1lises que nos levam a muita autocr\u00edtica.<\/p>\n\n\n\n<p>Muitas vezes h\u00e1 poemas ou narrativas &#8211; complexas ou n\u00e3o &#8211; com temas que nos fazem viajar sem sair do lugar, que nos fazem viver uma situa\u00e7\u00e3o ainda n\u00e3o vivida!<\/p>\n\n\n\n<p>Quem aqui nunca leu um texto em que o autor critica justamente uma a\u00e7\u00e3o ou pensamento negativos do nosso do dia a dia? \u00c9! Alguma coisa que entrou em nossa mente num momento insano, num momento de ang\u00fastia, num momento triste. Se voc\u00ea n\u00e3o est\u00e1 nesta lista, das duas uma: ou vai para o C\u00e9u sem escala ou est\u00e1 mentindo rsrsrsrsrs!<\/p>\n\n\n\n<p>Assim, quero convidar voc\u00ea a sempre tirar um tempinho do seu estudo, dos seus afazeres para ler sobre algo que algu\u00e9m dedicou um tempo para tornar voc\u00ea mais experiente.<\/p>\n\n\n\n<p>Toda semana vou deixar aqui nos meus artigos uma indica\u00e7\u00e3o legal de leitura! N\u00e3o vamos interpretar textos, vamos apreciar a boa leitura!<\/p>\n\n\n\n<p>O texto que selecionei abaixo est\u00e1 na prova da SEFAZ RS e foi a banca CESPE quem o escolheu!<\/p>\n\n\n\n<p>O texto \u00e9 de  Charles Kiefer, com adapta\u00e7\u00f5es!<\/p>\n\n\n\n<p>Vamos \u00e0 leitura?!<\/p>\n\n\n\n<ul class=\"wp-block-gallery columns-1 is-cropped wp-block-gallery-1 is-layout-flex wp-block-gallery-is-layout-flex\"><li class=\"blocks-gallery-item\"><figure><img decoding=\"async\" src=\"https:\/\/dhg1h5j42swfq.cloudfront.net\/2019\/03\/21174620\/divis%C3%A3o.png\" alt=\"\" data-id=\"173178\" data-link=\"https:\/\/www.estrategiaconcursos.com.br\/blog\/sugestao-de-leitura-autocritica\/divisao\/\" class=\"wp-image-173178\"\/><\/figure><\/li><\/ul>\n\n\n\n<p><em>Pixis foi um m\u00fasico med\u00edocre, mas teve o seu dia de gl\u00f3ria no distante ano de 1837. <\/em><\/p>\n\n\n\n<p><em>Em um concerto em Paris, Franz Liszt tocou uma pe\u00e7a do (hoje) desconhecido compositor, junto com outra, do admir\u00e1vel, maravilhoso e extraordin\u00e1rio Beethoven (os adjetivos aqui podem ser verdadeiros, mas \u2014 como se ver\u00e1 \u2014 relativos). A plateia, formada por um p\u00fablico refinado, culto e um pouco bovino, como s\u00e3o, sempre, os homens em ajuntamentos, esperava com impaci\u00eancia. <\/em><\/p>\n\n\n\n<p><em>Liszt tocou Beethoven e foi calorosamente aplaudido. Depois, quando chegou a vez do obscuro e inferior Pixis, manifestou-se o desprezo coletivo. Alguns, com ouvidos mais sens\u00edveis, depois de lerem o programa que anunciava as pe\u00e7as do m\u00fasico menor, retiraram-se do teatro, incapazes de suportar m\u00fasica de m\u00e1 qualidade. <\/em><\/p>\n\n\n\n<p><em>Como sabemos, os mel\u00f4manos s\u00e3o impacientes com as obras de ep\u00edgonos, t\u00e3o c\u00e9leres em reproduzir, em clave rebaixada, as novas t\u00e9cnicas inventadas pelos grandes artistas. <\/em><\/p>\n\n\n\n<p><em>Liszt, no entanto, registraria que um erro tipogr\u00e1fico invertera, no programa do concerto, os nomes de Pixis e Beethoven&#8230; <\/em><\/p>\n\n\n\n<p><em>A m\u00fasica de Pixis, ouvida como sendo de Beethoven, foi recebida com entusiasmo e paix\u00e3o, e a de Beethoven, ouvida como sendo de Pixis, foi enxovalhada. <\/em><\/p>\n\n\n\n<p><em>Esse epis\u00f3dio, c\u00f4mico se n\u00e3o fosse doloroso, deveria nos tornar mais atentos e menos arrogantes a respeito do que julgamos ser arte.<\/em> <\/p>\n\n\n\n<p><em>Desconsiderar, no fen\u00f4meno est\u00e9tico, os mecanismos de recep\u00e7\u00e3o \u00e9 correr o risco de aplaudir Pixis como se fosse Beethoven. <\/em><\/p>\n\n\n\n<p>Charles Kiefer. O paradoxo de Pixis. In: Para ser escritor. S\u00e3o Paulo: Leya, 2010 (com adapta\u00e7\u00f5es).<\/p>\n\n\n\n<figure class=\"wp-block-image\"><img decoding=\"async\" src=\"https:\/\/dhg1h5j42swfq.cloudfront.net\/2019\/03\/21174620\/divis%C3%A3o.png\" alt=\"\" class=\"wp-image-173178\"\/><\/figure>\n\n\n\n<p>Voc\u00ea se lembra do que falei sobre a nossa autocr\u00edtica?<\/p>\n\n\n\n<p>Olhe s\u00f3 a mensagem do texto no pen\u00faltimo par\u00e1grafo:   <\/p>\n\n\n\n<p>&#8220;<em>Esse epis\u00f3dio (&#8230;) deveria nos tornar mais atentos e menos arrogantes a respeito do que julgamos ser arte.&#8221; <\/em><\/p>\n\n\n\n<p>N\u00e3o s\u00f3 na arte!<\/p>\n\n\n\n<p>Muitas vezes julgamos pela &#8220;casca&#8221;, e n\u00e3o pelo conte\u00fado!<\/p>\n\n\n\n<p>Isso serve para o nosso dia a dia. <\/p>\n\n\n\n<p>Se formos analisar mais detidamente, temos &#8220;pr\u00e9-conceito&#8221; de tudo, pela imagem que temos de algo ou algu\u00e9m. N\u00f3s nos dispomos a perceber com &#8220;bons olhos&#8221; aquilo que j\u00e1 temos como b\u00e1sico, atraente, econ\u00f4mico (ou caro), na moda etc. <\/p>\n\n\n\n<p>Assim, algumas vezes vivemos numa in\u00e9rcia, por ser mais confort\u00e1vel ou pr\u00e1tico. Alguns bons autores dizem que isso tem sido chamado de &#8220;efeito manada&#8221;.<\/p>\n\n\n\n<p>\u00c9 por isso que muitos vivem ref\u00e9ns dos modismos, do consumismo agregado a eles, at\u00e9 nos sentimos absorvidos por esse efeito manada, n\u00e3o \u00e9 mesmo?!<\/p>\n\n\n\n<p>Sendo um pouco metalingu\u00edstico, muitas vezes dizemos que n\u00e3o somos afeitos \u00e0 leitura, simplesmente por julgarmos ter dificuldade de aten\u00e7\u00e3o; mas hoje voc\u00ea leu um texto apraz\u00edvel e percebeu que n\u00e3o \u00e9 bem assim!<\/p>\n\n\n\n<p>Tamb\u00e9m no seu estudo isso ocorre: quantas vezes nos pegamos desmotivados, assoberbados de cobran\u00e7a pr\u00f3pria, afora a das demais pessoas!<\/p>\n\n\n\n<p>Ent\u00e3o, lembre-se do texto: n\u00e3o aja pela casca, <strong>ou\u00e7a a melhor m\u00fasica<\/strong>,  independente de quem a comp\u00f4s! <\/p>\n\n\n\n<p><strong>A sua m\u00fasica \u00e9 o sucesso do qual voc\u00ea est\u00e1 em busca!<\/strong> <\/p>\n\n\n\n<div class=\"wp-block-media-text alignwide\"><figure class=\"wp-block-media-text__media\"><img loading=\"lazy\" decoding=\"async\" width=\"576\" height=\"716\" src=\"https:\/\/dhg1h5j42swfq.cloudfront.net\/2019\/03\/21171050\/decioapontandoodedo.png\" alt=\"\" class=\"wp-image-173161\" srcset=\"https:\/\/dhg1h5j42swfq.cloudfront.net\/2019\/03\/21171050\/decioapontandoodedo.png 576w, https:\/\/dhg1h5j42swfq.cloudfront.net\/2019\/03\/21171050\/decioapontandoodedo.png 241w\" sizes=\"auto, (max-width: 576px) 100vw, 576px\" \/><\/figure><div class=\"wp-block-media-text__content\">\n<p class=\"has-large-font-size\">E quem a comp\u00f5e \u00e9 voc\u00ea!<\/p>\n<\/div><\/div>\n\n\n\n<p>Grande abra\u00e7o!<\/p>\n\n\n\n<p><a href=\"https:\/\/www.youtube.com\/channel\/UCu5mMewoQZGIjsbgM6UanLg?view_as=subscriber\" target=\"_blank\" rel=\"noreferrer noopener\" aria-label=\"D\u00e9cio Terror (opens in a new tab)\">D\u00e9cio Terror<\/a><\/p>\n\n\n\n<p>N\u00e3o se esque\u00e7a de acompanhar minha indica\u00e7\u00e3o semanal de leitura, ok?!<\/p>\n\n\n\n<p>Vou deixar sempre o link no meu <a href=\"https:\/\/www.instagram.com\/decioterror\/?hl=pt-br\" target=\"_blank\" rel=\"noreferrer noopener\" aria-label=\"Instagram (opens in a new tab)\">Instagram<\/a>! <\/p>\n","protected":false},"excerpt":{"rendered":"<p>Ol\u00e1, pessoal! Digo sempre que a gente aprende muito com a leitura, e n\u00e3o somente com os diversos e maravilhosos livros que est\u00e3o por a\u00ed, mas tamb\u00e9m com os textos curtos. Com a leitura, passamos a ter uma vis\u00e3o mais ampla de algo que t\u00ednhamos como t\u00e3o pequeno e inerte; mas tamb\u00e9m podemos ter uma [&hellip;]<\/p>\n","protected":false},"author":214,"featured_media":0,"comment_status":"open","ping_status":"closed","sticky":false,"template":"","format":"standard","meta":{"post_tipo":"article","footnotes":""},"categories":[1],"tags":[],"tax_estado":[],"class_list":["post-173142","post","type-post","status-publish","format-standard","hentry","category-cursos-e-concursos"],"acf":[],"yoast_head":"<!-- This site is optimized with the Yoast SEO Premium plugin v27.2 (Yoast SEO v27.2) - https:\/\/yoast.com\/product\/yoast-seo-premium-wordpress\/ -->\n<title>Sugest\u00e3o de leitura (autocr\u00edtica) Sugest\u00e3o de leitura (autocr\u00edtica)<\/title>\n<meta name=\"description\" content=\"Sugest\u00e3o de leitura (autocr\u00edtica)\" \/>\n<meta name=\"robots\" content=\"index, follow, max-snippet:-1, max-image-preview:large, max-video-preview:-1\" \/>\n<link rel=\"canonical\" href=\"https:\/\/www.estrategiaconcursos.com.br\/blog\/sugestao-de-leitura-autocritica\/\" \/>\n<meta property=\"og:locale\" content=\"pt_BR\" \/>\n<meta property=\"og:type\" content=\"article\" \/>\n<meta property=\"og:title\" content=\"Sugest\u00e3o de leitura (autocr\u00edtica)\" \/>\n<meta property=\"og:description\" content=\"Sugest\u00e3o de leitura (autocr\u00edtica)\" \/>\n<meta property=\"og:url\" content=\"https:\/\/www.estrategiaconcursos.com.br\/blog\/sugestao-de-leitura-autocritica\/\" \/>\n<meta property=\"og:site_name\" content=\"Estrat\u00e9gia Concursos\" \/>\n<meta property=\"article:published_time\" content=\"2019-03-21T20:31:04+00:00\" \/>\n<meta property=\"article:modified_time\" content=\"2019-03-21T20:46:44+00:00\" \/>\n<meta property=\"og:image\" content=\"https:\/\/www.estrategiaconcursos.com.br\/blog\/wp-content\/uploads\/2019\/03\/decioapontandoodedo.png\" \/>\n<meta name=\"author\" content=\"D\u00e9cio Terror Filho\" \/>\n<meta name=\"twitter:card\" content=\"summary_large_image\" \/>\n<meta name=\"twitter:creator\" content=\"@EstratConcursos\" \/>\n<meta name=\"twitter:site\" content=\"@EstratConcursos\" \/>\n<meta name=\"twitter:label1\" content=\"Escrito por\" \/>\n\t<meta name=\"twitter:data1\" content=\"D\u00e9cio Terror Filho\" \/>\n\t<meta name=\"twitter:label2\" content=\"Est. tempo de leitura\" \/>\n\t<meta name=\"twitter:data2\" content=\"5 minutos\" \/>\n<script type=\"application\/ld+json\" class=\"yoast-schema-graph\">{\"@context\":\"https:\/\/schema.org\",\"@graph\":[{\"@type\":\"NewsArticle\",\"@id\":\"https:\/\/www.estrategiaconcursos.com.br\/blog\/sugestao-de-leitura-autocritica\/#article\",\"isPartOf\":{\"@id\":\"https:\/\/www.estrategiaconcursos.com.br\/blog\/sugestao-de-leitura-autocritica\/\"},\"author\":{\"name\":\"D\u00e9cio Terror Filho\",\"@id\":\"https:\/\/www.estrategiaconcursos.com.br\/blog\/#\/schema\/person\/e8165364027a31208914fc77c3314727\"},\"headline\":\"Sugest\u00e3o de leitura (autocr\u00edtica)\",\"datePublished\":\"2019-03-21T20:31:04+00:00\",\"dateModified\":\"2019-03-21T20:46:44+00:00\",\"mainEntityOfPage\":{\"@id\":\"https:\/\/www.estrategiaconcursos.com.br\/blog\/sugestao-de-leitura-autocritica\/\"},\"wordCount\":1040,\"commentCount\":12,\"publisher\":{\"@id\":\"https:\/\/www.estrategiaconcursos.com.br\/blog\/#organization\"},\"image\":{\"@id\":\"https:\/\/www.estrategiaconcursos.com.br\/blog\/sugestao-de-leitura-autocritica\/#primaryimage\"},\"thumbnailUrl\":\"https:\/\/www.estrategiaconcursos.com.br\/blog\/wp-content\/uploads\/2019\/03\/decioapontandoodedo.png\",\"articleSection\":[\"Concursos P\u00fablicos\"],\"inLanguage\":\"pt-BR\",\"potentialAction\":[{\"@type\":\"CommentAction\",\"name\":\"Comment\",\"target\":[\"https:\/\/www.estrategiaconcursos.com.br\/blog\/sugestao-de-leitura-autocritica\/#respond\"]}],\"copyrightYear\":\"2019\",\"copyrightHolder\":{\"@id\":\"https:\/\/www.estrategiaconcursos.com.br\/blog\/#organization\"}},{\"@type\":\"WebPage\",\"@id\":\"https:\/\/www.estrategiaconcursos.com.br\/blog\/sugestao-de-leitura-autocritica\/\",\"url\":\"https:\/\/www.estrategiaconcursos.com.br\/blog\/sugestao-de-leitura-autocritica\/\",\"name\":\"Sugest\u00e3o de leitura (autocr\u00edtica) Sugest\u00e3o de leitura (autocr\u00edtica)\",\"isPartOf\":{\"@id\":\"https:\/\/www.estrategiaconcursos.com.br\/blog\/#website\"},\"primaryImageOfPage\":{\"@id\":\"https:\/\/www.estrategiaconcursos.com.br\/blog\/sugestao-de-leitura-autocritica\/#primaryimage\"},\"image\":{\"@id\":\"https:\/\/www.estrategiaconcursos.com.br\/blog\/sugestao-de-leitura-autocritica\/#primaryimage\"},\"thumbnailUrl\":\"https:\/\/www.estrategiaconcursos.com.br\/blog\/wp-content\/uploads\/2019\/03\/decioapontandoodedo.png\",\"datePublished\":\"2019-03-21T20:31:04+00:00\",\"dateModified\":\"2019-03-21T20:46:44+00:00\",\"description\":\"Sugest\u00e3o de leitura (autocr\u00edtica)\",\"breadcrumb\":{\"@id\":\"https:\/\/www.estrategiaconcursos.com.br\/blog\/sugestao-de-leitura-autocritica\/#breadcrumb\"},\"inLanguage\":\"pt-BR\",\"potentialAction\":[{\"@type\":\"ReadAction\",\"target\":[\"https:\/\/www.estrategiaconcursos.com.br\/blog\/sugestao-de-leitura-autocritica\/\"]}]},{\"@type\":\"ImageObject\",\"inLanguage\":\"pt-BR\",\"@id\":\"https:\/\/www.estrategiaconcursos.com.br\/blog\/sugestao-de-leitura-autocritica\/#primaryimage\",\"url\":\"https:\/\/dhg1h5j42swfq.cloudfront.net\/2019\/03\/21171050\/decioapontandoodedo.png\",\"contentUrl\":\"https:\/\/dhg1h5j42swfq.cloudfront.net\/2019\/03\/21171050\/decioapontandoodedo.png\",\"width\":576,\"height\":716},{\"@type\":\"BreadcrumbList\",\"@id\":\"https:\/\/www.estrategiaconcursos.com.br\/blog\/sugestao-de-leitura-autocritica\/#breadcrumb\",\"itemListElement\":[{\"@type\":\"ListItem\",\"position\":1,\"name\":\"In\u00edcio\",\"item\":\"https:\/\/www.estrategiaconcursos.com.br\/blog\/\"},{\"@type\":\"ListItem\",\"position\":2,\"name\":\"Sugest\u00e3o de leitura (autocr\u00edtica)\"}]},{\"@type\":\"WebSite\",\"@id\":\"https:\/\/www.estrategiaconcursos.com.br\/blog\/#website\",\"url\":\"https:\/\/www.estrategiaconcursos.com.br\/blog\/\",\"name\":\"Estrat\u00e9gia Concursos\",\"description\":\"O blog da Estrat\u00e9gia Concursos traz not\u00edcias sobre concursos e artigos de professores oferecendo cursos para concursos (pdf + videaulas) no site.\",\"publisher\":{\"@id\":\"https:\/\/www.estrategiaconcursos.com.br\/blog\/#organization\"},\"potentialAction\":[{\"@type\":\"SearchAction\",\"target\":{\"@type\":\"EntryPoint\",\"urlTemplate\":\"https:\/\/www.estrategiaconcursos.com.br\/blog\/?s={search_term_string}\"},\"query-input\":{\"@type\":\"PropertyValueSpecification\",\"valueRequired\":true,\"valueName\":\"search_term_string\"}}],\"inLanguage\":\"pt-BR\"},{\"@type\":\"Organization\",\"@id\":\"https:\/\/www.estrategiaconcursos.com.br\/blog\/#organization\",\"name\":\"Estrat\u00e9gia Concursos\",\"url\":\"https:\/\/www.estrategiaconcursos.com.br\/blog\/\",\"logo\":{\"@type\":\"ImageObject\",\"inLanguage\":\"pt-BR\",\"@id\":\"https:\/\/www.estrategiaconcursos.com.br\/blog\/#\/schema\/logo\/image\/\",\"url\":\"https:\/\/dhg1h5j42swfq.cloudfront.net\/2025\/06\/03203428\/logo_concursos-1.jpg\",\"contentUrl\":\"https:\/\/dhg1h5j42swfq.cloudfront.net\/2025\/06\/03203428\/logo_concursos-1.jpg\",\"width\":230,\"height\":60,\"caption\":\"Estrat\u00e9gia Concursos\"},\"image\":{\"@id\":\"https:\/\/www.estrategiaconcursos.com.br\/blog\/#\/schema\/logo\/image\/\"},\"sameAs\":[\"https:\/\/x.com\/EstratConcursos\"]},{\"@type\":\"Person\",\"@id\":\"https:\/\/www.estrategiaconcursos.com.br\/blog\/#\/schema\/person\/e8165364027a31208914fc77c3314727\",\"name\":\"D\u00e9cio Terror Filho\",\"image\":{\"@type\":\"ImageObject\",\"inLanguage\":\"pt-BR\",\"@id\":\"https:\/\/secure.gravatar.com\/avatar\/a5b78e734de7c6482e965926e78344deb81abbc34282a3c9536cbb1a59728a37?s=96&d=mm&r=g\",\"url\":\"https:\/\/secure.gravatar.com\/avatar\/a5b78e734de7c6482e965926e78344deb81abbc34282a3c9536cbb1a59728a37?s=96&d=mm&r=g\",\"contentUrl\":\"https:\/\/secure.gravatar.com\/avatar\/a5b78e734de7c6482e965926e78344deb81abbc34282a3c9536cbb1a59728a37?s=96&d=mm&r=g\",\"caption\":\"D\u00e9cio Terror Filho\"},\"url\":\"https:\/\/www.estrategiaconcursos.com.br\/blog\/author\/contatoterrorportugues-com-br\/\"}]}<\/script>\n<!-- \/ Yoast SEO Premium plugin. -->","yoast_head_json":{"title":"Sugest\u00e3o de leitura (autocr\u00edtica) Sugest\u00e3o de leitura (autocr\u00edtica)","description":"Sugest\u00e3o de leitura (autocr\u00edtica)","robots":{"index":"index","follow":"follow","max-snippet":"max-snippet:-1","max-image-preview":"max-image-preview:large","max-video-preview":"max-video-preview:-1"},"canonical":"https:\/\/www.estrategiaconcursos.com.br\/blog\/sugestao-de-leitura-autocritica\/","og_locale":"pt_BR","og_type":"article","og_title":"Sugest\u00e3o de leitura (autocr\u00edtica)","og_description":"Sugest\u00e3o de leitura (autocr\u00edtica)","og_url":"https:\/\/www.estrategiaconcursos.com.br\/blog\/sugestao-de-leitura-autocritica\/","og_site_name":"Estrat\u00e9gia Concursos","article_published_time":"2019-03-21T20:31:04+00:00","article_modified_time":"2019-03-21T20:46:44+00:00","og_image":[{"url":"https:\/\/www.estrategiaconcursos.com.br\/blog\/wp-content\/uploads\/2019\/03\/decioapontandoodedo.png","type":"","width":"","height":""}],"author":"D\u00e9cio Terror Filho","twitter_card":"summary_large_image","twitter_creator":"@EstratConcursos","twitter_site":"@EstratConcursos","twitter_misc":{"Escrito por":"D\u00e9cio Terror Filho","Est. tempo de leitura":"5 minutos"},"schema":{"@context":"https:\/\/schema.org","@graph":[{"@type":"NewsArticle","@id":"https:\/\/www.estrategiaconcursos.com.br\/blog\/sugestao-de-leitura-autocritica\/#article","isPartOf":{"@id":"https:\/\/www.estrategiaconcursos.com.br\/blog\/sugestao-de-leitura-autocritica\/"},"author":{"name":"D\u00e9cio Terror Filho","@id":"https:\/\/www.estrategiaconcursos.com.br\/blog\/#\/schema\/person\/e8165364027a31208914fc77c3314727"},"headline":"Sugest\u00e3o de leitura (autocr\u00edtica)","datePublished":"2019-03-21T20:31:04+00:00","dateModified":"2019-03-21T20:46:44+00:00","mainEntityOfPage":{"@id":"https:\/\/www.estrategiaconcursos.com.br\/blog\/sugestao-de-leitura-autocritica\/"},"wordCount":1040,"commentCount":12,"publisher":{"@id":"https:\/\/www.estrategiaconcursos.com.br\/blog\/#organization"},"image":{"@id":"https:\/\/www.estrategiaconcursos.com.br\/blog\/sugestao-de-leitura-autocritica\/#primaryimage"},"thumbnailUrl":"https:\/\/www.estrategiaconcursos.com.br\/blog\/wp-content\/uploads\/2019\/03\/decioapontandoodedo.png","articleSection":["Concursos P\u00fablicos"],"inLanguage":"pt-BR","potentialAction":[{"@type":"CommentAction","name":"Comment","target":["https:\/\/www.estrategiaconcursos.com.br\/blog\/sugestao-de-leitura-autocritica\/#respond"]}],"copyrightYear":"2019","copyrightHolder":{"@id":"https:\/\/www.estrategiaconcursos.com.br\/blog\/#organization"}},{"@type":"WebPage","@id":"https:\/\/www.estrategiaconcursos.com.br\/blog\/sugestao-de-leitura-autocritica\/","url":"https:\/\/www.estrategiaconcursos.com.br\/blog\/sugestao-de-leitura-autocritica\/","name":"Sugest\u00e3o de leitura (autocr\u00edtica) Sugest\u00e3o de leitura (autocr\u00edtica)","isPartOf":{"@id":"https:\/\/www.estrategiaconcursos.com.br\/blog\/#website"},"primaryImageOfPage":{"@id":"https:\/\/www.estrategiaconcursos.com.br\/blog\/sugestao-de-leitura-autocritica\/#primaryimage"},"image":{"@id":"https:\/\/www.estrategiaconcursos.com.br\/blog\/sugestao-de-leitura-autocritica\/#primaryimage"},"thumbnailUrl":"https:\/\/www.estrategiaconcursos.com.br\/blog\/wp-content\/uploads\/2019\/03\/decioapontandoodedo.png","datePublished":"2019-03-21T20:31:04+00:00","dateModified":"2019-03-21T20:46:44+00:00","description":"Sugest\u00e3o de leitura (autocr\u00edtica)","breadcrumb":{"@id":"https:\/\/www.estrategiaconcursos.com.br\/blog\/sugestao-de-leitura-autocritica\/#breadcrumb"},"inLanguage":"pt-BR","potentialAction":[{"@type":"ReadAction","target":["https:\/\/www.estrategiaconcursos.com.br\/blog\/sugestao-de-leitura-autocritica\/"]}]},{"@type":"ImageObject","inLanguage":"pt-BR","@id":"https:\/\/www.estrategiaconcursos.com.br\/blog\/sugestao-de-leitura-autocritica\/#primaryimage","url":"https:\/\/dhg1h5j42swfq.cloudfront.net\/2019\/03\/21171050\/decioapontandoodedo.png","contentUrl":"https:\/\/dhg1h5j42swfq.cloudfront.net\/2019\/03\/21171050\/decioapontandoodedo.png","width":576,"height":716},{"@type":"BreadcrumbList","@id":"https:\/\/www.estrategiaconcursos.com.br\/blog\/sugestao-de-leitura-autocritica\/#breadcrumb","itemListElement":[{"@type":"ListItem","position":1,"name":"In\u00edcio","item":"https:\/\/www.estrategiaconcursos.com.br\/blog\/"},{"@type":"ListItem","position":2,"name":"Sugest\u00e3o de leitura (autocr\u00edtica)"}]},{"@type":"WebSite","@id":"https:\/\/www.estrategiaconcursos.com.br\/blog\/#website","url":"https:\/\/www.estrategiaconcursos.com.br\/blog\/","name":"Estrat\u00e9gia Concursos","description":"O blog da Estrat\u00e9gia Concursos traz not\u00edcias sobre concursos e artigos de professores oferecendo cursos para concursos (pdf + videaulas) no site.","publisher":{"@id":"https:\/\/www.estrategiaconcursos.com.br\/blog\/#organization"},"potentialAction":[{"@type":"SearchAction","target":{"@type":"EntryPoint","urlTemplate":"https:\/\/www.estrategiaconcursos.com.br\/blog\/?s={search_term_string}"},"query-input":{"@type":"PropertyValueSpecification","valueRequired":true,"valueName":"search_term_string"}}],"inLanguage":"pt-BR"},{"@type":"Organization","@id":"https:\/\/www.estrategiaconcursos.com.br\/blog\/#organization","name":"Estrat\u00e9gia Concursos","url":"https:\/\/www.estrategiaconcursos.com.br\/blog\/","logo":{"@type":"ImageObject","inLanguage":"pt-BR","@id":"https:\/\/www.estrategiaconcursos.com.br\/blog\/#\/schema\/logo\/image\/","url":"https:\/\/dhg1h5j42swfq.cloudfront.net\/2025\/06\/03203428\/logo_concursos-1.jpg","contentUrl":"https:\/\/dhg1h5j42swfq.cloudfront.net\/2025\/06\/03203428\/logo_concursos-1.jpg","width":230,"height":60,"caption":"Estrat\u00e9gia Concursos"},"image":{"@id":"https:\/\/www.estrategiaconcursos.com.br\/blog\/#\/schema\/logo\/image\/"},"sameAs":["https:\/\/x.com\/EstratConcursos"]},{"@type":"Person","@id":"https:\/\/www.estrategiaconcursos.com.br\/blog\/#\/schema\/person\/e8165364027a31208914fc77c3314727","name":"D\u00e9cio Terror Filho","image":{"@type":"ImageObject","inLanguage":"pt-BR","@id":"https:\/\/secure.gravatar.com\/avatar\/a5b78e734de7c6482e965926e78344deb81abbc34282a3c9536cbb1a59728a37?s=96&d=mm&r=g","url":"https:\/\/secure.gravatar.com\/avatar\/a5b78e734de7c6482e965926e78344deb81abbc34282a3c9536cbb1a59728a37?s=96&d=mm&r=g","contentUrl":"https:\/\/secure.gravatar.com\/avatar\/a5b78e734de7c6482e965926e78344deb81abbc34282a3c9536cbb1a59728a37?s=96&d=mm&r=g","caption":"D\u00e9cio Terror Filho"},"url":"https:\/\/www.estrategiaconcursos.com.br\/blog\/author\/contatoterrorportugues-com-br\/"}]}},"_links":{"self":[{"href":"https:\/\/www.estrategiaconcursos.com.br\/blog\/wp-json\/wp\/v2\/posts\/173142","targetHints":{"allow":["GET"]}}],"collection":[{"href":"https:\/\/www.estrategiaconcursos.com.br\/blog\/wp-json\/wp\/v2\/posts"}],"about":[{"href":"https:\/\/www.estrategiaconcursos.com.br\/blog\/wp-json\/wp\/v2\/types\/post"}],"author":[{"embeddable":true,"href":"https:\/\/www.estrategiaconcursos.com.br\/blog\/wp-json\/wp\/v2\/users\/214"}],"replies":[{"embeddable":true,"href":"https:\/\/www.estrategiaconcursos.com.br\/blog\/wp-json\/wp\/v2\/comments?post=173142"}],"version-history":[{"count":4,"href":"https:\/\/www.estrategiaconcursos.com.br\/blog\/wp-json\/wp\/v2\/posts\/173142\/revisions"}],"predecessor-version":[{"id":173179,"href":"https:\/\/www.estrategiaconcursos.com.br\/blog\/wp-json\/wp\/v2\/posts\/173142\/revisions\/173179"}],"wp:attachment":[{"href":"https:\/\/www.estrategiaconcursos.com.br\/blog\/wp-json\/wp\/v2\/media?parent=173142"}],"wp:term":[{"taxonomy":"category","embeddable":true,"href":"https:\/\/www.estrategiaconcursos.com.br\/blog\/wp-json\/wp\/v2\/categories?post=173142"},{"taxonomy":"post_tag","embeddable":true,"href":"https:\/\/www.estrategiaconcursos.com.br\/blog\/wp-json\/wp\/v2\/tags?post=173142"},{"taxonomy":"tax_estado","embeddable":true,"href":"https:\/\/www.estrategiaconcursos.com.br\/blog\/wp-json\/wp\/v2\/tax_estado?post=173142"}],"curies":[{"name":"wp","href":"https:\/\/api.w.org\/{rel}","templated":true}]}}