{"id":1730885,"date":"2026-03-11T15:39:45","date_gmt":"2026-03-11T18:39:45","guid":{"rendered":"https:\/\/www.estrategiaconcursos.com.br\/blog\/?p=1730885"},"modified":"2026-03-12T14:20:29","modified_gmt":"2026-03-12T17:20:29","slug":"concurso-camara-deputados-recursos-tecnico","status":"publish","type":"post","link":"https:\/\/www.estrategiaconcursos.com.br\/blog\/concurso-camara-deputados-recursos-tecnico\/","title":{"rendered":"Concurso C\u00e2mara dos Deputados &#8211; recursos para T\u00e9cnico!"},"content":{"rendered":"\n<p>Foram aplicadas as provas objetivas e discursivas do <strong>concurso C\u00e2mara dos Deputados<\/strong> e, com isso, os candidatos podem interpor recursos entre os dias 11 e 12 de mar\u00e7o contra os gabaritos preliminares.<\/p>\n\n\n\n<p>\u00c9 por isso que o nosso time de professores do Estrat\u00e9gia decidiu n\u00e3o ficar parado e iniciou as sugest\u00f5es de recursos, conforme crit\u00e9rios te\u00f3ricos.<\/p>\n\n\n\n<div class=\"container\" id=\"boxes\">\n  <div class=\"row\">\n\n    <div class=\"col-sm\">\n      <div class=\"banner-legislativo\" id=\"box-assinatura\">\n        <h3 class=\"titulo-assinatura\">Concurso C\u00e2mara dos Deputados<\/h3>\n        <p class=\"subtitulo-assinatura\">Prepara\u00e7\u00e3o completa para a carreira!<\/p>\n        <div class=\"box-botao\">\n          <a class=\"btn-assinatura\" target=\"_blank\" href=\"https:\/\/www.estrategiaconcursos.com.br\/cursosPorConcurso\/camara-dos-deputados\/\" rel=\"noopener noreferrer\">EXPLORAR CURSOS<\/a>\n        <\/div>\n      <\/div>\n    \n    <\/div>\n\n  <\/div>\n<\/div>\n\n\n\n<h2 class=\"wp-block-heading has-text-align-center has-cyan-bluish-gray-background-color has-background\" id=\"h-recursos-do-concurso-camara-dos-deputados-tecnico\">Recursos do concurso C\u00e2mara dos Deputados &#8211; T\u00e9cnico<\/h2>\n\n\n\n<p><strong>Prof. Douglas Schneider<\/strong> &#8211; <strong>QUEST\u00d5ES 76 e 83<\/strong><\/p>\n\n\n\n<p><strong>Quest\u00e3o 76<\/strong><\/p>\n\n\n\n<p><strong>1. Transcri\u00e7\u00e3o do item<\/strong><\/p>\n\n\n\n<p><em>\u201cO envolvimento de atores da sociedade civil e do setor privado nas pol\u00edticas p\u00fablicas est\u00e1 relacionado \u00e0 incorpora\u00e7\u00e3o da intersetorialidade a essas pol\u00edticas e confere maior complexidade \u00e0s redes organizacionais.\u201d<\/em><\/p>\n\n\n\n<p><strong>2. Gabarito preliminar<\/strong><\/p>\n\n\n\n<p>CERTO<\/p>\n\n\n\n<p><strong>3. Gabarito pleiteado<\/strong><\/p>\n\n\n\n<p>ERRADO<\/p>\n\n\n\n<p><strong>4. Fundamenta\u00e7\u00e3o<\/strong><\/p>\n\n\n\n<p>O item estabelece uma rela\u00e7\u00e3o conceitual equivocada. Ele vincula o envolvimento de atores da sociedade civil e do setor privado ao conceito de <strong>intersetorialidade<\/strong>, quando a doutrina reserva esse conceito para a articula\u00e7\u00e3o entre <strong>setores governamentais<\/strong>.<\/p>\n\n\n\n<p><strong>4.1. O que \u00e9 intersetorialidade<\/strong><\/p>\n\n\n\n<p>Telles et al. (2020) definem intersetorialidade como a \u201c<em>articula\u00e7\u00e3o planejada e sistem\u00e1tica entre diferentes setores ou \u00e1reas de governo<\/em>, visando integrar a\u00e7\u00f5es, recursos e pol\u00edticas p\u00fablicas para enfrentar problemas complexos que ultrapassam os limites de um \u00fanico setor\u201d.<\/p>\n\n\n\n<p>O <strong>foco<\/strong> da intersetorialidade \u00e9 a coordena\u00e7\u00e3o <strong>horizontal entre \u00f3rg\u00e3os e pol\u00edticas p\u00fablicas<\/strong> (Telles et al., 2020). Exemplo cl\u00e1ssico: sa\u00fade, educa\u00e7\u00e3o e assist\u00eancia social atuando juntas para enfrentar a pobreza.<\/p>\n\n\n\n<p>Os instrumentos t\u00edpicos s\u00e3o comit\u00eas intersetoriais, planos integrados e pactos de coopera\u00e7\u00e3o entre setores do governo (Telles et al., 2020). N\u00e3o h\u00e1 men\u00e7\u00e3o a atores da sociedade civil ou do setor privado nessa defini\u00e7\u00e3o.<\/p>\n\n\n\n<p><strong>4.2. Envolvimento de atores n\u00e3o estatais: outros conceitos<\/strong><\/p>\n\n\n\n<p>A participa\u00e7\u00e3o da sociedade civil e do setor privado nas pol\u00edticas p\u00fablicas se explica por outros mecanismos: <strong>governan\u00e7a em rede<\/strong> (articula\u00e7\u00e3o entre atores estatais e n\u00e3o estatais para coproduzir pol\u00edticas), <strong>participa\u00e7\u00e3o social<\/strong> (conselhos, confer\u00eancias, or\u00e7amentos participativos) e <strong>coprodu\u00e7\u00e3o de servi\u00e7os p\u00fablicos<\/strong>.<\/p>\n\n\n\n<p>A diferen\u00e7a \u00e9 clara: a intersetorialidade opera na dimens\u00e3o <strong>intragovernamental<\/strong>. Governan\u00e7a em rede e participa\u00e7\u00e3o social operam na dimens\u00e3o <strong>Estado-sociedade<\/strong> (Telles et al., 2020). S\u00e3o conceitos distintos.<\/p>\n\n\n\n<p><strong>4.3. A pr\u00f3pria doutrina distingue intersetorialidade de transversalidade<\/strong><\/p>\n\n\n\n<p>A exist\u00eancia de conceitos pr\u00f3prios refor\u00e7a a distin\u00e7\u00e3o. <strong>Transversalidade<\/strong> \u00e9 definida como a \u201cincorpora\u00e7\u00e3o sistem\u00e1tica e intencional de temas, valores ou grupos espec\u00edficos em todas as etapas, n\u00edveis e setores das pol\u00edticas p\u00fablicas\u201d (Brasil, 2024), podendo envolver atores n\u00e3o governamentais.<\/p>\n\n\n\n<p>Se a pr\u00f3pria doutrina j\u00e1 disp\u00f5e de conceito espec\u00edfico (transversalidade) para a incorpora\u00e7\u00e3o de atores e temas que extrapolam o governo, n\u00e3o se pode atribuir essa fun\u00e7\u00e3o \u00e0 intersetorialidade.<\/p>\n\n\n\n<p><strong>4.4. O erro do item<\/strong><\/p>\n\n\n\n<p>O item afirma que o envolvimento de atores da sociedade civil e do setor privado \u201cest\u00e1 relacionado \u00e0 incorpora\u00e7\u00e3o da intersetorialidade\u201d. Isso atribui \u00e0 intersetorialidade uma caracter\u00edstica que <strong>n\u00e3o lhe pertence<\/strong>: a inclus\u00e3o de atores externos ao Estado.<\/p>\n\n\n\n<p>A intersetorialidade se realiza entre setores governamentais. A incorpora\u00e7\u00e3o de atores n\u00e3o estatais decorre da governan\u00e7a em rede e da participa\u00e7\u00e3o social. Confundir esses conceitos compromete a precis\u00e3o t\u00e9cnica exigida em concurso p\u00fablico.<\/p>\n\n\n\n<p><strong>5. Refer\u00eancias<\/strong><\/p>\n\n\n\n<p>Brasil. (2024). Transversalidade nas pol\u00edticas p\u00fablicas, no plano e no or\u00e7amento. MPO.<\/p>\n\n\n\n<p>Telles, V. et al. (2020). Intersetorialidade nas pol\u00edticas p\u00fablicas. Servi\u00e7o Social &amp; Sociedade, (137), 7\u201313.<\/p>\n\n\n\n<p>Wanderley, M. B., Martinelli, M. L., &amp; Paz, R. D. O. (2020). Intersetorialidade nas pol\u00edticas p\u00fablicas. Revista Servi\u00e7o Social e Sociedade, (137).<\/p>\n\n\n\n<p><strong>6. Pedido<\/strong><\/p>\n\n\n\n<p>Requer-se a altera\u00e7\u00e3o do gabarito do item 77 de CERTO para <strong>ERRADO<\/strong>.<\/p>\n\n\n\n<p><strong>Quest\u00e3o 83<\/strong><\/p>\n\n\n\n<p><strong>1. Transcri\u00e7\u00e3o do item<\/strong><\/p>\n\n\n\n<p><em>\u201cO neocorporativismo caracteriza-se por pr\u00e1ticas de concerta\u00e7\u00e3o social entre capital e trabalho arbitradas pelo Estado.\u201d<\/em><\/p>\n\n\n\n<p><strong>2. Gabarito preliminar<\/strong><\/p>\n\n\n\n<p>CERTO<\/p>\n\n\n\n<p><strong>3. Gabarito pleiteado<\/strong><\/p>\n\n\n\n<p>ERRADO<\/p>\n\n\n\n<p><strong>4. Fundamenta\u00e7\u00e3o<\/strong><\/p>\n\n\n\n<p>O item atribui ao neocorporativismo a caracter\u00edstica de <strong>arbitragem estatal<\/strong>, que pertence ao corporativismo estatal (autorit\u00e1rio), n\u00e3o ao neocorporativismo.<\/p>\n\n\n\n<p><strong>4.1. A distin\u00e7\u00e3o cl\u00e1ssica: corporativismo estatal vs. neocorporativismo<\/strong><\/p>\n\n\n\n<p>Schmitter (1974, conforme citado por Viscardi, 2018) distingue dois subtipos de corporativismo. O <strong>corporativismo estatal<\/strong> opera em regimes autorit\u00e1rios: as organiza\u00e7\u00f5es de interesse s\u00e3o criadas, controladas e subordinadas ao Estado, que <strong>arbitra<\/strong> as rela\u00e7\u00f5es entre capital e trabalho.<\/p>\n\n\n\n<p>J\u00e1 o <strong>neocorporativismo<\/strong> (ou corporativismo societal) funciona em democracias. Viscardi (2018, p. 248) o define como \u201cum modelo institucional por meio do qual organiza\u00e7\u00f5es de interesse consolidadas <em>cooperavam entre si e com o Estado<\/em> na defini\u00e7\u00e3o de pol\u00edticas p\u00fablicas\u201d.<\/p>\n\n\n\n<p>A diferen\u00e7a central: no neocorporativismo, as organiza\u00e7\u00f5es mant\u00eam <strong>autonomia<\/strong> e o Estado atua como <strong>mediador ou facilitador<\/strong>, nunca como \u00e1rbitro.<\/p>\n\n\n\n<p><strong>4.2. Lehmbruch: o neocorporativismo \u00e9 liberal e aut\u00f4nomo<\/strong><\/p>\n\n\n\n<p>Lehmbruch (1977, conforme citado por Viscardi, 2018, p. 248) explica que o neocorporativismo da Europa Ocidental e do Norte se desenvolveu dentro de sistemas de <strong>democracia constitucional liberal<\/strong>, com liberdade de associa\u00e7\u00e3o garantida.<\/p>\n\n\n\n<p>A concerta\u00e7\u00e3o neocorporativista ocorre por meio de negocia\u00e7\u00f5es em que capital, trabalho e Estado participam com <strong>relativa simetria<\/strong>. O Estado n\u00e3o imp\u00f5e decis\u00f5es de cima para baixo (Viscardi, 2018).<\/p>\n\n\n\n<p><strong>4.3. Viscardi: a autonomia \u00e9 o tra\u00e7o distintivo<\/strong><\/p>\n\n\n\n<p>Viscardi (2018, p. 248) destaca que as pr\u00e1ticas neocorporativas surgiram nos pa\u00edses escandinavos e na \u00c1ustria, em contextos democr\u00e1ticos. Receberam o prefixo \u201cneo\u201d <strong>justamente para se diferenciarem<\/strong> de sua associa\u00e7\u00e3o com regimes autorit\u00e1rios.<\/p>\n\n\n\n<p>A autora refor\u00e7a: no neocorporativismo, a representa\u00e7\u00e3o corporativa se flexibiliza e funciona como modelo de rela\u00e7\u00e3o entre atores pol\u00edticos organizados, <strong>sem subordina\u00e7\u00e3o ao Estado<\/strong> (Viscardi, 2018, p. 248).<\/p>\n\n\n\n<p><strong>4.4. O\u2019Donnell: a natureza bifronte do corporativismo<\/strong><\/p>\n\n\n\n<p>O\u2019Donnell (1976, conforme citado por Viscardi, 2018, p. 249) identificou a natureza <strong>bifronte<\/strong> do corporativismo: uma vertente <strong>estatizante<\/strong> (autorit\u00e1ria, com arbitragem estatal) e outra <strong>privatista<\/strong> (democr\u00e1tica, com autonomia das organiza\u00e7\u00f5es).<\/p>\n\n\n\n<p>Na vertente privatista (neocorporativista), as organiza\u00e7\u00f5es de interesse atuam com autonomia, participando das decis\u00f5es sem serem tuteladas ou arbitradas pelo Estado.<\/p>\n\n\n\n<p><strong>4.5. O erro do item: \u201carbitradas\u201d descaracteriza o neocorporativismo<\/strong><\/p>\n\n\n\n<p>O verbo \u201carbitrar\u201d significa decidir como autoridade, impor solu\u00e7\u00f5es entre as partes. Essa \u00e9 a l\u00f3gica do <strong>corporativismo estatal<\/strong>, n\u00e3o do neocorporativismo.<\/p>\n\n\n\n<p>No neocorporativismo, o Estado <strong>facilita<\/strong> o di\u00e1logo e, eventualmente, formaliza acordos alcan\u00e7ados pelas pr\u00f3prias partes. A concerta\u00e7\u00e3o pressup\u00f5e <strong>autonomia<\/strong> e <strong>negocia\u00e7\u00e3o volunt\u00e1ria<\/strong>.<\/p>\n\n\n\n<p>Ao usar o termo \u201carbitradas pelo Estado\u201d, o item inverte a l\u00f3gica do conceito e o aproxima do corporativismo estatal autorit\u00e1rio.<\/p>\n\n\n\n<p><strong>5. Refer\u00eancias<\/strong><\/p>\n\n\n\n<p>O\u2019Donnell, G. (1976). Sobre o corporativismo e a quest\u00e3o do Estado. Cadernos do DCP, (3), 1\u201354.<\/p>\n\n\n\n<p>Schmitter, P. C. (1974). Still the century of corporatism? Review of Politics, (36).<\/p>\n\n\n\n<p>Lehmbruch, G. (1977). Liberal corporatism and party government. Comparative Political Studies, 10(1).<\/p>\n\n\n\n<p>Viscardi, C. M. R. (2018). Corporativismo e neocorporativismo. Estudos Hist\u00f3ricos, 31(64), 243\u2013256.<\/p>\n\n\n\n<p><strong>6. Pedido<\/strong><\/p>\n\n\n\n<p>Requer-se a altera\u00e7\u00e3o do gabarito do item 82 de CERTO para <strong>ERRADO<\/strong>.<\/p>\n\n\n\n<p><strong>Professor Brunno Lima<\/strong><\/p>\n\n\n\n<p>P: \u201cMaria pagou e n\u00e3o assistiu.\u201d<\/p>\n\n\n\n<p>Q: \u201cJo\u00e3o assistiu sem pagar.\u201d<\/p>\n\n\n\n<p>No que concerne \u00e0s proposi\u00e7\u00f5es P e Q apresentadas anteriormente, julgue o item seguinte.<\/p>\n\n\n\n<p>39. A proposi\u00e7\u00e3o Q \u00e9 a nega\u00e7\u00e3o de \u201cSe Jo\u00e3o assistiu, ent\u00e3o ele pagou.\u201d<\/p>\n\n\n\n<p><strong>Professor Brunno Lima<\/strong><\/p>\n\n\n\n<p>P: \u201cMaria pagou e n\u00e3o assistiu.\u201d<\/p>\n\n\n\n<p>Q: \u201cJo\u00e3o assistiu sem pagar.\u201d<\/p>\n\n\n\n<p>No que concerne \u00e0s proposi\u00e7\u00f5es P e Q apresentadas anteriormente, julgue o item seguinte.<\/p>\n\n\n\n<p>39. A proposi\u00e7\u00e3o Q \u00e9 a nega\u00e7\u00e3o de \u201cSe Jo\u00e3o assistiu, ent\u00e3o ele pagou.\u201d<\/p>\n\n\n\n<p><strong><u>GABARITO PRELIMINAR<\/u><\/strong><strong>: C<\/strong><\/p>\n\n\n\n<p><strong><u>PEDIDO<\/u><\/strong><strong>: ANULA\u00c7\u00c3O<\/strong><\/p>\n\n\n\n<p>Preliminarmente, cumpre destacar que o edital do certame n\u00e3o apresenta refer\u00eancias bibliogr\u00e1ficas espec\u00edficas para o conte\u00fado de l\u00f3gica proposicional. Em raz\u00e3o dessa aus\u00eancia, n\u00e3o h\u00e1 indica\u00e7\u00e3o objetiva de autores ou obras que delimitem o referencial te\u00f3rico a ser adotado na elabora\u00e7\u00e3o e na corre\u00e7\u00e3o dos itens. Tal lacuna compromete a previsibilidade interpretativa do conte\u00fado e abre margem para que o julgamento do item dependa, em grande medida, do entendimento particular do examinador respons\u00e1vel por sua elabora\u00e7\u00e3o.<\/p>\n\n\n\n<p>No \u00e2mbito da l\u00f3gica proposicional, a nega\u00e7\u00e3o de uma proposi\u00e7\u00e3o condicional possui forma l\u00f3gica bem estabelecida. Conforme exposto por <strong>Edgar de Alencar Filho<\/strong> em sua obra <strong>Inicia\u00e7\u00e3o \u00e0 L\u00f3gica Matem\u00e1tica<\/strong>, a nega\u00e7\u00e3o de uma proposi\u00e7\u00e3o da forma \u201cSe p, ent\u00e3o q\u201d \u00e9 logicamente equivalente a <strong>\u201cp e n\u00e3o q\u201d<\/strong>. Assim, a nega\u00e7\u00e3o da proposi\u00e7\u00e3o \u201cSe Jo\u00e3o assistiu, ent\u00e3o ele pagou\u201d deve assumir a forma l\u00f3gica <strong>\u201cJo\u00e3o assistiu e ele n\u00e3o pagou\u201d<\/strong>, ou qualquer formula\u00e7\u00e3o linguisticamente equivalente que <strong><u>preserve essa estrutura conjuntiva<\/u><\/strong>.<\/p>\n\n\n\n<p>\u00c9 amplamente reconhecido que o <strong>Centro Brasileiro de Pesquisa em Avalia\u00e7\u00e3o e Sele\u00e7\u00e3o e de Promo\u00e7\u00e3o de Eventos (CEBRASPE)<\/strong> se destaca no cen\u00e1rio nacional pela valoriza\u00e7\u00e3o da articula\u00e7\u00e3o entre linguagem natural e formaliza\u00e7\u00e3o l\u00f3gica, o que, em regra, contribui para avalia\u00e7\u00f5es mais consistentes. Nesse sentido, respeitando simultaneamente os princ\u00edpios da l\u00f3gica proposicional e as regras da l\u00edngua portuguesa, poderiam ser admitidas diversas reescritas equivalentes da nega\u00e7\u00e3o mencionada, tais como: \u201cJo\u00e3o n\u00e3o s\u00f3 assistiu como tamb\u00e9m n\u00e3o pagou\u201d; \u201cJo\u00e3o n\u00e3o s\u00f3 assistiu, mas tamb\u00e9m n\u00e3o pagou\u201d; \u201cJo\u00e3o assistiu e, al\u00e9m disso, n\u00e3o pagou\u201d; \u201cJo\u00e3o assistiu e ainda n\u00e3o pagou\u201d; \u201cPor um lado, Jo\u00e3o assistiu; por outro, n\u00e3o pagou\u201d; \u201cJo\u00e3o assistiu, assim como n\u00e3o pagou\u201d; \u201cTanto Jo\u00e3o assistiu como n\u00e3o pagou\u201d; \u201cJo\u00e3o assistiu, bem como n\u00e3o pagou\u201d; \u201cJo\u00e3o assistiu e n\u00e3o pagou\u201d; \u201cJo\u00e3o assistiu, mas n\u00e3o pagou\u201d; \u201cJo\u00e3o assistiu, por\u00e9m n\u00e3o pagou\u201d; \u201cJo\u00e3o assistiu, contudo n\u00e3o pagou\u201d; \u201cJo\u00e3o assistiu, entretanto n\u00e3o pagou\u201d; \u201cJo\u00e3o assistiu, no entanto n\u00e3o pagou\u201d entre outras constru\u00e7\u00f5es equivalentes.<\/p>\n\n\n\n<p>Em todas essas possibilidades, preserva-se a estrutura l\u00f3gica essencial da nega\u00e7\u00e3o da condicional, isto \u00e9, <strong>a presen\u00e7a simult\u00e2nea do antecedente verdadeiro e da nega\u00e7\u00e3o do consequente<\/strong>, expressa por meio de <strong>duas ora\u00e7\u00f5es coordenadas<\/strong>.<\/p>\n\n\n\n<p>Entretanto, a proposi\u00e7\u00e3o <strong>\u201cJo\u00e3o assistiu sem pagar.\u201d<\/strong> apresenta natureza estrutural distinta. Do ponto de vista gramatical, trata-se de <strong>uma \u00fanica ora\u00e7\u00e3o<\/strong>, uma vez que h\u00e1 apenas um verbo flexionado (<em>assistiu<\/em>), enquanto o termo <em>pagar<\/em> aparece no infinitivo, compondo uma constru\u00e7\u00e3o reduzida que funciona como complemento circunstancial. Dessa forma, <strong>a estrutura lingu\u00edstica da frase n\u00e3o corresponde \u00e0 forma t\u00edpica da nega\u00e7\u00e3o da condicional, que exige uma proposi\u00e7\u00e3o composta formada pela conjun\u00e7\u00e3o entre duas proposi\u00e7\u00f5es<\/strong>.<\/p>\n\n\n\n<p>Para que o gabarito preliminar seja mantido como <strong>CORRETO<\/strong>, seria necess\u00e1rio, portanto, admitir uma extrapola\u00e7\u00e3o interpretativa significativa, equiparando a estrutura <strong>\u201cJo\u00e3o assistiu e n\u00e3o pagou\u201d<\/strong> a <strong>\u201cJo\u00e3o assistiu sem pagar\u201d<\/strong>. Tal equipara\u00e7\u00e3o implica ignorar diferen\u00e7as relevantes tanto do ponto de vista lingu\u00edstico quanto do ponto de vista l\u00f3gico: linguisticamente, passa-se de uma constru\u00e7\u00e3o com duas ora\u00e7\u00f5es para uma estrutura com apenas uma ora\u00e7\u00e3o; <strong>logicamente, admite-se que a nega\u00e7\u00e3o de uma condicional possa ser expressa por uma proposi\u00e7\u00e3o simples, o que contraria a forma can\u00f4nica apresentada pela literatura cl\u00e1ssica da \u00e1rea<\/strong>.<\/p>\n\n\n\n<p>Importa destacar, no entanto, que historicamente, em quest\u00f5es elaboradas pelo pr\u00f3prio CEBRASPE, estruturas como <strong>\u201cJo\u00e3o assistiu sem pagar\u201d<\/strong> s\u00e3o tratadas como <strong>proposi\u00e7\u00f5es simples<\/strong>, e n\u00e3o como proposi\u00e7\u00f5es compostas equivalentes \u00e0 conjun\u00e7\u00e3o \u201cp e n\u00e3o q\u201d.<\/p>\n\n\n\n<p>Dessa forma, <strong>caso exista alguma fundamenta\u00e7\u00e3o te\u00f3rica espec\u00edfica que sustente a equival\u00eancia adotada no gabarito preliminar, tal refer\u00eancia n\u00e3o \u00e9 de conhecimento geral dos candidatos e tampouco foi indicada no edital<\/strong>. Consequentemente, o candidato acaba sendo colocado em situa\u00e7\u00e3o de inseguran\u00e7a interpretativa, ficando \u00e0 merc\u00ea de um referencial te\u00f3rico n\u00e3o explicitado.<\/p>\n\n\n\n<p>Essa inconsist\u00eancia no tratamento l\u00f3gico das proposi\u00e7\u00f5es evidencia fragilidade na formula\u00e7\u00e3o do item. Em avalia\u00e7\u00f5es objetivas, especialmente em concursos p\u00fablicos, espera-se que os itens apresentem formula\u00e7\u00e3o inequ\u00edvoca e respaldada por crit\u00e9rios t\u00e9cnicos claros.<\/p>\n\n\n\n<p>Diante do exposto e considerando a aus\u00eancia de refer\u00eancia bibliogr\u00e1fica delimitadora, a exist\u00eancia de interpreta\u00e7\u00f5es logicamente plaus\u00edveis divergentes e a inconsist\u00eancia estrutural da proposi\u00e7\u00e3o apresentada, <strong>solicita-se a anula\u00e7\u00e3o do item<\/strong>, medida que melhor preserva os princ\u00edpios da objetividade, da seguran\u00e7a jur\u00eddica e da isonomia na avalia\u00e7\u00e3o dos candidatos.<\/p>\n\n\n\n<p>P: \u201cMaria pagou e n\u00e3o assistiu.\u201d<\/p>\n\n\n\n<p>Q: \u201cJo\u00e3o assistiu sem pagar.\u201d<\/p>\n\n\n\n<p>No que concerne \u00e0s proposi\u00e7\u00f5es P e Q apresentadas anteriormente, julgue o item seguinte.<\/p>\n\n\n\n<p>41. A nega\u00e7\u00e3o da proposi\u00e7\u00e3o Q pode ser expressa por \u201cJo\u00e3o n\u00e3o assistiu sem pagar.\u201d<\/p>\n\n\n\n<p><strong><u>GABARITO PRELIMINAR<\/u><\/strong><strong>: E<\/strong><\/p>\n\n\n\n<p><strong><u>PEDIDO<\/u><\/strong><strong>: ALTERA\u00c7\u00c3O PARA C<\/strong><\/p>\n\n\n\n<p>Preliminarmente, destaca-se que o edital do certame n\u00e3o apresenta refer\u00eancias bibliogr\u00e1ficas espec\u00edficas para o conte\u00fado de l\u00f3gica proposicional. Em raz\u00e3o disso, n\u00e3o h\u00e1 indica\u00e7\u00e3o objetiva de autores ou obras que delimitem o referencial te\u00f3rico a ser adotado na elabora\u00e7\u00e3o e na corre\u00e7\u00e3o dos itens. Tal aus\u00eancia compromete a previsibilidade interpretativa do conte\u00fado e abre margem para que o julgamento do item dependa, em grande medida, do entendimento individual do examinador respons\u00e1vel por sua elabora\u00e7\u00e3o.<\/p>\n\n\n\n<p>Conforme leciona <strong>Edgar de Alencar Filho<\/strong> em sua obra <strong>Inicia\u00e7\u00e3o \u00e0 L\u00f3gica Matem\u00e1tica<\/strong>, na linguagem comum a nega\u00e7\u00e3o de uma proposi\u00e7\u00e3o, em seus casos mais simples, realiza-se pela anteposi\u00e7\u00e3o do adv\u00e9rbio <strong>\u201cn\u00e3o\u201d<\/strong> ao verbo da proposi\u00e7\u00e3o dada.<\/p>\n\n\n\n<p>Esse entendimento, inclusive, j\u00e1 foi adotado pela pr\u00f3pria banca <strong>Centro Brasileiro de Pesquisa em Avalia\u00e7\u00e3o e Sele\u00e7\u00e3o e de Promo\u00e7\u00e3o de Eventos (CEBRASPE)<\/strong> em avalia\u00e7\u00f5es anteriores. Como exemplo, podem ser citados os seguintes itens:<\/p>\n\n\n\n<ul class=\"wp-block-list\">\n<li>No concurso <strong>PC-PE\/2024<\/strong>, foi considerada correta a afirma\u00e7\u00e3o de que a nega\u00e7\u00e3o da proposi\u00e7\u00e3o <em>\u201cMeu celular vale muito mais que o que me acusam de tentar roubar.\u201d<\/em> \u00e9 <em>\u201cMeu celular <strong><u>n\u00e3o<\/u><\/strong> vale muito mais que o que me acusam de tentar roubar.\u201d<\/em><\/li>\n\n\n\n<li>No concurso <strong>MPC-SC\/2022<\/strong>, foi considerado correto que <em>\u201cA maioria dos seguidores acredita que seu l\u00edder n\u00e3o mente.\u201d<\/em> constitui uma forma adequada de nega\u00e7\u00e3o da proposi\u00e7\u00e3o <em>\u201cA maioria dos seguidores <strong><u>n\u00e3o<\/u><\/strong> acredita que seu l\u00edder n\u00e3o mente.\u201d<\/em><\/li>\n<\/ul>\n\n\n\n<p>Observa-se, portanto, que a pr\u00f3pria banca j\u00e1 adotou como crit\u00e9rio v\u00e1lido a forma\u00e7\u00e3o da nega\u00e7\u00e3o por meio da anteposi\u00e7\u00e3o do adv\u00e9rbio <strong>\u201cn\u00e3o\u201d<\/strong> ao verbo principal da proposi\u00e7\u00e3o.<\/p>\n\n\n\n<p>Dessa forma, aplicando-se o mesmo princ\u00edpio \u00e0 proposi\u00e7\u00e3o <strong>\u201cJo\u00e3o assistiu sem pagar.\u201d<\/strong>, verifica-se que sua nega\u00e7\u00e3o pode ser adequadamente expressa por <strong>\u201cJo\u00e3o n\u00e3o assistiu sem pagar.\u201d<\/strong>, uma vez que o adv\u00e9rbio <strong>\u201cn\u00e3o\u201d<\/strong> foi corretamente anteposto ao verbo principal da proposi\u00e7\u00e3o (<em>assistiu<\/em>), em plena conformidade com a regra apresentada na literatura e j\u00e1 utilizada em avalia\u00e7\u00f5es anteriores da pr\u00f3pria banca.<\/p>\n\n\n\n<p>Diante do exposto, e considerando a coer\u00eancia que deve orientar a corre\u00e7\u00e3o das provas, solicita-se, respeitosamente, <strong>a altera\u00e7\u00e3o do gabarito do item de ERRADO para CERTO<\/strong>, em conson\u00e2ncia com o entendimento te\u00f3rico consolidado e com o padr\u00e3o interpretativo j\u00e1 adotado pelo pr\u00f3prio CEBRASPE em certames anteriores.<\/p>\n\n\n\n<p><strong>Professor Antonio Daud &#8211; Quest\u00e3o 48<\/strong><\/p>\n\n\n\n<p><em>48. A execu\u00e7\u00e3o material, por funda\u00e7\u00e3o p\u00fablica federal de direito privado, de atividades-meio administrativas internas da C\u00e2mara dos Deputados, sem transfer\u00eancia da titularidade nem da execu\u00e7\u00e3o de servi\u00e7o p\u00fablico em sentido pr\u00f3prio, n\u00e3o configura descentraliza\u00e7\u00e3o administrativa.<\/em><\/p>\n\n\n\n<p><strong>Gabarito preliminar (Certo)<\/strong><\/p>\n\n\n\n<p><strong>&#8211; &#8211; &#8211; &#8211;<\/strong><\/p>\n\n\n\n<p>Com as devidas v\u00eanias, entende-se que, diante do dissenso doutrin\u00e1rio quanto ao conceito descentraliza\u00e7\u00e3o administrativa e do disposto no art. 10 do DL 200\/1967, \u00e9 <strong>temer\u00e1rio afirmar de modo contundente que a situa\u00e7\u00e3o enunciada n\u00e3o seria hip\u00f3tese de descentraliza\u00e7\u00e3o administrativa<\/strong>.<\/p>\n\n\n\n<p>Diogo de Figueiredo Moreira Neto, por exemplo, conceitua descentraliza\u00e7\u00e3o como sendo <strong>qualquer m\u00e9todo de distribui\u00e7\u00e3o de atribui\u00e7\u00f5es<\/strong>, sugerindo diversas classifica\u00e7\u00f5es:&nbsp;<\/p>\n\n\n\n<p><em>Como conceito, por descentraliza\u00e7\u00e3o, em seu sentido amplo, entende-se <strong><u>qualquer<\/u> m\u00e9todo <\/strong>de distribui\u00e7\u00e3o do planejamento, da decis\u00e3o, da execu\u00e7\u00e3o e do controle administrativos entre entes, \u00f3rg\u00e3os, ou agentes, sejam coordenados, sejam subordinados entre si.<\/em><\/p>\n\n\n\n<p><em>Pode-se classificar a descentraliza\u00e7\u00e3o segundo os seguintes crit\u00e9rios: territorial, funcional, hier\u00e1rquico, por delega\u00e7\u00e3o, setorial e social (v. quadro XI), que a seguir s\u00e3o examinados.<\/em><\/p>\n\n\n\n<p><em>Diogo de Figueiredo Moreira Neto. Curso de Direito Administrativo, 16\u00aa ed, Ed. Forense \u2013 Cap\u00edtulo VI, item 26<\/em><\/p>\n\n\n\n<p>Di Pietro, de modo mais sint\u00e9tico, define a descentraliza\u00e7\u00e3o como sento a distribui\u00e7\u00e3o de compet\u00eancias, conceito que n\u00e3o permitiria excluir a situa\u00e7\u00e3o enunciada pela Banca:&nbsp;<\/p>\n\n\n\n<p><strong><em>\u201c10.1.1 Descentraliza\u00e7\u00e3o e desconcentra\u00e7\u00e3o &#8211; <\/em><\/strong><em>Descentraliza\u00e7\u00e3o \u00e9 a distribui\u00e7\u00e3o de compet\u00eancias de uma para outra pessoa, f\u00edsica ou jur\u00eddica.\u201d<\/em><\/p>\n\n\n\n<p><em>Maria Sylvia Zanella Di Pietro. Direito Administrativo. \u2013 31\u00aa edi\u00e7\u00e3o. Ed. Forense \u2013 Cap\u00edtulo 10<\/em><\/p>\n\n\n\n<p>Carvalho Filho, em linha de similaridade, apenas atribui ao conceito a delega\u00e7\u00e3o de atividade a outras entidades:<\/p>\n\n\n\n<p><em>A centraliza\u00e7\u00e3o \u00e9 a situa\u00e7\u00e3o em que o Estado executa suas tarefas diretamente, ou seja, por interm\u00e9dio dos in\u00fameros \u00f3rg\u00e3os e agentes administrativos que comp\u00f5em sua estrutura funcional. <strong><u>Pela descentraliza\u00e7\u00e3o, ele o faz indiretamente, isto \u00e9, delega a atividade a outras entidades<\/u><\/strong>. Na desconcentra\u00e7\u00e3o, desmembra \u00f3rg\u00e3os para propiciar melhoria na sua organiza\u00e7\u00e3o estrutural.<\/em><\/p>\n\n\n\n<p><em>Jos\u00e9 dos Santos Carvalho Filho. Manual de Direito Administrativo. 28\u00aa ed. Ed. Atlas &#8211;&nbsp; Cap\u00edtulo 9. P. 473<\/em><\/p>\n\n\n\n<p>&#8211; &#8211; &#8211; &#8211;<\/p>\n\n\n\n<p>Como se v\u00ea, o panorama doutrin\u00e1rio n\u00e3o fornece bases seguras para a cobran\u00e7a do item na forma como foi feita.<\/p>\n\n\n\n<p>Com efeito, requer-se a altera\u00e7\u00e3o do gabarito dado ao item ou, dada a diverg\u00eancia doutrin\u00e1ria quanto ao exato contorno de descentraliza\u00e7\u00e3o administrativa, a anula\u00e7\u00e3o deste item.<\/p>\n\n\n\n<p><strong>Professora Patr\u00edcia Manzato &#8211; Quest\u00f5es 10, 16 e 23<\/strong><\/p>\n\n\n\n<h2 class=\"wp-block-heading\">Quest\u00e3o 10<\/h2>\n\n\n\n<p><strong>Comando da quest\u00e3o:<\/strong><\/p>\n\n\n\n<p>O termo \u201cbrasileiro\u201d (segundo per\u00edodo do primeiro par\u00e1grafo) desempenha a mesma fun\u00e7\u00e3o sint\u00e1tica dos termos \u201camaz\u00f4nia\u201d e \u201ccerrado\u201d (terceiro per\u00edodo do segundo par\u00e1grafo): o primeiro modifica o nome \u201cbioma\u201d, e os dois \u00faltimos, \u201cbiomas\u201d.<\/p>\n\n\n\n<p><strong>Gabarito preliminar<\/strong>: Errado<\/p>\n\n\n\n<p><strong>Gabarito pretendido<\/strong>: Anula\u00e7\u00e3o<\/p>\n\n\n\n<p><strong>Fundamenta\u00e7\u00e3o<\/strong><\/p>\n\n\n\n<p>A assertiva afirma que o termo \u201cbrasileiro\u201d desempenha a mesma fun\u00e7\u00e3o sint\u00e1tica dos termos \u201camaz\u00f4nia\u201d e \u201ccerrado\u201d, sob a justificativa de que o primeiro modifica o nome \u201cbioma\u201d, e os dois \u00faltimos, \u201cbiomas\u201d. Ocorre que essa compara\u00e7\u00e3o, tal como redigida, torna-se equ\u00edvoca e amb\u00edgua, especialmente em raz\u00e3o do emprego de letras min\u00fasculas nos voc\u00e1bulos \u201camaz\u00f4nia\u201d e \u201ccerrado\u201d, o que prejudica a identifica\u00e7\u00e3o imediata de sua natureza morfossint\u00e1tica no contexto.<\/p>\n\n\n\n<p>No trecho \u201co pantanal, o menor bioma brasileiro\u201d, o voc\u00e1bulo \u201cbrasileiro\u201d exerce, de fato, fun\u00e7\u00e3o de adjunto adnominal, qualificando o nome \u201cbioma\u201d. J\u00e1 em \u201cos biomas amaz\u00f4nia e cerrado\u201d, a leitura n\u00e3o se resolve com a mesma transpar\u00eancia, porque os termos \u201camaz\u00f4nia\u201d e \u201ccerrado\u201d, quando grafados em min\u00fasculas, perdem a marca visual t\u00edpica de nomes pr\u00f3prios de biomas e passam a admitir leitura oscilante entre:<\/p>\n\n\n\n<p>(i) substantivos em aposi\u00e7\u00e3o especificativa a \u201cbiomas\u201d; ou<\/p>\n\n\n\n<p>(ii) elementos de valor adnominal por simples justaposi\u00e7\u00e3o nominativa.<\/p>\n\n\n\n<p>Em outras palavras, a escolha gr\u00e1fica da banca n\u00e3o \u00e9 irrelevante: ao registrar em min\u00fasculas formas que, em uso culto e t\u00e9cnico, tendem a ser reconhecidas como denomina\u00e7\u00f5es pr\u00f3prias de biomas, o item enfraquece a nitidez da rela\u00e7\u00e3o sint\u00e1tica pretendida e abre margem a interpreta\u00e7\u00e3o razo\u00e1vel divergente. Em prova objetiva, sobretudo em quest\u00e3o de an\u00e1lise sint\u00e1tica, exige-se que o enunciado seja constru\u00eddo com m\u00e1xima precis\u00e3o terminol\u00f3gica e inequ\u00edvoca delimita\u00e7\u00e3o funcional, o que n\u00e3o ocorreu.<\/p>\n\n\n\n<p>Assim, ainda que se entenda que a inten\u00e7\u00e3o da banca fosse considerar diferentes as fun\u00e7\u00f5es dos termos comparados, o fato \u00e9 que a reda\u00e7\u00e3o do item n\u00e3o assegurou clareza suficiente para tal conclus\u00e3o, pois a grafia em min\u00fasculas de \u201camaz\u00f4nia\u201d e \u201ccerrado\u201d comprometeu a compreens\u00e3o imediata de seu estatuto lingu\u00edstico e, por consequ\u00eancia, da fun\u00e7\u00e3o sint\u00e1tica exercida no per\u00edodo.<\/p>\n\n\n\n<p>Diante disso, requer-se a ANULA\u00c7\u00c3O do item, por viola\u00e7\u00e3o aos princ\u00edpios da clareza, precis\u00e3o e objetividade que devem reger a elabora\u00e7\u00e3o de itens de prova objetiva.<\/p>\n\n\n\n<h2 class=\"wp-block-heading\">Quest\u00e3o 16<\/h2>\n\n\n\n<p><strong>Comando da quest\u00e3o:<\/strong><\/p>\n\n\n\n<p>As ora\u00e7\u00f5es \u2018para assegurar\u2019 (terceiro per\u00edodo do terceiro par\u00e1grafo) e \u201cpara garantir representa\u00e7\u00e3o igualit\u00e1ria\u201d (primeiro per\u00edodo do quarto par\u00e1grafo) exercem fun\u00e7\u00e3o adverbial e expressam circunst\u00e2ncia de finalidade.<\/p>\n\n\n\n<p><strong>Gabarito preliminar<\/strong>: Errado<\/p>\n\n\n\n<p><strong>Gabarito pretendido<\/strong>: Certo<\/p>\n\n\n\n<p><strong>Fundamenta\u00e7\u00e3o<\/strong><\/p>\n\n\n\n<p>A quest\u00e3o afirma que as ora\u00e7\u00f5es \u201cpara assegurar\u201d e \u201cpara garantir representa\u00e7\u00e3o igualit\u00e1ria\u201d \u201cexercem fun\u00e7\u00e3o adverbial e expressam circunst\u00e2ncia de finalidade\u201d. Tal afirma\u00e7\u00e3o est\u00e1 em plena conson\u00e2ncia com a descri\u00e7\u00e3o sint\u00e1tico-sem\u00e2ntica tradicional da l\u00edngua portuguesa.<\/p>\n\n\n\n<p>No trecho \u201c\u00c9 hora de os governos agirem para assegurar que as mulheres tenham um assento igual&#8230;\u201d, a estrutura introduzida por para apresenta valor nitidamente final: indica o objetivo da a\u00e7\u00e3o verbal anteriormente expressa, isto \u00e9, os governos devem agir com a finalidade de assegurar determinado resultado. Do mesmo modo, em \u201cressaltou a urg\u00eancia de medidas concretas para garantir representa\u00e7\u00e3o igualit\u00e1ria\u201d, a locu\u00e7\u00e3o introduzida por para tamb\u00e9m expressa prop\u00f3sito, objetivo, fim: medidas concretas s\u00e3o urgentes para garantir representa\u00e7\u00e3o igualit\u00e1ria.<\/p>\n\n\n\n<p>Do ponto de vista sint\u00e1tico, em estrita conson\u00e2ncia com Celso Cunha e Lindley Cintra (\u201cNova Gram\u00e1tica do Portugu\u00eas Contempor\u00e2neo\u201d) e Evanildo Bechara (\u201cModerna Gram\u00e1tica Portuguesa\u201d), ambas as constru\u00e7\u00f5es s\u00e3o classific\u00e1veis como ora\u00e7\u00f5es reduzidas de infinitivo com valor adverbial final. Em gram\u00e1ticas normativas e descritivas, \u00e9 pac\u00edfico que estruturas introduzidas por para + infinitivo podem exercer fun\u00e7\u00e3o adverbial, exprimindo precisamente a circunst\u00e2ncia de finalidade. \u00c9 exatamente o que ocorre nos dois segmentos destacados pela quest\u00e3o.<\/p>\n\n\n\n<p>Ainda que, em an\u00e1lise mais minuciosa, se possa observar diferen\u00e7a de escopo sint\u00e1tico entre os trechos \u2014 uma vez que uma constru\u00e7\u00e3o se vincula mais diretamente ao verbo agirem e a outra ao nome medidas \u2014, isso n\u00e3o afasta o fato central afirmado na assertiva: em ambos os casos, a rela\u00e7\u00e3o sem\u00e2ntica estabelecida \u00e9 de finalidade, e a fun\u00e7\u00e3o exercida \u00e9 de natureza adverbial\/final\u00edstica, conforme reconhece a tradi\u00e7\u00e3o gramatical em quest\u00f5es de prova objetiva.<\/p>\n\n\n\n<p>Diante do exposto, requer-se a altera\u00e7\u00e3o do gabarito de ERRADO para CERTO.<\/p>\n\n\n\n<h2 class=\"wp-block-heading\">Quest\u00e3o 23<\/h2>\n\n\n\n<p><strong>Comando da quest\u00e3o:<\/strong><\/p>\n\n\n\n<p>No trecho \u201ca primeira a tratar da quest\u00e3o racial e a que tornou o racismo crime\u201d (primeiro per\u00edodo do texto), a conjun\u00e7\u00e3o \u201ce\u201d liga por adi\u00e7\u00e3o duas ora\u00e7\u00f5es adjetivas introduzidas pela preposi\u00e7\u00e3o \u201ca\u201d.<\/p>\n\n\n\n<p><strong>Gabarito preliminar<\/strong>: Errado<\/p>\n\n\n\n<p><strong>Gabarito pretendido<\/strong>: ANULA\u00c7\u00c3O<\/p>\n\n\n\n<p><strong>Fundamenta\u00e7\u00e3o<\/strong><\/p>\n\n\n\n<p>O item afirma que, no trecho \u201ca primeira a tratar da quest\u00e3o racial e a que tornou o racismo crime\u201d, a conjun\u00e7\u00e3o \u201ce\u201d liga, por adi\u00e7\u00e3o, \u201cduas ora\u00e7\u00f5es adjetivas introduzidas pela preposi\u00e7\u00e3o \u2018a\u2019\u201d. Ocorre que essa descri\u00e7\u00e3o n\u00e3o se sustenta de forma tecnicamente inequ\u00edvoca.<\/p>\n\n\n\n<p>Em primeiro lugar, h\u00e1 evidente problema de categoriza\u00e7\u00e3o sint\u00e1tica. No segmento em an\u00e1lise, o segundo bloco \u2014 \u201ca que tornou o racismo crime\u201d \u2014 admite leitura como estrutura de valor adjetivo, com n\u00facleo nominal retomado pelo pronome relativo \u201cque\u201d. J\u00e1 o primeiro bloco \u2014 \u201ca primeira a tratar da quest\u00e3o racial\u201d \u2014 n\u00e3o apresenta a mesma configura\u00e7\u00e3o formal. Nesse caso, a sequ\u00eancia \u201ca tratar da quest\u00e3o racial\u201d n\u00e3o constitui, em sentido estrito, uma ora\u00e7\u00e3o adjetiva desenvolvida, mas sim uma ora\u00e7\u00e3o reduzida de infinitivo, vinculada ao nome \u201cprimeira\u201d, com valor modificador. Assim, o item apaga distin\u00e7\u00e3o sint\u00e1tica relevante entre estruturas de natureza diversa, tratando-as uniformemente como se fossem da mesma esp\u00e9cie.<\/p>\n\n\n\n<p>Em segundo lugar, a reda\u00e7\u00e3o da assertiva afirma que ambas as ora\u00e7\u00f5es seriam \u201cintroduzidas pela preposi\u00e7\u00e3o \u2018a\u2019\u201d, o que tamb\u00e9m \u00e9 tecnicamente problem\u00e1tico. No trecho \u201ca primeira a tratar da quest\u00e3o racial\u201d, o segundo \u201ca\u201d pode ser interpretado como elemento que introduz a ora\u00e7\u00e3o reduzida infinitiva; todavia, em \u201ca que tornou o racismo crime\u201d, o \u201ca\u201d que antecede \u201cque\u201d n\u00e3o desempenha, de modo inequ\u00edvoco, a mesma fun\u00e7\u00e3o descrita no enunciado. Nessa passagem, a estrutura pode ser compreendida como forma\u00e7\u00e3o de base nominal\/pronominal (\u201ca que\u201d), e n\u00e3o simplesmente como repeti\u00e7\u00e3o do mesmo mecanismo sint\u00e1tico do segmento anterior. Assim, a banca apresenta como homog\u00eaneas constru\u00e7\u00f5es que, sob exame gramatical rigoroso, n\u00e3o s\u00e3o formalmente equivalentes.<\/p>\n\n\n\n<p>Al\u00e9m disso, o uso da express\u00e3o \u201cduas ora\u00e7\u00f5es adjetivas introduzidas pela preposi\u00e7\u00e3o \u2018a\u2019\u201d gera ambiguidade descritiva, porque induz o candidato a supor paralelismo sint\u00e1tico perfeito entre os dois segmentos coordenados por \u201ce\u201d, quando esse paralelismo n\u00e3o \u00e9 suficientemente claro nem pac\u00edfico do ponto de vista gramatical. Em quest\u00f5es objetivas, especialmente em prova de alta competitividade, a corre\u00e7\u00e3o do item deve apoiar-se em descri\u00e7\u00e3o precisa, un\u00edvoca e doutrinariamente segura, o que n\u00e3o ocorre no presente caso.<\/p>\n\n\n\n<p>O ponto central, portanto, \u00e9 que a conjun\u00e7\u00e3o \u201ce\u201d de fato estabelece rela\u00e7\u00e3o aditiva entre dois segmentos, mas a caracteriza\u00e7\u00e3o desses segmentos como \u201cduas ora\u00e7\u00f5es adjetivas introduzidas pela preposi\u00e7\u00e3o \u2018a\u2019\u201d \u00e9 redutora, tecnicamente discut\u00edvel e amb\u00edgua, pois mistura uma ora\u00e7\u00e3o reduzida de infinitivo com uma estrutura relativa, sem a devida precis\u00e3o terminol\u00f3gica. Havendo margem consistente para dupla interpreta\u00e7\u00e3o e aus\u00eancia de rigor na formula\u00e7\u00e3o, imp\u00f5e-se a anula\u00e7\u00e3o da quest\u00e3o, em respeito aos princ\u00edpios da objetividade, da seguran\u00e7a jur\u00eddica e da vincula\u00e7\u00e3o a crit\u00e9rios t\u00e9cnicos claros.<\/p>\n\n\n\n<p>Diante do exposto, requer-se a ANULA\u00c7\u00c3O do item, por apresentar formula\u00e7\u00e3o gramatical amb\u00edgua e descritivamente imprecisa, incompat\u00edvel com o grau de exatid\u00e3o exigido em avalia\u00e7\u00e3o objetiva.<\/p>\n\n\n\n<p><strong>Professor Leandro Ravyelle<\/strong><\/p>\n\n\n\n<p><strong>174.<\/strong><\/p>\n\n\n\n<p>Acerca do suprimento de fundos, julgue os itens seguintes.<\/p>\n\n\n\n<p>O servidor respons\u00e1vel por suprimento de fundos pode receber novo suprimento antes de prestar contas do anterior, desde que autorizado pela autoridade competente.<\/p>\n\n\n\n<p><strong>GABARITO PRELIMINAR: E<\/strong><\/p>\n\n\n\n<p><strong><u>GABARITO SUGERIDO: ANULA\u00c7\u00c3O<\/u><\/strong><\/p>\n\n\n\n<p><strong>\u00c0 Banca Organizadora,<\/strong><\/p>\n\n\n\n<p>Venho interpor recurso contra o gabarito da seguinte quest\u00e3o, solicitando sua <strong>altera\u00e7\u00e3o para ANULA\u00c7\u00c3O<\/strong>, com base na legisla\u00e7\u00e3o or\u00e7ament\u00e1ria vigente, nas normas t\u00e9cnicas do Tesouro Nacional e na doutrina especializada.<\/p>\n\n\n\n<p>Conforme a Lei n\u00ba 4.320\/64<\/p>\n\n\n\n<p><em>\u201cArtigo 69. N\u00e3o se far\u00e1 adiantamento a servidor em alcance nem a respons\u00e1vel por dois adiantamentos.&nbsp;&nbsp;&nbsp;&nbsp;&nbsp;&nbsp;&nbsp;&nbsp;&nbsp;&nbsp;&nbsp;&nbsp;&nbsp;&nbsp;&nbsp;&nbsp;&nbsp;&nbsp; (Veto rejeitado no DOU, de&nbsp; 5.5.1964)\u201d<\/em><\/p>\n\n\n\n<p>J\u00e1 segundo o Decreto n\u00ba 93.872\/86<\/p>\n\n\n\n<p><em>\u201cArt . 45. Excepcionalmente, a crit\u00e9rio do ordenador de despesa e sob sua inteira responsabilidade, poder\u00e1 ser concedido suprimento de fundos a servidor, sempre precedido do empenho na dota\u00e7\u00e3o pr\u00f3pria \u00e0s despesas a realizar, e que n\u00e3o possam subordinar-se ao processo normal de aplica\u00e7\u00e3o, nos seguintes casos:<\/em><\/p>\n\n\n\n<p><em>(&#8230;)<\/em><\/p>\n\n\n\n<p><em>\u00a7 2\u00ba O servidor que receber suprimento de fundos, na forma deste artigo, \u00e9 obrigado a prestar contas de sua aplica\u00e7\u00e3o, procedendo-se, automaticamente, \u00e0 tomada de contas se n\u00e3o o fizer no prazo assinalado pelo ordenador da despesa, sem preju\u00edzo das provid\u00eancias administrativas para a apura\u00e7\u00e3o das responsabilidades e imposi\u00e7\u00e3o, das penalidades cab\u00edveis<\/em><\/p>\n\n\n\n<p><em>\u00a7 3\u00ba N\u00e3o se conceder\u00e1 suprimento de fundos:<\/em><\/p>\n\n\n\n<p><em>c) a respons\u00e1vel por suprimento de fundos que, esgotado o prazo, n\u00e3o tenha prestado contas de sua aplica\u00e7\u00e3o; e<\/em><\/p>\n\n\n\n<p><em>d) a servidor declarado em alcance.\u201d<\/em><\/p>\n\n\n\n<p>Assim, pela reda\u00e7\u00e3o do item, n\u00e3o resta claro se o prazo para a presta\u00e7\u00e3o de contas estava vigente ou n\u00e3o, uma vez que o servidor que receber suprimento de fundos, \u00e9 obrigado a prestar contas de sua aplica\u00e7\u00e3o, procedendo-se, automaticamente, \u00e0 tomada de contas <strong>se n\u00e3o o fizer no prazo assinalado pelo ordenador da despesa.<\/strong><\/p>\n\n\n\n<p>Com isso, a reda\u00e7\u00e3o \u00e9 amb\u00edgua e n\u00e3o permite um julgamento objetivo, j\u00e1 que n\u00e3o se sabe se o prazo resta vigente ou esgotado, para efeito de enquadr\u00e1-la na situa\u00e7\u00e3o da veda\u00e7\u00e3o.<\/p>\n\n\n\n<p>Solicita-se, portanto, a <strong>anula\u00e7\u00e3o da quest\u00e3o<\/strong>, uma vez que a reda\u00e7\u00e3o do item prejudicou o julgamento objetivo da assertiva.<\/p>\n\n\n\n<p><strong>Professor Luis Felipe &#8211; L\u00edngua Portuguesa<\/strong><\/p>\n\n\n\n<p><strong>QUEST\u00c3O 14<\/strong><\/p>\n\n\n\n<p><strong>GABARITO PRELIMINAR DA BANCA: CERTO<\/strong><\/p>\n\n\n\n<p><strong>GABARITO PRETENDIDO: ERRADO<\/strong><\/p>\n\n\n\n<p><strong>FUNDAMENTA\u00c7\u00c3O:<\/strong><\/p>\n\n\n\n<p>A assertiva 14 foi considerada correta, mas h\u00e1 fundamento consistente para sua altera\u00e7\u00e3o para ERRADO, em raz\u00e3o de extrapola\u00e7\u00e3o sem\u00e2ntica indevida.<\/p>\n\n\n\n<p>O item afirma:<\/p>\n\n\n\n<p><em>\u201cO ritmo de avan\u00e7o das medidas para o alcance da igualdade de g\u00eanero na lideran\u00e7a pol\u00edtica no mundo \u00e9 considerado desalentador pela autoridade m\u00e1xima da UIP.\u201d<\/em><\/p>\n\n\n\n<p>No texto-base, l\u00ea-se:<\/p>\n\n\n\n<p>\u201cA presidente da UIP, Tulia Ackson, classificou o ritmo de avan\u00e7o como \u2018glacial\u2019&#8230;\u201d<\/p>\n\n\n\n<p>O problema central da assertiva est\u00e1 em tomar \u201cglacial\u201d como equivalente sem\u00e2ntico de \u201cdesalentador\u201d, o que n\u00e3o se sustenta com o necess\u00e1rio rigor interpretativo.<\/p>\n\n\n\n<p>A palavra \u201cglacial\u201d, no contexto em que foi empregada, atua como met\u00e1fora de lentid\u00e3o extrema, isto \u00e9, descreve a velocidade ou o ritmo do avan\u00e7o. Trata-se de uma caracteriza\u00e7\u00e3o objetiva do modo como o processo avan\u00e7a: muito lentamente. J\u00e1 o voc\u00e1bulo \u201cdesalentador\u201d agrega uma carga avaliativa distinta, de natureza subjetiva, indicando algo que desanima, desencoraja ou abate emocionalmente.<\/p>\n\n\n\n<p>Em outras palavras:<\/p>\n\n\n\n<p>glacial = extremamente lento;<\/p>\n\n\n\n<p>desalentador = desanimador, frustrante, que provoca desalento.<\/p>\n\n\n\n<p>Embora um ritmo \u201cglacial\u201d possa, em certa leitura, sugerir frustra\u00e7\u00e3o, o texto n\u00e3o afirma isso expressamente. A assertiva, portanto, n\u00e3o se limita a parafrasear o texto: ela acrescenta um ju\u00edzo valorativo que n\u00e3o est\u00e1 textualizado.<\/p>\n\n\n\n<p>Al\u00e9m disso, o enunciado diz que o ritmo \u00e9 considerado \u201cdesalentador\u201d pela autoridade m\u00e1xima da UIP, o que atribui diretamente \u00e0 autora da fala um posicionamento subjetivo espec\u00edfico que n\u00e3o foi formulado nesses termos. O texto registra que ela o classificou como \u201cglacial\u201d, e essa escolha lexical n\u00e3o pode ser livremente substitu\u00edda por outra de carga sem\u00e2ntica diversa sem preju\u00edzo da fidelidade interpretativa.<\/p>\n\n\n\n<p>Assim, a banca incorre em amplia\u00e7\u00e3o indevida do conte\u00fado textual, pois transforma uma no\u00e7\u00e3o de lentid\u00e3o extrema em uma no\u00e7\u00e3o de desalento, que n\u00e3o se confunde com a primeira.<\/p>\n\n\n\n<p>Diante do exposto, requer-se a altera\u00e7\u00e3o do gabarito do item 14 para ERRADO, por extrapola\u00e7\u00e3o sem\u00e2ntica e por aus\u00eancia de correspond\u00eancia textual entre \u201cglacial\u201d e \u201cdesalentador\u201d.<\/p>\n\n\n\n<p><strong>Refer\u00eancia:<\/strong><\/p>\n\n\n\n<p>Dicion\u00e1rio Michaelis<\/p>\n\n\n\n<p><strong>QUEST\u00c3O 18<\/strong><\/p>\n\n\n\n<p><strong>GABARITO PRELIMINAR DA BANCA: ERRADO<\/strong><\/p>\n\n\n\n<p><strong>GABARITO PRETENDIDO: CERTO<\/strong><\/p>\n\n\n\n<p><strong>FUNDAMENTA\u00c7\u00c3O:<\/strong><\/p>\n\n\n\n<p>A assertiva afirma que as ora\u00e7\u00f5es \u201c<strong>para assegurar<\/strong>\u201d (terceiro per\u00edodo do terceiro par\u00e1grafo) e \u201c<strong>para garantir representa\u00e7\u00e3o igualit\u00e1ria<\/strong>\u201d (primeiro per\u00edodo do quarto par\u00e1grafo) exercem fun\u00e7\u00e3o adverbial e expressam circunst\u00e2ncia de finalidade.<\/p>\n\n\n\n<p>O gabarito preliminar da banca considerou o item ERRADO, contudo tal decis\u00e3o n\u00e3o se sustenta \u00e0 luz da an\u00e1lise sint\u00e1tica normativa da l\u00edngua portuguesa.<\/p>\n\n\n\n<p><strong>1. Natureza das constru\u00e7\u00f5es introduzidas por \u201cpara\u201d<\/strong><\/p>\n\n\n\n<p>Nos dois trechos mencionados, h\u00e1 estruturas formadas pela preposi\u00e7\u00e3o <strong>para <\/strong>seguida de <strong>verbo no infinitivo<\/strong>, o que caracteriza ora\u00e7\u00f5es reduzidas de infinitivo com valor adverbial de finalidade.<\/p>\n\n\n\n<p>Os trechos s\u00e3o:<\/p>\n\n\n\n<p>\u201c&#8230;para assegurar que as mulheres tenham um assento igual&#8230;\u201d<\/p>\n\n\n\n<p>\u201c&#8230;medidas concretas para garantir representa\u00e7\u00e3o igualit\u00e1ria.\u201d<\/p>\n\n\n\n<p>Segundo Cunha e Cintra (Nova Gram\u00e1tica do Portugu\u00eas Contempor\u00e2neo), as constru\u00e7\u00f5es com \u201cpara + infinitivo\u201d podem introduzir ora\u00e7\u00f5es reduzidas de finalidade, equivalentes a:<\/p>\n\n\n\n<p><em>para que + verbo no subjuntivo<\/em><\/p>\n\n\n\n<p>Assim, poder\u00edamos reescrever:<\/p>\n\n\n\n<p><strong>para assegurar que as mulheres tenham&#8230;<\/strong><\/p>\n\n\n\n<p>\u2192 para que se assegure que as mulheres tenham&#8230;<\/p>\n\n\n\n<p><strong>para garantir representa\u00e7\u00e3o igualit\u00e1ria<\/strong><\/p>\n\n\n\n<p>\u2192 para que se garanta representa\u00e7\u00e3o igualit\u00e1ria<\/p>\n\n\n\n<p>Essa possibilidade confirma o valor final.<\/p>\n\n\n\n<p><strong>2. Fun\u00e7\u00e3o sint\u00e1tica no segundo trecho<\/strong><\/p>\n\n\n\n<p>No segmento:<\/p>\n\n\n\n<p><em>\u201c&#8230;ressaltou a urg\u00eancia de medidas concretas para garantir representa\u00e7\u00e3o igualit\u00e1ria.\u201d<\/em><\/p>\n\n\n\n<p>A ora\u00e7\u00e3o \u201cpara garantir representa\u00e7\u00e3o igualit\u00e1ria\u201d n\u00e3o exerce fun\u00e7\u00e3o de complemento nominal, pois o substantivo \u201cmedidas\u201d n\u00e3o exige complemento regido por preposi\u00e7\u00e3o para completar seu sentido.<\/p>\n\n\n\n<p>Assim, a estrutura indica <strong>objetivo das medidas<\/strong>, configurando circunst\u00e2ncia de finalidade.<\/p>\n\n\n\n<p>Como ensina Evanildo Bechara (Moderna Gram\u00e1tica Portuguesa):<\/p>\n\n\n\n<p>\u201cAs ora\u00e7\u00f5es reduzidas de infinitivo introduzidas por \u2018para\u2019 exprimem frequentemente finalidade, funcionando como adjuntos adverbiais.\u201d<\/p>\n\n\n\n<p>Portanto, o segmento indica finalidade das medidas concretas, e n\u00e3o um complemento exigido pelo nome.<\/p>\n\n\n\n<p><strong>3. Paralelismo sint\u00e1tico entre os dois trechos<\/strong><\/p>\n\n\n\n<p>Nos dois casos, as constru\u00e7\u00f5es introduzidas por <strong>para <\/strong>expressam prop\u00f3sito ou objetivo da a\u00e7\u00e3o principal, desempenhando fun\u00e7\u00e3o adverbial final.<\/p>\n\n\n\n<p>Assim:<\/p>\n\n\n\n<p>para assegurar = ora\u00e7\u00e3o subordinada adverbial final<\/p>\n\n\n\n<p>para garantir representa\u00e7\u00e3o igualit\u00e1ria = ora\u00e7\u00e3o subordinada adverbial final<\/p>\n\n\n\n<p>Ambas expressam circunst\u00e2ncia de finalidade, conforme corretamente indicado na assertiva.<\/p>\n\n\n\n<p>Dessa forma, a assertiva descreve corretamente o comportamento sint\u00e1tico das duas constru\u00e7\u00f5es.<\/p>\n\n\n\n<p>Diante do exposto, solicita-se a altera\u00e7\u00e3o do gabarito da quest\u00e3o 18 para CORRETO.<\/p>\n\n\n\n<p><strong>Refer\u00eancias:<\/strong><\/p>\n\n\n\n<p>BECHARA, Evanildo. Moderna Gram\u00e1tica Portuguesa. 39. ed. rev. e ampl. Rio de Janeiro: Nova Fronteira, 2019.<\/p>\n\n\n\n<p>CUNHA, Celso; CINTRA, Lindley. Nova Gram\u00e1tica do Portugu\u00eas Contempor\u00e2neo. 7. ed. Rio de Janeiro: Lexikon, 2017.<\/p>\n\n\n\n<p>ROCHA LIMA, Carlos Henrique da. Gram\u00e1tica Normativa da L\u00edngua Portuguesa. 54. ed. Rio de Janeiro: Jos\u00e9 Olympio, 2011.<\/p>\n\n\n\n<p>AZEREDO, Jos\u00e9 Carlos de. Gram\u00e1tica Houaiss da L\u00edngua Portuguesa. 3. ed. S\u00e3o Paulo: Publifolha, 2018.<\/p>\n\n\n\n<p><strong>QUEST\u00c3O 20<\/strong><\/p>\n\n\n\n<p><strong>GABARITO PRELIMINAR DA BANCA: CERTO<\/strong><\/p>\n\n\n\n<p><strong>GABARITO PRETENDIDO: ERRADO<\/strong><\/p>\n\n\n\n<p><strong>FUNDAMENTA\u00c7\u00c3O:<\/strong><\/p>\n\n\n\n<p>O item afirma que seriam mantidos <strong>os sentidos e a corre\u00e7\u00e3o gramatical<\/strong> do texto caso o trecho<\/p>\n\n\n\n<p><em>\u201cAinda, o mapa de 2025 mostra que\u201d<\/em><\/p>\n\n\n\n<p>fosse reescrito como:<\/p>\n\n\n\n<p><em>\u201cO mapa de 2025 mostra, ainda, que\u201d.<\/em><\/p>\n\n\n\n<p>O gabarito preliminar indicou que a assertiva est\u00e1 correta, por\u00e9m a altera\u00e7\u00e3o proposta n\u00e3o preserva integralmente o sentido do texto, pois modifica o valor discursivo do adv\u00e9rbio <strong>ainda<\/strong>.<\/p>\n\n\n\n<p><strong>1. Valor textual do adv\u00e9rbio \u201cainda\u201d no texto original<\/strong><\/p>\n\n\n\n<p>No trecho original, o adv\u00e9rbio ainda aparece no in\u00edcio do par\u00e1grafo, funcionando como elemento de conex\u00e3o textual entre par\u00e1grafos. Nesse caso, seu valor sem\u00e2ntico \u00e9 equivalente a conectivos como: \u201cal\u00e9m disso\u201d, \u201cademais\u201d e \u201coutrossim\u201d.<\/p>\n\n\n\n<p>Assim, sua fun\u00e7\u00e3o \u00e9 introduzir uma nova informa\u00e7\u00e3o que se soma \u00e0s anteriores, estabelecendo <strong>continuidade argumentativa no plano textual<\/strong>.<\/p>\n\n\n\n<p>Trata-se, portanto, de um marcador discursivo interpar\u00e1grafo, que contribui para a progress\u00e3o tem\u00e1tica do texto.<\/p>\n\n\n\n<p><strong>2. Altera\u00e7\u00e3o da fun\u00e7\u00e3o na reescrita proposta<\/strong><\/p>\n\n\n\n<p>Na reescrita sugerida pelo item:<\/p>\n\n\n\n<p><em>\u201cO mapa de 2025 mostra, ainda, que\u201d<\/em><\/p>\n\n\n\n<p>O adv\u00e9rbio <strong>ainda <\/strong>passa a estar inserido no interior da ora\u00e7\u00e3o, funcionando como modificador do predicado verbal \u201c<strong>mostra\u201d<\/strong>.<\/p>\n\n\n\n<p>Nesse contexto, o adv\u00e9rbio deixa de operar como conectivo textual e passa a exercer fun\u00e7\u00e3o fr\u00e1stica, isto \u00e9, passa a atuar apenas como marcador de continuidade da a\u00e7\u00e3o verbal.<\/p>\n\n\n\n<p>Dessa forma, ocorre <strong>mudan\u00e7a de escopo sem\u00e2ntico<\/strong>:<\/p>\n\n\n\n<p>Ainda, o mapa de 2025 mostra que = conectivo interpar\u00e1grafo<\/p>\n\n\n\n<p>O mapa de 2025 mostra, ainda, que = adv\u00e9rbio ligado ao predicado<\/p>\n\n\n\n<p>Portanto, a altera\u00e7\u00e3o proposta desloca o adv\u00e9rbio do plano discursivo (coes\u00e3o textual) para o plano sint\u00e1tico da ora\u00e7\u00e3o, o que modifica sua fun\u00e7\u00e3o e seu alcance sem\u00e2ntico.<\/p>\n\n\n\n<p>Assim, ainda que a frase resultante permane\u00e7a gramaticalmente correta, n\u00e3o se pode afirmar que os sentidos se mant\u00eam plenamente, pois h\u00e1 altera\u00e7\u00e3o no papel discursivo do adv\u00e9rbio.<\/p>\n\n\n\n<p>Diante do exposto, solicita-se a altera\u00e7\u00e3o do gabarito da quest\u00e3o 20 para ERRADO.<\/p>\n\n\n\n<p><strong>Refer\u00eancias:<\/strong><\/p>\n\n\n\n<p>KOCH, Ingedore Villa\u00e7a. A coes\u00e3o textual. 22. ed. S\u00e3o Paulo: Contexto, 2018.<\/p>\n\n\n\n<p>KOCH, Ingedore Villa\u00e7a; ELIAS, Vanda Maria. Ler e compreender: os sentidos do texto. 3. ed. S\u00e3o Paulo: Contexto, 2011.<\/p>\n\n\n\n<p>AZEREDO, Jos\u00e9 Carlos de. Gram\u00e1tica Houaiss da L\u00edngua Portuguesa. 3. ed. S\u00e3o Paulo: Publifolha, 2018.<\/p>\n\n\n\n<p><strong>QUEST\u00c3O 24<\/strong><\/p>\n\n\n\n<p><strong>GABARITO PRELIMINAR DA BANCA: CERTO<\/strong><\/p>\n\n\n\n<p><strong>GABARITO PRETENDIDO: ERRADO<\/strong><\/p>\n\n\n\n<p><strong>FUNDAMENTA\u00c7\u00c3O:<\/strong><\/p>\n\n\n\n<p>O gabarito preliminar considerou o item CORRETO, por\u00e9m a afirma\u00e7\u00e3o de que a substitui\u00e7\u00e3o de \u201cque h\u00e1\u201d por \u201ca exist\u00eancia de\u201d manteria o paralelismo sint\u00e1tico n\u00e3o se sustenta.<\/p>\n\n\n\n<p>No trecho do texto, ocorre a repeti\u00e7\u00e3o da estrutura \u201creconhecem que h\u00e1\u201d em tr\u00eas segmentos:<\/p>\n\n\n\n<p>\u201creconhecem <strong>que h\u00e1 discrimina\u00e7\u00e3o<\/strong>\u201d<\/p>\n\n\n\n<p>\u201creconhecem <strong>que h\u00e1 racismo<\/strong>\u201d<\/p>\n\n\n\n<p>\u201cn\u00e3o reconhecem <strong>que h\u00e1 machismo<\/strong>\u201d<\/p>\n\n\n\n<p>Essa repeti\u00e7\u00e3o estabelece um paralelismo sint\u00e1tico baseado na mesma constru\u00e7\u00e3o oracional (verbo + conjun\u00e7\u00e3o integrante + verbo impessoal).<\/p>\n\n\n\n<p>Entretanto, o item prop\u00f5e a substitui\u00e7\u00e3o apenas de dois desses segmentos por \u201ca exist\u00eancia de\u201d, o que resultaria em estruturas distintas no mesmo per\u00edodo:<\/p>\n\n\n\n<p><em>reconhecem a exist\u00eancia de discrimina\u00e7\u00e3o<\/em><\/p>\n\n\n\n<p><em>reconhecem <strong>que h\u00e1 racismo<\/strong><\/em><\/p>\n\n\n\n<p><em>n\u00e3o reconhecem <strong>a exist\u00eancia de machismo<\/strong><\/em><\/p>\n\n\n\n<p>Nesse caso, a sequ\u00eancia deixa de manter a uniformidade estrutural, rompendo o paralelismo sint\u00e1tico originalmente estabelecido.<\/p>\n\n\n\n<p>Embora a substitui\u00e7\u00e3o preserve a corre\u00e7\u00e3o gramatical dos trechos isoladamente, ela n\u00e3o preserva o paralelismo sint\u00e1tico do per\u00edodo, como afirma o item.<\/p>\n\n\n\n<p>Dessa forma, o item n\u00e3o poderia ser considerado correto.<\/p>\n\n\n\n<p>Solicita-se, portanto, a altera\u00e7\u00e3o do gabarito para ERRADO.<\/p>\n\n\n\n<p><strong>Refer\u00eancias:<\/strong><\/p>\n\n\n\n<p>BECHARA, Evanildo. Moderna Gram\u00e1tica Portuguesa.<\/p>\n\n\n\n<p>CUNHA, Celso; CINTRA, Lindley. Nova Gram\u00e1tica do Portugu\u00eas Contempor\u00e2neo.<\/p>\n\n\n\n<p>GARCIA, Othon M. Comunica\u00e7\u00e3o em Prosa Moderna.<\/p>\n\n\n\n<p class=\"has-text-align-center\"><em>Para saber mais os recursos para T\u00e9cnico e detalhes do concurso C\u00e2mara dos Deputados, acesse nosso artigo na \u00edntegra:<\/em><\/p>\n\n\n\n<p class=\"has-text-align-center has-very-light-gray-to-cyan-bluish-gray-gradient-background has-background\" style=\"font-size:clamp(15.197px, 0.95rem + ((1vw - 3.2px) * 0.765), 23px);\"><strong>Saiba mais: <a href=\"https:\/\/www.estrategiaconcursos.com.br\/blog\/concurso-camara-dos-deputados\/\" target=\"_blank\" rel=\"noreferrer noopener\">Concurso C\u00e2mara dos Deputados 2026<\/a><\/strong><\/p>\n\n\n\n<hr class=\"wp-block-separator has-alpha-channel-opacity\"\/>\n\n\n\n<h2 class=\"wp-block-heading has-text-align-center\" id=\"h-quer-saber-tudo-sobre-concursos-previstos-confira-nossos-artigos\">Quer saber tudo sobre concursos previstos?<br \/>Confira nossos artigos!<\/h2>\n\n\n\n<ul class=\"wp-block-list\">\n<li><a href=\"https:\/\/www.estrategiaconcursos.com.br\/blog\/concursos-area-legislativa\/\" target=\"_blank\" rel=\"noreferrer noopener\">Concursos legislativos<\/a><\/li>\n\n\n\n<li><a href=\"https:\/\/www.estrategiaconcursos.com.br\/blog\/concursos-abertos\/\" target=\"_blank\" rel=\"noreferrer noopener\">Concursos abertos<\/a><\/li>\n\n\n\n<li><a href=\"https:\/\/www.estrategiaconcursos.com.br\/blog\/concursos-2026\/\" target=\"_blank\" rel=\"noreferrer noopener\">Concursos 2026<\/a><\/li>\n<\/ul>\n\n\n\n<h2 class=\"wp-block-heading has-text-align-center\" id=\"cursos\">Quer estudar para o concurso da C\u00e2mara dos Deputados?<\/h2>\n\n\n\n<div class=\"container\" id=\"boxes\">\n  <div class=\"row\">\n\n    <div class=\"col-sm\">\n      <div class=\"banner-legislativo\" id=\"box-assinatura\">\n        <h3 class=\"titulo-assinatura\">Concurso C\u00e2mara dos Deputados<\/h3>\n        <p class=\"subtitulo-assinatura\">Prepara\u00e7\u00e3o completa para a carreira!<\/p>\n        <div class=\"box-botao\">\n          <a class=\"btn-assinatura\" target=\"_blank\" href=\"https:\/\/www.estrategiaconcursos.com.br\/cursosPorConcurso\/camara-dos-deputados\/\" rel=\"noopener noreferrer\">EXPLORAR CURSOS<\/a>\n        <\/div>\n      <\/div>\n    \n    <\/div>\n\n  <\/div>\n<\/div>\n\n\n\n<div class=\"container\" id=\"boxes\">\n  <div class=\"row\">\n\n    <div class=\"col-sm\">\n      <div class=\"estrategia\" id=\"box-assinatura\">\n        <h3 class=\"titulo-assinatura\">Assinatura Concursos<\/h3>\n        <p class=\"subtitulo-assinatura\">Assinatura de 1 ano ou 2 anos<\/p>\n        <div class=\"box-botao\">\n          <a class=\"btn-assinatura\" target=\"_blank\" href=\"https:\/\/www.estrategiaconcursos.com.br\/assinaturas\/\" role=\"button\" rel=\"noopener noreferrer\">ASSINE AGORA<\/a>\n        <\/div>\n      <\/div>\n     \n    <\/div><\/div><\/div>\n\n\n\n<p><\/p>\n","protected":false},"excerpt":{"rendered":"<p>Foram aplicadas as provas objetivas e discursivas do concurso C\u00e2mara dos Deputados e, com isso, os candidatos podem interpor recursos entre os dias 11 e 12 de mar\u00e7o contra os gabaritos preliminares. \u00c9 por isso que o nosso time de professores do Estrat\u00e9gia decidiu n\u00e3o ficar parado e iniciou as sugest\u00f5es de recursos, conforme crit\u00e9rios [&hellip;]<\/p>\n","protected":false},"author":2692,"featured_media":1271792,"comment_status":"open","ping_status":"closed","sticky":false,"template":"","format":"standard","meta":{"post_tipo":"news","footnotes":""},"categories":[2017],"tags":[],"tax_estado":[219963],"class_list":["post-1730885","post","type-post","status-publish","format-standard","has-post-thumbnail","hentry","category-concursos-legislativos","tax_estado-concursos-federais"],"acf":[],"yoast_head":"<!-- This site is optimized with the Yoast SEO Premium plugin v27.2 (Yoast SEO v27.2) - https:\/\/yoast.com\/product\/yoast-seo-premium-wordpress\/ -->\n<title>Concurso C\u00e2mara dos Deputados - recursos para T\u00e9cnico!<\/title>\n<meta name=\"description\" content=\"Saiba mais sobre sugest\u00f5es para recursos contra os gabaritos preliminares do concurso da C\u00e2mara dos Deputados para T\u00e9cnico.\" \/>\n<meta name=\"robots\" content=\"index, follow, max-snippet:-1, max-image-preview:large, max-video-preview:-1\" \/>\n<link rel=\"canonical\" href=\"https:\/\/www.estrategiaconcursos.com.br\/blog\/concurso-camara-deputados-recursos-tecnico\/\" \/>\n<meta property=\"og:locale\" content=\"pt_BR\" \/>\n<meta property=\"og:type\" content=\"article\" \/>\n<meta property=\"og:title\" content=\"Concurso C\u00e2mara dos Deputados - recursos para T\u00e9cnico!\" \/>\n<meta property=\"og:description\" content=\"Saiba mais sobre sugest\u00f5es para recursos contra os gabaritos preliminares do concurso da C\u00e2mara dos Deputados para T\u00e9cnico.\" \/>\n<meta property=\"og:url\" content=\"https:\/\/www.estrategiaconcursos.com.br\/blog\/concurso-camara-deputados-recursos-tecnico\/\" \/>\n<meta property=\"og:site_name\" content=\"Estrat\u00e9gia Concursos\" \/>\n<meta property=\"article:published_time\" content=\"2026-03-11T18:39:45+00:00\" \/>\n<meta property=\"article:modified_time\" content=\"2026-03-12T17:20:29+00:00\" \/>\n<meta property=\"og:image\" content=\"https:\/\/dhg1h5j42swfq.cloudfront.net\/2023\/08\/31111618\/concurso-camara-dos-deputados.jpg\" \/>\n\t<meta property=\"og:image:width\" content=\"768\" \/>\n\t<meta property=\"og:image:height\" content=\"432\" \/>\n\t<meta property=\"og:image:type\" content=\"image\/jpeg\" \/>\n<meta name=\"author\" content=\"Ronaldo Scanavini Neto\" \/>\n<meta name=\"twitter:card\" content=\"summary_large_image\" \/>\n<meta name=\"twitter:creator\" content=\"@EstratConcursos\" \/>\n<meta name=\"twitter:site\" content=\"@EstratConcursos\" \/>\n<meta name=\"twitter:label1\" content=\"Escrito por\" \/>\n\t<meta name=\"twitter:data1\" content=\"Ronaldo Scanavini Neto\" \/>\n\t<meta name=\"twitter:label2\" content=\"Est. tempo de leitura\" \/>\n\t<meta name=\"twitter:data2\" content=\"32 minutos\" \/>\n<script type=\"application\/ld+json\" class=\"yoast-schema-graph\">{\"@context\":\"https:\/\/schema.org\",\"@graph\":[{\"@type\":\"NewsArticle\",\"@id\":\"https:\/\/www.estrategiaconcursos.com.br\/blog\/concurso-camara-deputados-recursos-tecnico\/#article\",\"isPartOf\":{\"@id\":\"https:\/\/www.estrategiaconcursos.com.br\/blog\/concurso-camara-deputados-recursos-tecnico\/\"},\"author\":{\"name\":\"Ronaldo Scanavini Neto\",\"@id\":\"https:\/\/www.estrategiaconcursos.com.br\/blog\/#\/schema\/person\/70c2ad4297aa24ff8815b08215b23a76\"},\"headline\":\"Concurso C\u00e2mara dos Deputados &#8211; recursos para T\u00e9cnico!\",\"datePublished\":\"2026-03-11T18:39:45+00:00\",\"dateModified\":\"2026-03-12T17:20:29+00:00\",\"mainEntityOfPage\":{\"@id\":\"https:\/\/www.estrategiaconcursos.com.br\/blog\/concurso-camara-deputados-recursos-tecnico\/\"},\"wordCount\":6320,\"commentCount\":0,\"publisher\":{\"@id\":\"https:\/\/www.estrategiaconcursos.com.br\/blog\/#organization\"},\"image\":{\"@id\":\"https:\/\/www.estrategiaconcursos.com.br\/blog\/concurso-camara-deputados-recursos-tecnico\/#primaryimage\"},\"thumbnailUrl\":\"https:\/\/dhg1h5j42swfq.cloudfront.net\/2023\/08\/31111618\/concurso-camara-dos-deputados.jpg\",\"articleSection\":[\"Legislativo\"],\"inLanguage\":\"pt-BR\",\"potentialAction\":[{\"@type\":\"CommentAction\",\"name\":\"Comment\",\"target\":[\"https:\/\/www.estrategiaconcursos.com.br\/blog\/concurso-camara-deputados-recursos-tecnico\/#respond\"]}],\"copyrightYear\":\"2026\",\"copyrightHolder\":{\"@id\":\"https:\/\/www.estrategiaconcursos.com.br\/blog\/#organization\"}},{\"@type\":\"WebPage\",\"@id\":\"https:\/\/www.estrategiaconcursos.com.br\/blog\/concurso-camara-deputados-recursos-tecnico\/\",\"url\":\"https:\/\/www.estrategiaconcursos.com.br\/blog\/concurso-camara-deputados-recursos-tecnico\/\",\"name\":\"Concurso C\u00e2mara dos Deputados - recursos para T\u00e9cnico!\",\"isPartOf\":{\"@id\":\"https:\/\/www.estrategiaconcursos.com.br\/blog\/#website\"},\"primaryImageOfPage\":{\"@id\":\"https:\/\/www.estrategiaconcursos.com.br\/blog\/concurso-camara-deputados-recursos-tecnico\/#primaryimage\"},\"image\":{\"@id\":\"https:\/\/www.estrategiaconcursos.com.br\/blog\/concurso-camara-deputados-recursos-tecnico\/#primaryimage\"},\"thumbnailUrl\":\"https:\/\/dhg1h5j42swfq.cloudfront.net\/2023\/08\/31111618\/concurso-camara-dos-deputados.jpg\",\"datePublished\":\"2026-03-11T18:39:45+00:00\",\"dateModified\":\"2026-03-12T17:20:29+00:00\",\"description\":\"Saiba mais sobre sugest\u00f5es para recursos contra os gabaritos preliminares do concurso da C\u00e2mara dos Deputados para T\u00e9cnico.\",\"breadcrumb\":{\"@id\":\"https:\/\/www.estrategiaconcursos.com.br\/blog\/concurso-camara-deputados-recursos-tecnico\/#breadcrumb\"},\"inLanguage\":\"pt-BR\",\"potentialAction\":[{\"@type\":\"ReadAction\",\"target\":[\"https:\/\/www.estrategiaconcursos.com.br\/blog\/concurso-camara-deputados-recursos-tecnico\/\"]}]},{\"@type\":\"ImageObject\",\"inLanguage\":\"pt-BR\",\"@id\":\"https:\/\/www.estrategiaconcursos.com.br\/blog\/concurso-camara-deputados-recursos-tecnico\/#primaryimage\",\"url\":\"https:\/\/dhg1h5j42swfq.cloudfront.net\/2023\/08\/31111618\/concurso-camara-dos-deputados.jpg\",\"contentUrl\":\"https:\/\/dhg1h5j42swfq.cloudfront.net\/2023\/08\/31111618\/concurso-camara-dos-deputados.jpg\",\"width\":768,\"height\":432,\"caption\":\"Concurso C\u00e2mara dos Deputados\"},{\"@type\":\"BreadcrumbList\",\"@id\":\"https:\/\/www.estrategiaconcursos.com.br\/blog\/concurso-camara-deputados-recursos-tecnico\/#breadcrumb\",\"itemListElement\":[{\"@type\":\"ListItem\",\"position\":1,\"name\":\"In\u00edcio\",\"item\":\"https:\/\/www.estrategiaconcursos.com.br\/blog\/\"},{\"@type\":\"ListItem\",\"position\":2,\"name\":\"Concurso C\u00e2mara dos Deputados &#8211; recursos para T\u00e9cnico!\"}]},{\"@type\":\"WebSite\",\"@id\":\"https:\/\/www.estrategiaconcursos.com.br\/blog\/#website\",\"url\":\"https:\/\/www.estrategiaconcursos.com.br\/blog\/\",\"name\":\"Estrat\u00e9gia Concursos\",\"description\":\"O blog da Estrat\u00e9gia Concursos traz not\u00edcias sobre concursos e artigos de professores oferecendo cursos para concursos (pdf + videaulas) no site.\",\"publisher\":{\"@id\":\"https:\/\/www.estrategiaconcursos.com.br\/blog\/#organization\"},\"potentialAction\":[{\"@type\":\"SearchAction\",\"target\":{\"@type\":\"EntryPoint\",\"urlTemplate\":\"https:\/\/www.estrategiaconcursos.com.br\/blog\/?s={search_term_string}\"},\"query-input\":{\"@type\":\"PropertyValueSpecification\",\"valueRequired\":true,\"valueName\":\"search_term_string\"}}],\"inLanguage\":\"pt-BR\"},{\"@type\":\"Organization\",\"@id\":\"https:\/\/www.estrategiaconcursos.com.br\/blog\/#organization\",\"name\":\"Estrat\u00e9gia Concursos\",\"url\":\"https:\/\/www.estrategiaconcursos.com.br\/blog\/\",\"logo\":{\"@type\":\"ImageObject\",\"inLanguage\":\"pt-BR\",\"@id\":\"https:\/\/www.estrategiaconcursos.com.br\/blog\/#\/schema\/logo\/image\/\",\"url\":\"https:\/\/dhg1h5j42swfq.cloudfront.net\/2025\/06\/03203428\/logo_concursos-1.jpg\",\"contentUrl\":\"https:\/\/dhg1h5j42swfq.cloudfront.net\/2025\/06\/03203428\/logo_concursos-1.jpg\",\"width\":230,\"height\":60,\"caption\":\"Estrat\u00e9gia Concursos\"},\"image\":{\"@id\":\"https:\/\/www.estrategiaconcursos.com.br\/blog\/#\/schema\/logo\/image\/\"},\"sameAs\":[\"https:\/\/x.com\/EstratConcursos\"]},{\"@type\":\"Person\",\"@id\":\"https:\/\/www.estrategiaconcursos.com.br\/blog\/#\/schema\/person\/70c2ad4297aa24ff8815b08215b23a76\",\"name\":\"Ronaldo Scanavini Neto\",\"image\":{\"@type\":\"ImageObject\",\"inLanguage\":\"pt-BR\",\"@id\":\"https:\/\/secure.gravatar.com\/avatar\/f93d8e56fe264596e94aee6b3feb737d98ad0fc5bac7eb0a245f04723c5c8f21?s=96&d=mm&r=g\",\"url\":\"https:\/\/secure.gravatar.com\/avatar\/f93d8e56fe264596e94aee6b3feb737d98ad0fc5bac7eb0a245f04723c5c8f21?s=96&d=mm&r=g\",\"contentUrl\":\"https:\/\/secure.gravatar.com\/avatar\/f93d8e56fe264596e94aee6b3feb737d98ad0fc5bac7eb0a245f04723c5c8f21?s=96&d=mm&r=g\",\"caption\":\"Ronaldo Scanavini Neto\"},\"description\":\"Graduando em Comunica\u00e7\u00e3o Social \u2013 Jornalismo pela Universidade Federal de Vi\u00e7osa (UFV). Integra a equipe de jornalismo do Estrat\u00e9gia Concursos desde 2023, atuando com \u00eanfase na cobertura da \u00e1rea fiscal. Tamb\u00e9m realiza a apura\u00e7\u00e3o e produ\u00e7\u00e3o de not\u00edcias sobre concursos federais, \u00f3rg\u00e3os participantes do CNU e das \u00e1reas de controle, gest\u00e3o, engenharia, Exame CFC, comunica\u00e7\u00e3o social TI e \u00e1rea de concursos administrativos.\",\"url\":\"https:\/\/www.estrategiaconcursos.com.br\/blog\/author\/ronaldo-netoestrategia-com\/\"}]}<\/script>\n<!-- \/ Yoast SEO Premium plugin. -->","yoast_head_json":{"title":"Concurso C\u00e2mara dos Deputados - recursos para T\u00e9cnico!","description":"Saiba mais sobre sugest\u00f5es para recursos contra os gabaritos preliminares do concurso da C\u00e2mara dos Deputados para T\u00e9cnico.","robots":{"index":"index","follow":"follow","max-snippet":"max-snippet:-1","max-image-preview":"max-image-preview:large","max-video-preview":"max-video-preview:-1"},"canonical":"https:\/\/www.estrategiaconcursos.com.br\/blog\/concurso-camara-deputados-recursos-tecnico\/","og_locale":"pt_BR","og_type":"article","og_title":"Concurso C\u00e2mara dos Deputados - recursos para T\u00e9cnico!","og_description":"Saiba mais sobre sugest\u00f5es para recursos contra os gabaritos preliminares do concurso da C\u00e2mara dos Deputados para T\u00e9cnico.","og_url":"https:\/\/www.estrategiaconcursos.com.br\/blog\/concurso-camara-deputados-recursos-tecnico\/","og_site_name":"Estrat\u00e9gia Concursos","article_published_time":"2026-03-11T18:39:45+00:00","article_modified_time":"2026-03-12T17:20:29+00:00","og_image":[{"width":768,"height":432,"url":"https:\/\/dhg1h5j42swfq.cloudfront.net\/2023\/08\/31111618\/concurso-camara-dos-deputados.jpg","type":"image\/jpeg"}],"author":"Ronaldo Scanavini Neto","twitter_card":"summary_large_image","twitter_creator":"@EstratConcursos","twitter_site":"@EstratConcursos","twitter_misc":{"Escrito por":"Ronaldo Scanavini Neto","Est. tempo de leitura":"32 minutos"},"schema":{"@context":"https:\/\/schema.org","@graph":[{"@type":"NewsArticle","@id":"https:\/\/www.estrategiaconcursos.com.br\/blog\/concurso-camara-deputados-recursos-tecnico\/#article","isPartOf":{"@id":"https:\/\/www.estrategiaconcursos.com.br\/blog\/concurso-camara-deputados-recursos-tecnico\/"},"author":{"name":"Ronaldo Scanavini Neto","@id":"https:\/\/www.estrategiaconcursos.com.br\/blog\/#\/schema\/person\/70c2ad4297aa24ff8815b08215b23a76"},"headline":"Concurso C\u00e2mara dos Deputados &#8211; recursos para T\u00e9cnico!","datePublished":"2026-03-11T18:39:45+00:00","dateModified":"2026-03-12T17:20:29+00:00","mainEntityOfPage":{"@id":"https:\/\/www.estrategiaconcursos.com.br\/blog\/concurso-camara-deputados-recursos-tecnico\/"},"wordCount":6320,"commentCount":0,"publisher":{"@id":"https:\/\/www.estrategiaconcursos.com.br\/blog\/#organization"},"image":{"@id":"https:\/\/www.estrategiaconcursos.com.br\/blog\/concurso-camara-deputados-recursos-tecnico\/#primaryimage"},"thumbnailUrl":"https:\/\/dhg1h5j42swfq.cloudfront.net\/2023\/08\/31111618\/concurso-camara-dos-deputados.jpg","articleSection":["Legislativo"],"inLanguage":"pt-BR","potentialAction":[{"@type":"CommentAction","name":"Comment","target":["https:\/\/www.estrategiaconcursos.com.br\/blog\/concurso-camara-deputados-recursos-tecnico\/#respond"]}],"copyrightYear":"2026","copyrightHolder":{"@id":"https:\/\/www.estrategiaconcursos.com.br\/blog\/#organization"}},{"@type":"WebPage","@id":"https:\/\/www.estrategiaconcursos.com.br\/blog\/concurso-camara-deputados-recursos-tecnico\/","url":"https:\/\/www.estrategiaconcursos.com.br\/blog\/concurso-camara-deputados-recursos-tecnico\/","name":"Concurso C\u00e2mara dos Deputados - recursos para T\u00e9cnico!","isPartOf":{"@id":"https:\/\/www.estrategiaconcursos.com.br\/blog\/#website"},"primaryImageOfPage":{"@id":"https:\/\/www.estrategiaconcursos.com.br\/blog\/concurso-camara-deputados-recursos-tecnico\/#primaryimage"},"image":{"@id":"https:\/\/www.estrategiaconcursos.com.br\/blog\/concurso-camara-deputados-recursos-tecnico\/#primaryimage"},"thumbnailUrl":"https:\/\/dhg1h5j42swfq.cloudfront.net\/2023\/08\/31111618\/concurso-camara-dos-deputados.jpg","datePublished":"2026-03-11T18:39:45+00:00","dateModified":"2026-03-12T17:20:29+00:00","description":"Saiba mais sobre sugest\u00f5es para recursos contra os gabaritos preliminares do concurso da C\u00e2mara dos Deputados para T\u00e9cnico.","breadcrumb":{"@id":"https:\/\/www.estrategiaconcursos.com.br\/blog\/concurso-camara-deputados-recursos-tecnico\/#breadcrumb"},"inLanguage":"pt-BR","potentialAction":[{"@type":"ReadAction","target":["https:\/\/www.estrategiaconcursos.com.br\/blog\/concurso-camara-deputados-recursos-tecnico\/"]}]},{"@type":"ImageObject","inLanguage":"pt-BR","@id":"https:\/\/www.estrategiaconcursos.com.br\/blog\/concurso-camara-deputados-recursos-tecnico\/#primaryimage","url":"https:\/\/dhg1h5j42swfq.cloudfront.net\/2023\/08\/31111618\/concurso-camara-dos-deputados.jpg","contentUrl":"https:\/\/dhg1h5j42swfq.cloudfront.net\/2023\/08\/31111618\/concurso-camara-dos-deputados.jpg","width":768,"height":432,"caption":"Concurso C\u00e2mara dos Deputados"},{"@type":"BreadcrumbList","@id":"https:\/\/www.estrategiaconcursos.com.br\/blog\/concurso-camara-deputados-recursos-tecnico\/#breadcrumb","itemListElement":[{"@type":"ListItem","position":1,"name":"In\u00edcio","item":"https:\/\/www.estrategiaconcursos.com.br\/blog\/"},{"@type":"ListItem","position":2,"name":"Concurso C\u00e2mara dos Deputados &#8211; recursos para T\u00e9cnico!"}]},{"@type":"WebSite","@id":"https:\/\/www.estrategiaconcursos.com.br\/blog\/#website","url":"https:\/\/www.estrategiaconcursos.com.br\/blog\/","name":"Estrat\u00e9gia Concursos","description":"O blog da Estrat\u00e9gia Concursos traz not\u00edcias sobre concursos e artigos de professores oferecendo cursos para concursos (pdf + videaulas) no site.","publisher":{"@id":"https:\/\/www.estrategiaconcursos.com.br\/blog\/#organization"},"potentialAction":[{"@type":"SearchAction","target":{"@type":"EntryPoint","urlTemplate":"https:\/\/www.estrategiaconcursos.com.br\/blog\/?s={search_term_string}"},"query-input":{"@type":"PropertyValueSpecification","valueRequired":true,"valueName":"search_term_string"}}],"inLanguage":"pt-BR"},{"@type":"Organization","@id":"https:\/\/www.estrategiaconcursos.com.br\/blog\/#organization","name":"Estrat\u00e9gia Concursos","url":"https:\/\/www.estrategiaconcursos.com.br\/blog\/","logo":{"@type":"ImageObject","inLanguage":"pt-BR","@id":"https:\/\/www.estrategiaconcursos.com.br\/blog\/#\/schema\/logo\/image\/","url":"https:\/\/dhg1h5j42swfq.cloudfront.net\/2025\/06\/03203428\/logo_concursos-1.jpg","contentUrl":"https:\/\/dhg1h5j42swfq.cloudfront.net\/2025\/06\/03203428\/logo_concursos-1.jpg","width":230,"height":60,"caption":"Estrat\u00e9gia Concursos"},"image":{"@id":"https:\/\/www.estrategiaconcursos.com.br\/blog\/#\/schema\/logo\/image\/"},"sameAs":["https:\/\/x.com\/EstratConcursos"]},{"@type":"Person","@id":"https:\/\/www.estrategiaconcursos.com.br\/blog\/#\/schema\/person\/70c2ad4297aa24ff8815b08215b23a76","name":"Ronaldo Scanavini Neto","image":{"@type":"ImageObject","inLanguage":"pt-BR","@id":"https:\/\/secure.gravatar.com\/avatar\/f93d8e56fe264596e94aee6b3feb737d98ad0fc5bac7eb0a245f04723c5c8f21?s=96&d=mm&r=g","url":"https:\/\/secure.gravatar.com\/avatar\/f93d8e56fe264596e94aee6b3feb737d98ad0fc5bac7eb0a245f04723c5c8f21?s=96&d=mm&r=g","contentUrl":"https:\/\/secure.gravatar.com\/avatar\/f93d8e56fe264596e94aee6b3feb737d98ad0fc5bac7eb0a245f04723c5c8f21?s=96&d=mm&r=g","caption":"Ronaldo Scanavini Neto"},"description":"Graduando em Comunica\u00e7\u00e3o Social \u2013 Jornalismo pela Universidade Federal de Vi\u00e7osa (UFV). Integra a equipe de jornalismo do Estrat\u00e9gia Concursos desde 2023, atuando com \u00eanfase na cobertura da \u00e1rea fiscal. Tamb\u00e9m realiza a apura\u00e7\u00e3o e produ\u00e7\u00e3o de not\u00edcias sobre concursos federais, \u00f3rg\u00e3os participantes do CNU e das \u00e1reas de controle, gest\u00e3o, engenharia, Exame CFC, comunica\u00e7\u00e3o social TI e \u00e1rea de concursos administrativos.","url":"https:\/\/www.estrategiaconcursos.com.br\/blog\/author\/ronaldo-netoestrategia-com\/"}]}},"_links":{"self":[{"href":"https:\/\/www.estrategiaconcursos.com.br\/blog\/wp-json\/wp\/v2\/posts\/1730885","targetHints":{"allow":["GET"]}}],"collection":[{"href":"https:\/\/www.estrategiaconcursos.com.br\/blog\/wp-json\/wp\/v2\/posts"}],"about":[{"href":"https:\/\/www.estrategiaconcursos.com.br\/blog\/wp-json\/wp\/v2\/types\/post"}],"author":[{"embeddable":true,"href":"https:\/\/www.estrategiaconcursos.com.br\/blog\/wp-json\/wp\/v2\/users\/2692"}],"replies":[{"embeddable":true,"href":"https:\/\/www.estrategiaconcursos.com.br\/blog\/wp-json\/wp\/v2\/comments?post=1730885"}],"version-history":[{"count":5,"href":"https:\/\/www.estrategiaconcursos.com.br\/blog\/wp-json\/wp\/v2\/posts\/1730885\/revisions"}],"predecessor-version":[{"id":1732585,"href":"https:\/\/www.estrategiaconcursos.com.br\/blog\/wp-json\/wp\/v2\/posts\/1730885\/revisions\/1732585"}],"wp:featuredmedia":[{"embeddable":true,"href":"https:\/\/www.estrategiaconcursos.com.br\/blog\/wp-json\/wp\/v2\/media\/1271792"}],"wp:attachment":[{"href":"https:\/\/www.estrategiaconcursos.com.br\/blog\/wp-json\/wp\/v2\/media?parent=1730885"}],"wp:term":[{"taxonomy":"category","embeddable":true,"href":"https:\/\/www.estrategiaconcursos.com.br\/blog\/wp-json\/wp\/v2\/categories?post=1730885"},{"taxonomy":"post_tag","embeddable":true,"href":"https:\/\/www.estrategiaconcursos.com.br\/blog\/wp-json\/wp\/v2\/tags?post=1730885"},{"taxonomy":"tax_estado","embeddable":true,"href":"https:\/\/www.estrategiaconcursos.com.br\/blog\/wp-json\/wp\/v2\/tax_estado?post=1730885"}],"curies":[{"name":"wp","href":"https:\/\/api.w.org\/{rel}","templated":true}]}}