{"id":173053,"date":"2019-03-21T07:57:08","date_gmt":"2019-03-21T10:57:08","guid":{"rendered":"https:\/\/www.estrategiaconcursos.com.br\/blog\/?p=173053"},"modified":"2019-07-13T11:15:47","modified_gmt":"2019-07-13T14:15:47","slug":"concurso-delegado-es-comissao-formada","status":"publish","type":"post","link":"https:\/\/www.estrategiaconcursos.com.br\/blog\/concurso-delegado-es-comissao-formada\/","title":{"rendered":"Concurso Delegado ES: comiss\u00e3o ganha novos membros"},"content":{"rendered":"\n<p>O Delegado-Geral da Pol\u00edcia Civil do Esp\u00edrito Santo assinou uma nova instru\u00e7\u00e3o de servi\u00e7o para nomear os membros restantes da comiss\u00e3o de monitoramento e avalia\u00e7\u00e3o do novo concurso para o provimento de 33 vagas da classe inicial da carreira de Delegado.<\/p>\n\n\n\n<p>O documento, publicado na edi\u00e7\u00e3o desta quinta-feira, 21 de mar\u00e7o, do Di\u00e1rio Oficial do Estado do Esp\u00edrito Santo. Foram nomeados os membros indicados pelo Minist\u00e9rio P\u00fablico do Estado, Ordem dos Advogados do Brasil e do Sindicato dos Delegados de Pol\u00edcia Civil do Estado (SINDPES).<\/p>\n\n\n\n<p>O grupo de novos membros completa o colegiado que havia sido formado em 28 de fevereiro. A miss\u00e3o da comiss\u00e3o \u00e9 acompanhar a execu\u00e7\u00e3o de todas as etapas do concurso p\u00fablico, que ser\u00e1 organizado pelo <strong>Instituto&nbsp;Acesso<\/strong>, contratado em dezembro de 2018 ap\u00f3s a realiza\u00e7\u00e3o de processo licitat\u00f3rio.<\/p>\n\n\n\n<p>Com a forma\u00e7\u00e3o da comiss\u00e3o, a publica\u00e7\u00e3o do edital est\u00e1 cada vez mais pr\u00f3xima. Al\u00e9m das 33 vagas imediatas, s\u00e3o esperadas mais contrata\u00e7\u00f5es durante o per\u00edodo de validade do certame, visto que a Pol\u00edcia Civil n\u00e3o realiza concursos para Delegado desde 2013.<\/p>\n\n\n\n<p>Para concorrer \u00e0s vagas \u00e9 necess\u00e1rio ser bacharel em Direito e contar com pelo menos tr\u00eas anos de atividade jur\u00eddica ou policial. A remunera\u00e7\u00e3o inicial da carreira \u00e9 R$&nbsp;10.058,56. <\/p>\n\n\n\n<div class=\"wp-block-file\"><a href=\"https:\/\/dhg1h5j42swfq.cloudfront.net\/2019\/03\/21075001\/Instru%C3%A7%C3%A3o-de-Servi%C3%A7o-220-2019.pdf\" target=\"_blank\" rel=\"noreferrer noopener\"><strong>Baixe a \u00edntegra do documento aqui<\/strong><\/a><a href=\"https:\/\/dhg1h5j42swfq.cloudfront.net\/2019\/03\/21075001\/Instru%C3%A7%C3%A3o-de-Servi%C3%A7o-220-2019.pdf\" class=\"wp-block-file__button\" download>Baixar<\/a><\/div>\n\n\n\n<p style=\"font-size:25px\"><em><a rel=\"noreferrer noopener\" aria-label=\"Clique&nbsp;aqui&nbsp;para&nbsp;saber&nbsp;tudo&nbsp;sobre&nbsp;o&nbsp;concurso&nbsp;Delegado&nbsp;ES (opens in a new tab)\" href=\"https:\/\/www.estrategiaconcursos.com.br\/blog\/concurso-delegado-es\/\" target=\"_blank\">Clique&nbsp;aqui&nbsp;para&nbsp;saber&nbsp;tudo&nbsp;sobre&nbsp;o&nbsp;concurso&nbsp;Delegado&nbsp;ES<\/a><\/em><\/p>\n\n\n\n<p><em>Ascom&nbsp;Estrat\u00e9gia<\/em><br \/>ascomestrat\u00e9gia@gmail.com<\/p>\n\n\n\n<p style=\"font-size:25px;text-align:center\" class=\"has-background has-very-light-gray-background-color\"><a rel=\"noreferrer noopener\" href=\"https:\/\/www.estrategiaconcursos.com.br\/cursosPorConcurso\/policia-civil-do-espirito-santo-pc-es-delegado\/\" target=\"_blank\">CURSOS&nbsp;CONCURSO&nbsp;DELEGADO&nbsp;ES<\/a><\/p>\n","protected":false},"excerpt":{"rendered":"<p>O Delegado-Geral da Pol\u00edcia Civil do Esp\u00edrito Santo assinou uma nova instru\u00e7\u00e3o de servi\u00e7o para nomear os membros restantes da comiss\u00e3o de monitoramento e avalia\u00e7\u00e3o do novo concurso para o provimento de 33 vagas da classe inicial da carreira de Delegado. O documento, publicado na edi\u00e7\u00e3o desta quinta-feira, 21 de mar\u00e7o, do Di\u00e1rio Oficial do [&hellip;]<\/p>\n","protected":false},"author":180,"featured_media":173051,"comment_status":"open","ping_status":"closed","sticky":false,"template":"","format":"standard","meta":{"post_tipo":"article","footnotes":""},"categories":[1],"tags":[],"tax_estado":[],"class_list":["post-173053","post","type-post","status-publish","format-standard","has-post-thumbnail","hentry","category-cursos-e-concursos"],"acf":[],"yoast_head":"<!-- This site is optimized with the Yoast SEO Premium plugin v27.2 (Yoast SEO v27.2) - https:\/\/yoast.com\/product\/yoast-seo-premium-wordpress\/ -->\n<title>Concurso Delegado ES: comiss\u00e3o ganha novos membros<\/title>\n<meta name=\"description\" content=\"Concurso Delegado ES: Delegado-Geral nomeia novos membros da comiss\u00e3o de monitoramento e avalia\u00e7\u00e3o do concurso com 33 vagas, que j\u00e1 tem banca definida.\" \/>\n<meta name=\"robots\" content=\"index, follow, max-snippet:-1, max-image-preview:large, max-video-preview:-1\" \/>\n<link rel=\"canonical\" href=\"https:\/\/www.estrategiaconcursos.com.br\/blog\/concurso-delegado-es-comissao-formada\/\" \/>\n<meta property=\"og:locale\" content=\"pt_BR\" \/>\n<meta property=\"og:type\" content=\"article\" \/>\n<meta property=\"og:title\" content=\"Concurso Delegado ES: comiss\u00e3o ganha novos membros\" \/>\n<meta property=\"og:description\" content=\"Concurso Delegado ES: Delegado-Geral nomeia novos membros da comiss\u00e3o de monitoramento e avalia\u00e7\u00e3o do concurso com 33 vagas, que j\u00e1 tem banca definida.\" \/>\n<meta property=\"og:url\" content=\"https:\/\/www.estrategiaconcursos.com.br\/blog\/concurso-delegado-es-comissao-formada\/\" \/>\n<meta property=\"og:site_name\" content=\"Estrat\u00e9gia Concursos\" \/>\n<meta property=\"article:author\" content=\"https:\/\/www.facebook.com\/ricardo.s.torques\" \/>\n<meta property=\"article:published_time\" content=\"2019-03-21T10:57:08+00:00\" \/>\n<meta property=\"article:modified_time\" content=\"2019-07-13T14:15:47+00:00\" \/>\n<meta property=\"og:image\" content=\"https:\/\/dhg1h5j42swfq.cloudfront.net\/2018\/12\/21073807\/CONCURSO-DELEGADO-ES2.jpg\" \/>\n\t<meta property=\"og:image:width\" content=\"601\" \/>\n\t<meta property=\"og:image:height\" content=\"314\" \/>\n\t<meta property=\"og:image:type\" content=\"image\/jpeg\" \/>\n<meta name=\"author\" content=\"Ricardo Torques\" \/>\n<meta name=\"twitter:card\" content=\"summary_large_image\" \/>\n<meta name=\"twitter:creator\" content=\"@EstratConcursos\" \/>\n<meta name=\"twitter:site\" content=\"@EstratConcursos\" \/>\n<meta name=\"twitter:label1\" content=\"Escrito por\" \/>\n\t<meta name=\"twitter:data1\" content=\"Ricardo Torques\" \/>\n\t<meta name=\"twitter:label2\" content=\"Est. tempo de leitura\" \/>\n\t<meta name=\"twitter:data2\" content=\"1 minuto\" \/>\n<script type=\"application\/ld+json\" class=\"yoast-schema-graph\">{\"@context\":\"https:\/\/schema.org\",\"@graph\":[{\"@type\":\"NewsArticle\",\"@id\":\"https:\/\/www.estrategiaconcursos.com.br\/blog\/concurso-delegado-es-comissao-formada\/#article\",\"isPartOf\":{\"@id\":\"https:\/\/www.estrategiaconcursos.com.br\/blog\/concurso-delegado-es-comissao-formada\/\"},\"author\":{\"name\":\"Ricardo Torques\",\"@id\":\"https:\/\/www.estrategiaconcursos.com.br\/blog\/#\/schema\/person\/aa39cf5ddb518e5bdce27c35788405e2\"},\"headline\":\"Concurso Delegado ES: comiss\u00e3o ganha novos membros\",\"datePublished\":\"2019-03-21T10:57:08+00:00\",\"dateModified\":\"2019-07-13T14:15:47+00:00\",\"mainEntityOfPage\":{\"@id\":\"https:\/\/www.estrategiaconcursos.com.br\/blog\/concurso-delegado-es-comissao-formada\/\"},\"wordCount\":280,\"commentCount\":0,\"publisher\":{\"@id\":\"https:\/\/www.estrategiaconcursos.com.br\/blog\/#organization\"},\"image\":{\"@id\":\"https:\/\/www.estrategiaconcursos.com.br\/blog\/concurso-delegado-es-comissao-formada\/#primaryimage\"},\"thumbnailUrl\":\"https:\/\/dhg1h5j42swfq.cloudfront.net\/2018\/12\/21073807\/CONCURSO-DELEGADO-ES2.jpg\",\"articleSection\":[\"Concursos P\u00fablicos\"],\"inLanguage\":\"pt-BR\",\"potentialAction\":[{\"@type\":\"CommentAction\",\"name\":\"Comment\",\"target\":[\"https:\/\/www.estrategiaconcursos.com.br\/blog\/concurso-delegado-es-comissao-formada\/#respond\"]}],\"copyrightYear\":\"2019\",\"copyrightHolder\":{\"@id\":\"https:\/\/www.estrategiaconcursos.com.br\/blog\/#organization\"}},{\"@type\":\"WebPage\",\"@id\":\"https:\/\/www.estrategiaconcursos.com.br\/blog\/concurso-delegado-es-comissao-formada\/\",\"url\":\"https:\/\/www.estrategiaconcursos.com.br\/blog\/concurso-delegado-es-comissao-formada\/\",\"name\":\"Concurso Delegado ES: comiss\u00e3o ganha novos membros\",\"isPartOf\":{\"@id\":\"https:\/\/www.estrategiaconcursos.com.br\/blog\/#website\"},\"primaryImageOfPage\":{\"@id\":\"https:\/\/www.estrategiaconcursos.com.br\/blog\/concurso-delegado-es-comissao-formada\/#primaryimage\"},\"image\":{\"@id\":\"https:\/\/www.estrategiaconcursos.com.br\/blog\/concurso-delegado-es-comissao-formada\/#primaryimage\"},\"thumbnailUrl\":\"https:\/\/dhg1h5j42swfq.cloudfront.net\/2018\/12\/21073807\/CONCURSO-DELEGADO-ES2.jpg\",\"datePublished\":\"2019-03-21T10:57:08+00:00\",\"dateModified\":\"2019-07-13T14:15:47+00:00\",\"description\":\"Concurso Delegado ES: Delegado-Geral nomeia novos membros da comiss\u00e3o de monitoramento e avalia\u00e7\u00e3o do concurso com 33 vagas, que j\u00e1 tem banca definida.\",\"breadcrumb\":{\"@id\":\"https:\/\/www.estrategiaconcursos.com.br\/blog\/concurso-delegado-es-comissao-formada\/#breadcrumb\"},\"inLanguage\":\"pt-BR\",\"potentialAction\":[{\"@type\":\"ReadAction\",\"target\":[\"https:\/\/www.estrategiaconcursos.com.br\/blog\/concurso-delegado-es-comissao-formada\/\"]}]},{\"@type\":\"ImageObject\",\"inLanguage\":\"pt-BR\",\"@id\":\"https:\/\/www.estrategiaconcursos.com.br\/blog\/concurso-delegado-es-comissao-formada\/#primaryimage\",\"url\":\"https:\/\/dhg1h5j42swfq.cloudfront.net\/2018\/12\/21073807\/CONCURSO-DELEGADO-ES2.jpg\",\"contentUrl\":\"https:\/\/dhg1h5j42swfq.cloudfront.net\/2018\/12\/21073807\/CONCURSO-DELEGADO-ES2.jpg\",\"width\":601,\"height\":314,\"caption\":\"concurso delegado es\"},{\"@type\":\"BreadcrumbList\",\"@id\":\"https:\/\/www.estrategiaconcursos.com.br\/blog\/concurso-delegado-es-comissao-formada\/#breadcrumb\",\"itemListElement\":[{\"@type\":\"ListItem\",\"position\":1,\"name\":\"In\u00edcio\",\"item\":\"https:\/\/www.estrategiaconcursos.com.br\/blog\/\"},{\"@type\":\"ListItem\",\"position\":2,\"name\":\"Concurso Delegado ES: comiss\u00e3o ganha novos membros\"}]},{\"@type\":\"WebSite\",\"@id\":\"https:\/\/www.estrategiaconcursos.com.br\/blog\/#website\",\"url\":\"https:\/\/www.estrategiaconcursos.com.br\/blog\/\",\"name\":\"Estrat\u00e9gia Concursos\",\"description\":\"O blog da Estrat\u00e9gia Concursos traz not\u00edcias sobre concursos e artigos de professores oferecendo cursos para concursos (pdf + videaulas) no site.\",\"publisher\":{\"@id\":\"https:\/\/www.estrategiaconcursos.com.br\/blog\/#organization\"},\"potentialAction\":[{\"@type\":\"SearchAction\",\"target\":{\"@type\":\"EntryPoint\",\"urlTemplate\":\"https:\/\/www.estrategiaconcursos.com.br\/blog\/?s={search_term_string}\"},\"query-input\":{\"@type\":\"PropertyValueSpecification\",\"valueRequired\":true,\"valueName\":\"search_term_string\"}}],\"inLanguage\":\"pt-BR\"},{\"@type\":\"Organization\",\"@id\":\"https:\/\/www.estrategiaconcursos.com.br\/blog\/#organization\",\"name\":\"Estrat\u00e9gia Concursos\",\"url\":\"https:\/\/www.estrategiaconcursos.com.br\/blog\/\",\"logo\":{\"@type\":\"ImageObject\",\"inLanguage\":\"pt-BR\",\"@id\":\"https:\/\/www.estrategiaconcursos.com.br\/blog\/#\/schema\/logo\/image\/\",\"url\":\"https:\/\/dhg1h5j42swfq.cloudfront.net\/2025\/06\/03203428\/logo_concursos-1.jpg\",\"contentUrl\":\"https:\/\/dhg1h5j42swfq.cloudfront.net\/2025\/06\/03203428\/logo_concursos-1.jpg\",\"width\":230,\"height\":60,\"caption\":\"Estrat\u00e9gia Concursos\"},\"image\":{\"@id\":\"https:\/\/www.estrategiaconcursos.com.br\/blog\/#\/schema\/logo\/image\/\"},\"sameAs\":[\"https:\/\/x.com\/EstratConcursos\"]},{\"@type\":\"Person\",\"@id\":\"https:\/\/www.estrategiaconcursos.com.br\/blog\/#\/schema\/person\/aa39cf5ddb518e5bdce27c35788405e2\",\"name\":\"Ricardo Torques\",\"image\":{\"@type\":\"ImageObject\",\"inLanguage\":\"pt-BR\",\"@id\":\"https:\/\/secure.gravatar.com\/avatar\/ce9ac6c3cff25fe86d15ed568ebc64d1724baf5c0693133bcb1f6073f712f92a?s=96&d=mm&r=g\",\"url\":\"https:\/\/secure.gravatar.com\/avatar\/ce9ac6c3cff25fe86d15ed568ebc64d1724baf5c0693133bcb1f6073f712f92a?s=96&d=mm&r=g\",\"contentUrl\":\"https:\/\/secure.gravatar.com\/avatar\/ce9ac6c3cff25fe86d15ed568ebc64d1724baf5c0693133bcb1f6073f712f92a?s=96&d=mm&r=g\",\"caption\":\"Ricardo Torques\"},\"sameAs\":[\"https:\/\/www.facebook.com\/ricardo.s.torques\"],\"url\":\"https:\/\/www.estrategiaconcursos.com.br\/blog\/author\/ricardotorquesestrategiaconcursos-com-br\/\"}]}<\/script>\n<!-- \/ Yoast SEO Premium plugin. -->","yoast_head_json":{"title":"Concurso Delegado ES: comiss\u00e3o ganha novos membros","description":"Concurso Delegado ES: Delegado-Geral nomeia novos membros da comiss\u00e3o de monitoramento e avalia\u00e7\u00e3o do concurso com 33 vagas, que j\u00e1 tem banca definida.","robots":{"index":"index","follow":"follow","max-snippet":"max-snippet:-1","max-image-preview":"max-image-preview:large","max-video-preview":"max-video-preview:-1"},"canonical":"https:\/\/www.estrategiaconcursos.com.br\/blog\/concurso-delegado-es-comissao-formada\/","og_locale":"pt_BR","og_type":"article","og_title":"Concurso Delegado ES: comiss\u00e3o ganha novos membros","og_description":"Concurso Delegado ES: Delegado-Geral nomeia novos membros da comiss\u00e3o de monitoramento e avalia\u00e7\u00e3o do concurso com 33 vagas, que j\u00e1 tem banca definida.","og_url":"https:\/\/www.estrategiaconcursos.com.br\/blog\/concurso-delegado-es-comissao-formada\/","og_site_name":"Estrat\u00e9gia Concursos","article_author":"https:\/\/www.facebook.com\/ricardo.s.torques","article_published_time":"2019-03-21T10:57:08+00:00","article_modified_time":"2019-07-13T14:15:47+00:00","og_image":[{"width":601,"height":314,"url":"https:\/\/dhg1h5j42swfq.cloudfront.net\/2018\/12\/21073807\/CONCURSO-DELEGADO-ES2.jpg","type":"image\/jpeg"}],"author":"Ricardo Torques","twitter_card":"summary_large_image","twitter_creator":"@EstratConcursos","twitter_site":"@EstratConcursos","twitter_misc":{"Escrito por":"Ricardo Torques","Est. tempo de leitura":"1 minuto"},"schema":{"@context":"https:\/\/schema.org","@graph":[{"@type":"NewsArticle","@id":"https:\/\/www.estrategiaconcursos.com.br\/blog\/concurso-delegado-es-comissao-formada\/#article","isPartOf":{"@id":"https:\/\/www.estrategiaconcursos.com.br\/blog\/concurso-delegado-es-comissao-formada\/"},"author":{"name":"Ricardo Torques","@id":"https:\/\/www.estrategiaconcursos.com.br\/blog\/#\/schema\/person\/aa39cf5ddb518e5bdce27c35788405e2"},"headline":"Concurso Delegado ES: comiss\u00e3o ganha novos membros","datePublished":"2019-03-21T10:57:08+00:00","dateModified":"2019-07-13T14:15:47+00:00","mainEntityOfPage":{"@id":"https:\/\/www.estrategiaconcursos.com.br\/blog\/concurso-delegado-es-comissao-formada\/"},"wordCount":280,"commentCount":0,"publisher":{"@id":"https:\/\/www.estrategiaconcursos.com.br\/blog\/#organization"},"image":{"@id":"https:\/\/www.estrategiaconcursos.com.br\/blog\/concurso-delegado-es-comissao-formada\/#primaryimage"},"thumbnailUrl":"https:\/\/dhg1h5j42swfq.cloudfront.net\/2018\/12\/21073807\/CONCURSO-DELEGADO-ES2.jpg","articleSection":["Concursos P\u00fablicos"],"inLanguage":"pt-BR","potentialAction":[{"@type":"CommentAction","name":"Comment","target":["https:\/\/www.estrategiaconcursos.com.br\/blog\/concurso-delegado-es-comissao-formada\/#respond"]}],"copyrightYear":"2019","copyrightHolder":{"@id":"https:\/\/www.estrategiaconcursos.com.br\/blog\/#organization"}},{"@type":"WebPage","@id":"https:\/\/www.estrategiaconcursos.com.br\/blog\/concurso-delegado-es-comissao-formada\/","url":"https:\/\/www.estrategiaconcursos.com.br\/blog\/concurso-delegado-es-comissao-formada\/","name":"Concurso Delegado ES: comiss\u00e3o ganha novos membros","isPartOf":{"@id":"https:\/\/www.estrategiaconcursos.com.br\/blog\/#website"},"primaryImageOfPage":{"@id":"https:\/\/www.estrategiaconcursos.com.br\/blog\/concurso-delegado-es-comissao-formada\/#primaryimage"},"image":{"@id":"https:\/\/www.estrategiaconcursos.com.br\/blog\/concurso-delegado-es-comissao-formada\/#primaryimage"},"thumbnailUrl":"https:\/\/dhg1h5j42swfq.cloudfront.net\/2018\/12\/21073807\/CONCURSO-DELEGADO-ES2.jpg","datePublished":"2019-03-21T10:57:08+00:00","dateModified":"2019-07-13T14:15:47+00:00","description":"Concurso Delegado ES: Delegado-Geral nomeia novos membros da comiss\u00e3o de monitoramento e avalia\u00e7\u00e3o do concurso com 33 vagas, que j\u00e1 tem banca definida.","breadcrumb":{"@id":"https:\/\/www.estrategiaconcursos.com.br\/blog\/concurso-delegado-es-comissao-formada\/#breadcrumb"},"inLanguage":"pt-BR","potentialAction":[{"@type":"ReadAction","target":["https:\/\/www.estrategiaconcursos.com.br\/blog\/concurso-delegado-es-comissao-formada\/"]}]},{"@type":"ImageObject","inLanguage":"pt-BR","@id":"https:\/\/www.estrategiaconcursos.com.br\/blog\/concurso-delegado-es-comissao-formada\/#primaryimage","url":"https:\/\/dhg1h5j42swfq.cloudfront.net\/2018\/12\/21073807\/CONCURSO-DELEGADO-ES2.jpg","contentUrl":"https:\/\/dhg1h5j42swfq.cloudfront.net\/2018\/12\/21073807\/CONCURSO-DELEGADO-ES2.jpg","width":601,"height":314,"caption":"concurso delegado es"},{"@type":"BreadcrumbList","@id":"https:\/\/www.estrategiaconcursos.com.br\/blog\/concurso-delegado-es-comissao-formada\/#breadcrumb","itemListElement":[{"@type":"ListItem","position":1,"name":"In\u00edcio","item":"https:\/\/www.estrategiaconcursos.com.br\/blog\/"},{"@type":"ListItem","position":2,"name":"Concurso Delegado ES: comiss\u00e3o ganha novos membros"}]},{"@type":"WebSite","@id":"https:\/\/www.estrategiaconcursos.com.br\/blog\/#website","url":"https:\/\/www.estrategiaconcursos.com.br\/blog\/","name":"Estrat\u00e9gia Concursos","description":"O blog da Estrat\u00e9gia Concursos traz not\u00edcias sobre concursos e artigos de professores oferecendo cursos para concursos (pdf + videaulas) no site.","publisher":{"@id":"https:\/\/www.estrategiaconcursos.com.br\/blog\/#organization"},"potentialAction":[{"@type":"SearchAction","target":{"@type":"EntryPoint","urlTemplate":"https:\/\/www.estrategiaconcursos.com.br\/blog\/?s={search_term_string}"},"query-input":{"@type":"PropertyValueSpecification","valueRequired":true,"valueName":"search_term_string"}}],"inLanguage":"pt-BR"},{"@type":"Organization","@id":"https:\/\/www.estrategiaconcursos.com.br\/blog\/#organization","name":"Estrat\u00e9gia Concursos","url":"https:\/\/www.estrategiaconcursos.com.br\/blog\/","logo":{"@type":"ImageObject","inLanguage":"pt-BR","@id":"https:\/\/www.estrategiaconcursos.com.br\/blog\/#\/schema\/logo\/image\/","url":"https:\/\/dhg1h5j42swfq.cloudfront.net\/2025\/06\/03203428\/logo_concursos-1.jpg","contentUrl":"https:\/\/dhg1h5j42swfq.cloudfront.net\/2025\/06\/03203428\/logo_concursos-1.jpg","width":230,"height":60,"caption":"Estrat\u00e9gia Concursos"},"image":{"@id":"https:\/\/www.estrategiaconcursos.com.br\/blog\/#\/schema\/logo\/image\/"},"sameAs":["https:\/\/x.com\/EstratConcursos"]},{"@type":"Person","@id":"https:\/\/www.estrategiaconcursos.com.br\/blog\/#\/schema\/person\/aa39cf5ddb518e5bdce27c35788405e2","name":"Ricardo Torques","image":{"@type":"ImageObject","inLanguage":"pt-BR","@id":"https:\/\/secure.gravatar.com\/avatar\/ce9ac6c3cff25fe86d15ed568ebc64d1724baf5c0693133bcb1f6073f712f92a?s=96&d=mm&r=g","url":"https:\/\/secure.gravatar.com\/avatar\/ce9ac6c3cff25fe86d15ed568ebc64d1724baf5c0693133bcb1f6073f712f92a?s=96&d=mm&r=g","contentUrl":"https:\/\/secure.gravatar.com\/avatar\/ce9ac6c3cff25fe86d15ed568ebc64d1724baf5c0693133bcb1f6073f712f92a?s=96&d=mm&r=g","caption":"Ricardo Torques"},"sameAs":["https:\/\/www.facebook.com\/ricardo.s.torques"],"url":"https:\/\/www.estrategiaconcursos.com.br\/blog\/author\/ricardotorquesestrategiaconcursos-com-br\/"}]}},"_links":{"self":[{"href":"https:\/\/www.estrategiaconcursos.com.br\/blog\/wp-json\/wp\/v2\/posts\/173053","targetHints":{"allow":["GET"]}}],"collection":[{"href":"https:\/\/www.estrategiaconcursos.com.br\/blog\/wp-json\/wp\/v2\/posts"}],"about":[{"href":"https:\/\/www.estrategiaconcursos.com.br\/blog\/wp-json\/wp\/v2\/types\/post"}],"author":[{"embeddable":true,"href":"https:\/\/www.estrategiaconcursos.com.br\/blog\/wp-json\/wp\/v2\/users\/180"}],"replies":[{"embeddable":true,"href":"https:\/\/www.estrategiaconcursos.com.br\/blog\/wp-json\/wp\/v2\/comments?post=173053"}],"version-history":[{"count":3,"href":"https:\/\/www.estrategiaconcursos.com.br\/blog\/wp-json\/wp\/v2\/posts\/173053\/revisions"}],"predecessor-version":[{"id":398449,"href":"https:\/\/www.estrategiaconcursos.com.br\/blog\/wp-json\/wp\/v2\/posts\/173053\/revisions\/398449"}],"wp:featuredmedia":[{"embeddable":true,"href":"https:\/\/www.estrategiaconcursos.com.br\/blog\/wp-json\/wp\/v2\/media\/173051"}],"wp:attachment":[{"href":"https:\/\/www.estrategiaconcursos.com.br\/blog\/wp-json\/wp\/v2\/media?parent=173053"}],"wp:term":[{"taxonomy":"category","embeddable":true,"href":"https:\/\/www.estrategiaconcursos.com.br\/blog\/wp-json\/wp\/v2\/categories?post=173053"},{"taxonomy":"post_tag","embeddable":true,"href":"https:\/\/www.estrategiaconcursos.com.br\/blog\/wp-json\/wp\/v2\/tags?post=173053"},{"taxonomy":"tax_estado","embeddable":true,"href":"https:\/\/www.estrategiaconcursos.com.br\/blog\/wp-json\/wp\/v2\/tax_estado?post=173053"}],"curies":[{"name":"wp","href":"https:\/\/api.w.org\/{rel}","templated":true}]}}