{"id":1730209,"date":"2026-03-11T07:02:56","date_gmt":"2026-03-11T10:02:56","guid":{"rendered":"https:\/\/www.estrategiaconcursos.com.br\/blog\/?p=1730209"},"modified":"2026-03-11T07:02:58","modified_gmt":"2026-03-11T10:02:58","slug":"concurso-prefeitura-sao-sebastiao-do-uatuma","status":"publish","type":"post","link":"https:\/\/www.estrategiaconcursos.com.br\/blog\/concurso-prefeitura-sao-sebastiao-do-uatuma\/","title":{"rendered":"Concurso S\u00e3o Sebasti\u00e3o do Uatum\u00e3 (AM): sem novo edital"},"content":{"rendered":"\n<p style=\"font-size:clamp(16.293px, 1.018rem + ((1vw - 3.2px) * 0.854), 25px);\"><strong><em>A Prefeitura de S\u00e3o Sebasti\u00e3o do Uatum\u00e3, no Amazonas, realizou processo seletivo em 2024 com 42 vagas para contrata\u00e7\u00e3o tempor\u00e1ria. At\u00e9 o momento, n\u00e3o h\u00e1 novo edital previsto.<\/em><\/strong><\/p>\n\n\n\n<p>S\u00e3o Sebasti\u00e3o do Uatum\u00e3 \u00e9 um munic\u00edpio localizado no interior do Amazonas. A prefeitura possui hist\u00f3rico frequente de processos seletivos para contrata\u00e7\u00e3o tempor\u00e1ria, com registros entre 2017 e 2024. Este artigo re\u00fane as informa\u00e7\u00f5es dispon\u00edveis sobre os certames j\u00e1 realizados e a situa\u00e7\u00e3o atual do munic\u00edpio.<\/p>\n\n\n\n<ul class=\"wp-block-list has-very-light-gray-to-cyan-bluish-gray-gradient-background has-background\">\n<li><strong>Prefeitura de S\u00e3o Sebasti\u00e3o do Uatum\u00e3 <em>&#8211; <span style=\"text-decoration: underline;\">pr\u00f3ximo concurso<\/span><\/em><\/strong><\/li>\n<li><strong>Status:<\/strong> sem novo edital previsto<\/li>\n<\/ul>\n\n\n\n<h2 class=\"wp-block-heading\" id=\"situacao-atual\">Situa\u00e7\u00e3o atual do concurso Prefeitura de S\u00e3o Sebasti\u00e3o do Uatum\u00e3<\/h2>\n\n\n\n<p>At\u00e9 esta atualiza\u00e7\u00e3o, n\u00e3o h\u00e1 confirma\u00e7\u00e3o oficial de novo edital de concurso p\u00fablico ou processo seletivo pela Prefeitura de S\u00e3o Sebasti\u00e3o do Uatum\u00e3. O Estrat\u00e9gia Concursos acompanha as publica\u00e7\u00f5es no Di\u00e1rio Oficial dos Munic\u00edpios do Amazonas e no portal da transpar\u00eancia municipal para informar os candidatos assim que houver novidades.<\/p>\n\n\n\n<h2 class=\"wp-block-heading\" id=\"ultimo-concurso\">\u00daltimo processo seletivo Prefeitura de S\u00e3o Sebasti\u00e3o do Uatum\u00e3<\/h2>\n\n\n\n<p>O processo seletivo mais recente da Prefeitura de S\u00e3o Sebasti\u00e3o do Uatum\u00e3 foi divulgado em janeiro de 2024, destinado \u00e0 contrata\u00e7\u00e3o tempor\u00e1ria de Agente Comunit\u00e1rio de Sa\u00fade. Foram oferecidas 42 vagas, com remunera\u00e7\u00e3o de at\u00e9 R$ 2.824,00. A escolaridade exigida era ensino m\u00e9dio completo, al\u00e9m da obrigatoriedade de residir na comunidade de atua\u00e7\u00e3o.<\/p>\n\n\n\n<ul class=\"wp-block-list has-very-light-gray-to-cyan-bluish-gray-gradient-background has-background\">\n<li><strong>Prefeitura de S\u00e3o Sebasti\u00e3o do Uatum\u00e3 <em>&#8211; <span style=\"text-decoration: underline;\">\u00faltimo processo seletivo<\/span><\/em><\/strong><\/li>\n<li><strong>Ano:<\/strong> 2024<\/li>\n<li><strong>Vagas:<\/strong> 42<\/li>\n<li><strong>Remunera\u00e7\u00e3o:<\/strong> at\u00e9 R$ 2.824,00<\/li>\n<li><strong>Cargo:<\/strong> Agente Comunit\u00e1rio de Sa\u00fade<\/li>\n<li><strong>Escolaridade:<\/strong> Ensino M\u00e9dio completo<\/li>\n<li><strong>Tipo:<\/strong> Processo seletivo (contrata\u00e7\u00e3o tempor\u00e1ria)<\/li>\n<\/ul>\n\n\n\n<h2 class=\"wp-block-heading\" id=\"linha-do-tempo\">Linha do tempo<\/h2>\n\n\n\n<ul class=\"wp-block-list\">\n<li><strong>Dezembro de 2023:<\/strong> processo seletivo para v\u00e1rios cargos, com escolaridade de n\u00edvel fundamental a superior e remunera\u00e7\u00e3o de at\u00e9 R$ 2.210,00.<\/li>\n<li><strong>Abril de 2023:<\/strong> o Conselho Municipal dos Direitos da Crian\u00e7a e do Adolescente (CMDCA) realizou processo seletivo para Conselheiro Tutelar, com exig\u00eancia de ensino m\u00e9dio.<\/li>\n<li><strong>Agosto de 2022:<\/strong> processo seletivo com 42 vagas para Agente Comunit\u00e1rio de Sa\u00fade, com remunera\u00e7\u00e3o de at\u00e9 R$ 2.424,00.<\/li>\n<li><strong>Junho de 2021:<\/strong> processo seletivo com 55 vagas para v\u00e1rios cargos, com remunera\u00e7\u00e3o de at\u00e9 R$ 3.000,00 e escolaridade de n\u00edvel fundamental a superior.<\/li>\n<li><strong>Fevereiro de 2018:<\/strong> processo seletivo com 34 vagas para Agente Comunit\u00e1rio de Sa\u00fade, com remunera\u00e7\u00e3o de at\u00e9 R$ 1.014,00.<\/li>\n<li><strong>Mar\u00e7o de 2017:<\/strong> processo seletivo com 34 vagas para Professores, com remunera\u00e7\u00e3o de at\u00e9 R$ 1.564,97 e exig\u00eancia de n\u00edvel superior.<\/li>\n<\/ul>\n\n\n\n<h2 class=\"wp-block-heading has-text-align-center\" id=\"mapa-regiao\">Veja Concursos Abertos na mesma regi\u00e3o<\/h2>\n\n\n\n<iframe\n  src=\"https:\/\/www.estrategiaconcursos.com.br\/blog\/mapa-concursos\/embed?situacoes=Inscri%C3%A7%C3%B5es%20abertas&amp;estado=AM\"\n  width=\"100%\"\n  height=\"400\"\n  style=\"border: none; display: block;\"\n  title=\"Mapa de Concursos P\u00fablicos no Amazonas\"\n  loading=\"lazy\"><\/iframe>\n\n\n\n<h2 class=\"wp-block-heading has-text-align-center\" id=\"cursos\">Quer saber tudo sobre concursos previstos?<br \/>Confira nossos artigos!<\/h2>\n\n\n\n<ul class=\"wp-block-list\">\n<li><a href=\"https:\/\/www.estrategiaconcursos.com.br\/blog\/concursos-abertos\/\" target=\"_blank\" rel=\"noreferrer noopener\">Concursos Abertos<\/a><\/li>\n<li><a href=\"https:\/\/www.estrategiaconcursos.com.br\/blog\/concursos-2026\/\" target=\"_blank\" rel=\"noreferrer noopener\">Concursos 2026<\/a><\/li>\n<li><a href=\"https:\/\/www.estrategiaconcursos.com.br\/blog\/concursos-amazonas\/\" target=\"_blank\" rel=\"noreferrer noopener\">Concursos Amazonas<\/a><\/li>\n<\/ul>\n\n\n\n<div class=\"estrategia\" id=\"box-assinatura\">\n  <h3 class=\"titulo-assinatura\">Assinatura Concursos<\/h3>\n  <p class=\"subtitulo-assinatura\">Assinatura de 1 ano ou 2 anos<\/p>\n  <div class=\"box-botao\">\n    <a class=\"btn-assinatura\" target=\"_blank\" href=\"https:\/\/www.estrategiaconcursos.com.br\/assinaturas\/\" role=\"button\" rel=\"noopener noreferrer\">ASSINE AGORA<\/a>\n  <\/div>\n<\/div>\n\n\n\n<h3 class=\"wp-block-heading\" id=\"ficha\">Informa\u00e7\u00f5es do pr\u00f3ximo concurso Prefeitura de S\u00e3o Sebasti\u00e3o do Uatum\u00e3<\/h3>\n\n\n\n<ul class=\"wp-block-list\">\n<li><strong>Data prevista:<\/strong> a definir<\/li>\n<li><strong>Status:<\/strong> sem novo edital previsto<\/li>\n<\/ul>\n\n\n\n<h3 class=\"wp-block-heading\">Resumo do \u00faltimo processo seletivo Prefeitura de S\u00e3o Sebasti\u00e3o do Uatum\u00e3<\/h3>\n\n\n\n<ul class=\"wp-block-list\">\n<li><strong>Ano:<\/strong> 2024<\/li>\n<li><strong>Vagas:<\/strong> 42<\/li>\n<li><strong>Cargo:<\/strong> Agente Comunit\u00e1rio de Sa\u00fade<\/li>\n<li><strong>Tipo:<\/strong> Processo seletivo (contrata\u00e7\u00e3o tempor\u00e1ria)<\/li>\n<\/ul>\n\n\n\n<h3 class=\"wp-block-heading\">Fontes consultadas<\/h3>\n\n\n\n<ul class=\"wp-block-list\">\n<li><a href=\"https:\/\/saosebastiaodouatuma.am.gov.br\/transparencia\/\" target=\"_blank\" rel=\"noreferrer noopener\">Transpar\u00eancia &#8211; Prefeitura de S\u00e3o Sebasti\u00e3o do Uatum\u00e3<\/a><\/li>\n<li><a href=\"https:\/\/saosebastiaodouatuma.am.gov.br\/2025\/01\/28\/portal-da-transparencia\/\" target=\"_blank\" rel=\"noreferrer noopener\">Portal da Transpar\u00eancia &#8211; Prefeitura de S\u00e3o Sebasti\u00e3o do Uatum\u00e3<\/a><\/li>\n<li><a href=\"https:\/\/www.diariomunicipal.com.br\/aam\/load\/8596B95F\" target=\"_blank\" rel=\"noreferrer noopener\">Munic\u00edpio de S\u00e3o Sebasti\u00e3o do Uatum\u00e3 &#8211; Di\u00e1rio Municipal<\/a><\/li>\n<\/ul>\n\n\n\n<div class=\"container\" id=\"boxes\">\n  <div class=\"row\">\n    <div class=\"col-sm\">\n      <div class=\"banner-prefeituras-ec\" id=\"box-assinatura\">\n        <h2 class=\"titulo-assinatura\" style=\"text-align: left;\">Concursos Prefeituras<\/h2>\n        <p class=\"subtitulo-assinatura\" style=\"text-align: left;\">Prepara\u00e7\u00e3o completa para a carreira!<\/p>\n        <div class=\"box-botao\" style=\"text-align: left;\">\n          <a class=\"btn-assinatura\" target=\"_blank\" href=\"https:\/\/www.estrategiaconcursos.com.br\/pesquisa\/?q=prefeitura+S\u00e3o+Sebasti\u00e3o+do+Uatum\u00e3\" role=\"button\" rel=\"noopener noreferrer\">EXPLORAR CURSOS<\/a>\n        <\/div>\n      <\/div>\n    <\/div>\n  <\/div>\n<\/div>\n\n","protected":false},"excerpt":{"rendered":"<p>A Prefeitura de S\u00e3o Sebasti\u00e3o do Uatum\u00e3, no Amazonas, realizou processo seletivo em 2024 com 42 vagas para contrata\u00e7\u00e3o tempor\u00e1ria. At\u00e9 o momento, n\u00e3o h\u00e1 novo edital previsto. S\u00e3o Sebasti\u00e3o do Uatum\u00e3 \u00e9 um munic\u00edpio localizado no interior do Amazonas. A prefeitura possui hist\u00f3rico frequente de processos seletivos para contrata\u00e7\u00e3o tempor\u00e1ria, com registros entre 2017 [&hellip;]<\/p>\n","protected":false},"author":344,"featured_media":1540739,"comment_status":"open","ping_status":"closed","sticky":false,"template":"","format":"standard","meta":{"post_tipo":"news_page","footnotes":""},"categories":[222278],"tags":[],"tax_estado":[219966],"class_list":["post-1730209","post","type-post","status-publish","format-standard","has-post-thumbnail","hentry","category-prefeituras","tax_estado-am"],"acf":[],"yoast_head":"<!-- This site is optimized with the Yoast SEO Premium plugin v27.2 (Yoast SEO v27.2) - https:\/\/yoast.com\/product\/yoast-seo-premium-wordpress\/ -->\n<title>Concurso S\u00e3o Sebasti\u00e3o do Uatum\u00e3 (AM): sem novo edital<\/title>\n<meta name=\"description\" content=\"S\u00e3o Sebasti\u00e3o do Uatum\u00e3 (AM) realizou PS em 2024 com 42 vagas para Agente Comunit\u00e1rio de Sa\u00fade. Veja hist\u00f3rico e situa\u00e7\u00e3o atual.\" \/>\n<meta name=\"robots\" content=\"index, follow, max-snippet:-1, max-image-preview:large, max-video-preview:-1\" \/>\n<link rel=\"canonical\" href=\"https:\/\/www.estrategiaconcursos.com.br\/blog\/concurso-prefeitura-sao-sebastiao-do-uatuma\/\" \/>\n<meta property=\"og:locale\" content=\"pt_BR\" \/>\n<meta property=\"og:type\" content=\"article\" \/>\n<meta property=\"og:title\" content=\"Concurso S\u00e3o Sebasti\u00e3o do Uatum\u00e3 (AM): sem novo edital\" \/>\n<meta property=\"og:description\" content=\"S\u00e3o Sebasti\u00e3o do Uatum\u00e3 (AM) realizou PS em 2024 com 42 vagas para Agente Comunit\u00e1rio de Sa\u00fade. Veja hist\u00f3rico e situa\u00e7\u00e3o atual.\" \/>\n<meta property=\"og:url\" content=\"https:\/\/www.estrategiaconcursos.com.br\/blog\/concurso-prefeitura-sao-sebastiao-do-uatuma\/\" \/>\n<meta property=\"og:site_name\" content=\"Estrat\u00e9gia Concursos\" \/>\n<meta property=\"article:author\" content=\"https:\/\/www.facebook.com\/coachluiseduardo\/\" \/>\n<meta property=\"article:published_time\" content=\"2026-03-11T10:02:56+00:00\" \/>\n<meta property=\"article:modified_time\" content=\"2026-03-11T10:02:58+00:00\" \/>\n<meta property=\"og:image\" content=\"https:\/\/dhg1h5j42swfq.cloudfront.net\/2025\/03\/05201612\/concursos-prefeituras-1024x536-1.jpg\" \/>\n\t<meta property=\"og:image:width\" content=\"1024\" \/>\n\t<meta property=\"og:image:height\" content=\"536\" \/>\n\t<meta property=\"og:image:type\" content=\"image\/jpeg\" \/>\n<meta name=\"author\" content=\"Luis Eduardo\" \/>\n<meta name=\"twitter:card\" content=\"summary_large_image\" \/>\n<meta name=\"twitter:creator\" content=\"@EstratConcursos\" \/>\n<meta name=\"twitter:site\" content=\"@EstratConcursos\" \/>\n<meta name=\"twitter:label1\" content=\"Escrito por\" \/>\n\t<meta name=\"twitter:data1\" content=\"Luis Eduardo\" \/>\n\t<meta name=\"twitter:label2\" content=\"Est. tempo de leitura\" \/>\n\t<meta name=\"twitter:data2\" content=\"3 minutos\" \/>\n<script type=\"application\/ld+json\" class=\"yoast-schema-graph\">{\"@context\":\"https:\/\/schema.org\",\"@graph\":[{\"@type\":\"NewsArticle\",\"@id\":\"https:\/\/www.estrategiaconcursos.com.br\/blog\/concurso-prefeitura-sao-sebastiao-do-uatuma\/#article\",\"isPartOf\":{\"@id\":\"https:\/\/www.estrategiaconcursos.com.br\/blog\/concurso-prefeitura-sao-sebastiao-do-uatuma\/\"},\"author\":{\"name\":\"Luis Eduardo\",\"@id\":\"https:\/\/www.estrategiaconcursos.com.br\/blog\/#\/schema\/person\/0906ff564105056f3b05978d503ee214\"},\"headline\":\"Concurso S\u00e3o Sebasti\u00e3o do Uatum\u00e3 (AM): sem novo edital\",\"datePublished\":\"2026-03-11T10:02:56+00:00\",\"dateModified\":\"2026-03-11T10:02:58+00:00\",\"mainEntityOfPage\":{\"@id\":\"https:\/\/www.estrategiaconcursos.com.br\/blog\/concurso-prefeitura-sao-sebastiao-do-uatuma\/\"},\"wordCount\":561,\"commentCount\":0,\"publisher\":{\"@id\":\"https:\/\/www.estrategiaconcursos.com.br\/blog\/#organization\"},\"image\":{\"@id\":\"https:\/\/www.estrategiaconcursos.com.br\/blog\/concurso-prefeitura-sao-sebastiao-do-uatuma\/#primaryimage\"},\"thumbnailUrl\":\"https:\/\/dhg1h5j42swfq.cloudfront.net\/2025\/03\/05201612\/concursos-prefeituras-1024x536-1.jpg\",\"articleSection\":[\"Prefeituras\"],\"inLanguage\":\"pt-BR\",\"potentialAction\":[{\"@type\":\"CommentAction\",\"name\":\"Comment\",\"target\":[\"https:\/\/www.estrategiaconcursos.com.br\/blog\/concurso-prefeitura-sao-sebastiao-do-uatuma\/#respond\"]}],\"copyrightYear\":\"2026\",\"copyrightHolder\":{\"@id\":\"https:\/\/www.estrategiaconcursos.com.br\/blog\/#organization\"}},{\"@type\":\"WebPage\",\"@id\":\"https:\/\/www.estrategiaconcursos.com.br\/blog\/concurso-prefeitura-sao-sebastiao-do-uatuma\/\",\"url\":\"https:\/\/www.estrategiaconcursos.com.br\/blog\/concurso-prefeitura-sao-sebastiao-do-uatuma\/\",\"name\":\"Concurso S\u00e3o Sebasti\u00e3o do Uatum\u00e3 (AM): sem novo edital\",\"isPartOf\":{\"@id\":\"https:\/\/www.estrategiaconcursos.com.br\/blog\/#website\"},\"primaryImageOfPage\":{\"@id\":\"https:\/\/www.estrategiaconcursos.com.br\/blog\/concurso-prefeitura-sao-sebastiao-do-uatuma\/#primaryimage\"},\"image\":{\"@id\":\"https:\/\/www.estrategiaconcursos.com.br\/blog\/concurso-prefeitura-sao-sebastiao-do-uatuma\/#primaryimage\"},\"thumbnailUrl\":\"https:\/\/dhg1h5j42swfq.cloudfront.net\/2025\/03\/05201612\/concursos-prefeituras-1024x536-1.jpg\",\"datePublished\":\"2026-03-11T10:02:56+00:00\",\"dateModified\":\"2026-03-11T10:02:58+00:00\",\"description\":\"S\u00e3o Sebasti\u00e3o do Uatum\u00e3 (AM) realizou PS em 2024 com 42 vagas para Agente Comunit\u00e1rio de Sa\u00fade. Veja hist\u00f3rico e situa\u00e7\u00e3o atual.\",\"breadcrumb\":{\"@id\":\"https:\/\/www.estrategiaconcursos.com.br\/blog\/concurso-prefeitura-sao-sebastiao-do-uatuma\/#breadcrumb\"},\"inLanguage\":\"pt-BR\",\"potentialAction\":[{\"@type\":\"ReadAction\",\"target\":[\"https:\/\/www.estrategiaconcursos.com.br\/blog\/concurso-prefeitura-sao-sebastiao-do-uatuma\/\"]}]},{\"@type\":\"ImageObject\",\"inLanguage\":\"pt-BR\",\"@id\":\"https:\/\/www.estrategiaconcursos.com.br\/blog\/concurso-prefeitura-sao-sebastiao-do-uatuma\/#primaryimage\",\"url\":\"https:\/\/dhg1h5j42swfq.cloudfront.net\/2025\/03\/05201612\/concursos-prefeituras-1024x536-1.jpg\",\"contentUrl\":\"https:\/\/dhg1h5j42swfq.cloudfront.net\/2025\/03\/05201612\/concursos-prefeituras-1024x536-1.jpg\",\"width\":1024,\"height\":536,\"caption\":\"Concurso\"},{\"@type\":\"BreadcrumbList\",\"@id\":\"https:\/\/www.estrategiaconcursos.com.br\/blog\/concurso-prefeitura-sao-sebastiao-do-uatuma\/#breadcrumb\",\"itemListElement\":[{\"@type\":\"ListItem\",\"position\":1,\"name\":\"In\u00edcio\",\"item\":\"https:\/\/www.estrategiaconcursos.com.br\/blog\/\"},{\"@type\":\"ListItem\",\"position\":2,\"name\":\"Concurso S\u00e3o Sebasti\u00e3o do Uatum\u00e3 (AM): sem novo edital\"}]},{\"@type\":\"WebSite\",\"@id\":\"https:\/\/www.estrategiaconcursos.com.br\/blog\/#website\",\"url\":\"https:\/\/www.estrategiaconcursos.com.br\/blog\/\",\"name\":\"Estrat\u00e9gia Concursos\",\"description\":\"O blog da Estrat\u00e9gia Concursos traz not\u00edcias sobre concursos e artigos de professores oferecendo cursos para concursos (pdf + videaulas) no site.\",\"publisher\":{\"@id\":\"https:\/\/www.estrategiaconcursos.com.br\/blog\/#organization\"},\"potentialAction\":[{\"@type\":\"SearchAction\",\"target\":{\"@type\":\"EntryPoint\",\"urlTemplate\":\"https:\/\/www.estrategiaconcursos.com.br\/blog\/?s={search_term_string}\"},\"query-input\":{\"@type\":\"PropertyValueSpecification\",\"valueRequired\":true,\"valueName\":\"search_term_string\"}}],\"inLanguage\":\"pt-BR\"},{\"@type\":\"Organization\",\"@id\":\"https:\/\/www.estrategiaconcursos.com.br\/blog\/#organization\",\"name\":\"Estrat\u00e9gia Concursos\",\"url\":\"https:\/\/www.estrategiaconcursos.com.br\/blog\/\",\"logo\":{\"@type\":\"ImageObject\",\"inLanguage\":\"pt-BR\",\"@id\":\"https:\/\/www.estrategiaconcursos.com.br\/blog\/#\/schema\/logo\/image\/\",\"url\":\"https:\/\/dhg1h5j42swfq.cloudfront.net\/2025\/06\/03203428\/logo_concursos-1.jpg\",\"contentUrl\":\"https:\/\/dhg1h5j42swfq.cloudfront.net\/2025\/06\/03203428\/logo_concursos-1.jpg\",\"width\":230,\"height\":60,\"caption\":\"Estrat\u00e9gia Concursos\"},\"image\":{\"@id\":\"https:\/\/www.estrategiaconcursos.com.br\/blog\/#\/schema\/logo\/image\/\"},\"sameAs\":[\"https:\/\/x.com\/EstratConcursos\"]},{\"@type\":\"Person\",\"@id\":\"https:\/\/www.estrategiaconcursos.com.br\/blog\/#\/schema\/person\/0906ff564105056f3b05978d503ee214\",\"name\":\"Luis Eduardo\",\"image\":{\"@type\":\"ImageObject\",\"inLanguage\":\"pt-BR\",\"@id\":\"https:\/\/secure.gravatar.com\/avatar\/3ce09d3c01f86018c4f3b15b9e6389f2ac325bc19863fdb79cd37fefb38517d1?s=96&d=mm&r=g\",\"url\":\"https:\/\/secure.gravatar.com\/avatar\/3ce09d3c01f86018c4f3b15b9e6389f2ac325bc19863fdb79cd37fefb38517d1?s=96&d=mm&r=g\",\"contentUrl\":\"https:\/\/secure.gravatar.com\/avatar\/3ce09d3c01f86018c4f3b15b9e6389f2ac325bc19863fdb79cd37fefb38517d1?s=96&d=mm&r=g\",\"caption\":\"Luis Eduardo\"},\"sameAs\":[\"https:\/\/www.facebook.com\/coachluiseduardo\/\"],\"url\":\"https:\/\/www.estrategiaconcursos.com.br\/blog\/author\/luiseduardoestrategiaconcursos-com-br\/\"}]}<\/script>\n<!-- \/ Yoast SEO Premium plugin. -->","yoast_head_json":{"title":"Concurso S\u00e3o Sebasti\u00e3o do Uatum\u00e3 (AM): sem novo edital","description":"S\u00e3o Sebasti\u00e3o do Uatum\u00e3 (AM) realizou PS em 2024 com 42 vagas para Agente Comunit\u00e1rio de Sa\u00fade. Veja hist\u00f3rico e situa\u00e7\u00e3o atual.","robots":{"index":"index","follow":"follow","max-snippet":"max-snippet:-1","max-image-preview":"max-image-preview:large","max-video-preview":"max-video-preview:-1"},"canonical":"https:\/\/www.estrategiaconcursos.com.br\/blog\/concurso-prefeitura-sao-sebastiao-do-uatuma\/","og_locale":"pt_BR","og_type":"article","og_title":"Concurso S\u00e3o Sebasti\u00e3o do Uatum\u00e3 (AM): sem novo edital","og_description":"S\u00e3o Sebasti\u00e3o do Uatum\u00e3 (AM) realizou PS em 2024 com 42 vagas para Agente Comunit\u00e1rio de Sa\u00fade. Veja hist\u00f3rico e situa\u00e7\u00e3o atual.","og_url":"https:\/\/www.estrategiaconcursos.com.br\/blog\/concurso-prefeitura-sao-sebastiao-do-uatuma\/","og_site_name":"Estrat\u00e9gia Concursos","article_author":"https:\/\/www.facebook.com\/coachluiseduardo\/","article_published_time":"2026-03-11T10:02:56+00:00","article_modified_time":"2026-03-11T10:02:58+00:00","og_image":[{"width":1024,"height":536,"url":"https:\/\/dhg1h5j42swfq.cloudfront.net\/2025\/03\/05201612\/concursos-prefeituras-1024x536-1.jpg","type":"image\/jpeg"}],"author":"Luis Eduardo","twitter_card":"summary_large_image","twitter_creator":"@EstratConcursos","twitter_site":"@EstratConcursos","twitter_misc":{"Escrito por":"Luis Eduardo","Est. tempo de leitura":"3 minutos"},"schema":{"@context":"https:\/\/schema.org","@graph":[{"@type":"NewsArticle","@id":"https:\/\/www.estrategiaconcursos.com.br\/blog\/concurso-prefeitura-sao-sebastiao-do-uatuma\/#article","isPartOf":{"@id":"https:\/\/www.estrategiaconcursos.com.br\/blog\/concurso-prefeitura-sao-sebastiao-do-uatuma\/"},"author":{"name":"Luis Eduardo","@id":"https:\/\/www.estrategiaconcursos.com.br\/blog\/#\/schema\/person\/0906ff564105056f3b05978d503ee214"},"headline":"Concurso S\u00e3o Sebasti\u00e3o do Uatum\u00e3 (AM): sem novo edital","datePublished":"2026-03-11T10:02:56+00:00","dateModified":"2026-03-11T10:02:58+00:00","mainEntityOfPage":{"@id":"https:\/\/www.estrategiaconcursos.com.br\/blog\/concurso-prefeitura-sao-sebastiao-do-uatuma\/"},"wordCount":561,"commentCount":0,"publisher":{"@id":"https:\/\/www.estrategiaconcursos.com.br\/blog\/#organization"},"image":{"@id":"https:\/\/www.estrategiaconcursos.com.br\/blog\/concurso-prefeitura-sao-sebastiao-do-uatuma\/#primaryimage"},"thumbnailUrl":"https:\/\/dhg1h5j42swfq.cloudfront.net\/2025\/03\/05201612\/concursos-prefeituras-1024x536-1.jpg","articleSection":["Prefeituras"],"inLanguage":"pt-BR","potentialAction":[{"@type":"CommentAction","name":"Comment","target":["https:\/\/www.estrategiaconcursos.com.br\/blog\/concurso-prefeitura-sao-sebastiao-do-uatuma\/#respond"]}],"copyrightYear":"2026","copyrightHolder":{"@id":"https:\/\/www.estrategiaconcursos.com.br\/blog\/#organization"}},{"@type":"WebPage","@id":"https:\/\/www.estrategiaconcursos.com.br\/blog\/concurso-prefeitura-sao-sebastiao-do-uatuma\/","url":"https:\/\/www.estrategiaconcursos.com.br\/blog\/concurso-prefeitura-sao-sebastiao-do-uatuma\/","name":"Concurso S\u00e3o Sebasti\u00e3o do Uatum\u00e3 (AM): sem novo edital","isPartOf":{"@id":"https:\/\/www.estrategiaconcursos.com.br\/blog\/#website"},"primaryImageOfPage":{"@id":"https:\/\/www.estrategiaconcursos.com.br\/blog\/concurso-prefeitura-sao-sebastiao-do-uatuma\/#primaryimage"},"image":{"@id":"https:\/\/www.estrategiaconcursos.com.br\/blog\/concurso-prefeitura-sao-sebastiao-do-uatuma\/#primaryimage"},"thumbnailUrl":"https:\/\/dhg1h5j42swfq.cloudfront.net\/2025\/03\/05201612\/concursos-prefeituras-1024x536-1.jpg","datePublished":"2026-03-11T10:02:56+00:00","dateModified":"2026-03-11T10:02:58+00:00","description":"S\u00e3o Sebasti\u00e3o do Uatum\u00e3 (AM) realizou PS em 2024 com 42 vagas para Agente Comunit\u00e1rio de Sa\u00fade. Veja hist\u00f3rico e situa\u00e7\u00e3o atual.","breadcrumb":{"@id":"https:\/\/www.estrategiaconcursos.com.br\/blog\/concurso-prefeitura-sao-sebastiao-do-uatuma\/#breadcrumb"},"inLanguage":"pt-BR","potentialAction":[{"@type":"ReadAction","target":["https:\/\/www.estrategiaconcursos.com.br\/blog\/concurso-prefeitura-sao-sebastiao-do-uatuma\/"]}]},{"@type":"ImageObject","inLanguage":"pt-BR","@id":"https:\/\/www.estrategiaconcursos.com.br\/blog\/concurso-prefeitura-sao-sebastiao-do-uatuma\/#primaryimage","url":"https:\/\/dhg1h5j42swfq.cloudfront.net\/2025\/03\/05201612\/concursos-prefeituras-1024x536-1.jpg","contentUrl":"https:\/\/dhg1h5j42swfq.cloudfront.net\/2025\/03\/05201612\/concursos-prefeituras-1024x536-1.jpg","width":1024,"height":536,"caption":"Concurso"},{"@type":"BreadcrumbList","@id":"https:\/\/www.estrategiaconcursos.com.br\/blog\/concurso-prefeitura-sao-sebastiao-do-uatuma\/#breadcrumb","itemListElement":[{"@type":"ListItem","position":1,"name":"In\u00edcio","item":"https:\/\/www.estrategiaconcursos.com.br\/blog\/"},{"@type":"ListItem","position":2,"name":"Concurso S\u00e3o Sebasti\u00e3o do Uatum\u00e3 (AM): sem novo edital"}]},{"@type":"WebSite","@id":"https:\/\/www.estrategiaconcursos.com.br\/blog\/#website","url":"https:\/\/www.estrategiaconcursos.com.br\/blog\/","name":"Estrat\u00e9gia Concursos","description":"O blog da Estrat\u00e9gia Concursos traz not\u00edcias sobre concursos e artigos de professores oferecendo cursos para concursos (pdf + videaulas) no site.","publisher":{"@id":"https:\/\/www.estrategiaconcursos.com.br\/blog\/#organization"},"potentialAction":[{"@type":"SearchAction","target":{"@type":"EntryPoint","urlTemplate":"https:\/\/www.estrategiaconcursos.com.br\/blog\/?s={search_term_string}"},"query-input":{"@type":"PropertyValueSpecification","valueRequired":true,"valueName":"search_term_string"}}],"inLanguage":"pt-BR"},{"@type":"Organization","@id":"https:\/\/www.estrategiaconcursos.com.br\/blog\/#organization","name":"Estrat\u00e9gia Concursos","url":"https:\/\/www.estrategiaconcursos.com.br\/blog\/","logo":{"@type":"ImageObject","inLanguage":"pt-BR","@id":"https:\/\/www.estrategiaconcursos.com.br\/blog\/#\/schema\/logo\/image\/","url":"https:\/\/dhg1h5j42swfq.cloudfront.net\/2025\/06\/03203428\/logo_concursos-1.jpg","contentUrl":"https:\/\/dhg1h5j42swfq.cloudfront.net\/2025\/06\/03203428\/logo_concursos-1.jpg","width":230,"height":60,"caption":"Estrat\u00e9gia Concursos"},"image":{"@id":"https:\/\/www.estrategiaconcursos.com.br\/blog\/#\/schema\/logo\/image\/"},"sameAs":["https:\/\/x.com\/EstratConcursos"]},{"@type":"Person","@id":"https:\/\/www.estrategiaconcursos.com.br\/blog\/#\/schema\/person\/0906ff564105056f3b05978d503ee214","name":"Luis Eduardo","image":{"@type":"ImageObject","inLanguage":"pt-BR","@id":"https:\/\/secure.gravatar.com\/avatar\/3ce09d3c01f86018c4f3b15b9e6389f2ac325bc19863fdb79cd37fefb38517d1?s=96&d=mm&r=g","url":"https:\/\/secure.gravatar.com\/avatar\/3ce09d3c01f86018c4f3b15b9e6389f2ac325bc19863fdb79cd37fefb38517d1?s=96&d=mm&r=g","contentUrl":"https:\/\/secure.gravatar.com\/avatar\/3ce09d3c01f86018c4f3b15b9e6389f2ac325bc19863fdb79cd37fefb38517d1?s=96&d=mm&r=g","caption":"Luis Eduardo"},"sameAs":["https:\/\/www.facebook.com\/coachluiseduardo\/"],"url":"https:\/\/www.estrategiaconcursos.com.br\/blog\/author\/luiseduardoestrategiaconcursos-com-br\/"}]}},"_links":{"self":[{"href":"https:\/\/www.estrategiaconcursos.com.br\/blog\/wp-json\/wp\/v2\/posts\/1730209","targetHints":{"allow":["GET"]}}],"collection":[{"href":"https:\/\/www.estrategiaconcursos.com.br\/blog\/wp-json\/wp\/v2\/posts"}],"about":[{"href":"https:\/\/www.estrategiaconcursos.com.br\/blog\/wp-json\/wp\/v2\/types\/post"}],"author":[{"embeddable":true,"href":"https:\/\/www.estrategiaconcursos.com.br\/blog\/wp-json\/wp\/v2\/users\/344"}],"replies":[{"embeddable":true,"href":"https:\/\/www.estrategiaconcursos.com.br\/blog\/wp-json\/wp\/v2\/comments?post=1730209"}],"version-history":[{"count":3,"href":"https:\/\/www.estrategiaconcursos.com.br\/blog\/wp-json\/wp\/v2\/posts\/1730209\/revisions"}],"predecessor-version":[{"id":1730212,"href":"https:\/\/www.estrategiaconcursos.com.br\/blog\/wp-json\/wp\/v2\/posts\/1730209\/revisions\/1730212"}],"wp:featuredmedia":[{"embeddable":true,"href":"https:\/\/www.estrategiaconcursos.com.br\/blog\/wp-json\/wp\/v2\/media\/1540739"}],"wp:attachment":[{"href":"https:\/\/www.estrategiaconcursos.com.br\/blog\/wp-json\/wp\/v2\/media?parent=1730209"}],"wp:term":[{"taxonomy":"category","embeddable":true,"href":"https:\/\/www.estrategiaconcursos.com.br\/blog\/wp-json\/wp\/v2\/categories?post=1730209"},{"taxonomy":"post_tag","embeddable":true,"href":"https:\/\/www.estrategiaconcursos.com.br\/blog\/wp-json\/wp\/v2\/tags?post=1730209"},{"taxonomy":"tax_estado","embeddable":true,"href":"https:\/\/www.estrategiaconcursos.com.br\/blog\/wp-json\/wp\/v2\/tax_estado?post=1730209"}],"curies":[{"name":"wp","href":"https:\/\/api.w.org\/{rel}","templated":true}]}}