{"id":1730203,"date":"2026-03-11T07:01:20","date_gmt":"2026-03-11T10:01:20","guid":{"rendered":"https:\/\/www.estrategiaconcursos.com.br\/blog\/?p=1730203"},"modified":"2026-03-11T07:01:22","modified_gmt":"2026-03-11T10:01:22","slug":"concurso-prefeitura-sao-paulo-de-olivenca","status":"publish","type":"post","link":"https:\/\/www.estrategiaconcursos.com.br\/blog\/concurso-prefeitura-sao-paulo-de-olivenca\/","title":{"rendered":"Concurso S\u00e3o Paulo de Oliven\u00e7a (AM): sem novo edital"},"content":{"rendered":"\n<p style=\"font-size:clamp(16.293px, 1.018rem + ((1vw - 3.2px) * 0.854), 25px);\"><strong><em>A Prefeitura de S\u00e3o Paulo de Oliven\u00e7a, no Amazonas, realizou processo seletivo com 240 vagas e remunera\u00e7\u00e3o de at\u00e9 R$ 4.230,20 em 2025. At\u00e9 o momento, n\u00e3o h\u00e1 novo edital previsto.<\/em><\/strong><\/p>\n\n\n\n<p>S\u00e3o Paulo de Oliven\u00e7a \u00e9 um munic\u00edpio localizado na regi\u00e3o do Alto Solim\u00f5es, no interior do Amazonas. A cidade possui hist\u00f3rico frequente de processos seletivos para contrata\u00e7\u00e3o tempor\u00e1ria, com registros anuais desde 2010. Neste artigo, reunimos as informa\u00e7\u00f5es dispon\u00edveis sobre os certames j\u00e1 realizados pela prefeitura e a situa\u00e7\u00e3o atual para quem deseja acompanhar futuras oportunidades no munic\u00edpio.<\/p>\n\n\n\n<ul class=\"wp-block-list has-very-light-gray-to-cyan-bluish-gray-gradient-background has-background\">\n<li><strong>Prefeitura de S\u00e3o Paulo de Oliven\u00e7a <em>&#8211; <span style=\"text-decoration: underline;\">pr\u00f3ximo concurso<\/span><\/em><\/strong><\/li>\n<li><strong>Status:<\/strong> sem novo edital previsto<\/li>\n<\/ul>\n\n\n\n<h2 class=\"wp-block-heading\" id=\"situacao-atual\">Situa\u00e7\u00e3o atual do concurso Prefeitura de S\u00e3o Paulo de Oliven\u00e7a<\/h2>\n\n\n\n<p>At\u00e9 a \u00faltima atualiza\u00e7\u00e3o deste artigo, n\u00e3o h\u00e1 edital publicado, comiss\u00e3o formada ou autoriza\u00e7\u00e3o oficial para novo concurso ou processo seletivo na Prefeitura de S\u00e3o Paulo de Oliven\u00e7a. O Estrat\u00e9gia Concursos continuar\u00e1 monitorando o Di\u00e1rio Oficial dos Munic\u00edpios do Amazonas e os canais oficiais da prefeitura para informar eventuais novidades aos candidatos interessados.<\/p>\n\n\n\n<h2 class=\"wp-block-heading\" id=\"ultimo-concurso\">\u00daltimo processo seletivo Prefeitura de S\u00e3o Paulo de Oliven\u00e7a<\/h2>\n\n\n\n<p>Em janeiro de 2025, a Prefeitura de S\u00e3o Paulo de Oliven\u00e7a publicou dois editais de processo seletivo simplificado para contrata\u00e7\u00e3o tempor\u00e1ria. Ao todo, foram ofertadas 240 vagas distribu\u00eddas entre cargos de n\u00edvel fundamental incompleto, m\u00e9dio e superior, com remunera\u00e7\u00f5es de R$ 1.518,00 a R$ 4.230,20. A banca respons\u00e1vel pela organiza\u00e7\u00e3o foi a ACESSE. Confira os cargos contemplados em cada edital:<\/p>\n\n\n\n<p><strong>Edital n\u00ba 03\/2025:<\/strong><\/p>\n\n\n\n<ul class=\"wp-block-list\">\n<li>Assistente Social<\/li>\n<li>Nutricionista<\/li>\n<li>Psic\u00f3logo<\/li>\n<li>Professor para Ensino Regular \u2014 1\u00ba ao 5\u00ba Ano<\/li>\n<li>Professor para Ensino Regular \u2014 L\u00edngua Portuguesa<\/li>\n<li>Professor para Ensino Regular \u2014 Educa\u00e7\u00e3o F\u00edsica<\/li>\n<li>Professor para Ensino Regular \u2014 Ensino das Artes<\/li>\n<li>Professor para Ensino Regular \u2014 Educa\u00e7\u00e3o Infantil<\/li>\n<li>Professor para Ensino Regular \u2014 Matem\u00e1tica<\/li>\n<li>Professor para Ensino Regular \u2014 Geografia<\/li>\n<li>Professor para Ensino Regular \u2014 Hist\u00f3ria<\/li>\n<li>Professor para Ensino Regular \u2014 Ci\u00eancias<\/li>\n<li>Professor para Ensino Regular \u2014 L\u00edngua Espanhola<\/li>\n<\/ul>\n\n\n\n<p><strong>Edital n\u00ba 04\/2025:<\/strong><\/p>\n\n\n\n<ul class=\"wp-block-list\">\n<li>Assistente Administrativo<\/li>\n<li>Auxiliar de Servi\u00e7os Gerais<\/li>\n<li>Merendeira<\/li>\n<\/ul>\n\n\n\n<ul class=\"wp-block-list has-very-light-gray-to-cyan-bluish-gray-gradient-background has-background\">\n<li><strong>Prefeitura de S\u00e3o Paulo de Oliven\u00e7a <em>&#8211; <span style=\"text-decoration: underline;\">\u00faltimo processo seletivo<\/span><\/em><\/strong><\/li>\n<li><strong>Ano:<\/strong> 2025<\/li>\n<li><strong>Vagas:<\/strong> 240<\/li>\n<li><strong>Remunera\u00e7\u00e3o:<\/strong> de R$ 1.518,00 a R$ 4.230,20<\/li>\n<li><strong>Banca:<\/strong> ACESSE<\/li>\n<li><strong>Escolaridade:<\/strong> fundamental incompleto, m\u00e9dio e superior<\/li>\n<li><strong>Tipo:<\/strong> contrata\u00e7\u00e3o tempor\u00e1ria (processo seletivo simplificado)<\/li>\n<\/ul>\n\n\n\n<h2 class=\"wp-block-heading\" id=\"linha-do-tempo\">Linha do tempo<\/h2>\n\n\n\n<ul class=\"wp-block-list\">\n<li><strong>2024<\/strong> \u2014 Processo seletivo com 287 vagas e sal\u00e1rios de at\u00e9 R$ 1.518,00 (n\u00edvel fundamental e m\u00e9dio). No mesmo ano, outro processo seletivo ofertou 230 vagas com remunera\u00e7\u00e3o de at\u00e9 R$ 1.412,00.<\/li>\n<li><strong>2023<\/strong> \u2014 Processo seletivo com 429 vagas e sal\u00e1rios de at\u00e9 R$ 2.115,10 (n\u00edvel m\u00e9dio e superior).<\/li>\n<li><strong>2022<\/strong> \u2014 Processo seletivo com 489 vagas e sal\u00e1rios de at\u00e9 R$ 2.053,57 (do fundamental incompleto ao superior).<\/li>\n<li><strong>2021<\/strong> \u2014 Dois processos seletivos com 401 vagas, incluindo cargos de Professor, com remunera\u00e7\u00e3o de at\u00e9 R$ 2.053,57.<\/li>\n<li><strong>2019<\/strong> \u2014 Processo seletivo voltado para a \u00e1rea de educa\u00e7\u00e3o, com 361 vagas e sal\u00e1rios de at\u00e9 R$ 1.288,03.<\/li>\n<li><strong>2018<\/strong> \u2014 Processo seletivo com 387 vagas e remunera\u00e7\u00e3o de at\u00e9 R$ 1.054,78.<\/li>\n<li><strong>2015<\/strong> \u2014 Concurso p\u00fablico com mais de 480 vagas para cargos de n\u00edvel fundamental, m\u00e9dio e superior.<\/li>\n<li><strong>2014<\/strong> \u2014 Sele\u00e7\u00e3o na \u00e1rea da educa\u00e7\u00e3o com 605 vagas (n\u00edvel superior) e sal\u00e1rios de at\u00e9 R$ 1.377,59.<\/li>\n<li><strong>2013<\/strong> \u2014 Sele\u00e7\u00e3o com 572 vagas para cargos de n\u00edvel fundamental, m\u00e9dio e superior.<\/li>\n<li><strong>2010<\/strong> \u2014 Sele\u00e7\u00e3o com 331 vagas para Auxiliar e Professor, com sal\u00e1rios de at\u00e9 R$ 612,50.<\/li>\n<\/ul>\n\n\n\n<h2 class=\"wp-block-heading has-text-align-center\" id=\"mapa-regiao\">Veja Concursos Abertos na mesma regi\u00e3o<\/h2>\n\n\n\n<iframe\n  src=\"https:\/\/www.estrategiaconcursos.com.br\/blog\/mapa-concursos\/embed?situacoes=Inscri%C3%A7%C3%B5es%20abertas&amp;estado=AM\"\n  width=\"100%\"\n  height=\"400\"\n  style=\"border: none; display: block;\"\n  title=\"Mapa de Concursos P\u00fablicos no Amazonas\"\n  loading=\"lazy\"><\/iframe>\n\n\n\n<h2 class=\"wp-block-heading has-text-align-center\" id=\"cursos\">Quer saber tudo sobre concursos previstos?<br \/>Confira nossos artigos!<\/h2>\n\n\n\n<ul class=\"wp-block-list\">\n<li><a href=\"https:\/\/www.estrategiaconcursos.com.br\/blog\/concursos-abertos\/\" target=\"_blank\" rel=\"noreferrer noopener\">Concursos Abertos<\/a><\/li>\n<li><a href=\"https:\/\/www.estrategiaconcursos.com.br\/blog\/concursos-2026\/\" target=\"_blank\" rel=\"noreferrer noopener\">Concursos 2026<\/a><\/li>\n<li><a href=\"https:\/\/www.estrategiaconcursos.com.br\/blog\/concursos-amazonas\/\" target=\"_blank\" rel=\"noreferrer noopener\">Concursos Amazonas<\/a><\/li>\n<\/ul>\n\n\n\n<div class=\"estrategia\" id=\"box-assinatura\">\n  <h3 class=\"titulo-assinatura\">Assinatura Concursos<\/h3>\n  <p class=\"subtitulo-assinatura\">Assinatura de 1 ano ou 2 anos<\/p>\n  <div class=\"box-botao\">\n    <a class=\"btn-assinatura\" target=\"_blank\" href=\"https:\/\/www.estrategiaconcursos.com.br\/assinaturas\/\" role=\"button\" rel=\"noopener noreferrer\">ASSINE AGORA<\/a>\n  <\/div>\n<\/div>\n\n\n\n<h3 class=\"wp-block-heading\" id=\"ficha\">Informa\u00e7\u00f5es do pr\u00f3ximo concurso Prefeitura de S\u00e3o Paulo de Oliven\u00e7a<\/h3>\n\n\n\n<ul class=\"wp-block-list\">\n<li><strong>Data prevista:<\/strong> a definir<\/li>\n<li><strong>Status:<\/strong> sem novo edital previsto<\/li>\n<\/ul>\n\n\n\n<h3 class=\"wp-block-heading\" id=\"ficha-ultimo\">Informa\u00e7\u00f5es do \u00faltimo processo seletivo Prefeitura de S\u00e3o Paulo de Oliven\u00e7a<\/h3>\n\n\n\n<ul class=\"wp-block-list\">\n<li><strong>Ano:<\/strong> 2025<\/li>\n<li><strong>Vagas:<\/strong> 240<\/li>\n<li><strong>Remunera\u00e7\u00e3o:<\/strong> de R$ 1.518,00 a R$ 4.230,20<\/li>\n<li><strong>Banca:<\/strong> ACESSE<\/li>\n<li><strong>Escolaridade:<\/strong> fundamental incompleto, m\u00e9dio e superior<\/li>\n<li><strong>Tipo:<\/strong> contrata\u00e7\u00e3o tempor\u00e1ria (processo seletivo simplificado)<\/li>\n<\/ul>\n\n\n\n<h3 class=\"wp-block-heading\">Fontes consultadas<\/h3>\n\n\n\n<ul class=\"wp-block-list\">\n<li><a href=\"https:\/\/diariomunicipalaam.org.br\/visualizar-publicacao\/250116165750172189\/U0EW3Z1VH\" target=\"_blank\" rel=\"noreferrer noopener\">Di\u00e1rio Oficial dos Munic\u00edpios do Amazonas<\/a><\/li>\n<\/ul>\n\n\n\n<div class=\"container\" id=\"boxes\">\n  <div class=\"row\">\n    <div class=\"col-sm\">\n      <div class=\"banner-prefeituras-ec\" id=\"box-assinatura\">\n        <h2 class=\"titulo-assinatura\" style=\"text-align: left;\">Concursos Prefeituras<\/h2>\n        <p class=\"subtitulo-assinatura\" style=\"text-align: left;\">Prepara\u00e7\u00e3o completa para a carreira!<\/p>\n        <div class=\"box-botao\" style=\"text-align: left;\">\n          <a class=\"btn-assinatura\" target=\"_blank\" href=\"https:\/\/www.estrategiaconcursos.com.br\/pesquisa\/?q=prefeitura+S\u00e3o+Paulo+de+Oliven\u00e7a\" role=\"button\" rel=\"noopener noreferrer\">EXPLORAR CURSOS<\/a>\n        <\/div>\n      <\/div>\n    <\/div>\n  <\/div>\n<\/div>\n\n","protected":false},"excerpt":{"rendered":"<p>A Prefeitura de S\u00e3o Paulo de Oliven\u00e7a, no Amazonas, realizou processo seletivo com 240 vagas e remunera\u00e7\u00e3o de at\u00e9 R$ 4.230,20 em 2025. At\u00e9 o momento, n\u00e3o h\u00e1 novo edital previsto. S\u00e3o Paulo de Oliven\u00e7a \u00e9 um munic\u00edpio localizado na regi\u00e3o do Alto Solim\u00f5es, no interior do Amazonas. A cidade possui hist\u00f3rico frequente de processos [&hellip;]<\/p>\n","protected":false},"author":344,"featured_media":1540739,"comment_status":"open","ping_status":"closed","sticky":false,"template":"","format":"standard","meta":{"post_tipo":"news_page","footnotes":""},"categories":[222278],"tags":[],"tax_estado":[219966],"class_list":["post-1730203","post","type-post","status-publish","format-standard","has-post-thumbnail","hentry","category-prefeituras","tax_estado-am"],"acf":[],"yoast_head":"<!-- This site is optimized with the Yoast SEO Premium plugin v27.2 (Yoast SEO v27.2) - https:\/\/yoast.com\/product\/yoast-seo-premium-wordpress\/ -->\n<title>Concurso S\u00e3o Paulo de Oliven\u00e7a (AM): sem novo edital<\/title>\n<meta name=\"description\" content=\"S\u00e3o Paulo de Oliven\u00e7a (AM) realizou PS 2025 com 240 vagas, banca ACESSE e sal\u00e1rios at\u00e9 R$ 4.230,20. Veja hist\u00f3rico e situa\u00e7\u00e3o atual.\" \/>\n<meta name=\"robots\" content=\"index, follow, max-snippet:-1, max-image-preview:large, max-video-preview:-1\" \/>\n<link rel=\"canonical\" href=\"https:\/\/www.estrategiaconcursos.com.br\/blog\/concurso-prefeitura-sao-paulo-de-olivenca\/\" \/>\n<meta property=\"og:locale\" content=\"pt_BR\" \/>\n<meta property=\"og:type\" content=\"article\" \/>\n<meta property=\"og:title\" content=\"Concurso S\u00e3o Paulo de Oliven\u00e7a (AM): sem novo edital\" \/>\n<meta property=\"og:description\" content=\"S\u00e3o Paulo de Oliven\u00e7a (AM) realizou PS 2025 com 240 vagas, banca ACESSE e sal\u00e1rios at\u00e9 R$ 4.230,20. Veja hist\u00f3rico e situa\u00e7\u00e3o atual.\" \/>\n<meta property=\"og:url\" content=\"https:\/\/www.estrategiaconcursos.com.br\/blog\/concurso-prefeitura-sao-paulo-de-olivenca\/\" \/>\n<meta property=\"og:site_name\" content=\"Estrat\u00e9gia Concursos\" \/>\n<meta property=\"article:author\" content=\"https:\/\/www.facebook.com\/coachluiseduardo\/\" \/>\n<meta property=\"article:published_time\" content=\"2026-03-11T10:01:20+00:00\" \/>\n<meta property=\"article:modified_time\" content=\"2026-03-11T10:01:22+00:00\" \/>\n<meta property=\"og:image\" content=\"https:\/\/dhg1h5j42swfq.cloudfront.net\/2025\/03\/05201612\/concursos-prefeituras-1024x536-1.jpg\" \/>\n\t<meta property=\"og:image:width\" content=\"1024\" \/>\n\t<meta property=\"og:image:height\" content=\"536\" \/>\n\t<meta property=\"og:image:type\" content=\"image\/jpeg\" \/>\n<meta name=\"author\" content=\"Luis Eduardo\" \/>\n<meta name=\"twitter:card\" content=\"summary_large_image\" \/>\n<meta name=\"twitter:creator\" content=\"@EstratConcursos\" \/>\n<meta name=\"twitter:site\" content=\"@EstratConcursos\" \/>\n<meta name=\"twitter:label1\" content=\"Escrito por\" \/>\n\t<meta name=\"twitter:data1\" content=\"Luis Eduardo\" \/>\n\t<meta name=\"twitter:label2\" content=\"Est. tempo de leitura\" \/>\n\t<meta name=\"twitter:data2\" content=\"3 minutos\" \/>\n<script type=\"application\/ld+json\" class=\"yoast-schema-graph\">{\"@context\":\"https:\/\/schema.org\",\"@graph\":[{\"@type\":\"NewsArticle\",\"@id\":\"https:\/\/www.estrategiaconcursos.com.br\/blog\/concurso-prefeitura-sao-paulo-de-olivenca\/#article\",\"isPartOf\":{\"@id\":\"https:\/\/www.estrategiaconcursos.com.br\/blog\/concurso-prefeitura-sao-paulo-de-olivenca\/\"},\"author\":{\"name\":\"Luis Eduardo\",\"@id\":\"https:\/\/www.estrategiaconcursos.com.br\/blog\/#\/schema\/person\/0906ff564105056f3b05978d503ee214\"},\"headline\":\"Concurso S\u00e3o Paulo de Oliven\u00e7a (AM): sem novo edital\",\"datePublished\":\"2026-03-11T10:01:20+00:00\",\"dateModified\":\"2026-03-11T10:01:22+00:00\",\"mainEntityOfPage\":{\"@id\":\"https:\/\/www.estrategiaconcursos.com.br\/blog\/concurso-prefeitura-sao-paulo-de-olivenca\/\"},\"wordCount\":680,\"commentCount\":0,\"publisher\":{\"@id\":\"https:\/\/www.estrategiaconcursos.com.br\/blog\/#organization\"},\"image\":{\"@id\":\"https:\/\/www.estrategiaconcursos.com.br\/blog\/concurso-prefeitura-sao-paulo-de-olivenca\/#primaryimage\"},\"thumbnailUrl\":\"https:\/\/dhg1h5j42swfq.cloudfront.net\/2025\/03\/05201612\/concursos-prefeituras-1024x536-1.jpg\",\"articleSection\":[\"Prefeituras\"],\"inLanguage\":\"pt-BR\",\"potentialAction\":[{\"@type\":\"CommentAction\",\"name\":\"Comment\",\"target\":[\"https:\/\/www.estrategiaconcursos.com.br\/blog\/concurso-prefeitura-sao-paulo-de-olivenca\/#respond\"]}],\"copyrightYear\":\"2026\",\"copyrightHolder\":{\"@id\":\"https:\/\/www.estrategiaconcursos.com.br\/blog\/#organization\"}},{\"@type\":\"WebPage\",\"@id\":\"https:\/\/www.estrategiaconcursos.com.br\/blog\/concurso-prefeitura-sao-paulo-de-olivenca\/\",\"url\":\"https:\/\/www.estrategiaconcursos.com.br\/blog\/concurso-prefeitura-sao-paulo-de-olivenca\/\",\"name\":\"Concurso S\u00e3o Paulo de Oliven\u00e7a (AM): sem novo edital\",\"isPartOf\":{\"@id\":\"https:\/\/www.estrategiaconcursos.com.br\/blog\/#website\"},\"primaryImageOfPage\":{\"@id\":\"https:\/\/www.estrategiaconcursos.com.br\/blog\/concurso-prefeitura-sao-paulo-de-olivenca\/#primaryimage\"},\"image\":{\"@id\":\"https:\/\/www.estrategiaconcursos.com.br\/blog\/concurso-prefeitura-sao-paulo-de-olivenca\/#primaryimage\"},\"thumbnailUrl\":\"https:\/\/dhg1h5j42swfq.cloudfront.net\/2025\/03\/05201612\/concursos-prefeituras-1024x536-1.jpg\",\"datePublished\":\"2026-03-11T10:01:20+00:00\",\"dateModified\":\"2026-03-11T10:01:22+00:00\",\"description\":\"S\u00e3o Paulo de Oliven\u00e7a (AM) realizou PS 2025 com 240 vagas, banca ACESSE e sal\u00e1rios at\u00e9 R$ 4.230,20. Veja hist\u00f3rico e situa\u00e7\u00e3o atual.\",\"breadcrumb\":{\"@id\":\"https:\/\/www.estrategiaconcursos.com.br\/blog\/concurso-prefeitura-sao-paulo-de-olivenca\/#breadcrumb\"},\"inLanguage\":\"pt-BR\",\"potentialAction\":[{\"@type\":\"ReadAction\",\"target\":[\"https:\/\/www.estrategiaconcursos.com.br\/blog\/concurso-prefeitura-sao-paulo-de-olivenca\/\"]}]},{\"@type\":\"ImageObject\",\"inLanguage\":\"pt-BR\",\"@id\":\"https:\/\/www.estrategiaconcursos.com.br\/blog\/concurso-prefeitura-sao-paulo-de-olivenca\/#primaryimage\",\"url\":\"https:\/\/dhg1h5j42swfq.cloudfront.net\/2025\/03\/05201612\/concursos-prefeituras-1024x536-1.jpg\",\"contentUrl\":\"https:\/\/dhg1h5j42swfq.cloudfront.net\/2025\/03\/05201612\/concursos-prefeituras-1024x536-1.jpg\",\"width\":1024,\"height\":536,\"caption\":\"Concurso\"},{\"@type\":\"BreadcrumbList\",\"@id\":\"https:\/\/www.estrategiaconcursos.com.br\/blog\/concurso-prefeitura-sao-paulo-de-olivenca\/#breadcrumb\",\"itemListElement\":[{\"@type\":\"ListItem\",\"position\":1,\"name\":\"In\u00edcio\",\"item\":\"https:\/\/www.estrategiaconcursos.com.br\/blog\/\"},{\"@type\":\"ListItem\",\"position\":2,\"name\":\"Concurso S\u00e3o Paulo de Oliven\u00e7a (AM): sem novo edital\"}]},{\"@type\":\"WebSite\",\"@id\":\"https:\/\/www.estrategiaconcursos.com.br\/blog\/#website\",\"url\":\"https:\/\/www.estrategiaconcursos.com.br\/blog\/\",\"name\":\"Estrat\u00e9gia Concursos\",\"description\":\"O blog da Estrat\u00e9gia Concursos traz not\u00edcias sobre concursos e artigos de professores oferecendo cursos para concursos (pdf + videaulas) no site.\",\"publisher\":{\"@id\":\"https:\/\/www.estrategiaconcursos.com.br\/blog\/#organization\"},\"potentialAction\":[{\"@type\":\"SearchAction\",\"target\":{\"@type\":\"EntryPoint\",\"urlTemplate\":\"https:\/\/www.estrategiaconcursos.com.br\/blog\/?s={search_term_string}\"},\"query-input\":{\"@type\":\"PropertyValueSpecification\",\"valueRequired\":true,\"valueName\":\"search_term_string\"}}],\"inLanguage\":\"pt-BR\"},{\"@type\":\"Organization\",\"@id\":\"https:\/\/www.estrategiaconcursos.com.br\/blog\/#organization\",\"name\":\"Estrat\u00e9gia Concursos\",\"url\":\"https:\/\/www.estrategiaconcursos.com.br\/blog\/\",\"logo\":{\"@type\":\"ImageObject\",\"inLanguage\":\"pt-BR\",\"@id\":\"https:\/\/www.estrategiaconcursos.com.br\/blog\/#\/schema\/logo\/image\/\",\"url\":\"https:\/\/dhg1h5j42swfq.cloudfront.net\/2025\/06\/03203428\/logo_concursos-1.jpg\",\"contentUrl\":\"https:\/\/dhg1h5j42swfq.cloudfront.net\/2025\/06\/03203428\/logo_concursos-1.jpg\",\"width\":230,\"height\":60,\"caption\":\"Estrat\u00e9gia Concursos\"},\"image\":{\"@id\":\"https:\/\/www.estrategiaconcursos.com.br\/blog\/#\/schema\/logo\/image\/\"},\"sameAs\":[\"https:\/\/x.com\/EstratConcursos\"]},{\"@type\":\"Person\",\"@id\":\"https:\/\/www.estrategiaconcursos.com.br\/blog\/#\/schema\/person\/0906ff564105056f3b05978d503ee214\",\"name\":\"Luis Eduardo\",\"image\":{\"@type\":\"ImageObject\",\"inLanguage\":\"pt-BR\",\"@id\":\"https:\/\/secure.gravatar.com\/avatar\/3ce09d3c01f86018c4f3b15b9e6389f2ac325bc19863fdb79cd37fefb38517d1?s=96&d=mm&r=g\",\"url\":\"https:\/\/secure.gravatar.com\/avatar\/3ce09d3c01f86018c4f3b15b9e6389f2ac325bc19863fdb79cd37fefb38517d1?s=96&d=mm&r=g\",\"contentUrl\":\"https:\/\/secure.gravatar.com\/avatar\/3ce09d3c01f86018c4f3b15b9e6389f2ac325bc19863fdb79cd37fefb38517d1?s=96&d=mm&r=g\",\"caption\":\"Luis Eduardo\"},\"sameAs\":[\"https:\/\/www.facebook.com\/coachluiseduardo\/\"],\"url\":\"https:\/\/www.estrategiaconcursos.com.br\/blog\/author\/luiseduardoestrategiaconcursos-com-br\/\"}]}<\/script>\n<!-- \/ Yoast SEO Premium plugin. -->","yoast_head_json":{"title":"Concurso S\u00e3o Paulo de Oliven\u00e7a (AM): sem novo edital","description":"S\u00e3o Paulo de Oliven\u00e7a (AM) realizou PS 2025 com 240 vagas, banca ACESSE e sal\u00e1rios at\u00e9 R$ 4.230,20. Veja hist\u00f3rico e situa\u00e7\u00e3o atual.","robots":{"index":"index","follow":"follow","max-snippet":"max-snippet:-1","max-image-preview":"max-image-preview:large","max-video-preview":"max-video-preview:-1"},"canonical":"https:\/\/www.estrategiaconcursos.com.br\/blog\/concurso-prefeitura-sao-paulo-de-olivenca\/","og_locale":"pt_BR","og_type":"article","og_title":"Concurso S\u00e3o Paulo de Oliven\u00e7a (AM): sem novo edital","og_description":"S\u00e3o Paulo de Oliven\u00e7a (AM) realizou PS 2025 com 240 vagas, banca ACESSE e sal\u00e1rios at\u00e9 R$ 4.230,20. Veja hist\u00f3rico e situa\u00e7\u00e3o atual.","og_url":"https:\/\/www.estrategiaconcursos.com.br\/blog\/concurso-prefeitura-sao-paulo-de-olivenca\/","og_site_name":"Estrat\u00e9gia Concursos","article_author":"https:\/\/www.facebook.com\/coachluiseduardo\/","article_published_time":"2026-03-11T10:01:20+00:00","article_modified_time":"2026-03-11T10:01:22+00:00","og_image":[{"width":1024,"height":536,"url":"https:\/\/dhg1h5j42swfq.cloudfront.net\/2025\/03\/05201612\/concursos-prefeituras-1024x536-1.jpg","type":"image\/jpeg"}],"author":"Luis Eduardo","twitter_card":"summary_large_image","twitter_creator":"@EstratConcursos","twitter_site":"@EstratConcursos","twitter_misc":{"Escrito por":"Luis Eduardo","Est. tempo de leitura":"3 minutos"},"schema":{"@context":"https:\/\/schema.org","@graph":[{"@type":"NewsArticle","@id":"https:\/\/www.estrategiaconcursos.com.br\/blog\/concurso-prefeitura-sao-paulo-de-olivenca\/#article","isPartOf":{"@id":"https:\/\/www.estrategiaconcursos.com.br\/blog\/concurso-prefeitura-sao-paulo-de-olivenca\/"},"author":{"name":"Luis Eduardo","@id":"https:\/\/www.estrategiaconcursos.com.br\/blog\/#\/schema\/person\/0906ff564105056f3b05978d503ee214"},"headline":"Concurso S\u00e3o Paulo de Oliven\u00e7a (AM): sem novo edital","datePublished":"2026-03-11T10:01:20+00:00","dateModified":"2026-03-11T10:01:22+00:00","mainEntityOfPage":{"@id":"https:\/\/www.estrategiaconcursos.com.br\/blog\/concurso-prefeitura-sao-paulo-de-olivenca\/"},"wordCount":680,"commentCount":0,"publisher":{"@id":"https:\/\/www.estrategiaconcursos.com.br\/blog\/#organization"},"image":{"@id":"https:\/\/www.estrategiaconcursos.com.br\/blog\/concurso-prefeitura-sao-paulo-de-olivenca\/#primaryimage"},"thumbnailUrl":"https:\/\/dhg1h5j42swfq.cloudfront.net\/2025\/03\/05201612\/concursos-prefeituras-1024x536-1.jpg","articleSection":["Prefeituras"],"inLanguage":"pt-BR","potentialAction":[{"@type":"CommentAction","name":"Comment","target":["https:\/\/www.estrategiaconcursos.com.br\/blog\/concurso-prefeitura-sao-paulo-de-olivenca\/#respond"]}],"copyrightYear":"2026","copyrightHolder":{"@id":"https:\/\/www.estrategiaconcursos.com.br\/blog\/#organization"}},{"@type":"WebPage","@id":"https:\/\/www.estrategiaconcursos.com.br\/blog\/concurso-prefeitura-sao-paulo-de-olivenca\/","url":"https:\/\/www.estrategiaconcursos.com.br\/blog\/concurso-prefeitura-sao-paulo-de-olivenca\/","name":"Concurso S\u00e3o Paulo de Oliven\u00e7a (AM): sem novo edital","isPartOf":{"@id":"https:\/\/www.estrategiaconcursos.com.br\/blog\/#website"},"primaryImageOfPage":{"@id":"https:\/\/www.estrategiaconcursos.com.br\/blog\/concurso-prefeitura-sao-paulo-de-olivenca\/#primaryimage"},"image":{"@id":"https:\/\/www.estrategiaconcursos.com.br\/blog\/concurso-prefeitura-sao-paulo-de-olivenca\/#primaryimage"},"thumbnailUrl":"https:\/\/dhg1h5j42swfq.cloudfront.net\/2025\/03\/05201612\/concursos-prefeituras-1024x536-1.jpg","datePublished":"2026-03-11T10:01:20+00:00","dateModified":"2026-03-11T10:01:22+00:00","description":"S\u00e3o Paulo de Oliven\u00e7a (AM) realizou PS 2025 com 240 vagas, banca ACESSE e sal\u00e1rios at\u00e9 R$ 4.230,20. Veja hist\u00f3rico e situa\u00e7\u00e3o atual.","breadcrumb":{"@id":"https:\/\/www.estrategiaconcursos.com.br\/blog\/concurso-prefeitura-sao-paulo-de-olivenca\/#breadcrumb"},"inLanguage":"pt-BR","potentialAction":[{"@type":"ReadAction","target":["https:\/\/www.estrategiaconcursos.com.br\/blog\/concurso-prefeitura-sao-paulo-de-olivenca\/"]}]},{"@type":"ImageObject","inLanguage":"pt-BR","@id":"https:\/\/www.estrategiaconcursos.com.br\/blog\/concurso-prefeitura-sao-paulo-de-olivenca\/#primaryimage","url":"https:\/\/dhg1h5j42swfq.cloudfront.net\/2025\/03\/05201612\/concursos-prefeituras-1024x536-1.jpg","contentUrl":"https:\/\/dhg1h5j42swfq.cloudfront.net\/2025\/03\/05201612\/concursos-prefeituras-1024x536-1.jpg","width":1024,"height":536,"caption":"Concurso"},{"@type":"BreadcrumbList","@id":"https:\/\/www.estrategiaconcursos.com.br\/blog\/concurso-prefeitura-sao-paulo-de-olivenca\/#breadcrumb","itemListElement":[{"@type":"ListItem","position":1,"name":"In\u00edcio","item":"https:\/\/www.estrategiaconcursos.com.br\/blog\/"},{"@type":"ListItem","position":2,"name":"Concurso S\u00e3o Paulo de Oliven\u00e7a (AM): sem novo edital"}]},{"@type":"WebSite","@id":"https:\/\/www.estrategiaconcursos.com.br\/blog\/#website","url":"https:\/\/www.estrategiaconcursos.com.br\/blog\/","name":"Estrat\u00e9gia Concursos","description":"O blog da Estrat\u00e9gia Concursos traz not\u00edcias sobre concursos e artigos de professores oferecendo cursos para concursos (pdf + videaulas) no site.","publisher":{"@id":"https:\/\/www.estrategiaconcursos.com.br\/blog\/#organization"},"potentialAction":[{"@type":"SearchAction","target":{"@type":"EntryPoint","urlTemplate":"https:\/\/www.estrategiaconcursos.com.br\/blog\/?s={search_term_string}"},"query-input":{"@type":"PropertyValueSpecification","valueRequired":true,"valueName":"search_term_string"}}],"inLanguage":"pt-BR"},{"@type":"Organization","@id":"https:\/\/www.estrategiaconcursos.com.br\/blog\/#organization","name":"Estrat\u00e9gia Concursos","url":"https:\/\/www.estrategiaconcursos.com.br\/blog\/","logo":{"@type":"ImageObject","inLanguage":"pt-BR","@id":"https:\/\/www.estrategiaconcursos.com.br\/blog\/#\/schema\/logo\/image\/","url":"https:\/\/dhg1h5j42swfq.cloudfront.net\/2025\/06\/03203428\/logo_concursos-1.jpg","contentUrl":"https:\/\/dhg1h5j42swfq.cloudfront.net\/2025\/06\/03203428\/logo_concursos-1.jpg","width":230,"height":60,"caption":"Estrat\u00e9gia Concursos"},"image":{"@id":"https:\/\/www.estrategiaconcursos.com.br\/blog\/#\/schema\/logo\/image\/"},"sameAs":["https:\/\/x.com\/EstratConcursos"]},{"@type":"Person","@id":"https:\/\/www.estrategiaconcursos.com.br\/blog\/#\/schema\/person\/0906ff564105056f3b05978d503ee214","name":"Luis Eduardo","image":{"@type":"ImageObject","inLanguage":"pt-BR","@id":"https:\/\/secure.gravatar.com\/avatar\/3ce09d3c01f86018c4f3b15b9e6389f2ac325bc19863fdb79cd37fefb38517d1?s=96&d=mm&r=g","url":"https:\/\/secure.gravatar.com\/avatar\/3ce09d3c01f86018c4f3b15b9e6389f2ac325bc19863fdb79cd37fefb38517d1?s=96&d=mm&r=g","contentUrl":"https:\/\/secure.gravatar.com\/avatar\/3ce09d3c01f86018c4f3b15b9e6389f2ac325bc19863fdb79cd37fefb38517d1?s=96&d=mm&r=g","caption":"Luis Eduardo"},"sameAs":["https:\/\/www.facebook.com\/coachluiseduardo\/"],"url":"https:\/\/www.estrategiaconcursos.com.br\/blog\/author\/luiseduardoestrategiaconcursos-com-br\/"}]}},"_links":{"self":[{"href":"https:\/\/www.estrategiaconcursos.com.br\/blog\/wp-json\/wp\/v2\/posts\/1730203","targetHints":{"allow":["GET"]}}],"collection":[{"href":"https:\/\/www.estrategiaconcursos.com.br\/blog\/wp-json\/wp\/v2\/posts"}],"about":[{"href":"https:\/\/www.estrategiaconcursos.com.br\/blog\/wp-json\/wp\/v2\/types\/post"}],"author":[{"embeddable":true,"href":"https:\/\/www.estrategiaconcursos.com.br\/blog\/wp-json\/wp\/v2\/users\/344"}],"replies":[{"embeddable":true,"href":"https:\/\/www.estrategiaconcursos.com.br\/blog\/wp-json\/wp\/v2\/comments?post=1730203"}],"version-history":[{"count":3,"href":"https:\/\/www.estrategiaconcursos.com.br\/blog\/wp-json\/wp\/v2\/posts\/1730203\/revisions"}],"predecessor-version":[{"id":1730206,"href":"https:\/\/www.estrategiaconcursos.com.br\/blog\/wp-json\/wp\/v2\/posts\/1730203\/revisions\/1730206"}],"wp:featuredmedia":[{"embeddable":true,"href":"https:\/\/www.estrategiaconcursos.com.br\/blog\/wp-json\/wp\/v2\/media\/1540739"}],"wp:attachment":[{"href":"https:\/\/www.estrategiaconcursos.com.br\/blog\/wp-json\/wp\/v2\/media?parent=1730203"}],"wp:term":[{"taxonomy":"category","embeddable":true,"href":"https:\/\/www.estrategiaconcursos.com.br\/blog\/wp-json\/wp\/v2\/categories?post=1730203"},{"taxonomy":"post_tag","embeddable":true,"href":"https:\/\/www.estrategiaconcursos.com.br\/blog\/wp-json\/wp\/v2\/tags?post=1730203"},{"taxonomy":"tax_estado","embeddable":true,"href":"https:\/\/www.estrategiaconcursos.com.br\/blog\/wp-json\/wp\/v2\/tax_estado?post=1730203"}],"curies":[{"name":"wp","href":"https:\/\/api.w.org\/{rel}","templated":true}]}}